{"id":38972,"date":"2020-07-29T12:42:29","date_gmt":"2020-07-29T10:42:29","guid":{"rendered":"https:\/\/conversesacatalunya.cat\/tv-3-privatitzacio-encoberta-negoci-privat-i-segur\/"},"modified":"2020-07-29T13:05:24","modified_gmt":"2020-07-29T11:05:24","slug":"tv-3-privatizacion-encubierta-negocio-privado-y-seguro","status":"publish","type":"post","link":"https:\/\/conversesacatalunya.cat\/es\/tv-3-privatizacion-encubierta-negocio-privado-y-seguro\/","title":{"rendered":"TV-3 privatizaci\u00f3n encubierta, negocio (privado y seguro)"},"content":{"rendered":"<p>Es sintom\u00e1tico de un estado de cosas que partidos anticapitalistas, como la CUP, o de super izquierdas, como los Comunes de Ada Colau, nunca hayan levantado la voz sobre los asuntos privados de TV-3, y es que si el beneficio es progresista deja ser ganancia para transformarse en servicio.<\/p>\n<p>A lo largo de dos d\u00edas La Vanguardia ha roto un tab\u00fa de los medios de comunicaci\u00f3n de Catalu\u00f1a: <strong>examinar las entra\u00f1as de la televisi\u00f3n p\u00fablica catalana, TV-3<\/strong>, mostrando un panorama insostenible, que constata que en realidad la televisi\u00f3n nacional de Catalu\u00f1a, \u00abla nuestra\u00bb, es en realidad la suya, la de unos cuantos<\/p>\n<p>Y al decir \u00absuya\u00bb no nos referimos a su radical sesgado contenido informativo y cultural, sino a la <strong>situaci\u00f3n econ\u00f3mica y la escandalosa manera de repartirse el pastel<\/strong>.<\/p>\n<p>TV-3 tiene, en proporci\u00f3n a su audiencia, la plantilla m\u00e1s grande de Espa\u00f1a, con casi <strong>2.400 trabajadores<\/strong>. Para situar una referencia, Atresmedia Corporaci\u00f3n, que tiene como canales m\u00e1s importantes Antena 3 y la Sexta, tiene 2.567 trabajadores y Mediaset, con Telecinco y La Cuatro, 1551.<\/p>\n<p>El coste de esta plantilla de TV-3 fue de <strong>172,6 millones en 2019<\/strong>, una cifra que significa m\u00e1s de la mitad del presupuesto, y que ni siquiera se cubre con los ingresos publicitarios y venta de productos que, apenas, representan 60 millones. En otros t\u00e9rminos, los <strong>costes de personal triplican los ingresos de mercado<\/strong>, que es lo que definir\u00eda el alcance real de TV-3. La diferencia se cubre con el <strong>presupuesto de la Generalitat<\/strong>; es decir, las aportaciones de todos los catalanes, que en 2020 en plena crisis representar\u00e1n 240 millones, y aun as\u00ed no es seguro que cubran costes, por lo que se producir\u00e1 la aberraci\u00f3n que de los fondos Covid-19, dedicados a la sanidad, se detraigan 15 millones para la televisi\u00f3n.<\/p>\n<p>La media por trabajador, ateni\u00e9ndonos al coste empresa es de <strong>72.068 euros anuales<\/strong>, un sueldo mensual de 6000 euros, que da una idea de las muy elevadas remuneraciones de los trabajadores de TV-3, que constituyen un burbuja de privilegiados, sobre todo en sus cargos directivos.<\/p>\n<p>Cabe preguntarse si un pa\u00eds en crisis como Catalu\u00f1a se puede permitir este tipo de privilegios. Pero parece que nadie se atreve con TV-3<\/p>\n<p>Por si esto no fuera suficiente, se produce otro esc\u00e1ndalo: la <strong>contrataci\u00f3n de producciones externas<\/strong>. Todas las televisiones lo hacen, pero es que en el caso de TV-3 copan la mayor\u00eda de programas de cierta relevancia, salvo los informativos. De hecho, TV-3 como producci\u00f3n propia de una cierta dimensi\u00f3n tiene los informativos, y poco m\u00e1s.<\/p>\n<p>La paradoja es que a menos recursos para la producci\u00f3n m\u00e1s peso de la producci\u00f3n contratada. Esta es una regla que viene precedida de otra: a menos ingresos, menos producci\u00f3n de contenidos, porque las cifras de las retribuciones son intocables, a pesar de que la plantilla est\u00e1 muy envejecida y adem\u00e1s sobra personal por todos lados. Una auditor\u00eda del tiempo de trabajo de todo el personal mostrar\u00eda situaciones de esc\u00e1ndalo, propias de la<strong> burocracia espa\u00f1ola del siglo XIX<\/strong>, en cuanto a cobrar por una escasa dedicaci\u00f3n.<\/p>\n<p>En 2010 con un gasto total en producciones de 149 millones de euros la producci\u00f3n externa era del 21%, en el 2019 con s\u00f3lo 50 millones para la producci\u00f3n, los encargos externos significaron el 26% del total. La pregunta es \u00bfqu\u00e9 hacen 2.400 personas trabajando? El ratio de la producci\u00f3n propia, asociada, coproducciones, en relaci\u00f3n al total de los trabajadores es de 12. 917 euros anuales. Esta es su productividad. Si la comparamos con su coste, de 76.068 euros, resulta un <strong>negativo del orden de 63.000 euros trabajador y a\u00f1o<\/strong>. Es una obviedad que se trata de una situaci\u00f3n insostenible y escandalosa que s\u00f3lo se explica por el artefacto pol\u00edtico que significa TV-3<\/p>\n<p>Pero, a\u00fan hay m\u00e1s. En la pr\u00e1ctica, por la v\u00eda de la contrataci\u00f3n de programas externos de car\u00e1cter estructural, TV-3 se ha privatizado a la inversa. El grupo privado, las productoras externas de toda la vida, no \u00fanicamente no aportan capital sino que obtienen sustanciosos ganancias por los contratos que firman, al tiempo que controlan los contenidos de los productos.<\/p>\n<p>Los programas que controlan las productoras son informativos y pol\u00edticos, como FAQS en manos del m\u00e1ximo patr\u00f3n de la televisi\u00f3n catalana, <a href=\"https:\/\/conversesacatalunya.cat\/es\/quien-es-jaume-roures-el-nuevo-dueno-de-cataluna\/\" target=\"_blank\" rel=\"noopener noreferrer\"><strong>Jaume Roures<\/strong><\/a>, y Planta Baja de la Manchester radiof\u00f3nica, producciones, de adoctrinamiento como Caso Abierto de DLO de Madrid pero que en realidad fue una coproducci\u00f3n con el Nacional de Jose Antich, o el Proceso dentro del Proceso, y Luces y Sombras, un reportaje contrario a los Mossos de escuadra, ambos de incio Films. Tambi\u00e9n los informativos de fin de semana- seguramente TV-3 no tiene gente para trabajar en fechas tan se\u00f1aladas- que produce y presenta Ramon Pellicer, con su empresa Sticaki. Luego est\u00e1n los programas de humor pol\u00edticamente orientados, como el famoso Polonia, y Est\u00e1 Pasando, ambos de uno de los otros millonarios que ha forjado TV-3, Toni Soler, aunque a a\u00f1os luz del precursor Jaume Roures.<\/p>\n<p>Y no se trata s\u00f3lo de la producci\u00f3n, sino que tambi\u00e9n est\u00e1n en buena parte privatizadas las <strong>corresponsal\u00edas exteriores m\u00e1s importantes<\/strong>, Londres (empresa de Jaume Roures), Mosc\u00fa (Overon) y Bruselas, Par\u00eds, Berl\u00edn, Washington (Lavinia \/ Alice)<\/p>\n<p>En total, para el 2019 lo que se ha pagado en servicios externos se aproxima a los <strong>30 millones de euros<\/strong> considerando producciones enteras y el importe de colaboraciones y servicios; la mayor parte del presupuesto de producciones, por lo tanto.<\/p>\n<p>En el listado de fact\u00f3tums salen casi todos los que han salido de TV-3, Robles, Toni Soler, Antoni Bassas, Ramon Pellicer, Eugeni Sallent, otro ex director de TV-3 y Andreu Buenafente hasta que su empresa fue adquirida por Robles.<\/p>\n<span class='bctt-click-to-tweet'><span class='bctt-ctt-text'><a href='https:\/\/twitter.com\/intent\/tweet?url=https%3A%2F%2Fconversesacatalunya.cat%2Fes%2Ftv-3-privatizacion-encubierta-negocio-privado-y-seguro%2F&#038;text=La%20media%20por%20trabajador%2C%20ateni%C3%A9ndonos%20al%20coste%20empresa%20es%20de%2072.068%20euros%20anuales%2C%20un%20sueldo%20mensual%20de%206000%20euros%2C%20que%20da%20una%20idea%20de%20las%20muy%20elevadas%20remuneraciones%20de%20los%20trabajadores%20de%20TV-3&#038;via=conversesacat&#038;related=conversesacat' target='_blank'rel=\"noopener noreferrer\">La media por trabajador, ateni\u00e9ndonos al coste empresa es de 72.068 euros anuales, un sueldo mensual de 6000 euros, que da una idea de las muy elevadas remuneraciones de los trabajadores de TV-3 <\/a><\/span><a href='https:\/\/twitter.com\/intent\/tweet?url=https%3A%2F%2Fconversesacatalunya.cat%2Fes%2Ftv-3-privatizacion-encubierta-negocio-privado-y-seguro%2F&#038;text=La%20media%20por%20trabajador%2C%20ateni%C3%A9ndonos%20al%20coste%20empresa%20es%20de%2072.068%20euros%20anuales%2C%20un%20sueldo%20mensual%20de%206000%20euros%2C%20que%20da%20una%20idea%20de%20las%20muy%20elevadas%20remuneraciones%20de%20los%20trabajadores%20de%20TV-3&#038;via=conversesacat&#038;related=conversesacat' target='_blank' class='bctt-ctt-btn'rel=\"noopener noreferrer\">Compartir en X<\/a><\/span>\n<div id=\"polls-61\" class=\"wp-polls\">\n\t<form id=\"polls_form_61\" class=\"wp-polls-form\" action=\"\/index.php\" method=\"post\">\n\t\t<p style=\"display: none;\"><input type=\"hidden\" id=\"poll_61_nonce\" name=\"wp-polls-nonce\" value=\"dd286212e0\" \/><\/p>\n\t\t<p style=\"display: none;\"><input type=\"hidden\" name=\"poll_id\" value=\"61\" \/><\/p>\n\t\t<p style=\"text-align: center\"><strong>Et sembla b\u00e9 que es limiti a 10 persones l'assist\u00e8ncia als actes religiosos mentre que en els restaurants s'accepta el 50% de l'aforament?<\/strong><\/p><div id=\"polls-61-ans\" class=\"wp-polls-ans\"><ul class=\"wp-polls-ul\">\n\t\t<li><input type=\"radio\" id=\"poll-answer-128\" name=\"poll_61\" value=\"128\" \/> <label for=\"poll-answer-128\">Si<\/label><\/li>\n\t\t<li><input type=\"radio\" id=\"poll-answer-129\" name=\"poll_61\" value=\"129\" \/> <label for=\"poll-answer-129\">No<\/label><\/li>\n\t\t<\/ul><p style=\"text-align: center\"><input type=\"button\" name=\"vote\" value=\"   Vota   \" class=\"Buttons\" onclick=\"poll_vote(61);\" \/><\/p><p style=\"text-align: center\"><a href=\"#ViewPollResults\" onclick=\"poll_result(61); return false;\" title=\"View Results Of This Poll\">Mira els resultats<\/a><\/p><\/div>\n\t<\/form>\n<\/div>\n<div id=\"polls-61-loading\" class=\"wp-polls-loading\"><img decoding=\"async\" data-src=\"https:\/\/conversesacatalunya.cat\/wp-content\/plugins\/wp-polls\/images\/loading.gif\" width=\"16\" height=\"16\" alt=\"Cargando ...\" title=\"Cargando ...\" class=\"wp-polls-image lazyload\" src=\"data:image\/svg+xml;base64,PHN2ZyB3aWR0aD0iMSIgaGVpZ2h0PSIxIiB4bWxucz0iaHR0cDovL3d3dy53My5vcmcvMjAwMC9zdmciPjwvc3ZnPg==\" style=\"--smush-placeholder-width: 16px; --smush-placeholder-aspect-ratio: 16\/16;\" \/>&nbsp;Cargando ...<\/div>\n\n","protected":false},"excerpt":{"rendered":"<p>Es sintom\u00e1tico de un estado de cosas que partidos anticapitalistas, como la CUP, o de super izquierdas, como los Comunes de Ada Colau, nunca hayan levantado la voz sobre los asuntos privados de TV-3, y es que si el beneficio es progresista deja ser ganancia para transformarse en servicio. A lo largo de dos d\u00edas La Vanguardia ha roto un tab\u00fa de los medios de comunicaci\u00f3n de Catalu\u00f1a: examinar las entra\u00f1as de la televisi\u00f3n p\u00fablica catalana, TV-3, mostrando un panorama insostenible, que constata que en realidad la televisi\u00f3n nacional de Catalu\u00f1a, \u00abla nuestra\u00bb, es en realidad la suya, la de unos cuantos Y al decir \u00absuya\u00bb no nos referimos a su radical sesgado contenido informativo y cultural, sino a la situaci\u00f3n econ\u00f3mica y la escandalosa manera de repartirse el pastel. TV-3 tiene, en proporci\u00f3n a su audiencia, la plantilla m\u00e1s grande de Espa\u00f1a, con casi 2.400 trabajadores. Para situar una referencia, Atresmedia Corporaci\u00f3n, que tiene como canales m\u00e1s importantes Antena 3 y la Sexta, tiene 2.567 trabajadores y Mediaset, con Telecinco y La Cuatro, 1551. El coste de esta plantilla de TV-3 fue de 172,6 millones en 2019, una cifra que significa m\u00e1s de la mitad del presupuesto, y que ni siquiera se cubre con los ingresos publicitarios y venta de productos que, apenas, representan 60 millones. En otros t\u00e9rminos, los costes de personal triplican los ingresos de mercado, que es lo que definir\u00eda el alcance real de TV-3. La diferencia se cubre con el presupuesto de la Generalitat; es decir, las aportaciones de todos los catalanes, que en 2020 en plena crisis representar\u00e1n 240 millones, y aun as\u00ed no es seguro que cubran costes, por lo que se producir\u00e1 la aberraci\u00f3n que de los fondos Covid-19, dedicados a la sanidad, se detraigan 15 millones para la televisi\u00f3n. La media por trabajador, ateni\u00e9ndonos al coste empresa es de 72.068 euros anuales, un sueldo mensual de 6000 euros, que da una idea de las muy elevadas remuneraciones de los trabajadores de TV-3, que constituyen un burbuja de privilegiados, sobre todo en sus cargos directivos. Cabe preguntarse si un pa\u00eds en crisis como Catalu\u00f1a se puede permitir este tipo de privilegios. Pero parece que nadie se atreve con TV-3 Por si esto no fuera suficiente, se produce otro esc\u00e1ndalo: la contrataci\u00f3n de producciones externas. Todas las televisiones lo hacen, pero es que en el caso de TV-3 copan la mayor\u00eda de programas de cierta relevancia, salvo los informativos. De hecho, TV-3 como producci\u00f3n propia de una cierta dimensi\u00f3n tiene los informativos, y poco m\u00e1s. La paradoja es que a menos recursos para la producci\u00f3n m\u00e1s peso de la producci\u00f3n contratada. Esta es una regla que viene precedida de otra: a menos ingresos, menos producci\u00f3n de contenidos, porque las cifras de las retribuciones son intocables, a pesar de que la plantilla est\u00e1 muy envejecida y adem\u00e1s sobra personal por todos lados. Una auditor\u00eda del tiempo de trabajo de todo el personal mostrar\u00eda situaciones de esc\u00e1ndalo, propias de la burocracia espa\u00f1ola del siglo XIX, en cuanto a cobrar por una escasa dedicaci\u00f3n. En 2010 con un gasto total en producciones de 149 millones de euros la producci\u00f3n externa era del 21%, en el 2019 con s\u00f3lo 50 millones para la producci\u00f3n, los encargos externos significaron el 26% del total. La pregunta es \u00bfqu\u00e9 hacen 2.400 personas trabajando? El ratio de la producci\u00f3n propia, asociada, coproducciones, en relaci\u00f3n al total de los trabajadores es de 12. 917 euros anuales. Esta es su productividad. Si la comparamos con su coste, de 76.068 euros, resulta un negativo del orden de 63.000 euros trabajador y a\u00f1o. Es una obviedad que se trata de una situaci\u00f3n insostenible y escandalosa que s\u00f3lo se explica por el artefacto pol\u00edtico que significa TV-3 Pero, a\u00fan hay m\u00e1s. En la pr\u00e1ctica, por la v\u00eda de la contrataci\u00f3n de programas externos de car\u00e1cter estructural, TV-3 se ha privatizado a la inversa. El grupo privado, las productoras externas de toda la vida, no \u00fanicamente no aportan capital sino que obtienen sustanciosos ganancias por los contratos que firman, al tiempo que controlan los contenidos de los productos. Los programas que controlan las productoras son informativos y pol\u00edticos, como FAQS en manos del m\u00e1ximo patr\u00f3n de la televisi\u00f3n catalana, Jaume Roures, y Planta Baja de la Manchester radiof\u00f3nica, producciones, de adoctrinamiento como Caso Abierto de DLO de Madrid pero que en realidad fue una coproducci\u00f3n con el Nacional de Jose Antich, o el Proceso dentro del Proceso, y Luces y Sombras, un reportaje contrario a los Mossos de escuadra, ambos de incio Films. Tambi\u00e9n los informativos de fin de semana- seguramente TV-3 no tiene gente para trabajar en fechas tan se\u00f1aladas- que produce y presenta Ramon Pellicer, con su empresa Sticaki. Luego est\u00e1n los programas de humor pol\u00edticamente orientados, como el famoso Polonia, y Est\u00e1 Pasando, ambos de uno de los otros millonarios que ha forjado TV-3, Toni Soler, aunque a a\u00f1os luz del precursor Jaume Roures. Y no se trata s\u00f3lo de la producci\u00f3n, sino que tambi\u00e9n est\u00e1n en buena parte privatizadas las corresponsal\u00edas exteriores m\u00e1s importantes, Londres (empresa de Jaume Roures), Mosc\u00fa (Overon) y Bruselas, Par\u00eds, Berl\u00edn, Washington (Lavinia \/ Alice) En total, para el 2019 lo que se ha pagado en servicios externos se aproxima a los 30 millones de euros considerando producciones enteras y el importe de colaboraciones y servicios; la mayor parte del presupuesto de producciones, por lo tanto. En el listado de fact\u00f3tums salen casi todos los que han salido de TV-3, Robles, Toni Soler, Antoni Bassas, Ramon Pellicer, Eugeni Sallent, otro ex director de TV-3 y Andreu Buenafente hasta que su empresa fue adquirida por Robles.<\/p>\n","protected":false},"author":2,"featured_media":38969,"comment_status":"open","ping_status":"open","sticky":false,"template":"","format":"standard","meta":{"_FSMCFIC_featured_image_caption":"","_FSMCFIC_featured_image_nocaption":"","_FSMCFIC_featured_image_hide":"","footnotes":""},"categories":[806],"tags":[2726],"class_list":["post-38972","post","type-post","status-publish","format-standard","has-post-thumbnail","hentry","category-punts-claus-del-dia-es","tag-tv3-es"],"yoast_head":"<!-- This site is optimized with the Yoast SEO plugin v26.8 - https:\/\/yoast.com\/product\/yoast-seo-wordpress\/ -->\n<title>TV-3 privatizaci\u00f3n encubierta, negocio (privado y seguro) - Converses a Catalunya<\/title>\n<meta name=\"description\" content=\"El sueldo medio mensual por trabajador es de 6000 euros, lo que da una idea de las muy elevadas remuneraciones de los trabajadores de TV-3\" \/>\n<meta name=\"robots\" content=\"index, follow, max-snippet:-1, max-image-preview:large, max-video-preview:-1\" \/>\n<link rel=\"canonical\" href=\"https:\/\/conversesacatalunya.cat\/es\/tv-3-privatizacion-encubierta-negocio-privado-y-seguro\/\" \/>\n<meta property=\"og:locale\" content=\"es_ES\" \/>\n<meta property=\"og:type\" content=\"article\" \/>\n<meta property=\"og:title\" content=\"TV-3 privatizaci\u00f3n encubierta, negocio (privado y seguro) - Converses a Catalunya\" \/>\n<meta property=\"og:description\" content=\"El sueldo medio mensual por trabajador es de 6000 euros, lo que da una idea de las muy elevadas remuneraciones de los trabajadores de TV-3\" \/>\n<meta property=\"og:url\" content=\"https:\/\/conversesacatalunya.cat\/es\/tv-3-privatizacion-encubierta-negocio-privado-y-seguro\/\" \/>\n<meta property=\"og:site_name\" content=\"Converses a Catalunya\" \/>\n<meta property=\"article:published_time\" content=\"2020-07-29T10:42:29+00:00\" \/>\n<meta property=\"article:modified_time\" content=\"2020-07-29T11:05:24+00:00\" \/>\n<meta property=\"og:image\" content=\"https:\/\/conversesacatalunya.cat\/wp-content\/uploads\/2020\/07\/tv3.jpg\" \/>\n\t<meta property=\"og:image:width\" content=\"980\" \/>\n\t<meta property=\"og:image:height\" content=\"523\" \/>\n\t<meta property=\"og:image:type\" content=\"image\/jpeg\" \/>\n<meta name=\"author\" content=\"conversesacatalunya\" \/>\n<meta name=\"twitter:card\" content=\"summary_large_image\" \/>\n<meta name=\"twitter:label1\" content=\"Escrito por\" \/>\n\t<meta name=\"twitter:data1\" content=\"conversesacatalunya\" \/>\n\t<meta name=\"twitter:label2\" content=\"Tiempo de lectura\" \/>\n\t<meta name=\"twitter:data2\" content=\"5 minutos\" \/>\n<script type=\"application\/ld+json\" class=\"yoast-schema-graph\">{\"@context\":\"https:\/\/schema.org\",\"@graph\":[{\"@type\":\"Article\",\"@id\":\"https:\/\/conversesacatalunya.cat\/es\/tv-3-privatizacion-encubierta-negocio-privado-y-seguro\/#article\",\"isPartOf\":{\"@id\":\"https:\/\/conversesacatalunya.cat\/es\/tv-3-privatizacion-encubierta-negocio-privado-y-seguro\/\"},\"author\":{\"name\":\"conversesacatalunya\",\"@id\":\"https:\/\/conversesacatalunya.cat\/#\/schema\/person\/7e24d1e54a2785373ddcb275eae5ed99\"},\"headline\":\"TV-3 privatizaci\u00f3n encubierta, negocio (privado y seguro)\",\"datePublished\":\"2020-07-29T10:42:29+00:00\",\"dateModified\":\"2020-07-29T11:05:24+00:00\",\"mainEntityOfPage\":{\"@id\":\"https:\/\/conversesacatalunya.cat\/es\/tv-3-privatizacion-encubierta-negocio-privado-y-seguro\/\"},\"wordCount\":1032,\"commentCount\":0,\"image\":{\"@id\":\"https:\/\/conversesacatalunya.cat\/es\/tv-3-privatizacion-encubierta-negocio-privado-y-seguro\/#primaryimage\"},\"thumbnailUrl\":\"https:\/\/conversesacatalunya.cat\/wp-content\/uploads\/2020\/07\/tv3.jpg\",\"keywords\":[\"TV3\"],\"articleSection\":[\"Punts clau del dia (ES)\"],\"inLanguage\":\"es\",\"potentialAction\":[{\"@type\":\"CommentAction\",\"name\":\"Comment\",\"target\":[\"https:\/\/conversesacatalunya.cat\/es\/tv-3-privatizacion-encubierta-negocio-privado-y-seguro\/#respond\"]}]},{\"@type\":\"WebPage\",\"@id\":\"https:\/\/conversesacatalunya.cat\/es\/tv-3-privatizacion-encubierta-negocio-privado-y-seguro\/\",\"url\":\"https:\/\/conversesacatalunya.cat\/es\/tv-3-privatizacion-encubierta-negocio-privado-y-seguro\/\",\"name\":\"TV-3 privatizaci\u00f3n encubierta, negocio (privado y seguro) - Converses a Catalunya\",\"isPartOf\":{\"@id\":\"https:\/\/conversesacatalunya.cat\/#website\"},\"primaryImageOfPage\":{\"@id\":\"https:\/\/conversesacatalunya.cat\/es\/tv-3-privatizacion-encubierta-negocio-privado-y-seguro\/#primaryimage\"},\"image\":{\"@id\":\"https:\/\/conversesacatalunya.cat\/es\/tv-3-privatizacion-encubierta-negocio-privado-y-seguro\/#primaryimage\"},\"thumbnailUrl\":\"https:\/\/conversesacatalunya.cat\/wp-content\/uploads\/2020\/07\/tv3.jpg\",\"datePublished\":\"2020-07-29T10:42:29+00:00\",\"dateModified\":\"2020-07-29T11:05:24+00:00\",\"author\":{\"@id\":\"https:\/\/conversesacatalunya.cat\/#\/schema\/person\/7e24d1e54a2785373ddcb275eae5ed99\"},\"description\":\"El sueldo medio mensual por trabajador es de 6000 euros, lo que da una idea de las muy elevadas remuneraciones de los trabajadores de TV-3\",\"breadcrumb\":{\"@id\":\"https:\/\/conversesacatalunya.cat\/es\/tv-3-privatizacion-encubierta-negocio-privado-y-seguro\/#breadcrumb\"},\"inLanguage\":\"es\",\"potentialAction\":[{\"@type\":\"ReadAction\",\"target\":[\"https:\/\/conversesacatalunya.cat\/es\/tv-3-privatizacion-encubierta-negocio-privado-y-seguro\/\"]}]},{\"@type\":\"ImageObject\",\"inLanguage\":\"es\",\"@id\":\"https:\/\/conversesacatalunya.cat\/es\/tv-3-privatizacion-encubierta-negocio-privado-y-seguro\/#primaryimage\",\"url\":\"https:\/\/conversesacatalunya.cat\/wp-content\/uploads\/2020\/07\/tv3.jpg\",\"contentUrl\":\"https:\/\/conversesacatalunya.cat\/wp-content\/uploads\/2020\/07\/tv3.jpg\",\"width\":980,\"height\":523,\"caption\":\"tv-3\"},{\"@type\":\"BreadcrumbList\",\"@id\":\"https:\/\/conversesacatalunya.cat\/es\/tv-3-privatizacion-encubierta-negocio-privado-y-seguro\/#breadcrumb\",\"itemListElement\":[{\"@type\":\"ListItem\",\"position\":1,\"name\":\"Inici\",\"item\":\"https:\/\/conversesacatalunya.cat\/es\/\"},{\"@type\":\"ListItem\",\"position\":2,\"name\":\"TV-3 privatizaci\u00f3n encubierta, negocio (privado y seguro)\"}]},{\"@type\":\"WebSite\",\"@id\":\"https:\/\/conversesacatalunya.cat\/#website\",\"url\":\"https:\/\/conversesacatalunya.cat\/\",\"name\":\"Converses a Catalunya\",\"description\":\"\",\"potentialAction\":[{\"@type\":\"SearchAction\",\"target\":{\"@type\":\"EntryPoint\",\"urlTemplate\":\"https:\/\/conversesacatalunya.cat\/?s={search_term_string}\"},\"query-input\":{\"@type\":\"PropertyValueSpecification\",\"valueRequired\":true,\"valueName\":\"search_term_string\"}}],\"inLanguage\":\"es\"},{\"@type\":\"Person\",\"@id\":\"https:\/\/conversesacatalunya.cat\/#\/schema\/person\/7e24d1e54a2785373ddcb275eae5ed99\",\"name\":\"conversesacatalunya\",\"image\":{\"@type\":\"ImageObject\",\"inLanguage\":\"es\",\"@id\":\"https:\/\/conversesacatalunya.cat\/#\/schema\/person\/image\/\",\"url\":\"https:\/\/conversesacatalunya.cat\/wp-content\/litespeed\/avatar\/febdfeeec89d950f01c748045a981dd2.jpg?ver=1777314535\",\"contentUrl\":\"https:\/\/conversesacatalunya.cat\/wp-content\/litespeed\/avatar\/febdfeeec89d950f01c748045a981dd2.jpg?ver=1777314535\",\"caption\":\"conversesacatalunya\"},\"url\":\"https:\/\/conversesacatalunya.cat\/es\/author\/carme_catala\/\"}]}<\/script>\n<!-- \/ Yoast SEO plugin. -->","yoast_head_json":{"title":"TV-3 privatizaci\u00f3n encubierta, negocio (privado y seguro) - Converses a Catalunya","description":"El sueldo medio mensual por trabajador es de 6000 euros, lo que da una idea de las muy elevadas remuneraciones de los trabajadores de TV-3","robots":{"index":"index","follow":"follow","max-snippet":"max-snippet:-1","max-image-preview":"max-image-preview:large","max-video-preview":"max-video-preview:-1"},"canonical":"https:\/\/conversesacatalunya.cat\/es\/tv-3-privatizacion-encubierta-negocio-privado-y-seguro\/","og_locale":"es_ES","og_type":"article","og_title":"TV-3 privatizaci\u00f3n encubierta, negocio (privado y seguro) - Converses a Catalunya","og_description":"El sueldo medio mensual por trabajador es de 6000 euros, lo que da una idea de las muy elevadas remuneraciones de los trabajadores de TV-3","og_url":"https:\/\/conversesacatalunya.cat\/es\/tv-3-privatizacion-encubierta-negocio-privado-y-seguro\/","og_site_name":"Converses a Catalunya","article_published_time":"2020-07-29T10:42:29+00:00","article_modified_time":"2020-07-29T11:05:24+00:00","og_image":[{"width":980,"height":523,"url":"https:\/\/conversesacatalunya.cat\/wp-content\/uploads\/2020\/07\/tv3.jpg","type":"image\/jpeg"}],"author":"conversesacatalunya","twitter_card":"summary_large_image","twitter_misc":{"Escrito por":"conversesacatalunya","Tiempo de lectura":"5 minutos"},"schema":{"@context":"https:\/\/schema.org","@graph":[{"@type":"Article","@id":"https:\/\/conversesacatalunya.cat\/es\/tv-3-privatizacion-encubierta-negocio-privado-y-seguro\/#article","isPartOf":{"@id":"https:\/\/conversesacatalunya.cat\/es\/tv-3-privatizacion-encubierta-negocio-privado-y-seguro\/"},"author":{"name":"conversesacatalunya","@id":"https:\/\/conversesacatalunya.cat\/#\/schema\/person\/7e24d1e54a2785373ddcb275eae5ed99"},"headline":"TV-3 privatizaci\u00f3n encubierta, negocio (privado y seguro)","datePublished":"2020-07-29T10:42:29+00:00","dateModified":"2020-07-29T11:05:24+00:00","mainEntityOfPage":{"@id":"https:\/\/conversesacatalunya.cat\/es\/tv-3-privatizacion-encubierta-negocio-privado-y-seguro\/"},"wordCount":1032,"commentCount":0,"image":{"@id":"https:\/\/conversesacatalunya.cat\/es\/tv-3-privatizacion-encubierta-negocio-privado-y-seguro\/#primaryimage"},"thumbnailUrl":"https:\/\/conversesacatalunya.cat\/wp-content\/uploads\/2020\/07\/tv3.jpg","keywords":["TV3"],"articleSection":["Punts clau del dia (ES)"],"inLanguage":"es","potentialAction":[{"@type":"CommentAction","name":"Comment","target":["https:\/\/conversesacatalunya.cat\/es\/tv-3-privatizacion-encubierta-negocio-privado-y-seguro\/#respond"]}]},{"@type":"WebPage","@id":"https:\/\/conversesacatalunya.cat\/es\/tv-3-privatizacion-encubierta-negocio-privado-y-seguro\/","url":"https:\/\/conversesacatalunya.cat\/es\/tv-3-privatizacion-encubierta-negocio-privado-y-seguro\/","name":"TV-3 privatizaci\u00f3n encubierta, negocio (privado y seguro) - Converses a Catalunya","isPartOf":{"@id":"https:\/\/conversesacatalunya.cat\/#website"},"primaryImageOfPage":{"@id":"https:\/\/conversesacatalunya.cat\/es\/tv-3-privatizacion-encubierta-negocio-privado-y-seguro\/#primaryimage"},"image":{"@id":"https:\/\/conversesacatalunya.cat\/es\/tv-3-privatizacion-encubierta-negocio-privado-y-seguro\/#primaryimage"},"thumbnailUrl":"https:\/\/conversesacatalunya.cat\/wp-content\/uploads\/2020\/07\/tv3.jpg","datePublished":"2020-07-29T10:42:29+00:00","dateModified":"2020-07-29T11:05:24+00:00","author":{"@id":"https:\/\/conversesacatalunya.cat\/#\/schema\/person\/7e24d1e54a2785373ddcb275eae5ed99"},"description":"El sueldo medio mensual por trabajador es de 6000 euros, lo que da una idea de las muy elevadas remuneraciones de los trabajadores de TV-3","breadcrumb":{"@id":"https:\/\/conversesacatalunya.cat\/es\/tv-3-privatizacion-encubierta-negocio-privado-y-seguro\/#breadcrumb"},"inLanguage":"es","potentialAction":[{"@type":"ReadAction","target":["https:\/\/conversesacatalunya.cat\/es\/tv-3-privatizacion-encubierta-negocio-privado-y-seguro\/"]}]},{"@type":"ImageObject","inLanguage":"es","@id":"https:\/\/conversesacatalunya.cat\/es\/tv-3-privatizacion-encubierta-negocio-privado-y-seguro\/#primaryimage","url":"https:\/\/conversesacatalunya.cat\/wp-content\/uploads\/2020\/07\/tv3.jpg","contentUrl":"https:\/\/conversesacatalunya.cat\/wp-content\/uploads\/2020\/07\/tv3.jpg","width":980,"height":523,"caption":"tv-3"},{"@type":"BreadcrumbList","@id":"https:\/\/conversesacatalunya.cat\/es\/tv-3-privatizacion-encubierta-negocio-privado-y-seguro\/#breadcrumb","itemListElement":[{"@type":"ListItem","position":1,"name":"Inici","item":"https:\/\/conversesacatalunya.cat\/es\/"},{"@type":"ListItem","position":2,"name":"TV-3 privatizaci\u00f3n encubierta, negocio (privado y seguro)"}]},{"@type":"WebSite","@id":"https:\/\/conversesacatalunya.cat\/#website","url":"https:\/\/conversesacatalunya.cat\/","name":"Converses a Catalunya","description":"","potentialAction":[{"@type":"SearchAction","target":{"@type":"EntryPoint","urlTemplate":"https:\/\/conversesacatalunya.cat\/?s={search_term_string}"},"query-input":{"@type":"PropertyValueSpecification","valueRequired":true,"valueName":"search_term_string"}}],"inLanguage":"es"},{"@type":"Person","@id":"https:\/\/conversesacatalunya.cat\/#\/schema\/person\/7e24d1e54a2785373ddcb275eae5ed99","name":"conversesacatalunya","image":{"@type":"ImageObject","inLanguage":"es","@id":"https:\/\/conversesacatalunya.cat\/#\/schema\/person\/image\/","url":"https:\/\/conversesacatalunya.cat\/wp-content\/litespeed\/avatar\/febdfeeec89d950f01c748045a981dd2.jpg?ver=1777314535","contentUrl":"https:\/\/conversesacatalunya.cat\/wp-content\/litespeed\/avatar\/febdfeeec89d950f01c748045a981dd2.jpg?ver=1777314535","caption":"conversesacatalunya"},"url":"https:\/\/conversesacatalunya.cat\/es\/author\/carme_catala\/"}]}},"wps_subtitle":"El sueldo medio por trabajador, ateni\u00e9ndonos al coste empresa es de 72.068 euros anuales, un sueldo mensual de 6000 euros, que da una idea de las muy elevadas remuneraciones de los trabajadores de TV-3","_links":{"self":[{"href":"https:\/\/conversesacatalunya.cat\/es\/wp-json\/wp\/v2\/posts\/38972","targetHints":{"allow":["GET"]}}],"collection":[{"href":"https:\/\/conversesacatalunya.cat\/es\/wp-json\/wp\/v2\/posts"}],"about":[{"href":"https:\/\/conversesacatalunya.cat\/es\/wp-json\/wp\/v2\/types\/post"}],"author":[{"embeddable":true,"href":"https:\/\/conversesacatalunya.cat\/es\/wp-json\/wp\/v2\/users\/2"}],"replies":[{"embeddable":true,"href":"https:\/\/conversesacatalunya.cat\/es\/wp-json\/wp\/v2\/comments?post=38972"}],"version-history":[{"count":2,"href":"https:\/\/conversesacatalunya.cat\/es\/wp-json\/wp\/v2\/posts\/38972\/revisions"}],"predecessor-version":[{"id":38974,"href":"https:\/\/conversesacatalunya.cat\/es\/wp-json\/wp\/v2\/posts\/38972\/revisions\/38974"}],"wp:featuredmedia":[{"embeddable":true,"href":"https:\/\/conversesacatalunya.cat\/es\/wp-json\/wp\/v2\/media\/38969"}],"wp:attachment":[{"href":"https:\/\/conversesacatalunya.cat\/es\/wp-json\/wp\/v2\/media?parent=38972"}],"wp:term":[{"taxonomy":"category","embeddable":true,"href":"https:\/\/conversesacatalunya.cat\/es\/wp-json\/wp\/v2\/categories?post=38972"},{"taxonomy":"post_tag","embeddable":true,"href":"https:\/\/conversesacatalunya.cat\/es\/wp-json\/wp\/v2\/tags?post=38972"}],"curies":[{"name":"wp","href":"https:\/\/api.w.org\/{rel}","templated":true}]}}