{"id":38911,"date":"2020-07-28T11:33:02","date_gmt":"2020-07-28T09:33:02","guid":{"rendered":"https:\/\/conversesacatalunya.cat\/?p=38911"},"modified":"2020-07-29T11:48:16","modified_gmt":"2020-07-29T09:48:16","slug":"marta-pascal-coalicion","status":"publish","type":"post","link":"https:\/\/conversesacatalunya.cat\/es\/marta-pascal-coalicion\/","title":{"rendered":"Marta Pascal: no vamos a hacer pactos de coalici\u00f3n"},"content":{"rendered":"<p>Las declaraciones de Marta Pascal en el diario El Mundo han agitado el campo del <a href=\"https:\/\/conversesacatalunya.cat\/es\/el-catalanismo-centrista-mueve-ficha\/\" target=\"_blank\" rel=\"noopener noreferrer\"><strong>catalanismo pol\u00edtico<\/strong><\/a> y los intentos de formar una \u00fanica y amplia oferta electoral que agrupase a los distintos sujetos pol\u00edticos, Units, Lliures, Convergents, LLiga i PNC de Marta Pascal.<\/p>\n<p>Ahora, la que es secretaria general del Partido Nacionalista de Catalu\u00f1a hace un planteamiento que consiste en formular la uni\u00f3n a trav\u00e9s de su lista electora,l incorporando a diversas personas pero <strong>sin pactar con las organizaciones<\/strong>. La formulaci\u00f3n de Marta Pascal incluye adem\u00e1s una impl\u00edcita\u00a0 descalificaci\u00f3n\u00a0 al candidato de Units, <a href=\"https:\/\/conversesacatalunya.cat\/es\/el-estado-de-las-negociaciones-para-la-candidatura-electoral-del-catalanismo\/\" target=\"_blank\" rel=\"noopener noreferrer\">Albert Batlle<\/a>, quien \u00a0semanas atr\u00e1s se present\u00f3 en unas declaraciones a la Vanguardia como candidato del amplio espacio catalanista opuesto al independentismo. Ahora Pascal afirma que en su lista no tendr\u00e1n cabida posiciones en contra de nadie ni en contra del independentismo. Aunque al mismo tiempo establece otras l\u00edneas rojas, por ejemplo en relaci\u00f3n a la CUP.<\/p>\n<p>La Secretaria general del Partido Nacionalista de Catalu\u00f1a se manifiesta, asimismo, <strong>favorable al entendimiento con S\u00e1nchez.<\/strong> Hay que considerar que constituye una nueva oportunidad que debe ser aprovechada, y que la mesa de di\u00e1logo pactada por ERC debe conseguir resultados. Es necesario recordar \u00a0qu\u00e9 Pascal cuando\u00a0 era coordinadora general del PDeCAT, impuls\u00f3 la moci\u00f3n de censura contra Rajoy, que abri\u00f3 la puerta al nuevo Gobierno socialista<\/p>\n<p>Con estas declaraciones Marta Pascal \u00a0parece querer bloquear todo intento de acuerdo entre los diversos grupos, incluido Units, al que no se\u00f1ala como excepci\u00f3n a su negativa de coaliciones. Estar\u00edamos ante un claro retroceso en tanto en cuanto <strong>Units siempre ha manifestado su predisposici\u00f3n a pactar con el PNC<\/strong>. \u00c9ste ya dio un cerrojazo al afirmar que no negociar\u00eda nada hasta que no se convocaran elecciones, y ahora \u00a0lo que ofrece Pascal es la incorporaci\u00f3n de personas, pero no un acuerdo entre partidos.<\/p>\n<p>Resulta dif\u00edcil de entender que una organizaci\u00f3n que surge como consecuencia de una serie de tropiezos del espacio post convergente, incluida la <strong>exclusi\u00f3n de la propia Marta Pascal de su anterior cargo como coordinadora del PDECAT<\/strong>, pueda a la vez presentarse como una fuerza renovadora que busca separar los bloques, cuando al mismo tiempo se sit\u00faa como \u00fanica referencia en el campo catalanista, \u00a0que sigue manteniendo la reivindicaci\u00f3n independentista, aunque pactada, y no quiere en ning\u00fan caso negociar la construcci\u00f3n de un espacio m\u00e1s amplio e inclusivo.<\/p>\n<p>A medida que avanzan los d\u00edas el espacio pol\u00edtico del independentismo, por una parte, y del catalanismo aparece m\u00e1s fragmentado: CUP, ERC, JxCat, PDeCAT, PNC, entre el independentismo; y Units, Lliures, LLiga i Convergents en el espacio catalanista.<\/p>\n<div id=\"polls-61\" class=\"wp-polls\">\n\t<form id=\"polls_form_61\" class=\"wp-polls-form\" action=\"\/index.php\" method=\"post\">\n\t\t<p style=\"display: none;\"><input type=\"hidden\" id=\"poll_61_nonce\" name=\"wp-polls-nonce\" value=\"8a0f29345b\" \/><\/p>\n\t\t<p style=\"display: none;\"><input type=\"hidden\" name=\"poll_id\" value=\"61\" \/><\/p>\n\t\t<p style=\"text-align: center\"><strong>Et sembla b\u00e9 que es limiti a 10 persones l'assist\u00e8ncia als actes religiosos mentre que en els restaurants s'accepta el 50% de l'aforament?<\/strong><\/p><div id=\"polls-61-ans\" class=\"wp-polls-ans\"><ul class=\"wp-polls-ul\">\n\t\t<li><input type=\"radio\" id=\"poll-answer-128\" name=\"poll_61\" value=\"128\" \/> <label for=\"poll-answer-128\">Si<\/label><\/li>\n\t\t<li><input type=\"radio\" id=\"poll-answer-129\" name=\"poll_61\" value=\"129\" \/> <label for=\"poll-answer-129\">No<\/label><\/li>\n\t\t<\/ul><p style=\"text-align: center\"><input type=\"button\" name=\"vote\" value=\"   Vota   \" class=\"Buttons\" onclick=\"poll_vote(61);\" \/><\/p><p style=\"text-align: center\"><a href=\"#ViewPollResults\" onclick=\"poll_result(61); return false;\" title=\"View Results Of This Poll\">Mira els resultats<\/a><\/p><\/div>\n\t<\/form>\n<\/div>\n<div id=\"polls-61-loading\" class=\"wp-polls-loading\"><img decoding=\"async\" data-src=\"https:\/\/conversesacatalunya.cat\/wp-content\/plugins\/wp-polls\/images\/loading.gif\" width=\"16\" height=\"16\" alt=\"Cargando ...\" title=\"Cargando ...\" class=\"wp-polls-image lazyload\" src=\"data:image\/svg+xml;base64,PHN2ZyB3aWR0aD0iMSIgaGVpZ2h0PSIxIiB4bWxucz0iaHR0cDovL3d3dy53My5vcmcvMjAwMC9zdmciPjwvc3ZnPg==\" style=\"--smush-placeholder-width: 16px; --smush-placeholder-aspect-ratio: 16\/16;\" \/>&nbsp;Cargando ...<\/div>\n\n","protected":false},"excerpt":{"rendered":"<p>Las declaraciones de Marta Pascal en el diario El Mundo han agitado el campo del catalanismo pol\u00edtico y los intentos de formar una \u00fanica y amplia oferta electoral que agrupase a los distintos sujetos pol\u00edticos, Units, Lliures, Convergents, LLiga i PNC de Marta Pascal. Ahora, la que es secretaria general del Partido Nacionalista de Catalu\u00f1a hace un planteamiento que consiste en formular la uni\u00f3n a trav\u00e9s de su lista electora,l incorporando a diversas personas pero sin pactar con las organizaciones. La formulaci\u00f3n de Marta Pascal incluye adem\u00e1s una impl\u00edcita\u00a0 descalificaci\u00f3n\u00a0 al candidato de Units, Albert Batlle, quien \u00a0semanas atr\u00e1s se present\u00f3 en unas declaraciones a la Vanguardia como candidato del amplio espacio catalanista opuesto al independentismo. Ahora Pascal afirma que en su lista no tendr\u00e1n cabida posiciones en contra de nadie ni en contra del independentismo. Aunque al mismo tiempo establece otras l\u00edneas rojas, por ejemplo en relaci\u00f3n a la CUP. La Secretaria general del Partido Nacionalista de Catalu\u00f1a se manifiesta, asimismo, favorable al entendimiento con S\u00e1nchez. Hay que considerar que constituye una nueva oportunidad que debe ser aprovechada, y que la mesa de di\u00e1logo pactada por ERC debe conseguir resultados. Es necesario recordar \u00a0qu\u00e9 Pascal cuando\u00a0 era coordinadora general del PDeCAT, impuls\u00f3 la moci\u00f3n de censura contra Rajoy, que abri\u00f3 la puerta al nuevo Gobierno socialista Con estas declaraciones Marta Pascal \u00a0parece querer bloquear todo intento de acuerdo entre los diversos grupos, incluido Units, al que no se\u00f1ala como excepci\u00f3n a su negativa de coaliciones. Estar\u00edamos ante un claro retroceso en tanto en cuanto Units siempre ha manifestado su predisposici\u00f3n a pactar con el PNC. \u00c9ste ya dio un cerrojazo al afirmar que no negociar\u00eda nada hasta que no se convocaran elecciones, y ahora \u00a0lo que ofrece Pascal es la incorporaci\u00f3n de personas, pero no un acuerdo entre partidos. Resulta dif\u00edcil de entender que una organizaci\u00f3n que surge como consecuencia de una serie de tropiezos del espacio post convergente, incluida la exclusi\u00f3n de la propia Marta Pascal de su anterior cargo como coordinadora del PDECAT, pueda a la vez presentarse como una fuerza renovadora que busca separar los bloques, cuando al mismo tiempo se sit\u00faa como \u00fanica referencia en el campo catalanista, \u00a0que sigue manteniendo la reivindicaci\u00f3n independentista, aunque pactada, y no quiere en ning\u00fan caso negociar la construcci\u00f3n de un espacio m\u00e1s amplio e inclusivo. A medida que avanzan los d\u00edas el espacio pol\u00edtico del independentismo, por una parte, y del catalanismo aparece m\u00e1s fragmentado: CUP, ERC, JxCat, PDeCAT, PNC, entre el independentismo; y Units, Lliures, LLiga i Convergents en el espacio catalanista.<\/p>\n","protected":false},"author":2,"featured_media":38913,"comment_status":"open","ping_status":"open","sticky":false,"template":"","format":"standard","meta":{"_FSMCFIC_featured_image_caption":"","_FSMCFIC_featured_image_nocaption":"","_FSMCFIC_featured_image_hide":"","footnotes":""},"categories":[806],"tags":[1172,2784,2507],"class_list":["post-38911","post","type-post","status-publish","format-standard","has-post-thumbnail","hentry","category-punts-claus-del-dia-es","tag-catalanismo","tag-marta-pascal","tag-pnc-es"],"yoast_head":"<!-- This site is optimized with the Yoast SEO plugin v26.8 - https:\/\/yoast.com\/product\/yoast-seo-wordpress\/ -->\n<title>Marta Pascal: no vamos a hacer pactos de coalici\u00f3n - Converses a Catalunya<\/title>\n<meta name=\"robots\" content=\"index, follow, max-snippet:-1, max-image-preview:large, max-video-preview:-1\" \/>\n<link rel=\"canonical\" href=\"https:\/\/conversesacatalunya.cat\/es\/marta-pascal-coalicion\/\" \/>\n<meta property=\"og:locale\" content=\"es_ES\" \/>\n<meta property=\"og:type\" content=\"article\" \/>\n<meta property=\"og:title\" content=\"Marta Pascal: no vamos a hacer pactos de coalici\u00f3n - Converses a Catalunya\" \/>\n<meta property=\"og:description\" content=\"Las declaraciones de Marta Pascal en el diario El Mundo han agitado el campo del catalanismo pol\u00edtico y los intentos de formar una \u00fanica y amplia oferta electoral que agrupase a los distintos sujetos pol\u00edticos, Units, Lliures, Convergents, LLiga i PNC de Marta Pascal. Ahora, la que es secretaria general del Partido Nacionalista de Catalu\u00f1a hace un planteamiento que consiste en formular la uni\u00f3n a trav\u00e9s de su lista electora,l incorporando a diversas personas pero sin pactar con las organizaciones. La formulaci\u00f3n de Marta Pascal incluye adem\u00e1s una impl\u00edcita\u00a0 descalificaci\u00f3n\u00a0 al candidato de Units, Albert Batlle, quien \u00a0semanas atr\u00e1s se present\u00f3 en unas declaraciones a la Vanguardia como candidato del amplio espacio catalanista opuesto al independentismo. Ahora Pascal afirma que en su lista no tendr\u00e1n cabida posiciones en contra de nadie ni en contra del independentismo. Aunque al mismo tiempo establece otras l\u00edneas rojas, por ejemplo en relaci\u00f3n a la CUP. La Secretaria general del Partido Nacionalista de Catalu\u00f1a se manifiesta, asimismo, favorable al entendimiento con S\u00e1nchez. Hay que considerar que constituye una nueva oportunidad que debe ser aprovechada, y que la mesa de di\u00e1logo pactada por ERC debe conseguir resultados. Es necesario recordar \u00a0qu\u00e9 Pascal cuando\u00a0 era coordinadora general del PDeCAT, impuls\u00f3 la moci\u00f3n de censura contra Rajoy, que abri\u00f3 la puerta al nuevo Gobierno socialista Con estas declaraciones Marta Pascal \u00a0parece querer bloquear todo intento de acuerdo entre los diversos grupos, incluido Units, al que no se\u00f1ala como excepci\u00f3n a su negativa de coaliciones. Estar\u00edamos ante un claro retroceso en tanto en cuanto Units siempre ha manifestado su predisposici\u00f3n a pactar con el PNC. \u00c9ste ya dio un cerrojazo al afirmar que no negociar\u00eda nada hasta que no se convocaran elecciones, y ahora \u00a0lo que ofrece Pascal es la incorporaci\u00f3n de personas, pero no un acuerdo entre partidos. Resulta dif\u00edcil de entender que una organizaci\u00f3n que surge como consecuencia de una serie de tropiezos del espacio post convergente, incluida la exclusi\u00f3n de la propia Marta Pascal de su anterior cargo como coordinadora del PDECAT, pueda a la vez presentarse como una fuerza renovadora que busca separar los bloques, cuando al mismo tiempo se sit\u00faa como \u00fanica referencia en el campo catalanista, \u00a0que sigue manteniendo la reivindicaci\u00f3n independentista, aunque pactada, y no quiere en ning\u00fan caso negociar la construcci\u00f3n de un espacio m\u00e1s amplio e inclusivo. A medida que avanzan los d\u00edas el espacio pol\u00edtico del independentismo, por una parte, y del catalanismo aparece m\u00e1s fragmentado: CUP, ERC, JxCat, PDeCAT, PNC, entre el independentismo; y Units, Lliures, LLiga i Convergents en el espacio catalanista.\" \/>\n<meta property=\"og:url\" content=\"https:\/\/conversesacatalunya.cat\/es\/marta-pascal-coalicion\/\" \/>\n<meta property=\"og:site_name\" content=\"Converses a Catalunya\" \/>\n<meta property=\"article:published_time\" content=\"2020-07-28T09:33:02+00:00\" \/>\n<meta property=\"article:modified_time\" content=\"2020-07-29T09:48:16+00:00\" \/>\n<meta property=\"og:image\" content=\"https:\/\/conversesacatalunya.cat\/wp-content\/uploads\/2020\/07\/marta-pascal.jpg\" \/>\n\t<meta property=\"og:image:width\" content=\"1600\" \/>\n\t<meta property=\"og:image:height\" content=\"900\" \/>\n\t<meta property=\"og:image:type\" content=\"image\/jpeg\" \/>\n<meta name=\"author\" content=\"conversesacatalunya\" \/>\n<meta name=\"twitter:card\" content=\"summary_large_image\" \/>\n<meta name=\"twitter:label1\" content=\"Escrito por\" \/>\n\t<meta name=\"twitter:data1\" content=\"conversesacatalunya\" \/>\n\t<meta name=\"twitter:label2\" content=\"Tiempo de lectura\" \/>\n\t<meta name=\"twitter:data2\" content=\"2 minutos\" \/>\n<script type=\"application\/ld+json\" class=\"yoast-schema-graph\">{\"@context\":\"https:\/\/schema.org\",\"@graph\":[{\"@type\":\"Article\",\"@id\":\"https:\/\/conversesacatalunya.cat\/es\/marta-pascal-coalicion\/#article\",\"isPartOf\":{\"@id\":\"https:\/\/conversesacatalunya.cat\/es\/marta-pascal-coalicion\/\"},\"author\":{\"name\":\"conversesacatalunya\",\"@id\":\"https:\/\/conversesacatalunya.cat\/#\/schema\/person\/7e24d1e54a2785373ddcb275eae5ed99\"},\"headline\":\"Marta Pascal: no vamos a hacer pactos de coalici\u00f3n\",\"datePublished\":\"2020-07-28T09:33:02+00:00\",\"dateModified\":\"2020-07-29T09:48:16+00:00\",\"mainEntityOfPage\":{\"@id\":\"https:\/\/conversesacatalunya.cat\/es\/marta-pascal-coalicion\/\"},\"wordCount\":472,\"commentCount\":0,\"image\":{\"@id\":\"https:\/\/conversesacatalunya.cat\/es\/marta-pascal-coalicion\/#primaryimage\"},\"thumbnailUrl\":\"https:\/\/conversesacatalunya.cat\/wp-content\/uploads\/2020\/07\/marta-pascal.jpg\",\"keywords\":[\"catalanismo\",\"Marta Pascal\",\"PNC\"],\"articleSection\":[\"Punts clau del dia (ES)\"],\"inLanguage\":\"es\",\"potentialAction\":[{\"@type\":\"CommentAction\",\"name\":\"Comment\",\"target\":[\"https:\/\/conversesacatalunya.cat\/es\/marta-pascal-coalicion\/#respond\"]}]},{\"@type\":\"WebPage\",\"@id\":\"https:\/\/conversesacatalunya.cat\/es\/marta-pascal-coalicion\/\",\"url\":\"https:\/\/conversesacatalunya.cat\/es\/marta-pascal-coalicion\/\",\"name\":\"Marta Pascal: no vamos a hacer pactos de coalici\u00f3n - Converses a Catalunya\",\"isPartOf\":{\"@id\":\"https:\/\/conversesacatalunya.cat\/#website\"},\"primaryImageOfPage\":{\"@id\":\"https:\/\/conversesacatalunya.cat\/es\/marta-pascal-coalicion\/#primaryimage\"},\"image\":{\"@id\":\"https:\/\/conversesacatalunya.cat\/es\/marta-pascal-coalicion\/#primaryimage\"},\"thumbnailUrl\":\"https:\/\/conversesacatalunya.cat\/wp-content\/uploads\/2020\/07\/marta-pascal.jpg\",\"datePublished\":\"2020-07-28T09:33:02+00:00\",\"dateModified\":\"2020-07-29T09:48:16+00:00\",\"author\":{\"@id\":\"https:\/\/conversesacatalunya.cat\/#\/schema\/person\/7e24d1e54a2785373ddcb275eae5ed99\"},\"breadcrumb\":{\"@id\":\"https:\/\/conversesacatalunya.cat\/es\/marta-pascal-coalicion\/#breadcrumb\"},\"inLanguage\":\"es\",\"potentialAction\":[{\"@type\":\"ReadAction\",\"target\":[\"https:\/\/conversesacatalunya.cat\/es\/marta-pascal-coalicion\/\"]}]},{\"@type\":\"ImageObject\",\"inLanguage\":\"es\",\"@id\":\"https:\/\/conversesacatalunya.cat\/es\/marta-pascal-coalicion\/#primaryimage\",\"url\":\"https:\/\/conversesacatalunya.cat\/wp-content\/uploads\/2020\/07\/marta-pascal.jpg\",\"contentUrl\":\"https:\/\/conversesacatalunya.cat\/wp-content\/uploads\/2020\/07\/marta-pascal.jpg\",\"width\":1600,\"height\":900,\"caption\":\"Marta Pascal\"},{\"@type\":\"BreadcrumbList\",\"@id\":\"https:\/\/conversesacatalunya.cat\/es\/marta-pascal-coalicion\/#breadcrumb\",\"itemListElement\":[{\"@type\":\"ListItem\",\"position\":1,\"name\":\"Inici\",\"item\":\"https:\/\/conversesacatalunya.cat\/es\/\"},{\"@type\":\"ListItem\",\"position\":2,\"name\":\"Marta Pascal: no vamos a hacer pactos de coalici\u00f3n\"}]},{\"@type\":\"WebSite\",\"@id\":\"https:\/\/conversesacatalunya.cat\/#website\",\"url\":\"https:\/\/conversesacatalunya.cat\/\",\"name\":\"Converses a Catalunya\",\"description\":\"\",\"potentialAction\":[{\"@type\":\"SearchAction\",\"target\":{\"@type\":\"EntryPoint\",\"urlTemplate\":\"https:\/\/conversesacatalunya.cat\/?s={search_term_string}\"},\"query-input\":{\"@type\":\"PropertyValueSpecification\",\"valueRequired\":true,\"valueName\":\"search_term_string\"}}],\"inLanguage\":\"es\"},{\"@type\":\"Person\",\"@id\":\"https:\/\/conversesacatalunya.cat\/#\/schema\/person\/7e24d1e54a2785373ddcb275eae5ed99\",\"name\":\"conversesacatalunya\",\"image\":{\"@type\":\"ImageObject\",\"inLanguage\":\"es\",\"@id\":\"https:\/\/conversesacatalunya.cat\/#\/schema\/person\/image\/\",\"url\":\"https:\/\/conversesacatalunya.cat\/wp-content\/litespeed\/avatar\/febdfeeec89d950f01c748045a981dd2.jpg?ver=1777314535\",\"contentUrl\":\"https:\/\/conversesacatalunya.cat\/wp-content\/litespeed\/avatar\/febdfeeec89d950f01c748045a981dd2.jpg?ver=1777314535\",\"caption\":\"conversesacatalunya\"},\"url\":\"https:\/\/conversesacatalunya.cat\/es\/author\/carme_catala\/\"}]}<\/script>\n<!-- \/ Yoast SEO plugin. -->","yoast_head_json":{"title":"Marta Pascal: no vamos a hacer pactos de coalici\u00f3n - Converses a Catalunya","robots":{"index":"index","follow":"follow","max-snippet":"max-snippet:-1","max-image-preview":"max-image-preview:large","max-video-preview":"max-video-preview:-1"},"canonical":"https:\/\/conversesacatalunya.cat\/es\/marta-pascal-coalicion\/","og_locale":"es_ES","og_type":"article","og_title":"Marta Pascal: no vamos a hacer pactos de coalici\u00f3n - Converses a Catalunya","og_description":"Las declaraciones de Marta Pascal en el diario El Mundo han agitado el campo del catalanismo pol\u00edtico y los intentos de formar una \u00fanica y amplia oferta electoral que agrupase a los distintos sujetos pol\u00edticos, Units, Lliures, Convergents, LLiga i PNC de Marta Pascal. Ahora, la que es secretaria general del Partido Nacionalista de Catalu\u00f1a hace un planteamiento que consiste en formular la uni\u00f3n a trav\u00e9s de su lista electora,l incorporando a diversas personas pero sin pactar con las organizaciones. La formulaci\u00f3n de Marta Pascal incluye adem\u00e1s una impl\u00edcita\u00a0 descalificaci\u00f3n\u00a0 al candidato de Units, Albert Batlle, quien \u00a0semanas atr\u00e1s se present\u00f3 en unas declaraciones a la Vanguardia como candidato del amplio espacio catalanista opuesto al independentismo. Ahora Pascal afirma que en su lista no tendr\u00e1n cabida posiciones en contra de nadie ni en contra del independentismo. Aunque al mismo tiempo establece otras l\u00edneas rojas, por ejemplo en relaci\u00f3n a la CUP. La Secretaria general del Partido Nacionalista de Catalu\u00f1a se manifiesta, asimismo, favorable al entendimiento con S\u00e1nchez. Hay que considerar que constituye una nueva oportunidad que debe ser aprovechada, y que la mesa de di\u00e1logo pactada por ERC debe conseguir resultados. Es necesario recordar \u00a0qu\u00e9 Pascal cuando\u00a0 era coordinadora general del PDeCAT, impuls\u00f3 la moci\u00f3n de censura contra Rajoy, que abri\u00f3 la puerta al nuevo Gobierno socialista Con estas declaraciones Marta Pascal \u00a0parece querer bloquear todo intento de acuerdo entre los diversos grupos, incluido Units, al que no se\u00f1ala como excepci\u00f3n a su negativa de coaliciones. Estar\u00edamos ante un claro retroceso en tanto en cuanto Units siempre ha manifestado su predisposici\u00f3n a pactar con el PNC. \u00c9ste ya dio un cerrojazo al afirmar que no negociar\u00eda nada hasta que no se convocaran elecciones, y ahora \u00a0lo que ofrece Pascal es la incorporaci\u00f3n de personas, pero no un acuerdo entre partidos. Resulta dif\u00edcil de entender que una organizaci\u00f3n que surge como consecuencia de una serie de tropiezos del espacio post convergente, incluida la exclusi\u00f3n de la propia Marta Pascal de su anterior cargo como coordinadora del PDECAT, pueda a la vez presentarse como una fuerza renovadora que busca separar los bloques, cuando al mismo tiempo se sit\u00faa como \u00fanica referencia en el campo catalanista, \u00a0que sigue manteniendo la reivindicaci\u00f3n independentista, aunque pactada, y no quiere en ning\u00fan caso negociar la construcci\u00f3n de un espacio m\u00e1s amplio e inclusivo. A medida que avanzan los d\u00edas el espacio pol\u00edtico del independentismo, por una parte, y del catalanismo aparece m\u00e1s fragmentado: CUP, ERC, JxCat, PDeCAT, PNC, entre el independentismo; y Units, Lliures, LLiga i Convergents en el espacio catalanista.","og_url":"https:\/\/conversesacatalunya.cat\/es\/marta-pascal-coalicion\/","og_site_name":"Converses a Catalunya","article_published_time":"2020-07-28T09:33:02+00:00","article_modified_time":"2020-07-29T09:48:16+00:00","og_image":[{"width":1600,"height":900,"url":"https:\/\/conversesacatalunya.cat\/wp-content\/uploads\/2020\/07\/marta-pascal.jpg","type":"image\/jpeg"}],"author":"conversesacatalunya","twitter_card":"summary_large_image","twitter_misc":{"Escrito por":"conversesacatalunya","Tiempo de lectura":"2 minutos"},"schema":{"@context":"https:\/\/schema.org","@graph":[{"@type":"Article","@id":"https:\/\/conversesacatalunya.cat\/es\/marta-pascal-coalicion\/#article","isPartOf":{"@id":"https:\/\/conversesacatalunya.cat\/es\/marta-pascal-coalicion\/"},"author":{"name":"conversesacatalunya","@id":"https:\/\/conversesacatalunya.cat\/#\/schema\/person\/7e24d1e54a2785373ddcb275eae5ed99"},"headline":"Marta Pascal: no vamos a hacer pactos de coalici\u00f3n","datePublished":"2020-07-28T09:33:02+00:00","dateModified":"2020-07-29T09:48:16+00:00","mainEntityOfPage":{"@id":"https:\/\/conversesacatalunya.cat\/es\/marta-pascal-coalicion\/"},"wordCount":472,"commentCount":0,"image":{"@id":"https:\/\/conversesacatalunya.cat\/es\/marta-pascal-coalicion\/#primaryimage"},"thumbnailUrl":"https:\/\/conversesacatalunya.cat\/wp-content\/uploads\/2020\/07\/marta-pascal.jpg","keywords":["catalanismo","Marta Pascal","PNC"],"articleSection":["Punts clau del dia (ES)"],"inLanguage":"es","potentialAction":[{"@type":"CommentAction","name":"Comment","target":["https:\/\/conversesacatalunya.cat\/es\/marta-pascal-coalicion\/#respond"]}]},{"@type":"WebPage","@id":"https:\/\/conversesacatalunya.cat\/es\/marta-pascal-coalicion\/","url":"https:\/\/conversesacatalunya.cat\/es\/marta-pascal-coalicion\/","name":"Marta Pascal: no vamos a hacer pactos de coalici\u00f3n - Converses a Catalunya","isPartOf":{"@id":"https:\/\/conversesacatalunya.cat\/#website"},"primaryImageOfPage":{"@id":"https:\/\/conversesacatalunya.cat\/es\/marta-pascal-coalicion\/#primaryimage"},"image":{"@id":"https:\/\/conversesacatalunya.cat\/es\/marta-pascal-coalicion\/#primaryimage"},"thumbnailUrl":"https:\/\/conversesacatalunya.cat\/wp-content\/uploads\/2020\/07\/marta-pascal.jpg","datePublished":"2020-07-28T09:33:02+00:00","dateModified":"2020-07-29T09:48:16+00:00","author":{"@id":"https:\/\/conversesacatalunya.cat\/#\/schema\/person\/7e24d1e54a2785373ddcb275eae5ed99"},"breadcrumb":{"@id":"https:\/\/conversesacatalunya.cat\/es\/marta-pascal-coalicion\/#breadcrumb"},"inLanguage":"es","potentialAction":[{"@type":"ReadAction","target":["https:\/\/conversesacatalunya.cat\/es\/marta-pascal-coalicion\/"]}]},{"@type":"ImageObject","inLanguage":"es","@id":"https:\/\/conversesacatalunya.cat\/es\/marta-pascal-coalicion\/#primaryimage","url":"https:\/\/conversesacatalunya.cat\/wp-content\/uploads\/2020\/07\/marta-pascal.jpg","contentUrl":"https:\/\/conversesacatalunya.cat\/wp-content\/uploads\/2020\/07\/marta-pascal.jpg","width":1600,"height":900,"caption":"Marta Pascal"},{"@type":"BreadcrumbList","@id":"https:\/\/conversesacatalunya.cat\/es\/marta-pascal-coalicion\/#breadcrumb","itemListElement":[{"@type":"ListItem","position":1,"name":"Inici","item":"https:\/\/conversesacatalunya.cat\/es\/"},{"@type":"ListItem","position":2,"name":"Marta Pascal: no vamos a hacer pactos de coalici\u00f3n"}]},{"@type":"WebSite","@id":"https:\/\/conversesacatalunya.cat\/#website","url":"https:\/\/conversesacatalunya.cat\/","name":"Converses a Catalunya","description":"","potentialAction":[{"@type":"SearchAction","target":{"@type":"EntryPoint","urlTemplate":"https:\/\/conversesacatalunya.cat\/?s={search_term_string}"},"query-input":{"@type":"PropertyValueSpecification","valueRequired":true,"valueName":"search_term_string"}}],"inLanguage":"es"},{"@type":"Person","@id":"https:\/\/conversesacatalunya.cat\/#\/schema\/person\/7e24d1e54a2785373ddcb275eae5ed99","name":"conversesacatalunya","image":{"@type":"ImageObject","inLanguage":"es","@id":"https:\/\/conversesacatalunya.cat\/#\/schema\/person\/image\/","url":"https:\/\/conversesacatalunya.cat\/wp-content\/litespeed\/avatar\/febdfeeec89d950f01c748045a981dd2.jpg?ver=1777314535","contentUrl":"https:\/\/conversesacatalunya.cat\/wp-content\/litespeed\/avatar\/febdfeeec89d950f01c748045a981dd2.jpg?ver=1777314535","caption":"conversesacatalunya"},"url":"https:\/\/conversesacatalunya.cat\/es\/author\/carme_catala\/"}]}},"wps_subtitle":"","_links":{"self":[{"href":"https:\/\/conversesacatalunya.cat\/es\/wp-json\/wp\/v2\/posts\/38911","targetHints":{"allow":["GET"]}}],"collection":[{"href":"https:\/\/conversesacatalunya.cat\/es\/wp-json\/wp\/v2\/posts"}],"about":[{"href":"https:\/\/conversesacatalunya.cat\/es\/wp-json\/wp\/v2\/types\/post"}],"author":[{"embeddable":true,"href":"https:\/\/conversesacatalunya.cat\/es\/wp-json\/wp\/v2\/users\/2"}],"replies":[{"embeddable":true,"href":"https:\/\/conversesacatalunya.cat\/es\/wp-json\/wp\/v2\/comments?post=38911"}],"version-history":[{"count":3,"href":"https:\/\/conversesacatalunya.cat\/es\/wp-json\/wp\/v2\/posts\/38911\/revisions"}],"predecessor-version":[{"id":38946,"href":"https:\/\/conversesacatalunya.cat\/es\/wp-json\/wp\/v2\/posts\/38911\/revisions\/38946"}],"wp:featuredmedia":[{"embeddable":true,"href":"https:\/\/conversesacatalunya.cat\/es\/wp-json\/wp\/v2\/media\/38913"}],"wp:attachment":[{"href":"https:\/\/conversesacatalunya.cat\/es\/wp-json\/wp\/v2\/media?parent=38911"}],"wp:term":[{"taxonomy":"category","embeddable":true,"href":"https:\/\/conversesacatalunya.cat\/es\/wp-json\/wp\/v2\/categories?post=38911"},{"taxonomy":"post_tag","embeddable":true,"href":"https:\/\/conversesacatalunya.cat\/es\/wp-json\/wp\/v2\/tags?post=38911"}],"curies":[{"name":"wp","href":"https:\/\/api.w.org\/{rel}","templated":true}]}}