{"id":38747,"date":"2020-07-31T11:00:44","date_gmt":"2020-07-31T09:00:44","guid":{"rendered":"https:\/\/conversesacatalunya.cat\/?p=38747"},"modified":"2020-07-31T11:00:44","modified_gmt":"2020-07-31T09:00:44","slug":"el-problema-coronavirus-barcelona-no-acaba-de-arrancar","status":"publish","type":"post","link":"https:\/\/conversesacatalunya.cat\/es\/el-problema-coronavirus-barcelona-no-acaba-de-arrancar\/","title":{"rendered":"El problema coronavirus. Barcelona no acaba de arrancar"},"content":{"rendered":"<p>Los hechos demuestran que <em>Barcelona tiene graves dificultades para recuperar la normalidad econ\u00f3mica<\/em>. El <a href=\"https:\/\/estardondeestes.com\/movi\/es\/pulso\" target=\"_blank\" rel=\"noopener noreferrer\">sistema de datos Pulso<\/a>, que permite seguir la actividad comercial casi en tiempo real, se\u00f1ala con claridad el problema en el que est\u00e1 inmersa la capital de Catalu\u00f1a.<\/p>\n<p>Comparando los \u00faltimos siete d\u00edas con los del mismo per\u00edodo del a\u00f1o anterior, la actividad comercial de <strong>Barcelona est\u00e1 al 63%<\/strong>. Esta cifra media expresa realidades muy diferentes: en el caso de la alimentaci\u00f3n, la recuperaci\u00f3n se ha producido sobradamente y el \u00edndice actual es del 118%, por lo tanto claramente superior al mismo periodo de 2019. Sobre todo mejora el peque\u00f1o comercio, que llega al 123%.<\/p>\n<p>En otros t\u00e9rminos, se ha producido un desplazamiento de las compras hacia el comercio de barrio, pero la contrapartida de esta buena noticia es que el resto ha disminuido muy sustancialmente. Las cafeter\u00edas est\u00e1n al <strong>60%<\/strong>, y los restaurantes a\u00fan lo pasan peor, porque apenas llegan al <strong>45%<\/strong>. Claramente estos dos sectores registrar\u00e1n las mayores p\u00e9rdidas y tambi\u00e9n el mayor n\u00famero de cierres.<\/p>\n<p>Pero tambi\u00e9n afecta negativamente a otras actividades, como es la electr\u00f3nica, ya que la gente compra menos y ahora est\u00e1 al <strong>87%<\/strong>. En el sector de la ropa el varapalo tambi\u00e9n es muy fuerte, un <strong>52%<\/strong> de actividad, y aqu\u00ed se producir\u00e1n tambi\u00e9n bajas importantes. Salud y belleza (perfumer\u00edas, peluquer\u00edas, etc.) est\u00e1n a un <strong>78%<\/strong>. Tampoco han logrado recuperarse del todo. La salud ha ido ganando terreno, porque lo hab\u00eda pasado mal y ahora se encuentra en el 98%, por tanto casi totalmente normalizado, y es el segundo sector mejor situado despu\u00e9s de la alimentaci\u00f3n. Y, finalmente, el importante paquete del resto de otros tipos de comercios, que est\u00e1 al <strong>69%<\/strong>.<\/p>\n<p>No parece que lo que queda de julio (los datos expuestos comprenden hasta el 21 de este mes) y lo que haya de agosto pueda resolver esta situaci\u00f3n. Por tanto, entrar\u00edamos, pasadas las vacaciones, al inicio del oto\u00f1o en una Barcelona muy tocada econ\u00f3micamente. De lo que haga el Covid-19 cuando comience el fr\u00edo y de la capacidad de las autoridades sanitarias para frenarlo depender\u00e1 que Barcelona caiga en una crisis hist\u00f3rica como nunca desde despu\u00e9s de la Guerra Civil.<\/p>\n<div id=\"polls-61\" class=\"wp-polls\">\n\t<form id=\"polls_form_61\" class=\"wp-polls-form\" action=\"\/index.php\" method=\"post\">\n\t\t<p style=\"display: none;\"><input type=\"hidden\" id=\"poll_61_nonce\" name=\"wp-polls-nonce\" value=\"dd286212e0\" \/><\/p>\n\t\t<p style=\"display: none;\"><input type=\"hidden\" name=\"poll_id\" value=\"61\" \/><\/p>\n\t\t<p style=\"text-align: center\"><strong>Et sembla b\u00e9 que es limiti a 10 persones l'assist\u00e8ncia als actes religiosos mentre que en els restaurants s'accepta el 50% de l'aforament?<\/strong><\/p><div id=\"polls-61-ans\" class=\"wp-polls-ans\"><ul class=\"wp-polls-ul\">\n\t\t<li><input type=\"radio\" id=\"poll-answer-128\" name=\"poll_61\" value=\"128\" \/> <label for=\"poll-answer-128\">Si<\/label><\/li>\n\t\t<li><input type=\"radio\" id=\"poll-answer-129\" name=\"poll_61\" value=\"129\" \/> <label for=\"poll-answer-129\">No<\/label><\/li>\n\t\t<\/ul><p style=\"text-align: center\"><input type=\"button\" name=\"vote\" value=\"   Vota   \" class=\"Buttons\" onclick=\"poll_vote(61);\" \/><\/p><p style=\"text-align: center\"><a href=\"#ViewPollResults\" onclick=\"poll_result(61); return false;\" title=\"View Results Of This Poll\">Mira els resultats<\/a><\/p><\/div>\n\t<\/form>\n<\/div>\n<div id=\"polls-61-loading\" class=\"wp-polls-loading\"><img decoding=\"async\" data-src=\"https:\/\/conversesacatalunya.cat\/wp-content\/plugins\/wp-polls\/images\/loading.gif\" width=\"16\" height=\"16\" alt=\"Cargando ...\" title=\"Cargando ...\" class=\"wp-polls-image lazyload\" src=\"data:image\/svg+xml;base64,PHN2ZyB3aWR0aD0iMSIgaGVpZ2h0PSIxIiB4bWxucz0iaHR0cDovL3d3dy53My5vcmcvMjAwMC9zdmciPjwvc3ZnPg==\" style=\"--smush-placeholder-width: 16px; --smush-placeholder-aspect-ratio: 16\/16;\" \/>&nbsp;Cargando ...<\/div>\n\n","protected":false},"excerpt":{"rendered":"<p>Los hechos demuestran que Barcelona tiene graves dificultades para recuperar la normalidad econ\u00f3mica. El sistema de datos Pulso, que permite seguir la actividad comercial casi en tiempo real, se\u00f1ala con claridad el problema en el que est\u00e1 inmersa la capital de Catalu\u00f1a. Comparando los \u00faltimos siete d\u00edas con los del mismo per\u00edodo del a\u00f1o anterior, la actividad comercial de Barcelona est\u00e1 al 63%. Esta cifra media expresa realidades muy diferentes: en el caso de la alimentaci\u00f3n, la recuperaci\u00f3n se ha producido sobradamente y el \u00edndice actual es del 118%, por lo tanto claramente superior al mismo periodo de 2019. Sobre todo mejora el peque\u00f1o comercio, que llega al 123%. En otros t\u00e9rminos, se ha producido un desplazamiento de las compras hacia el comercio de barrio, pero la contrapartida de esta buena noticia es que el resto ha disminuido muy sustancialmente. Las cafeter\u00edas est\u00e1n al 60%, y los restaurantes a\u00fan lo pasan peor, porque apenas llegan al 45%. Claramente estos dos sectores registrar\u00e1n las mayores p\u00e9rdidas y tambi\u00e9n el mayor n\u00famero de cierres. Pero tambi\u00e9n afecta negativamente a otras actividades, como es la electr\u00f3nica, ya que la gente compra menos y ahora est\u00e1 al 87%. En el sector de la ropa el varapalo tambi\u00e9n es muy fuerte, un 52% de actividad, y aqu\u00ed se producir\u00e1n tambi\u00e9n bajas importantes. Salud y belleza (perfumer\u00edas, peluquer\u00edas, etc.) est\u00e1n a un 78%. Tampoco han logrado recuperarse del todo. La salud ha ido ganando terreno, porque lo hab\u00eda pasado mal y ahora se encuentra en el 98%, por tanto casi totalmente normalizado, y es el segundo sector mejor situado despu\u00e9s de la alimentaci\u00f3n. Y, finalmente, el importante paquete del resto de otros tipos de comercios, que est\u00e1 al 69%. No parece que lo que queda de julio (los datos expuestos comprenden hasta el 21 de este mes) y lo que haya de agosto pueda resolver esta situaci\u00f3n. Por tanto, entrar\u00edamos, pasadas las vacaciones, al inicio del oto\u00f1o en una Barcelona muy tocada econ\u00f3micamente. De lo que haga el Covid-19 cuando comience el fr\u00edo y de la capacidad de las autoridades sanitarias para frenarlo depender\u00e1 que Barcelona caiga en una crisis hist\u00f3rica como nunca desde despu\u00e9s de la Guerra Civil.<\/p>\n","protected":false},"author":2,"featured_media":39065,"comment_status":"open","ping_status":"open","sticky":false,"template":"","format":"standard","meta":{"_FSMCFIC_featured_image_caption":"","_FSMCFIC_featured_image_nocaption":"","_FSMCFIC_featured_image_hide":"","footnotes":""},"categories":[1772,806],"tags":[1504,2431],"class_list":["post-38747","post","type-post","status-publish","format-standard","has-post-thumbnail","hentry","category-especial-coronavirus-es","category-punts-claus-del-dia-es","tag-coronavirus-es","tag-crisi-pandemia-es"],"yoast_head":"<!-- This site is optimized with the Yoast SEO plugin v26.8 - https:\/\/yoast.com\/product\/yoast-seo-wordpress\/ -->\n<title>El problema coronavirus. Barcelona no acaba de arrancar - Converses a Catalunya<\/title>\n<meta name=\"robots\" content=\"index, follow, max-snippet:-1, max-image-preview:large, max-video-preview:-1\" \/>\n<link rel=\"canonical\" href=\"https:\/\/conversesacatalunya.cat\/es\/el-problema-coronavirus-barcelona-no-acaba-de-arrancar\/\" \/>\n<meta property=\"og:locale\" content=\"es_ES\" \/>\n<meta property=\"og:type\" content=\"article\" \/>\n<meta property=\"og:title\" content=\"El problema coronavirus. Barcelona no acaba de arrancar - Converses a Catalunya\" \/>\n<meta property=\"og:description\" content=\"Los hechos demuestran que Barcelona tiene graves dificultades para recuperar la normalidad econ\u00f3mica. El sistema de datos Pulso, que permite seguir la actividad comercial casi en tiempo real, se\u00f1ala con claridad el problema en el que est\u00e1 inmersa la capital de Catalu\u00f1a. Comparando los \u00faltimos siete d\u00edas con los del mismo per\u00edodo del a\u00f1o anterior, la actividad comercial de Barcelona est\u00e1 al 63%. Esta cifra media expresa realidades muy diferentes: en el caso de la alimentaci\u00f3n, la recuperaci\u00f3n se ha producido sobradamente y el \u00edndice actual es del 118%, por lo tanto claramente superior al mismo periodo de 2019. Sobre todo mejora el peque\u00f1o comercio, que llega al 123%. En otros t\u00e9rminos, se ha producido un desplazamiento de las compras hacia el comercio de barrio, pero la contrapartida de esta buena noticia es que el resto ha disminuido muy sustancialmente. Las cafeter\u00edas est\u00e1n al 60%, y los restaurantes a\u00fan lo pasan peor, porque apenas llegan al 45%. Claramente estos dos sectores registrar\u00e1n las mayores p\u00e9rdidas y tambi\u00e9n el mayor n\u00famero de cierres. Pero tambi\u00e9n afecta negativamente a otras actividades, como es la electr\u00f3nica, ya que la gente compra menos y ahora est\u00e1 al 87%. En el sector de la ropa el varapalo tambi\u00e9n es muy fuerte, un 52% de actividad, y aqu\u00ed se producir\u00e1n tambi\u00e9n bajas importantes. Salud y belleza (perfumer\u00edas, peluquer\u00edas, etc.) est\u00e1n a un 78%. Tampoco han logrado recuperarse del todo. La salud ha ido ganando terreno, porque lo hab\u00eda pasado mal y ahora se encuentra en el 98%, por tanto casi totalmente normalizado, y es el segundo sector mejor situado despu\u00e9s de la alimentaci\u00f3n. Y, finalmente, el importante paquete del resto de otros tipos de comercios, que est\u00e1 al 69%. No parece que lo que queda de julio (los datos expuestos comprenden hasta el 21 de este mes) y lo que haya de agosto pueda resolver esta situaci\u00f3n. Por tanto, entrar\u00edamos, pasadas las vacaciones, al inicio del oto\u00f1o en una Barcelona muy tocada econ\u00f3micamente. De lo que haga el Covid-19 cuando comience el fr\u00edo y de la capacidad de las autoridades sanitarias para frenarlo depender\u00e1 que Barcelona caiga en una crisis hist\u00f3rica como nunca desde despu\u00e9s de la Guerra Civil.\" \/>\n<meta property=\"og:url\" content=\"https:\/\/conversesacatalunya.cat\/es\/el-problema-coronavirus-barcelona-no-acaba-de-arrancar\/\" \/>\n<meta property=\"og:site_name\" content=\"Converses a Catalunya\" \/>\n<meta property=\"article:published_time\" content=\"2020-07-31T09:00:44+00:00\" \/>\n<meta property=\"og:image\" content=\"https:\/\/conversesacatalunya.cat\/wp-content\/uploads\/2020\/07\/petit-comer\u00e7.jpg\" \/>\n\t<meta property=\"og:image:width\" content=\"1200\" \/>\n\t<meta property=\"og:image:height\" content=\"674\" \/>\n\t<meta property=\"og:image:type\" content=\"image\/jpeg\" \/>\n<meta name=\"author\" content=\"conversesacatalunya\" \/>\n<meta name=\"twitter:card\" content=\"summary_large_image\" \/>\n<meta name=\"twitter:label1\" content=\"Escrito por\" \/>\n\t<meta name=\"twitter:data1\" content=\"conversesacatalunya\" \/>\n\t<meta name=\"twitter:label2\" content=\"Tiempo de lectura\" \/>\n\t<meta name=\"twitter:data2\" content=\"2 minutos\" \/>\n<script type=\"application\/ld+json\" class=\"yoast-schema-graph\">{\"@context\":\"https:\/\/schema.org\",\"@graph\":[{\"@type\":\"Article\",\"@id\":\"https:\/\/conversesacatalunya.cat\/es\/el-problema-coronavirus-barcelona-no-acaba-de-arrancar\/#article\",\"isPartOf\":{\"@id\":\"https:\/\/conversesacatalunya.cat\/es\/el-problema-coronavirus-barcelona-no-acaba-de-arrancar\/\"},\"author\":{\"name\":\"conversesacatalunya\",\"@id\":\"https:\/\/conversesacatalunya.cat\/#\/schema\/person\/7e24d1e54a2785373ddcb275eae5ed99\"},\"headline\":\"El problema coronavirus. Barcelona no acaba de arrancar\",\"datePublished\":\"2020-07-31T09:00:44+00:00\",\"mainEntityOfPage\":{\"@id\":\"https:\/\/conversesacatalunya.cat\/es\/el-problema-coronavirus-barcelona-no-acaba-de-arrancar\/\"},\"wordCount\":396,\"commentCount\":0,\"image\":{\"@id\":\"https:\/\/conversesacatalunya.cat\/es\/el-problema-coronavirus-barcelona-no-acaba-de-arrancar\/#primaryimage\"},\"thumbnailUrl\":\"https:\/\/conversesacatalunya.cat\/wp-content\/uploads\/2020\/07\/petit-comer\u00e7.jpg\",\"keywords\":[\"coronavirus\",\"crisi pand\u00e8mia\"],\"articleSection\":[\"Especial Coronavirus (ES)\",\"Punts clau del dia (ES)\"],\"inLanguage\":\"es\",\"potentialAction\":[{\"@type\":\"CommentAction\",\"name\":\"Comment\",\"target\":[\"https:\/\/conversesacatalunya.cat\/es\/el-problema-coronavirus-barcelona-no-acaba-de-arrancar\/#respond\"]}]},{\"@type\":\"WebPage\",\"@id\":\"https:\/\/conversesacatalunya.cat\/es\/el-problema-coronavirus-barcelona-no-acaba-de-arrancar\/\",\"url\":\"https:\/\/conversesacatalunya.cat\/es\/el-problema-coronavirus-barcelona-no-acaba-de-arrancar\/\",\"name\":\"El problema coronavirus. Barcelona no acaba de arrancar - Converses a Catalunya\",\"isPartOf\":{\"@id\":\"https:\/\/conversesacatalunya.cat\/#website\"},\"primaryImageOfPage\":{\"@id\":\"https:\/\/conversesacatalunya.cat\/es\/el-problema-coronavirus-barcelona-no-acaba-de-arrancar\/#primaryimage\"},\"image\":{\"@id\":\"https:\/\/conversesacatalunya.cat\/es\/el-problema-coronavirus-barcelona-no-acaba-de-arrancar\/#primaryimage\"},\"thumbnailUrl\":\"https:\/\/conversesacatalunya.cat\/wp-content\/uploads\/2020\/07\/petit-comer\u00e7.jpg\",\"datePublished\":\"2020-07-31T09:00:44+00:00\",\"author\":{\"@id\":\"https:\/\/conversesacatalunya.cat\/#\/schema\/person\/7e24d1e54a2785373ddcb275eae5ed99\"},\"breadcrumb\":{\"@id\":\"https:\/\/conversesacatalunya.cat\/es\/el-problema-coronavirus-barcelona-no-acaba-de-arrancar\/#breadcrumb\"},\"inLanguage\":\"es\",\"potentialAction\":[{\"@type\":\"ReadAction\",\"target\":[\"https:\/\/conversesacatalunya.cat\/es\/el-problema-coronavirus-barcelona-no-acaba-de-arrancar\/\"]}]},{\"@type\":\"ImageObject\",\"inLanguage\":\"es\",\"@id\":\"https:\/\/conversesacatalunya.cat\/es\/el-problema-coronavirus-barcelona-no-acaba-de-arrancar\/#primaryimage\",\"url\":\"https:\/\/conversesacatalunya.cat\/wp-content\/uploads\/2020\/07\/petit-comer\u00e7.jpg\",\"contentUrl\":\"https:\/\/conversesacatalunya.cat\/wp-content\/uploads\/2020\/07\/petit-comer\u00e7.jpg\",\"width\":1200,\"height\":674},{\"@type\":\"BreadcrumbList\",\"@id\":\"https:\/\/conversesacatalunya.cat\/es\/el-problema-coronavirus-barcelona-no-acaba-de-arrancar\/#breadcrumb\",\"itemListElement\":[{\"@type\":\"ListItem\",\"position\":1,\"name\":\"Inici\",\"item\":\"https:\/\/conversesacatalunya.cat\/es\/\"},{\"@type\":\"ListItem\",\"position\":2,\"name\":\"El problema coronavirus. Barcelona no acaba de arrancar\"}]},{\"@type\":\"WebSite\",\"@id\":\"https:\/\/conversesacatalunya.cat\/#website\",\"url\":\"https:\/\/conversesacatalunya.cat\/\",\"name\":\"Converses a Catalunya\",\"description\":\"\",\"potentialAction\":[{\"@type\":\"SearchAction\",\"target\":{\"@type\":\"EntryPoint\",\"urlTemplate\":\"https:\/\/conversesacatalunya.cat\/?s={search_term_string}\"},\"query-input\":{\"@type\":\"PropertyValueSpecification\",\"valueRequired\":true,\"valueName\":\"search_term_string\"}}],\"inLanguage\":\"es\"},{\"@type\":\"Person\",\"@id\":\"https:\/\/conversesacatalunya.cat\/#\/schema\/person\/7e24d1e54a2785373ddcb275eae5ed99\",\"name\":\"conversesacatalunya\",\"image\":{\"@type\":\"ImageObject\",\"inLanguage\":\"es\",\"@id\":\"https:\/\/conversesacatalunya.cat\/#\/schema\/person\/image\/\",\"url\":\"https:\/\/conversesacatalunya.cat\/wp-content\/litespeed\/avatar\/febdfeeec89d950f01c748045a981dd2.jpg?ver=1777314535\",\"contentUrl\":\"https:\/\/conversesacatalunya.cat\/wp-content\/litespeed\/avatar\/febdfeeec89d950f01c748045a981dd2.jpg?ver=1777314535\",\"caption\":\"conversesacatalunya\"},\"url\":\"https:\/\/conversesacatalunya.cat\/es\/author\/carme_catala\/\"}]}<\/script>\n<!-- \/ Yoast SEO plugin. -->","yoast_head_json":{"title":"El problema coronavirus. Barcelona no acaba de arrancar - Converses a Catalunya","robots":{"index":"index","follow":"follow","max-snippet":"max-snippet:-1","max-image-preview":"max-image-preview:large","max-video-preview":"max-video-preview:-1"},"canonical":"https:\/\/conversesacatalunya.cat\/es\/el-problema-coronavirus-barcelona-no-acaba-de-arrancar\/","og_locale":"es_ES","og_type":"article","og_title":"El problema coronavirus. Barcelona no acaba de arrancar - Converses a Catalunya","og_description":"Los hechos demuestran que Barcelona tiene graves dificultades para recuperar la normalidad econ\u00f3mica. El sistema de datos Pulso, que permite seguir la actividad comercial casi en tiempo real, se\u00f1ala con claridad el problema en el que est\u00e1 inmersa la capital de Catalu\u00f1a. Comparando los \u00faltimos siete d\u00edas con los del mismo per\u00edodo del a\u00f1o anterior, la actividad comercial de Barcelona est\u00e1 al 63%. Esta cifra media expresa realidades muy diferentes: en el caso de la alimentaci\u00f3n, la recuperaci\u00f3n se ha producido sobradamente y el \u00edndice actual es del 118%, por lo tanto claramente superior al mismo periodo de 2019. Sobre todo mejora el peque\u00f1o comercio, que llega al 123%. En otros t\u00e9rminos, se ha producido un desplazamiento de las compras hacia el comercio de barrio, pero la contrapartida de esta buena noticia es que el resto ha disminuido muy sustancialmente. Las cafeter\u00edas est\u00e1n al 60%, y los restaurantes a\u00fan lo pasan peor, porque apenas llegan al 45%. Claramente estos dos sectores registrar\u00e1n las mayores p\u00e9rdidas y tambi\u00e9n el mayor n\u00famero de cierres. Pero tambi\u00e9n afecta negativamente a otras actividades, como es la electr\u00f3nica, ya que la gente compra menos y ahora est\u00e1 al 87%. En el sector de la ropa el varapalo tambi\u00e9n es muy fuerte, un 52% de actividad, y aqu\u00ed se producir\u00e1n tambi\u00e9n bajas importantes. Salud y belleza (perfumer\u00edas, peluquer\u00edas, etc.) est\u00e1n a un 78%. Tampoco han logrado recuperarse del todo. La salud ha ido ganando terreno, porque lo hab\u00eda pasado mal y ahora se encuentra en el 98%, por tanto casi totalmente normalizado, y es el segundo sector mejor situado despu\u00e9s de la alimentaci\u00f3n. Y, finalmente, el importante paquete del resto de otros tipos de comercios, que est\u00e1 al 69%. No parece que lo que queda de julio (los datos expuestos comprenden hasta el 21 de este mes) y lo que haya de agosto pueda resolver esta situaci\u00f3n. Por tanto, entrar\u00edamos, pasadas las vacaciones, al inicio del oto\u00f1o en una Barcelona muy tocada econ\u00f3micamente. De lo que haga el Covid-19 cuando comience el fr\u00edo y de la capacidad de las autoridades sanitarias para frenarlo depender\u00e1 que Barcelona caiga en una crisis hist\u00f3rica como nunca desde despu\u00e9s de la Guerra Civil.","og_url":"https:\/\/conversesacatalunya.cat\/es\/el-problema-coronavirus-barcelona-no-acaba-de-arrancar\/","og_site_name":"Converses a Catalunya","article_published_time":"2020-07-31T09:00:44+00:00","og_image":[{"width":1200,"height":674,"url":"https:\/\/conversesacatalunya.cat\/wp-content\/uploads\/2020\/07\/petit-comer\u00e7.jpg","type":"image\/jpeg"}],"author":"conversesacatalunya","twitter_card":"summary_large_image","twitter_misc":{"Escrito por":"conversesacatalunya","Tiempo de lectura":"2 minutos"},"schema":{"@context":"https:\/\/schema.org","@graph":[{"@type":"Article","@id":"https:\/\/conversesacatalunya.cat\/es\/el-problema-coronavirus-barcelona-no-acaba-de-arrancar\/#article","isPartOf":{"@id":"https:\/\/conversesacatalunya.cat\/es\/el-problema-coronavirus-barcelona-no-acaba-de-arrancar\/"},"author":{"name":"conversesacatalunya","@id":"https:\/\/conversesacatalunya.cat\/#\/schema\/person\/7e24d1e54a2785373ddcb275eae5ed99"},"headline":"El problema coronavirus. Barcelona no acaba de arrancar","datePublished":"2020-07-31T09:00:44+00:00","mainEntityOfPage":{"@id":"https:\/\/conversesacatalunya.cat\/es\/el-problema-coronavirus-barcelona-no-acaba-de-arrancar\/"},"wordCount":396,"commentCount":0,"image":{"@id":"https:\/\/conversesacatalunya.cat\/es\/el-problema-coronavirus-barcelona-no-acaba-de-arrancar\/#primaryimage"},"thumbnailUrl":"https:\/\/conversesacatalunya.cat\/wp-content\/uploads\/2020\/07\/petit-comer\u00e7.jpg","keywords":["coronavirus","crisi pand\u00e8mia"],"articleSection":["Especial Coronavirus (ES)","Punts clau del dia (ES)"],"inLanguage":"es","potentialAction":[{"@type":"CommentAction","name":"Comment","target":["https:\/\/conversesacatalunya.cat\/es\/el-problema-coronavirus-barcelona-no-acaba-de-arrancar\/#respond"]}]},{"@type":"WebPage","@id":"https:\/\/conversesacatalunya.cat\/es\/el-problema-coronavirus-barcelona-no-acaba-de-arrancar\/","url":"https:\/\/conversesacatalunya.cat\/es\/el-problema-coronavirus-barcelona-no-acaba-de-arrancar\/","name":"El problema coronavirus. Barcelona no acaba de arrancar - Converses a Catalunya","isPartOf":{"@id":"https:\/\/conversesacatalunya.cat\/#website"},"primaryImageOfPage":{"@id":"https:\/\/conversesacatalunya.cat\/es\/el-problema-coronavirus-barcelona-no-acaba-de-arrancar\/#primaryimage"},"image":{"@id":"https:\/\/conversesacatalunya.cat\/es\/el-problema-coronavirus-barcelona-no-acaba-de-arrancar\/#primaryimage"},"thumbnailUrl":"https:\/\/conversesacatalunya.cat\/wp-content\/uploads\/2020\/07\/petit-comer\u00e7.jpg","datePublished":"2020-07-31T09:00:44+00:00","author":{"@id":"https:\/\/conversesacatalunya.cat\/#\/schema\/person\/7e24d1e54a2785373ddcb275eae5ed99"},"breadcrumb":{"@id":"https:\/\/conversesacatalunya.cat\/es\/el-problema-coronavirus-barcelona-no-acaba-de-arrancar\/#breadcrumb"},"inLanguage":"es","potentialAction":[{"@type":"ReadAction","target":["https:\/\/conversesacatalunya.cat\/es\/el-problema-coronavirus-barcelona-no-acaba-de-arrancar\/"]}]},{"@type":"ImageObject","inLanguage":"es","@id":"https:\/\/conversesacatalunya.cat\/es\/el-problema-coronavirus-barcelona-no-acaba-de-arrancar\/#primaryimage","url":"https:\/\/conversesacatalunya.cat\/wp-content\/uploads\/2020\/07\/petit-comer\u00e7.jpg","contentUrl":"https:\/\/conversesacatalunya.cat\/wp-content\/uploads\/2020\/07\/petit-comer\u00e7.jpg","width":1200,"height":674},{"@type":"BreadcrumbList","@id":"https:\/\/conversesacatalunya.cat\/es\/el-problema-coronavirus-barcelona-no-acaba-de-arrancar\/#breadcrumb","itemListElement":[{"@type":"ListItem","position":1,"name":"Inici","item":"https:\/\/conversesacatalunya.cat\/es\/"},{"@type":"ListItem","position":2,"name":"El problema coronavirus. Barcelona no acaba de arrancar"}]},{"@type":"WebSite","@id":"https:\/\/conversesacatalunya.cat\/#website","url":"https:\/\/conversesacatalunya.cat\/","name":"Converses a Catalunya","description":"","potentialAction":[{"@type":"SearchAction","target":{"@type":"EntryPoint","urlTemplate":"https:\/\/conversesacatalunya.cat\/?s={search_term_string}"},"query-input":{"@type":"PropertyValueSpecification","valueRequired":true,"valueName":"search_term_string"}}],"inLanguage":"es"},{"@type":"Person","@id":"https:\/\/conversesacatalunya.cat\/#\/schema\/person\/7e24d1e54a2785373ddcb275eae5ed99","name":"conversesacatalunya","image":{"@type":"ImageObject","inLanguage":"es","@id":"https:\/\/conversesacatalunya.cat\/#\/schema\/person\/image\/","url":"https:\/\/conversesacatalunya.cat\/wp-content\/litespeed\/avatar\/febdfeeec89d950f01c748045a981dd2.jpg?ver=1777314535","contentUrl":"https:\/\/conversesacatalunya.cat\/wp-content\/litespeed\/avatar\/febdfeeec89d950f01c748045a981dd2.jpg?ver=1777314535","caption":"conversesacatalunya"},"url":"https:\/\/conversesacatalunya.cat\/es\/author\/carme_catala\/"}]}},"wps_subtitle":"","_links":{"self":[{"href":"https:\/\/conversesacatalunya.cat\/es\/wp-json\/wp\/v2\/posts\/38747","targetHints":{"allow":["GET"]}}],"collection":[{"href":"https:\/\/conversesacatalunya.cat\/es\/wp-json\/wp\/v2\/posts"}],"about":[{"href":"https:\/\/conversesacatalunya.cat\/es\/wp-json\/wp\/v2\/types\/post"}],"author":[{"embeddable":true,"href":"https:\/\/conversesacatalunya.cat\/es\/wp-json\/wp\/v2\/users\/2"}],"replies":[{"embeddable":true,"href":"https:\/\/conversesacatalunya.cat\/es\/wp-json\/wp\/v2\/comments?post=38747"}],"version-history":[{"count":2,"href":"https:\/\/conversesacatalunya.cat\/es\/wp-json\/wp\/v2\/posts\/38747\/revisions"}],"predecessor-version":[{"id":39067,"href":"https:\/\/conversesacatalunya.cat\/es\/wp-json\/wp\/v2\/posts\/38747\/revisions\/39067"}],"wp:featuredmedia":[{"embeddable":true,"href":"https:\/\/conversesacatalunya.cat\/es\/wp-json\/wp\/v2\/media\/39065"}],"wp:attachment":[{"href":"https:\/\/conversesacatalunya.cat\/es\/wp-json\/wp\/v2\/media?parent=38747"}],"wp:term":[{"taxonomy":"category","embeddable":true,"href":"https:\/\/conversesacatalunya.cat\/es\/wp-json\/wp\/v2\/categories?post=38747"},{"taxonomy":"post_tag","embeddable":true,"href":"https:\/\/conversesacatalunya.cat\/es\/wp-json\/wp\/v2\/tags?post=38747"}],"curies":[{"name":"wp","href":"https:\/\/api.w.org\/{rel}","templated":true}]}}