{"id":38716,"date":"2020-07-23T12:16:13","date_gmt":"2020-07-23T10:16:13","guid":{"rendered":"https:\/\/conversesacatalunya.cat\/pacte-per-barcelona\/"},"modified":"2020-07-23T12:44:39","modified_gmt":"2020-07-23T10:44:39","slug":"pacto-por-barcelona-un-pacto-sin-compromiso","status":"publish","type":"post","link":"https:\/\/conversesacatalunya.cat\/es\/pacto-por-barcelona-un-pacto-sin-compromiso\/","title":{"rendered":"Pacto por Barcelona: un pacto sin compromiso"},"content":{"rendered":"<p>El Sal\u00f3 de Cent de la ciudad condal acogi\u00f3 la presentaci\u00f3n del <a href=\"https:\/\/pacteperbarcelona.decidim.barcelona\/assemblies\/pacteperbarcelona?locale=es\" target=\"_blank\" rel=\"noopener noreferrer\">Pacto por Barcelona<\/a> presentado por Ada Colau y que cuenta con el apoyo de toda la oposici\u00f3n. Tambi\u00e9n lo comparten una serie de entidades de la ciudad, si bien hay excepciones importantes que han rechazado el acuerdo, empezando por <strong>Fomento del Trabajo<\/strong>, que critica la falta de di\u00e1logo del gobierno municipal. Tambi\u00e9n la <strong>Federaci\u00f3n de Asociaciones de Vecinos de Barcelona<\/strong>, \u200b\u200bel <strong>Gremio de Hosteler\u00eda<\/strong> e incluso la Plataforma que catapult\u00f3 a Ada Colau, la <strong>PAH<\/strong>, de lucha contra las hipotecas, entre otros.<\/p>\n<p>En realidad, el Pacto por Barcelona, \u200b\u200bconcretado en <strong>10 objetivos<\/strong>, es un conjunto de buenas intenciones sin m\u00e1s, y a menudo llenas de t\u00f3picos, como por ejemplo el punto s\u00e9ptimo que trata de \u00abapostar por el sistema educativo y una red educadora\u00bb. \u00bfQui\u00e9n no apuesta por el sistema educativo? Obviedades de este tipo no pueden presentarse como un horizonte para la ciudad, sino m\u00e1s bien como combustible para alimentar el gobierno municipal. En una situaci\u00f3n de crisis, el manual dice que la mejor estrategia para los gobiernos es llamar a la unidad y presentar toda cr\u00edtica como una traici\u00f3n al pa\u00eds, a la sociedad, a la ciudad. Es lo que hace Colau aqu\u00ed y lo que hace S\u00e1nchez en Madrid.<\/p>\n<p>El problema del acuerdo es que <strong>no se compromete ni define nada<\/strong>. No hay concreci\u00f3n, no hay definici\u00f3n de c\u00f3mo se alcanzar\u00e1n cada uno de los objetivos y especialmente <strong>no hay calendario ni presupuestos<\/strong>. En estas condiciones, lo que se ha hecho p\u00fablico garantiza muy poco en la ciudad. De hecho, por no haber, ni siquiera hay una visi\u00f3n de c\u00f3mo se quiere que sea despu\u00e9s de la pandemia.<\/p>\n<p>Todas estas objeciones son graves, y a\u00fan hay que a\u00f1adir otra muy importante:<\/p>\n<p>El Pacto por Barcelona <strong>no hace ninguna referencia en sus prop\u00f3sitos al sistema sanitario<\/strong> para protegernos de las epidemias como la que ahora vivimos. Esta omisi\u00f3n es grave, porque afecta a una cuesti\u00f3n vital como es la salud de los barceloneses, pero tambi\u00e9n por otra muy determinante y cuyos efectos Barcelona est\u00e1 sufriendo de manera aplastante: el <a href=\"https:\/\/conversesacatalunya.cat\/es\/coronavirus-menos-movilidad-peores-consecuencias-economicas\/\" target=\"_blank\" rel=\"noopener noreferrer\"><strong>deterioro intenso de la actividad econ\u00f3mica<\/strong><\/a>. En otras palabras,<strong> la condici\u00f3n necesaria para que la econom\u00eda de la ciudad se recupere es haber controlado el Covid-19<\/strong>. Permanecer\u00e1 con nosotros al menos durante todo el a\u00f1o que viene, si no m\u00e1s, hasta que haya una vacuna eficaz para todos, pero esta presencia puede estar absolutamente controlada evitando respuestas que deterioren la actividad econ\u00f3mica o puede suceder, como este mes de julio, que Barcelona est\u00e9 registrando un segundo impacto de restricciones con todo lo que el hecho conlleva. Sin esta condici\u00f3n, ning\u00fan programa, por bueno que sea, es viable.<\/p>\n<p>Y los efectos sobre Barcelona se van viendo en m\u00faltiples manifestaciones que no acaban de encontrar respuesta. <a href=\"https:\/\/conversesacatalunya.cat\/es\/ada-colau-tambien-es-responsable-de-la-catastrofica-gestion-de-la-pandemia\/\" target=\"_blank\" rel=\"noopener noreferrer\">Lo se\u00f1al\u00e1bamos ayer<\/a>, pero cada d\u00eda aparecen nuevos datos en un mismo sentido. Por ejemplo, de las ciudades m\u00e1s grandes de Espa\u00f1a, Barcelona y Sevilla son las dos que han visto reducido en mayor medida el precio del metro cuadrado de la vivienda, en relaci\u00f3n con el mismo per\u00edodo del a\u00f1o anterior. En Sevilla ha ca\u00eddo un<strong> -8,21%<\/strong> y en Barcelona un <strong>-7,21%<\/strong>. La media para el conjunto de ciudades del estado est\u00e1 por debajo, con un -4,94%, pero es que en Madrid ha retrocedido a\u00fan menos, un -4,46%, un -2,68% en Valencia y un -2,18% en Zaragoza. Que disminuya el precio del metro cuadrado es, en un cierto sentido, positivo, esto es evidente. Pero ahora tambi\u00e9n es un indicador del decaimiento de la din\u00e1mica econ\u00f3mica en cada una de las ciudades.<\/p>\n<p>Un segundo signo muy ilustrativo de esta din\u00e1mica es que los taxistas piden que <strong>se reduzca la flota en un 50%<\/strong> de manera temporal, sencillamente porque el negocio en la actualidad es absolutamente ruinoso, tanto que, seg\u00fan los mismos protagonistas, a estas ahora sobran la mitad de los veh\u00edculos. Son dos ejemplos que se a\u00f1aden a todos los indicadores que se\u00f1alan la gravedad de la situaci\u00f3n econ\u00f3mica de Barcelona, \u200b\u200bque requiere una visi\u00f3n de un modelo de ciudad hacia el que avanzar claramente definido y al mismo tiempo una misi\u00f3n capaz de dar respuesta a las necesidades inmediatas y concretas. Lo m\u00e1s intrigante de todo es que la oposici\u00f3n, que deber\u00eda presentar esta alternativa, no s\u00f3lo est\u00e1 absolutamente desaparecida, empezando por Manuel Valls, sino que han manifestado su acuerdo con el Pacto por Barcelona a pesar de la debilidad de su contenido.<\/p>\n<p>La capital de Catalu\u00f1a presenta, por tanto, otro problema: <strong>no hay en el consistorio una alternativa a Ada Colau<\/strong>, a pesar de las deficiencias de su gobernanza. Parece mentira que una ciudad que se quiere tan din\u00e1mica y exigente como la capital de Catalu\u00f1a se encuentre en esta situaci\u00f3n.<\/p>\n<span class='bctt-click-to-tweet'><span class='bctt-ctt-text'><a href='https:\/\/twitter.com\/intent\/tweet?url=https%3A%2F%2Fconversesacatalunya.cat%2Fes%2Fpacto-por-barcelona-un-pacto-sin-compromiso%2F&#038;text=El%20problema%20del%20acuerdo%20es%20que%20no%20se%20compromete%20ni%20define%20nada.%20No%20hay%20concreci%C3%B3n%2C%20no%20hay%20definici%C3%B3n%20de%20c%C3%B3mo%20se%20alcanzar%C3%A1n%20cada%20uno%20de%20los%20objetivos%20y%20especialmente%20no%20hay%20calendario%20ni%20presupuestos&#038;via=conversesacat&#038;related=conversesacat' target='_blank'rel=\"noopener noreferrer\">El problema del acuerdo es que no se compromete ni define nada. No hay concreci\u00f3n, no hay definici\u00f3n de c\u00f3mo se alcanzar\u00e1n cada uno de los objetivos y especialmente no hay calendario ni presupuestos <\/a><\/span><a href='https:\/\/twitter.com\/intent\/tweet?url=https%3A%2F%2Fconversesacatalunya.cat%2Fes%2Fpacto-por-barcelona-un-pacto-sin-compromiso%2F&#038;text=El%20problema%20del%20acuerdo%20es%20que%20no%20se%20compromete%20ni%20define%20nada.%20No%20hay%20concreci%C3%B3n%2C%20no%20hay%20definici%C3%B3n%20de%20c%C3%B3mo%20se%20alcanzar%C3%A1n%20cada%20uno%20de%20los%20objetivos%20y%20especialmente%20no%20hay%20calendario%20ni%20presupuestos&#038;via=conversesacat&#038;related=conversesacat' target='_blank' class='bctt-ctt-btn'rel=\"noopener noreferrer\">Compartir en X<\/a><\/span>\n<div id=\"polls-60\" class=\"wp-polls\">\n\t<form id=\"polls_form_60\" class=\"wp-polls-form\" action=\"\/index.php\" method=\"post\">\n\t\t<p style=\"display: none;\"><input type=\"hidden\" id=\"poll_60_nonce\" name=\"wp-polls-nonce\" value=\"fbbdc395f2\" \/><\/p>\n\t\t<p style=\"display: none;\"><input type=\"hidden\" name=\"poll_id\" value=\"60\" \/><\/p>\n\t\t<p style=\"text-align: center\"><strong>Creieu que la Generalitat de Catalunya decretar\u00e0 el confinament total domiciliari?<\/strong><\/p><div id=\"polls-60-ans\" class=\"wp-polls-ans\"><ul class=\"wp-polls-ul\">\n\t\t<li><input type=\"radio\" id=\"poll-answer-126\" name=\"poll_60\" value=\"126\" \/> <label for=\"poll-answer-126\">Si<\/label><\/li>\n\t\t<li><input type=\"radio\" id=\"poll-answer-127\" name=\"poll_60\" value=\"127\" \/> <label for=\"poll-answer-127\">No<\/label><\/li>\n\t\t<\/ul><p style=\"text-align: center\"><input type=\"button\" name=\"vote\" value=\"   Vota   \" class=\"Buttons\" onclick=\"poll_vote(60);\" \/><\/p><p style=\"text-align: center\"><a href=\"#ViewPollResults\" onclick=\"poll_result(60); return false;\" title=\"View Results Of This Poll\">Mira els resultats<\/a><\/p><\/div>\n\t<\/form>\n<\/div>\n<div id=\"polls-60-loading\" class=\"wp-polls-loading\"><img decoding=\"async\" data-src=\"https:\/\/conversesacatalunya.cat\/wp-content\/plugins\/wp-polls\/images\/loading.gif\" width=\"16\" height=\"16\" alt=\"Cargando ...\" title=\"Cargando ...\" class=\"wp-polls-image lazyload\" src=\"data:image\/svg+xml;base64,PHN2ZyB3aWR0aD0iMSIgaGVpZ2h0PSIxIiB4bWxucz0iaHR0cDovL3d3dy53My5vcmcvMjAwMC9zdmciPjwvc3ZnPg==\" style=\"--smush-placeholder-width: 16px; --smush-placeholder-aspect-ratio: 16\/16;\" \/>&nbsp;Cargando ...<\/div>\n\n","protected":false},"excerpt":{"rendered":"<p>El Sal\u00f3 de Cent de la ciudad condal acogi\u00f3 la presentaci\u00f3n del Pacto por Barcelona presentado por Ada Colau y que cuenta con el apoyo de toda la oposici\u00f3n. Tambi\u00e9n lo comparten una serie de entidades de la ciudad, si bien hay excepciones importantes que han rechazado el acuerdo, empezando por Fomento del Trabajo, que critica la falta de di\u00e1logo del gobierno municipal. Tambi\u00e9n la Federaci\u00f3n de Asociaciones de Vecinos de Barcelona, \u200b\u200bel Gremio de Hosteler\u00eda e incluso la Plataforma que catapult\u00f3 a Ada Colau, la PAH, de lucha contra las hipotecas, entre otros. En realidad, el Pacto por Barcelona, \u200b\u200bconcretado en 10 objetivos, es un conjunto de buenas intenciones sin m\u00e1s, y a menudo llenas de t\u00f3picos, como por ejemplo el punto s\u00e9ptimo que trata de \u00abapostar por el sistema educativo y una red educadora\u00bb. \u00bfQui\u00e9n no apuesta por el sistema educativo? Obviedades de este tipo no pueden presentarse como un horizonte para la ciudad, sino m\u00e1s bien como combustible para alimentar el gobierno municipal. En una situaci\u00f3n de crisis, el manual dice que la mejor estrategia para los gobiernos es llamar a la unidad y presentar toda cr\u00edtica como una traici\u00f3n al pa\u00eds, a la sociedad, a la ciudad. Es lo que hace Colau aqu\u00ed y lo que hace S\u00e1nchez en Madrid. El problema del acuerdo es que no se compromete ni define nada. No hay concreci\u00f3n, no hay definici\u00f3n de c\u00f3mo se alcanzar\u00e1n cada uno de los objetivos y especialmente no hay calendario ni presupuestos. En estas condiciones, lo que se ha hecho p\u00fablico garantiza muy poco en la ciudad. De hecho, por no haber, ni siquiera hay una visi\u00f3n de c\u00f3mo se quiere que sea despu\u00e9s de la pandemia. Todas estas objeciones son graves, y a\u00fan hay que a\u00f1adir otra muy importante: El Pacto por Barcelona no hace ninguna referencia en sus prop\u00f3sitos al sistema sanitario para protegernos de las epidemias como la que ahora vivimos. Esta omisi\u00f3n es grave, porque afecta a una cuesti\u00f3n vital como es la salud de los barceloneses, pero tambi\u00e9n por otra muy determinante y cuyos efectos Barcelona est\u00e1 sufriendo de manera aplastante: el deterioro intenso de la actividad econ\u00f3mica. En otras palabras, la condici\u00f3n necesaria para que la econom\u00eda de la ciudad se recupere es haber controlado el Covid-19. Permanecer\u00e1 con nosotros al menos durante todo el a\u00f1o que viene, si no m\u00e1s, hasta que haya una vacuna eficaz para todos, pero esta presencia puede estar absolutamente controlada evitando respuestas que deterioren la actividad econ\u00f3mica o puede suceder, como este mes de julio, que Barcelona est\u00e9 registrando un segundo impacto de restricciones con todo lo que el hecho conlleva. Sin esta condici\u00f3n, ning\u00fan programa, por bueno que sea, es viable. Y los efectos sobre Barcelona se van viendo en m\u00faltiples manifestaciones que no acaban de encontrar respuesta. Lo se\u00f1al\u00e1bamos ayer, pero cada d\u00eda aparecen nuevos datos en un mismo sentido. Por ejemplo, de las ciudades m\u00e1s grandes de Espa\u00f1a, Barcelona y Sevilla son las dos que han visto reducido en mayor medida el precio del metro cuadrado de la vivienda, en relaci\u00f3n con el mismo per\u00edodo del a\u00f1o anterior. En Sevilla ha ca\u00eddo un -8,21% y en Barcelona un -7,21%. La media para el conjunto de ciudades del estado est\u00e1 por debajo, con un -4,94%, pero es que en Madrid ha retrocedido a\u00fan menos, un -4,46%, un -2,68% en Valencia y un -2,18% en Zaragoza. Que disminuya el precio del metro cuadrado es, en un cierto sentido, positivo, esto es evidente. Pero ahora tambi\u00e9n es un indicador del decaimiento de la din\u00e1mica econ\u00f3mica en cada una de las ciudades. Un segundo signo muy ilustrativo de esta din\u00e1mica es que los taxistas piden que se reduzca la flota en un 50% de manera temporal, sencillamente porque el negocio en la actualidad es absolutamente ruinoso, tanto que, seg\u00fan los mismos protagonistas, a estas ahora sobran la mitad de los veh\u00edculos. Son dos ejemplos que se a\u00f1aden a todos los indicadores que se\u00f1alan la gravedad de la situaci\u00f3n econ\u00f3mica de Barcelona, \u200b\u200bque requiere una visi\u00f3n de un modelo de ciudad hacia el que avanzar claramente definido y al mismo tiempo una misi\u00f3n capaz de dar respuesta a las necesidades inmediatas y concretas. Lo m\u00e1s intrigante de todo es que la oposici\u00f3n, que deber\u00eda presentar esta alternativa, no s\u00f3lo est\u00e1 absolutamente desaparecida, empezando por Manuel Valls, sino que han manifestado su acuerdo con el Pacto por Barcelona a pesar de la debilidad de su contenido. La capital de Catalu\u00f1a presenta, por tanto, otro problema: no hay en el consistorio una alternativa a Ada Colau, a pesar de las deficiencias de su gobernanza. Parece mentira que una ciudad que se quiere tan din\u00e1mica y exigente como la capital de Catalu\u00f1a se encuentre en esta situaci\u00f3n.<\/p>\n","protected":false},"author":2,"featured_media":38712,"comment_status":"open","ping_status":"open","sticky":false,"template":"","format":"standard","meta":{"_FSMCFIC_featured_image_caption":"","_FSMCFIC_featured_image_nocaption":"","_FSMCFIC_featured_image_hide":"","footnotes":""},"categories":[3787,806],"tags":[833,2774],"class_list":["post-38716","post","type-post","status-publish","format-standard","has-post-thumbnail","hentry","category-expedient-barcelona-es","category-punts-claus-del-dia-es","tag-ada-colau-es","tag-pacto-por-barcelona"],"yoast_head":"<!-- This site is optimized with the Yoast SEO plugin v26.8 - https:\/\/yoast.com\/product\/yoast-seo-wordpress\/ -->\n<title>Pacto por Barcelona: un pacto sin compromiso - Converses a Catalunya<\/title>\n<meta name=\"description\" content=\"El Sal\u00f3 de Cent de la ciudad condal acogi\u00f3 la presentaci\u00f3n del Pacto por Barcelona presentado por Ada Colau y que cuenta con el apoyo de toda la oposici\u00f3n\" \/>\n<meta name=\"robots\" content=\"index, follow, max-snippet:-1, max-image-preview:large, max-video-preview:-1\" \/>\n<link rel=\"canonical\" href=\"https:\/\/conversesacatalunya.cat\/es\/pacto-por-barcelona-un-pacto-sin-compromiso\/\" \/>\n<meta property=\"og:locale\" content=\"es_ES\" \/>\n<meta property=\"og:type\" content=\"article\" \/>\n<meta property=\"og:title\" content=\"Pacto por Barcelona: un pacto sin compromiso - Converses a Catalunya\" \/>\n<meta property=\"og:description\" content=\"El Sal\u00f3 de Cent de la ciudad condal acogi\u00f3 la presentaci\u00f3n del Pacto por Barcelona presentado por Ada Colau y que cuenta con el apoyo de toda la oposici\u00f3n\" \/>\n<meta property=\"og:url\" content=\"https:\/\/conversesacatalunya.cat\/es\/pacto-por-barcelona-un-pacto-sin-compromiso\/\" \/>\n<meta property=\"og:site_name\" content=\"Converses a Catalunya\" \/>\n<meta property=\"article:published_time\" content=\"2020-07-23T10:16:13+00:00\" \/>\n<meta property=\"article:modified_time\" content=\"2020-07-23T10:44:39+00:00\" \/>\n<meta property=\"og:image\" content=\"https:\/\/conversesacatalunya.cat\/wp-content\/uploads\/2020\/07\/pacte-per-barcelona.jpg\" \/>\n\t<meta property=\"og:image:width\" content=\"1200\" \/>\n\t<meta property=\"og:image:height\" content=\"674\" \/>\n\t<meta property=\"og:image:type\" content=\"image\/jpeg\" \/>\n<meta name=\"author\" content=\"conversesacatalunya\" \/>\n<meta name=\"twitter:card\" content=\"summary_large_image\" \/>\n<meta name=\"twitter:label1\" content=\"Escrito por\" \/>\n\t<meta name=\"twitter:data1\" content=\"conversesacatalunya\" \/>\n\t<meta name=\"twitter:label2\" content=\"Tiempo de lectura\" \/>\n\t<meta name=\"twitter:data2\" content=\"5 minutos\" \/>\n<script type=\"application\/ld+json\" class=\"yoast-schema-graph\">{\"@context\":\"https:\/\/schema.org\",\"@graph\":[{\"@type\":\"Article\",\"@id\":\"https:\/\/conversesacatalunya.cat\/es\/pacto-por-barcelona-un-pacto-sin-compromiso\/#article\",\"isPartOf\":{\"@id\":\"https:\/\/conversesacatalunya.cat\/es\/pacto-por-barcelona-un-pacto-sin-compromiso\/\"},\"author\":{\"name\":\"conversesacatalunya\",\"@id\":\"https:\/\/conversesacatalunya.cat\/#\/schema\/person\/7e24d1e54a2785373ddcb275eae5ed99\"},\"headline\":\"Pacto por Barcelona: un pacto sin compromiso\",\"datePublished\":\"2020-07-23T10:16:13+00:00\",\"dateModified\":\"2020-07-23T10:44:39+00:00\",\"mainEntityOfPage\":{\"@id\":\"https:\/\/conversesacatalunya.cat\/es\/pacto-por-barcelona-un-pacto-sin-compromiso\/\"},\"wordCount\":909,\"commentCount\":0,\"image\":{\"@id\":\"https:\/\/conversesacatalunya.cat\/es\/pacto-por-barcelona-un-pacto-sin-compromiso\/#primaryimage\"},\"thumbnailUrl\":\"https:\/\/conversesacatalunya.cat\/wp-content\/uploads\/2020\/07\/pacte-per-barcelona.jpg\",\"keywords\":[\"Ada Colau\",\"Pacto por Barcelona\"],\"articleSection\":[\"Expedient Barcelona (ES)\",\"Punts clau del dia (ES)\"],\"inLanguage\":\"es\",\"potentialAction\":[{\"@type\":\"CommentAction\",\"name\":\"Comment\",\"target\":[\"https:\/\/conversesacatalunya.cat\/es\/pacto-por-barcelona-un-pacto-sin-compromiso\/#respond\"]}]},{\"@type\":\"WebPage\",\"@id\":\"https:\/\/conversesacatalunya.cat\/es\/pacto-por-barcelona-un-pacto-sin-compromiso\/\",\"url\":\"https:\/\/conversesacatalunya.cat\/es\/pacto-por-barcelona-un-pacto-sin-compromiso\/\",\"name\":\"Pacto por Barcelona: un pacto sin compromiso - Converses a Catalunya\",\"isPartOf\":{\"@id\":\"https:\/\/conversesacatalunya.cat\/#website\"},\"primaryImageOfPage\":{\"@id\":\"https:\/\/conversesacatalunya.cat\/es\/pacto-por-barcelona-un-pacto-sin-compromiso\/#primaryimage\"},\"image\":{\"@id\":\"https:\/\/conversesacatalunya.cat\/es\/pacto-por-barcelona-un-pacto-sin-compromiso\/#primaryimage\"},\"thumbnailUrl\":\"https:\/\/conversesacatalunya.cat\/wp-content\/uploads\/2020\/07\/pacte-per-barcelona.jpg\",\"datePublished\":\"2020-07-23T10:16:13+00:00\",\"dateModified\":\"2020-07-23T10:44:39+00:00\",\"author\":{\"@id\":\"https:\/\/conversesacatalunya.cat\/#\/schema\/person\/7e24d1e54a2785373ddcb275eae5ed99\"},\"description\":\"El Sal\u00f3 de Cent de la ciudad condal acogi\u00f3 la presentaci\u00f3n del Pacto por Barcelona presentado por Ada Colau y que cuenta con el apoyo de toda la oposici\u00f3n\",\"breadcrumb\":{\"@id\":\"https:\/\/conversesacatalunya.cat\/es\/pacto-por-barcelona-un-pacto-sin-compromiso\/#breadcrumb\"},\"inLanguage\":\"es\",\"potentialAction\":[{\"@type\":\"ReadAction\",\"target\":[\"https:\/\/conversesacatalunya.cat\/es\/pacto-por-barcelona-un-pacto-sin-compromiso\/\"]}]},{\"@type\":\"ImageObject\",\"inLanguage\":\"es\",\"@id\":\"https:\/\/conversesacatalunya.cat\/es\/pacto-por-barcelona-un-pacto-sin-compromiso\/#primaryimage\",\"url\":\"https:\/\/conversesacatalunya.cat\/wp-content\/uploads\/2020\/07\/pacte-per-barcelona.jpg\",\"contentUrl\":\"https:\/\/conversesacatalunya.cat\/wp-content\/uploads\/2020\/07\/pacte-per-barcelona.jpg\",\"width\":1200,\"height\":674,\"caption\":\"Pacte per Barcelona\"},{\"@type\":\"BreadcrumbList\",\"@id\":\"https:\/\/conversesacatalunya.cat\/es\/pacto-por-barcelona-un-pacto-sin-compromiso\/#breadcrumb\",\"itemListElement\":[{\"@type\":\"ListItem\",\"position\":1,\"name\":\"Inici\",\"item\":\"https:\/\/conversesacatalunya.cat\/es\/\"},{\"@type\":\"ListItem\",\"position\":2,\"name\":\"Pacto por Barcelona: un pacto sin compromiso\"}]},{\"@type\":\"WebSite\",\"@id\":\"https:\/\/conversesacatalunya.cat\/#website\",\"url\":\"https:\/\/conversesacatalunya.cat\/\",\"name\":\"Converses a Catalunya\",\"description\":\"\",\"potentialAction\":[{\"@type\":\"SearchAction\",\"target\":{\"@type\":\"EntryPoint\",\"urlTemplate\":\"https:\/\/conversesacatalunya.cat\/?s={search_term_string}\"},\"query-input\":{\"@type\":\"PropertyValueSpecification\",\"valueRequired\":true,\"valueName\":\"search_term_string\"}}],\"inLanguage\":\"es\"},{\"@type\":\"Person\",\"@id\":\"https:\/\/conversesacatalunya.cat\/#\/schema\/person\/7e24d1e54a2785373ddcb275eae5ed99\",\"name\":\"conversesacatalunya\",\"image\":{\"@type\":\"ImageObject\",\"inLanguage\":\"es\",\"@id\":\"https:\/\/conversesacatalunya.cat\/#\/schema\/person\/image\/\",\"url\":\"https:\/\/conversesacatalunya.cat\/wp-content\/litespeed\/avatar\/febdfeeec89d950f01c748045a981dd2.jpg?ver=1777314535\",\"contentUrl\":\"https:\/\/conversesacatalunya.cat\/wp-content\/litespeed\/avatar\/febdfeeec89d950f01c748045a981dd2.jpg?ver=1777314535\",\"caption\":\"conversesacatalunya\"},\"url\":\"https:\/\/conversesacatalunya.cat\/es\/author\/carme_catala\/\"}]}<\/script>\n<!-- \/ Yoast SEO plugin. -->","yoast_head_json":{"title":"Pacto por Barcelona: un pacto sin compromiso - Converses a Catalunya","description":"El Sal\u00f3 de Cent de la ciudad condal acogi\u00f3 la presentaci\u00f3n del Pacto por Barcelona presentado por Ada Colau y que cuenta con el apoyo de toda la oposici\u00f3n","robots":{"index":"index","follow":"follow","max-snippet":"max-snippet:-1","max-image-preview":"max-image-preview:large","max-video-preview":"max-video-preview:-1"},"canonical":"https:\/\/conversesacatalunya.cat\/es\/pacto-por-barcelona-un-pacto-sin-compromiso\/","og_locale":"es_ES","og_type":"article","og_title":"Pacto por Barcelona: un pacto sin compromiso - Converses a Catalunya","og_description":"El Sal\u00f3 de Cent de la ciudad condal acogi\u00f3 la presentaci\u00f3n del Pacto por Barcelona presentado por Ada Colau y que cuenta con el apoyo de toda la oposici\u00f3n","og_url":"https:\/\/conversesacatalunya.cat\/es\/pacto-por-barcelona-un-pacto-sin-compromiso\/","og_site_name":"Converses a Catalunya","article_published_time":"2020-07-23T10:16:13+00:00","article_modified_time":"2020-07-23T10:44:39+00:00","og_image":[{"width":1200,"height":674,"url":"https:\/\/conversesacatalunya.cat\/wp-content\/uploads\/2020\/07\/pacte-per-barcelona.jpg","type":"image\/jpeg"}],"author":"conversesacatalunya","twitter_card":"summary_large_image","twitter_misc":{"Escrito por":"conversesacatalunya","Tiempo de lectura":"5 minutos"},"schema":{"@context":"https:\/\/schema.org","@graph":[{"@type":"Article","@id":"https:\/\/conversesacatalunya.cat\/es\/pacto-por-barcelona-un-pacto-sin-compromiso\/#article","isPartOf":{"@id":"https:\/\/conversesacatalunya.cat\/es\/pacto-por-barcelona-un-pacto-sin-compromiso\/"},"author":{"name":"conversesacatalunya","@id":"https:\/\/conversesacatalunya.cat\/#\/schema\/person\/7e24d1e54a2785373ddcb275eae5ed99"},"headline":"Pacto por Barcelona: un pacto sin compromiso","datePublished":"2020-07-23T10:16:13+00:00","dateModified":"2020-07-23T10:44:39+00:00","mainEntityOfPage":{"@id":"https:\/\/conversesacatalunya.cat\/es\/pacto-por-barcelona-un-pacto-sin-compromiso\/"},"wordCount":909,"commentCount":0,"image":{"@id":"https:\/\/conversesacatalunya.cat\/es\/pacto-por-barcelona-un-pacto-sin-compromiso\/#primaryimage"},"thumbnailUrl":"https:\/\/conversesacatalunya.cat\/wp-content\/uploads\/2020\/07\/pacte-per-barcelona.jpg","keywords":["Ada Colau","Pacto por Barcelona"],"articleSection":["Expedient Barcelona (ES)","Punts clau del dia (ES)"],"inLanguage":"es","potentialAction":[{"@type":"CommentAction","name":"Comment","target":["https:\/\/conversesacatalunya.cat\/es\/pacto-por-barcelona-un-pacto-sin-compromiso\/#respond"]}]},{"@type":"WebPage","@id":"https:\/\/conversesacatalunya.cat\/es\/pacto-por-barcelona-un-pacto-sin-compromiso\/","url":"https:\/\/conversesacatalunya.cat\/es\/pacto-por-barcelona-un-pacto-sin-compromiso\/","name":"Pacto por Barcelona: un pacto sin compromiso - Converses a Catalunya","isPartOf":{"@id":"https:\/\/conversesacatalunya.cat\/#website"},"primaryImageOfPage":{"@id":"https:\/\/conversesacatalunya.cat\/es\/pacto-por-barcelona-un-pacto-sin-compromiso\/#primaryimage"},"image":{"@id":"https:\/\/conversesacatalunya.cat\/es\/pacto-por-barcelona-un-pacto-sin-compromiso\/#primaryimage"},"thumbnailUrl":"https:\/\/conversesacatalunya.cat\/wp-content\/uploads\/2020\/07\/pacte-per-barcelona.jpg","datePublished":"2020-07-23T10:16:13+00:00","dateModified":"2020-07-23T10:44:39+00:00","author":{"@id":"https:\/\/conversesacatalunya.cat\/#\/schema\/person\/7e24d1e54a2785373ddcb275eae5ed99"},"description":"El Sal\u00f3 de Cent de la ciudad condal acogi\u00f3 la presentaci\u00f3n del Pacto por Barcelona presentado por Ada Colau y que cuenta con el apoyo de toda la oposici\u00f3n","breadcrumb":{"@id":"https:\/\/conversesacatalunya.cat\/es\/pacto-por-barcelona-un-pacto-sin-compromiso\/#breadcrumb"},"inLanguage":"es","potentialAction":[{"@type":"ReadAction","target":["https:\/\/conversesacatalunya.cat\/es\/pacto-por-barcelona-un-pacto-sin-compromiso\/"]}]},{"@type":"ImageObject","inLanguage":"es","@id":"https:\/\/conversesacatalunya.cat\/es\/pacto-por-barcelona-un-pacto-sin-compromiso\/#primaryimage","url":"https:\/\/conversesacatalunya.cat\/wp-content\/uploads\/2020\/07\/pacte-per-barcelona.jpg","contentUrl":"https:\/\/conversesacatalunya.cat\/wp-content\/uploads\/2020\/07\/pacte-per-barcelona.jpg","width":1200,"height":674,"caption":"Pacte per Barcelona"},{"@type":"BreadcrumbList","@id":"https:\/\/conversesacatalunya.cat\/es\/pacto-por-barcelona-un-pacto-sin-compromiso\/#breadcrumb","itemListElement":[{"@type":"ListItem","position":1,"name":"Inici","item":"https:\/\/conversesacatalunya.cat\/es\/"},{"@type":"ListItem","position":2,"name":"Pacto por Barcelona: un pacto sin compromiso"}]},{"@type":"WebSite","@id":"https:\/\/conversesacatalunya.cat\/#website","url":"https:\/\/conversesacatalunya.cat\/","name":"Converses a Catalunya","description":"","potentialAction":[{"@type":"SearchAction","target":{"@type":"EntryPoint","urlTemplate":"https:\/\/conversesacatalunya.cat\/?s={search_term_string}"},"query-input":{"@type":"PropertyValueSpecification","valueRequired":true,"valueName":"search_term_string"}}],"inLanguage":"es"},{"@type":"Person","@id":"https:\/\/conversesacatalunya.cat\/#\/schema\/person\/7e24d1e54a2785373ddcb275eae5ed99","name":"conversesacatalunya","image":{"@type":"ImageObject","inLanguage":"es","@id":"https:\/\/conversesacatalunya.cat\/#\/schema\/person\/image\/","url":"https:\/\/conversesacatalunya.cat\/wp-content\/litespeed\/avatar\/febdfeeec89d950f01c748045a981dd2.jpg?ver=1777314535","contentUrl":"https:\/\/conversesacatalunya.cat\/wp-content\/litespeed\/avatar\/febdfeeec89d950f01c748045a981dd2.jpg?ver=1777314535","caption":"conversesacatalunya"},"url":"https:\/\/conversesacatalunya.cat\/es\/author\/carme_catala\/"}]}},"wps_subtitle":"","_links":{"self":[{"href":"https:\/\/conversesacatalunya.cat\/es\/wp-json\/wp\/v2\/posts\/38716","targetHints":{"allow":["GET"]}}],"collection":[{"href":"https:\/\/conversesacatalunya.cat\/es\/wp-json\/wp\/v2\/posts"}],"about":[{"href":"https:\/\/conversesacatalunya.cat\/es\/wp-json\/wp\/v2\/types\/post"}],"author":[{"embeddable":true,"href":"https:\/\/conversesacatalunya.cat\/es\/wp-json\/wp\/v2\/users\/2"}],"replies":[{"embeddable":true,"href":"https:\/\/conversesacatalunya.cat\/es\/wp-json\/wp\/v2\/comments?post=38716"}],"version-history":[{"count":4,"href":"https:\/\/conversesacatalunya.cat\/es\/wp-json\/wp\/v2\/posts\/38716\/revisions"}],"predecessor-version":[{"id":38730,"href":"https:\/\/conversesacatalunya.cat\/es\/wp-json\/wp\/v2\/posts\/38716\/revisions\/38730"}],"wp:featuredmedia":[{"embeddable":true,"href":"https:\/\/conversesacatalunya.cat\/es\/wp-json\/wp\/v2\/media\/38712"}],"wp:attachment":[{"href":"https:\/\/conversesacatalunya.cat\/es\/wp-json\/wp\/v2\/media?parent=38716"}],"wp:term":[{"taxonomy":"category","embeddable":true,"href":"https:\/\/conversesacatalunya.cat\/es\/wp-json\/wp\/v2\/categories?post=38716"},{"taxonomy":"post_tag","embeddable":true,"href":"https:\/\/conversesacatalunya.cat\/es\/wp-json\/wp\/v2\/tags?post=38716"}],"curies":[{"name":"wp","href":"https:\/\/api.w.org\/{rel}","templated":true}]}}