{"id":38686,"date":"2020-07-23T10:02:03","date_gmt":"2020-07-23T08:02:03","guid":{"rendered":"https:\/\/conversesacatalunya.cat\/saviesa-i-ciencia-no-es-el-mateix\/"},"modified":"2020-07-23T10:19:38","modified_gmt":"2020-07-23T08:19:38","slug":"sabiduruia-y-ciencia-no-es-lo-mismo","status":"publish","type":"post","link":"https:\/\/conversesacatalunya.cat\/es\/sabiduruia-y-ciencia-no-es-lo-mismo\/","title":{"rendered":"Sabidur\u00eda y ciencia, no es lo mismo"},"content":{"rendered":"<p>No se hab\u00eda declarado a\u00fan la pandemia,\u00a0<strong>era a finales de enero y en un centro c\u00edvico se present\u00f3 el tema de la historia de las pandemias que ha sufrido nuestro pa\u00eds<\/strong>.\u00a0Las causas y los efectos de cada una de ellas.\u00a0<span class=\"goog-text-highlight\">Hablaba un m\u00e9dico, epidemi\u00f3logo, un hombre que conoc\u00eda muy bien el tema\u00a0<\/span><strong><span class=\"goog-text-highlight\">porque se anticip\u00f3 a lo que meses despu\u00e9s ha resultado una complicada realidad.\u00a0<\/span><\/strong>Dijo que con la movilidad tan intensa que llevamos en la actualidad, podemos convertir f\u00e1cilmente la epidemia en pandemia, como as\u00ed ha sido. El que presentaba al conferenciante dijo de \u00e9l, que era un verdadero sabio.<\/p>\n<p>Ciertamente que el ponente era un gran conocedor de la din\u00e1mica de las epidemias, pero en este caso\u00a0<strong>el calificativo de sabio, no era el adecuado<\/strong>.\u00a0Una cosa es ser un gran experto en epidemiolog\u00eda, o en medicina, o en matem\u00e1ticas, pero ser sabio es otra cosa.\u00a0Esto no quiere decir que haya cient\u00edficos que sean sabios, como habr\u00e1 cient\u00edficos que no ser\u00e1n sabios, o sabios que no ser\u00e1n cient\u00edficos.<\/p>\n<h5>Ser sabio, es dar el valor justo a cada cosa.\u00a0Es saber ver que hay cosas que son hojarasca, que se las lleva el viento, y otras por las que vale la pena dejar la vida.<\/h5>\n<p>Esta capacidad de discernir entre lo superfluo y lo fundamental es lo que llamamos <strong>la sabidur\u00eda<\/strong>.\u00a0La sabidur\u00eda tiene un valor extraordinario.\u00a0Es un don que no nos llega de un d\u00eda para otro.\u00a0Como dec\u00eda\u00a0<strong>Raimon Panikkar,<\/strong> con gracia y acierto, \u00abl<em>ejos de \u00abposeer\u00bb la verdad, tenemos que aprender m\u00e1s a dejarnos poseer por la verdad, depu\u00e9s de haber sacado los muchos velos que pueden esconderla\u00bb. <\/em><\/p>\n<p>Consistir\u00eda en tener aquella limpieza de coraz\u00f3n y de mente, que no dejara espacio a ninguna forma de rencor, de envidia, de odio, de violencia, limpiar todo af\u00e1n de dominio y de poseer.<\/p>\n<p>A partir de ah\u00ed, si somos capaces de ver esta limpieza, no como una renuncia, o como una privaci\u00f3n, sino como una liberaci\u00f3n, entonces la sabidur\u00eda comenzar\u00e1 a decir las primeras palabras.\u00a0<strong>Nuestra escala de valores se ir\u00e1 modificando.<\/strong><\/p>\n<p><span class=\"goog-text-highlight\">Los fracasos, las decepciones, las dificultades de la vida, ya no las vemos como un derrumbe personal, sino como ocasiones para ganar experiencia y aprender a madurar.\u00a0<\/span>Entenderemos porque el libro de la Sabidur\u00eda dice estas palabras tan bonitas: <strong><em>\u00abLa sabidur\u00eda vale m\u00e1s que todo el oro del mundo, a su lado todo lo dem\u00e1s lo tengo por nada\u00bb<\/em><\/strong><\/p>\n<p>Con esta visi\u00f3n, la sabidur\u00eda nos abre unos caminos de comuni\u00f3n profunda y generosa con la realidad que nos rodea, hasta el punto de que aquella sabidur\u00eda que quiero para poseerla, deja de ser sabidur\u00eda.\u00a0La sabidur\u00eda no es para poseerla, sino para darla.<\/p>\n<span class='bctt-click-to-tweet'><span class='bctt-ctt-text'><a href='https:\/\/twitter.com\/intent\/tweet?url=https%3A%2F%2Fconversesacatalunya.cat%2Fes%2Fsabiduruia-y-ciencia-no-es-lo-mismo%2F&#038;text=%20La%20sabidur%C3%ADa%20no%20es%20para%20poseerla%2C%20sino%20para%20darla&#038;via=conversesacat&#038;related=conversesacat' target='_blank'rel=\"noopener noreferrer\"> La sabidur\u00eda no es para poseerla, sino para darla <\/a><\/span><a href='https:\/\/twitter.com\/intent\/tweet?url=https%3A%2F%2Fconversesacatalunya.cat%2Fes%2Fsabiduruia-y-ciencia-no-es-lo-mismo%2F&#038;text=%20La%20sabidur%C3%ADa%20no%20es%20para%20poseerla%2C%20sino%20para%20darla&#038;via=conversesacat&#038;related=conversesacat' target='_blank' class='bctt-ctt-btn'rel=\"noopener noreferrer\">Compartir en X<\/a><\/span>\n<div id=\"polls-60\" class=\"wp-polls\">\n\t<form id=\"polls_form_60\" class=\"wp-polls-form\" action=\"\/index.php\" method=\"post\">\n\t\t<p style=\"display: none;\"><input type=\"hidden\" id=\"poll_60_nonce\" name=\"wp-polls-nonce\" value=\"2983b09257\" \/><\/p>\n\t\t<p style=\"display: none;\"><input type=\"hidden\" name=\"poll_id\" value=\"60\" \/><\/p>\n\t\t<p style=\"text-align: center\"><strong>Creieu que la Generalitat de Catalunya decretar\u00e0 el confinament total domiciliari?<\/strong><\/p><div id=\"polls-60-ans\" class=\"wp-polls-ans\"><ul class=\"wp-polls-ul\">\n\t\t<li><input type=\"radio\" id=\"poll-answer-126\" name=\"poll_60\" value=\"126\" \/> <label for=\"poll-answer-126\">Si<\/label><\/li>\n\t\t<li><input type=\"radio\" id=\"poll-answer-127\" name=\"poll_60\" value=\"127\" \/> <label for=\"poll-answer-127\">No<\/label><\/li>\n\t\t<\/ul><p style=\"text-align: center\"><input type=\"button\" name=\"vote\" value=\"   Vota   \" class=\"Buttons\" onclick=\"poll_vote(60);\" \/><\/p><p style=\"text-align: center\"><a href=\"#ViewPollResults\" onclick=\"poll_result(60); return false;\" title=\"View Results Of This Poll\">Mira els resultats<\/a><\/p><\/div>\n\t<\/form>\n<\/div>\n<div id=\"polls-60-loading\" class=\"wp-polls-loading\"><img decoding=\"async\" data-src=\"https:\/\/conversesacatalunya.cat\/wp-content\/plugins\/wp-polls\/images\/loading.gif\" width=\"16\" height=\"16\" alt=\"Cargando ...\" title=\"Cargando ...\" class=\"wp-polls-image lazyload\" src=\"data:image\/svg+xml;base64,PHN2ZyB3aWR0aD0iMSIgaGVpZ2h0PSIxIiB4bWxucz0iaHR0cDovL3d3dy53My5vcmcvMjAwMC9zdmciPjwvc3ZnPg==\" style=\"--smush-placeholder-width: 16px; --smush-placeholder-aspect-ratio: 16\/16;\" \/>&nbsp;Cargando ...<\/div>\n\n","protected":false},"excerpt":{"rendered":"<p>No se hab\u00eda declarado a\u00fan la pandemia,\u00a0era a finales de enero y en un centro c\u00edvico se present\u00f3 el tema de la historia de las pandemias que ha sufrido nuestro pa\u00eds.\u00a0Las causas y los efectos de cada una de ellas.\u00a0Hablaba un m\u00e9dico, epidemi\u00f3logo, un hombre que conoc\u00eda muy bien el tema\u00a0porque se anticip\u00f3 a lo que meses despu\u00e9s ha resultado una complicada realidad.\u00a0Dijo que con la movilidad tan intensa que llevamos en la actualidad, podemos convertir f\u00e1cilmente la epidemia en pandemia, como as\u00ed ha sido. El que presentaba al conferenciante dijo de \u00e9l, que era un verdadero sabio. Ciertamente que el ponente era un gran conocedor de la din\u00e1mica de las epidemias, pero en este caso\u00a0el calificativo de sabio, no era el adecuado.\u00a0Una cosa es ser un gran experto en epidemiolog\u00eda, o en medicina, o en matem\u00e1ticas, pero ser sabio es otra cosa.\u00a0Esto no quiere decir que haya cient\u00edficos que sean sabios, como habr\u00e1 cient\u00edficos que no ser\u00e1n sabios, o sabios que no ser\u00e1n cient\u00edficos. Ser sabio, es dar el valor justo a cada cosa.\u00a0Es saber ver que hay cosas que son hojarasca, que se las lleva el viento, y otras por las que vale la pena dejar la vida. Esta capacidad de discernir entre lo superfluo y lo fundamental es lo que llamamos la sabidur\u00eda.\u00a0La sabidur\u00eda tiene un valor extraordinario.\u00a0Es un don que no nos llega de un d\u00eda para otro.\u00a0Como dec\u00eda\u00a0Raimon Panikkar, con gracia y acierto, \u00ablejos de \u00abposeer\u00bb la verdad, tenemos que aprender m\u00e1s a dejarnos poseer por la verdad, depu\u00e9s de haber sacado los muchos velos que pueden esconderla\u00bb. Consistir\u00eda en tener aquella limpieza de coraz\u00f3n y de mente, que no dejara espacio a ninguna forma de rencor, de envidia, de odio, de violencia, limpiar todo af\u00e1n de dominio y de poseer. A partir de ah\u00ed, si somos capaces de ver esta limpieza, no como una renuncia, o como una privaci\u00f3n, sino como una liberaci\u00f3n, entonces la sabidur\u00eda comenzar\u00e1 a decir las primeras palabras.\u00a0Nuestra escala de valores se ir\u00e1 modificando. Los fracasos, las decepciones, las dificultades de la vida, ya no las vemos como un derrumbe personal, sino como ocasiones para ganar experiencia y aprender a madurar.\u00a0Entenderemos porque el libro de la Sabidur\u00eda dice estas palabras tan bonitas: \u00abLa sabidur\u00eda vale m\u00e1s que todo el oro del mundo, a su lado todo lo dem\u00e1s lo tengo por nada\u00bb Con esta visi\u00f3n, la sabidur\u00eda nos abre unos caminos de comuni\u00f3n profunda y generosa con la realidad que nos rodea, hasta el punto de que aquella sabidur\u00eda que quiero para poseerla, deja de ser sabidur\u00eda.\u00a0La sabidur\u00eda no es para poseerla, sino para darla.<\/p>\n","protected":false},"author":16,"featured_media":38681,"comment_status":"open","ping_status":"open","sticky":false,"template":"","format":"standard","meta":{"_FSMCFIC_featured_image_caption":"","_FSMCFIC_featured_image_nocaption":"","_FSMCFIC_featured_image_hide":"","footnotes":""},"categories":[804],"tags":[2768,2771],"class_list":["post-38686","post","type-post","status-publish","format-standard","has-post-thumbnail","hentry","category-opinem-es","tag-ciencia-es","tag-sabiduria"],"yoast_head":"<!-- This site is optimized with the Yoast SEO plugin v26.8 - https:\/\/yoast.com\/product\/yoast-seo-wordpress\/ -->\n<title>Sabidur\u00eda y ciencia, no es lo mismo - Converses a Catalunya<\/title>\n<meta name=\"description\" content=\"Esta capacidad de discernir entre lo superfluo y lo fundamental es lo que llamamos la sabidur\u00eda.\u00a0La sabidur\u00eda tiene un valor extraordinario\" \/>\n<meta name=\"robots\" content=\"index, follow, max-snippet:-1, max-image-preview:large, max-video-preview:-1\" \/>\n<link rel=\"canonical\" href=\"https:\/\/conversesacatalunya.cat\/es\/sabiduruia-y-ciencia-no-es-lo-mismo\/\" \/>\n<meta property=\"og:locale\" content=\"es_ES\" \/>\n<meta property=\"og:type\" content=\"article\" \/>\n<meta property=\"og:title\" content=\"Sabidur\u00eda y ciencia, no es lo mismo - Converses a Catalunya\" \/>\n<meta property=\"og:description\" content=\"Esta capacidad de discernir entre lo superfluo y lo fundamental es lo que llamamos la sabidur\u00eda.\u00a0La sabidur\u00eda tiene un valor extraordinario\" \/>\n<meta property=\"og:url\" content=\"https:\/\/conversesacatalunya.cat\/es\/sabiduruia-y-ciencia-no-es-lo-mismo\/\" \/>\n<meta property=\"og:site_name\" content=\"Converses a Catalunya\" \/>\n<meta property=\"article:published_time\" content=\"2020-07-23T08:02:03+00:00\" \/>\n<meta property=\"article:modified_time\" content=\"2020-07-23T08:19:38+00:00\" \/>\n<meta property=\"og:image\" content=\"https:\/\/conversesacatalunya.cat\/wp-content\/uploads\/2020\/07\/Saviesa.jpg\" \/>\n\t<meta property=\"og:image:width\" content=\"313\" \/>\n\t<meta property=\"og:image:height\" content=\"500\" \/>\n\t<meta property=\"og:image:type\" content=\"image\/jpeg\" \/>\n<meta name=\"author\" content=\"Antoni Pedragosa\" \/>\n<meta name=\"twitter:card\" content=\"summary_large_image\" \/>\n<meta name=\"twitter:label1\" content=\"Escrito por\" \/>\n\t<meta name=\"twitter:data1\" content=\"Antoni Pedragosa\" \/>\n\t<meta name=\"twitter:label2\" content=\"Tiempo de lectura\" \/>\n\t<meta name=\"twitter:data2\" content=\"3 minutos\" \/>\n<script type=\"application\/ld+json\" class=\"yoast-schema-graph\">{\"@context\":\"https:\/\/schema.org\",\"@graph\":[{\"@type\":\"Article\",\"@id\":\"https:\/\/conversesacatalunya.cat\/es\/sabiduruia-y-ciencia-no-es-lo-mismo\/#article\",\"isPartOf\":{\"@id\":\"https:\/\/conversesacatalunya.cat\/es\/sabiduruia-y-ciencia-no-es-lo-mismo\/\"},\"author\":{\"name\":\"Antoni Pedragosa\",\"@id\":\"https:\/\/conversesacatalunya.cat\/#\/schema\/person\/c7d367ce5cf939081390b9cff82b9efa\"},\"headline\":\"Sabidur\u00eda y ciencia, no es lo mismo\",\"datePublished\":\"2020-07-23T08:02:03+00:00\",\"dateModified\":\"2020-07-23T08:19:38+00:00\",\"mainEntityOfPage\":{\"@id\":\"https:\/\/conversesacatalunya.cat\/es\/sabiduruia-y-ciencia-no-es-lo-mismo\/\"},\"wordCount\":514,\"commentCount\":0,\"image\":{\"@id\":\"https:\/\/conversesacatalunya.cat\/es\/sabiduruia-y-ciencia-no-es-lo-mismo\/#primaryimage\"},\"thumbnailUrl\":\"https:\/\/conversesacatalunya.cat\/wp-content\/uploads\/2020\/07\/Saviesa.jpg\",\"keywords\":[\"Ci\u00e8ncia\",\"Sabidur\u00eda\"],\"articleSection\":[\"Opinem (ES)\"],\"inLanguage\":\"es\",\"potentialAction\":[{\"@type\":\"CommentAction\",\"name\":\"Comment\",\"target\":[\"https:\/\/conversesacatalunya.cat\/es\/sabiduruia-y-ciencia-no-es-lo-mismo\/#respond\"]}]},{\"@type\":\"WebPage\",\"@id\":\"https:\/\/conversesacatalunya.cat\/es\/sabiduruia-y-ciencia-no-es-lo-mismo\/\",\"url\":\"https:\/\/conversesacatalunya.cat\/es\/sabiduruia-y-ciencia-no-es-lo-mismo\/\",\"name\":\"Sabidur\u00eda y ciencia, no es lo mismo - Converses a Catalunya\",\"isPartOf\":{\"@id\":\"https:\/\/conversesacatalunya.cat\/#website\"},\"primaryImageOfPage\":{\"@id\":\"https:\/\/conversesacatalunya.cat\/es\/sabiduruia-y-ciencia-no-es-lo-mismo\/#primaryimage\"},\"image\":{\"@id\":\"https:\/\/conversesacatalunya.cat\/es\/sabiduruia-y-ciencia-no-es-lo-mismo\/#primaryimage\"},\"thumbnailUrl\":\"https:\/\/conversesacatalunya.cat\/wp-content\/uploads\/2020\/07\/Saviesa.jpg\",\"datePublished\":\"2020-07-23T08:02:03+00:00\",\"dateModified\":\"2020-07-23T08:19:38+00:00\",\"author\":{\"@id\":\"https:\/\/conversesacatalunya.cat\/#\/schema\/person\/c7d367ce5cf939081390b9cff82b9efa\"},\"description\":\"Esta capacidad de discernir entre lo superfluo y lo fundamental es lo que llamamos la sabidur\u00eda.\u00a0La sabidur\u00eda tiene un valor extraordinario\",\"breadcrumb\":{\"@id\":\"https:\/\/conversesacatalunya.cat\/es\/sabiduruia-y-ciencia-no-es-lo-mismo\/#breadcrumb\"},\"inLanguage\":\"es\",\"potentialAction\":[{\"@type\":\"ReadAction\",\"target\":[\"https:\/\/conversesacatalunya.cat\/es\/sabiduruia-y-ciencia-no-es-lo-mismo\/\"]}]},{\"@type\":\"ImageObject\",\"inLanguage\":\"es\",\"@id\":\"https:\/\/conversesacatalunya.cat\/es\/sabiduruia-y-ciencia-no-es-lo-mismo\/#primaryimage\",\"url\":\"https:\/\/conversesacatalunya.cat\/wp-content\/uploads\/2020\/07\/Saviesa.jpg\",\"contentUrl\":\"https:\/\/conversesacatalunya.cat\/wp-content\/uploads\/2020\/07\/Saviesa.jpg\",\"width\":313,\"height\":500,\"caption\":\"Sabirur\u00eda\"},{\"@type\":\"BreadcrumbList\",\"@id\":\"https:\/\/conversesacatalunya.cat\/es\/sabiduruia-y-ciencia-no-es-lo-mismo\/#breadcrumb\",\"itemListElement\":[{\"@type\":\"ListItem\",\"position\":1,\"name\":\"Inici\",\"item\":\"https:\/\/conversesacatalunya.cat\/es\/\"},{\"@type\":\"ListItem\",\"position\":2,\"name\":\"Sabidur\u00eda y ciencia, no es lo mismo\"}]},{\"@type\":\"WebSite\",\"@id\":\"https:\/\/conversesacatalunya.cat\/#website\",\"url\":\"https:\/\/conversesacatalunya.cat\/\",\"name\":\"Converses a Catalunya\",\"description\":\"\",\"potentialAction\":[{\"@type\":\"SearchAction\",\"target\":{\"@type\":\"EntryPoint\",\"urlTemplate\":\"https:\/\/conversesacatalunya.cat\/?s={search_term_string}\"},\"query-input\":{\"@type\":\"PropertyValueSpecification\",\"valueRequired\":true,\"valueName\":\"search_term_string\"}}],\"inLanguage\":\"es\"},{\"@type\":\"Person\",\"@id\":\"https:\/\/conversesacatalunya.cat\/#\/schema\/person\/c7d367ce5cf939081390b9cff82b9efa\",\"name\":\"Antoni Pedragosa\",\"image\":{\"@type\":\"ImageObject\",\"inLanguage\":\"es\",\"@id\":\"https:\/\/conversesacatalunya.cat\/#\/schema\/person\/image\/\",\"url\":\"https:\/\/conversesacatalunya.cat\/wp-content\/litespeed\/avatar\/a65bdd7b7b57e4f85109aaf65843a0eb.jpg?ver=1777376633\",\"contentUrl\":\"https:\/\/conversesacatalunya.cat\/wp-content\/litespeed\/avatar\/a65bdd7b7b57e4f85109aaf65843a0eb.jpg?ver=1777376633\",\"caption\":\"Antoni Pedragosa\"},\"url\":\"https:\/\/conversesacatalunya.cat\/es\/author\/antoni-pedragosa\/\"}]}<\/script>\n<!-- \/ Yoast SEO plugin. -->","yoast_head_json":{"title":"Sabidur\u00eda y ciencia, no es lo mismo - Converses a Catalunya","description":"Esta capacidad de discernir entre lo superfluo y lo fundamental es lo que llamamos la sabidur\u00eda.\u00a0La sabidur\u00eda tiene un valor extraordinario","robots":{"index":"index","follow":"follow","max-snippet":"max-snippet:-1","max-image-preview":"max-image-preview:large","max-video-preview":"max-video-preview:-1"},"canonical":"https:\/\/conversesacatalunya.cat\/es\/sabiduruia-y-ciencia-no-es-lo-mismo\/","og_locale":"es_ES","og_type":"article","og_title":"Sabidur\u00eda y ciencia, no es lo mismo - Converses a Catalunya","og_description":"Esta capacidad de discernir entre lo superfluo y lo fundamental es lo que llamamos la sabidur\u00eda.\u00a0La sabidur\u00eda tiene un valor extraordinario","og_url":"https:\/\/conversesacatalunya.cat\/es\/sabiduruia-y-ciencia-no-es-lo-mismo\/","og_site_name":"Converses a Catalunya","article_published_time":"2020-07-23T08:02:03+00:00","article_modified_time":"2020-07-23T08:19:38+00:00","og_image":[{"width":313,"height":500,"url":"https:\/\/conversesacatalunya.cat\/wp-content\/uploads\/2020\/07\/Saviesa.jpg","type":"image\/jpeg"}],"author":"Antoni Pedragosa","twitter_card":"summary_large_image","twitter_misc":{"Escrito por":"Antoni Pedragosa","Tiempo de lectura":"3 minutos"},"schema":{"@context":"https:\/\/schema.org","@graph":[{"@type":"Article","@id":"https:\/\/conversesacatalunya.cat\/es\/sabiduruia-y-ciencia-no-es-lo-mismo\/#article","isPartOf":{"@id":"https:\/\/conversesacatalunya.cat\/es\/sabiduruia-y-ciencia-no-es-lo-mismo\/"},"author":{"name":"Antoni Pedragosa","@id":"https:\/\/conversesacatalunya.cat\/#\/schema\/person\/c7d367ce5cf939081390b9cff82b9efa"},"headline":"Sabidur\u00eda y ciencia, no es lo mismo","datePublished":"2020-07-23T08:02:03+00:00","dateModified":"2020-07-23T08:19:38+00:00","mainEntityOfPage":{"@id":"https:\/\/conversesacatalunya.cat\/es\/sabiduruia-y-ciencia-no-es-lo-mismo\/"},"wordCount":514,"commentCount":0,"image":{"@id":"https:\/\/conversesacatalunya.cat\/es\/sabiduruia-y-ciencia-no-es-lo-mismo\/#primaryimage"},"thumbnailUrl":"https:\/\/conversesacatalunya.cat\/wp-content\/uploads\/2020\/07\/Saviesa.jpg","keywords":["Ci\u00e8ncia","Sabidur\u00eda"],"articleSection":["Opinem (ES)"],"inLanguage":"es","potentialAction":[{"@type":"CommentAction","name":"Comment","target":["https:\/\/conversesacatalunya.cat\/es\/sabiduruia-y-ciencia-no-es-lo-mismo\/#respond"]}]},{"@type":"WebPage","@id":"https:\/\/conversesacatalunya.cat\/es\/sabiduruia-y-ciencia-no-es-lo-mismo\/","url":"https:\/\/conversesacatalunya.cat\/es\/sabiduruia-y-ciencia-no-es-lo-mismo\/","name":"Sabidur\u00eda y ciencia, no es lo mismo - Converses a Catalunya","isPartOf":{"@id":"https:\/\/conversesacatalunya.cat\/#website"},"primaryImageOfPage":{"@id":"https:\/\/conversesacatalunya.cat\/es\/sabiduruia-y-ciencia-no-es-lo-mismo\/#primaryimage"},"image":{"@id":"https:\/\/conversesacatalunya.cat\/es\/sabiduruia-y-ciencia-no-es-lo-mismo\/#primaryimage"},"thumbnailUrl":"https:\/\/conversesacatalunya.cat\/wp-content\/uploads\/2020\/07\/Saviesa.jpg","datePublished":"2020-07-23T08:02:03+00:00","dateModified":"2020-07-23T08:19:38+00:00","author":{"@id":"https:\/\/conversesacatalunya.cat\/#\/schema\/person\/c7d367ce5cf939081390b9cff82b9efa"},"description":"Esta capacidad de discernir entre lo superfluo y lo fundamental es lo que llamamos la sabidur\u00eda.\u00a0La sabidur\u00eda tiene un valor extraordinario","breadcrumb":{"@id":"https:\/\/conversesacatalunya.cat\/es\/sabiduruia-y-ciencia-no-es-lo-mismo\/#breadcrumb"},"inLanguage":"es","potentialAction":[{"@type":"ReadAction","target":["https:\/\/conversesacatalunya.cat\/es\/sabiduruia-y-ciencia-no-es-lo-mismo\/"]}]},{"@type":"ImageObject","inLanguage":"es","@id":"https:\/\/conversesacatalunya.cat\/es\/sabiduruia-y-ciencia-no-es-lo-mismo\/#primaryimage","url":"https:\/\/conversesacatalunya.cat\/wp-content\/uploads\/2020\/07\/Saviesa.jpg","contentUrl":"https:\/\/conversesacatalunya.cat\/wp-content\/uploads\/2020\/07\/Saviesa.jpg","width":313,"height":500,"caption":"Sabirur\u00eda"},{"@type":"BreadcrumbList","@id":"https:\/\/conversesacatalunya.cat\/es\/sabiduruia-y-ciencia-no-es-lo-mismo\/#breadcrumb","itemListElement":[{"@type":"ListItem","position":1,"name":"Inici","item":"https:\/\/conversesacatalunya.cat\/es\/"},{"@type":"ListItem","position":2,"name":"Sabidur\u00eda y ciencia, no es lo mismo"}]},{"@type":"WebSite","@id":"https:\/\/conversesacatalunya.cat\/#website","url":"https:\/\/conversesacatalunya.cat\/","name":"Converses a Catalunya","description":"","potentialAction":[{"@type":"SearchAction","target":{"@type":"EntryPoint","urlTemplate":"https:\/\/conversesacatalunya.cat\/?s={search_term_string}"},"query-input":{"@type":"PropertyValueSpecification","valueRequired":true,"valueName":"search_term_string"}}],"inLanguage":"es"},{"@type":"Person","@id":"https:\/\/conversesacatalunya.cat\/#\/schema\/person\/c7d367ce5cf939081390b9cff82b9efa","name":"Antoni Pedragosa","image":{"@type":"ImageObject","inLanguage":"es","@id":"https:\/\/conversesacatalunya.cat\/#\/schema\/person\/image\/","url":"https:\/\/conversesacatalunya.cat\/wp-content\/litespeed\/avatar\/a65bdd7b7b57e4f85109aaf65843a0eb.jpg?ver=1777376633","contentUrl":"https:\/\/conversesacatalunya.cat\/wp-content\/litespeed\/avatar\/a65bdd7b7b57e4f85109aaf65843a0eb.jpg?ver=1777376633","caption":"Antoni Pedragosa"},"url":"https:\/\/conversesacatalunya.cat\/es\/author\/antoni-pedragosa\/"}]}},"wps_subtitle":" ","_links":{"self":[{"href":"https:\/\/conversesacatalunya.cat\/es\/wp-json\/wp\/v2\/posts\/38686","targetHints":{"allow":["GET"]}}],"collection":[{"href":"https:\/\/conversesacatalunya.cat\/es\/wp-json\/wp\/v2\/posts"}],"about":[{"href":"https:\/\/conversesacatalunya.cat\/es\/wp-json\/wp\/v2\/types\/post"}],"author":[{"embeddable":true,"href":"https:\/\/conversesacatalunya.cat\/es\/wp-json\/wp\/v2\/users\/16"}],"replies":[{"embeddable":true,"href":"https:\/\/conversesacatalunya.cat\/es\/wp-json\/wp\/v2\/comments?post=38686"}],"version-history":[{"count":4,"href":"https:\/\/conversesacatalunya.cat\/es\/wp-json\/wp\/v2\/posts\/38686\/revisions"}],"predecessor-version":[{"id":38692,"href":"https:\/\/conversesacatalunya.cat\/es\/wp-json\/wp\/v2\/posts\/38686\/revisions\/38692"}],"wp:featuredmedia":[{"embeddable":true,"href":"https:\/\/conversesacatalunya.cat\/es\/wp-json\/wp\/v2\/media\/38681"}],"wp:attachment":[{"href":"https:\/\/conversesacatalunya.cat\/es\/wp-json\/wp\/v2\/media?parent=38686"}],"wp:term":[{"taxonomy":"category","embeddable":true,"href":"https:\/\/conversesacatalunya.cat\/es\/wp-json\/wp\/v2\/categories?post=38686"},{"taxonomy":"post_tag","embeddable":true,"href":"https:\/\/conversesacatalunya.cat\/es\/wp-json\/wp\/v2\/tags?post=38686"}],"curies":[{"name":"wp","href":"https:\/\/api.w.org\/{rel}","templated":true}]}}