{"id":38672,"date":"2020-07-22T12:00:04","date_gmt":"2020-07-22T10:00:04","guid":{"rendered":"https:\/\/conversesacatalunya.cat\/una-vegada-mes-es-confirma-espanya-es-el-pais-que-pitjor-ha-afrontat-la-pandemia\/"},"modified":"2020-07-22T13:03:12","modified_gmt":"2020-07-22T11:03:12","slug":"una-vez-mas-se-confirma-espana-es-el-pais-que-peor-ha-afrontado-la-pandemia","status":"publish","type":"post","link":"https:\/\/conversesacatalunya.cat\/es\/una-vez-mas-se-confirma-espana-es-el-pais-que-peor-ha-afrontado-la-pandemia\/","title":{"rendered":"Una vez m\u00e1s se confirma: Espa\u00f1a es el pa\u00eds que peor ha afrontado la pandemia"},"content":{"rendered":"<p>Un estudio elaborado por la <strong>Universidad de Cambridge<\/strong> en el marco de su <a href=\"https:\/\/s3.amazonaws.com\/sustainabledevelopment.report\/2020\/2020_sustainable_development_report.pdf\" target=\"_blank\" rel=\"noopener noreferrer\">Informe Anual sobre Desarrollo Sostenible<\/a>\u00a0valor\u00f3 el comportamiento de 33 pa\u00edses del mundo ante la pandemia del Covid-19, estableciendo un \u00edndice sint\u00e9tico que integra las diversas valoraciones. Estas miden en concreto los muertos por mill\u00f3n de habitantes, la ratio de reproducci\u00f3n, la eficiencia en el control epid\u00e9mico, la disminuci\u00f3n de la movilidad y la disminuci\u00f3n de la ratio de reproducci\u00f3n.<\/p>\n<p><img fetchpriority=\"high\" decoding=\"async\" class=\"aligncenter wp-image-38457\" src=\"https:\/\/conversesacatalunya.cat\/wp-content\/uploads\/2020\/07\/taula.png\" alt=\"\" width=\"667\" height=\"824\" srcset=\"https:\/\/conversesacatalunya.cat\/wp-content\/uploads\/2020\/07\/taula.png 1011w, https:\/\/conversesacatalunya.cat\/wp-content\/uploads\/2020\/07\/taula-243x300.png 243w, https:\/\/conversesacatalunya.cat\/wp-content\/uploads\/2020\/07\/taula-829x1024.png 829w\" sizes=\"(max-width: 667px) 100vw, 667px\" \/><\/p>\n<p><strong>El \u00edndice tiene una escala que va del 1 a 0<\/strong>, siendo \u00ab1\u00bb la mejor calificaci\u00f3n y \u00ab0\u00bb la peor. El resultado de este \u00edndice de acuerdo con los cinco indicadores se\u00f1ala que el pa\u00eds que ha tenido m\u00e1s eficacia en la acci\u00f3n, y con notable diferencia con el resto, es <strong>Corea del Sur, con un \u00edndice de 0,90<\/strong>. S\u00f3lo a 10 d\u00e9cimas del m\u00e1ximo. El segundo grupo estar\u00eda formado por los pa\u00edses que se sit\u00faan entre 0,75 y 0,78, y aqu\u00ed hay que remarcarlo porque ha pasado bastante desapercibido, en el que se encuentran los tres pa\u00edses b\u00e1lticos: <strong>Letonia, Lituania y Estonia<\/strong>.<\/p>\n<p>Entre el 0,70 y el 0,75, y por orden descendente, est\u00e1 Jap\u00f3n, Eslovenia, la Rep\u00fablica de Eslovaquia, Nueva Zelanda, Noruega, Grecia, Dinamarca y la Rep\u00fablica Checa. Se puede constatar, por tanto, que el grado de desarrollo econ\u00f3mico de cada pa\u00eds no guarda relaci\u00f3n con los resultados obtenidos. <strong>Es el caso de Grecia<\/strong>, que ocupa un destacado und\u00e9cimo puesto. Portugal, que hab\u00eda tenido un inicio prometedor, est\u00e1 situado en el lugar 25\u00ba, con un 0,55. Por debajo de \u00e9l, encontramos Irlanda con 0,53 (27\u00ba lugar), los EE. UU. con 0,55 (28\u00ba), Italia con 0,49 (29\u00ba), Francia con 0,46 (30\u00ba), Reino Unido con 0,43 (31\u00ba) y B\u00e9lgica con 0:40 (32\u00ba). <strong>El \u00faltimo lugar lo ostenta Espa\u00f1a, el 33\u00b0, con un \u00edndice s\u00f3lo de 0,39<\/strong> y, por tanto, muy alejado ni siquiera de los valores medios.<\/p>\n<p>Espa\u00f1a resulta particularmente penalizada por la falta de eficiencia del control epid\u00e9mico por la disminuci\u00f3n de la movilidad, por la tasa de reproducci\u00f3n y por el n\u00famero de muertes por mill\u00f3n de habitantes, es decir, en casi todos los indicadores. Concretamente, es, de acuerdo con las cifras oficiales, el segundo pa\u00eds en muertes por mill\u00f3n, pero en realidad no es as\u00ed porque el estado que lo precede, B\u00e9lgica, contabiliza no s\u00f3lo los muertos verificados por PCR, sino tambi\u00e9n aquellos que el m\u00e9dico considera que presentaban los s\u00edntomas, mientras que Espa\u00f1a los excluye de la contabilidad mortal del coronavirus. En cuanto a la <strong>tasa efectiva de reproducci\u00f3n<\/strong> es el tercer peor pa\u00eds por detr\u00e1s de los EE. UU. y el Reino Unido. En <strong>eficiencia del control de la pandemia<\/strong> es, con diferencia, el peor pa\u00eds del mundo a distancia de todos los dem\u00e1s. Tiene una valoraci\u00f3n incluso peor que la turca, que es tambi\u00e9n muy baja. La <strong>reducci\u00f3n de la tasa de reproducci\u00f3n<\/strong> es el \u00edndice en el que Espa\u00f1a todav\u00eda presenta una situaci\u00f3n comparativa y relacionado con los pa\u00edses de la cola m\u00e1s positiva. Finalmente, tambi\u00e9n es el<strong> pa\u00eds que aplic\u00f3 medidas m\u00e1s restrictivas a la movilidad<\/strong> junto con Italia y, por lo tanto, el que seguramente registrar\u00e1 un impacto econ\u00f3mico m\u00e1s negativo.<\/p>\n<p style=\"text-align: center;\">M\u00e1s informaci\u00f3n sobre el coronavirus en <a href=\"https:\/\/conversesacatalunya.cat\/es\/coronavirus\/\" target=\"_blank\" rel=\"noopener noreferrer\">ESPECIAL CORONAVIRUS<\/a><\/p>\n<div id=\"polls-60\" class=\"wp-polls\">\n\t<form id=\"polls_form_60\" class=\"wp-polls-form\" action=\"\/index.php\" method=\"post\">\n\t\t<p style=\"display: none;\"><input type=\"hidden\" id=\"poll_60_nonce\" name=\"wp-polls-nonce\" value=\"ab68bae544\" \/><\/p>\n\t\t<p style=\"display: none;\"><input type=\"hidden\" name=\"poll_id\" value=\"60\" \/><\/p>\n\t\t<p style=\"text-align: center\"><strong>Creieu que la Generalitat de Catalunya decretar\u00e0 el confinament total domiciliari?<\/strong><\/p><div id=\"polls-60-ans\" class=\"wp-polls-ans\"><ul class=\"wp-polls-ul\">\n\t\t<li><input type=\"radio\" id=\"poll-answer-126\" name=\"poll_60\" value=\"126\" \/> <label for=\"poll-answer-126\">Si<\/label><\/li>\n\t\t<li><input type=\"radio\" id=\"poll-answer-127\" name=\"poll_60\" value=\"127\" \/> <label for=\"poll-answer-127\">No<\/label><\/li>\n\t\t<\/ul><p style=\"text-align: center\"><input type=\"button\" name=\"vote\" value=\"   Vota   \" class=\"Buttons\" onclick=\"poll_vote(60);\" \/><\/p><p style=\"text-align: center\"><a href=\"#ViewPollResults\" onclick=\"poll_result(60); return false;\" title=\"View Results Of This Poll\">Mira els resultats<\/a><\/p><\/div>\n\t<\/form>\n<\/div>\n<div id=\"polls-60-loading\" class=\"wp-polls-loading\"><img decoding=\"async\" data-src=\"https:\/\/conversesacatalunya.cat\/wp-content\/plugins\/wp-polls\/images\/loading.gif\" width=\"16\" height=\"16\" alt=\"Cargando ...\" title=\"Cargando ...\" class=\"wp-polls-image lazyload\" src=\"data:image\/svg+xml;base64,PHN2ZyB3aWR0aD0iMSIgaGVpZ2h0PSIxIiB4bWxucz0iaHR0cDovL3d3dy53My5vcmcvMjAwMC9zdmciPjwvc3ZnPg==\" style=\"--smush-placeholder-width: 16px; --smush-placeholder-aspect-ratio: 16\/16;\" \/>&nbsp;Cargando ...<\/div>\n\n","protected":false},"excerpt":{"rendered":"<p>Un estudio elaborado por la Universidad de Cambridge en el marco de su Informe Anual sobre Desarrollo Sostenible\u00a0valor\u00f3 el comportamiento de 33 pa\u00edses del mundo ante la pandemia del Covid-19, estableciendo un \u00edndice sint\u00e9tico que integra las diversas valoraciones. Estas miden en concreto los muertos por mill\u00f3n de habitantes, la ratio de reproducci\u00f3n, la eficiencia en el control epid\u00e9mico, la disminuci\u00f3n de la movilidad y la disminuci\u00f3n de la ratio de reproducci\u00f3n. El \u00edndice tiene una escala que va del 1 a 0, siendo \u00ab1\u00bb la mejor calificaci\u00f3n y \u00ab0\u00bb la peor. El resultado de este \u00edndice de acuerdo con los cinco indicadores se\u00f1ala que el pa\u00eds que ha tenido m\u00e1s eficacia en la acci\u00f3n, y con notable diferencia con el resto, es Corea del Sur, con un \u00edndice de 0,90. S\u00f3lo a 10 d\u00e9cimas del m\u00e1ximo. El segundo grupo estar\u00eda formado por los pa\u00edses que se sit\u00faan entre 0,75 y 0,78, y aqu\u00ed hay que remarcarlo porque ha pasado bastante desapercibido, en el que se encuentran los tres pa\u00edses b\u00e1lticos: Letonia, Lituania y Estonia. Entre el 0,70 y el 0,75, y por orden descendente, est\u00e1 Jap\u00f3n, Eslovenia, la Rep\u00fablica de Eslovaquia, Nueva Zelanda, Noruega, Grecia, Dinamarca y la Rep\u00fablica Checa. Se puede constatar, por tanto, que el grado de desarrollo econ\u00f3mico de cada pa\u00eds no guarda relaci\u00f3n con los resultados obtenidos. Es el caso de Grecia, que ocupa un destacado und\u00e9cimo puesto. Portugal, que hab\u00eda tenido un inicio prometedor, est\u00e1 situado en el lugar 25\u00ba, con un 0,55. Por debajo de \u00e9l, encontramos Irlanda con 0,53 (27\u00ba lugar), los EE. UU. con 0,55 (28\u00ba), Italia con 0,49 (29\u00ba), Francia con 0,46 (30\u00ba), Reino Unido con 0,43 (31\u00ba) y B\u00e9lgica con 0:40 (32\u00ba). El \u00faltimo lugar lo ostenta Espa\u00f1a, el 33\u00b0, con un \u00edndice s\u00f3lo de 0,39 y, por tanto, muy alejado ni siquiera de los valores medios. Espa\u00f1a resulta particularmente penalizada por la falta de eficiencia del control epid\u00e9mico por la disminuci\u00f3n de la movilidad, por la tasa de reproducci\u00f3n y por el n\u00famero de muertes por mill\u00f3n de habitantes, es decir, en casi todos los indicadores. Concretamente, es, de acuerdo con las cifras oficiales, el segundo pa\u00eds en muertes por mill\u00f3n, pero en realidad no es as\u00ed porque el estado que lo precede, B\u00e9lgica, contabiliza no s\u00f3lo los muertos verificados por PCR, sino tambi\u00e9n aquellos que el m\u00e9dico considera que presentaban los s\u00edntomas, mientras que Espa\u00f1a los excluye de la contabilidad mortal del coronavirus. En cuanto a la tasa efectiva de reproducci\u00f3n es el tercer peor pa\u00eds por detr\u00e1s de los EE. UU. y el Reino Unido. En eficiencia del control de la pandemia es, con diferencia, el peor pa\u00eds del mundo a distancia de todos los dem\u00e1s. Tiene una valoraci\u00f3n incluso peor que la turca, que es tambi\u00e9n muy baja. La reducci\u00f3n de la tasa de reproducci\u00f3n es el \u00edndice en el que Espa\u00f1a todav\u00eda presenta una situaci\u00f3n comparativa y relacionado con los pa\u00edses de la cola m\u00e1s positiva. Finalmente, tambi\u00e9n es el pa\u00eds que aplic\u00f3 medidas m\u00e1s restrictivas a la movilidad junto con Italia y, por lo tanto, el que seguramente registrar\u00e1 un impacto econ\u00f3mico m\u00e1s negativo. M\u00e1s informaci\u00f3n sobre el coronavirus en ESPECIAL CORONAVIRUS<\/p>\n","protected":false},"author":2,"featured_media":38666,"comment_status":"open","ping_status":"open","sticky":false,"template":"","format":"standard","meta":{"_FSMCFIC_featured_image_caption":"","_FSMCFIC_featured_image_nocaption":"","_FSMCFIC_featured_image_hide":"","footnotes":""},"categories":[1772,806],"tags":[1504,2049],"class_list":["post-38672","post","type-post","status-publish","format-standard","has-post-thumbnail","hentry","category-especial-coronavirus-es","category-punts-claus-del-dia-es","tag-coronavirus-es","tag-medidas-coronavirus"],"yoast_head":"<!-- This site is optimized with the Yoast SEO plugin v26.8 - https:\/\/yoast.com\/product\/yoast-seo-wordpress\/ -->\n<title>Una vez m\u00e1s se confirma: Espa\u00f1a es el pa\u00eds que peor ha afrontado la pandemia - Converses a Catalunya<\/title>\n<meta name=\"robots\" content=\"index, follow, max-snippet:-1, max-image-preview:large, max-video-preview:-1\" \/>\n<link rel=\"canonical\" href=\"https:\/\/conversesacatalunya.cat\/es\/una-vez-mas-se-confirma-espana-es-el-pais-que-peor-ha-afrontado-la-pandemia\/\" \/>\n<meta property=\"og:locale\" content=\"es_ES\" \/>\n<meta property=\"og:type\" content=\"article\" \/>\n<meta property=\"og:title\" content=\"Una vez m\u00e1s se confirma: Espa\u00f1a es el pa\u00eds que peor ha afrontado la pandemia - Converses a Catalunya\" \/>\n<meta property=\"og:description\" content=\"Un estudio elaborado por la Universidad de Cambridge en el marco de su Informe Anual sobre Desarrollo Sostenible\u00a0valor\u00f3 el comportamiento de 33 pa\u00edses del mundo ante la pandemia del Covid-19, estableciendo un \u00edndice sint\u00e9tico que integra las diversas valoraciones. Estas miden en concreto los muertos por mill\u00f3n de habitantes, la ratio de reproducci\u00f3n, la eficiencia en el control epid\u00e9mico, la disminuci\u00f3n de la movilidad y la disminuci\u00f3n de la ratio de reproducci\u00f3n. El \u00edndice tiene una escala que va del 1 a 0, siendo \u00ab1\u00bb la mejor calificaci\u00f3n y \u00ab0\u00bb la peor. El resultado de este \u00edndice de acuerdo con los cinco indicadores se\u00f1ala que el pa\u00eds que ha tenido m\u00e1s eficacia en la acci\u00f3n, y con notable diferencia con el resto, es Corea del Sur, con un \u00edndice de 0,90. S\u00f3lo a 10 d\u00e9cimas del m\u00e1ximo. El segundo grupo estar\u00eda formado por los pa\u00edses que se sit\u00faan entre 0,75 y 0,78, y aqu\u00ed hay que remarcarlo porque ha pasado bastante desapercibido, en el que se encuentran los tres pa\u00edses b\u00e1lticos: Letonia, Lituania y Estonia. Entre el 0,70 y el 0,75, y por orden descendente, est\u00e1 Jap\u00f3n, Eslovenia, la Rep\u00fablica de Eslovaquia, Nueva Zelanda, Noruega, Grecia, Dinamarca y la Rep\u00fablica Checa. Se puede constatar, por tanto, que el grado de desarrollo econ\u00f3mico de cada pa\u00eds no guarda relaci\u00f3n con los resultados obtenidos. Es el caso de Grecia, que ocupa un destacado und\u00e9cimo puesto. Portugal, que hab\u00eda tenido un inicio prometedor, est\u00e1 situado en el lugar 25\u00ba, con un 0,55. Por debajo de \u00e9l, encontramos Irlanda con 0,53 (27\u00ba lugar), los EE. UU. con 0,55 (28\u00ba), Italia con 0,49 (29\u00ba), Francia con 0,46 (30\u00ba), Reino Unido con 0,43 (31\u00ba) y B\u00e9lgica con 0:40 (32\u00ba). El \u00faltimo lugar lo ostenta Espa\u00f1a, el 33\u00b0, con un \u00edndice s\u00f3lo de 0,39 y, por tanto, muy alejado ni siquiera de los valores medios. Espa\u00f1a resulta particularmente penalizada por la falta de eficiencia del control epid\u00e9mico por la disminuci\u00f3n de la movilidad, por la tasa de reproducci\u00f3n y por el n\u00famero de muertes por mill\u00f3n de habitantes, es decir, en casi todos los indicadores. Concretamente, es, de acuerdo con las cifras oficiales, el segundo pa\u00eds en muertes por mill\u00f3n, pero en realidad no es as\u00ed porque el estado que lo precede, B\u00e9lgica, contabiliza no s\u00f3lo los muertos verificados por PCR, sino tambi\u00e9n aquellos que el m\u00e9dico considera que presentaban los s\u00edntomas, mientras que Espa\u00f1a los excluye de la contabilidad mortal del coronavirus. En cuanto a la tasa efectiva de reproducci\u00f3n es el tercer peor pa\u00eds por detr\u00e1s de los EE. UU. y el Reino Unido. En eficiencia del control de la pandemia es, con diferencia, el peor pa\u00eds del mundo a distancia de todos los dem\u00e1s. Tiene una valoraci\u00f3n incluso peor que la turca, que es tambi\u00e9n muy baja. La reducci\u00f3n de la tasa de reproducci\u00f3n es el \u00edndice en el que Espa\u00f1a todav\u00eda presenta una situaci\u00f3n comparativa y relacionado con los pa\u00edses de la cola m\u00e1s positiva. Finalmente, tambi\u00e9n es el pa\u00eds que aplic\u00f3 medidas m\u00e1s restrictivas a la movilidad junto con Italia y, por lo tanto, el que seguramente registrar\u00e1 un impacto econ\u00f3mico m\u00e1s negativo. M\u00e1s informaci\u00f3n sobre el coronavirus en ESPECIAL CORONAVIRUS\" \/>\n<meta property=\"og:url\" content=\"https:\/\/conversesacatalunya.cat\/es\/una-vez-mas-se-confirma-espana-es-el-pais-que-peor-ha-afrontado-la-pandemia\/\" \/>\n<meta property=\"og:site_name\" content=\"Converses a Catalunya\" \/>\n<meta property=\"article:published_time\" content=\"2020-07-22T10:00:04+00:00\" \/>\n<meta property=\"article:modified_time\" content=\"2020-07-22T11:03:12+00:00\" \/>\n<meta property=\"og:image\" content=\"https:\/\/conversesacatalunya.cat\/wp-content\/uploads\/2020\/07\/espa\u00f1a-coronavirus.jpg\" \/>\n\t<meta property=\"og:image:width\" content=\"696\" \/>\n\t<meta property=\"og:image:height\" content=\"392\" \/>\n\t<meta property=\"og:image:type\" content=\"image\/jpeg\" \/>\n<meta name=\"author\" content=\"conversesacatalunya\" \/>\n<meta name=\"twitter:card\" content=\"summary_large_image\" \/>\n<meta name=\"twitter:label1\" content=\"Escrito por\" \/>\n\t<meta name=\"twitter:data1\" content=\"conversesacatalunya\" \/>\n\t<meta name=\"twitter:label2\" content=\"Tiempo de lectura\" \/>\n\t<meta name=\"twitter:data2\" content=\"3 minutos\" \/>\n<script type=\"application\/ld+json\" class=\"yoast-schema-graph\">{\"@context\":\"https:\/\/schema.org\",\"@graph\":[{\"@type\":\"Article\",\"@id\":\"https:\/\/conversesacatalunya.cat\/es\/una-vez-mas-se-confirma-espana-es-el-pais-que-peor-ha-afrontado-la-pandemia\/#article\",\"isPartOf\":{\"@id\":\"https:\/\/conversesacatalunya.cat\/es\/una-vez-mas-se-confirma-espana-es-el-pais-que-peor-ha-afrontado-la-pandemia\/\"},\"author\":{\"name\":\"conversesacatalunya\",\"@id\":\"https:\/\/conversesacatalunya.cat\/#\/schema\/person\/7e24d1e54a2785373ddcb275eae5ed99\"},\"headline\":\"Una vez m\u00e1s se confirma: Espa\u00f1a es el pa\u00eds que peor ha afrontado la pandemia\",\"datePublished\":\"2020-07-22T10:00:04+00:00\",\"dateModified\":\"2020-07-22T11:03:12+00:00\",\"mainEntityOfPage\":{\"@id\":\"https:\/\/conversesacatalunya.cat\/es\/una-vez-mas-se-confirma-espana-es-el-pais-que-peor-ha-afrontado-la-pandemia\/\"},\"wordCount\":590,\"commentCount\":0,\"image\":{\"@id\":\"https:\/\/conversesacatalunya.cat\/es\/una-vez-mas-se-confirma-espana-es-el-pais-que-peor-ha-afrontado-la-pandemia\/#primaryimage\"},\"thumbnailUrl\":\"https:\/\/conversesacatalunya.cat\/wp-content\/uploads\/2020\/07\/espa\u00f1a-coronavirus.jpg\",\"keywords\":[\"coronavirus\",\"medidas coronavirus\"],\"articleSection\":[\"Especial Coronavirus (ES)\",\"Punts clau del dia (ES)\"],\"inLanguage\":\"es\",\"potentialAction\":[{\"@type\":\"CommentAction\",\"name\":\"Comment\",\"target\":[\"https:\/\/conversesacatalunya.cat\/es\/una-vez-mas-se-confirma-espana-es-el-pais-que-peor-ha-afrontado-la-pandemia\/#respond\"]}]},{\"@type\":\"WebPage\",\"@id\":\"https:\/\/conversesacatalunya.cat\/es\/una-vez-mas-se-confirma-espana-es-el-pais-que-peor-ha-afrontado-la-pandemia\/\",\"url\":\"https:\/\/conversesacatalunya.cat\/es\/una-vez-mas-se-confirma-espana-es-el-pais-que-peor-ha-afrontado-la-pandemia\/\",\"name\":\"Una vez m\u00e1s se confirma: Espa\u00f1a es el pa\u00eds que peor ha afrontado la pandemia - Converses a Catalunya\",\"isPartOf\":{\"@id\":\"https:\/\/conversesacatalunya.cat\/#website\"},\"primaryImageOfPage\":{\"@id\":\"https:\/\/conversesacatalunya.cat\/es\/una-vez-mas-se-confirma-espana-es-el-pais-que-peor-ha-afrontado-la-pandemia\/#primaryimage\"},\"image\":{\"@id\":\"https:\/\/conversesacatalunya.cat\/es\/una-vez-mas-se-confirma-espana-es-el-pais-que-peor-ha-afrontado-la-pandemia\/#primaryimage\"},\"thumbnailUrl\":\"https:\/\/conversesacatalunya.cat\/wp-content\/uploads\/2020\/07\/espa\u00f1a-coronavirus.jpg\",\"datePublished\":\"2020-07-22T10:00:04+00:00\",\"dateModified\":\"2020-07-22T11:03:12+00:00\",\"author\":{\"@id\":\"https:\/\/conversesacatalunya.cat\/#\/schema\/person\/7e24d1e54a2785373ddcb275eae5ed99\"},\"breadcrumb\":{\"@id\":\"https:\/\/conversesacatalunya.cat\/es\/una-vez-mas-se-confirma-espana-es-el-pais-que-peor-ha-afrontado-la-pandemia\/#breadcrumb\"},\"inLanguage\":\"es\",\"potentialAction\":[{\"@type\":\"ReadAction\",\"target\":[\"https:\/\/conversesacatalunya.cat\/es\/una-vez-mas-se-confirma-espana-es-el-pais-que-peor-ha-afrontado-la-pandemia\/\"]}]},{\"@type\":\"ImageObject\",\"inLanguage\":\"es\",\"@id\":\"https:\/\/conversesacatalunya.cat\/es\/una-vez-mas-se-confirma-espana-es-el-pais-que-peor-ha-afrontado-la-pandemia\/#primaryimage\",\"url\":\"https:\/\/conversesacatalunya.cat\/wp-content\/uploads\/2020\/07\/espa\u00f1a-coronavirus.jpg\",\"contentUrl\":\"https:\/\/conversesacatalunya.cat\/wp-content\/uploads\/2020\/07\/espa\u00f1a-coronavirus.jpg\",\"width\":696,\"height\":392,\"caption\":\"pand\u00e8mia\"},{\"@type\":\"BreadcrumbList\",\"@id\":\"https:\/\/conversesacatalunya.cat\/es\/una-vez-mas-se-confirma-espana-es-el-pais-que-peor-ha-afrontado-la-pandemia\/#breadcrumb\",\"itemListElement\":[{\"@type\":\"ListItem\",\"position\":1,\"name\":\"Inici\",\"item\":\"https:\/\/conversesacatalunya.cat\/es\/\"},{\"@type\":\"ListItem\",\"position\":2,\"name\":\"Una vez m\u00e1s se confirma: Espa\u00f1a es el pa\u00eds que peor ha afrontado la pandemia\"}]},{\"@type\":\"WebSite\",\"@id\":\"https:\/\/conversesacatalunya.cat\/#website\",\"url\":\"https:\/\/conversesacatalunya.cat\/\",\"name\":\"Converses a Catalunya\",\"description\":\"\",\"potentialAction\":[{\"@type\":\"SearchAction\",\"target\":{\"@type\":\"EntryPoint\",\"urlTemplate\":\"https:\/\/conversesacatalunya.cat\/?s={search_term_string}\"},\"query-input\":{\"@type\":\"PropertyValueSpecification\",\"valueRequired\":true,\"valueName\":\"search_term_string\"}}],\"inLanguage\":\"es\"},{\"@type\":\"Person\",\"@id\":\"https:\/\/conversesacatalunya.cat\/#\/schema\/person\/7e24d1e54a2785373ddcb275eae5ed99\",\"name\":\"conversesacatalunya\",\"image\":{\"@type\":\"ImageObject\",\"inLanguage\":\"es\",\"@id\":\"https:\/\/conversesacatalunya.cat\/#\/schema\/person\/image\/\",\"url\":\"https:\/\/conversesacatalunya.cat\/wp-content\/litespeed\/avatar\/febdfeeec89d950f01c748045a981dd2.jpg?ver=1777314535\",\"contentUrl\":\"https:\/\/conversesacatalunya.cat\/wp-content\/litespeed\/avatar\/febdfeeec89d950f01c748045a981dd2.jpg?ver=1777314535\",\"caption\":\"conversesacatalunya\"},\"url\":\"https:\/\/conversesacatalunya.cat\/es\/author\/carme_catala\/\"}]}<\/script>\n<!-- \/ Yoast SEO plugin. -->","yoast_head_json":{"title":"Una vez m\u00e1s se confirma: Espa\u00f1a es el pa\u00eds que peor ha afrontado la pandemia - Converses a Catalunya","robots":{"index":"index","follow":"follow","max-snippet":"max-snippet:-1","max-image-preview":"max-image-preview:large","max-video-preview":"max-video-preview:-1"},"canonical":"https:\/\/conversesacatalunya.cat\/es\/una-vez-mas-se-confirma-espana-es-el-pais-que-peor-ha-afrontado-la-pandemia\/","og_locale":"es_ES","og_type":"article","og_title":"Una vez m\u00e1s se confirma: Espa\u00f1a es el pa\u00eds que peor ha afrontado la pandemia - Converses a Catalunya","og_description":"Un estudio elaborado por la Universidad de Cambridge en el marco de su Informe Anual sobre Desarrollo Sostenible\u00a0valor\u00f3 el comportamiento de 33 pa\u00edses del mundo ante la pandemia del Covid-19, estableciendo un \u00edndice sint\u00e9tico que integra las diversas valoraciones. Estas miden en concreto los muertos por mill\u00f3n de habitantes, la ratio de reproducci\u00f3n, la eficiencia en el control epid\u00e9mico, la disminuci\u00f3n de la movilidad y la disminuci\u00f3n de la ratio de reproducci\u00f3n. El \u00edndice tiene una escala que va del 1 a 0, siendo \u00ab1\u00bb la mejor calificaci\u00f3n y \u00ab0\u00bb la peor. El resultado de este \u00edndice de acuerdo con los cinco indicadores se\u00f1ala que el pa\u00eds que ha tenido m\u00e1s eficacia en la acci\u00f3n, y con notable diferencia con el resto, es Corea del Sur, con un \u00edndice de 0,90. S\u00f3lo a 10 d\u00e9cimas del m\u00e1ximo. El segundo grupo estar\u00eda formado por los pa\u00edses que se sit\u00faan entre 0,75 y 0,78, y aqu\u00ed hay que remarcarlo porque ha pasado bastante desapercibido, en el que se encuentran los tres pa\u00edses b\u00e1lticos: Letonia, Lituania y Estonia. Entre el 0,70 y el 0,75, y por orden descendente, est\u00e1 Jap\u00f3n, Eslovenia, la Rep\u00fablica de Eslovaquia, Nueva Zelanda, Noruega, Grecia, Dinamarca y la Rep\u00fablica Checa. Se puede constatar, por tanto, que el grado de desarrollo econ\u00f3mico de cada pa\u00eds no guarda relaci\u00f3n con los resultados obtenidos. Es el caso de Grecia, que ocupa un destacado und\u00e9cimo puesto. Portugal, que hab\u00eda tenido un inicio prometedor, est\u00e1 situado en el lugar 25\u00ba, con un 0,55. Por debajo de \u00e9l, encontramos Irlanda con 0,53 (27\u00ba lugar), los EE. UU. con 0,55 (28\u00ba), Italia con 0,49 (29\u00ba), Francia con 0,46 (30\u00ba), Reino Unido con 0,43 (31\u00ba) y B\u00e9lgica con 0:40 (32\u00ba). El \u00faltimo lugar lo ostenta Espa\u00f1a, el 33\u00b0, con un \u00edndice s\u00f3lo de 0,39 y, por tanto, muy alejado ni siquiera de los valores medios. Espa\u00f1a resulta particularmente penalizada por la falta de eficiencia del control epid\u00e9mico por la disminuci\u00f3n de la movilidad, por la tasa de reproducci\u00f3n y por el n\u00famero de muertes por mill\u00f3n de habitantes, es decir, en casi todos los indicadores. Concretamente, es, de acuerdo con las cifras oficiales, el segundo pa\u00eds en muertes por mill\u00f3n, pero en realidad no es as\u00ed porque el estado que lo precede, B\u00e9lgica, contabiliza no s\u00f3lo los muertos verificados por PCR, sino tambi\u00e9n aquellos que el m\u00e9dico considera que presentaban los s\u00edntomas, mientras que Espa\u00f1a los excluye de la contabilidad mortal del coronavirus. En cuanto a la tasa efectiva de reproducci\u00f3n es el tercer peor pa\u00eds por detr\u00e1s de los EE. UU. y el Reino Unido. En eficiencia del control de la pandemia es, con diferencia, el peor pa\u00eds del mundo a distancia de todos los dem\u00e1s. Tiene una valoraci\u00f3n incluso peor que la turca, que es tambi\u00e9n muy baja. La reducci\u00f3n de la tasa de reproducci\u00f3n es el \u00edndice en el que Espa\u00f1a todav\u00eda presenta una situaci\u00f3n comparativa y relacionado con los pa\u00edses de la cola m\u00e1s positiva. Finalmente, tambi\u00e9n es el pa\u00eds que aplic\u00f3 medidas m\u00e1s restrictivas a la movilidad junto con Italia y, por lo tanto, el que seguramente registrar\u00e1 un impacto econ\u00f3mico m\u00e1s negativo. M\u00e1s informaci\u00f3n sobre el coronavirus en ESPECIAL CORONAVIRUS","og_url":"https:\/\/conversesacatalunya.cat\/es\/una-vez-mas-se-confirma-espana-es-el-pais-que-peor-ha-afrontado-la-pandemia\/","og_site_name":"Converses a Catalunya","article_published_time":"2020-07-22T10:00:04+00:00","article_modified_time":"2020-07-22T11:03:12+00:00","og_image":[{"width":696,"height":392,"url":"https:\/\/conversesacatalunya.cat\/wp-content\/uploads\/2020\/07\/espa\u00f1a-coronavirus.jpg","type":"image\/jpeg"}],"author":"conversesacatalunya","twitter_card":"summary_large_image","twitter_misc":{"Escrito por":"conversesacatalunya","Tiempo de lectura":"3 minutos"},"schema":{"@context":"https:\/\/schema.org","@graph":[{"@type":"Article","@id":"https:\/\/conversesacatalunya.cat\/es\/una-vez-mas-se-confirma-espana-es-el-pais-que-peor-ha-afrontado-la-pandemia\/#article","isPartOf":{"@id":"https:\/\/conversesacatalunya.cat\/es\/una-vez-mas-se-confirma-espana-es-el-pais-que-peor-ha-afrontado-la-pandemia\/"},"author":{"name":"conversesacatalunya","@id":"https:\/\/conversesacatalunya.cat\/#\/schema\/person\/7e24d1e54a2785373ddcb275eae5ed99"},"headline":"Una vez m\u00e1s se confirma: Espa\u00f1a es el pa\u00eds que peor ha afrontado la pandemia","datePublished":"2020-07-22T10:00:04+00:00","dateModified":"2020-07-22T11:03:12+00:00","mainEntityOfPage":{"@id":"https:\/\/conversesacatalunya.cat\/es\/una-vez-mas-se-confirma-espana-es-el-pais-que-peor-ha-afrontado-la-pandemia\/"},"wordCount":590,"commentCount":0,"image":{"@id":"https:\/\/conversesacatalunya.cat\/es\/una-vez-mas-se-confirma-espana-es-el-pais-que-peor-ha-afrontado-la-pandemia\/#primaryimage"},"thumbnailUrl":"https:\/\/conversesacatalunya.cat\/wp-content\/uploads\/2020\/07\/espa\u00f1a-coronavirus.jpg","keywords":["coronavirus","medidas coronavirus"],"articleSection":["Especial Coronavirus (ES)","Punts clau del dia (ES)"],"inLanguage":"es","potentialAction":[{"@type":"CommentAction","name":"Comment","target":["https:\/\/conversesacatalunya.cat\/es\/una-vez-mas-se-confirma-espana-es-el-pais-que-peor-ha-afrontado-la-pandemia\/#respond"]}]},{"@type":"WebPage","@id":"https:\/\/conversesacatalunya.cat\/es\/una-vez-mas-se-confirma-espana-es-el-pais-que-peor-ha-afrontado-la-pandemia\/","url":"https:\/\/conversesacatalunya.cat\/es\/una-vez-mas-se-confirma-espana-es-el-pais-que-peor-ha-afrontado-la-pandemia\/","name":"Una vez m\u00e1s se confirma: Espa\u00f1a es el pa\u00eds que peor ha afrontado la pandemia - Converses a Catalunya","isPartOf":{"@id":"https:\/\/conversesacatalunya.cat\/#website"},"primaryImageOfPage":{"@id":"https:\/\/conversesacatalunya.cat\/es\/una-vez-mas-se-confirma-espana-es-el-pais-que-peor-ha-afrontado-la-pandemia\/#primaryimage"},"image":{"@id":"https:\/\/conversesacatalunya.cat\/es\/una-vez-mas-se-confirma-espana-es-el-pais-que-peor-ha-afrontado-la-pandemia\/#primaryimage"},"thumbnailUrl":"https:\/\/conversesacatalunya.cat\/wp-content\/uploads\/2020\/07\/espa\u00f1a-coronavirus.jpg","datePublished":"2020-07-22T10:00:04+00:00","dateModified":"2020-07-22T11:03:12+00:00","author":{"@id":"https:\/\/conversesacatalunya.cat\/#\/schema\/person\/7e24d1e54a2785373ddcb275eae5ed99"},"breadcrumb":{"@id":"https:\/\/conversesacatalunya.cat\/es\/una-vez-mas-se-confirma-espana-es-el-pais-que-peor-ha-afrontado-la-pandemia\/#breadcrumb"},"inLanguage":"es","potentialAction":[{"@type":"ReadAction","target":["https:\/\/conversesacatalunya.cat\/es\/una-vez-mas-se-confirma-espana-es-el-pais-que-peor-ha-afrontado-la-pandemia\/"]}]},{"@type":"ImageObject","inLanguage":"es","@id":"https:\/\/conversesacatalunya.cat\/es\/una-vez-mas-se-confirma-espana-es-el-pais-que-peor-ha-afrontado-la-pandemia\/#primaryimage","url":"https:\/\/conversesacatalunya.cat\/wp-content\/uploads\/2020\/07\/espa\u00f1a-coronavirus.jpg","contentUrl":"https:\/\/conversesacatalunya.cat\/wp-content\/uploads\/2020\/07\/espa\u00f1a-coronavirus.jpg","width":696,"height":392,"caption":"pand\u00e8mia"},{"@type":"BreadcrumbList","@id":"https:\/\/conversesacatalunya.cat\/es\/una-vez-mas-se-confirma-espana-es-el-pais-que-peor-ha-afrontado-la-pandemia\/#breadcrumb","itemListElement":[{"@type":"ListItem","position":1,"name":"Inici","item":"https:\/\/conversesacatalunya.cat\/es\/"},{"@type":"ListItem","position":2,"name":"Una vez m\u00e1s se confirma: Espa\u00f1a es el pa\u00eds que peor ha afrontado la pandemia"}]},{"@type":"WebSite","@id":"https:\/\/conversesacatalunya.cat\/#website","url":"https:\/\/conversesacatalunya.cat\/","name":"Converses a Catalunya","description":"","potentialAction":[{"@type":"SearchAction","target":{"@type":"EntryPoint","urlTemplate":"https:\/\/conversesacatalunya.cat\/?s={search_term_string}"},"query-input":{"@type":"PropertyValueSpecification","valueRequired":true,"valueName":"search_term_string"}}],"inLanguage":"es"},{"@type":"Person","@id":"https:\/\/conversesacatalunya.cat\/#\/schema\/person\/7e24d1e54a2785373ddcb275eae5ed99","name":"conversesacatalunya","image":{"@type":"ImageObject","inLanguage":"es","@id":"https:\/\/conversesacatalunya.cat\/#\/schema\/person\/image\/","url":"https:\/\/conversesacatalunya.cat\/wp-content\/litespeed\/avatar\/febdfeeec89d950f01c748045a981dd2.jpg?ver=1777314535","contentUrl":"https:\/\/conversesacatalunya.cat\/wp-content\/litespeed\/avatar\/febdfeeec89d950f01c748045a981dd2.jpg?ver=1777314535","caption":"conversesacatalunya"},"url":"https:\/\/conversesacatalunya.cat\/es\/author\/carme_catala\/"}]}},"wps_subtitle":"","_links":{"self":[{"href":"https:\/\/conversesacatalunya.cat\/es\/wp-json\/wp\/v2\/posts\/38672","targetHints":{"allow":["GET"]}}],"collection":[{"href":"https:\/\/conversesacatalunya.cat\/es\/wp-json\/wp\/v2\/posts"}],"about":[{"href":"https:\/\/conversesacatalunya.cat\/es\/wp-json\/wp\/v2\/types\/post"}],"author":[{"embeddable":true,"href":"https:\/\/conversesacatalunya.cat\/es\/wp-json\/wp\/v2\/users\/2"}],"replies":[{"embeddable":true,"href":"https:\/\/conversesacatalunya.cat\/es\/wp-json\/wp\/v2\/comments?post=38672"}],"version-history":[{"count":2,"href":"https:\/\/conversesacatalunya.cat\/es\/wp-json\/wp\/v2\/posts\/38672\/revisions"}],"predecessor-version":[{"id":38673,"href":"https:\/\/conversesacatalunya.cat\/es\/wp-json\/wp\/v2\/posts\/38672\/revisions\/38673"}],"wp:featuredmedia":[{"embeddable":true,"href":"https:\/\/conversesacatalunya.cat\/es\/wp-json\/wp\/v2\/media\/38666"}],"wp:attachment":[{"href":"https:\/\/conversesacatalunya.cat\/es\/wp-json\/wp\/v2\/media?parent=38672"}],"wp:term":[{"taxonomy":"category","embeddable":true,"href":"https:\/\/conversesacatalunya.cat\/es\/wp-json\/wp\/v2\/categories?post=38672"},{"taxonomy":"post_tag","embeddable":true,"href":"https:\/\/conversesacatalunya.cat\/es\/wp-json\/wp\/v2\/tags?post=38672"}],"curies":[{"name":"wp","href":"https:\/\/api.w.org\/{rel}","templated":true}]}}