{"id":38662,"date":"2020-07-22T11:45:45","date_gmt":"2020-07-22T09:45:45","guid":{"rendered":"https:\/\/conversesacatalunya.cat\/ada-colau-responsable-gestio-pandemia\/"},"modified":"2020-07-23T10:32:11","modified_gmt":"2020-07-23T08:32:11","slug":"ada-colau-tambien-es-responsable-de-la-catastrofica-gestion-de-la-pandemia","status":"publish","type":"post","link":"https:\/\/conversesacatalunya.cat\/es\/ada-colau-tambien-es-responsable-de-la-catastrofica-gestion-de-la-pandemia\/","title":{"rendered":"Ada Colau tambi\u00e9n es responsable de la catastr\u00f3fica gesti\u00f3n de la pandemia"},"content":{"rendered":"<p>Es una evidencia clamorosa que el gobierno espa\u00f1ol es, como m\u00ednimo, el que peor ha gestionado la pandemia del Covid-19. Es lo que dice el estudio de la<strong> Universidad de Cambridge<\/strong> sobre 33 estados de la OCDE en base a un sistema de cinco indicadores: muertes por mill\u00f3n, ratio efectiva de reproducci\u00f3n, eficiencia en el control epid\u00e9mico, reducci\u00f3n de la ratio de reproducci\u00f3n, y reducci\u00f3n de la movilidad. Establece un \u00edndice de s\u00edntesis en el que <strong>Espa\u00f1a ocupa el \u00faltimo lugar, el 33<\/strong>, a una distancia sideral del primero, Corea del Sur, e incluso de Grecia, en und\u00e9cima posici\u00f3n.<\/p>\n<p>El \u00edndice se expresa en una escala de 0 a 1, siendo esta \u00faltima cifra el m\u00e1ximo posible. Pues bien, <strong>Corea logra un 0,90, Portugal un 0,71 y Espa\u00f1a un fat\u00eddico 0,33<\/strong>. Especialmente mal parado resulta el gobierno de S\u00e1nchez en cuanto al <strong>n\u00famero de muertes, la reducci\u00f3n de la movilidad<\/strong> y sobre todo la <strong>eficiencia<\/strong> en combatir la pandemia, donde figura el \u00faltimo de los \u00faltimos: peor que la Gran Breta\u00f1a, Italia, Francia y los Estados Unidos. \u00bfQui\u00e9n puede discutir estos p\u00e9simos resultados? \u00bfC\u00f3mo se puede permanecer impasible ante tanta reiteraci\u00f3n? \u00bfPor qu\u00e9 despu\u00e9s de la imprevisi\u00f3n inicial y una incomprensible ceguera ante los datos de que se dispon\u00eda, pese a la experiencia acumulada, se puso fin al periodo de estado de alarma de forma precipitada, sin armar ning\u00fan sistema legal y organizativo, incluido el desastroso registro de datos, para pasar con garant\u00edas la responsabilidad a las comunidades aut\u00f3nomas? La ley que deb\u00eda sustituir el estado de alarma que anunci\u00f3 la vicepresidenta Calvo es todav\u00eda una perfecta desconocida.<\/p>\n<p><img fetchpriority=\"high\" decoding=\"async\" class=\"aligncenter size-full wp-image-38695\" src=\"https:\/\/conversesacatalunya.cat\/wp-content\/uploads\/2020\/07\/taula.jpg\" alt=\"\" width=\"567\" height=\"701\" srcset=\"https:\/\/conversesacatalunya.cat\/wp-content\/uploads\/2020\/07\/taula.jpg 567w, https:\/\/conversesacatalunya.cat\/wp-content\/uploads\/2020\/07\/taula-243x300.jpg 243w\" sizes=\"(max-width: 567px) 100vw, 567px\" \/><\/p>\n<p>Apuntaba las razones objetivas de este desastre en el art\u00edculo en <em>La Vanguardia<\/em>\u00a0\u00ab<a href=\"https:\/\/www.lavanguardia.com\/opinion\/20200707\/482172676239\/han-dexplicar-per-que.html\" target=\"_blank\" rel=\"noopener noreferrer\">Deben explicar por qu\u00e9<\/a>\u00ab, en el que concretaba diez grandes errores del gobierno espa\u00f1ol:<\/p>\n<ol>\n<li>Una mortalidad superior al 1%, de las m\u00e1s elevadas del mundo, a pesar de la subvaloraci\u00f3n de las cifras oficiales.<\/li>\n<li>De los primeros en <a href=\"https:\/\/conversesacatalunya.cat\/es\/espana-un-gobierno-que-ignora-cuanta-gente-ha-muerto-en-las-residencias\/\" target=\"_blank\" rel=\"noopener noreferrer\">muertes en residencias<\/a>.<\/li>\n<li>El abandono de las personas mayores: la pr\u00e1ctica del <a href=\"https:\/\/conversesacatalunya.cat\/es\/no-es-pais-para-viejos-el-escandalo-de-las-residencias-asistidas\/\" target=\"_blank\" rel=\"noopener noreferrer\">cribado en el acceso a los hospitales<\/a> y las UCI y el \u00abolvido\u00bb por parte del Mando \u00danico de las <a href=\"https:\/\/conversesacatalunya.cat\/es\/el-escandalo-de-las-2-000-camas-uci-vacias-mientras-los-ancianos-morian\/\" target=\"_blank\" rel=\"noopener noreferrer\">2000 camas de UCI libres<\/a> aportadas por la Alianza de la Sanidad Privada Espa\u00f1ola (ASP).<\/li>\n<li>Tambi\u00e9n primeros en n\u00famero de muertes en proporci\u00f3n a la poblaci\u00f3n.<\/li>\n<li>Y por el n\u00famero de m\u00e9dicos y sanitarios contagiados.<\/li>\n<li>El pa\u00eds -excepto China- con el mayor periodo de restricciones severas y el que mayor impacto econ\u00f3mico negativo est\u00e1 registrando por esta causa.<\/li>\n<li>Adem\u00e1s, limitaci\u00f3n de garant\u00edas constitucionales, menos control legislativo, con un Congreso congelado hasta mediados de abril.<\/li>\n<li>El estado que presenta <a href=\"https:\/\/conversesacatalunya.cat\/es\/el-pib-cae-com-en-la-posguerra\/\" target=\"_blank\" rel=\"noopener noreferrer\">peores perspectivas econ\u00f3micas<\/a> en t\u00e9rminos de ca\u00edda del PIB y aumento del paro.<\/li>\n<li>Una de las econom\u00edas con menos est\u00edmulos gubernamentales destinados a la recuperaci\u00f3n econ\u00f3mica.<\/li>\n<li>El colapso de la funci\u00f3n p\u00fablica, incluida la administraci\u00f3n de justicia.<\/li>\n<\/ol>\n<p>Este marco tan desafortunado para los ciudadanos parec\u00eda dif\u00edcil de empeorar, pero el <strong>gobierno Torra<\/strong> lo ha conseguido, con un departamento de Salud que se parece a la <strong>cabina de los Hermanos Marx<\/strong>, y con una consejera que a\u00fan ahora es imposible de entender lo que formula, incluidas las medidas vacilantes y contradictorias que anuncia, y la metodolog\u00eda y organizaci\u00f3n que describe. Si el gobierno espa\u00f1ol ha herido gravemente la econom\u00eda, <strong>el gobierno de Catalu\u00f1a est\u00e1 rematando a la v\u00edctima<\/strong>, sobre todo en cuanto al comercio, la hosteler\u00eda y el turismo. Ni previsi\u00f3n, ni suficientes detecciones previas, ni detecci\u00f3n r\u00e1pida de los contagios, ni control de territorio mediante microcontenciones. Nada: desorden y caos. Hoy Catalu\u00f1a presenta el peor panorama regional de Europa, y Barcelona es la gran capital en peores condiciones.<\/p>\n<p><strong>Y todo ello castiga duramente Barcelona<\/strong>, \u200b\u200bque cuenta con una alcaldesa que, en vez de gobernar, se refugia en la cr\u00edtica, como un simple opositor. <strong>Es falso que no pueda hacer nada<\/strong>, porque Barcelona, \u200b\u200bpor su Carta Municipal (Ley 22\/1998 de 30 de octubre) y la Ley 1\/2006 de 13 de marzo de R\u00e9gimen Especial, <a href=\"https:\/\/conversesacatalunya.cat\/es\/ada-colau-tiene-competencias-contra-la-pandemia-que-no-utiliza\/\" target=\"_blank\" rel=\"noopener noreferrer\">tiene competencias \u00fanicas y extraordinarias<\/a> en<strong> salud p\u00fablica, movilidad y polic\u00eda<\/strong>, que Colau ni esgrimi\u00f3 ante la Generalitat ni ha aplicado. Se refugia en la pretendida ignorancia del ciudadano y del periodista, present\u00e1ndose como <strong>alcaldesa de Castellvell de la Furriola<\/strong>, en lugar de la l\u00edder que deber\u00eda ser de un gobierno municipal aut\u00f3nomo y presidenta del \u00e1rea metropolitana.<\/p>\n<p>Por el art\u00edculo 88 de la Carta Municipal participa en la gesti\u00f3n, el titular de la cual es la Generalitat, <strong>en materia de polic\u00eda sanitaria y movilidad<\/strong>. Tambi\u00e9n (art.103) le corresponde la adopci\u00f3n de medidas urgentes y requerimientos de las colaboraciones necesarias en los <strong>supuestos de crisis o emergencias que afecten a la salud<\/strong> o la seguridad de los consumidores, el <strong>control sanitario<\/strong> de edificios y lugares de vivienda y convivencia humana, incluidos los campamentos tur\u00edsticos y \u00e1reas de actividades f\u00edsico-deportivas y de recreo, la <strong>informaci\u00f3n sanitaria, la promoci\u00f3n de la salud y la prevenci\u00f3n de la enfermedad.<\/strong><\/p>\n<p>Pero a\u00fan hay m\u00e1s. En relaci\u00f3n con la sanidad, le corresponde la participaci\u00f3n en la <strong>planificaci\u00f3n, gesti\u00f3n y evaluaci\u00f3n de los centros, servicios y establecimientos instalados en la ciudad<\/strong>, dependientes del Servicio Catal\u00e1n de la Salud u organismo que desarrolle las mismas funciones. Para ello dispone del <a href=\"http:\/\/www.csb.cat\/\" target=\"_blank\" rel=\"noopener noreferrer\">Consorcio Sanitario de Barcelona<\/a>, \u200b\u200bconstituido por la Generalitat y el Ayuntamiento, que <strong>dirige y coordina la gesti\u00f3n de los centros, servicios y establecimientos de atenci\u00f3n sanitaria<\/strong>, sociosanitaria y los de promoci\u00f3n y <strong>protecci\u00f3n de la salud<\/strong> de la regi\u00f3n sanitaria del municipio. Y como remate y dependiendo de este consorcio, el Ayuntamiento dispone de la <strong>Agencia de Salud P\u00fablica<\/strong> y Medio Ambiente de Barcelona, \u200b\u200bque ejerce las competencias del art\u00edculo 103 y a la que <strong>corresponde la direcci\u00f3n y gesti\u00f3n de los centros y servicios de salud p\u00fablica<\/strong> en la ciudad de Barcelona. En esta agencia <strong>el Ayuntamiento tiene una mayor\u00eda de las tres quintas partes en los \u00f3rganos de gobierno y es presidida por Ada Colau<\/strong> como alcaldesa.<\/p>\n<p>La gran cuesti\u00f3n, la gran responsabilidad, es <strong>\u00bfqu\u00e9 ha hecho Ada Colau con toda esta capacidad?<\/strong> \u00bfDe qu\u00e9 nos ha servido a los ciudadanos todo este poder? De nada, porque Colau no gobierna; s\u00f3lo hace declaraciones.<\/p>\n<p style=\"text-align: center;\">M\u00e1s informaci\u00f3n sobre el coronavirus en <a href=\"https:\/\/conversesacatalunya.cat\/coronavirus\/\" target=\"_blank\" rel=\"noopener noreferrer\"><strong>ESPECIAL CORONAVIRUS<\/strong><\/a><\/p>\n<div id=\"polls-60\" class=\"wp-polls\">\n\t<form id=\"polls_form_60\" class=\"wp-polls-form\" action=\"\/index.php\" method=\"post\">\n\t\t<p style=\"display: none;\"><input type=\"hidden\" id=\"poll_60_nonce\" name=\"wp-polls-nonce\" value=\"86524ccbc8\" \/><\/p>\n\t\t<p style=\"display: none;\"><input type=\"hidden\" name=\"poll_id\" value=\"60\" \/><\/p>\n\t\t<p style=\"text-align: center\"><strong>Creieu que la Generalitat de Catalunya decretar\u00e0 el confinament total domiciliari?<\/strong><\/p><div id=\"polls-60-ans\" class=\"wp-polls-ans\"><ul class=\"wp-polls-ul\">\n\t\t<li><input type=\"radio\" id=\"poll-answer-126\" name=\"poll_60\" value=\"126\" \/> <label for=\"poll-answer-126\">Si<\/label><\/li>\n\t\t<li><input type=\"radio\" id=\"poll-answer-127\" name=\"poll_60\" value=\"127\" \/> <label for=\"poll-answer-127\">No<\/label><\/li>\n\t\t<\/ul><p style=\"text-align: center\"><input type=\"button\" name=\"vote\" value=\"   Vota   \" class=\"Buttons\" onclick=\"poll_vote(60);\" \/><\/p><p style=\"text-align: center\"><a href=\"#ViewPollResults\" onclick=\"poll_result(60); return false;\" title=\"View Results Of This Poll\">Mira els resultats<\/a><\/p><\/div>\n\t<\/form>\n<\/div>\n<div id=\"polls-60-loading\" class=\"wp-polls-loading\"><img decoding=\"async\" data-src=\"https:\/\/conversesacatalunya.cat\/wp-content\/plugins\/wp-polls\/images\/loading.gif\" width=\"16\" height=\"16\" alt=\"Cargando ...\" title=\"Cargando ...\" class=\"wp-polls-image lazyload\" src=\"data:image\/svg+xml;base64,PHN2ZyB3aWR0aD0iMSIgaGVpZ2h0PSIxIiB4bWxucz0iaHR0cDovL3d3dy53My5vcmcvMjAwMC9zdmciPjwvc3ZnPg==\" style=\"--smush-placeholder-width: 16px; --smush-placeholder-aspect-ratio: 16\/16;\" \/>&nbsp;Cargando ...<\/div>\n\n<p>&nbsp;<\/p>\n","protected":false},"excerpt":{"rendered":"<p>Es una evidencia clamorosa que el gobierno espa\u00f1ol es, como m\u00ednimo, el que peor ha gestionado la pandemia del Covid-19. Es lo que dice el estudio de la Universidad de Cambridge sobre 33 estados de la OCDE en base a un sistema de cinco indicadores: muertes por mill\u00f3n, ratio efectiva de reproducci\u00f3n, eficiencia en el control epid\u00e9mico, reducci\u00f3n de la ratio de reproducci\u00f3n, y reducci\u00f3n de la movilidad. Establece un \u00edndice de s\u00edntesis en el que Espa\u00f1a ocupa el \u00faltimo lugar, el 33, a una distancia sideral del primero, Corea del Sur, e incluso de Grecia, en und\u00e9cima posici\u00f3n. El \u00edndice se expresa en una escala de 0 a 1, siendo esta \u00faltima cifra el m\u00e1ximo posible. Pues bien, Corea logra un 0,90, Portugal un 0,71 y Espa\u00f1a un fat\u00eddico 0,33. Especialmente mal parado resulta el gobierno de S\u00e1nchez en cuanto al n\u00famero de muertes, la reducci\u00f3n de la movilidad y sobre todo la eficiencia en combatir la pandemia, donde figura el \u00faltimo de los \u00faltimos: peor que la Gran Breta\u00f1a, Italia, Francia y los Estados Unidos. \u00bfQui\u00e9n puede discutir estos p\u00e9simos resultados? \u00bfC\u00f3mo se puede permanecer impasible ante tanta reiteraci\u00f3n? \u00bfPor qu\u00e9 despu\u00e9s de la imprevisi\u00f3n inicial y una incomprensible ceguera ante los datos de que se dispon\u00eda, pese a la experiencia acumulada, se puso fin al periodo de estado de alarma de forma precipitada, sin armar ning\u00fan sistema legal y organizativo, incluido el desastroso registro de datos, para pasar con garant\u00edas la responsabilidad a las comunidades aut\u00f3nomas? La ley que deb\u00eda sustituir el estado de alarma que anunci\u00f3 la vicepresidenta Calvo es todav\u00eda una perfecta desconocida. Apuntaba las razones objetivas de este desastre en el art\u00edculo en La Vanguardia\u00a0\u00abDeben explicar por qu\u00e9\u00ab, en el que concretaba diez grandes errores del gobierno espa\u00f1ol: Una mortalidad superior al 1%, de las m\u00e1s elevadas del mundo, a pesar de la subvaloraci\u00f3n de las cifras oficiales. De los primeros en muertes en residencias. El abandono de las personas mayores: la pr\u00e1ctica del cribado en el acceso a los hospitales y las UCI y el \u00abolvido\u00bb por parte del Mando \u00danico de las 2000 camas de UCI libres aportadas por la Alianza de la Sanidad Privada Espa\u00f1ola (ASP). Tambi\u00e9n primeros en n\u00famero de muertes en proporci\u00f3n a la poblaci\u00f3n. Y por el n\u00famero de m\u00e9dicos y sanitarios contagiados. El pa\u00eds -excepto China- con el mayor periodo de restricciones severas y el que mayor impacto econ\u00f3mico negativo est\u00e1 registrando por esta causa. Adem\u00e1s, limitaci\u00f3n de garant\u00edas constitucionales, menos control legislativo, con un Congreso congelado hasta mediados de abril. El estado que presenta peores perspectivas econ\u00f3micas en t\u00e9rminos de ca\u00edda del PIB y aumento del paro. Una de las econom\u00edas con menos est\u00edmulos gubernamentales destinados a la recuperaci\u00f3n econ\u00f3mica. El colapso de la funci\u00f3n p\u00fablica, incluida la administraci\u00f3n de justicia. Este marco tan desafortunado para los ciudadanos parec\u00eda dif\u00edcil de empeorar, pero el gobierno Torra lo ha conseguido, con un departamento de Salud que se parece a la cabina de los Hermanos Marx, y con una consejera que a\u00fan ahora es imposible de entender lo que formula, incluidas las medidas vacilantes y contradictorias que anuncia, y la metodolog\u00eda y organizaci\u00f3n que describe. Si el gobierno espa\u00f1ol ha herido gravemente la econom\u00eda, el gobierno de Catalu\u00f1a est\u00e1 rematando a la v\u00edctima, sobre todo en cuanto al comercio, la hosteler\u00eda y el turismo. Ni previsi\u00f3n, ni suficientes detecciones previas, ni detecci\u00f3n r\u00e1pida de los contagios, ni control de territorio mediante microcontenciones. Nada: desorden y caos. Hoy Catalu\u00f1a presenta el peor panorama regional de Europa, y Barcelona es la gran capital en peores condiciones. Y todo ello castiga duramente Barcelona, \u200b\u200bque cuenta con una alcaldesa que, en vez de gobernar, se refugia en la cr\u00edtica, como un simple opositor. Es falso que no pueda hacer nada, porque Barcelona, \u200b\u200bpor su Carta Municipal (Ley 22\/1998 de 30 de octubre) y la Ley 1\/2006 de 13 de marzo de R\u00e9gimen Especial, tiene competencias \u00fanicas y extraordinarias en salud p\u00fablica, movilidad y polic\u00eda, que Colau ni esgrimi\u00f3 ante la Generalitat ni ha aplicado. Se refugia en la pretendida ignorancia del ciudadano y del periodista, present\u00e1ndose como alcaldesa de Castellvell de la Furriola, en lugar de la l\u00edder que deber\u00eda ser de un gobierno municipal aut\u00f3nomo y presidenta del \u00e1rea metropolitana. Por el art\u00edculo 88 de la Carta Municipal participa en la gesti\u00f3n, el titular de la cual es la Generalitat, en materia de polic\u00eda sanitaria y movilidad. Tambi\u00e9n (art.103) le corresponde la adopci\u00f3n de medidas urgentes y requerimientos de las colaboraciones necesarias en los supuestos de crisis o emergencias que afecten a la salud o la seguridad de los consumidores, el control sanitario de edificios y lugares de vivienda y convivencia humana, incluidos los campamentos tur\u00edsticos y \u00e1reas de actividades f\u00edsico-deportivas y de recreo, la informaci\u00f3n sanitaria, la promoci\u00f3n de la salud y la prevenci\u00f3n de la enfermedad. Pero a\u00fan hay m\u00e1s. En relaci\u00f3n con la sanidad, le corresponde la participaci\u00f3n en la planificaci\u00f3n, gesti\u00f3n y evaluaci\u00f3n de los centros, servicios y establecimientos instalados en la ciudad, dependientes del Servicio Catal\u00e1n de la Salud u organismo que desarrolle las mismas funciones. Para ello dispone del Consorcio Sanitario de Barcelona, \u200b\u200bconstituido por la Generalitat y el Ayuntamiento, que dirige y coordina la gesti\u00f3n de los centros, servicios y establecimientos de atenci\u00f3n sanitaria, sociosanitaria y los de promoci\u00f3n y protecci\u00f3n de la salud de la regi\u00f3n sanitaria del municipio. Y como remate y dependiendo de este consorcio, el Ayuntamiento dispone de la Agencia de Salud P\u00fablica y Medio Ambiente de Barcelona, \u200b\u200bque ejerce las competencias del art\u00edculo 103 y a la que corresponde la direcci\u00f3n y gesti\u00f3n de los centros y servicios de salud p\u00fablica en la ciudad de Barcelona. En esta agencia el Ayuntamiento tiene una mayor\u00eda de las tres quintas partes en los \u00f3rganos de gobierno y es presidida por Ada Colau como alcaldesa. La gran cuesti\u00f3n, la gran responsabilidad, es \u00bfqu\u00e9 ha hecho Ada Colau con toda esta capacidad? \u00bfDe qu\u00e9 nos ha servido a los ciudadanos todo este&#8230;<\/p>\n","protected":false},"author":19,"featured_media":38655,"comment_status":"open","ping_status":"open","sticky":false,"template":"","format":"standard","meta":{"_FSMCFIC_featured_image_caption":"","_FSMCFIC_featured_image_nocaption":"","_FSMCFIC_featured_image_hide":"","footnotes":""},"categories":[796,1772,3787],"tags":[1504,2049,2067],"class_list":["post-38662","post","type-post","status-publish","format-standard","has-post-thumbnail","hentry","category-el-blog-de-josep-miro-i-ardevol-es","category-especial-coronavirus-es","category-expedient-barcelona-es","tag-coronavirus-es","tag-medidas-coronavirus","tag-mesures-coronavirus-es"],"yoast_head":"<!-- This site is optimized with the Yoast SEO plugin v26.8 - https:\/\/yoast.com\/product\/yoast-seo-wordpress\/ -->\n<title>Ada Colau tambi\u00e9n es responsable de la catastr\u00f3fica gesti\u00f3n de la pandemia - Converses a Catalunya<\/title>\n<meta name=\"description\" content=\"Es una evidencia clamorosa que el gobierno espa\u00f1ol es, como m\u00ednimo, el que peor ha gestionado la pandemia del Covid-19, seg\u00fan un estudio de Cambridge\" \/>\n<meta name=\"robots\" content=\"index, follow, max-snippet:-1, max-image-preview:large, max-video-preview:-1\" \/>\n<link rel=\"canonical\" href=\"https:\/\/conversesacatalunya.cat\/es\/ada-colau-tambien-es-responsable-de-la-catastrofica-gestion-de-la-pandemia\/\" \/>\n<meta property=\"og:locale\" content=\"es_ES\" \/>\n<meta property=\"og:type\" content=\"article\" \/>\n<meta property=\"og:title\" content=\"Ada Colau tambi\u00e9n es responsable de la catastr\u00f3fica gesti\u00f3n de la pandemia - Converses a Catalunya\" \/>\n<meta property=\"og:description\" content=\"Es una evidencia clamorosa que el gobierno espa\u00f1ol es, como m\u00ednimo, el que peor ha gestionado la pandemia del Covid-19, seg\u00fan un estudio de Cambridge\" \/>\n<meta property=\"og:url\" content=\"https:\/\/conversesacatalunya.cat\/es\/ada-colau-tambien-es-responsable-de-la-catastrofica-gestion-de-la-pandemia\/\" \/>\n<meta property=\"og:site_name\" content=\"Converses a Catalunya\" \/>\n<meta property=\"article:published_time\" content=\"2020-07-22T09:45:45+00:00\" \/>\n<meta property=\"article:modified_time\" content=\"2020-07-23T08:32:11+00:00\" \/>\n<meta property=\"og:image\" content=\"https:\/\/conversesacatalunya.cat\/wp-content\/uploads\/2020\/07\/ada-colau-coronavirus.jpeg\" \/>\n\t<meta property=\"og:image:width\" content=\"1200\" \/>\n\t<meta property=\"og:image:height\" content=\"634\" \/>\n\t<meta property=\"og:image:type\" content=\"image\/jpeg\" \/>\n<meta name=\"author\" content=\"Josep Mir\u00f3 i Ard\u00e8vol\" \/>\n<meta name=\"twitter:card\" content=\"summary_large_image\" \/>\n<meta name=\"twitter:label1\" content=\"Escrito por\" \/>\n\t<meta name=\"twitter:data1\" content=\"Josep Mir\u00f3 i Ard\u00e8vol\" \/>\n\t<meta name=\"twitter:label2\" content=\"Tiempo de lectura\" \/>\n\t<meta name=\"twitter:data2\" content=\"6 minutos\" \/>\n<script type=\"application\/ld+json\" class=\"yoast-schema-graph\">{\"@context\":\"https:\/\/schema.org\",\"@graph\":[{\"@type\":\"Article\",\"@id\":\"https:\/\/conversesacatalunya.cat\/es\/ada-colau-tambien-es-responsable-de-la-catastrofica-gestion-de-la-pandemia\/#article\",\"isPartOf\":{\"@id\":\"https:\/\/conversesacatalunya.cat\/es\/ada-colau-tambien-es-responsable-de-la-catastrofica-gestion-de-la-pandemia\/\"},\"author\":{\"name\":\"Josep Mir\u00f3 i Ard\u00e8vol\",\"@id\":\"https:\/\/conversesacatalunya.cat\/#\/schema\/person\/a9598a6786ba7d3d1c5e0de477b79370\"},\"headline\":\"Ada Colau tambi\u00e9n es responsable de la catastr\u00f3fica gesti\u00f3n de la pandemia\",\"datePublished\":\"2020-07-22T09:45:45+00:00\",\"dateModified\":\"2020-07-23T08:32:11+00:00\",\"mainEntityOfPage\":{\"@id\":\"https:\/\/conversesacatalunya.cat\/es\/ada-colau-tambien-es-responsable-de-la-catastrofica-gestion-de-la-pandemia\/\"},\"wordCount\":1134,\"commentCount\":0,\"image\":{\"@id\":\"https:\/\/conversesacatalunya.cat\/es\/ada-colau-tambien-es-responsable-de-la-catastrofica-gestion-de-la-pandemia\/#primaryimage\"},\"thumbnailUrl\":\"https:\/\/conversesacatalunya.cat\/wp-content\/uploads\/2020\/07\/ada-colau-coronavirus.jpeg\",\"keywords\":[\"coronavirus\",\"medidas coronavirus\",\"mesures coronavirus\"],\"articleSection\":[\"El Blog de Josep Mir\u00f3 i Ard\u00e8vol (ES)\",\"Especial Coronavirus (ES)\",\"Expedient Barcelona (ES)\"],\"inLanguage\":\"es\",\"potentialAction\":[{\"@type\":\"CommentAction\",\"name\":\"Comment\",\"target\":[\"https:\/\/conversesacatalunya.cat\/es\/ada-colau-tambien-es-responsable-de-la-catastrofica-gestion-de-la-pandemia\/#respond\"]}]},{\"@type\":\"WebPage\",\"@id\":\"https:\/\/conversesacatalunya.cat\/es\/ada-colau-tambien-es-responsable-de-la-catastrofica-gestion-de-la-pandemia\/\",\"url\":\"https:\/\/conversesacatalunya.cat\/es\/ada-colau-tambien-es-responsable-de-la-catastrofica-gestion-de-la-pandemia\/\",\"name\":\"Ada Colau tambi\u00e9n es responsable de la catastr\u00f3fica gesti\u00f3n de la pandemia - Converses a Catalunya\",\"isPartOf\":{\"@id\":\"https:\/\/conversesacatalunya.cat\/#website\"},\"primaryImageOfPage\":{\"@id\":\"https:\/\/conversesacatalunya.cat\/es\/ada-colau-tambien-es-responsable-de-la-catastrofica-gestion-de-la-pandemia\/#primaryimage\"},\"image\":{\"@id\":\"https:\/\/conversesacatalunya.cat\/es\/ada-colau-tambien-es-responsable-de-la-catastrofica-gestion-de-la-pandemia\/#primaryimage\"},\"thumbnailUrl\":\"https:\/\/conversesacatalunya.cat\/wp-content\/uploads\/2020\/07\/ada-colau-coronavirus.jpeg\",\"datePublished\":\"2020-07-22T09:45:45+00:00\",\"dateModified\":\"2020-07-23T08:32:11+00:00\",\"author\":{\"@id\":\"https:\/\/conversesacatalunya.cat\/#\/schema\/person\/a9598a6786ba7d3d1c5e0de477b79370\"},\"description\":\"Es una evidencia clamorosa que el gobierno espa\u00f1ol es, como m\u00ednimo, el que peor ha gestionado la pandemia del Covid-19, seg\u00fan un estudio de Cambridge\",\"breadcrumb\":{\"@id\":\"https:\/\/conversesacatalunya.cat\/es\/ada-colau-tambien-es-responsable-de-la-catastrofica-gestion-de-la-pandemia\/#breadcrumb\"},\"inLanguage\":\"es\",\"potentialAction\":[{\"@type\":\"ReadAction\",\"target\":[\"https:\/\/conversesacatalunya.cat\/es\/ada-colau-tambien-es-responsable-de-la-catastrofica-gestion-de-la-pandemia\/\"]}]},{\"@type\":\"ImageObject\",\"inLanguage\":\"es\",\"@id\":\"https:\/\/conversesacatalunya.cat\/es\/ada-colau-tambien-es-responsable-de-la-catastrofica-gestion-de-la-pandemia\/#primaryimage\",\"url\":\"https:\/\/conversesacatalunya.cat\/wp-content\/uploads\/2020\/07\/ada-colau-coronavirus.jpeg\",\"contentUrl\":\"https:\/\/conversesacatalunya.cat\/wp-content\/uploads\/2020\/07\/ada-colau-coronavirus.jpeg\",\"width\":1200,\"height\":634,\"caption\":\"gesti\u00f3 de la pand\u00e8mia\"},{\"@type\":\"BreadcrumbList\",\"@id\":\"https:\/\/conversesacatalunya.cat\/es\/ada-colau-tambien-es-responsable-de-la-catastrofica-gestion-de-la-pandemia\/#breadcrumb\",\"itemListElement\":[{\"@type\":\"ListItem\",\"position\":1,\"name\":\"Inici\",\"item\":\"https:\/\/conversesacatalunya.cat\/es\/\"},{\"@type\":\"ListItem\",\"position\":2,\"name\":\"Ada Colau tambi\u00e9n es responsable de la catastr\u00f3fica gesti\u00f3n de la pandemia\"}]},{\"@type\":\"WebSite\",\"@id\":\"https:\/\/conversesacatalunya.cat\/#website\",\"url\":\"https:\/\/conversesacatalunya.cat\/\",\"name\":\"Converses a Catalunya\",\"description\":\"\",\"potentialAction\":[{\"@type\":\"SearchAction\",\"target\":{\"@type\":\"EntryPoint\",\"urlTemplate\":\"https:\/\/conversesacatalunya.cat\/?s={search_term_string}\"},\"query-input\":{\"@type\":\"PropertyValueSpecification\",\"valueRequired\":true,\"valueName\":\"search_term_string\"}}],\"inLanguage\":\"es\"},{\"@type\":\"Person\",\"@id\":\"https:\/\/conversesacatalunya.cat\/#\/schema\/person\/a9598a6786ba7d3d1c5e0de477b79370\",\"name\":\"Josep Mir\u00f3 i Ard\u00e8vol\",\"image\":{\"@type\":\"ImageObject\",\"inLanguage\":\"es\",\"@id\":\"https:\/\/conversesacatalunya.cat\/#\/schema\/person\/image\/\",\"url\":\"https:\/\/conversesacatalunya.cat\/wp-content\/litespeed\/avatar\/c37e3dc881857483d6694cdf98fdedea.jpg?ver=1777270381\",\"contentUrl\":\"https:\/\/conversesacatalunya.cat\/wp-content\/litespeed\/avatar\/c37e3dc881857483d6694cdf98fdedea.jpg?ver=1777270381\",\"caption\":\"Josep Mir\u00f3 i Ard\u00e8vol\"},\"url\":\"https:\/\/conversesacatalunya.cat\/es\/author\/josep-miro-i-ardevol\/\"}]}<\/script>\n<!-- \/ Yoast SEO plugin. -->","yoast_head_json":{"title":"Ada Colau tambi\u00e9n es responsable de la catastr\u00f3fica gesti\u00f3n de la pandemia - Converses a Catalunya","description":"Es una evidencia clamorosa que el gobierno espa\u00f1ol es, como m\u00ednimo, el que peor ha gestionado la pandemia del Covid-19, seg\u00fan un estudio de Cambridge","robots":{"index":"index","follow":"follow","max-snippet":"max-snippet:-1","max-image-preview":"max-image-preview:large","max-video-preview":"max-video-preview:-1"},"canonical":"https:\/\/conversesacatalunya.cat\/es\/ada-colau-tambien-es-responsable-de-la-catastrofica-gestion-de-la-pandemia\/","og_locale":"es_ES","og_type":"article","og_title":"Ada Colau tambi\u00e9n es responsable de la catastr\u00f3fica gesti\u00f3n de la pandemia - Converses a Catalunya","og_description":"Es una evidencia clamorosa que el gobierno espa\u00f1ol es, como m\u00ednimo, el que peor ha gestionado la pandemia del Covid-19, seg\u00fan un estudio de Cambridge","og_url":"https:\/\/conversesacatalunya.cat\/es\/ada-colau-tambien-es-responsable-de-la-catastrofica-gestion-de-la-pandemia\/","og_site_name":"Converses a Catalunya","article_published_time":"2020-07-22T09:45:45+00:00","article_modified_time":"2020-07-23T08:32:11+00:00","og_image":[{"width":1200,"height":634,"url":"https:\/\/conversesacatalunya.cat\/wp-content\/uploads\/2020\/07\/ada-colau-coronavirus.jpeg","type":"image\/jpeg"}],"author":"Josep Mir\u00f3 i Ard\u00e8vol","twitter_card":"summary_large_image","twitter_misc":{"Escrito por":"Josep Mir\u00f3 i Ard\u00e8vol","Tiempo de lectura":"6 minutos"},"schema":{"@context":"https:\/\/schema.org","@graph":[{"@type":"Article","@id":"https:\/\/conversesacatalunya.cat\/es\/ada-colau-tambien-es-responsable-de-la-catastrofica-gestion-de-la-pandemia\/#article","isPartOf":{"@id":"https:\/\/conversesacatalunya.cat\/es\/ada-colau-tambien-es-responsable-de-la-catastrofica-gestion-de-la-pandemia\/"},"author":{"name":"Josep Mir\u00f3 i Ard\u00e8vol","@id":"https:\/\/conversesacatalunya.cat\/#\/schema\/person\/a9598a6786ba7d3d1c5e0de477b79370"},"headline":"Ada Colau tambi\u00e9n es responsable de la catastr\u00f3fica gesti\u00f3n de la pandemia","datePublished":"2020-07-22T09:45:45+00:00","dateModified":"2020-07-23T08:32:11+00:00","mainEntityOfPage":{"@id":"https:\/\/conversesacatalunya.cat\/es\/ada-colau-tambien-es-responsable-de-la-catastrofica-gestion-de-la-pandemia\/"},"wordCount":1134,"commentCount":0,"image":{"@id":"https:\/\/conversesacatalunya.cat\/es\/ada-colau-tambien-es-responsable-de-la-catastrofica-gestion-de-la-pandemia\/#primaryimage"},"thumbnailUrl":"https:\/\/conversesacatalunya.cat\/wp-content\/uploads\/2020\/07\/ada-colau-coronavirus.jpeg","keywords":["coronavirus","medidas coronavirus","mesures coronavirus"],"articleSection":["El Blog de Josep Mir\u00f3 i Ard\u00e8vol (ES)","Especial Coronavirus (ES)","Expedient Barcelona (ES)"],"inLanguage":"es","potentialAction":[{"@type":"CommentAction","name":"Comment","target":["https:\/\/conversesacatalunya.cat\/es\/ada-colau-tambien-es-responsable-de-la-catastrofica-gestion-de-la-pandemia\/#respond"]}]},{"@type":"WebPage","@id":"https:\/\/conversesacatalunya.cat\/es\/ada-colau-tambien-es-responsable-de-la-catastrofica-gestion-de-la-pandemia\/","url":"https:\/\/conversesacatalunya.cat\/es\/ada-colau-tambien-es-responsable-de-la-catastrofica-gestion-de-la-pandemia\/","name":"Ada Colau tambi\u00e9n es responsable de la catastr\u00f3fica gesti\u00f3n de la pandemia - Converses a Catalunya","isPartOf":{"@id":"https:\/\/conversesacatalunya.cat\/#website"},"primaryImageOfPage":{"@id":"https:\/\/conversesacatalunya.cat\/es\/ada-colau-tambien-es-responsable-de-la-catastrofica-gestion-de-la-pandemia\/#primaryimage"},"image":{"@id":"https:\/\/conversesacatalunya.cat\/es\/ada-colau-tambien-es-responsable-de-la-catastrofica-gestion-de-la-pandemia\/#primaryimage"},"thumbnailUrl":"https:\/\/conversesacatalunya.cat\/wp-content\/uploads\/2020\/07\/ada-colau-coronavirus.jpeg","datePublished":"2020-07-22T09:45:45+00:00","dateModified":"2020-07-23T08:32:11+00:00","author":{"@id":"https:\/\/conversesacatalunya.cat\/#\/schema\/person\/a9598a6786ba7d3d1c5e0de477b79370"},"description":"Es una evidencia clamorosa que el gobierno espa\u00f1ol es, como m\u00ednimo, el que peor ha gestionado la pandemia del Covid-19, seg\u00fan un estudio de Cambridge","breadcrumb":{"@id":"https:\/\/conversesacatalunya.cat\/es\/ada-colau-tambien-es-responsable-de-la-catastrofica-gestion-de-la-pandemia\/#breadcrumb"},"inLanguage":"es","potentialAction":[{"@type":"ReadAction","target":["https:\/\/conversesacatalunya.cat\/es\/ada-colau-tambien-es-responsable-de-la-catastrofica-gestion-de-la-pandemia\/"]}]},{"@type":"ImageObject","inLanguage":"es","@id":"https:\/\/conversesacatalunya.cat\/es\/ada-colau-tambien-es-responsable-de-la-catastrofica-gestion-de-la-pandemia\/#primaryimage","url":"https:\/\/conversesacatalunya.cat\/wp-content\/uploads\/2020\/07\/ada-colau-coronavirus.jpeg","contentUrl":"https:\/\/conversesacatalunya.cat\/wp-content\/uploads\/2020\/07\/ada-colau-coronavirus.jpeg","width":1200,"height":634,"caption":"gesti\u00f3 de la pand\u00e8mia"},{"@type":"BreadcrumbList","@id":"https:\/\/conversesacatalunya.cat\/es\/ada-colau-tambien-es-responsable-de-la-catastrofica-gestion-de-la-pandemia\/#breadcrumb","itemListElement":[{"@type":"ListItem","position":1,"name":"Inici","item":"https:\/\/conversesacatalunya.cat\/es\/"},{"@type":"ListItem","position":2,"name":"Ada Colau tambi\u00e9n es responsable de la catastr\u00f3fica gesti\u00f3n de la pandemia"}]},{"@type":"WebSite","@id":"https:\/\/conversesacatalunya.cat\/#website","url":"https:\/\/conversesacatalunya.cat\/","name":"Converses a Catalunya","description":"","potentialAction":[{"@type":"SearchAction","target":{"@type":"EntryPoint","urlTemplate":"https:\/\/conversesacatalunya.cat\/?s={search_term_string}"},"query-input":{"@type":"PropertyValueSpecification","valueRequired":true,"valueName":"search_term_string"}}],"inLanguage":"es"},{"@type":"Person","@id":"https:\/\/conversesacatalunya.cat\/#\/schema\/person\/a9598a6786ba7d3d1c5e0de477b79370","name":"Josep Mir\u00f3 i Ard\u00e8vol","image":{"@type":"ImageObject","inLanguage":"es","@id":"https:\/\/conversesacatalunya.cat\/#\/schema\/person\/image\/","url":"https:\/\/conversesacatalunya.cat\/wp-content\/litespeed\/avatar\/c37e3dc881857483d6694cdf98fdedea.jpg?ver=1777270381","contentUrl":"https:\/\/conversesacatalunya.cat\/wp-content\/litespeed\/avatar\/c37e3dc881857483d6694cdf98fdedea.jpg?ver=1777270381","caption":"Josep Mir\u00f3 i Ard\u00e8vol"},"url":"https:\/\/conversesacatalunya.cat\/es\/author\/josep-miro-i-ardevol\/"}]}},"wps_subtitle":"","_links":{"self":[{"href":"https:\/\/conversesacatalunya.cat\/es\/wp-json\/wp\/v2\/posts\/38662","targetHints":{"allow":["GET"]}}],"collection":[{"href":"https:\/\/conversesacatalunya.cat\/es\/wp-json\/wp\/v2\/posts"}],"about":[{"href":"https:\/\/conversesacatalunya.cat\/es\/wp-json\/wp\/v2\/types\/post"}],"author":[{"embeddable":true,"href":"https:\/\/conversesacatalunya.cat\/es\/wp-json\/wp\/v2\/users\/19"}],"replies":[{"embeddable":true,"href":"https:\/\/conversesacatalunya.cat\/es\/wp-json\/wp\/v2\/comments?post=38662"}],"version-history":[{"count":4,"href":"https:\/\/conversesacatalunya.cat\/es\/wp-json\/wp\/v2\/posts\/38662\/revisions"}],"predecessor-version":[{"id":38698,"href":"https:\/\/conversesacatalunya.cat\/es\/wp-json\/wp\/v2\/posts\/38662\/revisions\/38698"}],"wp:featuredmedia":[{"embeddable":true,"href":"https:\/\/conversesacatalunya.cat\/es\/wp-json\/wp\/v2\/media\/38655"}],"wp:attachment":[{"href":"https:\/\/conversesacatalunya.cat\/es\/wp-json\/wp\/v2\/media?parent=38662"}],"wp:term":[{"taxonomy":"category","embeddable":true,"href":"https:\/\/conversesacatalunya.cat\/es\/wp-json\/wp\/v2\/categories?post=38662"},{"taxonomy":"post_tag","embeddable":true,"href":"https:\/\/conversesacatalunya.cat\/es\/wp-json\/wp\/v2\/tags?post=38662"}],"curies":[{"name":"wp","href":"https:\/\/api.w.org\/{rel}","templated":true}]}}