{"id":38647,"date":"2020-07-22T06:00:01","date_gmt":"2020-07-22T04:00:01","guid":{"rendered":"https:\/\/conversesacatalunya.cat\/les-aerolinies-preparen-fortes-retallades\/"},"modified":"2020-07-22T11:10:53","modified_gmt":"2020-07-22T09:10:53","slug":"las-aerolineas-preparan-fuertes-recortes","status":"publish","type":"post","link":"https:\/\/conversesacatalunya.cat\/es\/las-aerolineas-preparan-fuertes-recortes\/","title":{"rendered":"Las aerol\u00edneas preparan fuertes recortes"},"content":{"rendered":"<p>A pesar de que las aerol\u00edneas lentamente van consiguiendo aumentar el tr\u00e1fico a\u00e9reo, la situaci\u00f3n sigue siendo cr\u00edtica. Con la<strong> gran incertidumbre econ\u00f3mica y los continuos rebrotes del coronavirus<\/strong> las compa\u00f1\u00edas se preparan para una serie de fuertes recortes.\u00a0 La \u00faltima en poner cifras ha sido American Airlines, que ha anunciado a 25.000 trabajadores que sus puestos est\u00e1n en riesgo debido a que la ayuda federal expire el pr\u00f3ximo 1 de octubre y la demanda de viajes vuelve a caer en medio de los brotes, seg\u00fan apunta el diario &#8216;The Wall Street Journal&#8217;. Se trata de un n\u00famero muy parecido al que anunci\u00f3 Air Canada en mayo cuando lanz\u00f3 un plan que contempla el despido de un m\u00ednimo de 19.000 trabajadores y de hasta 22.800.<\/p>\n<p>Grandes cifras que ya vaticin\u00f3 la Asociaci\u00f3n Internacional de Transporte A\u00e9reo (IATA). El organismo calcula una ca\u00edda de los ingresos de 286.551 millones de euros en 2020, un 55% menos que en 2019, lo que pone en riesgo 25 millones de empleos en todo el mundo. Adem\u00e1s, los datos podr\u00edan ser peores teniendo en cuenta que los rebrotes est\u00e1n tumbando la demanda a\u00e9rea, seg\u00fan expertos consultados.<\/p>\n<p>En el caso de Espa\u00f1a, IATA calcula que la ca\u00edda de los beneficios han sido de 14.300 millones la ca\u00edda de ingresos como consecuencia de la p\u00e9rdida de casi 114 millones de pasajeros, un 41,4% menos que hace un a\u00f1o. En este sentido, <strong>las aerol\u00edneas espa\u00f1olas se reunen con el Gobierno para abordar el rescate p\u00fablico<\/strong> por primera vez oficialmente hoy en el ministerio de Transportes.<\/p>\n<p>Algunos de los m\u00e1ximos responsables de cada una de las aerol\u00edneas espa\u00f1olas acudir\u00e1 en representaci\u00f3n propia, mientras otras han cedido su participaci\u00f3n a trav\u00e9s de asociaciones como AECA, de acuerdo a una cita dedicada a abordar los detalles del fondo de rescate p\u00fablico de 10.000 millones para que las empresas consideradas estrat\u00e9gicas no quiebren.<\/p>\n<p>Estas empresas que se acojan al rescate no pueden haber sido condenada por malversaci\u00f3n de caudales p\u00fablicos, seg\u00fan revel\u00f3 este martes el Gobierno al entrar en detalles de la operativa del citado instrumento que va a depender de la SEPI, la Sociedad Estatal de Participaciones Industriales. Las aerol\u00edneas podr\u00e1n solicitar desde 25 millones de euros, y el importe m\u00e1ximo depender\u00e1 de las necesidades financieras de cada una para ser viable, aunque en ning\u00fan caso podr\u00e1 mejorar la cantidad solicitada el patrimonio neto de la compa\u00f1\u00eda del 2019.<\/p>\n<span class='bctt-click-to-tweet'><span class='bctt-ctt-text'><a href='https:\/\/twitter.com\/intent\/tweet?url=https%3A%2F%2Fconversesacatalunya.cat%2Fes%2Flas-aerolineas-preparan-fuertes-recortes%2F&#038;text=Con%20la%20gran%20incertidumbre%20econ%C3%B3mica%20y%20los%20continuos%20rebrotes%20del%20coronavirus%20las%20compa%C3%B1%C3%ADas%20se%20preparan%20para%20una%20serie%20de%20fuertes%20recortes&#038;via=conversesacat&#038;related=conversesacat' target='_blank'rel=\"noopener noreferrer\">Con la gran incertidumbre econ\u00f3mica y los continuos rebrotes del coronavirus las compa\u00f1\u00edas se preparan para una serie de fuertes recortes <\/a><\/span><a href='https:\/\/twitter.com\/intent\/tweet?url=https%3A%2F%2Fconversesacatalunya.cat%2Fes%2Flas-aerolineas-preparan-fuertes-recortes%2F&#038;text=Con%20la%20gran%20incertidumbre%20econ%C3%B3mica%20y%20los%20continuos%20rebrotes%20del%20coronavirus%20las%20compa%C3%B1%C3%ADas%20se%20preparan%20para%20una%20serie%20de%20fuertes%20recortes&#038;via=conversesacat&#038;related=conversesacat' target='_blank' class='bctt-ctt-btn'rel=\"noopener noreferrer\">Compartir en X<\/a><\/span>\n<div id=\"polls-60\" class=\"wp-polls\">\n\t<form id=\"polls_form_60\" class=\"wp-polls-form\" action=\"\/index.php\" method=\"post\">\n\t\t<p style=\"display: none;\"><input type=\"hidden\" id=\"poll_60_nonce\" name=\"wp-polls-nonce\" value=\"fbbdc395f2\" \/><\/p>\n\t\t<p style=\"display: none;\"><input type=\"hidden\" name=\"poll_id\" value=\"60\" \/><\/p>\n\t\t<p style=\"text-align: center\"><strong>Creieu que la Generalitat de Catalunya decretar\u00e0 el confinament total domiciliari?<\/strong><\/p><div id=\"polls-60-ans\" class=\"wp-polls-ans\"><ul class=\"wp-polls-ul\">\n\t\t<li><input type=\"radio\" id=\"poll-answer-126\" name=\"poll_60\" value=\"126\" \/> <label for=\"poll-answer-126\">Si<\/label><\/li>\n\t\t<li><input type=\"radio\" id=\"poll-answer-127\" name=\"poll_60\" value=\"127\" \/> <label for=\"poll-answer-127\">No<\/label><\/li>\n\t\t<\/ul><p style=\"text-align: center\"><input type=\"button\" name=\"vote\" value=\"   Vota   \" class=\"Buttons\" onclick=\"poll_vote(60);\" \/><\/p><p style=\"text-align: center\"><a href=\"#ViewPollResults\" onclick=\"poll_result(60); return false;\" title=\"View Results Of This Poll\">Mira els resultats<\/a><\/p><\/div>\n\t<\/form>\n<\/div>\n<div id=\"polls-60-loading\" class=\"wp-polls-loading\"><img decoding=\"async\" data-src=\"https:\/\/conversesacatalunya.cat\/wp-content\/plugins\/wp-polls\/images\/loading.gif\" width=\"16\" height=\"16\" alt=\"Cargando ...\" title=\"Cargando ...\" class=\"wp-polls-image lazyload\" src=\"data:image\/svg+xml;base64,PHN2ZyB3aWR0aD0iMSIgaGVpZ2h0PSIxIiB4bWxucz0iaHR0cDovL3d3dy53My5vcmcvMjAwMC9zdmciPjwvc3ZnPg==\" style=\"--smush-placeholder-width: 16px; --smush-placeholder-aspect-ratio: 16\/16;\" \/>&nbsp;Cargando ...<\/div>\n\n","protected":false},"excerpt":{"rendered":"<p>A pesar de que las aerol\u00edneas lentamente van consiguiendo aumentar el tr\u00e1fico a\u00e9reo, la situaci\u00f3n sigue siendo cr\u00edtica. Con la gran incertidumbre econ\u00f3mica y los continuos rebrotes del coronavirus las compa\u00f1\u00edas se preparan para una serie de fuertes recortes.\u00a0 La \u00faltima en poner cifras ha sido American Airlines, que ha anunciado a 25.000 trabajadores que sus puestos est\u00e1n en riesgo debido a que la ayuda federal expire el pr\u00f3ximo 1 de octubre y la demanda de viajes vuelve a caer en medio de los brotes, seg\u00fan apunta el diario &#8216;The Wall Street Journal&#8217;. Se trata de un n\u00famero muy parecido al que anunci\u00f3 Air Canada en mayo cuando lanz\u00f3 un plan que contempla el despido de un m\u00ednimo de 19.000 trabajadores y de hasta 22.800. Grandes cifras que ya vaticin\u00f3 la Asociaci\u00f3n Internacional de Transporte A\u00e9reo (IATA). El organismo calcula una ca\u00edda de los ingresos de 286.551 millones de euros en 2020, un 55% menos que en 2019, lo que pone en riesgo 25 millones de empleos en todo el mundo. Adem\u00e1s, los datos podr\u00edan ser peores teniendo en cuenta que los rebrotes est\u00e1n tumbando la demanda a\u00e9rea, seg\u00fan expertos consultados. En el caso de Espa\u00f1a, IATA calcula que la ca\u00edda de los beneficios han sido de 14.300 millones la ca\u00edda de ingresos como consecuencia de la p\u00e9rdida de casi 114 millones de pasajeros, un 41,4% menos que hace un a\u00f1o. En este sentido, las aerol\u00edneas espa\u00f1olas se reunen con el Gobierno para abordar el rescate p\u00fablico por primera vez oficialmente hoy en el ministerio de Transportes. Algunos de los m\u00e1ximos responsables de cada una de las aerol\u00edneas espa\u00f1olas acudir\u00e1 en representaci\u00f3n propia, mientras otras han cedido su participaci\u00f3n a trav\u00e9s de asociaciones como AECA, de acuerdo a una cita dedicada a abordar los detalles del fondo de rescate p\u00fablico de 10.000 millones para que las empresas consideradas estrat\u00e9gicas no quiebren. Estas empresas que se acojan al rescate no pueden haber sido condenada por malversaci\u00f3n de caudales p\u00fablicos, seg\u00fan revel\u00f3 este martes el Gobierno al entrar en detalles de la operativa del citado instrumento que va a depender de la SEPI, la Sociedad Estatal de Participaciones Industriales. Las aerol\u00edneas podr\u00e1n solicitar desde 25 millones de euros, y el importe m\u00e1ximo depender\u00e1 de las necesidades financieras de cada una para ser viable, aunque en ning\u00fan caso podr\u00e1 mejorar la cantidad solicitada el patrimonio neto de la compa\u00f1\u00eda del 2019.<\/p>\n","protected":false},"author":20,"featured_media":38640,"comment_status":"open","ping_status":"open","sticky":false,"template":"","format":"standard","meta":{"_FSMCFIC_featured_image_caption":"","_FSMCFIC_featured_image_nocaption":"","_FSMCFIC_featured_image_hide":"","footnotes":""},"categories":[1772,806],"tags":[2763,1504],"class_list":["post-38647","post","type-post","status-publish","format-standard","has-post-thumbnail","hentry","category-especial-coronavirus-es","category-punts-claus-del-dia-es","tag-aerolinies-es","tag-coronavirus-es"],"yoast_head":"<!-- This site is optimized with the Yoast SEO plugin v26.8 - https:\/\/yoast.com\/product\/yoast-seo-wordpress\/ -->\n<title>Las aerol\u00edneas preparan fuertes recortes - Converses a Catalunya<\/title>\n<meta name=\"description\" content=\"El sector de las aerol\u00edneas est\u00e1 siendo uno de los m\u00e1s afectados por la coyuntura actual. La Asociaci\u00f3n Internacional de Transporte A\u00e9reo augura recortes\" \/>\n<meta name=\"robots\" content=\"index, follow, max-snippet:-1, max-image-preview:large, max-video-preview:-1\" \/>\n<link rel=\"canonical\" href=\"https:\/\/conversesacatalunya.cat\/es\/las-aerolineas-preparan-fuertes-recortes\/\" \/>\n<meta property=\"og:locale\" content=\"es_ES\" \/>\n<meta property=\"og:type\" content=\"article\" \/>\n<meta property=\"og:title\" content=\"Las aerol\u00edneas preparan fuertes recortes - Converses a Catalunya\" \/>\n<meta property=\"og:description\" content=\"El sector de las aerol\u00edneas est\u00e1 siendo uno de los m\u00e1s afectados por la coyuntura actual. La Asociaci\u00f3n Internacional de Transporte A\u00e9reo augura recortes\" \/>\n<meta property=\"og:url\" content=\"https:\/\/conversesacatalunya.cat\/es\/las-aerolineas-preparan-fuertes-recortes\/\" \/>\n<meta property=\"og:site_name\" content=\"Converses a Catalunya\" \/>\n<meta property=\"article:published_time\" content=\"2020-07-22T04:00:01+00:00\" \/>\n<meta property=\"article:modified_time\" content=\"2020-07-22T09:10:53+00:00\" \/>\n<meta property=\"og:image\" content=\"https:\/\/conversesacatalunya.cat\/wp-content\/uploads\/2020\/07\/Capture-9.png\" \/>\n\t<meta property=\"og:image:width\" content=\"975\" \/>\n\t<meta property=\"og:image:height\" content=\"727\" \/>\n\t<meta property=\"og:image:type\" content=\"image\/png\" \/>\n<meta name=\"author\" content=\"conversesacatalunya\" \/>\n<meta name=\"twitter:card\" content=\"summary_large_image\" \/>\n<meta name=\"twitter:label1\" content=\"Escrito por\" \/>\n\t<meta name=\"twitter:data1\" content=\"conversesacatalunya\" \/>\n\t<meta name=\"twitter:label2\" content=\"Tiempo de lectura\" \/>\n\t<meta name=\"twitter:data2\" content=\"2 minutos\" \/>\n<script type=\"application\/ld+json\" class=\"yoast-schema-graph\">{\"@context\":\"https:\/\/schema.org\",\"@graph\":[{\"@type\":\"Article\",\"@id\":\"https:\/\/conversesacatalunya.cat\/es\/las-aerolineas-preparan-fuertes-recortes\/#article\",\"isPartOf\":{\"@id\":\"https:\/\/conversesacatalunya.cat\/es\/las-aerolineas-preparan-fuertes-recortes\/\"},\"author\":{\"name\":\"conversesacatalunya\",\"@id\":\"https:\/\/conversesacatalunya.cat\/#\/schema\/person\/a7a9496a363cd9847daf7cd659d92e64\"},\"headline\":\"Las aerol\u00edneas preparan fuertes recortes\",\"datePublished\":\"2020-07-22T04:00:01+00:00\",\"dateModified\":\"2020-07-22T09:10:53+00:00\",\"mainEntityOfPage\":{\"@id\":\"https:\/\/conversesacatalunya.cat\/es\/las-aerolineas-preparan-fuertes-recortes\/\"},\"wordCount\":462,\"commentCount\":0,\"image\":{\"@id\":\"https:\/\/conversesacatalunya.cat\/es\/las-aerolineas-preparan-fuertes-recortes\/#primaryimage\"},\"thumbnailUrl\":\"https:\/\/conversesacatalunya.cat\/wp-content\/uploads\/2020\/07\/Capture-9.png\",\"keywords\":[\"aerol\u00ednies\",\"coronavirus\"],\"articleSection\":[\"Especial Coronavirus (ES)\",\"Punts clau del dia (ES)\"],\"inLanguage\":\"es\",\"potentialAction\":[{\"@type\":\"CommentAction\",\"name\":\"Comment\",\"target\":[\"https:\/\/conversesacatalunya.cat\/es\/las-aerolineas-preparan-fuertes-recortes\/#respond\"]}]},{\"@type\":\"WebPage\",\"@id\":\"https:\/\/conversesacatalunya.cat\/es\/las-aerolineas-preparan-fuertes-recortes\/\",\"url\":\"https:\/\/conversesacatalunya.cat\/es\/las-aerolineas-preparan-fuertes-recortes\/\",\"name\":\"Las aerol\u00edneas preparan fuertes recortes - Converses a Catalunya\",\"isPartOf\":{\"@id\":\"https:\/\/conversesacatalunya.cat\/#website\"},\"primaryImageOfPage\":{\"@id\":\"https:\/\/conversesacatalunya.cat\/es\/las-aerolineas-preparan-fuertes-recortes\/#primaryimage\"},\"image\":{\"@id\":\"https:\/\/conversesacatalunya.cat\/es\/las-aerolineas-preparan-fuertes-recortes\/#primaryimage\"},\"thumbnailUrl\":\"https:\/\/conversesacatalunya.cat\/wp-content\/uploads\/2020\/07\/Capture-9.png\",\"datePublished\":\"2020-07-22T04:00:01+00:00\",\"dateModified\":\"2020-07-22T09:10:53+00:00\",\"author\":{\"@id\":\"https:\/\/conversesacatalunya.cat\/#\/schema\/person\/a7a9496a363cd9847daf7cd659d92e64\"},\"description\":\"El sector de las aerol\u00edneas est\u00e1 siendo uno de los m\u00e1s afectados por la coyuntura actual. La Asociaci\u00f3n Internacional de Transporte A\u00e9reo augura recortes\",\"breadcrumb\":{\"@id\":\"https:\/\/conversesacatalunya.cat\/es\/las-aerolineas-preparan-fuertes-recortes\/#breadcrumb\"},\"inLanguage\":\"es\",\"potentialAction\":[{\"@type\":\"ReadAction\",\"target\":[\"https:\/\/conversesacatalunya.cat\/es\/las-aerolineas-preparan-fuertes-recortes\/\"]}]},{\"@type\":\"ImageObject\",\"inLanguage\":\"es\",\"@id\":\"https:\/\/conversesacatalunya.cat\/es\/las-aerolineas-preparan-fuertes-recortes\/#primaryimage\",\"url\":\"https:\/\/conversesacatalunya.cat\/wp-content\/uploads\/2020\/07\/Capture-9.png\",\"contentUrl\":\"https:\/\/conversesacatalunya.cat\/wp-content\/uploads\/2020\/07\/Capture-9.png\",\"width\":975,\"height\":727,\"caption\":\"aerol\u00ednies\"},{\"@type\":\"BreadcrumbList\",\"@id\":\"https:\/\/conversesacatalunya.cat\/es\/las-aerolineas-preparan-fuertes-recortes\/#breadcrumb\",\"itemListElement\":[{\"@type\":\"ListItem\",\"position\":1,\"name\":\"Inici\",\"item\":\"https:\/\/conversesacatalunya.cat\/es\/\"},{\"@type\":\"ListItem\",\"position\":2,\"name\":\"Las aerol\u00edneas preparan fuertes recortes\"}]},{\"@type\":\"WebSite\",\"@id\":\"https:\/\/conversesacatalunya.cat\/#website\",\"url\":\"https:\/\/conversesacatalunya.cat\/\",\"name\":\"Converses a Catalunya\",\"description\":\"\",\"potentialAction\":[{\"@type\":\"SearchAction\",\"target\":{\"@type\":\"EntryPoint\",\"urlTemplate\":\"https:\/\/conversesacatalunya.cat\/?s={search_term_string}\"},\"query-input\":{\"@type\":\"PropertyValueSpecification\",\"valueRequired\":true,\"valueName\":\"search_term_string\"}}],\"inLanguage\":\"es\"},{\"@type\":\"Person\",\"@id\":\"https:\/\/conversesacatalunya.cat\/#\/schema\/person\/a7a9496a363cd9847daf7cd659d92e64\",\"name\":\"conversesacatalunya\",\"image\":{\"@type\":\"ImageObject\",\"inLanguage\":\"es\",\"@id\":\"https:\/\/conversesacatalunya.cat\/#\/schema\/person\/image\/\",\"url\":\"https:\/\/conversesacatalunya.cat\/wp-content\/litespeed\/avatar\/ff91582b44ff9c880dc9c5ac2f5c7e89.jpg?ver=1777372947\",\"contentUrl\":\"https:\/\/conversesacatalunya.cat\/wp-content\/litespeed\/avatar\/ff91582b44ff9c880dc9c5ac2f5c7e89.jpg?ver=1777372947\",\"caption\":\"conversesacatalunya\"},\"url\":\"https:\/\/conversesacatalunya.cat\/es\/author\/francisco_garcia\/\"}]}<\/script>\n<!-- \/ Yoast SEO plugin. -->","yoast_head_json":{"title":"Las aerol\u00edneas preparan fuertes recortes - Converses a Catalunya","description":"El sector de las aerol\u00edneas est\u00e1 siendo uno de los m\u00e1s afectados por la coyuntura actual. La Asociaci\u00f3n Internacional de Transporte A\u00e9reo augura recortes","robots":{"index":"index","follow":"follow","max-snippet":"max-snippet:-1","max-image-preview":"max-image-preview:large","max-video-preview":"max-video-preview:-1"},"canonical":"https:\/\/conversesacatalunya.cat\/es\/las-aerolineas-preparan-fuertes-recortes\/","og_locale":"es_ES","og_type":"article","og_title":"Las aerol\u00edneas preparan fuertes recortes - Converses a Catalunya","og_description":"El sector de las aerol\u00edneas est\u00e1 siendo uno de los m\u00e1s afectados por la coyuntura actual. La Asociaci\u00f3n Internacional de Transporte A\u00e9reo augura recortes","og_url":"https:\/\/conversesacatalunya.cat\/es\/las-aerolineas-preparan-fuertes-recortes\/","og_site_name":"Converses a Catalunya","article_published_time":"2020-07-22T04:00:01+00:00","article_modified_time":"2020-07-22T09:10:53+00:00","og_image":[{"width":975,"height":727,"url":"https:\/\/conversesacatalunya.cat\/wp-content\/uploads\/2020\/07\/Capture-9.png","type":"image\/png"}],"author":"conversesacatalunya","twitter_card":"summary_large_image","twitter_misc":{"Escrito por":"conversesacatalunya","Tiempo de lectura":"2 minutos"},"schema":{"@context":"https:\/\/schema.org","@graph":[{"@type":"Article","@id":"https:\/\/conversesacatalunya.cat\/es\/las-aerolineas-preparan-fuertes-recortes\/#article","isPartOf":{"@id":"https:\/\/conversesacatalunya.cat\/es\/las-aerolineas-preparan-fuertes-recortes\/"},"author":{"name":"conversesacatalunya","@id":"https:\/\/conversesacatalunya.cat\/#\/schema\/person\/a7a9496a363cd9847daf7cd659d92e64"},"headline":"Las aerol\u00edneas preparan fuertes recortes","datePublished":"2020-07-22T04:00:01+00:00","dateModified":"2020-07-22T09:10:53+00:00","mainEntityOfPage":{"@id":"https:\/\/conversesacatalunya.cat\/es\/las-aerolineas-preparan-fuertes-recortes\/"},"wordCount":462,"commentCount":0,"image":{"@id":"https:\/\/conversesacatalunya.cat\/es\/las-aerolineas-preparan-fuertes-recortes\/#primaryimage"},"thumbnailUrl":"https:\/\/conversesacatalunya.cat\/wp-content\/uploads\/2020\/07\/Capture-9.png","keywords":["aerol\u00ednies","coronavirus"],"articleSection":["Especial Coronavirus (ES)","Punts clau del dia (ES)"],"inLanguage":"es","potentialAction":[{"@type":"CommentAction","name":"Comment","target":["https:\/\/conversesacatalunya.cat\/es\/las-aerolineas-preparan-fuertes-recortes\/#respond"]}]},{"@type":"WebPage","@id":"https:\/\/conversesacatalunya.cat\/es\/las-aerolineas-preparan-fuertes-recortes\/","url":"https:\/\/conversesacatalunya.cat\/es\/las-aerolineas-preparan-fuertes-recortes\/","name":"Las aerol\u00edneas preparan fuertes recortes - Converses a Catalunya","isPartOf":{"@id":"https:\/\/conversesacatalunya.cat\/#website"},"primaryImageOfPage":{"@id":"https:\/\/conversesacatalunya.cat\/es\/las-aerolineas-preparan-fuertes-recortes\/#primaryimage"},"image":{"@id":"https:\/\/conversesacatalunya.cat\/es\/las-aerolineas-preparan-fuertes-recortes\/#primaryimage"},"thumbnailUrl":"https:\/\/conversesacatalunya.cat\/wp-content\/uploads\/2020\/07\/Capture-9.png","datePublished":"2020-07-22T04:00:01+00:00","dateModified":"2020-07-22T09:10:53+00:00","author":{"@id":"https:\/\/conversesacatalunya.cat\/#\/schema\/person\/a7a9496a363cd9847daf7cd659d92e64"},"description":"El sector de las aerol\u00edneas est\u00e1 siendo uno de los m\u00e1s afectados por la coyuntura actual. La Asociaci\u00f3n Internacional de Transporte A\u00e9reo augura recortes","breadcrumb":{"@id":"https:\/\/conversesacatalunya.cat\/es\/las-aerolineas-preparan-fuertes-recortes\/#breadcrumb"},"inLanguage":"es","potentialAction":[{"@type":"ReadAction","target":["https:\/\/conversesacatalunya.cat\/es\/las-aerolineas-preparan-fuertes-recortes\/"]}]},{"@type":"ImageObject","inLanguage":"es","@id":"https:\/\/conversesacatalunya.cat\/es\/las-aerolineas-preparan-fuertes-recortes\/#primaryimage","url":"https:\/\/conversesacatalunya.cat\/wp-content\/uploads\/2020\/07\/Capture-9.png","contentUrl":"https:\/\/conversesacatalunya.cat\/wp-content\/uploads\/2020\/07\/Capture-9.png","width":975,"height":727,"caption":"aerol\u00ednies"},{"@type":"BreadcrumbList","@id":"https:\/\/conversesacatalunya.cat\/es\/las-aerolineas-preparan-fuertes-recortes\/#breadcrumb","itemListElement":[{"@type":"ListItem","position":1,"name":"Inici","item":"https:\/\/conversesacatalunya.cat\/es\/"},{"@type":"ListItem","position":2,"name":"Las aerol\u00edneas preparan fuertes recortes"}]},{"@type":"WebSite","@id":"https:\/\/conversesacatalunya.cat\/#website","url":"https:\/\/conversesacatalunya.cat\/","name":"Converses a Catalunya","description":"","potentialAction":[{"@type":"SearchAction","target":{"@type":"EntryPoint","urlTemplate":"https:\/\/conversesacatalunya.cat\/?s={search_term_string}"},"query-input":{"@type":"PropertyValueSpecification","valueRequired":true,"valueName":"search_term_string"}}],"inLanguage":"es"},{"@type":"Person","@id":"https:\/\/conversesacatalunya.cat\/#\/schema\/person\/a7a9496a363cd9847daf7cd659d92e64","name":"conversesacatalunya","image":{"@type":"ImageObject","inLanguage":"es","@id":"https:\/\/conversesacatalunya.cat\/#\/schema\/person\/image\/","url":"https:\/\/conversesacatalunya.cat\/wp-content\/litespeed\/avatar\/ff91582b44ff9c880dc9c5ac2f5c7e89.jpg?ver=1777372947","contentUrl":"https:\/\/conversesacatalunya.cat\/wp-content\/litespeed\/avatar\/ff91582b44ff9c880dc9c5ac2f5c7e89.jpg?ver=1777372947","caption":"conversesacatalunya"},"url":"https:\/\/conversesacatalunya.cat\/es\/author\/francisco_garcia\/"}]}},"wps_subtitle":"El sector de las aerol\u00edneas est\u00e1 siendo uno de los m\u00e1s afectados por la coyuntura actual. Tal es la situaci\u00f3n que la Asociaci\u00f3n Internacional de Transporte A\u00e9reo (IATA) augura grandes recortes en Espa\u00f1a y en el resto del mundo","_links":{"self":[{"href":"https:\/\/conversesacatalunya.cat\/es\/wp-json\/wp\/v2\/posts\/38647","targetHints":{"allow":["GET"]}}],"collection":[{"href":"https:\/\/conversesacatalunya.cat\/es\/wp-json\/wp\/v2\/posts"}],"about":[{"href":"https:\/\/conversesacatalunya.cat\/es\/wp-json\/wp\/v2\/types\/post"}],"author":[{"embeddable":true,"href":"https:\/\/conversesacatalunya.cat\/es\/wp-json\/wp\/v2\/users\/20"}],"replies":[{"embeddable":true,"href":"https:\/\/conversesacatalunya.cat\/es\/wp-json\/wp\/v2\/comments?post=38647"}],"version-history":[{"count":2,"href":"https:\/\/conversesacatalunya.cat\/es\/wp-json\/wp\/v2\/posts\/38647\/revisions"}],"predecessor-version":[{"id":38649,"href":"https:\/\/conversesacatalunya.cat\/es\/wp-json\/wp\/v2\/posts\/38647\/revisions\/38649"}],"wp:featuredmedia":[{"embeddable":true,"href":"https:\/\/conversesacatalunya.cat\/es\/wp-json\/wp\/v2\/media\/38640"}],"wp:attachment":[{"href":"https:\/\/conversesacatalunya.cat\/es\/wp-json\/wp\/v2\/media?parent=38647"}],"wp:term":[{"taxonomy":"category","embeddable":true,"href":"https:\/\/conversesacatalunya.cat\/es\/wp-json\/wp\/v2\/categories?post=38647"},{"taxonomy":"post_tag","embeddable":true,"href":"https:\/\/conversesacatalunya.cat\/es\/wp-json\/wp\/v2\/tags?post=38647"}],"curies":[{"name":"wp","href":"https:\/\/api.w.org\/{rel}","templated":true}]}}