{"id":38565,"date":"2020-07-20T13:03:25","date_gmt":"2020-07-20T11:03:25","guid":{"rendered":"https:\/\/conversesacatalunya.cat\/?p=38565"},"modified":"2020-07-21T10:32:01","modified_gmt":"2020-07-21T08:32:01","slug":"rebrotes-campana-verano","status":"publish","type":"post","link":"https:\/\/conversesacatalunya.cat\/es\/rebrotes-campana-verano\/","title":{"rendered":"Los rebrotes acaban con la campa\u00f1a de verano"},"content":{"rendered":"<p>Los \u00faltimos rebrotes que se est\u00e1n produciendo a lo largo de la Pen\u00ednsula Ib\u00e9rica<strong> est\u00e1n acabando con las pocas expectativas que ten\u00eda el sector hostelero<\/strong>. El presidente de Exceltur y CEO de Meli\u00e1, Gabriel Escarrer estima que la ocupaci\u00f3n se est\u00e1 situando en torno al 30%. La campa\u00f1a de verano representa, con car\u00e1cter general, en torno al 60-70 % de la facturaci\u00f3n anual del sector. En la hip\u00f3tesis, muy optimista, de que este a\u00f1o se venda algo menos de la mitad que el pasado, la factura podr\u00eda situarse en torno a los 40.000 millones de euros si a los ingresos dejados de percibir de los extranjeros se suman los menores gastos de los nacionales. Los datos de turismo de los nacionales que registra el INE (en este caso las cifras son trimestrales) indican que entre julio y septiembre del a\u00f1o pasado se registraron 61,16 millones de viajes, que indujeron un gasto de 19.297 millones de euros.<\/p>\n<p>De esta \u00faltima cantidad, 12.762 millones se gastaron en viajes en Espa\u00f1a y los 6.534 restantes, en desplazamientos al extranjero. Esta segunda partida quedar\u00e1 este a\u00f1o, con toda probabilidad,<strong> reducida a la m\u00ednima expresi\u00f3n<\/strong> y la primera se ver\u00e1 tambi\u00e9n mermada, porque aunque se primar\u00e1 el turismo nacional, el temor a los rebrotes del coronavirus y los efectos de la crisis econ\u00f3mica se dejar\u00e1n sentir en la propensi\u00f3n a viajar.<\/p>\n<p>Si a las p\u00e9rdidas calculadas para el verano con rebrotes se suman los m\u00e1s de 30.000 millones que ha dejado de ingresar el sector hasta mayo por la prohibici\u00f3n de entrada de turistas extranjeros y de movimientos de los nacionales, la factura se dispara por encima de los 70.000 millones de euros. Habr\u00e1 que esperar la evoluci\u00f3n del cuarto trimestre -cuando los operadores creen que podr\u00eda empezar a reactivarse con m\u00e1s fuerza el turismo internacional- para ver c\u00f3mo se cierra el ejercicio, pero Exceltur cree que las p\u00e9rdidas anuales superar\u00e1n los 83.000 millones.<\/p>\n<p>Eso significa que se evaporar\u00e1n en torno a un 60 % de los 140.300 millones que se consignaron el a\u00f1o pasado como ingresos del turismo tanto nacional como exterior: 48.066 millones de gasto de los nacionales y los 92.278 millones de los extranjeros que vienen a Espa\u00f1a.<\/p>\n<p>Atr\u00e1s quedar\u00e1 tambi\u00e9n la racha de siete r\u00e9cords anuales en llegadas de turistas extranjeros, que se cerr\u00f3 en 2019 con 83,7 millones. Nadie en el sector se aventura a dar una cifra de cierre del a\u00f1o, pero en mayo las llegadas segu\u00edan en los 10,6 millones de marzo, casi veinte millones menos que un a\u00f1o antes. En esos cinco meses, los ingresos de los turistas extranjeros ca\u00edan en 18.977 millones de euros y se situaban en apenas 11.707 millones. Si los rebrotes se perpet\u00faan m\u00e1s a lo largo del a\u00f1o, supondr\u00eda un golpe letal para uno de los sectores m\u00e1s importantes de Espa\u00f1a.<\/p>\n<span class='bctt-click-to-tweet'><span class='bctt-ctt-text'><a href='https:\/\/twitter.com\/intent\/tweet?url=https%3A%2F%2Fconversesacatalunya.cat%2Fes%2Frebrotes-campana-verano%2F&#038;text=Eso%20significa%20que%20se%20evaporar%C3%A1n%20en%20torno%20a%20un%2060%20%25%20de%20los%20140.300%20millones%20que%20se%20consignaron%20el%20a%C3%B1o%20pasado%20como%20ingresos%20del%20turismo%20tanto%20nacional%20como%20exterior&#038;via=conversesacat&#038;related=conversesacat' target='_blank'rel=\"noopener noreferrer\">Eso significa que se evaporar\u00e1n en torno a un 60 % de los 140.300 millones que se consignaron el a\u00f1o pasado como ingresos del turismo tanto nacional como exterior <\/a><\/span><a href='https:\/\/twitter.com\/intent\/tweet?url=https%3A%2F%2Fconversesacatalunya.cat%2Fes%2Frebrotes-campana-verano%2F&#038;text=Eso%20significa%20que%20se%20evaporar%C3%A1n%20en%20torno%20a%20un%2060%20%25%20de%20los%20140.300%20millones%20que%20se%20consignaron%20el%20a%C3%B1o%20pasado%20como%20ingresos%20del%20turismo%20tanto%20nacional%20como%20exterior&#038;via=conversesacat&#038;related=conversesacat' target='_blank' class='bctt-ctt-btn'rel=\"noopener noreferrer\">Compartir en X<\/a><\/span>\n<div id=\"polls-60\" class=\"wp-polls\">\n\t<form id=\"polls_form_60\" class=\"wp-polls-form\" action=\"\/index.php\" method=\"post\">\n\t\t<p style=\"display: none;\"><input type=\"hidden\" id=\"poll_60_nonce\" name=\"wp-polls-nonce\" value=\"ab68bae544\" \/><\/p>\n\t\t<p style=\"display: none;\"><input type=\"hidden\" name=\"poll_id\" value=\"60\" \/><\/p>\n\t\t<p style=\"text-align: center\"><strong>Creieu que la Generalitat de Catalunya decretar\u00e0 el confinament total domiciliari?<\/strong><\/p><div id=\"polls-60-ans\" class=\"wp-polls-ans\"><ul class=\"wp-polls-ul\">\n\t\t<li><input type=\"radio\" id=\"poll-answer-126\" name=\"poll_60\" value=\"126\" \/> <label for=\"poll-answer-126\">Si<\/label><\/li>\n\t\t<li><input type=\"radio\" id=\"poll-answer-127\" name=\"poll_60\" value=\"127\" \/> <label for=\"poll-answer-127\">No<\/label><\/li>\n\t\t<\/ul><p style=\"text-align: center\"><input type=\"button\" name=\"vote\" value=\"   Vota   \" class=\"Buttons\" onclick=\"poll_vote(60);\" \/><\/p><p style=\"text-align: center\"><a href=\"#ViewPollResults\" onclick=\"poll_result(60); return false;\" title=\"View Results Of This Poll\">Mira els resultats<\/a><\/p><\/div>\n\t<\/form>\n<\/div>\n<div id=\"polls-60-loading\" class=\"wp-polls-loading\"><img decoding=\"async\" data-src=\"https:\/\/conversesacatalunya.cat\/wp-content\/plugins\/wp-polls\/images\/loading.gif\" width=\"16\" height=\"16\" alt=\"Cargando ...\" title=\"Cargando ...\" class=\"wp-polls-image lazyload\" src=\"data:image\/svg+xml;base64,PHN2ZyB3aWR0aD0iMSIgaGVpZ2h0PSIxIiB4bWxucz0iaHR0cDovL3d3dy53My5vcmcvMjAwMC9zdmciPjwvc3ZnPg==\" style=\"--smush-placeholder-width: 16px; --smush-placeholder-aspect-ratio: 16\/16;\" \/>&nbsp;Cargando ...<\/div>\n\n","protected":false},"excerpt":{"rendered":"<p>Los \u00faltimos rebrotes que se est\u00e1n produciendo a lo largo de la Pen\u00ednsula Ib\u00e9rica est\u00e1n acabando con las pocas expectativas que ten\u00eda el sector hostelero. El presidente de Exceltur y CEO de Meli\u00e1, Gabriel Escarrer estima que la ocupaci\u00f3n se est\u00e1 situando en torno al 30%. La campa\u00f1a de verano representa, con car\u00e1cter general, en torno al 60-70 % de la facturaci\u00f3n anual del sector. En la hip\u00f3tesis, muy optimista, de que este a\u00f1o se venda algo menos de la mitad que el pasado, la factura podr\u00eda situarse en torno a los 40.000 millones de euros si a los ingresos dejados de percibir de los extranjeros se suman los menores gastos de los nacionales. Los datos de turismo de los nacionales que registra el INE (en este caso las cifras son trimestrales) indican que entre julio y septiembre del a\u00f1o pasado se registraron 61,16 millones de viajes, que indujeron un gasto de 19.297 millones de euros. De esta \u00faltima cantidad, 12.762 millones se gastaron en viajes en Espa\u00f1a y los 6.534 restantes, en desplazamientos al extranjero. Esta segunda partida quedar\u00e1 este a\u00f1o, con toda probabilidad, reducida a la m\u00ednima expresi\u00f3n y la primera se ver\u00e1 tambi\u00e9n mermada, porque aunque se primar\u00e1 el turismo nacional, el temor a los rebrotes del coronavirus y los efectos de la crisis econ\u00f3mica se dejar\u00e1n sentir en la propensi\u00f3n a viajar. Si a las p\u00e9rdidas calculadas para el verano con rebrotes se suman los m\u00e1s de 30.000 millones que ha dejado de ingresar el sector hasta mayo por la prohibici\u00f3n de entrada de turistas extranjeros y de movimientos de los nacionales, la factura se dispara por encima de los 70.000 millones de euros. Habr\u00e1 que esperar la evoluci\u00f3n del cuarto trimestre -cuando los operadores creen que podr\u00eda empezar a reactivarse con m\u00e1s fuerza el turismo internacional- para ver c\u00f3mo se cierra el ejercicio, pero Exceltur cree que las p\u00e9rdidas anuales superar\u00e1n los 83.000 millones. Eso significa que se evaporar\u00e1n en torno a un 60 % de los 140.300 millones que se consignaron el a\u00f1o pasado como ingresos del turismo tanto nacional como exterior: 48.066 millones de gasto de los nacionales y los 92.278 millones de los extranjeros que vienen a Espa\u00f1a. Atr\u00e1s quedar\u00e1 tambi\u00e9n la racha de siete r\u00e9cords anuales en llegadas de turistas extranjeros, que se cerr\u00f3 en 2019 con 83,7 millones. Nadie en el sector se aventura a dar una cifra de cierre del a\u00f1o, pero en mayo las llegadas segu\u00edan en los 10,6 millones de marzo, casi veinte millones menos que un a\u00f1o antes. En esos cinco meses, los ingresos de los turistas extranjeros ca\u00edan en 18.977 millones de euros y se situaban en apenas 11.707 millones. Si los rebrotes se perpet\u00faan m\u00e1s a lo largo del a\u00f1o, supondr\u00eda un golpe letal para uno de los sectores m\u00e1s importantes de Espa\u00f1a.<\/p>\n","protected":false},"author":20,"featured_media":38521,"comment_status":"open","ping_status":"open","sticky":false,"template":"","format":"standard","meta":{"_FSMCFIC_featured_image_caption":"","_FSMCFIC_featured_image_nocaption":"","_FSMCFIC_featured_image_hide":"","footnotes":""},"categories":[1772,806],"tags":[845,2597,2231],"class_list":["post-38565","post","type-post","status-publish","format-standard","has-post-thumbnail","hentry","category-especial-coronavirus-es","category-punts-claus-del-dia-es","tag-catalunya-es","tag-rebrotes-coronavirus","tag-turismo"],"yoast_head":"<!-- This site is optimized with the Yoast SEO plugin v26.8 - https:\/\/yoast.com\/product\/yoast-seo-wordpress\/ -->\n<title>Los rebrotes acaban con la campa\u00f1a de verano - Converses a Catalunya<\/title>\n<meta name=\"robots\" content=\"index, follow, max-snippet:-1, max-image-preview:large, max-video-preview:-1\" \/>\n<link rel=\"canonical\" href=\"https:\/\/conversesacatalunya.cat\/es\/rebrotes-campana-verano\/\" \/>\n<meta property=\"og:locale\" content=\"es_ES\" \/>\n<meta property=\"og:type\" content=\"article\" \/>\n<meta property=\"og:title\" content=\"Los rebrotes acaban con la campa\u00f1a de verano - Converses a Catalunya\" \/>\n<meta property=\"og:description\" content=\"Los \u00faltimos rebrotes que se est\u00e1n produciendo a lo largo de la Pen\u00ednsula Ib\u00e9rica est\u00e1n acabando con las pocas expectativas que ten\u00eda el sector hostelero. El presidente de Exceltur y CEO de Meli\u00e1, Gabriel Escarrer estima que la ocupaci\u00f3n se est\u00e1 situando en torno al 30%. La campa\u00f1a de verano representa, con car\u00e1cter general, en torno al 60-70 % de la facturaci\u00f3n anual del sector. En la hip\u00f3tesis, muy optimista, de que este a\u00f1o se venda algo menos de la mitad que el pasado, la factura podr\u00eda situarse en torno a los 40.000 millones de euros si a los ingresos dejados de percibir de los extranjeros se suman los menores gastos de los nacionales. Los datos de turismo de los nacionales que registra el INE (en este caso las cifras son trimestrales) indican que entre julio y septiembre del a\u00f1o pasado se registraron 61,16 millones de viajes, que indujeron un gasto de 19.297 millones de euros. De esta \u00faltima cantidad, 12.762 millones se gastaron en viajes en Espa\u00f1a y los 6.534 restantes, en desplazamientos al extranjero. Esta segunda partida quedar\u00e1 este a\u00f1o, con toda probabilidad, reducida a la m\u00ednima expresi\u00f3n y la primera se ver\u00e1 tambi\u00e9n mermada, porque aunque se primar\u00e1 el turismo nacional, el temor a los rebrotes del coronavirus y los efectos de la crisis econ\u00f3mica se dejar\u00e1n sentir en la propensi\u00f3n a viajar. Si a las p\u00e9rdidas calculadas para el verano con rebrotes se suman los m\u00e1s de 30.000 millones que ha dejado de ingresar el sector hasta mayo por la prohibici\u00f3n de entrada de turistas extranjeros y de movimientos de los nacionales, la factura se dispara por encima de los 70.000 millones de euros. Habr\u00e1 que esperar la evoluci\u00f3n del cuarto trimestre -cuando los operadores creen que podr\u00eda empezar a reactivarse con m\u00e1s fuerza el turismo internacional- para ver c\u00f3mo se cierra el ejercicio, pero Exceltur cree que las p\u00e9rdidas anuales superar\u00e1n los 83.000 millones. Eso significa que se evaporar\u00e1n en torno a un 60 % de los 140.300 millones que se consignaron el a\u00f1o pasado como ingresos del turismo tanto nacional como exterior: 48.066 millones de gasto de los nacionales y los 92.278 millones de los extranjeros que vienen a Espa\u00f1a. Atr\u00e1s quedar\u00e1 tambi\u00e9n la racha de siete r\u00e9cords anuales en llegadas de turistas extranjeros, que se cerr\u00f3 en 2019 con 83,7 millones. Nadie en el sector se aventura a dar una cifra de cierre del a\u00f1o, pero en mayo las llegadas segu\u00edan en los 10,6 millones de marzo, casi veinte millones menos que un a\u00f1o antes. En esos cinco meses, los ingresos de los turistas extranjeros ca\u00edan en 18.977 millones de euros y se situaban en apenas 11.707 millones. Si los rebrotes se perpet\u00faan m\u00e1s a lo largo del a\u00f1o, supondr\u00eda un golpe letal para uno de los sectores m\u00e1s importantes de Espa\u00f1a.\" \/>\n<meta property=\"og:url\" content=\"https:\/\/conversesacatalunya.cat\/es\/rebrotes-campana-verano\/\" \/>\n<meta property=\"og:site_name\" content=\"Converses a Catalunya\" \/>\n<meta property=\"article:published_time\" content=\"2020-07-20T11:03:25+00:00\" \/>\n<meta property=\"article:modified_time\" content=\"2020-07-21T08:32:01+00:00\" \/>\n<meta property=\"og:image\" content=\"https:\/\/conversesacatalunya.cat\/wp-content\/uploads\/2020\/07\/Capture-8.png\" \/>\n\t<meta property=\"og:image:width\" content=\"1098\" \/>\n\t<meta property=\"og:image:height\" content=\"733\" \/>\n\t<meta property=\"og:image:type\" content=\"image\/png\" \/>\n<meta name=\"author\" content=\"conversesacatalunya\" \/>\n<meta name=\"twitter:card\" content=\"summary_large_image\" \/>\n<meta name=\"twitter:label1\" content=\"Escrito por\" \/>\n\t<meta name=\"twitter:data1\" content=\"conversesacatalunya\" \/>\n\t<meta name=\"twitter:label2\" content=\"Tiempo de lectura\" \/>\n\t<meta name=\"twitter:data2\" content=\"3 minutos\" \/>\n<script type=\"application\/ld+json\" class=\"yoast-schema-graph\">{\"@context\":\"https:\/\/schema.org\",\"@graph\":[{\"@type\":\"Article\",\"@id\":\"https:\/\/conversesacatalunya.cat\/es\/rebrotes-campana-verano\/#article\",\"isPartOf\":{\"@id\":\"https:\/\/conversesacatalunya.cat\/es\/rebrotes-campana-verano\/\"},\"author\":{\"name\":\"conversesacatalunya\",\"@id\":\"https:\/\/conversesacatalunya.cat\/#\/schema\/person\/a7a9496a363cd9847daf7cd659d92e64\"},\"headline\":\"Los rebrotes acaban con la campa\u00f1a de verano\",\"datePublished\":\"2020-07-20T11:03:25+00:00\",\"dateModified\":\"2020-07-21T08:32:01+00:00\",\"mainEntityOfPage\":{\"@id\":\"https:\/\/conversesacatalunya.cat\/es\/rebrotes-campana-verano\/\"},\"wordCount\":538,\"commentCount\":0,\"image\":{\"@id\":\"https:\/\/conversesacatalunya.cat\/es\/rebrotes-campana-verano\/#primaryimage\"},\"thumbnailUrl\":\"https:\/\/conversesacatalunya.cat\/wp-content\/uploads\/2020\/07\/Capture-8.png\",\"keywords\":[\"Catalunya\",\"rebrotes coronavirus\",\"Turismo\"],\"articleSection\":[\"Especial Coronavirus (ES)\",\"Punts clau del dia (ES)\"],\"inLanguage\":\"es\",\"potentialAction\":[{\"@type\":\"CommentAction\",\"name\":\"Comment\",\"target\":[\"https:\/\/conversesacatalunya.cat\/es\/rebrotes-campana-verano\/#respond\"]}]},{\"@type\":\"WebPage\",\"@id\":\"https:\/\/conversesacatalunya.cat\/es\/rebrotes-campana-verano\/\",\"url\":\"https:\/\/conversesacatalunya.cat\/es\/rebrotes-campana-verano\/\",\"name\":\"Los rebrotes acaban con la campa\u00f1a de verano - Converses a Catalunya\",\"isPartOf\":{\"@id\":\"https:\/\/conversesacatalunya.cat\/#website\"},\"primaryImageOfPage\":{\"@id\":\"https:\/\/conversesacatalunya.cat\/es\/rebrotes-campana-verano\/#primaryimage\"},\"image\":{\"@id\":\"https:\/\/conversesacatalunya.cat\/es\/rebrotes-campana-verano\/#primaryimage\"},\"thumbnailUrl\":\"https:\/\/conversesacatalunya.cat\/wp-content\/uploads\/2020\/07\/Capture-8.png\",\"datePublished\":\"2020-07-20T11:03:25+00:00\",\"dateModified\":\"2020-07-21T08:32:01+00:00\",\"author\":{\"@id\":\"https:\/\/conversesacatalunya.cat\/#\/schema\/person\/a7a9496a363cd9847daf7cd659d92e64\"},\"breadcrumb\":{\"@id\":\"https:\/\/conversesacatalunya.cat\/es\/rebrotes-campana-verano\/#breadcrumb\"},\"inLanguage\":\"es\",\"potentialAction\":[{\"@type\":\"ReadAction\",\"target\":[\"https:\/\/conversesacatalunya.cat\/es\/rebrotes-campana-verano\/\"]}]},{\"@type\":\"ImageObject\",\"inLanguage\":\"es\",\"@id\":\"https:\/\/conversesacatalunya.cat\/es\/rebrotes-campana-verano\/#primaryimage\",\"url\":\"https:\/\/conversesacatalunya.cat\/wp-content\/uploads\/2020\/07\/Capture-8.png\",\"contentUrl\":\"https:\/\/conversesacatalunya.cat\/wp-content\/uploads\/2020\/07\/Capture-8.png\",\"width\":1098,\"height\":733,\"caption\":\"Rebrots\"},{\"@type\":\"BreadcrumbList\",\"@id\":\"https:\/\/conversesacatalunya.cat\/es\/rebrotes-campana-verano\/#breadcrumb\",\"itemListElement\":[{\"@type\":\"ListItem\",\"position\":1,\"name\":\"Inici\",\"item\":\"https:\/\/conversesacatalunya.cat\/es\/\"},{\"@type\":\"ListItem\",\"position\":2,\"name\":\"Los rebrotes acaban con la campa\u00f1a de verano\"}]},{\"@type\":\"WebSite\",\"@id\":\"https:\/\/conversesacatalunya.cat\/#website\",\"url\":\"https:\/\/conversesacatalunya.cat\/\",\"name\":\"Converses a Catalunya\",\"description\":\"\",\"potentialAction\":[{\"@type\":\"SearchAction\",\"target\":{\"@type\":\"EntryPoint\",\"urlTemplate\":\"https:\/\/conversesacatalunya.cat\/?s={search_term_string}\"},\"query-input\":{\"@type\":\"PropertyValueSpecification\",\"valueRequired\":true,\"valueName\":\"search_term_string\"}}],\"inLanguage\":\"es\"},{\"@type\":\"Person\",\"@id\":\"https:\/\/conversesacatalunya.cat\/#\/schema\/person\/a7a9496a363cd9847daf7cd659d92e64\",\"name\":\"conversesacatalunya\",\"image\":{\"@type\":\"ImageObject\",\"inLanguage\":\"es\",\"@id\":\"https:\/\/conversesacatalunya.cat\/#\/schema\/person\/image\/\",\"url\":\"https:\/\/conversesacatalunya.cat\/wp-content\/litespeed\/avatar\/ff91582b44ff9c880dc9c5ac2f5c7e89.jpg?ver=1777372947\",\"contentUrl\":\"https:\/\/conversesacatalunya.cat\/wp-content\/litespeed\/avatar\/ff91582b44ff9c880dc9c5ac2f5c7e89.jpg?ver=1777372947\",\"caption\":\"conversesacatalunya\"},\"url\":\"https:\/\/conversesacatalunya.cat\/es\/author\/francisco_garcia\/\"}]}<\/script>\n<!-- \/ Yoast SEO plugin. -->","yoast_head_json":{"title":"Los rebrotes acaban con la campa\u00f1a de verano - Converses a Catalunya","robots":{"index":"index","follow":"follow","max-snippet":"max-snippet:-1","max-image-preview":"max-image-preview:large","max-video-preview":"max-video-preview:-1"},"canonical":"https:\/\/conversesacatalunya.cat\/es\/rebrotes-campana-verano\/","og_locale":"es_ES","og_type":"article","og_title":"Los rebrotes acaban con la campa\u00f1a de verano - Converses a Catalunya","og_description":"Los \u00faltimos rebrotes que se est\u00e1n produciendo a lo largo de la Pen\u00ednsula Ib\u00e9rica est\u00e1n acabando con las pocas expectativas que ten\u00eda el sector hostelero. El presidente de Exceltur y CEO de Meli\u00e1, Gabriel Escarrer estima que la ocupaci\u00f3n se est\u00e1 situando en torno al 30%. La campa\u00f1a de verano representa, con car\u00e1cter general, en torno al 60-70 % de la facturaci\u00f3n anual del sector. En la hip\u00f3tesis, muy optimista, de que este a\u00f1o se venda algo menos de la mitad que el pasado, la factura podr\u00eda situarse en torno a los 40.000 millones de euros si a los ingresos dejados de percibir de los extranjeros se suman los menores gastos de los nacionales. Los datos de turismo de los nacionales que registra el INE (en este caso las cifras son trimestrales) indican que entre julio y septiembre del a\u00f1o pasado se registraron 61,16 millones de viajes, que indujeron un gasto de 19.297 millones de euros. De esta \u00faltima cantidad, 12.762 millones se gastaron en viajes en Espa\u00f1a y los 6.534 restantes, en desplazamientos al extranjero. Esta segunda partida quedar\u00e1 este a\u00f1o, con toda probabilidad, reducida a la m\u00ednima expresi\u00f3n y la primera se ver\u00e1 tambi\u00e9n mermada, porque aunque se primar\u00e1 el turismo nacional, el temor a los rebrotes del coronavirus y los efectos de la crisis econ\u00f3mica se dejar\u00e1n sentir en la propensi\u00f3n a viajar. Si a las p\u00e9rdidas calculadas para el verano con rebrotes se suman los m\u00e1s de 30.000 millones que ha dejado de ingresar el sector hasta mayo por la prohibici\u00f3n de entrada de turistas extranjeros y de movimientos de los nacionales, la factura se dispara por encima de los 70.000 millones de euros. Habr\u00e1 que esperar la evoluci\u00f3n del cuarto trimestre -cuando los operadores creen que podr\u00eda empezar a reactivarse con m\u00e1s fuerza el turismo internacional- para ver c\u00f3mo se cierra el ejercicio, pero Exceltur cree que las p\u00e9rdidas anuales superar\u00e1n los 83.000 millones. Eso significa que se evaporar\u00e1n en torno a un 60 % de los 140.300 millones que se consignaron el a\u00f1o pasado como ingresos del turismo tanto nacional como exterior: 48.066 millones de gasto de los nacionales y los 92.278 millones de los extranjeros que vienen a Espa\u00f1a. Atr\u00e1s quedar\u00e1 tambi\u00e9n la racha de siete r\u00e9cords anuales en llegadas de turistas extranjeros, que se cerr\u00f3 en 2019 con 83,7 millones. Nadie en el sector se aventura a dar una cifra de cierre del a\u00f1o, pero en mayo las llegadas segu\u00edan en los 10,6 millones de marzo, casi veinte millones menos que un a\u00f1o antes. En esos cinco meses, los ingresos de los turistas extranjeros ca\u00edan en 18.977 millones de euros y se situaban en apenas 11.707 millones. Si los rebrotes se perpet\u00faan m\u00e1s a lo largo del a\u00f1o, supondr\u00eda un golpe letal para uno de los sectores m\u00e1s importantes de Espa\u00f1a.","og_url":"https:\/\/conversesacatalunya.cat\/es\/rebrotes-campana-verano\/","og_site_name":"Converses a Catalunya","article_published_time":"2020-07-20T11:03:25+00:00","article_modified_time":"2020-07-21T08:32:01+00:00","og_image":[{"width":1098,"height":733,"url":"https:\/\/conversesacatalunya.cat\/wp-content\/uploads\/2020\/07\/Capture-8.png","type":"image\/png"}],"author":"conversesacatalunya","twitter_card":"summary_large_image","twitter_misc":{"Escrito por":"conversesacatalunya","Tiempo de lectura":"3 minutos"},"schema":{"@context":"https:\/\/schema.org","@graph":[{"@type":"Article","@id":"https:\/\/conversesacatalunya.cat\/es\/rebrotes-campana-verano\/#article","isPartOf":{"@id":"https:\/\/conversesacatalunya.cat\/es\/rebrotes-campana-verano\/"},"author":{"name":"conversesacatalunya","@id":"https:\/\/conversesacatalunya.cat\/#\/schema\/person\/a7a9496a363cd9847daf7cd659d92e64"},"headline":"Los rebrotes acaban con la campa\u00f1a de verano","datePublished":"2020-07-20T11:03:25+00:00","dateModified":"2020-07-21T08:32:01+00:00","mainEntityOfPage":{"@id":"https:\/\/conversesacatalunya.cat\/es\/rebrotes-campana-verano\/"},"wordCount":538,"commentCount":0,"image":{"@id":"https:\/\/conversesacatalunya.cat\/es\/rebrotes-campana-verano\/#primaryimage"},"thumbnailUrl":"https:\/\/conversesacatalunya.cat\/wp-content\/uploads\/2020\/07\/Capture-8.png","keywords":["Catalunya","rebrotes coronavirus","Turismo"],"articleSection":["Especial Coronavirus (ES)","Punts clau del dia (ES)"],"inLanguage":"es","potentialAction":[{"@type":"CommentAction","name":"Comment","target":["https:\/\/conversesacatalunya.cat\/es\/rebrotes-campana-verano\/#respond"]}]},{"@type":"WebPage","@id":"https:\/\/conversesacatalunya.cat\/es\/rebrotes-campana-verano\/","url":"https:\/\/conversesacatalunya.cat\/es\/rebrotes-campana-verano\/","name":"Los rebrotes acaban con la campa\u00f1a de verano - Converses a Catalunya","isPartOf":{"@id":"https:\/\/conversesacatalunya.cat\/#website"},"primaryImageOfPage":{"@id":"https:\/\/conversesacatalunya.cat\/es\/rebrotes-campana-verano\/#primaryimage"},"image":{"@id":"https:\/\/conversesacatalunya.cat\/es\/rebrotes-campana-verano\/#primaryimage"},"thumbnailUrl":"https:\/\/conversesacatalunya.cat\/wp-content\/uploads\/2020\/07\/Capture-8.png","datePublished":"2020-07-20T11:03:25+00:00","dateModified":"2020-07-21T08:32:01+00:00","author":{"@id":"https:\/\/conversesacatalunya.cat\/#\/schema\/person\/a7a9496a363cd9847daf7cd659d92e64"},"breadcrumb":{"@id":"https:\/\/conversesacatalunya.cat\/es\/rebrotes-campana-verano\/#breadcrumb"},"inLanguage":"es","potentialAction":[{"@type":"ReadAction","target":["https:\/\/conversesacatalunya.cat\/es\/rebrotes-campana-verano\/"]}]},{"@type":"ImageObject","inLanguage":"es","@id":"https:\/\/conversesacatalunya.cat\/es\/rebrotes-campana-verano\/#primaryimage","url":"https:\/\/conversesacatalunya.cat\/wp-content\/uploads\/2020\/07\/Capture-8.png","contentUrl":"https:\/\/conversesacatalunya.cat\/wp-content\/uploads\/2020\/07\/Capture-8.png","width":1098,"height":733,"caption":"Rebrots"},{"@type":"BreadcrumbList","@id":"https:\/\/conversesacatalunya.cat\/es\/rebrotes-campana-verano\/#breadcrumb","itemListElement":[{"@type":"ListItem","position":1,"name":"Inici","item":"https:\/\/conversesacatalunya.cat\/es\/"},{"@type":"ListItem","position":2,"name":"Los rebrotes acaban con la campa\u00f1a de verano"}]},{"@type":"WebSite","@id":"https:\/\/conversesacatalunya.cat\/#website","url":"https:\/\/conversesacatalunya.cat\/","name":"Converses a Catalunya","description":"","potentialAction":[{"@type":"SearchAction","target":{"@type":"EntryPoint","urlTemplate":"https:\/\/conversesacatalunya.cat\/?s={search_term_string}"},"query-input":{"@type":"PropertyValueSpecification","valueRequired":true,"valueName":"search_term_string"}}],"inLanguage":"es"},{"@type":"Person","@id":"https:\/\/conversesacatalunya.cat\/#\/schema\/person\/a7a9496a363cd9847daf7cd659d92e64","name":"conversesacatalunya","image":{"@type":"ImageObject","inLanguage":"es","@id":"https:\/\/conversesacatalunya.cat\/#\/schema\/person\/image\/","url":"https:\/\/conversesacatalunya.cat\/wp-content\/litespeed\/avatar\/ff91582b44ff9c880dc9c5ac2f5c7e89.jpg?ver=1777372947","contentUrl":"https:\/\/conversesacatalunya.cat\/wp-content\/litespeed\/avatar\/ff91582b44ff9c880dc9c5ac2f5c7e89.jpg?ver=1777372947","caption":"conversesacatalunya"},"url":"https:\/\/conversesacatalunya.cat\/es\/author\/francisco_garcia\/"}]}},"wps_subtitle":"Los \u00faltimos rebrotes acaban con las pocas expectativas que ten\u00eda el sector hostelero para la campa\u00f1a de verano. Se calcula que la ocupaci\u00f3n apenas alcanzar\u00e1 el 30%, una cifra sensiblemente inferior a la de otros a\u00f1os","_links":{"self":[{"href":"https:\/\/conversesacatalunya.cat\/es\/wp-json\/wp\/v2\/posts\/38565","targetHints":{"allow":["GET"]}}],"collection":[{"href":"https:\/\/conversesacatalunya.cat\/es\/wp-json\/wp\/v2\/posts"}],"about":[{"href":"https:\/\/conversesacatalunya.cat\/es\/wp-json\/wp\/v2\/types\/post"}],"author":[{"embeddable":true,"href":"https:\/\/conversesacatalunya.cat\/es\/wp-json\/wp\/v2\/users\/20"}],"replies":[{"embeddable":true,"href":"https:\/\/conversesacatalunya.cat\/es\/wp-json\/wp\/v2\/comments?post=38565"}],"version-history":[{"count":3,"href":"https:\/\/conversesacatalunya.cat\/es\/wp-json\/wp\/v2\/posts\/38565\/revisions"}],"predecessor-version":[{"id":38571,"href":"https:\/\/conversesacatalunya.cat\/es\/wp-json\/wp\/v2\/posts\/38565\/revisions\/38571"}],"wp:featuredmedia":[{"embeddable":true,"href":"https:\/\/conversesacatalunya.cat\/es\/wp-json\/wp\/v2\/media\/38521"}],"wp:attachment":[{"href":"https:\/\/conversesacatalunya.cat\/es\/wp-json\/wp\/v2\/media?parent=38565"}],"wp:term":[{"taxonomy":"category","embeddable":true,"href":"https:\/\/conversesacatalunya.cat\/es\/wp-json\/wp\/v2\/categories?post=38565"},{"taxonomy":"post_tag","embeddable":true,"href":"https:\/\/conversesacatalunya.cat\/es\/wp-json\/wp\/v2\/tags?post=38565"}],"curies":[{"name":"wp","href":"https:\/\/api.w.org\/{rel}","templated":true}]}}