{"id":38505,"date":"2020-07-17T12:15:54","date_gmt":"2020-07-17T10:15:54","guid":{"rendered":"https:\/\/conversesacatalunya.cat\/pandemia-ultima-hora-barcelona-confinament\/"},"modified":"2020-07-17T15:43:50","modified_gmt":"2020-07-17T13:43:50","slug":"confinamiento-ultima-hora-barcelona-se-acerca-a-la-situacion-limite","status":"publish","type":"post","link":"https:\/\/conversesacatalunya.cat\/es\/confinamiento-ultima-hora-barcelona-se-acerca-a-la-situacion-limite\/","title":{"rendered":"Confinamiento: \u00faltima hora. Barcelona se acerca a la situaci\u00f3n l\u00edmite"},"content":{"rendered":"<p>La pandemia de Covid-19 multiplica sus brotes por toda Espa\u00f1a, pero de una manera especialmente <a href=\"https:\/\/conversesacatalunya.cat\/es\/coronavirus-alerta-por-la-situacion-de-cataluna\/\" target=\"_blank\" rel=\"noopener noreferrer\">acentuada en Catalu\u00f1a<\/a> y en Arag\u00f3n. En este \u00faltimo caso el problema se ha trasladado de las comarcas lim\u00edtrofes con Catalu\u00f1a a la capital, Zaragoza, lo que complica mucho m\u00e1s la situaci\u00f3n, dado su mayor impacto sobre la poblaci\u00f3n.<\/p>\n<p>En <a href=\"https:\/\/conversesacatalunya.cat\/es\/lleida-confinada-el-fracaso-del-gobierno-queremos-soluciones\/\" target=\"_blank\" rel=\"noopener noreferrer\">el Segri\u00e0 contin\u00faa la situaci\u00f3n grave<\/a> que previsiblemente se mantendr\u00e1 en los pr\u00f3ximos d\u00edas y esperamos que no sean semanas. Pero all\u00ed donde se sit\u00faa el foco de preocupaci\u00f3n por el futuro inmediato est\u00e1 en <strong>Barcelona<\/strong>, \u200b\u200bpor el n\u00famero de casos que presenta y tambi\u00e9n por la velocidad con que se multiplican. Se ha pasado de <strong>78 casos<\/strong> en la semana del 15 al 21 de junio, a 157 la primera semana de julio, y <strong>se han multiplicado por m\u00e1s de tres<\/strong> al final de la semana siguiente, alcanzando los <strong>490 casos<\/strong>.<\/p>\n<p>Un criterio establecido es que cuando un \u00e1rea en concreto llega a una densidad de <a href=\"https:\/\/aquas.gencat.cat\/ca\/actualitat\/ultimes-dades-coronavirus\/index.html#googtrans(ca|es)\" target=\"_blank\" rel=\"noopener noreferrer\">50 casos por cada 100.000 habitantes<\/a>, es necesario introducir alg\u00fan tipo de confinamiento. Este criterio conlleva que si Barcelona se situara en los 800 casos, habr\u00eda que proceder a una restricci\u00f3n severa de movilidad y confinamiento. La cifra de 490 parece lejana a los 800, pero en realidad depende de si se mantiene la velocidad de propagaci\u00f3n o esta queda frenada. S\u00f3lo un multiplicador 2 en relaci\u00f3n con la cifra actual para los pr\u00f3ximos siete o quince d\u00edas significar\u00eda superar claramente la cifra de riesgo que pide medidas m\u00e1s contundentes. Por lo tanto, la cuesti\u00f3n se juega en las pr\u00f3ximas jornadas.<\/p>\n<p>A una escala mayor, la de los distritos, se puede observar como el Eixample con <strong>121 casos para 265.000 habitantes<\/strong> est\u00e1 en los l\u00edmites del confinamiento. Hay que considerar adem\u00e1s que en una semana, entre la primera y segunda de julio, el n\u00famero de personas que han contra\u00eddo el virus se ha multiplicado por tres. Por lo tanto, lo m\u00e1s previsible es que el Eixample supere pronto la proporci\u00f3n cr\u00edtica de 50 casos por 100.000 habitantes.<\/p>\n<span class='bctt-click-to-tweet'><span class='bctt-ctt-text'><a href='https:\/\/twitter.com\/intent\/tweet?url=https%3A%2F%2Fconversesacatalunya.cat%2Fes%2Fconfinamiento-ultima-hora-barcelona-se-acerca-a-la-situacion-limite%2F&#038;text=Contagios%3A%20Si%20Barcelona%20se%20sit%C3%BAa%20en%20los%20800%20casos%20de%20Covid-19%2C%20habr%C3%A1%20que%20proceder%20a%20una%20restricci%C3%B3n%20severa%20de%20movilidad%20y%20confinamiento&#038;via=conversesacat&#038;related=conversesacat' target='_blank'rel=\"noopener noreferrer\">Contagios: Si Barcelona se sit\u00faa en los 800 casos de Covid-19, habr\u00e1 que proceder a una restricci\u00f3n severa de movilidad y confinamiento <\/a><\/span><a href='https:\/\/twitter.com\/intent\/tweet?url=https%3A%2F%2Fconversesacatalunya.cat%2Fes%2Fconfinamiento-ultima-hora-barcelona-se-acerca-a-la-situacion-limite%2F&#038;text=Contagios%3A%20Si%20Barcelona%20se%20sit%C3%BAa%20en%20los%20800%20casos%20de%20Covid-19%2C%20habr%C3%A1%20que%20proceder%20a%20una%20restricci%C3%B3n%20severa%20de%20movilidad%20y%20confinamiento&#038;via=conversesacat&#038;related=conversesacat' target='_blank' class='bctt-ctt-btn'rel=\"noopener noreferrer\">Compartir en X<\/a><\/span>\n<p>El distrito de<strong> Sants-Montju\u00efc ya se encuentra en esta situaci\u00f3n<\/strong> y ser\u00eda prudente establecer medidas de restricci\u00f3n del distrito por presentar <strong>120 casos para una poblaci\u00f3n de 184.000 personas<\/strong>. Adem\u00e1s, su velocidad de crecimiento es muy elevada. La semana del 22 al 28 de junio presentaba 7 casos, a la siguiente se hab\u00edan elevado a 29, es decir, se hab\u00eda multiplicado por 4, y la pasada semana, del 6 al 12, se alcanzaron los 120. Es decir, se ha vuelto a cuadruplicar la cifra. Hay, por tanto, un foco concreto en esta zona, con el agravante de que parte de ella se encuentra colindante con los barrios de L&#8217;Hospitalet, que presenta la situaci\u00f3n m\u00e1s complicada. Todo el resto de la ciudad de Barcelona presenta cifras bajas. Especialmente Sant Gervasi (18 casos), Horta-Guinard\u00f3 (20 casos), y Gr\u00e0cia y Les Corts (25 casos). Pero dentro de estas magnitudes modestas, hay que prestar atenci\u00f3n a los distritos de <strong>Ciutat Vella y Nou Barris<\/strong>, porque entre la primera y la segunda semana de julio presentan un factor de crecimiento muy elevado, ya que han multiplicado sus casos por siete.<\/p>\n<p style=\"text-align: center;\">M\u00e1s informaci\u00f3n sobre el coronavirus en <a href=\"https:\/\/conversesacatalunya.cat\/es\/coronavirus\/\" target=\"_blank\" rel=\"noopener noreferrer\">ESPECIAL CORONAVIRUS<\/a><\/p>\n<div id=\"polls-59\" class=\"wp-polls\">\n\t<form id=\"polls_form_59\" class=\"wp-polls-form\" action=\"\/index.php\" method=\"post\">\n\t\t<p style=\"display: none;\"><input type=\"hidden\" id=\"poll_59_nonce\" name=\"wp-polls-nonce\" value=\"3a41bd7744\" \/><\/p>\n\t\t<p style=\"display: none;\"><input type=\"hidden\" name=\"poll_id\" value=\"59\" \/><\/p>\n\t\t<p style=\"text-align: center\"><strong>Els resultats electorals de Gal\u00edcia i Euskadi perjudiquen o beneficien al Govern espanyol?<\/strong><\/p><div id=\"polls-59-ans\" class=\"wp-polls-ans\"><ul class=\"wp-polls-ul\">\n\t\t<li><input type=\"radio\" id=\"poll-answer-124\" name=\"poll_59\" value=\"124\" \/> <label for=\"poll-answer-124\">Beneficien<\/label><\/li>\n\t\t<li><input type=\"radio\" id=\"poll-answer-125\" name=\"poll_59\" value=\"125\" \/> <label for=\"poll-answer-125\">Perjudiquen<\/label><\/li>\n\t\t<\/ul><p style=\"text-align: center\"><input type=\"button\" name=\"vote\" value=\"   Vota   \" class=\"Buttons\" onclick=\"poll_vote(59);\" \/><\/p><p style=\"text-align: center\"><a href=\"#ViewPollResults\" onclick=\"poll_result(59); return false;\" title=\"View Results Of This Poll\">Mira els resultats<\/a><\/p><\/div>\n\t<\/form>\n<\/div>\n<div id=\"polls-59-loading\" class=\"wp-polls-loading\"><img decoding=\"async\" data-src=\"https:\/\/conversesacatalunya.cat\/wp-content\/plugins\/wp-polls\/images\/loading.gif\" width=\"16\" height=\"16\" alt=\"Cargando ...\" title=\"Cargando ...\" class=\"wp-polls-image lazyload\" src=\"data:image\/svg+xml;base64,PHN2ZyB3aWR0aD0iMSIgaGVpZ2h0PSIxIiB4bWxucz0iaHR0cDovL3d3dy53My5vcmcvMjAwMC9zdmciPjwvc3ZnPg==\" style=\"--smush-placeholder-width: 16px; --smush-placeholder-aspect-ratio: 16\/16;\" \/>&nbsp;Cargando ...<\/div>\nhttps:\/\/conversesacatalunya.cat\/coronavirus\/<\/p>\n","protected":false},"excerpt":{"rendered":"<p>La pandemia de Covid-19 multiplica sus brotes por toda Espa\u00f1a, pero de una manera especialmente acentuada en Catalu\u00f1a y en Arag\u00f3n. En este \u00faltimo caso el problema se ha trasladado de las comarcas lim\u00edtrofes con Catalu\u00f1a a la capital, Zaragoza, lo que complica mucho m\u00e1s la situaci\u00f3n, dado su mayor impacto sobre la poblaci\u00f3n. En el Segri\u00e0 contin\u00faa la situaci\u00f3n grave que previsiblemente se mantendr\u00e1 en los pr\u00f3ximos d\u00edas y esperamos que no sean semanas. Pero all\u00ed donde se sit\u00faa el foco de preocupaci\u00f3n por el futuro inmediato est\u00e1 en Barcelona, \u200b\u200bpor el n\u00famero de casos que presenta y tambi\u00e9n por la velocidad con que se multiplican. Se ha pasado de 78 casos en la semana del 15 al 21 de junio, a 157 la primera semana de julio, y se han multiplicado por m\u00e1s de tres al final de la semana siguiente, alcanzando los 490 casos. Un criterio establecido es que cuando un \u00e1rea en concreto llega a una densidad de 50 casos por cada 100.000 habitantes, es necesario introducir alg\u00fan tipo de confinamiento. Este criterio conlleva que si Barcelona se situara en los 800 casos, habr\u00eda que proceder a una restricci\u00f3n severa de movilidad y confinamiento. La cifra de 490 parece lejana a los 800, pero en realidad depende de si se mantiene la velocidad de propagaci\u00f3n o esta queda frenada. S\u00f3lo un multiplicador 2 en relaci\u00f3n con la cifra actual para los pr\u00f3ximos siete o quince d\u00edas significar\u00eda superar claramente la cifra de riesgo que pide medidas m\u00e1s contundentes. Por lo tanto, la cuesti\u00f3n se juega en las pr\u00f3ximas jornadas. A una escala mayor, la de los distritos, se puede observar como el Eixample con 121 casos para 265.000 habitantes est\u00e1 en los l\u00edmites del confinamiento. Hay que considerar adem\u00e1s que en una semana, entre la primera y segunda de julio, el n\u00famero de personas que han contra\u00eddo el virus se ha multiplicado por tres. Por lo tanto, lo m\u00e1s previsible es que el Eixample supere pronto la proporci\u00f3n cr\u00edtica de 50 casos por 100.000 habitantes. El distrito de Sants-Montju\u00efc ya se encuentra en esta situaci\u00f3n y ser\u00eda prudente establecer medidas de restricci\u00f3n del distrito por presentar 120 casos para una poblaci\u00f3n de 184.000 personas. Adem\u00e1s, su velocidad de crecimiento es muy elevada. La semana del 22 al 28 de junio presentaba 7 casos, a la siguiente se hab\u00edan elevado a 29, es decir, se hab\u00eda multiplicado por 4, y la pasada semana, del 6 al 12, se alcanzaron los 120. Es decir, se ha vuelto a cuadruplicar la cifra. Hay, por tanto, un foco concreto en esta zona, con el agravante de que parte de ella se encuentra colindante con los barrios de L&#8217;Hospitalet, que presenta la situaci\u00f3n m\u00e1s complicada. Todo el resto de la ciudad de Barcelona presenta cifras bajas. Especialmente Sant Gervasi (18 casos), Horta-Guinard\u00f3 (20 casos), y Gr\u00e0cia y Les Corts (25 casos). Pero dentro de estas magnitudes modestas, hay que prestar atenci\u00f3n a los distritos de Ciutat Vella y Nou Barris, porque entre la primera y la segunda semana de julio presentan un factor de crecimiento muy elevado, ya que han multiplicado sus casos por siete. M\u00e1s informaci\u00f3n sobre el coronavirus en ESPECIAL CORONAVIRUS Coronavirus<\/p>\n","protected":false},"author":2,"featured_media":38497,"comment_status":"open","ping_status":"open","sticky":false,"template":"","format":"standard","meta":{"_FSMCFIC_featured_image_caption":"","_FSMCFIC_featured_image_nocaption":"","_FSMCFIC_featured_image_hide":"","footnotes":""},"categories":[1772,806],"tags":[1504,2597],"class_list":["post-38505","post","type-post","status-publish","format-standard","has-post-thumbnail","hentry","category-especial-coronavirus-es","category-punts-claus-del-dia-es","tag-coronavirus-es","tag-rebrotes-coronavirus"],"yoast_head":"<!-- This site is optimized with the Yoast SEO plugin v26.8 - https:\/\/yoast.com\/product\/yoast-seo-wordpress\/ -->\n<title>Confinamiento: \u00faltima hora. Barcelona se acerca a la situaci\u00f3n l\u00edmite - Converses a Catalunya<\/title>\n<meta name=\"description\" content=\"Contagios: Si Barcelona se sit\u00faa en los 800 casos de Covid-19, habr\u00e1 que proceder a una restricci\u00f3n severa de movilidad y confinamiento\" \/>\n<meta name=\"robots\" content=\"index, follow, max-snippet:-1, max-image-preview:large, max-video-preview:-1\" \/>\n<link rel=\"canonical\" href=\"https:\/\/conversesacatalunya.cat\/es\/confinamiento-ultima-hora-barcelona-se-acerca-a-la-situacion-limite\/\" \/>\n<meta property=\"og:locale\" content=\"es_ES\" \/>\n<meta property=\"og:type\" content=\"article\" \/>\n<meta property=\"og:title\" content=\"Confinamiento: \u00faltima hora. Barcelona se acerca a la situaci\u00f3n l\u00edmite - Converses a Catalunya\" \/>\n<meta property=\"og:description\" content=\"Contagios: Si Barcelona se sit\u00faa en los 800 casos de Covid-19, habr\u00e1 que proceder a una restricci\u00f3n severa de movilidad y confinamiento\" \/>\n<meta property=\"og:url\" content=\"https:\/\/conversesacatalunya.cat\/es\/confinamiento-ultima-hora-barcelona-se-acerca-a-la-situacion-limite\/\" \/>\n<meta property=\"og:site_name\" content=\"Converses a Catalunya\" \/>\n<meta property=\"article:published_time\" content=\"2020-07-17T10:15:54+00:00\" \/>\n<meta property=\"article:modified_time\" content=\"2020-07-17T13:43:50+00:00\" \/>\n<meta property=\"og:image\" content=\"https:\/\/conversesacatalunya.cat\/wp-content\/uploads\/2020\/07\/confinament.jpg\" \/>\n\t<meta property=\"og:image:width\" content=\"1600\" \/>\n\t<meta property=\"og:image:height\" content=\"900\" \/>\n\t<meta property=\"og:image:type\" content=\"image\/jpeg\" \/>\n<meta name=\"author\" content=\"conversesacatalunya\" \/>\n<meta name=\"twitter:card\" content=\"summary_large_image\" \/>\n<meta name=\"twitter:label1\" content=\"Escrito por\" \/>\n\t<meta name=\"twitter:data1\" content=\"conversesacatalunya\" \/>\n\t<meta name=\"twitter:label2\" content=\"Tiempo de lectura\" \/>\n\t<meta name=\"twitter:data2\" content=\"3 minutos\" \/>\n<script type=\"application\/ld+json\" class=\"yoast-schema-graph\">{\"@context\":\"https:\/\/schema.org\",\"@graph\":[{\"@type\":\"Article\",\"@id\":\"https:\/\/conversesacatalunya.cat\/es\/confinamiento-ultima-hora-barcelona-se-acerca-a-la-situacion-limite\/#article\",\"isPartOf\":{\"@id\":\"https:\/\/conversesacatalunya.cat\/es\/confinamiento-ultima-hora-barcelona-se-acerca-a-la-situacion-limite\/\"},\"author\":{\"name\":\"conversesacatalunya\",\"@id\":\"https:\/\/conversesacatalunya.cat\/#\/schema\/person\/7e24d1e54a2785373ddcb275eae5ed99\"},\"headline\":\"Confinamiento: \u00faltima hora. Barcelona se acerca a la situaci\u00f3n l\u00edmite\",\"datePublished\":\"2020-07-17T10:15:54+00:00\",\"dateModified\":\"2020-07-17T13:43:50+00:00\",\"mainEntityOfPage\":{\"@id\":\"https:\/\/conversesacatalunya.cat\/es\/confinamiento-ultima-hora-barcelona-se-acerca-a-la-situacion-limite\/\"},\"wordCount\":600,\"commentCount\":0,\"image\":{\"@id\":\"https:\/\/conversesacatalunya.cat\/es\/confinamiento-ultima-hora-barcelona-se-acerca-a-la-situacion-limite\/#primaryimage\"},\"thumbnailUrl\":\"https:\/\/conversesacatalunya.cat\/wp-content\/uploads\/2020\/07\/confinament.jpg\",\"keywords\":[\"coronavirus\",\"rebrotes coronavirus\"],\"articleSection\":[\"Especial Coronavirus (ES)\",\"Punts clau del dia (ES)\"],\"inLanguage\":\"es\",\"potentialAction\":[{\"@type\":\"CommentAction\",\"name\":\"Comment\",\"target\":[\"https:\/\/conversesacatalunya.cat\/es\/confinamiento-ultima-hora-barcelona-se-acerca-a-la-situacion-limite\/#respond\"]}]},{\"@type\":\"WebPage\",\"@id\":\"https:\/\/conversesacatalunya.cat\/es\/confinamiento-ultima-hora-barcelona-se-acerca-a-la-situacion-limite\/\",\"url\":\"https:\/\/conversesacatalunya.cat\/es\/confinamiento-ultima-hora-barcelona-se-acerca-a-la-situacion-limite\/\",\"name\":\"Confinamiento: \u00faltima hora. Barcelona se acerca a la situaci\u00f3n l\u00edmite - Converses a Catalunya\",\"isPartOf\":{\"@id\":\"https:\/\/conversesacatalunya.cat\/#website\"},\"primaryImageOfPage\":{\"@id\":\"https:\/\/conversesacatalunya.cat\/es\/confinamiento-ultima-hora-barcelona-se-acerca-a-la-situacion-limite\/#primaryimage\"},\"image\":{\"@id\":\"https:\/\/conversesacatalunya.cat\/es\/confinamiento-ultima-hora-barcelona-se-acerca-a-la-situacion-limite\/#primaryimage\"},\"thumbnailUrl\":\"https:\/\/conversesacatalunya.cat\/wp-content\/uploads\/2020\/07\/confinament.jpg\",\"datePublished\":\"2020-07-17T10:15:54+00:00\",\"dateModified\":\"2020-07-17T13:43:50+00:00\",\"author\":{\"@id\":\"https:\/\/conversesacatalunya.cat\/#\/schema\/person\/7e24d1e54a2785373ddcb275eae5ed99\"},\"description\":\"Contagios: Si Barcelona se sit\u00faa en los 800 casos de Covid-19, habr\u00e1 que proceder a una restricci\u00f3n severa de movilidad y confinamiento\",\"breadcrumb\":{\"@id\":\"https:\/\/conversesacatalunya.cat\/es\/confinamiento-ultima-hora-barcelona-se-acerca-a-la-situacion-limite\/#breadcrumb\"},\"inLanguage\":\"es\",\"potentialAction\":[{\"@type\":\"ReadAction\",\"target\":[\"https:\/\/conversesacatalunya.cat\/es\/confinamiento-ultima-hora-barcelona-se-acerca-a-la-situacion-limite\/\"]}]},{\"@type\":\"ImageObject\",\"inLanguage\":\"es\",\"@id\":\"https:\/\/conversesacatalunya.cat\/es\/confinamiento-ultima-hora-barcelona-se-acerca-a-la-situacion-limite\/#primaryimage\",\"url\":\"https:\/\/conversesacatalunya.cat\/wp-content\/uploads\/2020\/07\/confinament.jpg\",\"contentUrl\":\"https:\/\/conversesacatalunya.cat\/wp-content\/uploads\/2020\/07\/confinament.jpg\",\"width\":1600,\"height\":900,\"caption\":\"confinament\"},{\"@type\":\"BreadcrumbList\",\"@id\":\"https:\/\/conversesacatalunya.cat\/es\/confinamiento-ultima-hora-barcelona-se-acerca-a-la-situacion-limite\/#breadcrumb\",\"itemListElement\":[{\"@type\":\"ListItem\",\"position\":1,\"name\":\"Inici\",\"item\":\"https:\/\/conversesacatalunya.cat\/es\/\"},{\"@type\":\"ListItem\",\"position\":2,\"name\":\"Confinamiento: \u00faltima hora. Barcelona se acerca a la situaci\u00f3n l\u00edmite\"}]},{\"@type\":\"WebSite\",\"@id\":\"https:\/\/conversesacatalunya.cat\/#website\",\"url\":\"https:\/\/conversesacatalunya.cat\/\",\"name\":\"Converses a Catalunya\",\"description\":\"\",\"potentialAction\":[{\"@type\":\"SearchAction\",\"target\":{\"@type\":\"EntryPoint\",\"urlTemplate\":\"https:\/\/conversesacatalunya.cat\/?s={search_term_string}\"},\"query-input\":{\"@type\":\"PropertyValueSpecification\",\"valueRequired\":true,\"valueName\":\"search_term_string\"}}],\"inLanguage\":\"es\"},{\"@type\":\"Person\",\"@id\":\"https:\/\/conversesacatalunya.cat\/#\/schema\/person\/7e24d1e54a2785373ddcb275eae5ed99\",\"name\":\"conversesacatalunya\",\"image\":{\"@type\":\"ImageObject\",\"inLanguage\":\"es\",\"@id\":\"https:\/\/conversesacatalunya.cat\/#\/schema\/person\/image\/\",\"url\":\"https:\/\/conversesacatalunya.cat\/wp-content\/litespeed\/avatar\/febdfeeec89d950f01c748045a981dd2.jpg?ver=1777314535\",\"contentUrl\":\"https:\/\/conversesacatalunya.cat\/wp-content\/litespeed\/avatar\/febdfeeec89d950f01c748045a981dd2.jpg?ver=1777314535\",\"caption\":\"conversesacatalunya\"},\"url\":\"https:\/\/conversesacatalunya.cat\/es\/author\/carme_catala\/\"}]}<\/script>\n<!-- \/ Yoast SEO plugin. -->","yoast_head_json":{"title":"Confinamiento: \u00faltima hora. Barcelona se acerca a la situaci\u00f3n l\u00edmite - Converses a Catalunya","description":"Contagios: Si Barcelona se sit\u00faa en los 800 casos de Covid-19, habr\u00e1 que proceder a una restricci\u00f3n severa de movilidad y confinamiento","robots":{"index":"index","follow":"follow","max-snippet":"max-snippet:-1","max-image-preview":"max-image-preview:large","max-video-preview":"max-video-preview:-1"},"canonical":"https:\/\/conversesacatalunya.cat\/es\/confinamiento-ultima-hora-barcelona-se-acerca-a-la-situacion-limite\/","og_locale":"es_ES","og_type":"article","og_title":"Confinamiento: \u00faltima hora. Barcelona se acerca a la situaci\u00f3n l\u00edmite - Converses a Catalunya","og_description":"Contagios: Si Barcelona se sit\u00faa en los 800 casos de Covid-19, habr\u00e1 que proceder a una restricci\u00f3n severa de movilidad y confinamiento","og_url":"https:\/\/conversesacatalunya.cat\/es\/confinamiento-ultima-hora-barcelona-se-acerca-a-la-situacion-limite\/","og_site_name":"Converses a Catalunya","article_published_time":"2020-07-17T10:15:54+00:00","article_modified_time":"2020-07-17T13:43:50+00:00","og_image":[{"width":1600,"height":900,"url":"https:\/\/conversesacatalunya.cat\/wp-content\/uploads\/2020\/07\/confinament.jpg","type":"image\/jpeg"}],"author":"conversesacatalunya","twitter_card":"summary_large_image","twitter_misc":{"Escrito por":"conversesacatalunya","Tiempo de lectura":"3 minutos"},"schema":{"@context":"https:\/\/schema.org","@graph":[{"@type":"Article","@id":"https:\/\/conversesacatalunya.cat\/es\/confinamiento-ultima-hora-barcelona-se-acerca-a-la-situacion-limite\/#article","isPartOf":{"@id":"https:\/\/conversesacatalunya.cat\/es\/confinamiento-ultima-hora-barcelona-se-acerca-a-la-situacion-limite\/"},"author":{"name":"conversesacatalunya","@id":"https:\/\/conversesacatalunya.cat\/#\/schema\/person\/7e24d1e54a2785373ddcb275eae5ed99"},"headline":"Confinamiento: \u00faltima hora. Barcelona se acerca a la situaci\u00f3n l\u00edmite","datePublished":"2020-07-17T10:15:54+00:00","dateModified":"2020-07-17T13:43:50+00:00","mainEntityOfPage":{"@id":"https:\/\/conversesacatalunya.cat\/es\/confinamiento-ultima-hora-barcelona-se-acerca-a-la-situacion-limite\/"},"wordCount":600,"commentCount":0,"image":{"@id":"https:\/\/conversesacatalunya.cat\/es\/confinamiento-ultima-hora-barcelona-se-acerca-a-la-situacion-limite\/#primaryimage"},"thumbnailUrl":"https:\/\/conversesacatalunya.cat\/wp-content\/uploads\/2020\/07\/confinament.jpg","keywords":["coronavirus","rebrotes coronavirus"],"articleSection":["Especial Coronavirus (ES)","Punts clau del dia (ES)"],"inLanguage":"es","potentialAction":[{"@type":"CommentAction","name":"Comment","target":["https:\/\/conversesacatalunya.cat\/es\/confinamiento-ultima-hora-barcelona-se-acerca-a-la-situacion-limite\/#respond"]}]},{"@type":"WebPage","@id":"https:\/\/conversesacatalunya.cat\/es\/confinamiento-ultima-hora-barcelona-se-acerca-a-la-situacion-limite\/","url":"https:\/\/conversesacatalunya.cat\/es\/confinamiento-ultima-hora-barcelona-se-acerca-a-la-situacion-limite\/","name":"Confinamiento: \u00faltima hora. Barcelona se acerca a la situaci\u00f3n l\u00edmite - Converses a Catalunya","isPartOf":{"@id":"https:\/\/conversesacatalunya.cat\/#website"},"primaryImageOfPage":{"@id":"https:\/\/conversesacatalunya.cat\/es\/confinamiento-ultima-hora-barcelona-se-acerca-a-la-situacion-limite\/#primaryimage"},"image":{"@id":"https:\/\/conversesacatalunya.cat\/es\/confinamiento-ultima-hora-barcelona-se-acerca-a-la-situacion-limite\/#primaryimage"},"thumbnailUrl":"https:\/\/conversesacatalunya.cat\/wp-content\/uploads\/2020\/07\/confinament.jpg","datePublished":"2020-07-17T10:15:54+00:00","dateModified":"2020-07-17T13:43:50+00:00","author":{"@id":"https:\/\/conversesacatalunya.cat\/#\/schema\/person\/7e24d1e54a2785373ddcb275eae5ed99"},"description":"Contagios: Si Barcelona se sit\u00faa en los 800 casos de Covid-19, habr\u00e1 que proceder a una restricci\u00f3n severa de movilidad y confinamiento","breadcrumb":{"@id":"https:\/\/conversesacatalunya.cat\/es\/confinamiento-ultima-hora-barcelona-se-acerca-a-la-situacion-limite\/#breadcrumb"},"inLanguage":"es","potentialAction":[{"@type":"ReadAction","target":["https:\/\/conversesacatalunya.cat\/es\/confinamiento-ultima-hora-barcelona-se-acerca-a-la-situacion-limite\/"]}]},{"@type":"ImageObject","inLanguage":"es","@id":"https:\/\/conversesacatalunya.cat\/es\/confinamiento-ultima-hora-barcelona-se-acerca-a-la-situacion-limite\/#primaryimage","url":"https:\/\/conversesacatalunya.cat\/wp-content\/uploads\/2020\/07\/confinament.jpg","contentUrl":"https:\/\/conversesacatalunya.cat\/wp-content\/uploads\/2020\/07\/confinament.jpg","width":1600,"height":900,"caption":"confinament"},{"@type":"BreadcrumbList","@id":"https:\/\/conversesacatalunya.cat\/es\/confinamiento-ultima-hora-barcelona-se-acerca-a-la-situacion-limite\/#breadcrumb","itemListElement":[{"@type":"ListItem","position":1,"name":"Inici","item":"https:\/\/conversesacatalunya.cat\/es\/"},{"@type":"ListItem","position":2,"name":"Confinamiento: \u00faltima hora. Barcelona se acerca a la situaci\u00f3n l\u00edmite"}]},{"@type":"WebSite","@id":"https:\/\/conversesacatalunya.cat\/#website","url":"https:\/\/conversesacatalunya.cat\/","name":"Converses a Catalunya","description":"","potentialAction":[{"@type":"SearchAction","target":{"@type":"EntryPoint","urlTemplate":"https:\/\/conversesacatalunya.cat\/?s={search_term_string}"},"query-input":{"@type":"PropertyValueSpecification","valueRequired":true,"valueName":"search_term_string"}}],"inLanguage":"es"},{"@type":"Person","@id":"https:\/\/conversesacatalunya.cat\/#\/schema\/person\/7e24d1e54a2785373ddcb275eae5ed99","name":"conversesacatalunya","image":{"@type":"ImageObject","inLanguage":"es","@id":"https:\/\/conversesacatalunya.cat\/#\/schema\/person\/image\/","url":"https:\/\/conversesacatalunya.cat\/wp-content\/litespeed\/avatar\/febdfeeec89d950f01c748045a981dd2.jpg?ver=1777314535","contentUrl":"https:\/\/conversesacatalunya.cat\/wp-content\/litespeed\/avatar\/febdfeeec89d950f01c748045a981dd2.jpg?ver=1777314535","caption":"conversesacatalunya"},"url":"https:\/\/conversesacatalunya.cat\/es\/author\/carme_catala\/"}]}},"wps_subtitle":"Si Barcelona se sit\u00faa en los 800 casos de Covid-19, habr\u00e1 que proceder a una restricci\u00f3n severa de movilidad y confinamiento","_links":{"self":[{"href":"https:\/\/conversesacatalunya.cat\/es\/wp-json\/wp\/v2\/posts\/38505","targetHints":{"allow":["GET"]}}],"collection":[{"href":"https:\/\/conversesacatalunya.cat\/es\/wp-json\/wp\/v2\/posts"}],"about":[{"href":"https:\/\/conversesacatalunya.cat\/es\/wp-json\/wp\/v2\/types\/post"}],"author":[{"embeddable":true,"href":"https:\/\/conversesacatalunya.cat\/es\/wp-json\/wp\/v2\/users\/2"}],"replies":[{"embeddable":true,"href":"https:\/\/conversesacatalunya.cat\/es\/wp-json\/wp\/v2\/comments?post=38505"}],"version-history":[{"count":2,"href":"https:\/\/conversesacatalunya.cat\/es\/wp-json\/wp\/v2\/posts\/38505\/revisions"}],"predecessor-version":[{"id":38506,"href":"https:\/\/conversesacatalunya.cat\/es\/wp-json\/wp\/v2\/posts\/38505\/revisions\/38506"}],"wp:featuredmedia":[{"embeddable":true,"href":"https:\/\/conversesacatalunya.cat\/es\/wp-json\/wp\/v2\/media\/38497"}],"wp:attachment":[{"href":"https:\/\/conversesacatalunya.cat\/es\/wp-json\/wp\/v2\/media?parent=38505"}],"wp:term":[{"taxonomy":"category","embeddable":true,"href":"https:\/\/conversesacatalunya.cat\/es\/wp-json\/wp\/v2\/categories?post=38505"},{"taxonomy":"post_tag","embeddable":true,"href":"https:\/\/conversesacatalunya.cat\/es\/wp-json\/wp\/v2\/tags?post=38505"}],"curies":[{"name":"wp","href":"https:\/\/api.w.org\/{rel}","templated":true}]}}