{"id":38491,"date":"2020-07-17T07:58:24","date_gmt":"2020-07-17T05:58:24","guid":{"rendered":"https:\/\/conversesacatalunya.cat\/joves-i-amb-estudis-un-nou-rostre-de-la-pobresa-a-espanya\/"},"modified":"2020-07-17T10:48:46","modified_gmt":"2020-07-17T08:48:46","slug":"jovenes-y-con-estudios-un-nuevo-rostro-de-la-pobreza-en-espana","status":"publish","type":"post","link":"https:\/\/conversesacatalunya.cat\/es\/jovenes-y-con-estudios-un-nuevo-rostro-de-la-pobreza-en-espana\/","title":{"rendered":"J\u00f3venes y con estudios: un nuevo rostro de la pobreza en Espa\u00f1a"},"content":{"rendered":"<p>La <a href=\"https:\/\/conversesacatalunya.cat\/es\/la-pobreza-infantil-afecta-a-1-de-cada-3-ninos-en-espana-caixaproinfancia-ha-atendido-a-mas-de-300-000\/\" target=\"_blank\" rel=\"noopener noreferrer\">pobreza severa en Espa\u00f1a<\/a> se dispara con la crisis del coronavirus. Desde el 2008 ha mantenido un crecimiento constante, agudiz\u00e1ndose en los \u00faltimos meses. Seg\u00fan el \u00faltimo informe publicado por la red europea de lucha contra la pobreza, al menos<strong> 4,29 millones de personas en Espa\u00f1a sufren la pobreza severa<\/strong>. Por franjas de edad, los menores de 29 a\u00f1os son los que m\u00e1s sufren esta situaci\u00f3n.<\/p>\n<p>El autor del estudio, Juan Carlos Llano, explica que muchos de ellos son \u00abpersonas que &#8216;han hecho los deberes&#8217; pero que permanecen atrapadas en una estructura que no les permite desarrollarse\u00bb. En concreto, de las personas en situaci\u00f3n de pobreza severa, el 51,2% son mujeres frente a un 48,8% de hombres; y una de cada cuatro (24,3 %) tiene menos de 18 a\u00f1os, un porcentaje que <strong>se eleva hasta un 40,5% si se suman las personas entre 18 y 29 a\u00f1os<\/strong>. Por lo tanto, el autor concluye que \u00abla juventud est\u00e1 muy sobrerrepresentada\u00bb. Por otra parte, el grupo de personas mayores en pobreza severa representa el 8,7 % del total y el autor destaca que la pr\u00e1ctica totalidad de sus ingresos vienen determinados por el importe de las pensiones que reciben, es decir, que no pueden salir por s\u00ed mismas de la situaci\u00f3n de pobreza severa. Adem\u00e1s, estas personas quedan fuera del nuevo Ingreso M\u00ednimo Vital al tener m\u00e1s de 65 a\u00f1os.<\/p>\n<p>En cuanto al nivel de estudios, m\u00e1s de un 36% de las personas en pobreza severa en Espa\u00f1a han completado la segunda etapa de la educaci\u00f3n secundaria o cuenta con estudios superiores, frente a un 32,3% que s\u00f3lo ha terminado la educaci\u00f3n primaria o menos y un 31,1% que tiene la primera etapa de la educaci\u00f3n secundaria. Igualmente, el porcentaje de personas ocupadas dentro de la poblaci\u00f3n en pobreza severa es muy similar al de desempleadas. En concreto, el 30,3% tienen un trabajo frente a un 32,8% que est\u00e1n en paro. Atendiendo a la nacionalidad, el 74,1% son espa\u00f1oles frente a un 25,9% de extranjeros.<\/p>\n<p>De los datos tambi\u00e9n se desprende que algo m\u00e1s de la mitad de las personas en pobreza severa no tiene una vivienda en propiedad; y que el 8,8 % dej\u00f3 de disponer en alguna ocasi\u00f3n de alguna de sus fuentes habituales de energ\u00eda (cortes de luz o gas). Para el resto de la poblaci\u00f3n la cifra es del 0,9%. Tambi\u00e9n sufren en mayor medida, con respecto al resto de la poblaci\u00f3n, problemas como: falta de luz natural en sus viviendas, falta de espacio, falta de capacidad para sustituir muebles viejos, para arreglar goteras o mantener su vivienda a una temperatura adecuada, imposibilidad de permitirse tener Internet, coche o irse de vacaciones. Adem\u00e1s, entre el 14% y el 20% residen en zonas afectadas por ruidos, contaminaci\u00f3n, suciedad ambiental y existencia de delincuencia o vandalismo.<\/p>\n<p>En cuanto al territorio, el estudio se\u00f1ala que las cifras m\u00e1s altas de pobreza severa se dan en <strong>Canarias, Regi\u00f3n de Murcia, Andaluc\u00eda, Castilla-La Mancha y Extremadura<\/strong>, con porcentajes que oscilan entre el 13% y el 16% del total de su poblaci\u00f3n. En valores absolutos, Andaluc\u00eda agrupa a algo m\u00e1s de 1,1 millones de personas en pobreza severa; le siguen la Comunidad de Madrid, la Comunidad Valenciana y <a href=\"https:\/\/conversesacatalunya.cat\/es\/cataluna-la-autonomia-con-mas-riesgo-de-pobreza-en-la-peninsula-iberica\/\" target=\"_blank\" rel=\"noopener noreferrer\">Catalu\u00f1a<\/a> con cifras entre 420.000 y 510.000 personas.<\/p>\n<span class='bctt-click-to-tweet'><span class='bctt-ctt-text'><a href='https:\/\/twitter.com\/intent\/tweet?url=https%3A%2F%2Fconversesacatalunya.cat%2Fes%2Fjovenes-y-con-estudios-un-nuevo-rostro-de-la-pobreza-en-espana%2F&#038;text=M%C3%A1s%20de%20la%20mitad%20de%20las%20personas%20en%20pobreza%20severa%20no%20tiene%20una%20vivienda%20en%20propiedad%3B%20y%20que%20el%208%2C8%20%25%20dej%C3%B3%20de%20disponer%20en%20alguna%20ocasi%C3%B3n%20de%20alguna%20de%20sus%20fuentes%20habituales%20de%20energ%C3%ADa&#038;via=conversesacat&#038;related=conversesacat' target='_blank'rel=\"noopener noreferrer\">M\u00e1s de la mitad de las personas en pobreza severa no tiene una vivienda en propiedad; y que el 8,8 % dej\u00f3 de disponer en alguna ocasi\u00f3n de alguna de sus fuentes habituales de energ\u00eda <\/a><\/span><a href='https:\/\/twitter.com\/intent\/tweet?url=https%3A%2F%2Fconversesacatalunya.cat%2Fes%2Fjovenes-y-con-estudios-un-nuevo-rostro-de-la-pobreza-en-espana%2F&#038;text=M%C3%A1s%20de%20la%20mitad%20de%20las%20personas%20en%20pobreza%20severa%20no%20tiene%20una%20vivienda%20en%20propiedad%3B%20y%20que%20el%208%2C8%20%25%20dej%C3%B3%20de%20disponer%20en%20alguna%20ocasi%C3%B3n%20de%20alguna%20de%20sus%20fuentes%20habituales%20de%20energ%C3%ADa&#038;via=conversesacat&#038;related=conversesacat' target='_blank' class='bctt-ctt-btn'rel=\"noopener noreferrer\">Compartir en X<\/a><\/span>\n<div id=\"polls-59\" class=\"wp-polls\">\n\t<form id=\"polls_form_59\" class=\"wp-polls-form\" action=\"\/index.php\" method=\"post\">\n\t\t<p style=\"display: none;\"><input type=\"hidden\" id=\"poll_59_nonce\" name=\"wp-polls-nonce\" value=\"36de4c6193\" \/><\/p>\n\t\t<p style=\"display: none;\"><input type=\"hidden\" name=\"poll_id\" value=\"59\" \/><\/p>\n\t\t<p style=\"text-align: center\"><strong>Els resultats electorals de Gal\u00edcia i Euskadi perjudiquen o beneficien al Govern espanyol?<\/strong><\/p><div id=\"polls-59-ans\" class=\"wp-polls-ans\"><ul class=\"wp-polls-ul\">\n\t\t<li><input type=\"radio\" id=\"poll-answer-124\" name=\"poll_59\" value=\"124\" \/> <label for=\"poll-answer-124\">Beneficien<\/label><\/li>\n\t\t<li><input type=\"radio\" id=\"poll-answer-125\" name=\"poll_59\" value=\"125\" \/> <label for=\"poll-answer-125\">Perjudiquen<\/label><\/li>\n\t\t<\/ul><p style=\"text-align: center\"><input type=\"button\" name=\"vote\" value=\"   Vota   \" class=\"Buttons\" onclick=\"poll_vote(59);\" \/><\/p><p style=\"text-align: center\"><a href=\"#ViewPollResults\" onclick=\"poll_result(59); return false;\" title=\"View Results Of This Poll\">Mira els resultats<\/a><\/p><\/div>\n\t<\/form>\n<\/div>\n<div id=\"polls-59-loading\" class=\"wp-polls-loading\"><img decoding=\"async\" data-src=\"https:\/\/conversesacatalunya.cat\/wp-content\/plugins\/wp-polls\/images\/loading.gif\" width=\"16\" height=\"16\" alt=\"Cargando ...\" title=\"Cargando ...\" class=\"wp-polls-image lazyload\" src=\"data:image\/svg+xml;base64,PHN2ZyB3aWR0aD0iMSIgaGVpZ2h0PSIxIiB4bWxucz0iaHR0cDovL3d3dy53My5vcmcvMjAwMC9zdmciPjwvc3ZnPg==\" style=\"--smush-placeholder-width: 16px; --smush-placeholder-aspect-ratio: 16\/16;\" \/>&nbsp;Cargando ...<\/div>\n\n","protected":false},"excerpt":{"rendered":"<p>La pobreza severa en Espa\u00f1a se dispara con la crisis del coronavirus. Desde el 2008 ha mantenido un crecimiento constante, agudiz\u00e1ndose en los \u00faltimos meses. Seg\u00fan el \u00faltimo informe publicado por la red europea de lucha contra la pobreza, al menos 4,29 millones de personas en Espa\u00f1a sufren la pobreza severa. Por franjas de edad, los menores de 29 a\u00f1os son los que m\u00e1s sufren esta situaci\u00f3n. El autor del estudio, Juan Carlos Llano, explica que muchos de ellos son \u00abpersonas que &#8216;han hecho los deberes&#8217; pero que permanecen atrapadas en una estructura que no les permite desarrollarse\u00bb. En concreto, de las personas en situaci\u00f3n de pobreza severa, el 51,2% son mujeres frente a un 48,8% de hombres; y una de cada cuatro (24,3 %) tiene menos de 18 a\u00f1os, un porcentaje que se eleva hasta un 40,5% si se suman las personas entre 18 y 29 a\u00f1os. Por lo tanto, el autor concluye que \u00abla juventud est\u00e1 muy sobrerrepresentada\u00bb. Por otra parte, el grupo de personas mayores en pobreza severa representa el 8,7 % del total y el autor destaca que la pr\u00e1ctica totalidad de sus ingresos vienen determinados por el importe de las pensiones que reciben, es decir, que no pueden salir por s\u00ed mismas de la situaci\u00f3n de pobreza severa. Adem\u00e1s, estas personas quedan fuera del nuevo Ingreso M\u00ednimo Vital al tener m\u00e1s de 65 a\u00f1os. En cuanto al nivel de estudios, m\u00e1s de un 36% de las personas en pobreza severa en Espa\u00f1a han completado la segunda etapa de la educaci\u00f3n secundaria o cuenta con estudios superiores, frente a un 32,3% que s\u00f3lo ha terminado la educaci\u00f3n primaria o menos y un 31,1% que tiene la primera etapa de la educaci\u00f3n secundaria. Igualmente, el porcentaje de personas ocupadas dentro de la poblaci\u00f3n en pobreza severa es muy similar al de desempleadas. En concreto, el 30,3% tienen un trabajo frente a un 32,8% que est\u00e1n en paro. Atendiendo a la nacionalidad, el 74,1% son espa\u00f1oles frente a un 25,9% de extranjeros. De los datos tambi\u00e9n se desprende que algo m\u00e1s de la mitad de las personas en pobreza severa no tiene una vivienda en propiedad; y que el 8,8 % dej\u00f3 de disponer en alguna ocasi\u00f3n de alguna de sus fuentes habituales de energ\u00eda (cortes de luz o gas). Para el resto de la poblaci\u00f3n la cifra es del 0,9%. Tambi\u00e9n sufren en mayor medida, con respecto al resto de la poblaci\u00f3n, problemas como: falta de luz natural en sus viviendas, falta de espacio, falta de capacidad para sustituir muebles viejos, para arreglar goteras o mantener su vivienda a una temperatura adecuada, imposibilidad de permitirse tener Internet, coche o irse de vacaciones. Adem\u00e1s, entre el 14% y el 20% residen en zonas afectadas por ruidos, contaminaci\u00f3n, suciedad ambiental y existencia de delincuencia o vandalismo. En cuanto al territorio, el estudio se\u00f1ala que las cifras m\u00e1s altas de pobreza severa se dan en Canarias, Regi\u00f3n de Murcia, Andaluc\u00eda, Castilla-La Mancha y Extremadura, con porcentajes que oscilan entre el 13% y el 16% del total de su poblaci\u00f3n. En valores absolutos, Andaluc\u00eda agrupa a algo m\u00e1s de 1,1 millones de personas en pobreza severa; le siguen la Comunidad de Madrid, la Comunidad Valenciana y Catalu\u00f1a con cifras entre 420.000 y 510.000 personas.<\/p>\n","protected":false},"author":20,"featured_media":38486,"comment_status":"open","ping_status":"open","sticky":false,"template":"","format":"standard","meta":{"_FSMCFIC_featured_image_caption":"","_FSMCFIC_featured_image_nocaption":"","_FSMCFIC_featured_image_hide":"","footnotes":""},"categories":[806],"tags":[984],"class_list":["post-38491","post","type-post","status-publish","format-standard","has-post-thumbnail","hentry","category-punts-claus-del-dia-es","tag-pobreza"],"yoast_head":"<!-- This site is optimized with the Yoast SEO plugin v26.8 - https:\/\/yoast.com\/product\/yoast-seo-wordpress\/ -->\n<title>J\u00f3venes y con estudios: un nuevo rostro de la pobreza en Espa\u00f1a -<\/title>\n<meta name=\"robots\" content=\"noindex, nofollow\" \/>\n<meta property=\"og:locale\" content=\"es_ES\" \/>\n<meta property=\"og:type\" content=\"article\" \/>\n<meta property=\"og:title\" content=\"J\u00f3venes y con estudios: un nuevo rostro de la pobreza en Espa\u00f1a -\" \/>\n<meta property=\"og:description\" content=\"La pobreza severa en Espa\u00f1a se dispara con la crisis del coronavirus. Desde el 2008 ha mantenido un crecimiento constante, agudiz\u00e1ndose en los \u00faltimos meses. Seg\u00fan el \u00faltimo informe publicado por la red europea de lucha contra la pobreza, al menos 4,29 millones de personas en Espa\u00f1a sufren la pobreza severa. Por franjas de edad, los menores de 29 a\u00f1os son los que m\u00e1s sufren esta situaci\u00f3n. El autor del estudio, Juan Carlos Llano, explica que muchos de ellos son \u00abpersonas que &#8216;han hecho los deberes&#8217; pero que permanecen atrapadas en una estructura que no les permite desarrollarse\u00bb. En concreto, de las personas en situaci\u00f3n de pobreza severa, el 51,2% son mujeres frente a un 48,8% de hombres; y una de cada cuatro (24,3 %) tiene menos de 18 a\u00f1os, un porcentaje que se eleva hasta un 40,5% si se suman las personas entre 18 y 29 a\u00f1os. Por lo tanto, el autor concluye que \u00abla juventud est\u00e1 muy sobrerrepresentada\u00bb. Por otra parte, el grupo de personas mayores en pobreza severa representa el 8,7 % del total y el autor destaca que la pr\u00e1ctica totalidad de sus ingresos vienen determinados por el importe de las pensiones que reciben, es decir, que no pueden salir por s\u00ed mismas de la situaci\u00f3n de pobreza severa. Adem\u00e1s, estas personas quedan fuera del nuevo Ingreso M\u00ednimo Vital al tener m\u00e1s de 65 a\u00f1os. En cuanto al nivel de estudios, m\u00e1s de un 36% de las personas en pobreza severa en Espa\u00f1a han completado la segunda etapa de la educaci\u00f3n secundaria o cuenta con estudios superiores, frente a un 32,3% que s\u00f3lo ha terminado la educaci\u00f3n primaria o menos y un 31,1% que tiene la primera etapa de la educaci\u00f3n secundaria. Igualmente, el porcentaje de personas ocupadas dentro de la poblaci\u00f3n en pobreza severa es muy similar al de desempleadas. En concreto, el 30,3% tienen un trabajo frente a un 32,8% que est\u00e1n en paro. Atendiendo a la nacionalidad, el 74,1% son espa\u00f1oles frente a un 25,9% de extranjeros. De los datos tambi\u00e9n se desprende que algo m\u00e1s de la mitad de las personas en pobreza severa no tiene una vivienda en propiedad; y que el 8,8 % dej\u00f3 de disponer en alguna ocasi\u00f3n de alguna de sus fuentes habituales de energ\u00eda (cortes de luz o gas). Para el resto de la poblaci\u00f3n la cifra es del 0,9%. Tambi\u00e9n sufren en mayor medida, con respecto al resto de la poblaci\u00f3n, problemas como: falta de luz natural en sus viviendas, falta de espacio, falta de capacidad para sustituir muebles viejos, para arreglar goteras o mantener su vivienda a una temperatura adecuada, imposibilidad de permitirse tener Internet, coche o irse de vacaciones. Adem\u00e1s, entre el 14% y el 20% residen en zonas afectadas por ruidos, contaminaci\u00f3n, suciedad ambiental y existencia de delincuencia o vandalismo. En cuanto al territorio, el estudio se\u00f1ala que las cifras m\u00e1s altas de pobreza severa se dan en Canarias, Regi\u00f3n de Murcia, Andaluc\u00eda, Castilla-La Mancha y Extremadura, con porcentajes que oscilan entre el 13% y el 16% del total de su poblaci\u00f3n. En valores absolutos, Andaluc\u00eda agrupa a algo m\u00e1s de 1,1 millones de personas en pobreza severa; le siguen la Comunidad de Madrid, la Comunidad Valenciana y Catalu\u00f1a con cifras entre 420.000 y 510.000 personas.\" \/>\n<meta property=\"og:url\" content=\"https:\/\/conversesacatalunya.cat\/es\/jovenes-y-con-estudios-un-nuevo-rostro-de-la-pobreza-en-espana\/\" \/>\n<meta property=\"og:site_name\" content=\"Converses a Catalunya\" \/>\n<meta property=\"article:published_time\" content=\"2020-07-17T05:58:24+00:00\" \/>\n<meta property=\"article:modified_time\" content=\"2020-07-17T08:48:46+00:00\" \/>\n<meta property=\"og:image\" content=\"https:\/\/conversesacatalunya.cat\/wp-content\/uploads\/2020\/07\/Capture-7.png\" \/>\n\t<meta property=\"og:image:width\" content=\"1094\" \/>\n\t<meta property=\"og:image:height\" content=\"725\" \/>\n\t<meta property=\"og:image:type\" content=\"image\/png\" \/>\n<meta name=\"author\" content=\"conversesacatalunya\" \/>\n<meta name=\"twitter:card\" content=\"summary_large_image\" \/>\n<meta name=\"twitter:label1\" content=\"Escrito por\" \/>\n\t<meta name=\"twitter:data1\" content=\"conversesacatalunya\" \/>\n\t<meta name=\"twitter:label2\" content=\"Tiempo de lectura\" \/>\n\t<meta name=\"twitter:data2\" content=\"3 minutos\" \/>\n<script type=\"application\/ld+json\" class=\"yoast-schema-graph\">{\"@context\":\"https:\/\/schema.org\",\"@graph\":[{\"@type\":\"Article\",\"@id\":\"https:\/\/conversesacatalunya.cat\/es\/jovenes-y-con-estudios-un-nuevo-rostro-de-la-pobreza-en-espana\/#article\",\"isPartOf\":{\"@id\":\"https:\/\/conversesacatalunya.cat\/es\/jovenes-y-con-estudios-un-nuevo-rostro-de-la-pobreza-en-espana\/\"},\"author\":{\"name\":\"conversesacatalunya\",\"@id\":\"https:\/\/conversesacatalunya.cat\/#\/schema\/person\/a7a9496a363cd9847daf7cd659d92e64\"},\"headline\":\"J\u00f3venes y con estudios: un nuevo rostro de la pobreza en Espa\u00f1a\",\"datePublished\":\"2020-07-17T05:58:24+00:00\",\"dateModified\":\"2020-07-17T08:48:46+00:00\",\"mainEntityOfPage\":{\"@id\":\"https:\/\/conversesacatalunya.cat\/es\/jovenes-y-con-estudios-un-nuevo-rostro-de-la-pobreza-en-espana\/\"},\"wordCount\":610,\"commentCount\":0,\"image\":{\"@id\":\"https:\/\/conversesacatalunya.cat\/es\/jovenes-y-con-estudios-un-nuevo-rostro-de-la-pobreza-en-espana\/#primaryimage\"},\"thumbnailUrl\":\"https:\/\/conversesacatalunya.cat\/wp-content\/uploads\/2020\/07\/Capture-7.png\",\"keywords\":[\"pobreza\"],\"articleSection\":[\"Punts clau del dia (ES)\"],\"inLanguage\":\"es\",\"potentialAction\":[{\"@type\":\"CommentAction\",\"name\":\"Comment\",\"target\":[\"https:\/\/conversesacatalunya.cat\/es\/jovenes-y-con-estudios-un-nuevo-rostro-de-la-pobreza-en-espana\/#respond\"]}]},{\"@type\":\"WebPage\",\"@id\":\"https:\/\/conversesacatalunya.cat\/es\/jovenes-y-con-estudios-un-nuevo-rostro-de-la-pobreza-en-espana\/\",\"url\":\"https:\/\/conversesacatalunya.cat\/es\/jovenes-y-con-estudios-un-nuevo-rostro-de-la-pobreza-en-espana\/\",\"name\":\"J\u00f3venes y con estudios: un nuevo rostro de la pobreza en Espa\u00f1a -\",\"isPartOf\":{\"@id\":\"https:\/\/conversesacatalunya.cat\/#website\"},\"primaryImageOfPage\":{\"@id\":\"https:\/\/conversesacatalunya.cat\/es\/jovenes-y-con-estudios-un-nuevo-rostro-de-la-pobreza-en-espana\/#primaryimage\"},\"image\":{\"@id\":\"https:\/\/conversesacatalunya.cat\/es\/jovenes-y-con-estudios-un-nuevo-rostro-de-la-pobreza-en-espana\/#primaryimage\"},\"thumbnailUrl\":\"https:\/\/conversesacatalunya.cat\/wp-content\/uploads\/2020\/07\/Capture-7.png\",\"datePublished\":\"2020-07-17T05:58:24+00:00\",\"dateModified\":\"2020-07-17T08:48:46+00:00\",\"author\":{\"@id\":\"https:\/\/conversesacatalunya.cat\/#\/schema\/person\/a7a9496a363cd9847daf7cd659d92e64\"},\"breadcrumb\":{\"@id\":\"https:\/\/conversesacatalunya.cat\/es\/jovenes-y-con-estudios-un-nuevo-rostro-de-la-pobreza-en-espana\/#breadcrumb\"},\"inLanguage\":\"es\",\"potentialAction\":[{\"@type\":\"ReadAction\",\"target\":[\"https:\/\/conversesacatalunya.cat\/es\/jovenes-y-con-estudios-un-nuevo-rostro-de-la-pobreza-en-espana\/\"]}]},{\"@type\":\"ImageObject\",\"inLanguage\":\"es\",\"@id\":\"https:\/\/conversesacatalunya.cat\/es\/jovenes-y-con-estudios-un-nuevo-rostro-de-la-pobreza-en-espana\/#primaryimage\",\"url\":\"https:\/\/conversesacatalunya.cat\/wp-content\/uploads\/2020\/07\/Capture-7.png\",\"contentUrl\":\"https:\/\/conversesacatalunya.cat\/wp-content\/uploads\/2020\/07\/Capture-7.png\",\"width\":1094,\"height\":725,\"caption\":\"Pobresa\"},{\"@type\":\"BreadcrumbList\",\"@id\":\"https:\/\/conversesacatalunya.cat\/es\/jovenes-y-con-estudios-un-nuevo-rostro-de-la-pobreza-en-espana\/#breadcrumb\",\"itemListElement\":[{\"@type\":\"ListItem\",\"position\":1,\"name\":\"Inici\",\"item\":\"https:\/\/conversesacatalunya.cat\/es\/\"},{\"@type\":\"ListItem\",\"position\":2,\"name\":\"J\u00f3venes y con estudios: un nuevo rostro de la pobreza en Espa\u00f1a\"}]},{\"@type\":\"WebSite\",\"@id\":\"https:\/\/conversesacatalunya.cat\/#website\",\"url\":\"https:\/\/conversesacatalunya.cat\/\",\"name\":\"Converses a Catalunya\",\"description\":\"\",\"potentialAction\":[{\"@type\":\"SearchAction\",\"target\":{\"@type\":\"EntryPoint\",\"urlTemplate\":\"https:\/\/conversesacatalunya.cat\/?s={search_term_string}\"},\"query-input\":{\"@type\":\"PropertyValueSpecification\",\"valueRequired\":true,\"valueName\":\"search_term_string\"}}],\"inLanguage\":\"es\"},{\"@type\":\"Person\",\"@id\":\"https:\/\/conversesacatalunya.cat\/#\/schema\/person\/a7a9496a363cd9847daf7cd659d92e64\",\"name\":\"conversesacatalunya\",\"image\":{\"@type\":\"ImageObject\",\"inLanguage\":\"es\",\"@id\":\"https:\/\/conversesacatalunya.cat\/#\/schema\/person\/image\/\",\"url\":\"https:\/\/conversesacatalunya.cat\/wp-content\/litespeed\/avatar\/ff91582b44ff9c880dc9c5ac2f5c7e89.jpg?ver=1777372947\",\"contentUrl\":\"https:\/\/conversesacatalunya.cat\/wp-content\/litespeed\/avatar\/ff91582b44ff9c880dc9c5ac2f5c7e89.jpg?ver=1777372947\",\"caption\":\"conversesacatalunya\"},\"url\":\"https:\/\/conversesacatalunya.cat\/es\/author\/francisco_garcia\/\"}]}<\/script>\n<!-- \/ Yoast SEO plugin. -->","yoast_head_json":{"title":"J\u00f3venes y con estudios: un nuevo rostro de la pobreza en Espa\u00f1a -","robots":{"index":"noindex","follow":"nofollow"},"og_locale":"es_ES","og_type":"article","og_title":"J\u00f3venes y con estudios: un nuevo rostro de la pobreza en Espa\u00f1a -","og_description":"La pobreza severa en Espa\u00f1a se dispara con la crisis del coronavirus. Desde el 2008 ha mantenido un crecimiento constante, agudiz\u00e1ndose en los \u00faltimos meses. Seg\u00fan el \u00faltimo informe publicado por la red europea de lucha contra la pobreza, al menos 4,29 millones de personas en Espa\u00f1a sufren la pobreza severa. Por franjas de edad, los menores de 29 a\u00f1os son los que m\u00e1s sufren esta situaci\u00f3n. El autor del estudio, Juan Carlos Llano, explica que muchos de ellos son \u00abpersonas que &#8216;han hecho los deberes&#8217; pero que permanecen atrapadas en una estructura que no les permite desarrollarse\u00bb. En concreto, de las personas en situaci\u00f3n de pobreza severa, el 51,2% son mujeres frente a un 48,8% de hombres; y una de cada cuatro (24,3 %) tiene menos de 18 a\u00f1os, un porcentaje que se eleva hasta un 40,5% si se suman las personas entre 18 y 29 a\u00f1os. Por lo tanto, el autor concluye que \u00abla juventud est\u00e1 muy sobrerrepresentada\u00bb. Por otra parte, el grupo de personas mayores en pobreza severa representa el 8,7 % del total y el autor destaca que la pr\u00e1ctica totalidad de sus ingresos vienen determinados por el importe de las pensiones que reciben, es decir, que no pueden salir por s\u00ed mismas de la situaci\u00f3n de pobreza severa. Adem\u00e1s, estas personas quedan fuera del nuevo Ingreso M\u00ednimo Vital al tener m\u00e1s de 65 a\u00f1os. En cuanto al nivel de estudios, m\u00e1s de un 36% de las personas en pobreza severa en Espa\u00f1a han completado la segunda etapa de la educaci\u00f3n secundaria o cuenta con estudios superiores, frente a un 32,3% que s\u00f3lo ha terminado la educaci\u00f3n primaria o menos y un 31,1% que tiene la primera etapa de la educaci\u00f3n secundaria. Igualmente, el porcentaje de personas ocupadas dentro de la poblaci\u00f3n en pobreza severa es muy similar al de desempleadas. En concreto, el 30,3% tienen un trabajo frente a un 32,8% que est\u00e1n en paro. Atendiendo a la nacionalidad, el 74,1% son espa\u00f1oles frente a un 25,9% de extranjeros. De los datos tambi\u00e9n se desprende que algo m\u00e1s de la mitad de las personas en pobreza severa no tiene una vivienda en propiedad; y que el 8,8 % dej\u00f3 de disponer en alguna ocasi\u00f3n de alguna de sus fuentes habituales de energ\u00eda (cortes de luz o gas). Para el resto de la poblaci\u00f3n la cifra es del 0,9%. Tambi\u00e9n sufren en mayor medida, con respecto al resto de la poblaci\u00f3n, problemas como: falta de luz natural en sus viviendas, falta de espacio, falta de capacidad para sustituir muebles viejos, para arreglar goteras o mantener su vivienda a una temperatura adecuada, imposibilidad de permitirse tener Internet, coche o irse de vacaciones. Adem\u00e1s, entre el 14% y el 20% residen en zonas afectadas por ruidos, contaminaci\u00f3n, suciedad ambiental y existencia de delincuencia o vandalismo. En cuanto al territorio, el estudio se\u00f1ala que las cifras m\u00e1s altas de pobreza severa se dan en Canarias, Regi\u00f3n de Murcia, Andaluc\u00eda, Castilla-La Mancha y Extremadura, con porcentajes que oscilan entre el 13% y el 16% del total de su poblaci\u00f3n. En valores absolutos, Andaluc\u00eda agrupa a algo m\u00e1s de 1,1 millones de personas en pobreza severa; le siguen la Comunidad de Madrid, la Comunidad Valenciana y Catalu\u00f1a con cifras entre 420.000 y 510.000 personas.","og_url":"https:\/\/conversesacatalunya.cat\/es\/jovenes-y-con-estudios-un-nuevo-rostro-de-la-pobreza-en-espana\/","og_site_name":"Converses a Catalunya","article_published_time":"2020-07-17T05:58:24+00:00","article_modified_time":"2020-07-17T08:48:46+00:00","og_image":[{"width":1094,"height":725,"url":"https:\/\/conversesacatalunya.cat\/wp-content\/uploads\/2020\/07\/Capture-7.png","type":"image\/png"}],"author":"conversesacatalunya","twitter_card":"summary_large_image","twitter_misc":{"Escrito por":"conversesacatalunya","Tiempo de lectura":"3 minutos"},"schema":{"@context":"https:\/\/schema.org","@graph":[{"@type":"Article","@id":"https:\/\/conversesacatalunya.cat\/es\/jovenes-y-con-estudios-un-nuevo-rostro-de-la-pobreza-en-espana\/#article","isPartOf":{"@id":"https:\/\/conversesacatalunya.cat\/es\/jovenes-y-con-estudios-un-nuevo-rostro-de-la-pobreza-en-espana\/"},"author":{"name":"conversesacatalunya","@id":"https:\/\/conversesacatalunya.cat\/#\/schema\/person\/a7a9496a363cd9847daf7cd659d92e64"},"headline":"J\u00f3venes y con estudios: un nuevo rostro de la pobreza en Espa\u00f1a","datePublished":"2020-07-17T05:58:24+00:00","dateModified":"2020-07-17T08:48:46+00:00","mainEntityOfPage":{"@id":"https:\/\/conversesacatalunya.cat\/es\/jovenes-y-con-estudios-un-nuevo-rostro-de-la-pobreza-en-espana\/"},"wordCount":610,"commentCount":0,"image":{"@id":"https:\/\/conversesacatalunya.cat\/es\/jovenes-y-con-estudios-un-nuevo-rostro-de-la-pobreza-en-espana\/#primaryimage"},"thumbnailUrl":"https:\/\/conversesacatalunya.cat\/wp-content\/uploads\/2020\/07\/Capture-7.png","keywords":["pobreza"],"articleSection":["Punts clau del dia (ES)"],"inLanguage":"es","potentialAction":[{"@type":"CommentAction","name":"Comment","target":["https:\/\/conversesacatalunya.cat\/es\/jovenes-y-con-estudios-un-nuevo-rostro-de-la-pobreza-en-espana\/#respond"]}]},{"@type":"WebPage","@id":"https:\/\/conversesacatalunya.cat\/es\/jovenes-y-con-estudios-un-nuevo-rostro-de-la-pobreza-en-espana\/","url":"https:\/\/conversesacatalunya.cat\/es\/jovenes-y-con-estudios-un-nuevo-rostro-de-la-pobreza-en-espana\/","name":"J\u00f3venes y con estudios: un nuevo rostro de la pobreza en Espa\u00f1a -","isPartOf":{"@id":"https:\/\/conversesacatalunya.cat\/#website"},"primaryImageOfPage":{"@id":"https:\/\/conversesacatalunya.cat\/es\/jovenes-y-con-estudios-un-nuevo-rostro-de-la-pobreza-en-espana\/#primaryimage"},"image":{"@id":"https:\/\/conversesacatalunya.cat\/es\/jovenes-y-con-estudios-un-nuevo-rostro-de-la-pobreza-en-espana\/#primaryimage"},"thumbnailUrl":"https:\/\/conversesacatalunya.cat\/wp-content\/uploads\/2020\/07\/Capture-7.png","datePublished":"2020-07-17T05:58:24+00:00","dateModified":"2020-07-17T08:48:46+00:00","author":{"@id":"https:\/\/conversesacatalunya.cat\/#\/schema\/person\/a7a9496a363cd9847daf7cd659d92e64"},"breadcrumb":{"@id":"https:\/\/conversesacatalunya.cat\/es\/jovenes-y-con-estudios-un-nuevo-rostro-de-la-pobreza-en-espana\/#breadcrumb"},"inLanguage":"es","potentialAction":[{"@type":"ReadAction","target":["https:\/\/conversesacatalunya.cat\/es\/jovenes-y-con-estudios-un-nuevo-rostro-de-la-pobreza-en-espana\/"]}]},{"@type":"ImageObject","inLanguage":"es","@id":"https:\/\/conversesacatalunya.cat\/es\/jovenes-y-con-estudios-un-nuevo-rostro-de-la-pobreza-en-espana\/#primaryimage","url":"https:\/\/conversesacatalunya.cat\/wp-content\/uploads\/2020\/07\/Capture-7.png","contentUrl":"https:\/\/conversesacatalunya.cat\/wp-content\/uploads\/2020\/07\/Capture-7.png","width":1094,"height":725,"caption":"Pobresa"},{"@type":"BreadcrumbList","@id":"https:\/\/conversesacatalunya.cat\/es\/jovenes-y-con-estudios-un-nuevo-rostro-de-la-pobreza-en-espana\/#breadcrumb","itemListElement":[{"@type":"ListItem","position":1,"name":"Inici","item":"https:\/\/conversesacatalunya.cat\/es\/"},{"@type":"ListItem","position":2,"name":"J\u00f3venes y con estudios: un nuevo rostro de la pobreza en Espa\u00f1a"}]},{"@type":"WebSite","@id":"https:\/\/conversesacatalunya.cat\/#website","url":"https:\/\/conversesacatalunya.cat\/","name":"Converses a Catalunya","description":"","potentialAction":[{"@type":"SearchAction","target":{"@type":"EntryPoint","urlTemplate":"https:\/\/conversesacatalunya.cat\/?s={search_term_string}"},"query-input":{"@type":"PropertyValueSpecification","valueRequired":true,"valueName":"search_term_string"}}],"inLanguage":"es"},{"@type":"Person","@id":"https:\/\/conversesacatalunya.cat\/#\/schema\/person\/a7a9496a363cd9847daf7cd659d92e64","name":"conversesacatalunya","image":{"@type":"ImageObject","inLanguage":"es","@id":"https:\/\/conversesacatalunya.cat\/#\/schema\/person\/image\/","url":"https:\/\/conversesacatalunya.cat\/wp-content\/litespeed\/avatar\/ff91582b44ff9c880dc9c5ac2f5c7e89.jpg?ver=1777372947","contentUrl":"https:\/\/conversesacatalunya.cat\/wp-content\/litespeed\/avatar\/ff91582b44ff9c880dc9c5ac2f5c7e89.jpg?ver=1777372947","caption":"conversesacatalunya"},"url":"https:\/\/conversesacatalunya.cat\/es\/author\/francisco_garcia\/"}]}},"wps_subtitle":"La pobreza en Espa\u00f1a se est\u00e1 incrementado en gran medida con el estallido de la crisis del coronavirus. El 40,5% de este grupo son j\u00f3venes menores de 29 a\u00f1os","_links":{"self":[{"href":"https:\/\/conversesacatalunya.cat\/es\/wp-json\/wp\/v2\/posts\/38491","targetHints":{"allow":["GET"]}}],"collection":[{"href":"https:\/\/conversesacatalunya.cat\/es\/wp-json\/wp\/v2\/posts"}],"about":[{"href":"https:\/\/conversesacatalunya.cat\/es\/wp-json\/wp\/v2\/types\/post"}],"author":[{"embeddable":true,"href":"https:\/\/conversesacatalunya.cat\/es\/wp-json\/wp\/v2\/users\/20"}],"replies":[{"embeddable":true,"href":"https:\/\/conversesacatalunya.cat\/es\/wp-json\/wp\/v2\/comments?post=38491"}],"version-history":[{"count":2,"href":"https:\/\/conversesacatalunya.cat\/es\/wp-json\/wp\/v2\/posts\/38491\/revisions"}],"predecessor-version":[{"id":38493,"href":"https:\/\/conversesacatalunya.cat\/es\/wp-json\/wp\/v2\/posts\/38491\/revisions\/38493"}],"wp:featuredmedia":[{"embeddable":true,"href":"https:\/\/conversesacatalunya.cat\/es\/wp-json\/wp\/v2\/media\/38486"}],"wp:attachment":[{"href":"https:\/\/conversesacatalunya.cat\/es\/wp-json\/wp\/v2\/media?parent=38491"}],"wp:term":[{"taxonomy":"category","embeddable":true,"href":"https:\/\/conversesacatalunya.cat\/es\/wp-json\/wp\/v2\/categories?post=38491"},{"taxonomy":"post_tag","embeddable":true,"href":"https:\/\/conversesacatalunya.cat\/es\/wp-json\/wp\/v2\/tags?post=38491"}],"curies":[{"name":"wp","href":"https:\/\/api.w.org\/{rel}","templated":true}]}}