{"id":38468,"date":"2020-07-16T12:33:18","date_gmt":"2020-07-16T10:33:18","guid":{"rendered":"https:\/\/conversesacatalunya.cat\/tv3-cas-sandro-rosell\/"},"modified":"2020-07-16T12:56:22","modified_gmt":"2020-07-16T10:56:22","slug":"tv3-caso-sandro-rosell","status":"publish","type":"post","link":"https:\/\/conversesacatalunya.cat\/es\/tv3-caso-sandro-rosell\/","title":{"rendered":"TV3: Caso Sandro Rosell"},"content":{"rendered":"<p>Es bien sabido que <strong>Jaume Roures<\/strong> es un poder f\u00e1ctico, y que ciertamente no permanece en la sombra, sino que es bien conocido. Su potencial medi\u00e1tico a trav\u00e9s del conglomerado <a href=\"https:\/\/www.mediapro.tv\/es\/\" target=\"_blank\" rel=\"noopener noreferrer\">Mediapro<\/a> le otorga una posici\u00f3n predominante, que se ve favorecida por el buen trato de los poderes p\u00fablicos en Catalu\u00f1a y del gobierno espa\u00f1ol. Concretamente es, de hecho, la m\u00e1xima autoridad sobre TV3, por encima del mismo gobierno de la Generalitat. Hay programas completos como <em>Preguntes Freq\u00fcents<\/em> (FAQs) que <a href=\"https:\/\/conversesacatalunya.cat\/es\/quien-es-jaume-roures-el-nuevo-dueno-de-cataluna\/\" target=\"_blank\" rel=\"noopener noreferrer\">responden directamente a sus intereses<\/a>.<\/p>\n<p>Una dimensi\u00f3n espec\u00edfica de esta hegemon\u00eda de Jaume Roures se manifiesta en su enfrentamiento con <strong>Sandro Rosell<\/strong> que, como es sabido, permaneci\u00f3 dos a\u00f1os en prisi\u00f3n provisional para acabar siendo finalmente absuelto, en un caso que desde el primer momento resultaba dif\u00edcil de entender que existiera ning\u00fan tipo de delito. Sandro Rossell relaciona su situaci\u00f3n pasada con Jaume Roures y este hecho ya dio lugar a pol\u00e9micas, precisamente con el programa <em>Preguntes Freq\u00fcents<\/em>.<\/p>\n<p>Ahora la cuesti\u00f3n ha vuelto a emerger porque Sandro Rosell <strong>cay\u00f3 de la lista de invitados<\/strong> a este programa, lo que ha dado lugar a una pol\u00e9mica a lo largo de esta semana. El director de TV3, <strong>Vicent Sanch\u00eds<\/strong>, justific\u00f3 esta situaci\u00f3n en los siguientes t\u00e9rminos: \u00abEl documental <em>El cas Rosell<\/em> -que ya fue motivo de pol\u00e9mica porque la versi\u00f3n que se dio en TV3 no correspond\u00eda al metraje total- ya explic\u00f3 todos los detalles del caso; soy yo quien debe decidir y repartir equilibrios y oportunidades para que nadie pueda verse desplazado porque otros tienen demasiado tiempo en pantalla\u00bb. Como se puede ver, Sanch\u00eds reconoce plenamente que es el director de televisi\u00f3n quien acaba decidiendo qui\u00e9n asiste y qui\u00e9n no a los diferentes programas de la televisi\u00f3n p\u00fablica, un hecho ins\u00f3lito, porque se presupone que cada programa es aut\u00f3nomo, tiene su propio responsable y es \u00e9l a quien le corresponde la selecci\u00f3n de personas a entrevistar. Tambi\u00e9n a\u00f1adi\u00f3 que \u00abSandro Rosell ha podido explicar todo lo que le ha pasado en el citado reportaje y en <em>Els Matins<\/em> de Catalunya R\u00e0dio\u00bb. Pero es evidente que la radio no es el motivo de pol\u00e9mica, sino TV3.<\/p>\n<p>Tambi\u00e9n es motivo de pol\u00e9mica que el <strong>padre Paulino<\/strong>, sacerdote de Soto del Real y responsable de la Fundaci\u00f3n Comedor Ave Mar\u00eda, beneficiaria de los derechos de autor del libro escrito por Rosell, declin\u00f3 ir al programa de TV3 <em>Tot es mou<\/em> declarando que \u00abme parece inexplicable que un ente p\u00fablico como es TV3 vete en uno de sus programas a dos personas -en referencia a Sandro Rosell y Joan Basol\u00ed- que han pasado una pena de 645 d\u00edas de prisi\u00f3n sin ning\u00fan tipo de justificaci\u00f3n\u00bb.<\/p>\n<div id=\"polls-59\" class=\"wp-polls\">\n\t<form id=\"polls_form_59\" class=\"wp-polls-form\" action=\"\/index.php\" method=\"post\">\n\t\t<p style=\"display: none;\"><input type=\"hidden\" id=\"poll_59_nonce\" name=\"wp-polls-nonce\" value=\"3a41bd7744\" \/><\/p>\n\t\t<p style=\"display: none;\"><input type=\"hidden\" name=\"poll_id\" value=\"59\" \/><\/p>\n\t\t<p style=\"text-align: center\"><strong>Els resultats electorals de Gal\u00edcia i Euskadi perjudiquen o beneficien al Govern espanyol?<\/strong><\/p><div id=\"polls-59-ans\" class=\"wp-polls-ans\"><ul class=\"wp-polls-ul\">\n\t\t<li><input type=\"radio\" id=\"poll-answer-124\" name=\"poll_59\" value=\"124\" \/> <label for=\"poll-answer-124\">Beneficien<\/label><\/li>\n\t\t<li><input type=\"radio\" id=\"poll-answer-125\" name=\"poll_59\" value=\"125\" \/> <label for=\"poll-answer-125\">Perjudiquen<\/label><\/li>\n\t\t<\/ul><p style=\"text-align: center\"><input type=\"button\" name=\"vote\" value=\"   Vota   \" class=\"Buttons\" onclick=\"poll_vote(59);\" \/><\/p><p style=\"text-align: center\"><a href=\"#ViewPollResults\" onclick=\"poll_result(59); return false;\" title=\"View Results Of This Poll\">Mira els resultats<\/a><\/p><\/div>\n\t<\/form>\n<\/div>\n<div id=\"polls-59-loading\" class=\"wp-polls-loading\"><img decoding=\"async\" data-src=\"https:\/\/conversesacatalunya.cat\/wp-content\/plugins\/wp-polls\/images\/loading.gif\" width=\"16\" height=\"16\" alt=\"Cargando ...\" title=\"Cargando ...\" class=\"wp-polls-image lazyload\" src=\"data:image\/svg+xml;base64,PHN2ZyB3aWR0aD0iMSIgaGVpZ2h0PSIxIiB4bWxucz0iaHR0cDovL3d3dy53My5vcmcvMjAwMC9zdmciPjwvc3ZnPg==\" style=\"--smush-placeholder-width: 16px; --smush-placeholder-aspect-ratio: 16\/16;\" \/>&nbsp;Cargando ...<\/div>\n\n","protected":false},"excerpt":{"rendered":"<p>Es bien sabido que Jaume Roures es un poder f\u00e1ctico, y que ciertamente no permanece en la sombra, sino que es bien conocido. Su potencial medi\u00e1tico a trav\u00e9s del conglomerado Mediapro le otorga una posici\u00f3n predominante, que se ve favorecida por el buen trato de los poderes p\u00fablicos en Catalu\u00f1a y del gobierno espa\u00f1ol. Concretamente es, de hecho, la m\u00e1xima autoridad sobre TV3, por encima del mismo gobierno de la Generalitat. Hay programas completos como Preguntes Freq\u00fcents (FAQs) que responden directamente a sus intereses. Una dimensi\u00f3n espec\u00edfica de esta hegemon\u00eda de Jaume Roures se manifiesta en su enfrentamiento con Sandro Rosell que, como es sabido, permaneci\u00f3 dos a\u00f1os en prisi\u00f3n provisional para acabar siendo finalmente absuelto, en un caso que desde el primer momento resultaba dif\u00edcil de entender que existiera ning\u00fan tipo de delito. Sandro Rossell relaciona su situaci\u00f3n pasada con Jaume Roures y este hecho ya dio lugar a pol\u00e9micas, precisamente con el programa Preguntes Freq\u00fcents. Ahora la cuesti\u00f3n ha vuelto a emerger porque Sandro Rosell cay\u00f3 de la lista de invitados a este programa, lo que ha dado lugar a una pol\u00e9mica a lo largo de esta semana. El director de TV3, Vicent Sanch\u00eds, justific\u00f3 esta situaci\u00f3n en los siguientes t\u00e9rminos: \u00abEl documental El cas Rosell -que ya fue motivo de pol\u00e9mica porque la versi\u00f3n que se dio en TV3 no correspond\u00eda al metraje total- ya explic\u00f3 todos los detalles del caso; soy yo quien debe decidir y repartir equilibrios y oportunidades para que nadie pueda verse desplazado porque otros tienen demasiado tiempo en pantalla\u00bb. Como se puede ver, Sanch\u00eds reconoce plenamente que es el director de televisi\u00f3n quien acaba decidiendo qui\u00e9n asiste y qui\u00e9n no a los diferentes programas de la televisi\u00f3n p\u00fablica, un hecho ins\u00f3lito, porque se presupone que cada programa es aut\u00f3nomo, tiene su propio responsable y es \u00e9l a quien le corresponde la selecci\u00f3n de personas a entrevistar. Tambi\u00e9n a\u00f1adi\u00f3 que \u00abSandro Rosell ha podido explicar todo lo que le ha pasado en el citado reportaje y en Els Matins de Catalunya R\u00e0dio\u00bb. Pero es evidente que la radio no es el motivo de pol\u00e9mica, sino TV3. Tambi\u00e9n es motivo de pol\u00e9mica que el padre Paulino, sacerdote de Soto del Real y responsable de la Fundaci\u00f3n Comedor Ave Mar\u00eda, beneficiaria de los derechos de autor del libro escrito por Rosell, declin\u00f3 ir al programa de TV3 Tot es mou declarando que \u00abme parece inexplicable que un ente p\u00fablico como es TV3 vete en uno de sus programas a dos personas -en referencia a Sandro Rosell y Joan Basol\u00ed- que han pasado una pena de 645 d\u00edas de prisi\u00f3n sin ning\u00fan tipo de justificaci\u00f3n\u00bb.<\/p>\n","protected":false},"author":2,"featured_media":38451,"comment_status":"open","ping_status":"open","sticky":false,"template":"","format":"standard","meta":{"_FSMCFIC_featured_image_caption":"","_FSMCFIC_featured_image_nocaption":"","_FSMCFIC_featured_image_hide":"","footnotes":""},"categories":[806],"tags":[],"class_list":["post-38468","post","type-post","status-publish","format-standard","has-post-thumbnail","hentry","category-punts-claus-del-dia-es"],"yoast_head":"<!-- This site is optimized with the Yoast SEO plugin v26.8 - https:\/\/yoast.com\/product\/yoast-seo-wordpress\/ -->\n<title>TV3: Caso Sandro Rosell - Converses a Catalunya -<\/title>\n<meta name=\"description\" content=\"Sandro Rosell cay\u00f3 de la lista de invitados a Preguntes Freq\u00fcents (FAQs), hecho que ha dado lugar a una pol\u00e9mica a lo largo de esta semana\" \/>\n<meta name=\"robots\" content=\"index, follow, max-snippet:-1, max-image-preview:large, max-video-preview:-1\" \/>\n<link rel=\"canonical\" href=\"https:\/\/conversesacatalunya.cat\/es\/tv3-caso-sandro-rosell\/\" \/>\n<meta property=\"og:locale\" content=\"es_ES\" \/>\n<meta property=\"og:type\" content=\"article\" \/>\n<meta property=\"og:title\" content=\"TV3: Caso Sandro Rosell - Converses a Catalunya -\" \/>\n<meta property=\"og:description\" content=\"Sandro Rosell cay\u00f3 de la lista de invitados a Preguntes Freq\u00fcents (FAQs), hecho que ha dado lugar a una pol\u00e9mica a lo largo de esta semana\" \/>\n<meta property=\"og:url\" content=\"https:\/\/conversesacatalunya.cat\/es\/tv3-caso-sandro-rosell\/\" \/>\n<meta property=\"og:site_name\" content=\"Converses a Catalunya\" \/>\n<meta property=\"article:published_time\" content=\"2020-07-16T10:33:18+00:00\" \/>\n<meta property=\"article:modified_time\" content=\"2020-07-16T10:56:22+00:00\" \/>\n<meta property=\"og:image\" content=\"https:\/\/conversesacatalunya.cat\/wp-content\/uploads\/2020\/07\/jaume-roure-sandro-rosell-35478.jpg\" \/>\n\t<meta property=\"og:image:width\" content=\"850\" \/>\n\t<meta property=\"og:image:height\" content=\"450\" \/>\n\t<meta property=\"og:image:type\" content=\"image\/jpeg\" \/>\n<meta name=\"author\" content=\"conversesacatalunya\" \/>\n<meta name=\"twitter:card\" content=\"summary_large_image\" \/>\n<meta name=\"twitter:label1\" content=\"Escrito por\" \/>\n\t<meta name=\"twitter:data1\" content=\"conversesacatalunya\" \/>\n\t<meta name=\"twitter:label2\" content=\"Tiempo de lectura\" \/>\n\t<meta name=\"twitter:data2\" content=\"2 minutos\" \/>\n<script type=\"application\/ld+json\" class=\"yoast-schema-graph\">{\"@context\":\"https:\/\/schema.org\",\"@graph\":[{\"@type\":\"Article\",\"@id\":\"https:\/\/conversesacatalunya.cat\/es\/tv3-caso-sandro-rosell\/#article\",\"isPartOf\":{\"@id\":\"https:\/\/conversesacatalunya.cat\/es\/tv3-caso-sandro-rosell\/\"},\"author\":{\"name\":\"conversesacatalunya\",\"@id\":\"https:\/\/conversesacatalunya.cat\/#\/schema\/person\/7e24d1e54a2785373ddcb275eae5ed99\"},\"headline\":\"TV3: Caso Sandro Rosell\",\"datePublished\":\"2020-07-16T10:33:18+00:00\",\"dateModified\":\"2020-07-16T10:56:22+00:00\",\"mainEntityOfPage\":{\"@id\":\"https:\/\/conversesacatalunya.cat\/es\/tv3-caso-sandro-rosell\/\"},\"wordCount\":494,\"commentCount\":0,\"image\":{\"@id\":\"https:\/\/conversesacatalunya.cat\/es\/tv3-caso-sandro-rosell\/#primaryimage\"},\"thumbnailUrl\":\"https:\/\/conversesacatalunya.cat\/wp-content\/uploads\/2020\/07\/jaume-roure-sandro-rosell-35478.jpg\",\"articleSection\":[\"Punts clau del dia (ES)\"],\"inLanguage\":\"es\",\"potentialAction\":[{\"@type\":\"CommentAction\",\"name\":\"Comment\",\"target\":[\"https:\/\/conversesacatalunya.cat\/es\/tv3-caso-sandro-rosell\/#respond\"]}]},{\"@type\":\"WebPage\",\"@id\":\"https:\/\/conversesacatalunya.cat\/es\/tv3-caso-sandro-rosell\/\",\"url\":\"https:\/\/conversesacatalunya.cat\/es\/tv3-caso-sandro-rosell\/\",\"name\":\"TV3: Caso Sandro Rosell - Converses a Catalunya -\",\"isPartOf\":{\"@id\":\"https:\/\/conversesacatalunya.cat\/#website\"},\"primaryImageOfPage\":{\"@id\":\"https:\/\/conversesacatalunya.cat\/es\/tv3-caso-sandro-rosell\/#primaryimage\"},\"image\":{\"@id\":\"https:\/\/conversesacatalunya.cat\/es\/tv3-caso-sandro-rosell\/#primaryimage\"},\"thumbnailUrl\":\"https:\/\/conversesacatalunya.cat\/wp-content\/uploads\/2020\/07\/jaume-roure-sandro-rosell-35478.jpg\",\"datePublished\":\"2020-07-16T10:33:18+00:00\",\"dateModified\":\"2020-07-16T10:56:22+00:00\",\"author\":{\"@id\":\"https:\/\/conversesacatalunya.cat\/#\/schema\/person\/7e24d1e54a2785373ddcb275eae5ed99\"},\"description\":\"Sandro Rosell cay\u00f3 de la lista de invitados a Preguntes Freq\u00fcents (FAQs), hecho que ha dado lugar a una pol\u00e9mica a lo largo de esta semana\",\"breadcrumb\":{\"@id\":\"https:\/\/conversesacatalunya.cat\/es\/tv3-caso-sandro-rosell\/#breadcrumb\"},\"inLanguage\":\"es\",\"potentialAction\":[{\"@type\":\"ReadAction\",\"target\":[\"https:\/\/conversesacatalunya.cat\/es\/tv3-caso-sandro-rosell\/\"]}]},{\"@type\":\"ImageObject\",\"inLanguage\":\"es\",\"@id\":\"https:\/\/conversesacatalunya.cat\/es\/tv3-caso-sandro-rosell\/#primaryimage\",\"url\":\"https:\/\/conversesacatalunya.cat\/wp-content\/uploads\/2020\/07\/jaume-roure-sandro-rosell-35478.jpg\",\"contentUrl\":\"https:\/\/conversesacatalunya.cat\/wp-content\/uploads\/2020\/07\/jaume-roure-sandro-rosell-35478.jpg\",\"width\":850,\"height\":450,\"caption\":\"Jaume Roures i Sandro Rosell\"},{\"@type\":\"BreadcrumbList\",\"@id\":\"https:\/\/conversesacatalunya.cat\/es\/tv3-caso-sandro-rosell\/#breadcrumb\",\"itemListElement\":[{\"@type\":\"ListItem\",\"position\":1,\"name\":\"Inici\",\"item\":\"https:\/\/conversesacatalunya.cat\/es\/\"},{\"@type\":\"ListItem\",\"position\":2,\"name\":\"TV3: Caso Sandro Rosell\"}]},{\"@type\":\"WebSite\",\"@id\":\"https:\/\/conversesacatalunya.cat\/#website\",\"url\":\"https:\/\/conversesacatalunya.cat\/\",\"name\":\"Converses a Catalunya\",\"description\":\"\",\"potentialAction\":[{\"@type\":\"SearchAction\",\"target\":{\"@type\":\"EntryPoint\",\"urlTemplate\":\"https:\/\/conversesacatalunya.cat\/?s={search_term_string}\"},\"query-input\":{\"@type\":\"PropertyValueSpecification\",\"valueRequired\":true,\"valueName\":\"search_term_string\"}}],\"inLanguage\":\"es\"},{\"@type\":\"Person\",\"@id\":\"https:\/\/conversesacatalunya.cat\/#\/schema\/person\/7e24d1e54a2785373ddcb275eae5ed99\",\"name\":\"conversesacatalunya\",\"image\":{\"@type\":\"ImageObject\",\"inLanguage\":\"es\",\"@id\":\"https:\/\/conversesacatalunya.cat\/#\/schema\/person\/image\/\",\"url\":\"https:\/\/conversesacatalunya.cat\/wp-content\/litespeed\/avatar\/febdfeeec89d950f01c748045a981dd2.jpg?ver=1777314535\",\"contentUrl\":\"https:\/\/conversesacatalunya.cat\/wp-content\/litespeed\/avatar\/febdfeeec89d950f01c748045a981dd2.jpg?ver=1777314535\",\"caption\":\"conversesacatalunya\"},\"url\":\"https:\/\/conversesacatalunya.cat\/es\/author\/carme_catala\/\"}]}<\/script>\n<!-- \/ Yoast SEO plugin. -->","yoast_head_json":{"title":"TV3: Caso Sandro Rosell - Converses a Catalunya -","description":"Sandro Rosell cay\u00f3 de la lista de invitados a Preguntes Freq\u00fcents (FAQs), hecho que ha dado lugar a una pol\u00e9mica a lo largo de esta semana","robots":{"index":"index","follow":"follow","max-snippet":"max-snippet:-1","max-image-preview":"max-image-preview:large","max-video-preview":"max-video-preview:-1"},"canonical":"https:\/\/conversesacatalunya.cat\/es\/tv3-caso-sandro-rosell\/","og_locale":"es_ES","og_type":"article","og_title":"TV3: Caso Sandro Rosell - Converses a Catalunya -","og_description":"Sandro Rosell cay\u00f3 de la lista de invitados a Preguntes Freq\u00fcents (FAQs), hecho que ha dado lugar a una pol\u00e9mica a lo largo de esta semana","og_url":"https:\/\/conversesacatalunya.cat\/es\/tv3-caso-sandro-rosell\/","og_site_name":"Converses a Catalunya","article_published_time":"2020-07-16T10:33:18+00:00","article_modified_time":"2020-07-16T10:56:22+00:00","og_image":[{"width":850,"height":450,"url":"https:\/\/conversesacatalunya.cat\/wp-content\/uploads\/2020\/07\/jaume-roure-sandro-rosell-35478.jpg","type":"image\/jpeg"}],"author":"conversesacatalunya","twitter_card":"summary_large_image","twitter_misc":{"Escrito por":"conversesacatalunya","Tiempo de lectura":"2 minutos"},"schema":{"@context":"https:\/\/schema.org","@graph":[{"@type":"Article","@id":"https:\/\/conversesacatalunya.cat\/es\/tv3-caso-sandro-rosell\/#article","isPartOf":{"@id":"https:\/\/conversesacatalunya.cat\/es\/tv3-caso-sandro-rosell\/"},"author":{"name":"conversesacatalunya","@id":"https:\/\/conversesacatalunya.cat\/#\/schema\/person\/7e24d1e54a2785373ddcb275eae5ed99"},"headline":"TV3: Caso Sandro Rosell","datePublished":"2020-07-16T10:33:18+00:00","dateModified":"2020-07-16T10:56:22+00:00","mainEntityOfPage":{"@id":"https:\/\/conversesacatalunya.cat\/es\/tv3-caso-sandro-rosell\/"},"wordCount":494,"commentCount":0,"image":{"@id":"https:\/\/conversesacatalunya.cat\/es\/tv3-caso-sandro-rosell\/#primaryimage"},"thumbnailUrl":"https:\/\/conversesacatalunya.cat\/wp-content\/uploads\/2020\/07\/jaume-roure-sandro-rosell-35478.jpg","articleSection":["Punts clau del dia (ES)"],"inLanguage":"es","potentialAction":[{"@type":"CommentAction","name":"Comment","target":["https:\/\/conversesacatalunya.cat\/es\/tv3-caso-sandro-rosell\/#respond"]}]},{"@type":"WebPage","@id":"https:\/\/conversesacatalunya.cat\/es\/tv3-caso-sandro-rosell\/","url":"https:\/\/conversesacatalunya.cat\/es\/tv3-caso-sandro-rosell\/","name":"TV3: Caso Sandro Rosell - Converses a Catalunya -","isPartOf":{"@id":"https:\/\/conversesacatalunya.cat\/#website"},"primaryImageOfPage":{"@id":"https:\/\/conversesacatalunya.cat\/es\/tv3-caso-sandro-rosell\/#primaryimage"},"image":{"@id":"https:\/\/conversesacatalunya.cat\/es\/tv3-caso-sandro-rosell\/#primaryimage"},"thumbnailUrl":"https:\/\/conversesacatalunya.cat\/wp-content\/uploads\/2020\/07\/jaume-roure-sandro-rosell-35478.jpg","datePublished":"2020-07-16T10:33:18+00:00","dateModified":"2020-07-16T10:56:22+00:00","author":{"@id":"https:\/\/conversesacatalunya.cat\/#\/schema\/person\/7e24d1e54a2785373ddcb275eae5ed99"},"description":"Sandro Rosell cay\u00f3 de la lista de invitados a Preguntes Freq\u00fcents (FAQs), hecho que ha dado lugar a una pol\u00e9mica a lo largo de esta semana","breadcrumb":{"@id":"https:\/\/conversesacatalunya.cat\/es\/tv3-caso-sandro-rosell\/#breadcrumb"},"inLanguage":"es","potentialAction":[{"@type":"ReadAction","target":["https:\/\/conversesacatalunya.cat\/es\/tv3-caso-sandro-rosell\/"]}]},{"@type":"ImageObject","inLanguage":"es","@id":"https:\/\/conversesacatalunya.cat\/es\/tv3-caso-sandro-rosell\/#primaryimage","url":"https:\/\/conversesacatalunya.cat\/wp-content\/uploads\/2020\/07\/jaume-roure-sandro-rosell-35478.jpg","contentUrl":"https:\/\/conversesacatalunya.cat\/wp-content\/uploads\/2020\/07\/jaume-roure-sandro-rosell-35478.jpg","width":850,"height":450,"caption":"Jaume Roures i Sandro Rosell"},{"@type":"BreadcrumbList","@id":"https:\/\/conversesacatalunya.cat\/es\/tv3-caso-sandro-rosell\/#breadcrumb","itemListElement":[{"@type":"ListItem","position":1,"name":"Inici","item":"https:\/\/conversesacatalunya.cat\/es\/"},{"@type":"ListItem","position":2,"name":"TV3: Caso Sandro Rosell"}]},{"@type":"WebSite","@id":"https:\/\/conversesacatalunya.cat\/#website","url":"https:\/\/conversesacatalunya.cat\/","name":"Converses a Catalunya","description":"","potentialAction":[{"@type":"SearchAction","target":{"@type":"EntryPoint","urlTemplate":"https:\/\/conversesacatalunya.cat\/?s={search_term_string}"},"query-input":{"@type":"PropertyValueSpecification","valueRequired":true,"valueName":"search_term_string"}}],"inLanguage":"es"},{"@type":"Person","@id":"https:\/\/conversesacatalunya.cat\/#\/schema\/person\/7e24d1e54a2785373ddcb275eae5ed99","name":"conversesacatalunya","image":{"@type":"ImageObject","inLanguage":"es","@id":"https:\/\/conversesacatalunya.cat\/#\/schema\/person\/image\/","url":"https:\/\/conversesacatalunya.cat\/wp-content\/litespeed\/avatar\/febdfeeec89d950f01c748045a981dd2.jpg?ver=1777314535","contentUrl":"https:\/\/conversesacatalunya.cat\/wp-content\/litespeed\/avatar\/febdfeeec89d950f01c748045a981dd2.jpg?ver=1777314535","caption":"conversesacatalunya"},"url":"https:\/\/conversesacatalunya.cat\/es\/author\/carme_catala\/"}]}},"wps_subtitle":"Una vez m\u00e1s se confirma que la televisi\u00f3n catalana es patrimonio de unos cuantos","_links":{"self":[{"href":"https:\/\/conversesacatalunya.cat\/es\/wp-json\/wp\/v2\/posts\/38468","targetHints":{"allow":["GET"]}}],"collection":[{"href":"https:\/\/conversesacatalunya.cat\/es\/wp-json\/wp\/v2\/posts"}],"about":[{"href":"https:\/\/conversesacatalunya.cat\/es\/wp-json\/wp\/v2\/types\/post"}],"author":[{"embeddable":true,"href":"https:\/\/conversesacatalunya.cat\/es\/wp-json\/wp\/v2\/users\/2"}],"replies":[{"embeddable":true,"href":"https:\/\/conversesacatalunya.cat\/es\/wp-json\/wp\/v2\/comments?post=38468"}],"version-history":[{"count":2,"href":"https:\/\/conversesacatalunya.cat\/es\/wp-json\/wp\/v2\/posts\/38468\/revisions"}],"predecessor-version":[{"id":38472,"href":"https:\/\/conversesacatalunya.cat\/es\/wp-json\/wp\/v2\/posts\/38468\/revisions\/38472"}],"wp:featuredmedia":[{"embeddable":true,"href":"https:\/\/conversesacatalunya.cat\/es\/wp-json\/wp\/v2\/media\/38451"}],"wp:attachment":[{"href":"https:\/\/conversesacatalunya.cat\/es\/wp-json\/wp\/v2\/media?parent=38468"}],"wp:term":[{"taxonomy":"category","embeddable":true,"href":"https:\/\/conversesacatalunya.cat\/es\/wp-json\/wp\/v2\/categories?post=38468"},{"taxonomy":"post_tag","embeddable":true,"href":"https:\/\/conversesacatalunya.cat\/es\/wp-json\/wp\/v2\/tags?post=38468"}],"curies":[{"name":"wp","href":"https:\/\/api.w.org\/{rel}","templated":true}]}}