{"id":38415,"date":"2020-07-15T13:11:16","date_gmt":"2020-07-15T11:11:16","guid":{"rendered":"https:\/\/conversesacatalunya.cat\/tv3-promou-la-vaga-de-naixements\/"},"modified":"2020-07-15T13:32:22","modified_gmt":"2020-07-15T11:32:22","slug":"tv3-promueve-la-huelga-de-nacimientos","status":"publish","type":"post","link":"https:\/\/conversesacatalunya.cat\/es\/tv3-promueve-la-huelga-de-nacimientos\/","title":{"rendered":"TV3 promueve la huelga de nacimientos"},"content":{"rendered":"<p>Catalu\u00f1a se va convirtiendo progresivamente en un <strong>pa\u00eds ex\u00f3tico<\/strong>, no tanto porque nosotros los catalanes lo seamos, sino porque las instituciones p\u00fablicas van adoptando esta extra\u00f1a caracterizaci\u00f3n.<\/p>\n<p>Sin ir m\u00e1s lejos, ayer <strong>TV3 en su programa Els matins<\/strong> se dedic\u00f3 a promocionar la<strong> huelga de hijos<\/strong>, de natalidad, como la forma m\u00e1s eficaz para luchar contra las emisiones de di\u00f3xido de carbono (<em>sic<\/em>). A lo largo de 15 minutos, que es mucho tiempo en televisi\u00f3n, el programa de las ma\u00f1anas de TV3 se dedic\u00f3 a cantar las excelencias de una medida absolutamente absurda y adem\u00e1s en un doble alcance. Lo es porque toma como soluci\u00f3n tirar el agua sucia con el beb\u00e9 dentro de la ba\u00f1era, y nunca mejor dicho. Es aplicar a las personas humanas aquel dicho tan catalana de \u00abmuerto el perro, se acab\u00f3 la rabia\u00bb, traducido como \u00absin humanos no hay contaminaci\u00f3n\u00bb. Pero adem\u00e1s es una brutalidad conceptual porque los seguidores de esta medida se concentran precisamente en los pa\u00edses que ya tienen una natalidad de derribo, mientras que es ol\u00edmpicamente ignorada, por otra parte un hecho l\u00f3gico, por los pa\u00edses donde hay un crecimiento demogr\u00e1fico muy alto, como un nigeriano con 7 hijos por mujer, y que acabar\u00e1 convirti\u00e9ndose en la segunda potencia demogr\u00e1fica del mundo, superando a China y s\u00f3lo por detr\u00e1s de la India.<\/p>\n<p>Lo m\u00e1s estramb\u00f3tico del caso es que <strong>este movimiento contra la natalidad y que pide que las mujeres no tengan hijos, <a href=\"https:\/\/birthstrike.tumblr.com\/\" target=\"_blank\" rel=\"noopener noreferrer\"><em>Birth Strike<\/em><\/a><\/strong>, que tiene escasos seguidores en Europa, no tiene ninguno en Catalu\u00f1a, es decir, que el programa se hace para explicar una realidad escasa en el mundo e inexistente en nuestro pa\u00eds. De hecho, podr\u00edamos decir que en el caso catal\u00e1n, como en el espa\u00f1ol, la <strong>huelga de natalidad existe <em>de facto<\/em><\/strong> porque el n\u00famero de hijos por mujer es de derribo, 1,4, cuando ser\u00edan necesarios 2,1 para mantener la poblaci\u00f3n en la su situaci\u00f3n de equilibrio. Pero es que adem\u00e1s esta cifra es una media en la que la mayor aportaci\u00f3n la hacen las mujeres inmigrantes, porque las catalanas apenas llegan a 1,3 hijos por mujer, y es una tendencia que crece. Hay una estrecha relaci\u00f3n entre el sistema de creencias y la natalidad. Las mujeres que se declaran no creyentes, ateas o agn\u00f3sticas, tienen una tasa menor a 1 hijo por mujer, y dado que esta posici\u00f3n crece en la gente m\u00e1s joven, es de prever que el descenso continuar\u00e1. A este hecho se le a\u00f1ade la larga crisis que hemos vivido y que ahora se acentuar\u00e1 por la coronacrisis, lo que evidentemente disminuye las posibilidades de tener hijos.<\/p>\n<p><strong>No se entiende bien cu\u00e1l es el fin de reducir a\u00fan m\u00e1s esta natalidad<\/strong>. Un reciente estudio \u00ab<a href=\"http:\/\/www.healthdata.org\/research-article\/fertility-mortality-migration-and-population-scenarios-195-countries-and\" target=\"_blank\" rel=\"noopener noreferrer\">Nos encaminamos hacia un mundo de viejos<\/a>\u00bb publicado por <em>The Lancet<\/em> determina que Espa\u00f1a perder\u00e1 la mitad de su poblaci\u00f3n debido a la natalidad de aqu\u00ed al 2060. Hecho que tambi\u00e9n se reproducir\u00eda en Catalu\u00f1a, que pasar\u00edamos a una poblaci\u00f3n en torno a los 4 millones de habitantes. Lo m\u00e1s pintoresco de esta <strong>peligrosa campa\u00f1a de TV3<\/strong> es que la \u00fanica mujer que entrevistaron que era partidaria de no tener hijos afirm\u00f3 rotundamente ante las c\u00e1maras que no lo hac\u00eda por <strong>nada que tuviera que ver con la crisis del clima<\/strong>, sino porque pensaba que el mundo al que le llevar\u00eda tendr\u00eda para \u00e9l muchas menos posibilidades de las que ella hab\u00eda tenido, y que en todo caso estaba dispuesta a cambiar de criterio si se produc\u00eda un movimiento que cambiara este escenario. Por lo tanto, el \u00fanico testigo que encontraron estaba en el fondo de su razonamiento en las ant\u00edpodas de su planteamiento. No era para evitar las emisiones de CO2, (<em>sic<\/em>) sino por no poder asegurar unas mejores condiciones de vida a su hijo.<\/p>\n<p>Hay que recordar que <strong>TV3 es la televisi\u00f3n que pagamos<\/strong> con nuestro dinero todos los catalanes y que es la m\u00e1s costosa de todas las televisiones espa\u00f1olas por punto de audiencia.<\/p>\n","protected":false},"excerpt":{"rendered":"<p>Catalu\u00f1a se va convirtiendo progresivamente en un pa\u00eds ex\u00f3tico, no tanto porque nosotros los catalanes lo seamos, sino porque las instituciones p\u00fablicas van adoptando esta extra\u00f1a caracterizaci\u00f3n. Sin ir m\u00e1s lejos, ayer TV3 en su programa Els matins se dedic\u00f3 a promocionar la huelga de hijos, de natalidad, como la forma m\u00e1s eficaz para luchar contra las emisiones de di\u00f3xido de carbono (sic). A lo largo de 15 minutos, que es mucho tiempo en televisi\u00f3n, el programa de las ma\u00f1anas de TV3 se dedic\u00f3 a cantar las excelencias de una medida absolutamente absurda y adem\u00e1s en un doble alcance. Lo es porque toma como soluci\u00f3n tirar el agua sucia con el beb\u00e9 dentro de la ba\u00f1era, y nunca mejor dicho. Es aplicar a las personas humanas aquel dicho tan catalana de \u00abmuerto el perro, se acab\u00f3 la rabia\u00bb, traducido como \u00absin humanos no hay contaminaci\u00f3n\u00bb. Pero adem\u00e1s es una brutalidad conceptual porque los seguidores de esta medida se concentran precisamente en los pa\u00edses que ya tienen una natalidad de derribo, mientras que es ol\u00edmpicamente ignorada, por otra parte un hecho l\u00f3gico, por los pa\u00edses donde hay un crecimiento demogr\u00e1fico muy alto, como un nigeriano con 7 hijos por mujer, y que acabar\u00e1 convirti\u00e9ndose en la segunda potencia demogr\u00e1fica del mundo, superando a China y s\u00f3lo por detr\u00e1s de la India. Lo m\u00e1s estramb\u00f3tico del caso es que este movimiento contra la natalidad y que pide que las mujeres no tengan hijos, Birth Strike, que tiene escasos seguidores en Europa, no tiene ninguno en Catalu\u00f1a, es decir, que el programa se hace para explicar una realidad escasa en el mundo e inexistente en nuestro pa\u00eds. De hecho, podr\u00edamos decir que en el caso catal\u00e1n, como en el espa\u00f1ol, la huelga de natalidad existe de facto porque el n\u00famero de hijos por mujer es de derribo, 1,4, cuando ser\u00edan necesarios 2,1 para mantener la poblaci\u00f3n en la su situaci\u00f3n de equilibrio. Pero es que adem\u00e1s esta cifra es una media en la que la mayor aportaci\u00f3n la hacen las mujeres inmigrantes, porque las catalanas apenas llegan a 1,3 hijos por mujer, y es una tendencia que crece. Hay una estrecha relaci\u00f3n entre el sistema de creencias y la natalidad. Las mujeres que se declaran no creyentes, ateas o agn\u00f3sticas, tienen una tasa menor a 1 hijo por mujer, y dado que esta posici\u00f3n crece en la gente m\u00e1s joven, es de prever que el descenso continuar\u00e1. A este hecho se le a\u00f1ade la larga crisis que hemos vivido y que ahora se acentuar\u00e1 por la coronacrisis, lo que evidentemente disminuye las posibilidades de tener hijos. No se entiende bien cu\u00e1l es el fin de reducir a\u00fan m\u00e1s esta natalidad. Un reciente estudio \u00abNos encaminamos hacia un mundo de viejos\u00bb publicado por The Lancet determina que Espa\u00f1a perder\u00e1 la mitad de su poblaci\u00f3n debido a la natalidad de aqu\u00ed al 2060. Hecho que tambi\u00e9n se reproducir\u00eda en Catalu\u00f1a, que pasar\u00edamos a una poblaci\u00f3n en torno a los 4 millones de habitantes. Lo m\u00e1s pintoresco de esta peligrosa campa\u00f1a de TV3 es que la \u00fanica mujer que entrevistaron que era partidaria de no tener hijos afirm\u00f3 rotundamente ante las c\u00e1maras que no lo hac\u00eda por nada que tuviera que ver con la crisis del clima, sino porque pensaba que el mundo al que le llevar\u00eda tendr\u00eda para \u00e9l muchas menos posibilidades de las que ella hab\u00eda tenido, y que en todo caso estaba dispuesta a cambiar de criterio si se produc\u00eda un movimiento que cambiara este escenario. Por lo tanto, el \u00fanico testigo que encontraron estaba en el fondo de su razonamiento en las ant\u00edpodas de su planteamiento. No era para evitar las emisiones de CO2, (sic) sino por no poder asegurar unas mejores condiciones de vida a su hijo. Hay que recordar que TV3 es la televisi\u00f3n que pagamos con nuestro dinero todos los catalanes y que es la m\u00e1s costosa de todas las televisiones espa\u00f1olas por punto de audiencia.<\/p>\n","protected":false},"author":2,"featured_media":38408,"comment_status":"open","ping_status":"open","sticky":false,"template":"","format":"standard","meta":{"_FSMCFIC_featured_image_caption":"","_FSMCFIC_featured_image_nocaption":"","_FSMCFIC_featured_image_hide":"","footnotes":""},"categories":[806],"tags":[1315,2726],"class_list":["post-38415","post","type-post","status-publish","format-standard","has-post-thumbnail","hentry","category-punts-claus-del-dia-es","tag-natalidad","tag-tv3-es"],"yoast_head":"<!-- This site is optimized with the Yoast SEO plugin v26.8 - https:\/\/yoast.com\/product\/yoast-seo-wordpress\/ -->\n<title>TV3 promueve la huelga de nacimientos - Converses a Catalunya<\/title>\n<meta name=\"description\" content=\"TV3 se dedic\u00f3 a promocionar la huelga de hijos, de natalidad, como la forma m\u00e1s eficaz para luchar contra las emisiones de di\u00f3xido de carbono de todas las televisiones espa\u00f1olas por punto de audiencia.\" \/>\n<meta name=\"robots\" content=\"index, follow, max-snippet:-1, max-image-preview:large, max-video-preview:-1\" \/>\n<link rel=\"canonical\" href=\"https:\/\/conversesacatalunya.cat\/es\/tv3-promueve-la-huelga-de-nacimientos\/\" \/>\n<meta property=\"og:locale\" content=\"es_ES\" \/>\n<meta property=\"og:type\" content=\"article\" \/>\n<meta property=\"og:title\" content=\"TV3 promueve la huelga de nacimientos - Converses a Catalunya\" \/>\n<meta property=\"og:description\" content=\"TV3 se dedic\u00f3 a promocionar la huelga de hijos, de natalidad, como la forma m\u00e1s eficaz para luchar contra las emisiones de di\u00f3xido de carbono de todas las televisiones espa\u00f1olas por punto de audiencia.\" \/>\n<meta property=\"og:url\" content=\"https:\/\/conversesacatalunya.cat\/es\/tv3-promueve-la-huelga-de-nacimientos\/\" \/>\n<meta property=\"og:site_name\" content=\"Converses a Catalunya\" \/>\n<meta property=\"article:published_time\" content=\"2020-07-15T11:11:16+00:00\" \/>\n<meta property=\"article:modified_time\" content=\"2020-07-15T11:32:22+00:00\" \/>\n<meta property=\"og:image\" content=\"https:\/\/conversesacatalunya.cat\/wp-content\/uploads\/2020\/07\/tertulia-tv3.jpg\" \/>\n\t<meta property=\"og:image:width\" content=\"720\" \/>\n\t<meta property=\"og:image:height\" content=\"382\" \/>\n\t<meta property=\"og:image:type\" content=\"image\/jpeg\" \/>\n<meta name=\"author\" content=\"conversesacatalunya\" \/>\n<meta name=\"twitter:card\" content=\"summary_large_image\" \/>\n<meta name=\"twitter:label1\" content=\"Escrito por\" \/>\n\t<meta name=\"twitter:data1\" content=\"conversesacatalunya\" \/>\n\t<meta name=\"twitter:label2\" content=\"Tiempo de lectura\" \/>\n\t<meta name=\"twitter:data2\" content=\"4 minutos\" \/>\n<script type=\"application\/ld+json\" class=\"yoast-schema-graph\">{\"@context\":\"https:\/\/schema.org\",\"@graph\":[{\"@type\":\"Article\",\"@id\":\"https:\/\/conversesacatalunya.cat\/es\/tv3-promueve-la-huelga-de-nacimientos\/#article\",\"isPartOf\":{\"@id\":\"https:\/\/conversesacatalunya.cat\/es\/tv3-promueve-la-huelga-de-nacimientos\/\"},\"author\":{\"name\":\"conversesacatalunya\",\"@id\":\"https:\/\/conversesacatalunya.cat\/#\/schema\/person\/7e24d1e54a2785373ddcb275eae5ed99\"},\"headline\":\"TV3 promueve la huelga de nacimientos\",\"datePublished\":\"2020-07-15T11:11:16+00:00\",\"dateModified\":\"2020-07-15T11:32:22+00:00\",\"mainEntityOfPage\":{\"@id\":\"https:\/\/conversesacatalunya.cat\/es\/tv3-promueve-la-huelga-de-nacimientos\/\"},\"wordCount\":720,\"commentCount\":0,\"image\":{\"@id\":\"https:\/\/conversesacatalunya.cat\/es\/tv3-promueve-la-huelga-de-nacimientos\/#primaryimage\"},\"thumbnailUrl\":\"https:\/\/conversesacatalunya.cat\/wp-content\/uploads\/2020\/07\/tertulia-tv3.jpg\",\"keywords\":[\"Natalidad\",\"TV3\"],\"articleSection\":[\"Punts clau del dia (ES)\"],\"inLanguage\":\"es\",\"potentialAction\":[{\"@type\":\"CommentAction\",\"name\":\"Comment\",\"target\":[\"https:\/\/conversesacatalunya.cat\/es\/tv3-promueve-la-huelga-de-nacimientos\/#respond\"]}]},{\"@type\":\"WebPage\",\"@id\":\"https:\/\/conversesacatalunya.cat\/es\/tv3-promueve-la-huelga-de-nacimientos\/\",\"url\":\"https:\/\/conversesacatalunya.cat\/es\/tv3-promueve-la-huelga-de-nacimientos\/\",\"name\":\"TV3 promueve la huelga de nacimientos - Converses a Catalunya\",\"isPartOf\":{\"@id\":\"https:\/\/conversesacatalunya.cat\/#website\"},\"primaryImageOfPage\":{\"@id\":\"https:\/\/conversesacatalunya.cat\/es\/tv3-promueve-la-huelga-de-nacimientos\/#primaryimage\"},\"image\":{\"@id\":\"https:\/\/conversesacatalunya.cat\/es\/tv3-promueve-la-huelga-de-nacimientos\/#primaryimage\"},\"thumbnailUrl\":\"https:\/\/conversesacatalunya.cat\/wp-content\/uploads\/2020\/07\/tertulia-tv3.jpg\",\"datePublished\":\"2020-07-15T11:11:16+00:00\",\"dateModified\":\"2020-07-15T11:32:22+00:00\",\"author\":{\"@id\":\"https:\/\/conversesacatalunya.cat\/#\/schema\/person\/7e24d1e54a2785373ddcb275eae5ed99\"},\"description\":\"TV3 se dedic\u00f3 a promocionar la huelga de hijos, de natalidad, como la forma m\u00e1s eficaz para luchar contra las emisiones de di\u00f3xido de carbono de todas las televisiones espa\u00f1olas por punto de audiencia.\",\"breadcrumb\":{\"@id\":\"https:\/\/conversesacatalunya.cat\/es\/tv3-promueve-la-huelga-de-nacimientos\/#breadcrumb\"},\"inLanguage\":\"es\",\"potentialAction\":[{\"@type\":\"ReadAction\",\"target\":[\"https:\/\/conversesacatalunya.cat\/es\/tv3-promueve-la-huelga-de-nacimientos\/\"]}]},{\"@type\":\"ImageObject\",\"inLanguage\":\"es\",\"@id\":\"https:\/\/conversesacatalunya.cat\/es\/tv3-promueve-la-huelga-de-nacimientos\/#primaryimage\",\"url\":\"https:\/\/conversesacatalunya.cat\/wp-content\/uploads\/2020\/07\/tertulia-tv3.jpg\",\"contentUrl\":\"https:\/\/conversesacatalunya.cat\/wp-content\/uploads\/2020\/07\/tertulia-tv3.jpg\",\"width\":720,\"height\":382,\"caption\":\"TV3\"},{\"@type\":\"BreadcrumbList\",\"@id\":\"https:\/\/conversesacatalunya.cat\/es\/tv3-promueve-la-huelga-de-nacimientos\/#breadcrumb\",\"itemListElement\":[{\"@type\":\"ListItem\",\"position\":1,\"name\":\"Inici\",\"item\":\"https:\/\/conversesacatalunya.cat\/es\/\"},{\"@type\":\"ListItem\",\"position\":2,\"name\":\"TV3 promueve la huelga de nacimientos\"}]},{\"@type\":\"WebSite\",\"@id\":\"https:\/\/conversesacatalunya.cat\/#website\",\"url\":\"https:\/\/conversesacatalunya.cat\/\",\"name\":\"Converses a Catalunya\",\"description\":\"\",\"potentialAction\":[{\"@type\":\"SearchAction\",\"target\":{\"@type\":\"EntryPoint\",\"urlTemplate\":\"https:\/\/conversesacatalunya.cat\/?s={search_term_string}\"},\"query-input\":{\"@type\":\"PropertyValueSpecification\",\"valueRequired\":true,\"valueName\":\"search_term_string\"}}],\"inLanguage\":\"es\"},{\"@type\":\"Person\",\"@id\":\"https:\/\/conversesacatalunya.cat\/#\/schema\/person\/7e24d1e54a2785373ddcb275eae5ed99\",\"name\":\"conversesacatalunya\",\"image\":{\"@type\":\"ImageObject\",\"inLanguage\":\"es\",\"@id\":\"https:\/\/conversesacatalunya.cat\/#\/schema\/person\/image\/\",\"url\":\"https:\/\/conversesacatalunya.cat\/wp-content\/litespeed\/avatar\/febdfeeec89d950f01c748045a981dd2.jpg?ver=1777314535\",\"contentUrl\":\"https:\/\/conversesacatalunya.cat\/wp-content\/litespeed\/avatar\/febdfeeec89d950f01c748045a981dd2.jpg?ver=1777314535\",\"caption\":\"conversesacatalunya\"},\"url\":\"https:\/\/conversesacatalunya.cat\/es\/author\/carme_catala\/\"}]}<\/script>\n<!-- \/ Yoast SEO plugin. -->","yoast_head_json":{"title":"TV3 promueve la huelga de nacimientos - Converses a Catalunya","description":"TV3 se dedic\u00f3 a promocionar la huelga de hijos, de natalidad, como la forma m\u00e1s eficaz para luchar contra las emisiones de di\u00f3xido de carbono de todas las televisiones espa\u00f1olas por punto de audiencia.","robots":{"index":"index","follow":"follow","max-snippet":"max-snippet:-1","max-image-preview":"max-image-preview:large","max-video-preview":"max-video-preview:-1"},"canonical":"https:\/\/conversesacatalunya.cat\/es\/tv3-promueve-la-huelga-de-nacimientos\/","og_locale":"es_ES","og_type":"article","og_title":"TV3 promueve la huelga de nacimientos - Converses a Catalunya","og_description":"TV3 se dedic\u00f3 a promocionar la huelga de hijos, de natalidad, como la forma m\u00e1s eficaz para luchar contra las emisiones de di\u00f3xido de carbono de todas las televisiones espa\u00f1olas por punto de audiencia.","og_url":"https:\/\/conversesacatalunya.cat\/es\/tv3-promueve-la-huelga-de-nacimientos\/","og_site_name":"Converses a Catalunya","article_published_time":"2020-07-15T11:11:16+00:00","article_modified_time":"2020-07-15T11:32:22+00:00","og_image":[{"width":720,"height":382,"url":"https:\/\/conversesacatalunya.cat\/wp-content\/uploads\/2020\/07\/tertulia-tv3.jpg","type":"image\/jpeg"}],"author":"conversesacatalunya","twitter_card":"summary_large_image","twitter_misc":{"Escrito por":"conversesacatalunya","Tiempo de lectura":"4 minutos"},"schema":{"@context":"https:\/\/schema.org","@graph":[{"@type":"Article","@id":"https:\/\/conversesacatalunya.cat\/es\/tv3-promueve-la-huelga-de-nacimientos\/#article","isPartOf":{"@id":"https:\/\/conversesacatalunya.cat\/es\/tv3-promueve-la-huelga-de-nacimientos\/"},"author":{"name":"conversesacatalunya","@id":"https:\/\/conversesacatalunya.cat\/#\/schema\/person\/7e24d1e54a2785373ddcb275eae5ed99"},"headline":"TV3 promueve la huelga de nacimientos","datePublished":"2020-07-15T11:11:16+00:00","dateModified":"2020-07-15T11:32:22+00:00","mainEntityOfPage":{"@id":"https:\/\/conversesacatalunya.cat\/es\/tv3-promueve-la-huelga-de-nacimientos\/"},"wordCount":720,"commentCount":0,"image":{"@id":"https:\/\/conversesacatalunya.cat\/es\/tv3-promueve-la-huelga-de-nacimientos\/#primaryimage"},"thumbnailUrl":"https:\/\/conversesacatalunya.cat\/wp-content\/uploads\/2020\/07\/tertulia-tv3.jpg","keywords":["Natalidad","TV3"],"articleSection":["Punts clau del dia (ES)"],"inLanguage":"es","potentialAction":[{"@type":"CommentAction","name":"Comment","target":["https:\/\/conversesacatalunya.cat\/es\/tv3-promueve-la-huelga-de-nacimientos\/#respond"]}]},{"@type":"WebPage","@id":"https:\/\/conversesacatalunya.cat\/es\/tv3-promueve-la-huelga-de-nacimientos\/","url":"https:\/\/conversesacatalunya.cat\/es\/tv3-promueve-la-huelga-de-nacimientos\/","name":"TV3 promueve la huelga de nacimientos - Converses a Catalunya","isPartOf":{"@id":"https:\/\/conversesacatalunya.cat\/#website"},"primaryImageOfPage":{"@id":"https:\/\/conversesacatalunya.cat\/es\/tv3-promueve-la-huelga-de-nacimientos\/#primaryimage"},"image":{"@id":"https:\/\/conversesacatalunya.cat\/es\/tv3-promueve-la-huelga-de-nacimientos\/#primaryimage"},"thumbnailUrl":"https:\/\/conversesacatalunya.cat\/wp-content\/uploads\/2020\/07\/tertulia-tv3.jpg","datePublished":"2020-07-15T11:11:16+00:00","dateModified":"2020-07-15T11:32:22+00:00","author":{"@id":"https:\/\/conversesacatalunya.cat\/#\/schema\/person\/7e24d1e54a2785373ddcb275eae5ed99"},"description":"TV3 se dedic\u00f3 a promocionar la huelga de hijos, de natalidad, como la forma m\u00e1s eficaz para luchar contra las emisiones de di\u00f3xido de carbono de todas las televisiones espa\u00f1olas por punto de audiencia.","breadcrumb":{"@id":"https:\/\/conversesacatalunya.cat\/es\/tv3-promueve-la-huelga-de-nacimientos\/#breadcrumb"},"inLanguage":"es","potentialAction":[{"@type":"ReadAction","target":["https:\/\/conversesacatalunya.cat\/es\/tv3-promueve-la-huelga-de-nacimientos\/"]}]},{"@type":"ImageObject","inLanguage":"es","@id":"https:\/\/conversesacatalunya.cat\/es\/tv3-promueve-la-huelga-de-nacimientos\/#primaryimage","url":"https:\/\/conversesacatalunya.cat\/wp-content\/uploads\/2020\/07\/tertulia-tv3.jpg","contentUrl":"https:\/\/conversesacatalunya.cat\/wp-content\/uploads\/2020\/07\/tertulia-tv3.jpg","width":720,"height":382,"caption":"TV3"},{"@type":"BreadcrumbList","@id":"https:\/\/conversesacatalunya.cat\/es\/tv3-promueve-la-huelga-de-nacimientos\/#breadcrumb","itemListElement":[{"@type":"ListItem","position":1,"name":"Inici","item":"https:\/\/conversesacatalunya.cat\/es\/"},{"@type":"ListItem","position":2,"name":"TV3 promueve la huelga de nacimientos"}]},{"@type":"WebSite","@id":"https:\/\/conversesacatalunya.cat\/#website","url":"https:\/\/conversesacatalunya.cat\/","name":"Converses a Catalunya","description":"","potentialAction":[{"@type":"SearchAction","target":{"@type":"EntryPoint","urlTemplate":"https:\/\/conversesacatalunya.cat\/?s={search_term_string}"},"query-input":{"@type":"PropertyValueSpecification","valueRequired":true,"valueName":"search_term_string"}}],"inLanguage":"es"},{"@type":"Person","@id":"https:\/\/conversesacatalunya.cat\/#\/schema\/person\/7e24d1e54a2785373ddcb275eae5ed99","name":"conversesacatalunya","image":{"@type":"ImageObject","inLanguage":"es","@id":"https:\/\/conversesacatalunya.cat\/#\/schema\/person\/image\/","url":"https:\/\/conversesacatalunya.cat\/wp-content\/litespeed\/avatar\/febdfeeec89d950f01c748045a981dd2.jpg?ver=1777314535","contentUrl":"https:\/\/conversesacatalunya.cat\/wp-content\/litespeed\/avatar\/febdfeeec89d950f01c748045a981dd2.jpg?ver=1777314535","caption":"conversesacatalunya"},"url":"https:\/\/conversesacatalunya.cat\/es\/author\/carme_catala\/"}]}},"wps_subtitle":"TV3 en su programa Els matins se dedic\u00f3 a promocionar la huelga de hijos, de natalidad, como la forma m\u00e1s eficaz para luchar contra las emisiones de di\u00f3xido de carbono","_links":{"self":[{"href":"https:\/\/conversesacatalunya.cat\/es\/wp-json\/wp\/v2\/posts\/38415","targetHints":{"allow":["GET"]}}],"collection":[{"href":"https:\/\/conversesacatalunya.cat\/es\/wp-json\/wp\/v2\/posts"}],"about":[{"href":"https:\/\/conversesacatalunya.cat\/es\/wp-json\/wp\/v2\/types\/post"}],"author":[{"embeddable":true,"href":"https:\/\/conversesacatalunya.cat\/es\/wp-json\/wp\/v2\/users\/2"}],"replies":[{"embeddable":true,"href":"https:\/\/conversesacatalunya.cat\/es\/wp-json\/wp\/v2\/comments?post=38415"}],"version-history":[{"count":3,"href":"https:\/\/conversesacatalunya.cat\/es\/wp-json\/wp\/v2\/posts\/38415\/revisions"}],"predecessor-version":[{"id":38417,"href":"https:\/\/conversesacatalunya.cat\/es\/wp-json\/wp\/v2\/posts\/38415\/revisions\/38417"}],"wp:featuredmedia":[{"embeddable":true,"href":"https:\/\/conversesacatalunya.cat\/es\/wp-json\/wp\/v2\/media\/38408"}],"wp:attachment":[{"href":"https:\/\/conversesacatalunya.cat\/es\/wp-json\/wp\/v2\/media?parent=38415"}],"wp:term":[{"taxonomy":"category","embeddable":true,"href":"https:\/\/conversesacatalunya.cat\/es\/wp-json\/wp\/v2\/categories?post=38415"},{"taxonomy":"post_tag","embeddable":true,"href":"https:\/\/conversesacatalunya.cat\/es\/wp-json\/wp\/v2\/tags?post=38415"}],"curies":[{"name":"wp","href":"https:\/\/api.w.org\/{rel}","templated":true}]}}