{"id":38401,"date":"2020-07-15T12:57:46","date_gmt":"2020-07-15T10:57:46","guid":{"rendered":"https:\/\/conversesacatalunya.cat\/catalanisme-cla-lliga-lliures-convergents\/"},"modified":"2020-07-15T13:07:51","modified_gmt":"2020-07-15T11:07:51","slug":"el-catalanismo-centrista-mueve-ficha","status":"publish","type":"post","link":"https:\/\/conversesacatalunya.cat\/es\/el-catalanismo-centrista-mueve-ficha\/","title":{"rendered":"El catalanismo centrista mueve ficha"},"content":{"rendered":"<p>Por primera vez el catalanismo representado por <strong>Convergents, La Lliga y Lliures<\/strong> ha formulado una declaraci\u00f3n conjunta tomando posici\u00f3n ante la perspectiva de unas futuras elecciones al parlamento catal\u00e1n. La declaraci\u00f3n parte del principio de que Catalu\u00f1a necesita <strong>un nuevo proyecto pol\u00edtico<\/strong> que pueda ser construido por una <strong>alternativa electoral<\/strong> del centro amplio, que incluya tanto a <strong>partidos catalanistas como soberanistas<\/strong>, al considerar que es precisamente en esta amplitud donde radica la capacidad de dirigir la mala situaci\u00f3n por la que atraviesa Catalu\u00f1a.<\/p>\n<blockquote class=\"twitter-tweet\" data-width=\"550\" data-dnt=\"true\">\n<p lang=\"ca\" dir=\"ltr\">Comunicat de <a href=\"https:\/\/twitter.com\/LligaDemocratic?ref_src=twsrc%5Etfw\">@LligaDemocratic<\/a> <a href=\"https:\/\/twitter.com\/ElsLliures?ref_src=twsrc%5Etfw\">@ElsLliures<\/a> <a href=\"https:\/\/twitter.com\/convergents_cnv?ref_src=twsrc%5Etfw\">@convergents_cnv<\/a> <a href=\"https:\/\/t.co\/nOPCpWXOXU\">pic.twitter.com\/nOPCpWXOXU<\/a><\/p>\n<p>&mdash; Convergents (@convergents_cnv) <a href=\"https:\/\/twitter.com\/convergents_cnv\/status\/1283081095404290050?ref_src=twsrc%5Etfw\">July 14, 2020<\/a><\/p><\/blockquote>\n<p><script async src=\"https:\/\/platform.twitter.com\/widgets.js\" charset=\"utf-8\"><\/script><\/p>\n<p>Para ello las tres fuerzas pol\u00edticas han establecido un dec\u00e1logo que sirva de base para<strong> elaborar el programa electoral conjunto<\/strong>, e invitan al resto de las fuerzas pol\u00edticas que comparten diagn\u00f3stico y objetivos a incorporarse a la iniciativa para trabajar conjuntamente.<\/p>\n<p>Esta acci\u00f3n significar\u00eda un paso adelante en la <strong>confluencia de estos tres partidos<\/strong> con la voluntad de entenderse con los otros dos protagonistas: <strong>Units<\/strong>, que tambi\u00e9n hizo otro paso adelante al presentar como posible candidato de un amplio entendimiento al teniente de alcalde de seguridad ciudadana de Barcelona, \u200b\u200bAlbert Batlle, y el <a href=\"https:\/\/conversesacatalunya.cat\/es\/5-caracteristicas-basicas-del-nuevo-partit-nacionalista-de-catalunya\/\" target=\"_blank\" rel=\"noopener noreferrer\">PNC<\/a>, surgido del Grup de Poblet, que es el que mantiene de momento una mayor distancia a debatir posibles acuerdos. Su portavoz, Oriol Puig, ya formul\u00f3 que no est\u00e1 de momento entre sus prioridades establecer conversaciones para componer una alianza electoral y que no lo har\u00e1n hasta que est\u00e9n proclamadas las elecciones al Parlamento de Catalu\u00f1a. Su prioridad ahora, seg\u00fan la misma fuente, es hacer crecer el partido en todo el territorio.<\/p>\n<p>Esta es la fotograf\u00eda del momento presente, si bien la din\u00e1mica cambiante que vive Catalu\u00f1a puede introducir nuevos cambios. No ser\u00e1 un hecho menor si la situaci\u00f3n de la epidemia se complica a\u00fan m\u00e1s hasta crear un verdadero esc\u00e1ndalo pol\u00edtico, <strong>si \u00e9sta se extiende por Barcelona y el \u00e1rea metropolitana<\/strong>, porque entonces el golpe psicol\u00f3gico y econ\u00f3mico ser\u00e1 demoledor. Si sucediera, las previsiones de intentar enderezar un poco el sector tur\u00edstico se ir\u00edan al traste por la mala imagen en el \u00e1mbito internacional que est\u00e1 dando Lleida y el <a href=\"https:\/\/conversesacatalunya.cat\/es\/por-que-la-generalitat-ha-de-confinar-barrios-de-lhospitalet\/\" target=\"_blank\" rel=\"noopener noreferrer\">caso de l&#8217;Hospitalet<\/a>. Si estas circunstancias se dieran, la necesidad de que saliera una alternativa catalanista que no fuera a buscar s\u00f3lo una presencia pol\u00edtica en el Parlamento, sino que se quisiera presentar como alternativa espec\u00edfica de Catalu\u00f1a al gran desorden creado, urgir\u00eda m\u00e1s que nunca al entendimiento entre todos los partidos, m\u00e1s all\u00e1 de las estrategias y visiones particulares de cada uno de ellos.<\/p>\n<div id=\"polls-59\" class=\"wp-polls\">\n\t<form id=\"polls_form_59\" class=\"wp-polls-form\" action=\"\/index.php\" method=\"post\">\n\t\t<p style=\"display: none;\"><input type=\"hidden\" id=\"poll_59_nonce\" name=\"wp-polls-nonce\" value=\"3a41bd7744\" \/><\/p>\n\t\t<p style=\"display: none;\"><input type=\"hidden\" name=\"poll_id\" value=\"59\" \/><\/p>\n\t\t<p style=\"text-align: center\"><strong>Els resultats electorals de Gal\u00edcia i Euskadi perjudiquen o beneficien al Govern espanyol?<\/strong><\/p><div id=\"polls-59-ans\" class=\"wp-polls-ans\"><ul class=\"wp-polls-ul\">\n\t\t<li><input type=\"radio\" id=\"poll-answer-124\" name=\"poll_59\" value=\"124\" \/> <label for=\"poll-answer-124\">Beneficien<\/label><\/li>\n\t\t<li><input type=\"radio\" id=\"poll-answer-125\" name=\"poll_59\" value=\"125\" \/> <label for=\"poll-answer-125\">Perjudiquen<\/label><\/li>\n\t\t<\/ul><p style=\"text-align: center\"><input type=\"button\" name=\"vote\" value=\"   Vota   \" class=\"Buttons\" onclick=\"poll_vote(59);\" \/><\/p><p style=\"text-align: center\"><a href=\"#ViewPollResults\" onclick=\"poll_result(59); return false;\" title=\"View Results Of This Poll\">Mira els resultats<\/a><\/p><\/div>\n\t<\/form>\n<\/div>\n<div id=\"polls-59-loading\" class=\"wp-polls-loading\"><img decoding=\"async\" data-src=\"https:\/\/conversesacatalunya.cat\/wp-content\/plugins\/wp-polls\/images\/loading.gif\" width=\"16\" height=\"16\" alt=\"Cargando ...\" title=\"Cargando ...\" class=\"wp-polls-image lazyload\" src=\"data:image\/svg+xml;base64,PHN2ZyB3aWR0aD0iMSIgaGVpZ2h0PSIxIiB4bWxucz0iaHR0cDovL3d3dy53My5vcmcvMjAwMC9zdmciPjwvc3ZnPg==\" style=\"--smush-placeholder-width: 16px; --smush-placeholder-aspect-ratio: 16\/16;\" \/>&nbsp;Cargando ...<\/div>\n\n","protected":false},"excerpt":{"rendered":"<p>Por primera vez el catalanismo representado por Convergents, La Lliga y Lliures ha formulado una declaraci\u00f3n conjunta tomando posici\u00f3n ante la perspectiva de unas futuras elecciones al parlamento catal\u00e1n. La declaraci\u00f3n parte del principio de que Catalu\u00f1a necesita un nuevo proyecto pol\u00edtico que pueda ser construido por una alternativa electoral del centro amplio, que incluya tanto a partidos catalanistas como soberanistas, al considerar que es precisamente en esta amplitud donde radica la capacidad de dirigir la mala situaci\u00f3n por la que atraviesa Catalu\u00f1a. Comunicat de @LligaDemocratic @ElsLliures @convergents_cnv pic.twitter.com\/nOPCpWXOXU &mdash; Convergents (@convergents_cnv) July 14, 2020 Para ello las tres fuerzas pol\u00edticas han establecido un dec\u00e1logo que sirva de base para elaborar el programa electoral conjunto, e invitan al resto de las fuerzas pol\u00edticas que comparten diagn\u00f3stico y objetivos a incorporarse a la iniciativa para trabajar conjuntamente. Esta acci\u00f3n significar\u00eda un paso adelante en la confluencia de estos tres partidos con la voluntad de entenderse con los otros dos protagonistas: Units, que tambi\u00e9n hizo otro paso adelante al presentar como posible candidato de un amplio entendimiento al teniente de alcalde de seguridad ciudadana de Barcelona, \u200b\u200bAlbert Batlle, y el PNC, surgido del Grup de Poblet, que es el que mantiene de momento una mayor distancia a debatir posibles acuerdos. Su portavoz, Oriol Puig, ya formul\u00f3 que no est\u00e1 de momento entre sus prioridades establecer conversaciones para componer una alianza electoral y que no lo har\u00e1n hasta que est\u00e9n proclamadas las elecciones al Parlamento de Catalu\u00f1a. Su prioridad ahora, seg\u00fan la misma fuente, es hacer crecer el partido en todo el territorio. Esta es la fotograf\u00eda del momento presente, si bien la din\u00e1mica cambiante que vive Catalu\u00f1a puede introducir nuevos cambios. No ser\u00e1 un hecho menor si la situaci\u00f3n de la epidemia se complica a\u00fan m\u00e1s hasta crear un verdadero esc\u00e1ndalo pol\u00edtico, si \u00e9sta se extiende por Barcelona y el \u00e1rea metropolitana, porque entonces el golpe psicol\u00f3gico y econ\u00f3mico ser\u00e1 demoledor. Si sucediera, las previsiones de intentar enderezar un poco el sector tur\u00edstico se ir\u00edan al traste por la mala imagen en el \u00e1mbito internacional que est\u00e1 dando Lleida y el caso de l&#8217;Hospitalet. Si estas circunstancias se dieran, la necesidad de que saliera una alternativa catalanista que no fuera a buscar s\u00f3lo una presencia pol\u00edtica en el Parlamento, sino que se quisiera presentar como alternativa espec\u00edfica de Catalu\u00f1a al gran desorden creado, urgir\u00eda m\u00e1s que nunca al entendimiento entre todos los partidos, m\u00e1s all\u00e1 de las estrategias y visiones particulares de cada uno de ellos.<\/p>\n","protected":false},"author":2,"featured_media":38397,"comment_status":"open","ping_status":"open","sticky":false,"template":"","format":"standard","meta":{"_FSMCFIC_featured_image_caption":"","_FSMCFIC_featured_image_nocaption":"","_FSMCFIC_featured_image_hide":"","footnotes":""},"categories":[806],"tags":[1172,2606],"class_list":["post-38401","post","type-post","status-publish","format-standard","has-post-thumbnail","hentry","category-punts-claus-del-dia-es","tag-catalanismo","tag-convergents-es"],"yoast_head":"<!-- This site is optimized with the Yoast SEO plugin v26.8 - https:\/\/yoast.com\/product\/yoast-seo-wordpress\/ -->\n<title>El catalanismo centrista mueve ficha - Converses a Catalunya<\/title>\n<meta name=\"description\" content=\"Por primera vez el catalanismo representado por Convergents, La Lliga y Lliures ha formulado una declaraci\u00f3n conjunta tomando posici\u00f3n\" \/>\n<meta name=\"robots\" content=\"index, follow, max-snippet:-1, max-image-preview:large, max-video-preview:-1\" \/>\n<link rel=\"canonical\" href=\"https:\/\/conversesacatalunya.cat\/es\/el-catalanismo-centrista-mueve-ficha\/\" \/>\n<meta property=\"og:locale\" content=\"es_ES\" \/>\n<meta property=\"og:type\" content=\"article\" \/>\n<meta property=\"og:title\" content=\"El catalanismo centrista mueve ficha - Converses a Catalunya\" \/>\n<meta property=\"og:description\" content=\"Por primera vez el catalanismo representado por Convergents, La Lliga y Lliures ha formulado una declaraci\u00f3n conjunta tomando posici\u00f3n\" \/>\n<meta property=\"og:url\" content=\"https:\/\/conversesacatalunya.cat\/es\/el-catalanismo-centrista-mueve-ficha\/\" \/>\n<meta property=\"og:site_name\" content=\"Converses a Catalunya\" \/>\n<meta property=\"article:published_time\" content=\"2020-07-15T10:57:46+00:00\" \/>\n<meta property=\"article:modified_time\" content=\"2020-07-15T11:07:51+00:00\" \/>\n<meta property=\"og:image\" content=\"https:\/\/conversesacatalunya.cat\/wp-content\/uploads\/2020\/07\/catalanisme.jpeg\" \/>\n\t<meta property=\"og:image:width\" content=\"658\" \/>\n\t<meta property=\"og:image:height\" content=\"347\" \/>\n\t<meta property=\"og:image:type\" content=\"image\/jpeg\" \/>\n<meta name=\"author\" content=\"conversesacatalunya\" \/>\n<meta name=\"twitter:card\" content=\"summary_large_image\" \/>\n<meta name=\"twitter:label1\" content=\"Escrito por\" \/>\n\t<meta name=\"twitter:data1\" content=\"conversesacatalunya\" \/>\n\t<meta name=\"twitter:label2\" content=\"Tiempo de lectura\" \/>\n\t<meta name=\"twitter:data2\" content=\"2 minutos\" \/>\n<script type=\"application\/ld+json\" class=\"yoast-schema-graph\">{\"@context\":\"https:\/\/schema.org\",\"@graph\":[{\"@type\":\"Article\",\"@id\":\"https:\/\/conversesacatalunya.cat\/es\/el-catalanismo-centrista-mueve-ficha\/#article\",\"isPartOf\":{\"@id\":\"https:\/\/conversesacatalunya.cat\/es\/el-catalanismo-centrista-mueve-ficha\/\"},\"author\":{\"name\":\"conversesacatalunya\",\"@id\":\"https:\/\/conversesacatalunya.cat\/#\/schema\/person\/7e24d1e54a2785373ddcb275eae5ed99\"},\"headline\":\"El catalanismo centrista mueve ficha\",\"datePublished\":\"2020-07-15T10:57:46+00:00\",\"dateModified\":\"2020-07-15T11:07:51+00:00\",\"mainEntityOfPage\":{\"@id\":\"https:\/\/conversesacatalunya.cat\/es\/el-catalanismo-centrista-mueve-ficha\/\"},\"wordCount\":455,\"commentCount\":0,\"image\":{\"@id\":\"https:\/\/conversesacatalunya.cat\/es\/el-catalanismo-centrista-mueve-ficha\/#primaryimage\"},\"thumbnailUrl\":\"https:\/\/conversesacatalunya.cat\/wp-content\/uploads\/2020\/07\/catalanisme.jpeg\",\"keywords\":[\"catalanismo\",\"Convergents\"],\"articleSection\":[\"Punts clau del dia (ES)\"],\"inLanguage\":\"es\",\"potentialAction\":[{\"@type\":\"CommentAction\",\"name\":\"Comment\",\"target\":[\"https:\/\/conversesacatalunya.cat\/es\/el-catalanismo-centrista-mueve-ficha\/#respond\"]}]},{\"@type\":\"WebPage\",\"@id\":\"https:\/\/conversesacatalunya.cat\/es\/el-catalanismo-centrista-mueve-ficha\/\",\"url\":\"https:\/\/conversesacatalunya.cat\/es\/el-catalanismo-centrista-mueve-ficha\/\",\"name\":\"El catalanismo centrista mueve ficha - Converses a Catalunya\",\"isPartOf\":{\"@id\":\"https:\/\/conversesacatalunya.cat\/#website\"},\"primaryImageOfPage\":{\"@id\":\"https:\/\/conversesacatalunya.cat\/es\/el-catalanismo-centrista-mueve-ficha\/#primaryimage\"},\"image\":{\"@id\":\"https:\/\/conversesacatalunya.cat\/es\/el-catalanismo-centrista-mueve-ficha\/#primaryimage\"},\"thumbnailUrl\":\"https:\/\/conversesacatalunya.cat\/wp-content\/uploads\/2020\/07\/catalanisme.jpeg\",\"datePublished\":\"2020-07-15T10:57:46+00:00\",\"dateModified\":\"2020-07-15T11:07:51+00:00\",\"author\":{\"@id\":\"https:\/\/conversesacatalunya.cat\/#\/schema\/person\/7e24d1e54a2785373ddcb275eae5ed99\"},\"description\":\"Por primera vez el catalanismo representado por Convergents, La Lliga y Lliures ha formulado una declaraci\u00f3n conjunta tomando posici\u00f3n\",\"breadcrumb\":{\"@id\":\"https:\/\/conversesacatalunya.cat\/es\/el-catalanismo-centrista-mueve-ficha\/#breadcrumb\"},\"inLanguage\":\"es\",\"potentialAction\":[{\"@type\":\"ReadAction\",\"target\":[\"https:\/\/conversesacatalunya.cat\/es\/el-catalanismo-centrista-mueve-ficha\/\"]}]},{\"@type\":\"ImageObject\",\"inLanguage\":\"es\",\"@id\":\"https:\/\/conversesacatalunya.cat\/es\/el-catalanismo-centrista-mueve-ficha\/#primaryimage\",\"url\":\"https:\/\/conversesacatalunya.cat\/wp-content\/uploads\/2020\/07\/catalanisme.jpeg\",\"contentUrl\":\"https:\/\/conversesacatalunya.cat\/wp-content\/uploads\/2020\/07\/catalanisme.jpeg\",\"width\":658,\"height\":347,\"caption\":\"catalanisme\"},{\"@type\":\"BreadcrumbList\",\"@id\":\"https:\/\/conversesacatalunya.cat\/es\/el-catalanismo-centrista-mueve-ficha\/#breadcrumb\",\"itemListElement\":[{\"@type\":\"ListItem\",\"position\":1,\"name\":\"Inici\",\"item\":\"https:\/\/conversesacatalunya.cat\/es\/\"},{\"@type\":\"ListItem\",\"position\":2,\"name\":\"El catalanismo centrista mueve ficha\"}]},{\"@type\":\"WebSite\",\"@id\":\"https:\/\/conversesacatalunya.cat\/#website\",\"url\":\"https:\/\/conversesacatalunya.cat\/\",\"name\":\"Converses a Catalunya\",\"description\":\"\",\"potentialAction\":[{\"@type\":\"SearchAction\",\"target\":{\"@type\":\"EntryPoint\",\"urlTemplate\":\"https:\/\/conversesacatalunya.cat\/?s={search_term_string}\"},\"query-input\":{\"@type\":\"PropertyValueSpecification\",\"valueRequired\":true,\"valueName\":\"search_term_string\"}}],\"inLanguage\":\"es\"},{\"@type\":\"Person\",\"@id\":\"https:\/\/conversesacatalunya.cat\/#\/schema\/person\/7e24d1e54a2785373ddcb275eae5ed99\",\"name\":\"conversesacatalunya\",\"image\":{\"@type\":\"ImageObject\",\"inLanguage\":\"es\",\"@id\":\"https:\/\/conversesacatalunya.cat\/#\/schema\/person\/image\/\",\"url\":\"https:\/\/conversesacatalunya.cat\/wp-content\/litespeed\/avatar\/febdfeeec89d950f01c748045a981dd2.jpg?ver=1777314535\",\"contentUrl\":\"https:\/\/conversesacatalunya.cat\/wp-content\/litespeed\/avatar\/febdfeeec89d950f01c748045a981dd2.jpg?ver=1777314535\",\"caption\":\"conversesacatalunya\"},\"url\":\"https:\/\/conversesacatalunya.cat\/es\/author\/carme_catala\/\"}]}<\/script>\n<!-- \/ Yoast SEO plugin. -->","yoast_head_json":{"title":"El catalanismo centrista mueve ficha - Converses a Catalunya","description":"Por primera vez el catalanismo representado por Convergents, La Lliga y Lliures ha formulado una declaraci\u00f3n conjunta tomando posici\u00f3n","robots":{"index":"index","follow":"follow","max-snippet":"max-snippet:-1","max-image-preview":"max-image-preview:large","max-video-preview":"max-video-preview:-1"},"canonical":"https:\/\/conversesacatalunya.cat\/es\/el-catalanismo-centrista-mueve-ficha\/","og_locale":"es_ES","og_type":"article","og_title":"El catalanismo centrista mueve ficha - Converses a Catalunya","og_description":"Por primera vez el catalanismo representado por Convergents, La Lliga y Lliures ha formulado una declaraci\u00f3n conjunta tomando posici\u00f3n","og_url":"https:\/\/conversesacatalunya.cat\/es\/el-catalanismo-centrista-mueve-ficha\/","og_site_name":"Converses a Catalunya","article_published_time":"2020-07-15T10:57:46+00:00","article_modified_time":"2020-07-15T11:07:51+00:00","og_image":[{"width":658,"height":347,"url":"https:\/\/conversesacatalunya.cat\/wp-content\/uploads\/2020\/07\/catalanisme.jpeg","type":"image\/jpeg"}],"author":"conversesacatalunya","twitter_card":"summary_large_image","twitter_misc":{"Escrito por":"conversesacatalunya","Tiempo de lectura":"2 minutos"},"schema":{"@context":"https:\/\/schema.org","@graph":[{"@type":"Article","@id":"https:\/\/conversesacatalunya.cat\/es\/el-catalanismo-centrista-mueve-ficha\/#article","isPartOf":{"@id":"https:\/\/conversesacatalunya.cat\/es\/el-catalanismo-centrista-mueve-ficha\/"},"author":{"name":"conversesacatalunya","@id":"https:\/\/conversesacatalunya.cat\/#\/schema\/person\/7e24d1e54a2785373ddcb275eae5ed99"},"headline":"El catalanismo centrista mueve ficha","datePublished":"2020-07-15T10:57:46+00:00","dateModified":"2020-07-15T11:07:51+00:00","mainEntityOfPage":{"@id":"https:\/\/conversesacatalunya.cat\/es\/el-catalanismo-centrista-mueve-ficha\/"},"wordCount":455,"commentCount":0,"image":{"@id":"https:\/\/conversesacatalunya.cat\/es\/el-catalanismo-centrista-mueve-ficha\/#primaryimage"},"thumbnailUrl":"https:\/\/conversesacatalunya.cat\/wp-content\/uploads\/2020\/07\/catalanisme.jpeg","keywords":["catalanismo","Convergents"],"articleSection":["Punts clau del dia (ES)"],"inLanguage":"es","potentialAction":[{"@type":"CommentAction","name":"Comment","target":["https:\/\/conversesacatalunya.cat\/es\/el-catalanismo-centrista-mueve-ficha\/#respond"]}]},{"@type":"WebPage","@id":"https:\/\/conversesacatalunya.cat\/es\/el-catalanismo-centrista-mueve-ficha\/","url":"https:\/\/conversesacatalunya.cat\/es\/el-catalanismo-centrista-mueve-ficha\/","name":"El catalanismo centrista mueve ficha - Converses a Catalunya","isPartOf":{"@id":"https:\/\/conversesacatalunya.cat\/#website"},"primaryImageOfPage":{"@id":"https:\/\/conversesacatalunya.cat\/es\/el-catalanismo-centrista-mueve-ficha\/#primaryimage"},"image":{"@id":"https:\/\/conversesacatalunya.cat\/es\/el-catalanismo-centrista-mueve-ficha\/#primaryimage"},"thumbnailUrl":"https:\/\/conversesacatalunya.cat\/wp-content\/uploads\/2020\/07\/catalanisme.jpeg","datePublished":"2020-07-15T10:57:46+00:00","dateModified":"2020-07-15T11:07:51+00:00","author":{"@id":"https:\/\/conversesacatalunya.cat\/#\/schema\/person\/7e24d1e54a2785373ddcb275eae5ed99"},"description":"Por primera vez el catalanismo representado por Convergents, La Lliga y Lliures ha formulado una declaraci\u00f3n conjunta tomando posici\u00f3n","breadcrumb":{"@id":"https:\/\/conversesacatalunya.cat\/es\/el-catalanismo-centrista-mueve-ficha\/#breadcrumb"},"inLanguage":"es","potentialAction":[{"@type":"ReadAction","target":["https:\/\/conversesacatalunya.cat\/es\/el-catalanismo-centrista-mueve-ficha\/"]}]},{"@type":"ImageObject","inLanguage":"es","@id":"https:\/\/conversesacatalunya.cat\/es\/el-catalanismo-centrista-mueve-ficha\/#primaryimage","url":"https:\/\/conversesacatalunya.cat\/wp-content\/uploads\/2020\/07\/catalanisme.jpeg","contentUrl":"https:\/\/conversesacatalunya.cat\/wp-content\/uploads\/2020\/07\/catalanisme.jpeg","width":658,"height":347,"caption":"catalanisme"},{"@type":"BreadcrumbList","@id":"https:\/\/conversesacatalunya.cat\/es\/el-catalanismo-centrista-mueve-ficha\/#breadcrumb","itemListElement":[{"@type":"ListItem","position":1,"name":"Inici","item":"https:\/\/conversesacatalunya.cat\/es\/"},{"@type":"ListItem","position":2,"name":"El catalanismo centrista mueve ficha"}]},{"@type":"WebSite","@id":"https:\/\/conversesacatalunya.cat\/#website","url":"https:\/\/conversesacatalunya.cat\/","name":"Converses a Catalunya","description":"","potentialAction":[{"@type":"SearchAction","target":{"@type":"EntryPoint","urlTemplate":"https:\/\/conversesacatalunya.cat\/?s={search_term_string}"},"query-input":{"@type":"PropertyValueSpecification","valueRequired":true,"valueName":"search_term_string"}}],"inLanguage":"es"},{"@type":"Person","@id":"https:\/\/conversesacatalunya.cat\/#\/schema\/person\/7e24d1e54a2785373ddcb275eae5ed99","name":"conversesacatalunya","image":{"@type":"ImageObject","inLanguage":"es","@id":"https:\/\/conversesacatalunya.cat\/#\/schema\/person\/image\/","url":"https:\/\/conversesacatalunya.cat\/wp-content\/litespeed\/avatar\/febdfeeec89d950f01c748045a981dd2.jpg?ver=1777314535","contentUrl":"https:\/\/conversesacatalunya.cat\/wp-content\/litespeed\/avatar\/febdfeeec89d950f01c748045a981dd2.jpg?ver=1777314535","caption":"conversesacatalunya"},"url":"https:\/\/conversesacatalunya.cat\/es\/author\/carme_catala\/"}]}},"wps_subtitle":"Por primera vez el catalanismo representado por Convergents, La Lliga y Lliures ha formulado una declaraci\u00f3n conjunta tomando posici\u00f3n ante la perspectiva de unas futuras elecciones al parlamento catal\u00e1n","_links":{"self":[{"href":"https:\/\/conversesacatalunya.cat\/es\/wp-json\/wp\/v2\/posts\/38401","targetHints":{"allow":["GET"]}}],"collection":[{"href":"https:\/\/conversesacatalunya.cat\/es\/wp-json\/wp\/v2\/posts"}],"about":[{"href":"https:\/\/conversesacatalunya.cat\/es\/wp-json\/wp\/v2\/types\/post"}],"author":[{"embeddable":true,"href":"https:\/\/conversesacatalunya.cat\/es\/wp-json\/wp\/v2\/users\/2"}],"replies":[{"embeddable":true,"href":"https:\/\/conversesacatalunya.cat\/es\/wp-json\/wp\/v2\/comments?post=38401"}],"version-history":[{"count":2,"href":"https:\/\/conversesacatalunya.cat\/es\/wp-json\/wp\/v2\/posts\/38401\/revisions"}],"predecessor-version":[{"id":38402,"href":"https:\/\/conversesacatalunya.cat\/es\/wp-json\/wp\/v2\/posts\/38401\/revisions\/38402"}],"wp:featuredmedia":[{"embeddable":true,"href":"https:\/\/conversesacatalunya.cat\/es\/wp-json\/wp\/v2\/media\/38397"}],"wp:attachment":[{"href":"https:\/\/conversesacatalunya.cat\/es\/wp-json\/wp\/v2\/media?parent=38401"}],"wp:term":[{"taxonomy":"category","embeddable":true,"href":"https:\/\/conversesacatalunya.cat\/es\/wp-json\/wp\/v2\/categories?post=38401"},{"taxonomy":"post_tag","embeddable":true,"href":"https:\/\/conversesacatalunya.cat\/es\/wp-json\/wp\/v2\/tags?post=38401"}],"curies":[{"name":"wp","href":"https:\/\/api.w.org\/{rel}","templated":true}]}}