{"id":38367,"date":"2020-07-14T13:42:29","date_gmt":"2020-07-14T11:42:29","guid":{"rendered":"https:\/\/conversesacatalunya.cat\/per-que-la-generalitat-ha-de-confinar-barris-de-lhospitalet\/"},"modified":"2020-07-14T16:38:30","modified_gmt":"2020-07-14T14:38:30","slug":"por-que-la-generalitat-ha-de-confinar-barrios-de-lhospitalet","status":"publish","type":"post","link":"https:\/\/conversesacatalunya.cat\/es\/por-que-la-generalitat-ha-de-confinar-barrios-de-lhospitalet\/","title":{"rendered":"\u00bfPor qu\u00e9 la Generalitat ha de confinar barrios de L&#8217;Hospitalet?"},"content":{"rendered":"<p>El foco de atenci\u00f3n est\u00e1 situado en el conjunto de Catalu\u00f1a, porque en los \u00faltimos siete d\u00edas, de los 3.000 nuevos casos que se han producido en Espa\u00f1a, <strong>2.000 est\u00e1n en Catalu\u00f1a<\/strong>. Y en este marco, toda la atenci\u00f3n y pol\u00e9mica se concentra en Lleida y en el entorno de poblaciones de la comarca del Segri\u00e0. Esta evidencia no puede hacer olvidar la dif\u00edcil situaci\u00f3n que vive <strong>l&#8217;Hospitalet<\/strong>. Recordemos que es la <strong>segunda ciudad de Catalu\u00f1a, con 265.000 habitantes<\/strong> y que no tiene soluci\u00f3n de continuidad con la capital. En unos barrios muy concretos de la ciudad los casos se han disparado. Se trata de <strong>La Torrassa, La Florida y Collblanc<\/strong>, sobre todo.<\/p>\n<p>El conjunto del municipio presenta<strong> m\u00e1s de 300 casos<\/strong>. Esta cifra se sit\u00faa por encima del umbral que Alemania ha establecido para aislar una determinada zona. Esta decisi\u00f3n se toma cuando <strong>se llega a 50 casos en la \u00faltima semana por 100.000 habitantes<\/strong>. Es evidente que l&#8217;Hospitalet ya ha superado esta cifra con creces y, siguiendo el criterio prudencial de Alemania, la ciudad deber\u00eda ser perimetrada. El presidente Torra ya formul\u00f3 que no era su intenci\u00f3n actuar en este sentido, y esto es comprensible porque el revuelo econ\u00f3mico y de funcionamiento que provocar\u00eda una medida de este tipo ser\u00eda extraordinaria. Pero no es necesario llegar a establecer limitaciones para el conjunto de la poblaci\u00f3n. Ser\u00eda prudente hacerlo s\u00f3lo en aquellos barrios que presentan niveles a\u00fan m\u00e1s elevados de casos. En concreto, la Torrassa tiene <strong>81 casos por 27.000 habitantes<\/strong>, una cifra que multiplica el est\u00e1ndar alem\u00e1n. Asimismo, presenta una de las densidades m\u00e1s elevadas de Europa con <strong>61.686 hab\/km<sup>2<\/sup><\/strong>. La Florida ser\u00eda otro caso grave, tambi\u00e9n con 80 casos en una poblaci\u00f3n de 29.000 habitantes y una densidad de <strong>77.000 hab\/km<sup>2<\/sup><\/strong>. En tercer lugar tendr\u00edamos Collblanc, otro barrio pegado a Barcelona, \u200b\u200bque presenta 44 casos para una poblaci\u00f3n de 26.000 habitantes y una densidad de <strong>51.169 hab\/km<sup>2<\/sup><\/strong>.<\/p>\n<p>La densidad es un factor determinante porque facilita la propagaci\u00f3n de la epidemia, ya que se\u00f1ala un n\u00famero importante de personas por vivienda y unos reducidos espacios vitales tan privados como en la v\u00eda p\u00fablica y con una posibilidad de contagio mucho m\u00e1s f\u00e1cil.<\/p>\n<p>La salud p\u00fablica se basa en la prevenci\u00f3n y no en la certeza absoluta, y funciona bajo el criterio de que es mejor prevenir que curar. Y este es el caso de estos barrios de L&#8217;Hospitalet.<\/p>\n<p>Un gobierno s\u00f3lido ya habr\u00eda establecido hace tres d\u00edas la contenci\u00f3n perimetral de estas zonas de Catalu\u00f1a.<\/p>\n<p style=\"text-align: center;\">M\u00e1s informaci\u00f3n sobre el coronavirus en <a href=\"https:\/\/conversesacatalunya.cat\/es\/coronavirus\/\"><strong>ESPECIAL CORONAVIRUS<\/strong><\/a><\/p>\n","protected":false},"excerpt":{"rendered":"<p>El foco de atenci\u00f3n est\u00e1 situado en el conjunto de Catalu\u00f1a, porque en los \u00faltimos siete d\u00edas, de los 3.000 nuevos casos que se han producido en Espa\u00f1a, 2.000 est\u00e1n en Catalu\u00f1a. Y en este marco, toda la atenci\u00f3n y pol\u00e9mica se concentra en Lleida y en el entorno de poblaciones de la comarca del Segri\u00e0. Esta evidencia no puede hacer olvidar la dif\u00edcil situaci\u00f3n que vive l&#8217;Hospitalet. Recordemos que es la segunda ciudad de Catalu\u00f1a, con 265.000 habitantes y que no tiene soluci\u00f3n de continuidad con la capital. En unos barrios muy concretos de la ciudad los casos se han disparado. Se trata de La Torrassa, La Florida y Collblanc, sobre todo. El conjunto del municipio presenta m\u00e1s de 300 casos. Esta cifra se sit\u00faa por encima del umbral que Alemania ha establecido para aislar una determinada zona. Esta decisi\u00f3n se toma cuando se llega a 50 casos en la \u00faltima semana por 100.000 habitantes. Es evidente que l&#8217;Hospitalet ya ha superado esta cifra con creces y, siguiendo el criterio prudencial de Alemania, la ciudad deber\u00eda ser perimetrada. El presidente Torra ya formul\u00f3 que no era su intenci\u00f3n actuar en este sentido, y esto es comprensible porque el revuelo econ\u00f3mico y de funcionamiento que provocar\u00eda una medida de este tipo ser\u00eda extraordinaria. Pero no es necesario llegar a establecer limitaciones para el conjunto de la poblaci\u00f3n. Ser\u00eda prudente hacerlo s\u00f3lo en aquellos barrios que presentan niveles a\u00fan m\u00e1s elevados de casos. En concreto, la Torrassa tiene 81 casos por 27.000 habitantes, una cifra que multiplica el est\u00e1ndar alem\u00e1n. Asimismo, presenta una de las densidades m\u00e1s elevadas de Europa con 61.686 hab\/km2. La Florida ser\u00eda otro caso grave, tambi\u00e9n con 80 casos en una poblaci\u00f3n de 29.000 habitantes y una densidad de 77.000 hab\/km2. En tercer lugar tendr\u00edamos Collblanc, otro barrio pegado a Barcelona, \u200b\u200bque presenta 44 casos para una poblaci\u00f3n de 26.000 habitantes y una densidad de 51.169 hab\/km2. La densidad es un factor determinante porque facilita la propagaci\u00f3n de la epidemia, ya que se\u00f1ala un n\u00famero importante de personas por vivienda y unos reducidos espacios vitales tan privados como en la v\u00eda p\u00fablica y con una posibilidad de contagio mucho m\u00e1s f\u00e1cil. La salud p\u00fablica se basa en la prevenci\u00f3n y no en la certeza absoluta, y funciona bajo el criterio de que es mejor prevenir que curar. Y este es el caso de estos barrios de L&#8217;Hospitalet. Un gobierno s\u00f3lido ya habr\u00eda establecido hace tres d\u00edas la contenci\u00f3n perimetral de estas zonas de Catalu\u00f1a. M\u00e1s informaci\u00f3n sobre el coronavirus en ESPECIAL CORONAVIRUS<\/p>\n","protected":false},"author":2,"featured_media":38356,"comment_status":"open","ping_status":"open","sticky":false,"template":"","format":"standard","meta":{"_FSMCFIC_featured_image_caption":"","_FSMCFIC_featured_image_nocaption":"","_FSMCFIC_featured_image_hide":"","footnotes":""},"categories":[1772,806],"tags":[2597],"class_list":["post-38367","post","type-post","status-publish","format-standard","has-post-thumbnail","hentry","category-especial-coronavirus-es","category-punts-claus-del-dia-es","tag-rebrotes-coronavirus"],"yoast_head":"<!-- This site is optimized with the Yoast SEO plugin v26.8 - https:\/\/yoast.com\/product\/yoast-seo-wordpress\/ -->\n<title>\u00bfPor qu\u00e9 la Generalitat ha de confinar barrios de L&#039;Hospitalet? - Converses a Catalunya<\/title>\n<meta name=\"description\" content=\"El foco de atenci\u00f3n est\u00e1 situado en el conjunto de Catalu\u00f1a, porque en los \u00faltimos siete d\u00edas, de los 3.000 nuevos casos que se han producido en Espa\u00f1a, 2.000 est\u00e1n en Catalu\u00f1a\" \/>\n<meta name=\"robots\" content=\"index, follow, max-snippet:-1, max-image-preview:large, max-video-preview:-1\" \/>\n<link rel=\"canonical\" href=\"https:\/\/conversesacatalunya.cat\/es\/por-que-la-generalitat-ha-de-confinar-barrios-de-lhospitalet\/\" \/>\n<meta property=\"og:locale\" content=\"es_ES\" \/>\n<meta property=\"og:type\" content=\"article\" \/>\n<meta property=\"og:title\" content=\"\u00bfPor qu\u00e9 la Generalitat ha de confinar barrios de L&#039;Hospitalet? - Converses a Catalunya\" \/>\n<meta property=\"og:description\" content=\"El foco de atenci\u00f3n est\u00e1 situado en el conjunto de Catalu\u00f1a, porque en los \u00faltimos siete d\u00edas, de los 3.000 nuevos casos que se han producido en Espa\u00f1a, 2.000 est\u00e1n en Catalu\u00f1a\" \/>\n<meta property=\"og:url\" content=\"https:\/\/conversesacatalunya.cat\/es\/por-que-la-generalitat-ha-de-confinar-barrios-de-lhospitalet\/\" \/>\n<meta property=\"og:site_name\" content=\"Converses a Catalunya\" \/>\n<meta property=\"article:published_time\" content=\"2020-07-14T11:42:29+00:00\" \/>\n<meta property=\"article:modified_time\" content=\"2020-07-14T14:38:30+00:00\" \/>\n<meta property=\"og:image\" content=\"https:\/\/conversesacatalunya.cat\/wp-content\/uploads\/2020\/07\/rebrots-coronavirus.jpg\" \/>\n\t<meta property=\"og:image:width\" content=\"1200\" \/>\n\t<meta property=\"og:image:height\" content=\"674\" \/>\n\t<meta property=\"og:image:type\" content=\"image\/jpeg\" \/>\n<meta name=\"author\" content=\"conversesacatalunya\" \/>\n<meta name=\"twitter:card\" content=\"summary_large_image\" \/>\n<meta name=\"twitter:label1\" content=\"Escrito por\" \/>\n\t<meta name=\"twitter:data1\" content=\"conversesacatalunya\" \/>\n\t<meta name=\"twitter:label2\" content=\"Tiempo de lectura\" \/>\n\t<meta name=\"twitter:data2\" content=\"2 minutos\" \/>\n<script type=\"application\/ld+json\" class=\"yoast-schema-graph\">{\"@context\":\"https:\/\/schema.org\",\"@graph\":[{\"@type\":\"Article\",\"@id\":\"https:\/\/conversesacatalunya.cat\/es\/por-que-la-generalitat-ha-de-confinar-barrios-de-lhospitalet\/#article\",\"isPartOf\":{\"@id\":\"https:\/\/conversesacatalunya.cat\/es\/por-que-la-generalitat-ha-de-confinar-barrios-de-lhospitalet\/\"},\"author\":{\"name\":\"conversesacatalunya\",\"@id\":\"https:\/\/conversesacatalunya.cat\/#\/schema\/person\/7e24d1e54a2785373ddcb275eae5ed99\"},\"headline\":\"\u00bfPor qu\u00e9 la Generalitat ha de confinar barrios de L&#8217;Hospitalet?\",\"datePublished\":\"2020-07-14T11:42:29+00:00\",\"dateModified\":\"2020-07-14T14:38:30+00:00\",\"mainEntityOfPage\":{\"@id\":\"https:\/\/conversesacatalunya.cat\/es\/por-que-la-generalitat-ha-de-confinar-barrios-de-lhospitalet\/\"},\"wordCount\":476,\"commentCount\":0,\"image\":{\"@id\":\"https:\/\/conversesacatalunya.cat\/es\/por-que-la-generalitat-ha-de-confinar-barrios-de-lhospitalet\/#primaryimage\"},\"thumbnailUrl\":\"https:\/\/conversesacatalunya.cat\/wp-content\/uploads\/2020\/07\/rebrots-coronavirus.jpg\",\"keywords\":[\"rebrotes coronavirus\"],\"articleSection\":[\"Especial Coronavirus (ES)\",\"Punts clau del dia (ES)\"],\"inLanguage\":\"es\",\"potentialAction\":[{\"@type\":\"CommentAction\",\"name\":\"Comment\",\"target\":[\"https:\/\/conversesacatalunya.cat\/es\/por-que-la-generalitat-ha-de-confinar-barrios-de-lhospitalet\/#respond\"]}]},{\"@type\":\"WebPage\",\"@id\":\"https:\/\/conversesacatalunya.cat\/es\/por-que-la-generalitat-ha-de-confinar-barrios-de-lhospitalet\/\",\"url\":\"https:\/\/conversesacatalunya.cat\/es\/por-que-la-generalitat-ha-de-confinar-barrios-de-lhospitalet\/\",\"name\":\"\u00bfPor qu\u00e9 la Generalitat ha de confinar barrios de L'Hospitalet? - Converses a Catalunya\",\"isPartOf\":{\"@id\":\"https:\/\/conversesacatalunya.cat\/#website\"},\"primaryImageOfPage\":{\"@id\":\"https:\/\/conversesacatalunya.cat\/es\/por-que-la-generalitat-ha-de-confinar-barrios-de-lhospitalet\/#primaryimage\"},\"image\":{\"@id\":\"https:\/\/conversesacatalunya.cat\/es\/por-que-la-generalitat-ha-de-confinar-barrios-de-lhospitalet\/#primaryimage\"},\"thumbnailUrl\":\"https:\/\/conversesacatalunya.cat\/wp-content\/uploads\/2020\/07\/rebrots-coronavirus.jpg\",\"datePublished\":\"2020-07-14T11:42:29+00:00\",\"dateModified\":\"2020-07-14T14:38:30+00:00\",\"author\":{\"@id\":\"https:\/\/conversesacatalunya.cat\/#\/schema\/person\/7e24d1e54a2785373ddcb275eae5ed99\"},\"description\":\"El foco de atenci\u00f3n est\u00e1 situado en el conjunto de Catalu\u00f1a, porque en los \u00faltimos siete d\u00edas, de los 3.000 nuevos casos que se han producido en Espa\u00f1a, 2.000 est\u00e1n en Catalu\u00f1a\",\"breadcrumb\":{\"@id\":\"https:\/\/conversesacatalunya.cat\/es\/por-que-la-generalitat-ha-de-confinar-barrios-de-lhospitalet\/#breadcrumb\"},\"inLanguage\":\"es\",\"potentialAction\":[{\"@type\":\"ReadAction\",\"target\":[\"https:\/\/conversesacatalunya.cat\/es\/por-que-la-generalitat-ha-de-confinar-barrios-de-lhospitalet\/\"]}]},{\"@type\":\"ImageObject\",\"inLanguage\":\"es\",\"@id\":\"https:\/\/conversesacatalunya.cat\/es\/por-que-la-generalitat-ha-de-confinar-barrios-de-lhospitalet\/#primaryimage\",\"url\":\"https:\/\/conversesacatalunya.cat\/wp-content\/uploads\/2020\/07\/rebrots-coronavirus.jpg\",\"contentUrl\":\"https:\/\/conversesacatalunya.cat\/wp-content\/uploads\/2020\/07\/rebrots-coronavirus.jpg\",\"width\":1200,\"height\":674,\"caption\":\"confinar l'hospitalet\"},{\"@type\":\"BreadcrumbList\",\"@id\":\"https:\/\/conversesacatalunya.cat\/es\/por-que-la-generalitat-ha-de-confinar-barrios-de-lhospitalet\/#breadcrumb\",\"itemListElement\":[{\"@type\":\"ListItem\",\"position\":1,\"name\":\"Inici\",\"item\":\"https:\/\/conversesacatalunya.cat\/es\/\"},{\"@type\":\"ListItem\",\"position\":2,\"name\":\"\u00bfPor qu\u00e9 la Generalitat ha de confinar barrios de L&#8217;Hospitalet?\"}]},{\"@type\":\"WebSite\",\"@id\":\"https:\/\/conversesacatalunya.cat\/#website\",\"url\":\"https:\/\/conversesacatalunya.cat\/\",\"name\":\"Converses a Catalunya\",\"description\":\"\",\"potentialAction\":[{\"@type\":\"SearchAction\",\"target\":{\"@type\":\"EntryPoint\",\"urlTemplate\":\"https:\/\/conversesacatalunya.cat\/?s={search_term_string}\"},\"query-input\":{\"@type\":\"PropertyValueSpecification\",\"valueRequired\":true,\"valueName\":\"search_term_string\"}}],\"inLanguage\":\"es\"},{\"@type\":\"Person\",\"@id\":\"https:\/\/conversesacatalunya.cat\/#\/schema\/person\/7e24d1e54a2785373ddcb275eae5ed99\",\"name\":\"conversesacatalunya\",\"image\":{\"@type\":\"ImageObject\",\"inLanguage\":\"es\",\"@id\":\"https:\/\/conversesacatalunya.cat\/#\/schema\/person\/image\/\",\"url\":\"https:\/\/conversesacatalunya.cat\/wp-content\/litespeed\/avatar\/febdfeeec89d950f01c748045a981dd2.jpg?ver=1777314535\",\"contentUrl\":\"https:\/\/conversesacatalunya.cat\/wp-content\/litespeed\/avatar\/febdfeeec89d950f01c748045a981dd2.jpg?ver=1777314535\",\"caption\":\"conversesacatalunya\"},\"url\":\"https:\/\/conversesacatalunya.cat\/es\/author\/carme_catala\/\"}]}<\/script>\n<!-- \/ Yoast SEO plugin. -->","yoast_head_json":{"title":"\u00bfPor qu\u00e9 la Generalitat ha de confinar barrios de L'Hospitalet? - Converses a Catalunya","description":"El foco de atenci\u00f3n est\u00e1 situado en el conjunto de Catalu\u00f1a, porque en los \u00faltimos siete d\u00edas, de los 3.000 nuevos casos que se han producido en Espa\u00f1a, 2.000 est\u00e1n en Catalu\u00f1a","robots":{"index":"index","follow":"follow","max-snippet":"max-snippet:-1","max-image-preview":"max-image-preview:large","max-video-preview":"max-video-preview:-1"},"canonical":"https:\/\/conversesacatalunya.cat\/es\/por-que-la-generalitat-ha-de-confinar-barrios-de-lhospitalet\/","og_locale":"es_ES","og_type":"article","og_title":"\u00bfPor qu\u00e9 la Generalitat ha de confinar barrios de L'Hospitalet? - Converses a Catalunya","og_description":"El foco de atenci\u00f3n est\u00e1 situado en el conjunto de Catalu\u00f1a, porque en los \u00faltimos siete d\u00edas, de los 3.000 nuevos casos que se han producido en Espa\u00f1a, 2.000 est\u00e1n en Catalu\u00f1a","og_url":"https:\/\/conversesacatalunya.cat\/es\/por-que-la-generalitat-ha-de-confinar-barrios-de-lhospitalet\/","og_site_name":"Converses a Catalunya","article_published_time":"2020-07-14T11:42:29+00:00","article_modified_time":"2020-07-14T14:38:30+00:00","og_image":[{"width":1200,"height":674,"url":"https:\/\/conversesacatalunya.cat\/wp-content\/uploads\/2020\/07\/rebrots-coronavirus.jpg","type":"image\/jpeg"}],"author":"conversesacatalunya","twitter_card":"summary_large_image","twitter_misc":{"Escrito por":"conversesacatalunya","Tiempo de lectura":"2 minutos"},"schema":{"@context":"https:\/\/schema.org","@graph":[{"@type":"Article","@id":"https:\/\/conversesacatalunya.cat\/es\/por-que-la-generalitat-ha-de-confinar-barrios-de-lhospitalet\/#article","isPartOf":{"@id":"https:\/\/conversesacatalunya.cat\/es\/por-que-la-generalitat-ha-de-confinar-barrios-de-lhospitalet\/"},"author":{"name":"conversesacatalunya","@id":"https:\/\/conversesacatalunya.cat\/#\/schema\/person\/7e24d1e54a2785373ddcb275eae5ed99"},"headline":"\u00bfPor qu\u00e9 la Generalitat ha de confinar barrios de L&#8217;Hospitalet?","datePublished":"2020-07-14T11:42:29+00:00","dateModified":"2020-07-14T14:38:30+00:00","mainEntityOfPage":{"@id":"https:\/\/conversesacatalunya.cat\/es\/por-que-la-generalitat-ha-de-confinar-barrios-de-lhospitalet\/"},"wordCount":476,"commentCount":0,"image":{"@id":"https:\/\/conversesacatalunya.cat\/es\/por-que-la-generalitat-ha-de-confinar-barrios-de-lhospitalet\/#primaryimage"},"thumbnailUrl":"https:\/\/conversesacatalunya.cat\/wp-content\/uploads\/2020\/07\/rebrots-coronavirus.jpg","keywords":["rebrotes coronavirus"],"articleSection":["Especial Coronavirus (ES)","Punts clau del dia (ES)"],"inLanguage":"es","potentialAction":[{"@type":"CommentAction","name":"Comment","target":["https:\/\/conversesacatalunya.cat\/es\/por-que-la-generalitat-ha-de-confinar-barrios-de-lhospitalet\/#respond"]}]},{"@type":"WebPage","@id":"https:\/\/conversesacatalunya.cat\/es\/por-que-la-generalitat-ha-de-confinar-barrios-de-lhospitalet\/","url":"https:\/\/conversesacatalunya.cat\/es\/por-que-la-generalitat-ha-de-confinar-barrios-de-lhospitalet\/","name":"\u00bfPor qu\u00e9 la Generalitat ha de confinar barrios de L'Hospitalet? - Converses a Catalunya","isPartOf":{"@id":"https:\/\/conversesacatalunya.cat\/#website"},"primaryImageOfPage":{"@id":"https:\/\/conversesacatalunya.cat\/es\/por-que-la-generalitat-ha-de-confinar-barrios-de-lhospitalet\/#primaryimage"},"image":{"@id":"https:\/\/conversesacatalunya.cat\/es\/por-que-la-generalitat-ha-de-confinar-barrios-de-lhospitalet\/#primaryimage"},"thumbnailUrl":"https:\/\/conversesacatalunya.cat\/wp-content\/uploads\/2020\/07\/rebrots-coronavirus.jpg","datePublished":"2020-07-14T11:42:29+00:00","dateModified":"2020-07-14T14:38:30+00:00","author":{"@id":"https:\/\/conversesacatalunya.cat\/#\/schema\/person\/7e24d1e54a2785373ddcb275eae5ed99"},"description":"El foco de atenci\u00f3n est\u00e1 situado en el conjunto de Catalu\u00f1a, porque en los \u00faltimos siete d\u00edas, de los 3.000 nuevos casos que se han producido en Espa\u00f1a, 2.000 est\u00e1n en Catalu\u00f1a","breadcrumb":{"@id":"https:\/\/conversesacatalunya.cat\/es\/por-que-la-generalitat-ha-de-confinar-barrios-de-lhospitalet\/#breadcrumb"},"inLanguage":"es","potentialAction":[{"@type":"ReadAction","target":["https:\/\/conversesacatalunya.cat\/es\/por-que-la-generalitat-ha-de-confinar-barrios-de-lhospitalet\/"]}]},{"@type":"ImageObject","inLanguage":"es","@id":"https:\/\/conversesacatalunya.cat\/es\/por-que-la-generalitat-ha-de-confinar-barrios-de-lhospitalet\/#primaryimage","url":"https:\/\/conversesacatalunya.cat\/wp-content\/uploads\/2020\/07\/rebrots-coronavirus.jpg","contentUrl":"https:\/\/conversesacatalunya.cat\/wp-content\/uploads\/2020\/07\/rebrots-coronavirus.jpg","width":1200,"height":674,"caption":"confinar l'hospitalet"},{"@type":"BreadcrumbList","@id":"https:\/\/conversesacatalunya.cat\/es\/por-que-la-generalitat-ha-de-confinar-barrios-de-lhospitalet\/#breadcrumb","itemListElement":[{"@type":"ListItem","position":1,"name":"Inici","item":"https:\/\/conversesacatalunya.cat\/es\/"},{"@type":"ListItem","position":2,"name":"\u00bfPor qu\u00e9 la Generalitat ha de confinar barrios de L&#8217;Hospitalet?"}]},{"@type":"WebSite","@id":"https:\/\/conversesacatalunya.cat\/#website","url":"https:\/\/conversesacatalunya.cat\/","name":"Converses a Catalunya","description":"","potentialAction":[{"@type":"SearchAction","target":{"@type":"EntryPoint","urlTemplate":"https:\/\/conversesacatalunya.cat\/?s={search_term_string}"},"query-input":{"@type":"PropertyValueSpecification","valueRequired":true,"valueName":"search_term_string"}}],"inLanguage":"es"},{"@type":"Person","@id":"https:\/\/conversesacatalunya.cat\/#\/schema\/person\/7e24d1e54a2785373ddcb275eae5ed99","name":"conversesacatalunya","image":{"@type":"ImageObject","inLanguage":"es","@id":"https:\/\/conversesacatalunya.cat\/#\/schema\/person\/image\/","url":"https:\/\/conversesacatalunya.cat\/wp-content\/litespeed\/avatar\/febdfeeec89d950f01c748045a981dd2.jpg?ver=1777314535","contentUrl":"https:\/\/conversesacatalunya.cat\/wp-content\/litespeed\/avatar\/febdfeeec89d950f01c748045a981dd2.jpg?ver=1777314535","caption":"conversesacatalunya"},"url":"https:\/\/conversesacatalunya.cat\/es\/author\/carme_catala\/"}]}},"wps_subtitle":"","_links":{"self":[{"href":"https:\/\/conversesacatalunya.cat\/es\/wp-json\/wp\/v2\/posts\/38367","targetHints":{"allow":["GET"]}}],"collection":[{"href":"https:\/\/conversesacatalunya.cat\/es\/wp-json\/wp\/v2\/posts"}],"about":[{"href":"https:\/\/conversesacatalunya.cat\/es\/wp-json\/wp\/v2\/types\/post"}],"author":[{"embeddable":true,"href":"https:\/\/conversesacatalunya.cat\/es\/wp-json\/wp\/v2\/users\/2"}],"replies":[{"embeddable":true,"href":"https:\/\/conversesacatalunya.cat\/es\/wp-json\/wp\/v2\/comments?post=38367"}],"version-history":[{"count":2,"href":"https:\/\/conversesacatalunya.cat\/es\/wp-json\/wp\/v2\/posts\/38367\/revisions"}],"predecessor-version":[{"id":38368,"href":"https:\/\/conversesacatalunya.cat\/es\/wp-json\/wp\/v2\/posts\/38367\/revisions\/38368"}],"wp:featuredmedia":[{"embeddable":true,"href":"https:\/\/conversesacatalunya.cat\/es\/wp-json\/wp\/v2\/media\/38356"}],"wp:attachment":[{"href":"https:\/\/conversesacatalunya.cat\/es\/wp-json\/wp\/v2\/media?parent=38367"}],"wp:term":[{"taxonomy":"category","embeddable":true,"href":"https:\/\/conversesacatalunya.cat\/es\/wp-json\/wp\/v2\/categories?post=38367"},{"taxonomy":"post_tag","embeddable":true,"href":"https:\/\/conversesacatalunya.cat\/es\/wp-json\/wp\/v2\/tags?post=38367"}],"curies":[{"name":"wp","href":"https:\/\/api.w.org\/{rel}","templated":true}]}}