{"id":38363,"date":"2020-07-14T12:17:52","date_gmt":"2020-07-14T10:17:52","guid":{"rendered":"https:\/\/conversesacatalunya.cat\/junqueras-el-catacroc-de-lindependentisme-del-proces\/"},"modified":"2020-07-14T16:28:48","modified_gmt":"2020-07-14T14:28:48","slug":"el-catacroc-del-independentismo-del-proces","status":"publish","type":"post","link":"https:\/\/conversesacatalunya.cat\/es\/el-catacroc-del-independentismo-del-proces\/","title":{"rendered":"El catacroc del independentismo del \u00abproc\u00e9s\u00bb"},"content":{"rendered":"<p>Junqueras interpreta bien la situaci\u00f3n cuando en declaraciones a La Vanguardia el domingo 12 de julio afirmaba que \u00abno se puede dejar de gobernar\u00bb. Los resultados en Galicia y en el Pa\u00eds Vasco lo constatan una vez m\u00e1s. El problema es que su partido hace tiempo que est\u00e1 en el gobierno, pero no gobierna.<\/p>\n<p>ERC ya viene de una mala prensa como organizaci\u00f3n de gobierno poco fiable durante el tripartito y el famoso \u00abDragon Khan\u00bb. Desde el primer momento Junqueras ha querido imprimir otra orientaci\u00f3n al partido, aprovechando su presencia en el gobierno. Durante la primera fase, la propiamente dicha del <em>proc\u00e9s<\/em> que nos deb\u00eda conducir a la independencia en un santiam\u00e9n, <strong>no tuvo tiempo para gobernar<\/strong>. En la segunda fase, a partir de las elecciones de diciembre de 2017, con \u00e9l ya fuera de juego, en teor\u00eda deb\u00edan gestionar el gobierno, pero <strong>en la pr\u00e1ctica las pugnas por encabezar el independentismo se lo han comido todo<\/strong>. S\u00f3lo faltaba la pandemia, que aumenta el estr\u00e9s del que ya est\u00e1 estresado para poner de relieve las miserias de los departamentos gestionados por ERC, que han pasado a primera fila con los <strong>casos de Sanidad, y Trabajo, Asuntos Sociales y Familia<\/strong>, que han tenido y mantienen una gesti\u00f3n p\u00e9sima.<\/p>\n<p>Catalu\u00f1a se ha convertido en uno de los lugares donde la gesti\u00f3n del Covid-19 manifiesta m\u00e1s deficiencias. Naturalmente, la responsabilidad \u00faltima es del presidente Torra, pero esto no impide que los responsables de la gesti\u00f3n directa tengan una parte muy determinante de responsabilidad. El vicepresidente, Pere Aragon\u00e8s, no ha podido o no ha sabido cubrir estos vac\u00edos y todo ha quedado reducido a lo de siempre: la ret\u00f3rica.<\/p>\n<p>Por otra parte, todo el movimiento independentista se est\u00e1 rompiendo en m\u00faltiples facciones. La ANC es una cosa, y \u00d2mnium otra muy diferente, y ocupan espacios pol\u00edticos contrapuestos. La pugna entre republicanos y puigdemontistas es una historia que ya se acerca a la de Montescos y Capuletos, pero sin Romeo y Julieta. El paso del tiempo ha aumentado las diferencias y la falta de sincronizaci\u00f3n, Torra el \u00abpresidente vicario\u00bb, y Puigdemont, el \u00abpresidente leg\u00edtimo\u00bb. Se ha producido una ruptura que ser\u00eda fratricida si no fuera porque nunca han sido hermanos entre Puigdemont y su propio partido, el PDeCAT. Y todo ello ante la incomparecencia de Artur Mas que, al parecer, sigue esperando su <em>momentum<\/em>. La \u00faltima jugada de Puigdemont arrebat\u00e1ndole la titularidad legal de JxCat a los postconvergentes es <strong>de las que hace realmente da\u00f1o<\/strong>, y muestra que el expresidente no est\u00e1 dispuesto a sujetarse a ninguna norma o compromiso para conseguir su victoria. No est\u00e1 claro que esto le beneficie electoralmente.<\/p>\n<p>En definitiva, la pregonada unidad del <em>proc\u00e9s<\/em> ahora est\u00e1 desmenuzada entre <strong>ERC, JxCat (P), PDeCAT<\/strong> abocado a la sumisi\u00f3n o la competici\u00f3n, <strong>el PNC, la ANC y \u00d2mnium<\/strong>. Es dif\u00edcil que de esta situaci\u00f3n en la que, adem\u00e1s, todos van contra todos, pueda resultar, como pide Junqueras, la capacidad de gobernar.<\/p>\n","protected":false},"excerpt":{"rendered":"<p>Junqueras interpreta bien la situaci\u00f3n cuando en declaraciones a La Vanguardia el domingo 12 de julio afirmaba que \u00abno se puede dejar de gobernar\u00bb. Los resultados en Galicia y en el Pa\u00eds Vasco lo constatan una vez m\u00e1s. El problema es que su partido hace tiempo que est\u00e1 en el gobierno, pero no gobierna. ERC ya viene de una mala prensa como organizaci\u00f3n de gobierno poco fiable durante el tripartito y el famoso \u00abDragon Khan\u00bb. Desde el primer momento Junqueras ha querido imprimir otra orientaci\u00f3n al partido, aprovechando su presencia en el gobierno. Durante la primera fase, la propiamente dicha del proc\u00e9s que nos deb\u00eda conducir a la independencia en un santiam\u00e9n, no tuvo tiempo para gobernar. En la segunda fase, a partir de las elecciones de diciembre de 2017, con \u00e9l ya fuera de juego, en teor\u00eda deb\u00edan gestionar el gobierno, pero en la pr\u00e1ctica las pugnas por encabezar el independentismo se lo han comido todo. S\u00f3lo faltaba la pandemia, que aumenta el estr\u00e9s del que ya est\u00e1 estresado para poner de relieve las miserias de los departamentos gestionados por ERC, que han pasado a primera fila con los casos de Sanidad, y Trabajo, Asuntos Sociales y Familia, que han tenido y mantienen una gesti\u00f3n p\u00e9sima. Catalu\u00f1a se ha convertido en uno de los lugares donde la gesti\u00f3n del Covid-19 manifiesta m\u00e1s deficiencias. Naturalmente, la responsabilidad \u00faltima es del presidente Torra, pero esto no impide que los responsables de la gesti\u00f3n directa tengan una parte muy determinante de responsabilidad. El vicepresidente, Pere Aragon\u00e8s, no ha podido o no ha sabido cubrir estos vac\u00edos y todo ha quedado reducido a lo de siempre: la ret\u00f3rica. Por otra parte, todo el movimiento independentista se est\u00e1 rompiendo en m\u00faltiples facciones. La ANC es una cosa, y \u00d2mnium otra muy diferente, y ocupan espacios pol\u00edticos contrapuestos. La pugna entre republicanos y puigdemontistas es una historia que ya se acerca a la de Montescos y Capuletos, pero sin Romeo y Julieta. El paso del tiempo ha aumentado las diferencias y la falta de sincronizaci\u00f3n, Torra el \u00abpresidente vicario\u00bb, y Puigdemont, el \u00abpresidente leg\u00edtimo\u00bb. Se ha producido una ruptura que ser\u00eda fratricida si no fuera porque nunca han sido hermanos entre Puigdemont y su propio partido, el PDeCAT. Y todo ello ante la incomparecencia de Artur Mas que, al parecer, sigue esperando su momentum. La \u00faltima jugada de Puigdemont arrebat\u00e1ndole la titularidad legal de JxCat a los postconvergentes es de las que hace realmente da\u00f1o, y muestra que el expresidente no est\u00e1 dispuesto a sujetarse a ninguna norma o compromiso para conseguir su victoria. No est\u00e1 claro que esto le beneficie electoralmente. En definitiva, la pregonada unidad del proc\u00e9s ahora est\u00e1 desmenuzada entre ERC, JxCat (P), PDeCAT abocado a la sumisi\u00f3n o la competici\u00f3n, el PNC, la ANC y \u00d2mnium. Es dif\u00edcil que de esta situaci\u00f3n en la que, adem\u00e1s, todos van contra todos, pueda resultar, como pide Junqueras, la capacidad de gobernar.<\/p>\n","protected":false},"author":2,"featured_media":38352,"comment_status":"open","ping_status":"open","sticky":false,"template":"","format":"standard","meta":{"_FSMCFIC_featured_image_caption":"","_FSMCFIC_featured_image_nocaption":"","_FSMCFIC_featured_image_hide":"","footnotes":""},"categories":[806,781],"tags":[1129,986,1131],"class_list":["post-38363","post","type-post","status-publish","format-standard","has-post-thumbnail","hentry","category-punts-claus-del-dia-es","category-sin-categorizar","tag-carles-puigdemont-es","tag-independentismo-es","tag-oriol-junqueras-es"],"yoast_head":"<!-- This site is optimized with the Yoast SEO plugin v26.8 - https:\/\/yoast.com\/product\/yoast-seo-wordpress\/ -->\n<title>El catacroc del independentismo del &quot;proc\u00e9s&quot; - Converses a Catalunya<\/title>\n<meta name=\"description\" content=\"el movimiento independentista se est\u00e1 rompiendo en m\u00faltiples facciones. La ANC es una, y \u00d2mnium otra muy diferente, y ocupan espacios pol\u00edticos contrapuestos\" \/>\n<meta name=\"robots\" content=\"index, follow, max-snippet:-1, max-image-preview:large, max-video-preview:-1\" \/>\n<link rel=\"canonical\" href=\"https:\/\/conversesacatalunya.cat\/es\/el-catacroc-del-independentismo-del-proces\/\" \/>\n<meta property=\"og:locale\" content=\"es_ES\" \/>\n<meta property=\"og:type\" content=\"article\" \/>\n<meta property=\"og:title\" content=\"El catacroc del independentismo del &quot;proc\u00e9s&quot; - Converses a Catalunya\" \/>\n<meta property=\"og:description\" content=\"el movimiento independentista se est\u00e1 rompiendo en m\u00faltiples facciones. La ANC es una, y \u00d2mnium otra muy diferente, y ocupan espacios pol\u00edticos contrapuestos\" \/>\n<meta property=\"og:url\" content=\"https:\/\/conversesacatalunya.cat\/es\/el-catacroc-del-independentismo-del-proces\/\" \/>\n<meta property=\"og:site_name\" content=\"Converses a Catalunya\" \/>\n<meta property=\"article:published_time\" content=\"2020-07-14T10:17:52+00:00\" \/>\n<meta property=\"article:modified_time\" content=\"2020-07-14T14:28:48+00:00\" \/>\n<meta property=\"og:image\" content=\"https:\/\/conversesacatalunya.cat\/wp-content\/uploads\/2020\/07\/junqueras-puigdemont-erc.jpeg\" \/>\n\t<meta property=\"og:image:width\" content=\"1000\" \/>\n\t<meta property=\"og:image:height\" content=\"528\" \/>\n\t<meta property=\"og:image:type\" content=\"image\/jpeg\" \/>\n<meta name=\"author\" content=\"conversesacatalunya\" \/>\n<meta name=\"twitter:card\" content=\"summary_large_image\" \/>\n<meta name=\"twitter:label1\" content=\"Escrito por\" \/>\n\t<meta name=\"twitter:data1\" content=\"conversesacatalunya\" \/>\n\t<meta name=\"twitter:label2\" content=\"Tiempo de lectura\" \/>\n\t<meta name=\"twitter:data2\" content=\"3 minutos\" \/>\n<script type=\"application\/ld+json\" class=\"yoast-schema-graph\">{\"@context\":\"https:\/\/schema.org\",\"@graph\":[{\"@type\":\"Article\",\"@id\":\"https:\/\/conversesacatalunya.cat\/es\/el-catacroc-del-independentismo-del-proces\/#article\",\"isPartOf\":{\"@id\":\"https:\/\/conversesacatalunya.cat\/es\/el-catacroc-del-independentismo-del-proces\/\"},\"author\":{\"name\":\"conversesacatalunya\",\"@id\":\"https:\/\/conversesacatalunya.cat\/#\/schema\/person\/7e24d1e54a2785373ddcb275eae5ed99\"},\"headline\":\"El catacroc del independentismo del \u00abproc\u00e9s\u00bb\",\"datePublished\":\"2020-07-14T10:17:52+00:00\",\"dateModified\":\"2020-07-14T14:28:48+00:00\",\"mainEntityOfPage\":{\"@id\":\"https:\/\/conversesacatalunya.cat\/es\/el-catacroc-del-independentismo-del-proces\/\"},\"wordCount\":528,\"commentCount\":0,\"image\":{\"@id\":\"https:\/\/conversesacatalunya.cat\/es\/el-catacroc-del-independentismo-del-proces\/#primaryimage\"},\"thumbnailUrl\":\"https:\/\/conversesacatalunya.cat\/wp-content\/uploads\/2020\/07\/junqueras-puigdemont-erc.jpeg\",\"keywords\":[\"Carles Puigdemont\",\"Independentismo\",\"Oriol Junqueras\"],\"articleSection\":[\"Punts clau del dia (ES)\",\"Sin categorizar\"],\"inLanguage\":\"es\",\"potentialAction\":[{\"@type\":\"CommentAction\",\"name\":\"Comment\",\"target\":[\"https:\/\/conversesacatalunya.cat\/es\/el-catacroc-del-independentismo-del-proces\/#respond\"]}]},{\"@type\":\"WebPage\",\"@id\":\"https:\/\/conversesacatalunya.cat\/es\/el-catacroc-del-independentismo-del-proces\/\",\"url\":\"https:\/\/conversesacatalunya.cat\/es\/el-catacroc-del-independentismo-del-proces\/\",\"name\":\"El catacroc del independentismo del \\\"proc\u00e9s\\\" - Converses a Catalunya\",\"isPartOf\":{\"@id\":\"https:\/\/conversesacatalunya.cat\/#website\"},\"primaryImageOfPage\":{\"@id\":\"https:\/\/conversesacatalunya.cat\/es\/el-catacroc-del-independentismo-del-proces\/#primaryimage\"},\"image\":{\"@id\":\"https:\/\/conversesacatalunya.cat\/es\/el-catacroc-del-independentismo-del-proces\/#primaryimage\"},\"thumbnailUrl\":\"https:\/\/conversesacatalunya.cat\/wp-content\/uploads\/2020\/07\/junqueras-puigdemont-erc.jpeg\",\"datePublished\":\"2020-07-14T10:17:52+00:00\",\"dateModified\":\"2020-07-14T14:28:48+00:00\",\"author\":{\"@id\":\"https:\/\/conversesacatalunya.cat\/#\/schema\/person\/7e24d1e54a2785373ddcb275eae5ed99\"},\"description\":\"el movimiento independentista se est\u00e1 rompiendo en m\u00faltiples facciones. La ANC es una, y \u00d2mnium otra muy diferente, y ocupan espacios pol\u00edticos contrapuestos\",\"breadcrumb\":{\"@id\":\"https:\/\/conversesacatalunya.cat\/es\/el-catacroc-del-independentismo-del-proces\/#breadcrumb\"},\"inLanguage\":\"es\",\"potentialAction\":[{\"@type\":\"ReadAction\",\"target\":[\"https:\/\/conversesacatalunya.cat\/es\/el-catacroc-del-independentismo-del-proces\/\"]}]},{\"@type\":\"ImageObject\",\"inLanguage\":\"es\",\"@id\":\"https:\/\/conversesacatalunya.cat\/es\/el-catacroc-del-independentismo-del-proces\/#primaryimage\",\"url\":\"https:\/\/conversesacatalunya.cat\/wp-content\/uploads\/2020\/07\/junqueras-puigdemont-erc.jpeg\",\"contentUrl\":\"https:\/\/conversesacatalunya.cat\/wp-content\/uploads\/2020\/07\/junqueras-puigdemont-erc.jpeg\",\"width\":1000,\"height\":528,\"caption\":\"Junqueras\"},{\"@type\":\"BreadcrumbList\",\"@id\":\"https:\/\/conversesacatalunya.cat\/es\/el-catacroc-del-independentismo-del-proces\/#breadcrumb\",\"itemListElement\":[{\"@type\":\"ListItem\",\"position\":1,\"name\":\"Inici\",\"item\":\"https:\/\/conversesacatalunya.cat\/es\/\"},{\"@type\":\"ListItem\",\"position\":2,\"name\":\"El catacroc del independentismo del \u00abproc\u00e9s\u00bb\"}]},{\"@type\":\"WebSite\",\"@id\":\"https:\/\/conversesacatalunya.cat\/#website\",\"url\":\"https:\/\/conversesacatalunya.cat\/\",\"name\":\"Converses a Catalunya\",\"description\":\"\",\"potentialAction\":[{\"@type\":\"SearchAction\",\"target\":{\"@type\":\"EntryPoint\",\"urlTemplate\":\"https:\/\/conversesacatalunya.cat\/?s={search_term_string}\"},\"query-input\":{\"@type\":\"PropertyValueSpecification\",\"valueRequired\":true,\"valueName\":\"search_term_string\"}}],\"inLanguage\":\"es\"},{\"@type\":\"Person\",\"@id\":\"https:\/\/conversesacatalunya.cat\/#\/schema\/person\/7e24d1e54a2785373ddcb275eae5ed99\",\"name\":\"conversesacatalunya\",\"image\":{\"@type\":\"ImageObject\",\"inLanguage\":\"es\",\"@id\":\"https:\/\/conversesacatalunya.cat\/#\/schema\/person\/image\/\",\"url\":\"https:\/\/conversesacatalunya.cat\/wp-content\/litespeed\/avatar\/febdfeeec89d950f01c748045a981dd2.jpg?ver=1777314535\",\"contentUrl\":\"https:\/\/conversesacatalunya.cat\/wp-content\/litespeed\/avatar\/febdfeeec89d950f01c748045a981dd2.jpg?ver=1777314535\",\"caption\":\"conversesacatalunya\"},\"url\":\"https:\/\/conversesacatalunya.cat\/es\/author\/carme_catala\/\"}]}<\/script>\n<!-- \/ Yoast SEO plugin. -->","yoast_head_json":{"title":"El catacroc del independentismo del \"proc\u00e9s\" - Converses a Catalunya","description":"el movimiento independentista se est\u00e1 rompiendo en m\u00faltiples facciones. La ANC es una, y \u00d2mnium otra muy diferente, y ocupan espacios pol\u00edticos contrapuestos","robots":{"index":"index","follow":"follow","max-snippet":"max-snippet:-1","max-image-preview":"max-image-preview:large","max-video-preview":"max-video-preview:-1"},"canonical":"https:\/\/conversesacatalunya.cat\/es\/el-catacroc-del-independentismo-del-proces\/","og_locale":"es_ES","og_type":"article","og_title":"El catacroc del independentismo del \"proc\u00e9s\" - Converses a Catalunya","og_description":"el movimiento independentista se est\u00e1 rompiendo en m\u00faltiples facciones. La ANC es una, y \u00d2mnium otra muy diferente, y ocupan espacios pol\u00edticos contrapuestos","og_url":"https:\/\/conversesacatalunya.cat\/es\/el-catacroc-del-independentismo-del-proces\/","og_site_name":"Converses a Catalunya","article_published_time":"2020-07-14T10:17:52+00:00","article_modified_time":"2020-07-14T14:28:48+00:00","og_image":[{"width":1000,"height":528,"url":"https:\/\/conversesacatalunya.cat\/wp-content\/uploads\/2020\/07\/junqueras-puigdemont-erc.jpeg","type":"image\/jpeg"}],"author":"conversesacatalunya","twitter_card":"summary_large_image","twitter_misc":{"Escrito por":"conversesacatalunya","Tiempo de lectura":"3 minutos"},"schema":{"@context":"https:\/\/schema.org","@graph":[{"@type":"Article","@id":"https:\/\/conversesacatalunya.cat\/es\/el-catacroc-del-independentismo-del-proces\/#article","isPartOf":{"@id":"https:\/\/conversesacatalunya.cat\/es\/el-catacroc-del-independentismo-del-proces\/"},"author":{"name":"conversesacatalunya","@id":"https:\/\/conversesacatalunya.cat\/#\/schema\/person\/7e24d1e54a2785373ddcb275eae5ed99"},"headline":"El catacroc del independentismo del \u00abproc\u00e9s\u00bb","datePublished":"2020-07-14T10:17:52+00:00","dateModified":"2020-07-14T14:28:48+00:00","mainEntityOfPage":{"@id":"https:\/\/conversesacatalunya.cat\/es\/el-catacroc-del-independentismo-del-proces\/"},"wordCount":528,"commentCount":0,"image":{"@id":"https:\/\/conversesacatalunya.cat\/es\/el-catacroc-del-independentismo-del-proces\/#primaryimage"},"thumbnailUrl":"https:\/\/conversesacatalunya.cat\/wp-content\/uploads\/2020\/07\/junqueras-puigdemont-erc.jpeg","keywords":["Carles Puigdemont","Independentismo","Oriol Junqueras"],"articleSection":["Punts clau del dia (ES)","Sin categorizar"],"inLanguage":"es","potentialAction":[{"@type":"CommentAction","name":"Comment","target":["https:\/\/conversesacatalunya.cat\/es\/el-catacroc-del-independentismo-del-proces\/#respond"]}]},{"@type":"WebPage","@id":"https:\/\/conversesacatalunya.cat\/es\/el-catacroc-del-independentismo-del-proces\/","url":"https:\/\/conversesacatalunya.cat\/es\/el-catacroc-del-independentismo-del-proces\/","name":"El catacroc del independentismo del \"proc\u00e9s\" - Converses a Catalunya","isPartOf":{"@id":"https:\/\/conversesacatalunya.cat\/#website"},"primaryImageOfPage":{"@id":"https:\/\/conversesacatalunya.cat\/es\/el-catacroc-del-independentismo-del-proces\/#primaryimage"},"image":{"@id":"https:\/\/conversesacatalunya.cat\/es\/el-catacroc-del-independentismo-del-proces\/#primaryimage"},"thumbnailUrl":"https:\/\/conversesacatalunya.cat\/wp-content\/uploads\/2020\/07\/junqueras-puigdemont-erc.jpeg","datePublished":"2020-07-14T10:17:52+00:00","dateModified":"2020-07-14T14:28:48+00:00","author":{"@id":"https:\/\/conversesacatalunya.cat\/#\/schema\/person\/7e24d1e54a2785373ddcb275eae5ed99"},"description":"el movimiento independentista se est\u00e1 rompiendo en m\u00faltiples facciones. La ANC es una, y \u00d2mnium otra muy diferente, y ocupan espacios pol\u00edticos contrapuestos","breadcrumb":{"@id":"https:\/\/conversesacatalunya.cat\/es\/el-catacroc-del-independentismo-del-proces\/#breadcrumb"},"inLanguage":"es","potentialAction":[{"@type":"ReadAction","target":["https:\/\/conversesacatalunya.cat\/es\/el-catacroc-del-independentismo-del-proces\/"]}]},{"@type":"ImageObject","inLanguage":"es","@id":"https:\/\/conversesacatalunya.cat\/es\/el-catacroc-del-independentismo-del-proces\/#primaryimage","url":"https:\/\/conversesacatalunya.cat\/wp-content\/uploads\/2020\/07\/junqueras-puigdemont-erc.jpeg","contentUrl":"https:\/\/conversesacatalunya.cat\/wp-content\/uploads\/2020\/07\/junqueras-puigdemont-erc.jpeg","width":1000,"height":528,"caption":"Junqueras"},{"@type":"BreadcrumbList","@id":"https:\/\/conversesacatalunya.cat\/es\/el-catacroc-del-independentismo-del-proces\/#breadcrumb","itemListElement":[{"@type":"ListItem","position":1,"name":"Inici","item":"https:\/\/conversesacatalunya.cat\/es\/"},{"@type":"ListItem","position":2,"name":"El catacroc del independentismo del \u00abproc\u00e9s\u00bb"}]},{"@type":"WebSite","@id":"https:\/\/conversesacatalunya.cat\/#website","url":"https:\/\/conversesacatalunya.cat\/","name":"Converses a Catalunya","description":"","potentialAction":[{"@type":"SearchAction","target":{"@type":"EntryPoint","urlTemplate":"https:\/\/conversesacatalunya.cat\/?s={search_term_string}"},"query-input":{"@type":"PropertyValueSpecification","valueRequired":true,"valueName":"search_term_string"}}],"inLanguage":"es"},{"@type":"Person","@id":"https:\/\/conversesacatalunya.cat\/#\/schema\/person\/7e24d1e54a2785373ddcb275eae5ed99","name":"conversesacatalunya","image":{"@type":"ImageObject","inLanguage":"es","@id":"https:\/\/conversesacatalunya.cat\/#\/schema\/person\/image\/","url":"https:\/\/conversesacatalunya.cat\/wp-content\/litespeed\/avatar\/febdfeeec89d950f01c748045a981dd2.jpg?ver=1777314535","contentUrl":"https:\/\/conversesacatalunya.cat\/wp-content\/litespeed\/avatar\/febdfeeec89d950f01c748045a981dd2.jpg?ver=1777314535","caption":"conversesacatalunya"},"url":"https:\/\/conversesacatalunya.cat\/es\/author\/carme_catala\/"}]}},"wps_subtitle":"","_links":{"self":[{"href":"https:\/\/conversesacatalunya.cat\/es\/wp-json\/wp\/v2\/posts\/38363","targetHints":{"allow":["GET"]}}],"collection":[{"href":"https:\/\/conversesacatalunya.cat\/es\/wp-json\/wp\/v2\/posts"}],"about":[{"href":"https:\/\/conversesacatalunya.cat\/es\/wp-json\/wp\/v2\/types\/post"}],"author":[{"embeddable":true,"href":"https:\/\/conversesacatalunya.cat\/es\/wp-json\/wp\/v2\/users\/2"}],"replies":[{"embeddable":true,"href":"https:\/\/conversesacatalunya.cat\/es\/wp-json\/wp\/v2\/comments?post=38363"}],"version-history":[{"count":2,"href":"https:\/\/conversesacatalunya.cat\/es\/wp-json\/wp\/v2\/posts\/38363\/revisions"}],"predecessor-version":[{"id":38364,"href":"https:\/\/conversesacatalunya.cat\/es\/wp-json\/wp\/v2\/posts\/38363\/revisions\/38364"}],"wp:featuredmedia":[{"embeddable":true,"href":"https:\/\/conversesacatalunya.cat\/es\/wp-json\/wp\/v2\/media\/38352"}],"wp:attachment":[{"href":"https:\/\/conversesacatalunya.cat\/es\/wp-json\/wp\/v2\/media?parent=38363"}],"wp:term":[{"taxonomy":"category","embeddable":true,"href":"https:\/\/conversesacatalunya.cat\/es\/wp-json\/wp\/v2\/categories?post=38363"},{"taxonomy":"post_tag","embeddable":true,"href":"https:\/\/conversesacatalunya.cat\/es\/wp-json\/wp\/v2\/tags?post=38363"}],"curies":[{"name":"wp","href":"https:\/\/api.w.org\/{rel}","templated":true}]}}