{"id":38359,"date":"2020-07-14T12:08:35","date_gmt":"2020-07-14T10:08:35","guid":{"rendered":"https:\/\/conversesacatalunya.cat\/seat-inverteix-colau-tanca-la-ciutat-als-cotxes\/"},"modified":"2020-07-14T16:06:33","modified_gmt":"2020-07-14T14:06:33","slug":"seat-invierte-colau-cierra-la-ciudad-a-los-coches","status":"publish","type":"post","link":"https:\/\/conversesacatalunya.cat\/es\/seat-invierte-colau-cierra-la-ciudad-a-los-coches\/","title":{"rendered":"Seat invierte, Colau cierra la ciudad a los coches"},"content":{"rendered":"<p>En un momento en que la situaci\u00f3n de Catalu\u00f1a es cada vez m\u00e1s cr\u00edtica, el anuncio de Seat de <strong>invertir 5.000 millones<\/strong> en su planta de Martorell es una noticia extraordinaria, porque significa la continuidad de la empresa y su preparaci\u00f3n industrial para a la progresiva producci\u00f3n de veh\u00edculos h\u00edbridos y el\u00e9ctricos. Tambi\u00e9n representa una consolidaci\u00f3n de su segunda marca, <strong>Cupra<\/strong>, con un perfil de un comprador dispuesto a pagar m\u00e1s por la tecnolog\u00eda y el car\u00e1cter deportivo del nuevo veh\u00edculo. De esta manera Seat a\u00f1ade a la pol\u00edtica de otras empresas automovil\u00edsticas de situar veh\u00edculos en una gama m\u00e1s alta que su est\u00e1ndar habitual. Este es el caso de <strong>Lexus<\/strong> con Toyota, y de <strong>Infiniti<\/strong> con Nissan.<\/p>\n<p>Ahora bien, esta inversi\u00f3n no es incondicional, porque, como ha hecho constar el presidente de Seat, Luca de Meo, pide que la administraci\u00f3n act\u00fae tambi\u00e9n de manera consecuente, <strong>sobre todo multiplicando los puntos de recarga<\/strong>, \u00fanica manera de popularizar el coche el\u00e9ctrico. La cuesti\u00f3n de fondo es c\u00f3mo es compatible que Seat, la \u00fanica empresa que nos quedar\u00e1 de autom\u00f3viles con sede en Catalu\u00f1a, en Barcelona para ser m\u00e1s concretos, pueda desarrollar su proceso inversor si al mismo tiempo la principal finalidad de la ciudad que la acoge es <a href=\"https:\/\/conversesacatalunya.cat\/es\/colau-y-nissan-no-se-puede-repicar-e-ir-a-la-procesion\/\" target=\"_blank\" rel=\"noopener noreferrer\">expulsar a los coches<\/a> de la v\u00eda p\u00fablica; todos, con independencia del motor que utilicen. Porque las radicales medidas de Ada Colau, restringiendo cada vez m\u00e1s la circulaci\u00f3n y alterando el funcionamiento de la ciudad no discriminan seg\u00fan el impacto ambiental del veh\u00edculo. Sencillamente las cuatro ruedas est\u00e1n ideol\u00f3gicamente vetadas, aunque los coches sean el\u00e9ctricos o h\u00edbridos, pero al mismo tiempo todav\u00eda mantiene una flota de autobuses contaminantes, no ha hecho nada para que los taxis y coches de alquiler con conductor se pasen a veh\u00edculos de bajo impacto ambiental y sigue siendo una asignatura pendiente la acci\u00f3n sobre la distribuci\u00f3n de mercanc\u00edas, que es uno de los principales focos de <a href=\"https:\/\/conversesacatalunya.cat\/barcelona-les-inutils-mesures-contra-la-contaminacio\/\" target=\"_blank\" rel=\"noopener noreferrer\">contaminaci\u00f3n de la ciudad<\/a>.<\/p>\n<p>Es una actitud de intolerancia ideol\u00f3gica llevada al extremo, como lo manifiesta la teniente de alcalde de urbanismo Janet Sanz cuando declara ante las cr\u00edticas a las medidas de restricci\u00f3n que \u00ab<strong>salvar vidas no es una cuesti\u00f3n negociable<\/strong>\u00ab. Esta grandilocuencia es terriblemente perjudicial para la ciudad, como lo es que pretendan equipararse con Londres o Par\u00eds sin poner en la balanza las diferencias entre estas enormes ciudades y Barcelona.<\/p>\n<p>Esta actitud de <strong>Colau<\/strong> ha llevado al enfrentamiento m\u00e1s duro con el sector comercial de la ciudad, que nos retrotrae al inicio del primer mandato de la Colau cuando abominaba del Mobile World Congress y restringi\u00f3 la apertura de nuevos hoteles y quiso oscurecer, y lo consigui\u00f3, las fiestas de Navidad. Una manifestaci\u00f3n de este mal ambiente es que las organizaciones municipales plantaron el mi\u00e9rcoles pasado a la alcaldesa y a su teniente de alcalde, <strong>Jaume Collboni<\/strong>, en una reuni\u00f3n convocada para informarles de las iniciativas locales para fomentar la actividad econ\u00f3mica, acompa\u00f1adas de canap\u00e9s. Los comerciantes consideraron que lo que necesitan son reuniones para consensuar las medidas de restricci\u00f3n del tr\u00e1fico y no sesiones que consisten en que les pasen presentaciones en Power Point.<\/p>\n<p>Foment del Treball tom\u00f3 la iniciativa de organizar un acto con el \u00fanico fin de cuestionar las pol\u00edticas de movilidad del Ayuntamiento, pidi\u00e9ndole que rectificara y pactara. Advierten que <strong>se podr\u00edan perder 50.000 puestos de trabajo<\/strong>. Ca\u00eddo el turismo, la base comercial de Barcelona es demasiado grande para sostenerse sin nuevos cierres. Pero es que adem\u00e1s una parte importante del consumo interno procede del \u00e1rea metropolitana y del resto de Catalu\u00f1a. Dificultar el movimiento del coche, facilitar la congesti\u00f3n, disuade de venir a comprar a la ciudad. <strong>Se considera que el 57% de los clientes de las tiendas de Barcelona tienen esta procedencia<\/strong>. Si este segundo segmento tambi\u00e9n se reduce, la mortalidad comercial de la capital de Catalu\u00f1a ser\u00e1 grandiosa. En este sentido, la mejor manera de incentivar la ciudad es favorecer la propia demanda que, por la naturaleza de la capitalidad, comprende toda Catalu\u00f1a. Es sorprendente la falta de visi\u00f3n sobre la realidad de la base econ\u00f3mica de Barcelona que tiene el gobierno municipal. Como tambi\u00e9n sorprende la impotencia de Jaume Collboni, precisamente el teniente alcalde responsable del \u00e1rea econ\u00f3mica, para disuadir de la aplicaci\u00f3n de pol\u00edticas tan contrarias a la superaci\u00f3n de la crisis.<\/p>\n","protected":false},"excerpt":{"rendered":"<p>En un momento en que la situaci\u00f3n de Catalu\u00f1a es cada vez m\u00e1s cr\u00edtica, el anuncio de Seat de invertir 5.000 millones en su planta de Martorell es una noticia extraordinaria, porque significa la continuidad de la empresa y su preparaci\u00f3n industrial para a la progresiva producci\u00f3n de veh\u00edculos h\u00edbridos y el\u00e9ctricos. Tambi\u00e9n representa una consolidaci\u00f3n de su segunda marca, Cupra, con un perfil de un comprador dispuesto a pagar m\u00e1s por la tecnolog\u00eda y el car\u00e1cter deportivo del nuevo veh\u00edculo. De esta manera Seat a\u00f1ade a la pol\u00edtica de otras empresas automovil\u00edsticas de situar veh\u00edculos en una gama m\u00e1s alta que su est\u00e1ndar habitual. Este es el caso de Lexus con Toyota, y de Infiniti con Nissan. Ahora bien, esta inversi\u00f3n no es incondicional, porque, como ha hecho constar el presidente de Seat, Luca de Meo, pide que la administraci\u00f3n act\u00fae tambi\u00e9n de manera consecuente, sobre todo multiplicando los puntos de recarga, \u00fanica manera de popularizar el coche el\u00e9ctrico. La cuesti\u00f3n de fondo es c\u00f3mo es compatible que Seat, la \u00fanica empresa que nos quedar\u00e1 de autom\u00f3viles con sede en Catalu\u00f1a, en Barcelona para ser m\u00e1s concretos, pueda desarrollar su proceso inversor si al mismo tiempo la principal finalidad de la ciudad que la acoge es expulsar a los coches de la v\u00eda p\u00fablica; todos, con independencia del motor que utilicen. Porque las radicales medidas de Ada Colau, restringiendo cada vez m\u00e1s la circulaci\u00f3n y alterando el funcionamiento de la ciudad no discriminan seg\u00fan el impacto ambiental del veh\u00edculo. Sencillamente las cuatro ruedas est\u00e1n ideol\u00f3gicamente vetadas, aunque los coches sean el\u00e9ctricos o h\u00edbridos, pero al mismo tiempo todav\u00eda mantiene una flota de autobuses contaminantes, no ha hecho nada para que los taxis y coches de alquiler con conductor se pasen a veh\u00edculos de bajo impacto ambiental y sigue siendo una asignatura pendiente la acci\u00f3n sobre la distribuci\u00f3n de mercanc\u00edas, que es uno de los principales focos de contaminaci\u00f3n de la ciudad. Es una actitud de intolerancia ideol\u00f3gica llevada al extremo, como lo manifiesta la teniente de alcalde de urbanismo Janet Sanz cuando declara ante las cr\u00edticas a las medidas de restricci\u00f3n que \u00absalvar vidas no es una cuesti\u00f3n negociable\u00ab. Esta grandilocuencia es terriblemente perjudicial para la ciudad, como lo es que pretendan equipararse con Londres o Par\u00eds sin poner en la balanza las diferencias entre estas enormes ciudades y Barcelona. Esta actitud de Colau ha llevado al enfrentamiento m\u00e1s duro con el sector comercial de la ciudad, que nos retrotrae al inicio del primer mandato de la Colau cuando abominaba del Mobile World Congress y restringi\u00f3 la apertura de nuevos hoteles y quiso oscurecer, y lo consigui\u00f3, las fiestas de Navidad. Una manifestaci\u00f3n de este mal ambiente es que las organizaciones municipales plantaron el mi\u00e9rcoles pasado a la alcaldesa y a su teniente de alcalde, Jaume Collboni, en una reuni\u00f3n convocada para informarles de las iniciativas locales para fomentar la actividad econ\u00f3mica, acompa\u00f1adas de canap\u00e9s. Los comerciantes consideraron que lo que necesitan son reuniones para consensuar las medidas de restricci\u00f3n del tr\u00e1fico y no sesiones que consisten en que les pasen presentaciones en Power Point. Foment del Treball tom\u00f3 la iniciativa de organizar un acto con el \u00fanico fin de cuestionar las pol\u00edticas de movilidad del Ayuntamiento, pidi\u00e9ndole que rectificara y pactara. Advierten que se podr\u00edan perder 50.000 puestos de trabajo. Ca\u00eddo el turismo, la base comercial de Barcelona es demasiado grande para sostenerse sin nuevos cierres. Pero es que adem\u00e1s una parte importante del consumo interno procede del \u00e1rea metropolitana y del resto de Catalu\u00f1a. Dificultar el movimiento del coche, facilitar la congesti\u00f3n, disuade de venir a comprar a la ciudad. Se considera que el 57% de los clientes de las tiendas de Barcelona tienen esta procedencia. Si este segundo segmento tambi\u00e9n se reduce, la mortalidad comercial de la capital de Catalu\u00f1a ser\u00e1 grandiosa. En este sentido, la mejor manera de incentivar la ciudad es favorecer la propia demanda que, por la naturaleza de la capitalidad, comprende toda Catalu\u00f1a. Es sorprendente la falta de visi\u00f3n sobre la realidad de la base econ\u00f3mica de Barcelona que tiene el gobierno municipal. Como tambi\u00e9n sorprende la impotencia de Jaume Collboni, precisamente el teniente alcalde responsable del \u00e1rea econ\u00f3mica, para disuadir de la aplicaci\u00f3n de pol\u00edticas tan contrarias a la superaci\u00f3n de la crisis.<\/p>\n","protected":false},"author":2,"featured_media":38349,"comment_status":"open","ping_status":"open","sticky":false,"template":"","format":"standard","meta":{"_FSMCFIC_featured_image_caption":"","_FSMCFIC_featured_image_nocaption":"","_FSMCFIC_featured_image_hide":"","footnotes":""},"categories":[3787,806],"tags":[833,1540,1542],"class_list":["post-38359","post","type-post","status-publish","format-standard","has-post-thumbnail","hentry","category-expedient-barcelona-es","category-punts-claus-del-dia-es","tag-ada-colau-es","tag-mobilitat-es","tag-movilidad"],"yoast_head":"<!-- This site is optimized with the Yoast SEO plugin v26.8 - https:\/\/yoast.com\/product\/yoast-seo-wordpress\/ -->\n<title>Seat invierte, Colau cierra la ciudad a los coches - Converses a Catalunya<\/title>\n<meta name=\"description\" content=\"c\u00f3mo es compatible que Seat pueda desarrollar su proceso inversor si al mismo tiempo la principal finalidad de la ciudad que lo acoge es expulsar los coches\" \/>\n<meta name=\"robots\" content=\"index, follow, max-snippet:-1, max-image-preview:large, max-video-preview:-1\" \/>\n<link rel=\"canonical\" href=\"https:\/\/conversesacatalunya.cat\/es\/seat-invierte-colau-cierra-la-ciudad-a-los-coches\/\" \/>\n<meta property=\"og:locale\" content=\"es_ES\" \/>\n<meta property=\"og:type\" content=\"article\" \/>\n<meta property=\"og:title\" content=\"Seat invierte, Colau cierra la ciudad a los coches - Converses a Catalunya\" \/>\n<meta property=\"og:description\" content=\"c\u00f3mo es compatible que Seat pueda desarrollar su proceso inversor si al mismo tiempo la principal finalidad de la ciudad que lo acoge es expulsar los coches\" \/>\n<meta property=\"og:url\" content=\"https:\/\/conversesacatalunya.cat\/es\/seat-invierte-colau-cierra-la-ciudad-a-los-coches\/\" \/>\n<meta property=\"og:site_name\" content=\"Converses a Catalunya\" \/>\n<meta property=\"article:published_time\" content=\"2020-07-14T10:08:35+00:00\" \/>\n<meta property=\"article:modified_time\" content=\"2020-07-14T14:06:33+00:00\" \/>\n<meta property=\"og:image\" content=\"https:\/\/conversesacatalunya.cat\/wp-content\/uploads\/2020\/07\/seat.jpg\" \/>\n\t<meta property=\"og:image:width\" content=\"1417\" \/>\n\t<meta property=\"og:image:height\" content=\"1103\" \/>\n\t<meta property=\"og:image:type\" content=\"image\/jpeg\" \/>\n<meta name=\"author\" content=\"conversesacatalunya\" \/>\n<meta name=\"twitter:card\" content=\"summary_large_image\" \/>\n<meta name=\"twitter:label1\" content=\"Escrito por\" \/>\n\t<meta name=\"twitter:data1\" content=\"conversesacatalunya\" \/>\n\t<meta name=\"twitter:label2\" content=\"Tiempo de lectura\" \/>\n\t<meta name=\"twitter:data2\" content=\"4 minutos\" \/>\n<script type=\"application\/ld+json\" class=\"yoast-schema-graph\">{\"@context\":\"https:\/\/schema.org\",\"@graph\":[{\"@type\":\"Article\",\"@id\":\"https:\/\/conversesacatalunya.cat\/es\/seat-invierte-colau-cierra-la-ciudad-a-los-coches\/#article\",\"isPartOf\":{\"@id\":\"https:\/\/conversesacatalunya.cat\/es\/seat-invierte-colau-cierra-la-ciudad-a-los-coches\/\"},\"author\":{\"name\":\"conversesacatalunya\",\"@id\":\"https:\/\/conversesacatalunya.cat\/#\/schema\/person\/7e24d1e54a2785373ddcb275eae5ed99\"},\"headline\":\"Seat invierte, Colau cierra la ciudad a los coches\",\"datePublished\":\"2020-07-14T10:08:35+00:00\",\"dateModified\":\"2020-07-14T14:06:33+00:00\",\"mainEntityOfPage\":{\"@id\":\"https:\/\/conversesacatalunya.cat\/es\/seat-invierte-colau-cierra-la-ciudad-a-los-coches\/\"},\"wordCount\":796,\"commentCount\":0,\"image\":{\"@id\":\"https:\/\/conversesacatalunya.cat\/es\/seat-invierte-colau-cierra-la-ciudad-a-los-coches\/#primaryimage\"},\"thumbnailUrl\":\"https:\/\/conversesacatalunya.cat\/wp-content\/uploads\/2020\/07\/seat.jpg\",\"keywords\":[\"Ada Colau\",\"Mobilitat\",\"Movilidad\"],\"articleSection\":[\"Expedient Barcelona (ES)\",\"Punts clau del dia (ES)\"],\"inLanguage\":\"es\",\"potentialAction\":[{\"@type\":\"CommentAction\",\"name\":\"Comment\",\"target\":[\"https:\/\/conversesacatalunya.cat\/es\/seat-invierte-colau-cierra-la-ciudad-a-los-coches\/#respond\"]}]},{\"@type\":\"WebPage\",\"@id\":\"https:\/\/conversesacatalunya.cat\/es\/seat-invierte-colau-cierra-la-ciudad-a-los-coches\/\",\"url\":\"https:\/\/conversesacatalunya.cat\/es\/seat-invierte-colau-cierra-la-ciudad-a-los-coches\/\",\"name\":\"Seat invierte, Colau cierra la ciudad a los coches - Converses a Catalunya\",\"isPartOf\":{\"@id\":\"https:\/\/conversesacatalunya.cat\/#website\"},\"primaryImageOfPage\":{\"@id\":\"https:\/\/conversesacatalunya.cat\/es\/seat-invierte-colau-cierra-la-ciudad-a-los-coches\/#primaryimage\"},\"image\":{\"@id\":\"https:\/\/conversesacatalunya.cat\/es\/seat-invierte-colau-cierra-la-ciudad-a-los-coches\/#primaryimage\"},\"thumbnailUrl\":\"https:\/\/conversesacatalunya.cat\/wp-content\/uploads\/2020\/07\/seat.jpg\",\"datePublished\":\"2020-07-14T10:08:35+00:00\",\"dateModified\":\"2020-07-14T14:06:33+00:00\",\"author\":{\"@id\":\"https:\/\/conversesacatalunya.cat\/#\/schema\/person\/7e24d1e54a2785373ddcb275eae5ed99\"},\"description\":\"c\u00f3mo es compatible que Seat pueda desarrollar su proceso inversor si al mismo tiempo la principal finalidad de la ciudad que lo acoge es expulsar los coches\",\"breadcrumb\":{\"@id\":\"https:\/\/conversesacatalunya.cat\/es\/seat-invierte-colau-cierra-la-ciudad-a-los-coches\/#breadcrumb\"},\"inLanguage\":\"es\",\"potentialAction\":[{\"@type\":\"ReadAction\",\"target\":[\"https:\/\/conversesacatalunya.cat\/es\/seat-invierte-colau-cierra-la-ciudad-a-los-coches\/\"]}]},{\"@type\":\"ImageObject\",\"inLanguage\":\"es\",\"@id\":\"https:\/\/conversesacatalunya.cat\/es\/seat-invierte-colau-cierra-la-ciudad-a-los-coches\/#primaryimage\",\"url\":\"https:\/\/conversesacatalunya.cat\/wp-content\/uploads\/2020\/07\/seat.jpg\",\"contentUrl\":\"https:\/\/conversesacatalunya.cat\/wp-content\/uploads\/2020\/07\/seat.jpg\",\"width\":1417,\"height\":1103,\"caption\":\"seat\"},{\"@type\":\"BreadcrumbList\",\"@id\":\"https:\/\/conversesacatalunya.cat\/es\/seat-invierte-colau-cierra-la-ciudad-a-los-coches\/#breadcrumb\",\"itemListElement\":[{\"@type\":\"ListItem\",\"position\":1,\"name\":\"Inici\",\"item\":\"https:\/\/conversesacatalunya.cat\/es\/\"},{\"@type\":\"ListItem\",\"position\":2,\"name\":\"Seat invierte, Colau cierra la ciudad a los coches\"}]},{\"@type\":\"WebSite\",\"@id\":\"https:\/\/conversesacatalunya.cat\/#website\",\"url\":\"https:\/\/conversesacatalunya.cat\/\",\"name\":\"Converses a Catalunya\",\"description\":\"\",\"potentialAction\":[{\"@type\":\"SearchAction\",\"target\":{\"@type\":\"EntryPoint\",\"urlTemplate\":\"https:\/\/conversesacatalunya.cat\/?s={search_term_string}\"},\"query-input\":{\"@type\":\"PropertyValueSpecification\",\"valueRequired\":true,\"valueName\":\"search_term_string\"}}],\"inLanguage\":\"es\"},{\"@type\":\"Person\",\"@id\":\"https:\/\/conversesacatalunya.cat\/#\/schema\/person\/7e24d1e54a2785373ddcb275eae5ed99\",\"name\":\"conversesacatalunya\",\"image\":{\"@type\":\"ImageObject\",\"inLanguage\":\"es\",\"@id\":\"https:\/\/conversesacatalunya.cat\/#\/schema\/person\/image\/\",\"url\":\"https:\/\/conversesacatalunya.cat\/wp-content\/litespeed\/avatar\/febdfeeec89d950f01c748045a981dd2.jpg?ver=1777314535\",\"contentUrl\":\"https:\/\/conversesacatalunya.cat\/wp-content\/litespeed\/avatar\/febdfeeec89d950f01c748045a981dd2.jpg?ver=1777314535\",\"caption\":\"conversesacatalunya\"},\"url\":\"https:\/\/conversesacatalunya.cat\/es\/author\/carme_catala\/\"}]}<\/script>\n<!-- \/ Yoast SEO plugin. -->","yoast_head_json":{"title":"Seat invierte, Colau cierra la ciudad a los coches - Converses a Catalunya","description":"c\u00f3mo es compatible que Seat pueda desarrollar su proceso inversor si al mismo tiempo la principal finalidad de la ciudad que lo acoge es expulsar los coches","robots":{"index":"index","follow":"follow","max-snippet":"max-snippet:-1","max-image-preview":"max-image-preview:large","max-video-preview":"max-video-preview:-1"},"canonical":"https:\/\/conversesacatalunya.cat\/es\/seat-invierte-colau-cierra-la-ciudad-a-los-coches\/","og_locale":"es_ES","og_type":"article","og_title":"Seat invierte, Colau cierra la ciudad a los coches - Converses a Catalunya","og_description":"c\u00f3mo es compatible que Seat pueda desarrollar su proceso inversor si al mismo tiempo la principal finalidad de la ciudad que lo acoge es expulsar los coches","og_url":"https:\/\/conversesacatalunya.cat\/es\/seat-invierte-colau-cierra-la-ciudad-a-los-coches\/","og_site_name":"Converses a Catalunya","article_published_time":"2020-07-14T10:08:35+00:00","article_modified_time":"2020-07-14T14:06:33+00:00","og_image":[{"width":1417,"height":1103,"url":"https:\/\/conversesacatalunya.cat\/wp-content\/uploads\/2020\/07\/seat.jpg","type":"image\/jpeg"}],"author":"conversesacatalunya","twitter_card":"summary_large_image","twitter_misc":{"Escrito por":"conversesacatalunya","Tiempo de lectura":"4 minutos"},"schema":{"@context":"https:\/\/schema.org","@graph":[{"@type":"Article","@id":"https:\/\/conversesacatalunya.cat\/es\/seat-invierte-colau-cierra-la-ciudad-a-los-coches\/#article","isPartOf":{"@id":"https:\/\/conversesacatalunya.cat\/es\/seat-invierte-colau-cierra-la-ciudad-a-los-coches\/"},"author":{"name":"conversesacatalunya","@id":"https:\/\/conversesacatalunya.cat\/#\/schema\/person\/7e24d1e54a2785373ddcb275eae5ed99"},"headline":"Seat invierte, Colau cierra la ciudad a los coches","datePublished":"2020-07-14T10:08:35+00:00","dateModified":"2020-07-14T14:06:33+00:00","mainEntityOfPage":{"@id":"https:\/\/conversesacatalunya.cat\/es\/seat-invierte-colau-cierra-la-ciudad-a-los-coches\/"},"wordCount":796,"commentCount":0,"image":{"@id":"https:\/\/conversesacatalunya.cat\/es\/seat-invierte-colau-cierra-la-ciudad-a-los-coches\/#primaryimage"},"thumbnailUrl":"https:\/\/conversesacatalunya.cat\/wp-content\/uploads\/2020\/07\/seat.jpg","keywords":["Ada Colau","Mobilitat","Movilidad"],"articleSection":["Expedient Barcelona (ES)","Punts clau del dia (ES)"],"inLanguage":"es","potentialAction":[{"@type":"CommentAction","name":"Comment","target":["https:\/\/conversesacatalunya.cat\/es\/seat-invierte-colau-cierra-la-ciudad-a-los-coches\/#respond"]}]},{"@type":"WebPage","@id":"https:\/\/conversesacatalunya.cat\/es\/seat-invierte-colau-cierra-la-ciudad-a-los-coches\/","url":"https:\/\/conversesacatalunya.cat\/es\/seat-invierte-colau-cierra-la-ciudad-a-los-coches\/","name":"Seat invierte, Colau cierra la ciudad a los coches - Converses a Catalunya","isPartOf":{"@id":"https:\/\/conversesacatalunya.cat\/#website"},"primaryImageOfPage":{"@id":"https:\/\/conversesacatalunya.cat\/es\/seat-invierte-colau-cierra-la-ciudad-a-los-coches\/#primaryimage"},"image":{"@id":"https:\/\/conversesacatalunya.cat\/es\/seat-invierte-colau-cierra-la-ciudad-a-los-coches\/#primaryimage"},"thumbnailUrl":"https:\/\/conversesacatalunya.cat\/wp-content\/uploads\/2020\/07\/seat.jpg","datePublished":"2020-07-14T10:08:35+00:00","dateModified":"2020-07-14T14:06:33+00:00","author":{"@id":"https:\/\/conversesacatalunya.cat\/#\/schema\/person\/7e24d1e54a2785373ddcb275eae5ed99"},"description":"c\u00f3mo es compatible que Seat pueda desarrollar su proceso inversor si al mismo tiempo la principal finalidad de la ciudad que lo acoge es expulsar los coches","breadcrumb":{"@id":"https:\/\/conversesacatalunya.cat\/es\/seat-invierte-colau-cierra-la-ciudad-a-los-coches\/#breadcrumb"},"inLanguage":"es","potentialAction":[{"@type":"ReadAction","target":["https:\/\/conversesacatalunya.cat\/es\/seat-invierte-colau-cierra-la-ciudad-a-los-coches\/"]}]},{"@type":"ImageObject","inLanguage":"es","@id":"https:\/\/conversesacatalunya.cat\/es\/seat-invierte-colau-cierra-la-ciudad-a-los-coches\/#primaryimage","url":"https:\/\/conversesacatalunya.cat\/wp-content\/uploads\/2020\/07\/seat.jpg","contentUrl":"https:\/\/conversesacatalunya.cat\/wp-content\/uploads\/2020\/07\/seat.jpg","width":1417,"height":1103,"caption":"seat"},{"@type":"BreadcrumbList","@id":"https:\/\/conversesacatalunya.cat\/es\/seat-invierte-colau-cierra-la-ciudad-a-los-coches\/#breadcrumb","itemListElement":[{"@type":"ListItem","position":1,"name":"Inici","item":"https:\/\/conversesacatalunya.cat\/es\/"},{"@type":"ListItem","position":2,"name":"Seat invierte, Colau cierra la ciudad a los coches"}]},{"@type":"WebSite","@id":"https:\/\/conversesacatalunya.cat\/#website","url":"https:\/\/conversesacatalunya.cat\/","name":"Converses a Catalunya","description":"","potentialAction":[{"@type":"SearchAction","target":{"@type":"EntryPoint","urlTemplate":"https:\/\/conversesacatalunya.cat\/?s={search_term_string}"},"query-input":{"@type":"PropertyValueSpecification","valueRequired":true,"valueName":"search_term_string"}}],"inLanguage":"es"},{"@type":"Person","@id":"https:\/\/conversesacatalunya.cat\/#\/schema\/person\/7e24d1e54a2785373ddcb275eae5ed99","name":"conversesacatalunya","image":{"@type":"ImageObject","inLanguage":"es","@id":"https:\/\/conversesacatalunya.cat\/#\/schema\/person\/image\/","url":"https:\/\/conversesacatalunya.cat\/wp-content\/litespeed\/avatar\/febdfeeec89d950f01c748045a981dd2.jpg?ver=1777314535","contentUrl":"https:\/\/conversesacatalunya.cat\/wp-content\/litespeed\/avatar\/febdfeeec89d950f01c748045a981dd2.jpg?ver=1777314535","caption":"conversesacatalunya"},"url":"https:\/\/conversesacatalunya.cat\/es\/author\/carme_catala\/"}]}},"wps_subtitle":"\u00bfC\u00f3mo es compatible que la empresa, la \u00fanica que nos quedar\u00e1 de autom\u00f3viles con sede en Catalu\u00f1a, en Barcelona para ser m\u00e1s concretos, pueda desarrollar su proceso inversor si al mismo tiempo la principal finalidad de la ciudad que lo acoge es expulsar los coches?","_links":{"self":[{"href":"https:\/\/conversesacatalunya.cat\/es\/wp-json\/wp\/v2\/posts\/38359","targetHints":{"allow":["GET"]}}],"collection":[{"href":"https:\/\/conversesacatalunya.cat\/es\/wp-json\/wp\/v2\/posts"}],"about":[{"href":"https:\/\/conversesacatalunya.cat\/es\/wp-json\/wp\/v2\/types\/post"}],"author":[{"embeddable":true,"href":"https:\/\/conversesacatalunya.cat\/es\/wp-json\/wp\/v2\/users\/2"}],"replies":[{"embeddable":true,"href":"https:\/\/conversesacatalunya.cat\/es\/wp-json\/wp\/v2\/comments?post=38359"}],"version-history":[{"count":2,"href":"https:\/\/conversesacatalunya.cat\/es\/wp-json\/wp\/v2\/posts\/38359\/revisions"}],"predecessor-version":[{"id":38360,"href":"https:\/\/conversesacatalunya.cat\/es\/wp-json\/wp\/v2\/posts\/38359\/revisions\/38360"}],"wp:featuredmedia":[{"embeddable":true,"href":"https:\/\/conversesacatalunya.cat\/es\/wp-json\/wp\/v2\/media\/38349"}],"wp:attachment":[{"href":"https:\/\/conversesacatalunya.cat\/es\/wp-json\/wp\/v2\/media?parent=38359"}],"wp:term":[{"taxonomy":"category","embeddable":true,"href":"https:\/\/conversesacatalunya.cat\/es\/wp-json\/wp\/v2\/categories?post=38359"},{"taxonomy":"post_tag","embeddable":true,"href":"https:\/\/conversesacatalunya.cat\/es\/wp-json\/wp\/v2\/tags?post=38359"}],"curies":[{"name":"wp","href":"https:\/\/api.w.org\/{rel}","templated":true}]}}