{"id":38322,"date":"2020-07-13T12:46:01","date_gmt":"2020-07-13T10:46:01","guid":{"rendered":"https:\/\/conversesacatalunya.cat\/catalunya-i-espanya-uns-mesos-vertiginosos\/"},"modified":"2020-07-13T16:48:39","modified_gmt":"2020-07-13T14:48:39","slug":"cataluna-y-espana-unos-meses-vertiginosos","status":"publish","type":"post","link":"https:\/\/conversesacatalunya.cat\/es\/cataluna-y-espana-unos-meses-vertiginosos\/","title":{"rendered":"Catalu\u00f1a y Espa\u00f1a: unos meses vertiginosos"},"content":{"rendered":"<p>Desde este mes de julio hasta octubre, la pol\u00edtica en Catalu\u00f1a y Espa\u00f1a puede alcanzar momentos vertiginosos.<\/p>\n<p>La incertidumbre de la epidemia sigue siendo grande, porque la multiplicaci\u00f3n de focos hace crecer el riesgo del descontrol de alguno de ellos, como ha <a href=\"https:\/\/conversesacatalunya.cat\/es\/lleida-confinada-el-fracaso-del-gobierno-queremos-soluciones\/\" target=\"_blank\" rel=\"noopener noreferrer\">sucedido en Lleida<\/a>. Tambi\u00e9n porque hay avisos serios en L&#8217;Hospitalet y, por extensi\u00f3n, en Barcelona, \u200b\u200by de interrogante en la Segarra sobre la cooperativa de Guissona, que presenta muy poca transparencia con los datos. La evoluci\u00f3n de la epidemia lo condiciona todo y hace tambalear toda perspectiva de recuperaci\u00f3n econ\u00f3mica. \u00bfQu\u00e9 turismo puede venir a un pa\u00eds donde es obligatorio el uso de mascarilla en todo por el riesgo de contagio?<\/p>\n<p>Las <strong>elecciones permanecen con la incertidumbre de la fecha<\/strong>, si bien la m\u00e1s probable es el 4 de octubre. Si se espera m\u00e1s, existe el riesgo de verlas alteradas por la segunda ola del Covid-19. Mientras tanto, hay una notable inestabilidad dentro de los partidos o al menos en parte de ellos. Puigdemont ha lanzado un <em>ukase<\/em> al PDeCAT y le ha hecho la jugada de sustraerle la titularidad de JxCat, dejando a los postconvergentes en la intemperie. En el \u00e1mbito del catalanismo m\u00e1s centrista, el <a href=\"https:\/\/conversesacatalunya.cat\/es\/5-caracteristicas-basicas-del-nuevo-partit-nacionalista-de-catalunya\/\" target=\"_blank\" rel=\"noopener noreferrer\">PNC<\/a> desprecia la negociaci\u00f3n con Units y la aplaza hasta que no haya convocatoria de elecciones, como si \u00e9stas pudieran estar pendientes meses y meses. De hecho, es una forma de presionar contra la candidatura de Batlle: dejar pasar el tiempo esperando a que se acabe difuminando, si Units no act\u00faa para convertirla en una apuesta s\u00f3lida.<\/p>\n<p>Los <strong>d\u00edas 17 y 18 de julio<\/strong> habr\u00e1 la decisiva reuni\u00f3n del consejo de la UE para decidir el plan de recuperaci\u00f3n <a href=\"https:\/\/ec.europa.eu\/info\/live-work-travel-eu\/health\/coronavirus-response\/recovery-plan-europe\/pillars-next-generation-eu_es\" target=\"_blank\" rel=\"noopener noreferrer\">next generation UE<\/a>, donde Espa\u00f1a se juega mucho y todo est\u00e1 muy indeterminado, tanto que posiblemente habr\u00e1 una segunda reuni\u00f3n. S\u00e1nchez depende de una forma decisiva de los condicionantes que se establezcan para recibir las ayudas.<\/p>\n<p>Tambi\u00e9n debe arrancar justo pasado el verano la negociaci\u00f3n por los presupuestos, sujetos a la evoluci\u00f3n de la epidemia y de los acuerdos de Europa. Nunca como ahora los diputados catalanes en Madrid han tenido tanto peso y nunca como ahora tienen tan poca significaci\u00f3n pol\u00edtica, m\u00e1s cuando los ocho de JxCat pueden quedar en bandos diferentes si al final se rompe la relaci\u00f3n entre Puigdemont y el PDeCAT; y detr\u00e1s de todo esto hay un gran interrogante que va creciendo con el paso del tiempo.<\/p>\n<p>\u00bfPodemos tiene encaje en la actual pol\u00edtica europea sin renunciar a todo su proyecto? \u00bfLo puede hacer sin continuar con la actual p\u00e9rdida de votos? \u00bfPuede sobrevivir S\u00e1nchez sin Iglesias?<\/p>\n","protected":false},"excerpt":{"rendered":"<p>Desde este mes de julio hasta octubre, la pol\u00edtica en Catalu\u00f1a y Espa\u00f1a puede alcanzar momentos vertiginosos. La incertidumbre de la epidemia sigue siendo grande, porque la multiplicaci\u00f3n de focos hace crecer el riesgo del descontrol de alguno de ellos, como ha sucedido en Lleida. Tambi\u00e9n porque hay avisos serios en L&#8217;Hospitalet y, por extensi\u00f3n, en Barcelona, \u200b\u200by de interrogante en la Segarra sobre la cooperativa de Guissona, que presenta muy poca transparencia con los datos. La evoluci\u00f3n de la epidemia lo condiciona todo y hace tambalear toda perspectiva de recuperaci\u00f3n econ\u00f3mica. \u00bfQu\u00e9 turismo puede venir a un pa\u00eds donde es obligatorio el uso de mascarilla en todo por el riesgo de contagio? Las elecciones permanecen con la incertidumbre de la fecha, si bien la m\u00e1s probable es el 4 de octubre. Si se espera m\u00e1s, existe el riesgo de verlas alteradas por la segunda ola del Covid-19. Mientras tanto, hay una notable inestabilidad dentro de los partidos o al menos en parte de ellos. Puigdemont ha lanzado un ukase al PDeCAT y le ha hecho la jugada de sustraerle la titularidad de JxCat, dejando a los postconvergentes en la intemperie. En el \u00e1mbito del catalanismo m\u00e1s centrista, el PNC desprecia la negociaci\u00f3n con Units y la aplaza hasta que no haya convocatoria de elecciones, como si \u00e9stas pudieran estar pendientes meses y meses. De hecho, es una forma de presionar contra la candidatura de Batlle: dejar pasar el tiempo esperando a que se acabe difuminando, si Units no act\u00faa para convertirla en una apuesta s\u00f3lida. Los d\u00edas 17 y 18 de julio habr\u00e1 la decisiva reuni\u00f3n del consejo de la UE para decidir el plan de recuperaci\u00f3n next generation UE, donde Espa\u00f1a se juega mucho y todo est\u00e1 muy indeterminado, tanto que posiblemente habr\u00e1 una segunda reuni\u00f3n. S\u00e1nchez depende de una forma decisiva de los condicionantes que se establezcan para recibir las ayudas. Tambi\u00e9n debe arrancar justo pasado el verano la negociaci\u00f3n por los presupuestos, sujetos a la evoluci\u00f3n de la epidemia y de los acuerdos de Europa. Nunca como ahora los diputados catalanes en Madrid han tenido tanto peso y nunca como ahora tienen tan poca significaci\u00f3n pol\u00edtica, m\u00e1s cuando los ocho de JxCat pueden quedar en bandos diferentes si al final se rompe la relaci\u00f3n entre Puigdemont y el PDeCAT; y detr\u00e1s de todo esto hay un gran interrogante que va creciendo con el paso del tiempo. \u00bfPodemos tiene encaje en la actual pol\u00edtica europea sin renunciar a todo su proyecto? \u00bfLo puede hacer sin continuar con la actual p\u00e9rdida de votos? \u00bfPuede sobrevivir S\u00e1nchez sin Iglesias?<\/p>\n","protected":false},"author":2,"featured_media":38298,"comment_status":"open","ping_status":"open","sticky":false,"template":"","format":"standard","meta":{"_FSMCFIC_featured_image_caption":"","_FSMCFIC_featured_image_nocaption":"","_FSMCFIC_featured_image_hide":"","footnotes":""},"categories":[806],"tags":[1525],"class_list":["post-38322","post","type-post","status-publish","format-standard","has-post-thumbnail","hentry","category-punts-claus-del-dia-es","tag-elecciones-anticipadas"],"yoast_head":"<!-- This site is optimized with the Yoast SEO plugin v26.8 - https:\/\/yoast.com\/product\/yoast-seo-wordpress\/ -->\n<title>Catalu\u00f1a y Espa\u00f1a: unos meses vertiginosos - Converses a Catalunya<\/title>\n<meta name=\"description\" content=\"Desde este mes de julio hasta octubre, la pol\u00edtica en Catalu\u00f1a y Espa\u00f1a puede alcanzar momentos vertiginosos. La incertidumbre de la epidemia sigue siendo grande\" \/>\n<meta name=\"robots\" content=\"index, follow, max-snippet:-1, max-image-preview:large, max-video-preview:-1\" \/>\n<link rel=\"canonical\" href=\"https:\/\/conversesacatalunya.cat\/es\/cataluna-y-espana-unos-meses-vertiginosos\/\" \/>\n<meta property=\"og:locale\" content=\"es_ES\" \/>\n<meta property=\"og:type\" content=\"article\" \/>\n<meta property=\"og:title\" content=\"Catalu\u00f1a y Espa\u00f1a: unos meses vertiginosos - Converses a Catalunya\" \/>\n<meta property=\"og:description\" content=\"Desde este mes de julio hasta octubre, la pol\u00edtica en Catalu\u00f1a y Espa\u00f1a puede alcanzar momentos vertiginosos. La incertidumbre de la epidemia sigue siendo grande\" \/>\n<meta property=\"og:url\" content=\"https:\/\/conversesacatalunya.cat\/es\/cataluna-y-espana-unos-meses-vertiginosos\/\" \/>\n<meta property=\"og:site_name\" content=\"Converses a Catalunya\" \/>\n<meta property=\"article:published_time\" content=\"2020-07-13T10:46:01+00:00\" \/>\n<meta property=\"article:modified_time\" content=\"2020-07-13T14:48:39+00:00\" \/>\n<meta property=\"og:image\" content=\"https:\/\/conversesacatalunya.cat\/wp-content\/uploads\/2020\/07\/Torra-4-1440x808-1.jpg\" \/>\n\t<meta property=\"og:image:width\" content=\"1440\" \/>\n\t<meta property=\"og:image:height\" content=\"808\" \/>\n\t<meta property=\"og:image:type\" content=\"image\/jpeg\" \/>\n<meta name=\"author\" content=\"conversesacatalunya\" \/>\n<meta name=\"twitter:card\" content=\"summary_large_image\" \/>\n<meta name=\"twitter:label1\" content=\"Escrito por\" \/>\n\t<meta name=\"twitter:data1\" content=\"conversesacatalunya\" \/>\n\t<meta name=\"twitter:label2\" content=\"Tiempo de lectura\" \/>\n\t<meta name=\"twitter:data2\" content=\"2 minutos\" \/>\n<script type=\"application\/ld+json\" class=\"yoast-schema-graph\">{\"@context\":\"https:\/\/schema.org\",\"@graph\":[{\"@type\":\"Article\",\"@id\":\"https:\/\/conversesacatalunya.cat\/es\/cataluna-y-espana-unos-meses-vertiginosos\/#article\",\"isPartOf\":{\"@id\":\"https:\/\/conversesacatalunya.cat\/es\/cataluna-y-espana-unos-meses-vertiginosos\/\"},\"author\":{\"name\":\"conversesacatalunya\",\"@id\":\"https:\/\/conversesacatalunya.cat\/#\/schema\/person\/7e24d1e54a2785373ddcb275eae5ed99\"},\"headline\":\"Catalu\u00f1a y Espa\u00f1a: unos meses vertiginosos\",\"datePublished\":\"2020-07-13T10:46:01+00:00\",\"dateModified\":\"2020-07-13T14:48:39+00:00\",\"mainEntityOfPage\":{\"@id\":\"https:\/\/conversesacatalunya.cat\/es\/cataluna-y-espana-unos-meses-vertiginosos\/\"},\"wordCount\":469,\"commentCount\":0,\"image\":{\"@id\":\"https:\/\/conversesacatalunya.cat\/es\/cataluna-y-espana-unos-meses-vertiginosos\/#primaryimage\"},\"thumbnailUrl\":\"https:\/\/conversesacatalunya.cat\/wp-content\/uploads\/2020\/07\/Torra-4-1440x808-1.jpg\",\"keywords\":[\"elecciones anticipadas\"],\"articleSection\":[\"Punts clau del dia (ES)\"],\"inLanguage\":\"es\",\"potentialAction\":[{\"@type\":\"CommentAction\",\"name\":\"Comment\",\"target\":[\"https:\/\/conversesacatalunya.cat\/es\/cataluna-y-espana-unos-meses-vertiginosos\/#respond\"]}]},{\"@type\":\"WebPage\",\"@id\":\"https:\/\/conversesacatalunya.cat\/es\/cataluna-y-espana-unos-meses-vertiginosos\/\",\"url\":\"https:\/\/conversesacatalunya.cat\/es\/cataluna-y-espana-unos-meses-vertiginosos\/\",\"name\":\"Catalu\u00f1a y Espa\u00f1a: unos meses vertiginosos - Converses a Catalunya\",\"isPartOf\":{\"@id\":\"https:\/\/conversesacatalunya.cat\/#website\"},\"primaryImageOfPage\":{\"@id\":\"https:\/\/conversesacatalunya.cat\/es\/cataluna-y-espana-unos-meses-vertiginosos\/#primaryimage\"},\"image\":{\"@id\":\"https:\/\/conversesacatalunya.cat\/es\/cataluna-y-espana-unos-meses-vertiginosos\/#primaryimage\"},\"thumbnailUrl\":\"https:\/\/conversesacatalunya.cat\/wp-content\/uploads\/2020\/07\/Torra-4-1440x808-1.jpg\",\"datePublished\":\"2020-07-13T10:46:01+00:00\",\"dateModified\":\"2020-07-13T14:48:39+00:00\",\"author\":{\"@id\":\"https:\/\/conversesacatalunya.cat\/#\/schema\/person\/7e24d1e54a2785373ddcb275eae5ed99\"},\"description\":\"Desde este mes de julio hasta octubre, la pol\u00edtica en Catalu\u00f1a y Espa\u00f1a puede alcanzar momentos vertiginosos. La incertidumbre de la epidemia sigue siendo grande\",\"breadcrumb\":{\"@id\":\"https:\/\/conversesacatalunya.cat\/es\/cataluna-y-espana-unos-meses-vertiginosos\/#breadcrumb\"},\"inLanguage\":\"es\",\"potentialAction\":[{\"@type\":\"ReadAction\",\"target\":[\"https:\/\/conversesacatalunya.cat\/es\/cataluna-y-espana-unos-meses-vertiginosos\/\"]}]},{\"@type\":\"ImageObject\",\"inLanguage\":\"es\",\"@id\":\"https:\/\/conversesacatalunya.cat\/es\/cataluna-y-espana-unos-meses-vertiginosos\/#primaryimage\",\"url\":\"https:\/\/conversesacatalunya.cat\/wp-content\/uploads\/2020\/07\/Torra-4-1440x808-1.jpg\",\"contentUrl\":\"https:\/\/conversesacatalunya.cat\/wp-content\/uploads\/2020\/07\/Torra-4-1440x808-1.jpg\",\"width\":1440,\"height\":808,\"caption\":\"Catalunya i Espanya\"},{\"@type\":\"BreadcrumbList\",\"@id\":\"https:\/\/conversesacatalunya.cat\/es\/cataluna-y-espana-unos-meses-vertiginosos\/#breadcrumb\",\"itemListElement\":[{\"@type\":\"ListItem\",\"position\":1,\"name\":\"Inici\",\"item\":\"https:\/\/conversesacatalunya.cat\/es\/\"},{\"@type\":\"ListItem\",\"position\":2,\"name\":\"Catalu\u00f1a y Espa\u00f1a: unos meses vertiginosos\"}]},{\"@type\":\"WebSite\",\"@id\":\"https:\/\/conversesacatalunya.cat\/#website\",\"url\":\"https:\/\/conversesacatalunya.cat\/\",\"name\":\"Converses a Catalunya\",\"description\":\"\",\"potentialAction\":[{\"@type\":\"SearchAction\",\"target\":{\"@type\":\"EntryPoint\",\"urlTemplate\":\"https:\/\/conversesacatalunya.cat\/?s={search_term_string}\"},\"query-input\":{\"@type\":\"PropertyValueSpecification\",\"valueRequired\":true,\"valueName\":\"search_term_string\"}}],\"inLanguage\":\"es\"},{\"@type\":\"Person\",\"@id\":\"https:\/\/conversesacatalunya.cat\/#\/schema\/person\/7e24d1e54a2785373ddcb275eae5ed99\",\"name\":\"conversesacatalunya\",\"image\":{\"@type\":\"ImageObject\",\"inLanguage\":\"es\",\"@id\":\"https:\/\/conversesacatalunya.cat\/#\/schema\/person\/image\/\",\"url\":\"https:\/\/conversesacatalunya.cat\/wp-content\/litespeed\/avatar\/febdfeeec89d950f01c748045a981dd2.jpg?ver=1777314535\",\"contentUrl\":\"https:\/\/conversesacatalunya.cat\/wp-content\/litespeed\/avatar\/febdfeeec89d950f01c748045a981dd2.jpg?ver=1777314535\",\"caption\":\"conversesacatalunya\"},\"url\":\"https:\/\/conversesacatalunya.cat\/es\/author\/carme_catala\/\"}]}<\/script>\n<!-- \/ Yoast SEO plugin. -->","yoast_head_json":{"title":"Catalu\u00f1a y Espa\u00f1a: unos meses vertiginosos - Converses a Catalunya","description":"Desde este mes de julio hasta octubre, la pol\u00edtica en Catalu\u00f1a y Espa\u00f1a puede alcanzar momentos vertiginosos. La incertidumbre de la epidemia sigue siendo grande","robots":{"index":"index","follow":"follow","max-snippet":"max-snippet:-1","max-image-preview":"max-image-preview:large","max-video-preview":"max-video-preview:-1"},"canonical":"https:\/\/conversesacatalunya.cat\/es\/cataluna-y-espana-unos-meses-vertiginosos\/","og_locale":"es_ES","og_type":"article","og_title":"Catalu\u00f1a y Espa\u00f1a: unos meses vertiginosos - Converses a Catalunya","og_description":"Desde este mes de julio hasta octubre, la pol\u00edtica en Catalu\u00f1a y Espa\u00f1a puede alcanzar momentos vertiginosos. La incertidumbre de la epidemia sigue siendo grande","og_url":"https:\/\/conversesacatalunya.cat\/es\/cataluna-y-espana-unos-meses-vertiginosos\/","og_site_name":"Converses a Catalunya","article_published_time":"2020-07-13T10:46:01+00:00","article_modified_time":"2020-07-13T14:48:39+00:00","og_image":[{"width":1440,"height":808,"url":"https:\/\/conversesacatalunya.cat\/wp-content\/uploads\/2020\/07\/Torra-4-1440x808-1.jpg","type":"image\/jpeg"}],"author":"conversesacatalunya","twitter_card":"summary_large_image","twitter_misc":{"Escrito por":"conversesacatalunya","Tiempo de lectura":"2 minutos"},"schema":{"@context":"https:\/\/schema.org","@graph":[{"@type":"Article","@id":"https:\/\/conversesacatalunya.cat\/es\/cataluna-y-espana-unos-meses-vertiginosos\/#article","isPartOf":{"@id":"https:\/\/conversesacatalunya.cat\/es\/cataluna-y-espana-unos-meses-vertiginosos\/"},"author":{"name":"conversesacatalunya","@id":"https:\/\/conversesacatalunya.cat\/#\/schema\/person\/7e24d1e54a2785373ddcb275eae5ed99"},"headline":"Catalu\u00f1a y Espa\u00f1a: unos meses vertiginosos","datePublished":"2020-07-13T10:46:01+00:00","dateModified":"2020-07-13T14:48:39+00:00","mainEntityOfPage":{"@id":"https:\/\/conversesacatalunya.cat\/es\/cataluna-y-espana-unos-meses-vertiginosos\/"},"wordCount":469,"commentCount":0,"image":{"@id":"https:\/\/conversesacatalunya.cat\/es\/cataluna-y-espana-unos-meses-vertiginosos\/#primaryimage"},"thumbnailUrl":"https:\/\/conversesacatalunya.cat\/wp-content\/uploads\/2020\/07\/Torra-4-1440x808-1.jpg","keywords":["elecciones anticipadas"],"articleSection":["Punts clau del dia (ES)"],"inLanguage":"es","potentialAction":[{"@type":"CommentAction","name":"Comment","target":["https:\/\/conversesacatalunya.cat\/es\/cataluna-y-espana-unos-meses-vertiginosos\/#respond"]}]},{"@type":"WebPage","@id":"https:\/\/conversesacatalunya.cat\/es\/cataluna-y-espana-unos-meses-vertiginosos\/","url":"https:\/\/conversesacatalunya.cat\/es\/cataluna-y-espana-unos-meses-vertiginosos\/","name":"Catalu\u00f1a y Espa\u00f1a: unos meses vertiginosos - Converses a Catalunya","isPartOf":{"@id":"https:\/\/conversesacatalunya.cat\/#website"},"primaryImageOfPage":{"@id":"https:\/\/conversesacatalunya.cat\/es\/cataluna-y-espana-unos-meses-vertiginosos\/#primaryimage"},"image":{"@id":"https:\/\/conversesacatalunya.cat\/es\/cataluna-y-espana-unos-meses-vertiginosos\/#primaryimage"},"thumbnailUrl":"https:\/\/conversesacatalunya.cat\/wp-content\/uploads\/2020\/07\/Torra-4-1440x808-1.jpg","datePublished":"2020-07-13T10:46:01+00:00","dateModified":"2020-07-13T14:48:39+00:00","author":{"@id":"https:\/\/conversesacatalunya.cat\/#\/schema\/person\/7e24d1e54a2785373ddcb275eae5ed99"},"description":"Desde este mes de julio hasta octubre, la pol\u00edtica en Catalu\u00f1a y Espa\u00f1a puede alcanzar momentos vertiginosos. La incertidumbre de la epidemia sigue siendo grande","breadcrumb":{"@id":"https:\/\/conversesacatalunya.cat\/es\/cataluna-y-espana-unos-meses-vertiginosos\/#breadcrumb"},"inLanguage":"es","potentialAction":[{"@type":"ReadAction","target":["https:\/\/conversesacatalunya.cat\/es\/cataluna-y-espana-unos-meses-vertiginosos\/"]}]},{"@type":"ImageObject","inLanguage":"es","@id":"https:\/\/conversesacatalunya.cat\/es\/cataluna-y-espana-unos-meses-vertiginosos\/#primaryimage","url":"https:\/\/conversesacatalunya.cat\/wp-content\/uploads\/2020\/07\/Torra-4-1440x808-1.jpg","contentUrl":"https:\/\/conversesacatalunya.cat\/wp-content\/uploads\/2020\/07\/Torra-4-1440x808-1.jpg","width":1440,"height":808,"caption":"Catalunya i Espanya"},{"@type":"BreadcrumbList","@id":"https:\/\/conversesacatalunya.cat\/es\/cataluna-y-espana-unos-meses-vertiginosos\/#breadcrumb","itemListElement":[{"@type":"ListItem","position":1,"name":"Inici","item":"https:\/\/conversesacatalunya.cat\/es\/"},{"@type":"ListItem","position":2,"name":"Catalu\u00f1a y Espa\u00f1a: unos meses vertiginosos"}]},{"@type":"WebSite","@id":"https:\/\/conversesacatalunya.cat\/#website","url":"https:\/\/conversesacatalunya.cat\/","name":"Converses a Catalunya","description":"","potentialAction":[{"@type":"SearchAction","target":{"@type":"EntryPoint","urlTemplate":"https:\/\/conversesacatalunya.cat\/?s={search_term_string}"},"query-input":{"@type":"PropertyValueSpecification","valueRequired":true,"valueName":"search_term_string"}}],"inLanguage":"es"},{"@type":"Person","@id":"https:\/\/conversesacatalunya.cat\/#\/schema\/person\/7e24d1e54a2785373ddcb275eae5ed99","name":"conversesacatalunya","image":{"@type":"ImageObject","inLanguage":"es","@id":"https:\/\/conversesacatalunya.cat\/#\/schema\/person\/image\/","url":"https:\/\/conversesacatalunya.cat\/wp-content\/litespeed\/avatar\/febdfeeec89d950f01c748045a981dd2.jpg?ver=1777314535","contentUrl":"https:\/\/conversesacatalunya.cat\/wp-content\/litespeed\/avatar\/febdfeeec89d950f01c748045a981dd2.jpg?ver=1777314535","caption":"conversesacatalunya"},"url":"https:\/\/conversesacatalunya.cat\/es\/author\/carme_catala\/"}]}},"wps_subtitle":"","_links":{"self":[{"href":"https:\/\/conversesacatalunya.cat\/es\/wp-json\/wp\/v2\/posts\/38322","targetHints":{"allow":["GET"]}}],"collection":[{"href":"https:\/\/conversesacatalunya.cat\/es\/wp-json\/wp\/v2\/posts"}],"about":[{"href":"https:\/\/conversesacatalunya.cat\/es\/wp-json\/wp\/v2\/types\/post"}],"author":[{"embeddable":true,"href":"https:\/\/conversesacatalunya.cat\/es\/wp-json\/wp\/v2\/users\/2"}],"replies":[{"embeddable":true,"href":"https:\/\/conversesacatalunya.cat\/es\/wp-json\/wp\/v2\/comments?post=38322"}],"version-history":[{"count":2,"href":"https:\/\/conversesacatalunya.cat\/es\/wp-json\/wp\/v2\/posts\/38322\/revisions"}],"predecessor-version":[{"id":38323,"href":"https:\/\/conversesacatalunya.cat\/es\/wp-json\/wp\/v2\/posts\/38322\/revisions\/38323"}],"wp:featuredmedia":[{"embeddable":true,"href":"https:\/\/conversesacatalunya.cat\/es\/wp-json\/wp\/v2\/media\/38298"}],"wp:attachment":[{"href":"https:\/\/conversesacatalunya.cat\/es\/wp-json\/wp\/v2\/media?parent=38322"}],"wp:term":[{"taxonomy":"category","embeddable":true,"href":"https:\/\/conversesacatalunya.cat\/es\/wp-json\/wp\/v2\/categories?post=38322"},{"taxonomy":"post_tag","embeddable":true,"href":"https:\/\/conversesacatalunya.cat\/es\/wp-json\/wp\/v2\/tags?post=38322"}],"curies":[{"name":"wp","href":"https:\/\/api.w.org\/{rel}","templated":true}]}}