{"id":38318,"date":"2020-07-13T12:32:06","date_gmt":"2020-07-13T10:32:06","guid":{"rendered":"https:\/\/conversesacatalunya.cat\/eleccions-a-galicia-i-al-pais-basc\/"},"modified":"2020-07-13T16:31:28","modified_gmt":"2020-07-13T14:31:28","slug":"10-claves-para-interpretar-las-consecuencias-de-las-elecciones-en-galicia-y-el-pais-vasco","status":"publish","type":"post","link":"https:\/\/conversesacatalunya.cat\/es\/10-claves-para-interpretar-las-consecuencias-de-las-elecciones-en-galicia-y-el-pais-vasco\/","title":{"rendered":"10 claves para interpretar las consecuencias de las elecciones en Galicia y el Pa\u00eds Vasco"},"content":{"rendered":"<ol>\n<li><strong>Ganan y mejoran resultados los que ya estaban gobernando: PP y PNV<\/strong>, si bien con diferencias. La hegemon\u00eda de Feij\u00f3o es absoluta. Lo logra por cuarta vez, se acerca al 50% de los votos y le saca 25 puntos porcentuales al segundo partido. Es dif\u00edcil encontrar un resultado similar en Europa. El PNV mejora sus resultados, pero sigue sin alcanzar una mayor\u00eda absoluta y lastrada por el desequilibrado sistema electoral del Pa\u00eds Vasco, en el que cada una de las tres circunscripciones aporta el mismo n\u00famero de diputados con total indiferencia de la cantidad de votantes.<\/li>\n<li><strong>Pierde la coalici\u00f3n que gobierna en Espa\u00f1a<\/strong>. Se ha derrumbado Podemos, y el Partido Socialista no ha sacado ning\u00fan rendimiento de este descenso. En el Pa\u00eds Vasco la coalici\u00f3n ha pasado de 20 a 16 esca\u00f1os, y en Galicia de 28 a 14, desapareciendo el partido de Iglesias y pasando al PSOE a la tercera posici\u00f3n.<\/li>\n<li><strong>Ganan los partidos arraigados de manera inclusiva, natural, a las caracter\u00edsticas de cada pa\u00eds<\/strong>. El PP de Feij\u00f3o nada tiene que ver con la formulaci\u00f3n de este mismo partido en el Pa\u00eds Vasco. En Galicia, desde Fraga, encarna un galleguismo articulado con la pol\u00edtica espa\u00f1ola, pero galleguismo al fin y al cabo. Mientras que en Euskadi, el empuje independentista de Bildu no ha hecho fluctuar al PNV, que ha buscado en su vasquismo moderado ganar una vez m\u00e1s. Son partidos que, como Converg\u00e8ncia a partir del momento de la desaparici\u00f3n de Centristes de Catalunya, un\u00edan nacionalistas con catalanistas moderados. La f\u00f3rmula se repite con \u00e9xito 40 a\u00f1os despu\u00e9s.<\/li>\n<li><strong>El PSOE se revela incapaz de integrar los votos perdidos por Podemos<\/strong>. No paga los costes de la pandemia, pero tampoco gana los beneficios de las ayudas. Ha ganado un diputado en el Pa\u00eds Vasco y se mantiene igual en Galicia. En ambos territorios son una fuerza de segundo nivel.<\/li>\n<li><strong>El PP hace un \u00abm\u00e1s dif\u00edcil todav\u00eda\u00bb, ya que pierde y gana a la vez<\/strong>. El resultado abrumador de Galicia contrasta con la gran derrota sufrida en el Pa\u00eds Vasco y la alianza con Cs.<\/li>\n<li><strong>Pierde la familia Iglesias y Colau<\/strong>, que fue a cerrar la campa\u00f1a electoral en Galicia. La derrota es tan espectacular que, si en un futuro cayera Barcelona, \u200b\u200bla familia Iglesias quedar\u00eda reducida a un partido madrile\u00f1o.<\/li>\n<li><strong>Gana el independentismo <em>enragee<\/em> de Bildu y el BNG<\/strong>, que se convierten en te\u00f3rica alternativa de gobierno. El eje de estos dos partidos y ERC dibuja una fuerza potente que puede condicionar el gobierno de coalici\u00f3n espa\u00f1ol.<\/li>\n<li><strong>El resultado abre la puerta a la incertidumbre sobre con qui\u00e9n se pactar\u00e1 el presupuesto espa\u00f1ol<\/strong>, si con el eje mejor visto por Bruselas de Ciudadanos y PNV y la aquiescencia de Podemos, que sumar\u00e1 as\u00ed una nueva renuncia, o el alineamiento con el bloque del independentista de ERC, con todo el riesgo que significar\u00eda para una parte del votante socialista, refractario a los independentistas.<\/li>\n<li>Parece claro que, en momentos de incertidumbre como los provocados por la pandemia, <strong>los ciudadanos tienden para optar por lo que es m\u00e1s seguro, razonable<\/strong> y les garantiza una gobernanza de gesti\u00f3n sin grandes aventuras. Es precisamente lo que no ofrecen los partidos independentistas catalanes.<\/li>\n<li><strong>Las expectativas de remontada de Cs no se han verificado<\/strong>. Su presencia en Galicia es insignificante. Y la alianza con el PP se ha saldado con un fracaso en votos e incluso ha dado lugar a la entrada de Vox por \u00c1lava, que era un feudo tradicional del PP.<\/li>\n<\/ol>\n","protected":false},"excerpt":{"rendered":"<p>Ganan y mejoran resultados los que ya estaban gobernando: PP y PNV, si bien con diferencias. La hegemon\u00eda de Feij\u00f3o es absoluta. Lo logra por cuarta vez, se acerca al 50% de los votos y le saca 25 puntos porcentuales al segundo partido. Es dif\u00edcil encontrar un resultado similar en Europa. El PNV mejora sus resultados, pero sigue sin alcanzar una mayor\u00eda absoluta y lastrada por el desequilibrado sistema electoral del Pa\u00eds Vasco, en el que cada una de las tres circunscripciones aporta el mismo n\u00famero de diputados con total indiferencia de la cantidad de votantes. Pierde la coalici\u00f3n que gobierna en Espa\u00f1a. Se ha derrumbado Podemos, y el Partido Socialista no ha sacado ning\u00fan rendimiento de este descenso. En el Pa\u00eds Vasco la coalici\u00f3n ha pasado de 20 a 16 esca\u00f1os, y en Galicia de 28 a 14, desapareciendo el partido de Iglesias y pasando al PSOE a la tercera posici\u00f3n. Ganan los partidos arraigados de manera inclusiva, natural, a las caracter\u00edsticas de cada pa\u00eds. El PP de Feij\u00f3o nada tiene que ver con la formulaci\u00f3n de este mismo partido en el Pa\u00eds Vasco. En Galicia, desde Fraga, encarna un galleguismo articulado con la pol\u00edtica espa\u00f1ola, pero galleguismo al fin y al cabo. Mientras que en Euskadi, el empuje independentista de Bildu no ha hecho fluctuar al PNV, que ha buscado en su vasquismo moderado ganar una vez m\u00e1s. Son partidos que, como Converg\u00e8ncia a partir del momento de la desaparici\u00f3n de Centristes de Catalunya, un\u00edan nacionalistas con catalanistas moderados. La f\u00f3rmula se repite con \u00e9xito 40 a\u00f1os despu\u00e9s. El PSOE se revela incapaz de integrar los votos perdidos por Podemos. No paga los costes de la pandemia, pero tampoco gana los beneficios de las ayudas. Ha ganado un diputado en el Pa\u00eds Vasco y se mantiene igual en Galicia. En ambos territorios son una fuerza de segundo nivel. El PP hace un \u00abm\u00e1s dif\u00edcil todav\u00eda\u00bb, ya que pierde y gana a la vez. El resultado abrumador de Galicia contrasta con la gran derrota sufrida en el Pa\u00eds Vasco y la alianza con Cs. Pierde la familia Iglesias y Colau, que fue a cerrar la campa\u00f1a electoral en Galicia. La derrota es tan espectacular que, si en un futuro cayera Barcelona, \u200b\u200bla familia Iglesias quedar\u00eda reducida a un partido madrile\u00f1o. Gana el independentismo enragee de Bildu y el BNG, que se convierten en te\u00f3rica alternativa de gobierno. El eje de estos dos partidos y ERC dibuja una fuerza potente que puede condicionar el gobierno de coalici\u00f3n espa\u00f1ol. El resultado abre la puerta a la incertidumbre sobre con qui\u00e9n se pactar\u00e1 el presupuesto espa\u00f1ol, si con el eje mejor visto por Bruselas de Ciudadanos y PNV y la aquiescencia de Podemos, que sumar\u00e1 as\u00ed una nueva renuncia, o el alineamiento con el bloque del independentista de ERC, con todo el riesgo que significar\u00eda para una parte del votante socialista, refractario a los independentistas. Parece claro que, en momentos de incertidumbre como los provocados por la pandemia, los ciudadanos tienden para optar por lo que es m\u00e1s seguro, razonable y les garantiza una gobernanza de gesti\u00f3n sin grandes aventuras. Es precisamente lo que no ofrecen los partidos independentistas catalanes. Las expectativas de remontada de Cs no se han verificado. Su presencia en Galicia es insignificante. Y la alianza con el PP se ha saldado con un fracaso en votos e incluso ha dado lugar a la entrada de Vox por \u00c1lava, que era un feudo tradicional del PP.<\/p>\n","protected":false},"author":2,"featured_media":38286,"comment_status":"open","ping_status":"open","sticky":false,"template":"","format":"standard","meta":{"_FSMCFIC_featured_image_caption":"","_FSMCFIC_featured_image_nocaption":"","_FSMCFIC_featured_image_hide":"","footnotes":""},"categories":[806],"tags":[2720,2721,2719,1318],"class_list":["post-38318","post","type-post","status-publish","format-standard","has-post-thumbnail","hentry","category-punts-claus-del-dia-es","tag-elecciones-galicia","tag-elecciones-pais-vasco","tag-feijoo-es","tag-pnv"],"yoast_head":"<!-- This site is optimized with the Yoast SEO plugin v26.8 - https:\/\/yoast.com\/product\/yoast-seo-wordpress\/ -->\n<title>10 claves para interpretar las consecuencias de las elecciones en Galicia y el Pa\u00eds Vasco - Converses a Catalunya<\/title>\n<meta name=\"description\" content=\"Elecciones Galicia y Pa\u00eds Vasco: Ganan y mejoran resultados los que ya estaban gobernando: PP y PNV. Si bien con diferencias. La hegemon\u00eda de Feij\u00f3o es absoluta\" \/>\n<meta name=\"robots\" content=\"index, follow, max-snippet:-1, max-image-preview:large, max-video-preview:-1\" \/>\n<link rel=\"canonical\" href=\"https:\/\/conversesacatalunya.cat\/es\/10-claves-para-interpretar-las-consecuencias-de-las-elecciones-en-galicia-y-el-pais-vasco\/\" \/>\n<meta property=\"og:locale\" content=\"es_ES\" \/>\n<meta property=\"og:type\" content=\"article\" \/>\n<meta property=\"og:title\" content=\"10 claves para interpretar las consecuencias de las elecciones en Galicia y el Pa\u00eds Vasco - Converses a Catalunya\" \/>\n<meta property=\"og:description\" content=\"Elecciones Galicia y Pa\u00eds Vasco: Ganan y mejoran resultados los que ya estaban gobernando: PP y PNV. Si bien con diferencias. La hegemon\u00eda de Feij\u00f3o es absoluta\" \/>\n<meta property=\"og:url\" content=\"https:\/\/conversesacatalunya.cat\/es\/10-claves-para-interpretar-las-consecuencias-de-las-elecciones-en-galicia-y-el-pais-vasco\/\" \/>\n<meta property=\"og:site_name\" content=\"Converses a Catalunya\" \/>\n<meta property=\"article:published_time\" content=\"2020-07-13T10:32:06+00:00\" \/>\n<meta property=\"article:modified_time\" content=\"2020-07-13T14:31:28+00:00\" \/>\n<meta property=\"og:image\" content=\"https:\/\/conversesacatalunya.cat\/wp-content\/uploads\/2020\/07\/elecciones-gal\u00edcia-i-pa\u00eds-basc.jpg\" \/>\n\t<meta property=\"og:image:width\" content=\"655\" \/>\n\t<meta property=\"og:image:height\" content=\"368\" \/>\n\t<meta property=\"og:image:type\" content=\"image\/jpeg\" \/>\n<meta name=\"author\" content=\"conversesacatalunya\" \/>\n<meta name=\"twitter:card\" content=\"summary_large_image\" \/>\n<meta name=\"twitter:label1\" content=\"Escrito por\" \/>\n\t<meta name=\"twitter:data1\" content=\"conversesacatalunya\" \/>\n\t<meta name=\"twitter:label2\" content=\"Tiempo de lectura\" \/>\n\t<meta name=\"twitter:data2\" content=\"3 minutos\" \/>\n<script type=\"application\/ld+json\" class=\"yoast-schema-graph\">{\"@context\":\"https:\/\/schema.org\",\"@graph\":[{\"@type\":\"Article\",\"@id\":\"https:\/\/conversesacatalunya.cat\/es\/10-claves-para-interpretar-las-consecuencias-de-las-elecciones-en-galicia-y-el-pais-vasco\/#article\",\"isPartOf\":{\"@id\":\"https:\/\/conversesacatalunya.cat\/es\/10-claves-para-interpretar-las-consecuencias-de-las-elecciones-en-galicia-y-el-pais-vasco\/\"},\"author\":{\"name\":\"conversesacatalunya\",\"@id\":\"https:\/\/conversesacatalunya.cat\/#\/schema\/person\/7e24d1e54a2785373ddcb275eae5ed99\"},\"headline\":\"10 claves para interpretar las consecuencias de las elecciones en Galicia y el Pa\u00eds Vasco\",\"datePublished\":\"2020-07-13T10:32:06+00:00\",\"dateModified\":\"2020-07-13T14:31:28+00:00\",\"mainEntityOfPage\":{\"@id\":\"https:\/\/conversesacatalunya.cat\/es\/10-claves-para-interpretar-las-consecuencias-de-las-elecciones-en-galicia-y-el-pais-vasco\/\"},\"wordCount\":628,\"commentCount\":0,\"image\":{\"@id\":\"https:\/\/conversesacatalunya.cat\/es\/10-claves-para-interpretar-las-consecuencias-de-las-elecciones-en-galicia-y-el-pais-vasco\/#primaryimage\"},\"thumbnailUrl\":\"https:\/\/conversesacatalunya.cat\/wp-content\/uploads\/2020\/07\/elecciones-gal\u00edcia-i-pa\u00eds-basc.jpg\",\"keywords\":[\"elecciones galicia\",\"elecciones pa\u00eds vasco\",\"Feijoo\",\"PNV\"],\"articleSection\":[\"Punts clau del dia (ES)\"],\"inLanguage\":\"es\",\"potentialAction\":[{\"@type\":\"CommentAction\",\"name\":\"Comment\",\"target\":[\"https:\/\/conversesacatalunya.cat\/es\/10-claves-para-interpretar-las-consecuencias-de-las-elecciones-en-galicia-y-el-pais-vasco\/#respond\"]}]},{\"@type\":\"WebPage\",\"@id\":\"https:\/\/conversesacatalunya.cat\/es\/10-claves-para-interpretar-las-consecuencias-de-las-elecciones-en-galicia-y-el-pais-vasco\/\",\"url\":\"https:\/\/conversesacatalunya.cat\/es\/10-claves-para-interpretar-las-consecuencias-de-las-elecciones-en-galicia-y-el-pais-vasco\/\",\"name\":\"10 claves para interpretar las consecuencias de las elecciones en Galicia y el Pa\u00eds Vasco - Converses a Catalunya\",\"isPartOf\":{\"@id\":\"https:\/\/conversesacatalunya.cat\/#website\"},\"primaryImageOfPage\":{\"@id\":\"https:\/\/conversesacatalunya.cat\/es\/10-claves-para-interpretar-las-consecuencias-de-las-elecciones-en-galicia-y-el-pais-vasco\/#primaryimage\"},\"image\":{\"@id\":\"https:\/\/conversesacatalunya.cat\/es\/10-claves-para-interpretar-las-consecuencias-de-las-elecciones-en-galicia-y-el-pais-vasco\/#primaryimage\"},\"thumbnailUrl\":\"https:\/\/conversesacatalunya.cat\/wp-content\/uploads\/2020\/07\/elecciones-gal\u00edcia-i-pa\u00eds-basc.jpg\",\"datePublished\":\"2020-07-13T10:32:06+00:00\",\"dateModified\":\"2020-07-13T14:31:28+00:00\",\"author\":{\"@id\":\"https:\/\/conversesacatalunya.cat\/#\/schema\/person\/7e24d1e54a2785373ddcb275eae5ed99\"},\"description\":\"Elecciones Galicia y Pa\u00eds Vasco: Ganan y mejoran resultados los que ya estaban gobernando: PP y PNV. Si bien con diferencias. La hegemon\u00eda de Feij\u00f3o es absoluta\",\"breadcrumb\":{\"@id\":\"https:\/\/conversesacatalunya.cat\/es\/10-claves-para-interpretar-las-consecuencias-de-las-elecciones-en-galicia-y-el-pais-vasco\/#breadcrumb\"},\"inLanguage\":\"es\",\"potentialAction\":[{\"@type\":\"ReadAction\",\"target\":[\"https:\/\/conversesacatalunya.cat\/es\/10-claves-para-interpretar-las-consecuencias-de-las-elecciones-en-galicia-y-el-pais-vasco\/\"]}]},{\"@type\":\"ImageObject\",\"inLanguage\":\"es\",\"@id\":\"https:\/\/conversesacatalunya.cat\/es\/10-claves-para-interpretar-las-consecuencias-de-las-elecciones-en-galicia-y-el-pais-vasco\/#primaryimage\",\"url\":\"https:\/\/conversesacatalunya.cat\/wp-content\/uploads\/2020\/07\/elecciones-gal\u00edcia-i-pa\u00eds-basc.jpg\",\"contentUrl\":\"https:\/\/conversesacatalunya.cat\/wp-content\/uploads\/2020\/07\/elecciones-gal\u00edcia-i-pa\u00eds-basc.jpg\",\"width\":655,\"height\":368,\"caption\":\"eleccions a galicia i pa\u00eds basc\"},{\"@type\":\"BreadcrumbList\",\"@id\":\"https:\/\/conversesacatalunya.cat\/es\/10-claves-para-interpretar-las-consecuencias-de-las-elecciones-en-galicia-y-el-pais-vasco\/#breadcrumb\",\"itemListElement\":[{\"@type\":\"ListItem\",\"position\":1,\"name\":\"Inici\",\"item\":\"https:\/\/conversesacatalunya.cat\/es\/\"},{\"@type\":\"ListItem\",\"position\":2,\"name\":\"10 claves para interpretar las consecuencias de las elecciones en Galicia y el Pa\u00eds Vasco\"}]},{\"@type\":\"WebSite\",\"@id\":\"https:\/\/conversesacatalunya.cat\/#website\",\"url\":\"https:\/\/conversesacatalunya.cat\/\",\"name\":\"Converses a Catalunya\",\"description\":\"\",\"potentialAction\":[{\"@type\":\"SearchAction\",\"target\":{\"@type\":\"EntryPoint\",\"urlTemplate\":\"https:\/\/conversesacatalunya.cat\/?s={search_term_string}\"},\"query-input\":{\"@type\":\"PropertyValueSpecification\",\"valueRequired\":true,\"valueName\":\"search_term_string\"}}],\"inLanguage\":\"es\"},{\"@type\":\"Person\",\"@id\":\"https:\/\/conversesacatalunya.cat\/#\/schema\/person\/7e24d1e54a2785373ddcb275eae5ed99\",\"name\":\"conversesacatalunya\",\"image\":{\"@type\":\"ImageObject\",\"inLanguage\":\"es\",\"@id\":\"https:\/\/conversesacatalunya.cat\/#\/schema\/person\/image\/\",\"url\":\"https:\/\/conversesacatalunya.cat\/wp-content\/litespeed\/avatar\/febdfeeec89d950f01c748045a981dd2.jpg?ver=1777314535\",\"contentUrl\":\"https:\/\/conversesacatalunya.cat\/wp-content\/litespeed\/avatar\/febdfeeec89d950f01c748045a981dd2.jpg?ver=1777314535\",\"caption\":\"conversesacatalunya\"},\"url\":\"https:\/\/conversesacatalunya.cat\/es\/author\/carme_catala\/\"}]}<\/script>\n<!-- \/ Yoast SEO plugin. -->","yoast_head_json":{"title":"10 claves para interpretar las consecuencias de las elecciones en Galicia y el Pa\u00eds Vasco - Converses a Catalunya","description":"Elecciones Galicia y Pa\u00eds Vasco: Ganan y mejoran resultados los que ya estaban gobernando: PP y PNV. Si bien con diferencias. La hegemon\u00eda de Feij\u00f3o es absoluta","robots":{"index":"index","follow":"follow","max-snippet":"max-snippet:-1","max-image-preview":"max-image-preview:large","max-video-preview":"max-video-preview:-1"},"canonical":"https:\/\/conversesacatalunya.cat\/es\/10-claves-para-interpretar-las-consecuencias-de-las-elecciones-en-galicia-y-el-pais-vasco\/","og_locale":"es_ES","og_type":"article","og_title":"10 claves para interpretar las consecuencias de las elecciones en Galicia y el Pa\u00eds Vasco - Converses a Catalunya","og_description":"Elecciones Galicia y Pa\u00eds Vasco: Ganan y mejoran resultados los que ya estaban gobernando: PP y PNV. Si bien con diferencias. La hegemon\u00eda de Feij\u00f3o es absoluta","og_url":"https:\/\/conversesacatalunya.cat\/es\/10-claves-para-interpretar-las-consecuencias-de-las-elecciones-en-galicia-y-el-pais-vasco\/","og_site_name":"Converses a Catalunya","article_published_time":"2020-07-13T10:32:06+00:00","article_modified_time":"2020-07-13T14:31:28+00:00","og_image":[{"width":655,"height":368,"url":"https:\/\/conversesacatalunya.cat\/wp-content\/uploads\/2020\/07\/elecciones-gal\u00edcia-i-pa\u00eds-basc.jpg","type":"image\/jpeg"}],"author":"conversesacatalunya","twitter_card":"summary_large_image","twitter_misc":{"Escrito por":"conversesacatalunya","Tiempo de lectura":"3 minutos"},"schema":{"@context":"https:\/\/schema.org","@graph":[{"@type":"Article","@id":"https:\/\/conversesacatalunya.cat\/es\/10-claves-para-interpretar-las-consecuencias-de-las-elecciones-en-galicia-y-el-pais-vasco\/#article","isPartOf":{"@id":"https:\/\/conversesacatalunya.cat\/es\/10-claves-para-interpretar-las-consecuencias-de-las-elecciones-en-galicia-y-el-pais-vasco\/"},"author":{"name":"conversesacatalunya","@id":"https:\/\/conversesacatalunya.cat\/#\/schema\/person\/7e24d1e54a2785373ddcb275eae5ed99"},"headline":"10 claves para interpretar las consecuencias de las elecciones en Galicia y el Pa\u00eds Vasco","datePublished":"2020-07-13T10:32:06+00:00","dateModified":"2020-07-13T14:31:28+00:00","mainEntityOfPage":{"@id":"https:\/\/conversesacatalunya.cat\/es\/10-claves-para-interpretar-las-consecuencias-de-las-elecciones-en-galicia-y-el-pais-vasco\/"},"wordCount":628,"commentCount":0,"image":{"@id":"https:\/\/conversesacatalunya.cat\/es\/10-claves-para-interpretar-las-consecuencias-de-las-elecciones-en-galicia-y-el-pais-vasco\/#primaryimage"},"thumbnailUrl":"https:\/\/conversesacatalunya.cat\/wp-content\/uploads\/2020\/07\/elecciones-gal\u00edcia-i-pa\u00eds-basc.jpg","keywords":["elecciones galicia","elecciones pa\u00eds vasco","Feijoo","PNV"],"articleSection":["Punts clau del dia (ES)"],"inLanguage":"es","potentialAction":[{"@type":"CommentAction","name":"Comment","target":["https:\/\/conversesacatalunya.cat\/es\/10-claves-para-interpretar-las-consecuencias-de-las-elecciones-en-galicia-y-el-pais-vasco\/#respond"]}]},{"@type":"WebPage","@id":"https:\/\/conversesacatalunya.cat\/es\/10-claves-para-interpretar-las-consecuencias-de-las-elecciones-en-galicia-y-el-pais-vasco\/","url":"https:\/\/conversesacatalunya.cat\/es\/10-claves-para-interpretar-las-consecuencias-de-las-elecciones-en-galicia-y-el-pais-vasco\/","name":"10 claves para interpretar las consecuencias de las elecciones en Galicia y el Pa\u00eds Vasco - Converses a Catalunya","isPartOf":{"@id":"https:\/\/conversesacatalunya.cat\/#website"},"primaryImageOfPage":{"@id":"https:\/\/conversesacatalunya.cat\/es\/10-claves-para-interpretar-las-consecuencias-de-las-elecciones-en-galicia-y-el-pais-vasco\/#primaryimage"},"image":{"@id":"https:\/\/conversesacatalunya.cat\/es\/10-claves-para-interpretar-las-consecuencias-de-las-elecciones-en-galicia-y-el-pais-vasco\/#primaryimage"},"thumbnailUrl":"https:\/\/conversesacatalunya.cat\/wp-content\/uploads\/2020\/07\/elecciones-gal\u00edcia-i-pa\u00eds-basc.jpg","datePublished":"2020-07-13T10:32:06+00:00","dateModified":"2020-07-13T14:31:28+00:00","author":{"@id":"https:\/\/conversesacatalunya.cat\/#\/schema\/person\/7e24d1e54a2785373ddcb275eae5ed99"},"description":"Elecciones Galicia y Pa\u00eds Vasco: Ganan y mejoran resultados los que ya estaban gobernando: PP y PNV. Si bien con diferencias. La hegemon\u00eda de Feij\u00f3o es absoluta","breadcrumb":{"@id":"https:\/\/conversesacatalunya.cat\/es\/10-claves-para-interpretar-las-consecuencias-de-las-elecciones-en-galicia-y-el-pais-vasco\/#breadcrumb"},"inLanguage":"es","potentialAction":[{"@type":"ReadAction","target":["https:\/\/conversesacatalunya.cat\/es\/10-claves-para-interpretar-las-consecuencias-de-las-elecciones-en-galicia-y-el-pais-vasco\/"]}]},{"@type":"ImageObject","inLanguage":"es","@id":"https:\/\/conversesacatalunya.cat\/es\/10-claves-para-interpretar-las-consecuencias-de-las-elecciones-en-galicia-y-el-pais-vasco\/#primaryimage","url":"https:\/\/conversesacatalunya.cat\/wp-content\/uploads\/2020\/07\/elecciones-gal\u00edcia-i-pa\u00eds-basc.jpg","contentUrl":"https:\/\/conversesacatalunya.cat\/wp-content\/uploads\/2020\/07\/elecciones-gal\u00edcia-i-pa\u00eds-basc.jpg","width":655,"height":368,"caption":"eleccions a galicia i pa\u00eds basc"},{"@type":"BreadcrumbList","@id":"https:\/\/conversesacatalunya.cat\/es\/10-claves-para-interpretar-las-consecuencias-de-las-elecciones-en-galicia-y-el-pais-vasco\/#breadcrumb","itemListElement":[{"@type":"ListItem","position":1,"name":"Inici","item":"https:\/\/conversesacatalunya.cat\/es\/"},{"@type":"ListItem","position":2,"name":"10 claves para interpretar las consecuencias de las elecciones en Galicia y el Pa\u00eds Vasco"}]},{"@type":"WebSite","@id":"https:\/\/conversesacatalunya.cat\/#website","url":"https:\/\/conversesacatalunya.cat\/","name":"Converses a Catalunya","description":"","potentialAction":[{"@type":"SearchAction","target":{"@type":"EntryPoint","urlTemplate":"https:\/\/conversesacatalunya.cat\/?s={search_term_string}"},"query-input":{"@type":"PropertyValueSpecification","valueRequired":true,"valueName":"search_term_string"}}],"inLanguage":"es"},{"@type":"Person","@id":"https:\/\/conversesacatalunya.cat\/#\/schema\/person\/7e24d1e54a2785373ddcb275eae5ed99","name":"conversesacatalunya","image":{"@type":"ImageObject","inLanguage":"es","@id":"https:\/\/conversesacatalunya.cat\/#\/schema\/person\/image\/","url":"https:\/\/conversesacatalunya.cat\/wp-content\/litespeed\/avatar\/febdfeeec89d950f01c748045a981dd2.jpg?ver=1777314535","contentUrl":"https:\/\/conversesacatalunya.cat\/wp-content\/litespeed\/avatar\/febdfeeec89d950f01c748045a981dd2.jpg?ver=1777314535","caption":"conversesacatalunya"},"url":"https:\/\/conversesacatalunya.cat\/es\/author\/carme_catala\/"}]}},"wps_subtitle":"","_links":{"self":[{"href":"https:\/\/conversesacatalunya.cat\/es\/wp-json\/wp\/v2\/posts\/38318","targetHints":{"allow":["GET"]}}],"collection":[{"href":"https:\/\/conversesacatalunya.cat\/es\/wp-json\/wp\/v2\/posts"}],"about":[{"href":"https:\/\/conversesacatalunya.cat\/es\/wp-json\/wp\/v2\/types\/post"}],"author":[{"embeddable":true,"href":"https:\/\/conversesacatalunya.cat\/es\/wp-json\/wp\/v2\/users\/2"}],"replies":[{"embeddable":true,"href":"https:\/\/conversesacatalunya.cat\/es\/wp-json\/wp\/v2\/comments?post=38318"}],"version-history":[{"count":2,"href":"https:\/\/conversesacatalunya.cat\/es\/wp-json\/wp\/v2\/posts\/38318\/revisions"}],"predecessor-version":[{"id":38319,"href":"https:\/\/conversesacatalunya.cat\/es\/wp-json\/wp\/v2\/posts\/38318\/revisions\/38319"}],"wp:featuredmedia":[{"embeddable":true,"href":"https:\/\/conversesacatalunya.cat\/es\/wp-json\/wp\/v2\/media\/38286"}],"wp:attachment":[{"href":"https:\/\/conversesacatalunya.cat\/es\/wp-json\/wp\/v2\/media?parent=38318"}],"wp:term":[{"taxonomy":"category","embeddable":true,"href":"https:\/\/conversesacatalunya.cat\/es\/wp-json\/wp\/v2\/categories?post=38318"},{"taxonomy":"post_tag","embeddable":true,"href":"https:\/\/conversesacatalunya.cat\/es\/wp-json\/wp\/v2\/tags?post=38318"}],"curies":[{"name":"wp","href":"https:\/\/api.w.org\/{rel}","templated":true}]}}