{"id":38301,"date":"2020-07-13T07:58:49","date_gmt":"2020-07-13T05:58:49","guid":{"rendered":"https:\/\/conversesacatalunya.cat\/deliveroo-es-prepara-per-a-un-ero\/"},"modified":"2020-07-13T12:53:11","modified_gmt":"2020-07-13T10:53:11","slug":"deliveroo-ere","status":"publish","type":"post","link":"https:\/\/conversesacatalunya.cat\/es\/deliveroo-ere\/","title":{"rendered":"Deliveroo se prepara para un ERE"},"content":{"rendered":"<p>La multinacional brit\u00e1nica de reparto Deliveroo tiene planeado <strong>un expediente de regulaci\u00f3n de empleo (ERE) para despedir a parte de sus trabajadores<\/strong> de los centros de Madrid, Barcelona y Valencia. El expediente presentado por la compa\u00f1\u00eda tendr\u00e1 afectaci\u00f3n sobre su personal de oficinas y no as\u00ed sobre los 2.500 repartidores que operan como trabajadores aut\u00f3nomos para la plataforma de reparto. La intenci\u00f3n de la marca, seg\u00fan ha denunciado UGT, es llevarse la producci\u00f3n de sus centros tecnol\u00f3gicos a Ruman\u00eda, pa\u00eds con unos <strong>salarios inferiores<\/strong> a los espa\u00f1oles.<\/p>\n<p>No es la primera empresa de &#8216;delivery&#8217; que reubicar\u00eda su producci\u00f3n tecnol\u00f3gica en el este de Europa, pues Glovo ya abri\u00f3 el a\u00f1o pasado un &#8216;hub&#8217; de programaci\u00f3n en Polonia, con cerca de 100 &#8216;techies&#8217;. Seg\u00fan el sindicato actualmente Deliveroo se ha acogido a un ERTE por causa de la crisis del coronavirus y tiene a la mayor\u00eda de sus personas trabajadoras en casa, sin poder emplearse, y al resto teletrabajando.<\/p>\n<p>Esta decisi\u00f3n por parte de Deliveroo coincide con la ley del Ministerio de Trabajo que se est\u00e1 gestando para regular el trabajo en las plataformas digitales y uno de los elementos en los que la ministra Yolanda D\u00edaz pretende incidir es en el modelo laboral de las empresas de &#8216;delivery&#8217;. La intenci\u00f3n del Ejecutivo es clarificar la relaci\u00f3n laboral de los &#8216;riders&#8217; con las empresas y <strong>obligarlos a contratarlos mediante la figura del asalariado<\/strong>. Actualmente operan como aut\u00f3nomos, en un modelo que se caracteriza por unos menores costes para la empresa por lo que respecta a obligaciones con la Seguridad Social. Deliveroo ha desvinculado el expediente presentado de dicho proceso legislativo. \u00abEste proceso de despido colectivo no tiene ninguna relaci\u00f3n con los procesos judiciales en curso que afectan a la empresa en Espa\u00f1a y que siguen su curso a la espera de una sentencia firme.\u00bb, ha manifestado en un comunicado.<\/p>\n<p>En paralelo a esa nueva legislaci\u00f3n, Deliveroo se encuentra inmersa en una serie de causas judiciales por todo el territorio espa\u00f1ol y con juicios pendientes con la propia Seguridad Social. Inspecci\u00f3n de Trabajo ha levantado varias actas contra las pr\u00e1cticas de la compa\u00f1\u00eda y ha obligado en plazas como Madrid, Barcelona o Valencia, a contratar como asalariados a sus &#8216;riders&#8217;. Adem\u00e1s de imponer sendos requerimientos de pago, con importes millonarios. Actualmente estos procesos se encuentran suspendidos y a la espera de juicio y sentencia firme.<\/p>\n<span class='bctt-click-to-tweet'><span class='bctt-ctt-text'><a href='https:\/\/twitter.com\/intent\/tweet?url=https%3A%2F%2Fconversesacatalunya.cat%2Fes%2Fdeliveroo-ere%2F&#038;text=La%20intenci%C3%B3n%20de%20la%20marca%2C%20seg%C3%BAn%20ha%20denunciado%20UGT%2C%20es%20llevarse%20la%20producci%C3%B3n%20de%20sus%20centros%20tecnol%C3%B3gicos%20a%20Ruman%C3%ADa%2C%20pa%C3%ADs%20con%20unos%20salarios%20inferiores%20a%20los%20espa%C3%B1oles&#038;via=conversesacat&#038;related=conversesacat' target='_blank'rel=\"noopener noreferrer\">La intenci\u00f3n de la marca, seg\u00fan ha denunciado UGT, es llevarse la producci\u00f3n de sus centros tecnol\u00f3gicos a Ruman\u00eda, pa\u00eds con unos salarios inferiores a los espa\u00f1oles <\/a><\/span><a href='https:\/\/twitter.com\/intent\/tweet?url=https%3A%2F%2Fconversesacatalunya.cat%2Fes%2Fdeliveroo-ere%2F&#038;text=La%20intenci%C3%B3n%20de%20la%20marca%2C%20seg%C3%BAn%20ha%20denunciado%20UGT%2C%20es%20llevarse%20la%20producci%C3%B3n%20de%20sus%20centros%20tecnol%C3%B3gicos%20a%20Ruman%C3%ADa%2C%20pa%C3%ADs%20con%20unos%20salarios%20inferiores%20a%20los%20espa%C3%B1oles&#038;via=conversesacat&#038;related=conversesacat' target='_blank' class='bctt-ctt-btn'rel=\"noopener noreferrer\">Compartir en X<\/a><\/span>\n<div id=\"polls-59\" class=\"wp-polls\">\n\t<form id=\"polls_form_59\" class=\"wp-polls-form\" action=\"\/index.php\" method=\"post\">\n\t\t<p style=\"display: none;\"><input type=\"hidden\" id=\"poll_59_nonce\" name=\"wp-polls-nonce\" value=\"3a41bd7744\" \/><\/p>\n\t\t<p style=\"display: none;\"><input type=\"hidden\" name=\"poll_id\" value=\"59\" \/><\/p>\n\t\t<p style=\"text-align: center\"><strong>Els resultats electorals de Gal\u00edcia i Euskadi perjudiquen o beneficien al Govern espanyol?<\/strong><\/p><div id=\"polls-59-ans\" class=\"wp-polls-ans\"><ul class=\"wp-polls-ul\">\n\t\t<li><input type=\"radio\" id=\"poll-answer-124\" name=\"poll_59\" value=\"124\" \/> <label for=\"poll-answer-124\">Beneficien<\/label><\/li>\n\t\t<li><input type=\"radio\" id=\"poll-answer-125\" name=\"poll_59\" value=\"125\" \/> <label for=\"poll-answer-125\">Perjudiquen<\/label><\/li>\n\t\t<\/ul><p style=\"text-align: center\"><input type=\"button\" name=\"vote\" value=\"   Vota   \" class=\"Buttons\" onclick=\"poll_vote(59);\" \/><\/p><p style=\"text-align: center\"><a href=\"#ViewPollResults\" onclick=\"poll_result(59); return false;\" title=\"View Results Of This Poll\">Mira els resultats<\/a><\/p><\/div>\n\t<\/form>\n<\/div>\n<div id=\"polls-59-loading\" class=\"wp-polls-loading\"><img decoding=\"async\" data-src=\"https:\/\/conversesacatalunya.cat\/wp-content\/plugins\/wp-polls\/images\/loading.gif\" width=\"16\" height=\"16\" alt=\"Cargando ...\" title=\"Cargando ...\" class=\"wp-polls-image lazyload\" src=\"data:image\/svg+xml;base64,PHN2ZyB3aWR0aD0iMSIgaGVpZ2h0PSIxIiB4bWxucz0iaHR0cDovL3d3dy53My5vcmcvMjAwMC9zdmciPjwvc3ZnPg==\" style=\"--smush-placeholder-width: 16px; --smush-placeholder-aspect-ratio: 16\/16;\" \/>&nbsp;Cargando ...<\/div>\n\n","protected":false},"excerpt":{"rendered":"<p>La multinacional brit\u00e1nica de reparto Deliveroo tiene planeado un expediente de regulaci\u00f3n de empleo (ERE) para despedir a parte de sus trabajadores de los centros de Madrid, Barcelona y Valencia. El expediente presentado por la compa\u00f1\u00eda tendr\u00e1 afectaci\u00f3n sobre su personal de oficinas y no as\u00ed sobre los 2.500 repartidores que operan como trabajadores aut\u00f3nomos para la plataforma de reparto. La intenci\u00f3n de la marca, seg\u00fan ha denunciado UGT, es llevarse la producci\u00f3n de sus centros tecnol\u00f3gicos a Ruman\u00eda, pa\u00eds con unos salarios inferiores a los espa\u00f1oles. No es la primera empresa de &#8216;delivery&#8217; que reubicar\u00eda su producci\u00f3n tecnol\u00f3gica en el este de Europa, pues Glovo ya abri\u00f3 el a\u00f1o pasado un &#8216;hub&#8217; de programaci\u00f3n en Polonia, con cerca de 100 &#8216;techies&#8217;. Seg\u00fan el sindicato actualmente Deliveroo se ha acogido a un ERTE por causa de la crisis del coronavirus y tiene a la mayor\u00eda de sus personas trabajadoras en casa, sin poder emplearse, y al resto teletrabajando. Esta decisi\u00f3n por parte de Deliveroo coincide con la ley del Ministerio de Trabajo que se est\u00e1 gestando para regular el trabajo en las plataformas digitales y uno de los elementos en los que la ministra Yolanda D\u00edaz pretende incidir es en el modelo laboral de las empresas de &#8216;delivery&#8217;. La intenci\u00f3n del Ejecutivo es clarificar la relaci\u00f3n laboral de los &#8216;riders&#8217; con las empresas y obligarlos a contratarlos mediante la figura del asalariado. Actualmente operan como aut\u00f3nomos, en un modelo que se caracteriza por unos menores costes para la empresa por lo que respecta a obligaciones con la Seguridad Social. Deliveroo ha desvinculado el expediente presentado de dicho proceso legislativo. \u00abEste proceso de despido colectivo no tiene ninguna relaci\u00f3n con los procesos judiciales en curso que afectan a la empresa en Espa\u00f1a y que siguen su curso a la espera de una sentencia firme.\u00bb, ha manifestado en un comunicado. En paralelo a esa nueva legislaci\u00f3n, Deliveroo se encuentra inmersa en una serie de causas judiciales por todo el territorio espa\u00f1ol y con juicios pendientes con la propia Seguridad Social. Inspecci\u00f3n de Trabajo ha levantado varias actas contra las pr\u00e1cticas de la compa\u00f1\u00eda y ha obligado en plazas como Madrid, Barcelona o Valencia, a contratar como asalariados a sus &#8216;riders&#8217;. Adem\u00e1s de imponer sendos requerimientos de pago, con importes millonarios. Actualmente estos procesos se encuentran suspendidos y a la espera de juicio y sentencia firme.<\/p>\n","protected":false},"author":20,"featured_media":38276,"comment_status":"open","ping_status":"open","sticky":false,"template":"","format":"standard","meta":{"_FSMCFIC_featured_image_caption":"","_FSMCFIC_featured_image_nocaption":"","_FSMCFIC_featured_image_hide":"","footnotes":""},"categories":[806],"tags":[831,2716],"class_list":["post-38301","post","type-post","status-publish","format-standard","has-post-thumbnail","hentry","category-punts-claus-del-dia-es","tag-economia-es","tag-ero-es"],"yoast_head":"<!-- This site is optimized with the Yoast SEO plugin v26.8 - https:\/\/yoast.com\/product\/yoast-seo-wordpress\/ -->\n<title>Deliveroo se prepara para un ERE - Converses a Catalunya<\/title>\n<meta name=\"description\" content=\"Deliveroo ha tomado la decisi\u00f3n de llevar a cabo un expediente de regulaci\u00f3n de empleo (ERE) para despedir a parte de sus trabajadores.\" \/>\n<meta name=\"robots\" content=\"noindex, nofollow\" \/>\n<meta property=\"og:locale\" content=\"es_ES\" \/>\n<meta property=\"og:type\" content=\"article\" \/>\n<meta property=\"og:title\" content=\"Deliveroo se prepara para un ERE - Converses a Catalunya\" \/>\n<meta property=\"og:description\" content=\"Deliveroo ha tomado la decisi\u00f3n de llevar a cabo un expediente de regulaci\u00f3n de empleo (ERE) para despedir a parte de sus trabajadores.\" \/>\n<meta property=\"og:url\" content=\"https:\/\/conversesacatalunya.cat\/es\/deliveroo-ere\/\" \/>\n<meta property=\"og:site_name\" content=\"Converses a Catalunya\" \/>\n<meta property=\"article:published_time\" content=\"2020-07-13T05:58:49+00:00\" \/>\n<meta property=\"article:modified_time\" content=\"2020-07-13T10:53:11+00:00\" \/>\n<meta property=\"og:image\" content=\"https:\/\/conversesacatalunya.cat\/wp-content\/uploads\/2020\/07\/Capture-5.png\" \/>\n\t<meta property=\"og:image:width\" content=\"950\" \/>\n\t<meta property=\"og:image:height\" content=\"643\" \/>\n\t<meta property=\"og:image:type\" content=\"image\/png\" \/>\n<meta name=\"author\" content=\"conversesacatalunya\" \/>\n<meta name=\"twitter:card\" content=\"summary_large_image\" \/>\n<meta name=\"twitter:label1\" content=\"Escrito por\" \/>\n\t<meta name=\"twitter:data1\" content=\"conversesacatalunya\" \/>\n\t<meta name=\"twitter:label2\" content=\"Tiempo de lectura\" \/>\n\t<meta name=\"twitter:data2\" content=\"2 minutos\" \/>\n<script type=\"application\/ld+json\" class=\"yoast-schema-graph\">{\"@context\":\"https:\/\/schema.org\",\"@graph\":[{\"@type\":\"Article\",\"@id\":\"https:\/\/conversesacatalunya.cat\/es\/deliveroo-ere\/#article\",\"isPartOf\":{\"@id\":\"https:\/\/conversesacatalunya.cat\/es\/deliveroo-ere\/\"},\"author\":{\"name\":\"conversesacatalunya\",\"@id\":\"https:\/\/conversesacatalunya.cat\/#\/schema\/person\/a7a9496a363cd9847daf7cd659d92e64\"},\"headline\":\"Deliveroo se prepara para un ERE\",\"datePublished\":\"2020-07-13T05:58:49+00:00\",\"dateModified\":\"2020-07-13T10:53:11+00:00\",\"mainEntityOfPage\":{\"@id\":\"https:\/\/conversesacatalunya.cat\/es\/deliveroo-ere\/\"},\"wordCount\":469,\"commentCount\":0,\"image\":{\"@id\":\"https:\/\/conversesacatalunya.cat\/es\/deliveroo-ere\/#primaryimage\"},\"thumbnailUrl\":\"https:\/\/conversesacatalunya.cat\/wp-content\/uploads\/2020\/07\/Capture-5.png\",\"keywords\":[\"Economia\",\"ERO\"],\"articleSection\":[\"Punts clau del dia (ES)\"],\"inLanguage\":\"es\",\"potentialAction\":[{\"@type\":\"CommentAction\",\"name\":\"Comment\",\"target\":[\"https:\/\/conversesacatalunya.cat\/es\/deliveroo-ere\/#respond\"]}]},{\"@type\":\"WebPage\",\"@id\":\"https:\/\/conversesacatalunya.cat\/es\/deliveroo-ere\/\",\"url\":\"https:\/\/conversesacatalunya.cat\/es\/deliveroo-ere\/\",\"name\":\"Deliveroo se prepara para un ERE - Converses a Catalunya\",\"isPartOf\":{\"@id\":\"https:\/\/conversesacatalunya.cat\/#website\"},\"primaryImageOfPage\":{\"@id\":\"https:\/\/conversesacatalunya.cat\/es\/deliveroo-ere\/#primaryimage\"},\"image\":{\"@id\":\"https:\/\/conversesacatalunya.cat\/es\/deliveroo-ere\/#primaryimage\"},\"thumbnailUrl\":\"https:\/\/conversesacatalunya.cat\/wp-content\/uploads\/2020\/07\/Capture-5.png\",\"datePublished\":\"2020-07-13T05:58:49+00:00\",\"dateModified\":\"2020-07-13T10:53:11+00:00\",\"author\":{\"@id\":\"https:\/\/conversesacatalunya.cat\/#\/schema\/person\/a7a9496a363cd9847daf7cd659d92e64\"},\"description\":\"Deliveroo ha tomado la decisi\u00f3n de llevar a cabo un expediente de regulaci\u00f3n de empleo (ERE) para despedir a parte de sus trabajadores.\",\"breadcrumb\":{\"@id\":\"https:\/\/conversesacatalunya.cat\/es\/deliveroo-ere\/#breadcrumb\"},\"inLanguage\":\"es\",\"potentialAction\":[{\"@type\":\"ReadAction\",\"target\":[\"https:\/\/conversesacatalunya.cat\/es\/deliveroo-ere\/\"]}]},{\"@type\":\"ImageObject\",\"inLanguage\":\"es\",\"@id\":\"https:\/\/conversesacatalunya.cat\/es\/deliveroo-ere\/#primaryimage\",\"url\":\"https:\/\/conversesacatalunya.cat\/wp-content\/uploads\/2020\/07\/Capture-5.png\",\"contentUrl\":\"https:\/\/conversesacatalunya.cat\/wp-content\/uploads\/2020\/07\/Capture-5.png\",\"width\":950,\"height\":643,\"caption\":\"Deliveroo\"},{\"@type\":\"BreadcrumbList\",\"@id\":\"https:\/\/conversesacatalunya.cat\/es\/deliveroo-ere\/#breadcrumb\",\"itemListElement\":[{\"@type\":\"ListItem\",\"position\":1,\"name\":\"Inici\",\"item\":\"https:\/\/conversesacatalunya.cat\/es\/\"},{\"@type\":\"ListItem\",\"position\":2,\"name\":\"Deliveroo se prepara para un ERE\"}]},{\"@type\":\"WebSite\",\"@id\":\"https:\/\/conversesacatalunya.cat\/#website\",\"url\":\"https:\/\/conversesacatalunya.cat\/\",\"name\":\"Converses a Catalunya\",\"description\":\"\",\"potentialAction\":[{\"@type\":\"SearchAction\",\"target\":{\"@type\":\"EntryPoint\",\"urlTemplate\":\"https:\/\/conversesacatalunya.cat\/?s={search_term_string}\"},\"query-input\":{\"@type\":\"PropertyValueSpecification\",\"valueRequired\":true,\"valueName\":\"search_term_string\"}}],\"inLanguage\":\"es\"},{\"@type\":\"Person\",\"@id\":\"https:\/\/conversesacatalunya.cat\/#\/schema\/person\/a7a9496a363cd9847daf7cd659d92e64\",\"name\":\"conversesacatalunya\",\"image\":{\"@type\":\"ImageObject\",\"inLanguage\":\"es\",\"@id\":\"https:\/\/conversesacatalunya.cat\/#\/schema\/person\/image\/\",\"url\":\"https:\/\/conversesacatalunya.cat\/wp-content\/litespeed\/avatar\/ff91582b44ff9c880dc9c5ac2f5c7e89.jpg?ver=1777372947\",\"contentUrl\":\"https:\/\/conversesacatalunya.cat\/wp-content\/litespeed\/avatar\/ff91582b44ff9c880dc9c5ac2f5c7e89.jpg?ver=1777372947\",\"caption\":\"conversesacatalunya\"},\"url\":\"https:\/\/conversesacatalunya.cat\/es\/author\/francisco_garcia\/\"}]}<\/script>\n<!-- \/ Yoast SEO plugin. -->","yoast_head_json":{"title":"Deliveroo se prepara para un ERE - Converses a Catalunya","description":"Deliveroo ha tomado la decisi\u00f3n de llevar a cabo un expediente de regulaci\u00f3n de empleo (ERE) para despedir a parte de sus trabajadores.","robots":{"index":"noindex","follow":"nofollow"},"og_locale":"es_ES","og_type":"article","og_title":"Deliveroo se prepara para un ERE - Converses a Catalunya","og_description":"Deliveroo ha tomado la decisi\u00f3n de llevar a cabo un expediente de regulaci\u00f3n de empleo (ERE) para despedir a parte de sus trabajadores.","og_url":"https:\/\/conversesacatalunya.cat\/es\/deliveroo-ere\/","og_site_name":"Converses a Catalunya","article_published_time":"2020-07-13T05:58:49+00:00","article_modified_time":"2020-07-13T10:53:11+00:00","og_image":[{"width":950,"height":643,"url":"https:\/\/conversesacatalunya.cat\/wp-content\/uploads\/2020\/07\/Capture-5.png","type":"image\/png"}],"author":"conversesacatalunya","twitter_card":"summary_large_image","twitter_misc":{"Escrito por":"conversesacatalunya","Tiempo de lectura":"2 minutos"},"schema":{"@context":"https:\/\/schema.org","@graph":[{"@type":"Article","@id":"https:\/\/conversesacatalunya.cat\/es\/deliveroo-ere\/#article","isPartOf":{"@id":"https:\/\/conversesacatalunya.cat\/es\/deliveroo-ere\/"},"author":{"name":"conversesacatalunya","@id":"https:\/\/conversesacatalunya.cat\/#\/schema\/person\/a7a9496a363cd9847daf7cd659d92e64"},"headline":"Deliveroo se prepara para un ERE","datePublished":"2020-07-13T05:58:49+00:00","dateModified":"2020-07-13T10:53:11+00:00","mainEntityOfPage":{"@id":"https:\/\/conversesacatalunya.cat\/es\/deliveroo-ere\/"},"wordCount":469,"commentCount":0,"image":{"@id":"https:\/\/conversesacatalunya.cat\/es\/deliveroo-ere\/#primaryimage"},"thumbnailUrl":"https:\/\/conversesacatalunya.cat\/wp-content\/uploads\/2020\/07\/Capture-5.png","keywords":["Economia","ERO"],"articleSection":["Punts clau del dia (ES)"],"inLanguage":"es","potentialAction":[{"@type":"CommentAction","name":"Comment","target":["https:\/\/conversesacatalunya.cat\/es\/deliveroo-ere\/#respond"]}]},{"@type":"WebPage","@id":"https:\/\/conversesacatalunya.cat\/es\/deliveroo-ere\/","url":"https:\/\/conversesacatalunya.cat\/es\/deliveroo-ere\/","name":"Deliveroo se prepara para un ERE - Converses a Catalunya","isPartOf":{"@id":"https:\/\/conversesacatalunya.cat\/#website"},"primaryImageOfPage":{"@id":"https:\/\/conversesacatalunya.cat\/es\/deliveroo-ere\/#primaryimage"},"image":{"@id":"https:\/\/conversesacatalunya.cat\/es\/deliveroo-ere\/#primaryimage"},"thumbnailUrl":"https:\/\/conversesacatalunya.cat\/wp-content\/uploads\/2020\/07\/Capture-5.png","datePublished":"2020-07-13T05:58:49+00:00","dateModified":"2020-07-13T10:53:11+00:00","author":{"@id":"https:\/\/conversesacatalunya.cat\/#\/schema\/person\/a7a9496a363cd9847daf7cd659d92e64"},"description":"Deliveroo ha tomado la decisi\u00f3n de llevar a cabo un expediente de regulaci\u00f3n de empleo (ERE) para despedir a parte de sus trabajadores.","breadcrumb":{"@id":"https:\/\/conversesacatalunya.cat\/es\/deliveroo-ere\/#breadcrumb"},"inLanguage":"es","potentialAction":[{"@type":"ReadAction","target":["https:\/\/conversesacatalunya.cat\/es\/deliveroo-ere\/"]}]},{"@type":"ImageObject","inLanguage":"es","@id":"https:\/\/conversesacatalunya.cat\/es\/deliveroo-ere\/#primaryimage","url":"https:\/\/conversesacatalunya.cat\/wp-content\/uploads\/2020\/07\/Capture-5.png","contentUrl":"https:\/\/conversesacatalunya.cat\/wp-content\/uploads\/2020\/07\/Capture-5.png","width":950,"height":643,"caption":"Deliveroo"},{"@type":"BreadcrumbList","@id":"https:\/\/conversesacatalunya.cat\/es\/deliveroo-ere\/#breadcrumb","itemListElement":[{"@type":"ListItem","position":1,"name":"Inici","item":"https:\/\/conversesacatalunya.cat\/es\/"},{"@type":"ListItem","position":2,"name":"Deliveroo se prepara para un ERE"}]},{"@type":"WebSite","@id":"https:\/\/conversesacatalunya.cat\/#website","url":"https:\/\/conversesacatalunya.cat\/","name":"Converses a Catalunya","description":"","potentialAction":[{"@type":"SearchAction","target":{"@type":"EntryPoint","urlTemplate":"https:\/\/conversesacatalunya.cat\/?s={search_term_string}"},"query-input":{"@type":"PropertyValueSpecification","valueRequired":true,"valueName":"search_term_string"}}],"inLanguage":"es"},{"@type":"Person","@id":"https:\/\/conversesacatalunya.cat\/#\/schema\/person\/a7a9496a363cd9847daf7cd659d92e64","name":"conversesacatalunya","image":{"@type":"ImageObject","inLanguage":"es","@id":"https:\/\/conversesacatalunya.cat\/#\/schema\/person\/image\/","url":"https:\/\/conversesacatalunya.cat\/wp-content\/litespeed\/avatar\/ff91582b44ff9c880dc9c5ac2f5c7e89.jpg?ver=1777372947","contentUrl":"https:\/\/conversesacatalunya.cat\/wp-content\/litespeed\/avatar\/ff91582b44ff9c880dc9c5ac2f5c7e89.jpg?ver=1777372947","caption":"conversesacatalunya"},"url":"https:\/\/conversesacatalunya.cat\/es\/author\/francisco_garcia\/"}]}},"wps_subtitle":"Deliveroo, multinacional brit\u00e1nica de reparto, ha tomado la decisi\u00f3n de llevar a cabo un expediente de regulaci\u00f3n de empleo (ERE) para despedir a parte de sus trabajadores. Seg\u00fan los sindicatos la intenci\u00f3n es trasladar las oficinas a Ruman\u00eda.","_links":{"self":[{"href":"https:\/\/conversesacatalunya.cat\/es\/wp-json\/wp\/v2\/posts\/38301","targetHints":{"allow":["GET"]}}],"collection":[{"href":"https:\/\/conversesacatalunya.cat\/es\/wp-json\/wp\/v2\/posts"}],"about":[{"href":"https:\/\/conversesacatalunya.cat\/es\/wp-json\/wp\/v2\/types\/post"}],"author":[{"embeddable":true,"href":"https:\/\/conversesacatalunya.cat\/es\/wp-json\/wp\/v2\/users\/20"}],"replies":[{"embeddable":true,"href":"https:\/\/conversesacatalunya.cat\/es\/wp-json\/wp\/v2\/comments?post=38301"}],"version-history":[{"count":2,"href":"https:\/\/conversesacatalunya.cat\/es\/wp-json\/wp\/v2\/posts\/38301\/revisions"}],"predecessor-version":[{"id":38303,"href":"https:\/\/conversesacatalunya.cat\/es\/wp-json\/wp\/v2\/posts\/38301\/revisions\/38303"}],"wp:featuredmedia":[{"embeddable":true,"href":"https:\/\/conversesacatalunya.cat\/es\/wp-json\/wp\/v2\/media\/38276"}],"wp:attachment":[{"href":"https:\/\/conversesacatalunya.cat\/es\/wp-json\/wp\/v2\/media?parent=38301"}],"wp:term":[{"taxonomy":"category","embeddable":true,"href":"https:\/\/conversesacatalunya.cat\/es\/wp-json\/wp\/v2\/categories?post=38301"},{"taxonomy":"post_tag","embeddable":true,"href":"https:\/\/conversesacatalunya.cat\/es\/wp-json\/wp\/v2\/tags?post=38301"}],"curies":[{"name":"wp","href":"https:\/\/api.w.org\/{rel}","templated":true}]}}