{"id":38255,"date":"2020-07-10T12:11:25","date_gmt":"2020-07-10T10:11:25","guid":{"rendered":"https:\/\/conversesacatalunya.cat\/rebrots-catalunya-generalitat\/"},"modified":"2020-07-10T13:40:04","modified_gmt":"2020-07-10T11:40:04","slug":"rebrotes-en-cataluna-la-generalitat-en-riesgo-de-ser-desbordada","status":"publish","type":"post","link":"https:\/\/conversesacatalunya.cat\/es\/rebrotes-en-cataluna-la-generalitat-en-riesgo-de-ser-desbordada\/","title":{"rendered":"Rebrotes en Catalu\u00f1a. La Generalitat, en riesgo de ser desbordada"},"content":{"rendered":"<p>Tal como se indic\u00f3 en una <a href=\"https:\/\/conversesacatalunya.cat\/es\/lleida-confinada-el-fracaso-del-gobierno-queremos-soluciones\/\" target=\"_blank\" rel=\"noopener noreferrer\">informaci\u00f3n anterior en Converses<\/a>, el retraso y la mala gesti\u00f3n por parte de la Generalitat est\u00e1n provocando un creciente desencadenamiento de rebrotes en Catalu\u00f1a, al tiempo que se extiende la cr\u00edtica y la protesta en los municipios del Segri\u00e0. La <a href=\"https:\/\/conversesacatalunya.cat\/es\/igualada-dues-setmanes-de-confinament\/\" target=\"_blank\" rel=\"noopener noreferrer\">experiencia de Igualada<\/a> ha servido de poco, y una vez m\u00e1s se confina territorialmente sin aportar a los municipios afectados los recursos necesarios para una buena gesti\u00f3n. En concreto, la <strong>capacidad para <a href=\"https:\/\/conversesacatalunya.cat\/es\/el-caso-ferrovial-quien-esta-rastreando-el-virus-en-cataluna\/\" target=\"_blank\" rel=\"noopener noreferrer\">rastrear los contactos<\/a><\/strong>, que se pide que lo hagan las autoridades locales, que no disponen de medios, y la falta de polic\u00eda para ayudar a hacer cumplir las normas de seguridad en el espacio p\u00fablico.<\/p>\n<p>El Segri\u00e0 ya ha registrado la primera muerte desde que finaliz\u00f3 del estado de alarma, y los nuevos positivos en las \u00faltimas 24 horas <strong>han sumado 46 casos m\u00e1s<\/strong>. A su vez, el cierre para acceder a la ciudad de Lleida provoca un colapso continuado que se a\u00f1ade al da\u00f1o econ\u00f3mico de la p\u00e9rdida de actividad.<\/p>\n<p>El vicepresidente <strong>Pere Aragon\u00e9s<\/strong>, en una <a href=\"https:\/\/www.segre.com\/noticies\/comarques\/2020\/07\/09\/aragones_promet_pla_xoc_amb_els_recursos_que_calgui_per_pal_liar_impacte_economic_del_confinament_del_segria_110310_1091.html\" target=\"_blank\" rel=\"noopener noreferrer\">reuni\u00f3n mantenida con los alcaldes de la zona<\/a> por videoconferencia, se ha comprometido a aportar ayudas y medidas de est\u00edmulo econ\u00f3mico. Pero en muchas localidades estas declaraciones son percibidas con escepticismo si se considera que la <strong>promesa hecha por el presidente Torra<\/strong> por el confinamiento de Igualada todav\u00eda no ha visto ni un solo euro. A este retraso se a\u00f1aden otros m\u00e1s extraordinarios: no haber completado las ayudas por los incendios de las Terres de l&#8217;Ebre del verano pasado o de la <em>llevantada<\/em> en el Alt Maresme y el Baix Empord\u00e0. Hay un problema de eficiencia muy grave, que todav\u00eda hace m\u00e1s dif\u00edcil el futuro de la actividad econ\u00f3mica de los territorios confinados.<\/p>\n<p>Lleida y el Segri\u00e0 acaparan la atenci\u00f3n, pero hay otras comarcas que tambi\u00e9n han seguido una evoluci\u00f3n preocupante y que se sit\u00faan muy por encima del indicador alem\u00e1n que se\u00f1ala el l\u00edmite para comenzar a intervenir de <strong>50 positivos acumulados en una semana por cada 100.000 habitantes<\/strong>. Estas comarcas son la Alta Ribagor\u00e7a, Les Garrigues, La Noguera, y el Pla d&#8217;Urgell, adem\u00e1s del Segri\u00e0, como es l\u00f3gico. Tambi\u00e9n la Segarra presenta niveles altos, pero con una tendencia decreciente desde el 25 de mayo.<\/p>\n<p><strong>En contrapartida, las comarcas del Baix Ebre se encuentran pr\u00e1cticamente libres<\/strong> de SARS-Covid-2. Pero no acaba aqu\u00ed la potencial alarma, porque algunos municipios del Barcelon\u00e8s y barrios de Barcelona, \u200b\u200bsi bien en t\u00e9rminos absolutos a\u00fan se mantienen lejos de la zona de riesgo, presentan una tendencia preocupante. Concretamente, l&#8217;Hospitalet es el que ofrece un n\u00famero de positivos m\u00e1s elevado y donde los contactos se han multiplicado m\u00e1s r\u00e1pidamente. En el caso de Barcelona, \u200b\u200blas tendencias m\u00e1s preocupantes se dan <strong>sobre todo en el Eixample<\/strong> y en menor medida en Sants-Montju\u00efc. Si la evoluci\u00f3n se lentifica, como el n\u00famero de casos es reducido, no habr\u00e1 problema, pero si contin\u00faa en progresi\u00f3n, Barcelona se ver\u00eda afectada por un factor adicional m\u00e1s, el de la extensi\u00f3n de la pandemia. Es posible que el per\u00edodo de vacaciones que comenzar\u00e1 a hacerse notar a partir del 15 de julio y el correspondiente abandono de la ciudad temple este comportamiento al menos en las zonas de mayor renta, caso del Eixample. Es m\u00e1s dudoso que pueda tener un efecto positivo en barrios como Sants-Montju\u00efc, donde sus habitantes tienen m\u00e1s dificultades para hacer vacaciones fuera de la ciudad.<\/p>\n<p>Esta nueva presi\u00f3n del Covid-19 se a\u00f1ade al balance tan negativo que registra la Generalitat. Seg\u00fan la \u00faltima encuesta del CIS s\u00f3lo un <strong>14,5%<\/strong> de los encuestados considera que la situaci\u00f3n de Catalu\u00f1a es buena o muy buena. Este mismo concepto se eleva respectivamente hasta el 63,2% y 46,4% en Euskadi y Galicia. La valoraci\u00f3n del gobierno de Catalu\u00f1a en t\u00e9rminos de buena o muy buena es de s\u00f3lo el <strong>12,8%<\/strong>, por un 55,4% de Euskadi y un 42,5% de Galicia. Y la gesti\u00f3n del presidente Torra es considerada tambi\u00e9n buena o muy buena por el <strong>13,2%<\/strong> en Catalu\u00f1a, el 49,8% en Euskadi y el 45,5% en Galicia. Las diferencias son abismales y revelan una crisis profunda, que ahora estos potentes rebrotes del Covid-19 a\u00fan pueden agravar m\u00e1s.<\/p>\n<p style=\"text-align: center;\">M\u00e1s informaci\u00f3n sobre el coronavirus en <a href=\"https:\/\/conversesacatalunya.cat\/es\/coronavirus\/\" target=\"_blank\" rel=\"noopener noreferrer\"><strong>ESPECIAL CORONAVIRUS<\/strong><\/a><\/p>\n<div id=\"polls-58\" class=\"wp-polls\">\n\t<form id=\"polls_form_58\" class=\"wp-polls-form\" action=\"\/index.php\" method=\"post\">\n\t\t<p style=\"display: none;\"><input type=\"hidden\" id=\"poll_58_nonce\" name=\"wp-polls-nonce\" value=\"8056c91da7\" \/><\/p>\n\t\t<p style=\"display: none;\"><input type=\"hidden\" name=\"poll_id\" value=\"58\" \/><\/p>\n\t\t<p style=\"text-align: center\"><strong>Es posaran d'acord els partits catalanistes per anar a les pr\u00f2ximes eleccions catalanes com a \u00fanica opci\u00f3 electoral?<\/strong><\/p><div id=\"polls-58-ans\" class=\"wp-polls-ans\"><ul class=\"wp-polls-ul\">\n\t\t<li><input type=\"radio\" id=\"poll-answer-122\" name=\"poll_58\" value=\"122\" \/> <label for=\"poll-answer-122\">Si<\/label><\/li>\n\t\t<li><input type=\"radio\" id=\"poll-answer-123\" name=\"poll_58\" value=\"123\" \/> <label for=\"poll-answer-123\">No<\/label><\/li>\n\t\t<\/ul><p style=\"text-align: center\"><input type=\"button\" name=\"vote\" value=\"   Vota   \" class=\"Buttons\" onclick=\"poll_vote(58);\" \/><\/p><p style=\"text-align: center\"><a href=\"#ViewPollResults\" onclick=\"poll_result(58); return false;\" title=\"View Results Of This Poll\">Mira els resultats<\/a><\/p><\/div>\n\t<\/form>\n<\/div>\n<div id=\"polls-58-loading\" class=\"wp-polls-loading\"><img decoding=\"async\" data-src=\"https:\/\/conversesacatalunya.cat\/wp-content\/plugins\/wp-polls\/images\/loading.gif\" width=\"16\" height=\"16\" alt=\"Cargando ...\" title=\"Cargando ...\" class=\"wp-polls-image lazyload\" src=\"data:image\/svg+xml;base64,PHN2ZyB3aWR0aD0iMSIgaGVpZ2h0PSIxIiB4bWxucz0iaHR0cDovL3d3dy53My5vcmcvMjAwMC9zdmciPjwvc3ZnPg==\" style=\"--smush-placeholder-width: 16px; --smush-placeholder-aspect-ratio: 16\/16;\" \/>&nbsp;Cargando ...<\/div>\n\n","protected":false},"excerpt":{"rendered":"<p>Tal como se indic\u00f3 en una informaci\u00f3n anterior en Converses, el retraso y la mala gesti\u00f3n por parte de la Generalitat est\u00e1n provocando un creciente desencadenamiento de rebrotes en Catalu\u00f1a, al tiempo que se extiende la cr\u00edtica y la protesta en los municipios del Segri\u00e0. La experiencia de Igualada ha servido de poco, y una vez m\u00e1s se confina territorialmente sin aportar a los municipios afectados los recursos necesarios para una buena gesti\u00f3n. En concreto, la capacidad para rastrear los contactos, que se pide que lo hagan las autoridades locales, que no disponen de medios, y la falta de polic\u00eda para ayudar a hacer cumplir las normas de seguridad en el espacio p\u00fablico. El Segri\u00e0 ya ha registrado la primera muerte desde que finaliz\u00f3 del estado de alarma, y los nuevos positivos en las \u00faltimas 24 horas han sumado 46 casos m\u00e1s. A su vez, el cierre para acceder a la ciudad de Lleida provoca un colapso continuado que se a\u00f1ade al da\u00f1o econ\u00f3mico de la p\u00e9rdida de actividad. El vicepresidente Pere Aragon\u00e9s, en una reuni\u00f3n mantenida con los alcaldes de la zona por videoconferencia, se ha comprometido a aportar ayudas y medidas de est\u00edmulo econ\u00f3mico. Pero en muchas localidades estas declaraciones son percibidas con escepticismo si se considera que la promesa hecha por el presidente Torra por el confinamiento de Igualada todav\u00eda no ha visto ni un solo euro. A este retraso se a\u00f1aden otros m\u00e1s extraordinarios: no haber completado las ayudas por los incendios de las Terres de l&#8217;Ebre del verano pasado o de la llevantada en el Alt Maresme y el Baix Empord\u00e0. Hay un problema de eficiencia muy grave, que todav\u00eda hace m\u00e1s dif\u00edcil el futuro de la actividad econ\u00f3mica de los territorios confinados. Lleida y el Segri\u00e0 acaparan la atenci\u00f3n, pero hay otras comarcas que tambi\u00e9n han seguido una evoluci\u00f3n preocupante y que se sit\u00faan muy por encima del indicador alem\u00e1n que se\u00f1ala el l\u00edmite para comenzar a intervenir de 50 positivos acumulados en una semana por cada 100.000 habitantes. Estas comarcas son la Alta Ribagor\u00e7a, Les Garrigues, La Noguera, y el Pla d&#8217;Urgell, adem\u00e1s del Segri\u00e0, como es l\u00f3gico. Tambi\u00e9n la Segarra presenta niveles altos, pero con una tendencia decreciente desde el 25 de mayo. En contrapartida, las comarcas del Baix Ebre se encuentran pr\u00e1cticamente libres de SARS-Covid-2. Pero no acaba aqu\u00ed la potencial alarma, porque algunos municipios del Barcelon\u00e8s y barrios de Barcelona, \u200b\u200bsi bien en t\u00e9rminos absolutos a\u00fan se mantienen lejos de la zona de riesgo, presentan una tendencia preocupante. Concretamente, l&#8217;Hospitalet es el que ofrece un n\u00famero de positivos m\u00e1s elevado y donde los contactos se han multiplicado m\u00e1s r\u00e1pidamente. En el caso de Barcelona, \u200b\u200blas tendencias m\u00e1s preocupantes se dan sobre todo en el Eixample y en menor medida en Sants-Montju\u00efc. Si la evoluci\u00f3n se lentifica, como el n\u00famero de casos es reducido, no habr\u00e1 problema, pero si contin\u00faa en progresi\u00f3n, Barcelona se ver\u00eda afectada por un factor adicional m\u00e1s, el de la extensi\u00f3n de la pandemia. Es posible que el per\u00edodo de vacaciones que comenzar\u00e1 a hacerse notar a partir del 15 de julio y el correspondiente abandono de la ciudad temple este comportamiento al menos en las zonas de mayor renta, caso del Eixample. Es m\u00e1s dudoso que pueda tener un efecto positivo en barrios como Sants-Montju\u00efc, donde sus habitantes tienen m\u00e1s dificultades para hacer vacaciones fuera de la ciudad. Esta nueva presi\u00f3n del Covid-19 se a\u00f1ade al balance tan negativo que registra la Generalitat. Seg\u00fan la \u00faltima encuesta del CIS s\u00f3lo un 14,5% de los encuestados considera que la situaci\u00f3n de Catalu\u00f1a es buena o muy buena. Este mismo concepto se eleva respectivamente hasta el 63,2% y 46,4% en Euskadi y Galicia. La valoraci\u00f3n del gobierno de Catalu\u00f1a en t\u00e9rminos de buena o muy buena es de s\u00f3lo el 12,8%, por un 55,4% de Euskadi y un 42,5% de Galicia. Y la gesti\u00f3n del presidente Torra es considerada tambi\u00e9n buena o muy buena por el 13,2% en Catalu\u00f1a, el 49,8% en Euskadi y el 45,5% en Galicia. Las diferencias son abismales y revelan una crisis profunda, que ahora estos potentes rebrotes del Covid-19 a\u00fan pueden agravar m\u00e1s. M\u00e1s informaci\u00f3n sobre el coronavirus en ESPECIAL CORONAVIRUS<\/p>\n","protected":false},"author":2,"featured_media":38244,"comment_status":"open","ping_status":"open","sticky":false,"template":"","format":"standard","meta":{"_FSMCFIC_featured_image_caption":"","_FSMCFIC_featured_image_nocaption":"","_FSMCFIC_featured_image_hide":"","footnotes":""},"categories":[1772,806],"tags":[1504,2596],"class_list":["post-38255","post","type-post","status-publish","format-standard","has-post-thumbnail","hentry","category-especial-coronavirus-es","category-punts-claus-del-dia-es","tag-coronavirus-es","tag-rebrots-coronavirus-es"],"yoast_head":"<!-- This site is optimized with the Yoast SEO plugin v26.8 - https:\/\/yoast.com\/product\/yoast-seo-wordpress\/ -->\n<title>Rebrotes en Catalu\u00f1a. La Generalitat, en riesgo de ser desbordada - Converses a Catalunya<\/title>\n<meta name=\"description\" content=\"Lleida y el Segri\u00e0 acaparan la atenci\u00f3n, pero hay otras comarcas que tambi\u00e9n han seguido una evoluci\u00f3n preocupante de rebrotes\" \/>\n<meta name=\"robots\" content=\"index, follow, max-snippet:-1, max-image-preview:large, max-video-preview:-1\" \/>\n<link rel=\"canonical\" href=\"https:\/\/conversesacatalunya.cat\/es\/rebrotes-en-cataluna-la-generalitat-en-riesgo-de-ser-desbordada\/\" \/>\n<meta property=\"og:locale\" content=\"es_ES\" \/>\n<meta property=\"og:type\" content=\"article\" \/>\n<meta property=\"og:title\" content=\"Rebrotes en Catalu\u00f1a. La Generalitat, en riesgo de ser desbordada - Converses a Catalunya\" \/>\n<meta property=\"og:description\" content=\"Lleida y el Segri\u00e0 acaparan la atenci\u00f3n, pero hay otras comarcas que tambi\u00e9n han seguido una evoluci\u00f3n preocupante de rebrotes\" \/>\n<meta property=\"og:url\" content=\"https:\/\/conversesacatalunya.cat\/es\/rebrotes-en-cataluna-la-generalitat-en-riesgo-de-ser-desbordada\/\" \/>\n<meta property=\"og:site_name\" content=\"Converses a Catalunya\" \/>\n<meta property=\"article:published_time\" content=\"2020-07-10T10:11:25+00:00\" \/>\n<meta property=\"article:modified_time\" content=\"2020-07-10T11:40:04+00:00\" \/>\n<meta property=\"og:image\" content=\"https:\/\/conversesacatalunya.cat\/wp-content\/uploads\/2020\/07\/pere-aragon\u00e9s.jpg\" \/>\n\t<meta property=\"og:image:width\" content=\"467\" \/>\n\t<meta property=\"og:image:height\" content=\"270\" \/>\n\t<meta property=\"og:image:type\" content=\"image\/jpeg\" \/>\n<meta name=\"author\" content=\"conversesacatalunya\" \/>\n<meta name=\"twitter:card\" content=\"summary_large_image\" \/>\n<meta name=\"twitter:label1\" content=\"Escrito por\" \/>\n\t<meta name=\"twitter:data1\" content=\"conversesacatalunya\" \/>\n\t<meta name=\"twitter:label2\" content=\"Tiempo de lectura\" \/>\n\t<meta name=\"twitter:data2\" content=\"4 minutos\" \/>\n<script type=\"application\/ld+json\" class=\"yoast-schema-graph\">{\"@context\":\"https:\/\/schema.org\",\"@graph\":[{\"@type\":\"Article\",\"@id\":\"https:\/\/conversesacatalunya.cat\/es\/rebrotes-en-cataluna-la-generalitat-en-riesgo-de-ser-desbordada\/#article\",\"isPartOf\":{\"@id\":\"https:\/\/conversesacatalunya.cat\/es\/rebrotes-en-cataluna-la-generalitat-en-riesgo-de-ser-desbordada\/\"},\"author\":{\"name\":\"conversesacatalunya\",\"@id\":\"https:\/\/conversesacatalunya.cat\/#\/schema\/person\/7e24d1e54a2785373ddcb275eae5ed99\"},\"headline\":\"Rebrotes en Catalu\u00f1a. La Generalitat, en riesgo de ser desbordada\",\"datePublished\":\"2020-07-10T10:11:25+00:00\",\"dateModified\":\"2020-07-10T11:40:04+00:00\",\"mainEntityOfPage\":{\"@id\":\"https:\/\/conversesacatalunya.cat\/es\/rebrotes-en-cataluna-la-generalitat-en-riesgo-de-ser-desbordada\/\"},\"wordCount\":773,\"commentCount\":0,\"image\":{\"@id\":\"https:\/\/conversesacatalunya.cat\/es\/rebrotes-en-cataluna-la-generalitat-en-riesgo-de-ser-desbordada\/#primaryimage\"},\"thumbnailUrl\":\"https:\/\/conversesacatalunya.cat\/wp-content\/uploads\/2020\/07\/pere-aragon\u00e9s.jpg\",\"keywords\":[\"coronavirus\",\"Rebrots coronavirus\"],\"articleSection\":[\"Especial Coronavirus (ES)\",\"Punts clau del dia (ES)\"],\"inLanguage\":\"es\",\"potentialAction\":[{\"@type\":\"CommentAction\",\"name\":\"Comment\",\"target\":[\"https:\/\/conversesacatalunya.cat\/es\/rebrotes-en-cataluna-la-generalitat-en-riesgo-de-ser-desbordada\/#respond\"]}]},{\"@type\":\"WebPage\",\"@id\":\"https:\/\/conversesacatalunya.cat\/es\/rebrotes-en-cataluna-la-generalitat-en-riesgo-de-ser-desbordada\/\",\"url\":\"https:\/\/conversesacatalunya.cat\/es\/rebrotes-en-cataluna-la-generalitat-en-riesgo-de-ser-desbordada\/\",\"name\":\"Rebrotes en Catalu\u00f1a. La Generalitat, en riesgo de ser desbordada - Converses a Catalunya\",\"isPartOf\":{\"@id\":\"https:\/\/conversesacatalunya.cat\/#website\"},\"primaryImageOfPage\":{\"@id\":\"https:\/\/conversesacatalunya.cat\/es\/rebrotes-en-cataluna-la-generalitat-en-riesgo-de-ser-desbordada\/#primaryimage\"},\"image\":{\"@id\":\"https:\/\/conversesacatalunya.cat\/es\/rebrotes-en-cataluna-la-generalitat-en-riesgo-de-ser-desbordada\/#primaryimage\"},\"thumbnailUrl\":\"https:\/\/conversesacatalunya.cat\/wp-content\/uploads\/2020\/07\/pere-aragon\u00e9s.jpg\",\"datePublished\":\"2020-07-10T10:11:25+00:00\",\"dateModified\":\"2020-07-10T11:40:04+00:00\",\"author\":{\"@id\":\"https:\/\/conversesacatalunya.cat\/#\/schema\/person\/7e24d1e54a2785373ddcb275eae5ed99\"},\"description\":\"Lleida y el Segri\u00e0 acaparan la atenci\u00f3n, pero hay otras comarcas que tambi\u00e9n han seguido una evoluci\u00f3n preocupante de rebrotes\",\"breadcrumb\":{\"@id\":\"https:\/\/conversesacatalunya.cat\/es\/rebrotes-en-cataluna-la-generalitat-en-riesgo-de-ser-desbordada\/#breadcrumb\"},\"inLanguage\":\"es\",\"potentialAction\":[{\"@type\":\"ReadAction\",\"target\":[\"https:\/\/conversesacatalunya.cat\/es\/rebrotes-en-cataluna-la-generalitat-en-riesgo-de-ser-desbordada\/\"]}]},{\"@type\":\"ImageObject\",\"inLanguage\":\"es\",\"@id\":\"https:\/\/conversesacatalunya.cat\/es\/rebrotes-en-cataluna-la-generalitat-en-riesgo-de-ser-desbordada\/#primaryimage\",\"url\":\"https:\/\/conversesacatalunya.cat\/wp-content\/uploads\/2020\/07\/pere-aragon\u00e9s.jpg\",\"contentUrl\":\"https:\/\/conversesacatalunya.cat\/wp-content\/uploads\/2020\/07\/pere-aragon\u00e9s.jpg\",\"width\":467,\"height\":270,\"caption\":\"rebrots\"},{\"@type\":\"BreadcrumbList\",\"@id\":\"https:\/\/conversesacatalunya.cat\/es\/rebrotes-en-cataluna-la-generalitat-en-riesgo-de-ser-desbordada\/#breadcrumb\",\"itemListElement\":[{\"@type\":\"ListItem\",\"position\":1,\"name\":\"Inici\",\"item\":\"https:\/\/conversesacatalunya.cat\/es\/\"},{\"@type\":\"ListItem\",\"position\":2,\"name\":\"Rebrotes en Catalu\u00f1a. La Generalitat, en riesgo de ser desbordada\"}]},{\"@type\":\"WebSite\",\"@id\":\"https:\/\/conversesacatalunya.cat\/#website\",\"url\":\"https:\/\/conversesacatalunya.cat\/\",\"name\":\"Converses a Catalunya\",\"description\":\"\",\"potentialAction\":[{\"@type\":\"SearchAction\",\"target\":{\"@type\":\"EntryPoint\",\"urlTemplate\":\"https:\/\/conversesacatalunya.cat\/?s={search_term_string}\"},\"query-input\":{\"@type\":\"PropertyValueSpecification\",\"valueRequired\":true,\"valueName\":\"search_term_string\"}}],\"inLanguage\":\"es\"},{\"@type\":\"Person\",\"@id\":\"https:\/\/conversesacatalunya.cat\/#\/schema\/person\/7e24d1e54a2785373ddcb275eae5ed99\",\"name\":\"conversesacatalunya\",\"image\":{\"@type\":\"ImageObject\",\"inLanguage\":\"es\",\"@id\":\"https:\/\/conversesacatalunya.cat\/#\/schema\/person\/image\/\",\"url\":\"https:\/\/conversesacatalunya.cat\/wp-content\/litespeed\/avatar\/febdfeeec89d950f01c748045a981dd2.jpg?ver=1777314535\",\"contentUrl\":\"https:\/\/conversesacatalunya.cat\/wp-content\/litespeed\/avatar\/febdfeeec89d950f01c748045a981dd2.jpg?ver=1777314535\",\"caption\":\"conversesacatalunya\"},\"url\":\"https:\/\/conversesacatalunya.cat\/es\/author\/carme_catala\/\"}]}<\/script>\n<!-- \/ Yoast SEO plugin. -->","yoast_head_json":{"title":"Rebrotes en Catalu\u00f1a. La Generalitat, en riesgo de ser desbordada - Converses a Catalunya","description":"Lleida y el Segri\u00e0 acaparan la atenci\u00f3n, pero hay otras comarcas que tambi\u00e9n han seguido una evoluci\u00f3n preocupante de rebrotes","robots":{"index":"index","follow":"follow","max-snippet":"max-snippet:-1","max-image-preview":"max-image-preview:large","max-video-preview":"max-video-preview:-1"},"canonical":"https:\/\/conversesacatalunya.cat\/es\/rebrotes-en-cataluna-la-generalitat-en-riesgo-de-ser-desbordada\/","og_locale":"es_ES","og_type":"article","og_title":"Rebrotes en Catalu\u00f1a. La Generalitat, en riesgo de ser desbordada - Converses a Catalunya","og_description":"Lleida y el Segri\u00e0 acaparan la atenci\u00f3n, pero hay otras comarcas que tambi\u00e9n han seguido una evoluci\u00f3n preocupante de rebrotes","og_url":"https:\/\/conversesacatalunya.cat\/es\/rebrotes-en-cataluna-la-generalitat-en-riesgo-de-ser-desbordada\/","og_site_name":"Converses a Catalunya","article_published_time":"2020-07-10T10:11:25+00:00","article_modified_time":"2020-07-10T11:40:04+00:00","og_image":[{"width":467,"height":270,"url":"https:\/\/conversesacatalunya.cat\/wp-content\/uploads\/2020\/07\/pere-aragon\u00e9s.jpg","type":"image\/jpeg"}],"author":"conversesacatalunya","twitter_card":"summary_large_image","twitter_misc":{"Escrito por":"conversesacatalunya","Tiempo de lectura":"4 minutos"},"schema":{"@context":"https:\/\/schema.org","@graph":[{"@type":"Article","@id":"https:\/\/conversesacatalunya.cat\/es\/rebrotes-en-cataluna-la-generalitat-en-riesgo-de-ser-desbordada\/#article","isPartOf":{"@id":"https:\/\/conversesacatalunya.cat\/es\/rebrotes-en-cataluna-la-generalitat-en-riesgo-de-ser-desbordada\/"},"author":{"name":"conversesacatalunya","@id":"https:\/\/conversesacatalunya.cat\/#\/schema\/person\/7e24d1e54a2785373ddcb275eae5ed99"},"headline":"Rebrotes en Catalu\u00f1a. La Generalitat, en riesgo de ser desbordada","datePublished":"2020-07-10T10:11:25+00:00","dateModified":"2020-07-10T11:40:04+00:00","mainEntityOfPage":{"@id":"https:\/\/conversesacatalunya.cat\/es\/rebrotes-en-cataluna-la-generalitat-en-riesgo-de-ser-desbordada\/"},"wordCount":773,"commentCount":0,"image":{"@id":"https:\/\/conversesacatalunya.cat\/es\/rebrotes-en-cataluna-la-generalitat-en-riesgo-de-ser-desbordada\/#primaryimage"},"thumbnailUrl":"https:\/\/conversesacatalunya.cat\/wp-content\/uploads\/2020\/07\/pere-aragon\u00e9s.jpg","keywords":["coronavirus","Rebrots coronavirus"],"articleSection":["Especial Coronavirus (ES)","Punts clau del dia (ES)"],"inLanguage":"es","potentialAction":[{"@type":"CommentAction","name":"Comment","target":["https:\/\/conversesacatalunya.cat\/es\/rebrotes-en-cataluna-la-generalitat-en-riesgo-de-ser-desbordada\/#respond"]}]},{"@type":"WebPage","@id":"https:\/\/conversesacatalunya.cat\/es\/rebrotes-en-cataluna-la-generalitat-en-riesgo-de-ser-desbordada\/","url":"https:\/\/conversesacatalunya.cat\/es\/rebrotes-en-cataluna-la-generalitat-en-riesgo-de-ser-desbordada\/","name":"Rebrotes en Catalu\u00f1a. La Generalitat, en riesgo de ser desbordada - Converses a Catalunya","isPartOf":{"@id":"https:\/\/conversesacatalunya.cat\/#website"},"primaryImageOfPage":{"@id":"https:\/\/conversesacatalunya.cat\/es\/rebrotes-en-cataluna-la-generalitat-en-riesgo-de-ser-desbordada\/#primaryimage"},"image":{"@id":"https:\/\/conversesacatalunya.cat\/es\/rebrotes-en-cataluna-la-generalitat-en-riesgo-de-ser-desbordada\/#primaryimage"},"thumbnailUrl":"https:\/\/conversesacatalunya.cat\/wp-content\/uploads\/2020\/07\/pere-aragon\u00e9s.jpg","datePublished":"2020-07-10T10:11:25+00:00","dateModified":"2020-07-10T11:40:04+00:00","author":{"@id":"https:\/\/conversesacatalunya.cat\/#\/schema\/person\/7e24d1e54a2785373ddcb275eae5ed99"},"description":"Lleida y el Segri\u00e0 acaparan la atenci\u00f3n, pero hay otras comarcas que tambi\u00e9n han seguido una evoluci\u00f3n preocupante de rebrotes","breadcrumb":{"@id":"https:\/\/conversesacatalunya.cat\/es\/rebrotes-en-cataluna-la-generalitat-en-riesgo-de-ser-desbordada\/#breadcrumb"},"inLanguage":"es","potentialAction":[{"@type":"ReadAction","target":["https:\/\/conversesacatalunya.cat\/es\/rebrotes-en-cataluna-la-generalitat-en-riesgo-de-ser-desbordada\/"]}]},{"@type":"ImageObject","inLanguage":"es","@id":"https:\/\/conversesacatalunya.cat\/es\/rebrotes-en-cataluna-la-generalitat-en-riesgo-de-ser-desbordada\/#primaryimage","url":"https:\/\/conversesacatalunya.cat\/wp-content\/uploads\/2020\/07\/pere-aragon\u00e9s.jpg","contentUrl":"https:\/\/conversesacatalunya.cat\/wp-content\/uploads\/2020\/07\/pere-aragon\u00e9s.jpg","width":467,"height":270,"caption":"rebrots"},{"@type":"BreadcrumbList","@id":"https:\/\/conversesacatalunya.cat\/es\/rebrotes-en-cataluna-la-generalitat-en-riesgo-de-ser-desbordada\/#breadcrumb","itemListElement":[{"@type":"ListItem","position":1,"name":"Inici","item":"https:\/\/conversesacatalunya.cat\/es\/"},{"@type":"ListItem","position":2,"name":"Rebrotes en Catalu\u00f1a. La Generalitat, en riesgo de ser desbordada"}]},{"@type":"WebSite","@id":"https:\/\/conversesacatalunya.cat\/#website","url":"https:\/\/conversesacatalunya.cat\/","name":"Converses a Catalunya","description":"","potentialAction":[{"@type":"SearchAction","target":{"@type":"EntryPoint","urlTemplate":"https:\/\/conversesacatalunya.cat\/?s={search_term_string}"},"query-input":{"@type":"PropertyValueSpecification","valueRequired":true,"valueName":"search_term_string"}}],"inLanguage":"es"},{"@type":"Person","@id":"https:\/\/conversesacatalunya.cat\/#\/schema\/person\/7e24d1e54a2785373ddcb275eae5ed99","name":"conversesacatalunya","image":{"@type":"ImageObject","inLanguage":"es","@id":"https:\/\/conversesacatalunya.cat\/#\/schema\/person\/image\/","url":"https:\/\/conversesacatalunya.cat\/wp-content\/litespeed\/avatar\/febdfeeec89d950f01c748045a981dd2.jpg?ver=1777314535","contentUrl":"https:\/\/conversesacatalunya.cat\/wp-content\/litespeed\/avatar\/febdfeeec89d950f01c748045a981dd2.jpg?ver=1777314535","caption":"conversesacatalunya"},"url":"https:\/\/conversesacatalunya.cat\/es\/author\/carme_catala\/"}]}},"wps_subtitle":"Lleida y el Segri\u00e0 acaparan la atenci\u00f3n, pero hay otras comarcas que tambi\u00e9n han seguido una evoluci\u00f3n preocupante y que se sit\u00faan muy por encima del indicador alem\u00e1n que se\u00f1ala el l\u00edmite para comenzar a intervenir","_links":{"self":[{"href":"https:\/\/conversesacatalunya.cat\/es\/wp-json\/wp\/v2\/posts\/38255","targetHints":{"allow":["GET"]}}],"collection":[{"href":"https:\/\/conversesacatalunya.cat\/es\/wp-json\/wp\/v2\/posts"}],"about":[{"href":"https:\/\/conversesacatalunya.cat\/es\/wp-json\/wp\/v2\/types\/post"}],"author":[{"embeddable":true,"href":"https:\/\/conversesacatalunya.cat\/es\/wp-json\/wp\/v2\/users\/2"}],"replies":[{"embeddable":true,"href":"https:\/\/conversesacatalunya.cat\/es\/wp-json\/wp\/v2\/comments?post=38255"}],"version-history":[{"count":2,"href":"https:\/\/conversesacatalunya.cat\/es\/wp-json\/wp\/v2\/posts\/38255\/revisions"}],"predecessor-version":[{"id":38256,"href":"https:\/\/conversesacatalunya.cat\/es\/wp-json\/wp\/v2\/posts\/38255\/revisions\/38256"}],"wp:featuredmedia":[{"embeddable":true,"href":"https:\/\/conversesacatalunya.cat\/es\/wp-json\/wp\/v2\/media\/38244"}],"wp:attachment":[{"href":"https:\/\/conversesacatalunya.cat\/es\/wp-json\/wp\/v2\/media?parent=38255"}],"wp:term":[{"taxonomy":"category","embeddable":true,"href":"https:\/\/conversesacatalunya.cat\/es\/wp-json\/wp\/v2\/categories?post=38255"},{"taxonomy":"post_tag","embeddable":true,"href":"https:\/\/conversesacatalunya.cat\/es\/wp-json\/wp\/v2\/tags?post=38255"}],"curies":[{"name":"wp","href":"https:\/\/api.w.org\/{rel}","templated":true}]}}