{"id":38237,"date":"2020-07-10T11:17:46","date_gmt":"2020-07-10T09:17:46","guid":{"rendered":"https:\/\/conversesacatalunya.cat\/?p=38237"},"modified":"2020-07-23T11:13:42","modified_gmt":"2020-07-23T09:13:42","slug":"cataluna-la-autonomia-con-mas-riesgo-de-pobreza-en-la-peninsula-iberica","status":"publish","type":"post","link":"https:\/\/conversesacatalunya.cat\/es\/cataluna-la-autonomia-con-mas-riesgo-de-pobreza-en-la-peninsula-iberica\/","title":{"rendered":"Catalu\u00f1a, la autonom\u00eda con m\u00e1s riesgo de pobreza en la pen\u00ednsula ib\u00e9rica"},"content":{"rendered":"<p>Andaluc\u00eda es la comunidad espa\u00f1ola <strong>con m\u00e1s pobres en t\u00e9rminos absolutos con 2 millones 274 mil, y le sigue de cerca Catalu\u00f1a con 2 millones 35 mil.<\/strong><\/p>\n<p>En t\u00e9rminos absolutos las autonom\u00edas que todav\u00eda est\u00e1n por encima del mill\u00f3n ser\u00edan Madrid en tercer lugar con 1 mill\u00f3n 752 mil y finalmente en cuarto lugar Valencia con 1 mill\u00f3n 381 mil.<\/p>\n<p>Sin embargo, existe otro <a href=\"https:\/\/es.wikipedia.org\/wiki\/Pobreza#:~:text=La%20pobreza%20es%20una%20situaci%C3%B3n,agua%20potable%20o%20la%20electricidad.\" target=\"_blank\" rel=\"noopener noreferrer\">concepto<\/a> por el que se pueden medir estas realidades de manera m\u00e1s precisa, ya que una medici\u00f3n en t\u00e9rminos absolutos como la aplicada anteriormente mide sencillamente las personas que se encuentran por debajo de la media concreta de ingresos.<\/p>\n<p><img fetchpriority=\"high\" decoding=\"async\" class=\"size-full wp-image-108318 aligncenter\" src=\"https:\/\/www.forumlibertas.com\/wp-content\/uploads\/2020\/07\/Captura-de-pantalla-2020-07-09-a-las-21.58.15.png\" alt=\"pobreza\" width=\"878\" height=\"638\" \/><\/p>\n<p>Esa visi\u00f3n produce un sesgo, ya que con 500 euros, por ejemplo, no se tiene el mismo nivel de vida en Madrid o Barcelona, ciudades donde es caro vivir en relaci\u00f3n a la media espa\u00f1ola, que en Huelva o en Badajoz, donde el nivel de vida es m\u00e1s bajo.<\/p>\n<h2>El concepto de riesgo de pobreza<\/h2>\n<p>Es por eso que se hace necesario introducir el concepto de riesgo de pobreza, un concepto que analiza la pobreza introduciendo el \u00edndice del coste de la vida en la ecuaci\u00f3n.<\/p>\n<p>En ese nuevo par\u00e1metro el orden de las comunidades aut\u00f3nomas var\u00eda sustancialmente. <strong>Como se puede observar en el mapa siguiente, Catalu\u00f1a es la que mayor \u00edndice de pobreza presenta con 33,03%, solo superado fuera de la pen\u00ednsula por Canarias con el 39,92%<\/strong>. En tercer lugar est\u00e1 Valencia con un 27,63% y en cuarto lugar Murcia con un 27,6%.<\/p>\n<p>En esta nueva manera de analizar la pobreza, Andaluc\u00eda, que se situaba en <a href=\"https:\/\/www.forumlibertas.com\/hemeroteca\/el-riesgo-de-pobreza-que-amenaza-a-los-espanoles\/\" target=\"_blank\" rel=\"noopener noreferrer\">t\u00e9rminos absolutos<\/a> de pobreza en la primera posici\u00f3n, sin embargo, se sit\u00faa en el quinto lugar con este \u00edndice.<\/p>\n<p><img decoding=\"async\" class=\"size-full wp-image-108320 aligncenter lazyload\" data-src=\"https:\/\/www.forumlibertas.com\/wp-content\/uploads\/2020\/07\/Captura-de-pantalla-2020-07-09-a-las-21.58.36.png\" alt=\"pobreza\" width=\"1021\" height=\"537\" src=\"data:image\/svg+xml;base64,PHN2ZyB3aWR0aD0iMSIgaGVpZ2h0PSIxIiB4bWxucz0iaHR0cDovL3d3dy53My5vcmcvMjAwMC9zdmciPjwvc3ZnPg==\" style=\"--smush-placeholder-width: 1021px; --smush-placeholder-aspect-ratio: 1021\/537;\" \/><\/p>\n","protected":false},"excerpt":{"rendered":"<p>Andaluc\u00eda es la comunidad espa\u00f1ola con m\u00e1s pobres en t\u00e9rminos absolutos con 2 millones 274 mil, y le sigue de cerca Catalu\u00f1a con 2 millones 35 mil. En t\u00e9rminos absolutos las autonom\u00edas que todav\u00eda est\u00e1n por encima del mill\u00f3n ser\u00edan Madrid en tercer lugar con 1 mill\u00f3n 752 mil y finalmente en cuarto lugar Valencia con 1 mill\u00f3n 381 mil. Sin embargo, existe otro concepto por el que se pueden medir estas realidades de manera m\u00e1s precisa, ya que una medici\u00f3n en t\u00e9rminos absolutos como la aplicada anteriormente mide sencillamente las personas que se encuentran por debajo de la media concreta de ingresos. Esa visi\u00f3n produce un sesgo, ya que con 500 euros, por ejemplo, no se tiene el mismo nivel de vida en Madrid o Barcelona, ciudades donde es caro vivir en relaci\u00f3n a la media espa\u00f1ola, que en Huelva o en Badajoz, donde el nivel de vida es m\u00e1s bajo. El concepto de riesgo de pobreza Es por eso que se hace necesario introducir el concepto de riesgo de pobreza, un concepto que analiza la pobreza introduciendo el \u00edndice del coste de la vida en la ecuaci\u00f3n. En ese nuevo par\u00e1metro el orden de las comunidades aut\u00f3nomas var\u00eda sustancialmente. Como se puede observar en el mapa siguiente, Catalu\u00f1a es la que mayor \u00edndice de pobreza presenta con 33,03%, solo superado fuera de la pen\u00ednsula por Canarias con el 39,92%. En tercer lugar est\u00e1 Valencia con un 27,63% y en cuarto lugar Murcia con un 27,6%. En esta nueva manera de analizar la pobreza, Andaluc\u00eda, que se situaba en t\u00e9rminos absolutos de pobreza en la primera posici\u00f3n, sin embargo, se sit\u00faa en el quinto lugar con este \u00edndice.<\/p>\n","protected":false},"author":2,"featured_media":38238,"comment_status":"open","ping_status":"open","sticky":false,"template":"","format":"standard","meta":{"_FSMCFIC_featured_image_caption":"","_FSMCFIC_featured_image_nocaption":"","_FSMCFIC_featured_image_hide":"","footnotes":""},"categories":[806],"tags":[984],"class_list":["post-38237","post","type-post","status-publish","format-standard","has-post-thumbnail","hentry","category-punts-claus-del-dia-es","tag-pobreza"],"yoast_head":"<!-- This site is optimized with the Yoast SEO plugin v26.8 - https:\/\/yoast.com\/product\/yoast-seo-wordpress\/ -->\n<title>Catalu\u00f1a, la autonom\u00eda con m\u00e1s riesgo de pobreza en la pen\u00ednsula ib\u00e9rica - Converses a Catalunya<\/title>\n<meta name=\"robots\" content=\"index, follow, max-snippet:-1, max-image-preview:large, max-video-preview:-1\" \/>\n<link rel=\"canonical\" href=\"https:\/\/conversesacatalunya.cat\/es\/cataluna-la-autonomia-con-mas-riesgo-de-pobreza-en-la-peninsula-iberica\/\" \/>\n<meta property=\"og:locale\" content=\"es_ES\" \/>\n<meta property=\"og:type\" content=\"article\" \/>\n<meta property=\"og:title\" content=\"Catalu\u00f1a, la autonom\u00eda con m\u00e1s riesgo de pobreza en la pen\u00ednsula ib\u00e9rica - Converses a Catalunya\" \/>\n<meta property=\"og:description\" content=\"Andaluc\u00eda es la comunidad espa\u00f1ola con m\u00e1s pobres en t\u00e9rminos absolutos con 2 millones 274 mil, y le sigue de cerca Catalu\u00f1a con 2 millones 35 mil. En t\u00e9rminos absolutos las autonom\u00edas que todav\u00eda est\u00e1n por encima del mill\u00f3n ser\u00edan Madrid en tercer lugar con 1 mill\u00f3n 752 mil y finalmente en cuarto lugar Valencia con 1 mill\u00f3n 381 mil. Sin embargo, existe otro concepto por el que se pueden medir estas realidades de manera m\u00e1s precisa, ya que una medici\u00f3n en t\u00e9rminos absolutos como la aplicada anteriormente mide sencillamente las personas que se encuentran por debajo de la media concreta de ingresos. Esa visi\u00f3n produce un sesgo, ya que con 500 euros, por ejemplo, no se tiene el mismo nivel de vida en Madrid o Barcelona, ciudades donde es caro vivir en relaci\u00f3n a la media espa\u00f1ola, que en Huelva o en Badajoz, donde el nivel de vida es m\u00e1s bajo. El concepto de riesgo de pobreza Es por eso que se hace necesario introducir el concepto de riesgo de pobreza, un concepto que analiza la pobreza introduciendo el \u00edndice del coste de la vida en la ecuaci\u00f3n. En ese nuevo par\u00e1metro el orden de las comunidades aut\u00f3nomas var\u00eda sustancialmente. Como se puede observar en el mapa siguiente, Catalu\u00f1a es la que mayor \u00edndice de pobreza presenta con 33,03%, solo superado fuera de la pen\u00ednsula por Canarias con el 39,92%. En tercer lugar est\u00e1 Valencia con un 27,63% y en cuarto lugar Murcia con un 27,6%. En esta nueva manera de analizar la pobreza, Andaluc\u00eda, que se situaba en t\u00e9rminos absolutos de pobreza en la primera posici\u00f3n, sin embargo, se sit\u00faa en el quinto lugar con este \u00edndice.\" \/>\n<meta property=\"og:url\" content=\"https:\/\/conversesacatalunya.cat\/es\/cataluna-la-autonomia-con-mas-riesgo-de-pobreza-en-la-peninsula-iberica\/\" \/>\n<meta property=\"og:site_name\" content=\"Converses a Catalunya\" \/>\n<meta property=\"article:published_time\" content=\"2020-07-10T09:17:46+00:00\" \/>\n<meta property=\"article:modified_time\" content=\"2020-07-23T09:13:42+00:00\" \/>\n<meta property=\"og:image\" content=\"https:\/\/conversesacatalunya.cat\/wp-content\/uploads\/2020\/07\/pobre\u00e7a.jpg\" \/>\n\t<meta property=\"og:image:width\" content=\"905\" \/>\n\t<meta property=\"og:image:height\" content=\"510\" \/>\n\t<meta property=\"og:image:type\" content=\"image\/jpeg\" \/>\n<meta name=\"author\" content=\"conversesacatalunya\" \/>\n<meta name=\"twitter:card\" content=\"summary_large_image\" \/>\n<meta name=\"twitter:label1\" content=\"Escrito por\" \/>\n\t<meta name=\"twitter:data1\" content=\"conversesacatalunya\" \/>\n\t<meta name=\"twitter:label2\" content=\"Tiempo de lectura\" \/>\n\t<meta name=\"twitter:data2\" content=\"1 minuto\" \/>\n<script type=\"application\/ld+json\" class=\"yoast-schema-graph\">{\"@context\":\"https:\/\/schema.org\",\"@graph\":[{\"@type\":\"Article\",\"@id\":\"https:\/\/conversesacatalunya.cat\/es\/cataluna-la-autonomia-con-mas-riesgo-de-pobreza-en-la-peninsula-iberica\/#article\",\"isPartOf\":{\"@id\":\"https:\/\/conversesacatalunya.cat\/es\/cataluna-la-autonomia-con-mas-riesgo-de-pobreza-en-la-peninsula-iberica\/\"},\"author\":{\"name\":\"conversesacatalunya\",\"@id\":\"https:\/\/conversesacatalunya.cat\/#\/schema\/person\/7e24d1e54a2785373ddcb275eae5ed99\"},\"headline\":\"Catalu\u00f1a, la autonom\u00eda con m\u00e1s riesgo de pobreza en la pen\u00ednsula ib\u00e9rica\",\"datePublished\":\"2020-07-10T09:17:46+00:00\",\"dateModified\":\"2020-07-23T09:13:42+00:00\",\"mainEntityOfPage\":{\"@id\":\"https:\/\/conversesacatalunya.cat\/es\/cataluna-la-autonomia-con-mas-riesgo-de-pobreza-en-la-peninsula-iberica\/\"},\"wordCount\":313,\"commentCount\":0,\"image\":{\"@id\":\"https:\/\/conversesacatalunya.cat\/es\/cataluna-la-autonomia-con-mas-riesgo-de-pobreza-en-la-peninsula-iberica\/#primaryimage\"},\"thumbnailUrl\":\"https:\/\/conversesacatalunya.cat\/wp-content\/uploads\/2020\/07\/pobre\u00e7a.jpg\",\"keywords\":[\"pobreza\"],\"articleSection\":[\"Punts clau del dia (ES)\"],\"inLanguage\":\"es\",\"potentialAction\":[{\"@type\":\"CommentAction\",\"name\":\"Comment\",\"target\":[\"https:\/\/conversesacatalunya.cat\/es\/cataluna-la-autonomia-con-mas-riesgo-de-pobreza-en-la-peninsula-iberica\/#respond\"]}]},{\"@type\":\"WebPage\",\"@id\":\"https:\/\/conversesacatalunya.cat\/es\/cataluna-la-autonomia-con-mas-riesgo-de-pobreza-en-la-peninsula-iberica\/\",\"url\":\"https:\/\/conversesacatalunya.cat\/es\/cataluna-la-autonomia-con-mas-riesgo-de-pobreza-en-la-peninsula-iberica\/\",\"name\":\"Catalu\u00f1a, la autonom\u00eda con m\u00e1s riesgo de pobreza en la pen\u00ednsula ib\u00e9rica - Converses a Catalunya\",\"isPartOf\":{\"@id\":\"https:\/\/conversesacatalunya.cat\/#website\"},\"primaryImageOfPage\":{\"@id\":\"https:\/\/conversesacatalunya.cat\/es\/cataluna-la-autonomia-con-mas-riesgo-de-pobreza-en-la-peninsula-iberica\/#primaryimage\"},\"image\":{\"@id\":\"https:\/\/conversesacatalunya.cat\/es\/cataluna-la-autonomia-con-mas-riesgo-de-pobreza-en-la-peninsula-iberica\/#primaryimage\"},\"thumbnailUrl\":\"https:\/\/conversesacatalunya.cat\/wp-content\/uploads\/2020\/07\/pobre\u00e7a.jpg\",\"datePublished\":\"2020-07-10T09:17:46+00:00\",\"dateModified\":\"2020-07-23T09:13:42+00:00\",\"author\":{\"@id\":\"https:\/\/conversesacatalunya.cat\/#\/schema\/person\/7e24d1e54a2785373ddcb275eae5ed99\"},\"breadcrumb\":{\"@id\":\"https:\/\/conversesacatalunya.cat\/es\/cataluna-la-autonomia-con-mas-riesgo-de-pobreza-en-la-peninsula-iberica\/#breadcrumb\"},\"inLanguage\":\"es\",\"potentialAction\":[{\"@type\":\"ReadAction\",\"target\":[\"https:\/\/conversesacatalunya.cat\/es\/cataluna-la-autonomia-con-mas-riesgo-de-pobreza-en-la-peninsula-iberica\/\"]}]},{\"@type\":\"ImageObject\",\"inLanguage\":\"es\",\"@id\":\"https:\/\/conversesacatalunya.cat\/es\/cataluna-la-autonomia-con-mas-riesgo-de-pobreza-en-la-peninsula-iberica\/#primaryimage\",\"url\":\"https:\/\/conversesacatalunya.cat\/wp-content\/uploads\/2020\/07\/pobre\u00e7a.jpg\",\"contentUrl\":\"https:\/\/conversesacatalunya.cat\/wp-content\/uploads\/2020\/07\/pobre\u00e7a.jpg\",\"width\":905,\"height\":510},{\"@type\":\"BreadcrumbList\",\"@id\":\"https:\/\/conversesacatalunya.cat\/es\/cataluna-la-autonomia-con-mas-riesgo-de-pobreza-en-la-peninsula-iberica\/#breadcrumb\",\"itemListElement\":[{\"@type\":\"ListItem\",\"position\":1,\"name\":\"Inici\",\"item\":\"https:\/\/conversesacatalunya.cat\/es\/\"},{\"@type\":\"ListItem\",\"position\":2,\"name\":\"Catalu\u00f1a, la autonom\u00eda con m\u00e1s riesgo de pobreza en la pen\u00ednsula ib\u00e9rica\"}]},{\"@type\":\"WebSite\",\"@id\":\"https:\/\/conversesacatalunya.cat\/#website\",\"url\":\"https:\/\/conversesacatalunya.cat\/\",\"name\":\"Converses a Catalunya\",\"description\":\"\",\"potentialAction\":[{\"@type\":\"SearchAction\",\"target\":{\"@type\":\"EntryPoint\",\"urlTemplate\":\"https:\/\/conversesacatalunya.cat\/?s={search_term_string}\"},\"query-input\":{\"@type\":\"PropertyValueSpecification\",\"valueRequired\":true,\"valueName\":\"search_term_string\"}}],\"inLanguage\":\"es\"},{\"@type\":\"Person\",\"@id\":\"https:\/\/conversesacatalunya.cat\/#\/schema\/person\/7e24d1e54a2785373ddcb275eae5ed99\",\"name\":\"conversesacatalunya\",\"image\":{\"@type\":\"ImageObject\",\"inLanguage\":\"es\",\"@id\":\"https:\/\/conversesacatalunya.cat\/#\/schema\/person\/image\/\",\"url\":\"https:\/\/conversesacatalunya.cat\/wp-content\/litespeed\/avatar\/febdfeeec89d950f01c748045a981dd2.jpg?ver=1777314535\",\"contentUrl\":\"https:\/\/conversesacatalunya.cat\/wp-content\/litespeed\/avatar\/febdfeeec89d950f01c748045a981dd2.jpg?ver=1777314535\",\"caption\":\"conversesacatalunya\"},\"url\":\"https:\/\/conversesacatalunya.cat\/es\/author\/carme_catala\/\"}]}<\/script>\n<!-- \/ Yoast SEO plugin. -->","yoast_head_json":{"title":"Catalu\u00f1a, la autonom\u00eda con m\u00e1s riesgo de pobreza en la pen\u00ednsula ib\u00e9rica - Converses a Catalunya","robots":{"index":"index","follow":"follow","max-snippet":"max-snippet:-1","max-image-preview":"max-image-preview:large","max-video-preview":"max-video-preview:-1"},"canonical":"https:\/\/conversesacatalunya.cat\/es\/cataluna-la-autonomia-con-mas-riesgo-de-pobreza-en-la-peninsula-iberica\/","og_locale":"es_ES","og_type":"article","og_title":"Catalu\u00f1a, la autonom\u00eda con m\u00e1s riesgo de pobreza en la pen\u00ednsula ib\u00e9rica - Converses a Catalunya","og_description":"Andaluc\u00eda es la comunidad espa\u00f1ola con m\u00e1s pobres en t\u00e9rminos absolutos con 2 millones 274 mil, y le sigue de cerca Catalu\u00f1a con 2 millones 35 mil. En t\u00e9rminos absolutos las autonom\u00edas que todav\u00eda est\u00e1n por encima del mill\u00f3n ser\u00edan Madrid en tercer lugar con 1 mill\u00f3n 752 mil y finalmente en cuarto lugar Valencia con 1 mill\u00f3n 381 mil. Sin embargo, existe otro concepto por el que se pueden medir estas realidades de manera m\u00e1s precisa, ya que una medici\u00f3n en t\u00e9rminos absolutos como la aplicada anteriormente mide sencillamente las personas que se encuentran por debajo de la media concreta de ingresos. Esa visi\u00f3n produce un sesgo, ya que con 500 euros, por ejemplo, no se tiene el mismo nivel de vida en Madrid o Barcelona, ciudades donde es caro vivir en relaci\u00f3n a la media espa\u00f1ola, que en Huelva o en Badajoz, donde el nivel de vida es m\u00e1s bajo. El concepto de riesgo de pobreza Es por eso que se hace necesario introducir el concepto de riesgo de pobreza, un concepto que analiza la pobreza introduciendo el \u00edndice del coste de la vida en la ecuaci\u00f3n. En ese nuevo par\u00e1metro el orden de las comunidades aut\u00f3nomas var\u00eda sustancialmente. Como se puede observar en el mapa siguiente, Catalu\u00f1a es la que mayor \u00edndice de pobreza presenta con 33,03%, solo superado fuera de la pen\u00ednsula por Canarias con el 39,92%. En tercer lugar est\u00e1 Valencia con un 27,63% y en cuarto lugar Murcia con un 27,6%. En esta nueva manera de analizar la pobreza, Andaluc\u00eda, que se situaba en t\u00e9rminos absolutos de pobreza en la primera posici\u00f3n, sin embargo, se sit\u00faa en el quinto lugar con este \u00edndice.","og_url":"https:\/\/conversesacatalunya.cat\/es\/cataluna-la-autonomia-con-mas-riesgo-de-pobreza-en-la-peninsula-iberica\/","og_site_name":"Converses a Catalunya","article_published_time":"2020-07-10T09:17:46+00:00","article_modified_time":"2020-07-23T09:13:42+00:00","og_image":[{"width":905,"height":510,"url":"https:\/\/conversesacatalunya.cat\/wp-content\/uploads\/2020\/07\/pobre\u00e7a.jpg","type":"image\/jpeg"}],"author":"conversesacatalunya","twitter_card":"summary_large_image","twitter_misc":{"Escrito por":"conversesacatalunya","Tiempo de lectura":"1 minuto"},"schema":{"@context":"https:\/\/schema.org","@graph":[{"@type":"Article","@id":"https:\/\/conversesacatalunya.cat\/es\/cataluna-la-autonomia-con-mas-riesgo-de-pobreza-en-la-peninsula-iberica\/#article","isPartOf":{"@id":"https:\/\/conversesacatalunya.cat\/es\/cataluna-la-autonomia-con-mas-riesgo-de-pobreza-en-la-peninsula-iberica\/"},"author":{"name":"conversesacatalunya","@id":"https:\/\/conversesacatalunya.cat\/#\/schema\/person\/7e24d1e54a2785373ddcb275eae5ed99"},"headline":"Catalu\u00f1a, la autonom\u00eda con m\u00e1s riesgo de pobreza en la pen\u00ednsula ib\u00e9rica","datePublished":"2020-07-10T09:17:46+00:00","dateModified":"2020-07-23T09:13:42+00:00","mainEntityOfPage":{"@id":"https:\/\/conversesacatalunya.cat\/es\/cataluna-la-autonomia-con-mas-riesgo-de-pobreza-en-la-peninsula-iberica\/"},"wordCount":313,"commentCount":0,"image":{"@id":"https:\/\/conversesacatalunya.cat\/es\/cataluna-la-autonomia-con-mas-riesgo-de-pobreza-en-la-peninsula-iberica\/#primaryimage"},"thumbnailUrl":"https:\/\/conversesacatalunya.cat\/wp-content\/uploads\/2020\/07\/pobre\u00e7a.jpg","keywords":["pobreza"],"articleSection":["Punts clau del dia (ES)"],"inLanguage":"es","potentialAction":[{"@type":"CommentAction","name":"Comment","target":["https:\/\/conversesacatalunya.cat\/es\/cataluna-la-autonomia-con-mas-riesgo-de-pobreza-en-la-peninsula-iberica\/#respond"]}]},{"@type":"WebPage","@id":"https:\/\/conversesacatalunya.cat\/es\/cataluna-la-autonomia-con-mas-riesgo-de-pobreza-en-la-peninsula-iberica\/","url":"https:\/\/conversesacatalunya.cat\/es\/cataluna-la-autonomia-con-mas-riesgo-de-pobreza-en-la-peninsula-iberica\/","name":"Catalu\u00f1a, la autonom\u00eda con m\u00e1s riesgo de pobreza en la pen\u00ednsula ib\u00e9rica - Converses a Catalunya","isPartOf":{"@id":"https:\/\/conversesacatalunya.cat\/#website"},"primaryImageOfPage":{"@id":"https:\/\/conversesacatalunya.cat\/es\/cataluna-la-autonomia-con-mas-riesgo-de-pobreza-en-la-peninsula-iberica\/#primaryimage"},"image":{"@id":"https:\/\/conversesacatalunya.cat\/es\/cataluna-la-autonomia-con-mas-riesgo-de-pobreza-en-la-peninsula-iberica\/#primaryimage"},"thumbnailUrl":"https:\/\/conversesacatalunya.cat\/wp-content\/uploads\/2020\/07\/pobre\u00e7a.jpg","datePublished":"2020-07-10T09:17:46+00:00","dateModified":"2020-07-23T09:13:42+00:00","author":{"@id":"https:\/\/conversesacatalunya.cat\/#\/schema\/person\/7e24d1e54a2785373ddcb275eae5ed99"},"breadcrumb":{"@id":"https:\/\/conversesacatalunya.cat\/es\/cataluna-la-autonomia-con-mas-riesgo-de-pobreza-en-la-peninsula-iberica\/#breadcrumb"},"inLanguage":"es","potentialAction":[{"@type":"ReadAction","target":["https:\/\/conversesacatalunya.cat\/es\/cataluna-la-autonomia-con-mas-riesgo-de-pobreza-en-la-peninsula-iberica\/"]}]},{"@type":"ImageObject","inLanguage":"es","@id":"https:\/\/conversesacatalunya.cat\/es\/cataluna-la-autonomia-con-mas-riesgo-de-pobreza-en-la-peninsula-iberica\/#primaryimage","url":"https:\/\/conversesacatalunya.cat\/wp-content\/uploads\/2020\/07\/pobre\u00e7a.jpg","contentUrl":"https:\/\/conversesacatalunya.cat\/wp-content\/uploads\/2020\/07\/pobre\u00e7a.jpg","width":905,"height":510},{"@type":"BreadcrumbList","@id":"https:\/\/conversesacatalunya.cat\/es\/cataluna-la-autonomia-con-mas-riesgo-de-pobreza-en-la-peninsula-iberica\/#breadcrumb","itemListElement":[{"@type":"ListItem","position":1,"name":"Inici","item":"https:\/\/conversesacatalunya.cat\/es\/"},{"@type":"ListItem","position":2,"name":"Catalu\u00f1a, la autonom\u00eda con m\u00e1s riesgo de pobreza en la pen\u00ednsula ib\u00e9rica"}]},{"@type":"WebSite","@id":"https:\/\/conversesacatalunya.cat\/#website","url":"https:\/\/conversesacatalunya.cat\/","name":"Converses a Catalunya","description":"","potentialAction":[{"@type":"SearchAction","target":{"@type":"EntryPoint","urlTemplate":"https:\/\/conversesacatalunya.cat\/?s={search_term_string}"},"query-input":{"@type":"PropertyValueSpecification","valueRequired":true,"valueName":"search_term_string"}}],"inLanguage":"es"},{"@type":"Person","@id":"https:\/\/conversesacatalunya.cat\/#\/schema\/person\/7e24d1e54a2785373ddcb275eae5ed99","name":"conversesacatalunya","image":{"@type":"ImageObject","inLanguage":"es","@id":"https:\/\/conversesacatalunya.cat\/#\/schema\/person\/image\/","url":"https:\/\/conversesacatalunya.cat\/wp-content\/litespeed\/avatar\/febdfeeec89d950f01c748045a981dd2.jpg?ver=1777314535","contentUrl":"https:\/\/conversesacatalunya.cat\/wp-content\/litespeed\/avatar\/febdfeeec89d950f01c748045a981dd2.jpg?ver=1777314535","caption":"conversesacatalunya"},"url":"https:\/\/conversesacatalunya.cat\/es\/author\/carme_catala\/"}]}},"wps_subtitle":"Adem\u00e1s, es la segunda comunidad con mayor n\u00famero de pobres, por delante solo est\u00e1 Andaluc\u00eda con 2 millones 274 mil personas","_links":{"self":[{"href":"https:\/\/conversesacatalunya.cat\/es\/wp-json\/wp\/v2\/posts\/38237","targetHints":{"allow":["GET"]}}],"collection":[{"href":"https:\/\/conversesacatalunya.cat\/es\/wp-json\/wp\/v2\/posts"}],"about":[{"href":"https:\/\/conversesacatalunya.cat\/es\/wp-json\/wp\/v2\/types\/post"}],"author":[{"embeddable":true,"href":"https:\/\/conversesacatalunya.cat\/es\/wp-json\/wp\/v2\/users\/2"}],"replies":[{"embeddable":true,"href":"https:\/\/conversesacatalunya.cat\/es\/wp-json\/wp\/v2\/comments?post=38237"}],"version-history":[{"count":1,"href":"https:\/\/conversesacatalunya.cat\/es\/wp-json\/wp\/v2\/posts\/38237\/revisions"}],"predecessor-version":[{"id":38240,"href":"https:\/\/conversesacatalunya.cat\/es\/wp-json\/wp\/v2\/posts\/38237\/revisions\/38240"}],"wp:featuredmedia":[{"embeddable":true,"href":"https:\/\/conversesacatalunya.cat\/es\/wp-json\/wp\/v2\/media\/38238"}],"wp:attachment":[{"href":"https:\/\/conversesacatalunya.cat\/es\/wp-json\/wp\/v2\/media?parent=38237"}],"wp:term":[{"taxonomy":"category","embeddable":true,"href":"https:\/\/conversesacatalunya.cat\/es\/wp-json\/wp\/v2\/categories?post=38237"},{"taxonomy":"post_tag","embeddable":true,"href":"https:\/\/conversesacatalunya.cat\/es\/wp-json\/wp\/v2\/tags?post=38237"}],"curies":[{"name":"wp","href":"https:\/\/api.w.org\/{rel}","templated":true}]}}