{"id":38207,"date":"2020-07-09T13:24:11","date_gmt":"2020-07-09T11:24:11","guid":{"rendered":"https:\/\/conversesacatalunya.cat\/candidatura-electoral-del-catalanisme\/"},"modified":"2020-07-09T14:07:05","modified_gmt":"2020-07-09T12:07:05","slug":"el-estado-de-las-negociaciones-para-la-candidatura-electoral-del-catalanismo","status":"publish","type":"post","link":"https:\/\/conversesacatalunya.cat\/es\/el-estado-de-las-negociaciones-para-la-candidatura-electoral-del-catalanismo\/","title":{"rendered":"El estado de las negociaciones para la candidatura electoral del catalanismo"},"content":{"rendered":"<p>Este mes de julio ser\u00e1 muy decisivo para constatar qu\u00e9 configuraci\u00f3n acaba tomando la opci\u00f3n u opciones electorales del catalanismo, si bien es muy posible que los acuerdos no se lleguen a cerrar hasta primeros de septiembre. En este momento hay contactos fluidos en todas direcciones. Unos formales, b\u00e1sicamente entre Units y el PNC, y otros m\u00e1s informales, pero tambi\u00e9n muy reales, de estas dos fuerzas por separado con Lliures y La Lliga, y tambi\u00e9n de estos dos \u00faltimos entre ellos y convergentes.<\/p>\n<p>Hay inter\u00e9s por parte del <a href=\"https:\/\/conversesacatalunya.cat\/es\/5-caracteristicas-basicas-del-nuevo-partit-nacionalista-de-catalunya\/\" target=\"_blank\" rel=\"noopener noreferrer\">PNC<\/a> en negociar puntos del programa, los que ser\u00edan los m\u00e1s importantes, pero en todo caso este trabajo a\u00fan no ha comenzado. Tambi\u00e9n hay contactos para incorporar personas de otras formaciones, en concreto de Lliures y de La Lliga, a alguna de las listas electorales. Posici\u00f3n que obviamente no satisface las expectativas de estos grupos, que pueden intentar alterar esta din\u00e1mica si se configuran como un solo bloque negociador, lo que no est\u00e1 bien definido a\u00fan.<\/p>\n<p>Tres puntos son decisivos en el escenario actual:<\/p>\n<ol>\n<li><strong>\u00bfA qu\u00e9 electorado se dirige la nueva opci\u00f3n?<\/strong> Para el PNC la opci\u00f3n v\u00e1lida es aquella que se dirige a captar votantes independentistas y reducir el n\u00famero de diputados de estas formaciones. Todos los planteamientos est\u00e1n en funci\u00f3n de esta finalidad. Por parte de <strong>Units<\/strong> y en boca de su candidato, el teniente de alcalde de Seguridad en el Ayuntamiento de Barcelona, \u200b\u200b<strong>Albert Batlle<\/strong>, la opci\u00f3n es dirigirse a todo el catalanismo present\u00e1ndose como alternativa a la opci\u00f3n independentista y, por tanto, buscando el voto de este perfil que en las \u00faltimas elecciones se refugi\u00f3 en Cs y tambi\u00e9n aquella parte de voto independentista que ya est\u00e1 cansada del fracaso y la p\u00e9rdida de tiempo que se ha producido. La cuesti\u00f3n de fondo es cu\u00e1l de estas dos l\u00edneas acabar\u00e1 siendo la que elija la opci\u00f3n electoral. Y la gran pregunta es si se pueden compatibilizar las dos. Esta cuesti\u00f3n tambi\u00e9n determina fuertemente el candidato.<\/li>\n<li>El segundo punto en cuesti\u00f3n es<strong> \u00bfqui\u00e9n liderar\u00e1 la candidatura?<\/strong> Los nombres que hay sobre la mesa son muy claros; <strong>Marta Pascal<\/strong> por un lado, y <strong>Albert Batlle<\/strong> por otro. Los dos tienen una trayectoria pol\u00edtica bien identificable, si bien Batlle ofrece una experiencia de gesti\u00f3n p\u00fablica que Pascal no tiene, aunque todo el mundo le reconoce su val\u00eda pol\u00edtica. Albert Batlle ha sido concejal de Deportes en el Ayuntamiento de Barcelona, \u200b\u200bdirector general de prisiones en la Generalitat, director general de la polic\u00eda de Catalu\u00f1a, y ahora teniente de alcalde de Seguridad Ciudadana. Es, por tanto, un hombre curtido en lugares y condiciones dif\u00edciles. Marta Pascal procede n\u00edtidamente del terreno independentista y en este sentido es un referente que puede atraer a personas de este \u00e1mbito, pero fue rechazada por aquellos que siempre han visto esta opci\u00f3n en t\u00e9rminos cr\u00edticos. Batlle es una garant\u00eda, porque siempre ha tenido una trayectoria inequ\u00edvocamente catalanista y siempre ha marcado una clara distancia con el <em>proc\u00e9s<\/em>, hasta el extremo de haber dimitido de su cargo en la polic\u00eda. Se puede ver de esta manera c\u00f3mo el tipo de electorado que se acabe yendo a buscar marcar\u00e1 mucho la elecci\u00f3n de la persona que vaya delante.<\/li>\n<li>El tercer punto es <strong>qu\u00e9 puede ofrecer cada partido en t\u00e9rminos de rendimiento electoral<\/strong>. Units presenta una ventaja clara, la de los derechos electorales, que no tiene ninguna otra formaci\u00f3n y que otorga un mejor posicionamiento de cara a las elecciones. El PNC, por su parte, puede presentar una mayor capacidad territorial, aunque no extraordinaria. En el mejor de los casos podr\u00eda llegar, si se producen nuevas incorporaciones, a un millar de personas en toda Catalu\u00f1a, que objetivamente es poco, pero comparado con las otras organizaciones, ser\u00eda m\u00e1s. Units, en contrapartida, puede exceder a un cierto n\u00famero de cargos p\u00fablicos en ejercicio en los diversos ayuntamientos y evidentemente la trayectoria como diputado en el Parlamento de Catalu\u00f1a de Ramon Espadaler.<\/li>\n<\/ol>\n<p>Todo est\u00e1, por tanto, bastante equilibrado, y a la hora de la verdad la fuerza negociadora se decantar\u00e1 por aquel que aguante la apuesta hasta el \u00faltimo minuto.<\/p>\n<p>Dos hechos pueden modificar estos equilibrios: uno de ellos ser\u00eda que los partidos Lliures, Units y convergentes manifestaran p\u00fablicamente su apoyo a uno de los dos candidatos, porque esto dejar\u00eda a la otra parte en una posici\u00f3n m\u00e1s d\u00e9bil. La otra variable importante es qui\u00e9n y c\u00f3mo resuelve la cuesti\u00f3n de la financiaci\u00f3n para ir a las elecciones, un tema absolutamente determinante.<\/p>\n<p>En todo caso ser\u00e1 decisivo que lleguen a un acuerdo lo m\u00e1s amplio posible, porque si \u00e9ste no se produce, la alternativa del nuevo gobierno de Catalu\u00f1a oscilar\u00e1 entre la prolongaci\u00f3n del actual independentismo o una especie de tripartito inspirado en los bipartitos que gobiernan en Madrid y en la ciudad de Barcelona, \u200b\u200bque tendr\u00eda a ERC como formaci\u00f3n principal, si las encuestas no fallan, pero el eje estar\u00eda en manos de socialistas y comunes, que son en definitiva los que gobiernan en Madrid y en Barcelona.<\/p>\n","protected":false},"excerpt":{"rendered":"<p>Este mes de julio ser\u00e1 muy decisivo para constatar qu\u00e9 configuraci\u00f3n acaba tomando la opci\u00f3n u opciones electorales del catalanismo, si bien es muy posible que los acuerdos no se lleguen a cerrar hasta primeros de septiembre. En este momento hay contactos fluidos en todas direcciones. Unos formales, b\u00e1sicamente entre Units y el PNC, y otros m\u00e1s informales, pero tambi\u00e9n muy reales, de estas dos fuerzas por separado con Lliures y La Lliga, y tambi\u00e9n de estos dos \u00faltimos entre ellos y convergentes. Hay inter\u00e9s por parte del PNC en negociar puntos del programa, los que ser\u00edan los m\u00e1s importantes, pero en todo caso este trabajo a\u00fan no ha comenzado. Tambi\u00e9n hay contactos para incorporar personas de otras formaciones, en concreto de Lliures y de La Lliga, a alguna de las listas electorales. Posici\u00f3n que obviamente no satisface las expectativas de estos grupos, que pueden intentar alterar esta din\u00e1mica si se configuran como un solo bloque negociador, lo que no est\u00e1 bien definido a\u00fan. Tres puntos son decisivos en el escenario actual: \u00bfA qu\u00e9 electorado se dirige la nueva opci\u00f3n? Para el PNC la opci\u00f3n v\u00e1lida es aquella que se dirige a captar votantes independentistas y reducir el n\u00famero de diputados de estas formaciones. Todos los planteamientos est\u00e1n en funci\u00f3n de esta finalidad. Por parte de Units y en boca de su candidato, el teniente de alcalde de Seguridad en el Ayuntamiento de Barcelona, \u200b\u200bAlbert Batlle, la opci\u00f3n es dirigirse a todo el catalanismo present\u00e1ndose como alternativa a la opci\u00f3n independentista y, por tanto, buscando el voto de este perfil que en las \u00faltimas elecciones se refugi\u00f3 en Cs y tambi\u00e9n aquella parte de voto independentista que ya est\u00e1 cansada del fracaso y la p\u00e9rdida de tiempo que se ha producido. La cuesti\u00f3n de fondo es cu\u00e1l de estas dos l\u00edneas acabar\u00e1 siendo la que elija la opci\u00f3n electoral. Y la gran pregunta es si se pueden compatibilizar las dos. Esta cuesti\u00f3n tambi\u00e9n determina fuertemente el candidato. El segundo punto en cuesti\u00f3n es \u00bfqui\u00e9n liderar\u00e1 la candidatura? Los nombres que hay sobre la mesa son muy claros; Marta Pascal por un lado, y Albert Batlle por otro. Los dos tienen una trayectoria pol\u00edtica bien identificable, si bien Batlle ofrece una experiencia de gesti\u00f3n p\u00fablica que Pascal no tiene, aunque todo el mundo le reconoce su val\u00eda pol\u00edtica. Albert Batlle ha sido concejal de Deportes en el Ayuntamiento de Barcelona, \u200b\u200bdirector general de prisiones en la Generalitat, director general de la polic\u00eda de Catalu\u00f1a, y ahora teniente de alcalde de Seguridad Ciudadana. Es, por tanto, un hombre curtido en lugares y condiciones dif\u00edciles. Marta Pascal procede n\u00edtidamente del terreno independentista y en este sentido es un referente que puede atraer a personas de este \u00e1mbito, pero fue rechazada por aquellos que siempre han visto esta opci\u00f3n en t\u00e9rminos cr\u00edticos. Batlle es una garant\u00eda, porque siempre ha tenido una trayectoria inequ\u00edvocamente catalanista y siempre ha marcado una clara distancia con el proc\u00e9s, hasta el extremo de haber dimitido de su cargo en la polic\u00eda. Se puede ver de esta manera c\u00f3mo el tipo de electorado que se acabe yendo a buscar marcar\u00e1 mucho la elecci\u00f3n de la persona que vaya delante. El tercer punto es qu\u00e9 puede ofrecer cada partido en t\u00e9rminos de rendimiento electoral. Units presenta una ventaja clara, la de los derechos electorales, que no tiene ninguna otra formaci\u00f3n y que otorga un mejor posicionamiento de cara a las elecciones. El PNC, por su parte, puede presentar una mayor capacidad territorial, aunque no extraordinaria. En el mejor de los casos podr\u00eda llegar, si se producen nuevas incorporaciones, a un millar de personas en toda Catalu\u00f1a, que objetivamente es poco, pero comparado con las otras organizaciones, ser\u00eda m\u00e1s. Units, en contrapartida, puede exceder a un cierto n\u00famero de cargos p\u00fablicos en ejercicio en los diversos ayuntamientos y evidentemente la trayectoria como diputado en el Parlamento de Catalu\u00f1a de Ramon Espadaler. Todo est\u00e1, por tanto, bastante equilibrado, y a la hora de la verdad la fuerza negociadora se decantar\u00e1 por aquel que aguante la apuesta hasta el \u00faltimo minuto. Dos hechos pueden modificar estos equilibrios: uno de ellos ser\u00eda que los partidos Lliures, Units y convergentes manifestaran p\u00fablicamente su apoyo a uno de los dos candidatos, porque esto dejar\u00eda a la otra parte en una posici\u00f3n m\u00e1s d\u00e9bil. La otra variable importante es qui\u00e9n y c\u00f3mo resuelve la cuesti\u00f3n de la financiaci\u00f3n para ir a las elecciones, un tema absolutamente determinante. En todo caso ser\u00e1 decisivo que lleguen a un acuerdo lo m\u00e1s amplio posible, porque si \u00e9ste no se produce, la alternativa del nuevo gobierno de Catalu\u00f1a oscilar\u00e1 entre la prolongaci\u00f3n del actual independentismo o una especie de tripartito inspirado en los bipartitos que gobiernan en Madrid y en la ciudad de Barcelona, \u200b\u200bque tendr\u00eda a ERC como formaci\u00f3n principal, si las encuestas no fallan, pero el eje estar\u00eda en manos de socialistas y comunes, que son en definitiva los que gobiernan en Madrid y en Barcelona.<\/p>\n","protected":false},"author":2,"featured_media":38204,"comment_status":"open","ping_status":"open","sticky":false,"template":"","format":"standard","meta":{"_FSMCFIC_featured_image_caption":"","_FSMCFIC_featured_image_nocaption":"","_FSMCFIC_featured_image_hide":"","footnotes":""},"categories":[806],"tags":[1172,1525,2507],"class_list":["post-38207","post","type-post","status-publish","format-standard","has-post-thumbnail","hentry","category-punts-claus-del-dia-es","tag-catalanismo","tag-elecciones-anticipadas","tag-pnc-es"],"yoast_head":"<!-- This site is optimized with the Yoast SEO plugin v26.8 - https:\/\/yoast.com\/product\/yoast-seo-wordpress\/ -->\n<title>El estado de las negociaciones para la candidatura electoral del catalanismo - Converses a Catalunya<\/title>\n<meta name=\"description\" content=\"Candidatura del catalanismo: a la hora de la verdad la fuerza negociadora se decantar\u00e1 por aquel que aguante la apuesta hasta el \u00faltimo minuto\" \/>\n<meta name=\"robots\" content=\"index, follow, max-snippet:-1, max-image-preview:large, max-video-preview:-1\" \/>\n<link rel=\"canonical\" href=\"https:\/\/conversesacatalunya.cat\/es\/el-estado-de-las-negociaciones-para-la-candidatura-electoral-del-catalanismo\/\" \/>\n<meta property=\"og:locale\" content=\"es_ES\" \/>\n<meta property=\"og:type\" content=\"article\" \/>\n<meta property=\"og:title\" content=\"El estado de las negociaciones para la candidatura electoral del catalanismo - Converses a Catalunya\" \/>\n<meta property=\"og:description\" content=\"Candidatura del catalanismo: a la hora de la verdad la fuerza negociadora se decantar\u00e1 por aquel que aguante la apuesta hasta el \u00faltimo minuto\" \/>\n<meta property=\"og:url\" content=\"https:\/\/conversesacatalunya.cat\/es\/el-estado-de-las-negociaciones-para-la-candidatura-electoral-del-catalanismo\/\" \/>\n<meta property=\"og:site_name\" content=\"Converses a Catalunya\" \/>\n<meta property=\"article:published_time\" content=\"2020-07-09T11:24:11+00:00\" \/>\n<meta property=\"article:modified_time\" content=\"2020-07-09T12:07:05+00:00\" \/>\n<meta property=\"og:image\" content=\"https:\/\/conversesacatalunya.cat\/wp-content\/uploads\/2020\/07\/pascal-batlle-pnv.jpeg\" \/>\n\t<meta property=\"og:image:width\" content=\"1200\" \/>\n\t<meta property=\"og:image:height\" content=\"634\" \/>\n\t<meta property=\"og:image:type\" content=\"image\/jpeg\" \/>\n<meta name=\"author\" content=\"conversesacatalunya\" \/>\n<meta name=\"twitter:card\" content=\"summary_large_image\" \/>\n<meta name=\"twitter:label1\" content=\"Escrito por\" \/>\n\t<meta name=\"twitter:data1\" content=\"conversesacatalunya\" \/>\n\t<meta name=\"twitter:label2\" content=\"Tiempo de lectura\" \/>\n\t<meta name=\"twitter:data2\" content=\"5 minutos\" \/>\n<script type=\"application\/ld+json\" class=\"yoast-schema-graph\">{\"@context\":\"https:\/\/schema.org\",\"@graph\":[{\"@type\":\"Article\",\"@id\":\"https:\/\/conversesacatalunya.cat\/es\/el-estado-de-las-negociaciones-para-la-candidatura-electoral-del-catalanismo\/#article\",\"isPartOf\":{\"@id\":\"https:\/\/conversesacatalunya.cat\/es\/el-estado-de-las-negociaciones-para-la-candidatura-electoral-del-catalanismo\/\"},\"author\":{\"name\":\"conversesacatalunya\",\"@id\":\"https:\/\/conversesacatalunya.cat\/#\/schema\/person\/7e24d1e54a2785373ddcb275eae5ed99\"},\"headline\":\"El estado de las negociaciones para la candidatura electoral del catalanismo\",\"datePublished\":\"2020-07-09T11:24:11+00:00\",\"dateModified\":\"2020-07-09T12:07:05+00:00\",\"mainEntityOfPage\":{\"@id\":\"https:\/\/conversesacatalunya.cat\/es\/el-estado-de-las-negociaciones-para-la-candidatura-electoral-del-catalanismo\/\"},\"wordCount\":913,\"commentCount\":0,\"image\":{\"@id\":\"https:\/\/conversesacatalunya.cat\/es\/el-estado-de-las-negociaciones-para-la-candidatura-electoral-del-catalanismo\/#primaryimage\"},\"thumbnailUrl\":\"https:\/\/conversesacatalunya.cat\/wp-content\/uploads\/2020\/07\/pascal-batlle-pnv.jpeg\",\"keywords\":[\"catalanismo\",\"elecciones anticipadas\",\"PNC\"],\"articleSection\":[\"Punts clau del dia (ES)\"],\"inLanguage\":\"es\",\"potentialAction\":[{\"@type\":\"CommentAction\",\"name\":\"Comment\",\"target\":[\"https:\/\/conversesacatalunya.cat\/es\/el-estado-de-las-negociaciones-para-la-candidatura-electoral-del-catalanismo\/#respond\"]}]},{\"@type\":\"WebPage\",\"@id\":\"https:\/\/conversesacatalunya.cat\/es\/el-estado-de-las-negociaciones-para-la-candidatura-electoral-del-catalanismo\/\",\"url\":\"https:\/\/conversesacatalunya.cat\/es\/el-estado-de-las-negociaciones-para-la-candidatura-electoral-del-catalanismo\/\",\"name\":\"El estado de las negociaciones para la candidatura electoral del catalanismo - Converses a Catalunya\",\"isPartOf\":{\"@id\":\"https:\/\/conversesacatalunya.cat\/#website\"},\"primaryImageOfPage\":{\"@id\":\"https:\/\/conversesacatalunya.cat\/es\/el-estado-de-las-negociaciones-para-la-candidatura-electoral-del-catalanismo\/#primaryimage\"},\"image\":{\"@id\":\"https:\/\/conversesacatalunya.cat\/es\/el-estado-de-las-negociaciones-para-la-candidatura-electoral-del-catalanismo\/#primaryimage\"},\"thumbnailUrl\":\"https:\/\/conversesacatalunya.cat\/wp-content\/uploads\/2020\/07\/pascal-batlle-pnv.jpeg\",\"datePublished\":\"2020-07-09T11:24:11+00:00\",\"dateModified\":\"2020-07-09T12:07:05+00:00\",\"author\":{\"@id\":\"https:\/\/conversesacatalunya.cat\/#\/schema\/person\/7e24d1e54a2785373ddcb275eae5ed99\"},\"description\":\"Candidatura del catalanismo: a la hora de la verdad la fuerza negociadora se decantar\u00e1 por aquel que aguante la apuesta hasta el \u00faltimo minuto\",\"breadcrumb\":{\"@id\":\"https:\/\/conversesacatalunya.cat\/es\/el-estado-de-las-negociaciones-para-la-candidatura-electoral-del-catalanismo\/#breadcrumb\"},\"inLanguage\":\"es\",\"potentialAction\":[{\"@type\":\"ReadAction\",\"target\":[\"https:\/\/conversesacatalunya.cat\/es\/el-estado-de-las-negociaciones-para-la-candidatura-electoral-del-catalanismo\/\"]}]},{\"@type\":\"ImageObject\",\"inLanguage\":\"es\",\"@id\":\"https:\/\/conversesacatalunya.cat\/es\/el-estado-de-las-negociaciones-para-la-candidatura-electoral-del-catalanismo\/#primaryimage\",\"url\":\"https:\/\/conversesacatalunya.cat\/wp-content\/uploads\/2020\/07\/pascal-batlle-pnv.jpeg\",\"contentUrl\":\"https:\/\/conversesacatalunya.cat\/wp-content\/uploads\/2020\/07\/pascal-batlle-pnv.jpeg\",\"width\":1200,\"height\":634,\"caption\":\"Catalanisme\"},{\"@type\":\"BreadcrumbList\",\"@id\":\"https:\/\/conversesacatalunya.cat\/es\/el-estado-de-las-negociaciones-para-la-candidatura-electoral-del-catalanismo\/#breadcrumb\",\"itemListElement\":[{\"@type\":\"ListItem\",\"position\":1,\"name\":\"Inici\",\"item\":\"https:\/\/conversesacatalunya.cat\/es\/\"},{\"@type\":\"ListItem\",\"position\":2,\"name\":\"El estado de las negociaciones para la candidatura electoral del catalanismo\"}]},{\"@type\":\"WebSite\",\"@id\":\"https:\/\/conversesacatalunya.cat\/#website\",\"url\":\"https:\/\/conversesacatalunya.cat\/\",\"name\":\"Converses a Catalunya\",\"description\":\"\",\"potentialAction\":[{\"@type\":\"SearchAction\",\"target\":{\"@type\":\"EntryPoint\",\"urlTemplate\":\"https:\/\/conversesacatalunya.cat\/?s={search_term_string}\"},\"query-input\":{\"@type\":\"PropertyValueSpecification\",\"valueRequired\":true,\"valueName\":\"search_term_string\"}}],\"inLanguage\":\"es\"},{\"@type\":\"Person\",\"@id\":\"https:\/\/conversesacatalunya.cat\/#\/schema\/person\/7e24d1e54a2785373ddcb275eae5ed99\",\"name\":\"conversesacatalunya\",\"image\":{\"@type\":\"ImageObject\",\"inLanguage\":\"es\",\"@id\":\"https:\/\/conversesacatalunya.cat\/#\/schema\/person\/image\/\",\"url\":\"https:\/\/conversesacatalunya.cat\/wp-content\/litespeed\/avatar\/febdfeeec89d950f01c748045a981dd2.jpg?ver=1777314535\",\"contentUrl\":\"https:\/\/conversesacatalunya.cat\/wp-content\/litespeed\/avatar\/febdfeeec89d950f01c748045a981dd2.jpg?ver=1777314535\",\"caption\":\"conversesacatalunya\"},\"url\":\"https:\/\/conversesacatalunya.cat\/es\/author\/carme_catala\/\"}]}<\/script>\n<!-- \/ Yoast SEO plugin. -->","yoast_head_json":{"title":"El estado de las negociaciones para la candidatura electoral del catalanismo - Converses a Catalunya","description":"Candidatura del catalanismo: a la hora de la verdad la fuerza negociadora se decantar\u00e1 por aquel que aguante la apuesta hasta el \u00faltimo minuto","robots":{"index":"index","follow":"follow","max-snippet":"max-snippet:-1","max-image-preview":"max-image-preview:large","max-video-preview":"max-video-preview:-1"},"canonical":"https:\/\/conversesacatalunya.cat\/es\/el-estado-de-las-negociaciones-para-la-candidatura-electoral-del-catalanismo\/","og_locale":"es_ES","og_type":"article","og_title":"El estado de las negociaciones para la candidatura electoral del catalanismo - Converses a Catalunya","og_description":"Candidatura del catalanismo: a la hora de la verdad la fuerza negociadora se decantar\u00e1 por aquel que aguante la apuesta hasta el \u00faltimo minuto","og_url":"https:\/\/conversesacatalunya.cat\/es\/el-estado-de-las-negociaciones-para-la-candidatura-electoral-del-catalanismo\/","og_site_name":"Converses a Catalunya","article_published_time":"2020-07-09T11:24:11+00:00","article_modified_time":"2020-07-09T12:07:05+00:00","og_image":[{"width":1200,"height":634,"url":"https:\/\/conversesacatalunya.cat\/wp-content\/uploads\/2020\/07\/pascal-batlle-pnv.jpeg","type":"image\/jpeg"}],"author":"conversesacatalunya","twitter_card":"summary_large_image","twitter_misc":{"Escrito por":"conversesacatalunya","Tiempo de lectura":"5 minutos"},"schema":{"@context":"https:\/\/schema.org","@graph":[{"@type":"Article","@id":"https:\/\/conversesacatalunya.cat\/es\/el-estado-de-las-negociaciones-para-la-candidatura-electoral-del-catalanismo\/#article","isPartOf":{"@id":"https:\/\/conversesacatalunya.cat\/es\/el-estado-de-las-negociaciones-para-la-candidatura-electoral-del-catalanismo\/"},"author":{"name":"conversesacatalunya","@id":"https:\/\/conversesacatalunya.cat\/#\/schema\/person\/7e24d1e54a2785373ddcb275eae5ed99"},"headline":"El estado de las negociaciones para la candidatura electoral del catalanismo","datePublished":"2020-07-09T11:24:11+00:00","dateModified":"2020-07-09T12:07:05+00:00","mainEntityOfPage":{"@id":"https:\/\/conversesacatalunya.cat\/es\/el-estado-de-las-negociaciones-para-la-candidatura-electoral-del-catalanismo\/"},"wordCount":913,"commentCount":0,"image":{"@id":"https:\/\/conversesacatalunya.cat\/es\/el-estado-de-las-negociaciones-para-la-candidatura-electoral-del-catalanismo\/#primaryimage"},"thumbnailUrl":"https:\/\/conversesacatalunya.cat\/wp-content\/uploads\/2020\/07\/pascal-batlle-pnv.jpeg","keywords":["catalanismo","elecciones anticipadas","PNC"],"articleSection":["Punts clau del dia (ES)"],"inLanguage":"es","potentialAction":[{"@type":"CommentAction","name":"Comment","target":["https:\/\/conversesacatalunya.cat\/es\/el-estado-de-las-negociaciones-para-la-candidatura-electoral-del-catalanismo\/#respond"]}]},{"@type":"WebPage","@id":"https:\/\/conversesacatalunya.cat\/es\/el-estado-de-las-negociaciones-para-la-candidatura-electoral-del-catalanismo\/","url":"https:\/\/conversesacatalunya.cat\/es\/el-estado-de-las-negociaciones-para-la-candidatura-electoral-del-catalanismo\/","name":"El estado de las negociaciones para la candidatura electoral del catalanismo - Converses a Catalunya","isPartOf":{"@id":"https:\/\/conversesacatalunya.cat\/#website"},"primaryImageOfPage":{"@id":"https:\/\/conversesacatalunya.cat\/es\/el-estado-de-las-negociaciones-para-la-candidatura-electoral-del-catalanismo\/#primaryimage"},"image":{"@id":"https:\/\/conversesacatalunya.cat\/es\/el-estado-de-las-negociaciones-para-la-candidatura-electoral-del-catalanismo\/#primaryimage"},"thumbnailUrl":"https:\/\/conversesacatalunya.cat\/wp-content\/uploads\/2020\/07\/pascal-batlle-pnv.jpeg","datePublished":"2020-07-09T11:24:11+00:00","dateModified":"2020-07-09T12:07:05+00:00","author":{"@id":"https:\/\/conversesacatalunya.cat\/#\/schema\/person\/7e24d1e54a2785373ddcb275eae5ed99"},"description":"Candidatura del catalanismo: a la hora de la verdad la fuerza negociadora se decantar\u00e1 por aquel que aguante la apuesta hasta el \u00faltimo minuto","breadcrumb":{"@id":"https:\/\/conversesacatalunya.cat\/es\/el-estado-de-las-negociaciones-para-la-candidatura-electoral-del-catalanismo\/#breadcrumb"},"inLanguage":"es","potentialAction":[{"@type":"ReadAction","target":["https:\/\/conversesacatalunya.cat\/es\/el-estado-de-las-negociaciones-para-la-candidatura-electoral-del-catalanismo\/"]}]},{"@type":"ImageObject","inLanguage":"es","@id":"https:\/\/conversesacatalunya.cat\/es\/el-estado-de-las-negociaciones-para-la-candidatura-electoral-del-catalanismo\/#primaryimage","url":"https:\/\/conversesacatalunya.cat\/wp-content\/uploads\/2020\/07\/pascal-batlle-pnv.jpeg","contentUrl":"https:\/\/conversesacatalunya.cat\/wp-content\/uploads\/2020\/07\/pascal-batlle-pnv.jpeg","width":1200,"height":634,"caption":"Catalanisme"},{"@type":"BreadcrumbList","@id":"https:\/\/conversesacatalunya.cat\/es\/el-estado-de-las-negociaciones-para-la-candidatura-electoral-del-catalanismo\/#breadcrumb","itemListElement":[{"@type":"ListItem","position":1,"name":"Inici","item":"https:\/\/conversesacatalunya.cat\/es\/"},{"@type":"ListItem","position":2,"name":"El estado de las negociaciones para la candidatura electoral del catalanismo"}]},{"@type":"WebSite","@id":"https:\/\/conversesacatalunya.cat\/#website","url":"https:\/\/conversesacatalunya.cat\/","name":"Converses a Catalunya","description":"","potentialAction":[{"@type":"SearchAction","target":{"@type":"EntryPoint","urlTemplate":"https:\/\/conversesacatalunya.cat\/?s={search_term_string}"},"query-input":{"@type":"PropertyValueSpecification","valueRequired":true,"valueName":"search_term_string"}}],"inLanguage":"es"},{"@type":"Person","@id":"https:\/\/conversesacatalunya.cat\/#\/schema\/person\/7e24d1e54a2785373ddcb275eae5ed99","name":"conversesacatalunya","image":{"@type":"ImageObject","inLanguage":"es","@id":"https:\/\/conversesacatalunya.cat\/#\/schema\/person\/image\/","url":"https:\/\/conversesacatalunya.cat\/wp-content\/litespeed\/avatar\/febdfeeec89d950f01c748045a981dd2.jpg?ver=1777314535","contentUrl":"https:\/\/conversesacatalunya.cat\/wp-content\/litespeed\/avatar\/febdfeeec89d950f01c748045a981dd2.jpg?ver=1777314535","caption":"conversesacatalunya"},"url":"https:\/\/conversesacatalunya.cat\/es\/author\/carme_catala\/"}]}},"wps_subtitle":"A la hora de la verdad la fuerza negociadora se decantar\u00e1 por aquel que aguante la apuesta hasta el \u00faltimo minuto","_links":{"self":[{"href":"https:\/\/conversesacatalunya.cat\/es\/wp-json\/wp\/v2\/posts\/38207","targetHints":{"allow":["GET"]}}],"collection":[{"href":"https:\/\/conversesacatalunya.cat\/es\/wp-json\/wp\/v2\/posts"}],"about":[{"href":"https:\/\/conversesacatalunya.cat\/es\/wp-json\/wp\/v2\/types\/post"}],"author":[{"embeddable":true,"href":"https:\/\/conversesacatalunya.cat\/es\/wp-json\/wp\/v2\/users\/2"}],"replies":[{"embeddable":true,"href":"https:\/\/conversesacatalunya.cat\/es\/wp-json\/wp\/v2\/comments?post=38207"}],"version-history":[{"count":2,"href":"https:\/\/conversesacatalunya.cat\/es\/wp-json\/wp\/v2\/posts\/38207\/revisions"}],"predecessor-version":[{"id":38208,"href":"https:\/\/conversesacatalunya.cat\/es\/wp-json\/wp\/v2\/posts\/38207\/revisions\/38208"}],"wp:featuredmedia":[{"embeddable":true,"href":"https:\/\/conversesacatalunya.cat\/es\/wp-json\/wp\/v2\/media\/38204"}],"wp:attachment":[{"href":"https:\/\/conversesacatalunya.cat\/es\/wp-json\/wp\/v2\/media?parent=38207"}],"wp:term":[{"taxonomy":"category","embeddable":true,"href":"https:\/\/conversesacatalunya.cat\/es\/wp-json\/wp\/v2\/categories?post=38207"},{"taxonomy":"post_tag","embeddable":true,"href":"https:\/\/conversesacatalunya.cat\/es\/wp-json\/wp\/v2\/tags?post=38207"}],"curies":[{"name":"wp","href":"https:\/\/api.w.org\/{rel}","templated":true}]}}