{"id":38147,"date":"2020-07-07T13:25:50","date_gmt":"2020-07-07T11:25:50","guid":{"rendered":"https:\/\/conversesacatalunya.cat\/coronavirus-situacio-a-catalunya\/"},"modified":"2020-07-07T17:04:51","modified_gmt":"2020-07-07T15:04:51","slug":"coronavirus-por-que-tiene-mala-pinta-la-situacion-en-cataluna","status":"publish","type":"post","link":"https:\/\/conversesacatalunya.cat\/es\/coronavirus-por-que-tiene-mala-pinta-la-situacion-en-cataluna\/","title":{"rendered":"Coronavirus: por qu\u00e9 tiene mala pinta la situaci\u00f3n en Catalu\u00f1a"},"content":{"rendered":"<p>La evoluci\u00f3n de los datos, hasta donde permite llegar la deficiente informaci\u00f3n que genera la Generalitat, se\u00f1ala que, si la tendencia contin\u00faa, podemos tener problemas. Naturalmente, esta afirmaci\u00f3n no puede ser tan bien fundamentada como lo ser\u00eda si la Generalitat facilitara la informaci\u00f3n preceptiva de la incidencia acumulada (IA) a los 7 y 14 d\u00edas, que es la que permite seguir la evoluci\u00f3n real. Pero esta informaci\u00f3n no est\u00e1 ni al alcance del p\u00fablico ni de los especialistas que no pertenecen al Departamento de Salud. Si entra en el <strong>Portal de Datos Abiertos<\/strong> y busca esta informaci\u00f3n, se encontrar\u00e1 que la respuesta no existe. Es inconcebible, pero es as\u00ed.<\/p>\n<p>Observemos primero la evoluci\u00f3n de Lleida. Ha llegado a un <strong>m\u00e1ximo de 150 positivos diarios el 3 de julio y 140 el 4 de julio<\/strong>. Para hacerse una idea de lo que significa esta cifra hay que tener presente que, en los periodos \u00e1lgidos de m\u00e1ximo impacto de marzo y abril, el n\u00famero m\u00e1s elevado de casos fue de <strong>65<\/strong>. Por lo tanto, los actuales m\u00e1s que doblan aquella cifra y llegaron situarse en cifras diarias de entre 5 y 9 a principios de mayo. Desde entonces, de manera irregular, han ido subiendo, pero la explosi\u00f3n se produce a finales de junio. En este sentido, es razonable la afirmaci\u00f3n de muchos expertos diciendo que l<strong>a Generalitat actu\u00f3 muy tarde<\/strong> y que deber\u00eda haber establecido medidas restrictivas a finales del mes pasado. Una vez m\u00e1s se constata que nuestras administraciones no aprenden ni siquiera de la experiencia. Ahora Lleida tiene un mayor n\u00famero de casos que en el momento m\u00e1s dif\u00edcil de la pandemia.<\/p>\n<p>Para Catalu\u00f1a la situaci\u00f3n es sustancialmente diferente, pero tambi\u00e9n presenta una imagen que no es del todo tranquilizadora. A <strong>principios de julio se ha llegado a 294 casos<\/strong>. Estamos lejos por tanto de los m\u00e1ximos del inicio de la pandemia cuando se superaban claramente los <strong>1.500<\/strong> y en ocasiones se llegaron a superar los 2.000. El confinamiento provoc\u00f3 una progresiva reducci\u00f3n hasta llegar a principios de mayo. Despu\u00e9s la reducci\u00f3n fue continuando y a mediados de junio se situ\u00f3 en una cifra muy baja, en torno a los 50-60 casos diarios. Pero <strong>a partir del 15 de junio<\/strong> la evoluci\u00f3n ha sido continuada y creciente, y hemos pasado de esta cincuentena al centenar, y luego hemos llegado a superar o rozar los <strong>300<\/strong>. Por lo tanto, ahora hemos retrocedido a la situaci\u00f3n de la fase final del desconfinamiento en mayo. Todo lo ganado entre esta fecha y mediados de junio lo hemos perdido con un factor adicional, que es que la tendencia es a aumentar y no a reducirse. Y ese es el problema. Por lo tanto, vivimos una situaci\u00f3n claramente negativa en el caso del Segri\u00e0, donde el coronavirus ha desbordado todos los sistemas de contenci\u00f3n, pero estamos en una situaci\u00f3n de alerta en Catalu\u00f1a, porque si se mantiene la tendencia actual, las restricciones volver\u00e1n.<\/p>\n<p>La llamada al comportamiento responsable de la poblaci\u00f3n es del todo necesaria. Pero tambi\u00e9n lo es, como hemos reiterado, que la Generalitat aplique m\u00e1s recursos a la identificaci\u00f3n, control, seguimiento y aislamiento de los casos porque sigue ahorrando en un cap\u00edtulo b\u00e1sico. Y tambi\u00e9n que en lugar de ir pidiendo \u00abvoluntarios sanitarios\u00bb para ir a Lleida, pase a llevar a cabo contrataciones masivas no s\u00f3lo para prever una mayor incidencia de la pandemia este verano, sino para dar descanso al fatigado personal sanitario de forma que pueda estar en buenas condiciones cuando se produzca la segunda oleada en oto\u00f1o. Si esto no se hace, abordaremos aquella \u00e9poca dif\u00edcil con unos recursos humanos agotados por meses y meses de trabajo intenso y en condiciones desfavorables.<\/p>\n","protected":false},"excerpt":{"rendered":"<p>La evoluci\u00f3n de los datos, hasta donde permite llegar la deficiente informaci\u00f3n que genera la Generalitat, se\u00f1ala que, si la tendencia contin\u00faa, podemos tener problemas. Naturalmente, esta afirmaci\u00f3n no puede ser tan bien fundamentada como lo ser\u00eda si la Generalitat facilitara la informaci\u00f3n preceptiva de la incidencia acumulada (IA) a los 7 y 14 d\u00edas, que es la que permite seguir la evoluci\u00f3n real. Pero esta informaci\u00f3n no est\u00e1 ni al alcance del p\u00fablico ni de los especialistas que no pertenecen al Departamento de Salud. Si entra en el Portal de Datos Abiertos y busca esta informaci\u00f3n, se encontrar\u00e1 que la respuesta no existe. Es inconcebible, pero es as\u00ed. Observemos primero la evoluci\u00f3n de Lleida. Ha llegado a un m\u00e1ximo de 150 positivos diarios el 3 de julio y 140 el 4 de julio. Para hacerse una idea de lo que significa esta cifra hay que tener presente que, en los periodos \u00e1lgidos de m\u00e1ximo impacto de marzo y abril, el n\u00famero m\u00e1s elevado de casos fue de 65. Por lo tanto, los actuales m\u00e1s que doblan aquella cifra y llegaron situarse en cifras diarias de entre 5 y 9 a principios de mayo. Desde entonces, de manera irregular, han ido subiendo, pero la explosi\u00f3n se produce a finales de junio. En este sentido, es razonable la afirmaci\u00f3n de muchos expertos diciendo que la Generalitat actu\u00f3 muy tarde y que deber\u00eda haber establecido medidas restrictivas a finales del mes pasado. Una vez m\u00e1s se constata que nuestras administraciones no aprenden ni siquiera de la experiencia. Ahora Lleida tiene un mayor n\u00famero de casos que en el momento m\u00e1s dif\u00edcil de la pandemia. Para Catalu\u00f1a la situaci\u00f3n es sustancialmente diferente, pero tambi\u00e9n presenta una imagen que no es del todo tranquilizadora. A principios de julio se ha llegado a 294 casos. Estamos lejos por tanto de los m\u00e1ximos del inicio de la pandemia cuando se superaban claramente los 1.500 y en ocasiones se llegaron a superar los 2.000. El confinamiento provoc\u00f3 una progresiva reducci\u00f3n hasta llegar a principios de mayo. Despu\u00e9s la reducci\u00f3n fue continuando y a mediados de junio se situ\u00f3 en una cifra muy baja, en torno a los 50-60 casos diarios. Pero a partir del 15 de junio la evoluci\u00f3n ha sido continuada y creciente, y hemos pasado de esta cincuentena al centenar, y luego hemos llegado a superar o rozar los 300. Por lo tanto, ahora hemos retrocedido a la situaci\u00f3n de la fase final del desconfinamiento en mayo. Todo lo ganado entre esta fecha y mediados de junio lo hemos perdido con un factor adicional, que es que la tendencia es a aumentar y no a reducirse. Y ese es el problema. Por lo tanto, vivimos una situaci\u00f3n claramente negativa en el caso del Segri\u00e0, donde el coronavirus ha desbordado todos los sistemas de contenci\u00f3n, pero estamos en una situaci\u00f3n de alerta en Catalu\u00f1a, porque si se mantiene la tendencia actual, las restricciones volver\u00e1n. La llamada al comportamiento responsable de la poblaci\u00f3n es del todo necesaria. Pero tambi\u00e9n lo es, como hemos reiterado, que la Generalitat aplique m\u00e1s recursos a la identificaci\u00f3n, control, seguimiento y aislamiento de los casos porque sigue ahorrando en un cap\u00edtulo b\u00e1sico. Y tambi\u00e9n que en lugar de ir pidiendo \u00abvoluntarios sanitarios\u00bb para ir a Lleida, pase a llevar a cabo contrataciones masivas no s\u00f3lo para prever una mayor incidencia de la pandemia este verano, sino para dar descanso al fatigado personal sanitario de forma que pueda estar en buenas condiciones cuando se produzca la segunda oleada en oto\u00f1o. Si esto no se hace, abordaremos aquella \u00e9poca dif\u00edcil con unos recursos humanos agotados por meses y meses de trabajo intenso y en condiciones desfavorables.<\/p>\n","protected":false},"author":2,"featured_media":38134,"comment_status":"open","ping_status":"open","sticky":false,"template":"","format":"standard","meta":{"_FSMCFIC_featured_image_caption":"","_FSMCFIC_featured_image_nocaption":"","_FSMCFIC_featured_image_hide":"","footnotes":""},"categories":[1772,806],"tags":[1504],"class_list":["post-38147","post","type-post","status-publish","format-standard","has-post-thumbnail","hentry","category-especial-coronavirus-es","category-punts-claus-del-dia-es","tag-coronavirus-es"],"yoast_head":"<!-- This site is optimized with the Yoast SEO plugin v26.8 - https:\/\/yoast.com\/product\/yoast-seo-wordpress\/ -->\n<title>Coronavirus: por qu\u00e9 tiene mala pinta la situaci\u00f3n en Catalu\u00f1a - Converses a Catalunya<\/title>\n<meta name=\"robots\" content=\"index, follow, max-snippet:-1, max-image-preview:large, max-video-preview:-1\" \/>\n<link rel=\"canonical\" href=\"https:\/\/conversesacatalunya.cat\/es\/coronavirus-por-que-tiene-mala-pinta-la-situacion-en-cataluna\/\" \/>\n<meta property=\"og:locale\" content=\"es_ES\" \/>\n<meta property=\"og:type\" content=\"article\" \/>\n<meta property=\"og:title\" content=\"Coronavirus: por qu\u00e9 tiene mala pinta la situaci\u00f3n en Catalu\u00f1a - Converses a Catalunya\" \/>\n<meta property=\"og:description\" content=\"La evoluci\u00f3n de los datos, hasta donde permite llegar la deficiente informaci\u00f3n que genera la Generalitat, se\u00f1ala que, si la tendencia contin\u00faa, podemos tener problemas. Naturalmente, esta afirmaci\u00f3n no puede ser tan bien fundamentada como lo ser\u00eda si la Generalitat facilitara la informaci\u00f3n preceptiva de la incidencia acumulada (IA) a los 7 y 14 d\u00edas, que es la que permite seguir la evoluci\u00f3n real. Pero esta informaci\u00f3n no est\u00e1 ni al alcance del p\u00fablico ni de los especialistas que no pertenecen al Departamento de Salud. Si entra en el Portal de Datos Abiertos y busca esta informaci\u00f3n, se encontrar\u00e1 que la respuesta no existe. Es inconcebible, pero es as\u00ed. Observemos primero la evoluci\u00f3n de Lleida. Ha llegado a un m\u00e1ximo de 150 positivos diarios el 3 de julio y 140 el 4 de julio. Para hacerse una idea de lo que significa esta cifra hay que tener presente que, en los periodos \u00e1lgidos de m\u00e1ximo impacto de marzo y abril, el n\u00famero m\u00e1s elevado de casos fue de 65. Por lo tanto, los actuales m\u00e1s que doblan aquella cifra y llegaron situarse en cifras diarias de entre 5 y 9 a principios de mayo. Desde entonces, de manera irregular, han ido subiendo, pero la explosi\u00f3n se produce a finales de junio. En este sentido, es razonable la afirmaci\u00f3n de muchos expertos diciendo que la Generalitat actu\u00f3 muy tarde y que deber\u00eda haber establecido medidas restrictivas a finales del mes pasado. Una vez m\u00e1s se constata que nuestras administraciones no aprenden ni siquiera de la experiencia. Ahora Lleida tiene un mayor n\u00famero de casos que en el momento m\u00e1s dif\u00edcil de la pandemia. Para Catalu\u00f1a la situaci\u00f3n es sustancialmente diferente, pero tambi\u00e9n presenta una imagen que no es del todo tranquilizadora. A principios de julio se ha llegado a 294 casos. Estamos lejos por tanto de los m\u00e1ximos del inicio de la pandemia cuando se superaban claramente los 1.500 y en ocasiones se llegaron a superar los 2.000. El confinamiento provoc\u00f3 una progresiva reducci\u00f3n hasta llegar a principios de mayo. Despu\u00e9s la reducci\u00f3n fue continuando y a mediados de junio se situ\u00f3 en una cifra muy baja, en torno a los 50-60 casos diarios. Pero a partir del 15 de junio la evoluci\u00f3n ha sido continuada y creciente, y hemos pasado de esta cincuentena al centenar, y luego hemos llegado a superar o rozar los 300. Por lo tanto, ahora hemos retrocedido a la situaci\u00f3n de la fase final del desconfinamiento en mayo. Todo lo ganado entre esta fecha y mediados de junio lo hemos perdido con un factor adicional, que es que la tendencia es a aumentar y no a reducirse. Y ese es el problema. Por lo tanto, vivimos una situaci\u00f3n claramente negativa en el caso del Segri\u00e0, donde el coronavirus ha desbordado todos los sistemas de contenci\u00f3n, pero estamos en una situaci\u00f3n de alerta en Catalu\u00f1a, porque si se mantiene la tendencia actual, las restricciones volver\u00e1n. La llamada al comportamiento responsable de la poblaci\u00f3n es del todo necesaria. Pero tambi\u00e9n lo es, como hemos reiterado, que la Generalitat aplique m\u00e1s recursos a la identificaci\u00f3n, control, seguimiento y aislamiento de los casos porque sigue ahorrando en un cap\u00edtulo b\u00e1sico. Y tambi\u00e9n que en lugar de ir pidiendo \u00abvoluntarios sanitarios\u00bb para ir a Lleida, pase a llevar a cabo contrataciones masivas no s\u00f3lo para prever una mayor incidencia de la pandemia este verano, sino para dar descanso al fatigado personal sanitario de forma que pueda estar en buenas condiciones cuando se produzca la segunda oleada en oto\u00f1o. Si esto no se hace, abordaremos aquella \u00e9poca dif\u00edcil con unos recursos humanos agotados por meses y meses de trabajo intenso y en condiciones desfavorables.\" \/>\n<meta property=\"og:url\" content=\"https:\/\/conversesacatalunya.cat\/es\/coronavirus-por-que-tiene-mala-pinta-la-situacion-en-cataluna\/\" \/>\n<meta property=\"og:site_name\" content=\"Converses a Catalunya\" \/>\n<meta property=\"article:published_time\" content=\"2020-07-07T11:25:50+00:00\" \/>\n<meta property=\"article:modified_time\" content=\"2020-07-07T15:04:51+00:00\" \/>\n<meta property=\"og:image\" content=\"https:\/\/conversesacatalunya.cat\/wp-content\/uploads\/2020\/07\/coronavirus-situaci\u00f3-a-catalunya.jpg\" \/>\n\t<meta property=\"og:image:width\" content=\"991\" \/>\n\t<meta property=\"og:image:height\" content=\"558\" \/>\n\t<meta property=\"og:image:type\" content=\"image\/jpeg\" \/>\n<meta name=\"author\" content=\"conversesacatalunya\" \/>\n<meta name=\"twitter:card\" content=\"summary_large_image\" \/>\n<meta name=\"twitter:label1\" content=\"Escrito por\" \/>\n\t<meta name=\"twitter:data1\" content=\"conversesacatalunya\" \/>\n\t<meta name=\"twitter:label2\" content=\"Tiempo de lectura\" \/>\n\t<meta name=\"twitter:data2\" content=\"3 minutos\" \/>\n<script type=\"application\/ld+json\" class=\"yoast-schema-graph\">{\"@context\":\"https:\/\/schema.org\",\"@graph\":[{\"@type\":\"Article\",\"@id\":\"https:\/\/conversesacatalunya.cat\/es\/coronavirus-por-que-tiene-mala-pinta-la-situacion-en-cataluna\/#article\",\"isPartOf\":{\"@id\":\"https:\/\/conversesacatalunya.cat\/es\/coronavirus-por-que-tiene-mala-pinta-la-situacion-en-cataluna\/\"},\"author\":{\"name\":\"conversesacatalunya\",\"@id\":\"https:\/\/conversesacatalunya.cat\/#\/schema\/person\/7e24d1e54a2785373ddcb275eae5ed99\"},\"headline\":\"Coronavirus: por qu\u00e9 tiene mala pinta la situaci\u00f3n en Catalu\u00f1a\",\"datePublished\":\"2020-07-07T11:25:50+00:00\",\"dateModified\":\"2020-07-07T15:04:51+00:00\",\"mainEntityOfPage\":{\"@id\":\"https:\/\/conversesacatalunya.cat\/es\/coronavirus-por-que-tiene-mala-pinta-la-situacion-en-cataluna\/\"},\"wordCount\":659,\"commentCount\":0,\"image\":{\"@id\":\"https:\/\/conversesacatalunya.cat\/es\/coronavirus-por-que-tiene-mala-pinta-la-situacion-en-cataluna\/#primaryimage\"},\"thumbnailUrl\":\"https:\/\/conversesacatalunya.cat\/wp-content\/uploads\/2020\/07\/coronavirus-situaci\u00f3-a-catalunya.jpg\",\"keywords\":[\"coronavirus\"],\"articleSection\":[\"Especial Coronavirus (ES)\",\"Punts clau del dia (ES)\"],\"inLanguage\":\"es\",\"potentialAction\":[{\"@type\":\"CommentAction\",\"name\":\"Comment\",\"target\":[\"https:\/\/conversesacatalunya.cat\/es\/coronavirus-por-que-tiene-mala-pinta-la-situacion-en-cataluna\/#respond\"]}]},{\"@type\":\"WebPage\",\"@id\":\"https:\/\/conversesacatalunya.cat\/es\/coronavirus-por-que-tiene-mala-pinta-la-situacion-en-cataluna\/\",\"url\":\"https:\/\/conversesacatalunya.cat\/es\/coronavirus-por-que-tiene-mala-pinta-la-situacion-en-cataluna\/\",\"name\":\"Coronavirus: por qu\u00e9 tiene mala pinta la situaci\u00f3n en Catalu\u00f1a - Converses a Catalunya\",\"isPartOf\":{\"@id\":\"https:\/\/conversesacatalunya.cat\/#website\"},\"primaryImageOfPage\":{\"@id\":\"https:\/\/conversesacatalunya.cat\/es\/coronavirus-por-que-tiene-mala-pinta-la-situacion-en-cataluna\/#primaryimage\"},\"image\":{\"@id\":\"https:\/\/conversesacatalunya.cat\/es\/coronavirus-por-que-tiene-mala-pinta-la-situacion-en-cataluna\/#primaryimage\"},\"thumbnailUrl\":\"https:\/\/conversesacatalunya.cat\/wp-content\/uploads\/2020\/07\/coronavirus-situaci\u00f3-a-catalunya.jpg\",\"datePublished\":\"2020-07-07T11:25:50+00:00\",\"dateModified\":\"2020-07-07T15:04:51+00:00\",\"author\":{\"@id\":\"https:\/\/conversesacatalunya.cat\/#\/schema\/person\/7e24d1e54a2785373ddcb275eae5ed99\"},\"breadcrumb\":{\"@id\":\"https:\/\/conversesacatalunya.cat\/es\/coronavirus-por-que-tiene-mala-pinta-la-situacion-en-cataluna\/#breadcrumb\"},\"inLanguage\":\"es\",\"potentialAction\":[{\"@type\":\"ReadAction\",\"target\":[\"https:\/\/conversesacatalunya.cat\/es\/coronavirus-por-que-tiene-mala-pinta-la-situacion-en-cataluna\/\"]}]},{\"@type\":\"ImageObject\",\"inLanguage\":\"es\",\"@id\":\"https:\/\/conversesacatalunya.cat\/es\/coronavirus-por-que-tiene-mala-pinta-la-situacion-en-cataluna\/#primaryimage\",\"url\":\"https:\/\/conversesacatalunya.cat\/wp-content\/uploads\/2020\/07\/coronavirus-situaci\u00f3-a-catalunya.jpg\",\"contentUrl\":\"https:\/\/conversesacatalunya.cat\/wp-content\/uploads\/2020\/07\/coronavirus-situaci\u00f3-a-catalunya.jpg\",\"width\":991,\"height\":558,\"caption\":\"coronavirus situaci\u00f3 a catalunya\"},{\"@type\":\"BreadcrumbList\",\"@id\":\"https:\/\/conversesacatalunya.cat\/es\/coronavirus-por-que-tiene-mala-pinta-la-situacion-en-cataluna\/#breadcrumb\",\"itemListElement\":[{\"@type\":\"ListItem\",\"position\":1,\"name\":\"Inici\",\"item\":\"https:\/\/conversesacatalunya.cat\/es\/\"},{\"@type\":\"ListItem\",\"position\":2,\"name\":\"Coronavirus: por qu\u00e9 tiene mala pinta la situaci\u00f3n en Catalu\u00f1a\"}]},{\"@type\":\"WebSite\",\"@id\":\"https:\/\/conversesacatalunya.cat\/#website\",\"url\":\"https:\/\/conversesacatalunya.cat\/\",\"name\":\"Converses a Catalunya\",\"description\":\"\",\"potentialAction\":[{\"@type\":\"SearchAction\",\"target\":{\"@type\":\"EntryPoint\",\"urlTemplate\":\"https:\/\/conversesacatalunya.cat\/?s={search_term_string}\"},\"query-input\":{\"@type\":\"PropertyValueSpecification\",\"valueRequired\":true,\"valueName\":\"search_term_string\"}}],\"inLanguage\":\"es\"},{\"@type\":\"Person\",\"@id\":\"https:\/\/conversesacatalunya.cat\/#\/schema\/person\/7e24d1e54a2785373ddcb275eae5ed99\",\"name\":\"conversesacatalunya\",\"image\":{\"@type\":\"ImageObject\",\"inLanguage\":\"es\",\"@id\":\"https:\/\/conversesacatalunya.cat\/#\/schema\/person\/image\/\",\"url\":\"https:\/\/conversesacatalunya.cat\/wp-content\/litespeed\/avatar\/febdfeeec89d950f01c748045a981dd2.jpg?ver=1777314535\",\"contentUrl\":\"https:\/\/conversesacatalunya.cat\/wp-content\/litespeed\/avatar\/febdfeeec89d950f01c748045a981dd2.jpg?ver=1777314535\",\"caption\":\"conversesacatalunya\"},\"url\":\"https:\/\/conversesacatalunya.cat\/es\/author\/carme_catala\/\"}]}<\/script>\n<!-- \/ Yoast SEO plugin. -->","yoast_head_json":{"title":"Coronavirus: por qu\u00e9 tiene mala pinta la situaci\u00f3n en Catalu\u00f1a - Converses a Catalunya","robots":{"index":"index","follow":"follow","max-snippet":"max-snippet:-1","max-image-preview":"max-image-preview:large","max-video-preview":"max-video-preview:-1"},"canonical":"https:\/\/conversesacatalunya.cat\/es\/coronavirus-por-que-tiene-mala-pinta-la-situacion-en-cataluna\/","og_locale":"es_ES","og_type":"article","og_title":"Coronavirus: por qu\u00e9 tiene mala pinta la situaci\u00f3n en Catalu\u00f1a - Converses a Catalunya","og_description":"La evoluci\u00f3n de los datos, hasta donde permite llegar la deficiente informaci\u00f3n que genera la Generalitat, se\u00f1ala que, si la tendencia contin\u00faa, podemos tener problemas. Naturalmente, esta afirmaci\u00f3n no puede ser tan bien fundamentada como lo ser\u00eda si la Generalitat facilitara la informaci\u00f3n preceptiva de la incidencia acumulada (IA) a los 7 y 14 d\u00edas, que es la que permite seguir la evoluci\u00f3n real. Pero esta informaci\u00f3n no est\u00e1 ni al alcance del p\u00fablico ni de los especialistas que no pertenecen al Departamento de Salud. Si entra en el Portal de Datos Abiertos y busca esta informaci\u00f3n, se encontrar\u00e1 que la respuesta no existe. Es inconcebible, pero es as\u00ed. Observemos primero la evoluci\u00f3n de Lleida. Ha llegado a un m\u00e1ximo de 150 positivos diarios el 3 de julio y 140 el 4 de julio. Para hacerse una idea de lo que significa esta cifra hay que tener presente que, en los periodos \u00e1lgidos de m\u00e1ximo impacto de marzo y abril, el n\u00famero m\u00e1s elevado de casos fue de 65. Por lo tanto, los actuales m\u00e1s que doblan aquella cifra y llegaron situarse en cifras diarias de entre 5 y 9 a principios de mayo. Desde entonces, de manera irregular, han ido subiendo, pero la explosi\u00f3n se produce a finales de junio. En este sentido, es razonable la afirmaci\u00f3n de muchos expertos diciendo que la Generalitat actu\u00f3 muy tarde y que deber\u00eda haber establecido medidas restrictivas a finales del mes pasado. Una vez m\u00e1s se constata que nuestras administraciones no aprenden ni siquiera de la experiencia. Ahora Lleida tiene un mayor n\u00famero de casos que en el momento m\u00e1s dif\u00edcil de la pandemia. Para Catalu\u00f1a la situaci\u00f3n es sustancialmente diferente, pero tambi\u00e9n presenta una imagen que no es del todo tranquilizadora. A principios de julio se ha llegado a 294 casos. Estamos lejos por tanto de los m\u00e1ximos del inicio de la pandemia cuando se superaban claramente los 1.500 y en ocasiones se llegaron a superar los 2.000. El confinamiento provoc\u00f3 una progresiva reducci\u00f3n hasta llegar a principios de mayo. Despu\u00e9s la reducci\u00f3n fue continuando y a mediados de junio se situ\u00f3 en una cifra muy baja, en torno a los 50-60 casos diarios. Pero a partir del 15 de junio la evoluci\u00f3n ha sido continuada y creciente, y hemos pasado de esta cincuentena al centenar, y luego hemos llegado a superar o rozar los 300. Por lo tanto, ahora hemos retrocedido a la situaci\u00f3n de la fase final del desconfinamiento en mayo. Todo lo ganado entre esta fecha y mediados de junio lo hemos perdido con un factor adicional, que es que la tendencia es a aumentar y no a reducirse. Y ese es el problema. Por lo tanto, vivimos una situaci\u00f3n claramente negativa en el caso del Segri\u00e0, donde el coronavirus ha desbordado todos los sistemas de contenci\u00f3n, pero estamos en una situaci\u00f3n de alerta en Catalu\u00f1a, porque si se mantiene la tendencia actual, las restricciones volver\u00e1n. La llamada al comportamiento responsable de la poblaci\u00f3n es del todo necesaria. Pero tambi\u00e9n lo es, como hemos reiterado, que la Generalitat aplique m\u00e1s recursos a la identificaci\u00f3n, control, seguimiento y aislamiento de los casos porque sigue ahorrando en un cap\u00edtulo b\u00e1sico. Y tambi\u00e9n que en lugar de ir pidiendo \u00abvoluntarios sanitarios\u00bb para ir a Lleida, pase a llevar a cabo contrataciones masivas no s\u00f3lo para prever una mayor incidencia de la pandemia este verano, sino para dar descanso al fatigado personal sanitario de forma que pueda estar en buenas condiciones cuando se produzca la segunda oleada en oto\u00f1o. Si esto no se hace, abordaremos aquella \u00e9poca dif\u00edcil con unos recursos humanos agotados por meses y meses de trabajo intenso y en condiciones desfavorables.","og_url":"https:\/\/conversesacatalunya.cat\/es\/coronavirus-por-que-tiene-mala-pinta-la-situacion-en-cataluna\/","og_site_name":"Converses a Catalunya","article_published_time":"2020-07-07T11:25:50+00:00","article_modified_time":"2020-07-07T15:04:51+00:00","og_image":[{"width":991,"height":558,"url":"https:\/\/conversesacatalunya.cat\/wp-content\/uploads\/2020\/07\/coronavirus-situaci\u00f3-a-catalunya.jpg","type":"image\/jpeg"}],"author":"conversesacatalunya","twitter_card":"summary_large_image","twitter_misc":{"Escrito por":"conversesacatalunya","Tiempo de lectura":"3 minutos"},"schema":{"@context":"https:\/\/schema.org","@graph":[{"@type":"Article","@id":"https:\/\/conversesacatalunya.cat\/es\/coronavirus-por-que-tiene-mala-pinta-la-situacion-en-cataluna\/#article","isPartOf":{"@id":"https:\/\/conversesacatalunya.cat\/es\/coronavirus-por-que-tiene-mala-pinta-la-situacion-en-cataluna\/"},"author":{"name":"conversesacatalunya","@id":"https:\/\/conversesacatalunya.cat\/#\/schema\/person\/7e24d1e54a2785373ddcb275eae5ed99"},"headline":"Coronavirus: por qu\u00e9 tiene mala pinta la situaci\u00f3n en Catalu\u00f1a","datePublished":"2020-07-07T11:25:50+00:00","dateModified":"2020-07-07T15:04:51+00:00","mainEntityOfPage":{"@id":"https:\/\/conversesacatalunya.cat\/es\/coronavirus-por-que-tiene-mala-pinta-la-situacion-en-cataluna\/"},"wordCount":659,"commentCount":0,"image":{"@id":"https:\/\/conversesacatalunya.cat\/es\/coronavirus-por-que-tiene-mala-pinta-la-situacion-en-cataluna\/#primaryimage"},"thumbnailUrl":"https:\/\/conversesacatalunya.cat\/wp-content\/uploads\/2020\/07\/coronavirus-situaci\u00f3-a-catalunya.jpg","keywords":["coronavirus"],"articleSection":["Especial Coronavirus (ES)","Punts clau del dia (ES)"],"inLanguage":"es","potentialAction":[{"@type":"CommentAction","name":"Comment","target":["https:\/\/conversesacatalunya.cat\/es\/coronavirus-por-que-tiene-mala-pinta-la-situacion-en-cataluna\/#respond"]}]},{"@type":"WebPage","@id":"https:\/\/conversesacatalunya.cat\/es\/coronavirus-por-que-tiene-mala-pinta-la-situacion-en-cataluna\/","url":"https:\/\/conversesacatalunya.cat\/es\/coronavirus-por-que-tiene-mala-pinta-la-situacion-en-cataluna\/","name":"Coronavirus: por qu\u00e9 tiene mala pinta la situaci\u00f3n en Catalu\u00f1a - Converses a Catalunya","isPartOf":{"@id":"https:\/\/conversesacatalunya.cat\/#website"},"primaryImageOfPage":{"@id":"https:\/\/conversesacatalunya.cat\/es\/coronavirus-por-que-tiene-mala-pinta-la-situacion-en-cataluna\/#primaryimage"},"image":{"@id":"https:\/\/conversesacatalunya.cat\/es\/coronavirus-por-que-tiene-mala-pinta-la-situacion-en-cataluna\/#primaryimage"},"thumbnailUrl":"https:\/\/conversesacatalunya.cat\/wp-content\/uploads\/2020\/07\/coronavirus-situaci\u00f3-a-catalunya.jpg","datePublished":"2020-07-07T11:25:50+00:00","dateModified":"2020-07-07T15:04:51+00:00","author":{"@id":"https:\/\/conversesacatalunya.cat\/#\/schema\/person\/7e24d1e54a2785373ddcb275eae5ed99"},"breadcrumb":{"@id":"https:\/\/conversesacatalunya.cat\/es\/coronavirus-por-que-tiene-mala-pinta-la-situacion-en-cataluna\/#breadcrumb"},"inLanguage":"es","potentialAction":[{"@type":"ReadAction","target":["https:\/\/conversesacatalunya.cat\/es\/coronavirus-por-que-tiene-mala-pinta-la-situacion-en-cataluna\/"]}]},{"@type":"ImageObject","inLanguage":"es","@id":"https:\/\/conversesacatalunya.cat\/es\/coronavirus-por-que-tiene-mala-pinta-la-situacion-en-cataluna\/#primaryimage","url":"https:\/\/conversesacatalunya.cat\/wp-content\/uploads\/2020\/07\/coronavirus-situaci\u00f3-a-catalunya.jpg","contentUrl":"https:\/\/conversesacatalunya.cat\/wp-content\/uploads\/2020\/07\/coronavirus-situaci\u00f3-a-catalunya.jpg","width":991,"height":558,"caption":"coronavirus situaci\u00f3 a catalunya"},{"@type":"BreadcrumbList","@id":"https:\/\/conversesacatalunya.cat\/es\/coronavirus-por-que-tiene-mala-pinta-la-situacion-en-cataluna\/#breadcrumb","itemListElement":[{"@type":"ListItem","position":1,"name":"Inici","item":"https:\/\/conversesacatalunya.cat\/es\/"},{"@type":"ListItem","position":2,"name":"Coronavirus: por qu\u00e9 tiene mala pinta la situaci\u00f3n en Catalu\u00f1a"}]},{"@type":"WebSite","@id":"https:\/\/conversesacatalunya.cat\/#website","url":"https:\/\/conversesacatalunya.cat\/","name":"Converses a Catalunya","description":"","potentialAction":[{"@type":"SearchAction","target":{"@type":"EntryPoint","urlTemplate":"https:\/\/conversesacatalunya.cat\/?s={search_term_string}"},"query-input":{"@type":"PropertyValueSpecification","valueRequired":true,"valueName":"search_term_string"}}],"inLanguage":"es"},{"@type":"Person","@id":"https:\/\/conversesacatalunya.cat\/#\/schema\/person\/7e24d1e54a2785373ddcb275eae5ed99","name":"conversesacatalunya","image":{"@type":"ImageObject","inLanguage":"es","@id":"https:\/\/conversesacatalunya.cat\/#\/schema\/person\/image\/","url":"https:\/\/conversesacatalunya.cat\/wp-content\/litespeed\/avatar\/febdfeeec89d950f01c748045a981dd2.jpg?ver=1777314535","contentUrl":"https:\/\/conversesacatalunya.cat\/wp-content\/litespeed\/avatar\/febdfeeec89d950f01c748045a981dd2.jpg?ver=1777314535","caption":"conversesacatalunya"},"url":"https:\/\/conversesacatalunya.cat\/es\/author\/carme_catala\/"}]}},"wps_subtitle":"","_links":{"self":[{"href":"https:\/\/conversesacatalunya.cat\/es\/wp-json\/wp\/v2\/posts\/38147","targetHints":{"allow":["GET"]}}],"collection":[{"href":"https:\/\/conversesacatalunya.cat\/es\/wp-json\/wp\/v2\/posts"}],"about":[{"href":"https:\/\/conversesacatalunya.cat\/es\/wp-json\/wp\/v2\/types\/post"}],"author":[{"embeddable":true,"href":"https:\/\/conversesacatalunya.cat\/es\/wp-json\/wp\/v2\/users\/2"}],"replies":[{"embeddable":true,"href":"https:\/\/conversesacatalunya.cat\/es\/wp-json\/wp\/v2\/comments?post=38147"}],"version-history":[{"count":2,"href":"https:\/\/conversesacatalunya.cat\/es\/wp-json\/wp\/v2\/posts\/38147\/revisions"}],"predecessor-version":[{"id":38148,"href":"https:\/\/conversesacatalunya.cat\/es\/wp-json\/wp\/v2\/posts\/38147\/revisions\/38148"}],"wp:featuredmedia":[{"embeddable":true,"href":"https:\/\/conversesacatalunya.cat\/es\/wp-json\/wp\/v2\/media\/38134"}],"wp:attachment":[{"href":"https:\/\/conversesacatalunya.cat\/es\/wp-json\/wp\/v2\/media?parent=38147"}],"wp:term":[{"taxonomy":"category","embeddable":true,"href":"https:\/\/conversesacatalunya.cat\/es\/wp-json\/wp\/v2\/categories?post=38147"},{"taxonomy":"post_tag","embeddable":true,"href":"https:\/\/conversesacatalunya.cat\/es\/wp-json\/wp\/v2\/tags?post=38147"}],"curies":[{"name":"wp","href":"https:\/\/api.w.org\/{rel}","templated":true}]}}