{"id":37971,"date":"2020-06-30T22:04:14","date_gmt":"2020-06-30T20:04:14","guid":{"rendered":"https:\/\/conversesacatalunya.cat\/eleccions-estats-units-trump-enrere-biden\/"},"modified":"2020-07-01T14:03:32","modified_gmt":"2020-07-01T12:03:32","slug":"elecciones-en-estados-unidos-esta-ya-trump-demasiado-atras-respecto-a-biden","status":"publish","type":"post","link":"https:\/\/conversesacatalunya.cat\/es\/elecciones-en-estados-unidos-esta-ya-trump-demasiado-atras-respecto-a-biden\/","title":{"rendered":"Elecciones en Estados Unidos: \u00bfest\u00e1 ya Trump demasiado atr\u00e1s respecto a Biden?"},"content":{"rendered":"<p>En plena epidemia de coronavirus y a cuatro meses de las eleccions, parecer\u00eda esperable que el presidente de los Estados Unidos ampliara distancias con su rival dem\u00f3crata. Joe Biden hace campa\u00f1a desde el s\u00f3tano de su casa en una cuarentena autoimpuesta, mientras que Donald Trump dirige un pa\u00eds en crisis.<\/p>\n<p>Sin embargo, la impulsividad que le caracteriza parece estar pasando factura a Trump desde hace unos meses. Primero debido a la pandemia y despu\u00e9s por las protestas a ra\u00edz de la muerte de George Floyd.<\/p>\n<p>El problema no es su popularidad, permanentemente estancada en torno al 40-45% &#8211; 39% <a href=\"https:\/\/edition.cnn.com\/2020\/06\/14\/politics\/trump-approval-rating-analysis\/index.html\" target=\"_blank\" rel=\"noopener noreferrer\">seg\u00fan<\/a> el \u00faltimo sondeo. La cuesti\u00f3n es que su rival lo avanza ahora con amplios m\u00e1rgenes en todas las encuestas. La diferencia <a href=\"https:\/\/www.ft.com\/content\/bd3c99b9-b98f-4d92-9a76-4e660a659c96\" target=\"_blank\" rel=\"noopener noreferrer\">alcanza<\/a> los 14 puntos porcentuales seg\u00fan un sondeo del <em>New York Times<\/em> \/ Siena.<\/p>\n<p>Entre los estados indecisos, los llamados \u00abswing states\u00bb, varios que fueron clave en 2016 para Trump, como Pensilvania, Michigan o Wisconsin, aparecen ahora como dem\u00f3cratas. Biden avanza a Trump incluso en Texas, donde ning\u00fan dem\u00f3crata ha resultado vencedor desde los tiempos de Jimmy Carter.<\/p>\n<p>\u00abSi las elecciones en los Estados Unidos tuvieran lugar hoy, parece evidente que Joe Biden ser\u00eda elegido presidente de forma confortable\u00bb, concluye Whit Ayres, un republicano experto en encuestas.<\/p>\n<p>Pero la cuesti\u00f3n no es esa, sino si Biden puede considerar asegurada su elecci\u00f3n a cuatro meses de los comicios.<\/p>\n<p>Ante la pregunta crucial, todo el mundo renuncia a augurar la victoria segura del dem\u00f3crata. Seg\u00fan un sondeo del mismo <em>New York Times<\/em> horas antes de las presidenciales de 2016, Hillary Clinton habr\u00eda ganado a Trump por un amplio margen.<\/p>\n<p>Como Ayres afirma, las cosas pueden cambiar muy r\u00e1pidamente en el panorama pol\u00edtico: \u00aben pol\u00edtica, cuatro meses equivalen a un par de a\u00f1os luz\u00bb.<\/p>\n<p>Primeramente, hasta ahora Biden se ha avanzado en los sondeos por desafecci\u00f3n a Trump. Pero una vez que los dos candidatos se pongan a hacer campa\u00f1a, el republicano podr\u00eda capitalizar f\u00e1cilmente las frecuentes meteduras de pata del dem\u00f3crata. Una de las <a href=\"https:\/\/cnnespanol.cnn.com\/2020\/05\/22\/biden-si-tienes-un-problema-para-decidir-si-estas-conmigo-o-con-trump-entonces-no-eres-negro\/\" target=\"_blank\" rel=\"noopener noreferrer\">\u00faltimas<\/a> ha sido declarar a un afroamericano que \u00absi tienes un problema para decidir si est\u00e1s conmigo o con Trump, entonces no eres negro\u00bb.<\/p>\n<p>M\u00e1s all\u00e1 del factor Biden, el senador republicano John Barrasso de Wyoming piensa que el resultado estar\u00e1 fuertemente condicionado por la rapidez de la recuperaci\u00f3n econ\u00f3mica. Y en este \u00e1mbito, los estadounidenses conf\u00edan m\u00e1s en Trump que en Biden para enderezar el pa\u00eds, seg\u00fan cita el <em>Financial Times<\/em>.<\/p>\n<p>Sobre el primer mitin electoral que Trump celebr\u00f3 en Tulsa en un estadio medio vac\u00edo, Barrasso apunta que la cadena Fox, que retransmit\u00eda en directo el acto, tuvo en cambio una audiencia r\u00e9cord.<\/p>\n<p>Otra \u00e1rea donde Trump sigue siendo m\u00e1s fuerte que Biden es en entusiasmo de los votantes. Los sondeos apuntan a que la base del republicano est\u00e1 m\u00e1s ilusionada que la del dem\u00f3crata, que ya fue exvicepresidente de Barack Obama.<\/p>\n<p>Si bien no permiten inclinar en ning\u00fan sentido la balanza, estos signos dejan entrever una campa\u00f1a electoral ardua, y posiblemente at\u00edpica por el impacto duradero del coronavirus antes de la llegada de la vacuna.<\/p>\n<span class='bctt-click-to-tweet'><span class='bctt-ctt-text'><a href='https:\/\/twitter.com\/intent\/tweet?url=https%3A%2F%2Fconversesacatalunya.cat%2Fes%2Felecciones-en-estados-unidos-esta-ya-trump-demasiado-atras-respecto-a-biden%2F&#038;text=Joe%20Biden%20hace%20campa%C3%B1a%20desde%20el%20s%C3%B3tano%20de%20su%20casa%20en%20una%20cuarentena%20autoimpuesta&#038;via=conversesacat&#038;related=conversesacat' target='_blank'rel=\"noopener noreferrer\">Joe Biden hace campa\u00f1a desde el s\u00f3tano de su casa en una cuarentena autoimpuesta <\/a><\/span><a href='https:\/\/twitter.com\/intent\/tweet?url=https%3A%2F%2Fconversesacatalunya.cat%2Fes%2Felecciones-en-estados-unidos-esta-ya-trump-demasiado-atras-respecto-a-biden%2F&#038;text=Joe%20Biden%20hace%20campa%C3%B1a%20desde%20el%20s%C3%B3tano%20de%20su%20casa%20en%20una%20cuarentena%20autoimpuesta&#038;via=conversesacat&#038;related=conversesacat' target='_blank' class='bctt-ctt-btn'rel=\"noopener noreferrer\">Compartir en X<\/a><\/span>\n<div id=\"polls-57\" class=\"wp-polls\">\n\t<form id=\"polls_form_57\" class=\"wp-polls-form\" action=\"\/index.php\" method=\"post\">\n\t\t<p style=\"display: none;\"><input type=\"hidden\" id=\"poll_57_nonce\" name=\"wp-polls-nonce\" value=\"daf798808b\" \/><\/p>\n\t\t<p style=\"display: none;\"><input type=\"hidden\" name=\"poll_id\" value=\"57\" \/><\/p>\n\t\t<p style=\"text-align: center\"><strong>Portes o has portat els teus fills\/filles a una escola concertada?<\/strong><\/p><div id=\"polls-57-ans\" class=\"wp-polls-ans\"><ul class=\"wp-polls-ul\">\n\t\t<li><input type=\"radio\" id=\"poll-answer-120\" name=\"poll_57\" value=\"120\" \/> <label for=\"poll-answer-120\">Si<\/label><\/li>\n\t\t<li><input type=\"radio\" id=\"poll-answer-121\" name=\"poll_57\" value=\"121\" \/> <label for=\"poll-answer-121\">No<\/label><\/li>\n\t\t<\/ul><p style=\"text-align: center\"><input type=\"button\" name=\"vote\" value=\"   Vota   \" class=\"Buttons\" onclick=\"poll_vote(57);\" \/><\/p><p style=\"text-align: center\"><a href=\"#ViewPollResults\" onclick=\"poll_result(57); return false;\" title=\"View Results Of This Poll\">Mira els resultats<\/a><\/p><\/div>\n\t<\/form>\n<\/div>\n<div id=\"polls-57-loading\" class=\"wp-polls-loading\"><img decoding=\"async\" data-src=\"https:\/\/conversesacatalunya.cat\/wp-content\/plugins\/wp-polls\/images\/loading.gif\" width=\"16\" height=\"16\" alt=\"Cargando ...\" title=\"Cargando ...\" class=\"wp-polls-image lazyload\" src=\"data:image\/svg+xml;base64,PHN2ZyB3aWR0aD0iMSIgaGVpZ2h0PSIxIiB4bWxucz0iaHR0cDovL3d3dy53My5vcmcvMjAwMC9zdmciPjwvc3ZnPg==\" style=\"--smush-placeholder-width: 16px; --smush-placeholder-aspect-ratio: 16\/16;\" \/>&nbsp;Cargando ...<\/div>\n\n","protected":false},"excerpt":{"rendered":"<p>En plena epidemia de coronavirus y a cuatro meses de las eleccions, parecer\u00eda esperable que el presidente de los Estados Unidos ampliara distancias con su rival dem\u00f3crata. Joe Biden hace campa\u00f1a desde el s\u00f3tano de su casa en una cuarentena autoimpuesta, mientras que Donald Trump dirige un pa\u00eds en crisis. Sin embargo, la impulsividad que le caracteriza parece estar pasando factura a Trump desde hace unos meses. Primero debido a la pandemia y despu\u00e9s por las protestas a ra\u00edz de la muerte de George Floyd. El problema no es su popularidad, permanentemente estancada en torno al 40-45% &#8211; 39% seg\u00fan el \u00faltimo sondeo. La cuesti\u00f3n es que su rival lo avanza ahora con amplios m\u00e1rgenes en todas las encuestas. La diferencia alcanza los 14 puntos porcentuales seg\u00fan un sondeo del New York Times \/ Siena. Entre los estados indecisos, los llamados \u00abswing states\u00bb, varios que fueron clave en 2016 para Trump, como Pensilvania, Michigan o Wisconsin, aparecen ahora como dem\u00f3cratas. Biden avanza a Trump incluso en Texas, donde ning\u00fan dem\u00f3crata ha resultado vencedor desde los tiempos de Jimmy Carter. \u00abSi las elecciones en los Estados Unidos tuvieran lugar hoy, parece evidente que Joe Biden ser\u00eda elegido presidente de forma confortable\u00bb, concluye Whit Ayres, un republicano experto en encuestas. Pero la cuesti\u00f3n no es esa, sino si Biden puede considerar asegurada su elecci\u00f3n a cuatro meses de los comicios. Ante la pregunta crucial, todo el mundo renuncia a augurar la victoria segura del dem\u00f3crata. Seg\u00fan un sondeo del mismo New York Times horas antes de las presidenciales de 2016, Hillary Clinton habr\u00eda ganado a Trump por un amplio margen. Como Ayres afirma, las cosas pueden cambiar muy r\u00e1pidamente en el panorama pol\u00edtico: \u00aben pol\u00edtica, cuatro meses equivalen a un par de a\u00f1os luz\u00bb. Primeramente, hasta ahora Biden se ha avanzado en los sondeos por desafecci\u00f3n a Trump. Pero una vez que los dos candidatos se pongan a hacer campa\u00f1a, el republicano podr\u00eda capitalizar f\u00e1cilmente las frecuentes meteduras de pata del dem\u00f3crata. Una de las \u00faltimas ha sido declarar a un afroamericano que \u00absi tienes un problema para decidir si est\u00e1s conmigo o con Trump, entonces no eres negro\u00bb. M\u00e1s all\u00e1 del factor Biden, el senador republicano John Barrasso de Wyoming piensa que el resultado estar\u00e1 fuertemente condicionado por la rapidez de la recuperaci\u00f3n econ\u00f3mica. Y en este \u00e1mbito, los estadounidenses conf\u00edan m\u00e1s en Trump que en Biden para enderezar el pa\u00eds, seg\u00fan cita el Financial Times. Sobre el primer mitin electoral que Trump celebr\u00f3 en Tulsa en un estadio medio vac\u00edo, Barrasso apunta que la cadena Fox, que retransmit\u00eda en directo el acto, tuvo en cambio una audiencia r\u00e9cord. Otra \u00e1rea donde Trump sigue siendo m\u00e1s fuerte que Biden es en entusiasmo de los votantes. Los sondeos apuntan a que la base del republicano est\u00e1 m\u00e1s ilusionada que la del dem\u00f3crata, que ya fue exvicepresidente de Barack Obama. Si bien no permiten inclinar en ning\u00fan sentido la balanza, estos signos dejan entrever una campa\u00f1a electoral ardua, y posiblemente at\u00edpica por el impacto duradero del coronavirus antes de la llegada de la vacuna.<\/p>\n","protected":false},"author":67,"featured_media":37940,"comment_status":"open","ping_status":"open","sticky":false,"template":"","format":"standard","meta":{"_FSMCFIC_featured_image_caption":"","_FSMCFIC_featured_image_nocaption":"","_FSMCFIC_featured_image_hide":"","footnotes":""},"categories":[806],"tags":[963,1758,2033],"class_list":["post-37971","post","type-post","status-publish","format-standard","has-post-thumbnail","hentry","category-punts-claus-del-dia-es","tag-donald-trump-es","tag-elecciones-ee-uu","tag-joe-biden-es"],"yoast_head":"<!-- This site is optimized with the Yoast SEO plugin v26.8 - https:\/\/yoast.com\/product\/yoast-seo-wordpress\/ -->\n<title>Elecciones en Estados Unidos: \u00bfest\u00e1 ya Trump demasiado atr\u00e1s respecto a Biden? - Converses a Catalunya<\/title>\n<meta name=\"description\" content=\"Si las elecciones en Estados Unidos se celebraran ma\u00f1ana, Biden ganar\u00eda por amplio margen. Pero varios factores apuntan a que Trump sigue teniendo opciones\" \/>\n<meta name=\"robots\" content=\"index, follow, max-snippet:-1, max-image-preview:large, max-video-preview:-1\" \/>\n<link rel=\"canonical\" href=\"https:\/\/conversesacatalunya.cat\/es\/elecciones-en-estados-unidos-esta-ya-trump-demasiado-atras-respecto-a-biden\/\" \/>\n<meta property=\"og:locale\" content=\"es_ES\" \/>\n<meta property=\"og:type\" content=\"article\" \/>\n<meta property=\"og:title\" content=\"Elecciones en Estados Unidos: \u00bfest\u00e1 ya Trump demasiado atr\u00e1s respecto a Biden? - Converses a Catalunya\" \/>\n<meta property=\"og:description\" content=\"Si las elecciones en Estados Unidos se celebraran ma\u00f1ana, Biden ganar\u00eda por amplio margen. Pero varios factores apuntan a que Trump sigue teniendo opciones\" \/>\n<meta property=\"og:url\" content=\"https:\/\/conversesacatalunya.cat\/es\/elecciones-en-estados-unidos-esta-ya-trump-demasiado-atras-respecto-a-biden\/\" \/>\n<meta property=\"og:site_name\" content=\"Converses a Catalunya\" \/>\n<meta property=\"article:published_time\" content=\"2020-06-30T20:04:14+00:00\" \/>\n<meta property=\"article:modified_time\" content=\"2020-07-01T12:03:32+00:00\" \/>\n<meta property=\"og:image\" content=\"https:\/\/conversesacatalunya.cat\/wp-content\/uploads\/2020\/06\/Joe-Biden-et-Donald-Trump-810x608-1.jpg\" \/>\n\t<meta property=\"og:image:width\" content=\"810\" \/>\n\t<meta property=\"og:image:height\" content=\"608\" \/>\n\t<meta property=\"og:image:type\" content=\"image\/jpeg\" \/>\n<meta name=\"author\" content=\"conversesacatalunya\" \/>\n<meta name=\"twitter:card\" content=\"summary_large_image\" \/>\n<meta name=\"twitter:label1\" content=\"Escrito por\" \/>\n\t<meta name=\"twitter:data1\" content=\"conversesacatalunya\" \/>\n\t<meta name=\"twitter:label2\" content=\"Tiempo de lectura\" \/>\n\t<meta name=\"twitter:data2\" content=\"3 minutos\" \/>\n<script type=\"application\/ld+json\" class=\"yoast-schema-graph\">{\"@context\":\"https:\/\/schema.org\",\"@graph\":[{\"@type\":\"Article\",\"@id\":\"https:\/\/conversesacatalunya.cat\/es\/elecciones-en-estados-unidos-esta-ya-trump-demasiado-atras-respecto-a-biden\/#article\",\"isPartOf\":{\"@id\":\"https:\/\/conversesacatalunya.cat\/es\/elecciones-en-estados-unidos-esta-ya-trump-demasiado-atras-respecto-a-biden\/\"},\"author\":{\"name\":\"conversesacatalunya\",\"@id\":\"https:\/\/conversesacatalunya.cat\/#\/schema\/person\/c5a8ffe796b1512764aeb6d6d6fa0fc7\"},\"headline\":\"Elecciones en Estados Unidos: \u00bfest\u00e1 ya Trump demasiado atr\u00e1s respecto a Biden?\",\"datePublished\":\"2020-06-30T20:04:14+00:00\",\"dateModified\":\"2020-07-01T12:03:32+00:00\",\"mainEntityOfPage\":{\"@id\":\"https:\/\/conversesacatalunya.cat\/es\/elecciones-en-estados-unidos-esta-ya-trump-demasiado-atras-respecto-a-biden\/\"},\"wordCount\":587,\"commentCount\":0,\"image\":{\"@id\":\"https:\/\/conversesacatalunya.cat\/es\/elecciones-en-estados-unidos-esta-ya-trump-demasiado-atras-respecto-a-biden\/#primaryimage\"},\"thumbnailUrl\":\"https:\/\/conversesacatalunya.cat\/wp-content\/uploads\/2020\/06\/Joe-Biden-et-Donald-Trump-810x608-1.jpg\",\"keywords\":[\"Donald Trump\",\"elecciones EE. UU.\",\"Joe Biden\"],\"articleSection\":[\"Punts clau del dia (ES)\"],\"inLanguage\":\"es\",\"potentialAction\":[{\"@type\":\"CommentAction\",\"name\":\"Comment\",\"target\":[\"https:\/\/conversesacatalunya.cat\/es\/elecciones-en-estados-unidos-esta-ya-trump-demasiado-atras-respecto-a-biden\/#respond\"]}]},{\"@type\":\"WebPage\",\"@id\":\"https:\/\/conversesacatalunya.cat\/es\/elecciones-en-estados-unidos-esta-ya-trump-demasiado-atras-respecto-a-biden\/\",\"url\":\"https:\/\/conversesacatalunya.cat\/es\/elecciones-en-estados-unidos-esta-ya-trump-demasiado-atras-respecto-a-biden\/\",\"name\":\"Elecciones en Estados Unidos: \u00bfest\u00e1 ya Trump demasiado atr\u00e1s respecto a Biden? - Converses a Catalunya\",\"isPartOf\":{\"@id\":\"https:\/\/conversesacatalunya.cat\/#website\"},\"primaryImageOfPage\":{\"@id\":\"https:\/\/conversesacatalunya.cat\/es\/elecciones-en-estados-unidos-esta-ya-trump-demasiado-atras-respecto-a-biden\/#primaryimage\"},\"image\":{\"@id\":\"https:\/\/conversesacatalunya.cat\/es\/elecciones-en-estados-unidos-esta-ya-trump-demasiado-atras-respecto-a-biden\/#primaryimage\"},\"thumbnailUrl\":\"https:\/\/conversesacatalunya.cat\/wp-content\/uploads\/2020\/06\/Joe-Biden-et-Donald-Trump-810x608-1.jpg\",\"datePublished\":\"2020-06-30T20:04:14+00:00\",\"dateModified\":\"2020-07-01T12:03:32+00:00\",\"author\":{\"@id\":\"https:\/\/conversesacatalunya.cat\/#\/schema\/person\/c5a8ffe796b1512764aeb6d6d6fa0fc7\"},\"description\":\"Si las elecciones en Estados Unidos se celebraran ma\u00f1ana, Biden ganar\u00eda por amplio margen. Pero varios factores apuntan a que Trump sigue teniendo opciones\",\"breadcrumb\":{\"@id\":\"https:\/\/conversesacatalunya.cat\/es\/elecciones-en-estados-unidos-esta-ya-trump-demasiado-atras-respecto-a-biden\/#breadcrumb\"},\"inLanguage\":\"es\",\"potentialAction\":[{\"@type\":\"ReadAction\",\"target\":[\"https:\/\/conversesacatalunya.cat\/es\/elecciones-en-estados-unidos-esta-ya-trump-demasiado-atras-respecto-a-biden\/\"]}]},{\"@type\":\"ImageObject\",\"inLanguage\":\"es\",\"@id\":\"https:\/\/conversesacatalunya.cat\/es\/elecciones-en-estados-unidos-esta-ya-trump-demasiado-atras-respecto-a-biden\/#primaryimage\",\"url\":\"https:\/\/conversesacatalunya.cat\/wp-content\/uploads\/2020\/06\/Joe-Biden-et-Donald-Trump-810x608-1.jpg\",\"contentUrl\":\"https:\/\/conversesacatalunya.cat\/wp-content\/uploads\/2020\/06\/Joe-Biden-et-Donald-Trump-810x608-1.jpg\",\"width\":810,\"height\":608,\"caption\":\"Eleccions als Estats Units\"},{\"@type\":\"BreadcrumbList\",\"@id\":\"https:\/\/conversesacatalunya.cat\/es\/elecciones-en-estados-unidos-esta-ya-trump-demasiado-atras-respecto-a-biden\/#breadcrumb\",\"itemListElement\":[{\"@type\":\"ListItem\",\"position\":1,\"name\":\"Inici\",\"item\":\"https:\/\/conversesacatalunya.cat\/es\/\"},{\"@type\":\"ListItem\",\"position\":2,\"name\":\"Elecciones en Estados Unidos: \u00bfest\u00e1 ya Trump demasiado atr\u00e1s respecto a Biden?\"}]},{\"@type\":\"WebSite\",\"@id\":\"https:\/\/conversesacatalunya.cat\/#website\",\"url\":\"https:\/\/conversesacatalunya.cat\/\",\"name\":\"Converses a Catalunya\",\"description\":\"\",\"potentialAction\":[{\"@type\":\"SearchAction\",\"target\":{\"@type\":\"EntryPoint\",\"urlTemplate\":\"https:\/\/conversesacatalunya.cat\/?s={search_term_string}\"},\"query-input\":{\"@type\":\"PropertyValueSpecification\",\"valueRequired\":true,\"valueName\":\"search_term_string\"}}],\"inLanguage\":\"es\"},{\"@type\":\"Person\",\"@id\":\"https:\/\/conversesacatalunya.cat\/#\/schema\/person\/c5a8ffe796b1512764aeb6d6d6fa0fc7\",\"name\":\"conversesacatalunya\",\"image\":{\"@type\":\"ImageObject\",\"inLanguage\":\"es\",\"@id\":\"https:\/\/conversesacatalunya.cat\/#\/schema\/person\/image\/\",\"url\":\"https:\/\/conversesacatalunya.cat\/wp-content\/litespeed\/avatar\/02659ee938034c59a151ae106ade943e.jpg?ver=1777051754\",\"contentUrl\":\"https:\/\/conversesacatalunya.cat\/wp-content\/litespeed\/avatar\/02659ee938034c59a151ae106ade943e.jpg?ver=1777051754\",\"caption\":\"conversesacatalunya\"},\"url\":\"https:\/\/conversesacatalunya.cat\/es\/author\/carles_lopez\/\"}]}<\/script>\n<!-- \/ Yoast SEO plugin. -->","yoast_head_json":{"title":"Elecciones en Estados Unidos: \u00bfest\u00e1 ya Trump demasiado atr\u00e1s respecto a Biden? - Converses a Catalunya","description":"Si las elecciones en Estados Unidos se celebraran ma\u00f1ana, Biden ganar\u00eda por amplio margen. Pero varios factores apuntan a que Trump sigue teniendo opciones","robots":{"index":"index","follow":"follow","max-snippet":"max-snippet:-1","max-image-preview":"max-image-preview:large","max-video-preview":"max-video-preview:-1"},"canonical":"https:\/\/conversesacatalunya.cat\/es\/elecciones-en-estados-unidos-esta-ya-trump-demasiado-atras-respecto-a-biden\/","og_locale":"es_ES","og_type":"article","og_title":"Elecciones en Estados Unidos: \u00bfest\u00e1 ya Trump demasiado atr\u00e1s respecto a Biden? - Converses a Catalunya","og_description":"Si las elecciones en Estados Unidos se celebraran ma\u00f1ana, Biden ganar\u00eda por amplio margen. Pero varios factores apuntan a que Trump sigue teniendo opciones","og_url":"https:\/\/conversesacatalunya.cat\/es\/elecciones-en-estados-unidos-esta-ya-trump-demasiado-atras-respecto-a-biden\/","og_site_name":"Converses a Catalunya","article_published_time":"2020-06-30T20:04:14+00:00","article_modified_time":"2020-07-01T12:03:32+00:00","og_image":[{"width":810,"height":608,"url":"https:\/\/conversesacatalunya.cat\/wp-content\/uploads\/2020\/06\/Joe-Biden-et-Donald-Trump-810x608-1.jpg","type":"image\/jpeg"}],"author":"conversesacatalunya","twitter_card":"summary_large_image","twitter_misc":{"Escrito por":"conversesacatalunya","Tiempo de lectura":"3 minutos"},"schema":{"@context":"https:\/\/schema.org","@graph":[{"@type":"Article","@id":"https:\/\/conversesacatalunya.cat\/es\/elecciones-en-estados-unidos-esta-ya-trump-demasiado-atras-respecto-a-biden\/#article","isPartOf":{"@id":"https:\/\/conversesacatalunya.cat\/es\/elecciones-en-estados-unidos-esta-ya-trump-demasiado-atras-respecto-a-biden\/"},"author":{"name":"conversesacatalunya","@id":"https:\/\/conversesacatalunya.cat\/#\/schema\/person\/c5a8ffe796b1512764aeb6d6d6fa0fc7"},"headline":"Elecciones en Estados Unidos: \u00bfest\u00e1 ya Trump demasiado atr\u00e1s respecto a Biden?","datePublished":"2020-06-30T20:04:14+00:00","dateModified":"2020-07-01T12:03:32+00:00","mainEntityOfPage":{"@id":"https:\/\/conversesacatalunya.cat\/es\/elecciones-en-estados-unidos-esta-ya-trump-demasiado-atras-respecto-a-biden\/"},"wordCount":587,"commentCount":0,"image":{"@id":"https:\/\/conversesacatalunya.cat\/es\/elecciones-en-estados-unidos-esta-ya-trump-demasiado-atras-respecto-a-biden\/#primaryimage"},"thumbnailUrl":"https:\/\/conversesacatalunya.cat\/wp-content\/uploads\/2020\/06\/Joe-Biden-et-Donald-Trump-810x608-1.jpg","keywords":["Donald Trump","elecciones EE. UU.","Joe Biden"],"articleSection":["Punts clau del dia (ES)"],"inLanguage":"es","potentialAction":[{"@type":"CommentAction","name":"Comment","target":["https:\/\/conversesacatalunya.cat\/es\/elecciones-en-estados-unidos-esta-ya-trump-demasiado-atras-respecto-a-biden\/#respond"]}]},{"@type":"WebPage","@id":"https:\/\/conversesacatalunya.cat\/es\/elecciones-en-estados-unidos-esta-ya-trump-demasiado-atras-respecto-a-biden\/","url":"https:\/\/conversesacatalunya.cat\/es\/elecciones-en-estados-unidos-esta-ya-trump-demasiado-atras-respecto-a-biden\/","name":"Elecciones en Estados Unidos: \u00bfest\u00e1 ya Trump demasiado atr\u00e1s respecto a Biden? - Converses a Catalunya","isPartOf":{"@id":"https:\/\/conversesacatalunya.cat\/#website"},"primaryImageOfPage":{"@id":"https:\/\/conversesacatalunya.cat\/es\/elecciones-en-estados-unidos-esta-ya-trump-demasiado-atras-respecto-a-biden\/#primaryimage"},"image":{"@id":"https:\/\/conversesacatalunya.cat\/es\/elecciones-en-estados-unidos-esta-ya-trump-demasiado-atras-respecto-a-biden\/#primaryimage"},"thumbnailUrl":"https:\/\/conversesacatalunya.cat\/wp-content\/uploads\/2020\/06\/Joe-Biden-et-Donald-Trump-810x608-1.jpg","datePublished":"2020-06-30T20:04:14+00:00","dateModified":"2020-07-01T12:03:32+00:00","author":{"@id":"https:\/\/conversesacatalunya.cat\/#\/schema\/person\/c5a8ffe796b1512764aeb6d6d6fa0fc7"},"description":"Si las elecciones en Estados Unidos se celebraran ma\u00f1ana, Biden ganar\u00eda por amplio margen. Pero varios factores apuntan a que Trump sigue teniendo opciones","breadcrumb":{"@id":"https:\/\/conversesacatalunya.cat\/es\/elecciones-en-estados-unidos-esta-ya-trump-demasiado-atras-respecto-a-biden\/#breadcrumb"},"inLanguage":"es","potentialAction":[{"@type":"ReadAction","target":["https:\/\/conversesacatalunya.cat\/es\/elecciones-en-estados-unidos-esta-ya-trump-demasiado-atras-respecto-a-biden\/"]}]},{"@type":"ImageObject","inLanguage":"es","@id":"https:\/\/conversesacatalunya.cat\/es\/elecciones-en-estados-unidos-esta-ya-trump-demasiado-atras-respecto-a-biden\/#primaryimage","url":"https:\/\/conversesacatalunya.cat\/wp-content\/uploads\/2020\/06\/Joe-Biden-et-Donald-Trump-810x608-1.jpg","contentUrl":"https:\/\/conversesacatalunya.cat\/wp-content\/uploads\/2020\/06\/Joe-Biden-et-Donald-Trump-810x608-1.jpg","width":810,"height":608,"caption":"Eleccions als Estats Units"},{"@type":"BreadcrumbList","@id":"https:\/\/conversesacatalunya.cat\/es\/elecciones-en-estados-unidos-esta-ya-trump-demasiado-atras-respecto-a-biden\/#breadcrumb","itemListElement":[{"@type":"ListItem","position":1,"name":"Inici","item":"https:\/\/conversesacatalunya.cat\/es\/"},{"@type":"ListItem","position":2,"name":"Elecciones en Estados Unidos: \u00bfest\u00e1 ya Trump demasiado atr\u00e1s respecto a Biden?"}]},{"@type":"WebSite","@id":"https:\/\/conversesacatalunya.cat\/#website","url":"https:\/\/conversesacatalunya.cat\/","name":"Converses a Catalunya","description":"","potentialAction":[{"@type":"SearchAction","target":{"@type":"EntryPoint","urlTemplate":"https:\/\/conversesacatalunya.cat\/?s={search_term_string}"},"query-input":{"@type":"PropertyValueSpecification","valueRequired":true,"valueName":"search_term_string"}}],"inLanguage":"es"},{"@type":"Person","@id":"https:\/\/conversesacatalunya.cat\/#\/schema\/person\/c5a8ffe796b1512764aeb6d6d6fa0fc7","name":"conversesacatalunya","image":{"@type":"ImageObject","inLanguage":"es","@id":"https:\/\/conversesacatalunya.cat\/#\/schema\/person\/image\/","url":"https:\/\/conversesacatalunya.cat\/wp-content\/litespeed\/avatar\/02659ee938034c59a151ae106ade943e.jpg?ver=1777051754","contentUrl":"https:\/\/conversesacatalunya.cat\/wp-content\/litespeed\/avatar\/02659ee938034c59a151ae106ade943e.jpg?ver=1777051754","caption":"conversesacatalunya"},"url":"https:\/\/conversesacatalunya.cat\/es\/author\/carles_lopez\/"}]}},"wps_subtitle":"Si las elecciones en Estados Unidos se celebraran ma\u00f1ana, Biden ganar\u00eda por amplio margen. Pero varios factores apuntan a que Trump sigue teniendo opciones","_links":{"self":[{"href":"https:\/\/conversesacatalunya.cat\/es\/wp-json\/wp\/v2\/posts\/37971","targetHints":{"allow":["GET"]}}],"collection":[{"href":"https:\/\/conversesacatalunya.cat\/es\/wp-json\/wp\/v2\/posts"}],"about":[{"href":"https:\/\/conversesacatalunya.cat\/es\/wp-json\/wp\/v2\/types\/post"}],"author":[{"embeddable":true,"href":"https:\/\/conversesacatalunya.cat\/es\/wp-json\/wp\/v2\/users\/67"}],"replies":[{"embeddable":true,"href":"https:\/\/conversesacatalunya.cat\/es\/wp-json\/wp\/v2\/comments?post=37971"}],"version-history":[{"count":2,"href":"https:\/\/conversesacatalunya.cat\/es\/wp-json\/wp\/v2\/posts\/37971\/revisions"}],"predecessor-version":[{"id":37972,"href":"https:\/\/conversesacatalunya.cat\/es\/wp-json\/wp\/v2\/posts\/37971\/revisions\/37972"}],"wp:featuredmedia":[{"embeddable":true,"href":"https:\/\/conversesacatalunya.cat\/es\/wp-json\/wp\/v2\/media\/37940"}],"wp:attachment":[{"href":"https:\/\/conversesacatalunya.cat\/es\/wp-json\/wp\/v2\/media?parent=37971"}],"wp:term":[{"taxonomy":"category","embeddable":true,"href":"https:\/\/conversesacatalunya.cat\/es\/wp-json\/wp\/v2\/categories?post=37971"},{"taxonomy":"post_tag","embeddable":true,"href":"https:\/\/conversesacatalunya.cat\/es\/wp-json\/wp\/v2\/tags?post=37971"}],"curies":[{"name":"wp","href":"https:\/\/api.w.org\/{rel}","templated":true}]}}