{"id":37967,"date":"2020-07-01T07:45:10","date_gmt":"2020-07-01T05:45:10","guid":{"rendered":"https:\/\/conversesacatalunya.cat\/coronavirus-menys-mobilitat-pitjors-consequencies-economiques\/"},"modified":"2020-07-01T13:19:58","modified_gmt":"2020-07-01T11:19:58","slug":"coronavirus-menos-movilidad-peores-consecuencias-economicas","status":"publish","type":"post","link":"https:\/\/conversesacatalunya.cat\/es\/coronavirus-menos-movilidad-peores-consecuencias-economicas\/","title":{"rendered":"Coronavirus: menos movilidad, peores consecuencias econ\u00f3micas"},"content":{"rendered":"<p>En el \u00faltimo Informe Mensual de CaixaBank Research se establece una relaci\u00f3n interesante entre las diferentes medidas que se tomaron durante el estallido de la pandemia del Coronavirus y los efectos negativos sobre la econom\u00eda. Seg\u00fan los respectivos autores del estudio, l<strong>os pa\u00edses que m\u00e1s limitaron la movilidad peores consecuencias econ\u00f3micas est\u00e1n sufriendo<\/strong>. El objetivo de minimizar el coste humano de el COVID-19, evitar que los hospitales se viesen desbordados y ganar tiempo para conocer y as\u00ed combatir el virus. Sin embargo, las restricciones a la movilidad conllevan un coste econ\u00f3mico importante. En un momento en el que numerosos pa\u00edses empiezan una desescalada gradual y con las primeras estimaciones del PIB del primer trimestre, se empieza a vislumbrar lo que las medidas de distanciamiento social est\u00e1n comportando para la econom\u00eda en este segundo trimestre de 2020.<\/p>\n<p>China inici\u00f3 las medidas de confinamiento en enero y las mantuvo activas durante todo febrero y marzo. Por su parte, la mayor\u00eda de los pa\u00edses europeos y americanos empezaron a aplicar restricciones a la movilidad a finales del primer trimestre, pero estas siguieron y se intensificaron durante los meses de abril y mayo. Y es que mientras que en el primer trimestre el epicentro de la pandemia se situ\u00f3 en China, este se traslad\u00f3 a Europa en el mes de abril y al continente americano en mayo.<\/p>\n<p>Aquellos pa\u00edses con grados de confinamiento m\u00e1s estrictos durante los primeros meses del a\u00f1o \u2013y, por lo tan\u00ad\u00adto, con menores niveles de movilidad de sus ciudadanos\u2013 tambi\u00e9n han sido los que h<strong>an sufrido mayores ca\u00eddas de la ac\u00ad\u00adtividad econ\u00f3mica<\/strong>. As\u00ed, por ejemplo, en China, pa\u00eds con unas medidas de confinamiento severas a lo largo de todo el primer trimestre, la contracci\u00f3n del PIB se situ\u00f3 en el \u20139,8% (en t\u00e9rminos intertrimestrales); en Italia y Espa\u00f1a, pa\u00edses donde las pol\u00edticas de confinamiento llegaron m\u00e1s tarde pero fueron estrictas, la ca\u00edda se emplaz\u00f3 en torno al \u20135%; por su parte, en Alemania y EE. UU., pa\u00edses que implementaron medidas de distanciamiento menos severas y m\u00e1s tard\u00edas, la contracci\u00f3n fue del \u20132,2% y \u20131,2%, respectivamente.<\/p>\n<p>Pero a\u00fan la econom\u00eda est\u00e1 en riesgo de verse m\u00e1s perjudicada. En el segundo trimestre Espa\u00f1a y Francia <strong>han sufrido una \u00a0una ca\u00edda de la actividad de cerca de un 20% intertrimestral<\/strong>, debido a que las medidas de distanciamiento social est\u00e1n siendo m\u00e1s severas que en la mayor\u00eda de las econom\u00edas avanzadas y que el avance en la desescalada es m\u00e1s gradual. En un nivel intermedio estar\u00eda Portugal, con una ca\u00edda todav\u00eda sustancial pero algo menor (del orden del 15%). Finalmente, el impacto econ\u00f3mico en Alemania y EE. UU. se estima menor (en torno al 10%), ante unas medidas que han sido m\u00e1s laxas y menos generalizadas.<\/p>\n<p>A pesar de que los autores del estudio reconozcan que la intensidad de la desaceleraci\u00f3n econ\u00f3mica dependen de otros factores como, por ejemplo, el \u00e9xito con el que las distintas econom\u00edas hayan expandido el teletrabajo o la magnitud de las respuestas de pol\u00edtica econ\u00f3mica para amortiguar el impacto del shock, apuntan al distanciamiento social como una de las causas directas de el debilitamiento de los pa\u00edses que m\u00e1s han limitado la movilidad durante los dos primeros trimestres del a\u00f1o.<\/p>\n<span class='bctt-click-to-tweet'><span class='bctt-ctt-text'><a href='https:\/\/twitter.com\/intent\/tweet?url=https%3A%2F%2Fconversesacatalunya.cat%2Fes%2Fcoronavirus-menos-movilidad-peores-consecuencias-economicas%2F&#038;text=Seg%C3%BAn%20los%20respectivos%20autores%20del%20estudio%2C%20los%20pa%C3%ADses%20que%20m%C3%A1s%20limitaron%20la%20movilidad%20peores%20consecuencias%20econ%C3%B3micas%20est%C3%A1n%20sufriendo.&#038;via=conversesacat&#038;related=conversesacat' target='_blank'rel=\"noopener noreferrer\">Seg\u00fan los respectivos autores del estudio, los pa\u00edses que m\u00e1s limitaron la movilidad peores consecuencias econ\u00f3micas est\u00e1n sufriendo. <\/a><\/span><a href='https:\/\/twitter.com\/intent\/tweet?url=https%3A%2F%2Fconversesacatalunya.cat%2Fes%2Fcoronavirus-menos-movilidad-peores-consecuencias-economicas%2F&#038;text=Seg%C3%BAn%20los%20respectivos%20autores%20del%20estudio%2C%20los%20pa%C3%ADses%20que%20m%C3%A1s%20limitaron%20la%20movilidad%20peores%20consecuencias%20econ%C3%B3micas%20est%C3%A1n%20sufriendo.&#038;via=conversesacat&#038;related=conversesacat' target='_blank' class='bctt-ctt-btn'rel=\"noopener noreferrer\">Compartir en X<\/a><\/span>\n<p style=\"text-align: center;\">M\u00e1s informaci\u00f3n sobre el coronavirus en <a href=\"https:\/\/conversesacatalunya.cat\/es\/coronavirus\/\" target=\"_blank\" rel=\"noopener noreferrer\"><strong>ESPECIAL CORONAVIRUS<\/strong><\/a><\/p>\n<div id=\"polls-57\" class=\"wp-polls\">\n\t<form id=\"polls_form_57\" class=\"wp-polls-form\" action=\"\/index.php\" method=\"post\">\n\t\t<p style=\"display: none;\"><input type=\"hidden\" id=\"poll_57_nonce\" name=\"wp-polls-nonce\" value=\"0fea5a1595\" \/><\/p>\n\t\t<p style=\"display: none;\"><input type=\"hidden\" name=\"poll_id\" value=\"57\" \/><\/p>\n\t\t<p style=\"text-align: center\"><strong>Portes o has portat els teus fills\/filles a una escola concertada?<\/strong><\/p><div id=\"polls-57-ans\" class=\"wp-polls-ans\"><ul class=\"wp-polls-ul\">\n\t\t<li><input type=\"radio\" id=\"poll-answer-120\" name=\"poll_57\" value=\"120\" \/> <label for=\"poll-answer-120\">Si<\/label><\/li>\n\t\t<li><input type=\"radio\" id=\"poll-answer-121\" name=\"poll_57\" value=\"121\" \/> <label for=\"poll-answer-121\">No<\/label><\/li>\n\t\t<\/ul><p style=\"text-align: center\"><input type=\"button\" name=\"vote\" value=\"   Vota   \" class=\"Buttons\" onclick=\"poll_vote(57);\" \/><\/p><p style=\"text-align: center\"><a href=\"#ViewPollResults\" onclick=\"poll_result(57); return false;\" title=\"View Results Of This Poll\">Mira els resultats<\/a><\/p><\/div>\n\t<\/form>\n<\/div>\n<div id=\"polls-57-loading\" class=\"wp-polls-loading\"><img decoding=\"async\" data-src=\"https:\/\/conversesacatalunya.cat\/wp-content\/plugins\/wp-polls\/images\/loading.gif\" width=\"16\" height=\"16\" alt=\"Cargando ...\" title=\"Cargando ...\" class=\"wp-polls-image lazyload\" src=\"data:image\/svg+xml;base64,PHN2ZyB3aWR0aD0iMSIgaGVpZ2h0PSIxIiB4bWxucz0iaHR0cDovL3d3dy53My5vcmcvMjAwMC9zdmciPjwvc3ZnPg==\" style=\"--smush-placeholder-width: 16px; --smush-placeholder-aspect-ratio: 16\/16;\" \/>&nbsp;Cargando ...<\/div>\n\n","protected":false},"excerpt":{"rendered":"<p>En el \u00faltimo Informe Mensual de CaixaBank Research se establece una relaci\u00f3n interesante entre las diferentes medidas que se tomaron durante el estallido de la pandemia del Coronavirus y los efectos negativos sobre la econom\u00eda. Seg\u00fan los respectivos autores del estudio, los pa\u00edses que m\u00e1s limitaron la movilidad peores consecuencias econ\u00f3micas est\u00e1n sufriendo. El objetivo de minimizar el coste humano de el COVID-19, evitar que los hospitales se viesen desbordados y ganar tiempo para conocer y as\u00ed combatir el virus. Sin embargo, las restricciones a la movilidad conllevan un coste econ\u00f3mico importante. En un momento en el que numerosos pa\u00edses empiezan una desescalada gradual y con las primeras estimaciones del PIB del primer trimestre, se empieza a vislumbrar lo que las medidas de distanciamiento social est\u00e1n comportando para la econom\u00eda en este segundo trimestre de 2020. China inici\u00f3 las medidas de confinamiento en enero y las mantuvo activas durante todo febrero y marzo. Por su parte, la mayor\u00eda de los pa\u00edses europeos y americanos empezaron a aplicar restricciones a la movilidad a finales del primer trimestre, pero estas siguieron y se intensificaron durante los meses de abril y mayo. Y es que mientras que en el primer trimestre el epicentro de la pandemia se situ\u00f3 en China, este se traslad\u00f3 a Europa en el mes de abril y al continente americano en mayo. Aquellos pa\u00edses con grados de confinamiento m\u00e1s estrictos durante los primeros meses del a\u00f1o \u2013y, por lo tan\u00ad\u00adto, con menores niveles de movilidad de sus ciudadanos\u2013 tambi\u00e9n han sido los que han sufrido mayores ca\u00eddas de la ac\u00ad\u00adtividad econ\u00f3mica. As\u00ed, por ejemplo, en China, pa\u00eds con unas medidas de confinamiento severas a lo largo de todo el primer trimestre, la contracci\u00f3n del PIB se situ\u00f3 en el \u20139,8% (en t\u00e9rminos intertrimestrales); en Italia y Espa\u00f1a, pa\u00edses donde las pol\u00edticas de confinamiento llegaron m\u00e1s tarde pero fueron estrictas, la ca\u00edda se emplaz\u00f3 en torno al \u20135%; por su parte, en Alemania y EE. UU., pa\u00edses que implementaron medidas de distanciamiento menos severas y m\u00e1s tard\u00edas, la contracci\u00f3n fue del \u20132,2% y \u20131,2%, respectivamente. Pero a\u00fan la econom\u00eda est\u00e1 en riesgo de verse m\u00e1s perjudicada. En el segundo trimestre Espa\u00f1a y Francia han sufrido una \u00a0una ca\u00edda de la actividad de cerca de un 20% intertrimestral, debido a que las medidas de distanciamiento social est\u00e1n siendo m\u00e1s severas que en la mayor\u00eda de las econom\u00edas avanzadas y que el avance en la desescalada es m\u00e1s gradual. En un nivel intermedio estar\u00eda Portugal, con una ca\u00edda todav\u00eda sustancial pero algo menor (del orden del 15%). Finalmente, el impacto econ\u00f3mico en Alemania y EE. UU. se estima menor (en torno al 10%), ante unas medidas que han sido m\u00e1s laxas y menos generalizadas. A pesar de que los autores del estudio reconozcan que la intensidad de la desaceleraci\u00f3n econ\u00f3mica dependen de otros factores como, por ejemplo, el \u00e9xito con el que las distintas econom\u00edas hayan expandido el teletrabajo o la magnitud de las respuestas de pol\u00edtica econ\u00f3mica para amortiguar el impacto del shock, apuntan al distanciamiento social como una de las causas directas de el debilitamiento de los pa\u00edses que m\u00e1s han limitado la movilidad durante los dos primeros trimestres del a\u00f1o. M\u00e1s informaci\u00f3n sobre el coronavirus en ESPECIAL CORONAVIRUS<\/p>\n","protected":false},"author":20,"featured_media":37949,"comment_status":"open","ping_status":"open","sticky":false,"template":"","format":"standard","meta":{"_FSMCFIC_featured_image_caption":"","_FSMCFIC_featured_image_nocaption":"","_FSMCFIC_featured_image_hide":"","footnotes":""},"categories":[1772,806],"tags":[1504,831,1542],"class_list":["post-37967","post","type-post","status-publish","format-standard","has-post-thumbnail","hentry","category-especial-coronavirus-es","category-punts-claus-del-dia-es","tag-coronavirus-es","tag-economia-es","tag-movilidad"],"yoast_head":"<!-- This site is optimized with the Yoast SEO plugin v26.8 - https:\/\/yoast.com\/product\/yoast-seo-wordpress\/ -->\n<title>Coronavirus: menos movilidad, peores consecuencias econ\u00f3micas -<\/title>\n<meta name=\"description\" content=\"Un reciente estudio publicado en el Informe Mensual de CaixaBank Research detalla la relaci\u00f3n directa entre los pa\u00edses que m\u00e1s han limitado la movilidad\" \/>\n<meta name=\"robots\" content=\"noindex, nofollow\" \/>\n<meta property=\"og:locale\" content=\"es_ES\" \/>\n<meta property=\"og:type\" content=\"article\" \/>\n<meta property=\"og:title\" content=\"Coronavirus: menos movilidad, peores consecuencias econ\u00f3micas -\" \/>\n<meta property=\"og:description\" content=\"Un reciente estudio publicado en el Informe Mensual de CaixaBank Research detalla la relaci\u00f3n directa entre los pa\u00edses que m\u00e1s han limitado la movilidad\" \/>\n<meta property=\"og:url\" content=\"https:\/\/conversesacatalunya.cat\/es\/coronavirus-menos-movilidad-peores-consecuencias-economicas\/\" \/>\n<meta property=\"og:site_name\" content=\"Converses a Catalunya\" \/>\n<meta property=\"article:published_time\" content=\"2020-07-01T05:45:10+00:00\" \/>\n<meta property=\"article:modified_time\" content=\"2020-07-01T11:19:58+00:00\" \/>\n<meta property=\"og:image\" content=\"https:\/\/conversesacatalunya.cat\/wp-content\/uploads\/2020\/07\/Capture.png\" \/>\n\t<meta property=\"og:image:width\" content=\"1101\" \/>\n\t<meta property=\"og:image:height\" content=\"727\" \/>\n\t<meta property=\"og:image:type\" content=\"image\/png\" \/>\n<meta name=\"author\" content=\"conversesacatalunya\" \/>\n<meta name=\"twitter:card\" content=\"summary_large_image\" \/>\n<meta name=\"twitter:label1\" content=\"Escrito por\" \/>\n\t<meta name=\"twitter:data1\" content=\"conversesacatalunya\" \/>\n\t<meta name=\"twitter:label2\" content=\"Tiempo de lectura\" \/>\n\t<meta name=\"twitter:data2\" content=\"3 minutos\" \/>\n<script type=\"application\/ld+json\" class=\"yoast-schema-graph\">{\"@context\":\"https:\/\/schema.org\",\"@graph\":[{\"@type\":\"Article\",\"@id\":\"https:\/\/conversesacatalunya.cat\/es\/coronavirus-menos-movilidad-peores-consecuencias-economicas\/#article\",\"isPartOf\":{\"@id\":\"https:\/\/conversesacatalunya.cat\/es\/coronavirus-menos-movilidad-peores-consecuencias-economicas\/\"},\"author\":{\"name\":\"conversesacatalunya\",\"@id\":\"https:\/\/conversesacatalunya.cat\/#\/schema\/person\/a7a9496a363cd9847daf7cd659d92e64\"},\"headline\":\"Coronavirus: menos movilidad, peores consecuencias econ\u00f3micas\",\"datePublished\":\"2020-07-01T05:45:10+00:00\",\"dateModified\":\"2020-07-01T11:19:58+00:00\",\"mainEntityOfPage\":{\"@id\":\"https:\/\/conversesacatalunya.cat\/es\/coronavirus-menos-movilidad-peores-consecuencias-economicas\/\"},\"wordCount\":625,\"commentCount\":0,\"image\":{\"@id\":\"https:\/\/conversesacatalunya.cat\/es\/coronavirus-menos-movilidad-peores-consecuencias-economicas\/#primaryimage\"},\"thumbnailUrl\":\"https:\/\/conversesacatalunya.cat\/wp-content\/uploads\/2020\/07\/Capture.png\",\"keywords\":[\"coronavirus\",\"Economia\",\"Movilidad\"],\"articleSection\":[\"Especial Coronavirus (ES)\",\"Punts clau del dia (ES)\"],\"inLanguage\":\"es\",\"potentialAction\":[{\"@type\":\"CommentAction\",\"name\":\"Comment\",\"target\":[\"https:\/\/conversesacatalunya.cat\/es\/coronavirus-menos-movilidad-peores-consecuencias-economicas\/#respond\"]}]},{\"@type\":\"WebPage\",\"@id\":\"https:\/\/conversesacatalunya.cat\/es\/coronavirus-menos-movilidad-peores-consecuencias-economicas\/\",\"url\":\"https:\/\/conversesacatalunya.cat\/es\/coronavirus-menos-movilidad-peores-consecuencias-economicas\/\",\"name\":\"Coronavirus: menos movilidad, peores consecuencias econ\u00f3micas -\",\"isPartOf\":{\"@id\":\"https:\/\/conversesacatalunya.cat\/#website\"},\"primaryImageOfPage\":{\"@id\":\"https:\/\/conversesacatalunya.cat\/es\/coronavirus-menos-movilidad-peores-consecuencias-economicas\/#primaryimage\"},\"image\":{\"@id\":\"https:\/\/conversesacatalunya.cat\/es\/coronavirus-menos-movilidad-peores-consecuencias-economicas\/#primaryimage\"},\"thumbnailUrl\":\"https:\/\/conversesacatalunya.cat\/wp-content\/uploads\/2020\/07\/Capture.png\",\"datePublished\":\"2020-07-01T05:45:10+00:00\",\"dateModified\":\"2020-07-01T11:19:58+00:00\",\"author\":{\"@id\":\"https:\/\/conversesacatalunya.cat\/#\/schema\/person\/a7a9496a363cd9847daf7cd659d92e64\"},\"description\":\"Un reciente estudio publicado en el Informe Mensual de CaixaBank Research detalla la relaci\u00f3n directa entre los pa\u00edses que m\u00e1s han limitado la movilidad\",\"breadcrumb\":{\"@id\":\"https:\/\/conversesacatalunya.cat\/es\/coronavirus-menos-movilidad-peores-consecuencias-economicas\/#breadcrumb\"},\"inLanguage\":\"es\",\"potentialAction\":[{\"@type\":\"ReadAction\",\"target\":[\"https:\/\/conversesacatalunya.cat\/es\/coronavirus-menos-movilidad-peores-consecuencias-economicas\/\"]}]},{\"@type\":\"ImageObject\",\"inLanguage\":\"es\",\"@id\":\"https:\/\/conversesacatalunya.cat\/es\/coronavirus-menos-movilidad-peores-consecuencias-economicas\/#primaryimage\",\"url\":\"https:\/\/conversesacatalunya.cat\/wp-content\/uploads\/2020\/07\/Capture.png\",\"contentUrl\":\"https:\/\/conversesacatalunya.cat\/wp-content\/uploads\/2020\/07\/Capture.png\",\"width\":1101,\"height\":727,\"caption\":\"Mobilitat\"},{\"@type\":\"BreadcrumbList\",\"@id\":\"https:\/\/conversesacatalunya.cat\/es\/coronavirus-menos-movilidad-peores-consecuencias-economicas\/#breadcrumb\",\"itemListElement\":[{\"@type\":\"ListItem\",\"position\":1,\"name\":\"Inici\",\"item\":\"https:\/\/conversesacatalunya.cat\/es\/\"},{\"@type\":\"ListItem\",\"position\":2,\"name\":\"Coronavirus: menos movilidad, peores consecuencias econ\u00f3micas\"}]},{\"@type\":\"WebSite\",\"@id\":\"https:\/\/conversesacatalunya.cat\/#website\",\"url\":\"https:\/\/conversesacatalunya.cat\/\",\"name\":\"Converses a Catalunya\",\"description\":\"\",\"potentialAction\":[{\"@type\":\"SearchAction\",\"target\":{\"@type\":\"EntryPoint\",\"urlTemplate\":\"https:\/\/conversesacatalunya.cat\/?s={search_term_string}\"},\"query-input\":{\"@type\":\"PropertyValueSpecification\",\"valueRequired\":true,\"valueName\":\"search_term_string\"}}],\"inLanguage\":\"es\"},{\"@type\":\"Person\",\"@id\":\"https:\/\/conversesacatalunya.cat\/#\/schema\/person\/a7a9496a363cd9847daf7cd659d92e64\",\"name\":\"conversesacatalunya\",\"image\":{\"@type\":\"ImageObject\",\"inLanguage\":\"es\",\"@id\":\"https:\/\/conversesacatalunya.cat\/#\/schema\/person\/image\/\",\"url\":\"https:\/\/conversesacatalunya.cat\/wp-content\/litespeed\/avatar\/ff91582b44ff9c880dc9c5ac2f5c7e89.jpg?ver=1777372947\",\"contentUrl\":\"https:\/\/conversesacatalunya.cat\/wp-content\/litespeed\/avatar\/ff91582b44ff9c880dc9c5ac2f5c7e89.jpg?ver=1777372947\",\"caption\":\"conversesacatalunya\"},\"url\":\"https:\/\/conversesacatalunya.cat\/es\/author\/francisco_garcia\/\"}]}<\/script>\n<!-- \/ Yoast SEO plugin. -->","yoast_head_json":{"title":"Coronavirus: menos movilidad, peores consecuencias econ\u00f3micas -","description":"Un reciente estudio publicado en el Informe Mensual de CaixaBank Research detalla la relaci\u00f3n directa entre los pa\u00edses que m\u00e1s han limitado la movilidad","robots":{"index":"noindex","follow":"nofollow"},"og_locale":"es_ES","og_type":"article","og_title":"Coronavirus: menos movilidad, peores consecuencias econ\u00f3micas -","og_description":"Un reciente estudio publicado en el Informe Mensual de CaixaBank Research detalla la relaci\u00f3n directa entre los pa\u00edses que m\u00e1s han limitado la movilidad","og_url":"https:\/\/conversesacatalunya.cat\/es\/coronavirus-menos-movilidad-peores-consecuencias-economicas\/","og_site_name":"Converses a Catalunya","article_published_time":"2020-07-01T05:45:10+00:00","article_modified_time":"2020-07-01T11:19:58+00:00","og_image":[{"width":1101,"height":727,"url":"https:\/\/conversesacatalunya.cat\/wp-content\/uploads\/2020\/07\/Capture.png","type":"image\/png"}],"author":"conversesacatalunya","twitter_card":"summary_large_image","twitter_misc":{"Escrito por":"conversesacatalunya","Tiempo de lectura":"3 minutos"},"schema":{"@context":"https:\/\/schema.org","@graph":[{"@type":"Article","@id":"https:\/\/conversesacatalunya.cat\/es\/coronavirus-menos-movilidad-peores-consecuencias-economicas\/#article","isPartOf":{"@id":"https:\/\/conversesacatalunya.cat\/es\/coronavirus-menos-movilidad-peores-consecuencias-economicas\/"},"author":{"name":"conversesacatalunya","@id":"https:\/\/conversesacatalunya.cat\/#\/schema\/person\/a7a9496a363cd9847daf7cd659d92e64"},"headline":"Coronavirus: menos movilidad, peores consecuencias econ\u00f3micas","datePublished":"2020-07-01T05:45:10+00:00","dateModified":"2020-07-01T11:19:58+00:00","mainEntityOfPage":{"@id":"https:\/\/conversesacatalunya.cat\/es\/coronavirus-menos-movilidad-peores-consecuencias-economicas\/"},"wordCount":625,"commentCount":0,"image":{"@id":"https:\/\/conversesacatalunya.cat\/es\/coronavirus-menos-movilidad-peores-consecuencias-economicas\/#primaryimage"},"thumbnailUrl":"https:\/\/conversesacatalunya.cat\/wp-content\/uploads\/2020\/07\/Capture.png","keywords":["coronavirus","Economia","Movilidad"],"articleSection":["Especial Coronavirus (ES)","Punts clau del dia (ES)"],"inLanguage":"es","potentialAction":[{"@type":"CommentAction","name":"Comment","target":["https:\/\/conversesacatalunya.cat\/es\/coronavirus-menos-movilidad-peores-consecuencias-economicas\/#respond"]}]},{"@type":"WebPage","@id":"https:\/\/conversesacatalunya.cat\/es\/coronavirus-menos-movilidad-peores-consecuencias-economicas\/","url":"https:\/\/conversesacatalunya.cat\/es\/coronavirus-menos-movilidad-peores-consecuencias-economicas\/","name":"Coronavirus: menos movilidad, peores consecuencias econ\u00f3micas -","isPartOf":{"@id":"https:\/\/conversesacatalunya.cat\/#website"},"primaryImageOfPage":{"@id":"https:\/\/conversesacatalunya.cat\/es\/coronavirus-menos-movilidad-peores-consecuencias-economicas\/#primaryimage"},"image":{"@id":"https:\/\/conversesacatalunya.cat\/es\/coronavirus-menos-movilidad-peores-consecuencias-economicas\/#primaryimage"},"thumbnailUrl":"https:\/\/conversesacatalunya.cat\/wp-content\/uploads\/2020\/07\/Capture.png","datePublished":"2020-07-01T05:45:10+00:00","dateModified":"2020-07-01T11:19:58+00:00","author":{"@id":"https:\/\/conversesacatalunya.cat\/#\/schema\/person\/a7a9496a363cd9847daf7cd659d92e64"},"description":"Un reciente estudio publicado en el Informe Mensual de CaixaBank Research detalla la relaci\u00f3n directa entre los pa\u00edses que m\u00e1s han limitado la movilidad","breadcrumb":{"@id":"https:\/\/conversesacatalunya.cat\/es\/coronavirus-menos-movilidad-peores-consecuencias-economicas\/#breadcrumb"},"inLanguage":"es","potentialAction":[{"@type":"ReadAction","target":["https:\/\/conversesacatalunya.cat\/es\/coronavirus-menos-movilidad-peores-consecuencias-economicas\/"]}]},{"@type":"ImageObject","inLanguage":"es","@id":"https:\/\/conversesacatalunya.cat\/es\/coronavirus-menos-movilidad-peores-consecuencias-economicas\/#primaryimage","url":"https:\/\/conversesacatalunya.cat\/wp-content\/uploads\/2020\/07\/Capture.png","contentUrl":"https:\/\/conversesacatalunya.cat\/wp-content\/uploads\/2020\/07\/Capture.png","width":1101,"height":727,"caption":"Mobilitat"},{"@type":"BreadcrumbList","@id":"https:\/\/conversesacatalunya.cat\/es\/coronavirus-menos-movilidad-peores-consecuencias-economicas\/#breadcrumb","itemListElement":[{"@type":"ListItem","position":1,"name":"Inici","item":"https:\/\/conversesacatalunya.cat\/es\/"},{"@type":"ListItem","position":2,"name":"Coronavirus: menos movilidad, peores consecuencias econ\u00f3micas"}]},{"@type":"WebSite","@id":"https:\/\/conversesacatalunya.cat\/#website","url":"https:\/\/conversesacatalunya.cat\/","name":"Converses a Catalunya","description":"","potentialAction":[{"@type":"SearchAction","target":{"@type":"EntryPoint","urlTemplate":"https:\/\/conversesacatalunya.cat\/?s={search_term_string}"},"query-input":{"@type":"PropertyValueSpecification","valueRequired":true,"valueName":"search_term_string"}}],"inLanguage":"es"},{"@type":"Person","@id":"https:\/\/conversesacatalunya.cat\/#\/schema\/person\/a7a9496a363cd9847daf7cd659d92e64","name":"conversesacatalunya","image":{"@type":"ImageObject","inLanguage":"es","@id":"https:\/\/conversesacatalunya.cat\/#\/schema\/person\/image\/","url":"https:\/\/conversesacatalunya.cat\/wp-content\/litespeed\/avatar\/ff91582b44ff9c880dc9c5ac2f5c7e89.jpg?ver=1777372947","contentUrl":"https:\/\/conversesacatalunya.cat\/wp-content\/litespeed\/avatar\/ff91582b44ff9c880dc9c5ac2f5c7e89.jpg?ver=1777372947","caption":"conversesacatalunya"},"url":"https:\/\/conversesacatalunya.cat\/es\/author\/francisco_garcia\/"}]}},"wps_subtitle":"Un reciente estudio publicado en el Informe Mensual de CaixaBank Research detalla la relaci\u00f3n directa entre los pa\u00edses que m\u00e1s han limitado la movilidad con las duras consecuencias econ\u00f3micas que est\u00e1n sufriendo ahora","_links":{"self":[{"href":"https:\/\/conversesacatalunya.cat\/es\/wp-json\/wp\/v2\/posts\/37967","targetHints":{"allow":["GET"]}}],"collection":[{"href":"https:\/\/conversesacatalunya.cat\/es\/wp-json\/wp\/v2\/posts"}],"about":[{"href":"https:\/\/conversesacatalunya.cat\/es\/wp-json\/wp\/v2\/types\/post"}],"author":[{"embeddable":true,"href":"https:\/\/conversesacatalunya.cat\/es\/wp-json\/wp\/v2\/users\/20"}],"replies":[{"embeddable":true,"href":"https:\/\/conversesacatalunya.cat\/es\/wp-json\/wp\/v2\/comments?post=37967"}],"version-history":[{"count":2,"href":"https:\/\/conversesacatalunya.cat\/es\/wp-json\/wp\/v2\/posts\/37967\/revisions"}],"predecessor-version":[{"id":37969,"href":"https:\/\/conversesacatalunya.cat\/es\/wp-json\/wp\/v2\/posts\/37967\/revisions\/37969"}],"wp:featuredmedia":[{"embeddable":true,"href":"https:\/\/conversesacatalunya.cat\/es\/wp-json\/wp\/v2\/media\/37949"}],"wp:attachment":[{"href":"https:\/\/conversesacatalunya.cat\/es\/wp-json\/wp\/v2\/media?parent=37967"}],"wp:term":[{"taxonomy":"category","embeddable":true,"href":"https:\/\/conversesacatalunya.cat\/es\/wp-json\/wp\/v2\/categories?post=37967"},{"taxonomy":"post_tag","embeddable":true,"href":"https:\/\/conversesacatalunya.cat\/es\/wp-json\/wp\/v2\/tags?post=37967"}],"curies":[{"name":"wp","href":"https:\/\/api.w.org\/{rel}","templated":true}]}}