{"id":37923,"date":"2020-06-30T12:58:12","date_gmt":"2020-06-30T10:58:12","guid":{"rendered":"https:\/\/conversesacatalunya.cat\/creix-la-intolerancia-a-catalunya-i-a-espanya\/"},"modified":"2020-06-30T13:54:13","modified_gmt":"2020-06-30T11:54:13","slug":"crece-la-intolerancia-en-cataluna-y-en-espana","status":"publish","type":"post","link":"https:\/\/conversesacatalunya.cat\/es\/crece-la-intolerancia-en-cataluna-y-en-espana\/","title":{"rendered":"Crece la intolerancia en Catalu\u00f1a y en Espa\u00f1a"},"content":{"rendered":"<p>Atribuimos a los partidos pol\u00edticos una actitud que les impide colaborar entre ellos y convertir el di\u00e1logo en <strong>una pelea permanente<\/strong>. Esta tesis ser\u00eda sospechosa de parcialidad en el sentido de que las organizaciones pol\u00edticas tienden a expresar tanto <strong>la coyuntura como el mar de fondo que mueve la sociedad<\/strong>. Si esto fuera as\u00ed, el mal de la intolerancia no radicar\u00eda tanto en los partidos como en la sociedad que los alimenta. Las redes sociales y su griter\u00edo descalificador vendr\u00edan a confirmar la tesis de que la responsabilidad \u00faltima radica en la sociedad, pero esta interpretaci\u00f3n puede ser considerada insuficiente en el sentido de que s\u00f3lo una parte minoritaria de la gente se produce de este modo en la red.<\/p>\n<p>Ahora tenemos una confirmaci\u00f3n acad\u00e9mica m\u00e1s s\u00f3lida en el estudio del polit\u00f3logo Oriol Bartomeus <a href=\"https:\/\/www.amazon.es\/terratr%C3%A8mol-silenci%C3%B3s-generacional-transformaci%C3%B3-comportament-ebook\/dp\/B07HRWHKCN\" target=\"_blank\" rel=\"noopener noreferrer\"><em>El terratr\u00e8mol silenci\u00f3s. La influ\u00e8ncia del relleu generacional<\/em><\/a>. Este trabajo estudia la evoluci\u00f3n de la opini\u00f3n en una larga serie de encuestas del CEO, el CIS y el ICPS, y utiliza una metodolog\u00eda interesante. Valora la evoluci\u00f3n de la cantidad de opiniones que otorgan un \u00ab0\u00bb a partidos, instituciones y personas. Como es sabido, normalmente en las encuestas hay valoraciones de este tipo que piden al entrevistado que califique con una nota normalmente de 0 a 10, siendo el \u00ab0\u00bb la descalificaci\u00f3n total y el \u00ab10\u00bb la m\u00e1xima. La hip\u00f3tesis demostrada de Bartomeus es que el aumento del n\u00famero de calificaciones \u00ab0\u00bb, aquellos que consideran que lo que valoran, instituci\u00f3n o persona, no vale absolutamente nada, es un signo de intolerancia.<\/p>\n<p>Su tesis se ve claramente refrendada. <strong>De 1991<\/strong> a esta parte ha habido una clara valoraci\u00f3n al alza del n\u00famero de personas que califican con \u00ab0\u00bb con un salto en cuanto a la valoraci\u00f3n de las instituciones, gobiernos central, auton\u00f3mico o local, justicia, polic\u00eda, iglesia cat\u00f3lica, bancos, etc. muy importante. Habr\u00eda, por tanto, una evoluci\u00f3n de una parte de un sector no mayoritario, pero s\u00ed significativo de la sociedad, a descalificar totalmente a aquella instituci\u00f3n en cuesti\u00f3n. Algo similar sucede con los l\u00edderes pol\u00edticos, que a partir de 2004 registran un creciente n\u00famero de valoraciones \u00abCero\u00bb, de tal manera que el porcentaje de electores que suspenden de manera total a los pol\u00edticos <strong>se ha multiplicado por tres desde 2004.<\/strong><\/p>\n<p>Algo parecido sucede con la respuesta del tipo \u00abno lo votar\u00eda nunca\u00bb, equivalente a calificar con \u00ab0\u00bb. En este caso, desde 2005 tambi\u00e9n se ha triplicado esta manifestaci\u00f3n de rechazo total. En la evoluci\u00f3n de la valoraci\u00f3n de los gobiernos de la Generalitat, entre 2007 y 2019, la valoraci\u00f3n \u00ab0\u00bb ha crecido el 12,2%, la m\u00e1s grande con diferencia, y las valoraciones 1, 2 y 3, que tambi\u00e9n son suspenso, han crecido en conjunto tambi\u00e9n m\u00e1s de 4 puntos porcentuales. En contrapartida, la franja media, la que va de 4 a 8, ha visto reducida la preferencia en casi 21 puntos. Tambi\u00e9n es significativo considerar la valoraci\u00f3n de los diferentes presidentes de la Generalitat de acuerdo con los sondeos anuales del ICPS. En el resultado se constata que desde el 2011 los presidentes reciben las peores notas. Se trata concretamente de Artur Mas, Carles Puigdemont y Joaquim Torra. Contemplado desde 1991 hasta ahora, la diferencia de valoraci\u00f3n que recibe Jordi Pujol de todos los dem\u00e1s es astron\u00f3mica. <strong>Pujol<\/strong> se situaba en una quinta parte de los entrevistados en una valoraci\u00f3n en torno a \u00ab8\u00bb, una cifra muy alta, y tambi\u00e9n alcanzaba entre el 63% de las entrevistas un valor entre 5 y 8. La valoraci\u00f3n \u00ab0\u00bb se situaba s\u00f3lo entre el 5 y el 8% de los entrevistados, <strong>la mejor de todos los presidentes<\/strong>. Estos datos pueden confirmar tres cosas:<\/p>\n<ol>\n<li>Una mayor beligerancia de una parte de la sociedad, una mayor intolerancia hacia los otros, los que no son exactamente como \u00e9l.<\/li>\n<li>Tambi\u00e9n puede representar un rechazo a los pol\u00edticos y la pol\u00edtica de los \u00faltimos tiempos.<\/li>\n<li>Incluso puede significar que la poblaci\u00f3n estaba mucho m\u00e1s satisfecha con los pol\u00edticos del pasado, caso de Jordi Pujol, por ejemplo, que con los actuales.<\/li>\n<\/ol>\n<p>\u00bfD\u00f3nde est\u00e1 la respuesta exacta? En ciencias sociales este hecho no se da. No hay normalmente una soluci\u00f3n un\u00edvoca, porque la realidad es poli\u00e9drica. En este caso, posiblemente la respuesta radique en una combinaci\u00f3n de las tres explicaciones. Sea como sea, la intolerancia ha hecho presente entre nosotros.<\/p>\n","protected":false},"excerpt":{"rendered":"<p>Atribuimos a los partidos pol\u00edticos una actitud que les impide colaborar entre ellos y convertir el di\u00e1logo en una pelea permanente. Esta tesis ser\u00eda sospechosa de parcialidad en el sentido de que las organizaciones pol\u00edticas tienden a expresar tanto la coyuntura como el mar de fondo que mueve la sociedad. Si esto fuera as\u00ed, el mal de la intolerancia no radicar\u00eda tanto en los partidos como en la sociedad que los alimenta. Las redes sociales y su griter\u00edo descalificador vendr\u00edan a confirmar la tesis de que la responsabilidad \u00faltima radica en la sociedad, pero esta interpretaci\u00f3n puede ser considerada insuficiente en el sentido de que s\u00f3lo una parte minoritaria de la gente se produce de este modo en la red. Ahora tenemos una confirmaci\u00f3n acad\u00e9mica m\u00e1s s\u00f3lida en el estudio del polit\u00f3logo Oriol Bartomeus El terratr\u00e8mol silenci\u00f3s. La influ\u00e8ncia del relleu generacional. Este trabajo estudia la evoluci\u00f3n de la opini\u00f3n en una larga serie de encuestas del CEO, el CIS y el ICPS, y utiliza una metodolog\u00eda interesante. Valora la evoluci\u00f3n de la cantidad de opiniones que otorgan un \u00ab0\u00bb a partidos, instituciones y personas. Como es sabido, normalmente en las encuestas hay valoraciones de este tipo que piden al entrevistado que califique con una nota normalmente de 0 a 10, siendo el \u00ab0\u00bb la descalificaci\u00f3n total y el \u00ab10\u00bb la m\u00e1xima. La hip\u00f3tesis demostrada de Bartomeus es que el aumento del n\u00famero de calificaciones \u00ab0\u00bb, aquellos que consideran que lo que valoran, instituci\u00f3n o persona, no vale absolutamente nada, es un signo de intolerancia. Su tesis se ve claramente refrendada. De 1991 a esta parte ha habido una clara valoraci\u00f3n al alza del n\u00famero de personas que califican con \u00ab0\u00bb con un salto en cuanto a la valoraci\u00f3n de las instituciones, gobiernos central, auton\u00f3mico o local, justicia, polic\u00eda, iglesia cat\u00f3lica, bancos, etc. muy importante. Habr\u00eda, por tanto, una evoluci\u00f3n de una parte de un sector no mayoritario, pero s\u00ed significativo de la sociedad, a descalificar totalmente a aquella instituci\u00f3n en cuesti\u00f3n. Algo similar sucede con los l\u00edderes pol\u00edticos, que a partir de 2004 registran un creciente n\u00famero de valoraciones \u00abCero\u00bb, de tal manera que el porcentaje de electores que suspenden de manera total a los pol\u00edticos se ha multiplicado por tres desde 2004. Algo parecido sucede con la respuesta del tipo \u00abno lo votar\u00eda nunca\u00bb, equivalente a calificar con \u00ab0\u00bb. En este caso, desde 2005 tambi\u00e9n se ha triplicado esta manifestaci\u00f3n de rechazo total. En la evoluci\u00f3n de la valoraci\u00f3n de los gobiernos de la Generalitat, entre 2007 y 2019, la valoraci\u00f3n \u00ab0\u00bb ha crecido el 12,2%, la m\u00e1s grande con diferencia, y las valoraciones 1, 2 y 3, que tambi\u00e9n son suspenso, han crecido en conjunto tambi\u00e9n m\u00e1s de 4 puntos porcentuales. En contrapartida, la franja media, la que va de 4 a 8, ha visto reducida la preferencia en casi 21 puntos. Tambi\u00e9n es significativo considerar la valoraci\u00f3n de los diferentes presidentes de la Generalitat de acuerdo con los sondeos anuales del ICPS. En el resultado se constata que desde el 2011 los presidentes reciben las peores notas. Se trata concretamente de Artur Mas, Carles Puigdemont y Joaquim Torra. Contemplado desde 1991 hasta ahora, la diferencia de valoraci\u00f3n que recibe Jordi Pujol de todos los dem\u00e1s es astron\u00f3mica. Pujol se situaba en una quinta parte de los entrevistados en una valoraci\u00f3n en torno a \u00ab8\u00bb, una cifra muy alta, y tambi\u00e9n alcanzaba entre el 63% de las entrevistas un valor entre 5 y 8. La valoraci\u00f3n \u00ab0\u00bb se situaba s\u00f3lo entre el 5 y el 8% de los entrevistados, la mejor de todos los presidentes. Estos datos pueden confirmar tres cosas: Una mayor beligerancia de una parte de la sociedad, una mayor intolerancia hacia los otros, los que no son exactamente como \u00e9l. Tambi\u00e9n puede representar un rechazo a los pol\u00edticos y la pol\u00edtica de los \u00faltimos tiempos. Incluso puede significar que la poblaci\u00f3n estaba mucho m\u00e1s satisfecha con los pol\u00edticos del pasado, caso de Jordi Pujol, por ejemplo, que con los actuales. \u00bfD\u00f3nde est\u00e1 la respuesta exacta? En ciencias sociales este hecho no se da. No hay normalmente una soluci\u00f3n un\u00edvoca, porque la realidad es poli\u00e9drica. En este caso, posiblemente la respuesta radique en una combinaci\u00f3n de las tres explicaciones. Sea como sea, la intolerancia ha hecho presente entre nosotros.<\/p>\n","protected":false},"author":2,"featured_media":37914,"comment_status":"open","ping_status":"open","sticky":false,"template":"","format":"standard","meta":{"_FSMCFIC_featured_image_caption":"","_FSMCFIC_featured_image_nocaption":"","_FSMCFIC_featured_image_hide":"","footnotes":""},"categories":[806],"tags":[2144],"class_list":["post-37923","post","type-post","status-publish","format-standard","has-post-thumbnail","hentry","category-punts-claus-del-dia-es","tag-politicos"],"yoast_head":"<!-- This site is optimized with the Yoast SEO plugin v26.8 - https:\/\/yoast.com\/product\/yoast-seo-wordpress\/ -->\n<title>Crece la intolerancia en Catalu\u00f1a y en Espa\u00f1a - Converses a Catalunya<\/title>\n<meta name=\"description\" content=\"La intolerancia se ha hecho presente entre nosotros: la poblaci\u00f3n estaba mucho m\u00e1s satisfecha con los pol\u00edticos del pasado que con los actuales\" \/>\n<meta name=\"robots\" content=\"index, follow, max-snippet:-1, max-image-preview:large, max-video-preview:-1\" \/>\n<link rel=\"canonical\" href=\"https:\/\/conversesacatalunya.cat\/es\/crece-la-intolerancia-en-cataluna-y-en-espana\/\" \/>\n<meta property=\"og:locale\" content=\"es_ES\" \/>\n<meta property=\"og:type\" content=\"article\" \/>\n<meta property=\"og:title\" content=\"Crece la intolerancia en Catalu\u00f1a y en Espa\u00f1a - Converses a Catalunya\" \/>\n<meta property=\"og:description\" content=\"La intolerancia se ha hecho presente entre nosotros: la poblaci\u00f3n estaba mucho m\u00e1s satisfecha con los pol\u00edticos del pasado que con los actuales\" \/>\n<meta property=\"og:url\" content=\"https:\/\/conversesacatalunya.cat\/es\/crece-la-intolerancia-en-cataluna-y-en-espana\/\" \/>\n<meta property=\"og:site_name\" content=\"Converses a Catalunya\" \/>\n<meta property=\"article:published_time\" content=\"2020-06-30T10:58:12+00:00\" \/>\n<meta property=\"article:modified_time\" content=\"2020-06-30T11:54:13+00:00\" \/>\n<meta property=\"og:image\" content=\"https:\/\/conversesacatalunya.cat\/wp-content\/uploads\/2020\/06\/intoler\u00e0ncia-a-catalunya.png\" \/>\n\t<meta property=\"og:image:width\" content=\"690\" \/>\n\t<meta property=\"og:image:height\" content=\"404\" \/>\n\t<meta property=\"og:image:type\" content=\"image\/png\" \/>\n<meta name=\"author\" content=\"conversesacatalunya\" \/>\n<meta name=\"twitter:card\" content=\"summary_large_image\" \/>\n<meta name=\"twitter:label1\" content=\"Escrito por\" \/>\n\t<meta name=\"twitter:data1\" content=\"conversesacatalunya\" \/>\n\t<meta name=\"twitter:label2\" content=\"Tiempo de lectura\" \/>\n\t<meta name=\"twitter:data2\" content=\"4 minutos\" \/>\n<script type=\"application\/ld+json\" class=\"yoast-schema-graph\">{\"@context\":\"https:\/\/schema.org\",\"@graph\":[{\"@type\":\"Article\",\"@id\":\"https:\/\/conversesacatalunya.cat\/es\/crece-la-intolerancia-en-cataluna-y-en-espana\/#article\",\"isPartOf\":{\"@id\":\"https:\/\/conversesacatalunya.cat\/es\/crece-la-intolerancia-en-cataluna-y-en-espana\/\"},\"author\":{\"name\":\"conversesacatalunya\",\"@id\":\"https:\/\/conversesacatalunya.cat\/#\/schema\/person\/7e24d1e54a2785373ddcb275eae5ed99\"},\"headline\":\"Crece la intolerancia en Catalu\u00f1a y en Espa\u00f1a\",\"datePublished\":\"2020-06-30T10:58:12+00:00\",\"dateModified\":\"2020-06-30T11:54:13+00:00\",\"mainEntityOfPage\":{\"@id\":\"https:\/\/conversesacatalunya.cat\/es\/crece-la-intolerancia-en-cataluna-y-en-espana\/\"},\"wordCount\":762,\"commentCount\":0,\"image\":{\"@id\":\"https:\/\/conversesacatalunya.cat\/es\/crece-la-intolerancia-en-cataluna-y-en-espana\/#primaryimage\"},\"thumbnailUrl\":\"https:\/\/conversesacatalunya.cat\/wp-content\/uploads\/2020\/06\/intoler\u00e0ncia-a-catalunya.png\",\"keywords\":[\"pol\u00edticos\"],\"articleSection\":[\"Punts clau del dia (ES)\"],\"inLanguage\":\"es\",\"potentialAction\":[{\"@type\":\"CommentAction\",\"name\":\"Comment\",\"target\":[\"https:\/\/conversesacatalunya.cat\/es\/crece-la-intolerancia-en-cataluna-y-en-espana\/#respond\"]}]},{\"@type\":\"WebPage\",\"@id\":\"https:\/\/conversesacatalunya.cat\/es\/crece-la-intolerancia-en-cataluna-y-en-espana\/\",\"url\":\"https:\/\/conversesacatalunya.cat\/es\/crece-la-intolerancia-en-cataluna-y-en-espana\/\",\"name\":\"Crece la intolerancia en Catalu\u00f1a y en Espa\u00f1a - Converses a Catalunya\",\"isPartOf\":{\"@id\":\"https:\/\/conversesacatalunya.cat\/#website\"},\"primaryImageOfPage\":{\"@id\":\"https:\/\/conversesacatalunya.cat\/es\/crece-la-intolerancia-en-cataluna-y-en-espana\/#primaryimage\"},\"image\":{\"@id\":\"https:\/\/conversesacatalunya.cat\/es\/crece-la-intolerancia-en-cataluna-y-en-espana\/#primaryimage\"},\"thumbnailUrl\":\"https:\/\/conversesacatalunya.cat\/wp-content\/uploads\/2020\/06\/intoler\u00e0ncia-a-catalunya.png\",\"datePublished\":\"2020-06-30T10:58:12+00:00\",\"dateModified\":\"2020-06-30T11:54:13+00:00\",\"author\":{\"@id\":\"https:\/\/conversesacatalunya.cat\/#\/schema\/person\/7e24d1e54a2785373ddcb275eae5ed99\"},\"description\":\"La intolerancia se ha hecho presente entre nosotros: la poblaci\u00f3n estaba mucho m\u00e1s satisfecha con los pol\u00edticos del pasado que con los actuales\",\"breadcrumb\":{\"@id\":\"https:\/\/conversesacatalunya.cat\/es\/crece-la-intolerancia-en-cataluna-y-en-espana\/#breadcrumb\"},\"inLanguage\":\"es\",\"potentialAction\":[{\"@type\":\"ReadAction\",\"target\":[\"https:\/\/conversesacatalunya.cat\/es\/crece-la-intolerancia-en-cataluna-y-en-espana\/\"]}]},{\"@type\":\"ImageObject\",\"inLanguage\":\"es\",\"@id\":\"https:\/\/conversesacatalunya.cat\/es\/crece-la-intolerancia-en-cataluna-y-en-espana\/#primaryimage\",\"url\":\"https:\/\/conversesacatalunya.cat\/wp-content\/uploads\/2020\/06\/intoler\u00e0ncia-a-catalunya.png\",\"contentUrl\":\"https:\/\/conversesacatalunya.cat\/wp-content\/uploads\/2020\/06\/intoler\u00e0ncia-a-catalunya.png\",\"width\":690,\"height\":404,\"caption\":\"intoler\u00e0ncia a catalunya\"},{\"@type\":\"BreadcrumbList\",\"@id\":\"https:\/\/conversesacatalunya.cat\/es\/crece-la-intolerancia-en-cataluna-y-en-espana\/#breadcrumb\",\"itemListElement\":[{\"@type\":\"ListItem\",\"position\":1,\"name\":\"Inici\",\"item\":\"https:\/\/conversesacatalunya.cat\/es\/\"},{\"@type\":\"ListItem\",\"position\":2,\"name\":\"Crece la intolerancia en Catalu\u00f1a y en Espa\u00f1a\"}]},{\"@type\":\"WebSite\",\"@id\":\"https:\/\/conversesacatalunya.cat\/#website\",\"url\":\"https:\/\/conversesacatalunya.cat\/\",\"name\":\"Converses a Catalunya\",\"description\":\"\",\"potentialAction\":[{\"@type\":\"SearchAction\",\"target\":{\"@type\":\"EntryPoint\",\"urlTemplate\":\"https:\/\/conversesacatalunya.cat\/?s={search_term_string}\"},\"query-input\":{\"@type\":\"PropertyValueSpecification\",\"valueRequired\":true,\"valueName\":\"search_term_string\"}}],\"inLanguage\":\"es\"},{\"@type\":\"Person\",\"@id\":\"https:\/\/conversesacatalunya.cat\/#\/schema\/person\/7e24d1e54a2785373ddcb275eae5ed99\",\"name\":\"conversesacatalunya\",\"image\":{\"@type\":\"ImageObject\",\"inLanguage\":\"es\",\"@id\":\"https:\/\/conversesacatalunya.cat\/#\/schema\/person\/image\/\",\"url\":\"https:\/\/conversesacatalunya.cat\/wp-content\/litespeed\/avatar\/febdfeeec89d950f01c748045a981dd2.jpg?ver=1777314535\",\"contentUrl\":\"https:\/\/conversesacatalunya.cat\/wp-content\/litespeed\/avatar\/febdfeeec89d950f01c748045a981dd2.jpg?ver=1777314535\",\"caption\":\"conversesacatalunya\"},\"url\":\"https:\/\/conversesacatalunya.cat\/es\/author\/carme_catala\/\"}]}<\/script>\n<!-- \/ Yoast SEO plugin. -->","yoast_head_json":{"title":"Crece la intolerancia en Catalu\u00f1a y en Espa\u00f1a - Converses a Catalunya","description":"La intolerancia se ha hecho presente entre nosotros: la poblaci\u00f3n estaba mucho m\u00e1s satisfecha con los pol\u00edticos del pasado que con los actuales","robots":{"index":"index","follow":"follow","max-snippet":"max-snippet:-1","max-image-preview":"max-image-preview:large","max-video-preview":"max-video-preview:-1"},"canonical":"https:\/\/conversesacatalunya.cat\/es\/crece-la-intolerancia-en-cataluna-y-en-espana\/","og_locale":"es_ES","og_type":"article","og_title":"Crece la intolerancia en Catalu\u00f1a y en Espa\u00f1a - Converses a Catalunya","og_description":"La intolerancia se ha hecho presente entre nosotros: la poblaci\u00f3n estaba mucho m\u00e1s satisfecha con los pol\u00edticos del pasado que con los actuales","og_url":"https:\/\/conversesacatalunya.cat\/es\/crece-la-intolerancia-en-cataluna-y-en-espana\/","og_site_name":"Converses a Catalunya","article_published_time":"2020-06-30T10:58:12+00:00","article_modified_time":"2020-06-30T11:54:13+00:00","og_image":[{"width":690,"height":404,"url":"https:\/\/conversesacatalunya.cat\/wp-content\/uploads\/2020\/06\/intoler\u00e0ncia-a-catalunya.png","type":"image\/png"}],"author":"conversesacatalunya","twitter_card":"summary_large_image","twitter_misc":{"Escrito por":"conversesacatalunya","Tiempo de lectura":"4 minutos"},"schema":{"@context":"https:\/\/schema.org","@graph":[{"@type":"Article","@id":"https:\/\/conversesacatalunya.cat\/es\/crece-la-intolerancia-en-cataluna-y-en-espana\/#article","isPartOf":{"@id":"https:\/\/conversesacatalunya.cat\/es\/crece-la-intolerancia-en-cataluna-y-en-espana\/"},"author":{"name":"conversesacatalunya","@id":"https:\/\/conversesacatalunya.cat\/#\/schema\/person\/7e24d1e54a2785373ddcb275eae5ed99"},"headline":"Crece la intolerancia en Catalu\u00f1a y en Espa\u00f1a","datePublished":"2020-06-30T10:58:12+00:00","dateModified":"2020-06-30T11:54:13+00:00","mainEntityOfPage":{"@id":"https:\/\/conversesacatalunya.cat\/es\/crece-la-intolerancia-en-cataluna-y-en-espana\/"},"wordCount":762,"commentCount":0,"image":{"@id":"https:\/\/conversesacatalunya.cat\/es\/crece-la-intolerancia-en-cataluna-y-en-espana\/#primaryimage"},"thumbnailUrl":"https:\/\/conversesacatalunya.cat\/wp-content\/uploads\/2020\/06\/intoler\u00e0ncia-a-catalunya.png","keywords":["pol\u00edticos"],"articleSection":["Punts clau del dia (ES)"],"inLanguage":"es","potentialAction":[{"@type":"CommentAction","name":"Comment","target":["https:\/\/conversesacatalunya.cat\/es\/crece-la-intolerancia-en-cataluna-y-en-espana\/#respond"]}]},{"@type":"WebPage","@id":"https:\/\/conversesacatalunya.cat\/es\/crece-la-intolerancia-en-cataluna-y-en-espana\/","url":"https:\/\/conversesacatalunya.cat\/es\/crece-la-intolerancia-en-cataluna-y-en-espana\/","name":"Crece la intolerancia en Catalu\u00f1a y en Espa\u00f1a - Converses a Catalunya","isPartOf":{"@id":"https:\/\/conversesacatalunya.cat\/#website"},"primaryImageOfPage":{"@id":"https:\/\/conversesacatalunya.cat\/es\/crece-la-intolerancia-en-cataluna-y-en-espana\/#primaryimage"},"image":{"@id":"https:\/\/conversesacatalunya.cat\/es\/crece-la-intolerancia-en-cataluna-y-en-espana\/#primaryimage"},"thumbnailUrl":"https:\/\/conversesacatalunya.cat\/wp-content\/uploads\/2020\/06\/intoler\u00e0ncia-a-catalunya.png","datePublished":"2020-06-30T10:58:12+00:00","dateModified":"2020-06-30T11:54:13+00:00","author":{"@id":"https:\/\/conversesacatalunya.cat\/#\/schema\/person\/7e24d1e54a2785373ddcb275eae5ed99"},"description":"La intolerancia se ha hecho presente entre nosotros: la poblaci\u00f3n estaba mucho m\u00e1s satisfecha con los pol\u00edticos del pasado que con los actuales","breadcrumb":{"@id":"https:\/\/conversesacatalunya.cat\/es\/crece-la-intolerancia-en-cataluna-y-en-espana\/#breadcrumb"},"inLanguage":"es","potentialAction":[{"@type":"ReadAction","target":["https:\/\/conversesacatalunya.cat\/es\/crece-la-intolerancia-en-cataluna-y-en-espana\/"]}]},{"@type":"ImageObject","inLanguage":"es","@id":"https:\/\/conversesacatalunya.cat\/es\/crece-la-intolerancia-en-cataluna-y-en-espana\/#primaryimage","url":"https:\/\/conversesacatalunya.cat\/wp-content\/uploads\/2020\/06\/intoler\u00e0ncia-a-catalunya.png","contentUrl":"https:\/\/conversesacatalunya.cat\/wp-content\/uploads\/2020\/06\/intoler\u00e0ncia-a-catalunya.png","width":690,"height":404,"caption":"intoler\u00e0ncia a catalunya"},{"@type":"BreadcrumbList","@id":"https:\/\/conversesacatalunya.cat\/es\/crece-la-intolerancia-en-cataluna-y-en-espana\/#breadcrumb","itemListElement":[{"@type":"ListItem","position":1,"name":"Inici","item":"https:\/\/conversesacatalunya.cat\/es\/"},{"@type":"ListItem","position":2,"name":"Crece la intolerancia en Catalu\u00f1a y en Espa\u00f1a"}]},{"@type":"WebSite","@id":"https:\/\/conversesacatalunya.cat\/#website","url":"https:\/\/conversesacatalunya.cat\/","name":"Converses a Catalunya","description":"","potentialAction":[{"@type":"SearchAction","target":{"@type":"EntryPoint","urlTemplate":"https:\/\/conversesacatalunya.cat\/?s={search_term_string}"},"query-input":{"@type":"PropertyValueSpecification","valueRequired":true,"valueName":"search_term_string"}}],"inLanguage":"es"},{"@type":"Person","@id":"https:\/\/conversesacatalunya.cat\/#\/schema\/person\/7e24d1e54a2785373ddcb275eae5ed99","name":"conversesacatalunya","image":{"@type":"ImageObject","inLanguage":"es","@id":"https:\/\/conversesacatalunya.cat\/#\/schema\/person\/image\/","url":"https:\/\/conversesacatalunya.cat\/wp-content\/litespeed\/avatar\/febdfeeec89d950f01c748045a981dd2.jpg?ver=1777314535","contentUrl":"https:\/\/conversesacatalunya.cat\/wp-content\/litespeed\/avatar\/febdfeeec89d950f01c748045a981dd2.jpg?ver=1777314535","caption":"conversesacatalunya"},"url":"https:\/\/conversesacatalunya.cat\/es\/author\/carme_catala\/"}]}},"wps_subtitle":"La intolerancia se ha hecho presente entre nosotros: la poblaci\u00f3n estaba mucho m\u00e1s satisfecha con los pol\u00edticos del pasado que con los actuales","_links":{"self":[{"href":"https:\/\/conversesacatalunya.cat\/es\/wp-json\/wp\/v2\/posts\/37923","targetHints":{"allow":["GET"]}}],"collection":[{"href":"https:\/\/conversesacatalunya.cat\/es\/wp-json\/wp\/v2\/posts"}],"about":[{"href":"https:\/\/conversesacatalunya.cat\/es\/wp-json\/wp\/v2\/types\/post"}],"author":[{"embeddable":true,"href":"https:\/\/conversesacatalunya.cat\/es\/wp-json\/wp\/v2\/users\/2"}],"replies":[{"embeddable":true,"href":"https:\/\/conversesacatalunya.cat\/es\/wp-json\/wp\/v2\/comments?post=37923"}],"version-history":[{"count":2,"href":"https:\/\/conversesacatalunya.cat\/es\/wp-json\/wp\/v2\/posts\/37923\/revisions"}],"predecessor-version":[{"id":37924,"href":"https:\/\/conversesacatalunya.cat\/es\/wp-json\/wp\/v2\/posts\/37923\/revisions\/37924"}],"wp:featuredmedia":[{"embeddable":true,"href":"https:\/\/conversesacatalunya.cat\/es\/wp-json\/wp\/v2\/media\/37914"}],"wp:attachment":[{"href":"https:\/\/conversesacatalunya.cat\/es\/wp-json\/wp\/v2\/media?parent=37923"}],"wp:term":[{"taxonomy":"category","embeddable":true,"href":"https:\/\/conversesacatalunya.cat\/es\/wp-json\/wp\/v2\/categories?post=37923"},{"taxonomy":"post_tag","embeddable":true,"href":"https:\/\/conversesacatalunya.cat\/es\/wp-json\/wp\/v2\/tags?post=37923"}],"curies":[{"name":"wp","href":"https:\/\/api.w.org\/{rel}","templated":true}]}}