{"id":37872,"date":"2020-06-29T06:33:38","date_gmt":"2020-06-29T04:33:38","guid":{"rendered":"https:\/\/conversesacatalunya.cat\/mes-de-la-meitat-de-les-empreses-reduiran-els-sous\/"},"modified":"2020-06-29T13:24:33","modified_gmt":"2020-06-29T11:24:33","slug":"mas-de-la-mitad-de-las-empresas-bajaran-los-sueldos","status":"publish","type":"post","link":"https:\/\/conversesacatalunya.cat\/es\/mas-de-la-mitad-de-las-empresas-bajaran-los-sueldos\/","title":{"rendered":"M\u00e1s de la mitad de las empresas bajar\u00e1n los sueldos"},"content":{"rendered":"<p>Seg\u00fan el informe \u2018Conversaciones: Remuneraciones y el Covid-19\u2019, realizado por KPMG en Espa\u00f1a con la participaci\u00f3n de 131 responsables de compensaci\u00f3n, directores de recursos humanos y miembros de consejos,<strong> el 60% de las empresas han decidido bajar o congelar durante los pr\u00f3ximos seis meses los sueldos <\/strong>de sus consejeros, altos ejecutivos y empleados. Con motivo de preservar la liquidez ante la incertidumbre en la recuperaci\u00f3n de la demanda, las remuneraciones est\u00e1n siendo alteradas en la gran mayor\u00eda de los sectores. Adem\u00e1s, un 37% de las compa\u00f1\u00edas asegura que, en los pr\u00f3ximos meses, se seguir\u00e1n congelando los incrementos de los sueldos de toda la plantilla, un 18% considera que no se llevar\u00e1n a cabo m\u00e1s ajustes a la baja para ning\u00fan nivel de la organizaci\u00f3n y, un 14%, prev\u00e9 una reducci\u00f3n de la compensaci\u00f3n total en general para toda la plantilla.<\/p>\n<p>No obstante, un 27% de las empresas que ha llevado a cabo un ERTE ha decidido complementar los salarios de sus colaboradores, con el prop\u00f3sito de mantener el poder adquisitivo de las personas afectadas. En esta crisis se ha visto la importancia de contar con mecanismos de flexibilidad casi en cualquier pol\u00edtica que se defina y, muy especialmente, en la pol\u00edtica retributiva de consejeros y otros niveles de las compa\u00f1\u00edas para poder <strong>dar respuesta a situaciones extraordinarias<\/strong> como la vivida a ra\u00edz de la pandemia del Covid-19. En este sentido, un 70% de las empresas reporta que su pol\u00edtica retributiva, tanto de consejeros como a nivel general, no contempla ning\u00fan plan de excepciones, y s\u00f3lo un 17% afirma tener posibilidad de adaptarla.<\/p>\n<p>La mayor\u00eda de las compa\u00f1\u00edas (34%) prev\u00e9 que se reducir\u00e1 la retribuci\u00f3n variable anual devengada para 2020 para empleados y consejeros, debido a la dificultad para conseguir los objetivos de negocio. A pesar de ello, un 24% de las empresas encuestadas considera que no se realizar\u00e1 ning\u00fan cambio en estos sistemas porque se desea motivar a los directivos y empleados de cara a la salida de la crisis. Otro 23% cree que se va a retrasar o modificar la consecuci\u00f3n de objetivos.<\/p>\n<p>Del informe tambi\u00e9n se extraen determinadas conclusiones en relaci\u00f3n con el teletrabajo, como que la pandemia ha sorprendido a las empresas <strong>sin una pol\u00edtica formal de teletrabajo<\/strong>, ya que un 68% no ten\u00eda una como tal. Y por si fuera poco, del 26% que s\u00ed la ten\u00eda, pr\u00e1cticamente el 60% ha tenido que modificarla porque posiblemente estaba pensada para otras circunstancias.<\/p>\n<span class='bctt-click-to-tweet'><span class='bctt-ctt-text'><a href='https:\/\/twitter.com\/intent\/tweet?url=https%3A%2F%2Fconversesacatalunya.cat%2Fes%2Fmas-de-la-mitad-de-las-empresas-bajaran-los-sueldos%2F&#038;text=El%2060%25%20de%20las%20empresas%20han%20decidido%20bajar%20o%20congelar%20durante%20los%20pr%C3%B3ximos%20seis%20meses%20los%20sueldos&#038;via=conversesacat&#038;related=conversesacat' target='_blank'rel=\"noopener noreferrer\">El 60% de las empresas han decidido bajar o congelar durante los pr\u00f3ximos seis meses los sueldos <\/a><\/span><a href='https:\/\/twitter.com\/intent\/tweet?url=https%3A%2F%2Fconversesacatalunya.cat%2Fes%2Fmas-de-la-mitad-de-las-empresas-bajaran-los-sueldos%2F&#038;text=El%2060%25%20de%20las%20empresas%20han%20decidido%20bajar%20o%20congelar%20durante%20los%20pr%C3%B3ximos%20seis%20meses%20los%20sueldos&#038;via=conversesacat&#038;related=conversesacat' target='_blank' class='bctt-ctt-btn'rel=\"noopener noreferrer\">Compartir en X<\/a><\/span>\n","protected":false},"excerpt":{"rendered":"<p>Seg\u00fan el informe \u2018Conversaciones: Remuneraciones y el Covid-19\u2019, realizado por KPMG en Espa\u00f1a con la participaci\u00f3n de 131 responsables de compensaci\u00f3n, directores de recursos humanos y miembros de consejos, el 60% de las empresas han decidido bajar o congelar durante los pr\u00f3ximos seis meses los sueldos de sus consejeros, altos ejecutivos y empleados. Con motivo de preservar la liquidez ante la incertidumbre en la recuperaci\u00f3n de la demanda, las remuneraciones est\u00e1n siendo alteradas en la gran mayor\u00eda de los sectores. Adem\u00e1s, un 37% de las compa\u00f1\u00edas asegura que, en los pr\u00f3ximos meses, se seguir\u00e1n congelando los incrementos de los sueldos de toda la plantilla, un 18% considera que no se llevar\u00e1n a cabo m\u00e1s ajustes a la baja para ning\u00fan nivel de la organizaci\u00f3n y, un 14%, prev\u00e9 una reducci\u00f3n de la compensaci\u00f3n total en general para toda la plantilla. No obstante, un 27% de las empresas que ha llevado a cabo un ERTE ha decidido complementar los salarios de sus colaboradores, con el prop\u00f3sito de mantener el poder adquisitivo de las personas afectadas. En esta crisis se ha visto la importancia de contar con mecanismos de flexibilidad casi en cualquier pol\u00edtica que se defina y, muy especialmente, en la pol\u00edtica retributiva de consejeros y otros niveles de las compa\u00f1\u00edas para poder dar respuesta a situaciones extraordinarias como la vivida a ra\u00edz de la pandemia del Covid-19. En este sentido, un 70% de las empresas reporta que su pol\u00edtica retributiva, tanto de consejeros como a nivel general, no contempla ning\u00fan plan de excepciones, y s\u00f3lo un 17% afirma tener posibilidad de adaptarla. La mayor\u00eda de las compa\u00f1\u00edas (34%) prev\u00e9 que se reducir\u00e1 la retribuci\u00f3n variable anual devengada para 2020 para empleados y consejeros, debido a la dificultad para conseguir los objetivos de negocio. A pesar de ello, un 24% de las empresas encuestadas considera que no se realizar\u00e1 ning\u00fan cambio en estos sistemas porque se desea motivar a los directivos y empleados de cara a la salida de la crisis. Otro 23% cree que se va a retrasar o modificar la consecuci\u00f3n de objetivos. Del informe tambi\u00e9n se extraen determinadas conclusiones en relaci\u00f3n con el teletrabajo, como que la pandemia ha sorprendido a las empresas sin una pol\u00edtica formal de teletrabajo, ya que un 68% no ten\u00eda una como tal. Y por si fuera poco, del 26% que s\u00ed la ten\u00eda, pr\u00e1cticamente el 60% ha tenido que modificarla porque posiblemente estaba pensada para otras circunstancias.<\/p>\n","protected":false},"author":20,"featured_media":37837,"comment_status":"open","ping_status":"open","sticky":false,"template":"","format":"standard","meta":{"_FSMCFIC_featured_image_caption":"","_FSMCFIC_featured_image_nocaption":"","_FSMCFIC_featured_image_hide":"","footnotes":""},"categories":[806],"tags":[1504,2652,2653],"class_list":["post-37872","post","type-post","status-publish","format-standard","has-post-thumbnail","hentry","category-punts-claus-del-dia-es","tag-coronavirus-es","tag-crisis-covid","tag-sueldos"],"yoast_head":"<!-- This site is optimized with the Yoast SEO plugin v26.8 - https:\/\/yoast.com\/product\/yoast-seo-wordpress\/ -->\n<title>M\u00e1s de la mitad de las empresas bajar\u00e1n los sueldos -<\/title>\n<meta name=\"description\" content=\"El 60% de las empresas est\u00e1n reduciendo o congelando los sueldos para poder mantener la liquidez ante la ca\u00edda de la demanda\" \/>\n<meta name=\"robots\" content=\"index, follow, max-snippet:-1, max-image-preview:large, max-video-preview:-1\" \/>\n<link rel=\"canonical\" href=\"https:\/\/conversesacatalunya.cat\/es\/mas-de-la-mitad-de-las-empresas-bajaran-los-sueldos\/\" \/>\n<meta property=\"og:locale\" content=\"es_ES\" \/>\n<meta property=\"og:type\" content=\"article\" \/>\n<meta property=\"og:title\" content=\"M\u00e1s de la mitad de las empresas bajar\u00e1n los sueldos -\" \/>\n<meta property=\"og:description\" content=\"El 60% de las empresas est\u00e1n reduciendo o congelando los sueldos para poder mantener la liquidez ante la ca\u00edda de la demanda\" \/>\n<meta property=\"og:url\" content=\"https:\/\/conversesacatalunya.cat\/es\/mas-de-la-mitad-de-las-empresas-bajaran-los-sueldos\/\" \/>\n<meta property=\"og:site_name\" content=\"Converses a Catalunya\" \/>\n<meta property=\"article:published_time\" content=\"2020-06-29T04:33:38+00:00\" \/>\n<meta property=\"article:modified_time\" content=\"2020-06-29T11:24:33+00:00\" \/>\n<meta property=\"og:image\" content=\"https:\/\/conversesacatalunya.cat\/wp-content\/uploads\/2020\/06\/Capture-11.png\" \/>\n\t<meta property=\"og:image:width\" content=\"1102\" \/>\n\t<meta property=\"og:image:height\" content=\"725\" \/>\n\t<meta property=\"og:image:type\" content=\"image\/png\" \/>\n<meta name=\"author\" content=\"conversesacatalunya\" \/>\n<meta name=\"twitter:card\" content=\"summary_large_image\" \/>\n<meta name=\"twitter:label1\" content=\"Escrito por\" \/>\n\t<meta name=\"twitter:data1\" content=\"conversesacatalunya\" \/>\n\t<meta name=\"twitter:label2\" content=\"Tiempo de lectura\" \/>\n\t<meta name=\"twitter:data2\" content=\"2 minutos\" \/>\n<script type=\"application\/ld+json\" class=\"yoast-schema-graph\">{\"@context\":\"https:\/\/schema.org\",\"@graph\":[{\"@type\":\"Article\",\"@id\":\"https:\/\/conversesacatalunya.cat\/es\/mas-de-la-mitad-de-las-empresas-bajaran-los-sueldos\/#article\",\"isPartOf\":{\"@id\":\"https:\/\/conversesacatalunya.cat\/es\/mas-de-la-mitad-de-las-empresas-bajaran-los-sueldos\/\"},\"author\":{\"name\":\"conversesacatalunya\",\"@id\":\"https:\/\/conversesacatalunya.cat\/#\/schema\/person\/a7a9496a363cd9847daf7cd659d92e64\"},\"headline\":\"M\u00e1s de la mitad de las empresas bajar\u00e1n los sueldos\",\"datePublished\":\"2020-06-29T04:33:38+00:00\",\"dateModified\":\"2020-06-29T11:24:33+00:00\",\"mainEntityOfPage\":{\"@id\":\"https:\/\/conversesacatalunya.cat\/es\/mas-de-la-mitad-de-las-empresas-bajaran-los-sueldos\/\"},\"wordCount\":460,\"commentCount\":0,\"image\":{\"@id\":\"https:\/\/conversesacatalunya.cat\/es\/mas-de-la-mitad-de-las-empresas-bajaran-los-sueldos\/#primaryimage\"},\"thumbnailUrl\":\"https:\/\/conversesacatalunya.cat\/wp-content\/uploads\/2020\/06\/Capture-11.png\",\"keywords\":[\"coronavirus\",\"crisis covid\",\"Sueldos\"],\"articleSection\":[\"Punts clau del dia (ES)\"],\"inLanguage\":\"es\",\"potentialAction\":[{\"@type\":\"CommentAction\",\"name\":\"Comment\",\"target\":[\"https:\/\/conversesacatalunya.cat\/es\/mas-de-la-mitad-de-las-empresas-bajaran-los-sueldos\/#respond\"]}]},{\"@type\":\"WebPage\",\"@id\":\"https:\/\/conversesacatalunya.cat\/es\/mas-de-la-mitad-de-las-empresas-bajaran-los-sueldos\/\",\"url\":\"https:\/\/conversesacatalunya.cat\/es\/mas-de-la-mitad-de-las-empresas-bajaran-los-sueldos\/\",\"name\":\"M\u00e1s de la mitad de las empresas bajar\u00e1n los sueldos -\",\"isPartOf\":{\"@id\":\"https:\/\/conversesacatalunya.cat\/#website\"},\"primaryImageOfPage\":{\"@id\":\"https:\/\/conversesacatalunya.cat\/es\/mas-de-la-mitad-de-las-empresas-bajaran-los-sueldos\/#primaryimage\"},\"image\":{\"@id\":\"https:\/\/conversesacatalunya.cat\/es\/mas-de-la-mitad-de-las-empresas-bajaran-los-sueldos\/#primaryimage\"},\"thumbnailUrl\":\"https:\/\/conversesacatalunya.cat\/wp-content\/uploads\/2020\/06\/Capture-11.png\",\"datePublished\":\"2020-06-29T04:33:38+00:00\",\"dateModified\":\"2020-06-29T11:24:33+00:00\",\"author\":{\"@id\":\"https:\/\/conversesacatalunya.cat\/#\/schema\/person\/a7a9496a363cd9847daf7cd659d92e64\"},\"description\":\"El 60% de las empresas est\u00e1n reduciendo o congelando los sueldos para poder mantener la liquidez ante la ca\u00edda de la demanda\",\"breadcrumb\":{\"@id\":\"https:\/\/conversesacatalunya.cat\/es\/mas-de-la-mitad-de-las-empresas-bajaran-los-sueldos\/#breadcrumb\"},\"inLanguage\":\"es\",\"potentialAction\":[{\"@type\":\"ReadAction\",\"target\":[\"https:\/\/conversesacatalunya.cat\/es\/mas-de-la-mitad-de-las-empresas-bajaran-los-sueldos\/\"]}]},{\"@type\":\"ImageObject\",\"inLanguage\":\"es\",\"@id\":\"https:\/\/conversesacatalunya.cat\/es\/mas-de-la-mitad-de-las-empresas-bajaran-los-sueldos\/#primaryimage\",\"url\":\"https:\/\/conversesacatalunya.cat\/wp-content\/uploads\/2020\/06\/Capture-11.png\",\"contentUrl\":\"https:\/\/conversesacatalunya.cat\/wp-content\/uploads\/2020\/06\/Capture-11.png\",\"width\":1102,\"height\":725,\"caption\":\"sous\"},{\"@type\":\"BreadcrumbList\",\"@id\":\"https:\/\/conversesacatalunya.cat\/es\/mas-de-la-mitad-de-las-empresas-bajaran-los-sueldos\/#breadcrumb\",\"itemListElement\":[{\"@type\":\"ListItem\",\"position\":1,\"name\":\"Inici\",\"item\":\"https:\/\/conversesacatalunya.cat\/es\/\"},{\"@type\":\"ListItem\",\"position\":2,\"name\":\"M\u00e1s de la mitad de las empresas bajar\u00e1n los sueldos\"}]},{\"@type\":\"WebSite\",\"@id\":\"https:\/\/conversesacatalunya.cat\/#website\",\"url\":\"https:\/\/conversesacatalunya.cat\/\",\"name\":\"Converses a Catalunya\",\"description\":\"\",\"potentialAction\":[{\"@type\":\"SearchAction\",\"target\":{\"@type\":\"EntryPoint\",\"urlTemplate\":\"https:\/\/conversesacatalunya.cat\/?s={search_term_string}\"},\"query-input\":{\"@type\":\"PropertyValueSpecification\",\"valueRequired\":true,\"valueName\":\"search_term_string\"}}],\"inLanguage\":\"es\"},{\"@type\":\"Person\",\"@id\":\"https:\/\/conversesacatalunya.cat\/#\/schema\/person\/a7a9496a363cd9847daf7cd659d92e64\",\"name\":\"conversesacatalunya\",\"image\":{\"@type\":\"ImageObject\",\"inLanguage\":\"es\",\"@id\":\"https:\/\/conversesacatalunya.cat\/#\/schema\/person\/image\/\",\"url\":\"https:\/\/conversesacatalunya.cat\/wp-content\/litespeed\/avatar\/ff91582b44ff9c880dc9c5ac2f5c7e89.jpg?ver=1777372947\",\"contentUrl\":\"https:\/\/conversesacatalunya.cat\/wp-content\/litespeed\/avatar\/ff91582b44ff9c880dc9c5ac2f5c7e89.jpg?ver=1777372947\",\"caption\":\"conversesacatalunya\"},\"url\":\"https:\/\/conversesacatalunya.cat\/es\/author\/francisco_garcia\/\"}]}<\/script>\n<!-- \/ Yoast SEO plugin. -->","yoast_head_json":{"title":"M\u00e1s de la mitad de las empresas bajar\u00e1n los sueldos -","description":"El 60% de las empresas est\u00e1n reduciendo o congelando los sueldos para poder mantener la liquidez ante la ca\u00edda de la demanda","robots":{"index":"index","follow":"follow","max-snippet":"max-snippet:-1","max-image-preview":"max-image-preview:large","max-video-preview":"max-video-preview:-1"},"canonical":"https:\/\/conversesacatalunya.cat\/es\/mas-de-la-mitad-de-las-empresas-bajaran-los-sueldos\/","og_locale":"es_ES","og_type":"article","og_title":"M\u00e1s de la mitad de las empresas bajar\u00e1n los sueldos -","og_description":"El 60% de las empresas est\u00e1n reduciendo o congelando los sueldos para poder mantener la liquidez ante la ca\u00edda de la demanda","og_url":"https:\/\/conversesacatalunya.cat\/es\/mas-de-la-mitad-de-las-empresas-bajaran-los-sueldos\/","og_site_name":"Converses a Catalunya","article_published_time":"2020-06-29T04:33:38+00:00","article_modified_time":"2020-06-29T11:24:33+00:00","og_image":[{"width":1102,"height":725,"url":"https:\/\/conversesacatalunya.cat\/wp-content\/uploads\/2020\/06\/Capture-11.png","type":"image\/png"}],"author":"conversesacatalunya","twitter_card":"summary_large_image","twitter_misc":{"Escrito por":"conversesacatalunya","Tiempo de lectura":"2 minutos"},"schema":{"@context":"https:\/\/schema.org","@graph":[{"@type":"Article","@id":"https:\/\/conversesacatalunya.cat\/es\/mas-de-la-mitad-de-las-empresas-bajaran-los-sueldos\/#article","isPartOf":{"@id":"https:\/\/conversesacatalunya.cat\/es\/mas-de-la-mitad-de-las-empresas-bajaran-los-sueldos\/"},"author":{"name":"conversesacatalunya","@id":"https:\/\/conversesacatalunya.cat\/#\/schema\/person\/a7a9496a363cd9847daf7cd659d92e64"},"headline":"M\u00e1s de la mitad de las empresas bajar\u00e1n los sueldos","datePublished":"2020-06-29T04:33:38+00:00","dateModified":"2020-06-29T11:24:33+00:00","mainEntityOfPage":{"@id":"https:\/\/conversesacatalunya.cat\/es\/mas-de-la-mitad-de-las-empresas-bajaran-los-sueldos\/"},"wordCount":460,"commentCount":0,"image":{"@id":"https:\/\/conversesacatalunya.cat\/es\/mas-de-la-mitad-de-las-empresas-bajaran-los-sueldos\/#primaryimage"},"thumbnailUrl":"https:\/\/conversesacatalunya.cat\/wp-content\/uploads\/2020\/06\/Capture-11.png","keywords":["coronavirus","crisis covid","Sueldos"],"articleSection":["Punts clau del dia (ES)"],"inLanguage":"es","potentialAction":[{"@type":"CommentAction","name":"Comment","target":["https:\/\/conversesacatalunya.cat\/es\/mas-de-la-mitad-de-las-empresas-bajaran-los-sueldos\/#respond"]}]},{"@type":"WebPage","@id":"https:\/\/conversesacatalunya.cat\/es\/mas-de-la-mitad-de-las-empresas-bajaran-los-sueldos\/","url":"https:\/\/conversesacatalunya.cat\/es\/mas-de-la-mitad-de-las-empresas-bajaran-los-sueldos\/","name":"M\u00e1s de la mitad de las empresas bajar\u00e1n los sueldos -","isPartOf":{"@id":"https:\/\/conversesacatalunya.cat\/#website"},"primaryImageOfPage":{"@id":"https:\/\/conversesacatalunya.cat\/es\/mas-de-la-mitad-de-las-empresas-bajaran-los-sueldos\/#primaryimage"},"image":{"@id":"https:\/\/conversesacatalunya.cat\/es\/mas-de-la-mitad-de-las-empresas-bajaran-los-sueldos\/#primaryimage"},"thumbnailUrl":"https:\/\/conversesacatalunya.cat\/wp-content\/uploads\/2020\/06\/Capture-11.png","datePublished":"2020-06-29T04:33:38+00:00","dateModified":"2020-06-29T11:24:33+00:00","author":{"@id":"https:\/\/conversesacatalunya.cat\/#\/schema\/person\/a7a9496a363cd9847daf7cd659d92e64"},"description":"El 60% de las empresas est\u00e1n reduciendo o congelando los sueldos para poder mantener la liquidez ante la ca\u00edda de la demanda","breadcrumb":{"@id":"https:\/\/conversesacatalunya.cat\/es\/mas-de-la-mitad-de-las-empresas-bajaran-los-sueldos\/#breadcrumb"},"inLanguage":"es","potentialAction":[{"@type":"ReadAction","target":["https:\/\/conversesacatalunya.cat\/es\/mas-de-la-mitad-de-las-empresas-bajaran-los-sueldos\/"]}]},{"@type":"ImageObject","inLanguage":"es","@id":"https:\/\/conversesacatalunya.cat\/es\/mas-de-la-mitad-de-las-empresas-bajaran-los-sueldos\/#primaryimage","url":"https:\/\/conversesacatalunya.cat\/wp-content\/uploads\/2020\/06\/Capture-11.png","contentUrl":"https:\/\/conversesacatalunya.cat\/wp-content\/uploads\/2020\/06\/Capture-11.png","width":1102,"height":725,"caption":"sous"},{"@type":"BreadcrumbList","@id":"https:\/\/conversesacatalunya.cat\/es\/mas-de-la-mitad-de-las-empresas-bajaran-los-sueldos\/#breadcrumb","itemListElement":[{"@type":"ListItem","position":1,"name":"Inici","item":"https:\/\/conversesacatalunya.cat\/es\/"},{"@type":"ListItem","position":2,"name":"M\u00e1s de la mitad de las empresas bajar\u00e1n los sueldos"}]},{"@type":"WebSite","@id":"https:\/\/conversesacatalunya.cat\/#website","url":"https:\/\/conversesacatalunya.cat\/","name":"Converses a Catalunya","description":"","potentialAction":[{"@type":"SearchAction","target":{"@type":"EntryPoint","urlTemplate":"https:\/\/conversesacatalunya.cat\/?s={search_term_string}"},"query-input":{"@type":"PropertyValueSpecification","valueRequired":true,"valueName":"search_term_string"}}],"inLanguage":"es"},{"@type":"Person","@id":"https:\/\/conversesacatalunya.cat\/#\/schema\/person\/a7a9496a363cd9847daf7cd659d92e64","name":"conversesacatalunya","image":{"@type":"ImageObject","inLanguage":"es","@id":"https:\/\/conversesacatalunya.cat\/#\/schema\/person\/image\/","url":"https:\/\/conversesacatalunya.cat\/wp-content\/litespeed\/avatar\/ff91582b44ff9c880dc9c5ac2f5c7e89.jpg?ver=1777372947","contentUrl":"https:\/\/conversesacatalunya.cat\/wp-content\/litespeed\/avatar\/ff91582b44ff9c880dc9c5ac2f5c7e89.jpg?ver=1777372947","caption":"conversesacatalunya"},"url":"https:\/\/conversesacatalunya.cat\/es\/author\/francisco_garcia\/"}]}},"wps_subtitle":"El 60% de las empresas est\u00e1n reduciendo o congelando los sueldos para poder mantener la liquidez ante la ca\u00edda de la demanda en una amplia mayor\u00eda de sectores. Adem\u00e1s, un 37% de las compa\u00f1\u00edas congelar\u00e1n los sueldos en los pr\u00f3ximos meses","_links":{"self":[{"href":"https:\/\/conversesacatalunya.cat\/es\/wp-json\/wp\/v2\/posts\/37872","targetHints":{"allow":["GET"]}}],"collection":[{"href":"https:\/\/conversesacatalunya.cat\/es\/wp-json\/wp\/v2\/posts"}],"about":[{"href":"https:\/\/conversesacatalunya.cat\/es\/wp-json\/wp\/v2\/types\/post"}],"author":[{"embeddable":true,"href":"https:\/\/conversesacatalunya.cat\/es\/wp-json\/wp\/v2\/users\/20"}],"replies":[{"embeddable":true,"href":"https:\/\/conversesacatalunya.cat\/es\/wp-json\/wp\/v2\/comments?post=37872"}],"version-history":[{"count":2,"href":"https:\/\/conversesacatalunya.cat\/es\/wp-json\/wp\/v2\/posts\/37872\/revisions"}],"predecessor-version":[{"id":37874,"href":"https:\/\/conversesacatalunya.cat\/es\/wp-json\/wp\/v2\/posts\/37872\/revisions\/37874"}],"wp:featuredmedia":[{"embeddable":true,"href":"https:\/\/conversesacatalunya.cat\/es\/wp-json\/wp\/v2\/media\/37837"}],"wp:attachment":[{"href":"https:\/\/conversesacatalunya.cat\/es\/wp-json\/wp\/v2\/media?parent=37872"}],"wp:term":[{"taxonomy":"category","embeddable":true,"href":"https:\/\/conversesacatalunya.cat\/es\/wp-json\/wp\/v2\/categories?post=37872"},{"taxonomy":"post_tag","embeddable":true,"href":"https:\/\/conversesacatalunya.cat\/es\/wp-json\/wp\/v2\/tags?post=37872"}],"curies":[{"name":"wp","href":"https:\/\/api.w.org\/{rel}","templated":true}]}}