{"id":37762,"date":"2020-06-26T08:38:57","date_gmt":"2020-06-26T06:38:57","guid":{"rendered":"https:\/\/conversesacatalunya.cat\/de-quin-color-es-la-pell-de-deu\/"},"modified":"2020-06-26T08:47:53","modified_gmt":"2020-06-26T06:47:53","slug":"de-que-color-es-la-piel-de-dios","status":"publish","type":"post","link":"https:\/\/conversesacatalunya.cat\/es\/de-que-color-es-la-piel-de-dios\/","title":{"rendered":"\u00bfDe qu\u00e9 color es la piel de Dios?"},"content":{"rendered":"<p>Hace a\u00f1os, a veces me parece que tal vez en otra vida, dediqu\u00e9 varios veranos de mi vida a labores de voluntariado, en Bolivia, Costa de Marfil,\u00a0 Centroam\u00e9rica (Honduras, Guatemala y Nicaragua) y la India (Calcuta y Bombay, Kolkata y Mumbai en la graf\u00eda actual). Tuve ocasi\u00f3n de convivir con distintos colectivos de ind\u00edgenas de diferentes razas y etnias. Los aymara en Bolivia, los gar\u00edfuna en Honduras, los miskitos en Nicaragua,\u2026 En Guatemala, m\u00e1s del 40% de la poblaci\u00f3n es ind\u00edgena, de diversos grupos \u00e9tnicos.<\/p>\n<p>En Costa de Marfil, la zona donde estuve colaborando en proyectos educativos tambi\u00e9n era un \u201cmelpot\u201d de tribus y culturas. En aquella \u00e9poca era un pa\u00eds m\u00e1s pr\u00f3spero y tranquilo que sus vecinos Burkina Fasso, Ghana o Mali, y hab\u00eda mucha inmigraci\u00f3n procedente de esos pa\u00edses. Recuerdo que entre los j\u00f3venes llamarle a alguien \u201civoirien\u201d (el natural de aquel pa\u00eds) era pr\u00e1cticamente un insulto, porque la mayor\u00eda hab\u00edan llegado de otros lugares buscando trabajo y una vida m\u00e1s digna. Unos a\u00f1os m\u00e1s tarde la situaci\u00f3n pol\u00edtica se complic\u00f3 y se produjeron graves disturbios, enfrentamientos civiles que acabaron con unos cuantos muertos en la excolonia francesa. Todo ello consecuencia de la colonizaci\u00f3n europea y de un desastroso proceso de descolonizaci\u00f3n.<\/p>\n<p>El caso de la India es para explicarlo con detalle en otro post. Imposible describir aquello en tan s\u00f3lo unas l\u00edneas.<\/p>\n<p>Tambi\u00e9n viaj\u00e9 a\u00f1os m\u00e1s tarde por Estados Unidos, por la Am\u00e9rica profunda, en un programa especial para extranjeros organizado por la Secretaria de Estado. He patrullado por las calles de Minneapolis junto a un polic\u00eda de raza negra despu\u00e9s de asistir a la reuni\u00f3n matinal de coordinaci\u00f3n, he visitado centros penitenciarios de alta seguridad en Colorado, he visto colas de emigrantes sin papeles en los suburbios de Seattle esperando a que alg\u00fan cami\u00f3n los recogiera para ir a trabajar ese d\u00eda,\u2026 Todo muy lejano al \u201camerican dream\u201d que nos han vendido muchas pel\u00edculas.<\/p>\n<p>Nada de todo eso que hice representa heroicidad alguna. S\u00f3lo experiencias inolvidables de las que aprend\u00ed mucho m\u00e1s de lo que fui capaz de ofrecer. Infinitamente m\u00e1s.<\/p>\n<p>En especial aprend\u00ed algo en el minuto cero en todos esos lugares: a cambiar la mirada hacia el diferente. A reconocer que todos tenemos un nivel de racismo integrado que s\u00f3lo podemos cambiar de\u00a0 verdad cuando somos conscientes de ello. Y a partir de ah\u00ed, podemos empezar a mirar a todo el mundo sin distinguir raza o color. En alguno de esos lugares me sent\u00ed yo mismo observado porque era el \u00fanico blanco. Recuerdo c\u00f3mo las ni\u00f1as peque\u00f1as me estiraban con cautela del vello de los brazos porque les causaba mucha curiosidad. Sus padres o hermanos mayores no ten\u00edan.<\/p>\n<p>No estoy vacunado contra el racismo. Nadie lo est\u00e1. Pero convivir con diferentes te hace comprender lo que se siente cuando el diferente eres t\u00fa. Cuando el color de la piel se asocia a delincuencia, a pobreza, a miedo. El racismo parte del miedo y a menudo se convierte en odio.<\/p>\n<p>Cuando era peque\u00f1o hab\u00eda un grupo multirracial de j\u00f3venes muy pulcros que viajaban por todo el mundo cantando canciones de amor y fraternidad. \u201cUp with the people\u201d, era su nombre. Nacieron en Denver en 1965 y pasaron con \u00e9xito por la Espa\u00f1a franquista.\u00a0 Cantaban aquel himno tan popular y adictivo llamado \u201cViva la gente\u201d. Pero tambi\u00e9n cantaban otra canci\u00f3n muy conocida que se llamaba \u201c\u00bfDe qu\u00e9 color es la piel de Dios?\u201d. No \u00e9ramos muy conscientes de ello pero la letra era un alegato, quiz\u00e1 un punto \u201cna\u00eff\u201d, contra el racismo. A m\u00ed se me qued\u00f3 muy impregnado en la conciencia.<\/p>\n<h5>\u201cDije negra, amarilla, roja y blanca es, todos son iguales a los ojos de Dios\u201d.<\/h5>\n<p>Pues eso. Luchemos contra el racismo, contra toda clase de discriminaci\u00f3n por raz\u00f3n de piel, etnia o religi\u00f3n. Nadie es mejor que nadie. Todas las vidas importan. Derribar estatuas no sirve de mucho, y en alg\u00fan caso roza lo absurdo. Lo importante es cambiar las conductas y las consciencias.<\/p>\n<span class='bctt-click-to-tweet'><span class='bctt-ctt-text'><a href='https:\/\/twitter.com\/intent\/tweet?url=https%3A%2F%2Fconversesacatalunya.cat%2Fes%2Fde-que-color-es-la-piel-de-dios%2F&#038;text=Derribar%20estatuas%20no%20sirve%20de%20mucho%2C%20y%20en%20alg%C3%BAn%20caso%20roza%20lo%20absurdo.%20Lo%20importante%20es%20cambiar%20las%20conductas%20y%20las%20consciencias&#038;via=conversesacat&#038;related=conversesacat' target='_blank'rel=\"noopener noreferrer\">Derribar estatuas no sirve de mucho, y en alg\u00fan caso roza lo absurdo. Lo importante es cambiar las conductas y las consciencias <\/a><\/span><a href='https:\/\/twitter.com\/intent\/tweet?url=https%3A%2F%2Fconversesacatalunya.cat%2Fes%2Fde-que-color-es-la-piel-de-dios%2F&#038;text=Derribar%20estatuas%20no%20sirve%20de%20mucho%2C%20y%20en%20alg%C3%BAn%20caso%20roza%20lo%20absurdo.%20Lo%20importante%20es%20cambiar%20las%20conductas%20y%20las%20consciencias&#038;via=conversesacat&#038;related=conversesacat' target='_blank' class='bctt-ctt-btn'rel=\"noopener noreferrer\">Compartir en X<\/a><\/span>\n<div id=\"polls-56\" class=\"wp-polls\">\n\t<form id=\"polls_form_56\" class=\"wp-polls-form\" action=\"\/index.php\" method=\"post\">\n\t\t<p style=\"display: none;\"><input type=\"hidden\" id=\"poll_56_nonce\" name=\"wp-polls-nonce\" value=\"e76290b6f9\" \/><\/p>\n\t\t<p style=\"display: none;\"><input type=\"hidden\" name=\"poll_id\" value=\"56\" \/><\/p>\n\t\t<p style=\"text-align: center\"><strong>Creieu necessari portar la mascareta pel carrer els pr\u00f2xims mesos?<\/strong><\/p><div id=\"polls-56-ans\" class=\"wp-polls-ans\"><ul class=\"wp-polls-ul\">\n\t\t<li><input type=\"radio\" id=\"poll-answer-118\" name=\"poll_56\" value=\"118\" \/> <label for=\"poll-answer-118\">Si<\/label><\/li>\n\t\t<li><input type=\"radio\" id=\"poll-answer-119\" name=\"poll_56\" value=\"119\" \/> <label for=\"poll-answer-119\">No<\/label><\/li>\n\t\t<\/ul><p style=\"text-align: center\"><input type=\"button\" name=\"vote\" value=\"   Vota   \" class=\"Buttons\" onclick=\"poll_vote(56);\" \/><\/p><p style=\"text-align: center\"><a href=\"#ViewPollResults\" onclick=\"poll_result(56); return false;\" title=\"View Results Of This Poll\">Mira els resultats<\/a><\/p><\/div>\n\t<\/form>\n<\/div>\n<div id=\"polls-56-loading\" class=\"wp-polls-loading\"><img decoding=\"async\" data-src=\"https:\/\/conversesacatalunya.cat\/wp-content\/plugins\/wp-polls\/images\/loading.gif\" width=\"16\" height=\"16\" alt=\"Cargando ...\" title=\"Cargando ...\" class=\"wp-polls-image lazyload\" src=\"data:image\/svg+xml;base64,PHN2ZyB3aWR0aD0iMSIgaGVpZ2h0PSIxIiB4bWxucz0iaHR0cDovL3d3dy53My5vcmcvMjAwMC9zdmciPjwvc3ZnPg==\" style=\"--smush-placeholder-width: 16px; --smush-placeholder-aspect-ratio: 16\/16;\" \/>&nbsp;Cargando ...<\/div>\n\n","protected":false},"excerpt":{"rendered":"<p>Hace a\u00f1os, a veces me parece que tal vez en otra vida, dediqu\u00e9 varios veranos de mi vida a labores de voluntariado, en Bolivia, Costa de Marfil,\u00a0 Centroam\u00e9rica (Honduras, Guatemala y Nicaragua) y la India (Calcuta y Bombay, Kolkata y Mumbai en la graf\u00eda actual). Tuve ocasi\u00f3n de convivir con distintos colectivos de ind\u00edgenas de diferentes razas y etnias. Los aymara en Bolivia, los gar\u00edfuna en Honduras, los miskitos en Nicaragua,\u2026 En Guatemala, m\u00e1s del 40% de la poblaci\u00f3n es ind\u00edgena, de diversos grupos \u00e9tnicos. En Costa de Marfil, la zona donde estuve colaborando en proyectos educativos tambi\u00e9n era un \u201cmelpot\u201d de tribus y culturas. En aquella \u00e9poca era un pa\u00eds m\u00e1s pr\u00f3spero y tranquilo que sus vecinos Burkina Fasso, Ghana o Mali, y hab\u00eda mucha inmigraci\u00f3n procedente de esos pa\u00edses. Recuerdo que entre los j\u00f3venes llamarle a alguien \u201civoirien\u201d (el natural de aquel pa\u00eds) era pr\u00e1cticamente un insulto, porque la mayor\u00eda hab\u00edan llegado de otros lugares buscando trabajo y una vida m\u00e1s digna. Unos a\u00f1os m\u00e1s tarde la situaci\u00f3n pol\u00edtica se complic\u00f3 y se produjeron graves disturbios, enfrentamientos civiles que acabaron con unos cuantos muertos en la excolonia francesa. Todo ello consecuencia de la colonizaci\u00f3n europea y de un desastroso proceso de descolonizaci\u00f3n. El caso de la India es para explicarlo con detalle en otro post. Imposible describir aquello en tan s\u00f3lo unas l\u00edneas. Tambi\u00e9n viaj\u00e9 a\u00f1os m\u00e1s tarde por Estados Unidos, por la Am\u00e9rica profunda, en un programa especial para extranjeros organizado por la Secretaria de Estado. He patrullado por las calles de Minneapolis junto a un polic\u00eda de raza negra despu\u00e9s de asistir a la reuni\u00f3n matinal de coordinaci\u00f3n, he visitado centros penitenciarios de alta seguridad en Colorado, he visto colas de emigrantes sin papeles en los suburbios de Seattle esperando a que alg\u00fan cami\u00f3n los recogiera para ir a trabajar ese d\u00eda,\u2026 Todo muy lejano al \u201camerican dream\u201d que nos han vendido muchas pel\u00edculas. Nada de todo eso que hice representa heroicidad alguna. S\u00f3lo experiencias inolvidables de las que aprend\u00ed mucho m\u00e1s de lo que fui capaz de ofrecer. Infinitamente m\u00e1s. En especial aprend\u00ed algo en el minuto cero en todos esos lugares: a cambiar la mirada hacia el diferente. A reconocer que todos tenemos un nivel de racismo integrado que s\u00f3lo podemos cambiar de\u00a0 verdad cuando somos conscientes de ello. Y a partir de ah\u00ed, podemos empezar a mirar a todo el mundo sin distinguir raza o color. En alguno de esos lugares me sent\u00ed yo mismo observado porque era el \u00fanico blanco. Recuerdo c\u00f3mo las ni\u00f1as peque\u00f1as me estiraban con cautela del vello de los brazos porque les causaba mucha curiosidad. Sus padres o hermanos mayores no ten\u00edan. No estoy vacunado contra el racismo. Nadie lo est\u00e1. Pero convivir con diferentes te hace comprender lo que se siente cuando el diferente eres t\u00fa. Cuando el color de la piel se asocia a delincuencia, a pobreza, a miedo. El racismo parte del miedo y a menudo se convierte en odio. Cuando era peque\u00f1o hab\u00eda un grupo multirracial de j\u00f3venes muy pulcros que viajaban por todo el mundo cantando canciones de amor y fraternidad. \u201cUp with the people\u201d, era su nombre. Nacieron en Denver en 1965 y pasaron con \u00e9xito por la Espa\u00f1a franquista.\u00a0 Cantaban aquel himno tan popular y adictivo llamado \u201cViva la gente\u201d. Pero tambi\u00e9n cantaban otra canci\u00f3n muy conocida que se llamaba \u201c\u00bfDe qu\u00e9 color es la piel de Dios?\u201d. No \u00e9ramos muy conscientes de ello pero la letra era un alegato, quiz\u00e1 un punto \u201cna\u00eff\u201d, contra el racismo. A m\u00ed se me qued\u00f3 muy impregnado en la conciencia. \u201cDije negra, amarilla, roja y blanca es, todos son iguales a los ojos de Dios\u201d. Pues eso. Luchemos contra el racismo, contra toda clase de discriminaci\u00f3n por raz\u00f3n de piel, etnia o religi\u00f3n. Nadie es mejor que nadie. Todas las vidas importan. Derribar estatuas no sirve de mucho, y en alg\u00fan caso roza lo absurdo. Lo importante es cambiar las conductas y las consciencias.<\/p>\n","protected":false},"author":5,"featured_media":37758,"comment_status":"open","ping_status":"open","sticky":false,"template":"","format":"standard","meta":{"_FSMCFIC_featured_image_caption":"","_FSMCFIC_featured_image_nocaption":"","_FSMCFIC_featured_image_hide":"","footnotes":""},"categories":[5],"tags":[2631,2527],"class_list":["post-37762","post","type-post","status-publish","format-standard","has-post-thumbnail","hentry","category-opinem","tag-discriminacion","tag-racismo"],"yoast_head":"<!-- This site is optimized with the Yoast SEO plugin v26.8 - https:\/\/yoast.com\/product\/yoast-seo-wordpress\/ -->\n<title>\u00bfDe qu\u00e9 color es la piel de Dios? - Converses a Catalunya<\/title>\n<meta name=\"robots\" content=\"noindex, nofollow\" \/>\n<meta property=\"og:locale\" content=\"es_ES\" \/>\n<meta property=\"og:type\" content=\"article\" \/>\n<meta property=\"og:title\" content=\"\u00bfDe qu\u00e9 color es la piel de Dios? - Converses a Catalunya\" \/>\n<meta property=\"og:description\" content=\"Hace a\u00f1os, a veces me parece que tal vez en otra vida, dediqu\u00e9 varios veranos de mi vida a labores de voluntariado, en Bolivia, Costa de Marfil,\u00a0 Centroam\u00e9rica (Honduras, Guatemala y Nicaragua) y la India (Calcuta y Bombay, Kolkata y Mumbai en la graf\u00eda actual). Tuve ocasi\u00f3n de convivir con distintos colectivos de ind\u00edgenas de diferentes razas y etnias. Los aymara en Bolivia, los gar\u00edfuna en Honduras, los miskitos en Nicaragua,\u2026 En Guatemala, m\u00e1s del 40% de la poblaci\u00f3n es ind\u00edgena, de diversos grupos \u00e9tnicos. En Costa de Marfil, la zona donde estuve colaborando en proyectos educativos tambi\u00e9n era un \u201cmelpot\u201d de tribus y culturas. En aquella \u00e9poca era un pa\u00eds m\u00e1s pr\u00f3spero y tranquilo que sus vecinos Burkina Fasso, Ghana o Mali, y hab\u00eda mucha inmigraci\u00f3n procedente de esos pa\u00edses. Recuerdo que entre los j\u00f3venes llamarle a alguien \u201civoirien\u201d (el natural de aquel pa\u00eds) era pr\u00e1cticamente un insulto, porque la mayor\u00eda hab\u00edan llegado de otros lugares buscando trabajo y una vida m\u00e1s digna. Unos a\u00f1os m\u00e1s tarde la situaci\u00f3n pol\u00edtica se complic\u00f3 y se produjeron graves disturbios, enfrentamientos civiles que acabaron con unos cuantos muertos en la excolonia francesa. Todo ello consecuencia de la colonizaci\u00f3n europea y de un desastroso proceso de descolonizaci\u00f3n. El caso de la India es para explicarlo con detalle en otro post. Imposible describir aquello en tan s\u00f3lo unas l\u00edneas. Tambi\u00e9n viaj\u00e9 a\u00f1os m\u00e1s tarde por Estados Unidos, por la Am\u00e9rica profunda, en un programa especial para extranjeros organizado por la Secretaria de Estado. He patrullado por las calles de Minneapolis junto a un polic\u00eda de raza negra despu\u00e9s de asistir a la reuni\u00f3n matinal de coordinaci\u00f3n, he visitado centros penitenciarios de alta seguridad en Colorado, he visto colas de emigrantes sin papeles en los suburbios de Seattle esperando a que alg\u00fan cami\u00f3n los recogiera para ir a trabajar ese d\u00eda,\u2026 Todo muy lejano al \u201camerican dream\u201d que nos han vendido muchas pel\u00edculas. Nada de todo eso que hice representa heroicidad alguna. S\u00f3lo experiencias inolvidables de las que aprend\u00ed mucho m\u00e1s de lo que fui capaz de ofrecer. Infinitamente m\u00e1s. En especial aprend\u00ed algo en el minuto cero en todos esos lugares: a cambiar la mirada hacia el diferente. A reconocer que todos tenemos un nivel de racismo integrado que s\u00f3lo podemos cambiar de\u00a0 verdad cuando somos conscientes de ello. Y a partir de ah\u00ed, podemos empezar a mirar a todo el mundo sin distinguir raza o color. En alguno de esos lugares me sent\u00ed yo mismo observado porque era el \u00fanico blanco. Recuerdo c\u00f3mo las ni\u00f1as peque\u00f1as me estiraban con cautela del vello de los brazos porque les causaba mucha curiosidad. Sus padres o hermanos mayores no ten\u00edan. No estoy vacunado contra el racismo. Nadie lo est\u00e1. Pero convivir con diferentes te hace comprender lo que se siente cuando el diferente eres t\u00fa. Cuando el color de la piel se asocia a delincuencia, a pobreza, a miedo. El racismo parte del miedo y a menudo se convierte en odio. Cuando era peque\u00f1o hab\u00eda un grupo multirracial de j\u00f3venes muy pulcros que viajaban por todo el mundo cantando canciones de amor y fraternidad. \u201cUp with the people\u201d, era su nombre. Nacieron en Denver en 1965 y pasaron con \u00e9xito por la Espa\u00f1a franquista.\u00a0 Cantaban aquel himno tan popular y adictivo llamado \u201cViva la gente\u201d. Pero tambi\u00e9n cantaban otra canci\u00f3n muy conocida que se llamaba \u201c\u00bfDe qu\u00e9 color es la piel de Dios?\u201d. No \u00e9ramos muy conscientes de ello pero la letra era un alegato, quiz\u00e1 un punto \u201cna\u00eff\u201d, contra el racismo. A m\u00ed se me qued\u00f3 muy impregnado en la conciencia. \u201cDije negra, amarilla, roja y blanca es, todos son iguales a los ojos de Dios\u201d. Pues eso. Luchemos contra el racismo, contra toda clase de discriminaci\u00f3n por raz\u00f3n de piel, etnia o religi\u00f3n. Nadie es mejor que nadie. Todas las vidas importan. Derribar estatuas no sirve de mucho, y en alg\u00fan caso roza lo absurdo. Lo importante es cambiar las conductas y las consciencias.\" \/>\n<meta property=\"og:url\" content=\"https:\/\/conversesacatalunya.cat\/es\/de-que-color-es-la-piel-de-dios\/\" \/>\n<meta property=\"og:site_name\" content=\"Converses a Catalunya\" \/>\n<meta property=\"article:published_time\" content=\"2020-06-26T06:38:57+00:00\" \/>\n<meta property=\"article:modified_time\" content=\"2020-06-26T06:47:53+00:00\" \/>\n<meta property=\"og:image\" content=\"https:\/\/conversesacatalunya.cat\/wp-content\/uploads\/2020\/06\/Color.png\" \/>\n\t<meta property=\"og:image:width\" content=\"297\" \/>\n\t<meta property=\"og:image:height\" content=\"300\" \/>\n\t<meta property=\"og:image:type\" content=\"image\/png\" \/>\n<meta name=\"author\" content=\"Josep Manel Silva\" \/>\n<meta name=\"twitter:card\" content=\"summary_large_image\" \/>\n<meta name=\"twitter:label1\" content=\"Escrito por\" \/>\n\t<meta name=\"twitter:data1\" content=\"Josep Manel Silva\" \/>\n\t<meta name=\"twitter:label2\" content=\"Tiempo de lectura\" \/>\n\t<meta name=\"twitter:data2\" content=\"4 minutos\" \/>\n<script type=\"application\/ld+json\" class=\"yoast-schema-graph\">{\"@context\":\"https:\/\/schema.org\",\"@graph\":[{\"@type\":\"Article\",\"@id\":\"https:\/\/conversesacatalunya.cat\/es\/de-que-color-es-la-piel-de-dios\/#article\",\"isPartOf\":{\"@id\":\"https:\/\/conversesacatalunya.cat\/es\/de-que-color-es-la-piel-de-dios\/\"},\"author\":{\"name\":\"Josep Manel Silva\",\"@id\":\"https:\/\/conversesacatalunya.cat\/#\/schema\/person\/002600efd43d2fd853533142f835a7d0\"},\"headline\":\"\u00bfDe qu\u00e9 color es la piel de Dios?\",\"datePublished\":\"2020-06-26T06:38:57+00:00\",\"dateModified\":\"2020-06-26T06:47:53+00:00\",\"mainEntityOfPage\":{\"@id\":\"https:\/\/conversesacatalunya.cat\/es\/de-que-color-es-la-piel-de-dios\/\"},\"wordCount\":756,\"commentCount\":0,\"image\":{\"@id\":\"https:\/\/conversesacatalunya.cat\/es\/de-que-color-es-la-piel-de-dios\/#primaryimage\"},\"thumbnailUrl\":\"https:\/\/conversesacatalunya.cat\/wp-content\/uploads\/2020\/06\/Color.png\",\"keywords\":[\"discriminaci\u00f3n\",\"racismo\"],\"articleSection\":[\"Opinem\"],\"inLanguage\":\"es\",\"potentialAction\":[{\"@type\":\"CommentAction\",\"name\":\"Comment\",\"target\":[\"https:\/\/conversesacatalunya.cat\/es\/de-que-color-es-la-piel-de-dios\/#respond\"]}]},{\"@type\":\"WebPage\",\"@id\":\"https:\/\/conversesacatalunya.cat\/es\/de-que-color-es-la-piel-de-dios\/\",\"url\":\"https:\/\/conversesacatalunya.cat\/es\/de-que-color-es-la-piel-de-dios\/\",\"name\":\"\u00bfDe qu\u00e9 color es la piel de Dios? - Converses a Catalunya\",\"isPartOf\":{\"@id\":\"https:\/\/conversesacatalunya.cat\/#website\"},\"primaryImageOfPage\":{\"@id\":\"https:\/\/conversesacatalunya.cat\/es\/de-que-color-es-la-piel-de-dios\/#primaryimage\"},\"image\":{\"@id\":\"https:\/\/conversesacatalunya.cat\/es\/de-que-color-es-la-piel-de-dios\/#primaryimage\"},\"thumbnailUrl\":\"https:\/\/conversesacatalunya.cat\/wp-content\/uploads\/2020\/06\/Color.png\",\"datePublished\":\"2020-06-26T06:38:57+00:00\",\"dateModified\":\"2020-06-26T06:47:53+00:00\",\"author\":{\"@id\":\"https:\/\/conversesacatalunya.cat\/#\/schema\/person\/002600efd43d2fd853533142f835a7d0\"},\"breadcrumb\":{\"@id\":\"https:\/\/conversesacatalunya.cat\/es\/de-que-color-es-la-piel-de-dios\/#breadcrumb\"},\"inLanguage\":\"es\",\"potentialAction\":[{\"@type\":\"ReadAction\",\"target\":[\"https:\/\/conversesacatalunya.cat\/es\/de-que-color-es-la-piel-de-dios\/\"]}]},{\"@type\":\"ImageObject\",\"inLanguage\":\"es\",\"@id\":\"https:\/\/conversesacatalunya.cat\/es\/de-que-color-es-la-piel-de-dios\/#primaryimage\",\"url\":\"https:\/\/conversesacatalunya.cat\/wp-content\/uploads\/2020\/06\/Color.png\",\"contentUrl\":\"https:\/\/conversesacatalunya.cat\/wp-content\/uploads\/2020\/06\/Color.png\",\"width\":297,\"height\":300},{\"@type\":\"BreadcrumbList\",\"@id\":\"https:\/\/conversesacatalunya.cat\/es\/de-que-color-es-la-piel-de-dios\/#breadcrumb\",\"itemListElement\":[{\"@type\":\"ListItem\",\"position\":1,\"name\":\"Inici\",\"item\":\"https:\/\/conversesacatalunya.cat\/es\/\"},{\"@type\":\"ListItem\",\"position\":2,\"name\":\"\u00bfDe qu\u00e9 color es la piel de Dios?\"}]},{\"@type\":\"WebSite\",\"@id\":\"https:\/\/conversesacatalunya.cat\/#website\",\"url\":\"https:\/\/conversesacatalunya.cat\/\",\"name\":\"Converses a Catalunya\",\"description\":\"\",\"potentialAction\":[{\"@type\":\"SearchAction\",\"target\":{\"@type\":\"EntryPoint\",\"urlTemplate\":\"https:\/\/conversesacatalunya.cat\/?s={search_term_string}\"},\"query-input\":{\"@type\":\"PropertyValueSpecification\",\"valueRequired\":true,\"valueName\":\"search_term_string\"}}],\"inLanguage\":\"es\"},{\"@type\":\"Person\",\"@id\":\"https:\/\/conversesacatalunya.cat\/#\/schema\/person\/002600efd43d2fd853533142f835a7d0\",\"name\":\"Josep Manel Silva\",\"image\":{\"@type\":\"ImageObject\",\"inLanguage\":\"es\",\"@id\":\"https:\/\/conversesacatalunya.cat\/#\/schema\/person\/image\/\",\"url\":\"https:\/\/conversesacatalunya.cat\/wp-content\/litespeed\/avatar\/185e68439f2852088c1bbbab53e0e4c5.jpg?ver=1777384733\",\"contentUrl\":\"https:\/\/conversesacatalunya.cat\/wp-content\/litespeed\/avatar\/185e68439f2852088c1bbbab53e0e4c5.jpg?ver=1777384733\",\"caption\":\"Josep Manel Silva\"},\"url\":\"https:\/\/conversesacatalunya.cat\/es\/author\/josep-manel-silva\/\"}]}<\/script>\n<!-- \/ Yoast SEO plugin. -->","yoast_head_json":{"title":"\u00bfDe qu\u00e9 color es la piel de Dios? - Converses a Catalunya","robots":{"index":"noindex","follow":"nofollow"},"og_locale":"es_ES","og_type":"article","og_title":"\u00bfDe qu\u00e9 color es la piel de Dios? - Converses a Catalunya","og_description":"Hace a\u00f1os, a veces me parece que tal vez en otra vida, dediqu\u00e9 varios veranos de mi vida a labores de voluntariado, en Bolivia, Costa de Marfil,\u00a0 Centroam\u00e9rica (Honduras, Guatemala y Nicaragua) y la India (Calcuta y Bombay, Kolkata y Mumbai en la graf\u00eda actual). Tuve ocasi\u00f3n de convivir con distintos colectivos de ind\u00edgenas de diferentes razas y etnias. Los aymara en Bolivia, los gar\u00edfuna en Honduras, los miskitos en Nicaragua,\u2026 En Guatemala, m\u00e1s del 40% de la poblaci\u00f3n es ind\u00edgena, de diversos grupos \u00e9tnicos. En Costa de Marfil, la zona donde estuve colaborando en proyectos educativos tambi\u00e9n era un \u201cmelpot\u201d de tribus y culturas. En aquella \u00e9poca era un pa\u00eds m\u00e1s pr\u00f3spero y tranquilo que sus vecinos Burkina Fasso, Ghana o Mali, y hab\u00eda mucha inmigraci\u00f3n procedente de esos pa\u00edses. Recuerdo que entre los j\u00f3venes llamarle a alguien \u201civoirien\u201d (el natural de aquel pa\u00eds) era pr\u00e1cticamente un insulto, porque la mayor\u00eda hab\u00edan llegado de otros lugares buscando trabajo y una vida m\u00e1s digna. Unos a\u00f1os m\u00e1s tarde la situaci\u00f3n pol\u00edtica se complic\u00f3 y se produjeron graves disturbios, enfrentamientos civiles que acabaron con unos cuantos muertos en la excolonia francesa. Todo ello consecuencia de la colonizaci\u00f3n europea y de un desastroso proceso de descolonizaci\u00f3n. El caso de la India es para explicarlo con detalle en otro post. Imposible describir aquello en tan s\u00f3lo unas l\u00edneas. Tambi\u00e9n viaj\u00e9 a\u00f1os m\u00e1s tarde por Estados Unidos, por la Am\u00e9rica profunda, en un programa especial para extranjeros organizado por la Secretaria de Estado. He patrullado por las calles de Minneapolis junto a un polic\u00eda de raza negra despu\u00e9s de asistir a la reuni\u00f3n matinal de coordinaci\u00f3n, he visitado centros penitenciarios de alta seguridad en Colorado, he visto colas de emigrantes sin papeles en los suburbios de Seattle esperando a que alg\u00fan cami\u00f3n los recogiera para ir a trabajar ese d\u00eda,\u2026 Todo muy lejano al \u201camerican dream\u201d que nos han vendido muchas pel\u00edculas. Nada de todo eso que hice representa heroicidad alguna. S\u00f3lo experiencias inolvidables de las que aprend\u00ed mucho m\u00e1s de lo que fui capaz de ofrecer. Infinitamente m\u00e1s. En especial aprend\u00ed algo en el minuto cero en todos esos lugares: a cambiar la mirada hacia el diferente. A reconocer que todos tenemos un nivel de racismo integrado que s\u00f3lo podemos cambiar de\u00a0 verdad cuando somos conscientes de ello. Y a partir de ah\u00ed, podemos empezar a mirar a todo el mundo sin distinguir raza o color. En alguno de esos lugares me sent\u00ed yo mismo observado porque era el \u00fanico blanco. Recuerdo c\u00f3mo las ni\u00f1as peque\u00f1as me estiraban con cautela del vello de los brazos porque les causaba mucha curiosidad. Sus padres o hermanos mayores no ten\u00edan. No estoy vacunado contra el racismo. Nadie lo est\u00e1. Pero convivir con diferentes te hace comprender lo que se siente cuando el diferente eres t\u00fa. Cuando el color de la piel se asocia a delincuencia, a pobreza, a miedo. El racismo parte del miedo y a menudo se convierte en odio. Cuando era peque\u00f1o hab\u00eda un grupo multirracial de j\u00f3venes muy pulcros que viajaban por todo el mundo cantando canciones de amor y fraternidad. \u201cUp with the people\u201d, era su nombre. Nacieron en Denver en 1965 y pasaron con \u00e9xito por la Espa\u00f1a franquista.\u00a0 Cantaban aquel himno tan popular y adictivo llamado \u201cViva la gente\u201d. Pero tambi\u00e9n cantaban otra canci\u00f3n muy conocida que se llamaba \u201c\u00bfDe qu\u00e9 color es la piel de Dios?\u201d. No \u00e9ramos muy conscientes de ello pero la letra era un alegato, quiz\u00e1 un punto \u201cna\u00eff\u201d, contra el racismo. A m\u00ed se me qued\u00f3 muy impregnado en la conciencia. \u201cDije negra, amarilla, roja y blanca es, todos son iguales a los ojos de Dios\u201d. Pues eso. Luchemos contra el racismo, contra toda clase de discriminaci\u00f3n por raz\u00f3n de piel, etnia o religi\u00f3n. Nadie es mejor que nadie. Todas las vidas importan. Derribar estatuas no sirve de mucho, y en alg\u00fan caso roza lo absurdo. Lo importante es cambiar las conductas y las consciencias.","og_url":"https:\/\/conversesacatalunya.cat\/es\/de-que-color-es-la-piel-de-dios\/","og_site_name":"Converses a Catalunya","article_published_time":"2020-06-26T06:38:57+00:00","article_modified_time":"2020-06-26T06:47:53+00:00","og_image":[{"width":297,"height":300,"url":"https:\/\/conversesacatalunya.cat\/wp-content\/uploads\/2020\/06\/Color.png","type":"image\/png"}],"author":"Josep Manel Silva","twitter_card":"summary_large_image","twitter_misc":{"Escrito por":"Josep Manel Silva","Tiempo de lectura":"4 minutos"},"schema":{"@context":"https:\/\/schema.org","@graph":[{"@type":"Article","@id":"https:\/\/conversesacatalunya.cat\/es\/de-que-color-es-la-piel-de-dios\/#article","isPartOf":{"@id":"https:\/\/conversesacatalunya.cat\/es\/de-que-color-es-la-piel-de-dios\/"},"author":{"name":"Josep Manel Silva","@id":"https:\/\/conversesacatalunya.cat\/#\/schema\/person\/002600efd43d2fd853533142f835a7d0"},"headline":"\u00bfDe qu\u00e9 color es la piel de Dios?","datePublished":"2020-06-26T06:38:57+00:00","dateModified":"2020-06-26T06:47:53+00:00","mainEntityOfPage":{"@id":"https:\/\/conversesacatalunya.cat\/es\/de-que-color-es-la-piel-de-dios\/"},"wordCount":756,"commentCount":0,"image":{"@id":"https:\/\/conversesacatalunya.cat\/es\/de-que-color-es-la-piel-de-dios\/#primaryimage"},"thumbnailUrl":"https:\/\/conversesacatalunya.cat\/wp-content\/uploads\/2020\/06\/Color.png","keywords":["discriminaci\u00f3n","racismo"],"articleSection":["Opinem"],"inLanguage":"es","potentialAction":[{"@type":"CommentAction","name":"Comment","target":["https:\/\/conversesacatalunya.cat\/es\/de-que-color-es-la-piel-de-dios\/#respond"]}]},{"@type":"WebPage","@id":"https:\/\/conversesacatalunya.cat\/es\/de-que-color-es-la-piel-de-dios\/","url":"https:\/\/conversesacatalunya.cat\/es\/de-que-color-es-la-piel-de-dios\/","name":"\u00bfDe qu\u00e9 color es la piel de Dios? - Converses a Catalunya","isPartOf":{"@id":"https:\/\/conversesacatalunya.cat\/#website"},"primaryImageOfPage":{"@id":"https:\/\/conversesacatalunya.cat\/es\/de-que-color-es-la-piel-de-dios\/#primaryimage"},"image":{"@id":"https:\/\/conversesacatalunya.cat\/es\/de-que-color-es-la-piel-de-dios\/#primaryimage"},"thumbnailUrl":"https:\/\/conversesacatalunya.cat\/wp-content\/uploads\/2020\/06\/Color.png","datePublished":"2020-06-26T06:38:57+00:00","dateModified":"2020-06-26T06:47:53+00:00","author":{"@id":"https:\/\/conversesacatalunya.cat\/#\/schema\/person\/002600efd43d2fd853533142f835a7d0"},"breadcrumb":{"@id":"https:\/\/conversesacatalunya.cat\/es\/de-que-color-es-la-piel-de-dios\/#breadcrumb"},"inLanguage":"es","potentialAction":[{"@type":"ReadAction","target":["https:\/\/conversesacatalunya.cat\/es\/de-que-color-es-la-piel-de-dios\/"]}]},{"@type":"ImageObject","inLanguage":"es","@id":"https:\/\/conversesacatalunya.cat\/es\/de-que-color-es-la-piel-de-dios\/#primaryimage","url":"https:\/\/conversesacatalunya.cat\/wp-content\/uploads\/2020\/06\/Color.png","contentUrl":"https:\/\/conversesacatalunya.cat\/wp-content\/uploads\/2020\/06\/Color.png","width":297,"height":300},{"@type":"BreadcrumbList","@id":"https:\/\/conversesacatalunya.cat\/es\/de-que-color-es-la-piel-de-dios\/#breadcrumb","itemListElement":[{"@type":"ListItem","position":1,"name":"Inici","item":"https:\/\/conversesacatalunya.cat\/es\/"},{"@type":"ListItem","position":2,"name":"\u00bfDe qu\u00e9 color es la piel de Dios?"}]},{"@type":"WebSite","@id":"https:\/\/conversesacatalunya.cat\/#website","url":"https:\/\/conversesacatalunya.cat\/","name":"Converses a Catalunya","description":"","potentialAction":[{"@type":"SearchAction","target":{"@type":"EntryPoint","urlTemplate":"https:\/\/conversesacatalunya.cat\/?s={search_term_string}"},"query-input":{"@type":"PropertyValueSpecification","valueRequired":true,"valueName":"search_term_string"}}],"inLanguage":"es"},{"@type":"Person","@id":"https:\/\/conversesacatalunya.cat\/#\/schema\/person\/002600efd43d2fd853533142f835a7d0","name":"Josep Manel Silva","image":{"@type":"ImageObject","inLanguage":"es","@id":"https:\/\/conversesacatalunya.cat\/#\/schema\/person\/image\/","url":"https:\/\/conversesacatalunya.cat\/wp-content\/litespeed\/avatar\/185e68439f2852088c1bbbab53e0e4c5.jpg?ver=1777384733","contentUrl":"https:\/\/conversesacatalunya.cat\/wp-content\/litespeed\/avatar\/185e68439f2852088c1bbbab53e0e4c5.jpg?ver=1777384733","caption":"Josep Manel Silva"},"url":"https:\/\/conversesacatalunya.cat\/es\/author\/josep-manel-silva\/"}]}},"wps_subtitle":"","_links":{"self":[{"href":"https:\/\/conversesacatalunya.cat\/es\/wp-json\/wp\/v2\/posts\/37762","targetHints":{"allow":["GET"]}}],"collection":[{"href":"https:\/\/conversesacatalunya.cat\/es\/wp-json\/wp\/v2\/posts"}],"about":[{"href":"https:\/\/conversesacatalunya.cat\/es\/wp-json\/wp\/v2\/types\/post"}],"author":[{"embeddable":true,"href":"https:\/\/conversesacatalunya.cat\/es\/wp-json\/wp\/v2\/users\/5"}],"replies":[{"embeddable":true,"href":"https:\/\/conversesacatalunya.cat\/es\/wp-json\/wp\/v2\/comments?post=37762"}],"version-history":[{"count":3,"href":"https:\/\/conversesacatalunya.cat\/es\/wp-json\/wp\/v2\/posts\/37762\/revisions"}],"predecessor-version":[{"id":37765,"href":"https:\/\/conversesacatalunya.cat\/es\/wp-json\/wp\/v2\/posts\/37762\/revisions\/37765"}],"wp:featuredmedia":[{"embeddable":true,"href":"https:\/\/conversesacatalunya.cat\/es\/wp-json\/wp\/v2\/media\/37758"}],"wp:attachment":[{"href":"https:\/\/conversesacatalunya.cat\/es\/wp-json\/wp\/v2\/media?parent=37762"}],"wp:term":[{"taxonomy":"category","embeddable":true,"href":"https:\/\/conversesacatalunya.cat\/es\/wp-json\/wp\/v2\/categories?post=37762"},{"taxonomy":"post_tag","embeddable":true,"href":"https:\/\/conversesacatalunya.cat\/es\/wp-json\/wp\/v2\/tags?post=37762"}],"curies":[{"name":"wp","href":"https:\/\/api.w.org\/{rel}","templated":true}]}}