{"id":37704,"date":"2020-06-23T12:20:38","date_gmt":"2020-06-23T10:20:38","guid":{"rendered":"https:\/\/conversesacatalunya.cat\/els-nous-contagis-assenyalen-la-feblesa-de-la-pretesa-normalitat\/"},"modified":"2020-06-23T13:04:24","modified_gmt":"2020-06-23T11:04:24","slug":"los-nuevos-contagios-senalan-la-debilidad-de-la-pretendida-normalidad","status":"publish","type":"post","link":"https:\/\/conversesacatalunya.cat\/es\/los-nuevos-contagios-senalan-la-debilidad-de-la-pretendida-normalidad\/","title":{"rendered":"Los nuevos contagios se\u00f1alan la debilidad de la pretendida normalidad"},"content":{"rendered":"<p>A estas alturas en Espa\u00f1a se han producido <strong>13 nuevos brotes<\/strong>, todos ellos identificados y al parecer con una red de transmisi\u00f3n bien delimitada. El caso que puede ser m\u00e1s complicado es el del foco de la <strong>provincia de Huesca<\/strong>, junto con Lleida, b\u00e1sicamente por dos razones. Porque uno de ellos es una empresa frutera que irradia multitud de contactos personales y tambi\u00e9n por la proximidad a Lleida y el riesgo de que se produzcan en aquellos territorios nuevos focos, como ya sucedi\u00f3 semanas atr\u00e1s.<\/p>\n<p>Pero m\u00e1s all\u00e1 de estos primeros brotes, una vez decretada la normalidad, lo que preocupa a los expertos son <strong>los vectores<\/strong> que pueden generar nuevos casos y el riesgo de que alguno de ellos desborde los mecanismos de contenci\u00f3n. Los vectores que determinan este riesgo radican en primer lugar en el <strong>uso inadecuado de las mascarillas<\/strong>, y el relajamiento en la distancia f\u00edsica y la higiene de manos. Una parte de la poblaci\u00f3n no las utiliza, especialmente la m\u00e1s joven. Despu\u00e9s sucede que, si bien su uso est\u00e1 generalizado en el trabajo y en el transporte p\u00fablico, despu\u00e9s, cuando el ambiente se relaja y en los periodos y espacios de ocio, su utilizaci\u00f3n decae hasta desaparecer.<\/p>\n<p>Un segundo factor <strong>son los adolescentes y j\u00f3venes<\/strong>. No todos, pero s\u00ed una proporci\u00f3n importante, no s\u00f3lo desprecian el uso de la mascarilla y la distancia social, sino que introducen pr\u00e1cticas de riesgo. Los botellones masivos que se han observado en Le\u00f3n y en Palma de Mallorca son un ejemplo. Esta pr\u00e1ctica se ve complicada por el hecho de que el Covid-19 se presenta de forma leve o sin s\u00edntomas entre la gente joven, lo que los hace portadores inconscientes del coronavirus y agentes de transmisi\u00f3n en sus contactos entre cong\u00e9neres y personas de m\u00e1s edad. En este sentido, la transmisi\u00f3n en el n\u00facleo de una misma familia es una de las causas de riesgo motivada por la introducci\u00f3n del coronavirus a trav\u00e9s del hijo o el nieto. El relajamiento de las medidas de distancia f\u00edsica son m\u00e1s dif\u00edciles de garantizar.<\/p>\n<p>Sanidad estima que en este momento un <strong>40% de los nuevos casos son transmisores silenciosos<\/strong>. Este es el riesgo. Despu\u00e9s viene otro derivado de la presencia tur\u00edstica, pero en este caso se juega con el dif\u00edcil equilibrio entre recuperar parte de la actividad econ\u00f3mica y la seguridad.<\/p>\n<p>En todo caso, lo que algunos expertos se\u00f1alan al gobierno espa\u00f1ol es que, una vez m\u00e1s, los procedimientos que est\u00e1 adoptando son inadecuados para el fin que persiguen: evitar nuevos contagios. Se considera que deber\u00eda haber una campa\u00f1a intensa y continuada de responsabilizaci\u00f3n de los ciudadanos en relaci\u00f3n con la utilizaci\u00f3n de la mascarilla, de cu\u00e1les son los comportamientos adecuados, de una gesti\u00f3n espec\u00edfica sobre los colectivos j\u00f3venes, un cumplimiento m\u00e1s exacto de la normativa por parte de la autoridad y tambi\u00e9n unas normas m\u00e1s sencillas, concretas y f\u00e1ciles de obligar a cumplir.<\/p>\n<p>Dejar al criterio del ciudadano en funci\u00f3n de apreciar la distancia f\u00edsica con otras personas es una de esas medidas confusas que sirven de poco y resultan imposibles de hacer cumplir. Si realmente se quiere cortar la transmisi\u00f3n, el uso de la mascarilla deber\u00eda ser obligatorio en todo, excepto en la pr\u00e1ctica del deporte y en la naturaleza, pero necesario en el espacio p\u00fablico en las ciudades, y esto no tanto porque el riesgo de contagio sea importante, sino para generar la disciplina y el h\u00e1bito necesario de que la mascarilla es imprescindible a partir del momento en que sales de casa, y quien dice mascarilla dice pantallas protectoras, que para mucha poblaci\u00f3n pueden ser m\u00e1s c\u00f3modos de llevar y que correspondientemente limpias, tienen una vida \u00fatil mucho m\u00e1s larga.<\/p>\n<p style=\"text-align: center;\">M\u00e1s informaci\u00f3n sobre el coronavirus en <a href=\"https:\/\/conversesacatalunya.cat\/coronavirus\/\"><strong>ESPECIAL CORONAVIRUS<\/strong><\/a><\/p>\n","protected":false},"excerpt":{"rendered":"<p>A estas alturas en Espa\u00f1a se han producido 13 nuevos brotes, todos ellos identificados y al parecer con una red de transmisi\u00f3n bien delimitada. El caso que puede ser m\u00e1s complicado es el del foco de la provincia de Huesca, junto con Lleida, b\u00e1sicamente por dos razones. Porque uno de ellos es una empresa frutera que irradia multitud de contactos personales y tambi\u00e9n por la proximidad a Lleida y el riesgo de que se produzcan en aquellos territorios nuevos focos, como ya sucedi\u00f3 semanas atr\u00e1s. Pero m\u00e1s all\u00e1 de estos primeros brotes, una vez decretada la normalidad, lo que preocupa a los expertos son los vectores que pueden generar nuevos casos y el riesgo de que alguno de ellos desborde los mecanismos de contenci\u00f3n. Los vectores que determinan este riesgo radican en primer lugar en el uso inadecuado de las mascarillas, y el relajamiento en la distancia f\u00edsica y la higiene de manos. Una parte de la poblaci\u00f3n no las utiliza, especialmente la m\u00e1s joven. Despu\u00e9s sucede que, si bien su uso est\u00e1 generalizado en el trabajo y en el transporte p\u00fablico, despu\u00e9s, cuando el ambiente se relaja y en los periodos y espacios de ocio, su utilizaci\u00f3n decae hasta desaparecer. Un segundo factor son los adolescentes y j\u00f3venes. No todos, pero s\u00ed una proporci\u00f3n importante, no s\u00f3lo desprecian el uso de la mascarilla y la distancia social, sino que introducen pr\u00e1cticas de riesgo. Los botellones masivos que se han observado en Le\u00f3n y en Palma de Mallorca son un ejemplo. Esta pr\u00e1ctica se ve complicada por el hecho de que el Covid-19 se presenta de forma leve o sin s\u00edntomas entre la gente joven, lo que los hace portadores inconscientes del coronavirus y agentes de transmisi\u00f3n en sus contactos entre cong\u00e9neres y personas de m\u00e1s edad. En este sentido, la transmisi\u00f3n en el n\u00facleo de una misma familia es una de las causas de riesgo motivada por la introducci\u00f3n del coronavirus a trav\u00e9s del hijo o el nieto. El relajamiento de las medidas de distancia f\u00edsica son m\u00e1s dif\u00edciles de garantizar. Sanidad estima que en este momento un 40% de los nuevos casos son transmisores silenciosos. Este es el riesgo. Despu\u00e9s viene otro derivado de la presencia tur\u00edstica, pero en este caso se juega con el dif\u00edcil equilibrio entre recuperar parte de la actividad econ\u00f3mica y la seguridad. En todo caso, lo que algunos expertos se\u00f1alan al gobierno espa\u00f1ol es que, una vez m\u00e1s, los procedimientos que est\u00e1 adoptando son inadecuados para el fin que persiguen: evitar nuevos contagios. Se considera que deber\u00eda haber una campa\u00f1a intensa y continuada de responsabilizaci\u00f3n de los ciudadanos en relaci\u00f3n con la utilizaci\u00f3n de la mascarilla, de cu\u00e1les son los comportamientos adecuados, de una gesti\u00f3n espec\u00edfica sobre los colectivos j\u00f3venes, un cumplimiento m\u00e1s exacto de la normativa por parte de la autoridad y tambi\u00e9n unas normas m\u00e1s sencillas, concretas y f\u00e1ciles de obligar a cumplir. Dejar al criterio del ciudadano en funci\u00f3n de apreciar la distancia f\u00edsica con otras personas es una de esas medidas confusas que sirven de poco y resultan imposibles de hacer cumplir. Si realmente se quiere cortar la transmisi\u00f3n, el uso de la mascarilla deber\u00eda ser obligatorio en todo, excepto en la pr\u00e1ctica del deporte y en la naturaleza, pero necesario en el espacio p\u00fablico en las ciudades, y esto no tanto porque el riesgo de contagio sea importante, sino para generar la disciplina y el h\u00e1bito necesario de que la mascarilla es imprescindible a partir del momento en que sales de casa, y quien dice mascarilla dice pantallas protectoras, que para mucha poblaci\u00f3n pueden ser m\u00e1s c\u00f3modos de llevar y que correspondientemente limpias, tienen una vida \u00fatil mucho m\u00e1s larga. M\u00e1s informaci\u00f3n sobre el coronavirus en ESPECIAL CORONAVIRUS<\/p>\n","protected":false},"author":2,"featured_media":37695,"comment_status":"open","ping_status":"open","sticky":false,"template":"","format":"standard","meta":{"_FSMCFIC_featured_image_caption":"","_FSMCFIC_featured_image_nocaption":"","_FSMCFIC_featured_image_hide":"","footnotes":""},"categories":[1772,806],"tags":[1504,1901,2597],"class_list":["post-37704","post","type-post","status-publish","format-standard","has-post-thumbnail","hentry","category-especial-coronavirus-es","category-punts-claus-del-dia-es","tag-coronavirus-es","tag-estado-de-alarma","tag-rebrotes-coronavirus"],"yoast_head":"<!-- This site is optimized with the Yoast SEO plugin v26.8 - https:\/\/yoast.com\/product\/yoast-seo-wordpress\/ -->\n<title>Los nuevos contagios se\u00f1alan la debilidad de la pretendida normalidad - Converses a Catalunya<\/title>\n<meta name=\"robots\" content=\"index, follow, max-snippet:-1, max-image-preview:large, max-video-preview:-1\" \/>\n<link rel=\"canonical\" href=\"https:\/\/conversesacatalunya.cat\/es\/los-nuevos-contagios-senalan-la-debilidad-de-la-pretendida-normalidad\/\" \/>\n<meta property=\"og:locale\" content=\"es_ES\" \/>\n<meta property=\"og:type\" content=\"article\" \/>\n<meta property=\"og:title\" content=\"Los nuevos contagios se\u00f1alan la debilidad de la pretendida normalidad - Converses a Catalunya\" \/>\n<meta property=\"og:description\" content=\"A estas alturas en Espa\u00f1a se han producido 13 nuevos brotes, todos ellos identificados y al parecer con una red de transmisi\u00f3n bien delimitada. El caso que puede ser m\u00e1s complicado es el del foco de la provincia de Huesca, junto con Lleida, b\u00e1sicamente por dos razones. Porque uno de ellos es una empresa frutera que irradia multitud de contactos personales y tambi\u00e9n por la proximidad a Lleida y el riesgo de que se produzcan en aquellos territorios nuevos focos, como ya sucedi\u00f3 semanas atr\u00e1s. Pero m\u00e1s all\u00e1 de estos primeros brotes, una vez decretada la normalidad, lo que preocupa a los expertos son los vectores que pueden generar nuevos casos y el riesgo de que alguno de ellos desborde los mecanismos de contenci\u00f3n. Los vectores que determinan este riesgo radican en primer lugar en el uso inadecuado de las mascarillas, y el relajamiento en la distancia f\u00edsica y la higiene de manos. Una parte de la poblaci\u00f3n no las utiliza, especialmente la m\u00e1s joven. Despu\u00e9s sucede que, si bien su uso est\u00e1 generalizado en el trabajo y en el transporte p\u00fablico, despu\u00e9s, cuando el ambiente se relaja y en los periodos y espacios de ocio, su utilizaci\u00f3n decae hasta desaparecer. Un segundo factor son los adolescentes y j\u00f3venes. No todos, pero s\u00ed una proporci\u00f3n importante, no s\u00f3lo desprecian el uso de la mascarilla y la distancia social, sino que introducen pr\u00e1cticas de riesgo. Los botellones masivos que se han observado en Le\u00f3n y en Palma de Mallorca son un ejemplo. Esta pr\u00e1ctica se ve complicada por el hecho de que el Covid-19 se presenta de forma leve o sin s\u00edntomas entre la gente joven, lo que los hace portadores inconscientes del coronavirus y agentes de transmisi\u00f3n en sus contactos entre cong\u00e9neres y personas de m\u00e1s edad. En este sentido, la transmisi\u00f3n en el n\u00facleo de una misma familia es una de las causas de riesgo motivada por la introducci\u00f3n del coronavirus a trav\u00e9s del hijo o el nieto. El relajamiento de las medidas de distancia f\u00edsica son m\u00e1s dif\u00edciles de garantizar. Sanidad estima que en este momento un 40% de los nuevos casos son transmisores silenciosos. Este es el riesgo. Despu\u00e9s viene otro derivado de la presencia tur\u00edstica, pero en este caso se juega con el dif\u00edcil equilibrio entre recuperar parte de la actividad econ\u00f3mica y la seguridad. En todo caso, lo que algunos expertos se\u00f1alan al gobierno espa\u00f1ol es que, una vez m\u00e1s, los procedimientos que est\u00e1 adoptando son inadecuados para el fin que persiguen: evitar nuevos contagios. Se considera que deber\u00eda haber una campa\u00f1a intensa y continuada de responsabilizaci\u00f3n de los ciudadanos en relaci\u00f3n con la utilizaci\u00f3n de la mascarilla, de cu\u00e1les son los comportamientos adecuados, de una gesti\u00f3n espec\u00edfica sobre los colectivos j\u00f3venes, un cumplimiento m\u00e1s exacto de la normativa por parte de la autoridad y tambi\u00e9n unas normas m\u00e1s sencillas, concretas y f\u00e1ciles de obligar a cumplir. Dejar al criterio del ciudadano en funci\u00f3n de apreciar la distancia f\u00edsica con otras personas es una de esas medidas confusas que sirven de poco y resultan imposibles de hacer cumplir. Si realmente se quiere cortar la transmisi\u00f3n, el uso de la mascarilla deber\u00eda ser obligatorio en todo, excepto en la pr\u00e1ctica del deporte y en la naturaleza, pero necesario en el espacio p\u00fablico en las ciudades, y esto no tanto porque el riesgo de contagio sea importante, sino para generar la disciplina y el h\u00e1bito necesario de que la mascarilla es imprescindible a partir del momento en que sales de casa, y quien dice mascarilla dice pantallas protectoras, que para mucha poblaci\u00f3n pueden ser m\u00e1s c\u00f3modos de llevar y que correspondientemente limpias, tienen una vida \u00fatil mucho m\u00e1s larga. M\u00e1s informaci\u00f3n sobre el coronavirus en ESPECIAL CORONAVIRUS\" \/>\n<meta property=\"og:url\" content=\"https:\/\/conversesacatalunya.cat\/es\/los-nuevos-contagios-senalan-la-debilidad-de-la-pretendida-normalidad\/\" \/>\n<meta property=\"og:site_name\" content=\"Converses a Catalunya\" \/>\n<meta property=\"article:published_time\" content=\"2020-06-23T10:20:38+00:00\" \/>\n<meta property=\"article:modified_time\" content=\"2020-06-23T11:04:24+00:00\" \/>\n<meta property=\"og:image\" content=\"https:\/\/conversesacatalunya.cat\/wp-content\/uploads\/2020\/06\/rebrote-casos-coronavirus-U212165715946WjC-1024x512@abc.jpg\" \/>\n\t<meta property=\"og:image:width\" content=\"1024\" \/>\n\t<meta property=\"og:image:height\" content=\"512\" \/>\n\t<meta property=\"og:image:type\" content=\"image\/jpeg\" \/>\n<meta name=\"author\" content=\"conversesacatalunya\" \/>\n<meta name=\"twitter:card\" content=\"summary_large_image\" \/>\n<meta name=\"twitter:label1\" content=\"Escrito por\" \/>\n\t<meta name=\"twitter:data1\" content=\"conversesacatalunya\" \/>\n\t<meta name=\"twitter:label2\" content=\"Tiempo de lectura\" \/>\n\t<meta name=\"twitter:data2\" content=\"3 minutos\" \/>\n<script type=\"application\/ld+json\" class=\"yoast-schema-graph\">{\"@context\":\"https:\/\/schema.org\",\"@graph\":[{\"@type\":\"Article\",\"@id\":\"https:\/\/conversesacatalunya.cat\/es\/los-nuevos-contagios-senalan-la-debilidad-de-la-pretendida-normalidad\/#article\",\"isPartOf\":{\"@id\":\"https:\/\/conversesacatalunya.cat\/es\/los-nuevos-contagios-senalan-la-debilidad-de-la-pretendida-normalidad\/\"},\"author\":{\"name\":\"conversesacatalunya\",\"@id\":\"https:\/\/conversesacatalunya.cat\/#\/schema\/person\/7e24d1e54a2785373ddcb275eae5ed99\"},\"headline\":\"Los nuevos contagios se\u00f1alan la debilidad de la pretendida normalidad\",\"datePublished\":\"2020-06-23T10:20:38+00:00\",\"dateModified\":\"2020-06-23T11:04:24+00:00\",\"mainEntityOfPage\":{\"@id\":\"https:\/\/conversesacatalunya.cat\/es\/los-nuevos-contagios-senalan-la-debilidad-de-la-pretendida-normalidad\/\"},\"wordCount\":694,\"commentCount\":0,\"image\":{\"@id\":\"https:\/\/conversesacatalunya.cat\/es\/los-nuevos-contagios-senalan-la-debilidad-de-la-pretendida-normalidad\/#primaryimage\"},\"thumbnailUrl\":\"https:\/\/conversesacatalunya.cat\/wp-content\/uploads\/2020\/06\/rebrote-casos-coronavirus-U212165715946WjC-1024x512@abc.jpg\",\"keywords\":[\"coronavirus\",\"Estado de Alarma\",\"rebrotes coronavirus\"],\"articleSection\":[\"Especial Coronavirus (ES)\",\"Punts clau del dia (ES)\"],\"inLanguage\":\"es\",\"potentialAction\":[{\"@type\":\"CommentAction\",\"name\":\"Comment\",\"target\":[\"https:\/\/conversesacatalunya.cat\/es\/los-nuevos-contagios-senalan-la-debilidad-de-la-pretendida-normalidad\/#respond\"]}]},{\"@type\":\"WebPage\",\"@id\":\"https:\/\/conversesacatalunya.cat\/es\/los-nuevos-contagios-senalan-la-debilidad-de-la-pretendida-normalidad\/\",\"url\":\"https:\/\/conversesacatalunya.cat\/es\/los-nuevos-contagios-senalan-la-debilidad-de-la-pretendida-normalidad\/\",\"name\":\"Los nuevos contagios se\u00f1alan la debilidad de la pretendida normalidad - Converses a Catalunya\",\"isPartOf\":{\"@id\":\"https:\/\/conversesacatalunya.cat\/#website\"},\"primaryImageOfPage\":{\"@id\":\"https:\/\/conversesacatalunya.cat\/es\/los-nuevos-contagios-senalan-la-debilidad-de-la-pretendida-normalidad\/#primaryimage\"},\"image\":{\"@id\":\"https:\/\/conversesacatalunya.cat\/es\/los-nuevos-contagios-senalan-la-debilidad-de-la-pretendida-normalidad\/#primaryimage\"},\"thumbnailUrl\":\"https:\/\/conversesacatalunya.cat\/wp-content\/uploads\/2020\/06\/rebrote-casos-coronavirus-U212165715946WjC-1024x512@abc.jpg\",\"datePublished\":\"2020-06-23T10:20:38+00:00\",\"dateModified\":\"2020-06-23T11:04:24+00:00\",\"author\":{\"@id\":\"https:\/\/conversesacatalunya.cat\/#\/schema\/person\/7e24d1e54a2785373ddcb275eae5ed99\"},\"breadcrumb\":{\"@id\":\"https:\/\/conversesacatalunya.cat\/es\/los-nuevos-contagios-senalan-la-debilidad-de-la-pretendida-normalidad\/#breadcrumb\"},\"inLanguage\":\"es\",\"potentialAction\":[{\"@type\":\"ReadAction\",\"target\":[\"https:\/\/conversesacatalunya.cat\/es\/los-nuevos-contagios-senalan-la-debilidad-de-la-pretendida-normalidad\/\"]}]},{\"@type\":\"ImageObject\",\"inLanguage\":\"es\",\"@id\":\"https:\/\/conversesacatalunya.cat\/es\/los-nuevos-contagios-senalan-la-debilidad-de-la-pretendida-normalidad\/#primaryimage\",\"url\":\"https:\/\/conversesacatalunya.cat\/wp-content\/uploads\/2020\/06\/rebrote-casos-coronavirus-U212165715946WjC-1024x512@abc.jpg\",\"contentUrl\":\"https:\/\/conversesacatalunya.cat\/wp-content\/uploads\/2020\/06\/rebrote-casos-coronavirus-U212165715946WjC-1024x512@abc.jpg\",\"width\":1024,\"height\":512},{\"@type\":\"BreadcrumbList\",\"@id\":\"https:\/\/conversesacatalunya.cat\/es\/los-nuevos-contagios-senalan-la-debilidad-de-la-pretendida-normalidad\/#breadcrumb\",\"itemListElement\":[{\"@type\":\"ListItem\",\"position\":1,\"name\":\"Inici\",\"item\":\"https:\/\/conversesacatalunya.cat\/es\/\"},{\"@type\":\"ListItem\",\"position\":2,\"name\":\"Los nuevos contagios se\u00f1alan la debilidad de la pretendida normalidad\"}]},{\"@type\":\"WebSite\",\"@id\":\"https:\/\/conversesacatalunya.cat\/#website\",\"url\":\"https:\/\/conversesacatalunya.cat\/\",\"name\":\"Converses a Catalunya\",\"description\":\"\",\"potentialAction\":[{\"@type\":\"SearchAction\",\"target\":{\"@type\":\"EntryPoint\",\"urlTemplate\":\"https:\/\/conversesacatalunya.cat\/?s={search_term_string}\"},\"query-input\":{\"@type\":\"PropertyValueSpecification\",\"valueRequired\":true,\"valueName\":\"search_term_string\"}}],\"inLanguage\":\"es\"},{\"@type\":\"Person\",\"@id\":\"https:\/\/conversesacatalunya.cat\/#\/schema\/person\/7e24d1e54a2785373ddcb275eae5ed99\",\"name\":\"conversesacatalunya\",\"image\":{\"@type\":\"ImageObject\",\"inLanguage\":\"es\",\"@id\":\"https:\/\/conversesacatalunya.cat\/#\/schema\/person\/image\/\",\"url\":\"https:\/\/conversesacatalunya.cat\/wp-content\/litespeed\/avatar\/febdfeeec89d950f01c748045a981dd2.jpg?ver=1777314535\",\"contentUrl\":\"https:\/\/conversesacatalunya.cat\/wp-content\/litespeed\/avatar\/febdfeeec89d950f01c748045a981dd2.jpg?ver=1777314535\",\"caption\":\"conversesacatalunya\"},\"url\":\"https:\/\/conversesacatalunya.cat\/es\/author\/carme_catala\/\"}]}<\/script>\n<!-- \/ Yoast SEO plugin. -->","yoast_head_json":{"title":"Los nuevos contagios se\u00f1alan la debilidad de la pretendida normalidad - Converses a Catalunya","robots":{"index":"index","follow":"follow","max-snippet":"max-snippet:-1","max-image-preview":"max-image-preview:large","max-video-preview":"max-video-preview:-1"},"canonical":"https:\/\/conversesacatalunya.cat\/es\/los-nuevos-contagios-senalan-la-debilidad-de-la-pretendida-normalidad\/","og_locale":"es_ES","og_type":"article","og_title":"Los nuevos contagios se\u00f1alan la debilidad de la pretendida normalidad - Converses a Catalunya","og_description":"A estas alturas en Espa\u00f1a se han producido 13 nuevos brotes, todos ellos identificados y al parecer con una red de transmisi\u00f3n bien delimitada. El caso que puede ser m\u00e1s complicado es el del foco de la provincia de Huesca, junto con Lleida, b\u00e1sicamente por dos razones. Porque uno de ellos es una empresa frutera que irradia multitud de contactos personales y tambi\u00e9n por la proximidad a Lleida y el riesgo de que se produzcan en aquellos territorios nuevos focos, como ya sucedi\u00f3 semanas atr\u00e1s. Pero m\u00e1s all\u00e1 de estos primeros brotes, una vez decretada la normalidad, lo que preocupa a los expertos son los vectores que pueden generar nuevos casos y el riesgo de que alguno de ellos desborde los mecanismos de contenci\u00f3n. Los vectores que determinan este riesgo radican en primer lugar en el uso inadecuado de las mascarillas, y el relajamiento en la distancia f\u00edsica y la higiene de manos. Una parte de la poblaci\u00f3n no las utiliza, especialmente la m\u00e1s joven. Despu\u00e9s sucede que, si bien su uso est\u00e1 generalizado en el trabajo y en el transporte p\u00fablico, despu\u00e9s, cuando el ambiente se relaja y en los periodos y espacios de ocio, su utilizaci\u00f3n decae hasta desaparecer. Un segundo factor son los adolescentes y j\u00f3venes. No todos, pero s\u00ed una proporci\u00f3n importante, no s\u00f3lo desprecian el uso de la mascarilla y la distancia social, sino que introducen pr\u00e1cticas de riesgo. Los botellones masivos que se han observado en Le\u00f3n y en Palma de Mallorca son un ejemplo. Esta pr\u00e1ctica se ve complicada por el hecho de que el Covid-19 se presenta de forma leve o sin s\u00edntomas entre la gente joven, lo que los hace portadores inconscientes del coronavirus y agentes de transmisi\u00f3n en sus contactos entre cong\u00e9neres y personas de m\u00e1s edad. En este sentido, la transmisi\u00f3n en el n\u00facleo de una misma familia es una de las causas de riesgo motivada por la introducci\u00f3n del coronavirus a trav\u00e9s del hijo o el nieto. El relajamiento de las medidas de distancia f\u00edsica son m\u00e1s dif\u00edciles de garantizar. Sanidad estima que en este momento un 40% de los nuevos casos son transmisores silenciosos. Este es el riesgo. Despu\u00e9s viene otro derivado de la presencia tur\u00edstica, pero en este caso se juega con el dif\u00edcil equilibrio entre recuperar parte de la actividad econ\u00f3mica y la seguridad. En todo caso, lo que algunos expertos se\u00f1alan al gobierno espa\u00f1ol es que, una vez m\u00e1s, los procedimientos que est\u00e1 adoptando son inadecuados para el fin que persiguen: evitar nuevos contagios. Se considera que deber\u00eda haber una campa\u00f1a intensa y continuada de responsabilizaci\u00f3n de los ciudadanos en relaci\u00f3n con la utilizaci\u00f3n de la mascarilla, de cu\u00e1les son los comportamientos adecuados, de una gesti\u00f3n espec\u00edfica sobre los colectivos j\u00f3venes, un cumplimiento m\u00e1s exacto de la normativa por parte de la autoridad y tambi\u00e9n unas normas m\u00e1s sencillas, concretas y f\u00e1ciles de obligar a cumplir. Dejar al criterio del ciudadano en funci\u00f3n de apreciar la distancia f\u00edsica con otras personas es una de esas medidas confusas que sirven de poco y resultan imposibles de hacer cumplir. Si realmente se quiere cortar la transmisi\u00f3n, el uso de la mascarilla deber\u00eda ser obligatorio en todo, excepto en la pr\u00e1ctica del deporte y en la naturaleza, pero necesario en el espacio p\u00fablico en las ciudades, y esto no tanto porque el riesgo de contagio sea importante, sino para generar la disciplina y el h\u00e1bito necesario de que la mascarilla es imprescindible a partir del momento en que sales de casa, y quien dice mascarilla dice pantallas protectoras, que para mucha poblaci\u00f3n pueden ser m\u00e1s c\u00f3modos de llevar y que correspondientemente limpias, tienen una vida \u00fatil mucho m\u00e1s larga. M\u00e1s informaci\u00f3n sobre el coronavirus en ESPECIAL CORONAVIRUS","og_url":"https:\/\/conversesacatalunya.cat\/es\/los-nuevos-contagios-senalan-la-debilidad-de-la-pretendida-normalidad\/","og_site_name":"Converses a Catalunya","article_published_time":"2020-06-23T10:20:38+00:00","article_modified_time":"2020-06-23T11:04:24+00:00","og_image":[{"width":1024,"height":512,"url":"https:\/\/conversesacatalunya.cat\/wp-content\/uploads\/2020\/06\/rebrote-casos-coronavirus-U212165715946WjC-1024x512@abc.jpg","type":"image\/jpeg"}],"author":"conversesacatalunya","twitter_card":"summary_large_image","twitter_misc":{"Escrito por":"conversesacatalunya","Tiempo de lectura":"3 minutos"},"schema":{"@context":"https:\/\/schema.org","@graph":[{"@type":"Article","@id":"https:\/\/conversesacatalunya.cat\/es\/los-nuevos-contagios-senalan-la-debilidad-de-la-pretendida-normalidad\/#article","isPartOf":{"@id":"https:\/\/conversesacatalunya.cat\/es\/los-nuevos-contagios-senalan-la-debilidad-de-la-pretendida-normalidad\/"},"author":{"name":"conversesacatalunya","@id":"https:\/\/conversesacatalunya.cat\/#\/schema\/person\/7e24d1e54a2785373ddcb275eae5ed99"},"headline":"Los nuevos contagios se\u00f1alan la debilidad de la pretendida normalidad","datePublished":"2020-06-23T10:20:38+00:00","dateModified":"2020-06-23T11:04:24+00:00","mainEntityOfPage":{"@id":"https:\/\/conversesacatalunya.cat\/es\/los-nuevos-contagios-senalan-la-debilidad-de-la-pretendida-normalidad\/"},"wordCount":694,"commentCount":0,"image":{"@id":"https:\/\/conversesacatalunya.cat\/es\/los-nuevos-contagios-senalan-la-debilidad-de-la-pretendida-normalidad\/#primaryimage"},"thumbnailUrl":"https:\/\/conversesacatalunya.cat\/wp-content\/uploads\/2020\/06\/rebrote-casos-coronavirus-U212165715946WjC-1024x512@abc.jpg","keywords":["coronavirus","Estado de Alarma","rebrotes coronavirus"],"articleSection":["Especial Coronavirus (ES)","Punts clau del dia (ES)"],"inLanguage":"es","potentialAction":[{"@type":"CommentAction","name":"Comment","target":["https:\/\/conversesacatalunya.cat\/es\/los-nuevos-contagios-senalan-la-debilidad-de-la-pretendida-normalidad\/#respond"]}]},{"@type":"WebPage","@id":"https:\/\/conversesacatalunya.cat\/es\/los-nuevos-contagios-senalan-la-debilidad-de-la-pretendida-normalidad\/","url":"https:\/\/conversesacatalunya.cat\/es\/los-nuevos-contagios-senalan-la-debilidad-de-la-pretendida-normalidad\/","name":"Los nuevos contagios se\u00f1alan la debilidad de la pretendida normalidad - Converses a Catalunya","isPartOf":{"@id":"https:\/\/conversesacatalunya.cat\/#website"},"primaryImageOfPage":{"@id":"https:\/\/conversesacatalunya.cat\/es\/los-nuevos-contagios-senalan-la-debilidad-de-la-pretendida-normalidad\/#primaryimage"},"image":{"@id":"https:\/\/conversesacatalunya.cat\/es\/los-nuevos-contagios-senalan-la-debilidad-de-la-pretendida-normalidad\/#primaryimage"},"thumbnailUrl":"https:\/\/conversesacatalunya.cat\/wp-content\/uploads\/2020\/06\/rebrote-casos-coronavirus-U212165715946WjC-1024x512@abc.jpg","datePublished":"2020-06-23T10:20:38+00:00","dateModified":"2020-06-23T11:04:24+00:00","author":{"@id":"https:\/\/conversesacatalunya.cat\/#\/schema\/person\/7e24d1e54a2785373ddcb275eae5ed99"},"breadcrumb":{"@id":"https:\/\/conversesacatalunya.cat\/es\/los-nuevos-contagios-senalan-la-debilidad-de-la-pretendida-normalidad\/#breadcrumb"},"inLanguage":"es","potentialAction":[{"@type":"ReadAction","target":["https:\/\/conversesacatalunya.cat\/es\/los-nuevos-contagios-senalan-la-debilidad-de-la-pretendida-normalidad\/"]}]},{"@type":"ImageObject","inLanguage":"es","@id":"https:\/\/conversesacatalunya.cat\/es\/los-nuevos-contagios-senalan-la-debilidad-de-la-pretendida-normalidad\/#primaryimage","url":"https:\/\/conversesacatalunya.cat\/wp-content\/uploads\/2020\/06\/rebrote-casos-coronavirus-U212165715946WjC-1024x512@abc.jpg","contentUrl":"https:\/\/conversesacatalunya.cat\/wp-content\/uploads\/2020\/06\/rebrote-casos-coronavirus-U212165715946WjC-1024x512@abc.jpg","width":1024,"height":512},{"@type":"BreadcrumbList","@id":"https:\/\/conversesacatalunya.cat\/es\/los-nuevos-contagios-senalan-la-debilidad-de-la-pretendida-normalidad\/#breadcrumb","itemListElement":[{"@type":"ListItem","position":1,"name":"Inici","item":"https:\/\/conversesacatalunya.cat\/es\/"},{"@type":"ListItem","position":2,"name":"Los nuevos contagios se\u00f1alan la debilidad de la pretendida normalidad"}]},{"@type":"WebSite","@id":"https:\/\/conversesacatalunya.cat\/#website","url":"https:\/\/conversesacatalunya.cat\/","name":"Converses a Catalunya","description":"","potentialAction":[{"@type":"SearchAction","target":{"@type":"EntryPoint","urlTemplate":"https:\/\/conversesacatalunya.cat\/?s={search_term_string}"},"query-input":{"@type":"PropertyValueSpecification","valueRequired":true,"valueName":"search_term_string"}}],"inLanguage":"es"},{"@type":"Person","@id":"https:\/\/conversesacatalunya.cat\/#\/schema\/person\/7e24d1e54a2785373ddcb275eae5ed99","name":"conversesacatalunya","image":{"@type":"ImageObject","inLanguage":"es","@id":"https:\/\/conversesacatalunya.cat\/#\/schema\/person\/image\/","url":"https:\/\/conversesacatalunya.cat\/wp-content\/litespeed\/avatar\/febdfeeec89d950f01c748045a981dd2.jpg?ver=1777314535","contentUrl":"https:\/\/conversesacatalunya.cat\/wp-content\/litespeed\/avatar\/febdfeeec89d950f01c748045a981dd2.jpg?ver=1777314535","caption":"conversesacatalunya"},"url":"https:\/\/conversesacatalunya.cat\/es\/author\/carme_catala\/"}]}},"wps_subtitle":"","_links":{"self":[{"href":"https:\/\/conversesacatalunya.cat\/es\/wp-json\/wp\/v2\/posts\/37704","targetHints":{"allow":["GET"]}}],"collection":[{"href":"https:\/\/conversesacatalunya.cat\/es\/wp-json\/wp\/v2\/posts"}],"about":[{"href":"https:\/\/conversesacatalunya.cat\/es\/wp-json\/wp\/v2\/types\/post"}],"author":[{"embeddable":true,"href":"https:\/\/conversesacatalunya.cat\/es\/wp-json\/wp\/v2\/users\/2"}],"replies":[{"embeddable":true,"href":"https:\/\/conversesacatalunya.cat\/es\/wp-json\/wp\/v2\/comments?post=37704"}],"version-history":[{"count":2,"href":"https:\/\/conversesacatalunya.cat\/es\/wp-json\/wp\/v2\/posts\/37704\/revisions"}],"predecessor-version":[{"id":37705,"href":"https:\/\/conversesacatalunya.cat\/es\/wp-json\/wp\/v2\/posts\/37704\/revisions\/37705"}],"wp:featuredmedia":[{"embeddable":true,"href":"https:\/\/conversesacatalunya.cat\/es\/wp-json\/wp\/v2\/media\/37695"}],"wp:attachment":[{"href":"https:\/\/conversesacatalunya.cat\/es\/wp-json\/wp\/v2\/media?parent=37704"}],"wp:term":[{"taxonomy":"category","embeddable":true,"href":"https:\/\/conversesacatalunya.cat\/es\/wp-json\/wp\/v2\/categories?post=37704"},{"taxonomy":"post_tag","embeddable":true,"href":"https:\/\/conversesacatalunya.cat\/es\/wp-json\/wp\/v2\/tags?post=37704"}],"curies":[{"name":"wp","href":"https:\/\/api.w.org\/{rel}","templated":true}]}}