{"id":37673,"date":"2020-06-23T11:03:50","date_gmt":"2020-06-23T09:03:50","guid":{"rendered":"https:\/\/conversesacatalunya.cat\/5-caracteristiques-basiques-del-nou-partit-nacionalista-de-catalunya\/"},"modified":"2020-06-23T11:43:32","modified_gmt":"2020-06-23T09:43:32","slug":"5-caracteristicas-basicas-del-nuevo-partit-nacionalista-de-catalunya","status":"publish","type":"post","link":"https:\/\/conversesacatalunya.cat\/es\/5-caracteristicas-basicas-del-nuevo-partit-nacionalista-de-catalunya\/","title":{"rendered":"5 caracter\u00edsticas b\u00e1sicas del nuevo Partit Nacionalista de Catalunya"},"content":{"rendered":"<p>El pr\u00f3ximo 27 de junio el <a href=\"https:\/\/conversesacatalunya.cat\/es\/el-espacio-catalanista-se-mueve\/\" target=\"_blank\" rel=\"noopener noreferrer\">Partit Nacionalista de Catalunya (PNC)<\/a> llevar\u00e1 a cabo su primer congreso. En la preparaci\u00f3n ha entregado a los afiliados y simpatizantes un documento en el que sit\u00faa sus principales coordenadas. Pueden resumirse en cinco puntos:<\/p>\n<ol>\n<li><strong>Legitimidad de la independencia y rechazo de la v\u00eda unilateral<\/strong>. Considera que la independencia es una opci\u00f3n leg\u00edtima, pero que debe ejercerse mediante mecanismos legales acordados y sin improvisaciones. Critica dar falsas esperanzas para evitar frustraciones.<\/li>\n<li>Se dirige expl\u00edcitamente al abanico que va <strong>de los soberanistas pragm\u00e1ticos a los catalanistas<\/strong>, y del centroderecha al centroizquierda.<\/li>\n<li>No quieren hablar a\u00fan de alianzas electorales.<\/li>\n<li>Defiende <strong>el di\u00e1logo como la v\u00eda de soluci\u00f3n del conflicto catal\u00e1n<\/strong> y sostiene la premisa de que hoy hay una par\u00e1lisis pol\u00edtica.<\/li>\n<li>Considera que el objetivo \u00faltimo de toda pol\u00edtica debe ser<strong> la prosperidad<\/strong> de las personas por encima de cualquier ideolog\u00eda.<\/li>\n<\/ol>\n<p>El documento hace un esfuerzo sin complejos para reproducir mim\u00e9ticamente Converg\u00e8ncia. Sit\u00faa el punto de ambig\u00fcedad en torno a la independencia, en una formulaci\u00f3n que en la pr\u00e1ctica significa relegarla <em>ad calendas graecas<\/em>, pero a la vez mantiene el voto de la independencia como un elemento de valor simb\u00f3lico para atraer a un sector del electorado. Podr\u00edamos decir que es una Converg\u00e8ncia que persigue la misma ambig\u00fcedad, pero con el punto independentista en medio.<\/p>\n<p>La dificultad del planteamiento es <strong>si arrancar\u00e1 con suficiente fuerza<\/strong>. La primitiva CDC, con las figuras de Jordi Pujol, Roca, Canyellas, etc., s\u00ed ten\u00eda esta condici\u00f3n cuando comenz\u00f3. Y esta condici\u00f3n se cumplir\u00e1 o no el d\u00eda 27.<\/p>\n<p>El hecho de que no quiera hablar de alianzas puede explicarse en un partido que nace desde cero y debe configurar su identidad, pero a la vez pone de relieve un flanco d\u00e9bil, porque todo el mundo sabe que,<strong> sin una alianza amplia<\/strong>, este abanico del catalanismo al soberanismo pragm\u00e1tico no es viable reunirlo desde una sola fuerza.<\/p>\n<p>A medida que pasan los d\u00edas cada vez juega m\u00e1s a la contra la dificultad de estos peque\u00f1os partidos de superar sus diferencias y establecer un entendimiento com\u00fan.<\/p>\n<div id=\"polls-56\" class=\"wp-polls\">\n\t<form id=\"polls_form_56\" class=\"wp-polls-form\" action=\"\/index.php\" method=\"post\">\n\t\t<p style=\"display: none;\"><input type=\"hidden\" id=\"poll_56_nonce\" name=\"wp-polls-nonce\" value=\"618719b7ea\" \/><\/p>\n\t\t<p style=\"display: none;\"><input type=\"hidden\" name=\"poll_id\" value=\"56\" \/><\/p>\n\t\t<p style=\"text-align: center\"><strong>Creieu necessari portar la mascareta pel carrer els pr\u00f2xims mesos?<\/strong><\/p><div id=\"polls-56-ans\" class=\"wp-polls-ans\"><ul class=\"wp-polls-ul\">\n\t\t<li><input type=\"radio\" id=\"poll-answer-118\" name=\"poll_56\" value=\"118\" \/> <label for=\"poll-answer-118\">Si<\/label><\/li>\n\t\t<li><input type=\"radio\" id=\"poll-answer-119\" name=\"poll_56\" value=\"119\" \/> <label for=\"poll-answer-119\">No<\/label><\/li>\n\t\t<\/ul><p style=\"text-align: center\"><input type=\"button\" name=\"vote\" value=\"   Vota   \" class=\"Buttons\" onclick=\"poll_vote(56);\" \/><\/p><p style=\"text-align: center\"><a href=\"#ViewPollResults\" onclick=\"poll_result(56); return false;\" title=\"View Results Of This Poll\">Mira els resultats<\/a><\/p><\/div>\n\t<\/form>\n<\/div>\n<div id=\"polls-56-loading\" class=\"wp-polls-loading\"><img decoding=\"async\" data-src=\"https:\/\/conversesacatalunya.cat\/wp-content\/plugins\/wp-polls\/images\/loading.gif\" width=\"16\" height=\"16\" alt=\"Cargando ...\" title=\"Cargando ...\" class=\"wp-polls-image lazyload\" src=\"data:image\/svg+xml;base64,PHN2ZyB3aWR0aD0iMSIgaGVpZ2h0PSIxIiB4bWxucz0iaHR0cDovL3d3dy53My5vcmcvMjAwMC9zdmciPjwvc3ZnPg==\" style=\"--smush-placeholder-width: 16px; --smush-placeholder-aspect-ratio: 16\/16;\" \/>&nbsp;Cargando ...<\/div>\n\n","protected":false},"excerpt":{"rendered":"<p>El pr\u00f3ximo 27 de junio el Partit Nacionalista de Catalunya (PNC) llevar\u00e1 a cabo su primer congreso. En la preparaci\u00f3n ha entregado a los afiliados y simpatizantes un documento en el que sit\u00faa sus principales coordenadas. Pueden resumirse en cinco puntos: Legitimidad de la independencia y rechazo de la v\u00eda unilateral. Considera que la independencia es una opci\u00f3n leg\u00edtima, pero que debe ejercerse mediante mecanismos legales acordados y sin improvisaciones. Critica dar falsas esperanzas para evitar frustraciones. Se dirige expl\u00edcitamente al abanico que va de los soberanistas pragm\u00e1ticos a los catalanistas, y del centroderecha al centroizquierda. No quieren hablar a\u00fan de alianzas electorales. Defiende el di\u00e1logo como la v\u00eda de soluci\u00f3n del conflicto catal\u00e1n y sostiene la premisa de que hoy hay una par\u00e1lisis pol\u00edtica. Considera que el objetivo \u00faltimo de toda pol\u00edtica debe ser la prosperidad de las personas por encima de cualquier ideolog\u00eda. El documento hace un esfuerzo sin complejos para reproducir mim\u00e9ticamente Converg\u00e8ncia. Sit\u00faa el punto de ambig\u00fcedad en torno a la independencia, en una formulaci\u00f3n que en la pr\u00e1ctica significa relegarla ad calendas graecas, pero a la vez mantiene el voto de la independencia como un elemento de valor simb\u00f3lico para atraer a un sector del electorado. Podr\u00edamos decir que es una Converg\u00e8ncia que persigue la misma ambig\u00fcedad, pero con el punto independentista en medio. La dificultad del planteamiento es si arrancar\u00e1 con suficiente fuerza. La primitiva CDC, con las figuras de Jordi Pujol, Roca, Canyellas, etc., s\u00ed ten\u00eda esta condici\u00f3n cuando comenz\u00f3. Y esta condici\u00f3n se cumplir\u00e1 o no el d\u00eda 27. El hecho de que no quiera hablar de alianzas puede explicarse en un partido que nace desde cero y debe configurar su identidad, pero a la vez pone de relieve un flanco d\u00e9bil, porque todo el mundo sabe que, sin una alianza amplia, este abanico del catalanismo al soberanismo pragm\u00e1tico no es viable reunirlo desde una sola fuerza. A medida que pasan los d\u00edas cada vez juega m\u00e1s a la contra la dificultad de estos peque\u00f1os partidos de superar sus diferencias y establecer un entendimiento com\u00fan.<\/p>\n","protected":false},"author":2,"featured_media":37666,"comment_status":"open","ping_status":"open","sticky":false,"template":"","format":"standard","meta":{"_FSMCFIC_featured_image_caption":"","_FSMCFIC_featured_image_nocaption":"","_FSMCFIC_featured_image_hide":"","footnotes":""},"categories":[806],"tags":[2607,2507],"class_list":["post-37673","post","type-post","status-publish","format-standard","has-post-thumbnail","hentry","category-punts-claus-del-dia-es","tag-convergentes","tag-pnc-es"],"yoast_head":"<!-- This site is optimized with the Yoast SEO plugin v26.8 - https:\/\/yoast.com\/product\/yoast-seo-wordpress\/ -->\n<title>5 caracter\u00edsticas b\u00e1sicas del nuevo Partit Nacionalista de Catalunya -<\/title>\n<meta name=\"description\" content=\"El pr\u00f3ximo 27 de junio el Partit Nacionalista de Catalunya llevar\u00e1 a cabo su primer congreso. En la preparaci\u00f3n ha entregado a los afiliados y simpatizantes un do\" \/>\n<meta name=\"robots\" content=\"index, follow, max-snippet:-1, max-image-preview:large, max-video-preview:-1\" \/>\n<link rel=\"canonical\" href=\"https:\/\/conversesacatalunya.cat\/es\/5-caracteristicas-basicas-del-nuevo-partit-nacionalista-de-catalunya\/\" \/>\n<meta property=\"og:locale\" content=\"es_ES\" \/>\n<meta property=\"og:type\" content=\"article\" \/>\n<meta property=\"og:title\" content=\"5 caracter\u00edsticas b\u00e1sicas del nuevo Partit Nacionalista de Catalunya -\" \/>\n<meta property=\"og:description\" content=\"El pr\u00f3ximo 27 de junio el Partit Nacionalista de Catalunya llevar\u00e1 a cabo su primer congreso. En la preparaci\u00f3n ha entregado a los afiliados y simpatizantes un do\" \/>\n<meta property=\"og:url\" content=\"https:\/\/conversesacatalunya.cat\/es\/5-caracteristicas-basicas-del-nuevo-partit-nacionalista-de-catalunya\/\" \/>\n<meta property=\"og:site_name\" content=\"Converses a Catalunya\" \/>\n<meta property=\"article:published_time\" content=\"2020-06-23T09:03:50+00:00\" \/>\n<meta property=\"article:modified_time\" content=\"2020-06-23T09:43:32+00:00\" \/>\n<meta property=\"og:image\" content=\"https:\/\/conversesacatalunya.cat\/wp-content\/uploads\/2020\/06\/Partit-Nacionalista-de-Catalunya.jpg\" \/>\n\t<meta property=\"og:image:width\" content=\"1200\" \/>\n\t<meta property=\"og:image:height\" content=\"538\" \/>\n\t<meta property=\"og:image:type\" content=\"image\/jpeg\" \/>\n<meta name=\"author\" content=\"conversesacatalunya\" \/>\n<meta name=\"twitter:card\" content=\"summary_large_image\" \/>\n<meta name=\"twitter:label1\" content=\"Escrito por\" \/>\n\t<meta name=\"twitter:data1\" content=\"conversesacatalunya\" \/>\n\t<meta name=\"twitter:label2\" content=\"Tiempo de lectura\" \/>\n\t<meta name=\"twitter:data2\" content=\"2 minutos\" \/>\n<script type=\"application\/ld+json\" class=\"yoast-schema-graph\">{\"@context\":\"https:\/\/schema.org\",\"@graph\":[{\"@type\":\"Article\",\"@id\":\"https:\/\/conversesacatalunya.cat\/es\/5-caracteristicas-basicas-del-nuevo-partit-nacionalista-de-catalunya\/#article\",\"isPartOf\":{\"@id\":\"https:\/\/conversesacatalunya.cat\/es\/5-caracteristicas-basicas-del-nuevo-partit-nacionalista-de-catalunya\/\"},\"author\":{\"name\":\"conversesacatalunya\",\"@id\":\"https:\/\/conversesacatalunya.cat\/#\/schema\/person\/7e24d1e54a2785373ddcb275eae5ed99\"},\"headline\":\"5 caracter\u00edsticas b\u00e1sicas del nuevo Partit Nacionalista de Catalunya\",\"datePublished\":\"2020-06-23T09:03:50+00:00\",\"dateModified\":\"2020-06-23T09:43:32+00:00\",\"mainEntityOfPage\":{\"@id\":\"https:\/\/conversesacatalunya.cat\/es\/5-caracteristicas-basicas-del-nuevo-partit-nacionalista-de-catalunya\/\"},\"wordCount\":390,\"commentCount\":0,\"image\":{\"@id\":\"https:\/\/conversesacatalunya.cat\/es\/5-caracteristicas-basicas-del-nuevo-partit-nacionalista-de-catalunya\/#primaryimage\"},\"thumbnailUrl\":\"https:\/\/conversesacatalunya.cat\/wp-content\/uploads\/2020\/06\/Partit-Nacionalista-de-Catalunya.jpg\",\"keywords\":[\"convergentes\",\"PNC\"],\"articleSection\":[\"Punts clau del dia (ES)\"],\"inLanguage\":\"es\",\"potentialAction\":[{\"@type\":\"CommentAction\",\"name\":\"Comment\",\"target\":[\"https:\/\/conversesacatalunya.cat\/es\/5-caracteristicas-basicas-del-nuevo-partit-nacionalista-de-catalunya\/#respond\"]}]},{\"@type\":\"WebPage\",\"@id\":\"https:\/\/conversesacatalunya.cat\/es\/5-caracteristicas-basicas-del-nuevo-partit-nacionalista-de-catalunya\/\",\"url\":\"https:\/\/conversesacatalunya.cat\/es\/5-caracteristicas-basicas-del-nuevo-partit-nacionalista-de-catalunya\/\",\"name\":\"5 caracter\u00edsticas b\u00e1sicas del nuevo Partit Nacionalista de Catalunya -\",\"isPartOf\":{\"@id\":\"https:\/\/conversesacatalunya.cat\/#website\"},\"primaryImageOfPage\":{\"@id\":\"https:\/\/conversesacatalunya.cat\/es\/5-caracteristicas-basicas-del-nuevo-partit-nacionalista-de-catalunya\/#primaryimage\"},\"image\":{\"@id\":\"https:\/\/conversesacatalunya.cat\/es\/5-caracteristicas-basicas-del-nuevo-partit-nacionalista-de-catalunya\/#primaryimage\"},\"thumbnailUrl\":\"https:\/\/conversesacatalunya.cat\/wp-content\/uploads\/2020\/06\/Partit-Nacionalista-de-Catalunya.jpg\",\"datePublished\":\"2020-06-23T09:03:50+00:00\",\"dateModified\":\"2020-06-23T09:43:32+00:00\",\"author\":{\"@id\":\"https:\/\/conversesacatalunya.cat\/#\/schema\/person\/7e24d1e54a2785373ddcb275eae5ed99\"},\"description\":\"El pr\u00f3ximo 27 de junio el Partit Nacionalista de Catalunya llevar\u00e1 a cabo su primer congreso. En la preparaci\u00f3n ha entregado a los afiliados y simpatizantes un do\",\"breadcrumb\":{\"@id\":\"https:\/\/conversesacatalunya.cat\/es\/5-caracteristicas-basicas-del-nuevo-partit-nacionalista-de-catalunya\/#breadcrumb\"},\"inLanguage\":\"es\",\"potentialAction\":[{\"@type\":\"ReadAction\",\"target\":[\"https:\/\/conversesacatalunya.cat\/es\/5-caracteristicas-basicas-del-nuevo-partit-nacionalista-de-catalunya\/\"]}]},{\"@type\":\"ImageObject\",\"inLanguage\":\"es\",\"@id\":\"https:\/\/conversesacatalunya.cat\/es\/5-caracteristicas-basicas-del-nuevo-partit-nacionalista-de-catalunya\/#primaryimage\",\"url\":\"https:\/\/conversesacatalunya.cat\/wp-content\/uploads\/2020\/06\/Partit-Nacionalista-de-Catalunya.jpg\",\"contentUrl\":\"https:\/\/conversesacatalunya.cat\/wp-content\/uploads\/2020\/06\/Partit-Nacionalista-de-Catalunya.jpg\",\"width\":1200,\"height\":538,\"caption\":\"Partit Nacionalista de Catalunya\"},{\"@type\":\"BreadcrumbList\",\"@id\":\"https:\/\/conversesacatalunya.cat\/es\/5-caracteristicas-basicas-del-nuevo-partit-nacionalista-de-catalunya\/#breadcrumb\",\"itemListElement\":[{\"@type\":\"ListItem\",\"position\":1,\"name\":\"Inici\",\"item\":\"https:\/\/conversesacatalunya.cat\/es\/\"},{\"@type\":\"ListItem\",\"position\":2,\"name\":\"5 caracter\u00edsticas b\u00e1sicas del nuevo Partit Nacionalista de Catalunya\"}]},{\"@type\":\"WebSite\",\"@id\":\"https:\/\/conversesacatalunya.cat\/#website\",\"url\":\"https:\/\/conversesacatalunya.cat\/\",\"name\":\"Converses a Catalunya\",\"description\":\"\",\"potentialAction\":[{\"@type\":\"SearchAction\",\"target\":{\"@type\":\"EntryPoint\",\"urlTemplate\":\"https:\/\/conversesacatalunya.cat\/?s={search_term_string}\"},\"query-input\":{\"@type\":\"PropertyValueSpecification\",\"valueRequired\":true,\"valueName\":\"search_term_string\"}}],\"inLanguage\":\"es\"},{\"@type\":\"Person\",\"@id\":\"https:\/\/conversesacatalunya.cat\/#\/schema\/person\/7e24d1e54a2785373ddcb275eae5ed99\",\"name\":\"conversesacatalunya\",\"image\":{\"@type\":\"ImageObject\",\"inLanguage\":\"es\",\"@id\":\"https:\/\/conversesacatalunya.cat\/#\/schema\/person\/image\/\",\"url\":\"https:\/\/conversesacatalunya.cat\/wp-content\/litespeed\/avatar\/febdfeeec89d950f01c748045a981dd2.jpg?ver=1777314535\",\"contentUrl\":\"https:\/\/conversesacatalunya.cat\/wp-content\/litespeed\/avatar\/febdfeeec89d950f01c748045a981dd2.jpg?ver=1777314535\",\"caption\":\"conversesacatalunya\"},\"url\":\"https:\/\/conversesacatalunya.cat\/es\/author\/carme_catala\/\"}]}<\/script>\n<!-- \/ Yoast SEO plugin. -->","yoast_head_json":{"title":"5 caracter\u00edsticas b\u00e1sicas del nuevo Partit Nacionalista de Catalunya -","description":"El pr\u00f3ximo 27 de junio el Partit Nacionalista de Catalunya llevar\u00e1 a cabo su primer congreso. En la preparaci\u00f3n ha entregado a los afiliados y simpatizantes un do","robots":{"index":"index","follow":"follow","max-snippet":"max-snippet:-1","max-image-preview":"max-image-preview:large","max-video-preview":"max-video-preview:-1"},"canonical":"https:\/\/conversesacatalunya.cat\/es\/5-caracteristicas-basicas-del-nuevo-partit-nacionalista-de-catalunya\/","og_locale":"es_ES","og_type":"article","og_title":"5 caracter\u00edsticas b\u00e1sicas del nuevo Partit Nacionalista de Catalunya -","og_description":"El pr\u00f3ximo 27 de junio el Partit Nacionalista de Catalunya llevar\u00e1 a cabo su primer congreso. En la preparaci\u00f3n ha entregado a los afiliados y simpatizantes un do","og_url":"https:\/\/conversesacatalunya.cat\/es\/5-caracteristicas-basicas-del-nuevo-partit-nacionalista-de-catalunya\/","og_site_name":"Converses a Catalunya","article_published_time":"2020-06-23T09:03:50+00:00","article_modified_time":"2020-06-23T09:43:32+00:00","og_image":[{"width":1200,"height":538,"url":"https:\/\/conversesacatalunya.cat\/wp-content\/uploads\/2020\/06\/Partit-Nacionalista-de-Catalunya.jpg","type":"image\/jpeg"}],"author":"conversesacatalunya","twitter_card":"summary_large_image","twitter_misc":{"Escrito por":"conversesacatalunya","Tiempo de lectura":"2 minutos"},"schema":{"@context":"https:\/\/schema.org","@graph":[{"@type":"Article","@id":"https:\/\/conversesacatalunya.cat\/es\/5-caracteristicas-basicas-del-nuevo-partit-nacionalista-de-catalunya\/#article","isPartOf":{"@id":"https:\/\/conversesacatalunya.cat\/es\/5-caracteristicas-basicas-del-nuevo-partit-nacionalista-de-catalunya\/"},"author":{"name":"conversesacatalunya","@id":"https:\/\/conversesacatalunya.cat\/#\/schema\/person\/7e24d1e54a2785373ddcb275eae5ed99"},"headline":"5 caracter\u00edsticas b\u00e1sicas del nuevo Partit Nacionalista de Catalunya","datePublished":"2020-06-23T09:03:50+00:00","dateModified":"2020-06-23T09:43:32+00:00","mainEntityOfPage":{"@id":"https:\/\/conversesacatalunya.cat\/es\/5-caracteristicas-basicas-del-nuevo-partit-nacionalista-de-catalunya\/"},"wordCount":390,"commentCount":0,"image":{"@id":"https:\/\/conversesacatalunya.cat\/es\/5-caracteristicas-basicas-del-nuevo-partit-nacionalista-de-catalunya\/#primaryimage"},"thumbnailUrl":"https:\/\/conversesacatalunya.cat\/wp-content\/uploads\/2020\/06\/Partit-Nacionalista-de-Catalunya.jpg","keywords":["convergentes","PNC"],"articleSection":["Punts clau del dia (ES)"],"inLanguage":"es","potentialAction":[{"@type":"CommentAction","name":"Comment","target":["https:\/\/conversesacatalunya.cat\/es\/5-caracteristicas-basicas-del-nuevo-partit-nacionalista-de-catalunya\/#respond"]}]},{"@type":"WebPage","@id":"https:\/\/conversesacatalunya.cat\/es\/5-caracteristicas-basicas-del-nuevo-partit-nacionalista-de-catalunya\/","url":"https:\/\/conversesacatalunya.cat\/es\/5-caracteristicas-basicas-del-nuevo-partit-nacionalista-de-catalunya\/","name":"5 caracter\u00edsticas b\u00e1sicas del nuevo Partit Nacionalista de Catalunya -","isPartOf":{"@id":"https:\/\/conversesacatalunya.cat\/#website"},"primaryImageOfPage":{"@id":"https:\/\/conversesacatalunya.cat\/es\/5-caracteristicas-basicas-del-nuevo-partit-nacionalista-de-catalunya\/#primaryimage"},"image":{"@id":"https:\/\/conversesacatalunya.cat\/es\/5-caracteristicas-basicas-del-nuevo-partit-nacionalista-de-catalunya\/#primaryimage"},"thumbnailUrl":"https:\/\/conversesacatalunya.cat\/wp-content\/uploads\/2020\/06\/Partit-Nacionalista-de-Catalunya.jpg","datePublished":"2020-06-23T09:03:50+00:00","dateModified":"2020-06-23T09:43:32+00:00","author":{"@id":"https:\/\/conversesacatalunya.cat\/#\/schema\/person\/7e24d1e54a2785373ddcb275eae5ed99"},"description":"El pr\u00f3ximo 27 de junio el Partit Nacionalista de Catalunya llevar\u00e1 a cabo su primer congreso. En la preparaci\u00f3n ha entregado a los afiliados y simpatizantes un do","breadcrumb":{"@id":"https:\/\/conversesacatalunya.cat\/es\/5-caracteristicas-basicas-del-nuevo-partit-nacionalista-de-catalunya\/#breadcrumb"},"inLanguage":"es","potentialAction":[{"@type":"ReadAction","target":["https:\/\/conversesacatalunya.cat\/es\/5-caracteristicas-basicas-del-nuevo-partit-nacionalista-de-catalunya\/"]}]},{"@type":"ImageObject","inLanguage":"es","@id":"https:\/\/conversesacatalunya.cat\/es\/5-caracteristicas-basicas-del-nuevo-partit-nacionalista-de-catalunya\/#primaryimage","url":"https:\/\/conversesacatalunya.cat\/wp-content\/uploads\/2020\/06\/Partit-Nacionalista-de-Catalunya.jpg","contentUrl":"https:\/\/conversesacatalunya.cat\/wp-content\/uploads\/2020\/06\/Partit-Nacionalista-de-Catalunya.jpg","width":1200,"height":538,"caption":"Partit Nacionalista de Catalunya"},{"@type":"BreadcrumbList","@id":"https:\/\/conversesacatalunya.cat\/es\/5-caracteristicas-basicas-del-nuevo-partit-nacionalista-de-catalunya\/#breadcrumb","itemListElement":[{"@type":"ListItem","position":1,"name":"Inici","item":"https:\/\/conversesacatalunya.cat\/es\/"},{"@type":"ListItem","position":2,"name":"5 caracter\u00edsticas b\u00e1sicas del nuevo Partit Nacionalista de Catalunya"}]},{"@type":"WebSite","@id":"https:\/\/conversesacatalunya.cat\/#website","url":"https:\/\/conversesacatalunya.cat\/","name":"Converses a Catalunya","description":"","potentialAction":[{"@type":"SearchAction","target":{"@type":"EntryPoint","urlTemplate":"https:\/\/conversesacatalunya.cat\/?s={search_term_string}"},"query-input":{"@type":"PropertyValueSpecification","valueRequired":true,"valueName":"search_term_string"}}],"inLanguage":"es"},{"@type":"Person","@id":"https:\/\/conversesacatalunya.cat\/#\/schema\/person\/7e24d1e54a2785373ddcb275eae5ed99","name":"conversesacatalunya","image":{"@type":"ImageObject","inLanguage":"es","@id":"https:\/\/conversesacatalunya.cat\/#\/schema\/person\/image\/","url":"https:\/\/conversesacatalunya.cat\/wp-content\/litespeed\/avatar\/febdfeeec89d950f01c748045a981dd2.jpg?ver=1777314535","contentUrl":"https:\/\/conversesacatalunya.cat\/wp-content\/litespeed\/avatar\/febdfeeec89d950f01c748045a981dd2.jpg?ver=1777314535","caption":"conversesacatalunya"},"url":"https:\/\/conversesacatalunya.cat\/es\/author\/carme_catala\/"}]}},"wps_subtitle":"","_links":{"self":[{"href":"https:\/\/conversesacatalunya.cat\/es\/wp-json\/wp\/v2\/posts\/37673","targetHints":{"allow":["GET"]}}],"collection":[{"href":"https:\/\/conversesacatalunya.cat\/es\/wp-json\/wp\/v2\/posts"}],"about":[{"href":"https:\/\/conversesacatalunya.cat\/es\/wp-json\/wp\/v2\/types\/post"}],"author":[{"embeddable":true,"href":"https:\/\/conversesacatalunya.cat\/es\/wp-json\/wp\/v2\/users\/2"}],"replies":[{"embeddable":true,"href":"https:\/\/conversesacatalunya.cat\/es\/wp-json\/wp\/v2\/comments?post=37673"}],"version-history":[{"count":2,"href":"https:\/\/conversesacatalunya.cat\/es\/wp-json\/wp\/v2\/posts\/37673\/revisions"}],"predecessor-version":[{"id":37675,"href":"https:\/\/conversesacatalunya.cat\/es\/wp-json\/wp\/v2\/posts\/37673\/revisions\/37675"}],"wp:featuredmedia":[{"embeddable":true,"href":"https:\/\/conversesacatalunya.cat\/es\/wp-json\/wp\/v2\/media\/37666"}],"wp:attachment":[{"href":"https:\/\/conversesacatalunya.cat\/es\/wp-json\/wp\/v2\/media?parent=37673"}],"wp:term":[{"taxonomy":"category","embeddable":true,"href":"https:\/\/conversesacatalunya.cat\/es\/wp-json\/wp\/v2\/categories?post=37673"},{"taxonomy":"post_tag","embeddable":true,"href":"https:\/\/conversesacatalunya.cat\/es\/wp-json\/wp\/v2\/tags?post=37673"}],"curies":[{"name":"wp","href":"https:\/\/api.w.org\/{rel}","templated":true}]}}