{"id":37591,"date":"2020-06-19T11:19:32","date_gmt":"2020-06-19T09:19:32","guid":{"rendered":"https:\/\/conversesacatalunya.cat\/el-govern-que-no-sabia-comptar-els-seus-morts\/"},"modified":"2020-06-19T13:53:19","modified_gmt":"2020-06-19T11:53:19","slug":"el-gobierno-que-no-sabia-contar-sus-muertos","status":"publish","type":"post","link":"https:\/\/conversesacatalunya.cat\/es\/el-gobierno-que-no-sabia-contar-sus-muertos\/","title":{"rendered":"El gobierno que no sab\u00eda contar sus muertos"},"content":{"rendered":"<p>En sede parlamentaria el presidente S\u00e1nchez anunci\u00f3 que el 16 de julio se har\u00eda un acto conmemorativo de las personas muertas por la pandemia. Y a\u00f1adi\u00f3 sin rubor la cifra famosa de los 27.000. La misma que <strong>hace m\u00e1s de 15 d\u00edas que est\u00e1 congelada por el doctor Sim\u00f3n<\/strong> y que no incorpora ninguna de las muertes que le son comunicadas por las CCAA.<\/p>\n<p>Este es un caso escandaloso que provoca la desconfianza de la poblaci\u00f3n en el gobierno, y un hecho muy grave para un pa\u00eds tur\u00edstico. Es visto con incredulidad por la opini\u00f3n internacional. No hay ning\u00fan otro pa\u00eds en el mundo que no actualice los datos de forma diaria o casi diaria.<\/p>\n<p>Que el presidente haya dado por supuesto que son <strong>27.000<\/strong> y lo haya hecho en sede parlamentaria es particularmente grave, porque \u00e9l sabe perfectamente que son muchas m\u00e1s. La falta de explicaci\u00f3n clara la evidencia en este caso la respuesta de la ministra portavoz del gobierno a la pregunta de un periodista de Televisi\u00f3n Espa\u00f1ola y otro de la cadena internacional CNN, que se interesaban por el n\u00famero de muertes. La respuesta de Mar\u00eda Jes\u00fas Montero fue extens\u00edsima. La versi\u00f3n escrita tiene m\u00e1s de 700 palabras, lo que equivale a unos 2.400 caracteres, la extensi\u00f3n de un art\u00edculo largo en La Vanguardia. Pues bien, toda esta extensa respuesta, cuando se lee, se contempla que es un conjunto mal atado de <strong>palabras vac\u00edas<\/strong> y en algunos casos desprop\u00f3sitos, cuando no sencillamente falsedades, como cuando insiste dos veces en que <strong>Espa\u00f1a sigue estrictamente las instrucciones de la OMS para contabilizar los muertos<\/strong>, cuando no es as\u00ed. Porque aqu\u00ed s\u00f3lo se consideran difuntos por el Covid-19 aquellos que han sido sometidos a un diagn\u00f3stico por PCR, mientras que la OMS se\u00f1ala espec\u00edficamente que tambi\u00e9n se incorporar\u00e1n los <strong>sospechosos, aunque no se haya podido llevar a cabo el an\u00e1lisis<\/strong>.<\/p>\n<p>Por otra parte, es evidente que <a href=\"https:\/\/conversesacatalunya.cat\/es\/la-dimension-de-la-tragedia-mas-de-40-000-muertos\/\" target=\"_blank\" rel=\"noopener noreferrer\">tres fuentes diferentes y solventes<\/a>, el INE, el Sistema MoMo y la Organizaci\u00f3n de Empresas Funerarias, dan <strong>cifras coincidentes de muertos por encima de los 40.000<\/strong>. Naturalmente no todos son causa del Covid-19, pero s\u00ed lo son la gran mayor\u00eda, y entre 27.000 y m\u00e1s de 40.000 hay un mundo de diferencia. S\u00f3lo que se incorporaran las muertes en las residencias no contabilizadas, la cifra ya se situar\u00eda en ese orden de magnitud.<\/p>\n<p>El gobierno act\u00faa de esta manera por dos razones fundamentales que mueven a esc\u00e1ndalos, porque es jugar con los muertos. La primera, evitar a toda costa llegar a la cifra simb\u00f3lica de 30.000. La segunda, impedir que Espa\u00f1a sea el primer pa\u00eds del mundo -ahora, a pesar de todos los maquillajes, ya es el tercero- en muertes en relaci\u00f3n con su poblaci\u00f3n.<\/p>\n<p style=\"text-align: center;\">M\u00e1s informaci\u00f3n sobre el coronavirus en <a href=\"https:\/\/conversesacatalunya.cat\/es\/coronavirus\/\" target=\"_blank\" rel=\"noopener noreferrer\"><strong>ESPECIAL CORONAVIRUS<\/strong><\/a><\/p>\n<div id=\"polls-55\" class=\"wp-polls\">\n\t<form id=\"polls_form_55\" class=\"wp-polls-form\" action=\"\/index.php\" method=\"post\">\n\t\t<p style=\"display: none;\"><input type=\"hidden\" id=\"poll_55_nonce\" name=\"wp-polls-nonce\" value=\"35d3b51f6d\" \/><\/p>\n\t\t<p style=\"display: none;\"><input type=\"hidden\" name=\"poll_id\" value=\"55\" \/><\/p>\n\t\t<p style=\"text-align: center\"><strong>La normalitzaci\u00f3 i apertura de fronteres a partir del 21 de juny, creus que generar\u00e0 nous rebrots d'import\u00e0ncia?<\/strong><\/p><div id=\"polls-55-ans\" class=\"wp-polls-ans\"><ul class=\"wp-polls-ul\">\n\t\t<li><input type=\"radio\" id=\"poll-answer-116\" name=\"poll_55\" value=\"116\" \/> <label for=\"poll-answer-116\">Si<\/label><\/li>\n\t\t<li><input type=\"radio\" id=\"poll-answer-117\" name=\"poll_55\" value=\"117\" \/> <label for=\"poll-answer-117\">No<\/label><\/li>\n\t\t<\/ul><p style=\"text-align: center\"><input type=\"button\" name=\"vote\" value=\"   Vota   \" class=\"Buttons\" onclick=\"poll_vote(55);\" \/><\/p><p style=\"text-align: center\"><a href=\"#ViewPollResults\" onclick=\"poll_result(55); return false;\" title=\"View Results Of This Poll\">Mira els resultats<\/a><\/p><\/div>\n\t<\/form>\n<\/div>\n<div id=\"polls-55-loading\" class=\"wp-polls-loading\"><img decoding=\"async\" data-src=\"https:\/\/conversesacatalunya.cat\/wp-content\/plugins\/wp-polls\/images\/loading.gif\" width=\"16\" height=\"16\" alt=\"Cargando ...\" title=\"Cargando ...\" class=\"wp-polls-image lazyload\" src=\"data:image\/svg+xml;base64,PHN2ZyB3aWR0aD0iMSIgaGVpZ2h0PSIxIiB4bWxucz0iaHR0cDovL3d3dy53My5vcmcvMjAwMC9zdmciPjwvc3ZnPg==\" style=\"--smush-placeholder-width: 16px; --smush-placeholder-aspect-ratio: 16\/16;\" \/>&nbsp;Cargando ...<\/div>\n\n","protected":false},"excerpt":{"rendered":"<p>En sede parlamentaria el presidente S\u00e1nchez anunci\u00f3 que el 16 de julio se har\u00eda un acto conmemorativo de las personas muertas por la pandemia. Y a\u00f1adi\u00f3 sin rubor la cifra famosa de los 27.000. La misma que hace m\u00e1s de 15 d\u00edas que est\u00e1 congelada por el doctor Sim\u00f3n y que no incorpora ninguna de las muertes que le son comunicadas por las CCAA. Este es un caso escandaloso que provoca la desconfianza de la poblaci\u00f3n en el gobierno, y un hecho muy grave para un pa\u00eds tur\u00edstico. Es visto con incredulidad por la opini\u00f3n internacional. No hay ning\u00fan otro pa\u00eds en el mundo que no actualice los datos de forma diaria o casi diaria. Que el presidente haya dado por supuesto que son 27.000 y lo haya hecho en sede parlamentaria es particularmente grave, porque \u00e9l sabe perfectamente que son muchas m\u00e1s. La falta de explicaci\u00f3n clara la evidencia en este caso la respuesta de la ministra portavoz del gobierno a la pregunta de un periodista de Televisi\u00f3n Espa\u00f1ola y otro de la cadena internacional CNN, que se interesaban por el n\u00famero de muertes. La respuesta de Mar\u00eda Jes\u00fas Montero fue extens\u00edsima. La versi\u00f3n escrita tiene m\u00e1s de 700 palabras, lo que equivale a unos 2.400 caracteres, la extensi\u00f3n de un art\u00edculo largo en La Vanguardia. Pues bien, toda esta extensa respuesta, cuando se lee, se contempla que es un conjunto mal atado de palabras vac\u00edas y en algunos casos desprop\u00f3sitos, cuando no sencillamente falsedades, como cuando insiste dos veces en que Espa\u00f1a sigue estrictamente las instrucciones de la OMS para contabilizar los muertos, cuando no es as\u00ed. Porque aqu\u00ed s\u00f3lo se consideran difuntos por el Covid-19 aquellos que han sido sometidos a un diagn\u00f3stico por PCR, mientras que la OMS se\u00f1ala espec\u00edficamente que tambi\u00e9n se incorporar\u00e1n los sospechosos, aunque no se haya podido llevar a cabo el an\u00e1lisis. Por otra parte, es evidente que tres fuentes diferentes y solventes, el INE, el Sistema MoMo y la Organizaci\u00f3n de Empresas Funerarias, dan cifras coincidentes de muertos por encima de los 40.000. Naturalmente no todos son causa del Covid-19, pero s\u00ed lo son la gran mayor\u00eda, y entre 27.000 y m\u00e1s de 40.000 hay un mundo de diferencia. S\u00f3lo que se incorporaran las muertes en las residencias no contabilizadas, la cifra ya se situar\u00eda en ese orden de magnitud. El gobierno act\u00faa de esta manera por dos razones fundamentales que mueven a esc\u00e1ndalos, porque es jugar con los muertos. La primera, evitar a toda costa llegar a la cifra simb\u00f3lica de 30.000. La segunda, impedir que Espa\u00f1a sea el primer pa\u00eds del mundo -ahora, a pesar de todos los maquillajes, ya es el tercero- en muertes en relaci\u00f3n con su poblaci\u00f3n. M\u00e1s informaci\u00f3n sobre el coronavirus en ESPECIAL CORONAVIRUS<\/p>\n","protected":false},"author":2,"featured_media":37561,"comment_status":"open","ping_status":"open","sticky":false,"template":"","format":"standard","meta":{"_FSMCFIC_featured_image_caption":"","_FSMCFIC_featured_image_nocaption":"","_FSMCFIC_featured_image_hide":"","footnotes":""},"categories":[806],"tags":[2462,2246],"class_list":["post-37591","post","type-post","status-publish","format-standard","has-post-thumbnail","hentry","category-punts-claus-del-dia-es","tag-morts-per-coronavirus-es","tag-muertes-por-coronavirus"],"yoast_head":"<!-- This site is optimized with the Yoast SEO plugin v26.8 - https:\/\/yoast.com\/product\/yoast-seo-wordpress\/ -->\n<title>El gobierno que no sab\u00eda contar sus muertos - Converses a Catalunya<\/title>\n<meta name=\"robots\" content=\"index, follow, max-snippet:-1, max-image-preview:large, max-video-preview:-1\" \/>\n<link rel=\"canonical\" href=\"https:\/\/conversesacatalunya.cat\/es\/el-gobierno-que-no-sabia-contar-sus-muertos\/\" \/>\n<meta property=\"og:locale\" content=\"es_ES\" \/>\n<meta property=\"og:type\" content=\"article\" \/>\n<meta property=\"og:title\" content=\"El gobierno que no sab\u00eda contar sus muertos - Converses a Catalunya\" \/>\n<meta property=\"og:description\" content=\"En sede parlamentaria el presidente S\u00e1nchez anunci\u00f3 que el 16 de julio se har\u00eda un acto conmemorativo de las personas muertas por la pandemia. Y a\u00f1adi\u00f3 sin rubor la cifra famosa de los 27.000. La misma que hace m\u00e1s de 15 d\u00edas que est\u00e1 congelada por el doctor Sim\u00f3n y que no incorpora ninguna de las muertes que le son comunicadas por las CCAA. Este es un caso escandaloso que provoca la desconfianza de la poblaci\u00f3n en el gobierno, y un hecho muy grave para un pa\u00eds tur\u00edstico. Es visto con incredulidad por la opini\u00f3n internacional. No hay ning\u00fan otro pa\u00eds en el mundo que no actualice los datos de forma diaria o casi diaria. Que el presidente haya dado por supuesto que son 27.000 y lo haya hecho en sede parlamentaria es particularmente grave, porque \u00e9l sabe perfectamente que son muchas m\u00e1s. La falta de explicaci\u00f3n clara la evidencia en este caso la respuesta de la ministra portavoz del gobierno a la pregunta de un periodista de Televisi\u00f3n Espa\u00f1ola y otro de la cadena internacional CNN, que se interesaban por el n\u00famero de muertes. La respuesta de Mar\u00eda Jes\u00fas Montero fue extens\u00edsima. La versi\u00f3n escrita tiene m\u00e1s de 700 palabras, lo que equivale a unos 2.400 caracteres, la extensi\u00f3n de un art\u00edculo largo en La Vanguardia. Pues bien, toda esta extensa respuesta, cuando se lee, se contempla que es un conjunto mal atado de palabras vac\u00edas y en algunos casos desprop\u00f3sitos, cuando no sencillamente falsedades, como cuando insiste dos veces en que Espa\u00f1a sigue estrictamente las instrucciones de la OMS para contabilizar los muertos, cuando no es as\u00ed. Porque aqu\u00ed s\u00f3lo se consideran difuntos por el Covid-19 aquellos que han sido sometidos a un diagn\u00f3stico por PCR, mientras que la OMS se\u00f1ala espec\u00edficamente que tambi\u00e9n se incorporar\u00e1n los sospechosos, aunque no se haya podido llevar a cabo el an\u00e1lisis. Por otra parte, es evidente que tres fuentes diferentes y solventes, el INE, el Sistema MoMo y la Organizaci\u00f3n de Empresas Funerarias, dan cifras coincidentes de muertos por encima de los 40.000. Naturalmente no todos son causa del Covid-19, pero s\u00ed lo son la gran mayor\u00eda, y entre 27.000 y m\u00e1s de 40.000 hay un mundo de diferencia. S\u00f3lo que se incorporaran las muertes en las residencias no contabilizadas, la cifra ya se situar\u00eda en ese orden de magnitud. El gobierno act\u00faa de esta manera por dos razones fundamentales que mueven a esc\u00e1ndalos, porque es jugar con los muertos. La primera, evitar a toda costa llegar a la cifra simb\u00f3lica de 30.000. La segunda, impedir que Espa\u00f1a sea el primer pa\u00eds del mundo -ahora, a pesar de todos los maquillajes, ya es el tercero- en muertes en relaci\u00f3n con su poblaci\u00f3n. M\u00e1s informaci\u00f3n sobre el coronavirus en ESPECIAL CORONAVIRUS\" \/>\n<meta property=\"og:url\" content=\"https:\/\/conversesacatalunya.cat\/es\/el-gobierno-que-no-sabia-contar-sus-muertos\/\" \/>\n<meta property=\"og:site_name\" content=\"Converses a Catalunya\" \/>\n<meta property=\"article:published_time\" content=\"2020-06-19T09:19:32+00:00\" \/>\n<meta property=\"article:modified_time\" content=\"2020-06-19T11:53:19+00:00\" \/>\n<meta property=\"og:image\" content=\"https:\/\/conversesacatalunya.cat\/wp-content\/uploads\/2020\/06\/morts.jpg\" \/>\n\t<meta property=\"og:image:width\" content=\"800\" \/>\n\t<meta property=\"og:image:height\" content=\"533\" \/>\n\t<meta property=\"og:image:type\" content=\"image\/jpeg\" \/>\n<meta name=\"author\" content=\"conversesacatalunya\" \/>\n<meta name=\"twitter:card\" content=\"summary_large_image\" \/>\n<meta name=\"twitter:label1\" content=\"Escrito por\" \/>\n\t<meta name=\"twitter:data1\" content=\"conversesacatalunya\" \/>\n\t<meta name=\"twitter:label2\" content=\"Tiempo de lectura\" \/>\n\t<meta name=\"twitter:data2\" content=\"2 minutos\" \/>\n<script type=\"application\/ld+json\" class=\"yoast-schema-graph\">{\"@context\":\"https:\/\/schema.org\",\"@graph\":[{\"@type\":\"Article\",\"@id\":\"https:\/\/conversesacatalunya.cat\/es\/el-gobierno-que-no-sabia-contar-sus-muertos\/#article\",\"isPartOf\":{\"@id\":\"https:\/\/conversesacatalunya.cat\/es\/el-gobierno-que-no-sabia-contar-sus-muertos\/\"},\"author\":{\"name\":\"conversesacatalunya\",\"@id\":\"https:\/\/conversesacatalunya.cat\/#\/schema\/person\/7e24d1e54a2785373ddcb275eae5ed99\"},\"headline\":\"El gobierno que no sab\u00eda contar sus muertos\",\"datePublished\":\"2020-06-19T09:19:32+00:00\",\"dateModified\":\"2020-06-19T11:53:19+00:00\",\"mainEntityOfPage\":{\"@id\":\"https:\/\/conversesacatalunya.cat\/es\/el-gobierno-que-no-sabia-contar-sus-muertos\/\"},\"wordCount\":508,\"commentCount\":0,\"image\":{\"@id\":\"https:\/\/conversesacatalunya.cat\/es\/el-gobierno-que-no-sabia-contar-sus-muertos\/#primaryimage\"},\"thumbnailUrl\":\"https:\/\/conversesacatalunya.cat\/wp-content\/uploads\/2020\/06\/morts.jpg\",\"keywords\":[\"morts per coronavirus\",\"muertes por coronavirus\"],\"articleSection\":[\"Punts clau del dia (ES)\"],\"inLanguage\":\"es\",\"potentialAction\":[{\"@type\":\"CommentAction\",\"name\":\"Comment\",\"target\":[\"https:\/\/conversesacatalunya.cat\/es\/el-gobierno-que-no-sabia-contar-sus-muertos\/#respond\"]}]},{\"@type\":\"WebPage\",\"@id\":\"https:\/\/conversesacatalunya.cat\/es\/el-gobierno-que-no-sabia-contar-sus-muertos\/\",\"url\":\"https:\/\/conversesacatalunya.cat\/es\/el-gobierno-que-no-sabia-contar-sus-muertos\/\",\"name\":\"El gobierno que no sab\u00eda contar sus muertos - Converses a Catalunya\",\"isPartOf\":{\"@id\":\"https:\/\/conversesacatalunya.cat\/#website\"},\"primaryImageOfPage\":{\"@id\":\"https:\/\/conversesacatalunya.cat\/es\/el-gobierno-que-no-sabia-contar-sus-muertos\/#primaryimage\"},\"image\":{\"@id\":\"https:\/\/conversesacatalunya.cat\/es\/el-gobierno-que-no-sabia-contar-sus-muertos\/#primaryimage\"},\"thumbnailUrl\":\"https:\/\/conversesacatalunya.cat\/wp-content\/uploads\/2020\/06\/morts.jpg\",\"datePublished\":\"2020-06-19T09:19:32+00:00\",\"dateModified\":\"2020-06-19T11:53:19+00:00\",\"author\":{\"@id\":\"https:\/\/conversesacatalunya.cat\/#\/schema\/person\/7e24d1e54a2785373ddcb275eae5ed99\"},\"breadcrumb\":{\"@id\":\"https:\/\/conversesacatalunya.cat\/es\/el-gobierno-que-no-sabia-contar-sus-muertos\/#breadcrumb\"},\"inLanguage\":\"es\",\"potentialAction\":[{\"@type\":\"ReadAction\",\"target\":[\"https:\/\/conversesacatalunya.cat\/es\/el-gobierno-que-no-sabia-contar-sus-muertos\/\"]}]},{\"@type\":\"ImageObject\",\"inLanguage\":\"es\",\"@id\":\"https:\/\/conversesacatalunya.cat\/es\/el-gobierno-que-no-sabia-contar-sus-muertos\/#primaryimage\",\"url\":\"https:\/\/conversesacatalunya.cat\/wp-content\/uploads\/2020\/06\/morts.jpg\",\"contentUrl\":\"https:\/\/conversesacatalunya.cat\/wp-content\/uploads\/2020\/06\/morts.jpg\",\"width\":800,\"height\":533,\"caption\":\"morts per coronavirus\"},{\"@type\":\"BreadcrumbList\",\"@id\":\"https:\/\/conversesacatalunya.cat\/es\/el-gobierno-que-no-sabia-contar-sus-muertos\/#breadcrumb\",\"itemListElement\":[{\"@type\":\"ListItem\",\"position\":1,\"name\":\"Inici\",\"item\":\"https:\/\/conversesacatalunya.cat\/es\/\"},{\"@type\":\"ListItem\",\"position\":2,\"name\":\"El gobierno que no sab\u00eda contar sus muertos\"}]},{\"@type\":\"WebSite\",\"@id\":\"https:\/\/conversesacatalunya.cat\/#website\",\"url\":\"https:\/\/conversesacatalunya.cat\/\",\"name\":\"Converses a Catalunya\",\"description\":\"\",\"potentialAction\":[{\"@type\":\"SearchAction\",\"target\":{\"@type\":\"EntryPoint\",\"urlTemplate\":\"https:\/\/conversesacatalunya.cat\/?s={search_term_string}\"},\"query-input\":{\"@type\":\"PropertyValueSpecification\",\"valueRequired\":true,\"valueName\":\"search_term_string\"}}],\"inLanguage\":\"es\"},{\"@type\":\"Person\",\"@id\":\"https:\/\/conversesacatalunya.cat\/#\/schema\/person\/7e24d1e54a2785373ddcb275eae5ed99\",\"name\":\"conversesacatalunya\",\"image\":{\"@type\":\"ImageObject\",\"inLanguage\":\"es\",\"@id\":\"https:\/\/conversesacatalunya.cat\/#\/schema\/person\/image\/\",\"url\":\"https:\/\/conversesacatalunya.cat\/wp-content\/litespeed\/avatar\/febdfeeec89d950f01c748045a981dd2.jpg?ver=1777314535\",\"contentUrl\":\"https:\/\/conversesacatalunya.cat\/wp-content\/litespeed\/avatar\/febdfeeec89d950f01c748045a981dd2.jpg?ver=1777314535\",\"caption\":\"conversesacatalunya\"},\"url\":\"https:\/\/conversesacatalunya.cat\/es\/author\/carme_catala\/\"}]}<\/script>\n<!-- \/ Yoast SEO plugin. -->","yoast_head_json":{"title":"El gobierno que no sab\u00eda contar sus muertos - Converses a Catalunya","robots":{"index":"index","follow":"follow","max-snippet":"max-snippet:-1","max-image-preview":"max-image-preview:large","max-video-preview":"max-video-preview:-1"},"canonical":"https:\/\/conversesacatalunya.cat\/es\/el-gobierno-que-no-sabia-contar-sus-muertos\/","og_locale":"es_ES","og_type":"article","og_title":"El gobierno que no sab\u00eda contar sus muertos - Converses a Catalunya","og_description":"En sede parlamentaria el presidente S\u00e1nchez anunci\u00f3 que el 16 de julio se har\u00eda un acto conmemorativo de las personas muertas por la pandemia. Y a\u00f1adi\u00f3 sin rubor la cifra famosa de los 27.000. La misma que hace m\u00e1s de 15 d\u00edas que est\u00e1 congelada por el doctor Sim\u00f3n y que no incorpora ninguna de las muertes que le son comunicadas por las CCAA. Este es un caso escandaloso que provoca la desconfianza de la poblaci\u00f3n en el gobierno, y un hecho muy grave para un pa\u00eds tur\u00edstico. Es visto con incredulidad por la opini\u00f3n internacional. No hay ning\u00fan otro pa\u00eds en el mundo que no actualice los datos de forma diaria o casi diaria. Que el presidente haya dado por supuesto que son 27.000 y lo haya hecho en sede parlamentaria es particularmente grave, porque \u00e9l sabe perfectamente que son muchas m\u00e1s. La falta de explicaci\u00f3n clara la evidencia en este caso la respuesta de la ministra portavoz del gobierno a la pregunta de un periodista de Televisi\u00f3n Espa\u00f1ola y otro de la cadena internacional CNN, que se interesaban por el n\u00famero de muertes. La respuesta de Mar\u00eda Jes\u00fas Montero fue extens\u00edsima. La versi\u00f3n escrita tiene m\u00e1s de 700 palabras, lo que equivale a unos 2.400 caracteres, la extensi\u00f3n de un art\u00edculo largo en La Vanguardia. Pues bien, toda esta extensa respuesta, cuando se lee, se contempla que es un conjunto mal atado de palabras vac\u00edas y en algunos casos desprop\u00f3sitos, cuando no sencillamente falsedades, como cuando insiste dos veces en que Espa\u00f1a sigue estrictamente las instrucciones de la OMS para contabilizar los muertos, cuando no es as\u00ed. Porque aqu\u00ed s\u00f3lo se consideran difuntos por el Covid-19 aquellos que han sido sometidos a un diagn\u00f3stico por PCR, mientras que la OMS se\u00f1ala espec\u00edficamente que tambi\u00e9n se incorporar\u00e1n los sospechosos, aunque no se haya podido llevar a cabo el an\u00e1lisis. Por otra parte, es evidente que tres fuentes diferentes y solventes, el INE, el Sistema MoMo y la Organizaci\u00f3n de Empresas Funerarias, dan cifras coincidentes de muertos por encima de los 40.000. Naturalmente no todos son causa del Covid-19, pero s\u00ed lo son la gran mayor\u00eda, y entre 27.000 y m\u00e1s de 40.000 hay un mundo de diferencia. S\u00f3lo que se incorporaran las muertes en las residencias no contabilizadas, la cifra ya se situar\u00eda en ese orden de magnitud. El gobierno act\u00faa de esta manera por dos razones fundamentales que mueven a esc\u00e1ndalos, porque es jugar con los muertos. La primera, evitar a toda costa llegar a la cifra simb\u00f3lica de 30.000. La segunda, impedir que Espa\u00f1a sea el primer pa\u00eds del mundo -ahora, a pesar de todos los maquillajes, ya es el tercero- en muertes en relaci\u00f3n con su poblaci\u00f3n. M\u00e1s informaci\u00f3n sobre el coronavirus en ESPECIAL CORONAVIRUS","og_url":"https:\/\/conversesacatalunya.cat\/es\/el-gobierno-que-no-sabia-contar-sus-muertos\/","og_site_name":"Converses a Catalunya","article_published_time":"2020-06-19T09:19:32+00:00","article_modified_time":"2020-06-19T11:53:19+00:00","og_image":[{"width":800,"height":533,"url":"https:\/\/conversesacatalunya.cat\/wp-content\/uploads\/2020\/06\/morts.jpg","type":"image\/jpeg"}],"author":"conversesacatalunya","twitter_card":"summary_large_image","twitter_misc":{"Escrito por":"conversesacatalunya","Tiempo de lectura":"2 minutos"},"schema":{"@context":"https:\/\/schema.org","@graph":[{"@type":"Article","@id":"https:\/\/conversesacatalunya.cat\/es\/el-gobierno-que-no-sabia-contar-sus-muertos\/#article","isPartOf":{"@id":"https:\/\/conversesacatalunya.cat\/es\/el-gobierno-que-no-sabia-contar-sus-muertos\/"},"author":{"name":"conversesacatalunya","@id":"https:\/\/conversesacatalunya.cat\/#\/schema\/person\/7e24d1e54a2785373ddcb275eae5ed99"},"headline":"El gobierno que no sab\u00eda contar sus muertos","datePublished":"2020-06-19T09:19:32+00:00","dateModified":"2020-06-19T11:53:19+00:00","mainEntityOfPage":{"@id":"https:\/\/conversesacatalunya.cat\/es\/el-gobierno-que-no-sabia-contar-sus-muertos\/"},"wordCount":508,"commentCount":0,"image":{"@id":"https:\/\/conversesacatalunya.cat\/es\/el-gobierno-que-no-sabia-contar-sus-muertos\/#primaryimage"},"thumbnailUrl":"https:\/\/conversesacatalunya.cat\/wp-content\/uploads\/2020\/06\/morts.jpg","keywords":["morts per coronavirus","muertes por coronavirus"],"articleSection":["Punts clau del dia (ES)"],"inLanguage":"es","potentialAction":[{"@type":"CommentAction","name":"Comment","target":["https:\/\/conversesacatalunya.cat\/es\/el-gobierno-que-no-sabia-contar-sus-muertos\/#respond"]}]},{"@type":"WebPage","@id":"https:\/\/conversesacatalunya.cat\/es\/el-gobierno-que-no-sabia-contar-sus-muertos\/","url":"https:\/\/conversesacatalunya.cat\/es\/el-gobierno-que-no-sabia-contar-sus-muertos\/","name":"El gobierno que no sab\u00eda contar sus muertos - Converses a Catalunya","isPartOf":{"@id":"https:\/\/conversesacatalunya.cat\/#website"},"primaryImageOfPage":{"@id":"https:\/\/conversesacatalunya.cat\/es\/el-gobierno-que-no-sabia-contar-sus-muertos\/#primaryimage"},"image":{"@id":"https:\/\/conversesacatalunya.cat\/es\/el-gobierno-que-no-sabia-contar-sus-muertos\/#primaryimage"},"thumbnailUrl":"https:\/\/conversesacatalunya.cat\/wp-content\/uploads\/2020\/06\/morts.jpg","datePublished":"2020-06-19T09:19:32+00:00","dateModified":"2020-06-19T11:53:19+00:00","author":{"@id":"https:\/\/conversesacatalunya.cat\/#\/schema\/person\/7e24d1e54a2785373ddcb275eae5ed99"},"breadcrumb":{"@id":"https:\/\/conversesacatalunya.cat\/es\/el-gobierno-que-no-sabia-contar-sus-muertos\/#breadcrumb"},"inLanguage":"es","potentialAction":[{"@type":"ReadAction","target":["https:\/\/conversesacatalunya.cat\/es\/el-gobierno-que-no-sabia-contar-sus-muertos\/"]}]},{"@type":"ImageObject","inLanguage":"es","@id":"https:\/\/conversesacatalunya.cat\/es\/el-gobierno-que-no-sabia-contar-sus-muertos\/#primaryimage","url":"https:\/\/conversesacatalunya.cat\/wp-content\/uploads\/2020\/06\/morts.jpg","contentUrl":"https:\/\/conversesacatalunya.cat\/wp-content\/uploads\/2020\/06\/morts.jpg","width":800,"height":533,"caption":"morts per coronavirus"},{"@type":"BreadcrumbList","@id":"https:\/\/conversesacatalunya.cat\/es\/el-gobierno-que-no-sabia-contar-sus-muertos\/#breadcrumb","itemListElement":[{"@type":"ListItem","position":1,"name":"Inici","item":"https:\/\/conversesacatalunya.cat\/es\/"},{"@type":"ListItem","position":2,"name":"El gobierno que no sab\u00eda contar sus muertos"}]},{"@type":"WebSite","@id":"https:\/\/conversesacatalunya.cat\/#website","url":"https:\/\/conversesacatalunya.cat\/","name":"Converses a Catalunya","description":"","potentialAction":[{"@type":"SearchAction","target":{"@type":"EntryPoint","urlTemplate":"https:\/\/conversesacatalunya.cat\/?s={search_term_string}"},"query-input":{"@type":"PropertyValueSpecification","valueRequired":true,"valueName":"search_term_string"}}],"inLanguage":"es"},{"@type":"Person","@id":"https:\/\/conversesacatalunya.cat\/#\/schema\/person\/7e24d1e54a2785373ddcb275eae5ed99","name":"conversesacatalunya","image":{"@type":"ImageObject","inLanguage":"es","@id":"https:\/\/conversesacatalunya.cat\/#\/schema\/person\/image\/","url":"https:\/\/conversesacatalunya.cat\/wp-content\/litespeed\/avatar\/febdfeeec89d950f01c748045a981dd2.jpg?ver=1777314535","contentUrl":"https:\/\/conversesacatalunya.cat\/wp-content\/litespeed\/avatar\/febdfeeec89d950f01c748045a981dd2.jpg?ver=1777314535","caption":"conversesacatalunya"},"url":"https:\/\/conversesacatalunya.cat\/es\/author\/carme_catala\/"}]}},"wps_subtitle":"","_links":{"self":[{"href":"https:\/\/conversesacatalunya.cat\/es\/wp-json\/wp\/v2\/posts\/37591","targetHints":{"allow":["GET"]}}],"collection":[{"href":"https:\/\/conversesacatalunya.cat\/es\/wp-json\/wp\/v2\/posts"}],"about":[{"href":"https:\/\/conversesacatalunya.cat\/es\/wp-json\/wp\/v2\/types\/post"}],"author":[{"embeddable":true,"href":"https:\/\/conversesacatalunya.cat\/es\/wp-json\/wp\/v2\/users\/2"}],"replies":[{"embeddable":true,"href":"https:\/\/conversesacatalunya.cat\/es\/wp-json\/wp\/v2\/comments?post=37591"}],"version-history":[{"count":2,"href":"https:\/\/conversesacatalunya.cat\/es\/wp-json\/wp\/v2\/posts\/37591\/revisions"}],"predecessor-version":[{"id":37592,"href":"https:\/\/conversesacatalunya.cat\/es\/wp-json\/wp\/v2\/posts\/37591\/revisions\/37592"}],"wp:featuredmedia":[{"embeddable":true,"href":"https:\/\/conversesacatalunya.cat\/es\/wp-json\/wp\/v2\/media\/37561"}],"wp:attachment":[{"href":"https:\/\/conversesacatalunya.cat\/es\/wp-json\/wp\/v2\/media?parent=37591"}],"wp:term":[{"taxonomy":"category","embeddable":true,"href":"https:\/\/conversesacatalunya.cat\/es\/wp-json\/wp\/v2\/categories?post=37591"},{"taxonomy":"post_tag","embeddable":true,"href":"https:\/\/conversesacatalunya.cat\/es\/wp-json\/wp\/v2\/tags?post=37591"}],"curies":[{"name":"wp","href":"https:\/\/api.w.org\/{rel}","templated":true}]}}