{"id":37539,"date":"2020-06-18T13:25:48","date_gmt":"2020-06-18T11:25:48","guid":{"rendered":"https:\/\/conversesacatalunya.cat\/23-de-juny-una-data-decisiva-per-a-la-pandemia\/"},"modified":"2020-06-18T15:33:29","modified_gmt":"2020-06-18T13:33:29","slug":"23-de-junio-una-fecha-decisiva-para-la-pandemia","status":"publish","type":"post","link":"https:\/\/conversesacatalunya.cat\/es\/23-de-junio-una-fecha-decisiva-para-la-pandemia\/","title":{"rendered":"23 de junio: una fecha decisiva para la pandemia"},"content":{"rendered":"<p>Durante la <strong>v\u00edspera de San Juan<\/strong> se normalizar\u00e1 todo tipo de circulaci\u00f3n y tambi\u00e9n se habr\u00e1 producido el levantamiento de barreras al acceso de visitantes extranjeros. Ser\u00e1 una fecha clave para verificar el grado de control real que se tiene sobre la pandemia.<\/p>\n<p>Entre ese d\u00eda y los 14 siguientes, y evidentemente m\u00e1s all\u00e1, se podr\u00e1 observar si se producen rebrotes significativos, como est\u00e1 sucediendo en Alemania y en China, o importados, como ha pasado en Nueva Zelanda, que se hab\u00eda liberado por completo del Covid-19.<\/p>\n<p>En este sentido hay tres vectores particularmente peligrosos. Uno, obviamente, es la llegada de extranjeros a unos grandes aeropuertos (como el de Barcelona, \u200b\u200bMadrid, Las Palmas, M\u00e1laga, Alicante) que no disponen, especialmente los dos primeros, del personal necesario para un <strong>control sanitario adecuado<\/strong>.<\/p>\n<p>El segundo vector se refiere precisamente a las fechas, el d\u00eda 23 es la verbena de San Juan, que es una celebraci\u00f3n importante no s\u00f3lo en Catalu\u00f1a sino tambi\u00e9n en otras autonom\u00edas, como el Pa\u00eds Valenci\u00e0 y Baleares. El hecho de que esta celebraci\u00f3n coincida con el inicio de la normalizaci\u00f3n puede generar la p\u00e9rdida del autocontrol por parte de mucha gente, b\u00e1sicamente descuidar en el uso de mascarillas y la distancia f\u00edsica.<\/p>\n<p>El tercer vector, que conecta con las celebraciones, pero que va m\u00e1s all\u00e1, son los j\u00f3venes. Los menores de 35 a\u00f1os son los responsables del 50% de los brotes de Covid-19. Tres factores explican este hecho: muchos de ellos son <strong>portadores asintom\u00e1ticos<\/strong> o con s\u00edntomas poco relevantes, su mayor tendencia a no mantener las condiciones de seguridad personal (mascarilla, distancia&#8230;) y su afici\u00f3n a participar en eventos, fiestas, conciertos, que concentran a mucha gente con gran proximidad. Estos hechos, ligados a que la casi totalidad de estos j\u00f3venes viven con sus padres, tambi\u00e9n pueden convertir los hogares en un foco de contagio.<\/p>\n<p style=\"text-align: center;\">M\u00e1s informaci\u00f3n sobre el coronavirus en <a href=\"https:\/\/conversesacatalunya.cat\/coronavirus\/\" target=\"_blank\" rel=\"noopener noreferrer\"><strong>ESPECIAL CORONAVIRUS<\/strong><\/a><\/p>\n<div id=\"polls-55\" class=\"wp-polls\">\n\t<form id=\"polls_form_55\" class=\"wp-polls-form\" action=\"\/index.php\" method=\"post\">\n\t\t<p style=\"display: none;\"><input type=\"hidden\" id=\"poll_55_nonce\" name=\"wp-polls-nonce\" value=\"35d3b51f6d\" \/><\/p>\n\t\t<p style=\"display: none;\"><input type=\"hidden\" name=\"poll_id\" value=\"55\" \/><\/p>\n\t\t<p style=\"text-align: center\"><strong>La normalitzaci\u00f3 i apertura de fronteres a partir del 21 de juny, creus que generar\u00e0 nous rebrots d'import\u00e0ncia?<\/strong><\/p><div id=\"polls-55-ans\" class=\"wp-polls-ans\"><ul class=\"wp-polls-ul\">\n\t\t<li><input type=\"radio\" id=\"poll-answer-116\" name=\"poll_55\" value=\"116\" \/> <label for=\"poll-answer-116\">Si<\/label><\/li>\n\t\t<li><input type=\"radio\" id=\"poll-answer-117\" name=\"poll_55\" value=\"117\" \/> <label for=\"poll-answer-117\">No<\/label><\/li>\n\t\t<\/ul><p style=\"text-align: center\"><input type=\"button\" name=\"vote\" value=\"   Vota   \" class=\"Buttons\" onclick=\"poll_vote(55);\" \/><\/p><p style=\"text-align: center\"><a href=\"#ViewPollResults\" onclick=\"poll_result(55); return false;\" title=\"View Results Of This Poll\">Mira els resultats<\/a><\/p><\/div>\n\t<\/form>\n<\/div>\n<div id=\"polls-55-loading\" class=\"wp-polls-loading\"><img decoding=\"async\" data-src=\"https:\/\/conversesacatalunya.cat\/wp-content\/plugins\/wp-polls\/images\/loading.gif\" width=\"16\" height=\"16\" alt=\"Cargando ...\" title=\"Cargando ...\" class=\"wp-polls-image lazyload\" src=\"data:image\/svg+xml;base64,PHN2ZyB3aWR0aD0iMSIgaGVpZ2h0PSIxIiB4bWxucz0iaHR0cDovL3d3dy53My5vcmcvMjAwMC9zdmciPjwvc3ZnPg==\" style=\"--smush-placeholder-width: 16px; --smush-placeholder-aspect-ratio: 16\/16;\" \/>&nbsp;Cargando ...<\/div>\n\n","protected":false},"excerpt":{"rendered":"<p>Durante la v\u00edspera de San Juan se normalizar\u00e1 todo tipo de circulaci\u00f3n y tambi\u00e9n se habr\u00e1 producido el levantamiento de barreras al acceso de visitantes extranjeros. Ser\u00e1 una fecha clave para verificar el grado de control real que se tiene sobre la pandemia. Entre ese d\u00eda y los 14 siguientes, y evidentemente m\u00e1s all\u00e1, se podr\u00e1 observar si se producen rebrotes significativos, como est\u00e1 sucediendo en Alemania y en China, o importados, como ha pasado en Nueva Zelanda, que se hab\u00eda liberado por completo del Covid-19. En este sentido hay tres vectores particularmente peligrosos. Uno, obviamente, es la llegada de extranjeros a unos grandes aeropuertos (como el de Barcelona, \u200b\u200bMadrid, Las Palmas, M\u00e1laga, Alicante) que no disponen, especialmente los dos primeros, del personal necesario para un control sanitario adecuado. El segundo vector se refiere precisamente a las fechas, el d\u00eda 23 es la verbena de San Juan, que es una celebraci\u00f3n importante no s\u00f3lo en Catalu\u00f1a sino tambi\u00e9n en otras autonom\u00edas, como el Pa\u00eds Valenci\u00e0 y Baleares. El hecho de que esta celebraci\u00f3n coincida con el inicio de la normalizaci\u00f3n puede generar la p\u00e9rdida del autocontrol por parte de mucha gente, b\u00e1sicamente descuidar en el uso de mascarillas y la distancia f\u00edsica. El tercer vector, que conecta con las celebraciones, pero que va m\u00e1s all\u00e1, son los j\u00f3venes. Los menores de 35 a\u00f1os son los responsables del 50% de los brotes de Covid-19. Tres factores explican este hecho: muchos de ellos son portadores asintom\u00e1ticos o con s\u00edntomas poco relevantes, su mayor tendencia a no mantener las condiciones de seguridad personal (mascarilla, distancia&#8230;) y su afici\u00f3n a participar en eventos, fiestas, conciertos, que concentran a mucha gente con gran proximidad. Estos hechos, ligados a que la casi totalidad de estos j\u00f3venes viven con sus padres, tambi\u00e9n pueden convertir los hogares en un foco de contagio. M\u00e1s informaci\u00f3n sobre el coronavirus en ESPECIAL CORONAVIRUS<\/p>\n","protected":false},"author":2,"featured_media":37530,"comment_status":"open","ping_status":"open","sticky":false,"template":"","format":"standard","meta":{"_FSMCFIC_featured_image_caption":"","_FSMCFIC_featured_image_nocaption":"","_FSMCFIC_featured_image_hide":"","footnotes":""},"categories":[1772,806],"tags":[1504,2597],"class_list":["post-37539","post","type-post","status-publish","format-standard","has-post-thumbnail","hentry","category-especial-coronavirus-es","category-punts-claus-del-dia-es","tag-coronavirus-es","tag-rebrotes-coronavirus"],"yoast_head":"<!-- This site is optimized with the Yoast SEO plugin v26.8 - https:\/\/yoast.com\/product\/yoast-seo-wordpress\/ -->\n<title>23 de junio: una fecha decisiva para la pandemia - Converses a Catalunya<\/title>\n<meta name=\"robots\" content=\"index, follow, max-snippet:-1, max-image-preview:large, max-video-preview:-1\" \/>\n<link rel=\"canonical\" href=\"https:\/\/conversesacatalunya.cat\/es\/23-de-junio-una-fecha-decisiva-para-la-pandemia\/\" \/>\n<meta property=\"og:locale\" content=\"es_ES\" \/>\n<meta property=\"og:type\" content=\"article\" \/>\n<meta property=\"og:title\" content=\"23 de junio: una fecha decisiva para la pandemia - Converses a Catalunya\" \/>\n<meta property=\"og:description\" content=\"Durante la v\u00edspera de San Juan se normalizar\u00e1 todo tipo de circulaci\u00f3n y tambi\u00e9n se habr\u00e1 producido el levantamiento de barreras al acceso de visitantes extranjeros. Ser\u00e1 una fecha clave para verificar el grado de control real que se tiene sobre la pandemia. Entre ese d\u00eda y los 14 siguientes, y evidentemente m\u00e1s all\u00e1, se podr\u00e1 observar si se producen rebrotes significativos, como est\u00e1 sucediendo en Alemania y en China, o importados, como ha pasado en Nueva Zelanda, que se hab\u00eda liberado por completo del Covid-19. En este sentido hay tres vectores particularmente peligrosos. Uno, obviamente, es la llegada de extranjeros a unos grandes aeropuertos (como el de Barcelona, \u200b\u200bMadrid, Las Palmas, M\u00e1laga, Alicante) que no disponen, especialmente los dos primeros, del personal necesario para un control sanitario adecuado. El segundo vector se refiere precisamente a las fechas, el d\u00eda 23 es la verbena de San Juan, que es una celebraci\u00f3n importante no s\u00f3lo en Catalu\u00f1a sino tambi\u00e9n en otras autonom\u00edas, como el Pa\u00eds Valenci\u00e0 y Baleares. El hecho de que esta celebraci\u00f3n coincida con el inicio de la normalizaci\u00f3n puede generar la p\u00e9rdida del autocontrol por parte de mucha gente, b\u00e1sicamente descuidar en el uso de mascarillas y la distancia f\u00edsica. El tercer vector, que conecta con las celebraciones, pero que va m\u00e1s all\u00e1, son los j\u00f3venes. Los menores de 35 a\u00f1os son los responsables del 50% de los brotes de Covid-19. Tres factores explican este hecho: muchos de ellos son portadores asintom\u00e1ticos o con s\u00edntomas poco relevantes, su mayor tendencia a no mantener las condiciones de seguridad personal (mascarilla, distancia&#8230;) y su afici\u00f3n a participar en eventos, fiestas, conciertos, que concentran a mucha gente con gran proximidad. Estos hechos, ligados a que la casi totalidad de estos j\u00f3venes viven con sus padres, tambi\u00e9n pueden convertir los hogares en un foco de contagio. M\u00e1s informaci\u00f3n sobre el coronavirus en ESPECIAL CORONAVIRUS\" \/>\n<meta property=\"og:url\" content=\"https:\/\/conversesacatalunya.cat\/es\/23-de-junio-una-fecha-decisiva-para-la-pandemia\/\" \/>\n<meta property=\"og:site_name\" content=\"Converses a Catalunya\" \/>\n<meta property=\"article:published_time\" content=\"2020-06-18T11:25:48+00:00\" \/>\n<meta property=\"article:modified_time\" content=\"2020-06-18T13:33:29+00:00\" \/>\n<meta property=\"og:image\" content=\"https:\/\/conversesacatalunya.cat\/wp-content\/uploads\/2020\/06\/verbena-sant-joan-2018-playa-barceloneta-1529823138891.jpg\" \/>\n\t<meta property=\"og:image:width\" content=\"1189\" \/>\n\t<meta property=\"og:image:height\" content=\"791\" \/>\n\t<meta property=\"og:image:type\" content=\"image\/jpeg\" \/>\n<meta name=\"author\" content=\"conversesacatalunya\" \/>\n<meta name=\"twitter:card\" content=\"summary_large_image\" \/>\n<meta name=\"twitter:label1\" content=\"Escrito por\" \/>\n\t<meta name=\"twitter:data1\" content=\"conversesacatalunya\" \/>\n\t<meta name=\"twitter:label2\" content=\"Tiempo de lectura\" \/>\n\t<meta name=\"twitter:data2\" content=\"2 minutos\" \/>\n<script type=\"application\/ld+json\" class=\"yoast-schema-graph\">{\"@context\":\"https:\/\/schema.org\",\"@graph\":[{\"@type\":\"Article\",\"@id\":\"https:\/\/conversesacatalunya.cat\/es\/23-de-junio-una-fecha-decisiva-para-la-pandemia\/#article\",\"isPartOf\":{\"@id\":\"https:\/\/conversesacatalunya.cat\/es\/23-de-junio-una-fecha-decisiva-para-la-pandemia\/\"},\"author\":{\"name\":\"conversesacatalunya\",\"@id\":\"https:\/\/conversesacatalunya.cat\/#\/schema\/person\/7e24d1e54a2785373ddcb275eae5ed99\"},\"headline\":\"23 de junio: una fecha decisiva para la pandemia\",\"datePublished\":\"2020-06-18T11:25:48+00:00\",\"dateModified\":\"2020-06-18T13:33:29+00:00\",\"mainEntityOfPage\":{\"@id\":\"https:\/\/conversesacatalunya.cat\/es\/23-de-junio-una-fecha-decisiva-para-la-pandemia\/\"},\"wordCount\":347,\"commentCount\":0,\"image\":{\"@id\":\"https:\/\/conversesacatalunya.cat\/es\/23-de-junio-una-fecha-decisiva-para-la-pandemia\/#primaryimage\"},\"thumbnailUrl\":\"https:\/\/conversesacatalunya.cat\/wp-content\/uploads\/2020\/06\/verbena-sant-joan-2018-playa-barceloneta-1529823138891.jpg\",\"keywords\":[\"coronavirus\",\"rebrotes coronavirus\"],\"articleSection\":[\"Especial Coronavirus (ES)\",\"Punts clau del dia (ES)\"],\"inLanguage\":\"es\",\"potentialAction\":[{\"@type\":\"CommentAction\",\"name\":\"Comment\",\"target\":[\"https:\/\/conversesacatalunya.cat\/es\/23-de-junio-una-fecha-decisiva-para-la-pandemia\/#respond\"]}]},{\"@type\":\"WebPage\",\"@id\":\"https:\/\/conversesacatalunya.cat\/es\/23-de-junio-una-fecha-decisiva-para-la-pandemia\/\",\"url\":\"https:\/\/conversesacatalunya.cat\/es\/23-de-junio-una-fecha-decisiva-para-la-pandemia\/\",\"name\":\"23 de junio: una fecha decisiva para la pandemia - Converses a Catalunya\",\"isPartOf\":{\"@id\":\"https:\/\/conversesacatalunya.cat\/#website\"},\"primaryImageOfPage\":{\"@id\":\"https:\/\/conversesacatalunya.cat\/es\/23-de-junio-una-fecha-decisiva-para-la-pandemia\/#primaryimage\"},\"image\":{\"@id\":\"https:\/\/conversesacatalunya.cat\/es\/23-de-junio-una-fecha-decisiva-para-la-pandemia\/#primaryimage\"},\"thumbnailUrl\":\"https:\/\/conversesacatalunya.cat\/wp-content\/uploads\/2020\/06\/verbena-sant-joan-2018-playa-barceloneta-1529823138891.jpg\",\"datePublished\":\"2020-06-18T11:25:48+00:00\",\"dateModified\":\"2020-06-18T13:33:29+00:00\",\"author\":{\"@id\":\"https:\/\/conversesacatalunya.cat\/#\/schema\/person\/7e24d1e54a2785373ddcb275eae5ed99\"},\"breadcrumb\":{\"@id\":\"https:\/\/conversesacatalunya.cat\/es\/23-de-junio-una-fecha-decisiva-para-la-pandemia\/#breadcrumb\"},\"inLanguage\":\"es\",\"potentialAction\":[{\"@type\":\"ReadAction\",\"target\":[\"https:\/\/conversesacatalunya.cat\/es\/23-de-junio-una-fecha-decisiva-para-la-pandemia\/\"]}]},{\"@type\":\"ImageObject\",\"inLanguage\":\"es\",\"@id\":\"https:\/\/conversesacatalunya.cat\/es\/23-de-junio-una-fecha-decisiva-para-la-pandemia\/#primaryimage\",\"url\":\"https:\/\/conversesacatalunya.cat\/wp-content\/uploads\/2020\/06\/verbena-sant-joan-2018-playa-barceloneta-1529823138891.jpg\",\"contentUrl\":\"https:\/\/conversesacatalunya.cat\/wp-content\/uploads\/2020\/06\/verbena-sant-joan-2018-playa-barceloneta-1529823138891.jpg\",\"width\":1189,\"height\":791,\"caption\":\"23 de juny\"},{\"@type\":\"BreadcrumbList\",\"@id\":\"https:\/\/conversesacatalunya.cat\/es\/23-de-junio-una-fecha-decisiva-para-la-pandemia\/#breadcrumb\",\"itemListElement\":[{\"@type\":\"ListItem\",\"position\":1,\"name\":\"Inici\",\"item\":\"https:\/\/conversesacatalunya.cat\/es\/\"},{\"@type\":\"ListItem\",\"position\":2,\"name\":\"23 de junio: una fecha decisiva para la pandemia\"}]},{\"@type\":\"WebSite\",\"@id\":\"https:\/\/conversesacatalunya.cat\/#website\",\"url\":\"https:\/\/conversesacatalunya.cat\/\",\"name\":\"Converses a Catalunya\",\"description\":\"\",\"potentialAction\":[{\"@type\":\"SearchAction\",\"target\":{\"@type\":\"EntryPoint\",\"urlTemplate\":\"https:\/\/conversesacatalunya.cat\/?s={search_term_string}\"},\"query-input\":{\"@type\":\"PropertyValueSpecification\",\"valueRequired\":true,\"valueName\":\"search_term_string\"}}],\"inLanguage\":\"es\"},{\"@type\":\"Person\",\"@id\":\"https:\/\/conversesacatalunya.cat\/#\/schema\/person\/7e24d1e54a2785373ddcb275eae5ed99\",\"name\":\"conversesacatalunya\",\"image\":{\"@type\":\"ImageObject\",\"inLanguage\":\"es\",\"@id\":\"https:\/\/conversesacatalunya.cat\/#\/schema\/person\/image\/\",\"url\":\"https:\/\/conversesacatalunya.cat\/wp-content\/litespeed\/avatar\/febdfeeec89d950f01c748045a981dd2.jpg?ver=1777314535\",\"contentUrl\":\"https:\/\/conversesacatalunya.cat\/wp-content\/litespeed\/avatar\/febdfeeec89d950f01c748045a981dd2.jpg?ver=1777314535\",\"caption\":\"conversesacatalunya\"},\"url\":\"https:\/\/conversesacatalunya.cat\/es\/author\/carme_catala\/\"}]}<\/script>\n<!-- \/ Yoast SEO plugin. -->","yoast_head_json":{"title":"23 de junio: una fecha decisiva para la pandemia - Converses a Catalunya","robots":{"index":"index","follow":"follow","max-snippet":"max-snippet:-1","max-image-preview":"max-image-preview:large","max-video-preview":"max-video-preview:-1"},"canonical":"https:\/\/conversesacatalunya.cat\/es\/23-de-junio-una-fecha-decisiva-para-la-pandemia\/","og_locale":"es_ES","og_type":"article","og_title":"23 de junio: una fecha decisiva para la pandemia - Converses a Catalunya","og_description":"Durante la v\u00edspera de San Juan se normalizar\u00e1 todo tipo de circulaci\u00f3n y tambi\u00e9n se habr\u00e1 producido el levantamiento de barreras al acceso de visitantes extranjeros. Ser\u00e1 una fecha clave para verificar el grado de control real que se tiene sobre la pandemia. Entre ese d\u00eda y los 14 siguientes, y evidentemente m\u00e1s all\u00e1, se podr\u00e1 observar si se producen rebrotes significativos, como est\u00e1 sucediendo en Alemania y en China, o importados, como ha pasado en Nueva Zelanda, que se hab\u00eda liberado por completo del Covid-19. En este sentido hay tres vectores particularmente peligrosos. Uno, obviamente, es la llegada de extranjeros a unos grandes aeropuertos (como el de Barcelona, \u200b\u200bMadrid, Las Palmas, M\u00e1laga, Alicante) que no disponen, especialmente los dos primeros, del personal necesario para un control sanitario adecuado. El segundo vector se refiere precisamente a las fechas, el d\u00eda 23 es la verbena de San Juan, que es una celebraci\u00f3n importante no s\u00f3lo en Catalu\u00f1a sino tambi\u00e9n en otras autonom\u00edas, como el Pa\u00eds Valenci\u00e0 y Baleares. El hecho de que esta celebraci\u00f3n coincida con el inicio de la normalizaci\u00f3n puede generar la p\u00e9rdida del autocontrol por parte de mucha gente, b\u00e1sicamente descuidar en el uso de mascarillas y la distancia f\u00edsica. El tercer vector, que conecta con las celebraciones, pero que va m\u00e1s all\u00e1, son los j\u00f3venes. Los menores de 35 a\u00f1os son los responsables del 50% de los brotes de Covid-19. Tres factores explican este hecho: muchos de ellos son portadores asintom\u00e1ticos o con s\u00edntomas poco relevantes, su mayor tendencia a no mantener las condiciones de seguridad personal (mascarilla, distancia&#8230;) y su afici\u00f3n a participar en eventos, fiestas, conciertos, que concentran a mucha gente con gran proximidad. Estos hechos, ligados a que la casi totalidad de estos j\u00f3venes viven con sus padres, tambi\u00e9n pueden convertir los hogares en un foco de contagio. M\u00e1s informaci\u00f3n sobre el coronavirus en ESPECIAL CORONAVIRUS","og_url":"https:\/\/conversesacatalunya.cat\/es\/23-de-junio-una-fecha-decisiva-para-la-pandemia\/","og_site_name":"Converses a Catalunya","article_published_time":"2020-06-18T11:25:48+00:00","article_modified_time":"2020-06-18T13:33:29+00:00","og_image":[{"width":1189,"height":791,"url":"https:\/\/conversesacatalunya.cat\/wp-content\/uploads\/2020\/06\/verbena-sant-joan-2018-playa-barceloneta-1529823138891.jpg","type":"image\/jpeg"}],"author":"conversesacatalunya","twitter_card":"summary_large_image","twitter_misc":{"Escrito por":"conversesacatalunya","Tiempo de lectura":"2 minutos"},"schema":{"@context":"https:\/\/schema.org","@graph":[{"@type":"Article","@id":"https:\/\/conversesacatalunya.cat\/es\/23-de-junio-una-fecha-decisiva-para-la-pandemia\/#article","isPartOf":{"@id":"https:\/\/conversesacatalunya.cat\/es\/23-de-junio-una-fecha-decisiva-para-la-pandemia\/"},"author":{"name":"conversesacatalunya","@id":"https:\/\/conversesacatalunya.cat\/#\/schema\/person\/7e24d1e54a2785373ddcb275eae5ed99"},"headline":"23 de junio: una fecha decisiva para la pandemia","datePublished":"2020-06-18T11:25:48+00:00","dateModified":"2020-06-18T13:33:29+00:00","mainEntityOfPage":{"@id":"https:\/\/conversesacatalunya.cat\/es\/23-de-junio-una-fecha-decisiva-para-la-pandemia\/"},"wordCount":347,"commentCount":0,"image":{"@id":"https:\/\/conversesacatalunya.cat\/es\/23-de-junio-una-fecha-decisiva-para-la-pandemia\/#primaryimage"},"thumbnailUrl":"https:\/\/conversesacatalunya.cat\/wp-content\/uploads\/2020\/06\/verbena-sant-joan-2018-playa-barceloneta-1529823138891.jpg","keywords":["coronavirus","rebrotes coronavirus"],"articleSection":["Especial Coronavirus (ES)","Punts clau del dia (ES)"],"inLanguage":"es","potentialAction":[{"@type":"CommentAction","name":"Comment","target":["https:\/\/conversesacatalunya.cat\/es\/23-de-junio-una-fecha-decisiva-para-la-pandemia\/#respond"]}]},{"@type":"WebPage","@id":"https:\/\/conversesacatalunya.cat\/es\/23-de-junio-una-fecha-decisiva-para-la-pandemia\/","url":"https:\/\/conversesacatalunya.cat\/es\/23-de-junio-una-fecha-decisiva-para-la-pandemia\/","name":"23 de junio: una fecha decisiva para la pandemia - Converses a Catalunya","isPartOf":{"@id":"https:\/\/conversesacatalunya.cat\/#website"},"primaryImageOfPage":{"@id":"https:\/\/conversesacatalunya.cat\/es\/23-de-junio-una-fecha-decisiva-para-la-pandemia\/#primaryimage"},"image":{"@id":"https:\/\/conversesacatalunya.cat\/es\/23-de-junio-una-fecha-decisiva-para-la-pandemia\/#primaryimage"},"thumbnailUrl":"https:\/\/conversesacatalunya.cat\/wp-content\/uploads\/2020\/06\/verbena-sant-joan-2018-playa-barceloneta-1529823138891.jpg","datePublished":"2020-06-18T11:25:48+00:00","dateModified":"2020-06-18T13:33:29+00:00","author":{"@id":"https:\/\/conversesacatalunya.cat\/#\/schema\/person\/7e24d1e54a2785373ddcb275eae5ed99"},"breadcrumb":{"@id":"https:\/\/conversesacatalunya.cat\/es\/23-de-junio-una-fecha-decisiva-para-la-pandemia\/#breadcrumb"},"inLanguage":"es","potentialAction":[{"@type":"ReadAction","target":["https:\/\/conversesacatalunya.cat\/es\/23-de-junio-una-fecha-decisiva-para-la-pandemia\/"]}]},{"@type":"ImageObject","inLanguage":"es","@id":"https:\/\/conversesacatalunya.cat\/es\/23-de-junio-una-fecha-decisiva-para-la-pandemia\/#primaryimage","url":"https:\/\/conversesacatalunya.cat\/wp-content\/uploads\/2020\/06\/verbena-sant-joan-2018-playa-barceloneta-1529823138891.jpg","contentUrl":"https:\/\/conversesacatalunya.cat\/wp-content\/uploads\/2020\/06\/verbena-sant-joan-2018-playa-barceloneta-1529823138891.jpg","width":1189,"height":791,"caption":"23 de juny"},{"@type":"BreadcrumbList","@id":"https:\/\/conversesacatalunya.cat\/es\/23-de-junio-una-fecha-decisiva-para-la-pandemia\/#breadcrumb","itemListElement":[{"@type":"ListItem","position":1,"name":"Inici","item":"https:\/\/conversesacatalunya.cat\/es\/"},{"@type":"ListItem","position":2,"name":"23 de junio: una fecha decisiva para la pandemia"}]},{"@type":"WebSite","@id":"https:\/\/conversesacatalunya.cat\/#website","url":"https:\/\/conversesacatalunya.cat\/","name":"Converses a Catalunya","description":"","potentialAction":[{"@type":"SearchAction","target":{"@type":"EntryPoint","urlTemplate":"https:\/\/conversesacatalunya.cat\/?s={search_term_string}"},"query-input":{"@type":"PropertyValueSpecification","valueRequired":true,"valueName":"search_term_string"}}],"inLanguage":"es"},{"@type":"Person","@id":"https:\/\/conversesacatalunya.cat\/#\/schema\/person\/7e24d1e54a2785373ddcb275eae5ed99","name":"conversesacatalunya","image":{"@type":"ImageObject","inLanguage":"es","@id":"https:\/\/conversesacatalunya.cat\/#\/schema\/person\/image\/","url":"https:\/\/conversesacatalunya.cat\/wp-content\/litespeed\/avatar\/febdfeeec89d950f01c748045a981dd2.jpg?ver=1777314535","contentUrl":"https:\/\/conversesacatalunya.cat\/wp-content\/litespeed\/avatar\/febdfeeec89d950f01c748045a981dd2.jpg?ver=1777314535","caption":"conversesacatalunya"},"url":"https:\/\/conversesacatalunya.cat\/es\/author\/carme_catala\/"}]}},"wps_subtitle":"","_links":{"self":[{"href":"https:\/\/conversesacatalunya.cat\/es\/wp-json\/wp\/v2\/posts\/37539","targetHints":{"allow":["GET"]}}],"collection":[{"href":"https:\/\/conversesacatalunya.cat\/es\/wp-json\/wp\/v2\/posts"}],"about":[{"href":"https:\/\/conversesacatalunya.cat\/es\/wp-json\/wp\/v2\/types\/post"}],"author":[{"embeddable":true,"href":"https:\/\/conversesacatalunya.cat\/es\/wp-json\/wp\/v2\/users\/2"}],"replies":[{"embeddable":true,"href":"https:\/\/conversesacatalunya.cat\/es\/wp-json\/wp\/v2\/comments?post=37539"}],"version-history":[{"count":2,"href":"https:\/\/conversesacatalunya.cat\/es\/wp-json\/wp\/v2\/posts\/37539\/revisions"}],"predecessor-version":[{"id":37541,"href":"https:\/\/conversesacatalunya.cat\/es\/wp-json\/wp\/v2\/posts\/37539\/revisions\/37541"}],"wp:featuredmedia":[{"embeddable":true,"href":"https:\/\/conversesacatalunya.cat\/es\/wp-json\/wp\/v2\/media\/37530"}],"wp:attachment":[{"href":"https:\/\/conversesacatalunya.cat\/es\/wp-json\/wp\/v2\/media?parent=37539"}],"wp:term":[{"taxonomy":"category","embeddable":true,"href":"https:\/\/conversesacatalunya.cat\/es\/wp-json\/wp\/v2\/categories?post=37539"},{"taxonomy":"post_tag","embeddable":true,"href":"https:\/\/conversesacatalunya.cat\/es\/wp-json\/wp\/v2\/tags?post=37539"}],"curies":[{"name":"wp","href":"https:\/\/api.w.org\/{rel}","templated":true}]}}