{"id":37536,"date":"2020-06-18T15:28:32","date_gmt":"2020-06-18T13:28:32","guid":{"rendered":"https:\/\/conversesacatalunya.cat\/?p=37536"},"modified":"2020-06-18T15:29:18","modified_gmt":"2020-06-18T13:29:18","slug":"el-gobierno-presenta-un-ambicioso-plan-en-mejora-de-viviendas","status":"publish","type":"post","link":"https:\/\/conversesacatalunya.cat\/es\/el-gobierno-presenta-un-ambicioso-plan-en-mejora-de-viviendas\/","title":{"rendered":"El Gobierno presenta un ambicioso plan en mejora de viviendas"},"content":{"rendered":"<p>El Gobierno de Espa\u00f1a ha anunciado que pondr\u00e1 en marcha un plan de dos a\u00f1os para mejorar la vivienda. Este proyecto consiste en la inversi\u00f3n de\u00a0<strong>2.000 millones de euros en rehabilitaci\u00f3n y construcci\u00f3n de viviendas<\/strong>. Con la colaboraci\u00f3n de iniciativa privada, el Gobierno cree que se generar\u00e1n 370.000 empleos.<\/p>\n<p>El programa aspira a multiplicar por cuatro el n\u00famero de pisos que se reforman al a\u00f1o en Espa\u00f1a, de forma que ascienda a unos 120.000 anuales, frente a los 30.000 actuales. Se trata de uno de los programas que conformar\u00e1n el Plan de Inversiones y Reformas 2020-2022 que el Ejecutivo dise\u00f1a para canalizar los fondos de recuperaci\u00f3n que espera recibir de la UE y reactivar la econom\u00eda para superar la crisis.<\/p>\n<p>El objetivo es mejorar la situaci\u00f3n del parque de viviendas, dada su antig\u00fcedad, y al tiempo mejorar su eficiencia energ\u00e9tica. En paralelo, busca contribuir a atajar la crisis impulsando uno de los segmentos del\u00a0<a href=\"https:\/\/conversesacatalunya.cat\/es\/bajara-el-precio-de-la-vivienda\/\" target=\"_blank\" rel=\"noopener noreferrer\">sector de la construcci\u00f3n<\/a>\u00a0que m\u00e1s \u201cefecto tractor tiene\u201d en el econom\u00eda en cuanto a generaci\u00f3n de empleo y actividad econ\u00f3mica. El plan contemplar\u00e1 tanto obras de rehabilitaci\u00f3n por parte de particulares como grandes proyectos de regeneraci\u00f3n y renovaci\u00f3n urbana \u201ca gran escala e integral de barrios\u201d, seg\u00fan detall\u00f3 el secretario de Estado de Transportes y Movilidad, Pedro Saura.<\/p>\n<p>La patronal de las empresas de reformas, Andimac, considera que los 2.000 millones de euros que se movilizar\u00edan durante los pr\u00f3ximos dos a\u00f1os evitar\u00edan el previsible desplome de la actividad en construcci\u00f3n,\u00a0<strong>ayudando a mantener el empleo y fomentando la confianza en la econom\u00eda<\/strong>. Tambi\u00e9n equilibrar\u00edan el volumen de negocio del sector de los materiales de construcci\u00f3n, en el que tras el verano se espera \u201cun fuerte debilitamiento de la demanda de obra nueva, tensiones de impagos como adelantan las aseguradoras de riesgo y una ca\u00edda de las actuaciones de rehabilitaci\u00f3n\u201d. No obstante, la patronal pide unificar criterios a la hora de conceder las ayudas a la rehabilitaci\u00f3n.<\/p>\n<p>A su vez, Andimac se\u00f1ala que el plan permitir\u00eda rejuvenecer el parque de viviendas en Espa\u00f1a, que actualmente avejenta a un ritmo del 1,8% anual, mientras la rehabilitaci\u00f3n edificatoria afecta \u00fanicamente al 0,15% del mismo, dando lugar a \u201cun lento y peligroso proceso de obsolescencia edificatoria que puede tener graves repercusiones sociales y econ\u00f3micas\u201d.<\/p>\n<span class='bctt-click-to-tweet'><span class='bctt-ctt-text'><a href='https:\/\/twitter.com\/intent\/tweet?url=https%3A%2F%2Fconversesacatalunya.cat%2Fes%2Fel-gobierno-presenta-un-ambicioso-plan-en-mejora-de-viviendas%2F&#038;text=Este%20proyecto%20consiste%20en%20la%20inversi%C3%B3n%20de%202.000%20millones%20de%20euros%20en%20rehabilitaci%C3%B3n%20y%20construcci%C3%B3n%20de%20viviendas&#038;via=conversesacat&#038;related=conversesacat' target='_blank'rel=\"noopener noreferrer\">Este proyecto consiste en la inversi\u00f3n de 2.000 millones de euros en rehabilitaci\u00f3n y construcci\u00f3n de viviendas <\/a><\/span><a href='https:\/\/twitter.com\/intent\/tweet?url=https%3A%2F%2Fconversesacatalunya.cat%2Fes%2Fel-gobierno-presenta-un-ambicioso-plan-en-mejora-de-viviendas%2F&#038;text=Este%20proyecto%20consiste%20en%20la%20inversi%C3%B3n%20de%202.000%20millones%20de%20euros%20en%20rehabilitaci%C3%B3n%20y%20construcci%C3%B3n%20de%20viviendas&#038;via=conversesacat&#038;related=conversesacat' target='_blank' class='bctt-ctt-btn'rel=\"noopener noreferrer\">Compartir en X<\/a><\/span>\n","protected":false},"excerpt":{"rendered":"<p>El Gobierno de Espa\u00f1a ha anunciado que pondr\u00e1 en marcha un plan de dos a\u00f1os para mejorar la vivienda. Este proyecto consiste en la inversi\u00f3n de\u00a02.000 millones de euros en rehabilitaci\u00f3n y construcci\u00f3n de viviendas. Con la colaboraci\u00f3n de iniciativa privada, el Gobierno cree que se generar\u00e1n 370.000 empleos. El programa aspira a multiplicar por cuatro el n\u00famero de pisos que se reforman al a\u00f1o en Espa\u00f1a, de forma que ascienda a unos 120.000 anuales, frente a los 30.000 actuales. Se trata de uno de los programas que conformar\u00e1n el Plan de Inversiones y Reformas 2020-2022 que el Ejecutivo dise\u00f1a para canalizar los fondos de recuperaci\u00f3n que espera recibir de la UE y reactivar la econom\u00eda para superar la crisis. El objetivo es mejorar la situaci\u00f3n del parque de viviendas, dada su antig\u00fcedad, y al tiempo mejorar su eficiencia energ\u00e9tica. En paralelo, busca contribuir a atajar la crisis impulsando uno de los segmentos del\u00a0sector de la construcci\u00f3n\u00a0que m\u00e1s \u201cefecto tractor tiene\u201d en el econom\u00eda en cuanto a generaci\u00f3n de empleo y actividad econ\u00f3mica. El plan contemplar\u00e1 tanto obras de rehabilitaci\u00f3n por parte de particulares como grandes proyectos de regeneraci\u00f3n y renovaci\u00f3n urbana \u201ca gran escala e integral de barrios\u201d, seg\u00fan detall\u00f3 el secretario de Estado de Transportes y Movilidad, Pedro Saura. La patronal de las empresas de reformas, Andimac, considera que los 2.000 millones de euros que se movilizar\u00edan durante los pr\u00f3ximos dos a\u00f1os evitar\u00edan el previsible desplome de la actividad en construcci\u00f3n,\u00a0ayudando a mantener el empleo y fomentando la confianza en la econom\u00eda. Tambi\u00e9n equilibrar\u00edan el volumen de negocio del sector de los materiales de construcci\u00f3n, en el que tras el verano se espera \u201cun fuerte debilitamiento de la demanda de obra nueva, tensiones de impagos como adelantan las aseguradoras de riesgo y una ca\u00edda de las actuaciones de rehabilitaci\u00f3n\u201d. No obstante, la patronal pide unificar criterios a la hora de conceder las ayudas a la rehabilitaci\u00f3n. A su vez, Andimac se\u00f1ala que el plan permitir\u00eda rejuvenecer el parque de viviendas en Espa\u00f1a, que actualmente avejenta a un ritmo del 1,8% anual, mientras la rehabilitaci\u00f3n edificatoria afecta \u00fanicamente al 0,15% del mismo, dando lugar a \u201cun lento y peligroso proceso de obsolescencia edificatoria que puede tener graves repercusiones sociales y econ\u00f3micas\u201d.<\/p>\n","protected":false},"author":20,"featured_media":37458,"comment_status":"open","ping_status":"open","sticky":false,"template":"","format":"standard","meta":{"_FSMCFIC_featured_image_caption":"","_FSMCFIC_featured_image_nocaption":"","_FSMCFIC_featured_image_hide":"","footnotes":""},"categories":[806],"tags":[1035],"class_list":["post-37536","post","type-post","status-publish","format-standard","has-post-thumbnail","hentry","category-punts-claus-del-dia-es","tag-vivienda"],"yoast_head":"<!-- This site is optimized with the Yoast SEO plugin v26.8 - https:\/\/yoast.com\/product\/yoast-seo-wordpress\/ -->\n<title>El Gobierno presenta un ambicioso plan en mejora de viviendas -<\/title>\n<meta name=\"robots\" content=\"index, follow, max-snippet:-1, max-image-preview:large, max-video-preview:-1\" \/>\n<link rel=\"canonical\" href=\"https:\/\/conversesacatalunya.cat\/es\/el-gobierno-presenta-un-ambicioso-plan-en-mejora-de-viviendas\/\" \/>\n<meta property=\"og:locale\" content=\"es_ES\" \/>\n<meta property=\"og:type\" content=\"article\" \/>\n<meta property=\"og:title\" content=\"El Gobierno presenta un ambicioso plan en mejora de viviendas -\" \/>\n<meta property=\"og:description\" content=\"El Gobierno de Espa\u00f1a ha anunciado que pondr\u00e1 en marcha un plan de dos a\u00f1os para mejorar la vivienda. Este proyecto consiste en la inversi\u00f3n de\u00a02.000 millones de euros en rehabilitaci\u00f3n y construcci\u00f3n de viviendas. Con la colaboraci\u00f3n de iniciativa privada, el Gobierno cree que se generar\u00e1n 370.000 empleos. El programa aspira a multiplicar por cuatro el n\u00famero de pisos que se reforman al a\u00f1o en Espa\u00f1a, de forma que ascienda a unos 120.000 anuales, frente a los 30.000 actuales. Se trata de uno de los programas que conformar\u00e1n el Plan de Inversiones y Reformas 2020-2022 que el Ejecutivo dise\u00f1a para canalizar los fondos de recuperaci\u00f3n que espera recibir de la UE y reactivar la econom\u00eda para superar la crisis. El objetivo es mejorar la situaci\u00f3n del parque de viviendas, dada su antig\u00fcedad, y al tiempo mejorar su eficiencia energ\u00e9tica. En paralelo, busca contribuir a atajar la crisis impulsando uno de los segmentos del\u00a0sector de la construcci\u00f3n\u00a0que m\u00e1s \u201cefecto tractor tiene\u201d en el econom\u00eda en cuanto a generaci\u00f3n de empleo y actividad econ\u00f3mica. El plan contemplar\u00e1 tanto obras de rehabilitaci\u00f3n por parte de particulares como grandes proyectos de regeneraci\u00f3n y renovaci\u00f3n urbana \u201ca gran escala e integral de barrios\u201d, seg\u00fan detall\u00f3 el secretario de Estado de Transportes y Movilidad, Pedro Saura. La patronal de las empresas de reformas, Andimac, considera que los 2.000 millones de euros que se movilizar\u00edan durante los pr\u00f3ximos dos a\u00f1os evitar\u00edan el previsible desplome de la actividad en construcci\u00f3n,\u00a0ayudando a mantener el empleo y fomentando la confianza en la econom\u00eda. Tambi\u00e9n equilibrar\u00edan el volumen de negocio del sector de los materiales de construcci\u00f3n, en el que tras el verano se espera \u201cun fuerte debilitamiento de la demanda de obra nueva, tensiones de impagos como adelantan las aseguradoras de riesgo y una ca\u00edda de las actuaciones de rehabilitaci\u00f3n\u201d. No obstante, la patronal pide unificar criterios a la hora de conceder las ayudas a la rehabilitaci\u00f3n. A su vez, Andimac se\u00f1ala que el plan permitir\u00eda rejuvenecer el parque de viviendas en Espa\u00f1a, que actualmente avejenta a un ritmo del 1,8% anual, mientras la rehabilitaci\u00f3n edificatoria afecta \u00fanicamente al 0,15% del mismo, dando lugar a \u201cun lento y peligroso proceso de obsolescencia edificatoria que puede tener graves repercusiones sociales y econ\u00f3micas\u201d.\" \/>\n<meta property=\"og:url\" content=\"https:\/\/conversesacatalunya.cat\/es\/el-gobierno-presenta-un-ambicioso-plan-en-mejora-de-viviendas\/\" \/>\n<meta property=\"og:site_name\" content=\"Converses a Catalunya\" \/>\n<meta property=\"article:published_time\" content=\"2020-06-18T13:28:32+00:00\" \/>\n<meta property=\"article:modified_time\" content=\"2020-06-18T13:29:18+00:00\" \/>\n<meta property=\"og:image\" content=\"https:\/\/conversesacatalunya.cat\/wp-content\/uploads\/2020\/06\/Capture-7.png\" \/>\n\t<meta property=\"og:image:width\" content=\"782\" \/>\n\t<meta property=\"og:image:height\" content=\"512\" \/>\n\t<meta property=\"og:image:type\" content=\"image\/png\" \/>\n<meta name=\"author\" content=\"conversesacatalunya\" \/>\n<meta name=\"twitter:card\" content=\"summary_large_image\" \/>\n<meta name=\"twitter:label1\" content=\"Escrito por\" \/>\n\t<meta name=\"twitter:data1\" content=\"conversesacatalunya\" \/>\n\t<meta name=\"twitter:label2\" content=\"Tiempo de lectura\" \/>\n\t<meta name=\"twitter:data2\" content=\"2 minutos\" \/>\n<script type=\"application\/ld+json\" class=\"yoast-schema-graph\">{\"@context\":\"https:\/\/schema.org\",\"@graph\":[{\"@type\":\"Article\",\"@id\":\"https:\/\/conversesacatalunya.cat\/es\/el-gobierno-presenta-un-ambicioso-plan-en-mejora-de-viviendas\/#article\",\"isPartOf\":{\"@id\":\"https:\/\/conversesacatalunya.cat\/es\/el-gobierno-presenta-un-ambicioso-plan-en-mejora-de-viviendas\/\"},\"author\":{\"name\":\"conversesacatalunya\",\"@id\":\"https:\/\/conversesacatalunya.cat\/#\/schema\/person\/a7a9496a363cd9847daf7cd659d92e64\"},\"headline\":\"El Gobierno presenta un ambicioso plan en mejora de viviendas\",\"datePublished\":\"2020-06-18T13:28:32+00:00\",\"dateModified\":\"2020-06-18T13:29:18+00:00\",\"mainEntityOfPage\":{\"@id\":\"https:\/\/conversesacatalunya.cat\/es\/el-gobierno-presenta-un-ambicioso-plan-en-mejora-de-viviendas\/\"},\"wordCount\":445,\"commentCount\":0,\"image\":{\"@id\":\"https:\/\/conversesacatalunya.cat\/es\/el-gobierno-presenta-un-ambicioso-plan-en-mejora-de-viviendas\/#primaryimage\"},\"thumbnailUrl\":\"https:\/\/conversesacatalunya.cat\/wp-content\/uploads\/2020\/06\/Capture-7.png\",\"keywords\":[\"vivienda\"],\"articleSection\":[\"Punts clau del dia (ES)\"],\"inLanguage\":\"es\",\"potentialAction\":[{\"@type\":\"CommentAction\",\"name\":\"Comment\",\"target\":[\"https:\/\/conversesacatalunya.cat\/es\/el-gobierno-presenta-un-ambicioso-plan-en-mejora-de-viviendas\/#respond\"]}]},{\"@type\":\"WebPage\",\"@id\":\"https:\/\/conversesacatalunya.cat\/es\/el-gobierno-presenta-un-ambicioso-plan-en-mejora-de-viviendas\/\",\"url\":\"https:\/\/conversesacatalunya.cat\/es\/el-gobierno-presenta-un-ambicioso-plan-en-mejora-de-viviendas\/\",\"name\":\"El Gobierno presenta un ambicioso plan en mejora de viviendas -\",\"isPartOf\":{\"@id\":\"https:\/\/conversesacatalunya.cat\/#website\"},\"primaryImageOfPage\":{\"@id\":\"https:\/\/conversesacatalunya.cat\/es\/el-gobierno-presenta-un-ambicioso-plan-en-mejora-de-viviendas\/#primaryimage\"},\"image\":{\"@id\":\"https:\/\/conversesacatalunya.cat\/es\/el-gobierno-presenta-un-ambicioso-plan-en-mejora-de-viviendas\/#primaryimage\"},\"thumbnailUrl\":\"https:\/\/conversesacatalunya.cat\/wp-content\/uploads\/2020\/06\/Capture-7.png\",\"datePublished\":\"2020-06-18T13:28:32+00:00\",\"dateModified\":\"2020-06-18T13:29:18+00:00\",\"author\":{\"@id\":\"https:\/\/conversesacatalunya.cat\/#\/schema\/person\/a7a9496a363cd9847daf7cd659d92e64\"},\"breadcrumb\":{\"@id\":\"https:\/\/conversesacatalunya.cat\/es\/el-gobierno-presenta-un-ambicioso-plan-en-mejora-de-viviendas\/#breadcrumb\"},\"inLanguage\":\"es\",\"potentialAction\":[{\"@type\":\"ReadAction\",\"target\":[\"https:\/\/conversesacatalunya.cat\/es\/el-gobierno-presenta-un-ambicioso-plan-en-mejora-de-viviendas\/\"]}]},{\"@type\":\"ImageObject\",\"inLanguage\":\"es\",\"@id\":\"https:\/\/conversesacatalunya.cat\/es\/el-gobierno-presenta-un-ambicioso-plan-en-mejora-de-viviendas\/#primaryimage\",\"url\":\"https:\/\/conversesacatalunya.cat\/wp-content\/uploads\/2020\/06\/Capture-7.png\",\"contentUrl\":\"https:\/\/conversesacatalunya.cat\/wp-content\/uploads\/2020\/06\/Capture-7.png\",\"width\":782,\"height\":512,\"caption\":\"Habitatges\"},{\"@type\":\"BreadcrumbList\",\"@id\":\"https:\/\/conversesacatalunya.cat\/es\/el-gobierno-presenta-un-ambicioso-plan-en-mejora-de-viviendas\/#breadcrumb\",\"itemListElement\":[{\"@type\":\"ListItem\",\"position\":1,\"name\":\"Inici\",\"item\":\"https:\/\/conversesacatalunya.cat\/es\/\"},{\"@type\":\"ListItem\",\"position\":2,\"name\":\"El Gobierno presenta un ambicioso plan en mejora de viviendas\"}]},{\"@type\":\"WebSite\",\"@id\":\"https:\/\/conversesacatalunya.cat\/#website\",\"url\":\"https:\/\/conversesacatalunya.cat\/\",\"name\":\"Converses a Catalunya\",\"description\":\"\",\"potentialAction\":[{\"@type\":\"SearchAction\",\"target\":{\"@type\":\"EntryPoint\",\"urlTemplate\":\"https:\/\/conversesacatalunya.cat\/?s={search_term_string}\"},\"query-input\":{\"@type\":\"PropertyValueSpecification\",\"valueRequired\":true,\"valueName\":\"search_term_string\"}}],\"inLanguage\":\"es\"},{\"@type\":\"Person\",\"@id\":\"https:\/\/conversesacatalunya.cat\/#\/schema\/person\/a7a9496a363cd9847daf7cd659d92e64\",\"name\":\"conversesacatalunya\",\"image\":{\"@type\":\"ImageObject\",\"inLanguage\":\"es\",\"@id\":\"https:\/\/conversesacatalunya.cat\/#\/schema\/person\/image\/\",\"url\":\"https:\/\/conversesacatalunya.cat\/wp-content\/litespeed\/avatar\/ff91582b44ff9c880dc9c5ac2f5c7e89.jpg?ver=1777372947\",\"contentUrl\":\"https:\/\/conversesacatalunya.cat\/wp-content\/litespeed\/avatar\/ff91582b44ff9c880dc9c5ac2f5c7e89.jpg?ver=1777372947\",\"caption\":\"conversesacatalunya\"},\"url\":\"https:\/\/conversesacatalunya.cat\/es\/author\/francisco_garcia\/\"}]}<\/script>\n<!-- \/ Yoast SEO plugin. -->","yoast_head_json":{"title":"El Gobierno presenta un ambicioso plan en mejora de viviendas -","robots":{"index":"index","follow":"follow","max-snippet":"max-snippet:-1","max-image-preview":"max-image-preview:large","max-video-preview":"max-video-preview:-1"},"canonical":"https:\/\/conversesacatalunya.cat\/es\/el-gobierno-presenta-un-ambicioso-plan-en-mejora-de-viviendas\/","og_locale":"es_ES","og_type":"article","og_title":"El Gobierno presenta un ambicioso plan en mejora de viviendas -","og_description":"El Gobierno de Espa\u00f1a ha anunciado que pondr\u00e1 en marcha un plan de dos a\u00f1os para mejorar la vivienda. Este proyecto consiste en la inversi\u00f3n de\u00a02.000 millones de euros en rehabilitaci\u00f3n y construcci\u00f3n de viviendas. Con la colaboraci\u00f3n de iniciativa privada, el Gobierno cree que se generar\u00e1n 370.000 empleos. El programa aspira a multiplicar por cuatro el n\u00famero de pisos que se reforman al a\u00f1o en Espa\u00f1a, de forma que ascienda a unos 120.000 anuales, frente a los 30.000 actuales. Se trata de uno de los programas que conformar\u00e1n el Plan de Inversiones y Reformas 2020-2022 que el Ejecutivo dise\u00f1a para canalizar los fondos de recuperaci\u00f3n que espera recibir de la UE y reactivar la econom\u00eda para superar la crisis. El objetivo es mejorar la situaci\u00f3n del parque de viviendas, dada su antig\u00fcedad, y al tiempo mejorar su eficiencia energ\u00e9tica. En paralelo, busca contribuir a atajar la crisis impulsando uno de los segmentos del\u00a0sector de la construcci\u00f3n\u00a0que m\u00e1s \u201cefecto tractor tiene\u201d en el econom\u00eda en cuanto a generaci\u00f3n de empleo y actividad econ\u00f3mica. El plan contemplar\u00e1 tanto obras de rehabilitaci\u00f3n por parte de particulares como grandes proyectos de regeneraci\u00f3n y renovaci\u00f3n urbana \u201ca gran escala e integral de barrios\u201d, seg\u00fan detall\u00f3 el secretario de Estado de Transportes y Movilidad, Pedro Saura. La patronal de las empresas de reformas, Andimac, considera que los 2.000 millones de euros que se movilizar\u00edan durante los pr\u00f3ximos dos a\u00f1os evitar\u00edan el previsible desplome de la actividad en construcci\u00f3n,\u00a0ayudando a mantener el empleo y fomentando la confianza en la econom\u00eda. Tambi\u00e9n equilibrar\u00edan el volumen de negocio del sector de los materiales de construcci\u00f3n, en el que tras el verano se espera \u201cun fuerte debilitamiento de la demanda de obra nueva, tensiones de impagos como adelantan las aseguradoras de riesgo y una ca\u00edda de las actuaciones de rehabilitaci\u00f3n\u201d. No obstante, la patronal pide unificar criterios a la hora de conceder las ayudas a la rehabilitaci\u00f3n. A su vez, Andimac se\u00f1ala que el plan permitir\u00eda rejuvenecer el parque de viviendas en Espa\u00f1a, que actualmente avejenta a un ritmo del 1,8% anual, mientras la rehabilitaci\u00f3n edificatoria afecta \u00fanicamente al 0,15% del mismo, dando lugar a \u201cun lento y peligroso proceso de obsolescencia edificatoria que puede tener graves repercusiones sociales y econ\u00f3micas\u201d.","og_url":"https:\/\/conversesacatalunya.cat\/es\/el-gobierno-presenta-un-ambicioso-plan-en-mejora-de-viviendas\/","og_site_name":"Converses a Catalunya","article_published_time":"2020-06-18T13:28:32+00:00","article_modified_time":"2020-06-18T13:29:18+00:00","og_image":[{"width":782,"height":512,"url":"https:\/\/conversesacatalunya.cat\/wp-content\/uploads\/2020\/06\/Capture-7.png","type":"image\/png"}],"author":"conversesacatalunya","twitter_card":"summary_large_image","twitter_misc":{"Escrito por":"conversesacatalunya","Tiempo de lectura":"2 minutos"},"schema":{"@context":"https:\/\/schema.org","@graph":[{"@type":"Article","@id":"https:\/\/conversesacatalunya.cat\/es\/el-gobierno-presenta-un-ambicioso-plan-en-mejora-de-viviendas\/#article","isPartOf":{"@id":"https:\/\/conversesacatalunya.cat\/es\/el-gobierno-presenta-un-ambicioso-plan-en-mejora-de-viviendas\/"},"author":{"name":"conversesacatalunya","@id":"https:\/\/conversesacatalunya.cat\/#\/schema\/person\/a7a9496a363cd9847daf7cd659d92e64"},"headline":"El Gobierno presenta un ambicioso plan en mejora de viviendas","datePublished":"2020-06-18T13:28:32+00:00","dateModified":"2020-06-18T13:29:18+00:00","mainEntityOfPage":{"@id":"https:\/\/conversesacatalunya.cat\/es\/el-gobierno-presenta-un-ambicioso-plan-en-mejora-de-viviendas\/"},"wordCount":445,"commentCount":0,"image":{"@id":"https:\/\/conversesacatalunya.cat\/es\/el-gobierno-presenta-un-ambicioso-plan-en-mejora-de-viviendas\/#primaryimage"},"thumbnailUrl":"https:\/\/conversesacatalunya.cat\/wp-content\/uploads\/2020\/06\/Capture-7.png","keywords":["vivienda"],"articleSection":["Punts clau del dia (ES)"],"inLanguage":"es","potentialAction":[{"@type":"CommentAction","name":"Comment","target":["https:\/\/conversesacatalunya.cat\/es\/el-gobierno-presenta-un-ambicioso-plan-en-mejora-de-viviendas\/#respond"]}]},{"@type":"WebPage","@id":"https:\/\/conversesacatalunya.cat\/es\/el-gobierno-presenta-un-ambicioso-plan-en-mejora-de-viviendas\/","url":"https:\/\/conversesacatalunya.cat\/es\/el-gobierno-presenta-un-ambicioso-plan-en-mejora-de-viviendas\/","name":"El Gobierno presenta un ambicioso plan en mejora de viviendas -","isPartOf":{"@id":"https:\/\/conversesacatalunya.cat\/#website"},"primaryImageOfPage":{"@id":"https:\/\/conversesacatalunya.cat\/es\/el-gobierno-presenta-un-ambicioso-plan-en-mejora-de-viviendas\/#primaryimage"},"image":{"@id":"https:\/\/conversesacatalunya.cat\/es\/el-gobierno-presenta-un-ambicioso-plan-en-mejora-de-viviendas\/#primaryimage"},"thumbnailUrl":"https:\/\/conversesacatalunya.cat\/wp-content\/uploads\/2020\/06\/Capture-7.png","datePublished":"2020-06-18T13:28:32+00:00","dateModified":"2020-06-18T13:29:18+00:00","author":{"@id":"https:\/\/conversesacatalunya.cat\/#\/schema\/person\/a7a9496a363cd9847daf7cd659d92e64"},"breadcrumb":{"@id":"https:\/\/conversesacatalunya.cat\/es\/el-gobierno-presenta-un-ambicioso-plan-en-mejora-de-viviendas\/#breadcrumb"},"inLanguage":"es","potentialAction":[{"@type":"ReadAction","target":["https:\/\/conversesacatalunya.cat\/es\/el-gobierno-presenta-un-ambicioso-plan-en-mejora-de-viviendas\/"]}]},{"@type":"ImageObject","inLanguage":"es","@id":"https:\/\/conversesacatalunya.cat\/es\/el-gobierno-presenta-un-ambicioso-plan-en-mejora-de-viviendas\/#primaryimage","url":"https:\/\/conversesacatalunya.cat\/wp-content\/uploads\/2020\/06\/Capture-7.png","contentUrl":"https:\/\/conversesacatalunya.cat\/wp-content\/uploads\/2020\/06\/Capture-7.png","width":782,"height":512,"caption":"Habitatges"},{"@type":"BreadcrumbList","@id":"https:\/\/conversesacatalunya.cat\/es\/el-gobierno-presenta-un-ambicioso-plan-en-mejora-de-viviendas\/#breadcrumb","itemListElement":[{"@type":"ListItem","position":1,"name":"Inici","item":"https:\/\/conversesacatalunya.cat\/es\/"},{"@type":"ListItem","position":2,"name":"El Gobierno presenta un ambicioso plan en mejora de viviendas"}]},{"@type":"WebSite","@id":"https:\/\/conversesacatalunya.cat\/#website","url":"https:\/\/conversesacatalunya.cat\/","name":"Converses a Catalunya","description":"","potentialAction":[{"@type":"SearchAction","target":{"@type":"EntryPoint","urlTemplate":"https:\/\/conversesacatalunya.cat\/?s={search_term_string}"},"query-input":{"@type":"PropertyValueSpecification","valueRequired":true,"valueName":"search_term_string"}}],"inLanguage":"es"},{"@type":"Person","@id":"https:\/\/conversesacatalunya.cat\/#\/schema\/person\/a7a9496a363cd9847daf7cd659d92e64","name":"conversesacatalunya","image":{"@type":"ImageObject","inLanguage":"es","@id":"https:\/\/conversesacatalunya.cat\/#\/schema\/person\/image\/","url":"https:\/\/conversesacatalunya.cat\/wp-content\/litespeed\/avatar\/ff91582b44ff9c880dc9c5ac2f5c7e89.jpg?ver=1777372947","contentUrl":"https:\/\/conversesacatalunya.cat\/wp-content\/litespeed\/avatar\/ff91582b44ff9c880dc9c5ac2f5c7e89.jpg?ver=1777372947","caption":"conversesacatalunya"},"url":"https:\/\/conversesacatalunya.cat\/es\/author\/francisco_garcia\/"}]}},"wps_subtitle":"","_links":{"self":[{"href":"https:\/\/conversesacatalunya.cat\/es\/wp-json\/wp\/v2\/posts\/37536","targetHints":{"allow":["GET"]}}],"collection":[{"href":"https:\/\/conversesacatalunya.cat\/es\/wp-json\/wp\/v2\/posts"}],"about":[{"href":"https:\/\/conversesacatalunya.cat\/es\/wp-json\/wp\/v2\/types\/post"}],"author":[{"embeddable":true,"href":"https:\/\/conversesacatalunya.cat\/es\/wp-json\/wp\/v2\/users\/20"}],"replies":[{"embeddable":true,"href":"https:\/\/conversesacatalunya.cat\/es\/wp-json\/wp\/v2\/comments?post=37536"}],"version-history":[{"count":3,"href":"https:\/\/conversesacatalunya.cat\/es\/wp-json\/wp\/v2\/posts\/37536\/revisions"}],"predecessor-version":[{"id":37542,"href":"https:\/\/conversesacatalunya.cat\/es\/wp-json\/wp\/v2\/posts\/37536\/revisions\/37542"}],"wp:featuredmedia":[{"embeddable":true,"href":"https:\/\/conversesacatalunya.cat\/es\/wp-json\/wp\/v2\/media\/37458"}],"wp:attachment":[{"href":"https:\/\/conversesacatalunya.cat\/es\/wp-json\/wp\/v2\/media?parent=37536"}],"wp:term":[{"taxonomy":"category","embeddable":true,"href":"https:\/\/conversesacatalunya.cat\/es\/wp-json\/wp\/v2\/categories?post=37536"},{"taxonomy":"post_tag","embeddable":true,"href":"https:\/\/conversesacatalunya.cat\/es\/wp-json\/wp\/v2\/tags?post=37536"}],"curies":[{"name":"wp","href":"https:\/\/api.w.org\/{rel}","templated":true}]}}