{"id":37471,"date":"2020-06-17T11:43:26","date_gmt":"2020-06-17T09:43:26","guid":{"rendered":"https:\/\/conversesacatalunya.cat\/collapse-a-la-seguretat-social-a-causa-de-lingres-minim-vital-imv\/"},"modified":"2020-06-17T13:50:49","modified_gmt":"2020-06-17T11:50:49","slug":"collapse-a-la-seguretat-social-a-causa-de-lingres-minim-vital-imv","status":"publish","type":"post","link":"https:\/\/conversesacatalunya.cat\/es\/collapse-a-la-seguretat-social-a-causa-de-lingres-minim-vital-imv\/","title":{"rendered":"Colapso en la Seguridad Social debido al Ingreso M\u00ednimo Vital (IMV)"},"content":{"rendered":"<p>Era un problema anunciado por la forma como se quiere desplegar el IMV. El primer d\u00eda de funcionamiento de esta nueva ayuda tuvo como resultado el colapso de la l\u00ednea telef\u00f3nica habilitada por el Ministerio de Inclusi\u00f3n, Seguridad Social y Migraciones para acceder a la ayuda, que s\u00f3lo <strong>funciona de 9 a 14 h<\/strong>. Tambi\u00e9n afect\u00f3 al funcionamiento de la centralita del Instituto Nacional de la Seguridad Social e incluso en algunos momentos afect\u00f3 al acceso a la p\u00e1gina web.<\/p>\n<p>\u00bfPor qu\u00e9 era de esperar que se produjera el colapso? Pues por el modelo de organizaci\u00f3n que ha dise\u00f1ado el Ministerio, haci\u00e9ndolo <strong>depender directamente de la Seguridad Social<\/strong>, sin participaci\u00f3n de las comunidades aut\u00f3nomas, y contando con los ayuntamientos. Esta disponibilidad municipal, sin embargo, no ha venido acompa\u00f1ada de ning\u00fan acuerdo con ellos y no se ha suscrito el correspondiente convenio con la Federaci\u00f3n Espa\u00f1ola de Municipios y Provincias para gestionar territorialmente esta ayuda. Por lo tanto, a estas alturas, los cientos de miles de personas potencialmente interesadas (el ministro Jos\u00e9 Luis Escriv\u00e1 lo situaba en torno a las 850.000 personas), deben ir directamente a un \u00fanico punto que es el Ministerio. Los ayuntamientos adem\u00e1s plantean un hecho l\u00f3gico: el coste de la nueva gesti\u00f3n, y <strong>piden 200 millones<\/strong> de euros, cuesti\u00f3n que de momento no est\u00e1 resuelta. Una vez m\u00e1s, el gobierno espa\u00f1ol incurre en el vicio hist\u00f3rico de establecer leyes que para su cumplimiento dependen de otras instancias sin tener en cuenta los costes y organizaci\u00f3n de estas. Esta gesti\u00f3n municipal afecta a los <strong>municipios de m\u00e1s de 20.000 habitantes<\/strong>.<\/p>\n<p>Se produce adem\u00e1s un segundo problema, que es el salto de escala. <strong>M\u00e1s de 400 municipios<\/strong> gestionar\u00e1n esta petici\u00f3n directamente en el lugar central, la Seguridad Social, que es quien acabar\u00e1 tomando la decisi\u00f3n. Est\u00e1 por ver que la Seguridad Social tenga capacidad para gestionar toda la fase inicial de estas ayudas, y que no se produzca un atasco y las correspondientes dilaciones, como ya ha sucedido con los ERTE.<\/p>\n<p>De esta situaci\u00f3n quedan exentas el <strong>Pa\u00eds Vasco y Navarra<\/strong> que, una vez m\u00e1s, han obtenido el privilegio de ser las \u00fanicas autonom\u00edas que recibir\u00e1n los recursos del IMV y los gestionar\u00e1n directamente, con lo que significar\u00e1 de ahorro para estas comunidades aut\u00f3nomas y los ayuntamientos, as\u00ed como mayor agilidad en la tramitaci\u00f3n. Jos\u00e9 Lu\u00eds Escriv\u00e1 se ha opuesto siempre a que se generalizara la f\u00f3rmula auton\u00f3mica por considerar que las CCAA no estaban preparadas para llevarlo a cabo.<\/p>\n<p style=\"text-align: center;\">M\u00e1s informaci\u00f3n sobre el coronavirus en <a href=\"https:\/\/conversesacatalunya.cat\/es\/coronavirus\/\" target=\"_blank\" rel=\"noopener noreferrer\"><strong>ESPECIAL CORONAVIRUS<\/strong><\/a><\/p>\n<div id=\"polls-55\" class=\"wp-polls\">\n\t<form id=\"polls_form_55\" class=\"wp-polls-form\" action=\"\/index.php\" method=\"post\">\n\t\t<p style=\"display: none;\"><input type=\"hidden\" id=\"poll_55_nonce\" name=\"wp-polls-nonce\" value=\"f9c6de9c54\" \/><\/p>\n\t\t<p style=\"display: none;\"><input type=\"hidden\" name=\"poll_id\" value=\"55\" \/><\/p>\n\t\t<p style=\"text-align: center\"><strong>La normalitzaci\u00f3 i apertura de fronteres a partir del 21 de juny, creus que generar\u00e0 nous rebrots d'import\u00e0ncia?<\/strong><\/p><div id=\"polls-55-ans\" class=\"wp-polls-ans\"><ul class=\"wp-polls-ul\">\n\t\t<li><input type=\"radio\" id=\"poll-answer-116\" name=\"poll_55\" value=\"116\" \/> <label for=\"poll-answer-116\">Si<\/label><\/li>\n\t\t<li><input type=\"radio\" id=\"poll-answer-117\" name=\"poll_55\" value=\"117\" \/> <label for=\"poll-answer-117\">No<\/label><\/li>\n\t\t<\/ul><p style=\"text-align: center\"><input type=\"button\" name=\"vote\" value=\"   Vota   \" class=\"Buttons\" onclick=\"poll_vote(55);\" \/><\/p><p style=\"text-align: center\"><a href=\"#ViewPollResults\" onclick=\"poll_result(55); return false;\" title=\"View Results Of This Poll\">Mira els resultats<\/a><\/p><\/div>\n\t<\/form>\n<\/div>\n<div id=\"polls-55-loading\" class=\"wp-polls-loading\"><img decoding=\"async\" data-src=\"https:\/\/conversesacatalunya.cat\/wp-content\/plugins\/wp-polls\/images\/loading.gif\" width=\"16\" height=\"16\" alt=\"Cargando ...\" title=\"Cargando ...\" class=\"wp-polls-image lazyload\" src=\"data:image\/svg+xml;base64,PHN2ZyB3aWR0aD0iMSIgaGVpZ2h0PSIxIiB4bWxucz0iaHR0cDovL3d3dy53My5vcmcvMjAwMC9zdmciPjwvc3ZnPg==\" style=\"--smush-placeholder-width: 16px; --smush-placeholder-aspect-ratio: 16\/16;\" \/>&nbsp;Cargando ...<\/div>\n\n","protected":false},"excerpt":{"rendered":"<p>Era un problema anunciado por la forma como se quiere desplegar el IMV. El primer d\u00eda de funcionamiento de esta nueva ayuda tuvo como resultado el colapso de la l\u00ednea telef\u00f3nica habilitada por el Ministerio de Inclusi\u00f3n, Seguridad Social y Migraciones para acceder a la ayuda, que s\u00f3lo funciona de 9 a 14 h. Tambi\u00e9n afect\u00f3 al funcionamiento de la centralita del Instituto Nacional de la Seguridad Social e incluso en algunos momentos afect\u00f3 al acceso a la p\u00e1gina web. \u00bfPor qu\u00e9 era de esperar que se produjera el colapso? Pues por el modelo de organizaci\u00f3n que ha dise\u00f1ado el Ministerio, haci\u00e9ndolo depender directamente de la Seguridad Social, sin participaci\u00f3n de las comunidades aut\u00f3nomas, y contando con los ayuntamientos. Esta disponibilidad municipal, sin embargo, no ha venido acompa\u00f1ada de ning\u00fan acuerdo con ellos y no se ha suscrito el correspondiente convenio con la Federaci\u00f3n Espa\u00f1ola de Municipios y Provincias para gestionar territorialmente esta ayuda. Por lo tanto, a estas alturas, los cientos de miles de personas potencialmente interesadas (el ministro Jos\u00e9 Luis Escriv\u00e1 lo situaba en torno a las 850.000 personas), deben ir directamente a un \u00fanico punto que es el Ministerio. Los ayuntamientos adem\u00e1s plantean un hecho l\u00f3gico: el coste de la nueva gesti\u00f3n, y piden 200 millones de euros, cuesti\u00f3n que de momento no est\u00e1 resuelta. Una vez m\u00e1s, el gobierno espa\u00f1ol incurre en el vicio hist\u00f3rico de establecer leyes que para su cumplimiento dependen de otras instancias sin tener en cuenta los costes y organizaci\u00f3n de estas. Esta gesti\u00f3n municipal afecta a los municipios de m\u00e1s de 20.000 habitantes. Se produce adem\u00e1s un segundo problema, que es el salto de escala. M\u00e1s de 400 municipios gestionar\u00e1n esta petici\u00f3n directamente en el lugar central, la Seguridad Social, que es quien acabar\u00e1 tomando la decisi\u00f3n. Est\u00e1 por ver que la Seguridad Social tenga capacidad para gestionar toda la fase inicial de estas ayudas, y que no se produzca un atasco y las correspondientes dilaciones, como ya ha sucedido con los ERTE. De esta situaci\u00f3n quedan exentas el Pa\u00eds Vasco y Navarra que, una vez m\u00e1s, han obtenido el privilegio de ser las \u00fanicas autonom\u00edas que recibir\u00e1n los recursos del IMV y los gestionar\u00e1n directamente, con lo que significar\u00e1 de ahorro para estas comunidades aut\u00f3nomas y los ayuntamientos, as\u00ed como mayor agilidad en la tramitaci\u00f3n. Jos\u00e9 Lu\u00eds Escriv\u00e1 se ha opuesto siempre a que se generalizara la f\u00f3rmula auton\u00f3mica por considerar que las CCAA no estaban preparadas para llevarlo a cabo. M\u00e1s informaci\u00f3n sobre el coronavirus en ESPECIAL CORONAVIRUS<\/p>\n","protected":false},"author":2,"featured_media":37463,"comment_status":"open","ping_status":"open","sticky":false,"template":"","format":"standard","meta":{"_FSMCFIC_featured_image_caption":"","_FSMCFIC_featured_image_nocaption":"","_FSMCFIC_featured_image_hide":"","footnotes":""},"categories":[1772,806],"tags":[1504,2590],"class_list":["post-37471","post","type-post","status-publish","format-standard","has-post-thumbnail","hentry","category-especial-coronavirus-es","category-punts-claus-del-dia-es","tag-coronavirus-es","tag-ingres-minim-vital-es"],"yoast_head":"<!-- This site is optimized with the Yoast SEO plugin v26.8 - https:\/\/yoast.com\/product\/yoast-seo-wordpress\/ -->\n<title>Colapso en la Seguridad Social debido al Ingreso M\u00ednimo Vital (IMV) - Converses a Catalunya<\/title>\n<meta name=\"robots\" content=\"index, follow, max-snippet:-1, max-image-preview:large, max-video-preview:-1\" \/>\n<link rel=\"canonical\" href=\"https:\/\/conversesacatalunya.cat\/es\/collapse-a-la-seguretat-social-a-causa-de-lingres-minim-vital-imv\/\" \/>\n<meta property=\"og:locale\" content=\"es_ES\" \/>\n<meta property=\"og:type\" content=\"article\" \/>\n<meta property=\"og:title\" content=\"Colapso en la Seguridad Social debido al Ingreso M\u00ednimo Vital (IMV) - Converses a Catalunya\" \/>\n<meta property=\"og:description\" content=\"Era un problema anunciado por la forma como se quiere desplegar el IMV. El primer d\u00eda de funcionamiento de esta nueva ayuda tuvo como resultado el colapso de la l\u00ednea telef\u00f3nica habilitada por el Ministerio de Inclusi\u00f3n, Seguridad Social y Migraciones para acceder a la ayuda, que s\u00f3lo funciona de 9 a 14 h. Tambi\u00e9n afect\u00f3 al funcionamiento de la centralita del Instituto Nacional de la Seguridad Social e incluso en algunos momentos afect\u00f3 al acceso a la p\u00e1gina web. \u00bfPor qu\u00e9 era de esperar que se produjera el colapso? Pues por el modelo de organizaci\u00f3n que ha dise\u00f1ado el Ministerio, haci\u00e9ndolo depender directamente de la Seguridad Social, sin participaci\u00f3n de las comunidades aut\u00f3nomas, y contando con los ayuntamientos. Esta disponibilidad municipal, sin embargo, no ha venido acompa\u00f1ada de ning\u00fan acuerdo con ellos y no se ha suscrito el correspondiente convenio con la Federaci\u00f3n Espa\u00f1ola de Municipios y Provincias para gestionar territorialmente esta ayuda. Por lo tanto, a estas alturas, los cientos de miles de personas potencialmente interesadas (el ministro Jos\u00e9 Luis Escriv\u00e1 lo situaba en torno a las 850.000 personas), deben ir directamente a un \u00fanico punto que es el Ministerio. Los ayuntamientos adem\u00e1s plantean un hecho l\u00f3gico: el coste de la nueva gesti\u00f3n, y piden 200 millones de euros, cuesti\u00f3n que de momento no est\u00e1 resuelta. Una vez m\u00e1s, el gobierno espa\u00f1ol incurre en el vicio hist\u00f3rico de establecer leyes que para su cumplimiento dependen de otras instancias sin tener en cuenta los costes y organizaci\u00f3n de estas. Esta gesti\u00f3n municipal afecta a los municipios de m\u00e1s de 20.000 habitantes. Se produce adem\u00e1s un segundo problema, que es el salto de escala. M\u00e1s de 400 municipios gestionar\u00e1n esta petici\u00f3n directamente en el lugar central, la Seguridad Social, que es quien acabar\u00e1 tomando la decisi\u00f3n. Est\u00e1 por ver que la Seguridad Social tenga capacidad para gestionar toda la fase inicial de estas ayudas, y que no se produzca un atasco y las correspondientes dilaciones, como ya ha sucedido con los ERTE. De esta situaci\u00f3n quedan exentas el Pa\u00eds Vasco y Navarra que, una vez m\u00e1s, han obtenido el privilegio de ser las \u00fanicas autonom\u00edas que recibir\u00e1n los recursos del IMV y los gestionar\u00e1n directamente, con lo que significar\u00e1 de ahorro para estas comunidades aut\u00f3nomas y los ayuntamientos, as\u00ed como mayor agilidad en la tramitaci\u00f3n. Jos\u00e9 Lu\u00eds Escriv\u00e1 se ha opuesto siempre a que se generalizara la f\u00f3rmula auton\u00f3mica por considerar que las CCAA no estaban preparadas para llevarlo a cabo. M\u00e1s informaci\u00f3n sobre el coronavirus en ESPECIAL CORONAVIRUS\" \/>\n<meta property=\"og:url\" content=\"https:\/\/conversesacatalunya.cat\/es\/collapse-a-la-seguretat-social-a-causa-de-lingres-minim-vital-imv\/\" \/>\n<meta property=\"og:site_name\" content=\"Converses a Catalunya\" \/>\n<meta property=\"article:published_time\" content=\"2020-06-17T09:43:26+00:00\" \/>\n<meta property=\"article:modified_time\" content=\"2020-06-17T11:50:49+00:00\" \/>\n<meta property=\"og:image\" content=\"https:\/\/conversesacatalunya.cat\/wp-content\/uploads\/2020\/06\/ingreso-minimo-vital.webp_.jpg\" \/>\n\t<meta property=\"og:image:width\" content=\"1440\" \/>\n\t<meta property=\"og:image:height\" content=\"750\" \/>\n\t<meta property=\"og:image:type\" content=\"image\/jpeg\" \/>\n<meta name=\"author\" content=\"conversesacatalunya\" \/>\n<meta name=\"twitter:card\" content=\"summary_large_image\" \/>\n<meta name=\"twitter:label1\" content=\"Escrito por\" \/>\n\t<meta name=\"twitter:data1\" content=\"conversesacatalunya\" \/>\n\t<meta name=\"twitter:label2\" content=\"Tiempo de lectura\" \/>\n\t<meta name=\"twitter:data2\" content=\"2 minutos\" \/>\n<script type=\"application\/ld+json\" class=\"yoast-schema-graph\">{\"@context\":\"https:\/\/schema.org\",\"@graph\":[{\"@type\":\"Article\",\"@id\":\"https:\/\/conversesacatalunya.cat\/es\/collapse-a-la-seguretat-social-a-causa-de-lingres-minim-vital-imv\/#article\",\"isPartOf\":{\"@id\":\"https:\/\/conversesacatalunya.cat\/es\/collapse-a-la-seguretat-social-a-causa-de-lingres-minim-vital-imv\/\"},\"author\":{\"name\":\"conversesacatalunya\",\"@id\":\"https:\/\/conversesacatalunya.cat\/#\/schema\/person\/7e24d1e54a2785373ddcb275eae5ed99\"},\"headline\":\"Colapso en la Seguridad Social debido al Ingreso M\u00ednimo Vital (IMV)\",\"datePublished\":\"2020-06-17T09:43:26+00:00\",\"dateModified\":\"2020-06-17T11:50:49+00:00\",\"mainEntityOfPage\":{\"@id\":\"https:\/\/conversesacatalunya.cat\/es\/collapse-a-la-seguretat-social-a-causa-de-lingres-minim-vital-imv\/\"},\"wordCount\":471,\"commentCount\":0,\"image\":{\"@id\":\"https:\/\/conversesacatalunya.cat\/es\/collapse-a-la-seguretat-social-a-causa-de-lingres-minim-vital-imv\/#primaryimage\"},\"thumbnailUrl\":\"https:\/\/conversesacatalunya.cat\/wp-content\/uploads\/2020\/06\/ingreso-minimo-vital.webp_.jpg\",\"keywords\":[\"coronavirus\",\"ingr\u00e9s m\u00ednim vital\"],\"articleSection\":[\"Especial Coronavirus (ES)\",\"Punts clau del dia (ES)\"],\"inLanguage\":\"es\",\"potentialAction\":[{\"@type\":\"CommentAction\",\"name\":\"Comment\",\"target\":[\"https:\/\/conversesacatalunya.cat\/es\/collapse-a-la-seguretat-social-a-causa-de-lingres-minim-vital-imv\/#respond\"]}]},{\"@type\":\"WebPage\",\"@id\":\"https:\/\/conversesacatalunya.cat\/es\/collapse-a-la-seguretat-social-a-causa-de-lingres-minim-vital-imv\/\",\"url\":\"https:\/\/conversesacatalunya.cat\/es\/collapse-a-la-seguretat-social-a-causa-de-lingres-minim-vital-imv\/\",\"name\":\"Colapso en la Seguridad Social debido al Ingreso M\u00ednimo Vital (IMV) - Converses a Catalunya\",\"isPartOf\":{\"@id\":\"https:\/\/conversesacatalunya.cat\/#website\"},\"primaryImageOfPage\":{\"@id\":\"https:\/\/conversesacatalunya.cat\/es\/collapse-a-la-seguretat-social-a-causa-de-lingres-minim-vital-imv\/#primaryimage\"},\"image\":{\"@id\":\"https:\/\/conversesacatalunya.cat\/es\/collapse-a-la-seguretat-social-a-causa-de-lingres-minim-vital-imv\/#primaryimage\"},\"thumbnailUrl\":\"https:\/\/conversesacatalunya.cat\/wp-content\/uploads\/2020\/06\/ingreso-minimo-vital.webp_.jpg\",\"datePublished\":\"2020-06-17T09:43:26+00:00\",\"dateModified\":\"2020-06-17T11:50:49+00:00\",\"author\":{\"@id\":\"https:\/\/conversesacatalunya.cat\/#\/schema\/person\/7e24d1e54a2785373ddcb275eae5ed99\"},\"breadcrumb\":{\"@id\":\"https:\/\/conversesacatalunya.cat\/es\/collapse-a-la-seguretat-social-a-causa-de-lingres-minim-vital-imv\/#breadcrumb\"},\"inLanguage\":\"es\",\"potentialAction\":[{\"@type\":\"ReadAction\",\"target\":[\"https:\/\/conversesacatalunya.cat\/es\/collapse-a-la-seguretat-social-a-causa-de-lingres-minim-vital-imv\/\"]}]},{\"@type\":\"ImageObject\",\"inLanguage\":\"es\",\"@id\":\"https:\/\/conversesacatalunya.cat\/es\/collapse-a-la-seguretat-social-a-causa-de-lingres-minim-vital-imv\/#primaryimage\",\"url\":\"https:\/\/conversesacatalunya.cat\/wp-content\/uploads\/2020\/06\/ingreso-minimo-vital.webp_.jpg\",\"contentUrl\":\"https:\/\/conversesacatalunya.cat\/wp-content\/uploads\/2020\/06\/ingreso-minimo-vital.webp_.jpg\",\"width\":1440,\"height\":750,\"caption\":\"IMV\"},{\"@type\":\"BreadcrumbList\",\"@id\":\"https:\/\/conversesacatalunya.cat\/es\/collapse-a-la-seguretat-social-a-causa-de-lingres-minim-vital-imv\/#breadcrumb\",\"itemListElement\":[{\"@type\":\"ListItem\",\"position\":1,\"name\":\"Inici\",\"item\":\"https:\/\/conversesacatalunya.cat\/es\/\"},{\"@type\":\"ListItem\",\"position\":2,\"name\":\"Colapso en la Seguridad Social debido al Ingreso M\u00ednimo Vital (IMV)\"}]},{\"@type\":\"WebSite\",\"@id\":\"https:\/\/conversesacatalunya.cat\/#website\",\"url\":\"https:\/\/conversesacatalunya.cat\/\",\"name\":\"Converses a Catalunya\",\"description\":\"\",\"potentialAction\":[{\"@type\":\"SearchAction\",\"target\":{\"@type\":\"EntryPoint\",\"urlTemplate\":\"https:\/\/conversesacatalunya.cat\/?s={search_term_string}\"},\"query-input\":{\"@type\":\"PropertyValueSpecification\",\"valueRequired\":true,\"valueName\":\"search_term_string\"}}],\"inLanguage\":\"es\"},{\"@type\":\"Person\",\"@id\":\"https:\/\/conversesacatalunya.cat\/#\/schema\/person\/7e24d1e54a2785373ddcb275eae5ed99\",\"name\":\"conversesacatalunya\",\"image\":{\"@type\":\"ImageObject\",\"inLanguage\":\"es\",\"@id\":\"https:\/\/conversesacatalunya.cat\/#\/schema\/person\/image\/\",\"url\":\"https:\/\/conversesacatalunya.cat\/wp-content\/litespeed\/avatar\/febdfeeec89d950f01c748045a981dd2.jpg?ver=1777314535\",\"contentUrl\":\"https:\/\/conversesacatalunya.cat\/wp-content\/litespeed\/avatar\/febdfeeec89d950f01c748045a981dd2.jpg?ver=1777314535\",\"caption\":\"conversesacatalunya\"},\"url\":\"https:\/\/conversesacatalunya.cat\/es\/author\/carme_catala\/\"}]}<\/script>\n<!-- \/ Yoast SEO plugin. -->","yoast_head_json":{"title":"Colapso en la Seguridad Social debido al Ingreso M\u00ednimo Vital (IMV) - Converses a Catalunya","robots":{"index":"index","follow":"follow","max-snippet":"max-snippet:-1","max-image-preview":"max-image-preview:large","max-video-preview":"max-video-preview:-1"},"canonical":"https:\/\/conversesacatalunya.cat\/es\/collapse-a-la-seguretat-social-a-causa-de-lingres-minim-vital-imv\/","og_locale":"es_ES","og_type":"article","og_title":"Colapso en la Seguridad Social debido al Ingreso M\u00ednimo Vital (IMV) - Converses a Catalunya","og_description":"Era un problema anunciado por la forma como se quiere desplegar el IMV. El primer d\u00eda de funcionamiento de esta nueva ayuda tuvo como resultado el colapso de la l\u00ednea telef\u00f3nica habilitada por el Ministerio de Inclusi\u00f3n, Seguridad Social y Migraciones para acceder a la ayuda, que s\u00f3lo funciona de 9 a 14 h. Tambi\u00e9n afect\u00f3 al funcionamiento de la centralita del Instituto Nacional de la Seguridad Social e incluso en algunos momentos afect\u00f3 al acceso a la p\u00e1gina web. \u00bfPor qu\u00e9 era de esperar que se produjera el colapso? Pues por el modelo de organizaci\u00f3n que ha dise\u00f1ado el Ministerio, haci\u00e9ndolo depender directamente de la Seguridad Social, sin participaci\u00f3n de las comunidades aut\u00f3nomas, y contando con los ayuntamientos. Esta disponibilidad municipal, sin embargo, no ha venido acompa\u00f1ada de ning\u00fan acuerdo con ellos y no se ha suscrito el correspondiente convenio con la Federaci\u00f3n Espa\u00f1ola de Municipios y Provincias para gestionar territorialmente esta ayuda. Por lo tanto, a estas alturas, los cientos de miles de personas potencialmente interesadas (el ministro Jos\u00e9 Luis Escriv\u00e1 lo situaba en torno a las 850.000 personas), deben ir directamente a un \u00fanico punto que es el Ministerio. Los ayuntamientos adem\u00e1s plantean un hecho l\u00f3gico: el coste de la nueva gesti\u00f3n, y piden 200 millones de euros, cuesti\u00f3n que de momento no est\u00e1 resuelta. Una vez m\u00e1s, el gobierno espa\u00f1ol incurre en el vicio hist\u00f3rico de establecer leyes que para su cumplimiento dependen de otras instancias sin tener en cuenta los costes y organizaci\u00f3n de estas. Esta gesti\u00f3n municipal afecta a los municipios de m\u00e1s de 20.000 habitantes. Se produce adem\u00e1s un segundo problema, que es el salto de escala. M\u00e1s de 400 municipios gestionar\u00e1n esta petici\u00f3n directamente en el lugar central, la Seguridad Social, que es quien acabar\u00e1 tomando la decisi\u00f3n. Est\u00e1 por ver que la Seguridad Social tenga capacidad para gestionar toda la fase inicial de estas ayudas, y que no se produzca un atasco y las correspondientes dilaciones, como ya ha sucedido con los ERTE. De esta situaci\u00f3n quedan exentas el Pa\u00eds Vasco y Navarra que, una vez m\u00e1s, han obtenido el privilegio de ser las \u00fanicas autonom\u00edas que recibir\u00e1n los recursos del IMV y los gestionar\u00e1n directamente, con lo que significar\u00e1 de ahorro para estas comunidades aut\u00f3nomas y los ayuntamientos, as\u00ed como mayor agilidad en la tramitaci\u00f3n. Jos\u00e9 Lu\u00eds Escriv\u00e1 se ha opuesto siempre a que se generalizara la f\u00f3rmula auton\u00f3mica por considerar que las CCAA no estaban preparadas para llevarlo a cabo. M\u00e1s informaci\u00f3n sobre el coronavirus en ESPECIAL CORONAVIRUS","og_url":"https:\/\/conversesacatalunya.cat\/es\/collapse-a-la-seguretat-social-a-causa-de-lingres-minim-vital-imv\/","og_site_name":"Converses a Catalunya","article_published_time":"2020-06-17T09:43:26+00:00","article_modified_time":"2020-06-17T11:50:49+00:00","og_image":[{"width":1440,"height":750,"url":"https:\/\/conversesacatalunya.cat\/wp-content\/uploads\/2020\/06\/ingreso-minimo-vital.webp_.jpg","type":"image\/jpeg"}],"author":"conversesacatalunya","twitter_card":"summary_large_image","twitter_misc":{"Escrito por":"conversesacatalunya","Tiempo de lectura":"2 minutos"},"schema":{"@context":"https:\/\/schema.org","@graph":[{"@type":"Article","@id":"https:\/\/conversesacatalunya.cat\/es\/collapse-a-la-seguretat-social-a-causa-de-lingres-minim-vital-imv\/#article","isPartOf":{"@id":"https:\/\/conversesacatalunya.cat\/es\/collapse-a-la-seguretat-social-a-causa-de-lingres-minim-vital-imv\/"},"author":{"name":"conversesacatalunya","@id":"https:\/\/conversesacatalunya.cat\/#\/schema\/person\/7e24d1e54a2785373ddcb275eae5ed99"},"headline":"Colapso en la Seguridad Social debido al Ingreso M\u00ednimo Vital (IMV)","datePublished":"2020-06-17T09:43:26+00:00","dateModified":"2020-06-17T11:50:49+00:00","mainEntityOfPage":{"@id":"https:\/\/conversesacatalunya.cat\/es\/collapse-a-la-seguretat-social-a-causa-de-lingres-minim-vital-imv\/"},"wordCount":471,"commentCount":0,"image":{"@id":"https:\/\/conversesacatalunya.cat\/es\/collapse-a-la-seguretat-social-a-causa-de-lingres-minim-vital-imv\/#primaryimage"},"thumbnailUrl":"https:\/\/conversesacatalunya.cat\/wp-content\/uploads\/2020\/06\/ingreso-minimo-vital.webp_.jpg","keywords":["coronavirus","ingr\u00e9s m\u00ednim vital"],"articleSection":["Especial Coronavirus (ES)","Punts clau del dia (ES)"],"inLanguage":"es","potentialAction":[{"@type":"CommentAction","name":"Comment","target":["https:\/\/conversesacatalunya.cat\/es\/collapse-a-la-seguretat-social-a-causa-de-lingres-minim-vital-imv\/#respond"]}]},{"@type":"WebPage","@id":"https:\/\/conversesacatalunya.cat\/es\/collapse-a-la-seguretat-social-a-causa-de-lingres-minim-vital-imv\/","url":"https:\/\/conversesacatalunya.cat\/es\/collapse-a-la-seguretat-social-a-causa-de-lingres-minim-vital-imv\/","name":"Colapso en la Seguridad Social debido al Ingreso M\u00ednimo Vital (IMV) - Converses a Catalunya","isPartOf":{"@id":"https:\/\/conversesacatalunya.cat\/#website"},"primaryImageOfPage":{"@id":"https:\/\/conversesacatalunya.cat\/es\/collapse-a-la-seguretat-social-a-causa-de-lingres-minim-vital-imv\/#primaryimage"},"image":{"@id":"https:\/\/conversesacatalunya.cat\/es\/collapse-a-la-seguretat-social-a-causa-de-lingres-minim-vital-imv\/#primaryimage"},"thumbnailUrl":"https:\/\/conversesacatalunya.cat\/wp-content\/uploads\/2020\/06\/ingreso-minimo-vital.webp_.jpg","datePublished":"2020-06-17T09:43:26+00:00","dateModified":"2020-06-17T11:50:49+00:00","author":{"@id":"https:\/\/conversesacatalunya.cat\/#\/schema\/person\/7e24d1e54a2785373ddcb275eae5ed99"},"breadcrumb":{"@id":"https:\/\/conversesacatalunya.cat\/es\/collapse-a-la-seguretat-social-a-causa-de-lingres-minim-vital-imv\/#breadcrumb"},"inLanguage":"es","potentialAction":[{"@type":"ReadAction","target":["https:\/\/conversesacatalunya.cat\/es\/collapse-a-la-seguretat-social-a-causa-de-lingres-minim-vital-imv\/"]}]},{"@type":"ImageObject","inLanguage":"es","@id":"https:\/\/conversesacatalunya.cat\/es\/collapse-a-la-seguretat-social-a-causa-de-lingres-minim-vital-imv\/#primaryimage","url":"https:\/\/conversesacatalunya.cat\/wp-content\/uploads\/2020\/06\/ingreso-minimo-vital.webp_.jpg","contentUrl":"https:\/\/conversesacatalunya.cat\/wp-content\/uploads\/2020\/06\/ingreso-minimo-vital.webp_.jpg","width":1440,"height":750,"caption":"IMV"},{"@type":"BreadcrumbList","@id":"https:\/\/conversesacatalunya.cat\/es\/collapse-a-la-seguretat-social-a-causa-de-lingres-minim-vital-imv\/#breadcrumb","itemListElement":[{"@type":"ListItem","position":1,"name":"Inici","item":"https:\/\/conversesacatalunya.cat\/es\/"},{"@type":"ListItem","position":2,"name":"Colapso en la Seguridad Social debido al Ingreso M\u00ednimo Vital (IMV)"}]},{"@type":"WebSite","@id":"https:\/\/conversesacatalunya.cat\/#website","url":"https:\/\/conversesacatalunya.cat\/","name":"Converses a Catalunya","description":"","potentialAction":[{"@type":"SearchAction","target":{"@type":"EntryPoint","urlTemplate":"https:\/\/conversesacatalunya.cat\/?s={search_term_string}"},"query-input":{"@type":"PropertyValueSpecification","valueRequired":true,"valueName":"search_term_string"}}],"inLanguage":"es"},{"@type":"Person","@id":"https:\/\/conversesacatalunya.cat\/#\/schema\/person\/7e24d1e54a2785373ddcb275eae5ed99","name":"conversesacatalunya","image":{"@type":"ImageObject","inLanguage":"es","@id":"https:\/\/conversesacatalunya.cat\/#\/schema\/person\/image\/","url":"https:\/\/conversesacatalunya.cat\/wp-content\/litespeed\/avatar\/febdfeeec89d950f01c748045a981dd2.jpg?ver=1777314535","contentUrl":"https:\/\/conversesacatalunya.cat\/wp-content\/litespeed\/avatar\/febdfeeec89d950f01c748045a981dd2.jpg?ver=1777314535","caption":"conversesacatalunya"},"url":"https:\/\/conversesacatalunya.cat\/es\/author\/carme_catala\/"}]}},"wps_subtitle":"","_links":{"self":[{"href":"https:\/\/conversesacatalunya.cat\/es\/wp-json\/wp\/v2\/posts\/37471","targetHints":{"allow":["GET"]}}],"collection":[{"href":"https:\/\/conversesacatalunya.cat\/es\/wp-json\/wp\/v2\/posts"}],"about":[{"href":"https:\/\/conversesacatalunya.cat\/es\/wp-json\/wp\/v2\/types\/post"}],"author":[{"embeddable":true,"href":"https:\/\/conversesacatalunya.cat\/es\/wp-json\/wp\/v2\/users\/2"}],"replies":[{"embeddable":true,"href":"https:\/\/conversesacatalunya.cat\/es\/wp-json\/wp\/v2\/comments?post=37471"}],"version-history":[{"count":2,"href":"https:\/\/conversesacatalunya.cat\/es\/wp-json\/wp\/v2\/posts\/37471\/revisions"}],"predecessor-version":[{"id":37473,"href":"https:\/\/conversesacatalunya.cat\/es\/wp-json\/wp\/v2\/posts\/37471\/revisions\/37473"}],"wp:featuredmedia":[{"embeddable":true,"href":"https:\/\/conversesacatalunya.cat\/es\/wp-json\/wp\/v2\/media\/37463"}],"wp:attachment":[{"href":"https:\/\/conversesacatalunya.cat\/es\/wp-json\/wp\/v2\/media?parent=37471"}],"wp:term":[{"taxonomy":"category","embeddable":true,"href":"https:\/\/conversesacatalunya.cat\/es\/wp-json\/wp\/v2\/categories?post=37471"},{"taxonomy":"post_tag","embeddable":true,"href":"https:\/\/conversesacatalunya.cat\/es\/wp-json\/wp\/v2\/tags?post=37471"}],"curies":[{"name":"wp","href":"https:\/\/api.w.org\/{rel}","templated":true}]}}