{"id":37386,"date":"2020-06-16T11:09:07","date_gmt":"2020-06-16T09:09:07","guid":{"rendered":"https:\/\/conversesacatalunya.cat\/?p=37386"},"modified":"2020-06-16T11:09:07","modified_gmt":"2020-06-16T09:09:07","slug":"a-partir-del-21-de-junio-entramos-en-una-dimension-desconocida","status":"publish","type":"post","link":"https:\/\/conversesacatalunya.cat\/es\/a-partir-del-21-de-junio-entramos-en-una-dimension-desconocida\/","title":{"rendered":"A partir del 21 de junio entramos en una dimensi\u00f3n desconocida"},"content":{"rendered":"<p>Al final, el gobierno S\u00e1nchez ha vuelto a modificar de improviso sus propias previsiones al decidir que el fin del estado de alarma coincidir\u00e1 con la apertura de fronteras con la Uni\u00f3n Europea <strong>y ser\u00e1 el 21 de junio<\/strong> en lugar del 1 de julio. Habremos pasado as\u00ed en poco tiempo de decretar una cuarentena muy tard\u00eda para los visitantes a entrar en la carrera por el turismo, que a pesar de su importancia para Espa\u00f1a, <strong>14% del PIB<\/strong>, ocupaba un lugar secundario en las prioridades del gobierno.\u00a0 De esta manera, en pocos d\u00edas el doctor Sim\u00f3n, siempre tan equivocado en sus predicciones, habr\u00e1 pasado de anunciar que lo que ahora le importaba eran los casos importados, a la apertura de fronteras. <strong>La pol\u00edtica espa\u00f1ola con la Covid-19 lo es todo menos previsible<\/strong>.<\/p>\n<p>Poco antes de San Juan los europeos de la Uni\u00f3n podr\u00e1n visitar Espa\u00f1a, y se circular\u00e1 libremente por su interior. En algunos territorios la verbena de San Juan propiciar\u00e1 las aglomeraciones. \u00bfQu\u00e9 va a suceder ahora? Hay que decir que la idea de que el coronavirus ha perdido eficacia no parece suficientemente soportada por razones cient\u00edficas. Es m\u00e1s, resulta que las personas que presentan s\u00edntomas no especialmente graves acuden a los hospitales y son atendidos, cosa que no suced\u00eda antes en el fulgor de la crisis, y por consiguiente su carga viral es menor y las posibilidades de intervenir son mucho m\u00e1s r\u00e1pidas. Estos dos factores juegan a favor de disminuir la gravedad de la afectaci\u00f3n.<\/p>\n<p>Y todo ello nos conduce ahora a dos cuestiones clave que determinar\u00e1n si ahora o en el futuro podemos convivir en condiciones de razonable seguridad con la SARS-Covid-2 o por el contrario sufriremos asaltos que provocar\u00e1n espasmos en el cuerpo social y en la econom\u00eda.<\/p>\n<span class='bctt-click-to-tweet'><span class='bctt-ctt-text'><a href='https:\/\/twitter.com\/intent\/tweet?url=https%3A%2F%2Fconversesacatalunya.cat%2Fes%2Fa-partir-del-21-de-junio-entramos-en-una-dimension-desconocida%2F&#038;text=La%20pol%C3%ADtica%20espa%C3%B1ola%20con%20la%20Covid-19%20lo%20es%20todo%20menos%20previsible.&#038;via=conversesacat&#038;related=conversesacat' target='_blank'rel=\"noopener noreferrer\">La pol\u00edtica espa\u00f1ola con la Covid-19 lo es todo menos previsible. <\/a><\/span><a href='https:\/\/twitter.com\/intent\/tweet?url=https%3A%2F%2Fconversesacatalunya.cat%2Fes%2Fa-partir-del-21-de-junio-entramos-en-una-dimension-desconocida%2F&#038;text=La%20pol%C3%ADtica%20espa%C3%B1ola%20con%20la%20Covid-19%20lo%20es%20todo%20menos%20previsible.&#038;via=conversesacat&#038;related=conversesacat' target='_blank' class='bctt-ctt-btn'rel=\"noopener noreferrer\">Compartir en X<\/a><\/span>\n<p>Se trata de la <strong>detecci\u00f3n r\u00e1pida<\/strong> de posibles enfermos y <strong>la intervenci\u00f3n inmediata en<\/strong> una fase temprana de la infecci\u00f3n. Estos dos factores son decisivos porque significa atajar m\u00e1s pronto la cadena de contagios, algo decisivo para evitar que el foco se propague, y tambi\u00e9n que la infecci\u00f3n ser\u00e1 de mucha menor gravedad. Se sabe que una carga v\u00edrica elevada significa mucho mayor riesgo de complicaciones, y que esta situaci\u00f3n se encuentra entre <strong>las 10.000 y 100.000.000 <\/strong>de copias del virus por mil\u00edmetro. <strong>A m\u00e1s carga, m\u00e1s presunta gravedad<\/strong>. Tambi\u00e9n es conocido que la reproducci\u00f3n de copias que produce la propia c\u00e9lula infectada es un proceso acumulativo, a m\u00e1s tiempo m\u00e1s carga, hasta alcanzar un m\u00e1ximo, y que en este proceso la mayor carga se da al inicio con s\u00edntomas no necesariamente muy potentes. La forma de detectar no solo el contagio, sino la carga viral, es mediante los famosos diagn\u00f3sticos PCR.<\/p>\n<p>En resumen, disponer de una gran capacidad de PCR para detectar asintom\u00e1ticos, y aplicarlos a toda consulta hospitalaria o ambulatoria, todav\u00eda es mejor, y disponer del resultado con rapidez. A partir de ah\u00ed tratar al enfermo desde el inicio, aislarlo e identificar la cadena de contagio, no solo reducir\u00eda que surjan sorpresas peligrosas, sino que reducir\u00eda la gravedad de la enfermedad.<\/p>\n<p>\u00bf<strong>Est\u00e1 preparado el sistema sanitario espa\u00f1ol<\/strong>, con todas las variables auton\u00f3micas que se quieran? La respuesta es que a pesar del tiempo transcurrido no lo est\u00e1, ni tan siquiera est\u00e1 claro que todas las autonom\u00edas adopten esta estrategia, y m\u00e1s bien se limiten a perseguir los focos cuando estos ya se han declarado. Es el equivalente a combatir el incendio forestal cuando este ya ha devorado cientos de hect\u00e1reas, en lugar de practicar una detecci\u00f3n temprana.<\/p>\n<p>Lo dicho, a partir del 21 entramos en una dimensi\u00f3n desconocida. No est\u00e1 nada claro que el gobierno haya aprendido de sus errores.<\/p>\n<p style=\"text-align: center;\">M\u00e1s informaci\u00f3n sobre el coronavirus en <strong><a href=\"https:\/\/conversesacatalunya.cat\/es\/coronavirus\/\" target=\"_blank\" rel=\"noopener noreferrer\">ESPECIAL CORONAVIRUS<\/a><\/strong><\/p>\n<div id=\"polls-55\" class=\"wp-polls\">\n\t<form id=\"polls_form_55\" class=\"wp-polls-form\" action=\"\/index.php\" method=\"post\">\n\t\t<p style=\"display: none;\"><input type=\"hidden\" id=\"poll_55_nonce\" name=\"wp-polls-nonce\" value=\"7a077a455e\" \/><\/p>\n\t\t<p style=\"display: none;\"><input type=\"hidden\" name=\"poll_id\" value=\"55\" \/><\/p>\n\t\t<p style=\"text-align: center\"><strong>La normalitzaci\u00f3 i apertura de fronteres a partir del 21 de juny, creus que generar\u00e0 nous rebrots d'import\u00e0ncia?<\/strong><\/p><div id=\"polls-55-ans\" class=\"wp-polls-ans\"><ul class=\"wp-polls-ul\">\n\t\t<li><input type=\"radio\" id=\"poll-answer-116\" name=\"poll_55\" value=\"116\" \/> <label for=\"poll-answer-116\">Si<\/label><\/li>\n\t\t<li><input type=\"radio\" id=\"poll-answer-117\" name=\"poll_55\" value=\"117\" \/> <label for=\"poll-answer-117\">No<\/label><\/li>\n\t\t<\/ul><p style=\"text-align: center\"><input type=\"button\" name=\"vote\" value=\"   Vota   \" class=\"Buttons\" onclick=\"poll_vote(55);\" \/><\/p><p style=\"text-align: center\"><a href=\"#ViewPollResults\" onclick=\"poll_result(55); return false;\" title=\"View Results Of This Poll\">Mira els resultats<\/a><\/p><\/div>\n\t<\/form>\n<\/div>\n<div id=\"polls-55-loading\" class=\"wp-polls-loading\"><img decoding=\"async\" data-src=\"https:\/\/conversesacatalunya.cat\/wp-content\/plugins\/wp-polls\/images\/loading.gif\" width=\"16\" height=\"16\" alt=\"Cargando ...\" title=\"Cargando ...\" class=\"wp-polls-image lazyload\" src=\"data:image\/svg+xml;base64,PHN2ZyB3aWR0aD0iMSIgaGVpZ2h0PSIxIiB4bWxucz0iaHR0cDovL3d3dy53My5vcmcvMjAwMC9zdmciPjwvc3ZnPg==\" style=\"--smush-placeholder-width: 16px; --smush-placeholder-aspect-ratio: 16\/16;\" \/>&nbsp;Cargando ...<\/div>\n\n","protected":false},"excerpt":{"rendered":"<p>Al final, el gobierno S\u00e1nchez ha vuelto a modificar de improviso sus propias previsiones al decidir que el fin del estado de alarma coincidir\u00e1 con la apertura de fronteras con la Uni\u00f3n Europea y ser\u00e1 el 21 de junio en lugar del 1 de julio. Habremos pasado as\u00ed en poco tiempo de decretar una cuarentena muy tard\u00eda para los visitantes a entrar en la carrera por el turismo, que a pesar de su importancia para Espa\u00f1a, 14% del PIB, ocupaba un lugar secundario en las prioridades del gobierno.\u00a0 De esta manera, en pocos d\u00edas el doctor Sim\u00f3n, siempre tan equivocado en sus predicciones, habr\u00e1 pasado de anunciar que lo que ahora le importaba eran los casos importados, a la apertura de fronteras. La pol\u00edtica espa\u00f1ola con la Covid-19 lo es todo menos previsible. Poco antes de San Juan los europeos de la Uni\u00f3n podr\u00e1n visitar Espa\u00f1a, y se circular\u00e1 libremente por su interior. En algunos territorios la verbena de San Juan propiciar\u00e1 las aglomeraciones. \u00bfQu\u00e9 va a suceder ahora? Hay que decir que la idea de que el coronavirus ha perdido eficacia no parece suficientemente soportada por razones cient\u00edficas. Es m\u00e1s, resulta que las personas que presentan s\u00edntomas no especialmente graves acuden a los hospitales y son atendidos, cosa que no suced\u00eda antes en el fulgor de la crisis, y por consiguiente su carga viral es menor y las posibilidades de intervenir son mucho m\u00e1s r\u00e1pidas. Estos dos factores juegan a favor de disminuir la gravedad de la afectaci\u00f3n. Y todo ello nos conduce ahora a dos cuestiones clave que determinar\u00e1n si ahora o en el futuro podemos convivir en condiciones de razonable seguridad con la SARS-Covid-2 o por el contrario sufriremos asaltos que provocar\u00e1n espasmos en el cuerpo social y en la econom\u00eda. Se trata de la detecci\u00f3n r\u00e1pida de posibles enfermos y la intervenci\u00f3n inmediata en una fase temprana de la infecci\u00f3n. Estos dos factores son decisivos porque significa atajar m\u00e1s pronto la cadena de contagios, algo decisivo para evitar que el foco se propague, y tambi\u00e9n que la infecci\u00f3n ser\u00e1 de mucha menor gravedad. Se sabe que una carga v\u00edrica elevada significa mucho mayor riesgo de complicaciones, y que esta situaci\u00f3n se encuentra entre las 10.000 y 100.000.000 de copias del virus por mil\u00edmetro. A m\u00e1s carga, m\u00e1s presunta gravedad. Tambi\u00e9n es conocido que la reproducci\u00f3n de copias que produce la propia c\u00e9lula infectada es un proceso acumulativo, a m\u00e1s tiempo m\u00e1s carga, hasta alcanzar un m\u00e1ximo, y que en este proceso la mayor carga se da al inicio con s\u00edntomas no necesariamente muy potentes. La forma de detectar no solo el contagio, sino la carga viral, es mediante los famosos diagn\u00f3sticos PCR. En resumen, disponer de una gran capacidad de PCR para detectar asintom\u00e1ticos, y aplicarlos a toda consulta hospitalaria o ambulatoria, todav\u00eda es mejor, y disponer del resultado con rapidez. A partir de ah\u00ed tratar al enfermo desde el inicio, aislarlo e identificar la cadena de contagio, no solo reducir\u00eda que surjan sorpresas peligrosas, sino que reducir\u00eda la gravedad de la enfermedad. \u00bfEst\u00e1 preparado el sistema sanitario espa\u00f1ol, con todas las variables auton\u00f3micas que se quieran? La respuesta es que a pesar del tiempo transcurrido no lo est\u00e1, ni tan siquiera est\u00e1 claro que todas las autonom\u00edas adopten esta estrategia, y m\u00e1s bien se limiten a perseguir los focos cuando estos ya se han declarado. Es el equivalente a combatir el incendio forestal cuando este ya ha devorado cientos de hect\u00e1reas, en lugar de practicar una detecci\u00f3n temprana. Lo dicho, a partir del 21 entramos en una dimensi\u00f3n desconocida. No est\u00e1 nada claro que el gobierno haya aprendido de sus errores. M\u00e1s informaci\u00f3n sobre el coronavirus en ESPECIAL CORONAVIRUS<\/p>\n","protected":false},"author":2,"featured_media":37387,"comment_status":"open","ping_status":"open","sticky":false,"template":"","format":"standard","meta":{"_FSMCFIC_featured_image_caption":"","_FSMCFIC_featured_image_nocaption":"","_FSMCFIC_featured_image_hide":"","footnotes":""},"categories":[1772,806],"tags":[1504,1901],"class_list":["post-37386","post","type-post","status-publish","format-standard","has-post-thumbnail","hentry","category-especial-coronavirus-es","category-punts-claus-del-dia-es","tag-coronavirus-es","tag-estado-de-alarma"],"yoast_head":"<!-- This site is optimized with the Yoast SEO plugin v26.8 - https:\/\/yoast.com\/product\/yoast-seo-wordpress\/ -->\n<title>A partir del 21 de junio entramos en una dimensi\u00f3n desconocida - Converses a Catalunya<\/title>\n<meta name=\"robots\" content=\"index, follow, max-snippet:-1, max-image-preview:large, max-video-preview:-1\" \/>\n<link rel=\"canonical\" href=\"https:\/\/conversesacatalunya.cat\/es\/a-partir-del-21-de-junio-entramos-en-una-dimension-desconocida\/\" \/>\n<meta property=\"og:locale\" content=\"es_ES\" \/>\n<meta property=\"og:type\" content=\"article\" \/>\n<meta property=\"og:title\" content=\"A partir del 21 de junio entramos en una dimensi\u00f3n desconocida - Converses a Catalunya\" \/>\n<meta property=\"og:description\" content=\"Al final, el gobierno S\u00e1nchez ha vuelto a modificar de improviso sus propias previsiones al decidir que el fin del estado de alarma coincidir\u00e1 con la apertura de fronteras con la Uni\u00f3n Europea y ser\u00e1 el 21 de junio en lugar del 1 de julio. Habremos pasado as\u00ed en poco tiempo de decretar una cuarentena muy tard\u00eda para los visitantes a entrar en la carrera por el turismo, que a pesar de su importancia para Espa\u00f1a, 14% del PIB, ocupaba un lugar secundario en las prioridades del gobierno.\u00a0 De esta manera, en pocos d\u00edas el doctor Sim\u00f3n, siempre tan equivocado en sus predicciones, habr\u00e1 pasado de anunciar que lo que ahora le importaba eran los casos importados, a la apertura de fronteras. La pol\u00edtica espa\u00f1ola con la Covid-19 lo es todo menos previsible. Poco antes de San Juan los europeos de la Uni\u00f3n podr\u00e1n visitar Espa\u00f1a, y se circular\u00e1 libremente por su interior. En algunos territorios la verbena de San Juan propiciar\u00e1 las aglomeraciones. \u00bfQu\u00e9 va a suceder ahora? Hay que decir que la idea de que el coronavirus ha perdido eficacia no parece suficientemente soportada por razones cient\u00edficas. Es m\u00e1s, resulta que las personas que presentan s\u00edntomas no especialmente graves acuden a los hospitales y son atendidos, cosa que no suced\u00eda antes en el fulgor de la crisis, y por consiguiente su carga viral es menor y las posibilidades de intervenir son mucho m\u00e1s r\u00e1pidas. Estos dos factores juegan a favor de disminuir la gravedad de la afectaci\u00f3n. Y todo ello nos conduce ahora a dos cuestiones clave que determinar\u00e1n si ahora o en el futuro podemos convivir en condiciones de razonable seguridad con la SARS-Covid-2 o por el contrario sufriremos asaltos que provocar\u00e1n espasmos en el cuerpo social y en la econom\u00eda. Se trata de la detecci\u00f3n r\u00e1pida de posibles enfermos y la intervenci\u00f3n inmediata en una fase temprana de la infecci\u00f3n. Estos dos factores son decisivos porque significa atajar m\u00e1s pronto la cadena de contagios, algo decisivo para evitar que el foco se propague, y tambi\u00e9n que la infecci\u00f3n ser\u00e1 de mucha menor gravedad. Se sabe que una carga v\u00edrica elevada significa mucho mayor riesgo de complicaciones, y que esta situaci\u00f3n se encuentra entre las 10.000 y 100.000.000 de copias del virus por mil\u00edmetro. A m\u00e1s carga, m\u00e1s presunta gravedad. Tambi\u00e9n es conocido que la reproducci\u00f3n de copias que produce la propia c\u00e9lula infectada es un proceso acumulativo, a m\u00e1s tiempo m\u00e1s carga, hasta alcanzar un m\u00e1ximo, y que en este proceso la mayor carga se da al inicio con s\u00edntomas no necesariamente muy potentes. La forma de detectar no solo el contagio, sino la carga viral, es mediante los famosos diagn\u00f3sticos PCR. En resumen, disponer de una gran capacidad de PCR para detectar asintom\u00e1ticos, y aplicarlos a toda consulta hospitalaria o ambulatoria, todav\u00eda es mejor, y disponer del resultado con rapidez. A partir de ah\u00ed tratar al enfermo desde el inicio, aislarlo e identificar la cadena de contagio, no solo reducir\u00eda que surjan sorpresas peligrosas, sino que reducir\u00eda la gravedad de la enfermedad. \u00bfEst\u00e1 preparado el sistema sanitario espa\u00f1ol, con todas las variables auton\u00f3micas que se quieran? La respuesta es que a pesar del tiempo transcurrido no lo est\u00e1, ni tan siquiera est\u00e1 claro que todas las autonom\u00edas adopten esta estrategia, y m\u00e1s bien se limiten a perseguir los focos cuando estos ya se han declarado. Es el equivalente a combatir el incendio forestal cuando este ya ha devorado cientos de hect\u00e1reas, en lugar de practicar una detecci\u00f3n temprana. Lo dicho, a partir del 21 entramos en una dimensi\u00f3n desconocida. No est\u00e1 nada claro que el gobierno haya aprendido de sus errores. M\u00e1s informaci\u00f3n sobre el coronavirus en ESPECIAL CORONAVIRUS\" \/>\n<meta property=\"og:url\" content=\"https:\/\/conversesacatalunya.cat\/es\/a-partir-del-21-de-junio-entramos-en-una-dimension-desconocida\/\" \/>\n<meta property=\"og:site_name\" content=\"Converses a Catalunya\" \/>\n<meta property=\"article:published_time\" content=\"2020-06-16T09:09:07+00:00\" \/>\n<meta property=\"og:image\" content=\"https:\/\/conversesacatalunya.cat\/wp-content\/uploads\/2020\/06\/turismo-coronavirus.jpg\" \/>\n\t<meta property=\"og:image:width\" content=\"460\" \/>\n\t<meta property=\"og:image:height\" content=\"259\" \/>\n\t<meta property=\"og:image:type\" content=\"image\/jpeg\" \/>\n<meta name=\"author\" content=\"conversesacatalunya\" \/>\n<meta name=\"twitter:card\" content=\"summary_large_image\" \/>\n<meta name=\"twitter:label1\" content=\"Escrito por\" \/>\n\t<meta name=\"twitter:data1\" content=\"conversesacatalunya\" \/>\n\t<meta name=\"twitter:label2\" content=\"Tiempo de lectura\" \/>\n\t<meta name=\"twitter:data2\" content=\"3 minutos\" \/>\n<script type=\"application\/ld+json\" class=\"yoast-schema-graph\">{\"@context\":\"https:\/\/schema.org\",\"@graph\":[{\"@type\":\"Article\",\"@id\":\"https:\/\/conversesacatalunya.cat\/es\/a-partir-del-21-de-junio-entramos-en-una-dimension-desconocida\/#article\",\"isPartOf\":{\"@id\":\"https:\/\/conversesacatalunya.cat\/es\/a-partir-del-21-de-junio-entramos-en-una-dimension-desconocida\/\"},\"author\":{\"name\":\"conversesacatalunya\",\"@id\":\"https:\/\/conversesacatalunya.cat\/#\/schema\/person\/7e24d1e54a2785373ddcb275eae5ed99\"},\"headline\":\"A partir del 21 de junio entramos en una dimensi\u00f3n desconocida\",\"datePublished\":\"2020-06-16T09:09:07+00:00\",\"mainEntityOfPage\":{\"@id\":\"https:\/\/conversesacatalunya.cat\/es\/a-partir-del-21-de-junio-entramos-en-una-dimension-desconocida\/\"},\"wordCount\":692,\"commentCount\":0,\"image\":{\"@id\":\"https:\/\/conversesacatalunya.cat\/es\/a-partir-del-21-de-junio-entramos-en-una-dimension-desconocida\/#primaryimage\"},\"thumbnailUrl\":\"https:\/\/conversesacatalunya.cat\/wp-content\/uploads\/2020\/06\/turismo-coronavirus.jpg\",\"keywords\":[\"coronavirus\",\"Estado de Alarma\"],\"articleSection\":[\"Especial Coronavirus (ES)\",\"Punts clau del dia (ES)\"],\"inLanguage\":\"es\",\"potentialAction\":[{\"@type\":\"CommentAction\",\"name\":\"Comment\",\"target\":[\"https:\/\/conversesacatalunya.cat\/es\/a-partir-del-21-de-junio-entramos-en-una-dimension-desconocida\/#respond\"]}]},{\"@type\":\"WebPage\",\"@id\":\"https:\/\/conversesacatalunya.cat\/es\/a-partir-del-21-de-junio-entramos-en-una-dimension-desconocida\/\",\"url\":\"https:\/\/conversesacatalunya.cat\/es\/a-partir-del-21-de-junio-entramos-en-una-dimension-desconocida\/\",\"name\":\"A partir del 21 de junio entramos en una dimensi\u00f3n desconocida - Converses a Catalunya\",\"isPartOf\":{\"@id\":\"https:\/\/conversesacatalunya.cat\/#website\"},\"primaryImageOfPage\":{\"@id\":\"https:\/\/conversesacatalunya.cat\/es\/a-partir-del-21-de-junio-entramos-en-una-dimension-desconocida\/#primaryimage\"},\"image\":{\"@id\":\"https:\/\/conversesacatalunya.cat\/es\/a-partir-del-21-de-junio-entramos-en-una-dimension-desconocida\/#primaryimage\"},\"thumbnailUrl\":\"https:\/\/conversesacatalunya.cat\/wp-content\/uploads\/2020\/06\/turismo-coronavirus.jpg\",\"datePublished\":\"2020-06-16T09:09:07+00:00\",\"author\":{\"@id\":\"https:\/\/conversesacatalunya.cat\/#\/schema\/person\/7e24d1e54a2785373ddcb275eae5ed99\"},\"breadcrumb\":{\"@id\":\"https:\/\/conversesacatalunya.cat\/es\/a-partir-del-21-de-junio-entramos-en-una-dimension-desconocida\/#breadcrumb\"},\"inLanguage\":\"es\",\"potentialAction\":[{\"@type\":\"ReadAction\",\"target\":[\"https:\/\/conversesacatalunya.cat\/es\/a-partir-del-21-de-junio-entramos-en-una-dimension-desconocida\/\"]}]},{\"@type\":\"ImageObject\",\"inLanguage\":\"es\",\"@id\":\"https:\/\/conversesacatalunya.cat\/es\/a-partir-del-21-de-junio-entramos-en-una-dimension-desconocida\/#primaryimage\",\"url\":\"https:\/\/conversesacatalunya.cat\/wp-content\/uploads\/2020\/06\/turismo-coronavirus.jpg\",\"contentUrl\":\"https:\/\/conversesacatalunya.cat\/wp-content\/uploads\/2020\/06\/turismo-coronavirus.jpg\",\"width\":460,\"height\":259,\"caption\":\"21 de junio\"},{\"@type\":\"BreadcrumbList\",\"@id\":\"https:\/\/conversesacatalunya.cat\/es\/a-partir-del-21-de-junio-entramos-en-una-dimension-desconocida\/#breadcrumb\",\"itemListElement\":[{\"@type\":\"ListItem\",\"position\":1,\"name\":\"Inici\",\"item\":\"https:\/\/conversesacatalunya.cat\/es\/\"},{\"@type\":\"ListItem\",\"position\":2,\"name\":\"A partir del 21 de junio entramos en una dimensi\u00f3n desconocida\"}]},{\"@type\":\"WebSite\",\"@id\":\"https:\/\/conversesacatalunya.cat\/#website\",\"url\":\"https:\/\/conversesacatalunya.cat\/\",\"name\":\"Converses a Catalunya\",\"description\":\"\",\"potentialAction\":[{\"@type\":\"SearchAction\",\"target\":{\"@type\":\"EntryPoint\",\"urlTemplate\":\"https:\/\/conversesacatalunya.cat\/?s={search_term_string}\"},\"query-input\":{\"@type\":\"PropertyValueSpecification\",\"valueRequired\":true,\"valueName\":\"search_term_string\"}}],\"inLanguage\":\"es\"},{\"@type\":\"Person\",\"@id\":\"https:\/\/conversesacatalunya.cat\/#\/schema\/person\/7e24d1e54a2785373ddcb275eae5ed99\",\"name\":\"conversesacatalunya\",\"image\":{\"@type\":\"ImageObject\",\"inLanguage\":\"es\",\"@id\":\"https:\/\/conversesacatalunya.cat\/#\/schema\/person\/image\/\",\"url\":\"https:\/\/conversesacatalunya.cat\/wp-content\/litespeed\/avatar\/febdfeeec89d950f01c748045a981dd2.jpg?ver=1777314535\",\"contentUrl\":\"https:\/\/conversesacatalunya.cat\/wp-content\/litespeed\/avatar\/febdfeeec89d950f01c748045a981dd2.jpg?ver=1777314535\",\"caption\":\"conversesacatalunya\"},\"url\":\"https:\/\/conversesacatalunya.cat\/es\/author\/carme_catala\/\"}]}<\/script>\n<!-- \/ Yoast SEO plugin. -->","yoast_head_json":{"title":"A partir del 21 de junio entramos en una dimensi\u00f3n desconocida - Converses a Catalunya","robots":{"index":"index","follow":"follow","max-snippet":"max-snippet:-1","max-image-preview":"max-image-preview:large","max-video-preview":"max-video-preview:-1"},"canonical":"https:\/\/conversesacatalunya.cat\/es\/a-partir-del-21-de-junio-entramos-en-una-dimension-desconocida\/","og_locale":"es_ES","og_type":"article","og_title":"A partir del 21 de junio entramos en una dimensi\u00f3n desconocida - Converses a Catalunya","og_description":"Al final, el gobierno S\u00e1nchez ha vuelto a modificar de improviso sus propias previsiones al decidir que el fin del estado de alarma coincidir\u00e1 con la apertura de fronteras con la Uni\u00f3n Europea y ser\u00e1 el 21 de junio en lugar del 1 de julio. Habremos pasado as\u00ed en poco tiempo de decretar una cuarentena muy tard\u00eda para los visitantes a entrar en la carrera por el turismo, que a pesar de su importancia para Espa\u00f1a, 14% del PIB, ocupaba un lugar secundario en las prioridades del gobierno.\u00a0 De esta manera, en pocos d\u00edas el doctor Sim\u00f3n, siempre tan equivocado en sus predicciones, habr\u00e1 pasado de anunciar que lo que ahora le importaba eran los casos importados, a la apertura de fronteras. La pol\u00edtica espa\u00f1ola con la Covid-19 lo es todo menos previsible. Poco antes de San Juan los europeos de la Uni\u00f3n podr\u00e1n visitar Espa\u00f1a, y se circular\u00e1 libremente por su interior. En algunos territorios la verbena de San Juan propiciar\u00e1 las aglomeraciones. \u00bfQu\u00e9 va a suceder ahora? Hay que decir que la idea de que el coronavirus ha perdido eficacia no parece suficientemente soportada por razones cient\u00edficas. Es m\u00e1s, resulta que las personas que presentan s\u00edntomas no especialmente graves acuden a los hospitales y son atendidos, cosa que no suced\u00eda antes en el fulgor de la crisis, y por consiguiente su carga viral es menor y las posibilidades de intervenir son mucho m\u00e1s r\u00e1pidas. Estos dos factores juegan a favor de disminuir la gravedad de la afectaci\u00f3n. Y todo ello nos conduce ahora a dos cuestiones clave que determinar\u00e1n si ahora o en el futuro podemos convivir en condiciones de razonable seguridad con la SARS-Covid-2 o por el contrario sufriremos asaltos que provocar\u00e1n espasmos en el cuerpo social y en la econom\u00eda. Se trata de la detecci\u00f3n r\u00e1pida de posibles enfermos y la intervenci\u00f3n inmediata en una fase temprana de la infecci\u00f3n. Estos dos factores son decisivos porque significa atajar m\u00e1s pronto la cadena de contagios, algo decisivo para evitar que el foco se propague, y tambi\u00e9n que la infecci\u00f3n ser\u00e1 de mucha menor gravedad. Se sabe que una carga v\u00edrica elevada significa mucho mayor riesgo de complicaciones, y que esta situaci\u00f3n se encuentra entre las 10.000 y 100.000.000 de copias del virus por mil\u00edmetro. A m\u00e1s carga, m\u00e1s presunta gravedad. Tambi\u00e9n es conocido que la reproducci\u00f3n de copias que produce la propia c\u00e9lula infectada es un proceso acumulativo, a m\u00e1s tiempo m\u00e1s carga, hasta alcanzar un m\u00e1ximo, y que en este proceso la mayor carga se da al inicio con s\u00edntomas no necesariamente muy potentes. La forma de detectar no solo el contagio, sino la carga viral, es mediante los famosos diagn\u00f3sticos PCR. En resumen, disponer de una gran capacidad de PCR para detectar asintom\u00e1ticos, y aplicarlos a toda consulta hospitalaria o ambulatoria, todav\u00eda es mejor, y disponer del resultado con rapidez. A partir de ah\u00ed tratar al enfermo desde el inicio, aislarlo e identificar la cadena de contagio, no solo reducir\u00eda que surjan sorpresas peligrosas, sino que reducir\u00eda la gravedad de la enfermedad. \u00bfEst\u00e1 preparado el sistema sanitario espa\u00f1ol, con todas las variables auton\u00f3micas que se quieran? La respuesta es que a pesar del tiempo transcurrido no lo est\u00e1, ni tan siquiera est\u00e1 claro que todas las autonom\u00edas adopten esta estrategia, y m\u00e1s bien se limiten a perseguir los focos cuando estos ya se han declarado. Es el equivalente a combatir el incendio forestal cuando este ya ha devorado cientos de hect\u00e1reas, en lugar de practicar una detecci\u00f3n temprana. Lo dicho, a partir del 21 entramos en una dimensi\u00f3n desconocida. No est\u00e1 nada claro que el gobierno haya aprendido de sus errores. M\u00e1s informaci\u00f3n sobre el coronavirus en ESPECIAL CORONAVIRUS","og_url":"https:\/\/conversesacatalunya.cat\/es\/a-partir-del-21-de-junio-entramos-en-una-dimension-desconocida\/","og_site_name":"Converses a Catalunya","article_published_time":"2020-06-16T09:09:07+00:00","og_image":[{"width":460,"height":259,"url":"https:\/\/conversesacatalunya.cat\/wp-content\/uploads\/2020\/06\/turismo-coronavirus.jpg","type":"image\/jpeg"}],"author":"conversesacatalunya","twitter_card":"summary_large_image","twitter_misc":{"Escrito por":"conversesacatalunya","Tiempo de lectura":"3 minutos"},"schema":{"@context":"https:\/\/schema.org","@graph":[{"@type":"Article","@id":"https:\/\/conversesacatalunya.cat\/es\/a-partir-del-21-de-junio-entramos-en-una-dimension-desconocida\/#article","isPartOf":{"@id":"https:\/\/conversesacatalunya.cat\/es\/a-partir-del-21-de-junio-entramos-en-una-dimension-desconocida\/"},"author":{"name":"conversesacatalunya","@id":"https:\/\/conversesacatalunya.cat\/#\/schema\/person\/7e24d1e54a2785373ddcb275eae5ed99"},"headline":"A partir del 21 de junio entramos en una dimensi\u00f3n desconocida","datePublished":"2020-06-16T09:09:07+00:00","mainEntityOfPage":{"@id":"https:\/\/conversesacatalunya.cat\/es\/a-partir-del-21-de-junio-entramos-en-una-dimension-desconocida\/"},"wordCount":692,"commentCount":0,"image":{"@id":"https:\/\/conversesacatalunya.cat\/es\/a-partir-del-21-de-junio-entramos-en-una-dimension-desconocida\/#primaryimage"},"thumbnailUrl":"https:\/\/conversesacatalunya.cat\/wp-content\/uploads\/2020\/06\/turismo-coronavirus.jpg","keywords":["coronavirus","Estado de Alarma"],"articleSection":["Especial Coronavirus (ES)","Punts clau del dia (ES)"],"inLanguage":"es","potentialAction":[{"@type":"CommentAction","name":"Comment","target":["https:\/\/conversesacatalunya.cat\/es\/a-partir-del-21-de-junio-entramos-en-una-dimension-desconocida\/#respond"]}]},{"@type":"WebPage","@id":"https:\/\/conversesacatalunya.cat\/es\/a-partir-del-21-de-junio-entramos-en-una-dimension-desconocida\/","url":"https:\/\/conversesacatalunya.cat\/es\/a-partir-del-21-de-junio-entramos-en-una-dimension-desconocida\/","name":"A partir del 21 de junio entramos en una dimensi\u00f3n desconocida - Converses a Catalunya","isPartOf":{"@id":"https:\/\/conversesacatalunya.cat\/#website"},"primaryImageOfPage":{"@id":"https:\/\/conversesacatalunya.cat\/es\/a-partir-del-21-de-junio-entramos-en-una-dimension-desconocida\/#primaryimage"},"image":{"@id":"https:\/\/conversesacatalunya.cat\/es\/a-partir-del-21-de-junio-entramos-en-una-dimension-desconocida\/#primaryimage"},"thumbnailUrl":"https:\/\/conversesacatalunya.cat\/wp-content\/uploads\/2020\/06\/turismo-coronavirus.jpg","datePublished":"2020-06-16T09:09:07+00:00","author":{"@id":"https:\/\/conversesacatalunya.cat\/#\/schema\/person\/7e24d1e54a2785373ddcb275eae5ed99"},"breadcrumb":{"@id":"https:\/\/conversesacatalunya.cat\/es\/a-partir-del-21-de-junio-entramos-en-una-dimension-desconocida\/#breadcrumb"},"inLanguage":"es","potentialAction":[{"@type":"ReadAction","target":["https:\/\/conversesacatalunya.cat\/es\/a-partir-del-21-de-junio-entramos-en-una-dimension-desconocida\/"]}]},{"@type":"ImageObject","inLanguage":"es","@id":"https:\/\/conversesacatalunya.cat\/es\/a-partir-del-21-de-junio-entramos-en-una-dimension-desconocida\/#primaryimage","url":"https:\/\/conversesacatalunya.cat\/wp-content\/uploads\/2020\/06\/turismo-coronavirus.jpg","contentUrl":"https:\/\/conversesacatalunya.cat\/wp-content\/uploads\/2020\/06\/turismo-coronavirus.jpg","width":460,"height":259,"caption":"21 de junio"},{"@type":"BreadcrumbList","@id":"https:\/\/conversesacatalunya.cat\/es\/a-partir-del-21-de-junio-entramos-en-una-dimension-desconocida\/#breadcrumb","itemListElement":[{"@type":"ListItem","position":1,"name":"Inici","item":"https:\/\/conversesacatalunya.cat\/es\/"},{"@type":"ListItem","position":2,"name":"A partir del 21 de junio entramos en una dimensi\u00f3n desconocida"}]},{"@type":"WebSite","@id":"https:\/\/conversesacatalunya.cat\/#website","url":"https:\/\/conversesacatalunya.cat\/","name":"Converses a Catalunya","description":"","potentialAction":[{"@type":"SearchAction","target":{"@type":"EntryPoint","urlTemplate":"https:\/\/conversesacatalunya.cat\/?s={search_term_string}"},"query-input":{"@type":"PropertyValueSpecification","valueRequired":true,"valueName":"search_term_string"}}],"inLanguage":"es"},{"@type":"Person","@id":"https:\/\/conversesacatalunya.cat\/#\/schema\/person\/7e24d1e54a2785373ddcb275eae5ed99","name":"conversesacatalunya","image":{"@type":"ImageObject","inLanguage":"es","@id":"https:\/\/conversesacatalunya.cat\/#\/schema\/person\/image\/","url":"https:\/\/conversesacatalunya.cat\/wp-content\/litespeed\/avatar\/febdfeeec89d950f01c748045a981dd2.jpg?ver=1777314535","contentUrl":"https:\/\/conversesacatalunya.cat\/wp-content\/litespeed\/avatar\/febdfeeec89d950f01c748045a981dd2.jpg?ver=1777314535","caption":"conversesacatalunya"},"url":"https:\/\/conversesacatalunya.cat\/es\/author\/carme_catala\/"}]}},"wps_subtitle":"","_links":{"self":[{"href":"https:\/\/conversesacatalunya.cat\/es\/wp-json\/wp\/v2\/posts\/37386","targetHints":{"allow":["GET"]}}],"collection":[{"href":"https:\/\/conversesacatalunya.cat\/es\/wp-json\/wp\/v2\/posts"}],"about":[{"href":"https:\/\/conversesacatalunya.cat\/es\/wp-json\/wp\/v2\/types\/post"}],"author":[{"embeddable":true,"href":"https:\/\/conversesacatalunya.cat\/es\/wp-json\/wp\/v2\/users\/2"}],"replies":[{"embeddable":true,"href":"https:\/\/conversesacatalunya.cat\/es\/wp-json\/wp\/v2\/comments?post=37386"}],"version-history":[{"count":1,"href":"https:\/\/conversesacatalunya.cat\/es\/wp-json\/wp\/v2\/posts\/37386\/revisions"}],"predecessor-version":[{"id":37389,"href":"https:\/\/conversesacatalunya.cat\/es\/wp-json\/wp\/v2\/posts\/37386\/revisions\/37389"}],"wp:featuredmedia":[{"embeddable":true,"href":"https:\/\/conversesacatalunya.cat\/es\/wp-json\/wp\/v2\/media\/37387"}],"wp:attachment":[{"href":"https:\/\/conversesacatalunya.cat\/es\/wp-json\/wp\/v2\/media?parent=37386"}],"wp:term":[{"taxonomy":"category","embeddable":true,"href":"https:\/\/conversesacatalunya.cat\/es\/wp-json\/wp\/v2\/categories?post=37386"},{"taxonomy":"post_tag","embeddable":true,"href":"https:\/\/conversesacatalunya.cat\/es\/wp-json\/wp\/v2\/tags?post=37386"}],"curies":[{"name":"wp","href":"https:\/\/api.w.org\/{rel}","templated":true}]}}