{"id":37351,"date":"2020-06-13T12:00:12","date_gmt":"2020-06-13T10:00:12","guid":{"rendered":"https:\/\/conversesacatalunya.cat\/liders-europeus-profundament-dividits-fons-recuperacio\/"},"modified":"2020-06-16T08:33:29","modified_gmt":"2020-06-16T06:33:29","slug":"los-lideres-europeos-siguen-profundamente-divididos-sobre-el-fondo-de-recuperacion","status":"publish","type":"post","link":"https:\/\/conversesacatalunya.cat\/es\/los-lideres-europeos-siguen-profundamente-divididos-sobre-el-fondo-de-recuperacion\/","title":{"rendered":"Los l\u00edderes europeos siguen profundamente divididos sobre el fondo de recuperaci\u00f3n"},"content":{"rendered":"<p align=\"justify\"><a href=\"https:\/\/www.politico.eu\/article\/eu-leaders-deeply-divided-recovery-budget-charles-michel-tells-parliament\/\" target=\"_blank\" rel=\"noopener noreferrer\">Seg\u00fan<\/a> el presidente del Consejo Europeo, el belga Charles Michel, los l\u00edderes europeos siguen estando profundamente en desacuerdo sobre c\u00f3mo debe ser el plan de recuperaci\u00f3n econ\u00f3mica vinculado a los pr\u00f3ximos presupuestos generales de la Uni\u00f3n Europea, el llamado Marco de Financiaci\u00f3n Plurianual.<\/p>\n<p align=\"justify\">De hecho, seg\u00fan fuentes internas del Consejo, no se ha ni siquiera acordado la cuesti\u00f3n central de si las ayudas a los pa\u00edses m\u00e1s afectados por la epidemia deben hacerse mediante pr\u00e9stamos o subsidios. Los gobiernos de los estados miembro tambi\u00e9n est\u00e1n en desacuerdo sobre la cantidad de dinero que se pondr\u00e1 sobre la mesa.<\/p>\n<p align=\"justify\">La pr\u00f3xima ronda de negociaciones se har\u00e1 el viernes de la pr\u00f3xima semana. Pero ya se ha descartado llegar a un acuerdo en este encuentro.<\/p>\n<p align=\"justify\">Seg\u00fan Michel, las numerosas cuestiones de car\u00e1cter t\u00e9cnico, sumadas a los conflictos pol\u00edticos existentes entre los diferentes bloques de pa\u00edses auguran unas negociaciones largas y dif\u00edciles.<\/p>\n<p align=\"justify\">Varios responsables del Parlamento Europeo han confirmado las impresiones del presidente del Consejo, refiri\u00e9ndose a un \u00abclima de desconfianza\u00bb.<\/p>\n<p align=\"justify\">Seg\u00fan la propuesta m\u00e1s reciente de la Comisi\u00f3n Europea, el fondo deber\u00eda <a href=\"https:\/\/conversesacatalunya.cat\/es\/la-comision-europea-ha-presentado-el-plan-de-recuperacion-economica-contra-la-covid-19\/\" target=\"_blank\" rel=\"noopener noreferrer\">incluir<\/a> 500.000 millones de euros en subsidios y 250.000 m\u00e1s en pr\u00e9stamos. Ambos pilares ser\u00edan financiados a trav\u00e9s un nuevo esquema de deuda conjunta, que se empezar\u00eda a pagar a partir de 2028 y durante un periodo de 30 a\u00f1os.<\/p>\n<p align=\"justify\">Alemania y Francia, consideradas a menudo como las dos locomotoras de la UE, han mostrado su acuerdo para financiar con deuda conjunta el fondo. Pa\u00edses del sur de Europa como Italia, Espa\u00f1a y Portugal son los m\u00e1s fervientes defensores de esta manera de funcionar.<\/p>\n<p align=\"justify\">Pero los llamados pa\u00edses \u00abfrugales\u00bb, Austria, Dinamarca, Pa\u00edses Bajos y Suecia, se oponen a la idea de endeudarse para luego repartir el caj\u00f3n \u00abgratuitamente\u00bb entre los necesitados. Su contrapropuesta pasa por conceder siquiera pr\u00e9stamos, que adem\u00e1s deber\u00edan ser pagados por los pa\u00edses que los soliciten de forma individual.<\/p>\n<p align=\"justify\">Se trata de una propuesta que ha indignado a los pa\u00edses del sur, que tienen m\u00e1s dificultades para financiar la deuda que los del norte, que en general han sufrido m\u00e1s la epidemia de Covid-19 y que seg\u00fan las \u00faltimas <a href=\"https:\/\/ec.europa.eu\/info\/sites\/info\/files\/economy-finance\/ecfin_forecast_spring_2020_overview_en_0.pdf\" target=\"_blank\" rel=\"noopener noreferrer\">previsiones<\/a> europeas son los que sufrir\u00e1n los mayores retrocesos econ\u00f3micos.<\/p>\n<p align=\"justify\">El choque entre los pa\u00edses frugales y los defensores de los subsidios ha sido muy duro, y las discusiones han llegado a tomar un cariz filos\u00f3fico sobre el sentido de la solidaridad europea. El tono agrio tambi\u00e9n se explica por las cicatrices a\u00fan muy recientes de los costosos rescates de la crisis financiera de 2008.<\/p>\n<p align=\"justify\">Un factor inesperado que ha influido negativamente en las negociaciones ha sido la necesidad de hacer encuentros por videoconferencia. Koen Geens, el primer ministro de B\u00e9lgica, lament\u00f3 la falta de contacto humano al afirmar que \u00ablas pantallas causan efectos extra\u00f1os e impiden los encuentros privados\u00bb.<\/p>\n<p align=\"justify\">Sea como sea, hay mucho en juego no s\u00f3lo para la recuperaci\u00f3n econ\u00f3mica de los pa\u00edses europeos m\u00e1s afectados por la pandemia, sino tambi\u00e9n para el futuro pol\u00edtico de la Uni\u00f3n los pr\u00f3ximos siete a\u00f1os, cubiertos por el Marco de Financiaci\u00f3n Plurianual actualmente en negociaci\u00f3n.<\/p>\n<p align=\"justify\"><span class='bctt-click-to-tweet'><span class='bctt-ctt-text'><a href='https:\/\/twitter.com\/intent\/tweet?url=https%3A%2F%2Fconversesacatalunya.cat%2Fes%2Flos-lideres-europeos-siguen-profundamente-divididos-sobre-el-fondo-de-recuperacion%2F&#038;text=Hay%20mucho%20en%20juego%20no%20s%C3%B3lo%20para%20la%20recuperaci%C3%B3n%20econ%C3%B3mica%20de%20los%20pa%C3%ADses%20europeos%20m%C3%A1s%20afectados%20por%20la%20pandemia%2C%20sino%20tambi%C3%A9n%20para%20el%20futuro%20pol%C3%ADtico%20de%20la%20Uni%C3%B3n%20&#038;via=conversesacat&#038;related=conversesacat' target='_blank'rel=\"noopener noreferrer\">Hay mucho en juego no s\u00f3lo para la recuperaci\u00f3n econ\u00f3mica de los pa\u00edses europeos m\u00e1s afectados por la pandemia, sino tambi\u00e9n para el futuro pol\u00edtico de la Uni\u00f3n  <\/a><\/span><a href='https:\/\/twitter.com\/intent\/tweet?url=https%3A%2F%2Fconversesacatalunya.cat%2Fes%2Flos-lideres-europeos-siguen-profundamente-divididos-sobre-el-fondo-de-recuperacion%2F&#038;text=Hay%20mucho%20en%20juego%20no%20s%C3%B3lo%20para%20la%20recuperaci%C3%B3n%20econ%C3%B3mica%20de%20los%20pa%C3%ADses%20europeos%20m%C3%A1s%20afectados%20por%20la%20pandemia%2C%20sino%20tambi%C3%A9n%20para%20el%20futuro%20pol%C3%ADtico%20de%20la%20Uni%C3%B3n%20&#038;via=conversesacat&#038;related=conversesacat' target='_blank' class='bctt-ctt-btn'rel=\"noopener noreferrer\">Compartir en X<\/a><\/span>\n<p align=\"justify\"><div id=\"polls-55\" class=\"wp-polls\">\n\t<form id=\"polls_form_55\" class=\"wp-polls-form\" action=\"\/index.php\" method=\"post\">\n\t\t<p style=\"display: none;\"><input type=\"hidden\" id=\"poll_55_nonce\" name=\"wp-polls-nonce\" value=\"35d3b51f6d\" \/><\/p>\n\t\t<p style=\"display: none;\"><input type=\"hidden\" name=\"poll_id\" value=\"55\" \/><\/p>\n\t\t<p style=\"text-align: center\"><strong>La normalitzaci\u00f3 i apertura de fronteres a partir del 21 de juny, creus que generar\u00e0 nous rebrots d'import\u00e0ncia?<\/strong><\/p><div id=\"polls-55-ans\" class=\"wp-polls-ans\"><ul class=\"wp-polls-ul\">\n\t\t<li><input type=\"radio\" id=\"poll-answer-116\" name=\"poll_55\" value=\"116\" \/> <label for=\"poll-answer-116\">Si<\/label><\/li>\n\t\t<li><input type=\"radio\" id=\"poll-answer-117\" name=\"poll_55\" value=\"117\" \/> <label for=\"poll-answer-117\">No<\/label><\/li>\n\t\t<\/ul><p style=\"text-align: center\"><input type=\"button\" name=\"vote\" value=\"   Vota   \" class=\"Buttons\" onclick=\"poll_vote(55);\" \/><\/p><p style=\"text-align: center\"><a href=\"#ViewPollResults\" onclick=\"poll_result(55); return false;\" title=\"View Results Of This Poll\">Mira els resultats<\/a><\/p><\/div>\n\t<\/form>\n<\/div>\n<div id=\"polls-55-loading\" class=\"wp-polls-loading\"><img decoding=\"async\" data-src=\"https:\/\/conversesacatalunya.cat\/wp-content\/plugins\/wp-polls\/images\/loading.gif\" width=\"16\" height=\"16\" alt=\"Cargando ...\" title=\"Cargando ...\" class=\"wp-polls-image lazyload\" src=\"data:image\/svg+xml;base64,PHN2ZyB3aWR0aD0iMSIgaGVpZ2h0PSIxIiB4bWxucz0iaHR0cDovL3d3dy53My5vcmcvMjAwMC9zdmciPjwvc3ZnPg==\" style=\"--smush-placeholder-width: 16px; --smush-placeholder-aspect-ratio: 16\/16;\" \/>&nbsp;Cargando ...<\/div>\n\n","protected":false},"excerpt":{"rendered":"<p>Seg\u00fan el presidente del Consejo Europeo, el belga Charles Michel, los l\u00edderes europeos siguen estando profundamente en desacuerdo sobre c\u00f3mo debe ser el plan de recuperaci\u00f3n econ\u00f3mica vinculado a los pr\u00f3ximos presupuestos generales de la Uni\u00f3n Europea, el llamado Marco de Financiaci\u00f3n Plurianual. De hecho, seg\u00fan fuentes internas del Consejo, no se ha ni siquiera acordado la cuesti\u00f3n central de si las ayudas a los pa\u00edses m\u00e1s afectados por la epidemia deben hacerse mediante pr\u00e9stamos o subsidios. Los gobiernos de los estados miembro tambi\u00e9n est\u00e1n en desacuerdo sobre la cantidad de dinero que se pondr\u00e1 sobre la mesa. La pr\u00f3xima ronda de negociaciones se har\u00e1 el viernes de la pr\u00f3xima semana. Pero ya se ha descartado llegar a un acuerdo en este encuentro. Seg\u00fan Michel, las numerosas cuestiones de car\u00e1cter t\u00e9cnico, sumadas a los conflictos pol\u00edticos existentes entre los diferentes bloques de pa\u00edses auguran unas negociaciones largas y dif\u00edciles. Varios responsables del Parlamento Europeo han confirmado las impresiones del presidente del Consejo, refiri\u00e9ndose a un \u00abclima de desconfianza\u00bb. Seg\u00fan la propuesta m\u00e1s reciente de la Comisi\u00f3n Europea, el fondo deber\u00eda incluir 500.000 millones de euros en subsidios y 250.000 m\u00e1s en pr\u00e9stamos. Ambos pilares ser\u00edan financiados a trav\u00e9s un nuevo esquema de deuda conjunta, que se empezar\u00eda a pagar a partir de 2028 y durante un periodo de 30 a\u00f1os. Alemania y Francia, consideradas a menudo como las dos locomotoras de la UE, han mostrado su acuerdo para financiar con deuda conjunta el fondo. Pa\u00edses del sur de Europa como Italia, Espa\u00f1a y Portugal son los m\u00e1s fervientes defensores de esta manera de funcionar. Pero los llamados pa\u00edses \u00abfrugales\u00bb, Austria, Dinamarca, Pa\u00edses Bajos y Suecia, se oponen a la idea de endeudarse para luego repartir el caj\u00f3n \u00abgratuitamente\u00bb entre los necesitados. Su contrapropuesta pasa por conceder siquiera pr\u00e9stamos, que adem\u00e1s deber\u00edan ser pagados por los pa\u00edses que los soliciten de forma individual. Se trata de una propuesta que ha indignado a los pa\u00edses del sur, que tienen m\u00e1s dificultades para financiar la deuda que los del norte, que en general han sufrido m\u00e1s la epidemia de Covid-19 y que seg\u00fan las \u00faltimas previsiones europeas son los que sufrir\u00e1n los mayores retrocesos econ\u00f3micos. El choque entre los pa\u00edses frugales y los defensores de los subsidios ha sido muy duro, y las discusiones han llegado a tomar un cariz filos\u00f3fico sobre el sentido de la solidaridad europea. El tono agrio tambi\u00e9n se explica por las cicatrices a\u00fan muy recientes de los costosos rescates de la crisis financiera de 2008. Un factor inesperado que ha influido negativamente en las negociaciones ha sido la necesidad de hacer encuentros por videoconferencia. Koen Geens, el primer ministro de B\u00e9lgica, lament\u00f3 la falta de contacto humano al afirmar que \u00ablas pantallas causan efectos extra\u00f1os e impiden los encuentros privados\u00bb. Sea como sea, hay mucho en juego no s\u00f3lo para la recuperaci\u00f3n econ\u00f3mica de los pa\u00edses europeos m\u00e1s afectados por la pandemia, sino tambi\u00e9n para el futuro pol\u00edtico de la Uni\u00f3n los pr\u00f3ximos siete a\u00f1os, cubiertos por el Marco de Financiaci\u00f3n Plurianual actualmente en negociaci\u00f3n.<\/p>\n","protected":false},"author":67,"featured_media":37289,"comment_status":"open","ping_status":"open","sticky":false,"template":"","format":"standard","meta":{"_FSMCFIC_featured_image_caption":"","_FSMCFIC_featured_image_nocaption":"","_FSMCFIC_featured_image_hide":"","footnotes":""},"categories":[806],"tags":[2574,1504,1913,2107,1770,874,1334],"class_list":["post-37351","post","type-post","status-publish","format-standard","has-post-thumbnail","hentry","category-punts-claus-del-dia-es","tag-charles-michel-es","tag-coronavirus-es","tag-covid-19-es","tag-fondos-de-recuperacion","tag-frugales","tag-ue-es","tag-union-europea"],"yoast_head":"<!-- This site is optimized with the Yoast SEO plugin v26.8 - https:\/\/yoast.com\/product\/yoast-seo-wordpress\/ -->\n<title>Los l\u00edderes europeos siguen profundamente divididos sobre el fondo de recuperaci\u00f3n - Converses a Catalunya<\/title>\n<meta name=\"robots\" content=\"noindex, nofollow\" \/>\n<meta property=\"og:locale\" content=\"es_ES\" \/>\n<meta property=\"og:type\" content=\"article\" \/>\n<meta property=\"og:title\" content=\"Los l\u00edderes europeos siguen profundamente divididos sobre el fondo de recuperaci\u00f3n - Converses a Catalunya\" \/>\n<meta property=\"og:description\" content=\"Seg\u00fan el presidente del Consejo Europeo, el belga Charles Michel, los l\u00edderes europeos siguen estando profundamente en desacuerdo sobre c\u00f3mo debe ser el plan de recuperaci\u00f3n econ\u00f3mica vinculado a los pr\u00f3ximos presupuestos generales de la Uni\u00f3n Europea, el llamado Marco de Financiaci\u00f3n Plurianual. De hecho, seg\u00fan fuentes internas del Consejo, no se ha ni siquiera acordado la cuesti\u00f3n central de si las ayudas a los pa\u00edses m\u00e1s afectados por la epidemia deben hacerse mediante pr\u00e9stamos o subsidios. Los gobiernos de los estados miembro tambi\u00e9n est\u00e1n en desacuerdo sobre la cantidad de dinero que se pondr\u00e1 sobre la mesa. La pr\u00f3xima ronda de negociaciones se har\u00e1 el viernes de la pr\u00f3xima semana. Pero ya se ha descartado llegar a un acuerdo en este encuentro. Seg\u00fan Michel, las numerosas cuestiones de car\u00e1cter t\u00e9cnico, sumadas a los conflictos pol\u00edticos existentes entre los diferentes bloques de pa\u00edses auguran unas negociaciones largas y dif\u00edciles. Varios responsables del Parlamento Europeo han confirmado las impresiones del presidente del Consejo, refiri\u00e9ndose a un \u00abclima de desconfianza\u00bb. Seg\u00fan la propuesta m\u00e1s reciente de la Comisi\u00f3n Europea, el fondo deber\u00eda incluir 500.000 millones de euros en subsidios y 250.000 m\u00e1s en pr\u00e9stamos. Ambos pilares ser\u00edan financiados a trav\u00e9s un nuevo esquema de deuda conjunta, que se empezar\u00eda a pagar a partir de 2028 y durante un periodo de 30 a\u00f1os. Alemania y Francia, consideradas a menudo como las dos locomotoras de la UE, han mostrado su acuerdo para financiar con deuda conjunta el fondo. Pa\u00edses del sur de Europa como Italia, Espa\u00f1a y Portugal son los m\u00e1s fervientes defensores de esta manera de funcionar. Pero los llamados pa\u00edses \u00abfrugales\u00bb, Austria, Dinamarca, Pa\u00edses Bajos y Suecia, se oponen a la idea de endeudarse para luego repartir el caj\u00f3n \u00abgratuitamente\u00bb entre los necesitados. Su contrapropuesta pasa por conceder siquiera pr\u00e9stamos, que adem\u00e1s deber\u00edan ser pagados por los pa\u00edses que los soliciten de forma individual. Se trata de una propuesta que ha indignado a los pa\u00edses del sur, que tienen m\u00e1s dificultades para financiar la deuda que los del norte, que en general han sufrido m\u00e1s la epidemia de Covid-19 y que seg\u00fan las \u00faltimas previsiones europeas son los que sufrir\u00e1n los mayores retrocesos econ\u00f3micos. El choque entre los pa\u00edses frugales y los defensores de los subsidios ha sido muy duro, y las discusiones han llegado a tomar un cariz filos\u00f3fico sobre el sentido de la solidaridad europea. El tono agrio tambi\u00e9n se explica por las cicatrices a\u00fan muy recientes de los costosos rescates de la crisis financiera de 2008. Un factor inesperado que ha influido negativamente en las negociaciones ha sido la necesidad de hacer encuentros por videoconferencia. Koen Geens, el primer ministro de B\u00e9lgica, lament\u00f3 la falta de contacto humano al afirmar que \u00ablas pantallas causan efectos extra\u00f1os e impiden los encuentros privados\u00bb. Sea como sea, hay mucho en juego no s\u00f3lo para la recuperaci\u00f3n econ\u00f3mica de los pa\u00edses europeos m\u00e1s afectados por la pandemia, sino tambi\u00e9n para el futuro pol\u00edtico de la Uni\u00f3n los pr\u00f3ximos siete a\u00f1os, cubiertos por el Marco de Financiaci\u00f3n Plurianual actualmente en negociaci\u00f3n.\" \/>\n<meta property=\"og:url\" content=\"https:\/\/conversesacatalunya.cat\/es\/los-lideres-europeos-siguen-profundamente-divididos-sobre-el-fondo-de-recuperacion\/\" \/>\n<meta property=\"og:site_name\" content=\"Converses a Catalunya\" \/>\n<meta property=\"article:published_time\" content=\"2020-06-13T10:00:12+00:00\" \/>\n<meta property=\"article:modified_time\" content=\"2020-06-16T06:33:29+00:00\" \/>\n<meta property=\"og:image\" content=\"https:\/\/conversesacatalunya.cat\/wp-content\/uploads\/2020\/06\/video-conferencia-consell-ue.jpeg\" \/>\n\t<meta property=\"og:image:width\" content=\"1280\" \/>\n\t<meta property=\"og:image:height\" content=\"908\" \/>\n\t<meta property=\"og:image:type\" content=\"image\/jpeg\" \/>\n<meta name=\"author\" content=\"conversesacatalunya\" \/>\n<meta name=\"twitter:card\" content=\"summary_large_image\" \/>\n<meta name=\"twitter:label1\" content=\"Escrito por\" \/>\n\t<meta name=\"twitter:data1\" content=\"conversesacatalunya\" \/>\n\t<meta name=\"twitter:label2\" content=\"Tiempo de lectura\" \/>\n\t<meta name=\"twitter:data2\" content=\"3 minutos\" \/>\n<script type=\"application\/ld+json\" class=\"yoast-schema-graph\">{\"@context\":\"https:\/\/schema.org\",\"@graph\":[{\"@type\":\"Article\",\"@id\":\"https:\/\/conversesacatalunya.cat\/es\/los-lideres-europeos-siguen-profundamente-divididos-sobre-el-fondo-de-recuperacion\/#article\",\"isPartOf\":{\"@id\":\"https:\/\/conversesacatalunya.cat\/es\/los-lideres-europeos-siguen-profundamente-divididos-sobre-el-fondo-de-recuperacion\/\"},\"author\":{\"name\":\"conversesacatalunya\",\"@id\":\"https:\/\/conversesacatalunya.cat\/#\/schema\/person\/c5a8ffe796b1512764aeb6d6d6fa0fc7\"},\"headline\":\"Los l\u00edderes europeos siguen profundamente divididos sobre el fondo de recuperaci\u00f3n\",\"datePublished\":\"2020-06-13T10:00:12+00:00\",\"dateModified\":\"2020-06-16T06:33:29+00:00\",\"mainEntityOfPage\":{\"@id\":\"https:\/\/conversesacatalunya.cat\/es\/los-lideres-europeos-siguen-profundamente-divididos-sobre-el-fondo-de-recuperacion\/\"},\"wordCount\":625,\"commentCount\":0,\"image\":{\"@id\":\"https:\/\/conversesacatalunya.cat\/es\/los-lideres-europeos-siguen-profundamente-divididos-sobre-el-fondo-de-recuperacion\/#primaryimage\"},\"thumbnailUrl\":\"https:\/\/conversesacatalunya.cat\/wp-content\/uploads\/2020\/06\/video-conferencia-consell-ue.jpeg\",\"keywords\":[\"Charles Michel\",\"coronavirus\",\"Covid-19\",\"fondos de recuperaci\u00f3n\",\"frugales\",\"UE\",\"Uni\u00f3n Europea\"],\"articleSection\":[\"Punts clau del dia (ES)\"],\"inLanguage\":\"es\",\"potentialAction\":[{\"@type\":\"CommentAction\",\"name\":\"Comment\",\"target\":[\"https:\/\/conversesacatalunya.cat\/es\/los-lideres-europeos-siguen-profundamente-divididos-sobre-el-fondo-de-recuperacion\/#respond\"]}]},{\"@type\":\"WebPage\",\"@id\":\"https:\/\/conversesacatalunya.cat\/es\/los-lideres-europeos-siguen-profundamente-divididos-sobre-el-fondo-de-recuperacion\/\",\"url\":\"https:\/\/conversesacatalunya.cat\/es\/los-lideres-europeos-siguen-profundamente-divididos-sobre-el-fondo-de-recuperacion\/\",\"name\":\"Los l\u00edderes europeos siguen profundamente divididos sobre el fondo de recuperaci\u00f3n - Converses a Catalunya\",\"isPartOf\":{\"@id\":\"https:\/\/conversesacatalunya.cat\/#website\"},\"primaryImageOfPage\":{\"@id\":\"https:\/\/conversesacatalunya.cat\/es\/los-lideres-europeos-siguen-profundamente-divididos-sobre-el-fondo-de-recuperacion\/#primaryimage\"},\"image\":{\"@id\":\"https:\/\/conversesacatalunya.cat\/es\/los-lideres-europeos-siguen-profundamente-divididos-sobre-el-fondo-de-recuperacion\/#primaryimage\"},\"thumbnailUrl\":\"https:\/\/conversesacatalunya.cat\/wp-content\/uploads\/2020\/06\/video-conferencia-consell-ue.jpeg\",\"datePublished\":\"2020-06-13T10:00:12+00:00\",\"dateModified\":\"2020-06-16T06:33:29+00:00\",\"author\":{\"@id\":\"https:\/\/conversesacatalunya.cat\/#\/schema\/person\/c5a8ffe796b1512764aeb6d6d6fa0fc7\"},\"breadcrumb\":{\"@id\":\"https:\/\/conversesacatalunya.cat\/es\/los-lideres-europeos-siguen-profundamente-divididos-sobre-el-fondo-de-recuperacion\/#breadcrumb\"},\"inLanguage\":\"es\",\"potentialAction\":[{\"@type\":\"ReadAction\",\"target\":[\"https:\/\/conversesacatalunya.cat\/es\/los-lideres-europeos-siguen-profundamente-divididos-sobre-el-fondo-de-recuperacion\/\"]}]},{\"@type\":\"ImageObject\",\"inLanguage\":\"es\",\"@id\":\"https:\/\/conversesacatalunya.cat\/es\/los-lideres-europeos-siguen-profundamente-divididos-sobre-el-fondo-de-recuperacion\/#primaryimage\",\"url\":\"https:\/\/conversesacatalunya.cat\/wp-content\/uploads\/2020\/06\/video-conferencia-consell-ue.jpeg\",\"contentUrl\":\"https:\/\/conversesacatalunya.cat\/wp-content\/uploads\/2020\/06\/video-conferencia-consell-ue.jpeg\",\"width\":1280,\"height\":908},{\"@type\":\"BreadcrumbList\",\"@id\":\"https:\/\/conversesacatalunya.cat\/es\/los-lideres-europeos-siguen-profundamente-divididos-sobre-el-fondo-de-recuperacion\/#breadcrumb\",\"itemListElement\":[{\"@type\":\"ListItem\",\"position\":1,\"name\":\"Inici\",\"item\":\"https:\/\/conversesacatalunya.cat\/es\/\"},{\"@type\":\"ListItem\",\"position\":2,\"name\":\"Los l\u00edderes europeos siguen profundamente divididos sobre el fondo de recuperaci\u00f3n\"}]},{\"@type\":\"WebSite\",\"@id\":\"https:\/\/conversesacatalunya.cat\/#website\",\"url\":\"https:\/\/conversesacatalunya.cat\/\",\"name\":\"Converses a Catalunya\",\"description\":\"\",\"potentialAction\":[{\"@type\":\"SearchAction\",\"target\":{\"@type\":\"EntryPoint\",\"urlTemplate\":\"https:\/\/conversesacatalunya.cat\/?s={search_term_string}\"},\"query-input\":{\"@type\":\"PropertyValueSpecification\",\"valueRequired\":true,\"valueName\":\"search_term_string\"}}],\"inLanguage\":\"es\"},{\"@type\":\"Person\",\"@id\":\"https:\/\/conversesacatalunya.cat\/#\/schema\/person\/c5a8ffe796b1512764aeb6d6d6fa0fc7\",\"name\":\"conversesacatalunya\",\"image\":{\"@type\":\"ImageObject\",\"inLanguage\":\"es\",\"@id\":\"https:\/\/conversesacatalunya.cat\/#\/schema\/person\/image\/\",\"url\":\"https:\/\/conversesacatalunya.cat\/wp-content\/litespeed\/avatar\/02659ee938034c59a151ae106ade943e.jpg?ver=1777051754\",\"contentUrl\":\"https:\/\/conversesacatalunya.cat\/wp-content\/litespeed\/avatar\/02659ee938034c59a151ae106ade943e.jpg?ver=1777051754\",\"caption\":\"conversesacatalunya\"},\"url\":\"https:\/\/conversesacatalunya.cat\/es\/author\/carles_lopez\/\"}]}<\/script>\n<!-- \/ Yoast SEO plugin. -->","yoast_head_json":{"title":"Los l\u00edderes europeos siguen profundamente divididos sobre el fondo de recuperaci\u00f3n - Converses a Catalunya","robots":{"index":"noindex","follow":"nofollow"},"og_locale":"es_ES","og_type":"article","og_title":"Los l\u00edderes europeos siguen profundamente divididos sobre el fondo de recuperaci\u00f3n - Converses a Catalunya","og_description":"Seg\u00fan el presidente del Consejo Europeo, el belga Charles Michel, los l\u00edderes europeos siguen estando profundamente en desacuerdo sobre c\u00f3mo debe ser el plan de recuperaci\u00f3n econ\u00f3mica vinculado a los pr\u00f3ximos presupuestos generales de la Uni\u00f3n Europea, el llamado Marco de Financiaci\u00f3n Plurianual. De hecho, seg\u00fan fuentes internas del Consejo, no se ha ni siquiera acordado la cuesti\u00f3n central de si las ayudas a los pa\u00edses m\u00e1s afectados por la epidemia deben hacerse mediante pr\u00e9stamos o subsidios. Los gobiernos de los estados miembro tambi\u00e9n est\u00e1n en desacuerdo sobre la cantidad de dinero que se pondr\u00e1 sobre la mesa. La pr\u00f3xima ronda de negociaciones se har\u00e1 el viernes de la pr\u00f3xima semana. Pero ya se ha descartado llegar a un acuerdo en este encuentro. Seg\u00fan Michel, las numerosas cuestiones de car\u00e1cter t\u00e9cnico, sumadas a los conflictos pol\u00edticos existentes entre los diferentes bloques de pa\u00edses auguran unas negociaciones largas y dif\u00edciles. Varios responsables del Parlamento Europeo han confirmado las impresiones del presidente del Consejo, refiri\u00e9ndose a un \u00abclima de desconfianza\u00bb. Seg\u00fan la propuesta m\u00e1s reciente de la Comisi\u00f3n Europea, el fondo deber\u00eda incluir 500.000 millones de euros en subsidios y 250.000 m\u00e1s en pr\u00e9stamos. Ambos pilares ser\u00edan financiados a trav\u00e9s un nuevo esquema de deuda conjunta, que se empezar\u00eda a pagar a partir de 2028 y durante un periodo de 30 a\u00f1os. Alemania y Francia, consideradas a menudo como las dos locomotoras de la UE, han mostrado su acuerdo para financiar con deuda conjunta el fondo. Pa\u00edses del sur de Europa como Italia, Espa\u00f1a y Portugal son los m\u00e1s fervientes defensores de esta manera de funcionar. Pero los llamados pa\u00edses \u00abfrugales\u00bb, Austria, Dinamarca, Pa\u00edses Bajos y Suecia, se oponen a la idea de endeudarse para luego repartir el caj\u00f3n \u00abgratuitamente\u00bb entre los necesitados. Su contrapropuesta pasa por conceder siquiera pr\u00e9stamos, que adem\u00e1s deber\u00edan ser pagados por los pa\u00edses que los soliciten de forma individual. Se trata de una propuesta que ha indignado a los pa\u00edses del sur, que tienen m\u00e1s dificultades para financiar la deuda que los del norte, que en general han sufrido m\u00e1s la epidemia de Covid-19 y que seg\u00fan las \u00faltimas previsiones europeas son los que sufrir\u00e1n los mayores retrocesos econ\u00f3micos. El choque entre los pa\u00edses frugales y los defensores de los subsidios ha sido muy duro, y las discusiones han llegado a tomar un cariz filos\u00f3fico sobre el sentido de la solidaridad europea. El tono agrio tambi\u00e9n se explica por las cicatrices a\u00fan muy recientes de los costosos rescates de la crisis financiera de 2008. Un factor inesperado que ha influido negativamente en las negociaciones ha sido la necesidad de hacer encuentros por videoconferencia. Koen Geens, el primer ministro de B\u00e9lgica, lament\u00f3 la falta de contacto humano al afirmar que \u00ablas pantallas causan efectos extra\u00f1os e impiden los encuentros privados\u00bb. Sea como sea, hay mucho en juego no s\u00f3lo para la recuperaci\u00f3n econ\u00f3mica de los pa\u00edses europeos m\u00e1s afectados por la pandemia, sino tambi\u00e9n para el futuro pol\u00edtico de la Uni\u00f3n los pr\u00f3ximos siete a\u00f1os, cubiertos por el Marco de Financiaci\u00f3n Plurianual actualmente en negociaci\u00f3n.","og_url":"https:\/\/conversesacatalunya.cat\/es\/los-lideres-europeos-siguen-profundamente-divididos-sobre-el-fondo-de-recuperacion\/","og_site_name":"Converses a Catalunya","article_published_time":"2020-06-13T10:00:12+00:00","article_modified_time":"2020-06-16T06:33:29+00:00","og_image":[{"width":1280,"height":908,"url":"https:\/\/conversesacatalunya.cat\/wp-content\/uploads\/2020\/06\/video-conferencia-consell-ue.jpeg","type":"image\/jpeg"}],"author":"conversesacatalunya","twitter_card":"summary_large_image","twitter_misc":{"Escrito por":"conversesacatalunya","Tiempo de lectura":"3 minutos"},"schema":{"@context":"https:\/\/schema.org","@graph":[{"@type":"Article","@id":"https:\/\/conversesacatalunya.cat\/es\/los-lideres-europeos-siguen-profundamente-divididos-sobre-el-fondo-de-recuperacion\/#article","isPartOf":{"@id":"https:\/\/conversesacatalunya.cat\/es\/los-lideres-europeos-siguen-profundamente-divididos-sobre-el-fondo-de-recuperacion\/"},"author":{"name":"conversesacatalunya","@id":"https:\/\/conversesacatalunya.cat\/#\/schema\/person\/c5a8ffe796b1512764aeb6d6d6fa0fc7"},"headline":"Los l\u00edderes europeos siguen profundamente divididos sobre el fondo de recuperaci\u00f3n","datePublished":"2020-06-13T10:00:12+00:00","dateModified":"2020-06-16T06:33:29+00:00","mainEntityOfPage":{"@id":"https:\/\/conversesacatalunya.cat\/es\/los-lideres-europeos-siguen-profundamente-divididos-sobre-el-fondo-de-recuperacion\/"},"wordCount":625,"commentCount":0,"image":{"@id":"https:\/\/conversesacatalunya.cat\/es\/los-lideres-europeos-siguen-profundamente-divididos-sobre-el-fondo-de-recuperacion\/#primaryimage"},"thumbnailUrl":"https:\/\/conversesacatalunya.cat\/wp-content\/uploads\/2020\/06\/video-conferencia-consell-ue.jpeg","keywords":["Charles Michel","coronavirus","Covid-19","fondos de recuperaci\u00f3n","frugales","UE","Uni\u00f3n Europea"],"articleSection":["Punts clau del dia (ES)"],"inLanguage":"es","potentialAction":[{"@type":"CommentAction","name":"Comment","target":["https:\/\/conversesacatalunya.cat\/es\/los-lideres-europeos-siguen-profundamente-divididos-sobre-el-fondo-de-recuperacion\/#respond"]}]},{"@type":"WebPage","@id":"https:\/\/conversesacatalunya.cat\/es\/los-lideres-europeos-siguen-profundamente-divididos-sobre-el-fondo-de-recuperacion\/","url":"https:\/\/conversesacatalunya.cat\/es\/los-lideres-europeos-siguen-profundamente-divididos-sobre-el-fondo-de-recuperacion\/","name":"Los l\u00edderes europeos siguen profundamente divididos sobre el fondo de recuperaci\u00f3n - Converses a Catalunya","isPartOf":{"@id":"https:\/\/conversesacatalunya.cat\/#website"},"primaryImageOfPage":{"@id":"https:\/\/conversesacatalunya.cat\/es\/los-lideres-europeos-siguen-profundamente-divididos-sobre-el-fondo-de-recuperacion\/#primaryimage"},"image":{"@id":"https:\/\/conversesacatalunya.cat\/es\/los-lideres-europeos-siguen-profundamente-divididos-sobre-el-fondo-de-recuperacion\/#primaryimage"},"thumbnailUrl":"https:\/\/conversesacatalunya.cat\/wp-content\/uploads\/2020\/06\/video-conferencia-consell-ue.jpeg","datePublished":"2020-06-13T10:00:12+00:00","dateModified":"2020-06-16T06:33:29+00:00","author":{"@id":"https:\/\/conversesacatalunya.cat\/#\/schema\/person\/c5a8ffe796b1512764aeb6d6d6fa0fc7"},"breadcrumb":{"@id":"https:\/\/conversesacatalunya.cat\/es\/los-lideres-europeos-siguen-profundamente-divididos-sobre-el-fondo-de-recuperacion\/#breadcrumb"},"inLanguage":"es","potentialAction":[{"@type":"ReadAction","target":["https:\/\/conversesacatalunya.cat\/es\/los-lideres-europeos-siguen-profundamente-divididos-sobre-el-fondo-de-recuperacion\/"]}]},{"@type":"ImageObject","inLanguage":"es","@id":"https:\/\/conversesacatalunya.cat\/es\/los-lideres-europeos-siguen-profundamente-divididos-sobre-el-fondo-de-recuperacion\/#primaryimage","url":"https:\/\/conversesacatalunya.cat\/wp-content\/uploads\/2020\/06\/video-conferencia-consell-ue.jpeg","contentUrl":"https:\/\/conversesacatalunya.cat\/wp-content\/uploads\/2020\/06\/video-conferencia-consell-ue.jpeg","width":1280,"height":908},{"@type":"BreadcrumbList","@id":"https:\/\/conversesacatalunya.cat\/es\/los-lideres-europeos-siguen-profundamente-divididos-sobre-el-fondo-de-recuperacion\/#breadcrumb","itemListElement":[{"@type":"ListItem","position":1,"name":"Inici","item":"https:\/\/conversesacatalunya.cat\/es\/"},{"@type":"ListItem","position":2,"name":"Los l\u00edderes europeos siguen profundamente divididos sobre el fondo de recuperaci\u00f3n"}]},{"@type":"WebSite","@id":"https:\/\/conversesacatalunya.cat\/#website","url":"https:\/\/conversesacatalunya.cat\/","name":"Converses a Catalunya","description":"","potentialAction":[{"@type":"SearchAction","target":{"@type":"EntryPoint","urlTemplate":"https:\/\/conversesacatalunya.cat\/?s={search_term_string}"},"query-input":{"@type":"PropertyValueSpecification","valueRequired":true,"valueName":"search_term_string"}}],"inLanguage":"es"},{"@type":"Person","@id":"https:\/\/conversesacatalunya.cat\/#\/schema\/person\/c5a8ffe796b1512764aeb6d6d6fa0fc7","name":"conversesacatalunya","image":{"@type":"ImageObject","inLanguage":"es","@id":"https:\/\/conversesacatalunya.cat\/#\/schema\/person\/image\/","url":"https:\/\/conversesacatalunya.cat\/wp-content\/litespeed\/avatar\/02659ee938034c59a151ae106ade943e.jpg?ver=1777051754","contentUrl":"https:\/\/conversesacatalunya.cat\/wp-content\/litespeed\/avatar\/02659ee938034c59a151ae106ade943e.jpg?ver=1777051754","caption":"conversesacatalunya"},"url":"https:\/\/conversesacatalunya.cat\/es\/author\/carles_lopez\/"}]}},"wps_subtitle":"A\u00fan no ha habido acuerdo sobre la cuesti\u00f3n central de si las ayudas a los pa\u00edses m\u00e1s afectados por el Covid-19 deben hacerse mediante pr\u00e9stamos o subsidios","_links":{"self":[{"href":"https:\/\/conversesacatalunya.cat\/es\/wp-json\/wp\/v2\/posts\/37351","targetHints":{"allow":["GET"]}}],"collection":[{"href":"https:\/\/conversesacatalunya.cat\/es\/wp-json\/wp\/v2\/posts"}],"about":[{"href":"https:\/\/conversesacatalunya.cat\/es\/wp-json\/wp\/v2\/types\/post"}],"author":[{"embeddable":true,"href":"https:\/\/conversesacatalunya.cat\/es\/wp-json\/wp\/v2\/users\/67"}],"replies":[{"embeddable":true,"href":"https:\/\/conversesacatalunya.cat\/es\/wp-json\/wp\/v2\/comments?post=37351"}],"version-history":[{"count":3,"href":"https:\/\/conversesacatalunya.cat\/es\/wp-json\/wp\/v2\/posts\/37351\/revisions"}],"predecessor-version":[{"id":37364,"href":"https:\/\/conversesacatalunya.cat\/es\/wp-json\/wp\/v2\/posts\/37351\/revisions\/37364"}],"wp:featuredmedia":[{"embeddable":true,"href":"https:\/\/conversesacatalunya.cat\/es\/wp-json\/wp\/v2\/media\/37289"}],"wp:attachment":[{"href":"https:\/\/conversesacatalunya.cat\/es\/wp-json\/wp\/v2\/media?parent=37351"}],"wp:term":[{"taxonomy":"category","embeddable":true,"href":"https:\/\/conversesacatalunya.cat\/es\/wp-json\/wp\/v2\/categories?post=37351"},{"taxonomy":"post_tag","embeddable":true,"href":"https:\/\/conversesacatalunya.cat\/es\/wp-json\/wp\/v2\/tags?post=37351"}],"curies":[{"name":"wp","href":"https:\/\/api.w.org\/{rel}","templated":true}]}}