{"id":37339,"date":"2020-06-15T06:00:07","date_gmt":"2020-06-15T04:00:07","guid":{"rendered":"https:\/\/conversesacatalunya.cat\/fronteres-el-turisme-a-espanya-comenca\/"},"modified":"2020-06-16T10:47:47","modified_gmt":"2020-06-16T08:47:47","slug":"el-turismo-en-espana-empieza-con-riesgos-e-incertidumbre","status":"publish","type":"post","link":"https:\/\/conversesacatalunya.cat\/es\/el-turismo-en-espana-empieza-con-riesgos-e-incertidumbre\/","title":{"rendered":"El turismo en Espa\u00f1a empieza con riesgos e incertidumbre"},"content":{"rendered":"<div class=\"pf-content\">\n<p>Espa\u00f1a, sin protocolos establecidos para el turismo, ten\u00eda fijada la reapertura de las fronteras en dos semanas con el objetivo de reducir el impacto econ\u00f3mico de la pandemia. Sin embargo,\u00a0<strong>la mayor\u00eda de pa\u00edses de la Uni\u00f3n Europea reabren sus fronteras esta misma semana<\/strong>, suponiendo un duro golpe para el turismo espa\u00f1ol. Entre los cuales, se encuentran competidores directos en materia de turismo: Italia, Grecia y Portugal.<\/p>\n<p>Por ahora, Italia ya ha arrancado el turismo. Lo hizo el 3 de junio y sin cuarentena. Croacia reabri\u00f3 el 28 de mayo a 10 pa\u00edses, entre ellos Alemania, segundo mayor emisor hacia Espa\u00f1a, y desde este lunes lo har\u00e1 para toda la UE, incluido el Reino Unido, y tambi\u00e9n sin obligaci\u00f3n de cuarentena. Portugal ya recibe turistas desde el 6 de junio de pa\u00edses seleccionados y el 15 de junio lo ampliar\u00e1.\u00a0 Mientras, Grecia lo tiene programado para hoy tambi\u00e9n con 29 pa\u00edses, una lista que se ampliar\u00e1 antes del 1 de julio.<\/p>\n<p>En muchos pa\u00edses de la Uni\u00f3n Europea la temporada vacacional comienza ya en junio, por lo que esas semanas de retraso del turismo implican\u00a0<strong>p\u00e9rdidas de ingresos millonarias<\/strong>. Seg\u00fan Exceltur, cada semana sin turismo en Espa\u00f1a significa unas\u00a0p\u00e9rdidas\u00a0de 5.000 millones de euros. Es decir, este mes de retraso que acumula con algunos pa\u00edses competidores implicar\u00eda una p\u00e9rdida potencial de unos 20.000 millones.<\/p>\n<p>Ante tal escenario de feroz competencia entre los pa\u00edses miembro, Pedro S\u00e1nchez ha tomado la decisi\u00f3n de adelantar la fecha, siendo la presente semana la \u00faltima de encerramiento respecto al resto de la Zona Euro. Esta fecha supone adelantar unos d\u00edas la llegada de turistas, prevista de manera normalizada a partir del 1 de julio, la fecha en que nuestro pa\u00eds ten\u00eda pensado permitir la libre circulaci\u00f3n con la Uni\u00f3n Europea.<\/p>\n<p>Para el sector tur\u00edstico esta noticia es positiva, pero\u00a0<strong>insuficiente al perder ventaja a los pa\u00edses competidores y por los cambios continuos de criterio<\/strong>, puesto que el mismo viernes el ministro de Sanidad, Salvador Illa, mantuvo el d\u00eda 1 de julio como fecha de reapertura.<\/p>\n<p>Alberto N\u00fa\u00f1ez Feij\u00f3o ha sido uno de los primeros en plantear la necesidad de establecer un marco legal para la movilidad, que evite que la libre circulaci\u00f3n de ciudadanos de lugares con m\u00e1s n\u00famero de contagios como Madrid o Barcelona puedan suponer un riesgo de expansi\u00f3n a otros territorios.<\/p>\n<p>El Ejecutivo ha repetido que el estado de alarma es la \u00fanica figura jur\u00eddica que permite limitar el derecho constitucional de libre circulaci\u00f3n. Por ello, una vez expire el 21 la \u00faltima pr\u00f3rroga no hay forma legal de evitar que los espa\u00f1oles se muevan por todo el territorio nacional. S\u00ed podr\u00edan decretarse el confinamiento de parte de alguna poblaci\u00f3n en caso de rebrote y con orden judicial, en el marco de la ley de Salud P\u00fablica.<\/p>\n<p><span class=\"bctt-click-to-tweet\"><span class=\"bctt-ctt-text\"><span class='bctt-click-to-tweet'><span class='bctt-ctt-text'><a href='https:\/\/twitter.com\/intent\/tweet?url=https%3A%2F%2Fconversesacatalunya.cat%2Fes%2Fel-turismo-en-espana-empieza-con-riesgos-e-incertidumbre%2F&#038;text=La%20mayor%C3%ADa%20de%20pa%C3%ADses%20de%20la%20Uni%C3%B3n%20Europea%20reabren%20sus%20fronteras%20esta%20misma%20semana%2C%20suponiendo%20un%20duro%20golpe%20para%20el%20turismo%20espa%C3%B1ol&#038;via=conversesacat&#038;related=conversesacat' target='_blank'rel=\"noopener noreferrer\">La mayor\u00eda de pa\u00edses de la Uni\u00f3n Europea reabren sus fronteras esta misma semana, suponiendo un duro golpe para el turismo espa\u00f1ol <\/a><\/span><a href='https:\/\/twitter.com\/intent\/tweet?url=https%3A%2F%2Fconversesacatalunya.cat%2Fes%2Fel-turismo-en-espana-empieza-con-riesgos-e-incertidumbre%2F&#038;text=La%20mayor%C3%ADa%20de%20pa%C3%ADses%20de%20la%20Uni%C3%B3n%20Europea%20reabren%20sus%20fronteras%20esta%20misma%20semana%2C%20suponiendo%20un%20duro%20golpe%20para%20el%20turismo%20espa%C3%B1ol&#038;via=conversesacat&#038;related=conversesacat' target='_blank' class='bctt-ctt-btn'rel=\"noopener noreferrer\">Compartir en X<\/a><\/span><\/span><\/span><\/p>\n<\/div>\n<p>&nbsp;<\/p>\n<div id=\"polls-55\" class=\"wp-polls\">\n\t<form id=\"polls_form_55\" class=\"wp-polls-form\" action=\"\/index.php\" method=\"post\">\n\t\t<p style=\"display: none;\"><input type=\"hidden\" id=\"poll_55_nonce\" name=\"wp-polls-nonce\" value=\"35d3b51f6d\" \/><\/p>\n\t\t<p style=\"display: none;\"><input type=\"hidden\" name=\"poll_id\" value=\"55\" \/><\/p>\n\t\t<p style=\"text-align: center\"><strong>La normalitzaci\u00f3 i apertura de fronteres a partir del 21 de juny, creus que generar\u00e0 nous rebrots d'import\u00e0ncia?<\/strong><\/p><div id=\"polls-55-ans\" class=\"wp-polls-ans\"><ul class=\"wp-polls-ul\">\n\t\t<li><input type=\"radio\" id=\"poll-answer-116\" name=\"poll_55\" value=\"116\" \/> <label for=\"poll-answer-116\">Si<\/label><\/li>\n\t\t<li><input type=\"radio\" id=\"poll-answer-117\" name=\"poll_55\" value=\"117\" \/> <label for=\"poll-answer-117\">No<\/label><\/li>\n\t\t<\/ul><p style=\"text-align: center\"><input type=\"button\" name=\"vote\" value=\"   Vota   \" class=\"Buttons\" onclick=\"poll_vote(55);\" \/><\/p><p style=\"text-align: center\"><a href=\"#ViewPollResults\" onclick=\"poll_result(55); return false;\" title=\"View Results Of This Poll\">Mira els resultats<\/a><\/p><\/div>\n\t<\/form>\n<\/div>\n<div id=\"polls-55-loading\" class=\"wp-polls-loading\"><img decoding=\"async\" data-src=\"https:\/\/conversesacatalunya.cat\/wp-content\/plugins\/wp-polls\/images\/loading.gif\" width=\"16\" height=\"16\" alt=\"Cargando ...\" title=\"Cargando ...\" class=\"wp-polls-image lazyload\" src=\"data:image\/svg+xml;base64,PHN2ZyB3aWR0aD0iMSIgaGVpZ2h0PSIxIiB4bWxucz0iaHR0cDovL3d3dy53My5vcmcvMjAwMC9zdmciPjwvc3ZnPg==\" style=\"--smush-placeholder-width: 16px; --smush-placeholder-aspect-ratio: 16\/16;\" \/>&nbsp;Cargando ...<\/div>\n\n","protected":false},"excerpt":{"rendered":"<p>Espa\u00f1a, sin protocolos establecidos para el turismo, ten\u00eda fijada la reapertura de las fronteras en dos semanas con el objetivo de reducir el impacto econ\u00f3mico de la pandemia. Sin embargo,\u00a0la mayor\u00eda de pa\u00edses de la Uni\u00f3n Europea reabren sus fronteras esta misma semana, suponiendo un duro golpe para el turismo espa\u00f1ol. Entre los cuales, se encuentran competidores directos en materia de turismo: Italia, Grecia y Portugal. Por ahora, Italia ya ha arrancado el turismo. Lo hizo el 3 de junio y sin cuarentena. Croacia reabri\u00f3 el 28 de mayo a 10 pa\u00edses, entre ellos Alemania, segundo mayor emisor hacia Espa\u00f1a, y desde este lunes lo har\u00e1 para toda la UE, incluido el Reino Unido, y tambi\u00e9n sin obligaci\u00f3n de cuarentena. Portugal ya recibe turistas desde el 6 de junio de pa\u00edses seleccionados y el 15 de junio lo ampliar\u00e1.\u00a0 Mientras, Grecia lo tiene programado para hoy tambi\u00e9n con 29 pa\u00edses, una lista que se ampliar\u00e1 antes del 1 de julio. En muchos pa\u00edses de la Uni\u00f3n Europea la temporada vacacional comienza ya en junio, por lo que esas semanas de retraso del turismo implican\u00a0p\u00e9rdidas de ingresos millonarias. Seg\u00fan Exceltur, cada semana sin turismo en Espa\u00f1a significa unas\u00a0p\u00e9rdidas\u00a0de 5.000 millones de euros. Es decir, este mes de retraso que acumula con algunos pa\u00edses competidores implicar\u00eda una p\u00e9rdida potencial de unos 20.000 millones. Ante tal escenario de feroz competencia entre los pa\u00edses miembro, Pedro S\u00e1nchez ha tomado la decisi\u00f3n de adelantar la fecha, siendo la presente semana la \u00faltima de encerramiento respecto al resto de la Zona Euro. Esta fecha supone adelantar unos d\u00edas la llegada de turistas, prevista de manera normalizada a partir del 1 de julio, la fecha en que nuestro pa\u00eds ten\u00eda pensado permitir la libre circulaci\u00f3n con la Uni\u00f3n Europea. Para el sector tur\u00edstico esta noticia es positiva, pero\u00a0insuficiente al perder ventaja a los pa\u00edses competidores y por los cambios continuos de criterio, puesto que el mismo viernes el ministro de Sanidad, Salvador Illa, mantuvo el d\u00eda 1 de julio como fecha de reapertura. Alberto N\u00fa\u00f1ez Feij\u00f3o ha sido uno de los primeros en plantear la necesidad de establecer un marco legal para la movilidad, que evite que la libre circulaci\u00f3n de ciudadanos de lugares con m\u00e1s n\u00famero de contagios como Madrid o Barcelona puedan suponer un riesgo de expansi\u00f3n a otros territorios. El Ejecutivo ha repetido que el estado de alarma es la \u00fanica figura jur\u00eddica que permite limitar el derecho constitucional de libre circulaci\u00f3n. Por ello, una vez expire el 21 la \u00faltima pr\u00f3rroga no hay forma legal de evitar que los espa\u00f1oles se muevan por todo el territorio nacional. S\u00ed podr\u00edan decretarse el confinamiento de parte de alguna poblaci\u00f3n en caso de rebrote y con orden judicial, en el marco de la ley de Salud P\u00fablica. &nbsp;<\/p>\n","protected":false},"author":20,"featured_media":37308,"comment_status":"open","ping_status":"open","sticky":false,"template":"","format":"standard","meta":{"_FSMCFIC_featured_image_caption":"","_FSMCFIC_featured_image_nocaption":"","_FSMCFIC_featured_image_hide":"","footnotes":""},"categories":[806],"tags":[831,848,2231],"class_list":["post-37339","post","type-post","status-publish","format-standard","has-post-thumbnail","hentry","category-punts-claus-del-dia-es","tag-economia-es","tag-turisme-es","tag-turismo"],"yoast_head":"<!-- This site is optimized with the Yoast SEO plugin v26.8 - https:\/\/yoast.com\/product\/yoast-seo-wordpress\/ -->\n<title>El turismo en Espa\u00f1a empieza con riesgos e incertidumbre -<\/title>\n<meta name=\"description\" content=\"Mientras que la mayor\u00eda de pa\u00edses de la Uni\u00f3n Europea est\u00e1n reabriendo sus fronteras para admitir la reapertura del turismo intercomunitario, Espa\u00f1a sigue cerrada\" \/>\n<meta name=\"robots\" content=\"index, follow, max-snippet:-1, max-image-preview:large, max-video-preview:-1\" \/>\n<link rel=\"canonical\" href=\"https:\/\/conversesacatalunya.cat\/es\/el-turismo-en-espana-empieza-con-riesgos-e-incertidumbre\/\" \/>\n<meta property=\"og:locale\" content=\"es_ES\" \/>\n<meta property=\"og:type\" content=\"article\" \/>\n<meta property=\"og:title\" content=\"El turismo en Espa\u00f1a empieza con riesgos e incertidumbre -\" \/>\n<meta property=\"og:description\" content=\"Mientras que la mayor\u00eda de pa\u00edses de la Uni\u00f3n Europea est\u00e1n reabriendo sus fronteras para admitir la reapertura del turismo intercomunitario, Espa\u00f1a sigue cerrada\" \/>\n<meta property=\"og:url\" content=\"https:\/\/conversesacatalunya.cat\/es\/el-turismo-en-espana-empieza-con-riesgos-e-incertidumbre\/\" \/>\n<meta property=\"og:site_name\" content=\"Converses a Catalunya\" \/>\n<meta property=\"article:published_time\" content=\"2020-06-15T04:00:07+00:00\" \/>\n<meta property=\"article:modified_time\" content=\"2020-06-16T08:47:47+00:00\" \/>\n<meta property=\"og:image\" content=\"https:\/\/conversesacatalunya.cat\/wp-content\/uploads\/2020\/06\/Capture-6.png\" \/>\n\t<meta property=\"og:image:width\" content=\"709\" \/>\n\t<meta property=\"og:image:height\" content=\"516\" \/>\n\t<meta property=\"og:image:type\" content=\"image\/png\" \/>\n<meta name=\"author\" content=\"conversesacatalunya\" \/>\n<meta name=\"twitter:card\" content=\"summary_large_image\" \/>\n<meta name=\"twitter:label1\" content=\"Escrito por\" \/>\n\t<meta name=\"twitter:data1\" content=\"conversesacatalunya\" \/>\n\t<meta name=\"twitter:label2\" content=\"Tiempo de lectura\" \/>\n\t<meta name=\"twitter:data2\" content=\"3 minutos\" \/>\n<script type=\"application\/ld+json\" class=\"yoast-schema-graph\">{\"@context\":\"https:\/\/schema.org\",\"@graph\":[{\"@type\":\"Article\",\"@id\":\"https:\/\/conversesacatalunya.cat\/es\/el-turismo-en-espana-empieza-con-riesgos-e-incertidumbre\/#article\",\"isPartOf\":{\"@id\":\"https:\/\/conversesacatalunya.cat\/es\/el-turismo-en-espana-empieza-con-riesgos-e-incertidumbre\/\"},\"author\":{\"name\":\"conversesacatalunya\",\"@id\":\"https:\/\/conversesacatalunya.cat\/#\/schema\/person\/a7a9496a363cd9847daf7cd659d92e64\"},\"headline\":\"El turismo en Espa\u00f1a empieza con riesgos e incertidumbre\",\"datePublished\":\"2020-06-15T04:00:07+00:00\",\"dateModified\":\"2020-06-16T08:47:47+00:00\",\"mainEntityOfPage\":{\"@id\":\"https:\/\/conversesacatalunya.cat\/es\/el-turismo-en-espana-empieza-con-riesgos-e-incertidumbre\/\"},\"wordCount\":544,\"commentCount\":0,\"image\":{\"@id\":\"https:\/\/conversesacatalunya.cat\/es\/el-turismo-en-espana-empieza-con-riesgos-e-incertidumbre\/#primaryimage\"},\"thumbnailUrl\":\"https:\/\/conversesacatalunya.cat\/wp-content\/uploads\/2020\/06\/Capture-6.png\",\"keywords\":[\"Economia\",\"Turisme\",\"Turismo\"],\"articleSection\":[\"Punts clau del dia (ES)\"],\"inLanguage\":\"es\",\"potentialAction\":[{\"@type\":\"CommentAction\",\"name\":\"Comment\",\"target\":[\"https:\/\/conversesacatalunya.cat\/es\/el-turismo-en-espana-empieza-con-riesgos-e-incertidumbre\/#respond\"]}]},{\"@type\":\"WebPage\",\"@id\":\"https:\/\/conversesacatalunya.cat\/es\/el-turismo-en-espana-empieza-con-riesgos-e-incertidumbre\/\",\"url\":\"https:\/\/conversesacatalunya.cat\/es\/el-turismo-en-espana-empieza-con-riesgos-e-incertidumbre\/\",\"name\":\"El turismo en Espa\u00f1a empieza con riesgos e incertidumbre -\",\"isPartOf\":{\"@id\":\"https:\/\/conversesacatalunya.cat\/#website\"},\"primaryImageOfPage\":{\"@id\":\"https:\/\/conversesacatalunya.cat\/es\/el-turismo-en-espana-empieza-con-riesgos-e-incertidumbre\/#primaryimage\"},\"image\":{\"@id\":\"https:\/\/conversesacatalunya.cat\/es\/el-turismo-en-espana-empieza-con-riesgos-e-incertidumbre\/#primaryimage\"},\"thumbnailUrl\":\"https:\/\/conversesacatalunya.cat\/wp-content\/uploads\/2020\/06\/Capture-6.png\",\"datePublished\":\"2020-06-15T04:00:07+00:00\",\"dateModified\":\"2020-06-16T08:47:47+00:00\",\"author\":{\"@id\":\"https:\/\/conversesacatalunya.cat\/#\/schema\/person\/a7a9496a363cd9847daf7cd659d92e64\"},\"description\":\"Mientras que la mayor\u00eda de pa\u00edses de la Uni\u00f3n Europea est\u00e1n reabriendo sus fronteras para admitir la reapertura del turismo intercomunitario, Espa\u00f1a sigue cerrada\",\"breadcrumb\":{\"@id\":\"https:\/\/conversesacatalunya.cat\/es\/el-turismo-en-espana-empieza-con-riesgos-e-incertidumbre\/#breadcrumb\"},\"inLanguage\":\"es\",\"potentialAction\":[{\"@type\":\"ReadAction\",\"target\":[\"https:\/\/conversesacatalunya.cat\/es\/el-turismo-en-espana-empieza-con-riesgos-e-incertidumbre\/\"]}]},{\"@type\":\"ImageObject\",\"inLanguage\":\"es\",\"@id\":\"https:\/\/conversesacatalunya.cat\/es\/el-turismo-en-espana-empieza-con-riesgos-e-incertidumbre\/#primaryimage\",\"url\":\"https:\/\/conversesacatalunya.cat\/wp-content\/uploads\/2020\/06\/Capture-6.png\",\"contentUrl\":\"https:\/\/conversesacatalunya.cat\/wp-content\/uploads\/2020\/06\/Capture-6.png\",\"width\":709,\"height\":516,\"caption\":\"Espanya\"},{\"@type\":\"BreadcrumbList\",\"@id\":\"https:\/\/conversesacatalunya.cat\/es\/el-turismo-en-espana-empieza-con-riesgos-e-incertidumbre\/#breadcrumb\",\"itemListElement\":[{\"@type\":\"ListItem\",\"position\":1,\"name\":\"Inici\",\"item\":\"https:\/\/conversesacatalunya.cat\/es\/\"},{\"@type\":\"ListItem\",\"position\":2,\"name\":\"El turismo en Espa\u00f1a empieza con riesgos e incertidumbre\"}]},{\"@type\":\"WebSite\",\"@id\":\"https:\/\/conversesacatalunya.cat\/#website\",\"url\":\"https:\/\/conversesacatalunya.cat\/\",\"name\":\"Converses a Catalunya\",\"description\":\"\",\"potentialAction\":[{\"@type\":\"SearchAction\",\"target\":{\"@type\":\"EntryPoint\",\"urlTemplate\":\"https:\/\/conversesacatalunya.cat\/?s={search_term_string}\"},\"query-input\":{\"@type\":\"PropertyValueSpecification\",\"valueRequired\":true,\"valueName\":\"search_term_string\"}}],\"inLanguage\":\"es\"},{\"@type\":\"Person\",\"@id\":\"https:\/\/conversesacatalunya.cat\/#\/schema\/person\/a7a9496a363cd9847daf7cd659d92e64\",\"name\":\"conversesacatalunya\",\"image\":{\"@type\":\"ImageObject\",\"inLanguage\":\"es\",\"@id\":\"https:\/\/conversesacatalunya.cat\/#\/schema\/person\/image\/\",\"url\":\"https:\/\/conversesacatalunya.cat\/wp-content\/litespeed\/avatar\/ff91582b44ff9c880dc9c5ac2f5c7e89.jpg?ver=1777372947\",\"contentUrl\":\"https:\/\/conversesacatalunya.cat\/wp-content\/litespeed\/avatar\/ff91582b44ff9c880dc9c5ac2f5c7e89.jpg?ver=1777372947\",\"caption\":\"conversesacatalunya\"},\"url\":\"https:\/\/conversesacatalunya.cat\/es\/author\/francisco_garcia\/\"}]}<\/script>\n<!-- \/ Yoast SEO plugin. -->","yoast_head_json":{"title":"El turismo en Espa\u00f1a empieza con riesgos e incertidumbre -","description":"Mientras que la mayor\u00eda de pa\u00edses de la Uni\u00f3n Europea est\u00e1n reabriendo sus fronteras para admitir la reapertura del turismo intercomunitario, Espa\u00f1a sigue cerrada","robots":{"index":"index","follow":"follow","max-snippet":"max-snippet:-1","max-image-preview":"max-image-preview:large","max-video-preview":"max-video-preview:-1"},"canonical":"https:\/\/conversesacatalunya.cat\/es\/el-turismo-en-espana-empieza-con-riesgos-e-incertidumbre\/","og_locale":"es_ES","og_type":"article","og_title":"El turismo en Espa\u00f1a empieza con riesgos e incertidumbre -","og_description":"Mientras que la mayor\u00eda de pa\u00edses de la Uni\u00f3n Europea est\u00e1n reabriendo sus fronteras para admitir la reapertura del turismo intercomunitario, Espa\u00f1a sigue cerrada","og_url":"https:\/\/conversesacatalunya.cat\/es\/el-turismo-en-espana-empieza-con-riesgos-e-incertidumbre\/","og_site_name":"Converses a Catalunya","article_published_time":"2020-06-15T04:00:07+00:00","article_modified_time":"2020-06-16T08:47:47+00:00","og_image":[{"width":709,"height":516,"url":"https:\/\/conversesacatalunya.cat\/wp-content\/uploads\/2020\/06\/Capture-6.png","type":"image\/png"}],"author":"conversesacatalunya","twitter_card":"summary_large_image","twitter_misc":{"Escrito por":"conversesacatalunya","Tiempo de lectura":"3 minutos"},"schema":{"@context":"https:\/\/schema.org","@graph":[{"@type":"Article","@id":"https:\/\/conversesacatalunya.cat\/es\/el-turismo-en-espana-empieza-con-riesgos-e-incertidumbre\/#article","isPartOf":{"@id":"https:\/\/conversesacatalunya.cat\/es\/el-turismo-en-espana-empieza-con-riesgos-e-incertidumbre\/"},"author":{"name":"conversesacatalunya","@id":"https:\/\/conversesacatalunya.cat\/#\/schema\/person\/a7a9496a363cd9847daf7cd659d92e64"},"headline":"El turismo en Espa\u00f1a empieza con riesgos e incertidumbre","datePublished":"2020-06-15T04:00:07+00:00","dateModified":"2020-06-16T08:47:47+00:00","mainEntityOfPage":{"@id":"https:\/\/conversesacatalunya.cat\/es\/el-turismo-en-espana-empieza-con-riesgos-e-incertidumbre\/"},"wordCount":544,"commentCount":0,"image":{"@id":"https:\/\/conversesacatalunya.cat\/es\/el-turismo-en-espana-empieza-con-riesgos-e-incertidumbre\/#primaryimage"},"thumbnailUrl":"https:\/\/conversesacatalunya.cat\/wp-content\/uploads\/2020\/06\/Capture-6.png","keywords":["Economia","Turisme","Turismo"],"articleSection":["Punts clau del dia (ES)"],"inLanguage":"es","potentialAction":[{"@type":"CommentAction","name":"Comment","target":["https:\/\/conversesacatalunya.cat\/es\/el-turismo-en-espana-empieza-con-riesgos-e-incertidumbre\/#respond"]}]},{"@type":"WebPage","@id":"https:\/\/conversesacatalunya.cat\/es\/el-turismo-en-espana-empieza-con-riesgos-e-incertidumbre\/","url":"https:\/\/conversesacatalunya.cat\/es\/el-turismo-en-espana-empieza-con-riesgos-e-incertidumbre\/","name":"El turismo en Espa\u00f1a empieza con riesgos e incertidumbre -","isPartOf":{"@id":"https:\/\/conversesacatalunya.cat\/#website"},"primaryImageOfPage":{"@id":"https:\/\/conversesacatalunya.cat\/es\/el-turismo-en-espana-empieza-con-riesgos-e-incertidumbre\/#primaryimage"},"image":{"@id":"https:\/\/conversesacatalunya.cat\/es\/el-turismo-en-espana-empieza-con-riesgos-e-incertidumbre\/#primaryimage"},"thumbnailUrl":"https:\/\/conversesacatalunya.cat\/wp-content\/uploads\/2020\/06\/Capture-6.png","datePublished":"2020-06-15T04:00:07+00:00","dateModified":"2020-06-16T08:47:47+00:00","author":{"@id":"https:\/\/conversesacatalunya.cat\/#\/schema\/person\/a7a9496a363cd9847daf7cd659d92e64"},"description":"Mientras que la mayor\u00eda de pa\u00edses de la Uni\u00f3n Europea est\u00e1n reabriendo sus fronteras para admitir la reapertura del turismo intercomunitario, Espa\u00f1a sigue cerrada","breadcrumb":{"@id":"https:\/\/conversesacatalunya.cat\/es\/el-turismo-en-espana-empieza-con-riesgos-e-incertidumbre\/#breadcrumb"},"inLanguage":"es","potentialAction":[{"@type":"ReadAction","target":["https:\/\/conversesacatalunya.cat\/es\/el-turismo-en-espana-empieza-con-riesgos-e-incertidumbre\/"]}]},{"@type":"ImageObject","inLanguage":"es","@id":"https:\/\/conversesacatalunya.cat\/es\/el-turismo-en-espana-empieza-con-riesgos-e-incertidumbre\/#primaryimage","url":"https:\/\/conversesacatalunya.cat\/wp-content\/uploads\/2020\/06\/Capture-6.png","contentUrl":"https:\/\/conversesacatalunya.cat\/wp-content\/uploads\/2020\/06\/Capture-6.png","width":709,"height":516,"caption":"Espanya"},{"@type":"BreadcrumbList","@id":"https:\/\/conversesacatalunya.cat\/es\/el-turismo-en-espana-empieza-con-riesgos-e-incertidumbre\/#breadcrumb","itemListElement":[{"@type":"ListItem","position":1,"name":"Inici","item":"https:\/\/conversesacatalunya.cat\/es\/"},{"@type":"ListItem","position":2,"name":"El turismo en Espa\u00f1a empieza con riesgos e incertidumbre"}]},{"@type":"WebSite","@id":"https:\/\/conversesacatalunya.cat\/#website","url":"https:\/\/conversesacatalunya.cat\/","name":"Converses a Catalunya","description":"","potentialAction":[{"@type":"SearchAction","target":{"@type":"EntryPoint","urlTemplate":"https:\/\/conversesacatalunya.cat\/?s={search_term_string}"},"query-input":{"@type":"PropertyValueSpecification","valueRequired":true,"valueName":"search_term_string"}}],"inLanguage":"es"},{"@type":"Person","@id":"https:\/\/conversesacatalunya.cat\/#\/schema\/person\/a7a9496a363cd9847daf7cd659d92e64","name":"conversesacatalunya","image":{"@type":"ImageObject","inLanguage":"es","@id":"https:\/\/conversesacatalunya.cat\/#\/schema\/person\/image\/","url":"https:\/\/conversesacatalunya.cat\/wp-content\/litespeed\/avatar\/ff91582b44ff9c880dc9c5ac2f5c7e89.jpg?ver=1777372947","contentUrl":"https:\/\/conversesacatalunya.cat\/wp-content\/litespeed\/avatar\/ff91582b44ff9c880dc9c5ac2f5c7e89.jpg?ver=1777372947","caption":"conversesacatalunya"},"url":"https:\/\/conversesacatalunya.cat\/es\/author\/francisco_garcia\/"}]}},"wps_subtitle":"Mientras que la mayor\u00eda de pa\u00edses de la Uni\u00f3n Europea est\u00e1n reabriendo sus fronteras para admitir la reapertura del turismo intercomunitario, Espa\u00f1a sigue con sus fronteras cerradas","_links":{"self":[{"href":"https:\/\/conversesacatalunya.cat\/es\/wp-json\/wp\/v2\/posts\/37339","targetHints":{"allow":["GET"]}}],"collection":[{"href":"https:\/\/conversesacatalunya.cat\/es\/wp-json\/wp\/v2\/posts"}],"about":[{"href":"https:\/\/conversesacatalunya.cat\/es\/wp-json\/wp\/v2\/types\/post"}],"author":[{"embeddable":true,"href":"https:\/\/conversesacatalunya.cat\/es\/wp-json\/wp\/v2\/users\/20"}],"replies":[{"embeddable":true,"href":"https:\/\/conversesacatalunya.cat\/es\/wp-json\/wp\/v2\/comments?post=37339"}],"version-history":[{"count":3,"href":"https:\/\/conversesacatalunya.cat\/es\/wp-json\/wp\/v2\/posts\/37339\/revisions"}],"predecessor-version":[{"id":37382,"href":"https:\/\/conversesacatalunya.cat\/es\/wp-json\/wp\/v2\/posts\/37339\/revisions\/37382"}],"wp:featuredmedia":[{"embeddable":true,"href":"https:\/\/conversesacatalunya.cat\/es\/wp-json\/wp\/v2\/media\/37308"}],"wp:attachment":[{"href":"https:\/\/conversesacatalunya.cat\/es\/wp-json\/wp\/v2\/media?parent=37339"}],"wp:term":[{"taxonomy":"category","embeddable":true,"href":"https:\/\/conversesacatalunya.cat\/es\/wp-json\/wp\/v2\/categories?post=37339"},{"taxonomy":"post_tag","embeddable":true,"href":"https:\/\/conversesacatalunya.cat\/es\/wp-json\/wp\/v2\/tags?post=37339"}],"curies":[{"name":"wp","href":"https:\/\/api.w.org\/{rel}","templated":true}]}}