{"id":37280,"date":"2020-06-12T12:54:21","date_gmt":"2020-06-12T10:54:21","guid":{"rendered":"https:\/\/conversesacatalunya.cat\/turisme-desescalar-a-cegues\/"},"modified":"2020-06-12T15:50:58","modified_gmt":"2020-06-12T13:50:58","slug":"turismo-desescalar-a-ciegas","status":"publish","type":"post","link":"https:\/\/conversesacatalunya.cat\/es\/turismo-desescalar-a-ciegas\/","title":{"rendered":"Turismo: desescalar a ciegas"},"content":{"rendered":"<p>El gobierno espa\u00f1ol no goza de una buena imagen internacional por la forma en que ha abordado y resuelto la pandemia, a diferencia de Grecia y Portugal. Y este hecho perjudicar\u00e1 gravemente al turismo. Lo peor de todo es que sigue en esta l\u00ednea que ciertamente no ayuda.<\/p>\n<p>Por un lado, es el pa\u00eds que m\u00e1s prolonga el cierre de fronteras<strong> hasta el 1 de julio<\/strong>. Esta decisi\u00f3n podr\u00eda ser vista como la actitud de un gobierno prudente, pero tal posibilidad queda da\u00f1ada por el desorden que preside la informaci\u00f3n oficial sobre el Covid-19. Hay incertidumbre en el n\u00famero de casos que se han producido. Ahora mismo se han incorporado de golpe unos cuantos miles que hasta ahora no hab\u00edan sido contabilizados. Tambi\u00e9n se mueve continuamente la fecha en la que la pandemia se transform\u00f3 en un hecho local y ahora ya se retrocede incluso al mes de enero, lo que pone en evidencia la calidad de la red de detecci\u00f3n epidemiol\u00f3gica espa\u00f1ola y la capacidad del gobierno para alertar de la situaci\u00f3n en cada momento. Pero, posiblemente, el esc\u00e1ndalo mayor sea el relacionado con la cifra de muertos. Hace d\u00edas que est\u00e1 clavada en poco m\u00e1s de 27.000 muertos, cuando varias fuentes, el sistema MoMo, el INE y el control de defunciones de las empresas funerarias, lo sit\u00faan por encima de los 40.000. Y todo ello con el agravante de que como ha sido uno de los pa\u00edses con m\u00e1s v\u00edas de confinamiento severo, <a href=\"https:\/\/conversesacatalunya.cat\/bde-espanya-no-sortira-de-la-crisi-fins-al-2023\/\" target=\"_blank\" rel=\"noopener noreferrer\">nuestras previsiones econ\u00f3micas<\/a> son de las peores del mundo.<\/p>\n<p><strong>El turismo necesita la imagen de un pa\u00eds seguro, fiable y previsible<\/strong>, y desgraciadamente no es el caso. Ahora mismo la desescalada se est\u00e1 produciendo a ciegas por falta de suficientes diagn\u00f3sticos <strong>PCR<\/strong>. Y quedamos en manos de los brotes que se pueden producir y que ya han explotado, como son los casos de Lleida, el Pa\u00eds Vasco o Santander. Se controlan, evidentemente, pero prolongan la imagen de un pa\u00eds que no logra limpiarse del coronavirus.<\/p>\n<p><strong>Con los PCR sucede ahora lo mismo que con las mascarillas<\/strong> al inicio de la pandemia. Las voces oficiales, incluidas personal m\u00e9dico, las desaconsejaban y han acabado siendo obligatorias. Ahora a saber por qu\u00e9 en lugar de ir a un masivo diagn\u00f3stico por PCR, se considera que ir haciendo ya est\u00e1 bien. Un especialista reconocido como es el doctor Antoni Trilla consideraba en un art\u00edculo en <strong>La Vanguardia del 3 de junio<\/strong> que era una exageraci\u00f3n poco eficiente que <strong>Wuhan<\/strong> hubiera hecho en pocos d\u00edas 6 millones de PCR, que le habr\u00edan servido para detectar 200 casos asintom\u00e1ticos. Posiblemente aplicar la medida al 100% de la poblaci\u00f3n es excesivo, pero en todo caso ha servido para identificar el problema m\u00e1s grande que complicar\u00e1 la desescalada: los portadores que no sufren s\u00edntomas. Y en este caso, entre pecar por exceso o por defecto, es mejor pasarse de mucho que no llegar.<\/p>\n<p>Wuhan es un territorio donde la pandemia ha sido pr\u00e1cticamente erradicada, y a pesar de ello se han detectado 200 casos asintom\u00e1ticos. \u00bfCu\u00e1ntos habr\u00e1 circulando por Catalu\u00f1a, si estamos en una situaci\u00f3n mucho m\u00e1s dif\u00edcil y tenemos una poblaci\u00f3n similar? 500, 700, 1.500? Sencillamente no lo sabemos, pero son personas que, en cualquier momento, pueden generar nuevos focos. Si adem\u00e1s coinciden con poblaci\u00f3n joven, poco propensa al uso de la mascarilla y con intensas necesidades de socializar, salta a la vista que el problema est\u00e1 sobre la mesa y que todo es muy incierto.<\/p>\n<p style=\"text-align: center;\">M\u00e1s informaci\u00f3n sobre el coronavirus en <a href=\"https:\/\/conversesacatalunya.cat\/es\/coronavirus\/\" target=\"_blank\" rel=\"noopener noreferrer\"><strong>ESPECIAL CORONAVIRUS<\/strong><\/a><\/p>\n<div id=\"polls-54\" class=\"wp-polls\">\n\t<form id=\"polls_form_54\" class=\"wp-polls-form\" action=\"\/index.php\" method=\"post\">\n\t\t<p style=\"display: none;\"><input type=\"hidden\" id=\"poll_54_nonce\" name=\"wp-polls-nonce\" value=\"5d29166316\" \/><\/p>\n\t\t<p style=\"display: none;\"><input type=\"hidden\" name=\"poll_id\" value=\"54\" \/><\/p>\n\t\t<p style=\"text-align: center\"><strong>El nostre pa\u00eds \u00e9s racista?<\/strong><\/p><div id=\"polls-54-ans\" class=\"wp-polls-ans\"><ul class=\"wp-polls-ul\">\n\t\t<li><input type=\"radio\" id=\"poll-answer-114\" name=\"poll_54\" value=\"114\" \/> <label for=\"poll-answer-114\">Si<\/label><\/li>\n\t\t<li><input type=\"radio\" id=\"poll-answer-115\" name=\"poll_54\" value=\"115\" \/> <label for=\"poll-answer-115\">No<\/label><\/li>\n\t\t<\/ul><p style=\"text-align: center\"><input type=\"button\" name=\"vote\" value=\"   Vota   \" class=\"Buttons\" onclick=\"poll_vote(54);\" \/><\/p><p style=\"text-align: center\"><a href=\"#ViewPollResults\" onclick=\"poll_result(54); return false;\" title=\"View Results Of This Poll\">Mira els resultats<\/a><\/p><\/div>\n\t<\/form>\n<\/div>\n<div id=\"polls-54-loading\" class=\"wp-polls-loading\"><img decoding=\"async\" data-src=\"https:\/\/conversesacatalunya.cat\/wp-content\/plugins\/wp-polls\/images\/loading.gif\" width=\"16\" height=\"16\" alt=\"Cargando ...\" title=\"Cargando ...\" class=\"wp-polls-image lazyload\" src=\"data:image\/svg+xml;base64,PHN2ZyB3aWR0aD0iMSIgaGVpZ2h0PSIxIiB4bWxucz0iaHR0cDovL3d3dy53My5vcmcvMjAwMC9zdmciPjwvc3ZnPg==\" style=\"--smush-placeholder-width: 16px; --smush-placeholder-aspect-ratio: 16\/16;\" \/>&nbsp;Cargando ...<\/div>\n\n","protected":false},"excerpt":{"rendered":"<p>El gobierno espa\u00f1ol no goza de una buena imagen internacional por la forma en que ha abordado y resuelto la pandemia, a diferencia de Grecia y Portugal. Y este hecho perjudicar\u00e1 gravemente al turismo. Lo peor de todo es que sigue en esta l\u00ednea que ciertamente no ayuda. Por un lado, es el pa\u00eds que m\u00e1s prolonga el cierre de fronteras hasta el 1 de julio. Esta decisi\u00f3n podr\u00eda ser vista como la actitud de un gobierno prudente, pero tal posibilidad queda da\u00f1ada por el desorden que preside la informaci\u00f3n oficial sobre el Covid-19. Hay incertidumbre en el n\u00famero de casos que se han producido. Ahora mismo se han incorporado de golpe unos cuantos miles que hasta ahora no hab\u00edan sido contabilizados. Tambi\u00e9n se mueve continuamente la fecha en la que la pandemia se transform\u00f3 en un hecho local y ahora ya se retrocede incluso al mes de enero, lo que pone en evidencia la calidad de la red de detecci\u00f3n epidemiol\u00f3gica espa\u00f1ola y la capacidad del gobierno para alertar de la situaci\u00f3n en cada momento. Pero, posiblemente, el esc\u00e1ndalo mayor sea el relacionado con la cifra de muertos. Hace d\u00edas que est\u00e1 clavada en poco m\u00e1s de 27.000 muertos, cuando varias fuentes, el sistema MoMo, el INE y el control de defunciones de las empresas funerarias, lo sit\u00faan por encima de los 40.000. Y todo ello con el agravante de que como ha sido uno de los pa\u00edses con m\u00e1s v\u00edas de confinamiento severo, nuestras previsiones econ\u00f3micas son de las peores del mundo. El turismo necesita la imagen de un pa\u00eds seguro, fiable y previsible, y desgraciadamente no es el caso. Ahora mismo la desescalada se est\u00e1 produciendo a ciegas por falta de suficientes diagn\u00f3sticos PCR. Y quedamos en manos de los brotes que se pueden producir y que ya han explotado, como son los casos de Lleida, el Pa\u00eds Vasco o Santander. Se controlan, evidentemente, pero prolongan la imagen de un pa\u00eds que no logra limpiarse del coronavirus. Con los PCR sucede ahora lo mismo que con las mascarillas al inicio de la pandemia. Las voces oficiales, incluidas personal m\u00e9dico, las desaconsejaban y han acabado siendo obligatorias. Ahora a saber por qu\u00e9 en lugar de ir a un masivo diagn\u00f3stico por PCR, se considera que ir haciendo ya est\u00e1 bien. Un especialista reconocido como es el doctor Antoni Trilla consideraba en un art\u00edculo en La Vanguardia del 3 de junio que era una exageraci\u00f3n poco eficiente que Wuhan hubiera hecho en pocos d\u00edas 6 millones de PCR, que le habr\u00edan servido para detectar 200 casos asintom\u00e1ticos. Posiblemente aplicar la medida al 100% de la poblaci\u00f3n es excesivo, pero en todo caso ha servido para identificar el problema m\u00e1s grande que complicar\u00e1 la desescalada: los portadores que no sufren s\u00edntomas. Y en este caso, entre pecar por exceso o por defecto, es mejor pasarse de mucho que no llegar. Wuhan es un territorio donde la pandemia ha sido pr\u00e1cticamente erradicada, y a pesar de ello se han detectado 200 casos asintom\u00e1ticos. \u00bfCu\u00e1ntos habr\u00e1 circulando por Catalu\u00f1a, si estamos en una situaci\u00f3n mucho m\u00e1s dif\u00edcil y tenemos una poblaci\u00f3n similar? 500, 700, 1.500? Sencillamente no lo sabemos, pero son personas que, en cualquier momento, pueden generar nuevos focos. Si adem\u00e1s coinciden con poblaci\u00f3n joven, poco propensa al uso de la mascarilla y con intensas necesidades de socializar, salta a la vista que el problema est\u00e1 sobre la mesa y que todo es muy incierto. M\u00e1s informaci\u00f3n sobre el coronavirus en ESPECIAL CORONAVIRUS<\/p>\n","protected":false},"author":2,"featured_media":37269,"comment_status":"open","ping_status":"open","sticky":false,"template":"","format":"standard","meta":{"_FSMCFIC_featured_image_caption":"","_FSMCFIC_featured_image_nocaption":"","_FSMCFIC_featured_image_hide":"","footnotes":""},"categories":[1772,806],"tags":[1504,2269,2231],"class_list":["post-37280","post","type-post","status-publish","format-standard","has-post-thumbnail","hentry","category-especial-coronavirus-es","category-punts-claus-del-dia-es","tag-coronavirus-es","tag-desescalada","tag-turismo"],"yoast_head":"<!-- This site is optimized with the Yoast SEO plugin v26.8 - https:\/\/yoast.com\/product\/yoast-seo-wordpress\/ -->\n<title>Turismo: desescalar a ciegas - Converses a Catalunya<\/title>\n<meta name=\"robots\" content=\"index, follow, max-snippet:-1, max-image-preview:large, max-video-preview:-1\" \/>\n<link rel=\"canonical\" href=\"https:\/\/conversesacatalunya.cat\/es\/turismo-desescalar-a-ciegas\/\" \/>\n<meta property=\"og:locale\" content=\"es_ES\" \/>\n<meta property=\"og:type\" content=\"article\" \/>\n<meta property=\"og:title\" content=\"Turismo: desescalar a ciegas - Converses a Catalunya\" \/>\n<meta property=\"og:description\" content=\"El gobierno espa\u00f1ol no goza de una buena imagen internacional por la forma en que ha abordado y resuelto la pandemia, a diferencia de Grecia y Portugal. Y este hecho perjudicar\u00e1 gravemente al turismo. Lo peor de todo es que sigue en esta l\u00ednea que ciertamente no ayuda. Por un lado, es el pa\u00eds que m\u00e1s prolonga el cierre de fronteras hasta el 1 de julio. Esta decisi\u00f3n podr\u00eda ser vista como la actitud de un gobierno prudente, pero tal posibilidad queda da\u00f1ada por el desorden que preside la informaci\u00f3n oficial sobre el Covid-19. Hay incertidumbre en el n\u00famero de casos que se han producido. Ahora mismo se han incorporado de golpe unos cuantos miles que hasta ahora no hab\u00edan sido contabilizados. Tambi\u00e9n se mueve continuamente la fecha en la que la pandemia se transform\u00f3 en un hecho local y ahora ya se retrocede incluso al mes de enero, lo que pone en evidencia la calidad de la red de detecci\u00f3n epidemiol\u00f3gica espa\u00f1ola y la capacidad del gobierno para alertar de la situaci\u00f3n en cada momento. Pero, posiblemente, el esc\u00e1ndalo mayor sea el relacionado con la cifra de muertos. Hace d\u00edas que est\u00e1 clavada en poco m\u00e1s de 27.000 muertos, cuando varias fuentes, el sistema MoMo, el INE y el control de defunciones de las empresas funerarias, lo sit\u00faan por encima de los 40.000. Y todo ello con el agravante de que como ha sido uno de los pa\u00edses con m\u00e1s v\u00edas de confinamiento severo, nuestras previsiones econ\u00f3micas son de las peores del mundo. El turismo necesita la imagen de un pa\u00eds seguro, fiable y previsible, y desgraciadamente no es el caso. Ahora mismo la desescalada se est\u00e1 produciendo a ciegas por falta de suficientes diagn\u00f3sticos PCR. Y quedamos en manos de los brotes que se pueden producir y que ya han explotado, como son los casos de Lleida, el Pa\u00eds Vasco o Santander. Se controlan, evidentemente, pero prolongan la imagen de un pa\u00eds que no logra limpiarse del coronavirus. Con los PCR sucede ahora lo mismo que con las mascarillas al inicio de la pandemia. Las voces oficiales, incluidas personal m\u00e9dico, las desaconsejaban y han acabado siendo obligatorias. Ahora a saber por qu\u00e9 en lugar de ir a un masivo diagn\u00f3stico por PCR, se considera que ir haciendo ya est\u00e1 bien. Un especialista reconocido como es el doctor Antoni Trilla consideraba en un art\u00edculo en La Vanguardia del 3 de junio que era una exageraci\u00f3n poco eficiente que Wuhan hubiera hecho en pocos d\u00edas 6 millones de PCR, que le habr\u00edan servido para detectar 200 casos asintom\u00e1ticos. Posiblemente aplicar la medida al 100% de la poblaci\u00f3n es excesivo, pero en todo caso ha servido para identificar el problema m\u00e1s grande que complicar\u00e1 la desescalada: los portadores que no sufren s\u00edntomas. Y en este caso, entre pecar por exceso o por defecto, es mejor pasarse de mucho que no llegar. Wuhan es un territorio donde la pandemia ha sido pr\u00e1cticamente erradicada, y a pesar de ello se han detectado 200 casos asintom\u00e1ticos. \u00bfCu\u00e1ntos habr\u00e1 circulando por Catalu\u00f1a, si estamos en una situaci\u00f3n mucho m\u00e1s dif\u00edcil y tenemos una poblaci\u00f3n similar? 500, 700, 1.500? Sencillamente no lo sabemos, pero son personas que, en cualquier momento, pueden generar nuevos focos. Si adem\u00e1s coinciden con poblaci\u00f3n joven, poco propensa al uso de la mascarilla y con intensas necesidades de socializar, salta a la vista que el problema est\u00e1 sobre la mesa y que todo es muy incierto. M\u00e1s informaci\u00f3n sobre el coronavirus en ESPECIAL CORONAVIRUS\" \/>\n<meta property=\"og:url\" content=\"https:\/\/conversesacatalunya.cat\/es\/turismo-desescalar-a-ciegas\/\" \/>\n<meta property=\"og:site_name\" content=\"Converses a Catalunya\" \/>\n<meta property=\"article:published_time\" content=\"2020-06-12T10:54:21+00:00\" \/>\n<meta property=\"article:modified_time\" content=\"2020-06-12T13:50:58+00:00\" \/>\n<meta property=\"og:image\" content=\"https:\/\/conversesacatalunya.cat\/wp-content\/uploads\/2020\/06\/turisme-1.jpg\" \/>\n\t<meta property=\"og:image:width\" content=\"1200\" \/>\n\t<meta property=\"og:image:height\" content=\"737\" \/>\n\t<meta property=\"og:image:type\" content=\"image\/jpeg\" \/>\n<meta name=\"author\" content=\"conversesacatalunya\" \/>\n<meta name=\"twitter:card\" content=\"summary_large_image\" \/>\n<meta name=\"twitter:label1\" content=\"Escrito por\" \/>\n\t<meta name=\"twitter:data1\" content=\"conversesacatalunya\" \/>\n\t<meta name=\"twitter:label2\" content=\"Tiempo de lectura\" \/>\n\t<meta name=\"twitter:data2\" content=\"3 minutos\" \/>\n<script type=\"application\/ld+json\" class=\"yoast-schema-graph\">{\"@context\":\"https:\/\/schema.org\",\"@graph\":[{\"@type\":\"Article\",\"@id\":\"https:\/\/conversesacatalunya.cat\/es\/turismo-desescalar-a-ciegas\/#article\",\"isPartOf\":{\"@id\":\"https:\/\/conversesacatalunya.cat\/es\/turismo-desescalar-a-ciegas\/\"},\"author\":{\"name\":\"conversesacatalunya\",\"@id\":\"https:\/\/conversesacatalunya.cat\/#\/schema\/person\/7e24d1e54a2785373ddcb275eae5ed99\"},\"headline\":\"Turismo: desescalar a ciegas\",\"datePublished\":\"2020-06-12T10:54:21+00:00\",\"dateModified\":\"2020-06-12T13:50:58+00:00\",\"mainEntityOfPage\":{\"@id\":\"https:\/\/conversesacatalunya.cat\/es\/turismo-desescalar-a-ciegas\/\"},\"wordCount\":626,\"commentCount\":0,\"image\":{\"@id\":\"https:\/\/conversesacatalunya.cat\/es\/turismo-desescalar-a-ciegas\/#primaryimage\"},\"thumbnailUrl\":\"https:\/\/conversesacatalunya.cat\/wp-content\/uploads\/2020\/06\/turisme-1.jpg\",\"keywords\":[\"coronavirus\",\"desescalada\",\"Turismo\"],\"articleSection\":[\"Especial Coronavirus (ES)\",\"Punts clau del dia (ES)\"],\"inLanguage\":\"es\",\"potentialAction\":[{\"@type\":\"CommentAction\",\"name\":\"Comment\",\"target\":[\"https:\/\/conversesacatalunya.cat\/es\/turismo-desescalar-a-ciegas\/#respond\"]}]},{\"@type\":\"WebPage\",\"@id\":\"https:\/\/conversesacatalunya.cat\/es\/turismo-desescalar-a-ciegas\/\",\"url\":\"https:\/\/conversesacatalunya.cat\/es\/turismo-desescalar-a-ciegas\/\",\"name\":\"Turismo: desescalar a ciegas - Converses a Catalunya\",\"isPartOf\":{\"@id\":\"https:\/\/conversesacatalunya.cat\/#website\"},\"primaryImageOfPage\":{\"@id\":\"https:\/\/conversesacatalunya.cat\/es\/turismo-desescalar-a-ciegas\/#primaryimage\"},\"image\":{\"@id\":\"https:\/\/conversesacatalunya.cat\/es\/turismo-desescalar-a-ciegas\/#primaryimage\"},\"thumbnailUrl\":\"https:\/\/conversesacatalunya.cat\/wp-content\/uploads\/2020\/06\/turisme-1.jpg\",\"datePublished\":\"2020-06-12T10:54:21+00:00\",\"dateModified\":\"2020-06-12T13:50:58+00:00\",\"author\":{\"@id\":\"https:\/\/conversesacatalunya.cat\/#\/schema\/person\/7e24d1e54a2785373ddcb275eae5ed99\"},\"breadcrumb\":{\"@id\":\"https:\/\/conversesacatalunya.cat\/es\/turismo-desescalar-a-ciegas\/#breadcrumb\"},\"inLanguage\":\"es\",\"potentialAction\":[{\"@type\":\"ReadAction\",\"target\":[\"https:\/\/conversesacatalunya.cat\/es\/turismo-desescalar-a-ciegas\/\"]}]},{\"@type\":\"ImageObject\",\"inLanguage\":\"es\",\"@id\":\"https:\/\/conversesacatalunya.cat\/es\/turismo-desescalar-a-ciegas\/#primaryimage\",\"url\":\"https:\/\/conversesacatalunya.cat\/wp-content\/uploads\/2020\/06\/turisme-1.jpg\",\"contentUrl\":\"https:\/\/conversesacatalunya.cat\/wp-content\/uploads\/2020\/06\/turisme-1.jpg\",\"width\":1200,\"height\":737,\"caption\":\"turisme\"},{\"@type\":\"BreadcrumbList\",\"@id\":\"https:\/\/conversesacatalunya.cat\/es\/turismo-desescalar-a-ciegas\/#breadcrumb\",\"itemListElement\":[{\"@type\":\"ListItem\",\"position\":1,\"name\":\"Inici\",\"item\":\"https:\/\/conversesacatalunya.cat\/es\/\"},{\"@type\":\"ListItem\",\"position\":2,\"name\":\"Turismo: desescalar a ciegas\"}]},{\"@type\":\"WebSite\",\"@id\":\"https:\/\/conversesacatalunya.cat\/#website\",\"url\":\"https:\/\/conversesacatalunya.cat\/\",\"name\":\"Converses a Catalunya\",\"description\":\"\",\"potentialAction\":[{\"@type\":\"SearchAction\",\"target\":{\"@type\":\"EntryPoint\",\"urlTemplate\":\"https:\/\/conversesacatalunya.cat\/?s={search_term_string}\"},\"query-input\":{\"@type\":\"PropertyValueSpecification\",\"valueRequired\":true,\"valueName\":\"search_term_string\"}}],\"inLanguage\":\"es\"},{\"@type\":\"Person\",\"@id\":\"https:\/\/conversesacatalunya.cat\/#\/schema\/person\/7e24d1e54a2785373ddcb275eae5ed99\",\"name\":\"conversesacatalunya\",\"image\":{\"@type\":\"ImageObject\",\"inLanguage\":\"es\",\"@id\":\"https:\/\/conversesacatalunya.cat\/#\/schema\/person\/image\/\",\"url\":\"https:\/\/conversesacatalunya.cat\/wp-content\/litespeed\/avatar\/febdfeeec89d950f01c748045a981dd2.jpg?ver=1777314535\",\"contentUrl\":\"https:\/\/conversesacatalunya.cat\/wp-content\/litespeed\/avatar\/febdfeeec89d950f01c748045a981dd2.jpg?ver=1777314535\",\"caption\":\"conversesacatalunya\"},\"url\":\"https:\/\/conversesacatalunya.cat\/es\/author\/carme_catala\/\"}]}<\/script>\n<!-- \/ Yoast SEO plugin. -->","yoast_head_json":{"title":"Turismo: desescalar a ciegas - Converses a Catalunya","robots":{"index":"index","follow":"follow","max-snippet":"max-snippet:-1","max-image-preview":"max-image-preview:large","max-video-preview":"max-video-preview:-1"},"canonical":"https:\/\/conversesacatalunya.cat\/es\/turismo-desescalar-a-ciegas\/","og_locale":"es_ES","og_type":"article","og_title":"Turismo: desescalar a ciegas - Converses a Catalunya","og_description":"El gobierno espa\u00f1ol no goza de una buena imagen internacional por la forma en que ha abordado y resuelto la pandemia, a diferencia de Grecia y Portugal. Y este hecho perjudicar\u00e1 gravemente al turismo. Lo peor de todo es que sigue en esta l\u00ednea que ciertamente no ayuda. Por un lado, es el pa\u00eds que m\u00e1s prolonga el cierre de fronteras hasta el 1 de julio. Esta decisi\u00f3n podr\u00eda ser vista como la actitud de un gobierno prudente, pero tal posibilidad queda da\u00f1ada por el desorden que preside la informaci\u00f3n oficial sobre el Covid-19. Hay incertidumbre en el n\u00famero de casos que se han producido. Ahora mismo se han incorporado de golpe unos cuantos miles que hasta ahora no hab\u00edan sido contabilizados. Tambi\u00e9n se mueve continuamente la fecha en la que la pandemia se transform\u00f3 en un hecho local y ahora ya se retrocede incluso al mes de enero, lo que pone en evidencia la calidad de la red de detecci\u00f3n epidemiol\u00f3gica espa\u00f1ola y la capacidad del gobierno para alertar de la situaci\u00f3n en cada momento. Pero, posiblemente, el esc\u00e1ndalo mayor sea el relacionado con la cifra de muertos. Hace d\u00edas que est\u00e1 clavada en poco m\u00e1s de 27.000 muertos, cuando varias fuentes, el sistema MoMo, el INE y el control de defunciones de las empresas funerarias, lo sit\u00faan por encima de los 40.000. Y todo ello con el agravante de que como ha sido uno de los pa\u00edses con m\u00e1s v\u00edas de confinamiento severo, nuestras previsiones econ\u00f3micas son de las peores del mundo. El turismo necesita la imagen de un pa\u00eds seguro, fiable y previsible, y desgraciadamente no es el caso. Ahora mismo la desescalada se est\u00e1 produciendo a ciegas por falta de suficientes diagn\u00f3sticos PCR. Y quedamos en manos de los brotes que se pueden producir y que ya han explotado, como son los casos de Lleida, el Pa\u00eds Vasco o Santander. Se controlan, evidentemente, pero prolongan la imagen de un pa\u00eds que no logra limpiarse del coronavirus. Con los PCR sucede ahora lo mismo que con las mascarillas al inicio de la pandemia. Las voces oficiales, incluidas personal m\u00e9dico, las desaconsejaban y han acabado siendo obligatorias. Ahora a saber por qu\u00e9 en lugar de ir a un masivo diagn\u00f3stico por PCR, se considera que ir haciendo ya est\u00e1 bien. Un especialista reconocido como es el doctor Antoni Trilla consideraba en un art\u00edculo en La Vanguardia del 3 de junio que era una exageraci\u00f3n poco eficiente que Wuhan hubiera hecho en pocos d\u00edas 6 millones de PCR, que le habr\u00edan servido para detectar 200 casos asintom\u00e1ticos. Posiblemente aplicar la medida al 100% de la poblaci\u00f3n es excesivo, pero en todo caso ha servido para identificar el problema m\u00e1s grande que complicar\u00e1 la desescalada: los portadores que no sufren s\u00edntomas. Y en este caso, entre pecar por exceso o por defecto, es mejor pasarse de mucho que no llegar. Wuhan es un territorio donde la pandemia ha sido pr\u00e1cticamente erradicada, y a pesar de ello se han detectado 200 casos asintom\u00e1ticos. \u00bfCu\u00e1ntos habr\u00e1 circulando por Catalu\u00f1a, si estamos en una situaci\u00f3n mucho m\u00e1s dif\u00edcil y tenemos una poblaci\u00f3n similar? 500, 700, 1.500? Sencillamente no lo sabemos, pero son personas que, en cualquier momento, pueden generar nuevos focos. Si adem\u00e1s coinciden con poblaci\u00f3n joven, poco propensa al uso de la mascarilla y con intensas necesidades de socializar, salta a la vista que el problema est\u00e1 sobre la mesa y que todo es muy incierto. M\u00e1s informaci\u00f3n sobre el coronavirus en ESPECIAL CORONAVIRUS","og_url":"https:\/\/conversesacatalunya.cat\/es\/turismo-desescalar-a-ciegas\/","og_site_name":"Converses a Catalunya","article_published_time":"2020-06-12T10:54:21+00:00","article_modified_time":"2020-06-12T13:50:58+00:00","og_image":[{"width":1200,"height":737,"url":"https:\/\/conversesacatalunya.cat\/wp-content\/uploads\/2020\/06\/turisme-1.jpg","type":"image\/jpeg"}],"author":"conversesacatalunya","twitter_card":"summary_large_image","twitter_misc":{"Escrito por":"conversesacatalunya","Tiempo de lectura":"3 minutos"},"schema":{"@context":"https:\/\/schema.org","@graph":[{"@type":"Article","@id":"https:\/\/conversesacatalunya.cat\/es\/turismo-desescalar-a-ciegas\/#article","isPartOf":{"@id":"https:\/\/conversesacatalunya.cat\/es\/turismo-desescalar-a-ciegas\/"},"author":{"name":"conversesacatalunya","@id":"https:\/\/conversesacatalunya.cat\/#\/schema\/person\/7e24d1e54a2785373ddcb275eae5ed99"},"headline":"Turismo: desescalar a ciegas","datePublished":"2020-06-12T10:54:21+00:00","dateModified":"2020-06-12T13:50:58+00:00","mainEntityOfPage":{"@id":"https:\/\/conversesacatalunya.cat\/es\/turismo-desescalar-a-ciegas\/"},"wordCount":626,"commentCount":0,"image":{"@id":"https:\/\/conversesacatalunya.cat\/es\/turismo-desescalar-a-ciegas\/#primaryimage"},"thumbnailUrl":"https:\/\/conversesacatalunya.cat\/wp-content\/uploads\/2020\/06\/turisme-1.jpg","keywords":["coronavirus","desescalada","Turismo"],"articleSection":["Especial Coronavirus (ES)","Punts clau del dia (ES)"],"inLanguage":"es","potentialAction":[{"@type":"CommentAction","name":"Comment","target":["https:\/\/conversesacatalunya.cat\/es\/turismo-desescalar-a-ciegas\/#respond"]}]},{"@type":"WebPage","@id":"https:\/\/conversesacatalunya.cat\/es\/turismo-desescalar-a-ciegas\/","url":"https:\/\/conversesacatalunya.cat\/es\/turismo-desescalar-a-ciegas\/","name":"Turismo: desescalar a ciegas - Converses a Catalunya","isPartOf":{"@id":"https:\/\/conversesacatalunya.cat\/#website"},"primaryImageOfPage":{"@id":"https:\/\/conversesacatalunya.cat\/es\/turismo-desescalar-a-ciegas\/#primaryimage"},"image":{"@id":"https:\/\/conversesacatalunya.cat\/es\/turismo-desescalar-a-ciegas\/#primaryimage"},"thumbnailUrl":"https:\/\/conversesacatalunya.cat\/wp-content\/uploads\/2020\/06\/turisme-1.jpg","datePublished":"2020-06-12T10:54:21+00:00","dateModified":"2020-06-12T13:50:58+00:00","author":{"@id":"https:\/\/conversesacatalunya.cat\/#\/schema\/person\/7e24d1e54a2785373ddcb275eae5ed99"},"breadcrumb":{"@id":"https:\/\/conversesacatalunya.cat\/es\/turismo-desescalar-a-ciegas\/#breadcrumb"},"inLanguage":"es","potentialAction":[{"@type":"ReadAction","target":["https:\/\/conversesacatalunya.cat\/es\/turismo-desescalar-a-ciegas\/"]}]},{"@type":"ImageObject","inLanguage":"es","@id":"https:\/\/conversesacatalunya.cat\/es\/turismo-desescalar-a-ciegas\/#primaryimage","url":"https:\/\/conversesacatalunya.cat\/wp-content\/uploads\/2020\/06\/turisme-1.jpg","contentUrl":"https:\/\/conversesacatalunya.cat\/wp-content\/uploads\/2020\/06\/turisme-1.jpg","width":1200,"height":737,"caption":"turisme"},{"@type":"BreadcrumbList","@id":"https:\/\/conversesacatalunya.cat\/es\/turismo-desescalar-a-ciegas\/#breadcrumb","itemListElement":[{"@type":"ListItem","position":1,"name":"Inici","item":"https:\/\/conversesacatalunya.cat\/es\/"},{"@type":"ListItem","position":2,"name":"Turismo: desescalar a ciegas"}]},{"@type":"WebSite","@id":"https:\/\/conversesacatalunya.cat\/#website","url":"https:\/\/conversesacatalunya.cat\/","name":"Converses a Catalunya","description":"","potentialAction":[{"@type":"SearchAction","target":{"@type":"EntryPoint","urlTemplate":"https:\/\/conversesacatalunya.cat\/?s={search_term_string}"},"query-input":{"@type":"PropertyValueSpecification","valueRequired":true,"valueName":"search_term_string"}}],"inLanguage":"es"},{"@type":"Person","@id":"https:\/\/conversesacatalunya.cat\/#\/schema\/person\/7e24d1e54a2785373ddcb275eae5ed99","name":"conversesacatalunya","image":{"@type":"ImageObject","inLanguage":"es","@id":"https:\/\/conversesacatalunya.cat\/#\/schema\/person\/image\/","url":"https:\/\/conversesacatalunya.cat\/wp-content\/litespeed\/avatar\/febdfeeec89d950f01c748045a981dd2.jpg?ver=1777314535","contentUrl":"https:\/\/conversesacatalunya.cat\/wp-content\/litespeed\/avatar\/febdfeeec89d950f01c748045a981dd2.jpg?ver=1777314535","caption":"conversesacatalunya"},"url":"https:\/\/conversesacatalunya.cat\/es\/author\/carme_catala\/"}]}},"wps_subtitle":"","_links":{"self":[{"href":"https:\/\/conversesacatalunya.cat\/es\/wp-json\/wp\/v2\/posts\/37280","targetHints":{"allow":["GET"]}}],"collection":[{"href":"https:\/\/conversesacatalunya.cat\/es\/wp-json\/wp\/v2\/posts"}],"about":[{"href":"https:\/\/conversesacatalunya.cat\/es\/wp-json\/wp\/v2\/types\/post"}],"author":[{"embeddable":true,"href":"https:\/\/conversesacatalunya.cat\/es\/wp-json\/wp\/v2\/users\/2"}],"replies":[{"embeddable":true,"href":"https:\/\/conversesacatalunya.cat\/es\/wp-json\/wp\/v2\/comments?post=37280"}],"version-history":[{"count":2,"href":"https:\/\/conversesacatalunya.cat\/es\/wp-json\/wp\/v2\/posts\/37280\/revisions"}],"predecessor-version":[{"id":37281,"href":"https:\/\/conversesacatalunya.cat\/es\/wp-json\/wp\/v2\/posts\/37280\/revisions\/37281"}],"wp:featuredmedia":[{"embeddable":true,"href":"https:\/\/conversesacatalunya.cat\/es\/wp-json\/wp\/v2\/media\/37269"}],"wp:attachment":[{"href":"https:\/\/conversesacatalunya.cat\/es\/wp-json\/wp\/v2\/media?parent=37280"}],"wp:term":[{"taxonomy":"category","embeddable":true,"href":"https:\/\/conversesacatalunya.cat\/es\/wp-json\/wp\/v2\/categories?post=37280"},{"taxonomy":"post_tag","embeddable":true,"href":"https:\/\/conversesacatalunya.cat\/es\/wp-json\/wp\/v2\/tags?post=37280"}],"curies":[{"name":"wp","href":"https:\/\/api.w.org\/{rel}","templated":true}]}}