{"id":37276,"date":"2020-06-12T10:38:23","date_gmt":"2020-06-12T08:38:23","guid":{"rendered":"https:\/\/conversesacatalunya.cat\/es-evident-que-a-espanya-shan-comes-grans-errors\/"},"modified":"2020-06-12T15:40:11","modified_gmt":"2020-06-12T13:40:11","slug":"es-evidente-que-en-espana-se-han-cometido-graves-errores","status":"publish","type":"post","link":"https:\/\/conversesacatalunya.cat\/es\/es-evidente-que-en-espana-se-han-cometido-graves-errores\/","title":{"rendered":"Es evidente que en Espa\u00f1a se han cometido graves errores"},"content":{"rendered":"<p>A la vista de los datos, es evidente que en Espa\u00f1a, o, para ser m\u00e1s precisos, el gobierno espa\u00f1ol, ha actuado mal en el abordaje y desarrollo de la crisis del Covid-19, porque si bien es notorio que todos los pa\u00edses, en una medida u otra, registran da\u00f1os, el hecho de que Espa\u00f1a los encabece en todos los \u00f3rdenes tiene una <strong>causa espec\u00edfica<\/strong>, que no puede diluirse en unas responsabilidades universales.<\/p>\n<p>Ahora, el informe de la OCDE sobre el impacto econ\u00f3mico de la pandemia en los diferentes pa\u00edses confirma las previsiones tan negativas del Banco de Espa\u00f1a hechas p\u00fablicas un par de d\u00edas antes. La OCDE formula dos hip\u00f3tesis: que se producir\u00eda un <strong>rebrote el pr\u00f3ximo invierno<\/strong> o que <strong>ya no sufrir\u00edamos ninguna otra contingencia<\/strong> derivada del coronavirus. En el primer caso, la ca\u00edda del PIB es espectacular, un <strong>14,4%<\/strong>, y sigue siendo muy grande si no hay rebrote, un <strong>11,1%<\/strong>. En ambos casos la recuperaci\u00f3n que se produce el pr\u00f3ximo a\u00f1o es claramente insuficiente para compensar la p\u00e9rdida, lo que significa situarnos en 2022 para comenzar a recuperar la situaci\u00f3n que ten\u00edamos en 2019. En este caso, si se produce el rebrote, Espa\u00f1a encabezar\u00e1 el ranking de pa\u00edses con peor comportamiento econ\u00f3mico de la OCDE, y sin rebrote tendr\u00edan un comportamiento ligeramente peor el Reino Unido, Francia e Italia.<\/p>\n<p>Pero si del PIB pasamos a lo que todav\u00eda afecta m\u00e1s directamente a la gente, el <strong>paro<\/strong>, entonces la posici\u00f3n negativa de Espa\u00f1a se acent\u00faa, porque si hay un retorno del coronavirus, el paro se situar\u00eda en el <strong>20,1%<\/strong> este a\u00f1o y en el <strong>21,9% el pr\u00f3ximo a\u00f1o<\/strong>. Sin rebrote, la cifra ser\u00eda similar, aunque menor, <strong>19,2% para el a\u00f1o actual<\/strong> y <strong>19,7% para el a\u00f1o que viene<\/strong>. Estas cifras nos sit\u00faan en primera o segunda posici\u00f3n del ranking de pa\u00edses de la OCDE. En caso de que no ocupemos el primer lugar, es Grecia la que nos precede.<\/p>\n<p>Si se observa la relaci\u00f3n entre PIB y desempleo, se puede constatar que <strong>el \u00fanico pa\u00eds que ocupa un lugar destacado negativo en ambos aspectos<\/strong> es Espa\u00f1a porque las ca\u00eddas del PIB de Italia, Reino Unido y Francia, que las sit\u00faan en los primeros lugares, desaparecen de esta negativa posici\u00f3n cuando se observa el paro, en los que afloran pa\u00edses como Grecia, Colombia, Turqu\u00eda, donde el \u00fanico que permanece presente en los dos casos es Espa\u00f1a.<\/p>\n<p><strong>Hay, por tanto, un problema grave de fondo<\/strong> que el gobierno no ha atendido, ni de momento parece haberse enterado de que existe, que es que la ca\u00edda de la actividad econ\u00f3mica tiene una traducci\u00f3n extraordinaria en la generaci\u00f3n de paro en el caso espa\u00f1ol, lo que, por otra parte, no es ning\u00fan descubrimiento.<\/p>\n<p><strong>Asimismo, Espa\u00f1a es el primer pa\u00eds del mundo en n\u00famero de muertes<\/strong> por habitantes, con el esc\u00e1ndalo a\u00f1adido de que ha paralizado el conteo p\u00fablico de defunciones desde hace d\u00edas, con la excusa de que debe regularizar el recuento, y esto lo hace 3 meses despu\u00e9s de haber iniciado la estad\u00edstica. En todo caso, florituras oficiales al margen, hay un consenso generalizado en que la cifra de muertos de Espa\u00f1a se sit\u00faa en torno a los<strong> 40.000<\/strong> y como mucho puede fluctuar en una banda m\u00ednima situada por encima de los <strong>30.000<\/strong>. La diferencia fundamental estriba en que hasta ahora en Espa\u00f1a no se contabilizan los muertos que, a pesar de presentar s\u00edntomas de coronavirus, no se les practic\u00f3 el PCR, contradiciendo as\u00ed las indicaciones de la OMS de c\u00f3mo deben contabilizarse las v\u00edctimas del Covid -19.<\/p>\n<p>Si un pa\u00eds es <strong>el primero en ca\u00edda econ\u00f3mica y el primero en n\u00famero de muertes<\/strong>, es evidente que la revisi\u00f3n se impone, primero para evitar que las previsiones econ\u00f3micas se confirmen, y segundo, para impedir que si hay una segunda oleada volvamos a ser los primeros en afectaciones mortales.<\/p>\n<p style=\"text-align: center;\">M\u00e1s informaci\u00f3n sobre el coronavirus en <strong><a href=\"https:\/\/conversesacatalunya.cat\/es\/coronavirus\/\" target=\"_blank\" rel=\"noopener noreferrer\">ESPECIAL CORONAVIRUS<\/a><\/strong><\/p>\n<div id=\"polls-54\" class=\"wp-polls\">\n\t<form id=\"polls_form_54\" class=\"wp-polls-form\" action=\"\/index.php\" method=\"post\">\n\t\t<p style=\"display: none;\"><input type=\"hidden\" id=\"poll_54_nonce\" name=\"wp-polls-nonce\" value=\"e4c5058edf\" \/><\/p>\n\t\t<p style=\"display: none;\"><input type=\"hidden\" name=\"poll_id\" value=\"54\" \/><\/p>\n\t\t<p style=\"text-align: center\"><strong>El nostre pa\u00eds \u00e9s racista?<\/strong><\/p><div id=\"polls-54-ans\" class=\"wp-polls-ans\"><ul class=\"wp-polls-ul\">\n\t\t<li><input type=\"radio\" id=\"poll-answer-114\" name=\"poll_54\" value=\"114\" \/> <label for=\"poll-answer-114\">Si<\/label><\/li>\n\t\t<li><input type=\"radio\" id=\"poll-answer-115\" name=\"poll_54\" value=\"115\" \/> <label for=\"poll-answer-115\">No<\/label><\/li>\n\t\t<\/ul><p style=\"text-align: center\"><input type=\"button\" name=\"vote\" value=\"   Vota   \" class=\"Buttons\" onclick=\"poll_vote(54);\" \/><\/p><p style=\"text-align: center\"><a href=\"#ViewPollResults\" onclick=\"poll_result(54); return false;\" title=\"View Results Of This Poll\">Mira els resultats<\/a><\/p><\/div>\n\t<\/form>\n<\/div>\n<div id=\"polls-54-loading\" class=\"wp-polls-loading\"><img decoding=\"async\" data-src=\"https:\/\/conversesacatalunya.cat\/wp-content\/plugins\/wp-polls\/images\/loading.gif\" width=\"16\" height=\"16\" alt=\"Cargando ...\" title=\"Cargando ...\" class=\"wp-polls-image lazyload\" src=\"data:image\/svg+xml;base64,PHN2ZyB3aWR0aD0iMSIgaGVpZ2h0PSIxIiB4bWxucz0iaHR0cDovL3d3dy53My5vcmcvMjAwMC9zdmciPjwvc3ZnPg==\" style=\"--smush-placeholder-width: 16px; --smush-placeholder-aspect-ratio: 16\/16;\" \/>&nbsp;Cargando ...<\/div>\n\n","protected":false},"excerpt":{"rendered":"<p>A la vista de los datos, es evidente que en Espa\u00f1a, o, para ser m\u00e1s precisos, el gobierno espa\u00f1ol, ha actuado mal en el abordaje y desarrollo de la crisis del Covid-19, porque si bien es notorio que todos los pa\u00edses, en una medida u otra, registran da\u00f1os, el hecho de que Espa\u00f1a los encabece en todos los \u00f3rdenes tiene una causa espec\u00edfica, que no puede diluirse en unas responsabilidades universales. Ahora, el informe de la OCDE sobre el impacto econ\u00f3mico de la pandemia en los diferentes pa\u00edses confirma las previsiones tan negativas del Banco de Espa\u00f1a hechas p\u00fablicas un par de d\u00edas antes. La OCDE formula dos hip\u00f3tesis: que se producir\u00eda un rebrote el pr\u00f3ximo invierno o que ya no sufrir\u00edamos ninguna otra contingencia derivada del coronavirus. En el primer caso, la ca\u00edda del PIB es espectacular, un 14,4%, y sigue siendo muy grande si no hay rebrote, un 11,1%. En ambos casos la recuperaci\u00f3n que se produce el pr\u00f3ximo a\u00f1o es claramente insuficiente para compensar la p\u00e9rdida, lo que significa situarnos en 2022 para comenzar a recuperar la situaci\u00f3n que ten\u00edamos en 2019. En este caso, si se produce el rebrote, Espa\u00f1a encabezar\u00e1 el ranking de pa\u00edses con peor comportamiento econ\u00f3mico de la OCDE, y sin rebrote tendr\u00edan un comportamiento ligeramente peor el Reino Unido, Francia e Italia. Pero si del PIB pasamos a lo que todav\u00eda afecta m\u00e1s directamente a la gente, el paro, entonces la posici\u00f3n negativa de Espa\u00f1a se acent\u00faa, porque si hay un retorno del coronavirus, el paro se situar\u00eda en el 20,1% este a\u00f1o y en el 21,9% el pr\u00f3ximo a\u00f1o. Sin rebrote, la cifra ser\u00eda similar, aunque menor, 19,2% para el a\u00f1o actual y 19,7% para el a\u00f1o que viene. Estas cifras nos sit\u00faan en primera o segunda posici\u00f3n del ranking de pa\u00edses de la OCDE. En caso de que no ocupemos el primer lugar, es Grecia la que nos precede. Si se observa la relaci\u00f3n entre PIB y desempleo, se puede constatar que el \u00fanico pa\u00eds que ocupa un lugar destacado negativo en ambos aspectos es Espa\u00f1a porque las ca\u00eddas del PIB de Italia, Reino Unido y Francia, que las sit\u00faan en los primeros lugares, desaparecen de esta negativa posici\u00f3n cuando se observa el paro, en los que afloran pa\u00edses como Grecia, Colombia, Turqu\u00eda, donde el \u00fanico que permanece presente en los dos casos es Espa\u00f1a. Hay, por tanto, un problema grave de fondo que el gobierno no ha atendido, ni de momento parece haberse enterado de que existe, que es que la ca\u00edda de la actividad econ\u00f3mica tiene una traducci\u00f3n extraordinaria en la generaci\u00f3n de paro en el caso espa\u00f1ol, lo que, por otra parte, no es ning\u00fan descubrimiento. Asimismo, Espa\u00f1a es el primer pa\u00eds del mundo en n\u00famero de muertes por habitantes, con el esc\u00e1ndalo a\u00f1adido de que ha paralizado el conteo p\u00fablico de defunciones desde hace d\u00edas, con la excusa de que debe regularizar el recuento, y esto lo hace 3 meses despu\u00e9s de haber iniciado la estad\u00edstica. En todo caso, florituras oficiales al margen, hay un consenso generalizado en que la cifra de muertos de Espa\u00f1a se sit\u00faa en torno a los 40.000 y como mucho puede fluctuar en una banda m\u00ednima situada por encima de los 30.000. La diferencia fundamental estriba en que hasta ahora en Espa\u00f1a no se contabilizan los muertos que, a pesar de presentar s\u00edntomas de coronavirus, no se les practic\u00f3 el PCR, contradiciendo as\u00ed las indicaciones de la OMS de c\u00f3mo deben contabilizarse las v\u00edctimas del Covid -19. Si un pa\u00eds es el primero en ca\u00edda econ\u00f3mica y el primero en n\u00famero de muertes, es evidente que la revisi\u00f3n se impone, primero para evitar que las previsiones econ\u00f3micas se confirmen, y segundo, para impedir que si hay una segunda oleada volvamos a ser los primeros en afectaciones mortales. M\u00e1s informaci\u00f3n sobre el coronavirus en ESPECIAL CORONAVIRUS<\/p>\n","protected":false},"author":2,"featured_media":37249,"comment_status":"open","ping_status":"open","sticky":false,"template":"","format":"standard","meta":{"_FSMCFIC_featured_image_caption":"","_FSMCFIC_featured_image_nocaption":"","_FSMCFIC_featured_image_hide":"","footnotes":""},"categories":[1772,806],"tags":[1504],"class_list":["post-37276","post","type-post","status-publish","format-standard","has-post-thumbnail","hentry","category-especial-coronavirus-es","category-punts-claus-del-dia-es","tag-coronavirus-es"],"yoast_head":"<!-- This site is optimized with the Yoast SEO plugin v26.8 - https:\/\/yoast.com\/product\/yoast-seo-wordpress\/ -->\n<title>Es evidente que en Espa\u00f1a se han cometido graves errores - Converses a Catalunya<\/title>\n<meta name=\"robots\" content=\"index, follow, max-snippet:-1, max-image-preview:large, max-video-preview:-1\" \/>\n<link rel=\"canonical\" href=\"https:\/\/conversesacatalunya.cat\/es\/es-evidente-que-en-espana-se-han-cometido-graves-errores\/\" \/>\n<meta property=\"og:locale\" content=\"es_ES\" \/>\n<meta property=\"og:type\" content=\"article\" \/>\n<meta property=\"og:title\" content=\"Es evidente que en Espa\u00f1a se han cometido graves errores - Converses a Catalunya\" \/>\n<meta property=\"og:description\" content=\"A la vista de los datos, es evidente que en Espa\u00f1a, o, para ser m\u00e1s precisos, el gobierno espa\u00f1ol, ha actuado mal en el abordaje y desarrollo de la crisis del Covid-19, porque si bien es notorio que todos los pa\u00edses, en una medida u otra, registran da\u00f1os, el hecho de que Espa\u00f1a los encabece en todos los \u00f3rdenes tiene una causa espec\u00edfica, que no puede diluirse en unas responsabilidades universales. Ahora, el informe de la OCDE sobre el impacto econ\u00f3mico de la pandemia en los diferentes pa\u00edses confirma las previsiones tan negativas del Banco de Espa\u00f1a hechas p\u00fablicas un par de d\u00edas antes. La OCDE formula dos hip\u00f3tesis: que se producir\u00eda un rebrote el pr\u00f3ximo invierno o que ya no sufrir\u00edamos ninguna otra contingencia derivada del coronavirus. En el primer caso, la ca\u00edda del PIB es espectacular, un 14,4%, y sigue siendo muy grande si no hay rebrote, un 11,1%. En ambos casos la recuperaci\u00f3n que se produce el pr\u00f3ximo a\u00f1o es claramente insuficiente para compensar la p\u00e9rdida, lo que significa situarnos en 2022 para comenzar a recuperar la situaci\u00f3n que ten\u00edamos en 2019. En este caso, si se produce el rebrote, Espa\u00f1a encabezar\u00e1 el ranking de pa\u00edses con peor comportamiento econ\u00f3mico de la OCDE, y sin rebrote tendr\u00edan un comportamiento ligeramente peor el Reino Unido, Francia e Italia. Pero si del PIB pasamos a lo que todav\u00eda afecta m\u00e1s directamente a la gente, el paro, entonces la posici\u00f3n negativa de Espa\u00f1a se acent\u00faa, porque si hay un retorno del coronavirus, el paro se situar\u00eda en el 20,1% este a\u00f1o y en el 21,9% el pr\u00f3ximo a\u00f1o. Sin rebrote, la cifra ser\u00eda similar, aunque menor, 19,2% para el a\u00f1o actual y 19,7% para el a\u00f1o que viene. Estas cifras nos sit\u00faan en primera o segunda posici\u00f3n del ranking de pa\u00edses de la OCDE. En caso de que no ocupemos el primer lugar, es Grecia la que nos precede. Si se observa la relaci\u00f3n entre PIB y desempleo, se puede constatar que el \u00fanico pa\u00eds que ocupa un lugar destacado negativo en ambos aspectos es Espa\u00f1a porque las ca\u00eddas del PIB de Italia, Reino Unido y Francia, que las sit\u00faan en los primeros lugares, desaparecen de esta negativa posici\u00f3n cuando se observa el paro, en los que afloran pa\u00edses como Grecia, Colombia, Turqu\u00eda, donde el \u00fanico que permanece presente en los dos casos es Espa\u00f1a. Hay, por tanto, un problema grave de fondo que el gobierno no ha atendido, ni de momento parece haberse enterado de que existe, que es que la ca\u00edda de la actividad econ\u00f3mica tiene una traducci\u00f3n extraordinaria en la generaci\u00f3n de paro en el caso espa\u00f1ol, lo que, por otra parte, no es ning\u00fan descubrimiento. Asimismo, Espa\u00f1a es el primer pa\u00eds del mundo en n\u00famero de muertes por habitantes, con el esc\u00e1ndalo a\u00f1adido de que ha paralizado el conteo p\u00fablico de defunciones desde hace d\u00edas, con la excusa de que debe regularizar el recuento, y esto lo hace 3 meses despu\u00e9s de haber iniciado la estad\u00edstica. En todo caso, florituras oficiales al margen, hay un consenso generalizado en que la cifra de muertos de Espa\u00f1a se sit\u00faa en torno a los 40.000 y como mucho puede fluctuar en una banda m\u00ednima situada por encima de los 30.000. La diferencia fundamental estriba en que hasta ahora en Espa\u00f1a no se contabilizan los muertos que, a pesar de presentar s\u00edntomas de coronavirus, no se les practic\u00f3 el PCR, contradiciendo as\u00ed las indicaciones de la OMS de c\u00f3mo deben contabilizarse las v\u00edctimas del Covid -19. Si un pa\u00eds es el primero en ca\u00edda econ\u00f3mica y el primero en n\u00famero de muertes, es evidente que la revisi\u00f3n se impone, primero para evitar que las previsiones econ\u00f3micas se confirmen, y segundo, para impedir que si hay una segunda oleada volvamos a ser los primeros en afectaciones mortales. M\u00e1s informaci\u00f3n sobre el coronavirus en ESPECIAL CORONAVIRUS\" \/>\n<meta property=\"og:url\" content=\"https:\/\/conversesacatalunya.cat\/es\/es-evidente-que-en-espana-se-han-cometido-graves-errores\/\" \/>\n<meta property=\"og:site_name\" content=\"Converses a Catalunya\" \/>\n<meta property=\"article:published_time\" content=\"2020-06-12T08:38:23+00:00\" \/>\n<meta property=\"article:modified_time\" content=\"2020-06-12T13:40:11+00:00\" \/>\n<meta property=\"og:image\" content=\"https:\/\/conversesacatalunya.cat\/wp-content\/uploads\/2020\/06\/coronavirus.jpg\" \/>\n\t<meta property=\"og:image:width\" content=\"670\" \/>\n\t<meta property=\"og:image:height\" content=\"378\" \/>\n\t<meta property=\"og:image:type\" content=\"image\/jpeg\" \/>\n<meta name=\"author\" content=\"conversesacatalunya\" \/>\n<meta name=\"twitter:card\" content=\"summary_large_image\" \/>\n<meta name=\"twitter:label1\" content=\"Escrito por\" \/>\n\t<meta name=\"twitter:data1\" content=\"conversesacatalunya\" \/>\n\t<meta name=\"twitter:label2\" content=\"Tiempo de lectura\" \/>\n\t<meta name=\"twitter:data2\" content=\"4 minutos\" \/>\n<script type=\"application\/ld+json\" class=\"yoast-schema-graph\">{\"@context\":\"https:\/\/schema.org\",\"@graph\":[{\"@type\":\"Article\",\"@id\":\"https:\/\/conversesacatalunya.cat\/es\/es-evidente-que-en-espana-se-han-cometido-graves-errores\/#article\",\"isPartOf\":{\"@id\":\"https:\/\/conversesacatalunya.cat\/es\/es-evidente-que-en-espana-se-han-cometido-graves-errores\/\"},\"author\":{\"name\":\"conversesacatalunya\",\"@id\":\"https:\/\/conversesacatalunya.cat\/#\/schema\/person\/7e24d1e54a2785373ddcb275eae5ed99\"},\"headline\":\"Es evidente que en Espa\u00f1a se han cometido graves errores\",\"datePublished\":\"2020-06-12T08:38:23+00:00\",\"dateModified\":\"2020-06-12T13:40:11+00:00\",\"mainEntityOfPage\":{\"@id\":\"https:\/\/conversesacatalunya.cat\/es\/es-evidente-que-en-espana-se-han-cometido-graves-errores\/\"},\"wordCount\":727,\"commentCount\":0,\"image\":{\"@id\":\"https:\/\/conversesacatalunya.cat\/es\/es-evidente-que-en-espana-se-han-cometido-graves-errores\/#primaryimage\"},\"thumbnailUrl\":\"https:\/\/conversesacatalunya.cat\/wp-content\/uploads\/2020\/06\/coronavirus.jpg\",\"keywords\":[\"coronavirus\"],\"articleSection\":[\"Especial Coronavirus (ES)\",\"Punts clau del dia (ES)\"],\"inLanguage\":\"es\",\"potentialAction\":[{\"@type\":\"CommentAction\",\"name\":\"Comment\",\"target\":[\"https:\/\/conversesacatalunya.cat\/es\/es-evidente-que-en-espana-se-han-cometido-graves-errores\/#respond\"]}]},{\"@type\":\"WebPage\",\"@id\":\"https:\/\/conversesacatalunya.cat\/es\/es-evidente-que-en-espana-se-han-cometido-graves-errores\/\",\"url\":\"https:\/\/conversesacatalunya.cat\/es\/es-evidente-que-en-espana-se-han-cometido-graves-errores\/\",\"name\":\"Es evidente que en Espa\u00f1a se han cometido graves errores - Converses a Catalunya\",\"isPartOf\":{\"@id\":\"https:\/\/conversesacatalunya.cat\/#website\"},\"primaryImageOfPage\":{\"@id\":\"https:\/\/conversesacatalunya.cat\/es\/es-evidente-que-en-espana-se-han-cometido-graves-errores\/#primaryimage\"},\"image\":{\"@id\":\"https:\/\/conversesacatalunya.cat\/es\/es-evidente-que-en-espana-se-han-cometido-graves-errores\/#primaryimage\"},\"thumbnailUrl\":\"https:\/\/conversesacatalunya.cat\/wp-content\/uploads\/2020\/06\/coronavirus.jpg\",\"datePublished\":\"2020-06-12T08:38:23+00:00\",\"dateModified\":\"2020-06-12T13:40:11+00:00\",\"author\":{\"@id\":\"https:\/\/conversesacatalunya.cat\/#\/schema\/person\/7e24d1e54a2785373ddcb275eae5ed99\"},\"breadcrumb\":{\"@id\":\"https:\/\/conversesacatalunya.cat\/es\/es-evidente-que-en-espana-se-han-cometido-graves-errores\/#breadcrumb\"},\"inLanguage\":\"es\",\"potentialAction\":[{\"@type\":\"ReadAction\",\"target\":[\"https:\/\/conversesacatalunya.cat\/es\/es-evidente-que-en-espana-se-han-cometido-graves-errores\/\"]}]},{\"@type\":\"ImageObject\",\"inLanguage\":\"es\",\"@id\":\"https:\/\/conversesacatalunya.cat\/es\/es-evidente-que-en-espana-se-han-cometido-graves-errores\/#primaryimage\",\"url\":\"https:\/\/conversesacatalunya.cat\/wp-content\/uploads\/2020\/06\/coronavirus.jpg\",\"contentUrl\":\"https:\/\/conversesacatalunya.cat\/wp-content\/uploads\/2020\/06\/coronavirus.jpg\",\"width\":670,\"height\":378},{\"@type\":\"BreadcrumbList\",\"@id\":\"https:\/\/conversesacatalunya.cat\/es\/es-evidente-que-en-espana-se-han-cometido-graves-errores\/#breadcrumb\",\"itemListElement\":[{\"@type\":\"ListItem\",\"position\":1,\"name\":\"Inici\",\"item\":\"https:\/\/conversesacatalunya.cat\/es\/\"},{\"@type\":\"ListItem\",\"position\":2,\"name\":\"Es evidente que en Espa\u00f1a se han cometido graves errores\"}]},{\"@type\":\"WebSite\",\"@id\":\"https:\/\/conversesacatalunya.cat\/#website\",\"url\":\"https:\/\/conversesacatalunya.cat\/\",\"name\":\"Converses a Catalunya\",\"description\":\"\",\"potentialAction\":[{\"@type\":\"SearchAction\",\"target\":{\"@type\":\"EntryPoint\",\"urlTemplate\":\"https:\/\/conversesacatalunya.cat\/?s={search_term_string}\"},\"query-input\":{\"@type\":\"PropertyValueSpecification\",\"valueRequired\":true,\"valueName\":\"search_term_string\"}}],\"inLanguage\":\"es\"},{\"@type\":\"Person\",\"@id\":\"https:\/\/conversesacatalunya.cat\/#\/schema\/person\/7e24d1e54a2785373ddcb275eae5ed99\",\"name\":\"conversesacatalunya\",\"image\":{\"@type\":\"ImageObject\",\"inLanguage\":\"es\",\"@id\":\"https:\/\/conversesacatalunya.cat\/#\/schema\/person\/image\/\",\"url\":\"https:\/\/conversesacatalunya.cat\/wp-content\/litespeed\/avatar\/febdfeeec89d950f01c748045a981dd2.jpg?ver=1777314535\",\"contentUrl\":\"https:\/\/conversesacatalunya.cat\/wp-content\/litespeed\/avatar\/febdfeeec89d950f01c748045a981dd2.jpg?ver=1777314535\",\"caption\":\"conversesacatalunya\"},\"url\":\"https:\/\/conversesacatalunya.cat\/es\/author\/carme_catala\/\"}]}<\/script>\n<!-- \/ Yoast SEO plugin. -->","yoast_head_json":{"title":"Es evidente que en Espa\u00f1a se han cometido graves errores - Converses a Catalunya","robots":{"index":"index","follow":"follow","max-snippet":"max-snippet:-1","max-image-preview":"max-image-preview:large","max-video-preview":"max-video-preview:-1"},"canonical":"https:\/\/conversesacatalunya.cat\/es\/es-evidente-que-en-espana-se-han-cometido-graves-errores\/","og_locale":"es_ES","og_type":"article","og_title":"Es evidente que en Espa\u00f1a se han cometido graves errores - Converses a Catalunya","og_description":"A la vista de los datos, es evidente que en Espa\u00f1a, o, para ser m\u00e1s precisos, el gobierno espa\u00f1ol, ha actuado mal en el abordaje y desarrollo de la crisis del Covid-19, porque si bien es notorio que todos los pa\u00edses, en una medida u otra, registran da\u00f1os, el hecho de que Espa\u00f1a los encabece en todos los \u00f3rdenes tiene una causa espec\u00edfica, que no puede diluirse en unas responsabilidades universales. Ahora, el informe de la OCDE sobre el impacto econ\u00f3mico de la pandemia en los diferentes pa\u00edses confirma las previsiones tan negativas del Banco de Espa\u00f1a hechas p\u00fablicas un par de d\u00edas antes. La OCDE formula dos hip\u00f3tesis: que se producir\u00eda un rebrote el pr\u00f3ximo invierno o que ya no sufrir\u00edamos ninguna otra contingencia derivada del coronavirus. En el primer caso, la ca\u00edda del PIB es espectacular, un 14,4%, y sigue siendo muy grande si no hay rebrote, un 11,1%. En ambos casos la recuperaci\u00f3n que se produce el pr\u00f3ximo a\u00f1o es claramente insuficiente para compensar la p\u00e9rdida, lo que significa situarnos en 2022 para comenzar a recuperar la situaci\u00f3n que ten\u00edamos en 2019. En este caso, si se produce el rebrote, Espa\u00f1a encabezar\u00e1 el ranking de pa\u00edses con peor comportamiento econ\u00f3mico de la OCDE, y sin rebrote tendr\u00edan un comportamiento ligeramente peor el Reino Unido, Francia e Italia. Pero si del PIB pasamos a lo que todav\u00eda afecta m\u00e1s directamente a la gente, el paro, entonces la posici\u00f3n negativa de Espa\u00f1a se acent\u00faa, porque si hay un retorno del coronavirus, el paro se situar\u00eda en el 20,1% este a\u00f1o y en el 21,9% el pr\u00f3ximo a\u00f1o. Sin rebrote, la cifra ser\u00eda similar, aunque menor, 19,2% para el a\u00f1o actual y 19,7% para el a\u00f1o que viene. Estas cifras nos sit\u00faan en primera o segunda posici\u00f3n del ranking de pa\u00edses de la OCDE. En caso de que no ocupemos el primer lugar, es Grecia la que nos precede. Si se observa la relaci\u00f3n entre PIB y desempleo, se puede constatar que el \u00fanico pa\u00eds que ocupa un lugar destacado negativo en ambos aspectos es Espa\u00f1a porque las ca\u00eddas del PIB de Italia, Reino Unido y Francia, que las sit\u00faan en los primeros lugares, desaparecen de esta negativa posici\u00f3n cuando se observa el paro, en los que afloran pa\u00edses como Grecia, Colombia, Turqu\u00eda, donde el \u00fanico que permanece presente en los dos casos es Espa\u00f1a. Hay, por tanto, un problema grave de fondo que el gobierno no ha atendido, ni de momento parece haberse enterado de que existe, que es que la ca\u00edda de la actividad econ\u00f3mica tiene una traducci\u00f3n extraordinaria en la generaci\u00f3n de paro en el caso espa\u00f1ol, lo que, por otra parte, no es ning\u00fan descubrimiento. Asimismo, Espa\u00f1a es el primer pa\u00eds del mundo en n\u00famero de muertes por habitantes, con el esc\u00e1ndalo a\u00f1adido de que ha paralizado el conteo p\u00fablico de defunciones desde hace d\u00edas, con la excusa de que debe regularizar el recuento, y esto lo hace 3 meses despu\u00e9s de haber iniciado la estad\u00edstica. En todo caso, florituras oficiales al margen, hay un consenso generalizado en que la cifra de muertos de Espa\u00f1a se sit\u00faa en torno a los 40.000 y como mucho puede fluctuar en una banda m\u00ednima situada por encima de los 30.000. La diferencia fundamental estriba en que hasta ahora en Espa\u00f1a no se contabilizan los muertos que, a pesar de presentar s\u00edntomas de coronavirus, no se les practic\u00f3 el PCR, contradiciendo as\u00ed las indicaciones de la OMS de c\u00f3mo deben contabilizarse las v\u00edctimas del Covid -19. Si un pa\u00eds es el primero en ca\u00edda econ\u00f3mica y el primero en n\u00famero de muertes, es evidente que la revisi\u00f3n se impone, primero para evitar que las previsiones econ\u00f3micas se confirmen, y segundo, para impedir que si hay una segunda oleada volvamos a ser los primeros en afectaciones mortales. M\u00e1s informaci\u00f3n sobre el coronavirus en ESPECIAL CORONAVIRUS","og_url":"https:\/\/conversesacatalunya.cat\/es\/es-evidente-que-en-espana-se-han-cometido-graves-errores\/","og_site_name":"Converses a Catalunya","article_published_time":"2020-06-12T08:38:23+00:00","article_modified_time":"2020-06-12T13:40:11+00:00","og_image":[{"width":670,"height":378,"url":"https:\/\/conversesacatalunya.cat\/wp-content\/uploads\/2020\/06\/coronavirus.jpg","type":"image\/jpeg"}],"author":"conversesacatalunya","twitter_card":"summary_large_image","twitter_misc":{"Escrito por":"conversesacatalunya","Tiempo de lectura":"4 minutos"},"schema":{"@context":"https:\/\/schema.org","@graph":[{"@type":"Article","@id":"https:\/\/conversesacatalunya.cat\/es\/es-evidente-que-en-espana-se-han-cometido-graves-errores\/#article","isPartOf":{"@id":"https:\/\/conversesacatalunya.cat\/es\/es-evidente-que-en-espana-se-han-cometido-graves-errores\/"},"author":{"name":"conversesacatalunya","@id":"https:\/\/conversesacatalunya.cat\/#\/schema\/person\/7e24d1e54a2785373ddcb275eae5ed99"},"headline":"Es evidente que en Espa\u00f1a se han cometido graves errores","datePublished":"2020-06-12T08:38:23+00:00","dateModified":"2020-06-12T13:40:11+00:00","mainEntityOfPage":{"@id":"https:\/\/conversesacatalunya.cat\/es\/es-evidente-que-en-espana-se-han-cometido-graves-errores\/"},"wordCount":727,"commentCount":0,"image":{"@id":"https:\/\/conversesacatalunya.cat\/es\/es-evidente-que-en-espana-se-han-cometido-graves-errores\/#primaryimage"},"thumbnailUrl":"https:\/\/conversesacatalunya.cat\/wp-content\/uploads\/2020\/06\/coronavirus.jpg","keywords":["coronavirus"],"articleSection":["Especial Coronavirus (ES)","Punts clau del dia (ES)"],"inLanguage":"es","potentialAction":[{"@type":"CommentAction","name":"Comment","target":["https:\/\/conversesacatalunya.cat\/es\/es-evidente-que-en-espana-se-han-cometido-graves-errores\/#respond"]}]},{"@type":"WebPage","@id":"https:\/\/conversesacatalunya.cat\/es\/es-evidente-que-en-espana-se-han-cometido-graves-errores\/","url":"https:\/\/conversesacatalunya.cat\/es\/es-evidente-que-en-espana-se-han-cometido-graves-errores\/","name":"Es evidente que en Espa\u00f1a se han cometido graves errores - Converses a Catalunya","isPartOf":{"@id":"https:\/\/conversesacatalunya.cat\/#website"},"primaryImageOfPage":{"@id":"https:\/\/conversesacatalunya.cat\/es\/es-evidente-que-en-espana-se-han-cometido-graves-errores\/#primaryimage"},"image":{"@id":"https:\/\/conversesacatalunya.cat\/es\/es-evidente-que-en-espana-se-han-cometido-graves-errores\/#primaryimage"},"thumbnailUrl":"https:\/\/conversesacatalunya.cat\/wp-content\/uploads\/2020\/06\/coronavirus.jpg","datePublished":"2020-06-12T08:38:23+00:00","dateModified":"2020-06-12T13:40:11+00:00","author":{"@id":"https:\/\/conversesacatalunya.cat\/#\/schema\/person\/7e24d1e54a2785373ddcb275eae5ed99"},"breadcrumb":{"@id":"https:\/\/conversesacatalunya.cat\/es\/es-evidente-que-en-espana-se-han-cometido-graves-errores\/#breadcrumb"},"inLanguage":"es","potentialAction":[{"@type":"ReadAction","target":["https:\/\/conversesacatalunya.cat\/es\/es-evidente-que-en-espana-se-han-cometido-graves-errores\/"]}]},{"@type":"ImageObject","inLanguage":"es","@id":"https:\/\/conversesacatalunya.cat\/es\/es-evidente-que-en-espana-se-han-cometido-graves-errores\/#primaryimage","url":"https:\/\/conversesacatalunya.cat\/wp-content\/uploads\/2020\/06\/coronavirus.jpg","contentUrl":"https:\/\/conversesacatalunya.cat\/wp-content\/uploads\/2020\/06\/coronavirus.jpg","width":670,"height":378},{"@type":"BreadcrumbList","@id":"https:\/\/conversesacatalunya.cat\/es\/es-evidente-que-en-espana-se-han-cometido-graves-errores\/#breadcrumb","itemListElement":[{"@type":"ListItem","position":1,"name":"Inici","item":"https:\/\/conversesacatalunya.cat\/es\/"},{"@type":"ListItem","position":2,"name":"Es evidente que en Espa\u00f1a se han cometido graves errores"}]},{"@type":"WebSite","@id":"https:\/\/conversesacatalunya.cat\/#website","url":"https:\/\/conversesacatalunya.cat\/","name":"Converses a Catalunya","description":"","potentialAction":[{"@type":"SearchAction","target":{"@type":"EntryPoint","urlTemplate":"https:\/\/conversesacatalunya.cat\/?s={search_term_string}"},"query-input":{"@type":"PropertyValueSpecification","valueRequired":true,"valueName":"search_term_string"}}],"inLanguage":"es"},{"@type":"Person","@id":"https:\/\/conversesacatalunya.cat\/#\/schema\/person\/7e24d1e54a2785373ddcb275eae5ed99","name":"conversesacatalunya","image":{"@type":"ImageObject","inLanguage":"es","@id":"https:\/\/conversesacatalunya.cat\/#\/schema\/person\/image\/","url":"https:\/\/conversesacatalunya.cat\/wp-content\/litespeed\/avatar\/febdfeeec89d950f01c748045a981dd2.jpg?ver=1777314535","contentUrl":"https:\/\/conversesacatalunya.cat\/wp-content\/litespeed\/avatar\/febdfeeec89d950f01c748045a981dd2.jpg?ver=1777314535","caption":"conversesacatalunya"},"url":"https:\/\/conversesacatalunya.cat\/es\/author\/carme_catala\/"}]}},"wps_subtitle":"","_links":{"self":[{"href":"https:\/\/conversesacatalunya.cat\/es\/wp-json\/wp\/v2\/posts\/37276","targetHints":{"allow":["GET"]}}],"collection":[{"href":"https:\/\/conversesacatalunya.cat\/es\/wp-json\/wp\/v2\/posts"}],"about":[{"href":"https:\/\/conversesacatalunya.cat\/es\/wp-json\/wp\/v2\/types\/post"}],"author":[{"embeddable":true,"href":"https:\/\/conversesacatalunya.cat\/es\/wp-json\/wp\/v2\/users\/2"}],"replies":[{"embeddable":true,"href":"https:\/\/conversesacatalunya.cat\/es\/wp-json\/wp\/v2\/comments?post=37276"}],"version-history":[{"count":2,"href":"https:\/\/conversesacatalunya.cat\/es\/wp-json\/wp\/v2\/posts\/37276\/revisions"}],"predecessor-version":[{"id":37277,"href":"https:\/\/conversesacatalunya.cat\/es\/wp-json\/wp\/v2\/posts\/37276\/revisions\/37277"}],"wp:featuredmedia":[{"embeddable":true,"href":"https:\/\/conversesacatalunya.cat\/es\/wp-json\/wp\/v2\/media\/37249"}],"wp:attachment":[{"href":"https:\/\/conversesacatalunya.cat\/es\/wp-json\/wp\/v2\/media?parent=37276"}],"wp:term":[{"taxonomy":"category","embeddable":true,"href":"https:\/\/conversesacatalunya.cat\/es\/wp-json\/wp\/v2\/categories?post=37276"},{"taxonomy":"post_tag","embeddable":true,"href":"https:\/\/conversesacatalunya.cat\/es\/wp-json\/wp\/v2\/tags?post=37276"}],"curies":[{"name":"wp","href":"https:\/\/api.w.org\/{rel}","templated":true}]}}