{"id":37235,"date":"2020-06-11T11:54:18","date_gmt":"2020-06-11T09:54:18","guid":{"rendered":"https:\/\/conversesacatalunya.cat\/sortirem-mes-forts-un-panorama-tetric\/"},"modified":"2020-06-11T16:41:10","modified_gmt":"2020-06-11T14:41:10","slug":"saldremos-mas-fuertes-un-panorama-tetrico","status":"publish","type":"post","link":"https:\/\/conversesacatalunya.cat\/es\/saldremos-mas-fuertes-un-panorama-tetrico\/","title":{"rendered":"\u00bfSaldremos m\u00e1s fuertes? Un panorama t\u00e9trico"},"content":{"rendered":"<p>Las costosas campa\u00f1as publicitarias del gobierno para presentar triunfalmente la situaci\u00f3n actual s\u00f3lo tienen claro el coste de \u00e9stas, del orden de <strong>15 millones de euros<\/strong> por el momento para <strong>tres campa\u00f1as<\/strong>, lo que <span style=\"display: inline !important; float: none; background-color: #ffffff; color: #333333; cursor: text; font-family: -apple-system,BlinkMacSystemFont,'Segoe UI',Roboto,Oxygen-Sans,Ubuntu,Cantarell,'Helvetica Neue',sans-serif; font-size: 16px; font-style: normal; font-variant: normal; font-weight: 400; letter-spacing: normal; orphans: 2; text-align: left; text-decoration: none; text-indent: 0px; text-transform: none; -webkit-text-stroke-width: 0px; white-space: normal; word-spacing: 0px;\">evidentemente <\/span>no es poco. M\u00e1s all\u00e1 de esto, los datos y los hechos son t\u00e9tricos y hay que tenerlo en cuenta no para quedar ahogado por el panorama, sino para constatar que necesitamos esfuerzo como respuesta y exigencia de buen gobierno.<\/p>\n<p>De entrada, la \u00faltima y nueva previsi\u00f3n del <strong>Banco de Espa\u00f1a<\/strong> es muy dura. Constata que tardaremos tres a\u00f1os en volver a situarnos como est\u00e1bamos justo antes de comenzar la pandemia. Si a este hecho se le a\u00f1ade que entonces apenas hab\u00edamos recuperado los niveles de 2008 (s\u00ed en t\u00e9rminos de PIB, no en t\u00e9rminos de empleo), nos daremos cuenta del largo per\u00edodo del destrozo que estamos viviendo. Seg\u00fan el Banco Central Espa\u00f1ol <strong><a href=\"https:\/\/conversesacatalunya.cat\/es\/el-pib-cae-com-en-la-posguerra\/\" target=\"_blank\" rel=\"noopener noreferrer\">el PIB caer\u00e1<\/a> este a\u00f1o un 15,1% y en 2021 recuperar\u00e1 s\u00f3lo un crecimiento del 6,9%<\/strong>. El paro ser\u00e1 respectivamente del <strong>23,6% y del 24,7%<\/strong>, datos que, si se confirman, ser\u00edan una brutalidad. Hay economistas que consideran que las previsiones son excesivamente negativas.<\/p>\n<p>Un segundo aspecto de la cuesti\u00f3n se refiere al dinero de Europa, que ser\u00e1 una importante ayuda, pero no servir\u00e1 para capear la tormenta este a\u00f1o ni gran parte del que viene, porque el primer dinero llegar\u00e1 a <strong>finales de 2021<\/strong>. Por lo tanto, Espa\u00f1a ha de afrontar las grandes necesidades econ\u00f3micas acudiendo al endeudamiento. Menos mal del <strong>Banco Central Europeo<\/strong>, que en sus compras ilimitadas y soporte garantiza que el coste de la deuda no se dispare. Pero la losa de este d\u00e9ficit y de este endeudamiento, que puede llegar al <strong>115-120% del PIB<\/strong>, estar\u00e1 en la espalda de todos y particularmente de los m\u00e1s j\u00f3venes.<\/p>\n<p>Por otra parte, el dinero de Europa no estar\u00e1 condicionado a recortes concretos, pero s\u00ed al reequilibrio de las cuentas, que en la pr\u00e1ctica significar\u00e1 m\u00e1s impuestos y menos gasto. Una forma de suavizar este doble varapalo ser\u00edan mejoras sustanciales en la productividad, pero de momento no se ve que haya nada en el gobierno que apunte en esta direcci\u00f3n. El dinero que vendr\u00e1 tendr\u00e1 como finalidad fundamental no tanto <strong>curar las heridas producidas por la crisis<\/strong> como generar un nuevo tejido econ\u00f3mico enfocado al futuro: energ\u00edas alternativas, m\u00e1s investigaci\u00f3n, menos impacto ambiental, etc.<\/p>\n<p>Espa\u00f1a se puede acoger a los recursos del MEDE, que tienen mala prensa porque en la crisis pasada comportaban la aparici\u00f3n de los \u00abhombres de negro\u00bb. No ser\u00eda as\u00ed ahora, pero el gobierno se resiste por la mala imagen que lleva asociada, porque con este tipo de ayuda, que por otro lado hay que devolver, entonces s\u00ed que se puede hablar de que <strong>realmente Espa\u00f1a ha quedado intervenida<\/strong>. Todo ello llevar\u00e1 a dif\u00edciles equilibrios a la coalici\u00f3n del gobierno porque no podr\u00e1 cumplir pr\u00e1cticamente ninguno de sus compromisos. Si a este hecho se le a\u00f1ade la crisis generalizada que la pandemia ha generado en todas las instituciones p\u00fablicas, y que merece un an\u00e1lisis m\u00e1s detallado, el resultado obviamente tiene poco que ver con la idea de que saldremos m\u00e1s fuertes.<\/p>\n<p style=\"text-align: center;\">M\u00e1s informaci\u00f3n sobre el coronavirus en <a href=\"https:\/\/conversesacatalunya.cat\/es\/coronavirus\/\" target=\"_blank\" rel=\"noopener noreferrer\">ESPECIAL CORONAVIRUS<\/a><\/p>\n<div id=\"polls-54\" class=\"wp-polls\">\n\t<form id=\"polls_form_54\" class=\"wp-polls-form\" action=\"\/index.php\" method=\"post\">\n\t\t<p style=\"display: none;\"><input type=\"hidden\" id=\"poll_54_nonce\" name=\"wp-polls-nonce\" value=\"5d29166316\" \/><\/p>\n\t\t<p style=\"display: none;\"><input type=\"hidden\" name=\"poll_id\" value=\"54\" \/><\/p>\n\t\t<p style=\"text-align: center\"><strong>El nostre pa\u00eds \u00e9s racista?<\/strong><\/p><div id=\"polls-54-ans\" class=\"wp-polls-ans\"><ul class=\"wp-polls-ul\">\n\t\t<li><input type=\"radio\" id=\"poll-answer-114\" name=\"poll_54\" value=\"114\" \/> <label for=\"poll-answer-114\">Si<\/label><\/li>\n\t\t<li><input type=\"radio\" id=\"poll-answer-115\" name=\"poll_54\" value=\"115\" \/> <label for=\"poll-answer-115\">No<\/label><\/li>\n\t\t<\/ul><p style=\"text-align: center\"><input type=\"button\" name=\"vote\" value=\"   Vota   \" class=\"Buttons\" onclick=\"poll_vote(54);\" \/><\/p><p style=\"text-align: center\"><a href=\"#ViewPollResults\" onclick=\"poll_result(54); return false;\" title=\"View Results Of This Poll\">Mira els resultats<\/a><\/p><\/div>\n\t<\/form>\n<\/div>\n<div id=\"polls-54-loading\" class=\"wp-polls-loading\"><img decoding=\"async\" data-src=\"https:\/\/conversesacatalunya.cat\/wp-content\/plugins\/wp-polls\/images\/loading.gif\" width=\"16\" height=\"16\" alt=\"Cargando ...\" title=\"Cargando ...\" class=\"wp-polls-image lazyload\" src=\"data:image\/svg+xml;base64,PHN2ZyB3aWR0aD0iMSIgaGVpZ2h0PSIxIiB4bWxucz0iaHR0cDovL3d3dy53My5vcmcvMjAwMC9zdmciPjwvc3ZnPg==\" style=\"--smush-placeholder-width: 16px; --smush-placeholder-aspect-ratio: 16\/16;\" \/>&nbsp;Cargando ...<\/div>\n\n","protected":false},"excerpt":{"rendered":"<p>Las costosas campa\u00f1as publicitarias del gobierno para presentar triunfalmente la situaci\u00f3n actual s\u00f3lo tienen claro el coste de \u00e9stas, del orden de 15 millones de euros por el momento para tres campa\u00f1as, lo que evidentemente no es poco. M\u00e1s all\u00e1 de esto, los datos y los hechos son t\u00e9tricos y hay que tenerlo en cuenta no para quedar ahogado por el panorama, sino para constatar que necesitamos esfuerzo como respuesta y exigencia de buen gobierno. De entrada, la \u00faltima y nueva previsi\u00f3n del Banco de Espa\u00f1a es muy dura. Constata que tardaremos tres a\u00f1os en volver a situarnos como est\u00e1bamos justo antes de comenzar la pandemia. Si a este hecho se le a\u00f1ade que entonces apenas hab\u00edamos recuperado los niveles de 2008 (s\u00ed en t\u00e9rminos de PIB, no en t\u00e9rminos de empleo), nos daremos cuenta del largo per\u00edodo del destrozo que estamos viviendo. Seg\u00fan el Banco Central Espa\u00f1ol el PIB caer\u00e1 este a\u00f1o un 15,1% y en 2021 recuperar\u00e1 s\u00f3lo un crecimiento del 6,9%. El paro ser\u00e1 respectivamente del 23,6% y del 24,7%, datos que, si se confirman, ser\u00edan una brutalidad. Hay economistas que consideran que las previsiones son excesivamente negativas. Un segundo aspecto de la cuesti\u00f3n se refiere al dinero de Europa, que ser\u00e1 una importante ayuda, pero no servir\u00e1 para capear la tormenta este a\u00f1o ni gran parte del que viene, porque el primer dinero llegar\u00e1 a finales de 2021. Por lo tanto, Espa\u00f1a ha de afrontar las grandes necesidades econ\u00f3micas acudiendo al endeudamiento. Menos mal del Banco Central Europeo, que en sus compras ilimitadas y soporte garantiza que el coste de la deuda no se dispare. Pero la losa de este d\u00e9ficit y de este endeudamiento, que puede llegar al 115-120% del PIB, estar\u00e1 en la espalda de todos y particularmente de los m\u00e1s j\u00f3venes. Por otra parte, el dinero de Europa no estar\u00e1 condicionado a recortes concretos, pero s\u00ed al reequilibrio de las cuentas, que en la pr\u00e1ctica significar\u00e1 m\u00e1s impuestos y menos gasto. Una forma de suavizar este doble varapalo ser\u00edan mejoras sustanciales en la productividad, pero de momento no se ve que haya nada en el gobierno que apunte en esta direcci\u00f3n. El dinero que vendr\u00e1 tendr\u00e1 como finalidad fundamental no tanto curar las heridas producidas por la crisis como generar un nuevo tejido econ\u00f3mico enfocado al futuro: energ\u00edas alternativas, m\u00e1s investigaci\u00f3n, menos impacto ambiental, etc. Espa\u00f1a se puede acoger a los recursos del MEDE, que tienen mala prensa porque en la crisis pasada comportaban la aparici\u00f3n de los \u00abhombres de negro\u00bb. No ser\u00eda as\u00ed ahora, pero el gobierno se resiste por la mala imagen que lleva asociada, porque con este tipo de ayuda, que por otro lado hay que devolver, entonces s\u00ed que se puede hablar de que realmente Espa\u00f1a ha quedado intervenida. Todo ello llevar\u00e1 a dif\u00edciles equilibrios a la coalici\u00f3n del gobierno porque no podr\u00e1 cumplir pr\u00e1cticamente ninguno de sus compromisos. Si a este hecho se le a\u00f1ade la crisis generalizada que la pandemia ha generado en todas las instituciones p\u00fablicas, y que merece un an\u00e1lisis m\u00e1s detallado, el resultado obviamente tiene poco que ver con la idea de que saldremos m\u00e1s fuertes. M\u00e1s informaci\u00f3n sobre el coronavirus en ESPECIAL CORONAVIRUS<\/p>\n","protected":false},"author":2,"featured_media":37204,"comment_status":"open","ping_status":"open","sticky":false,"template":"","format":"standard","meta":{"_FSMCFIC_featured_image_caption":"","_FSMCFIC_featured_image_nocaption":"","_FSMCFIC_featured_image_hide":"","footnotes":""},"categories":[1772,806],"tags":[1504,960],"class_list":["post-37235","post","type-post","status-publish","format-standard","has-post-thumbnail","hentry","category-especial-coronavirus-es","category-punts-claus-del-dia-es","tag-coronavirus-es","tag-pib-es"],"yoast_head":"<!-- This site is optimized with the Yoast SEO plugin v26.8 - https:\/\/yoast.com\/product\/yoast-seo-wordpress\/ -->\n<title>\u00bfSaldremos m\u00e1s fuertes? Un panorama t\u00e9trico - Converses a Catalunya<\/title>\n<meta name=\"robots\" content=\"index, follow, max-snippet:-1, max-image-preview:large, max-video-preview:-1\" \/>\n<link rel=\"canonical\" href=\"https:\/\/conversesacatalunya.cat\/es\/saldremos-mas-fuertes-un-panorama-tetrico\/\" \/>\n<meta property=\"og:locale\" content=\"es_ES\" \/>\n<meta property=\"og:type\" content=\"article\" \/>\n<meta property=\"og:title\" content=\"\u00bfSaldremos m\u00e1s fuertes? Un panorama t\u00e9trico - Converses a Catalunya\" \/>\n<meta property=\"og:description\" content=\"Las costosas campa\u00f1as publicitarias del gobierno para presentar triunfalmente la situaci\u00f3n actual s\u00f3lo tienen claro el coste de \u00e9stas, del orden de 15 millones de euros por el momento para tres campa\u00f1as, lo que evidentemente no es poco. M\u00e1s all\u00e1 de esto, los datos y los hechos son t\u00e9tricos y hay que tenerlo en cuenta no para quedar ahogado por el panorama, sino para constatar que necesitamos esfuerzo como respuesta y exigencia de buen gobierno. De entrada, la \u00faltima y nueva previsi\u00f3n del Banco de Espa\u00f1a es muy dura. Constata que tardaremos tres a\u00f1os en volver a situarnos como est\u00e1bamos justo antes de comenzar la pandemia. Si a este hecho se le a\u00f1ade que entonces apenas hab\u00edamos recuperado los niveles de 2008 (s\u00ed en t\u00e9rminos de PIB, no en t\u00e9rminos de empleo), nos daremos cuenta del largo per\u00edodo del destrozo que estamos viviendo. Seg\u00fan el Banco Central Espa\u00f1ol el PIB caer\u00e1 este a\u00f1o un 15,1% y en 2021 recuperar\u00e1 s\u00f3lo un crecimiento del 6,9%. El paro ser\u00e1 respectivamente del 23,6% y del 24,7%, datos que, si se confirman, ser\u00edan una brutalidad. Hay economistas que consideran que las previsiones son excesivamente negativas. Un segundo aspecto de la cuesti\u00f3n se refiere al dinero de Europa, que ser\u00e1 una importante ayuda, pero no servir\u00e1 para capear la tormenta este a\u00f1o ni gran parte del que viene, porque el primer dinero llegar\u00e1 a finales de 2021. Por lo tanto, Espa\u00f1a ha de afrontar las grandes necesidades econ\u00f3micas acudiendo al endeudamiento. Menos mal del Banco Central Europeo, que en sus compras ilimitadas y soporte garantiza que el coste de la deuda no se dispare. Pero la losa de este d\u00e9ficit y de este endeudamiento, que puede llegar al 115-120% del PIB, estar\u00e1 en la espalda de todos y particularmente de los m\u00e1s j\u00f3venes. Por otra parte, el dinero de Europa no estar\u00e1 condicionado a recortes concretos, pero s\u00ed al reequilibrio de las cuentas, que en la pr\u00e1ctica significar\u00e1 m\u00e1s impuestos y menos gasto. Una forma de suavizar este doble varapalo ser\u00edan mejoras sustanciales en la productividad, pero de momento no se ve que haya nada en el gobierno que apunte en esta direcci\u00f3n. El dinero que vendr\u00e1 tendr\u00e1 como finalidad fundamental no tanto curar las heridas producidas por la crisis como generar un nuevo tejido econ\u00f3mico enfocado al futuro: energ\u00edas alternativas, m\u00e1s investigaci\u00f3n, menos impacto ambiental, etc. Espa\u00f1a se puede acoger a los recursos del MEDE, que tienen mala prensa porque en la crisis pasada comportaban la aparici\u00f3n de los \u00abhombres de negro\u00bb. No ser\u00eda as\u00ed ahora, pero el gobierno se resiste por la mala imagen que lleva asociada, porque con este tipo de ayuda, que por otro lado hay que devolver, entonces s\u00ed que se puede hablar de que realmente Espa\u00f1a ha quedado intervenida. Todo ello llevar\u00e1 a dif\u00edciles equilibrios a la coalici\u00f3n del gobierno porque no podr\u00e1 cumplir pr\u00e1cticamente ninguno de sus compromisos. Si a este hecho se le a\u00f1ade la crisis generalizada que la pandemia ha generado en todas las instituciones p\u00fablicas, y que merece un an\u00e1lisis m\u00e1s detallado, el resultado obviamente tiene poco que ver con la idea de que saldremos m\u00e1s fuertes. M\u00e1s informaci\u00f3n sobre el coronavirus en ESPECIAL CORONAVIRUS\" \/>\n<meta property=\"og:url\" content=\"https:\/\/conversesacatalunya.cat\/es\/saldremos-mas-fuertes-un-panorama-tetrico\/\" \/>\n<meta property=\"og:site_name\" content=\"Converses a Catalunya\" \/>\n<meta property=\"article:published_time\" content=\"2020-06-11T09:54:18+00:00\" \/>\n<meta property=\"article:modified_time\" content=\"2020-06-11T14:41:10+00:00\" \/>\n<meta property=\"og:image\" content=\"https:\/\/conversesacatalunya.cat\/wp-content\/uploads\/2020\/06\/SORTIM-M\u00c9S-FORTS.jpg\" \/>\n\t<meta property=\"og:image:width\" content=\"720\" \/>\n\t<meta property=\"og:image:height\" content=\"406\" \/>\n\t<meta property=\"og:image:type\" content=\"image\/jpeg\" \/>\n<meta name=\"author\" content=\"conversesacatalunya\" \/>\n<meta name=\"twitter:card\" content=\"summary_large_image\" \/>\n<meta name=\"twitter:label1\" content=\"Escrito por\" \/>\n\t<meta name=\"twitter:data1\" content=\"conversesacatalunya\" \/>\n\t<meta name=\"twitter:label2\" content=\"Tiempo de lectura\" \/>\n\t<meta name=\"twitter:data2\" content=\"3 minutos\" \/>\n<script type=\"application\/ld+json\" class=\"yoast-schema-graph\">{\"@context\":\"https:\/\/schema.org\",\"@graph\":[{\"@type\":\"Article\",\"@id\":\"https:\/\/conversesacatalunya.cat\/es\/saldremos-mas-fuertes-un-panorama-tetrico\/#article\",\"isPartOf\":{\"@id\":\"https:\/\/conversesacatalunya.cat\/es\/saldremos-mas-fuertes-un-panorama-tetrico\/\"},\"author\":{\"name\":\"conversesacatalunya\",\"@id\":\"https:\/\/conversesacatalunya.cat\/#\/schema\/person\/7e24d1e54a2785373ddcb275eae5ed99\"},\"headline\":\"\u00bfSaldremos m\u00e1s fuertes? Un panorama t\u00e9trico\",\"datePublished\":\"2020-06-11T09:54:18+00:00\",\"dateModified\":\"2020-06-11T14:41:10+00:00\",\"mainEntityOfPage\":{\"@id\":\"https:\/\/conversesacatalunya.cat\/es\/saldremos-mas-fuertes-un-panorama-tetrico\/\"},\"wordCount\":581,\"commentCount\":0,\"image\":{\"@id\":\"https:\/\/conversesacatalunya.cat\/es\/saldremos-mas-fuertes-un-panorama-tetrico\/#primaryimage\"},\"thumbnailUrl\":\"https:\/\/conversesacatalunya.cat\/wp-content\/uploads\/2020\/06\/SORTIM-M\u00c9S-FORTS.jpg\",\"keywords\":[\"coronavirus\",\"PIB\"],\"articleSection\":[\"Especial Coronavirus (ES)\",\"Punts clau del dia (ES)\"],\"inLanguage\":\"es\",\"potentialAction\":[{\"@type\":\"CommentAction\",\"name\":\"Comment\",\"target\":[\"https:\/\/conversesacatalunya.cat\/es\/saldremos-mas-fuertes-un-panorama-tetrico\/#respond\"]}]},{\"@type\":\"WebPage\",\"@id\":\"https:\/\/conversesacatalunya.cat\/es\/saldremos-mas-fuertes-un-panorama-tetrico\/\",\"url\":\"https:\/\/conversesacatalunya.cat\/es\/saldremos-mas-fuertes-un-panorama-tetrico\/\",\"name\":\"\u00bfSaldremos m\u00e1s fuertes? Un panorama t\u00e9trico - Converses a Catalunya\",\"isPartOf\":{\"@id\":\"https:\/\/conversesacatalunya.cat\/#website\"},\"primaryImageOfPage\":{\"@id\":\"https:\/\/conversesacatalunya.cat\/es\/saldremos-mas-fuertes-un-panorama-tetrico\/#primaryimage\"},\"image\":{\"@id\":\"https:\/\/conversesacatalunya.cat\/es\/saldremos-mas-fuertes-un-panorama-tetrico\/#primaryimage\"},\"thumbnailUrl\":\"https:\/\/conversesacatalunya.cat\/wp-content\/uploads\/2020\/06\/SORTIM-M\u00c9S-FORTS.jpg\",\"datePublished\":\"2020-06-11T09:54:18+00:00\",\"dateModified\":\"2020-06-11T14:41:10+00:00\",\"author\":{\"@id\":\"https:\/\/conversesacatalunya.cat\/#\/schema\/person\/7e24d1e54a2785373ddcb275eae5ed99\"},\"breadcrumb\":{\"@id\":\"https:\/\/conversesacatalunya.cat\/es\/saldremos-mas-fuertes-un-panorama-tetrico\/#breadcrumb\"},\"inLanguage\":\"es\",\"potentialAction\":[{\"@type\":\"ReadAction\",\"target\":[\"https:\/\/conversesacatalunya.cat\/es\/saldremos-mas-fuertes-un-panorama-tetrico\/\"]}]},{\"@type\":\"ImageObject\",\"inLanguage\":\"es\",\"@id\":\"https:\/\/conversesacatalunya.cat\/es\/saldremos-mas-fuertes-un-panorama-tetrico\/#primaryimage\",\"url\":\"https:\/\/conversesacatalunya.cat\/wp-content\/uploads\/2020\/06\/SORTIM-M\u00c9S-FORTS.jpg\",\"contentUrl\":\"https:\/\/conversesacatalunya.cat\/wp-content\/uploads\/2020\/06\/SORTIM-M\u00c9S-FORTS.jpg\",\"width\":720,\"height\":406},{\"@type\":\"BreadcrumbList\",\"@id\":\"https:\/\/conversesacatalunya.cat\/es\/saldremos-mas-fuertes-un-panorama-tetrico\/#breadcrumb\",\"itemListElement\":[{\"@type\":\"ListItem\",\"position\":1,\"name\":\"Inici\",\"item\":\"https:\/\/conversesacatalunya.cat\/es\/\"},{\"@type\":\"ListItem\",\"position\":2,\"name\":\"\u00bfSaldremos m\u00e1s fuertes? Un panorama t\u00e9trico\"}]},{\"@type\":\"WebSite\",\"@id\":\"https:\/\/conversesacatalunya.cat\/#website\",\"url\":\"https:\/\/conversesacatalunya.cat\/\",\"name\":\"Converses a Catalunya\",\"description\":\"\",\"potentialAction\":[{\"@type\":\"SearchAction\",\"target\":{\"@type\":\"EntryPoint\",\"urlTemplate\":\"https:\/\/conversesacatalunya.cat\/?s={search_term_string}\"},\"query-input\":{\"@type\":\"PropertyValueSpecification\",\"valueRequired\":true,\"valueName\":\"search_term_string\"}}],\"inLanguage\":\"es\"},{\"@type\":\"Person\",\"@id\":\"https:\/\/conversesacatalunya.cat\/#\/schema\/person\/7e24d1e54a2785373ddcb275eae5ed99\",\"name\":\"conversesacatalunya\",\"image\":{\"@type\":\"ImageObject\",\"inLanguage\":\"es\",\"@id\":\"https:\/\/conversesacatalunya.cat\/#\/schema\/person\/image\/\",\"url\":\"https:\/\/conversesacatalunya.cat\/wp-content\/litespeed\/avatar\/febdfeeec89d950f01c748045a981dd2.jpg?ver=1777314535\",\"contentUrl\":\"https:\/\/conversesacatalunya.cat\/wp-content\/litespeed\/avatar\/febdfeeec89d950f01c748045a981dd2.jpg?ver=1777314535\",\"caption\":\"conversesacatalunya\"},\"url\":\"https:\/\/conversesacatalunya.cat\/es\/author\/carme_catala\/\"}]}<\/script>\n<!-- \/ Yoast SEO plugin. -->","yoast_head_json":{"title":"\u00bfSaldremos m\u00e1s fuertes? Un panorama t\u00e9trico - Converses a Catalunya","robots":{"index":"index","follow":"follow","max-snippet":"max-snippet:-1","max-image-preview":"max-image-preview:large","max-video-preview":"max-video-preview:-1"},"canonical":"https:\/\/conversesacatalunya.cat\/es\/saldremos-mas-fuertes-un-panorama-tetrico\/","og_locale":"es_ES","og_type":"article","og_title":"\u00bfSaldremos m\u00e1s fuertes? Un panorama t\u00e9trico - Converses a Catalunya","og_description":"Las costosas campa\u00f1as publicitarias del gobierno para presentar triunfalmente la situaci\u00f3n actual s\u00f3lo tienen claro el coste de \u00e9stas, del orden de 15 millones de euros por el momento para tres campa\u00f1as, lo que evidentemente no es poco. M\u00e1s all\u00e1 de esto, los datos y los hechos son t\u00e9tricos y hay que tenerlo en cuenta no para quedar ahogado por el panorama, sino para constatar que necesitamos esfuerzo como respuesta y exigencia de buen gobierno. De entrada, la \u00faltima y nueva previsi\u00f3n del Banco de Espa\u00f1a es muy dura. Constata que tardaremos tres a\u00f1os en volver a situarnos como est\u00e1bamos justo antes de comenzar la pandemia. Si a este hecho se le a\u00f1ade que entonces apenas hab\u00edamos recuperado los niveles de 2008 (s\u00ed en t\u00e9rminos de PIB, no en t\u00e9rminos de empleo), nos daremos cuenta del largo per\u00edodo del destrozo que estamos viviendo. Seg\u00fan el Banco Central Espa\u00f1ol el PIB caer\u00e1 este a\u00f1o un 15,1% y en 2021 recuperar\u00e1 s\u00f3lo un crecimiento del 6,9%. El paro ser\u00e1 respectivamente del 23,6% y del 24,7%, datos que, si se confirman, ser\u00edan una brutalidad. Hay economistas que consideran que las previsiones son excesivamente negativas. Un segundo aspecto de la cuesti\u00f3n se refiere al dinero de Europa, que ser\u00e1 una importante ayuda, pero no servir\u00e1 para capear la tormenta este a\u00f1o ni gran parte del que viene, porque el primer dinero llegar\u00e1 a finales de 2021. Por lo tanto, Espa\u00f1a ha de afrontar las grandes necesidades econ\u00f3micas acudiendo al endeudamiento. Menos mal del Banco Central Europeo, que en sus compras ilimitadas y soporte garantiza que el coste de la deuda no se dispare. Pero la losa de este d\u00e9ficit y de este endeudamiento, que puede llegar al 115-120% del PIB, estar\u00e1 en la espalda de todos y particularmente de los m\u00e1s j\u00f3venes. Por otra parte, el dinero de Europa no estar\u00e1 condicionado a recortes concretos, pero s\u00ed al reequilibrio de las cuentas, que en la pr\u00e1ctica significar\u00e1 m\u00e1s impuestos y menos gasto. Una forma de suavizar este doble varapalo ser\u00edan mejoras sustanciales en la productividad, pero de momento no se ve que haya nada en el gobierno que apunte en esta direcci\u00f3n. El dinero que vendr\u00e1 tendr\u00e1 como finalidad fundamental no tanto curar las heridas producidas por la crisis como generar un nuevo tejido econ\u00f3mico enfocado al futuro: energ\u00edas alternativas, m\u00e1s investigaci\u00f3n, menos impacto ambiental, etc. Espa\u00f1a se puede acoger a los recursos del MEDE, que tienen mala prensa porque en la crisis pasada comportaban la aparici\u00f3n de los \u00abhombres de negro\u00bb. No ser\u00eda as\u00ed ahora, pero el gobierno se resiste por la mala imagen que lleva asociada, porque con este tipo de ayuda, que por otro lado hay que devolver, entonces s\u00ed que se puede hablar de que realmente Espa\u00f1a ha quedado intervenida. Todo ello llevar\u00e1 a dif\u00edciles equilibrios a la coalici\u00f3n del gobierno porque no podr\u00e1 cumplir pr\u00e1cticamente ninguno de sus compromisos. Si a este hecho se le a\u00f1ade la crisis generalizada que la pandemia ha generado en todas las instituciones p\u00fablicas, y que merece un an\u00e1lisis m\u00e1s detallado, el resultado obviamente tiene poco que ver con la idea de que saldremos m\u00e1s fuertes. M\u00e1s informaci\u00f3n sobre el coronavirus en ESPECIAL CORONAVIRUS","og_url":"https:\/\/conversesacatalunya.cat\/es\/saldremos-mas-fuertes-un-panorama-tetrico\/","og_site_name":"Converses a Catalunya","article_published_time":"2020-06-11T09:54:18+00:00","article_modified_time":"2020-06-11T14:41:10+00:00","og_image":[{"width":720,"height":406,"url":"https:\/\/conversesacatalunya.cat\/wp-content\/uploads\/2020\/06\/SORTIM-M\u00c9S-FORTS.jpg","type":"image\/jpeg"}],"author":"conversesacatalunya","twitter_card":"summary_large_image","twitter_misc":{"Escrito por":"conversesacatalunya","Tiempo de lectura":"3 minutos"},"schema":{"@context":"https:\/\/schema.org","@graph":[{"@type":"Article","@id":"https:\/\/conversesacatalunya.cat\/es\/saldremos-mas-fuertes-un-panorama-tetrico\/#article","isPartOf":{"@id":"https:\/\/conversesacatalunya.cat\/es\/saldremos-mas-fuertes-un-panorama-tetrico\/"},"author":{"name":"conversesacatalunya","@id":"https:\/\/conversesacatalunya.cat\/#\/schema\/person\/7e24d1e54a2785373ddcb275eae5ed99"},"headline":"\u00bfSaldremos m\u00e1s fuertes? Un panorama t\u00e9trico","datePublished":"2020-06-11T09:54:18+00:00","dateModified":"2020-06-11T14:41:10+00:00","mainEntityOfPage":{"@id":"https:\/\/conversesacatalunya.cat\/es\/saldremos-mas-fuertes-un-panorama-tetrico\/"},"wordCount":581,"commentCount":0,"image":{"@id":"https:\/\/conversesacatalunya.cat\/es\/saldremos-mas-fuertes-un-panorama-tetrico\/#primaryimage"},"thumbnailUrl":"https:\/\/conversesacatalunya.cat\/wp-content\/uploads\/2020\/06\/SORTIM-M\u00c9S-FORTS.jpg","keywords":["coronavirus","PIB"],"articleSection":["Especial Coronavirus (ES)","Punts clau del dia (ES)"],"inLanguage":"es","potentialAction":[{"@type":"CommentAction","name":"Comment","target":["https:\/\/conversesacatalunya.cat\/es\/saldremos-mas-fuertes-un-panorama-tetrico\/#respond"]}]},{"@type":"WebPage","@id":"https:\/\/conversesacatalunya.cat\/es\/saldremos-mas-fuertes-un-panorama-tetrico\/","url":"https:\/\/conversesacatalunya.cat\/es\/saldremos-mas-fuertes-un-panorama-tetrico\/","name":"\u00bfSaldremos m\u00e1s fuertes? Un panorama t\u00e9trico - Converses a Catalunya","isPartOf":{"@id":"https:\/\/conversesacatalunya.cat\/#website"},"primaryImageOfPage":{"@id":"https:\/\/conversesacatalunya.cat\/es\/saldremos-mas-fuertes-un-panorama-tetrico\/#primaryimage"},"image":{"@id":"https:\/\/conversesacatalunya.cat\/es\/saldremos-mas-fuertes-un-panorama-tetrico\/#primaryimage"},"thumbnailUrl":"https:\/\/conversesacatalunya.cat\/wp-content\/uploads\/2020\/06\/SORTIM-M\u00c9S-FORTS.jpg","datePublished":"2020-06-11T09:54:18+00:00","dateModified":"2020-06-11T14:41:10+00:00","author":{"@id":"https:\/\/conversesacatalunya.cat\/#\/schema\/person\/7e24d1e54a2785373ddcb275eae5ed99"},"breadcrumb":{"@id":"https:\/\/conversesacatalunya.cat\/es\/saldremos-mas-fuertes-un-panorama-tetrico\/#breadcrumb"},"inLanguage":"es","potentialAction":[{"@type":"ReadAction","target":["https:\/\/conversesacatalunya.cat\/es\/saldremos-mas-fuertes-un-panorama-tetrico\/"]}]},{"@type":"ImageObject","inLanguage":"es","@id":"https:\/\/conversesacatalunya.cat\/es\/saldremos-mas-fuertes-un-panorama-tetrico\/#primaryimage","url":"https:\/\/conversesacatalunya.cat\/wp-content\/uploads\/2020\/06\/SORTIM-M\u00c9S-FORTS.jpg","contentUrl":"https:\/\/conversesacatalunya.cat\/wp-content\/uploads\/2020\/06\/SORTIM-M\u00c9S-FORTS.jpg","width":720,"height":406},{"@type":"BreadcrumbList","@id":"https:\/\/conversesacatalunya.cat\/es\/saldremos-mas-fuertes-un-panorama-tetrico\/#breadcrumb","itemListElement":[{"@type":"ListItem","position":1,"name":"Inici","item":"https:\/\/conversesacatalunya.cat\/es\/"},{"@type":"ListItem","position":2,"name":"\u00bfSaldremos m\u00e1s fuertes? Un panorama t\u00e9trico"}]},{"@type":"WebSite","@id":"https:\/\/conversesacatalunya.cat\/#website","url":"https:\/\/conversesacatalunya.cat\/","name":"Converses a Catalunya","description":"","potentialAction":[{"@type":"SearchAction","target":{"@type":"EntryPoint","urlTemplate":"https:\/\/conversesacatalunya.cat\/?s={search_term_string}"},"query-input":{"@type":"PropertyValueSpecification","valueRequired":true,"valueName":"search_term_string"}}],"inLanguage":"es"},{"@type":"Person","@id":"https:\/\/conversesacatalunya.cat\/#\/schema\/person\/7e24d1e54a2785373ddcb275eae5ed99","name":"conversesacatalunya","image":{"@type":"ImageObject","inLanguage":"es","@id":"https:\/\/conversesacatalunya.cat\/#\/schema\/person\/image\/","url":"https:\/\/conversesacatalunya.cat\/wp-content\/litespeed\/avatar\/febdfeeec89d950f01c748045a981dd2.jpg?ver=1777314535","contentUrl":"https:\/\/conversesacatalunya.cat\/wp-content\/litespeed\/avatar\/febdfeeec89d950f01c748045a981dd2.jpg?ver=1777314535","caption":"conversesacatalunya"},"url":"https:\/\/conversesacatalunya.cat\/es\/author\/carme_catala\/"}]}},"wps_subtitle":"","_links":{"self":[{"href":"https:\/\/conversesacatalunya.cat\/es\/wp-json\/wp\/v2\/posts\/37235","targetHints":{"allow":["GET"]}}],"collection":[{"href":"https:\/\/conversesacatalunya.cat\/es\/wp-json\/wp\/v2\/posts"}],"about":[{"href":"https:\/\/conversesacatalunya.cat\/es\/wp-json\/wp\/v2\/types\/post"}],"author":[{"embeddable":true,"href":"https:\/\/conversesacatalunya.cat\/es\/wp-json\/wp\/v2\/users\/2"}],"replies":[{"embeddable":true,"href":"https:\/\/conversesacatalunya.cat\/es\/wp-json\/wp\/v2\/comments?post=37235"}],"version-history":[{"count":2,"href":"https:\/\/conversesacatalunya.cat\/es\/wp-json\/wp\/v2\/posts\/37235\/revisions"}],"predecessor-version":[{"id":37236,"href":"https:\/\/conversesacatalunya.cat\/es\/wp-json\/wp\/v2\/posts\/37235\/revisions\/37236"}],"wp:featuredmedia":[{"embeddable":true,"href":"https:\/\/conversesacatalunya.cat\/es\/wp-json\/wp\/v2\/media\/37204"}],"wp:attachment":[{"href":"https:\/\/conversesacatalunya.cat\/es\/wp-json\/wp\/v2\/media?parent=37235"}],"wp:term":[{"taxonomy":"category","embeddable":true,"href":"https:\/\/conversesacatalunya.cat\/es\/wp-json\/wp\/v2\/categories?post=37235"},{"taxonomy":"post_tag","embeddable":true,"href":"https:\/\/conversesacatalunya.cat\/es\/wp-json\/wp\/v2\/tags?post=37235"}],"curies":[{"name":"wp","href":"https:\/\/api.w.org\/{rel}","templated":true}]}}