{"id":37161,"date":"2020-06-10T11:31:08","date_gmt":"2020-06-10T09:31:08","guid":{"rendered":"https:\/\/conversesacatalunya.cat\/jaume-roures-el-nou-amo-de-catalunya\/"},"modified":"2020-06-11T11:44:56","modified_gmt":"2020-06-11T09:44:56","slug":"quien-es-jaume-roures-el-nuevo-dueno-de-cataluna","status":"publish","type":"post","link":"https:\/\/conversesacatalunya.cat\/es\/quien-es-jaume-roures-el-nuevo-dueno-de-cataluna\/","title":{"rendered":"\u00bfQui\u00e9n es Jaume Roures? El nuevo due\u00f1o de Catalu\u00f1a"},"content":{"rendered":"<div>\n<div tabindex=\"0\"><span lang=\"es\">Jaume Roures es conocido por dos cosas: porque ha construido un poderoso conglomerado medi\u00e1tico con todo lo que conlleva de dinero e influencia, y tambi\u00e9n porque es el prototipo de millonario de izquierdas que se confiesa trotskista. Su influencia no acaba en los medios de su grupo, sino que se extiende de una forma extraordinaria sobre la misma televisi\u00f3n p\u00fablica de Catalu\u00f1a, que le sirve de altavoz siempre que lo necesita, como lo puso de relieve hace pocos d\u00edas con motivo de su pol\u00e9mica con Sandro Rosell. Uno de los programas m\u00e1s partidistas de TV3, <strong>Preguntes Freq\u00fcents FAQS<\/strong>, est\u00e1 producido por <strong>El Terrat<\/strong>, que a la vez es una empresa adquirida por <strong>Mediapro<\/strong> del mismo Roures, y que utiliza en funci\u00f3n de sus intereses. Es una situaci\u00f3n ins\u00f3lita en una TV p\u00fablica: Roures cobra por producir un programa que a la vez utiliza en provecho propio. Es un gran invento.<\/span><\/div>\n<div tabindex=\"0\"><\/div>\n<div tabindex=\"0\"><span lang=\"es\">Su papel pol\u00edtico es activo, pero nunca desde la primera l\u00ednea. Tuvo una intervenci\u00f3n importante a lo largo del <em>proc\u00e9s<\/em> desde la primera consulta realizada por Artur Mas, y sigui\u00f3 apoyando el <em>proc\u00e9s<\/em>. Pero ahora esta posici\u00f3n <strong>ha cambiado radicalmente<\/strong>. Roures lo da por enterrado y considera que ha llegado el momento de construir una alternativa desde el catalanismo de izquierdas. En este sentido est\u00e1 detr\u00e1s de la construcci\u00f3n de un espacio de reencuentro por medio del <strong>Institut Sobiranies<\/strong>, un <em>think tank<\/em> que quiere incidir en la crisis econ\u00f3mica creciente con un programa rotundamente de izquierdas, y dejando al margen el proceso independentista.<\/span><\/div>\n<\/div>\n<div>\n<div><\/div>\n<\/div>\n<div>\n<div tabindex=\"0\" role=\"button\" aria-label=\"Comparteix la traducci\u00f3\" data-tooltip-align=\"t,c\" data-tooltip=\"Comparteix la traducci\u00f3\">\n<div>En realidad, est\u00e1 llevando a cabo una acci\u00f3n que tiene como objetivo articular <strong>los comunes con la CUP<\/strong> para configurar una nueva fuerza pol\u00edtica o al menos alcanzar un acuerdo parlamentario. Son caras visibles de esta iniciativa el que fue l\u00edder de En Com\u00fa Podem, <strong>Xavier Dom\u00e8nech<\/strong>, el exdiputado de la CUP <strong>Quim Arrufat<\/strong>, as\u00ed como <strong>David Fern\u00e1ndez<\/strong> y <strong>Benet Salelles<\/strong>, dos personas bien conocidas del \u00e1mbito de la CUP, as\u00ed como <strong>Gemma Ubasart<\/strong>, que, si bien fue fundadora de Podem en Catalu\u00f1a, despu\u00e9s se apart\u00f3 o fue apartada de una manera acelerada. Tambi\u00e9n est\u00e1 presente el diputado de los comunes y secretario primero de la Mesa del Congreso, <strong>Gerardo Pisarello<\/strong>. Curiosamente no hay gente de ERC, si bien <strong>Joan Tard\u00e0<\/strong> y <strong>Gabriel Rufi\u00e1n<\/strong> no ver\u00edan con malos ojos la constituci\u00f3n de una alianza de izquierdas.<\/div>\n<div>En el caso de <strong>Jaume Roures<\/strong>, nunca est\u00e1 del todo claro all\u00ed donde termina la pol\u00edtica y donde empieza el negocio, en el sentido de que sus posiciones pol\u00edticas acaban teniendo siempre traducci\u00f3n positiva para sus empresas, pero tambi\u00e9n porque sus empresas intervienen en los medios audiovisuales en la controversia pol\u00edtica. Lo que est\u00e1 claro es que Roures ve que, en Catalu\u00f1a, si las circunstancias no cambian, existe la posibilidad de una <strong>clara mayor\u00eda de izquierdas<\/strong> que podr\u00eda alcanzar hasta las tres quintas partes de los esca\u00f1os si se reunieran desde la CUP hasta el PSC, cosa improbable con car\u00e1cter sistem\u00e1tico, pero no descartable en el juego de los apoyos parlamentarios. En este espacio, construir un polo configurado por sectores de la Candidatura d&#8217;Unitat Popular y de En Com\u00fa Podem podr\u00eda disputar el centro de gravedad a ERC y a la vez constituir un elemento de atracci\u00f3n para que una alternativa de este tipo que rompiera la coalici\u00f3n actual con JxCat acabara prosperando. Evidentemente esta operaci\u00f3n tiene muchas incertidumbres. Una de ellas, y no menor, es la posici\u00f3n de <strong>Ada Colau<\/strong>, si bien esta mantiene una buena relaci\u00f3n con Jaume Roures. En todo caso, hay que decir que los movimientos por la banda de la izquierda de los socialistas son significativos y marcan un indicador de la modificaci\u00f3n del escenario: <strong>el abandono del proceso independentista y la prioridad de las pol\u00edticas de izquierda<\/strong>.<\/div>\n<div><\/div>\n<\/div>\n<\/div>\n<span class='bctt-click-to-tweet'><span class='bctt-ctt-text'><a href='https:\/\/twitter.com\/intent\/tweet?url=https%3A%2F%2Fconversesacatalunya.cat%2Fes%2Fquien-es-jaume-roures-el-nuevo-dueno-de-cataluna%2F&#038;text=Existe%20la%20posibilidad%20de%20una%20clara%20mayor%C3%ADa%20de%20izquierdas%20que%20podr%C3%ADa%20alcanzar%20hasta%20las%20tres%20quintas%20partes%20de%20los%20esca%C3%B1os&#038;via=conversesacat&#038;related=conversesacat' target='_blank'rel=\"noopener noreferrer\">Existe la posibilidad de una clara mayor\u00eda de izquierdas que podr\u00eda alcanzar hasta las tres quintas partes de los esca\u00f1os <\/a><\/span><a href='https:\/\/twitter.com\/intent\/tweet?url=https%3A%2F%2Fconversesacatalunya.cat%2Fes%2Fquien-es-jaume-roures-el-nuevo-dueno-de-cataluna%2F&#038;text=Existe%20la%20posibilidad%20de%20una%20clara%20mayor%C3%ADa%20de%20izquierdas%20que%20podr%C3%ADa%20alcanzar%20hasta%20las%20tres%20quintas%20partes%20de%20los%20esca%C3%B1os&#038;via=conversesacat&#038;related=conversesacat' target='_blank' class='bctt-ctt-btn'rel=\"noopener noreferrer\">Compartir en X<\/a><\/span>\n<div id=\"polls-54\" class=\"wp-polls\">\n\t<form id=\"polls_form_54\" class=\"wp-polls-form\" action=\"\/index.php\" method=\"post\">\n\t\t<p style=\"display: none;\"><input type=\"hidden\" id=\"poll_54_nonce\" name=\"wp-polls-nonce\" value=\"e4c5058edf\" \/><\/p>\n\t\t<p style=\"display: none;\"><input type=\"hidden\" name=\"poll_id\" value=\"54\" \/><\/p>\n\t\t<p style=\"text-align: center\"><strong>El nostre pa\u00eds \u00e9s racista?<\/strong><\/p><div id=\"polls-54-ans\" class=\"wp-polls-ans\"><ul class=\"wp-polls-ul\">\n\t\t<li><input type=\"radio\" id=\"poll-answer-114\" name=\"poll_54\" value=\"114\" \/> <label for=\"poll-answer-114\">Si<\/label><\/li>\n\t\t<li><input type=\"radio\" id=\"poll-answer-115\" name=\"poll_54\" value=\"115\" \/> <label for=\"poll-answer-115\">No<\/label><\/li>\n\t\t<\/ul><p style=\"text-align: center\"><input type=\"button\" name=\"vote\" value=\"   Vota   \" class=\"Buttons\" onclick=\"poll_vote(54);\" \/><\/p><p style=\"text-align: center\"><a href=\"#ViewPollResults\" onclick=\"poll_result(54); return false;\" title=\"View Results Of This Poll\">Mira els resultats<\/a><\/p><\/div>\n\t<\/form>\n<\/div>\n<div id=\"polls-54-loading\" class=\"wp-polls-loading\"><img decoding=\"async\" data-src=\"https:\/\/conversesacatalunya.cat\/wp-content\/plugins\/wp-polls\/images\/loading.gif\" width=\"16\" height=\"16\" alt=\"Cargando ...\" title=\"Cargando ...\" class=\"wp-polls-image lazyload\" src=\"data:image\/svg+xml;base64,PHN2ZyB3aWR0aD0iMSIgaGVpZ2h0PSIxIiB4bWxucz0iaHR0cDovL3d3dy53My5vcmcvMjAwMC9zdmciPjwvc3ZnPg==\" style=\"--smush-placeholder-width: 16px; --smush-placeholder-aspect-ratio: 16\/16;\" \/>&nbsp;Cargando ...<\/div>\n\n","protected":false},"excerpt":{"rendered":"<p>Jaume Roures es conocido por dos cosas: porque ha construido un poderoso conglomerado medi\u00e1tico con todo lo que conlleva de dinero e influencia, y tambi\u00e9n porque es el prototipo de millonario de izquierdas que se confiesa trotskista. Su influencia no acaba en los medios de su grupo, sino que se extiende de una forma extraordinaria sobre la misma televisi\u00f3n p\u00fablica de Catalu\u00f1a, que le sirve de altavoz siempre que lo necesita, como lo puso de relieve hace pocos d\u00edas con motivo de su pol\u00e9mica con Sandro Rosell. Uno de los programas m\u00e1s partidistas de TV3, Preguntes Freq\u00fcents FAQS, est\u00e1 producido por El Terrat, que a la vez es una empresa adquirida por Mediapro del mismo Roures, y que utiliza en funci\u00f3n de sus intereses. Es una situaci\u00f3n ins\u00f3lita en una TV p\u00fablica: Roures cobra por producir un programa que a la vez utiliza en provecho propio. Es un gran invento. Su papel pol\u00edtico es activo, pero nunca desde la primera l\u00ednea. Tuvo una intervenci\u00f3n importante a lo largo del proc\u00e9s desde la primera consulta realizada por Artur Mas, y sigui\u00f3 apoyando el proc\u00e9s. Pero ahora esta posici\u00f3n ha cambiado radicalmente. Roures lo da por enterrado y considera que ha llegado el momento de construir una alternativa desde el catalanismo de izquierdas. En este sentido est\u00e1 detr\u00e1s de la construcci\u00f3n de un espacio de reencuentro por medio del Institut Sobiranies, un think tank que quiere incidir en la crisis econ\u00f3mica creciente con un programa rotundamente de izquierdas, y dejando al margen el proceso independentista. En realidad, est\u00e1 llevando a cabo una acci\u00f3n que tiene como objetivo articular los comunes con la CUP para configurar una nueva fuerza pol\u00edtica o al menos alcanzar un acuerdo parlamentario. Son caras visibles de esta iniciativa el que fue l\u00edder de En Com\u00fa Podem, Xavier Dom\u00e8nech, el exdiputado de la CUP Quim Arrufat, as\u00ed como David Fern\u00e1ndez y Benet Salelles, dos personas bien conocidas del \u00e1mbito de la CUP, as\u00ed como Gemma Ubasart, que, si bien fue fundadora de Podem en Catalu\u00f1a, despu\u00e9s se apart\u00f3 o fue apartada de una manera acelerada. Tambi\u00e9n est\u00e1 presente el diputado de los comunes y secretario primero de la Mesa del Congreso, Gerardo Pisarello. Curiosamente no hay gente de ERC, si bien Joan Tard\u00e0 y Gabriel Rufi\u00e1n no ver\u00edan con malos ojos la constituci\u00f3n de una alianza de izquierdas. En el caso de Jaume Roures, nunca est\u00e1 del todo claro all\u00ed donde termina la pol\u00edtica y donde empieza el negocio, en el sentido de que sus posiciones pol\u00edticas acaban teniendo siempre traducci\u00f3n positiva para sus empresas, pero tambi\u00e9n porque sus empresas intervienen en los medios audiovisuales en la controversia pol\u00edtica. Lo que est\u00e1 claro es que Roures ve que, en Catalu\u00f1a, si las circunstancias no cambian, existe la posibilidad de una clara mayor\u00eda de izquierdas que podr\u00eda alcanzar hasta las tres quintas partes de los esca\u00f1os si se reunieran desde la CUP hasta el PSC, cosa improbable con car\u00e1cter sistem\u00e1tico, pero no descartable en el juego de los apoyos parlamentarios. En este espacio, construir un polo configurado por sectores de la Candidatura d&#8217;Unitat Popular y de En Com\u00fa Podem podr\u00eda disputar el centro de gravedad a ERC y a la vez constituir un elemento de atracci\u00f3n para que una alternativa de este tipo que rompiera la coalici\u00f3n actual con JxCat acabara prosperando. Evidentemente esta operaci\u00f3n tiene muchas incertidumbres. Una de ellas, y no menor, es la posici\u00f3n de Ada Colau, si bien esta mantiene una buena relaci\u00f3n con Jaume Roures. En todo caso, hay que decir que los movimientos por la banda de la izquierda de los socialistas son significativos y marcan un indicador de la modificaci\u00f3n del escenario: el abandono del proceso independentista y la prioridad de las pol\u00edticas de izquierda.<\/p>\n","protected":false},"author":2,"featured_media":37134,"comment_status":"open","ping_status":"open","sticky":false,"template":"","format":"standard","meta":{"_FSMCFIC_featured_image_caption":"","_FSMCFIC_featured_image_nocaption":"","_FSMCFIC_featured_image_hide":"","footnotes":""},"categories":[806],"tags":[1525,1524,2563],"class_list":["post-37161","post","type-post","status-publish","format-standard","has-post-thumbnail","hentry","category-punts-claus-del-dia-es","tag-elecciones-anticipadas","tag-eleccions-anticipades-es","tag-izquierdas"],"yoast_head":"<!-- This site is optimized with the Yoast SEO plugin v26.8 - https:\/\/yoast.com\/product\/yoast-seo-wordpress\/ -->\n<title>\u00bfQui\u00e9n es Jaume Roures? El nuevo due\u00f1o de Catalu\u00f1a - Converses a Catalunya<\/title>\n<meta name=\"robots\" content=\"index, follow, max-snippet:-1, max-image-preview:large, max-video-preview:-1\" \/>\n<link rel=\"canonical\" href=\"https:\/\/conversesacatalunya.cat\/es\/quien-es-jaume-roures-el-nuevo-dueno-de-cataluna\/\" \/>\n<meta property=\"og:locale\" content=\"es_ES\" \/>\n<meta property=\"og:type\" content=\"article\" \/>\n<meta property=\"og:title\" content=\"\u00bfQui\u00e9n es Jaume Roures? El nuevo due\u00f1o de Catalu\u00f1a - Converses a Catalunya\" \/>\n<meta property=\"og:description\" content=\"Jaume Roures es conocido por dos cosas: porque ha construido un poderoso conglomerado medi\u00e1tico con todo lo que conlleva de dinero e influencia, y tambi\u00e9n porque es el prototipo de millonario de izquierdas que se confiesa trotskista. Su influencia no acaba en los medios de su grupo, sino que se extiende de una forma extraordinaria sobre la misma televisi\u00f3n p\u00fablica de Catalu\u00f1a, que le sirve de altavoz siempre que lo necesita, como lo puso de relieve hace pocos d\u00edas con motivo de su pol\u00e9mica con Sandro Rosell. Uno de los programas m\u00e1s partidistas de TV3, Preguntes Freq\u00fcents FAQS, est\u00e1 producido por El Terrat, que a la vez es una empresa adquirida por Mediapro del mismo Roures, y que utiliza en funci\u00f3n de sus intereses. Es una situaci\u00f3n ins\u00f3lita en una TV p\u00fablica: Roures cobra por producir un programa que a la vez utiliza en provecho propio. Es un gran invento. Su papel pol\u00edtico es activo, pero nunca desde la primera l\u00ednea. Tuvo una intervenci\u00f3n importante a lo largo del proc\u00e9s desde la primera consulta realizada por Artur Mas, y sigui\u00f3 apoyando el proc\u00e9s. Pero ahora esta posici\u00f3n ha cambiado radicalmente. Roures lo da por enterrado y considera que ha llegado el momento de construir una alternativa desde el catalanismo de izquierdas. En este sentido est\u00e1 detr\u00e1s de la construcci\u00f3n de un espacio de reencuentro por medio del Institut Sobiranies, un think tank que quiere incidir en la crisis econ\u00f3mica creciente con un programa rotundamente de izquierdas, y dejando al margen el proceso independentista. En realidad, est\u00e1 llevando a cabo una acci\u00f3n que tiene como objetivo articular los comunes con la CUP para configurar una nueva fuerza pol\u00edtica o al menos alcanzar un acuerdo parlamentario. Son caras visibles de esta iniciativa el que fue l\u00edder de En Com\u00fa Podem, Xavier Dom\u00e8nech, el exdiputado de la CUP Quim Arrufat, as\u00ed como David Fern\u00e1ndez y Benet Salelles, dos personas bien conocidas del \u00e1mbito de la CUP, as\u00ed como Gemma Ubasart, que, si bien fue fundadora de Podem en Catalu\u00f1a, despu\u00e9s se apart\u00f3 o fue apartada de una manera acelerada. Tambi\u00e9n est\u00e1 presente el diputado de los comunes y secretario primero de la Mesa del Congreso, Gerardo Pisarello. Curiosamente no hay gente de ERC, si bien Joan Tard\u00e0 y Gabriel Rufi\u00e1n no ver\u00edan con malos ojos la constituci\u00f3n de una alianza de izquierdas. En el caso de Jaume Roures, nunca est\u00e1 del todo claro all\u00ed donde termina la pol\u00edtica y donde empieza el negocio, en el sentido de que sus posiciones pol\u00edticas acaban teniendo siempre traducci\u00f3n positiva para sus empresas, pero tambi\u00e9n porque sus empresas intervienen en los medios audiovisuales en la controversia pol\u00edtica. Lo que est\u00e1 claro es que Roures ve que, en Catalu\u00f1a, si las circunstancias no cambian, existe la posibilidad de una clara mayor\u00eda de izquierdas que podr\u00eda alcanzar hasta las tres quintas partes de los esca\u00f1os si se reunieran desde la CUP hasta el PSC, cosa improbable con car\u00e1cter sistem\u00e1tico, pero no descartable en el juego de los apoyos parlamentarios. En este espacio, construir un polo configurado por sectores de la Candidatura d&#8217;Unitat Popular y de En Com\u00fa Podem podr\u00eda disputar el centro de gravedad a ERC y a la vez constituir un elemento de atracci\u00f3n para que una alternativa de este tipo que rompiera la coalici\u00f3n actual con JxCat acabara prosperando. Evidentemente esta operaci\u00f3n tiene muchas incertidumbres. Una de ellas, y no menor, es la posici\u00f3n de Ada Colau, si bien esta mantiene una buena relaci\u00f3n con Jaume Roures. En todo caso, hay que decir que los movimientos por la banda de la izquierda de los socialistas son significativos y marcan un indicador de la modificaci\u00f3n del escenario: el abandono del proceso independentista y la prioridad de las pol\u00edticas de izquierda.\" \/>\n<meta property=\"og:url\" content=\"https:\/\/conversesacatalunya.cat\/es\/quien-es-jaume-roures-el-nuevo-dueno-de-cataluna\/\" \/>\n<meta property=\"og:site_name\" content=\"Converses a Catalunya\" \/>\n<meta property=\"article:published_time\" content=\"2020-06-10T09:31:08+00:00\" \/>\n<meta property=\"article:modified_time\" content=\"2020-06-11T09:44:56+00:00\" \/>\n<meta property=\"og:image\" content=\"https:\/\/conversesacatalunya.cat\/wp-content\/uploads\/2020\/06\/Jaume-Roures.jpg\" \/>\n\t<meta property=\"og:image:width\" content=\"1126\" \/>\n\t<meta property=\"og:image:height\" content=\"634\" \/>\n\t<meta property=\"og:image:type\" content=\"image\/jpeg\" \/>\n<meta name=\"author\" content=\"conversesacatalunya\" \/>\n<meta name=\"twitter:card\" content=\"summary_large_image\" \/>\n<meta name=\"twitter:label1\" content=\"Escrito por\" \/>\n\t<meta name=\"twitter:data1\" content=\"conversesacatalunya\" \/>\n\t<meta name=\"twitter:label2\" content=\"Tiempo de lectura\" \/>\n\t<meta name=\"twitter:data2\" content=\"4 minutos\" \/>\n<script type=\"application\/ld+json\" class=\"yoast-schema-graph\">{\"@context\":\"https:\/\/schema.org\",\"@graph\":[{\"@type\":\"Article\",\"@id\":\"https:\/\/conversesacatalunya.cat\/es\/quien-es-jaume-roures-el-nuevo-dueno-de-cataluna\/#article\",\"isPartOf\":{\"@id\":\"https:\/\/conversesacatalunya.cat\/es\/quien-es-jaume-roures-el-nuevo-dueno-de-cataluna\/\"},\"author\":{\"name\":\"conversesacatalunya\",\"@id\":\"https:\/\/conversesacatalunya.cat\/#\/schema\/person\/7e24d1e54a2785373ddcb275eae5ed99\"},\"headline\":\"\u00bfQui\u00e9n es Jaume Roures? El nuevo due\u00f1o de Catalu\u00f1a\",\"datePublished\":\"2020-06-10T09:31:08+00:00\",\"dateModified\":\"2020-06-11T09:44:56+00:00\",\"mainEntityOfPage\":{\"@id\":\"https:\/\/conversesacatalunya.cat\/es\/quien-es-jaume-roures-el-nuevo-dueno-de-cataluna\/\"},\"wordCount\":716,\"commentCount\":0,\"image\":{\"@id\":\"https:\/\/conversesacatalunya.cat\/es\/quien-es-jaume-roures-el-nuevo-dueno-de-cataluna\/#primaryimage\"},\"thumbnailUrl\":\"https:\/\/conversesacatalunya.cat\/wp-content\/uploads\/2020\/06\/Jaume-Roures.jpg\",\"keywords\":[\"elecciones anticipadas\",\"Eleccions anticipades\",\"izquierdas\"],\"articleSection\":[\"Punts clau del dia (ES)\"],\"inLanguage\":\"es\",\"potentialAction\":[{\"@type\":\"CommentAction\",\"name\":\"Comment\",\"target\":[\"https:\/\/conversesacatalunya.cat\/es\/quien-es-jaume-roures-el-nuevo-dueno-de-cataluna\/#respond\"]}]},{\"@type\":\"WebPage\",\"@id\":\"https:\/\/conversesacatalunya.cat\/es\/quien-es-jaume-roures-el-nuevo-dueno-de-cataluna\/\",\"url\":\"https:\/\/conversesacatalunya.cat\/es\/quien-es-jaume-roures-el-nuevo-dueno-de-cataluna\/\",\"name\":\"\u00bfQui\u00e9n es Jaume Roures? El nuevo due\u00f1o de Catalu\u00f1a - Converses a Catalunya\",\"isPartOf\":{\"@id\":\"https:\/\/conversesacatalunya.cat\/#website\"},\"primaryImageOfPage\":{\"@id\":\"https:\/\/conversesacatalunya.cat\/es\/quien-es-jaume-roures-el-nuevo-dueno-de-cataluna\/#primaryimage\"},\"image\":{\"@id\":\"https:\/\/conversesacatalunya.cat\/es\/quien-es-jaume-roures-el-nuevo-dueno-de-cataluna\/#primaryimage\"},\"thumbnailUrl\":\"https:\/\/conversesacatalunya.cat\/wp-content\/uploads\/2020\/06\/Jaume-Roures.jpg\",\"datePublished\":\"2020-06-10T09:31:08+00:00\",\"dateModified\":\"2020-06-11T09:44:56+00:00\",\"author\":{\"@id\":\"https:\/\/conversesacatalunya.cat\/#\/schema\/person\/7e24d1e54a2785373ddcb275eae5ed99\"},\"breadcrumb\":{\"@id\":\"https:\/\/conversesacatalunya.cat\/es\/quien-es-jaume-roures-el-nuevo-dueno-de-cataluna\/#breadcrumb\"},\"inLanguage\":\"es\",\"potentialAction\":[{\"@type\":\"ReadAction\",\"target\":[\"https:\/\/conversesacatalunya.cat\/es\/quien-es-jaume-roures-el-nuevo-dueno-de-cataluna\/\"]}]},{\"@type\":\"ImageObject\",\"inLanguage\":\"es\",\"@id\":\"https:\/\/conversesacatalunya.cat\/es\/quien-es-jaume-roures-el-nuevo-dueno-de-cataluna\/#primaryimage\",\"url\":\"https:\/\/conversesacatalunya.cat\/wp-content\/uploads\/2020\/06\/Jaume-Roures.jpg\",\"contentUrl\":\"https:\/\/conversesacatalunya.cat\/wp-content\/uploads\/2020\/06\/Jaume-Roures.jpg\",\"width\":1126,\"height\":634,\"caption\":\"Jaume Roures\"},{\"@type\":\"BreadcrumbList\",\"@id\":\"https:\/\/conversesacatalunya.cat\/es\/quien-es-jaume-roures-el-nuevo-dueno-de-cataluna\/#breadcrumb\",\"itemListElement\":[{\"@type\":\"ListItem\",\"position\":1,\"name\":\"Inici\",\"item\":\"https:\/\/conversesacatalunya.cat\/es\/\"},{\"@type\":\"ListItem\",\"position\":2,\"name\":\"\u00bfQui\u00e9n es Jaume Roures? El nuevo due\u00f1o de Catalu\u00f1a\"}]},{\"@type\":\"WebSite\",\"@id\":\"https:\/\/conversesacatalunya.cat\/#website\",\"url\":\"https:\/\/conversesacatalunya.cat\/\",\"name\":\"Converses a Catalunya\",\"description\":\"\",\"potentialAction\":[{\"@type\":\"SearchAction\",\"target\":{\"@type\":\"EntryPoint\",\"urlTemplate\":\"https:\/\/conversesacatalunya.cat\/?s={search_term_string}\"},\"query-input\":{\"@type\":\"PropertyValueSpecification\",\"valueRequired\":true,\"valueName\":\"search_term_string\"}}],\"inLanguage\":\"es\"},{\"@type\":\"Person\",\"@id\":\"https:\/\/conversesacatalunya.cat\/#\/schema\/person\/7e24d1e54a2785373ddcb275eae5ed99\",\"name\":\"conversesacatalunya\",\"image\":{\"@type\":\"ImageObject\",\"inLanguage\":\"es\",\"@id\":\"https:\/\/conversesacatalunya.cat\/#\/schema\/person\/image\/\",\"url\":\"https:\/\/conversesacatalunya.cat\/wp-content\/litespeed\/avatar\/febdfeeec89d950f01c748045a981dd2.jpg?ver=1777314535\",\"contentUrl\":\"https:\/\/conversesacatalunya.cat\/wp-content\/litespeed\/avatar\/febdfeeec89d950f01c748045a981dd2.jpg?ver=1777314535\",\"caption\":\"conversesacatalunya\"},\"url\":\"https:\/\/conversesacatalunya.cat\/es\/author\/carme_catala\/\"}]}<\/script>\n<!-- \/ Yoast SEO plugin. -->","yoast_head_json":{"title":"\u00bfQui\u00e9n es Jaume Roures? El nuevo due\u00f1o de Catalu\u00f1a - Converses a Catalunya","robots":{"index":"index","follow":"follow","max-snippet":"max-snippet:-1","max-image-preview":"max-image-preview:large","max-video-preview":"max-video-preview:-1"},"canonical":"https:\/\/conversesacatalunya.cat\/es\/quien-es-jaume-roures-el-nuevo-dueno-de-cataluna\/","og_locale":"es_ES","og_type":"article","og_title":"\u00bfQui\u00e9n es Jaume Roures? El nuevo due\u00f1o de Catalu\u00f1a - Converses a Catalunya","og_description":"Jaume Roures es conocido por dos cosas: porque ha construido un poderoso conglomerado medi\u00e1tico con todo lo que conlleva de dinero e influencia, y tambi\u00e9n porque es el prototipo de millonario de izquierdas que se confiesa trotskista. Su influencia no acaba en los medios de su grupo, sino que se extiende de una forma extraordinaria sobre la misma televisi\u00f3n p\u00fablica de Catalu\u00f1a, que le sirve de altavoz siempre que lo necesita, como lo puso de relieve hace pocos d\u00edas con motivo de su pol\u00e9mica con Sandro Rosell. Uno de los programas m\u00e1s partidistas de TV3, Preguntes Freq\u00fcents FAQS, est\u00e1 producido por El Terrat, que a la vez es una empresa adquirida por Mediapro del mismo Roures, y que utiliza en funci\u00f3n de sus intereses. Es una situaci\u00f3n ins\u00f3lita en una TV p\u00fablica: Roures cobra por producir un programa que a la vez utiliza en provecho propio. Es un gran invento. Su papel pol\u00edtico es activo, pero nunca desde la primera l\u00ednea. Tuvo una intervenci\u00f3n importante a lo largo del proc\u00e9s desde la primera consulta realizada por Artur Mas, y sigui\u00f3 apoyando el proc\u00e9s. Pero ahora esta posici\u00f3n ha cambiado radicalmente. Roures lo da por enterrado y considera que ha llegado el momento de construir una alternativa desde el catalanismo de izquierdas. En este sentido est\u00e1 detr\u00e1s de la construcci\u00f3n de un espacio de reencuentro por medio del Institut Sobiranies, un think tank que quiere incidir en la crisis econ\u00f3mica creciente con un programa rotundamente de izquierdas, y dejando al margen el proceso independentista. En realidad, est\u00e1 llevando a cabo una acci\u00f3n que tiene como objetivo articular los comunes con la CUP para configurar una nueva fuerza pol\u00edtica o al menos alcanzar un acuerdo parlamentario. Son caras visibles de esta iniciativa el que fue l\u00edder de En Com\u00fa Podem, Xavier Dom\u00e8nech, el exdiputado de la CUP Quim Arrufat, as\u00ed como David Fern\u00e1ndez y Benet Salelles, dos personas bien conocidas del \u00e1mbito de la CUP, as\u00ed como Gemma Ubasart, que, si bien fue fundadora de Podem en Catalu\u00f1a, despu\u00e9s se apart\u00f3 o fue apartada de una manera acelerada. Tambi\u00e9n est\u00e1 presente el diputado de los comunes y secretario primero de la Mesa del Congreso, Gerardo Pisarello. Curiosamente no hay gente de ERC, si bien Joan Tard\u00e0 y Gabriel Rufi\u00e1n no ver\u00edan con malos ojos la constituci\u00f3n de una alianza de izquierdas. En el caso de Jaume Roures, nunca est\u00e1 del todo claro all\u00ed donde termina la pol\u00edtica y donde empieza el negocio, en el sentido de que sus posiciones pol\u00edticas acaban teniendo siempre traducci\u00f3n positiva para sus empresas, pero tambi\u00e9n porque sus empresas intervienen en los medios audiovisuales en la controversia pol\u00edtica. Lo que est\u00e1 claro es que Roures ve que, en Catalu\u00f1a, si las circunstancias no cambian, existe la posibilidad de una clara mayor\u00eda de izquierdas que podr\u00eda alcanzar hasta las tres quintas partes de los esca\u00f1os si se reunieran desde la CUP hasta el PSC, cosa improbable con car\u00e1cter sistem\u00e1tico, pero no descartable en el juego de los apoyos parlamentarios. En este espacio, construir un polo configurado por sectores de la Candidatura d&#8217;Unitat Popular y de En Com\u00fa Podem podr\u00eda disputar el centro de gravedad a ERC y a la vez constituir un elemento de atracci\u00f3n para que una alternativa de este tipo que rompiera la coalici\u00f3n actual con JxCat acabara prosperando. Evidentemente esta operaci\u00f3n tiene muchas incertidumbres. Una de ellas, y no menor, es la posici\u00f3n de Ada Colau, si bien esta mantiene una buena relaci\u00f3n con Jaume Roures. En todo caso, hay que decir que los movimientos por la banda de la izquierda de los socialistas son significativos y marcan un indicador de la modificaci\u00f3n del escenario: el abandono del proceso independentista y la prioridad de las pol\u00edticas de izquierda.","og_url":"https:\/\/conversesacatalunya.cat\/es\/quien-es-jaume-roures-el-nuevo-dueno-de-cataluna\/","og_site_name":"Converses a Catalunya","article_published_time":"2020-06-10T09:31:08+00:00","article_modified_time":"2020-06-11T09:44:56+00:00","og_image":[{"width":1126,"height":634,"url":"https:\/\/conversesacatalunya.cat\/wp-content\/uploads\/2020\/06\/Jaume-Roures.jpg","type":"image\/jpeg"}],"author":"conversesacatalunya","twitter_card":"summary_large_image","twitter_misc":{"Escrito por":"conversesacatalunya","Tiempo de lectura":"4 minutos"},"schema":{"@context":"https:\/\/schema.org","@graph":[{"@type":"Article","@id":"https:\/\/conversesacatalunya.cat\/es\/quien-es-jaume-roures-el-nuevo-dueno-de-cataluna\/#article","isPartOf":{"@id":"https:\/\/conversesacatalunya.cat\/es\/quien-es-jaume-roures-el-nuevo-dueno-de-cataluna\/"},"author":{"name":"conversesacatalunya","@id":"https:\/\/conversesacatalunya.cat\/#\/schema\/person\/7e24d1e54a2785373ddcb275eae5ed99"},"headline":"\u00bfQui\u00e9n es Jaume Roures? El nuevo due\u00f1o de Catalu\u00f1a","datePublished":"2020-06-10T09:31:08+00:00","dateModified":"2020-06-11T09:44:56+00:00","mainEntityOfPage":{"@id":"https:\/\/conversesacatalunya.cat\/es\/quien-es-jaume-roures-el-nuevo-dueno-de-cataluna\/"},"wordCount":716,"commentCount":0,"image":{"@id":"https:\/\/conversesacatalunya.cat\/es\/quien-es-jaume-roures-el-nuevo-dueno-de-cataluna\/#primaryimage"},"thumbnailUrl":"https:\/\/conversesacatalunya.cat\/wp-content\/uploads\/2020\/06\/Jaume-Roures.jpg","keywords":["elecciones anticipadas","Eleccions anticipades","izquierdas"],"articleSection":["Punts clau del dia (ES)"],"inLanguage":"es","potentialAction":[{"@type":"CommentAction","name":"Comment","target":["https:\/\/conversesacatalunya.cat\/es\/quien-es-jaume-roures-el-nuevo-dueno-de-cataluna\/#respond"]}]},{"@type":"WebPage","@id":"https:\/\/conversesacatalunya.cat\/es\/quien-es-jaume-roures-el-nuevo-dueno-de-cataluna\/","url":"https:\/\/conversesacatalunya.cat\/es\/quien-es-jaume-roures-el-nuevo-dueno-de-cataluna\/","name":"\u00bfQui\u00e9n es Jaume Roures? El nuevo due\u00f1o de Catalu\u00f1a - Converses a Catalunya","isPartOf":{"@id":"https:\/\/conversesacatalunya.cat\/#website"},"primaryImageOfPage":{"@id":"https:\/\/conversesacatalunya.cat\/es\/quien-es-jaume-roures-el-nuevo-dueno-de-cataluna\/#primaryimage"},"image":{"@id":"https:\/\/conversesacatalunya.cat\/es\/quien-es-jaume-roures-el-nuevo-dueno-de-cataluna\/#primaryimage"},"thumbnailUrl":"https:\/\/conversesacatalunya.cat\/wp-content\/uploads\/2020\/06\/Jaume-Roures.jpg","datePublished":"2020-06-10T09:31:08+00:00","dateModified":"2020-06-11T09:44:56+00:00","author":{"@id":"https:\/\/conversesacatalunya.cat\/#\/schema\/person\/7e24d1e54a2785373ddcb275eae5ed99"},"breadcrumb":{"@id":"https:\/\/conversesacatalunya.cat\/es\/quien-es-jaume-roures-el-nuevo-dueno-de-cataluna\/#breadcrumb"},"inLanguage":"es","potentialAction":[{"@type":"ReadAction","target":["https:\/\/conversesacatalunya.cat\/es\/quien-es-jaume-roures-el-nuevo-dueno-de-cataluna\/"]}]},{"@type":"ImageObject","inLanguage":"es","@id":"https:\/\/conversesacatalunya.cat\/es\/quien-es-jaume-roures-el-nuevo-dueno-de-cataluna\/#primaryimage","url":"https:\/\/conversesacatalunya.cat\/wp-content\/uploads\/2020\/06\/Jaume-Roures.jpg","contentUrl":"https:\/\/conversesacatalunya.cat\/wp-content\/uploads\/2020\/06\/Jaume-Roures.jpg","width":1126,"height":634,"caption":"Jaume Roures"},{"@type":"BreadcrumbList","@id":"https:\/\/conversesacatalunya.cat\/es\/quien-es-jaume-roures-el-nuevo-dueno-de-cataluna\/#breadcrumb","itemListElement":[{"@type":"ListItem","position":1,"name":"Inici","item":"https:\/\/conversesacatalunya.cat\/es\/"},{"@type":"ListItem","position":2,"name":"\u00bfQui\u00e9n es Jaume Roures? El nuevo due\u00f1o de Catalu\u00f1a"}]},{"@type":"WebSite","@id":"https:\/\/conversesacatalunya.cat\/#website","url":"https:\/\/conversesacatalunya.cat\/","name":"Converses a Catalunya","description":"","potentialAction":[{"@type":"SearchAction","target":{"@type":"EntryPoint","urlTemplate":"https:\/\/conversesacatalunya.cat\/?s={search_term_string}"},"query-input":{"@type":"PropertyValueSpecification","valueRequired":true,"valueName":"search_term_string"}}],"inLanguage":"es"},{"@type":"Person","@id":"https:\/\/conversesacatalunya.cat\/#\/schema\/person\/7e24d1e54a2785373ddcb275eae5ed99","name":"conversesacatalunya","image":{"@type":"ImageObject","inLanguage":"es","@id":"https:\/\/conversesacatalunya.cat\/#\/schema\/person\/image\/","url":"https:\/\/conversesacatalunya.cat\/wp-content\/litespeed\/avatar\/febdfeeec89d950f01c748045a981dd2.jpg?ver=1777314535","contentUrl":"https:\/\/conversesacatalunya.cat\/wp-content\/litespeed\/avatar\/febdfeeec89d950f01c748045a981dd2.jpg?ver=1777314535","caption":"conversesacatalunya"},"url":"https:\/\/conversesacatalunya.cat\/es\/author\/carme_catala\/"}]}},"wps_subtitle":"","_links":{"self":[{"href":"https:\/\/conversesacatalunya.cat\/es\/wp-json\/wp\/v2\/posts\/37161","targetHints":{"allow":["GET"]}}],"collection":[{"href":"https:\/\/conversesacatalunya.cat\/es\/wp-json\/wp\/v2\/posts"}],"about":[{"href":"https:\/\/conversesacatalunya.cat\/es\/wp-json\/wp\/v2\/types\/post"}],"author":[{"embeddable":true,"href":"https:\/\/conversesacatalunya.cat\/es\/wp-json\/wp\/v2\/users\/2"}],"replies":[{"embeddable":true,"href":"https:\/\/conversesacatalunya.cat\/es\/wp-json\/wp\/v2\/comments?post=37161"}],"version-history":[{"count":4,"href":"https:\/\/conversesacatalunya.cat\/es\/wp-json\/wp\/v2\/posts\/37161\/revisions"}],"predecessor-version":[{"id":37202,"href":"https:\/\/conversesacatalunya.cat\/es\/wp-json\/wp\/v2\/posts\/37161\/revisions\/37202"}],"wp:featuredmedia":[{"embeddable":true,"href":"https:\/\/conversesacatalunya.cat\/es\/wp-json\/wp\/v2\/media\/37134"}],"wp:attachment":[{"href":"https:\/\/conversesacatalunya.cat\/es\/wp-json\/wp\/v2\/media?parent=37161"}],"wp:term":[{"taxonomy":"category","embeddable":true,"href":"https:\/\/conversesacatalunya.cat\/es\/wp-json\/wp\/v2\/categories?post=37161"},{"taxonomy":"post_tag","embeddable":true,"href":"https:\/\/conversesacatalunya.cat\/es\/wp-json\/wp\/v2\/tags?post=37161"}],"curies":[{"name":"wp","href":"https:\/\/api.w.org\/{rel}","templated":true}]}}