{"id":37100,"date":"2020-06-09T12:12:49","date_gmt":"2020-06-09T10:12:49","guid":{"rendered":"https:\/\/conversesacatalunya.cat\/no-totes-les-manifestacions-son-igual-de-perilloses-per-transmetre-el-coronavirus\/"},"modified":"2020-06-09T13:07:00","modified_gmt":"2020-06-09T11:07:00","slug":"no-todas-las-manifestaciones-son-igual-de-peligrosas-para-transmitir-el-coronavirus","status":"publish","type":"post","link":"https:\/\/conversesacatalunya.cat\/es\/no-todas-las-manifestaciones-son-igual-de-peligrosas-para-transmitir-el-coronavirus\/","title":{"rendered":"No todas las manifestaciones son igual de peligrosas para transmitir el coronavirus"},"content":{"rendered":"<p>Es evidente que para el gobierno y desde el punto de vista de la salud p\u00fablica, hay dos tipos de manifestaciones. Las que son peligrosas porque ayudan a propagar la enfermedad, y las perfectamente inocuas. Las primeras son las que convocan la coalici\u00f3n de gobierno o grupos afines. Las segundas son las que convocan los dem\u00e1s.<\/p>\n<p>Colea, y lo har\u00e1 durante un tiempo porque est\u00e1n judicializadas, las <a href=\"https:\/\/conversesacatalunya.cat\/es\/el-grave-impacto-de-la-manifestacion-del-8-m-en-la-propagacion-del-coronavirus-en-madrid\/\" target=\"_blank\" rel=\"noopener noreferrer\">manifestaciones feministas del 8M<\/a>. Que fueron un foco de transmisi\u00f3n acelerada del Covid-19 es un hecho. Lo constata una observaci\u00f3n tan simple como que <strong>tres ministras del gobierno<\/strong>, tres, entre ellas la vicepresidenta Carmen Calvo, as\u00ed como <strong>la esposa del presidente<\/strong>, quedaron infectadas y tuvieron que guardar la cuarentena, particularmente larga en el caso de Irene Montero. Por otra parte, las cifras de contagio e ingresos constatan claramente que a partir del d\u00eda 9 de mayo se dispar\u00f3 su incidencia. Nada m\u00e1s sencillo que aceptar estos hechos tan clamorosos.<\/p>\n<p>A pesar de ello, el gobierno se empe\u00f1a en acusar de antifeministas a los que se\u00f1alan las evidencias num\u00e9ricas. Cuando lo que <strong>se est\u00e1 enunciando no es la ideolog\u00eda de los manifestantes<\/strong>, sino el hecho de que se concentrara tanta gente sin ning\u00fan tipo de distanciamiento f\u00edsico, m\u00e1s bien todo lo contrario. El propio presidente del gobierno cometi\u00f3 la insensatez en plena tragedia de proferir un \u00abviva las manifestaciones del 8M\u00bb en sede parlamentaria cuando Espa\u00f1a est\u00e1 en pleno estado de duelo consecuencia de m\u00e1s de 40.000 muertos precisamente por la pandemia.<\/p>\n<p>Ahora ha vuelto a suceder cuando este fin de semana se han concentrado en Barcelona y Madrid algunos miles de personas, que<strong> alcanzaron los 3.000 en Madrid<\/strong>, en condiciones de hacinamiento y muchas de ellas sin mascarilla o sin usarla. La manifestaci\u00f3n estaba autorizada para 200 personas, pero la cifra se multiplic\u00f3. A pesar de estos hechos, la Delegaci\u00f3n del Gobierno de Madrid, una vez m\u00e1s, como ya hizo el 8M, ha declarado que todo ha transcurrido con \u00abtotal normalidad\u00bb. Hay que decir que es falso. Precisamente las concentraciones y manifestaciones, tanto en Barcelona como en Madrid vulneraron rotundamente <strong>las normas que reg\u00edan para la fase 1<\/strong> en la que a\u00fan se encontraban ambas ciudades. Y este hecho no se puede considerar normal por parte de la administraci\u00f3n a menos que rija la ley del embudo. Contrasta esta actitud con el griter\u00edo y env\u00edo de polic\u00eda para disuadir a los manifestantes cuando los que han salido a la calle son menos numerosos, m\u00e1s distanciados y cumpliendo mejor las normas; lo hac\u00edan para protestar contra el gobierno.<\/p>\n<p>Este tipo de pr\u00e1cticas lo \u00fanico que hacen es degradar el Estado de derecho, la pr\u00e1ctica democr\u00e1tica y polarizar los \u00e1nimos.<\/p>\n<p style=\"text-align: center;\">M\u00e1s informaci\u00f3n sobre el coronavirus en <a href=\"https:\/\/conversesacatalunya.cat\/es\/coronavirus\/\" target=\"_blank\" rel=\"noopener noreferrer\">ESPECIAL CORONAVIRUS<\/a><\/p>\n<div id=\"polls-54\" class=\"wp-polls\">\n\t<form id=\"polls_form_54\" class=\"wp-polls-form\" action=\"\/index.php\" method=\"post\">\n\t\t<p style=\"display: none;\"><input type=\"hidden\" id=\"poll_54_nonce\" name=\"wp-polls-nonce\" value=\"e4c5058edf\" \/><\/p>\n\t\t<p style=\"display: none;\"><input type=\"hidden\" name=\"poll_id\" value=\"54\" \/><\/p>\n\t\t<p style=\"text-align: center\"><strong>El nostre pa\u00eds \u00e9s racista?<\/strong><\/p><div id=\"polls-54-ans\" class=\"wp-polls-ans\"><ul class=\"wp-polls-ul\">\n\t\t<li><input type=\"radio\" id=\"poll-answer-114\" name=\"poll_54\" value=\"114\" \/> <label for=\"poll-answer-114\">Si<\/label><\/li>\n\t\t<li><input type=\"radio\" id=\"poll-answer-115\" name=\"poll_54\" value=\"115\" \/> <label for=\"poll-answer-115\">No<\/label><\/li>\n\t\t<\/ul><p style=\"text-align: center\"><input type=\"button\" name=\"vote\" value=\"   Vota   \" class=\"Buttons\" onclick=\"poll_vote(54);\" \/><\/p><p style=\"text-align: center\"><a href=\"#ViewPollResults\" onclick=\"poll_result(54); return false;\" title=\"View Results Of This Poll\">Mira els resultats<\/a><\/p><\/div>\n\t<\/form>\n<\/div>\n<div id=\"polls-54-loading\" class=\"wp-polls-loading\"><img decoding=\"async\" data-src=\"https:\/\/conversesacatalunya.cat\/wp-content\/plugins\/wp-polls\/images\/loading.gif\" width=\"16\" height=\"16\" alt=\"Cargando ...\" title=\"Cargando ...\" class=\"wp-polls-image lazyload\" src=\"data:image\/svg+xml;base64,PHN2ZyB3aWR0aD0iMSIgaGVpZ2h0PSIxIiB4bWxucz0iaHR0cDovL3d3dy53My5vcmcvMjAwMC9zdmciPjwvc3ZnPg==\" style=\"--smush-placeholder-width: 16px; --smush-placeholder-aspect-ratio: 16\/16;\" \/>&nbsp;Cargando ...<\/div>\n\n","protected":false},"excerpt":{"rendered":"<p>Es evidente que para el gobierno y desde el punto de vista de la salud p\u00fablica, hay dos tipos de manifestaciones. Las que son peligrosas porque ayudan a propagar la enfermedad, y las perfectamente inocuas. Las primeras son las que convocan la coalici\u00f3n de gobierno o grupos afines. Las segundas son las que convocan los dem\u00e1s. Colea, y lo har\u00e1 durante un tiempo porque est\u00e1n judicializadas, las manifestaciones feministas del 8M. Que fueron un foco de transmisi\u00f3n acelerada del Covid-19 es un hecho. Lo constata una observaci\u00f3n tan simple como que tres ministras del gobierno, tres, entre ellas la vicepresidenta Carmen Calvo, as\u00ed como la esposa del presidente, quedaron infectadas y tuvieron que guardar la cuarentena, particularmente larga en el caso de Irene Montero. Por otra parte, las cifras de contagio e ingresos constatan claramente que a partir del d\u00eda 9 de mayo se dispar\u00f3 su incidencia. Nada m\u00e1s sencillo que aceptar estos hechos tan clamorosos. A pesar de ello, el gobierno se empe\u00f1a en acusar de antifeministas a los que se\u00f1alan las evidencias num\u00e9ricas. Cuando lo que se est\u00e1 enunciando no es la ideolog\u00eda de los manifestantes, sino el hecho de que se concentrara tanta gente sin ning\u00fan tipo de distanciamiento f\u00edsico, m\u00e1s bien todo lo contrario. El propio presidente del gobierno cometi\u00f3 la insensatez en plena tragedia de proferir un \u00abviva las manifestaciones del 8M\u00bb en sede parlamentaria cuando Espa\u00f1a est\u00e1 en pleno estado de duelo consecuencia de m\u00e1s de 40.000 muertos precisamente por la pandemia. Ahora ha vuelto a suceder cuando este fin de semana se han concentrado en Barcelona y Madrid algunos miles de personas, que alcanzaron los 3.000 en Madrid, en condiciones de hacinamiento y muchas de ellas sin mascarilla o sin usarla. La manifestaci\u00f3n estaba autorizada para 200 personas, pero la cifra se multiplic\u00f3. A pesar de estos hechos, la Delegaci\u00f3n del Gobierno de Madrid, una vez m\u00e1s, como ya hizo el 8M, ha declarado que todo ha transcurrido con \u00abtotal normalidad\u00bb. Hay que decir que es falso. Precisamente las concentraciones y manifestaciones, tanto en Barcelona como en Madrid vulneraron rotundamente las normas que reg\u00edan para la fase 1 en la que a\u00fan se encontraban ambas ciudades. Y este hecho no se puede considerar normal por parte de la administraci\u00f3n a menos que rija la ley del embudo. Contrasta esta actitud con el griter\u00edo y env\u00edo de polic\u00eda para disuadir a los manifestantes cuando los que han salido a la calle son menos numerosos, m\u00e1s distanciados y cumpliendo mejor las normas; lo hac\u00edan para protestar contra el gobierno. Este tipo de pr\u00e1cticas lo \u00fanico que hacen es degradar el Estado de derecho, la pr\u00e1ctica democr\u00e1tica y polarizar los \u00e1nimos. M\u00e1s informaci\u00f3n sobre el coronavirus en ESPECIAL CORONAVIRUS<\/p>\n","protected":false},"author":2,"featured_media":37089,"comment_status":"open","ping_status":"open","sticky":false,"template":"","format":"standard","meta":{"_FSMCFIC_featured_image_caption":"","_FSMCFIC_featured_image_nocaption":"","_FSMCFIC_featured_image_hide":"","footnotes":""},"categories":[1772,806],"tags":[1892,1504,1022],"class_list":["post-37100","post","type-post","status-publish","format-standard","has-post-thumbnail","hentry","category-especial-coronavirus-es","category-punts-claus-del-dia-es","tag-8-m-es","tag-coronavirus-es","tag-manifestaciones"],"yoast_head":"<!-- This site is optimized with the Yoast SEO plugin v26.8 - https:\/\/yoast.com\/product\/yoast-seo-wordpress\/ -->\n<title>No todas las manifestaciones son igual de peligrosas para transmitir el coronavirus - Converses a Catalunya<\/title>\n<meta name=\"robots\" content=\"index, follow, max-snippet:-1, max-image-preview:large, max-video-preview:-1\" \/>\n<link rel=\"canonical\" href=\"https:\/\/conversesacatalunya.cat\/es\/no-todas-las-manifestaciones-son-igual-de-peligrosas-para-transmitir-el-coronavirus\/\" \/>\n<meta property=\"og:locale\" content=\"es_ES\" \/>\n<meta property=\"og:type\" content=\"article\" \/>\n<meta property=\"og:title\" content=\"No todas las manifestaciones son igual de peligrosas para transmitir el coronavirus - Converses a Catalunya\" \/>\n<meta property=\"og:description\" content=\"Es evidente que para el gobierno y desde el punto de vista de la salud p\u00fablica, hay dos tipos de manifestaciones. Las que son peligrosas porque ayudan a propagar la enfermedad, y las perfectamente inocuas. Las primeras son las que convocan la coalici\u00f3n de gobierno o grupos afines. Las segundas son las que convocan los dem\u00e1s. Colea, y lo har\u00e1 durante un tiempo porque est\u00e1n judicializadas, las manifestaciones feministas del 8M. Que fueron un foco de transmisi\u00f3n acelerada del Covid-19 es un hecho. Lo constata una observaci\u00f3n tan simple como que tres ministras del gobierno, tres, entre ellas la vicepresidenta Carmen Calvo, as\u00ed como la esposa del presidente, quedaron infectadas y tuvieron que guardar la cuarentena, particularmente larga en el caso de Irene Montero. Por otra parte, las cifras de contagio e ingresos constatan claramente que a partir del d\u00eda 9 de mayo se dispar\u00f3 su incidencia. Nada m\u00e1s sencillo que aceptar estos hechos tan clamorosos. A pesar de ello, el gobierno se empe\u00f1a en acusar de antifeministas a los que se\u00f1alan las evidencias num\u00e9ricas. Cuando lo que se est\u00e1 enunciando no es la ideolog\u00eda de los manifestantes, sino el hecho de que se concentrara tanta gente sin ning\u00fan tipo de distanciamiento f\u00edsico, m\u00e1s bien todo lo contrario. El propio presidente del gobierno cometi\u00f3 la insensatez en plena tragedia de proferir un \u00abviva las manifestaciones del 8M\u00bb en sede parlamentaria cuando Espa\u00f1a est\u00e1 en pleno estado de duelo consecuencia de m\u00e1s de 40.000 muertos precisamente por la pandemia. Ahora ha vuelto a suceder cuando este fin de semana se han concentrado en Barcelona y Madrid algunos miles de personas, que alcanzaron los 3.000 en Madrid, en condiciones de hacinamiento y muchas de ellas sin mascarilla o sin usarla. La manifestaci\u00f3n estaba autorizada para 200 personas, pero la cifra se multiplic\u00f3. A pesar de estos hechos, la Delegaci\u00f3n del Gobierno de Madrid, una vez m\u00e1s, como ya hizo el 8M, ha declarado que todo ha transcurrido con \u00abtotal normalidad\u00bb. Hay que decir que es falso. Precisamente las concentraciones y manifestaciones, tanto en Barcelona como en Madrid vulneraron rotundamente las normas que reg\u00edan para la fase 1 en la que a\u00fan se encontraban ambas ciudades. Y este hecho no se puede considerar normal por parte de la administraci\u00f3n a menos que rija la ley del embudo. Contrasta esta actitud con el griter\u00edo y env\u00edo de polic\u00eda para disuadir a los manifestantes cuando los que han salido a la calle son menos numerosos, m\u00e1s distanciados y cumpliendo mejor las normas; lo hac\u00edan para protestar contra el gobierno. Este tipo de pr\u00e1cticas lo \u00fanico que hacen es degradar el Estado de derecho, la pr\u00e1ctica democr\u00e1tica y polarizar los \u00e1nimos. M\u00e1s informaci\u00f3n sobre el coronavirus en ESPECIAL CORONAVIRUS\" \/>\n<meta property=\"og:url\" content=\"https:\/\/conversesacatalunya.cat\/es\/no-todas-las-manifestaciones-son-igual-de-peligrosas-para-transmitir-el-coronavirus\/\" \/>\n<meta property=\"og:site_name\" content=\"Converses a Catalunya\" \/>\n<meta property=\"article:published_time\" content=\"2020-06-09T10:12:49+00:00\" \/>\n<meta property=\"article:modified_time\" content=\"2020-06-09T11:07:00+00:00\" \/>\n<meta property=\"og:image\" content=\"https:\/\/conversesacatalunya.cat\/wp-content\/uploads\/2020\/06\/manifestacions.jpeg\" \/>\n\t<meta property=\"og:image:width\" content=\"1280\" \/>\n\t<meta property=\"og:image:height\" content=\"720\" \/>\n\t<meta property=\"og:image:type\" content=\"image\/jpeg\" \/>\n<meta name=\"author\" content=\"conversesacatalunya\" \/>\n<meta name=\"twitter:card\" content=\"summary_large_image\" \/>\n<meta name=\"twitter:label1\" content=\"Escrito por\" \/>\n\t<meta name=\"twitter:data1\" content=\"conversesacatalunya\" \/>\n\t<meta name=\"twitter:label2\" content=\"Tiempo de lectura\" \/>\n\t<meta name=\"twitter:data2\" content=\"2 minutos\" \/>\n<script type=\"application\/ld+json\" class=\"yoast-schema-graph\">{\"@context\":\"https:\/\/schema.org\",\"@graph\":[{\"@type\":\"Article\",\"@id\":\"https:\/\/conversesacatalunya.cat\/es\/no-todas-las-manifestaciones-son-igual-de-peligrosas-para-transmitir-el-coronavirus\/#article\",\"isPartOf\":{\"@id\":\"https:\/\/conversesacatalunya.cat\/es\/no-todas-las-manifestaciones-son-igual-de-peligrosas-para-transmitir-el-coronavirus\/\"},\"author\":{\"name\":\"conversesacatalunya\",\"@id\":\"https:\/\/conversesacatalunya.cat\/#\/schema\/person\/7e24d1e54a2785373ddcb275eae5ed99\"},\"headline\":\"No todas las manifestaciones son igual de peligrosas para transmitir el coronavirus\",\"datePublished\":\"2020-06-09T10:12:49+00:00\",\"dateModified\":\"2020-06-09T11:07:00+00:00\",\"mainEntityOfPage\":{\"@id\":\"https:\/\/conversesacatalunya.cat\/es\/no-todas-las-manifestaciones-son-igual-de-peligrosas-para-transmitir-el-coronavirus\/\"},\"wordCount\":495,\"commentCount\":0,\"image\":{\"@id\":\"https:\/\/conversesacatalunya.cat\/es\/no-todas-las-manifestaciones-son-igual-de-peligrosas-para-transmitir-el-coronavirus\/#primaryimage\"},\"thumbnailUrl\":\"https:\/\/conversesacatalunya.cat\/wp-content\/uploads\/2020\/06\/manifestacions.jpeg\",\"keywords\":[\"8-M\",\"coronavirus\",\"Manifestaciones\"],\"articleSection\":[\"Especial Coronavirus (ES)\",\"Punts clau del dia (ES)\"],\"inLanguage\":\"es\",\"potentialAction\":[{\"@type\":\"CommentAction\",\"name\":\"Comment\",\"target\":[\"https:\/\/conversesacatalunya.cat\/es\/no-todas-las-manifestaciones-son-igual-de-peligrosas-para-transmitir-el-coronavirus\/#respond\"]}]},{\"@type\":\"WebPage\",\"@id\":\"https:\/\/conversesacatalunya.cat\/es\/no-todas-las-manifestaciones-son-igual-de-peligrosas-para-transmitir-el-coronavirus\/\",\"url\":\"https:\/\/conversesacatalunya.cat\/es\/no-todas-las-manifestaciones-son-igual-de-peligrosas-para-transmitir-el-coronavirus\/\",\"name\":\"No todas las manifestaciones son igual de peligrosas para transmitir el coronavirus - Converses a Catalunya\",\"isPartOf\":{\"@id\":\"https:\/\/conversesacatalunya.cat\/#website\"},\"primaryImageOfPage\":{\"@id\":\"https:\/\/conversesacatalunya.cat\/es\/no-todas-las-manifestaciones-son-igual-de-peligrosas-para-transmitir-el-coronavirus\/#primaryimage\"},\"image\":{\"@id\":\"https:\/\/conversesacatalunya.cat\/es\/no-todas-las-manifestaciones-son-igual-de-peligrosas-para-transmitir-el-coronavirus\/#primaryimage\"},\"thumbnailUrl\":\"https:\/\/conversesacatalunya.cat\/wp-content\/uploads\/2020\/06\/manifestacions.jpeg\",\"datePublished\":\"2020-06-09T10:12:49+00:00\",\"dateModified\":\"2020-06-09T11:07:00+00:00\",\"author\":{\"@id\":\"https:\/\/conversesacatalunya.cat\/#\/schema\/person\/7e24d1e54a2785373ddcb275eae5ed99\"},\"breadcrumb\":{\"@id\":\"https:\/\/conversesacatalunya.cat\/es\/no-todas-las-manifestaciones-son-igual-de-peligrosas-para-transmitir-el-coronavirus\/#breadcrumb\"},\"inLanguage\":\"es\",\"potentialAction\":[{\"@type\":\"ReadAction\",\"target\":[\"https:\/\/conversesacatalunya.cat\/es\/no-todas-las-manifestaciones-son-igual-de-peligrosas-para-transmitir-el-coronavirus\/\"]}]},{\"@type\":\"ImageObject\",\"inLanguage\":\"es\",\"@id\":\"https:\/\/conversesacatalunya.cat\/es\/no-todas-las-manifestaciones-son-igual-de-peligrosas-para-transmitir-el-coronavirus\/#primaryimage\",\"url\":\"https:\/\/conversesacatalunya.cat\/wp-content\/uploads\/2020\/06\/manifestacions.jpeg\",\"contentUrl\":\"https:\/\/conversesacatalunya.cat\/wp-content\/uploads\/2020\/06\/manifestacions.jpeg\",\"width\":1280,\"height\":720,\"caption\":\"manifestacions\"},{\"@type\":\"BreadcrumbList\",\"@id\":\"https:\/\/conversesacatalunya.cat\/es\/no-todas-las-manifestaciones-son-igual-de-peligrosas-para-transmitir-el-coronavirus\/#breadcrumb\",\"itemListElement\":[{\"@type\":\"ListItem\",\"position\":1,\"name\":\"Inici\",\"item\":\"https:\/\/conversesacatalunya.cat\/es\/\"},{\"@type\":\"ListItem\",\"position\":2,\"name\":\"No todas las manifestaciones son igual de peligrosas para transmitir el coronavirus\"}]},{\"@type\":\"WebSite\",\"@id\":\"https:\/\/conversesacatalunya.cat\/#website\",\"url\":\"https:\/\/conversesacatalunya.cat\/\",\"name\":\"Converses a Catalunya\",\"description\":\"\",\"potentialAction\":[{\"@type\":\"SearchAction\",\"target\":{\"@type\":\"EntryPoint\",\"urlTemplate\":\"https:\/\/conversesacatalunya.cat\/?s={search_term_string}\"},\"query-input\":{\"@type\":\"PropertyValueSpecification\",\"valueRequired\":true,\"valueName\":\"search_term_string\"}}],\"inLanguage\":\"es\"},{\"@type\":\"Person\",\"@id\":\"https:\/\/conversesacatalunya.cat\/#\/schema\/person\/7e24d1e54a2785373ddcb275eae5ed99\",\"name\":\"conversesacatalunya\",\"image\":{\"@type\":\"ImageObject\",\"inLanguage\":\"es\",\"@id\":\"https:\/\/conversesacatalunya.cat\/#\/schema\/person\/image\/\",\"url\":\"https:\/\/conversesacatalunya.cat\/wp-content\/litespeed\/avatar\/febdfeeec89d950f01c748045a981dd2.jpg?ver=1777314535\",\"contentUrl\":\"https:\/\/conversesacatalunya.cat\/wp-content\/litespeed\/avatar\/febdfeeec89d950f01c748045a981dd2.jpg?ver=1777314535\",\"caption\":\"conversesacatalunya\"},\"url\":\"https:\/\/conversesacatalunya.cat\/es\/author\/carme_catala\/\"}]}<\/script>\n<!-- \/ Yoast SEO plugin. -->","yoast_head_json":{"title":"No todas las manifestaciones son igual de peligrosas para transmitir el coronavirus - Converses a Catalunya","robots":{"index":"index","follow":"follow","max-snippet":"max-snippet:-1","max-image-preview":"max-image-preview:large","max-video-preview":"max-video-preview:-1"},"canonical":"https:\/\/conversesacatalunya.cat\/es\/no-todas-las-manifestaciones-son-igual-de-peligrosas-para-transmitir-el-coronavirus\/","og_locale":"es_ES","og_type":"article","og_title":"No todas las manifestaciones son igual de peligrosas para transmitir el coronavirus - Converses a Catalunya","og_description":"Es evidente que para el gobierno y desde el punto de vista de la salud p\u00fablica, hay dos tipos de manifestaciones. Las que son peligrosas porque ayudan a propagar la enfermedad, y las perfectamente inocuas. Las primeras son las que convocan la coalici\u00f3n de gobierno o grupos afines. Las segundas son las que convocan los dem\u00e1s. Colea, y lo har\u00e1 durante un tiempo porque est\u00e1n judicializadas, las manifestaciones feministas del 8M. Que fueron un foco de transmisi\u00f3n acelerada del Covid-19 es un hecho. Lo constata una observaci\u00f3n tan simple como que tres ministras del gobierno, tres, entre ellas la vicepresidenta Carmen Calvo, as\u00ed como la esposa del presidente, quedaron infectadas y tuvieron que guardar la cuarentena, particularmente larga en el caso de Irene Montero. Por otra parte, las cifras de contagio e ingresos constatan claramente que a partir del d\u00eda 9 de mayo se dispar\u00f3 su incidencia. Nada m\u00e1s sencillo que aceptar estos hechos tan clamorosos. A pesar de ello, el gobierno se empe\u00f1a en acusar de antifeministas a los que se\u00f1alan las evidencias num\u00e9ricas. Cuando lo que se est\u00e1 enunciando no es la ideolog\u00eda de los manifestantes, sino el hecho de que se concentrara tanta gente sin ning\u00fan tipo de distanciamiento f\u00edsico, m\u00e1s bien todo lo contrario. El propio presidente del gobierno cometi\u00f3 la insensatez en plena tragedia de proferir un \u00abviva las manifestaciones del 8M\u00bb en sede parlamentaria cuando Espa\u00f1a est\u00e1 en pleno estado de duelo consecuencia de m\u00e1s de 40.000 muertos precisamente por la pandemia. Ahora ha vuelto a suceder cuando este fin de semana se han concentrado en Barcelona y Madrid algunos miles de personas, que alcanzaron los 3.000 en Madrid, en condiciones de hacinamiento y muchas de ellas sin mascarilla o sin usarla. La manifestaci\u00f3n estaba autorizada para 200 personas, pero la cifra se multiplic\u00f3. A pesar de estos hechos, la Delegaci\u00f3n del Gobierno de Madrid, una vez m\u00e1s, como ya hizo el 8M, ha declarado que todo ha transcurrido con \u00abtotal normalidad\u00bb. Hay que decir que es falso. Precisamente las concentraciones y manifestaciones, tanto en Barcelona como en Madrid vulneraron rotundamente las normas que reg\u00edan para la fase 1 en la que a\u00fan se encontraban ambas ciudades. Y este hecho no se puede considerar normal por parte de la administraci\u00f3n a menos que rija la ley del embudo. Contrasta esta actitud con el griter\u00edo y env\u00edo de polic\u00eda para disuadir a los manifestantes cuando los que han salido a la calle son menos numerosos, m\u00e1s distanciados y cumpliendo mejor las normas; lo hac\u00edan para protestar contra el gobierno. Este tipo de pr\u00e1cticas lo \u00fanico que hacen es degradar el Estado de derecho, la pr\u00e1ctica democr\u00e1tica y polarizar los \u00e1nimos. M\u00e1s informaci\u00f3n sobre el coronavirus en ESPECIAL CORONAVIRUS","og_url":"https:\/\/conversesacatalunya.cat\/es\/no-todas-las-manifestaciones-son-igual-de-peligrosas-para-transmitir-el-coronavirus\/","og_site_name":"Converses a Catalunya","article_published_time":"2020-06-09T10:12:49+00:00","article_modified_time":"2020-06-09T11:07:00+00:00","og_image":[{"width":1280,"height":720,"url":"https:\/\/conversesacatalunya.cat\/wp-content\/uploads\/2020\/06\/manifestacions.jpeg","type":"image\/jpeg"}],"author":"conversesacatalunya","twitter_card":"summary_large_image","twitter_misc":{"Escrito por":"conversesacatalunya","Tiempo de lectura":"2 minutos"},"schema":{"@context":"https:\/\/schema.org","@graph":[{"@type":"Article","@id":"https:\/\/conversesacatalunya.cat\/es\/no-todas-las-manifestaciones-son-igual-de-peligrosas-para-transmitir-el-coronavirus\/#article","isPartOf":{"@id":"https:\/\/conversesacatalunya.cat\/es\/no-todas-las-manifestaciones-son-igual-de-peligrosas-para-transmitir-el-coronavirus\/"},"author":{"name":"conversesacatalunya","@id":"https:\/\/conversesacatalunya.cat\/#\/schema\/person\/7e24d1e54a2785373ddcb275eae5ed99"},"headline":"No todas las manifestaciones son igual de peligrosas para transmitir el coronavirus","datePublished":"2020-06-09T10:12:49+00:00","dateModified":"2020-06-09T11:07:00+00:00","mainEntityOfPage":{"@id":"https:\/\/conversesacatalunya.cat\/es\/no-todas-las-manifestaciones-son-igual-de-peligrosas-para-transmitir-el-coronavirus\/"},"wordCount":495,"commentCount":0,"image":{"@id":"https:\/\/conversesacatalunya.cat\/es\/no-todas-las-manifestaciones-son-igual-de-peligrosas-para-transmitir-el-coronavirus\/#primaryimage"},"thumbnailUrl":"https:\/\/conversesacatalunya.cat\/wp-content\/uploads\/2020\/06\/manifestacions.jpeg","keywords":["8-M","coronavirus","Manifestaciones"],"articleSection":["Especial Coronavirus (ES)","Punts clau del dia (ES)"],"inLanguage":"es","potentialAction":[{"@type":"CommentAction","name":"Comment","target":["https:\/\/conversesacatalunya.cat\/es\/no-todas-las-manifestaciones-son-igual-de-peligrosas-para-transmitir-el-coronavirus\/#respond"]}]},{"@type":"WebPage","@id":"https:\/\/conversesacatalunya.cat\/es\/no-todas-las-manifestaciones-son-igual-de-peligrosas-para-transmitir-el-coronavirus\/","url":"https:\/\/conversesacatalunya.cat\/es\/no-todas-las-manifestaciones-son-igual-de-peligrosas-para-transmitir-el-coronavirus\/","name":"No todas las manifestaciones son igual de peligrosas para transmitir el coronavirus - Converses a Catalunya","isPartOf":{"@id":"https:\/\/conversesacatalunya.cat\/#website"},"primaryImageOfPage":{"@id":"https:\/\/conversesacatalunya.cat\/es\/no-todas-las-manifestaciones-son-igual-de-peligrosas-para-transmitir-el-coronavirus\/#primaryimage"},"image":{"@id":"https:\/\/conversesacatalunya.cat\/es\/no-todas-las-manifestaciones-son-igual-de-peligrosas-para-transmitir-el-coronavirus\/#primaryimage"},"thumbnailUrl":"https:\/\/conversesacatalunya.cat\/wp-content\/uploads\/2020\/06\/manifestacions.jpeg","datePublished":"2020-06-09T10:12:49+00:00","dateModified":"2020-06-09T11:07:00+00:00","author":{"@id":"https:\/\/conversesacatalunya.cat\/#\/schema\/person\/7e24d1e54a2785373ddcb275eae5ed99"},"breadcrumb":{"@id":"https:\/\/conversesacatalunya.cat\/es\/no-todas-las-manifestaciones-son-igual-de-peligrosas-para-transmitir-el-coronavirus\/#breadcrumb"},"inLanguage":"es","potentialAction":[{"@type":"ReadAction","target":["https:\/\/conversesacatalunya.cat\/es\/no-todas-las-manifestaciones-son-igual-de-peligrosas-para-transmitir-el-coronavirus\/"]}]},{"@type":"ImageObject","inLanguage":"es","@id":"https:\/\/conversesacatalunya.cat\/es\/no-todas-las-manifestaciones-son-igual-de-peligrosas-para-transmitir-el-coronavirus\/#primaryimage","url":"https:\/\/conversesacatalunya.cat\/wp-content\/uploads\/2020\/06\/manifestacions.jpeg","contentUrl":"https:\/\/conversesacatalunya.cat\/wp-content\/uploads\/2020\/06\/manifestacions.jpeg","width":1280,"height":720,"caption":"manifestacions"},{"@type":"BreadcrumbList","@id":"https:\/\/conversesacatalunya.cat\/es\/no-todas-las-manifestaciones-son-igual-de-peligrosas-para-transmitir-el-coronavirus\/#breadcrumb","itemListElement":[{"@type":"ListItem","position":1,"name":"Inici","item":"https:\/\/conversesacatalunya.cat\/es\/"},{"@type":"ListItem","position":2,"name":"No todas las manifestaciones son igual de peligrosas para transmitir el coronavirus"}]},{"@type":"WebSite","@id":"https:\/\/conversesacatalunya.cat\/#website","url":"https:\/\/conversesacatalunya.cat\/","name":"Converses a Catalunya","description":"","potentialAction":[{"@type":"SearchAction","target":{"@type":"EntryPoint","urlTemplate":"https:\/\/conversesacatalunya.cat\/?s={search_term_string}"},"query-input":{"@type":"PropertyValueSpecification","valueRequired":true,"valueName":"search_term_string"}}],"inLanguage":"es"},{"@type":"Person","@id":"https:\/\/conversesacatalunya.cat\/#\/schema\/person\/7e24d1e54a2785373ddcb275eae5ed99","name":"conversesacatalunya","image":{"@type":"ImageObject","inLanguage":"es","@id":"https:\/\/conversesacatalunya.cat\/#\/schema\/person\/image\/","url":"https:\/\/conversesacatalunya.cat\/wp-content\/litespeed\/avatar\/febdfeeec89d950f01c748045a981dd2.jpg?ver=1777314535","contentUrl":"https:\/\/conversesacatalunya.cat\/wp-content\/litespeed\/avatar\/febdfeeec89d950f01c748045a981dd2.jpg?ver=1777314535","caption":"conversesacatalunya"},"url":"https:\/\/conversesacatalunya.cat\/es\/author\/carme_catala\/"}]}},"wps_subtitle":"","_links":{"self":[{"href":"https:\/\/conversesacatalunya.cat\/es\/wp-json\/wp\/v2\/posts\/37100","targetHints":{"allow":["GET"]}}],"collection":[{"href":"https:\/\/conversesacatalunya.cat\/es\/wp-json\/wp\/v2\/posts"}],"about":[{"href":"https:\/\/conversesacatalunya.cat\/es\/wp-json\/wp\/v2\/types\/post"}],"author":[{"embeddable":true,"href":"https:\/\/conversesacatalunya.cat\/es\/wp-json\/wp\/v2\/users\/2"}],"replies":[{"embeddable":true,"href":"https:\/\/conversesacatalunya.cat\/es\/wp-json\/wp\/v2\/comments?post=37100"}],"version-history":[{"count":2,"href":"https:\/\/conversesacatalunya.cat\/es\/wp-json\/wp\/v2\/posts\/37100\/revisions"}],"predecessor-version":[{"id":37101,"href":"https:\/\/conversesacatalunya.cat\/es\/wp-json\/wp\/v2\/posts\/37100\/revisions\/37101"}],"wp:featuredmedia":[{"embeddable":true,"href":"https:\/\/conversesacatalunya.cat\/es\/wp-json\/wp\/v2\/media\/37089"}],"wp:attachment":[{"href":"https:\/\/conversesacatalunya.cat\/es\/wp-json\/wp\/v2\/media?parent=37100"}],"wp:term":[{"taxonomy":"category","embeddable":true,"href":"https:\/\/conversesacatalunya.cat\/es\/wp-json\/wp\/v2\/categories?post=37100"},{"taxonomy":"post_tag","embeddable":true,"href":"https:\/\/conversesacatalunya.cat\/es\/wp-json\/wp\/v2\/tags?post=37100"}],"curies":[{"name":"wp","href":"https:\/\/api.w.org\/{rel}","templated":true}]}}