{"id":37050,"date":"2020-06-08T12:35:03","date_gmt":"2020-06-08T10:35:03","guid":{"rendered":"https:\/\/conversesacatalunya.cat\/els-12-punts-de-converses-a-catalunya-per-contribuir-a-sortir-de-la-crisi\/"},"modified":"2020-06-08T14:10:46","modified_gmt":"2020-06-08T12:10:46","slug":"los-12-puntos-de-converses-a-catalunya-para-contribuir-a-salir-de-la-crisis","status":"publish","type":"post","link":"https:\/\/conversesacatalunya.cat\/es\/los-12-puntos-de-converses-a-catalunya-para-contribuir-a-salir-de-la-crisis\/","title":{"rendered":"Los 12 puntos de Converses a Catalunya para contribuir a salir de la crisis"},"content":{"rendered":"<p>Converses a Catalunya <span title=\"\">y el Encuentro<\/span> <span title=\"\">de Independientes<\/span> <a href=\"https:\/\/conversesacatalunya.cat\/es\/20-objetivos-necesarios-ante-la-crisis-mas-grave-desde-el-fin-de-la-guerra-civil\/\" target=\"_blank\" rel=\"noopener noreferrer\"><span title=\"\">publicaron<\/span> <span title=\"\">un manifiesto<\/span><\/a> <span title=\"\">que ha<\/span> <span title=\"\">tenido una<\/span> <span title=\"\">amplia difusi\u00f3n<\/span> <span title=\"\">en la red,<\/span> <span title=\"\">seguramente porque<\/span> <span title=\"\">ten\u00eda la<\/span> <span title=\"\">virtud<\/span> <span title=\"\">de se\u00f1alar con<\/span> <span title=\"\">claridad<\/span> <span title=\"\">una serie de cuestiones<\/span> <span title=\"\">necesarias.<\/span> <span title=\"\">Vale la<\/span> <span title=\"\">pena<\/span> <span title=\"\">sintetizarlas<\/span><span title=\"\">:<\/span><\/p>\n<ol>\n<li><strong>Reclamaba el fin del periodo de excepcionalidad constitucional<\/strong> en el que estamos inmersos y otra forma jur\u00eddica de afrontar la pandemia. \u00bfPor qu\u00e9 es b\u00e1sica esta cuesti\u00f3n? \u00bfPorque las limitaciones son molestas? No, claro que no, sino porque hace una pedagog\u00eda nefasta: la de que a la adversidad se la combate con menos derechos. Es una forma de elogiar el modelo chino, cuando la restricci\u00f3n se prolonga y prolonga, como ocurre en Espa\u00f1a.<\/li>\n<li><strong>Ped\u00eda transparencia en las actuaciones gubernamentales, que ha sido uno de los vicios de todo el periodo, y que de hecho contin\u00faa.<\/strong> V\u00e9ase sino la confusi\u00f3n con el n\u00famero de muertos, que ha generado una p\u00e9sima imagen internacional del pa\u00eds, que, por otro, lado necesita desesperadamente el turismo, que exige certezas y claridad. Tambi\u00e9n el hecho de que a estas alturas se mantenga oculto el n\u00famero de muertos en las residencias de ancianos.<\/li>\n<li><strong>Considera necesario que el gobierno disponga de un plan de contingencia<\/strong> para afrontar coordinadamente los pr\u00f3ximos meses, que el empresariado sepa a qu\u00e9 atenerse, y se ponga fin a la sensaci\u00f3n de improvisaci\u00f3n y falta de coordinaci\u00f3n. Ahora mismo, mientras la Ministra de Turismo informaba que a partir del 22 de junio se acaban las restricciones fronterizas con Portugal y Francia, pocas horas despu\u00e9s, La Moncloa lo desment\u00eda manteniendo la fecha del uno de julio.<\/li>\n<li>La necesidad del<strong> Libro Blanco sobre las pol\u00edticas p\u00fablicas<\/strong> llevadas a cabo en la lucha contra la pandemia, y las recomendaciones subsiguientes para subsanar los errores cometidos, y adoptar las medidas de previsi\u00f3n necesarias.<\/li>\n<li>El encargo a una <strong>comisi\u00f3n de personalidades independientes<\/strong> de trayectoria profesional excepcional, en los campos en los que es necesario actuar, presidida por una figura independiente de calidad reconocida para elaborar el plan para rehacer el pa\u00eds, reservando la comisi\u00f3n parlamentaria para examinar las propuestas finales de reconstrucci\u00f3n que aquella instancia presente.<\/li>\n<li><strong>Una mayor aportaci\u00f3n de subvenciones<\/strong> a las empresas porque Espa\u00f1a es, con diferencia, el pa\u00eds que menos est\u00e1 utilizando esta v\u00eda de Europa, as\u00ed como la agilizaci\u00f3n de los cr\u00e9ditos y transferencias.<\/li>\n<li><strong>Que el ingreso m\u00ednimo vital contemple en su cuant\u00eda el n\u00famero de hijos<\/strong> de las familias, cuesti\u00f3n de justicia, y bastante evidente despu\u00e9s de ver la gravedad de la ca\u00edda de la natalidad. Con los datos que se han hecho p\u00fablicos, una vez m\u00e1s las familias con hijos son discriminadas: cuantos m\u00e1s hijos, peor trato.<\/li>\n<li>Una gran diligencia en hacer efectivo el pago de los ERTE y<strong> ampliaci\u00f3n de sus plazos<\/strong>.<\/li>\n<li>La incompatibilidad entre el consenso que se necesita en la comisi\u00f3n para la reconstrucci\u00f3n del Congreso y la tramitaci\u00f3n en curso de <strong>una ley sobre la eutanasia profundamente divisiva y conflictiva, y la nueva ley de ense\u00f1anza sin consenso.<\/strong><\/li>\n<li><strong>La necesidad para Catalu\u00f1a de que se haga presente una amplia y \u00fanica oferta catalanista<\/strong>, capaz de atraer a una parte del electorado independentista desenga\u00f1ado, al tiempo que integra los electores catalanistas que no han votado independentismo. Esta necesidad era precisada en la <a href=\"https:\/\/conversesacatalunya.cat\/crida-a-la-societat-civil\/\" target=\"_blank\" rel=\"noopener noreferrer\">Crida a la Societat Civil<\/a> del pasado enero, en la que se expresaba que, para estimular este reagrupamiento catalanista, <strong>es necesario un catalizador<\/strong>, surgido de la sociedad civil, formado por un agrupamiento de personas independientes, que ha contribuir a facilitar el entendimiento en el marco de la Constituci\u00f3n entre las dos almas del catalanismo. Esta formulaci\u00f3n fue <strong>concretada<\/strong> en el <strong>Encuentro de Independientes<\/strong> llevado a cabo en el C\u00edrculo de Econom\u00eda el pasado mes de febrero en los siguientes t\u00e9rminos:\n<ol>\n<li>Construir el nuevo relato de Catalu\u00f1a, basado en el ejercicio del autogobierno constitucional, la recuperaci\u00f3n de la dignidad de sus instituciones al servicio de todos para formar un solo pueblo, y lograr una mejor cohesi\u00f3n social.<\/li>\n<li>Hacer crecer este encuentro de independientes y organizarnos alrededor de <strong>Converses a Catalunya<\/strong>, construyendo un verdadero movimiento c\u00edvico de la centralidad catalana.<\/li>\n<li>Ganar en presencia en Internet a partir del trabajo iniciado por la plataforma digital Converses a Catalunya.<\/li>\n<li>Promover la exigencia e impulso del buen gobierno en beneficio del todos los catalanes.<\/li>\n<li>La <strong>b\u00fasqueda de financiaci\u00f3n<\/strong> para impulsar las actividades y para ayudar al entendimiento entre los partidos catalanistas.<\/li>\n<\/ol>\n<\/li>\n<li><strong>La necesidad de un amplio pacto pol\u00edtico y con las instituciones de la sociedad civil en Barcelona<\/strong>, \u200b\u200bque exige del gobierno municipal evitar el partidismo en sus propuestas y construir la centralidad.<\/li>\n<li><strong>El compromiso por parte de Converses<\/strong> para impulsar la <strong>Carta 2020<\/strong>, precisar, difundir y velar por el conjunto de derechos concretos que la Constituci\u00f3n nos garantiza en Catalu\u00f1a y en toda Espa\u00f1a, y estimular la responsabilidad social necesaria para velar por su cumplimiento.<\/li>\n<\/ol>\n<p style=\"text-align: center;\">M\u00e1s informaci\u00f3n sobre el coronavirus en <a href=\"https:\/\/conversesacatalunya.cat\/es\/coronavirus\/\" target=\"_blank\" rel=\"noopener noreferrer\"><strong>ESPECIAL CORONAVIRUS<\/strong><\/a><\/p>\n<p>&nbsp;<\/p>\n<p>&nbsp;<\/p>\n","protected":false},"excerpt":{"rendered":"<p>Converses a Catalunya y el Encuentro de Independientes publicaron un manifiesto que ha tenido una amplia difusi\u00f3n en la red, seguramente porque ten\u00eda la virtud de se\u00f1alar con claridad una serie de cuestiones necesarias. Vale la pena sintetizarlas: Reclamaba el fin del periodo de excepcionalidad constitucional en el que estamos inmersos y otra forma jur\u00eddica de afrontar la pandemia. \u00bfPor qu\u00e9 es b\u00e1sica esta cuesti\u00f3n? \u00bfPorque las limitaciones son molestas? No, claro que no, sino porque hace una pedagog\u00eda nefasta: la de que a la adversidad se la combate con menos derechos. Es una forma de elogiar el modelo chino, cuando la restricci\u00f3n se prolonga y prolonga, como ocurre en Espa\u00f1a. Ped\u00eda transparencia en las actuaciones gubernamentales, que ha sido uno de los vicios de todo el periodo, y que de hecho contin\u00faa. V\u00e9ase sino la confusi\u00f3n con el n\u00famero de muertos, que ha generado una p\u00e9sima imagen internacional del pa\u00eds, que, por otro, lado necesita desesperadamente el turismo, que exige certezas y claridad. Tambi\u00e9n el hecho de que a estas alturas se mantenga oculto el n\u00famero de muertos en las residencias de ancianos. Considera necesario que el gobierno disponga de un plan de contingencia para afrontar coordinadamente los pr\u00f3ximos meses, que el empresariado sepa a qu\u00e9 atenerse, y se ponga fin a la sensaci\u00f3n de improvisaci\u00f3n y falta de coordinaci\u00f3n. Ahora mismo, mientras la Ministra de Turismo informaba que a partir del 22 de junio se acaban las restricciones fronterizas con Portugal y Francia, pocas horas despu\u00e9s, La Moncloa lo desment\u00eda manteniendo la fecha del uno de julio. La necesidad del Libro Blanco sobre las pol\u00edticas p\u00fablicas llevadas a cabo en la lucha contra la pandemia, y las recomendaciones subsiguientes para subsanar los errores cometidos, y adoptar las medidas de previsi\u00f3n necesarias. El encargo a una comisi\u00f3n de personalidades independientes de trayectoria profesional excepcional, en los campos en los que es necesario actuar, presidida por una figura independiente de calidad reconocida para elaborar el plan para rehacer el pa\u00eds, reservando la comisi\u00f3n parlamentaria para examinar las propuestas finales de reconstrucci\u00f3n que aquella instancia presente. Una mayor aportaci\u00f3n de subvenciones a las empresas porque Espa\u00f1a es, con diferencia, el pa\u00eds que menos est\u00e1 utilizando esta v\u00eda de Europa, as\u00ed como la agilizaci\u00f3n de los cr\u00e9ditos y transferencias. Que el ingreso m\u00ednimo vital contemple en su cuant\u00eda el n\u00famero de hijos de las familias, cuesti\u00f3n de justicia, y bastante evidente despu\u00e9s de ver la gravedad de la ca\u00edda de la natalidad. Con los datos que se han hecho p\u00fablicos, una vez m\u00e1s las familias con hijos son discriminadas: cuantos m\u00e1s hijos, peor trato. Una gran diligencia en hacer efectivo el pago de los ERTE y ampliaci\u00f3n de sus plazos. La incompatibilidad entre el consenso que se necesita en la comisi\u00f3n para la reconstrucci\u00f3n del Congreso y la tramitaci\u00f3n en curso de una ley sobre la eutanasia profundamente divisiva y conflictiva, y la nueva ley de ense\u00f1anza sin consenso. La necesidad para Catalu\u00f1a de que se haga presente una amplia y \u00fanica oferta catalanista, capaz de atraer a una parte del electorado independentista desenga\u00f1ado, al tiempo que integra los electores catalanistas que no han votado independentismo. Esta necesidad era precisada en la Crida a la Societat Civil del pasado enero, en la que se expresaba que, para estimular este reagrupamiento catalanista, es necesario un catalizador, surgido de la sociedad civil, formado por un agrupamiento de personas independientes, que ha contribuir a facilitar el entendimiento en el marco de la Constituci\u00f3n entre las dos almas del catalanismo. Esta formulaci\u00f3n fue concretada en el Encuentro de Independientes llevado a cabo en el C\u00edrculo de Econom\u00eda el pasado mes de febrero en los siguientes t\u00e9rminos: Construir el nuevo relato de Catalu\u00f1a, basado en el ejercicio del autogobierno constitucional, la recuperaci\u00f3n de la dignidad de sus instituciones al servicio de todos para formar un solo pueblo, y lograr una mejor cohesi\u00f3n social. Hacer crecer este encuentro de independientes y organizarnos alrededor de Converses a Catalunya, construyendo un verdadero movimiento c\u00edvico de la centralidad catalana. Ganar en presencia en Internet a partir del trabajo iniciado por la plataforma digital Converses a Catalunya. Promover la exigencia e impulso del buen gobierno en beneficio del todos los catalanes. La b\u00fasqueda de financiaci\u00f3n para impulsar las actividades y para ayudar al entendimiento entre los partidos catalanistas. La necesidad de un amplio pacto pol\u00edtico y con las instituciones de la sociedad civil en Barcelona, \u200b\u200bque exige del gobierno municipal evitar el partidismo en sus propuestas y construir la centralidad. El compromiso por parte de Converses para impulsar la Carta 2020, precisar, difundir y velar por el conjunto de derechos concretos que la Constituci\u00f3n nos garantiza en Catalu\u00f1a y en toda Espa\u00f1a, y estimular la responsabilidad social necesaria para velar por su cumplimiento. M\u00e1s informaci\u00f3n sobre el coronavirus en ESPECIAL CORONAVIRUS &nbsp; &nbsp;<\/p>\n","protected":false},"author":19,"featured_media":37023,"comment_status":"open","ping_status":"open","sticky":false,"template":"","format":"standard","meta":{"_FSMCFIC_featured_image_caption":"","_FSMCFIC_featured_image_nocaption":"","_FSMCFIC_featured_image_hide":"","footnotes":""},"categories":[796,1772],"tags":[1504,1901,1459],"class_list":["post-37050","post","type-post","status-publish","format-standard","has-post-thumbnail","hentry","category-el-blog-de-josep-miro-i-ardevol-es","category-especial-coronavirus-es","tag-coronavirus-es","tag-estado-de-alarma","tag-independientes"],"yoast_head":"<!-- This site is optimized with the Yoast SEO plugin v26.8 - https:\/\/yoast.com\/product\/yoast-seo-wordpress\/ -->\n<title>Los 12 puntos de Converses a Catalunya para contribuir a salir de la crisis - Converses a Catalunya<\/title>\n<meta name=\"robots\" content=\"index, follow, max-snippet:-1, max-image-preview:large, max-video-preview:-1\" \/>\n<link rel=\"canonical\" href=\"https:\/\/conversesacatalunya.cat\/es\/los-12-puntos-de-converses-a-catalunya-para-contribuir-a-salir-de-la-crisis\/\" \/>\n<meta property=\"og:locale\" content=\"es_ES\" \/>\n<meta property=\"og:type\" content=\"article\" \/>\n<meta property=\"og:title\" content=\"Los 12 puntos de Converses a Catalunya para contribuir a salir de la crisis - Converses a Catalunya\" \/>\n<meta property=\"og:description\" content=\"Converses a Catalunya y el Encuentro de Independientes publicaron un manifiesto que ha tenido una amplia difusi\u00f3n en la red, seguramente porque ten\u00eda la virtud de se\u00f1alar con claridad una serie de cuestiones necesarias. Vale la pena sintetizarlas: Reclamaba el fin del periodo de excepcionalidad constitucional en el que estamos inmersos y otra forma jur\u00eddica de afrontar la pandemia. \u00bfPor qu\u00e9 es b\u00e1sica esta cuesti\u00f3n? \u00bfPorque las limitaciones son molestas? No, claro que no, sino porque hace una pedagog\u00eda nefasta: la de que a la adversidad se la combate con menos derechos. Es una forma de elogiar el modelo chino, cuando la restricci\u00f3n se prolonga y prolonga, como ocurre en Espa\u00f1a. Ped\u00eda transparencia en las actuaciones gubernamentales, que ha sido uno de los vicios de todo el periodo, y que de hecho contin\u00faa. V\u00e9ase sino la confusi\u00f3n con el n\u00famero de muertos, que ha generado una p\u00e9sima imagen internacional del pa\u00eds, que, por otro, lado necesita desesperadamente el turismo, que exige certezas y claridad. Tambi\u00e9n el hecho de que a estas alturas se mantenga oculto el n\u00famero de muertos en las residencias de ancianos. Considera necesario que el gobierno disponga de un plan de contingencia para afrontar coordinadamente los pr\u00f3ximos meses, que el empresariado sepa a qu\u00e9 atenerse, y se ponga fin a la sensaci\u00f3n de improvisaci\u00f3n y falta de coordinaci\u00f3n. Ahora mismo, mientras la Ministra de Turismo informaba que a partir del 22 de junio se acaban las restricciones fronterizas con Portugal y Francia, pocas horas despu\u00e9s, La Moncloa lo desment\u00eda manteniendo la fecha del uno de julio. La necesidad del Libro Blanco sobre las pol\u00edticas p\u00fablicas llevadas a cabo en la lucha contra la pandemia, y las recomendaciones subsiguientes para subsanar los errores cometidos, y adoptar las medidas de previsi\u00f3n necesarias. El encargo a una comisi\u00f3n de personalidades independientes de trayectoria profesional excepcional, en los campos en los que es necesario actuar, presidida por una figura independiente de calidad reconocida para elaborar el plan para rehacer el pa\u00eds, reservando la comisi\u00f3n parlamentaria para examinar las propuestas finales de reconstrucci\u00f3n que aquella instancia presente. Una mayor aportaci\u00f3n de subvenciones a las empresas porque Espa\u00f1a es, con diferencia, el pa\u00eds que menos est\u00e1 utilizando esta v\u00eda de Europa, as\u00ed como la agilizaci\u00f3n de los cr\u00e9ditos y transferencias. Que el ingreso m\u00ednimo vital contemple en su cuant\u00eda el n\u00famero de hijos de las familias, cuesti\u00f3n de justicia, y bastante evidente despu\u00e9s de ver la gravedad de la ca\u00edda de la natalidad. Con los datos que se han hecho p\u00fablicos, una vez m\u00e1s las familias con hijos son discriminadas: cuantos m\u00e1s hijos, peor trato. Una gran diligencia en hacer efectivo el pago de los ERTE y ampliaci\u00f3n de sus plazos. La incompatibilidad entre el consenso que se necesita en la comisi\u00f3n para la reconstrucci\u00f3n del Congreso y la tramitaci\u00f3n en curso de una ley sobre la eutanasia profundamente divisiva y conflictiva, y la nueva ley de ense\u00f1anza sin consenso. La necesidad para Catalu\u00f1a de que se haga presente una amplia y \u00fanica oferta catalanista, capaz de atraer a una parte del electorado independentista desenga\u00f1ado, al tiempo que integra los electores catalanistas que no han votado independentismo. Esta necesidad era precisada en la Crida a la Societat Civil del pasado enero, en la que se expresaba que, para estimular este reagrupamiento catalanista, es necesario un catalizador, surgido de la sociedad civil, formado por un agrupamiento de personas independientes, que ha contribuir a facilitar el entendimiento en el marco de la Constituci\u00f3n entre las dos almas del catalanismo. Esta formulaci\u00f3n fue concretada en el Encuentro de Independientes llevado a cabo en el C\u00edrculo de Econom\u00eda el pasado mes de febrero en los siguientes t\u00e9rminos: Construir el nuevo relato de Catalu\u00f1a, basado en el ejercicio del autogobierno constitucional, la recuperaci\u00f3n de la dignidad de sus instituciones al servicio de todos para formar un solo pueblo, y lograr una mejor cohesi\u00f3n social. Hacer crecer este encuentro de independientes y organizarnos alrededor de Converses a Catalunya, construyendo un verdadero movimiento c\u00edvico de la centralidad catalana. Ganar en presencia en Internet a partir del trabajo iniciado por la plataforma digital Converses a Catalunya. Promover la exigencia e impulso del buen gobierno en beneficio del todos los catalanes. La b\u00fasqueda de financiaci\u00f3n para impulsar las actividades y para ayudar al entendimiento entre los partidos catalanistas. La necesidad de un amplio pacto pol\u00edtico y con las instituciones de la sociedad civil en Barcelona, \u200b\u200bque exige del gobierno municipal evitar el partidismo en sus propuestas y construir la centralidad. El compromiso por parte de Converses para impulsar la Carta 2020, precisar, difundir y velar por el conjunto de derechos concretos que la Constituci\u00f3n nos garantiza en Catalu\u00f1a y en toda Espa\u00f1a, y estimular la responsabilidad social necesaria para velar por su cumplimiento. M\u00e1s informaci\u00f3n sobre el coronavirus en ESPECIAL CORONAVIRUS &nbsp; &nbsp;\" \/>\n<meta property=\"og:url\" content=\"https:\/\/conversesacatalunya.cat\/es\/los-12-puntos-de-converses-a-catalunya-para-contribuir-a-salir-de-la-crisis\/\" \/>\n<meta property=\"og:site_name\" content=\"Converses a Catalunya\" \/>\n<meta property=\"article:published_time\" content=\"2020-06-08T10:35:03+00:00\" \/>\n<meta property=\"article:modified_time\" content=\"2020-06-08T12:10:46+00:00\" \/>\n<meta property=\"og:image\" content=\"https:\/\/conversesacatalunya.cat\/wp-content\/uploads\/2020\/06\/crisi-coronavirus-1024x576-1.jpg\" \/>\n\t<meta property=\"og:image:width\" content=\"1024\" \/>\n\t<meta property=\"og:image:height\" content=\"576\" \/>\n\t<meta property=\"og:image:type\" content=\"image\/jpeg\" \/>\n<meta name=\"author\" content=\"Josep Mir\u00f3 i Ard\u00e8vol\" \/>\n<meta name=\"twitter:card\" content=\"summary_large_image\" \/>\n<meta name=\"twitter:label1\" content=\"Escrito por\" \/>\n\t<meta name=\"twitter:data1\" content=\"Josep Mir\u00f3 i Ard\u00e8vol\" \/>\n\t<meta name=\"twitter:label2\" content=\"Tiempo de lectura\" \/>\n\t<meta name=\"twitter:data2\" content=\"4 minutos\" \/>\n<script type=\"application\/ld+json\" class=\"yoast-schema-graph\">{\"@context\":\"https:\/\/schema.org\",\"@graph\":[{\"@type\":\"Article\",\"@id\":\"https:\/\/conversesacatalunya.cat\/es\/los-12-puntos-de-converses-a-catalunya-para-contribuir-a-salir-de-la-crisis\/#article\",\"isPartOf\":{\"@id\":\"https:\/\/conversesacatalunya.cat\/es\/los-12-puntos-de-converses-a-catalunya-para-contribuir-a-salir-de-la-crisis\/\"},\"author\":{\"name\":\"Josep Mir\u00f3 i Ard\u00e8vol\",\"@id\":\"https:\/\/conversesacatalunya.cat\/#\/schema\/person\/a9598a6786ba7d3d1c5e0de477b79370\"},\"headline\":\"Los 12 puntos de Converses a Catalunya para contribuir a salir de la crisis\",\"datePublished\":\"2020-06-08T10:35:03+00:00\",\"dateModified\":\"2020-06-08T12:10:46+00:00\",\"mainEntityOfPage\":{\"@id\":\"https:\/\/conversesacatalunya.cat\/es\/los-12-puntos-de-converses-a-catalunya-para-contribuir-a-salir-de-la-crisis\/\"},\"wordCount\":882,\"commentCount\":0,\"image\":{\"@id\":\"https:\/\/conversesacatalunya.cat\/es\/los-12-puntos-de-converses-a-catalunya-para-contribuir-a-salir-de-la-crisis\/#primaryimage\"},\"thumbnailUrl\":\"https:\/\/conversesacatalunya.cat\/wp-content\/uploads\/2020\/06\/crisi-coronavirus-1024x576-1.jpg\",\"keywords\":[\"coronavirus\",\"Estado de Alarma\",\"Independientes\"],\"articleSection\":[\"El Blog de Josep Mir\u00f3 i Ard\u00e8vol (ES)\",\"Especial Coronavirus (ES)\"],\"inLanguage\":\"es\",\"potentialAction\":[{\"@type\":\"CommentAction\",\"name\":\"Comment\",\"target\":[\"https:\/\/conversesacatalunya.cat\/es\/los-12-puntos-de-converses-a-catalunya-para-contribuir-a-salir-de-la-crisis\/#respond\"]}]},{\"@type\":\"WebPage\",\"@id\":\"https:\/\/conversesacatalunya.cat\/es\/los-12-puntos-de-converses-a-catalunya-para-contribuir-a-salir-de-la-crisis\/\",\"url\":\"https:\/\/conversesacatalunya.cat\/es\/los-12-puntos-de-converses-a-catalunya-para-contribuir-a-salir-de-la-crisis\/\",\"name\":\"Los 12 puntos de Converses a Catalunya para contribuir a salir de la crisis - Converses a Catalunya\",\"isPartOf\":{\"@id\":\"https:\/\/conversesacatalunya.cat\/#website\"},\"primaryImageOfPage\":{\"@id\":\"https:\/\/conversesacatalunya.cat\/es\/los-12-puntos-de-converses-a-catalunya-para-contribuir-a-salir-de-la-crisis\/#primaryimage\"},\"image\":{\"@id\":\"https:\/\/conversesacatalunya.cat\/es\/los-12-puntos-de-converses-a-catalunya-para-contribuir-a-salir-de-la-crisis\/#primaryimage\"},\"thumbnailUrl\":\"https:\/\/conversesacatalunya.cat\/wp-content\/uploads\/2020\/06\/crisi-coronavirus-1024x576-1.jpg\",\"datePublished\":\"2020-06-08T10:35:03+00:00\",\"dateModified\":\"2020-06-08T12:10:46+00:00\",\"author\":{\"@id\":\"https:\/\/conversesacatalunya.cat\/#\/schema\/person\/a9598a6786ba7d3d1c5e0de477b79370\"},\"breadcrumb\":{\"@id\":\"https:\/\/conversesacatalunya.cat\/es\/los-12-puntos-de-converses-a-catalunya-para-contribuir-a-salir-de-la-crisis\/#breadcrumb\"},\"inLanguage\":\"es\",\"potentialAction\":[{\"@type\":\"ReadAction\",\"target\":[\"https:\/\/conversesacatalunya.cat\/es\/los-12-puntos-de-converses-a-catalunya-para-contribuir-a-salir-de-la-crisis\/\"]}]},{\"@type\":\"ImageObject\",\"inLanguage\":\"es\",\"@id\":\"https:\/\/conversesacatalunya.cat\/es\/los-12-puntos-de-converses-a-catalunya-para-contribuir-a-salir-de-la-crisis\/#primaryimage\",\"url\":\"https:\/\/conversesacatalunya.cat\/wp-content\/uploads\/2020\/06\/crisi-coronavirus-1024x576-1.jpg\",\"contentUrl\":\"https:\/\/conversesacatalunya.cat\/wp-content\/uploads\/2020\/06\/crisi-coronavirus-1024x576-1.jpg\",\"width\":1024,\"height\":576,\"caption\":\"sortir de la crisi\"},{\"@type\":\"BreadcrumbList\",\"@id\":\"https:\/\/conversesacatalunya.cat\/es\/los-12-puntos-de-converses-a-catalunya-para-contribuir-a-salir-de-la-crisis\/#breadcrumb\",\"itemListElement\":[{\"@type\":\"ListItem\",\"position\":1,\"name\":\"Inici\",\"item\":\"https:\/\/conversesacatalunya.cat\/es\/\"},{\"@type\":\"ListItem\",\"position\":2,\"name\":\"Los 12 puntos de Converses a Catalunya para contribuir a salir de la crisis\"}]},{\"@type\":\"WebSite\",\"@id\":\"https:\/\/conversesacatalunya.cat\/#website\",\"url\":\"https:\/\/conversesacatalunya.cat\/\",\"name\":\"Converses a Catalunya\",\"description\":\"\",\"potentialAction\":[{\"@type\":\"SearchAction\",\"target\":{\"@type\":\"EntryPoint\",\"urlTemplate\":\"https:\/\/conversesacatalunya.cat\/?s={search_term_string}\"},\"query-input\":{\"@type\":\"PropertyValueSpecification\",\"valueRequired\":true,\"valueName\":\"search_term_string\"}}],\"inLanguage\":\"es\"},{\"@type\":\"Person\",\"@id\":\"https:\/\/conversesacatalunya.cat\/#\/schema\/person\/a9598a6786ba7d3d1c5e0de477b79370\",\"name\":\"Josep Mir\u00f3 i Ard\u00e8vol\",\"image\":{\"@type\":\"ImageObject\",\"inLanguage\":\"es\",\"@id\":\"https:\/\/conversesacatalunya.cat\/#\/schema\/person\/image\/\",\"url\":\"https:\/\/conversesacatalunya.cat\/wp-content\/litespeed\/avatar\/c37e3dc881857483d6694cdf98fdedea.jpg?ver=1777270381\",\"contentUrl\":\"https:\/\/conversesacatalunya.cat\/wp-content\/litespeed\/avatar\/c37e3dc881857483d6694cdf98fdedea.jpg?ver=1777270381\",\"caption\":\"Josep Mir\u00f3 i Ard\u00e8vol\"},\"url\":\"https:\/\/conversesacatalunya.cat\/es\/author\/josep-miro-i-ardevol\/\"}]}<\/script>\n<!-- \/ Yoast SEO plugin. -->","yoast_head_json":{"title":"Los 12 puntos de Converses a Catalunya para contribuir a salir de la crisis - Converses a Catalunya","robots":{"index":"index","follow":"follow","max-snippet":"max-snippet:-1","max-image-preview":"max-image-preview:large","max-video-preview":"max-video-preview:-1"},"canonical":"https:\/\/conversesacatalunya.cat\/es\/los-12-puntos-de-converses-a-catalunya-para-contribuir-a-salir-de-la-crisis\/","og_locale":"es_ES","og_type":"article","og_title":"Los 12 puntos de Converses a Catalunya para contribuir a salir de la crisis - Converses a Catalunya","og_description":"Converses a Catalunya y el Encuentro de Independientes publicaron un manifiesto que ha tenido una amplia difusi\u00f3n en la red, seguramente porque ten\u00eda la virtud de se\u00f1alar con claridad una serie de cuestiones necesarias. Vale la pena sintetizarlas: Reclamaba el fin del periodo de excepcionalidad constitucional en el que estamos inmersos y otra forma jur\u00eddica de afrontar la pandemia. \u00bfPor qu\u00e9 es b\u00e1sica esta cuesti\u00f3n? \u00bfPorque las limitaciones son molestas? No, claro que no, sino porque hace una pedagog\u00eda nefasta: la de que a la adversidad se la combate con menos derechos. Es una forma de elogiar el modelo chino, cuando la restricci\u00f3n se prolonga y prolonga, como ocurre en Espa\u00f1a. Ped\u00eda transparencia en las actuaciones gubernamentales, que ha sido uno de los vicios de todo el periodo, y que de hecho contin\u00faa. V\u00e9ase sino la confusi\u00f3n con el n\u00famero de muertos, que ha generado una p\u00e9sima imagen internacional del pa\u00eds, que, por otro, lado necesita desesperadamente el turismo, que exige certezas y claridad. Tambi\u00e9n el hecho de que a estas alturas se mantenga oculto el n\u00famero de muertos en las residencias de ancianos. Considera necesario que el gobierno disponga de un plan de contingencia para afrontar coordinadamente los pr\u00f3ximos meses, que el empresariado sepa a qu\u00e9 atenerse, y se ponga fin a la sensaci\u00f3n de improvisaci\u00f3n y falta de coordinaci\u00f3n. Ahora mismo, mientras la Ministra de Turismo informaba que a partir del 22 de junio se acaban las restricciones fronterizas con Portugal y Francia, pocas horas despu\u00e9s, La Moncloa lo desment\u00eda manteniendo la fecha del uno de julio. La necesidad del Libro Blanco sobre las pol\u00edticas p\u00fablicas llevadas a cabo en la lucha contra la pandemia, y las recomendaciones subsiguientes para subsanar los errores cometidos, y adoptar las medidas de previsi\u00f3n necesarias. El encargo a una comisi\u00f3n de personalidades independientes de trayectoria profesional excepcional, en los campos en los que es necesario actuar, presidida por una figura independiente de calidad reconocida para elaborar el plan para rehacer el pa\u00eds, reservando la comisi\u00f3n parlamentaria para examinar las propuestas finales de reconstrucci\u00f3n que aquella instancia presente. Una mayor aportaci\u00f3n de subvenciones a las empresas porque Espa\u00f1a es, con diferencia, el pa\u00eds que menos est\u00e1 utilizando esta v\u00eda de Europa, as\u00ed como la agilizaci\u00f3n de los cr\u00e9ditos y transferencias. Que el ingreso m\u00ednimo vital contemple en su cuant\u00eda el n\u00famero de hijos de las familias, cuesti\u00f3n de justicia, y bastante evidente despu\u00e9s de ver la gravedad de la ca\u00edda de la natalidad. Con los datos que se han hecho p\u00fablicos, una vez m\u00e1s las familias con hijos son discriminadas: cuantos m\u00e1s hijos, peor trato. Una gran diligencia en hacer efectivo el pago de los ERTE y ampliaci\u00f3n de sus plazos. La incompatibilidad entre el consenso que se necesita en la comisi\u00f3n para la reconstrucci\u00f3n del Congreso y la tramitaci\u00f3n en curso de una ley sobre la eutanasia profundamente divisiva y conflictiva, y la nueva ley de ense\u00f1anza sin consenso. La necesidad para Catalu\u00f1a de que se haga presente una amplia y \u00fanica oferta catalanista, capaz de atraer a una parte del electorado independentista desenga\u00f1ado, al tiempo que integra los electores catalanistas que no han votado independentismo. Esta necesidad era precisada en la Crida a la Societat Civil del pasado enero, en la que se expresaba que, para estimular este reagrupamiento catalanista, es necesario un catalizador, surgido de la sociedad civil, formado por un agrupamiento de personas independientes, que ha contribuir a facilitar el entendimiento en el marco de la Constituci\u00f3n entre las dos almas del catalanismo. Esta formulaci\u00f3n fue concretada en el Encuentro de Independientes llevado a cabo en el C\u00edrculo de Econom\u00eda el pasado mes de febrero en los siguientes t\u00e9rminos: Construir el nuevo relato de Catalu\u00f1a, basado en el ejercicio del autogobierno constitucional, la recuperaci\u00f3n de la dignidad de sus instituciones al servicio de todos para formar un solo pueblo, y lograr una mejor cohesi\u00f3n social. Hacer crecer este encuentro de independientes y organizarnos alrededor de Converses a Catalunya, construyendo un verdadero movimiento c\u00edvico de la centralidad catalana. Ganar en presencia en Internet a partir del trabajo iniciado por la plataforma digital Converses a Catalunya. Promover la exigencia e impulso del buen gobierno en beneficio del todos los catalanes. La b\u00fasqueda de financiaci\u00f3n para impulsar las actividades y para ayudar al entendimiento entre los partidos catalanistas. La necesidad de un amplio pacto pol\u00edtico y con las instituciones de la sociedad civil en Barcelona, \u200b\u200bque exige del gobierno municipal evitar el partidismo en sus propuestas y construir la centralidad. El compromiso por parte de Converses para impulsar la Carta 2020, precisar, difundir y velar por el conjunto de derechos concretos que la Constituci\u00f3n nos garantiza en Catalu\u00f1a y en toda Espa\u00f1a, y estimular la responsabilidad social necesaria para velar por su cumplimiento. M\u00e1s informaci\u00f3n sobre el coronavirus en ESPECIAL CORONAVIRUS &nbsp; &nbsp;","og_url":"https:\/\/conversesacatalunya.cat\/es\/los-12-puntos-de-converses-a-catalunya-para-contribuir-a-salir-de-la-crisis\/","og_site_name":"Converses a Catalunya","article_published_time":"2020-06-08T10:35:03+00:00","article_modified_time":"2020-06-08T12:10:46+00:00","og_image":[{"width":1024,"height":576,"url":"https:\/\/conversesacatalunya.cat\/wp-content\/uploads\/2020\/06\/crisi-coronavirus-1024x576-1.jpg","type":"image\/jpeg"}],"author":"Josep Mir\u00f3 i Ard\u00e8vol","twitter_card":"summary_large_image","twitter_misc":{"Escrito por":"Josep Mir\u00f3 i Ard\u00e8vol","Tiempo de lectura":"4 minutos"},"schema":{"@context":"https:\/\/schema.org","@graph":[{"@type":"Article","@id":"https:\/\/conversesacatalunya.cat\/es\/los-12-puntos-de-converses-a-catalunya-para-contribuir-a-salir-de-la-crisis\/#article","isPartOf":{"@id":"https:\/\/conversesacatalunya.cat\/es\/los-12-puntos-de-converses-a-catalunya-para-contribuir-a-salir-de-la-crisis\/"},"author":{"name":"Josep Mir\u00f3 i Ard\u00e8vol","@id":"https:\/\/conversesacatalunya.cat\/#\/schema\/person\/a9598a6786ba7d3d1c5e0de477b79370"},"headline":"Los 12 puntos de Converses a Catalunya para contribuir a salir de la crisis","datePublished":"2020-06-08T10:35:03+00:00","dateModified":"2020-06-08T12:10:46+00:00","mainEntityOfPage":{"@id":"https:\/\/conversesacatalunya.cat\/es\/los-12-puntos-de-converses-a-catalunya-para-contribuir-a-salir-de-la-crisis\/"},"wordCount":882,"commentCount":0,"image":{"@id":"https:\/\/conversesacatalunya.cat\/es\/los-12-puntos-de-converses-a-catalunya-para-contribuir-a-salir-de-la-crisis\/#primaryimage"},"thumbnailUrl":"https:\/\/conversesacatalunya.cat\/wp-content\/uploads\/2020\/06\/crisi-coronavirus-1024x576-1.jpg","keywords":["coronavirus","Estado de Alarma","Independientes"],"articleSection":["El Blog de Josep Mir\u00f3 i Ard\u00e8vol (ES)","Especial Coronavirus (ES)"],"inLanguage":"es","potentialAction":[{"@type":"CommentAction","name":"Comment","target":["https:\/\/conversesacatalunya.cat\/es\/los-12-puntos-de-converses-a-catalunya-para-contribuir-a-salir-de-la-crisis\/#respond"]}]},{"@type":"WebPage","@id":"https:\/\/conversesacatalunya.cat\/es\/los-12-puntos-de-converses-a-catalunya-para-contribuir-a-salir-de-la-crisis\/","url":"https:\/\/conversesacatalunya.cat\/es\/los-12-puntos-de-converses-a-catalunya-para-contribuir-a-salir-de-la-crisis\/","name":"Los 12 puntos de Converses a Catalunya para contribuir a salir de la crisis - Converses a Catalunya","isPartOf":{"@id":"https:\/\/conversesacatalunya.cat\/#website"},"primaryImageOfPage":{"@id":"https:\/\/conversesacatalunya.cat\/es\/los-12-puntos-de-converses-a-catalunya-para-contribuir-a-salir-de-la-crisis\/#primaryimage"},"image":{"@id":"https:\/\/conversesacatalunya.cat\/es\/los-12-puntos-de-converses-a-catalunya-para-contribuir-a-salir-de-la-crisis\/#primaryimage"},"thumbnailUrl":"https:\/\/conversesacatalunya.cat\/wp-content\/uploads\/2020\/06\/crisi-coronavirus-1024x576-1.jpg","datePublished":"2020-06-08T10:35:03+00:00","dateModified":"2020-06-08T12:10:46+00:00","author":{"@id":"https:\/\/conversesacatalunya.cat\/#\/schema\/person\/a9598a6786ba7d3d1c5e0de477b79370"},"breadcrumb":{"@id":"https:\/\/conversesacatalunya.cat\/es\/los-12-puntos-de-converses-a-catalunya-para-contribuir-a-salir-de-la-crisis\/#breadcrumb"},"inLanguage":"es","potentialAction":[{"@type":"ReadAction","target":["https:\/\/conversesacatalunya.cat\/es\/los-12-puntos-de-converses-a-catalunya-para-contribuir-a-salir-de-la-crisis\/"]}]},{"@type":"ImageObject","inLanguage":"es","@id":"https:\/\/conversesacatalunya.cat\/es\/los-12-puntos-de-converses-a-catalunya-para-contribuir-a-salir-de-la-crisis\/#primaryimage","url":"https:\/\/conversesacatalunya.cat\/wp-content\/uploads\/2020\/06\/crisi-coronavirus-1024x576-1.jpg","contentUrl":"https:\/\/conversesacatalunya.cat\/wp-content\/uploads\/2020\/06\/crisi-coronavirus-1024x576-1.jpg","width":1024,"height":576,"caption":"sortir de la crisi"},{"@type":"BreadcrumbList","@id":"https:\/\/conversesacatalunya.cat\/es\/los-12-puntos-de-converses-a-catalunya-para-contribuir-a-salir-de-la-crisis\/#breadcrumb","itemListElement":[{"@type":"ListItem","position":1,"name":"Inici","item":"https:\/\/conversesacatalunya.cat\/es\/"},{"@type":"ListItem","position":2,"name":"Los 12 puntos de Converses a Catalunya para contribuir a salir de la crisis"}]},{"@type":"WebSite","@id":"https:\/\/conversesacatalunya.cat\/#website","url":"https:\/\/conversesacatalunya.cat\/","name":"Converses a Catalunya","description":"","potentialAction":[{"@type":"SearchAction","target":{"@type":"EntryPoint","urlTemplate":"https:\/\/conversesacatalunya.cat\/?s={search_term_string}"},"query-input":{"@type":"PropertyValueSpecification","valueRequired":true,"valueName":"search_term_string"}}],"inLanguage":"es"},{"@type":"Person","@id":"https:\/\/conversesacatalunya.cat\/#\/schema\/person\/a9598a6786ba7d3d1c5e0de477b79370","name":"Josep Mir\u00f3 i Ard\u00e8vol","image":{"@type":"ImageObject","inLanguage":"es","@id":"https:\/\/conversesacatalunya.cat\/#\/schema\/person\/image\/","url":"https:\/\/conversesacatalunya.cat\/wp-content\/litespeed\/avatar\/c37e3dc881857483d6694cdf98fdedea.jpg?ver=1777270381","contentUrl":"https:\/\/conversesacatalunya.cat\/wp-content\/litespeed\/avatar\/c37e3dc881857483d6694cdf98fdedea.jpg?ver=1777270381","caption":"Josep Mir\u00f3 i Ard\u00e8vol"},"url":"https:\/\/conversesacatalunya.cat\/es\/author\/josep-miro-i-ardevol\/"}]}},"wps_subtitle":"","_links":{"self":[{"href":"https:\/\/conversesacatalunya.cat\/es\/wp-json\/wp\/v2\/posts\/37050","targetHints":{"allow":["GET"]}}],"collection":[{"href":"https:\/\/conversesacatalunya.cat\/es\/wp-json\/wp\/v2\/posts"}],"about":[{"href":"https:\/\/conversesacatalunya.cat\/es\/wp-json\/wp\/v2\/types\/post"}],"author":[{"embeddable":true,"href":"https:\/\/conversesacatalunya.cat\/es\/wp-json\/wp\/v2\/users\/19"}],"replies":[{"embeddable":true,"href":"https:\/\/conversesacatalunya.cat\/es\/wp-json\/wp\/v2\/comments?post=37050"}],"version-history":[{"count":2,"href":"https:\/\/conversesacatalunya.cat\/es\/wp-json\/wp\/v2\/posts\/37050\/revisions"}],"predecessor-version":[{"id":37051,"href":"https:\/\/conversesacatalunya.cat\/es\/wp-json\/wp\/v2\/posts\/37050\/revisions\/37051"}],"wp:featuredmedia":[{"embeddable":true,"href":"https:\/\/conversesacatalunya.cat\/es\/wp-json\/wp\/v2\/media\/37023"}],"wp:attachment":[{"href":"https:\/\/conversesacatalunya.cat\/es\/wp-json\/wp\/v2\/media?parent=37050"}],"wp:term":[{"taxonomy":"category","embeddable":true,"href":"https:\/\/conversesacatalunya.cat\/es\/wp-json\/wp\/v2\/categories?post=37050"},{"taxonomy":"post_tag","embeddable":true,"href":"https:\/\/conversesacatalunya.cat\/es\/wp-json\/wp\/v2\/tags?post=37050"}],"curies":[{"name":"wp","href":"https:\/\/api.w.org\/{rel}","templated":true}]}}