{"id":37046,"date":"2020-06-06T11:47:49","date_gmt":"2020-06-06T09:47:49","guid":{"rendered":"https:\/\/conversesacatalunya.cat\/afroamericanes-neguen-racisme-sistemic-estats-units\/"},"modified":"2020-06-08T13:52:20","modified_gmt":"2020-06-08T11:52:20","slug":"voces-afroamericanas-niegan-que-exista-hoy-en-dia-un-racismo-sistemico-en-los-estados-unidos","status":"publish","type":"post","link":"https:\/\/conversesacatalunya.cat\/es\/voces-afroamericanas-niegan-que-exista-hoy-en-dia-un-racismo-sistemico-en-los-estados-unidos\/","title":{"rendered":"Voces afroamericanas niegan que exista hoy en d\u00eda un \u00abracismo sist\u00e9mico\u00bb en los Estados Unidos"},"content":{"rendered":"<div>\n<div tabindex=\"0\"><span lang=\"es\">El historiador afroamericano Wilfred Reilly, profesor en la Universidad de Kentucky, se muestra muy cr\u00edtico con el movimiento \u00abBlack Lives Matters\u00bb y rompe tab\u00faes en una <a href=\"https:\/\/www.lefigaro.fr\/vox\/monde\/wilfred-reilly-l-esclavage-ne-definit-pas-la-totalite-de-l-histoire-americaine-20200604\" target=\"_blank\" rel=\"noopener noreferrer\">entrevista<\/a> concedida al diario franc\u00e9s <em>Le Figaro<\/em>. Reilly forma parte de un colectivo llamado Proyecto 1776 formado por acad\u00e9micos afroamericanos que defienden el legado hist\u00f3rico de los Estados Unidos.<\/span><\/div>\n<div tabindex=\"0\"><span lang=\"es\"><br \/>\nEn vez de alimentar constantemente el resentimiento, Reilly busca ofrecer una perspectiva inspiradora para los afroamericanos, distinta de la propuesta por el progresismo. Un relato que subraye el hecho de que \u00aba pesar de sus defectos, los Estados Unidos, como Gran Breta\u00f1a o Francia, son sociedades muy positivas comparadas con el 99% restante que ha existido hist\u00f3ricamente\u00bb.<\/span><\/div>\n<div tabindex=\"0\"><span lang=\"es\"><br \/>\nReilly parte de una premisa que puede parecer obvia, pero que est\u00e1 cada vez m\u00e1s en cuesti\u00f3n en los Estados Unidos: la esclavitud no ha sido ni mucho menos el principal factor definidor de la historia de Am\u00e9rica.<\/span><\/div>\n<div tabindex=\"0\"><span lang=\"es\"><br \/>\nSeg\u00fan el acad\u00e9mico, mientras la esclavitud existi\u00f3 en los Estados Unidos hubo tambi\u00e9n un movimiento para su abolici\u00f3n, integrado por negros y blancos. Esta fue definitivamente abolida en 1865, en una guerra destructora que condujo a la muerte a una cuarta parte de la poblaci\u00f3n adulta masculina de los estados confederados, defensores (entre otras cosas) de la esclavitud.<\/span><\/div>\n<\/div>\n<div class=\"tlid-result-transliteration-container result-transliteration-container transliteration-container\">\n<div class=\"tlid-transliteration-content transliteration-content full\"><\/div>\n<\/div>\n<h3 align=\"justify\"><b><span title=\"\">Datos<\/span> <span title=\"\">y hechos<\/span> <span title=\"\">que<\/span> <span title=\"\">niegan<\/span> <span title=\"\">la persistencia<\/span> <span title=\"\">del<\/span> \u00ab<span title=\"\">racismo<\/span> <span title=\"\">sist\u00e9mico<\/span><span title=\"\">\u00ab<\/span><\/b><\/h3>\n<div>\n<div tabindex=\"0\"><span lang=\"es\">Seg\u00fan el profesor, la comunidad afroamericana no se puede seguir reflej\u00e1ndose en el conflicto racial, la vertiente institucional o \u00absist\u00e9mica\u00bb fue definitivamente abolida en 1964 con leyes sobre los derechos c\u00edvicos. Si bien Reilly no niega que existan \u00abcicatrices y residuos de tensi\u00f3n\u00bb racistas contra los negros, denuncia que el racismo tradicional en los Estados Unidos es muy raro hoy en d\u00eda.<\/span><\/div>\n<div tabindex=\"0\"><\/div>\n<div tabindex=\"0\"><span lang=\"es\">Para demostrarlo, afirma que la proporci\u00f3n de estadounidenses que declaran que no votar\u00edan a un negro como presidente de los Estados Unidos es del 4%, mientras que el rechazo a un candidato de origen irland\u00e9s se sit\u00faa en el 5%!<\/span><\/div>\n<div tabindex=\"0\"><span lang=\"es\"><br \/>\nPor otro lado, Reilly niega que la polic\u00eda estadounidense se dedique a la \u00abcaza del hombre negro\u00bb, y afirma que la inmensa mayor\u00eda de los j\u00f3venes negros asesinados lo son por otros j\u00f3venes negros.<\/span><\/div>\n<div tabindex=\"0\"><span lang=\"es\"><br \/>\nPor otra parte, en cuanto a la <a href=\"https:\/\/www.lefigaro.fr\/vox\/monde\/police-garde-nationale-et-armee-federale-aux-etats-unis-ces-realites-peu-connues-20200604\" target=\"_blank\" rel=\"noopener noreferrer\">composici\u00f3n<\/a> de los cuerpos de seguridad, hay que apuntar que actualmente en los Estados Unidos el porcentaje de poblaci\u00f3n afroamericana (entorno al 14%) se corresponde pr\u00e1cticamente con el peso de este colectivo en las fuerzas policiales (13,3%).<\/span><\/div>\n<div tabindex=\"0\"><span lang=\"es\"><br \/>\nDe hecho, varios estudios apuntan a que los agentes negros usan tanto la fuerza como los agentes blancos, incluso contra la comunidad negra. Los detenidos afroamericanos, a su vez, son igual de hostiles contra un agente blanco que contra uno negro.<\/span><\/div>\n<div tabindex=\"0\"><span lang=\"es\"><br \/>\nSeg\u00fan Reilly, ante la ausencia de racismo institucional o \u00absist\u00e9mico\u00bb, las organizaciones de lucha contra el racismo han tenido que buscar nuevos conceptos para justificarse, como el \u00abprivilegio blanco\u00bb, la idea de que existe un sustrato racista en los blancos del que nunca se podr\u00e1n liberar.<\/span><\/div>\n<\/div>\n<div class=\"tlid-result-transliteration-container result-transliteration-container transliteration-container\">\n<div class=\"tlid-transliteration-content transliteration-content full\"><\/div>\n<\/div>\n<h3 align=\"justify\"><b><span title=\"\">El Proyecto<\/span> <span title=\"\">1776<\/span> <span title=\"\">versus<\/span> <span title=\"\">el Proyecto<\/span> <span title=\"\">1619<\/span><\/b><\/h3>\n<p align=\"justify\">El profesor se opone a un movimiento llamado \u00abProyecto 1619\u00bb, <a href=\"https:\/\/www.nytimes.com\/interactive\/2019\/08\/14\/magazine\/1619-america-slavery.html\" target=\"_blank\" rel=\"noopener noreferrer\">lanzado<\/a> por el <em>New York Times<\/em> y cada vez m\u00e1s influyente entre las clases superiores estadounidenses. 1619 quiere revisar toda la historia de los Estados Unidos bajo el prisma de la esclavitud. De hecho, 1619 hace referencia al a\u00f1o en que llegaron los primeros esclavos africanos a Am\u00e9rica del Norte.<\/p>\n<p align=\"justify\">El Proyecto 1619 busca, pues, reescribir la historia del pa\u00eds, y para hacerlo ejerce presi\u00f3n pol\u00edtica y prepara un nuevo curr\u00edculo de historia para los ni\u00f1os. Reilly denuncia que este proyecto disemina determinadas informaciones totalmente falsas, como por ejemplo que la Guerra de la Independencia norteamericana ten\u00eda como principal objetivo mantener la esclavitud.<\/p>\n<p align=\"justify\">Reilly forma parte de<a href=\"https:\/\/1776unites.com\/\" target=\"_blank\" rel=\"noopener noreferrer\"> otro proyecto<\/a> nacido para contrarrestar la influencia de 1619, llamado 1776 en referencia al a\u00f1o de la Declaraci\u00f3n de Independencia, y que une a historiadores afroamericanos, tanto dem\u00f3cratas como republicanos, que quieren abordar sus inexactitudes e incluso mentiras.<\/p>\n<p align=\"justify\">Aunque no cierra la puerta a la cuesti\u00f3n de determinadas reparaciones econ\u00f3micas por motivos hist\u00f3ricos, el profesor Wilfredy Reilly afirma que para afrontar la actual injusticia social en los Estados Unidos hay que pasar de la raza a preguntarse por qu\u00e9, tanto los afroamericanos como los blancos pobres, tienen tantos problemas para tomar el ascensor social.<\/p>\n","protected":false},"excerpt":{"rendered":"<p>El historiador afroamericano Wilfred Reilly, profesor en la Universidad de Kentucky, se muestra muy cr\u00edtico con el movimiento \u00abBlack Lives Matters\u00bb y rompe tab\u00faes en una entrevista concedida al diario franc\u00e9s Le Figaro. Reilly forma parte de un colectivo llamado Proyecto 1776 formado por acad\u00e9micos afroamericanos que defienden el legado hist\u00f3rico de los Estados Unidos. En vez de alimentar constantemente el resentimiento, Reilly busca ofrecer una perspectiva inspiradora para los afroamericanos, distinta de la propuesta por el progresismo. Un relato que subraye el hecho de que \u00aba pesar de sus defectos, los Estados Unidos, como Gran Breta\u00f1a o Francia, son sociedades muy positivas comparadas con el 99% restante que ha existido hist\u00f3ricamente\u00bb. Reilly parte de una premisa que puede parecer obvia, pero que est\u00e1 cada vez m\u00e1s en cuesti\u00f3n en los Estados Unidos: la esclavitud no ha sido ni mucho menos el principal factor definidor de la historia de Am\u00e9rica. Seg\u00fan el acad\u00e9mico, mientras la esclavitud existi\u00f3 en los Estados Unidos hubo tambi\u00e9n un movimiento para su abolici\u00f3n, integrado por negros y blancos. Esta fue definitivamente abolida en 1865, en una guerra destructora que condujo a la muerte a una cuarta parte de la poblaci\u00f3n adulta masculina de los estados confederados, defensores (entre otras cosas) de la esclavitud. Datos y hechos que niegan la persistencia del \u00abracismo sist\u00e9mico\u00ab Seg\u00fan el profesor, la comunidad afroamericana no se puede seguir reflej\u00e1ndose en el conflicto racial, la vertiente institucional o \u00absist\u00e9mica\u00bb fue definitivamente abolida en 1964 con leyes sobre los derechos c\u00edvicos. Si bien Reilly no niega que existan \u00abcicatrices y residuos de tensi\u00f3n\u00bb racistas contra los negros, denuncia que el racismo tradicional en los Estados Unidos es muy raro hoy en d\u00eda. Para demostrarlo, afirma que la proporci\u00f3n de estadounidenses que declaran que no votar\u00edan a un negro como presidente de los Estados Unidos es del 4%, mientras que el rechazo a un candidato de origen irland\u00e9s se sit\u00faa en el 5%! Por otro lado, Reilly niega que la polic\u00eda estadounidense se dedique a la \u00abcaza del hombre negro\u00bb, y afirma que la inmensa mayor\u00eda de los j\u00f3venes negros asesinados lo son por otros j\u00f3venes negros. Por otra parte, en cuanto a la composici\u00f3n de los cuerpos de seguridad, hay que apuntar que actualmente en los Estados Unidos el porcentaje de poblaci\u00f3n afroamericana (entorno al 14%) se corresponde pr\u00e1cticamente con el peso de este colectivo en las fuerzas policiales (13,3%). De hecho, varios estudios apuntan a que los agentes negros usan tanto la fuerza como los agentes blancos, incluso contra la comunidad negra. Los detenidos afroamericanos, a su vez, son igual de hostiles contra un agente blanco que contra uno negro. Seg\u00fan Reilly, ante la ausencia de racismo institucional o \u00absist\u00e9mico\u00bb, las organizaciones de lucha contra el racismo han tenido que buscar nuevos conceptos para justificarse, como el \u00abprivilegio blanco\u00bb, la idea de que existe un sustrato racista en los blancos del que nunca se podr\u00e1n liberar. El Proyecto 1776 versus el Proyecto 1619 El profesor se opone a un movimiento llamado \u00abProyecto 1619\u00bb, lanzado por el New York Times y cada vez m\u00e1s influyente entre las clases superiores estadounidenses. 1619 quiere revisar toda la historia de los Estados Unidos bajo el prisma de la esclavitud. De hecho, 1619 hace referencia al a\u00f1o en que llegaron los primeros esclavos africanos a Am\u00e9rica del Norte. El Proyecto 1619 busca, pues, reescribir la historia del pa\u00eds, y para hacerlo ejerce presi\u00f3n pol\u00edtica y prepara un nuevo curr\u00edculo de historia para los ni\u00f1os. Reilly denuncia que este proyecto disemina determinadas informaciones totalmente falsas, como por ejemplo que la Guerra de la Independencia norteamericana ten\u00eda como principal objetivo mantener la esclavitud. Reilly forma parte de otro proyecto nacido para contrarrestar la influencia de 1619, llamado 1776 en referencia al a\u00f1o de la Declaraci\u00f3n de Independencia, y que une a historiadores afroamericanos, tanto dem\u00f3cratas como republicanos, que quieren abordar sus inexactitudes e incluso mentiras. Aunque no cierra la puerta a la cuesti\u00f3n de determinadas reparaciones econ\u00f3micas por motivos hist\u00f3ricos, el profesor Wilfredy Reilly afirma que para afrontar la actual injusticia social en los Estados Unidos hay que pasar de la raza a preguntarse por qu\u00e9, tanto los afroamericanos como los blancos pobres, tienen tantos problemas para tomar el ascensor social.<\/p>\n","protected":false},"author":67,"featured_media":36984,"comment_status":"open","ping_status":"open","sticky":false,"template":"","format":"standard","meta":{"_FSMCFIC_featured_image_caption":"","_FSMCFIC_featured_image_nocaption":"","_FSMCFIC_featured_image_hide":"","footnotes":""},"categories":[806],"tags":[2525,2450,2526,1371,2430,2527,2528],"class_list":["post-37046","post","type-post","status-publish","format-standard","has-post-thumbnail","hentry","category-punts-claus-del-dia-es","tag-afroamericanos","tag-america-es","tag-esclavitud","tag-estados-unidos","tag-protestas","tag-racismo","tag-racismo-sistemico"],"yoast_head":"<!-- This site is optimized with the Yoast SEO plugin v26.8 - https:\/\/yoast.com\/product\/yoast-seo-wordpress\/ -->\n<title>Voces afroamericanas niegan que exista hoy en d\u00eda un &quot;racismo sist\u00e9mico&quot; en los Estados Unidos - Converses a Catalunya<\/title>\n<meta name=\"robots\" content=\"index, follow, max-snippet:-1, max-image-preview:large, max-video-preview:-1\" \/>\n<link rel=\"canonical\" href=\"https:\/\/conversesacatalunya.cat\/es\/voces-afroamericanas-niegan-que-exista-hoy-en-dia-un-racismo-sistemico-en-los-estados-unidos\/\" \/>\n<meta property=\"og:locale\" content=\"es_ES\" \/>\n<meta property=\"og:type\" content=\"article\" \/>\n<meta property=\"og:title\" content=\"Voces afroamericanas niegan que exista hoy en d\u00eda un &quot;racismo sist\u00e9mico&quot; en los Estados Unidos - Converses a Catalunya\" \/>\n<meta property=\"og:description\" content=\"El historiador afroamericano Wilfred Reilly, profesor en la Universidad de Kentucky, se muestra muy cr\u00edtico con el movimiento \u00abBlack Lives Matters\u00bb y rompe tab\u00faes en una entrevista concedida al diario franc\u00e9s Le Figaro. Reilly forma parte de un colectivo llamado Proyecto 1776 formado por acad\u00e9micos afroamericanos que defienden el legado hist\u00f3rico de los Estados Unidos. En vez de alimentar constantemente el resentimiento, Reilly busca ofrecer una perspectiva inspiradora para los afroamericanos, distinta de la propuesta por el progresismo. Un relato que subraye el hecho de que \u00aba pesar de sus defectos, los Estados Unidos, como Gran Breta\u00f1a o Francia, son sociedades muy positivas comparadas con el 99% restante que ha existido hist\u00f3ricamente\u00bb. Reilly parte de una premisa que puede parecer obvia, pero que est\u00e1 cada vez m\u00e1s en cuesti\u00f3n en los Estados Unidos: la esclavitud no ha sido ni mucho menos el principal factor definidor de la historia de Am\u00e9rica. Seg\u00fan el acad\u00e9mico, mientras la esclavitud existi\u00f3 en los Estados Unidos hubo tambi\u00e9n un movimiento para su abolici\u00f3n, integrado por negros y blancos. Esta fue definitivamente abolida en 1865, en una guerra destructora que condujo a la muerte a una cuarta parte de la poblaci\u00f3n adulta masculina de los estados confederados, defensores (entre otras cosas) de la esclavitud. Datos y hechos que niegan la persistencia del \u00abracismo sist\u00e9mico\u00ab Seg\u00fan el profesor, la comunidad afroamericana no se puede seguir reflej\u00e1ndose en el conflicto racial, la vertiente institucional o \u00absist\u00e9mica\u00bb fue definitivamente abolida en 1964 con leyes sobre los derechos c\u00edvicos. Si bien Reilly no niega que existan \u00abcicatrices y residuos de tensi\u00f3n\u00bb racistas contra los negros, denuncia que el racismo tradicional en los Estados Unidos es muy raro hoy en d\u00eda. Para demostrarlo, afirma que la proporci\u00f3n de estadounidenses que declaran que no votar\u00edan a un negro como presidente de los Estados Unidos es del 4%, mientras que el rechazo a un candidato de origen irland\u00e9s se sit\u00faa en el 5%! Por otro lado, Reilly niega que la polic\u00eda estadounidense se dedique a la \u00abcaza del hombre negro\u00bb, y afirma que la inmensa mayor\u00eda de los j\u00f3venes negros asesinados lo son por otros j\u00f3venes negros. Por otra parte, en cuanto a la composici\u00f3n de los cuerpos de seguridad, hay que apuntar que actualmente en los Estados Unidos el porcentaje de poblaci\u00f3n afroamericana (entorno al 14%) se corresponde pr\u00e1cticamente con el peso de este colectivo en las fuerzas policiales (13,3%). De hecho, varios estudios apuntan a que los agentes negros usan tanto la fuerza como los agentes blancos, incluso contra la comunidad negra. Los detenidos afroamericanos, a su vez, son igual de hostiles contra un agente blanco que contra uno negro. Seg\u00fan Reilly, ante la ausencia de racismo institucional o \u00absist\u00e9mico\u00bb, las organizaciones de lucha contra el racismo han tenido que buscar nuevos conceptos para justificarse, como el \u00abprivilegio blanco\u00bb, la idea de que existe un sustrato racista en los blancos del que nunca se podr\u00e1n liberar. El Proyecto 1776 versus el Proyecto 1619 El profesor se opone a un movimiento llamado \u00abProyecto 1619\u00bb, lanzado por el New York Times y cada vez m\u00e1s influyente entre las clases superiores estadounidenses. 1619 quiere revisar toda la historia de los Estados Unidos bajo el prisma de la esclavitud. De hecho, 1619 hace referencia al a\u00f1o en que llegaron los primeros esclavos africanos a Am\u00e9rica del Norte. El Proyecto 1619 busca, pues, reescribir la historia del pa\u00eds, y para hacerlo ejerce presi\u00f3n pol\u00edtica y prepara un nuevo curr\u00edculo de historia para los ni\u00f1os. Reilly denuncia que este proyecto disemina determinadas informaciones totalmente falsas, como por ejemplo que la Guerra de la Independencia norteamericana ten\u00eda como principal objetivo mantener la esclavitud. Reilly forma parte de otro proyecto nacido para contrarrestar la influencia de 1619, llamado 1776 en referencia al a\u00f1o de la Declaraci\u00f3n de Independencia, y que une a historiadores afroamericanos, tanto dem\u00f3cratas como republicanos, que quieren abordar sus inexactitudes e incluso mentiras. Aunque no cierra la puerta a la cuesti\u00f3n de determinadas reparaciones econ\u00f3micas por motivos hist\u00f3ricos, el profesor Wilfredy Reilly afirma que para afrontar la actual injusticia social en los Estados Unidos hay que pasar de la raza a preguntarse por qu\u00e9, tanto los afroamericanos como los blancos pobres, tienen tantos problemas para tomar el ascensor social.\" \/>\n<meta property=\"og:url\" content=\"https:\/\/conversesacatalunya.cat\/es\/voces-afroamericanas-niegan-que-exista-hoy-en-dia-un-racismo-sistemico-en-los-estados-unidos\/\" \/>\n<meta property=\"og:site_name\" content=\"Converses a Catalunya\" \/>\n<meta property=\"article:published_time\" content=\"2020-06-06T09:47:49+00:00\" \/>\n<meta property=\"article:modified_time\" content=\"2020-06-08T11:52:20+00:00\" \/>\n<meta property=\"og:image\" content=\"https:\/\/conversesacatalunya.cat\/wp-content\/uploads\/2020\/06\/1776.png\" \/>\n\t<meta property=\"og:image:width\" content=\"1200\" \/>\n\t<meta property=\"og:image:height\" content=\"800\" \/>\n\t<meta property=\"og:image:type\" content=\"image\/png\" \/>\n<meta name=\"author\" content=\"conversesacatalunya\" \/>\n<meta name=\"twitter:card\" content=\"summary_large_image\" \/>\n<meta name=\"twitter:label1\" content=\"Escrito por\" \/>\n\t<meta name=\"twitter:data1\" content=\"conversesacatalunya\" \/>\n\t<meta name=\"twitter:label2\" content=\"Tiempo de lectura\" \/>\n\t<meta name=\"twitter:data2\" content=\"4 minutos\" \/>\n<script type=\"application\/ld+json\" class=\"yoast-schema-graph\">{\"@context\":\"https:\/\/schema.org\",\"@graph\":[{\"@type\":\"Article\",\"@id\":\"https:\/\/conversesacatalunya.cat\/es\/voces-afroamericanas-niegan-que-exista-hoy-en-dia-un-racismo-sistemico-en-los-estados-unidos\/#article\",\"isPartOf\":{\"@id\":\"https:\/\/conversesacatalunya.cat\/es\/voces-afroamericanas-niegan-que-exista-hoy-en-dia-un-racismo-sistemico-en-los-estados-unidos\/\"},\"author\":{\"name\":\"conversesacatalunya\",\"@id\":\"https:\/\/conversesacatalunya.cat\/#\/schema\/person\/c5a8ffe796b1512764aeb6d6d6fa0fc7\"},\"headline\":\"Voces afroamericanas niegan que exista hoy en d\u00eda un \u00abracismo sist\u00e9mico\u00bb en los Estados Unidos\",\"datePublished\":\"2020-06-06T09:47:49+00:00\",\"dateModified\":\"2020-06-08T11:52:20+00:00\",\"mainEntityOfPage\":{\"@id\":\"https:\/\/conversesacatalunya.cat\/es\/voces-afroamericanas-niegan-que-exista-hoy-en-dia-un-racismo-sistemico-en-los-estados-unidos\/\"},\"wordCount\":755,\"commentCount\":0,\"image\":{\"@id\":\"https:\/\/conversesacatalunya.cat\/es\/voces-afroamericanas-niegan-que-exista-hoy-en-dia-un-racismo-sistemico-en-los-estados-unidos\/#primaryimage\"},\"thumbnailUrl\":\"https:\/\/conversesacatalunya.cat\/wp-content\/uploads\/2020\/06\/1776.png\",\"keywords\":[\"afroamericanos\",\"Am\u00e8rica\",\"esclavitud\",\"Estados Unidos\",\"protestas\",\"racismo\",\"racismo sist\u00e9mico\"],\"articleSection\":[\"Punts clau del dia (ES)\"],\"inLanguage\":\"es\",\"potentialAction\":[{\"@type\":\"CommentAction\",\"name\":\"Comment\",\"target\":[\"https:\/\/conversesacatalunya.cat\/es\/voces-afroamericanas-niegan-que-exista-hoy-en-dia-un-racismo-sistemico-en-los-estados-unidos\/#respond\"]}]},{\"@type\":\"WebPage\",\"@id\":\"https:\/\/conversesacatalunya.cat\/es\/voces-afroamericanas-niegan-que-exista-hoy-en-dia-un-racismo-sistemico-en-los-estados-unidos\/\",\"url\":\"https:\/\/conversesacatalunya.cat\/es\/voces-afroamericanas-niegan-que-exista-hoy-en-dia-un-racismo-sistemico-en-los-estados-unidos\/\",\"name\":\"Voces afroamericanas niegan que exista hoy en d\u00eda un \\\"racismo sist\u00e9mico\\\" en los Estados Unidos - Converses a Catalunya\",\"isPartOf\":{\"@id\":\"https:\/\/conversesacatalunya.cat\/#website\"},\"primaryImageOfPage\":{\"@id\":\"https:\/\/conversesacatalunya.cat\/es\/voces-afroamericanas-niegan-que-exista-hoy-en-dia-un-racismo-sistemico-en-los-estados-unidos\/#primaryimage\"},\"image\":{\"@id\":\"https:\/\/conversesacatalunya.cat\/es\/voces-afroamericanas-niegan-que-exista-hoy-en-dia-un-racismo-sistemico-en-los-estados-unidos\/#primaryimage\"},\"thumbnailUrl\":\"https:\/\/conversesacatalunya.cat\/wp-content\/uploads\/2020\/06\/1776.png\",\"datePublished\":\"2020-06-06T09:47:49+00:00\",\"dateModified\":\"2020-06-08T11:52:20+00:00\",\"author\":{\"@id\":\"https:\/\/conversesacatalunya.cat\/#\/schema\/person\/c5a8ffe796b1512764aeb6d6d6fa0fc7\"},\"breadcrumb\":{\"@id\":\"https:\/\/conversesacatalunya.cat\/es\/voces-afroamericanas-niegan-que-exista-hoy-en-dia-un-racismo-sistemico-en-los-estados-unidos\/#breadcrumb\"},\"inLanguage\":\"es\",\"potentialAction\":[{\"@type\":\"ReadAction\",\"target\":[\"https:\/\/conversesacatalunya.cat\/es\/voces-afroamericanas-niegan-que-exista-hoy-en-dia-un-racismo-sistemico-en-los-estados-unidos\/\"]}]},{\"@type\":\"ImageObject\",\"inLanguage\":\"es\",\"@id\":\"https:\/\/conversesacatalunya.cat\/es\/voces-afroamericanas-niegan-que-exista-hoy-en-dia-un-racismo-sistemico-en-los-estados-unidos\/#primaryimage\",\"url\":\"https:\/\/conversesacatalunya.cat\/wp-content\/uploads\/2020\/06\/1776.png\",\"contentUrl\":\"https:\/\/conversesacatalunya.cat\/wp-content\/uploads\/2020\/06\/1776.png\",\"width\":1200,\"height\":800},{\"@type\":\"BreadcrumbList\",\"@id\":\"https:\/\/conversesacatalunya.cat\/es\/voces-afroamericanas-niegan-que-exista-hoy-en-dia-un-racismo-sistemico-en-los-estados-unidos\/#breadcrumb\",\"itemListElement\":[{\"@type\":\"ListItem\",\"position\":1,\"name\":\"Inici\",\"item\":\"https:\/\/conversesacatalunya.cat\/es\/\"},{\"@type\":\"ListItem\",\"position\":2,\"name\":\"Voces afroamericanas niegan que exista hoy en d\u00eda un \u00abracismo sist\u00e9mico\u00bb en los Estados Unidos\"}]},{\"@type\":\"WebSite\",\"@id\":\"https:\/\/conversesacatalunya.cat\/#website\",\"url\":\"https:\/\/conversesacatalunya.cat\/\",\"name\":\"Converses a Catalunya\",\"description\":\"\",\"potentialAction\":[{\"@type\":\"SearchAction\",\"target\":{\"@type\":\"EntryPoint\",\"urlTemplate\":\"https:\/\/conversesacatalunya.cat\/?s={search_term_string}\"},\"query-input\":{\"@type\":\"PropertyValueSpecification\",\"valueRequired\":true,\"valueName\":\"search_term_string\"}}],\"inLanguage\":\"es\"},{\"@type\":\"Person\",\"@id\":\"https:\/\/conversesacatalunya.cat\/#\/schema\/person\/c5a8ffe796b1512764aeb6d6d6fa0fc7\",\"name\":\"conversesacatalunya\",\"image\":{\"@type\":\"ImageObject\",\"inLanguage\":\"es\",\"@id\":\"https:\/\/conversesacatalunya.cat\/#\/schema\/person\/image\/\",\"url\":\"https:\/\/conversesacatalunya.cat\/wp-content\/litespeed\/avatar\/02659ee938034c59a151ae106ade943e.jpg?ver=1777051754\",\"contentUrl\":\"https:\/\/conversesacatalunya.cat\/wp-content\/litespeed\/avatar\/02659ee938034c59a151ae106ade943e.jpg?ver=1777051754\",\"caption\":\"conversesacatalunya\"},\"url\":\"https:\/\/conversesacatalunya.cat\/es\/author\/carles_lopez\/\"}]}<\/script>\n<!-- \/ Yoast SEO plugin. -->","yoast_head_json":{"title":"Voces afroamericanas niegan que exista hoy en d\u00eda un \"racismo sist\u00e9mico\" en los Estados Unidos - Converses a Catalunya","robots":{"index":"index","follow":"follow","max-snippet":"max-snippet:-1","max-image-preview":"max-image-preview:large","max-video-preview":"max-video-preview:-1"},"canonical":"https:\/\/conversesacatalunya.cat\/es\/voces-afroamericanas-niegan-que-exista-hoy-en-dia-un-racismo-sistemico-en-los-estados-unidos\/","og_locale":"es_ES","og_type":"article","og_title":"Voces afroamericanas niegan que exista hoy en d\u00eda un \"racismo sist\u00e9mico\" en los Estados Unidos - Converses a Catalunya","og_description":"El historiador afroamericano Wilfred Reilly, profesor en la Universidad de Kentucky, se muestra muy cr\u00edtico con el movimiento \u00abBlack Lives Matters\u00bb y rompe tab\u00faes en una entrevista concedida al diario franc\u00e9s Le Figaro. Reilly forma parte de un colectivo llamado Proyecto 1776 formado por acad\u00e9micos afroamericanos que defienden el legado hist\u00f3rico de los Estados Unidos. En vez de alimentar constantemente el resentimiento, Reilly busca ofrecer una perspectiva inspiradora para los afroamericanos, distinta de la propuesta por el progresismo. Un relato que subraye el hecho de que \u00aba pesar de sus defectos, los Estados Unidos, como Gran Breta\u00f1a o Francia, son sociedades muy positivas comparadas con el 99% restante que ha existido hist\u00f3ricamente\u00bb. Reilly parte de una premisa que puede parecer obvia, pero que est\u00e1 cada vez m\u00e1s en cuesti\u00f3n en los Estados Unidos: la esclavitud no ha sido ni mucho menos el principal factor definidor de la historia de Am\u00e9rica. Seg\u00fan el acad\u00e9mico, mientras la esclavitud existi\u00f3 en los Estados Unidos hubo tambi\u00e9n un movimiento para su abolici\u00f3n, integrado por negros y blancos. Esta fue definitivamente abolida en 1865, en una guerra destructora que condujo a la muerte a una cuarta parte de la poblaci\u00f3n adulta masculina de los estados confederados, defensores (entre otras cosas) de la esclavitud. Datos y hechos que niegan la persistencia del \u00abracismo sist\u00e9mico\u00ab Seg\u00fan el profesor, la comunidad afroamericana no se puede seguir reflej\u00e1ndose en el conflicto racial, la vertiente institucional o \u00absist\u00e9mica\u00bb fue definitivamente abolida en 1964 con leyes sobre los derechos c\u00edvicos. Si bien Reilly no niega que existan \u00abcicatrices y residuos de tensi\u00f3n\u00bb racistas contra los negros, denuncia que el racismo tradicional en los Estados Unidos es muy raro hoy en d\u00eda. Para demostrarlo, afirma que la proporci\u00f3n de estadounidenses que declaran que no votar\u00edan a un negro como presidente de los Estados Unidos es del 4%, mientras que el rechazo a un candidato de origen irland\u00e9s se sit\u00faa en el 5%! Por otro lado, Reilly niega que la polic\u00eda estadounidense se dedique a la \u00abcaza del hombre negro\u00bb, y afirma que la inmensa mayor\u00eda de los j\u00f3venes negros asesinados lo son por otros j\u00f3venes negros. Por otra parte, en cuanto a la composici\u00f3n de los cuerpos de seguridad, hay que apuntar que actualmente en los Estados Unidos el porcentaje de poblaci\u00f3n afroamericana (entorno al 14%) se corresponde pr\u00e1cticamente con el peso de este colectivo en las fuerzas policiales (13,3%). De hecho, varios estudios apuntan a que los agentes negros usan tanto la fuerza como los agentes blancos, incluso contra la comunidad negra. Los detenidos afroamericanos, a su vez, son igual de hostiles contra un agente blanco que contra uno negro. Seg\u00fan Reilly, ante la ausencia de racismo institucional o \u00absist\u00e9mico\u00bb, las organizaciones de lucha contra el racismo han tenido que buscar nuevos conceptos para justificarse, como el \u00abprivilegio blanco\u00bb, la idea de que existe un sustrato racista en los blancos del que nunca se podr\u00e1n liberar. El Proyecto 1776 versus el Proyecto 1619 El profesor se opone a un movimiento llamado \u00abProyecto 1619\u00bb, lanzado por el New York Times y cada vez m\u00e1s influyente entre las clases superiores estadounidenses. 1619 quiere revisar toda la historia de los Estados Unidos bajo el prisma de la esclavitud. De hecho, 1619 hace referencia al a\u00f1o en que llegaron los primeros esclavos africanos a Am\u00e9rica del Norte. El Proyecto 1619 busca, pues, reescribir la historia del pa\u00eds, y para hacerlo ejerce presi\u00f3n pol\u00edtica y prepara un nuevo curr\u00edculo de historia para los ni\u00f1os. Reilly denuncia que este proyecto disemina determinadas informaciones totalmente falsas, como por ejemplo que la Guerra de la Independencia norteamericana ten\u00eda como principal objetivo mantener la esclavitud. Reilly forma parte de otro proyecto nacido para contrarrestar la influencia de 1619, llamado 1776 en referencia al a\u00f1o de la Declaraci\u00f3n de Independencia, y que une a historiadores afroamericanos, tanto dem\u00f3cratas como republicanos, que quieren abordar sus inexactitudes e incluso mentiras. Aunque no cierra la puerta a la cuesti\u00f3n de determinadas reparaciones econ\u00f3micas por motivos hist\u00f3ricos, el profesor Wilfredy Reilly afirma que para afrontar la actual injusticia social en los Estados Unidos hay que pasar de la raza a preguntarse por qu\u00e9, tanto los afroamericanos como los blancos pobres, tienen tantos problemas para tomar el ascensor social.","og_url":"https:\/\/conversesacatalunya.cat\/es\/voces-afroamericanas-niegan-que-exista-hoy-en-dia-un-racismo-sistemico-en-los-estados-unidos\/","og_site_name":"Converses a Catalunya","article_published_time":"2020-06-06T09:47:49+00:00","article_modified_time":"2020-06-08T11:52:20+00:00","og_image":[{"width":1200,"height":800,"url":"https:\/\/conversesacatalunya.cat\/wp-content\/uploads\/2020\/06\/1776.png","type":"image\/png"}],"author":"conversesacatalunya","twitter_card":"summary_large_image","twitter_misc":{"Escrito por":"conversesacatalunya","Tiempo de lectura":"4 minutos"},"schema":{"@context":"https:\/\/schema.org","@graph":[{"@type":"Article","@id":"https:\/\/conversesacatalunya.cat\/es\/voces-afroamericanas-niegan-que-exista-hoy-en-dia-un-racismo-sistemico-en-los-estados-unidos\/#article","isPartOf":{"@id":"https:\/\/conversesacatalunya.cat\/es\/voces-afroamericanas-niegan-que-exista-hoy-en-dia-un-racismo-sistemico-en-los-estados-unidos\/"},"author":{"name":"conversesacatalunya","@id":"https:\/\/conversesacatalunya.cat\/#\/schema\/person\/c5a8ffe796b1512764aeb6d6d6fa0fc7"},"headline":"Voces afroamericanas niegan que exista hoy en d\u00eda un \u00abracismo sist\u00e9mico\u00bb en los Estados Unidos","datePublished":"2020-06-06T09:47:49+00:00","dateModified":"2020-06-08T11:52:20+00:00","mainEntityOfPage":{"@id":"https:\/\/conversesacatalunya.cat\/es\/voces-afroamericanas-niegan-que-exista-hoy-en-dia-un-racismo-sistemico-en-los-estados-unidos\/"},"wordCount":755,"commentCount":0,"image":{"@id":"https:\/\/conversesacatalunya.cat\/es\/voces-afroamericanas-niegan-que-exista-hoy-en-dia-un-racismo-sistemico-en-los-estados-unidos\/#primaryimage"},"thumbnailUrl":"https:\/\/conversesacatalunya.cat\/wp-content\/uploads\/2020\/06\/1776.png","keywords":["afroamericanos","Am\u00e8rica","esclavitud","Estados Unidos","protestas","racismo","racismo sist\u00e9mico"],"articleSection":["Punts clau del dia (ES)"],"inLanguage":"es","potentialAction":[{"@type":"CommentAction","name":"Comment","target":["https:\/\/conversesacatalunya.cat\/es\/voces-afroamericanas-niegan-que-exista-hoy-en-dia-un-racismo-sistemico-en-los-estados-unidos\/#respond"]}]},{"@type":"WebPage","@id":"https:\/\/conversesacatalunya.cat\/es\/voces-afroamericanas-niegan-que-exista-hoy-en-dia-un-racismo-sistemico-en-los-estados-unidos\/","url":"https:\/\/conversesacatalunya.cat\/es\/voces-afroamericanas-niegan-que-exista-hoy-en-dia-un-racismo-sistemico-en-los-estados-unidos\/","name":"Voces afroamericanas niegan que exista hoy en d\u00eda un \"racismo sist\u00e9mico\" en los Estados Unidos - Converses a Catalunya","isPartOf":{"@id":"https:\/\/conversesacatalunya.cat\/#website"},"primaryImageOfPage":{"@id":"https:\/\/conversesacatalunya.cat\/es\/voces-afroamericanas-niegan-que-exista-hoy-en-dia-un-racismo-sistemico-en-los-estados-unidos\/#primaryimage"},"image":{"@id":"https:\/\/conversesacatalunya.cat\/es\/voces-afroamericanas-niegan-que-exista-hoy-en-dia-un-racismo-sistemico-en-los-estados-unidos\/#primaryimage"},"thumbnailUrl":"https:\/\/conversesacatalunya.cat\/wp-content\/uploads\/2020\/06\/1776.png","datePublished":"2020-06-06T09:47:49+00:00","dateModified":"2020-06-08T11:52:20+00:00","author":{"@id":"https:\/\/conversesacatalunya.cat\/#\/schema\/person\/c5a8ffe796b1512764aeb6d6d6fa0fc7"},"breadcrumb":{"@id":"https:\/\/conversesacatalunya.cat\/es\/voces-afroamericanas-niegan-que-exista-hoy-en-dia-un-racismo-sistemico-en-los-estados-unidos\/#breadcrumb"},"inLanguage":"es","potentialAction":[{"@type":"ReadAction","target":["https:\/\/conversesacatalunya.cat\/es\/voces-afroamericanas-niegan-que-exista-hoy-en-dia-un-racismo-sistemico-en-los-estados-unidos\/"]}]},{"@type":"ImageObject","inLanguage":"es","@id":"https:\/\/conversesacatalunya.cat\/es\/voces-afroamericanas-niegan-que-exista-hoy-en-dia-un-racismo-sistemico-en-los-estados-unidos\/#primaryimage","url":"https:\/\/conversesacatalunya.cat\/wp-content\/uploads\/2020\/06\/1776.png","contentUrl":"https:\/\/conversesacatalunya.cat\/wp-content\/uploads\/2020\/06\/1776.png","width":1200,"height":800},{"@type":"BreadcrumbList","@id":"https:\/\/conversesacatalunya.cat\/es\/voces-afroamericanas-niegan-que-exista-hoy-en-dia-un-racismo-sistemico-en-los-estados-unidos\/#breadcrumb","itemListElement":[{"@type":"ListItem","position":1,"name":"Inici","item":"https:\/\/conversesacatalunya.cat\/es\/"},{"@type":"ListItem","position":2,"name":"Voces afroamericanas niegan que exista hoy en d\u00eda un \u00abracismo sist\u00e9mico\u00bb en los Estados Unidos"}]},{"@type":"WebSite","@id":"https:\/\/conversesacatalunya.cat\/#website","url":"https:\/\/conversesacatalunya.cat\/","name":"Converses a Catalunya","description":"","potentialAction":[{"@type":"SearchAction","target":{"@type":"EntryPoint","urlTemplate":"https:\/\/conversesacatalunya.cat\/?s={search_term_string}"},"query-input":{"@type":"PropertyValueSpecification","valueRequired":true,"valueName":"search_term_string"}}],"inLanguage":"es"},{"@type":"Person","@id":"https:\/\/conversesacatalunya.cat\/#\/schema\/person\/c5a8ffe796b1512764aeb6d6d6fa0fc7","name":"conversesacatalunya","image":{"@type":"ImageObject","inLanguage":"es","@id":"https:\/\/conversesacatalunya.cat\/#\/schema\/person\/image\/","url":"https:\/\/conversesacatalunya.cat\/wp-content\/litespeed\/avatar\/02659ee938034c59a151ae106ade943e.jpg?ver=1777051754","contentUrl":"https:\/\/conversesacatalunya.cat\/wp-content\/litespeed\/avatar\/02659ee938034c59a151ae106ade943e.jpg?ver=1777051754","caption":"conversesacatalunya"},"url":"https:\/\/conversesacatalunya.cat\/es\/author\/carles_lopez\/"}]}},"wps_subtitle":"Ante la oleada de emoci\u00f3n causada por la muerte de George Floyd por un polic\u00eda, hay voces de la comunidad afroamericana que apelan a la calma y la raz\u00f3n, y niegan que los Estados Unidos tenga un problema de racismo \"sist\u00e9mico\"","_links":{"self":[{"href":"https:\/\/conversesacatalunya.cat\/es\/wp-json\/wp\/v2\/posts\/37046","targetHints":{"allow":["GET"]}}],"collection":[{"href":"https:\/\/conversesacatalunya.cat\/es\/wp-json\/wp\/v2\/posts"}],"about":[{"href":"https:\/\/conversesacatalunya.cat\/es\/wp-json\/wp\/v2\/types\/post"}],"author":[{"embeddable":true,"href":"https:\/\/conversesacatalunya.cat\/es\/wp-json\/wp\/v2\/users\/67"}],"replies":[{"embeddable":true,"href":"https:\/\/conversesacatalunya.cat\/es\/wp-json\/wp\/v2\/comments?post=37046"}],"version-history":[{"count":2,"href":"https:\/\/conversesacatalunya.cat\/es\/wp-json\/wp\/v2\/posts\/37046\/revisions"}],"predecessor-version":[{"id":37047,"href":"https:\/\/conversesacatalunya.cat\/es\/wp-json\/wp\/v2\/posts\/37046\/revisions\/37047"}],"wp:featuredmedia":[{"embeddable":true,"href":"https:\/\/conversesacatalunya.cat\/es\/wp-json\/wp\/v2\/media\/36984"}],"wp:attachment":[{"href":"https:\/\/conversesacatalunya.cat\/es\/wp-json\/wp\/v2\/media?parent=37046"}],"wp:term":[{"taxonomy":"category","embeddable":true,"href":"https:\/\/conversesacatalunya.cat\/es\/wp-json\/wp\/v2\/categories?post=37046"},{"taxonomy":"post_tag","embeddable":true,"href":"https:\/\/conversesacatalunya.cat\/es\/wp-json\/wp\/v2\/tags?post=37046"}],"curies":[{"name":"wp","href":"https:\/\/api.w.org\/{rel}","templated":true}]}}