{"id":36954,"date":"2020-06-05T06:00:00","date_gmt":"2020-06-05T04:00:00","guid":{"rendered":"https:\/\/conversesacatalunya.cat\/el-bce-redobla-la-seva-ajuda-contra-la-crisi\/"},"modified":"2020-06-05T11:24:50","modified_gmt":"2020-06-05T09:24:50","slug":"el-bce-redobla-la-seva-ajuda-contra-la-crisi","status":"publish","type":"post","link":"https:\/\/conversesacatalunya.cat\/es\/el-bce-redobla-la-seva-ajuda-contra-la-crisi\/","title":{"rendered":"El BCE redobla su ayuda contra la crisis"},"content":{"rendered":"<p>El Banco Central Europeo (BCE) ha ampliado el programa de compras de activos en 600.000 millones de euros. Llega as\u00ed a los 1,35 billones y lo extiende hasta, al menos, junio de 2021.<strong> Para pa\u00edses como Espa\u00f1a e Italia esto son buenas noticias<\/strong>, puesto que les ayudar\u00e1 hacer frente a los elevados gastos que han generado la urgencia sanitaria y la reactivaci\u00f3n econ\u00f3mica.<\/p>\n<p>Adem\u00e1s, el organismo ha aprobado extender las compras de dicho programa hasta junio de 2021, como m\u00ednimo, o hasta que acabe la crisis por el Covid-19, en lugar de finales de este a\u00f1o como tambi\u00e9n pronostic\u00f3 en su creaci\u00f3n. En la lucha contra la crisis del coronavirus, las medidas billonarias del BCE se combinar\u00e1n con el plan de reconstrucci\u00f3n de la Comisi\u00f3n Europea pendiente de aprobar por los miembros de la UE. El mismo est\u00e1 dotado de 750.000 millones, con 500.000 millones en transferencias directas y otros 250.000 millones en cr\u00e9ditos.<\/p>\n<p>La entidad quiere asegurarse as\u00ed de que la recuperaci\u00f3n se activar\u00e1 en la segunda mitad del a\u00f1o, despu\u00e9s de haber registrado<strong> \u00abuna contracci\u00f3n sin precedentes\u00bb<\/strong> de la econom\u00eda en el segundo trimestre de 2020. \u00abSi bien los indicadores en tiempo real han mostrado algunos signos de tocar fondo, la mejora hasta ahora ha sido tibia en comparaci\u00f3n con la velocidad a la que los indicadores se desplomaron en los dos meses anteriores\u00bb, ha dicho Lagarde durante la rueda de prensa posterior a al reuni\u00f3n del Consejo de Gobierno.<\/p>\n<p>Este escenario les ha llevado a empeorar ligeramente los pron\u00f3sticos para la econom\u00eda de la zona euro este a\u00f1o, donde prev\u00e9n una ca\u00edda del 8,7% en 2020, para volver a crecer hasta un 5,2% en 2021 y un 3,3% en 2022. Dicho de otra forma, no habr\u00e1 &#8216;V&#8217; en la recuperaci\u00f3n europea.<\/p>\n<p>En el caso de la inflaci\u00f3n, el deterioro de la econom\u00eda y la ca\u00edda de la demanda y de los precios de la energ\u00eda<strong> han llevado al banco central a revisar a la baja sus estimaciones<\/strong>, hasta el 0,3% en 2020 y el 0,8% en 2021, mientras que para 2022 prev\u00e9 que los precios subir\u00e1n un 1,3%.<\/p>\n<p>Los tipos de inter\u00e9s, otra de las herramientas para espolear el flujo de dinero con las que cuenta el BCE, se mantienen sin variaci\u00f3n. La referencia general se mantiene en el m\u00ednimo hist\u00f3rico del 0%, la facilidad de dep\u00f3sito en el -0,5%. Y as\u00ed seguir\u00e1n hasta que la inflaci\u00f3n remonte hasta niveles cercanos pero inferiores al 2%, algo muy dif\u00edcil en el corto plazo tras el 0,1% de mayo. Hasta 2022 no superar\u00e1 el 1%, seg\u00fan las cifras actualizadas hoy por el BCE.<\/p>\n<span class='bctt-click-to-tweet'><span class='bctt-ctt-text'><a href='https:\/\/twitter.com\/intent\/tweet?url=https%3A%2F%2Fconversesacatalunya.cat%2Fes%2Fel-bce-redobla-la-seva-ajuda-contra-la-crisi%2F&#038;text=Para%20pa%C3%ADses%20como%20Espa%C3%B1a%20e%20Italia%20esto%20son%20buenas%20noticias%2C%20puesto%20que%20les%20ayudar%C3%A1%20hacer%20frente%20a%20los%20elevados%20gastos%20que%20han%20generado%20la%20urgencia%20sanitaria%20y%20la%20reactivaci%C3%B3n%20econ%C3%B3mica.&#038;via=conversesacat&#038;related=conversesacat' target='_blank'rel=\"noopener noreferrer\">Para pa\u00edses como Espa\u00f1a e Italia esto son buenas noticias, puesto que les ayudar\u00e1 hacer frente a los elevados gastos que han generado la urgencia sanitaria y la reactivaci\u00f3n econ\u00f3mica. <\/a><\/span><a href='https:\/\/twitter.com\/intent\/tweet?url=https%3A%2F%2Fconversesacatalunya.cat%2Fes%2Fel-bce-redobla-la-seva-ajuda-contra-la-crisi%2F&#038;text=Para%20pa%C3%ADses%20como%20Espa%C3%B1a%20e%20Italia%20esto%20son%20buenas%20noticias%2C%20puesto%20que%20les%20ayudar%C3%A1%20hacer%20frente%20a%20los%20elevados%20gastos%20que%20han%20generado%20la%20urgencia%20sanitaria%20y%20la%20reactivaci%C3%B3n%20econ%C3%B3mica.&#038;via=conversesacat&#038;related=conversesacat' target='_blank' class='bctt-ctt-btn'rel=\"noopener noreferrer\">Compartir en X<\/a><\/span>\n","protected":false},"excerpt":{"rendered":"<p>El Banco Central Europeo (BCE) ha ampliado el programa de compras de activos en 600.000 millones de euros. Llega as\u00ed a los 1,35 billones y lo extiende hasta, al menos, junio de 2021. Para pa\u00edses como Espa\u00f1a e Italia esto son buenas noticias, puesto que les ayudar\u00e1 hacer frente a los elevados gastos que han generado la urgencia sanitaria y la reactivaci\u00f3n econ\u00f3mica. Adem\u00e1s, el organismo ha aprobado extender las compras de dicho programa hasta junio de 2021, como m\u00ednimo, o hasta que acabe la crisis por el Covid-19, en lugar de finales de este a\u00f1o como tambi\u00e9n pronostic\u00f3 en su creaci\u00f3n. En la lucha contra la crisis del coronavirus, las medidas billonarias del BCE se combinar\u00e1n con el plan de reconstrucci\u00f3n de la Comisi\u00f3n Europea pendiente de aprobar por los miembros de la UE. El mismo est\u00e1 dotado de 750.000 millones, con 500.000 millones en transferencias directas y otros 250.000 millones en cr\u00e9ditos. La entidad quiere asegurarse as\u00ed de que la recuperaci\u00f3n se activar\u00e1 en la segunda mitad del a\u00f1o, despu\u00e9s de haber registrado \u00abuna contracci\u00f3n sin precedentes\u00bb de la econom\u00eda en el segundo trimestre de 2020. \u00abSi bien los indicadores en tiempo real han mostrado algunos signos de tocar fondo, la mejora hasta ahora ha sido tibia en comparaci\u00f3n con la velocidad a la que los indicadores se desplomaron en los dos meses anteriores\u00bb, ha dicho Lagarde durante la rueda de prensa posterior a al reuni\u00f3n del Consejo de Gobierno. Este escenario les ha llevado a empeorar ligeramente los pron\u00f3sticos para la econom\u00eda de la zona euro este a\u00f1o, donde prev\u00e9n una ca\u00edda del 8,7% en 2020, para volver a crecer hasta un 5,2% en 2021 y un 3,3% en 2022. Dicho de otra forma, no habr\u00e1 &#8216;V&#8217; en la recuperaci\u00f3n europea. En el caso de la inflaci\u00f3n, el deterioro de la econom\u00eda y la ca\u00edda de la demanda y de los precios de la energ\u00eda han llevado al banco central a revisar a la baja sus estimaciones, hasta el 0,3% en 2020 y el 0,8% en 2021, mientras que para 2022 prev\u00e9 que los precios subir\u00e1n un 1,3%. Los tipos de inter\u00e9s, otra de las herramientas para espolear el flujo de dinero con las que cuenta el BCE, se mantienen sin variaci\u00f3n. La referencia general se mantiene en el m\u00ednimo hist\u00f3rico del 0%, la facilidad de dep\u00f3sito en el -0,5%. Y as\u00ed seguir\u00e1n hasta que la inflaci\u00f3n remonte hasta niveles cercanos pero inferiores al 2%, algo muy dif\u00edcil en el corto plazo tras el 0,1% de mayo. Hasta 2022 no superar\u00e1 el 1%, seg\u00fan las cifras actualizadas hoy por el BCE.<\/p>\n","protected":false},"author":20,"featured_media":36950,"comment_status":"open","ping_status":"open","sticky":false,"template":"","format":"standard","meta":{"_FSMCFIC_featured_image_caption":"","_FSMCFIC_featured_image_nocaption":"","_FSMCFIC_featured_image_hide":"","footnotes":""},"categories":[1772,806],"tags":[1480,831,1481],"class_list":["post-36954","post","type-post","status-publish","format-standard","has-post-thumbnail","hentry","category-especial-coronavirus-es","category-punts-claus-del-dia-es","tag-bce-es","tag-economia-es","tag-lagarde-es"],"yoast_head":"<!-- This site is optimized with the Yoast SEO plugin v26.8 - https:\/\/yoast.com\/product\/yoast-seo-wordpress\/ -->\n<title>El BCE redobla su ayuda contra la crisis - Converses a Catalunya<\/title>\n<meta name=\"description\" content=\"Ante la crisis econ\u00f3mica, el Banco Central Europeo (BCE) ha decidido incrementar su ayuda aumentando el programa de compras de activos\" \/>\n<meta name=\"robots\" content=\"noindex, nofollow\" \/>\n<meta property=\"og:locale\" content=\"es_ES\" \/>\n<meta property=\"og:type\" content=\"article\" \/>\n<meta property=\"og:title\" content=\"El BCE redobla su ayuda contra la crisis - Converses a Catalunya\" \/>\n<meta property=\"og:description\" content=\"Ante la crisis econ\u00f3mica, el Banco Central Europeo (BCE) ha decidido incrementar su ayuda aumentando el programa de compras de activos\" \/>\n<meta property=\"og:url\" content=\"https:\/\/conversesacatalunya.cat\/es\/el-bce-redobla-la-seva-ajuda-contra-la-crisi\/\" \/>\n<meta property=\"og:site_name\" content=\"Converses a Catalunya\" \/>\n<meta property=\"article:published_time\" content=\"2020-06-05T04:00:00+00:00\" \/>\n<meta property=\"article:modified_time\" content=\"2020-06-05T09:24:50+00:00\" \/>\n<meta property=\"og:image\" content=\"https:\/\/conversesacatalunya.cat\/wp-content\/uploads\/2020\/06\/Capture-2.png\" \/>\n\t<meta property=\"og:image:width\" content=\"770\" \/>\n\t<meta property=\"og:image:height\" content=\"511\" \/>\n\t<meta property=\"og:image:type\" content=\"image\/png\" \/>\n<meta name=\"author\" content=\"conversesacatalunya\" \/>\n<meta name=\"twitter:card\" content=\"summary_large_image\" \/>\n<meta name=\"twitter:label1\" content=\"Escrito por\" \/>\n\t<meta name=\"twitter:data1\" content=\"conversesacatalunya\" \/>\n\t<meta name=\"twitter:label2\" content=\"Tiempo de lectura\" \/>\n\t<meta name=\"twitter:data2\" content=\"2 minutos\" \/>\n<script type=\"application\/ld+json\" class=\"yoast-schema-graph\">{\"@context\":\"https:\/\/schema.org\",\"@graph\":[{\"@type\":\"Article\",\"@id\":\"https:\/\/conversesacatalunya.cat\/es\/el-bce-redobla-la-seva-ajuda-contra-la-crisi\/#article\",\"isPartOf\":{\"@id\":\"https:\/\/conversesacatalunya.cat\/es\/el-bce-redobla-la-seva-ajuda-contra-la-crisi\/\"},\"author\":{\"name\":\"conversesacatalunya\",\"@id\":\"https:\/\/conversesacatalunya.cat\/#\/schema\/person\/a7a9496a363cd9847daf7cd659d92e64\"},\"headline\":\"El BCE redobla su ayuda contra la crisis\",\"datePublished\":\"2020-06-05T04:00:00+00:00\",\"dateModified\":\"2020-06-05T09:24:50+00:00\",\"mainEntityOfPage\":{\"@id\":\"https:\/\/conversesacatalunya.cat\/es\/el-bce-redobla-la-seva-ajuda-contra-la-crisi\/\"},\"wordCount\":495,\"commentCount\":0,\"image\":{\"@id\":\"https:\/\/conversesacatalunya.cat\/es\/el-bce-redobla-la-seva-ajuda-contra-la-crisi\/#primaryimage\"},\"thumbnailUrl\":\"https:\/\/conversesacatalunya.cat\/wp-content\/uploads\/2020\/06\/Capture-2.png\",\"keywords\":[\"BCE\",\"Economia\",\"Lagarde\"],\"articleSection\":[\"Especial Coronavirus (ES)\",\"Punts clau del dia (ES)\"],\"inLanguage\":\"es\",\"potentialAction\":[{\"@type\":\"CommentAction\",\"name\":\"Comment\",\"target\":[\"https:\/\/conversesacatalunya.cat\/es\/el-bce-redobla-la-seva-ajuda-contra-la-crisi\/#respond\"]}]},{\"@type\":\"WebPage\",\"@id\":\"https:\/\/conversesacatalunya.cat\/es\/el-bce-redobla-la-seva-ajuda-contra-la-crisi\/\",\"url\":\"https:\/\/conversesacatalunya.cat\/es\/el-bce-redobla-la-seva-ajuda-contra-la-crisi\/\",\"name\":\"El BCE redobla su ayuda contra la crisis - Converses a Catalunya\",\"isPartOf\":{\"@id\":\"https:\/\/conversesacatalunya.cat\/#website\"},\"primaryImageOfPage\":{\"@id\":\"https:\/\/conversesacatalunya.cat\/es\/el-bce-redobla-la-seva-ajuda-contra-la-crisi\/#primaryimage\"},\"image\":{\"@id\":\"https:\/\/conversesacatalunya.cat\/es\/el-bce-redobla-la-seva-ajuda-contra-la-crisi\/#primaryimage\"},\"thumbnailUrl\":\"https:\/\/conversesacatalunya.cat\/wp-content\/uploads\/2020\/06\/Capture-2.png\",\"datePublished\":\"2020-06-05T04:00:00+00:00\",\"dateModified\":\"2020-06-05T09:24:50+00:00\",\"author\":{\"@id\":\"https:\/\/conversesacatalunya.cat\/#\/schema\/person\/a7a9496a363cd9847daf7cd659d92e64\"},\"description\":\"Ante la crisis econ\u00f3mica, el Banco Central Europeo (BCE) ha decidido incrementar su ayuda aumentando el programa de compras de activos\",\"breadcrumb\":{\"@id\":\"https:\/\/conversesacatalunya.cat\/es\/el-bce-redobla-la-seva-ajuda-contra-la-crisi\/#breadcrumb\"},\"inLanguage\":\"es\",\"potentialAction\":[{\"@type\":\"ReadAction\",\"target\":[\"https:\/\/conversesacatalunya.cat\/es\/el-bce-redobla-la-seva-ajuda-contra-la-crisi\/\"]}]},{\"@type\":\"ImageObject\",\"inLanguage\":\"es\",\"@id\":\"https:\/\/conversesacatalunya.cat\/es\/el-bce-redobla-la-seva-ajuda-contra-la-crisi\/#primaryimage\",\"url\":\"https:\/\/conversesacatalunya.cat\/wp-content\/uploads\/2020\/06\/Capture-2.png\",\"contentUrl\":\"https:\/\/conversesacatalunya.cat\/wp-content\/uploads\/2020\/06\/Capture-2.png\",\"width\":770,\"height\":511,\"caption\":\"BCE\"},{\"@type\":\"BreadcrumbList\",\"@id\":\"https:\/\/conversesacatalunya.cat\/es\/el-bce-redobla-la-seva-ajuda-contra-la-crisi\/#breadcrumb\",\"itemListElement\":[{\"@type\":\"ListItem\",\"position\":1,\"name\":\"Inici\",\"item\":\"https:\/\/conversesacatalunya.cat\/es\/\"},{\"@type\":\"ListItem\",\"position\":2,\"name\":\"El BCE redobla su ayuda contra la crisis\"}]},{\"@type\":\"WebSite\",\"@id\":\"https:\/\/conversesacatalunya.cat\/#website\",\"url\":\"https:\/\/conversesacatalunya.cat\/\",\"name\":\"Converses a Catalunya\",\"description\":\"\",\"potentialAction\":[{\"@type\":\"SearchAction\",\"target\":{\"@type\":\"EntryPoint\",\"urlTemplate\":\"https:\/\/conversesacatalunya.cat\/?s={search_term_string}\"},\"query-input\":{\"@type\":\"PropertyValueSpecification\",\"valueRequired\":true,\"valueName\":\"search_term_string\"}}],\"inLanguage\":\"es\"},{\"@type\":\"Person\",\"@id\":\"https:\/\/conversesacatalunya.cat\/#\/schema\/person\/a7a9496a363cd9847daf7cd659d92e64\",\"name\":\"conversesacatalunya\",\"image\":{\"@type\":\"ImageObject\",\"inLanguage\":\"es\",\"@id\":\"https:\/\/conversesacatalunya.cat\/#\/schema\/person\/image\/\",\"url\":\"https:\/\/conversesacatalunya.cat\/wp-content\/litespeed\/avatar\/ff91582b44ff9c880dc9c5ac2f5c7e89.jpg?ver=1777372947\",\"contentUrl\":\"https:\/\/conversesacatalunya.cat\/wp-content\/litespeed\/avatar\/ff91582b44ff9c880dc9c5ac2f5c7e89.jpg?ver=1777372947\",\"caption\":\"conversesacatalunya\"},\"url\":\"https:\/\/conversesacatalunya.cat\/es\/author\/francisco_garcia\/\"}]}<\/script>\n<!-- \/ Yoast SEO plugin. -->","yoast_head_json":{"title":"El BCE redobla su ayuda contra la crisis - Converses a Catalunya","description":"Ante la crisis econ\u00f3mica, el Banco Central Europeo (BCE) ha decidido incrementar su ayuda aumentando el programa de compras de activos","robots":{"index":"noindex","follow":"nofollow"},"og_locale":"es_ES","og_type":"article","og_title":"El BCE redobla su ayuda contra la crisis - Converses a Catalunya","og_description":"Ante la crisis econ\u00f3mica, el Banco Central Europeo (BCE) ha decidido incrementar su ayuda aumentando el programa de compras de activos","og_url":"https:\/\/conversesacatalunya.cat\/es\/el-bce-redobla-la-seva-ajuda-contra-la-crisi\/","og_site_name":"Converses a Catalunya","article_published_time":"2020-06-05T04:00:00+00:00","article_modified_time":"2020-06-05T09:24:50+00:00","og_image":[{"width":770,"height":511,"url":"https:\/\/conversesacatalunya.cat\/wp-content\/uploads\/2020\/06\/Capture-2.png","type":"image\/png"}],"author":"conversesacatalunya","twitter_card":"summary_large_image","twitter_misc":{"Escrito por":"conversesacatalunya","Tiempo de lectura":"2 minutos"},"schema":{"@context":"https:\/\/schema.org","@graph":[{"@type":"Article","@id":"https:\/\/conversesacatalunya.cat\/es\/el-bce-redobla-la-seva-ajuda-contra-la-crisi\/#article","isPartOf":{"@id":"https:\/\/conversesacatalunya.cat\/es\/el-bce-redobla-la-seva-ajuda-contra-la-crisi\/"},"author":{"name":"conversesacatalunya","@id":"https:\/\/conversesacatalunya.cat\/#\/schema\/person\/a7a9496a363cd9847daf7cd659d92e64"},"headline":"El BCE redobla su ayuda contra la crisis","datePublished":"2020-06-05T04:00:00+00:00","dateModified":"2020-06-05T09:24:50+00:00","mainEntityOfPage":{"@id":"https:\/\/conversesacatalunya.cat\/es\/el-bce-redobla-la-seva-ajuda-contra-la-crisi\/"},"wordCount":495,"commentCount":0,"image":{"@id":"https:\/\/conversesacatalunya.cat\/es\/el-bce-redobla-la-seva-ajuda-contra-la-crisi\/#primaryimage"},"thumbnailUrl":"https:\/\/conversesacatalunya.cat\/wp-content\/uploads\/2020\/06\/Capture-2.png","keywords":["BCE","Economia","Lagarde"],"articleSection":["Especial Coronavirus (ES)","Punts clau del dia (ES)"],"inLanguage":"es","potentialAction":[{"@type":"CommentAction","name":"Comment","target":["https:\/\/conversesacatalunya.cat\/es\/el-bce-redobla-la-seva-ajuda-contra-la-crisi\/#respond"]}]},{"@type":"WebPage","@id":"https:\/\/conversesacatalunya.cat\/es\/el-bce-redobla-la-seva-ajuda-contra-la-crisi\/","url":"https:\/\/conversesacatalunya.cat\/es\/el-bce-redobla-la-seva-ajuda-contra-la-crisi\/","name":"El BCE redobla su ayuda contra la crisis - Converses a Catalunya","isPartOf":{"@id":"https:\/\/conversesacatalunya.cat\/#website"},"primaryImageOfPage":{"@id":"https:\/\/conversesacatalunya.cat\/es\/el-bce-redobla-la-seva-ajuda-contra-la-crisi\/#primaryimage"},"image":{"@id":"https:\/\/conversesacatalunya.cat\/es\/el-bce-redobla-la-seva-ajuda-contra-la-crisi\/#primaryimage"},"thumbnailUrl":"https:\/\/conversesacatalunya.cat\/wp-content\/uploads\/2020\/06\/Capture-2.png","datePublished":"2020-06-05T04:00:00+00:00","dateModified":"2020-06-05T09:24:50+00:00","author":{"@id":"https:\/\/conversesacatalunya.cat\/#\/schema\/person\/a7a9496a363cd9847daf7cd659d92e64"},"description":"Ante la crisis econ\u00f3mica, el Banco Central Europeo (BCE) ha decidido incrementar su ayuda aumentando el programa de compras de activos","breadcrumb":{"@id":"https:\/\/conversesacatalunya.cat\/es\/el-bce-redobla-la-seva-ajuda-contra-la-crisi\/#breadcrumb"},"inLanguage":"es","potentialAction":[{"@type":"ReadAction","target":["https:\/\/conversesacatalunya.cat\/es\/el-bce-redobla-la-seva-ajuda-contra-la-crisi\/"]}]},{"@type":"ImageObject","inLanguage":"es","@id":"https:\/\/conversesacatalunya.cat\/es\/el-bce-redobla-la-seva-ajuda-contra-la-crisi\/#primaryimage","url":"https:\/\/conversesacatalunya.cat\/wp-content\/uploads\/2020\/06\/Capture-2.png","contentUrl":"https:\/\/conversesacatalunya.cat\/wp-content\/uploads\/2020\/06\/Capture-2.png","width":770,"height":511,"caption":"BCE"},{"@type":"BreadcrumbList","@id":"https:\/\/conversesacatalunya.cat\/es\/el-bce-redobla-la-seva-ajuda-contra-la-crisi\/#breadcrumb","itemListElement":[{"@type":"ListItem","position":1,"name":"Inici","item":"https:\/\/conversesacatalunya.cat\/es\/"},{"@type":"ListItem","position":2,"name":"El BCE redobla su ayuda contra la crisis"}]},{"@type":"WebSite","@id":"https:\/\/conversesacatalunya.cat\/#website","url":"https:\/\/conversesacatalunya.cat\/","name":"Converses a Catalunya","description":"","potentialAction":[{"@type":"SearchAction","target":{"@type":"EntryPoint","urlTemplate":"https:\/\/conversesacatalunya.cat\/?s={search_term_string}"},"query-input":{"@type":"PropertyValueSpecification","valueRequired":true,"valueName":"search_term_string"}}],"inLanguage":"es"},{"@type":"Person","@id":"https:\/\/conversesacatalunya.cat\/#\/schema\/person\/a7a9496a363cd9847daf7cd659d92e64","name":"conversesacatalunya","image":{"@type":"ImageObject","inLanguage":"es","@id":"https:\/\/conversesacatalunya.cat\/#\/schema\/person\/image\/","url":"https:\/\/conversesacatalunya.cat\/wp-content\/litespeed\/avatar\/ff91582b44ff9c880dc9c5ac2f5c7e89.jpg?ver=1777372947","contentUrl":"https:\/\/conversesacatalunya.cat\/wp-content\/litespeed\/avatar\/ff91582b44ff9c880dc9c5ac2f5c7e89.jpg?ver=1777372947","caption":"conversesacatalunya"},"url":"https:\/\/conversesacatalunya.cat\/es\/author\/francisco_garcia\/"}]}},"wps_subtitle":"Ante la crisis econ\u00f3mica, el Banco Central Europeo (BCE) ha decidido incrementar su ayuda aumentando el programa de compras de activos en 600.000 millones de euros","_links":{"self":[{"href":"https:\/\/conversesacatalunya.cat\/es\/wp-json\/wp\/v2\/posts\/36954","targetHints":{"allow":["GET"]}}],"collection":[{"href":"https:\/\/conversesacatalunya.cat\/es\/wp-json\/wp\/v2\/posts"}],"about":[{"href":"https:\/\/conversesacatalunya.cat\/es\/wp-json\/wp\/v2\/types\/post"}],"author":[{"embeddable":true,"href":"https:\/\/conversesacatalunya.cat\/es\/wp-json\/wp\/v2\/users\/20"}],"replies":[{"embeddable":true,"href":"https:\/\/conversesacatalunya.cat\/es\/wp-json\/wp\/v2\/comments?post=36954"}],"version-history":[{"count":2,"href":"https:\/\/conversesacatalunya.cat\/es\/wp-json\/wp\/v2\/posts\/36954\/revisions"}],"predecessor-version":[{"id":36956,"href":"https:\/\/conversesacatalunya.cat\/es\/wp-json\/wp\/v2\/posts\/36954\/revisions\/36956"}],"wp:featuredmedia":[{"embeddable":true,"href":"https:\/\/conversesacatalunya.cat\/es\/wp-json\/wp\/v2\/media\/36950"}],"wp:attachment":[{"href":"https:\/\/conversesacatalunya.cat\/es\/wp-json\/wp\/v2\/media?parent=36954"}],"wp:term":[{"taxonomy":"category","embeddable":true,"href":"https:\/\/conversesacatalunya.cat\/es\/wp-json\/wp\/v2\/categories?post=36954"},{"taxonomy":"post_tag","embeddable":true,"href":"https:\/\/conversesacatalunya.cat\/es\/wp-json\/wp\/v2\/tags?post=36954"}],"curies":[{"name":"wp","href":"https:\/\/api.w.org\/{rel}","templated":true}]}}