{"id":36940,"date":"2020-06-04T13:40:29","date_gmt":"2020-06-04T11:40:29","guid":{"rendered":"https:\/\/conversesacatalunya.cat\/un-pas-mes-en-el-partidisme-politic-el-cas-de-la-comissio-nacional-dels-mercats-i-la-competencia-cnmc\/"},"modified":"2020-06-04T16:20:52","modified_gmt":"2020-06-04T14:20:52","slug":"un-paso-mas-en-el-partidismo-politico-el-caso-de-la-comision-nacional-de-los-mercados-y-la-competencia-cnmc","status":"publish","type":"post","link":"https:\/\/conversesacatalunya.cat\/es\/un-paso-mas-en-el-partidismo-politico-el-caso-de-la-comision-nacional-de-los-mercados-y-la-competencia-cnmc\/","title":{"rendered":"Un paso m\u00e1s en el partidismo pol\u00edtico. El caso de la Comisi\u00f3n Nacional de los Mercados y la Competencia (CNMC)"},"content":{"rendered":"<p>El presidente S\u00e1nchez habla, y no se cansa, de la necesidad del pacto y del di\u00e1logo para salir de la dif\u00edcil situaci\u00f3n generada por la crisis de la pandemia, pero a la hora de la verdad contin\u00faa practicando el m\u00e1s estricto partidismo precrisis.<\/p>\n<p>Lo hizo colocando al frente del <strong>CIS a un miembro del aparato socialista, Jos\u00e9 F\u00e9lix Tezanos<\/strong>, con el resultado de que esta instituci\u00f3n que s\u00f3lo sirve si goza de la confianza de todos, est\u00e1 situada en el coraz\u00f3n del conflicto por las pr\u00e1cticas m\u00e1s bien oscuras que ha impreso el nuevo responsable, que act\u00faa m\u00e1s como un dirigente pol\u00edtico que como t\u00e9cnico. Lo repiti\u00f3 en otra y a\u00fan m\u00e1s importante instituci\u00f3n como es la Fiscal\u00eda del Estado, colocando al frente de esta a la exministra Dolores Delgado, que sali\u00f3 de una puerta del ministerio para entrar por la otra a la Fiscal\u00eda. Fue un gesto excesivo. Nadie puede pensar que una enconada dirigente socialista deje de actuar como tal con 24 horas simplemente porque se cambia el sombrero.<\/p>\n<p><strong>Y ahora se ha producido en un \u00f3rgano tan importante como la CNMC<\/strong>, la autoridad te\u00f3ricamente independiente encargada de velar por el buen funcionamiento de los mercados y la competencia. La persona nombrada, <strong>la abogada Cani Fern\u00e1ndez, ocupaba hasta ahora un lugar en el gabinete de la presidencia del gobierno de la Moncloa<\/strong>, dirigido por el maquiav\u00e9lico gur\u00fa Iv\u00e1n Redondo. En otras palabras, ha pasado de ser una <em>aparatichi<\/em> de S\u00e1nchez a la persona que debe velar por la neutralidad del funcionamiento de los mercados. \u00bfQu\u00e9 credibilidad puede tener con estos antecedentes? \u00bfQui\u00e9n le puede prejuzgar independencia pol\u00edtica?<\/p>\n<p>Por si fuera poco, en su <span style=\"display: inline !important; float: none; background-color: #ffffff; color: #333333; cursor: text; font-family: -apple-system,BlinkMacSystemFont,'Segoe UI',Roboto,Oxygen-Sans,Ubuntu,Cantarell,'Helvetica Neue',sans-serif; font-size: 16px; font-style: normal; font-variant: normal; font-weight: 400; letter-spacing: normal; orphans: 2; text-align: left; text-decoration: none; text-indent: 0px; text-transform: none; -webkit-text-stroke-width: 0px; white-space: normal; word-spacing: 0px;\">anterior<\/span> etapa profesional en el despacho jur\u00eddico Cuatrecasas, Fern\u00e1ndez se hart\u00f3 de actuar en defensa de los intereses (leg\u00edtimos, pero intereses) de grandes empresas. El \u00faltimo y m\u00e1s sonado ha sido el de la <strong>defensa de Uber<\/strong>. Tampoco es una buena carta de presentaci\u00f3n.<\/p>\n<p>Finalmente, los nuevos cuatro vocales que deben sustituir a aquellos cuyo mandato ha expirado. S\u00e1nchez ha continuado manifestando un absoluto partidismo, situando a dos personas cercanas al gobierno y <strong>las otras dos a un representante de ERC y a otro de UP<\/strong>. Con estos nombramientos liquida la tradicional presencia de alg\u00fan representante del primer partido de la oposici\u00f3n, el PP en este caso.<\/p>\n<p>Ser\u00eda bueno que el presidente del gobierno no hiciera tantos discursos llamando al dialogo, y lo practicara y buscara un mayor equilibrio pol\u00edtico en sus decisiones.<\/p>\n","protected":false},"excerpt":{"rendered":"<p>El presidente S\u00e1nchez habla, y no se cansa, de la necesidad del pacto y del di\u00e1logo para salir de la dif\u00edcil situaci\u00f3n generada por la crisis de la pandemia, pero a la hora de la verdad contin\u00faa practicando el m\u00e1s estricto partidismo precrisis. Lo hizo colocando al frente del CIS a un miembro del aparato socialista, Jos\u00e9 F\u00e9lix Tezanos, con el resultado de que esta instituci\u00f3n que s\u00f3lo sirve si goza de la confianza de todos, est\u00e1 situada en el coraz\u00f3n del conflicto por las pr\u00e1cticas m\u00e1s bien oscuras que ha impreso el nuevo responsable, que act\u00faa m\u00e1s como un dirigente pol\u00edtico que como t\u00e9cnico. Lo repiti\u00f3 en otra y a\u00fan m\u00e1s importante instituci\u00f3n como es la Fiscal\u00eda del Estado, colocando al frente de esta a la exministra Dolores Delgado, que sali\u00f3 de una puerta del ministerio para entrar por la otra a la Fiscal\u00eda. Fue un gesto excesivo. Nadie puede pensar que una enconada dirigente socialista deje de actuar como tal con 24 horas simplemente porque se cambia el sombrero. Y ahora se ha producido en un \u00f3rgano tan importante como la CNMC, la autoridad te\u00f3ricamente independiente encargada de velar por el buen funcionamiento de los mercados y la competencia. La persona nombrada, la abogada Cani Fern\u00e1ndez, ocupaba hasta ahora un lugar en el gabinete de la presidencia del gobierno de la Moncloa, dirigido por el maquiav\u00e9lico gur\u00fa Iv\u00e1n Redondo. En otras palabras, ha pasado de ser una aparatichi de S\u00e1nchez a la persona que debe velar por la neutralidad del funcionamiento de los mercados. \u00bfQu\u00e9 credibilidad puede tener con estos antecedentes? \u00bfQui\u00e9n le puede prejuzgar independencia pol\u00edtica? Por si fuera poco, en su anterior etapa profesional en el despacho jur\u00eddico Cuatrecasas, Fern\u00e1ndez se hart\u00f3 de actuar en defensa de los intereses (leg\u00edtimos, pero intereses) de grandes empresas. El \u00faltimo y m\u00e1s sonado ha sido el de la defensa de Uber. Tampoco es una buena carta de presentaci\u00f3n. Finalmente, los nuevos cuatro vocales que deben sustituir a aquellos cuyo mandato ha expirado. S\u00e1nchez ha continuado manifestando un absoluto partidismo, situando a dos personas cercanas al gobierno y las otras dos a un representante de ERC y a otro de UP. Con estos nombramientos liquida la tradicional presencia de alg\u00fan representante del primer partido de la oposici\u00f3n, el PP en este caso. Ser\u00eda bueno que el presidente del gobierno no hiciera tantos discursos llamando al dialogo, y lo practicara y buscara un mayor equilibrio pol\u00edtico en sus decisiones.<\/p>\n","protected":false},"author":2,"featured_media":36933,"comment_status":"open","ping_status":"open","sticky":false,"template":"","format":"standard","meta":{"_FSMCFIC_featured_image_caption":"","_FSMCFIC_featured_image_nocaption":"","_FSMCFIC_featured_image_hide":"","footnotes":""},"categories":[806],"tags":[1150,1157],"class_list":["post-36940","post","type-post","status-publish","format-standard","has-post-thumbnail","hentry","category-punts-claus-del-dia-es","tag-cis-es","tag-pedro-sanchez-es"],"yoast_head":"<!-- This site is optimized with the Yoast SEO plugin v26.8 - https:\/\/yoast.com\/product\/yoast-seo-wordpress\/ -->\n<title>Un paso m\u00e1s en el partidismo pol\u00edtico. El caso de la Comisi\u00f3n Nacional de los Mercados y la Competencia (CNMC) - Converses a Catalunya<\/title>\n<meta name=\"robots\" content=\"index, follow, max-snippet:-1, max-image-preview:large, max-video-preview:-1\" \/>\n<link rel=\"canonical\" href=\"https:\/\/conversesacatalunya.cat\/es\/un-paso-mas-en-el-partidismo-politico-el-caso-de-la-comision-nacional-de-los-mercados-y-la-competencia-cnmc\/\" \/>\n<meta property=\"og:locale\" content=\"es_ES\" \/>\n<meta property=\"og:type\" content=\"article\" \/>\n<meta property=\"og:title\" content=\"Un paso m\u00e1s en el partidismo pol\u00edtico. El caso de la Comisi\u00f3n Nacional de los Mercados y la Competencia (CNMC) - Converses a Catalunya\" \/>\n<meta property=\"og:description\" content=\"El presidente S\u00e1nchez habla, y no se cansa, de la necesidad del pacto y del di\u00e1logo para salir de la dif\u00edcil situaci\u00f3n generada por la crisis de la pandemia, pero a la hora de la verdad contin\u00faa practicando el m\u00e1s estricto partidismo precrisis. Lo hizo colocando al frente del CIS a un miembro del aparato socialista, Jos\u00e9 F\u00e9lix Tezanos, con el resultado de que esta instituci\u00f3n que s\u00f3lo sirve si goza de la confianza de todos, est\u00e1 situada en el coraz\u00f3n del conflicto por las pr\u00e1cticas m\u00e1s bien oscuras que ha impreso el nuevo responsable, que act\u00faa m\u00e1s como un dirigente pol\u00edtico que como t\u00e9cnico. Lo repiti\u00f3 en otra y a\u00fan m\u00e1s importante instituci\u00f3n como es la Fiscal\u00eda del Estado, colocando al frente de esta a la exministra Dolores Delgado, que sali\u00f3 de una puerta del ministerio para entrar por la otra a la Fiscal\u00eda. Fue un gesto excesivo. Nadie puede pensar que una enconada dirigente socialista deje de actuar como tal con 24 horas simplemente porque se cambia el sombrero. Y ahora se ha producido en un \u00f3rgano tan importante como la CNMC, la autoridad te\u00f3ricamente independiente encargada de velar por el buen funcionamiento de los mercados y la competencia. La persona nombrada, la abogada Cani Fern\u00e1ndez, ocupaba hasta ahora un lugar en el gabinete de la presidencia del gobierno de la Moncloa, dirigido por el maquiav\u00e9lico gur\u00fa Iv\u00e1n Redondo. En otras palabras, ha pasado de ser una aparatichi de S\u00e1nchez a la persona que debe velar por la neutralidad del funcionamiento de los mercados. \u00bfQu\u00e9 credibilidad puede tener con estos antecedentes? \u00bfQui\u00e9n le puede prejuzgar independencia pol\u00edtica? Por si fuera poco, en su anterior etapa profesional en el despacho jur\u00eddico Cuatrecasas, Fern\u00e1ndez se hart\u00f3 de actuar en defensa de los intereses (leg\u00edtimos, pero intereses) de grandes empresas. El \u00faltimo y m\u00e1s sonado ha sido el de la defensa de Uber. Tampoco es una buena carta de presentaci\u00f3n. Finalmente, los nuevos cuatro vocales que deben sustituir a aquellos cuyo mandato ha expirado. S\u00e1nchez ha continuado manifestando un absoluto partidismo, situando a dos personas cercanas al gobierno y las otras dos a un representante de ERC y a otro de UP. Con estos nombramientos liquida la tradicional presencia de alg\u00fan representante del primer partido de la oposici\u00f3n, el PP en este caso. Ser\u00eda bueno que el presidente del gobierno no hiciera tantos discursos llamando al dialogo, y lo practicara y buscara un mayor equilibrio pol\u00edtico en sus decisiones.\" \/>\n<meta property=\"og:url\" content=\"https:\/\/conversesacatalunya.cat\/es\/un-paso-mas-en-el-partidismo-politico-el-caso-de-la-comision-nacional-de-los-mercados-y-la-competencia-cnmc\/\" \/>\n<meta property=\"og:site_name\" content=\"Converses a Catalunya\" \/>\n<meta property=\"article:published_time\" content=\"2020-06-04T11:40:29+00:00\" \/>\n<meta property=\"article:modified_time\" content=\"2020-06-04T14:20:52+00:00\" \/>\n<meta property=\"og:image\" content=\"https:\/\/conversesacatalunya.cat\/wp-content\/uploads\/2020\/06\/cnmc.jpg\" \/>\n\t<meta property=\"og:image:width\" content=\"1366\" \/>\n\t<meta property=\"og:image:height\" content=\"800\" \/>\n\t<meta property=\"og:image:type\" content=\"image\/jpeg\" \/>\n<meta name=\"author\" content=\"conversesacatalunya\" \/>\n<meta name=\"twitter:card\" content=\"summary_large_image\" \/>\n<meta name=\"twitter:label1\" content=\"Escrito por\" \/>\n\t<meta name=\"twitter:data1\" content=\"conversesacatalunya\" \/>\n\t<meta name=\"twitter:label2\" content=\"Tiempo de lectura\" \/>\n\t<meta name=\"twitter:data2\" content=\"2 minutos\" \/>\n<script type=\"application\/ld+json\" class=\"yoast-schema-graph\">{\"@context\":\"https:\/\/schema.org\",\"@graph\":[{\"@type\":\"Article\",\"@id\":\"https:\/\/conversesacatalunya.cat\/es\/un-paso-mas-en-el-partidismo-politico-el-caso-de-la-comision-nacional-de-los-mercados-y-la-competencia-cnmc\/#article\",\"isPartOf\":{\"@id\":\"https:\/\/conversesacatalunya.cat\/es\/un-paso-mas-en-el-partidismo-politico-el-caso-de-la-comision-nacional-de-los-mercados-y-la-competencia-cnmc\/\"},\"author\":{\"name\":\"conversesacatalunya\",\"@id\":\"https:\/\/conversesacatalunya.cat\/#\/schema\/person\/7e24d1e54a2785373ddcb275eae5ed99\"},\"headline\":\"Un paso m\u00e1s en el partidismo pol\u00edtico. El caso de la Comisi\u00f3n Nacional de los Mercados y la Competencia (CNMC)\",\"datePublished\":\"2020-06-04T11:40:29+00:00\",\"dateModified\":\"2020-06-04T14:20:52+00:00\",\"mainEntityOfPage\":{\"@id\":\"https:\/\/conversesacatalunya.cat\/es\/un-paso-mas-en-el-partidismo-politico-el-caso-de-la-comision-nacional-de-los-mercados-y-la-competencia-cnmc\/\"},\"wordCount\":468,\"commentCount\":0,\"image\":{\"@id\":\"https:\/\/conversesacatalunya.cat\/es\/un-paso-mas-en-el-partidismo-politico-el-caso-de-la-comision-nacional-de-los-mercados-y-la-competencia-cnmc\/#primaryimage\"},\"thumbnailUrl\":\"https:\/\/conversesacatalunya.cat\/wp-content\/uploads\/2020\/06\/cnmc.jpg\",\"keywords\":[\"CIS\",\"Pedro S\u00e1nchez\"],\"articleSection\":[\"Punts clau del dia (ES)\"],\"inLanguage\":\"es\",\"potentialAction\":[{\"@type\":\"CommentAction\",\"name\":\"Comment\",\"target\":[\"https:\/\/conversesacatalunya.cat\/es\/un-paso-mas-en-el-partidismo-politico-el-caso-de-la-comision-nacional-de-los-mercados-y-la-competencia-cnmc\/#respond\"]}]},{\"@type\":\"WebPage\",\"@id\":\"https:\/\/conversesacatalunya.cat\/es\/un-paso-mas-en-el-partidismo-politico-el-caso-de-la-comision-nacional-de-los-mercados-y-la-competencia-cnmc\/\",\"url\":\"https:\/\/conversesacatalunya.cat\/es\/un-paso-mas-en-el-partidismo-politico-el-caso-de-la-comision-nacional-de-los-mercados-y-la-competencia-cnmc\/\",\"name\":\"Un paso m\u00e1s en el partidismo pol\u00edtico. El caso de la Comisi\u00f3n Nacional de los Mercados y la Competencia (CNMC) - Converses a Catalunya\",\"isPartOf\":{\"@id\":\"https:\/\/conversesacatalunya.cat\/#website\"},\"primaryImageOfPage\":{\"@id\":\"https:\/\/conversesacatalunya.cat\/es\/un-paso-mas-en-el-partidismo-politico-el-caso-de-la-comision-nacional-de-los-mercados-y-la-competencia-cnmc\/#primaryimage\"},\"image\":{\"@id\":\"https:\/\/conversesacatalunya.cat\/es\/un-paso-mas-en-el-partidismo-politico-el-caso-de-la-comision-nacional-de-los-mercados-y-la-competencia-cnmc\/#primaryimage\"},\"thumbnailUrl\":\"https:\/\/conversesacatalunya.cat\/wp-content\/uploads\/2020\/06\/cnmc.jpg\",\"datePublished\":\"2020-06-04T11:40:29+00:00\",\"dateModified\":\"2020-06-04T14:20:52+00:00\",\"author\":{\"@id\":\"https:\/\/conversesacatalunya.cat\/#\/schema\/person\/7e24d1e54a2785373ddcb275eae5ed99\"},\"breadcrumb\":{\"@id\":\"https:\/\/conversesacatalunya.cat\/es\/un-paso-mas-en-el-partidismo-politico-el-caso-de-la-comision-nacional-de-los-mercados-y-la-competencia-cnmc\/#breadcrumb\"},\"inLanguage\":\"es\",\"potentialAction\":[{\"@type\":\"ReadAction\",\"target\":[\"https:\/\/conversesacatalunya.cat\/es\/un-paso-mas-en-el-partidismo-politico-el-caso-de-la-comision-nacional-de-los-mercados-y-la-competencia-cnmc\/\"]}]},{\"@type\":\"ImageObject\",\"inLanguage\":\"es\",\"@id\":\"https:\/\/conversesacatalunya.cat\/es\/un-paso-mas-en-el-partidismo-politico-el-caso-de-la-comision-nacional-de-los-mercados-y-la-competencia-cnmc\/#primaryimage\",\"url\":\"https:\/\/conversesacatalunya.cat\/wp-content\/uploads\/2020\/06\/cnmc.jpg\",\"contentUrl\":\"https:\/\/conversesacatalunya.cat\/wp-content\/uploads\/2020\/06\/cnmc.jpg\",\"width\":1366,\"height\":800,\"caption\":\"CNMC\"},{\"@type\":\"BreadcrumbList\",\"@id\":\"https:\/\/conversesacatalunya.cat\/es\/un-paso-mas-en-el-partidismo-politico-el-caso-de-la-comision-nacional-de-los-mercados-y-la-competencia-cnmc\/#breadcrumb\",\"itemListElement\":[{\"@type\":\"ListItem\",\"position\":1,\"name\":\"Inici\",\"item\":\"https:\/\/conversesacatalunya.cat\/es\/\"},{\"@type\":\"ListItem\",\"position\":2,\"name\":\"Un paso m\u00e1s en el partidismo pol\u00edtico. El caso de la Comisi\u00f3n Nacional de los Mercados y la Competencia (CNMC)\"}]},{\"@type\":\"WebSite\",\"@id\":\"https:\/\/conversesacatalunya.cat\/#website\",\"url\":\"https:\/\/conversesacatalunya.cat\/\",\"name\":\"Converses a Catalunya\",\"description\":\"\",\"potentialAction\":[{\"@type\":\"SearchAction\",\"target\":{\"@type\":\"EntryPoint\",\"urlTemplate\":\"https:\/\/conversesacatalunya.cat\/?s={search_term_string}\"},\"query-input\":{\"@type\":\"PropertyValueSpecification\",\"valueRequired\":true,\"valueName\":\"search_term_string\"}}],\"inLanguage\":\"es\"},{\"@type\":\"Person\",\"@id\":\"https:\/\/conversesacatalunya.cat\/#\/schema\/person\/7e24d1e54a2785373ddcb275eae5ed99\",\"name\":\"conversesacatalunya\",\"image\":{\"@type\":\"ImageObject\",\"inLanguage\":\"es\",\"@id\":\"https:\/\/conversesacatalunya.cat\/#\/schema\/person\/image\/\",\"url\":\"https:\/\/conversesacatalunya.cat\/wp-content\/litespeed\/avatar\/febdfeeec89d950f01c748045a981dd2.jpg?ver=1777314535\",\"contentUrl\":\"https:\/\/conversesacatalunya.cat\/wp-content\/litespeed\/avatar\/febdfeeec89d950f01c748045a981dd2.jpg?ver=1777314535\",\"caption\":\"conversesacatalunya\"},\"url\":\"https:\/\/conversesacatalunya.cat\/es\/author\/carme_catala\/\"}]}<\/script>\n<!-- \/ Yoast SEO plugin. -->","yoast_head_json":{"title":"Un paso m\u00e1s en el partidismo pol\u00edtico. El caso de la Comisi\u00f3n Nacional de los Mercados y la Competencia (CNMC) - Converses a Catalunya","robots":{"index":"index","follow":"follow","max-snippet":"max-snippet:-1","max-image-preview":"max-image-preview:large","max-video-preview":"max-video-preview:-1"},"canonical":"https:\/\/conversesacatalunya.cat\/es\/un-paso-mas-en-el-partidismo-politico-el-caso-de-la-comision-nacional-de-los-mercados-y-la-competencia-cnmc\/","og_locale":"es_ES","og_type":"article","og_title":"Un paso m\u00e1s en el partidismo pol\u00edtico. El caso de la Comisi\u00f3n Nacional de los Mercados y la Competencia (CNMC) - Converses a Catalunya","og_description":"El presidente S\u00e1nchez habla, y no se cansa, de la necesidad del pacto y del di\u00e1logo para salir de la dif\u00edcil situaci\u00f3n generada por la crisis de la pandemia, pero a la hora de la verdad contin\u00faa practicando el m\u00e1s estricto partidismo precrisis. Lo hizo colocando al frente del CIS a un miembro del aparato socialista, Jos\u00e9 F\u00e9lix Tezanos, con el resultado de que esta instituci\u00f3n que s\u00f3lo sirve si goza de la confianza de todos, est\u00e1 situada en el coraz\u00f3n del conflicto por las pr\u00e1cticas m\u00e1s bien oscuras que ha impreso el nuevo responsable, que act\u00faa m\u00e1s como un dirigente pol\u00edtico que como t\u00e9cnico. Lo repiti\u00f3 en otra y a\u00fan m\u00e1s importante instituci\u00f3n como es la Fiscal\u00eda del Estado, colocando al frente de esta a la exministra Dolores Delgado, que sali\u00f3 de una puerta del ministerio para entrar por la otra a la Fiscal\u00eda. Fue un gesto excesivo. Nadie puede pensar que una enconada dirigente socialista deje de actuar como tal con 24 horas simplemente porque se cambia el sombrero. Y ahora se ha producido en un \u00f3rgano tan importante como la CNMC, la autoridad te\u00f3ricamente independiente encargada de velar por el buen funcionamiento de los mercados y la competencia. La persona nombrada, la abogada Cani Fern\u00e1ndez, ocupaba hasta ahora un lugar en el gabinete de la presidencia del gobierno de la Moncloa, dirigido por el maquiav\u00e9lico gur\u00fa Iv\u00e1n Redondo. En otras palabras, ha pasado de ser una aparatichi de S\u00e1nchez a la persona que debe velar por la neutralidad del funcionamiento de los mercados. \u00bfQu\u00e9 credibilidad puede tener con estos antecedentes? \u00bfQui\u00e9n le puede prejuzgar independencia pol\u00edtica? Por si fuera poco, en su anterior etapa profesional en el despacho jur\u00eddico Cuatrecasas, Fern\u00e1ndez se hart\u00f3 de actuar en defensa de los intereses (leg\u00edtimos, pero intereses) de grandes empresas. El \u00faltimo y m\u00e1s sonado ha sido el de la defensa de Uber. Tampoco es una buena carta de presentaci\u00f3n. Finalmente, los nuevos cuatro vocales que deben sustituir a aquellos cuyo mandato ha expirado. S\u00e1nchez ha continuado manifestando un absoluto partidismo, situando a dos personas cercanas al gobierno y las otras dos a un representante de ERC y a otro de UP. Con estos nombramientos liquida la tradicional presencia de alg\u00fan representante del primer partido de la oposici\u00f3n, el PP en este caso. Ser\u00eda bueno que el presidente del gobierno no hiciera tantos discursos llamando al dialogo, y lo practicara y buscara un mayor equilibrio pol\u00edtico en sus decisiones.","og_url":"https:\/\/conversesacatalunya.cat\/es\/un-paso-mas-en-el-partidismo-politico-el-caso-de-la-comision-nacional-de-los-mercados-y-la-competencia-cnmc\/","og_site_name":"Converses a Catalunya","article_published_time":"2020-06-04T11:40:29+00:00","article_modified_time":"2020-06-04T14:20:52+00:00","og_image":[{"width":1366,"height":800,"url":"https:\/\/conversesacatalunya.cat\/wp-content\/uploads\/2020\/06\/cnmc.jpg","type":"image\/jpeg"}],"author":"conversesacatalunya","twitter_card":"summary_large_image","twitter_misc":{"Escrito por":"conversesacatalunya","Tiempo de lectura":"2 minutos"},"schema":{"@context":"https:\/\/schema.org","@graph":[{"@type":"Article","@id":"https:\/\/conversesacatalunya.cat\/es\/un-paso-mas-en-el-partidismo-politico-el-caso-de-la-comision-nacional-de-los-mercados-y-la-competencia-cnmc\/#article","isPartOf":{"@id":"https:\/\/conversesacatalunya.cat\/es\/un-paso-mas-en-el-partidismo-politico-el-caso-de-la-comision-nacional-de-los-mercados-y-la-competencia-cnmc\/"},"author":{"name":"conversesacatalunya","@id":"https:\/\/conversesacatalunya.cat\/#\/schema\/person\/7e24d1e54a2785373ddcb275eae5ed99"},"headline":"Un paso m\u00e1s en el partidismo pol\u00edtico. El caso de la Comisi\u00f3n Nacional de los Mercados y la Competencia (CNMC)","datePublished":"2020-06-04T11:40:29+00:00","dateModified":"2020-06-04T14:20:52+00:00","mainEntityOfPage":{"@id":"https:\/\/conversesacatalunya.cat\/es\/un-paso-mas-en-el-partidismo-politico-el-caso-de-la-comision-nacional-de-los-mercados-y-la-competencia-cnmc\/"},"wordCount":468,"commentCount":0,"image":{"@id":"https:\/\/conversesacatalunya.cat\/es\/un-paso-mas-en-el-partidismo-politico-el-caso-de-la-comision-nacional-de-los-mercados-y-la-competencia-cnmc\/#primaryimage"},"thumbnailUrl":"https:\/\/conversesacatalunya.cat\/wp-content\/uploads\/2020\/06\/cnmc.jpg","keywords":["CIS","Pedro S\u00e1nchez"],"articleSection":["Punts clau del dia (ES)"],"inLanguage":"es","potentialAction":[{"@type":"CommentAction","name":"Comment","target":["https:\/\/conversesacatalunya.cat\/es\/un-paso-mas-en-el-partidismo-politico-el-caso-de-la-comision-nacional-de-los-mercados-y-la-competencia-cnmc\/#respond"]}]},{"@type":"WebPage","@id":"https:\/\/conversesacatalunya.cat\/es\/un-paso-mas-en-el-partidismo-politico-el-caso-de-la-comision-nacional-de-los-mercados-y-la-competencia-cnmc\/","url":"https:\/\/conversesacatalunya.cat\/es\/un-paso-mas-en-el-partidismo-politico-el-caso-de-la-comision-nacional-de-los-mercados-y-la-competencia-cnmc\/","name":"Un paso m\u00e1s en el partidismo pol\u00edtico. El caso de la Comisi\u00f3n Nacional de los Mercados y la Competencia (CNMC) - Converses a Catalunya","isPartOf":{"@id":"https:\/\/conversesacatalunya.cat\/#website"},"primaryImageOfPage":{"@id":"https:\/\/conversesacatalunya.cat\/es\/un-paso-mas-en-el-partidismo-politico-el-caso-de-la-comision-nacional-de-los-mercados-y-la-competencia-cnmc\/#primaryimage"},"image":{"@id":"https:\/\/conversesacatalunya.cat\/es\/un-paso-mas-en-el-partidismo-politico-el-caso-de-la-comision-nacional-de-los-mercados-y-la-competencia-cnmc\/#primaryimage"},"thumbnailUrl":"https:\/\/conversesacatalunya.cat\/wp-content\/uploads\/2020\/06\/cnmc.jpg","datePublished":"2020-06-04T11:40:29+00:00","dateModified":"2020-06-04T14:20:52+00:00","author":{"@id":"https:\/\/conversesacatalunya.cat\/#\/schema\/person\/7e24d1e54a2785373ddcb275eae5ed99"},"breadcrumb":{"@id":"https:\/\/conversesacatalunya.cat\/es\/un-paso-mas-en-el-partidismo-politico-el-caso-de-la-comision-nacional-de-los-mercados-y-la-competencia-cnmc\/#breadcrumb"},"inLanguage":"es","potentialAction":[{"@type":"ReadAction","target":["https:\/\/conversesacatalunya.cat\/es\/un-paso-mas-en-el-partidismo-politico-el-caso-de-la-comision-nacional-de-los-mercados-y-la-competencia-cnmc\/"]}]},{"@type":"ImageObject","inLanguage":"es","@id":"https:\/\/conversesacatalunya.cat\/es\/un-paso-mas-en-el-partidismo-politico-el-caso-de-la-comision-nacional-de-los-mercados-y-la-competencia-cnmc\/#primaryimage","url":"https:\/\/conversesacatalunya.cat\/wp-content\/uploads\/2020\/06\/cnmc.jpg","contentUrl":"https:\/\/conversesacatalunya.cat\/wp-content\/uploads\/2020\/06\/cnmc.jpg","width":1366,"height":800,"caption":"CNMC"},{"@type":"BreadcrumbList","@id":"https:\/\/conversesacatalunya.cat\/es\/un-paso-mas-en-el-partidismo-politico-el-caso-de-la-comision-nacional-de-los-mercados-y-la-competencia-cnmc\/#breadcrumb","itemListElement":[{"@type":"ListItem","position":1,"name":"Inici","item":"https:\/\/conversesacatalunya.cat\/es\/"},{"@type":"ListItem","position":2,"name":"Un paso m\u00e1s en el partidismo pol\u00edtico. El caso de la Comisi\u00f3n Nacional de los Mercados y la Competencia (CNMC)"}]},{"@type":"WebSite","@id":"https:\/\/conversesacatalunya.cat\/#website","url":"https:\/\/conversesacatalunya.cat\/","name":"Converses a Catalunya","description":"","potentialAction":[{"@type":"SearchAction","target":{"@type":"EntryPoint","urlTemplate":"https:\/\/conversesacatalunya.cat\/?s={search_term_string}"},"query-input":{"@type":"PropertyValueSpecification","valueRequired":true,"valueName":"search_term_string"}}],"inLanguage":"es"},{"@type":"Person","@id":"https:\/\/conversesacatalunya.cat\/#\/schema\/person\/7e24d1e54a2785373ddcb275eae5ed99","name":"conversesacatalunya","image":{"@type":"ImageObject","inLanguage":"es","@id":"https:\/\/conversesacatalunya.cat\/#\/schema\/person\/image\/","url":"https:\/\/conversesacatalunya.cat\/wp-content\/litespeed\/avatar\/febdfeeec89d950f01c748045a981dd2.jpg?ver=1777314535","contentUrl":"https:\/\/conversesacatalunya.cat\/wp-content\/litespeed\/avatar\/febdfeeec89d950f01c748045a981dd2.jpg?ver=1777314535","caption":"conversesacatalunya"},"url":"https:\/\/conversesacatalunya.cat\/es\/author\/carme_catala\/"}]}},"wps_subtitle":"","_links":{"self":[{"href":"https:\/\/conversesacatalunya.cat\/es\/wp-json\/wp\/v2\/posts\/36940","targetHints":{"allow":["GET"]}}],"collection":[{"href":"https:\/\/conversesacatalunya.cat\/es\/wp-json\/wp\/v2\/posts"}],"about":[{"href":"https:\/\/conversesacatalunya.cat\/es\/wp-json\/wp\/v2\/types\/post"}],"author":[{"embeddable":true,"href":"https:\/\/conversesacatalunya.cat\/es\/wp-json\/wp\/v2\/users\/2"}],"replies":[{"embeddable":true,"href":"https:\/\/conversesacatalunya.cat\/es\/wp-json\/wp\/v2\/comments?post=36940"}],"version-history":[{"count":2,"href":"https:\/\/conversesacatalunya.cat\/es\/wp-json\/wp\/v2\/posts\/36940\/revisions"}],"predecessor-version":[{"id":36941,"href":"https:\/\/conversesacatalunya.cat\/es\/wp-json\/wp\/v2\/posts\/36940\/revisions\/36941"}],"wp:featuredmedia":[{"embeddable":true,"href":"https:\/\/conversesacatalunya.cat\/es\/wp-json\/wp\/v2\/media\/36933"}],"wp:attachment":[{"href":"https:\/\/conversesacatalunya.cat\/es\/wp-json\/wp\/v2\/media?parent=36940"}],"wp:term":[{"taxonomy":"category","embeddable":true,"href":"https:\/\/conversesacatalunya.cat\/es\/wp-json\/wp\/v2\/categories?post=36940"},{"taxonomy":"post_tag","embeddable":true,"href":"https:\/\/conversesacatalunya.cat\/es\/wp-json\/wp\/v2\/tags?post=36940"}],"curies":[{"name":"wp","href":"https:\/\/api.w.org\/{rel}","templated":true}]}}