{"id":36936,"date":"2020-06-04T12:36:38","date_gmt":"2020-06-04T10:36:38","guid":{"rendered":"https:\/\/conversesacatalunya.cat\/el-desordre-de-la-generalitat\/"},"modified":"2020-06-04T16:10:45","modified_gmt":"2020-06-04T14:10:45","slug":"el-desorden-de-la-generalitat","status":"publish","type":"post","link":"https:\/\/conversesacatalunya.cat\/es\/el-desorden-de-la-generalitat\/","title":{"rendered":"El desorden de la Generalitat"},"content":{"rendered":"<div class=\"tlid-source-target main-header small-font\">\n<div class=\"source-target-row\">\n<div class=\"tlid-results-container results-container\">\n<div class=\"tlid-result result-dict-wrapper\">\n<div class=\"result tlid-copy-target\">\n<div>\n<div tabindex=\"0\"><span lang=\"es\">Que en Catalu\u00f1a el gobierno no funciona bien es una evidencia desde hace tiempo, pero dif\u00edcilmente hemos vivido una acumulaci\u00f3n tal de desbarajustes como la producida en estos primeros d\u00edas de junio.<\/span><\/div>\n<div tabindex=\"0\"><\/div>\n<div tabindex=\"0\"><span lang=\"es\">Es dif\u00edcilmente sostenible que los dos socios de gobierno voten de manera diferente sobre la prolongaci\u00f3n del estado de alarma (abstenci\u00f3n de ERC, voto en contra de JxCat), cuando se presupone que ambos tienen el mismo criterio con respecto al ejercicio del autogobierno y la recuperaci\u00f3n plena de este, limitado por el estado de alarma. En un pa\u00eds normal, este hecho por s\u00ed solo ya habr\u00eda provocado la ruptura de la coalici\u00f3n gubernamental.<\/span><\/div>\n<div tabindex=\"0\"><span lang=\"es\"><br \/>\nPor si fuera poco, una ley, que se quiere vistosa y triunfante, la de la Agencia de la Naturaleza de Catalu\u00f1a, cada vez m\u00e1s va por mal camino. Primero, porque de una manera creciente el mundo rural est\u00e1 en contra de ella. Tiene l\u00f3gica, es una ley concebida desde el ecologismo de moqueta que ve el monte como una especie de Tur\u00f3 Parc, olvidando que de \u00e9l vive una parte importante de la poblaci\u00f3n rural de nuestro pa\u00eds de manera directa o indirecta.<\/span><\/div>\n<div tabindex=\"0\"><span lang=\"es\"><br \/>\nEste levantamiento del territorio ha calado en ERC, que ha pasado de ser uno de los partidos impulsores a presentar serias reservas que cuestionan el redactado actual de la ley. Pero como todo lo que est\u00e1 mal puede empeorar, el sector del mundo rural del PDeCAT tambi\u00e9n ha empezado a manifestar sus criterios contrarios. No es una reacci\u00f3n menor, si se considera que una parte sustancial de la fuerza de esta organizaci\u00f3n radica en los alcaldes de los peque\u00f1os pueblos de Catalu\u00f1a. El choque m\u00e1s importante, porque el impulsor de la ley es el consejero de territorio Dami\u00e0 Calvet, tambi\u00e9n de JxCat.<\/span><\/div>\n<div tabindex=\"0\"><span lang=\"es\"><br \/>\nY del mundo rural a las dos piezas clave del pa\u00eds, la sanidad y la ense\u00f1anza. Ahora se ha hecho p\u00fablico que la semana pasada se hicieron test de PCR a s\u00f3lo el 21% de los casos sospechosos de Covid-19 en el \u00e1rea metropolitana de Barcelona, \u200b\u200bseg\u00fan un informe del Ministerio de Sanidad. Por citar una referencia, la cifra en Madrid del 11 al 15 de mayo se situaba en m\u00e1s del doble, el 44%. Esta baja capacidad de confirmar los sospechosos constituye un grave problema que se multiplica en la medida en que se van disminuyendo las restricciones que afectan a las relaciones sociales. Es un peligro notable que el 80% de sospechosos, porque presentan s\u00edntomas, no sean sometidos a un an\u00e1lisis que lo confirme a partir del cual se pueda vigilar la red de contactos que hayan podido tener.<\/span><\/div>\n<\/div>\n<div class=\"tlid-result-transliteration-container result-transliteration-container transliteration-container\">\n<div class=\"tlid-transliteration-content transliteration-content full\"><\/div>\n<\/div>\n<\/div>\n<\/div>\n<\/div>\n<\/div>\n<\/div>\n<p>Si a este hecho se le a\u00f1aden los casos asintom\u00e1ticos, por lo menos 1 de cada 5 de los detectados, tenemos aqu\u00ed una caja negra en el \u00e1rea metropolitana que es jugar con fuego. El \u00fanico factor positivo es que cada vez hay m\u00e1s voces cient\u00edficas que dicen que el SARS-CoV-2 est\u00e1 mutando hacia formas cada vez menos agresivas y que, por lo tanto, el impacto de la enfermedad tender\u00eda a reducirse por s\u00ed misma. Pero eso a estas alturas no pasa de ser una hip\u00f3tesis.<\/p>\n<p>El otro problema de la sanidad catalana afecta al resto de las patolog\u00edas. La pandemia detuvo todo lo que son pruebas diagn\u00f3sticas y visitas a especialistas. Y ahora deben reprogramarse. El propio gobierno considera que hay 70.000 operaciones que necesitan ser reprogramadas, y el resultado es una prolongaci\u00f3n de las listas de espera. En definitiva, hacerse una colonoscopia por la sanidad p\u00fablica conlleva unos 5 meses de espera, y para la visita al ur\u00f3logo 213 d\u00edas, operarse de cataratas 131 d\u00edas, y as\u00ed sucesivamente. O el gobierno de la Generalitat inyecta r\u00e1pidamente recursos, o las colas ir\u00e1n creciendo sencillamente por el efecto acumulativo.<\/p>\n<p>Y el \u00faltimo desastre afecta a la escuela. A estas alturas no est\u00e1 nada claro, depende de cada escuela, de cada pueblo, cu\u00e1ndo se abrir\u00e1n los centros y c\u00f3mo ser\u00e1 esta apertura seg\u00fan las edades de los alumnos. Un tema tan fundamental como \u00e9ste est\u00e1 absolutamente en el aire por falta de capacidad o voluntad pol\u00edtica del departamento de Ense\u00f1anza de fijar la obligatoriedad y su concreci\u00f3n de las clases de acuerdo con los correspondientes ciclos educativos.<\/p>\n<p style=\"text-align: center;\">M\u00e1s informaci\u00f3n del coronavirus en <a href=\"https:\/\/conversesacatalunya.cat\/es\/coronavirus\/\"><strong>ESPECIAL CORONAVIRUS<\/strong><\/a><\/p>\n<div id=\"polls-53\" class=\"wp-polls\">\n\t<form id=\"polls_form_53\" class=\"wp-polls-form\" action=\"\/index.php\" method=\"post\">\n\t\t<p style=\"display: none;\"><input type=\"hidden\" id=\"poll_53_nonce\" name=\"wp-polls-nonce\" value=\"952bcbc68b\" \/><\/p>\n\t\t<p style=\"display: none;\"><input type=\"hidden\" name=\"poll_id\" value=\"53\" \/><\/p>\n\t\t<p style=\"text-align: center\"><strong>Ser\u00e0 capa\u00e7 Barcelona de superar la crisi econ\u00f2mica, en un termini raonable?<\/strong><\/p><div id=\"polls-53-ans\" class=\"wp-polls-ans\"><ul class=\"wp-polls-ul\">\n\t\t<li><input type=\"radio\" id=\"poll-answer-112\" name=\"poll_53\" value=\"112\" \/> <label for=\"poll-answer-112\">Si<\/label><\/li>\n\t\t<li><input type=\"radio\" id=\"poll-answer-113\" name=\"poll_53\" value=\"113\" \/> <label for=\"poll-answer-113\">No<\/label><\/li>\n\t\t<\/ul><p style=\"text-align: center\"><input type=\"button\" name=\"vote\" value=\"   Vota   \" class=\"Buttons\" onclick=\"poll_vote(53);\" \/><\/p><p style=\"text-align: center\"><a href=\"#ViewPollResults\" onclick=\"poll_result(53); return false;\" title=\"View Results Of This Poll\">Mira els resultats<\/a><\/p><\/div>\n\t<\/form>\n<\/div>\n<div id=\"polls-53-loading\" class=\"wp-polls-loading\"><img decoding=\"async\" data-src=\"https:\/\/conversesacatalunya.cat\/wp-content\/plugins\/wp-polls\/images\/loading.gif\" width=\"16\" height=\"16\" alt=\"Cargando ...\" title=\"Cargando ...\" class=\"wp-polls-image lazyload\" src=\"data:image\/svg+xml;base64,PHN2ZyB3aWR0aD0iMSIgaGVpZ2h0PSIxIiB4bWxucz0iaHR0cDovL3d3dy53My5vcmcvMjAwMC9zdmciPjwvc3ZnPg==\" style=\"--smush-placeholder-width: 16px; --smush-placeholder-aspect-ratio: 16\/16;\" \/>&nbsp;Cargando ...<\/div>\n\n","protected":false},"excerpt":{"rendered":"<p>Que en Catalu\u00f1a el gobierno no funciona bien es una evidencia desde hace tiempo, pero dif\u00edcilmente hemos vivido una acumulaci\u00f3n tal de desbarajustes como la producida en estos primeros d\u00edas de junio. Es dif\u00edcilmente sostenible que los dos socios de gobierno voten de manera diferente sobre la prolongaci\u00f3n del estado de alarma (abstenci\u00f3n de ERC, voto en contra de JxCat), cuando se presupone que ambos tienen el mismo criterio con respecto al ejercicio del autogobierno y la recuperaci\u00f3n plena de este, limitado por el estado de alarma. En un pa\u00eds normal, este hecho por s\u00ed solo ya habr\u00eda provocado la ruptura de la coalici\u00f3n gubernamental. Por si fuera poco, una ley, que se quiere vistosa y triunfante, la de la Agencia de la Naturaleza de Catalu\u00f1a, cada vez m\u00e1s va por mal camino. Primero, porque de una manera creciente el mundo rural est\u00e1 en contra de ella. Tiene l\u00f3gica, es una ley concebida desde el ecologismo de moqueta que ve el monte como una especie de Tur\u00f3 Parc, olvidando que de \u00e9l vive una parte importante de la poblaci\u00f3n rural de nuestro pa\u00eds de manera directa o indirecta. Este levantamiento del territorio ha calado en ERC, que ha pasado de ser uno de los partidos impulsores a presentar serias reservas que cuestionan el redactado actual de la ley. Pero como todo lo que est\u00e1 mal puede empeorar, el sector del mundo rural del PDeCAT tambi\u00e9n ha empezado a manifestar sus criterios contrarios. No es una reacci\u00f3n menor, si se considera que una parte sustancial de la fuerza de esta organizaci\u00f3n radica en los alcaldes de los peque\u00f1os pueblos de Catalu\u00f1a. El choque m\u00e1s importante, porque el impulsor de la ley es el consejero de territorio Dami\u00e0 Calvet, tambi\u00e9n de JxCat. Y del mundo rural a las dos piezas clave del pa\u00eds, la sanidad y la ense\u00f1anza. Ahora se ha hecho p\u00fablico que la semana pasada se hicieron test de PCR a s\u00f3lo el 21% de los casos sospechosos de Covid-19 en el \u00e1rea metropolitana de Barcelona, \u200b\u200bseg\u00fan un informe del Ministerio de Sanidad. Por citar una referencia, la cifra en Madrid del 11 al 15 de mayo se situaba en m\u00e1s del doble, el 44%. Esta baja capacidad de confirmar los sospechosos constituye un grave problema que se multiplica en la medida en que se van disminuyendo las restricciones que afectan a las relaciones sociales. Es un peligro notable que el 80% de sospechosos, porque presentan s\u00edntomas, no sean sometidos a un an\u00e1lisis que lo confirme a partir del cual se pueda vigilar la red de contactos que hayan podido tener. Si a este hecho se le a\u00f1aden los casos asintom\u00e1ticos, por lo menos 1 de cada 5 de los detectados, tenemos aqu\u00ed una caja negra en el \u00e1rea metropolitana que es jugar con fuego. El \u00fanico factor positivo es que cada vez hay m\u00e1s voces cient\u00edficas que dicen que el SARS-CoV-2 est\u00e1 mutando hacia formas cada vez menos agresivas y que, por lo tanto, el impacto de la enfermedad tender\u00eda a reducirse por s\u00ed misma. Pero eso a estas alturas no pasa de ser una hip\u00f3tesis. El otro problema de la sanidad catalana afecta al resto de las patolog\u00edas. La pandemia detuvo todo lo que son pruebas diagn\u00f3sticas y visitas a especialistas. Y ahora deben reprogramarse. El propio gobierno considera que hay 70.000 operaciones que necesitan ser reprogramadas, y el resultado es una prolongaci\u00f3n de las listas de espera. En definitiva, hacerse una colonoscopia por la sanidad p\u00fablica conlleva unos 5 meses de espera, y para la visita al ur\u00f3logo 213 d\u00edas, operarse de cataratas 131 d\u00edas, y as\u00ed sucesivamente. O el gobierno de la Generalitat inyecta r\u00e1pidamente recursos, o las colas ir\u00e1n creciendo sencillamente por el efecto acumulativo. Y el \u00faltimo desastre afecta a la escuela. A estas alturas no est\u00e1 nada claro, depende de cada escuela, de cada pueblo, cu\u00e1ndo se abrir\u00e1n los centros y c\u00f3mo ser\u00e1 esta apertura seg\u00fan las edades de los alumnos. Un tema tan fundamental como \u00e9ste est\u00e1 absolutamente en el aire por falta de capacidad o voluntad pol\u00edtica del departamento de Ense\u00f1anza de fijar la obligatoriedad y su concreci\u00f3n de las clases de acuerdo con los correspondientes ciclos educativos. M\u00e1s informaci\u00f3n del coronavirus en ESPECIAL CORONAVIRUS<\/p>\n","protected":false},"author":2,"featured_media":36924,"comment_status":"open","ping_status":"open","sticky":false,"template":"","format":"standard","meta":{"_FSMCFIC_featured_image_caption":"","_FSMCFIC_featured_image_nocaption":"","_FSMCFIC_featured_image_hide":"","footnotes":""},"categories":[1772,806],"tags":[1504,1901,1980,1979],"class_list":["post-36936","post","type-post","status-publish","format-standard","has-post-thumbnail","hentry","category-especial-coronavirus-es","category-punts-claus-del-dia-es","tag-coronavirus-es","tag-estado-de-alarma","tag-sanidad-catalana","tag-sanitat-catalana-es"],"yoast_head":"<!-- This site is optimized with the Yoast SEO plugin v26.8 - https:\/\/yoast.com\/product\/yoast-seo-wordpress\/ -->\n<title>El desorden de la Generalitat - Converses a Catalunya<\/title>\n<meta name=\"robots\" content=\"index, follow, max-snippet:-1, max-image-preview:large, max-video-preview:-1\" \/>\n<link rel=\"canonical\" href=\"https:\/\/conversesacatalunya.cat\/es\/el-desorden-de-la-generalitat\/\" \/>\n<meta property=\"og:locale\" content=\"es_ES\" \/>\n<meta property=\"og:type\" content=\"article\" \/>\n<meta property=\"og:title\" content=\"El desorden de la Generalitat - Converses a Catalunya\" \/>\n<meta property=\"og:description\" content=\"Que en Catalu\u00f1a el gobierno no funciona bien es una evidencia desde hace tiempo, pero dif\u00edcilmente hemos vivido una acumulaci\u00f3n tal de desbarajustes como la producida en estos primeros d\u00edas de junio. Es dif\u00edcilmente sostenible que los dos socios de gobierno voten de manera diferente sobre la prolongaci\u00f3n del estado de alarma (abstenci\u00f3n de ERC, voto en contra de JxCat), cuando se presupone que ambos tienen el mismo criterio con respecto al ejercicio del autogobierno y la recuperaci\u00f3n plena de este, limitado por el estado de alarma. En un pa\u00eds normal, este hecho por s\u00ed solo ya habr\u00eda provocado la ruptura de la coalici\u00f3n gubernamental. Por si fuera poco, una ley, que se quiere vistosa y triunfante, la de la Agencia de la Naturaleza de Catalu\u00f1a, cada vez m\u00e1s va por mal camino. Primero, porque de una manera creciente el mundo rural est\u00e1 en contra de ella. Tiene l\u00f3gica, es una ley concebida desde el ecologismo de moqueta que ve el monte como una especie de Tur\u00f3 Parc, olvidando que de \u00e9l vive una parte importante de la poblaci\u00f3n rural de nuestro pa\u00eds de manera directa o indirecta. Este levantamiento del territorio ha calado en ERC, que ha pasado de ser uno de los partidos impulsores a presentar serias reservas que cuestionan el redactado actual de la ley. Pero como todo lo que est\u00e1 mal puede empeorar, el sector del mundo rural del PDeCAT tambi\u00e9n ha empezado a manifestar sus criterios contrarios. No es una reacci\u00f3n menor, si se considera que una parte sustancial de la fuerza de esta organizaci\u00f3n radica en los alcaldes de los peque\u00f1os pueblos de Catalu\u00f1a. El choque m\u00e1s importante, porque el impulsor de la ley es el consejero de territorio Dami\u00e0 Calvet, tambi\u00e9n de JxCat. Y del mundo rural a las dos piezas clave del pa\u00eds, la sanidad y la ense\u00f1anza. Ahora se ha hecho p\u00fablico que la semana pasada se hicieron test de PCR a s\u00f3lo el 21% de los casos sospechosos de Covid-19 en el \u00e1rea metropolitana de Barcelona, \u200b\u200bseg\u00fan un informe del Ministerio de Sanidad. Por citar una referencia, la cifra en Madrid del 11 al 15 de mayo se situaba en m\u00e1s del doble, el 44%. Esta baja capacidad de confirmar los sospechosos constituye un grave problema que se multiplica en la medida en que se van disminuyendo las restricciones que afectan a las relaciones sociales. Es un peligro notable que el 80% de sospechosos, porque presentan s\u00edntomas, no sean sometidos a un an\u00e1lisis que lo confirme a partir del cual se pueda vigilar la red de contactos que hayan podido tener. Si a este hecho se le a\u00f1aden los casos asintom\u00e1ticos, por lo menos 1 de cada 5 de los detectados, tenemos aqu\u00ed una caja negra en el \u00e1rea metropolitana que es jugar con fuego. El \u00fanico factor positivo es que cada vez hay m\u00e1s voces cient\u00edficas que dicen que el SARS-CoV-2 est\u00e1 mutando hacia formas cada vez menos agresivas y que, por lo tanto, el impacto de la enfermedad tender\u00eda a reducirse por s\u00ed misma. Pero eso a estas alturas no pasa de ser una hip\u00f3tesis. El otro problema de la sanidad catalana afecta al resto de las patolog\u00edas. La pandemia detuvo todo lo que son pruebas diagn\u00f3sticas y visitas a especialistas. Y ahora deben reprogramarse. El propio gobierno considera que hay 70.000 operaciones que necesitan ser reprogramadas, y el resultado es una prolongaci\u00f3n de las listas de espera. En definitiva, hacerse una colonoscopia por la sanidad p\u00fablica conlleva unos 5 meses de espera, y para la visita al ur\u00f3logo 213 d\u00edas, operarse de cataratas 131 d\u00edas, y as\u00ed sucesivamente. O el gobierno de la Generalitat inyecta r\u00e1pidamente recursos, o las colas ir\u00e1n creciendo sencillamente por el efecto acumulativo. Y el \u00faltimo desastre afecta a la escuela. A estas alturas no est\u00e1 nada claro, depende de cada escuela, de cada pueblo, cu\u00e1ndo se abrir\u00e1n los centros y c\u00f3mo ser\u00e1 esta apertura seg\u00fan las edades de los alumnos. Un tema tan fundamental como \u00e9ste est\u00e1 absolutamente en el aire por falta de capacidad o voluntad pol\u00edtica del departamento de Ense\u00f1anza de fijar la obligatoriedad y su concreci\u00f3n de las clases de acuerdo con los correspondientes ciclos educativos. M\u00e1s informaci\u00f3n del coronavirus en ESPECIAL CORONAVIRUS\" \/>\n<meta property=\"og:url\" content=\"https:\/\/conversesacatalunya.cat\/es\/el-desorden-de-la-generalitat\/\" \/>\n<meta property=\"og:site_name\" content=\"Converses a Catalunya\" \/>\n<meta property=\"article:published_time\" content=\"2020-06-04T10:36:38+00:00\" \/>\n<meta property=\"article:modified_time\" content=\"2020-06-04T14:10:45+00:00\" \/>\n<meta property=\"og:image\" content=\"https:\/\/conversesacatalunya.cat\/wp-content\/uploads\/2020\/06\/generalitat.jpg\" \/>\n\t<meta property=\"og:image:width\" content=\"1024\" \/>\n\t<meta property=\"og:image:height\" content=\"576\" \/>\n\t<meta property=\"og:image:type\" content=\"image\/jpeg\" \/>\n<meta name=\"author\" content=\"conversesacatalunya\" \/>\n<meta name=\"twitter:card\" content=\"summary_large_image\" \/>\n<meta name=\"twitter:label1\" content=\"Escrito por\" \/>\n\t<meta name=\"twitter:data1\" content=\"conversesacatalunya\" \/>\n\t<meta name=\"twitter:label2\" content=\"Tiempo de lectura\" \/>\n\t<meta name=\"twitter:data2\" content=\"4 minutos\" \/>\n<script type=\"application\/ld+json\" class=\"yoast-schema-graph\">{\"@context\":\"https:\/\/schema.org\",\"@graph\":[{\"@type\":\"Article\",\"@id\":\"https:\/\/conversesacatalunya.cat\/es\/el-desorden-de-la-generalitat\/#article\",\"isPartOf\":{\"@id\":\"https:\/\/conversesacatalunya.cat\/es\/el-desorden-de-la-generalitat\/\"},\"author\":{\"name\":\"conversesacatalunya\",\"@id\":\"https:\/\/conversesacatalunya.cat\/#\/schema\/person\/7e24d1e54a2785373ddcb275eae5ed99\"},\"headline\":\"El desorden de la Generalitat\",\"datePublished\":\"2020-06-04T10:36:38+00:00\",\"dateModified\":\"2020-06-04T14:10:45+00:00\",\"mainEntityOfPage\":{\"@id\":\"https:\/\/conversesacatalunya.cat\/es\/el-desorden-de-la-generalitat\/\"},\"wordCount\":755,\"commentCount\":0,\"image\":{\"@id\":\"https:\/\/conversesacatalunya.cat\/es\/el-desorden-de-la-generalitat\/#primaryimage\"},\"thumbnailUrl\":\"https:\/\/conversesacatalunya.cat\/wp-content\/uploads\/2020\/06\/generalitat.jpg\",\"keywords\":[\"coronavirus\",\"Estado de Alarma\",\"sanidad catalana\",\"sanitat catalana\"],\"articleSection\":[\"Especial Coronavirus (ES)\",\"Punts clau del dia (ES)\"],\"inLanguage\":\"es\",\"potentialAction\":[{\"@type\":\"CommentAction\",\"name\":\"Comment\",\"target\":[\"https:\/\/conversesacatalunya.cat\/es\/el-desorden-de-la-generalitat\/#respond\"]}]},{\"@type\":\"WebPage\",\"@id\":\"https:\/\/conversesacatalunya.cat\/es\/el-desorden-de-la-generalitat\/\",\"url\":\"https:\/\/conversesacatalunya.cat\/es\/el-desorden-de-la-generalitat\/\",\"name\":\"El desorden de la Generalitat - Converses a Catalunya\",\"isPartOf\":{\"@id\":\"https:\/\/conversesacatalunya.cat\/#website\"},\"primaryImageOfPage\":{\"@id\":\"https:\/\/conversesacatalunya.cat\/es\/el-desorden-de-la-generalitat\/#primaryimage\"},\"image\":{\"@id\":\"https:\/\/conversesacatalunya.cat\/es\/el-desorden-de-la-generalitat\/#primaryimage\"},\"thumbnailUrl\":\"https:\/\/conversesacatalunya.cat\/wp-content\/uploads\/2020\/06\/generalitat.jpg\",\"datePublished\":\"2020-06-04T10:36:38+00:00\",\"dateModified\":\"2020-06-04T14:10:45+00:00\",\"author\":{\"@id\":\"https:\/\/conversesacatalunya.cat\/#\/schema\/person\/7e24d1e54a2785373ddcb275eae5ed99\"},\"breadcrumb\":{\"@id\":\"https:\/\/conversesacatalunya.cat\/es\/el-desorden-de-la-generalitat\/#breadcrumb\"},\"inLanguage\":\"es\",\"potentialAction\":[{\"@type\":\"ReadAction\",\"target\":[\"https:\/\/conversesacatalunya.cat\/es\/el-desorden-de-la-generalitat\/\"]}]},{\"@type\":\"ImageObject\",\"inLanguage\":\"es\",\"@id\":\"https:\/\/conversesacatalunya.cat\/es\/el-desorden-de-la-generalitat\/#primaryimage\",\"url\":\"https:\/\/conversesacatalunya.cat\/wp-content\/uploads\/2020\/06\/generalitat.jpg\",\"contentUrl\":\"https:\/\/conversesacatalunya.cat\/wp-content\/uploads\/2020\/06\/generalitat.jpg\",\"width\":1024,\"height\":576,\"caption\":\"Generalitat\"},{\"@type\":\"BreadcrumbList\",\"@id\":\"https:\/\/conversesacatalunya.cat\/es\/el-desorden-de-la-generalitat\/#breadcrumb\",\"itemListElement\":[{\"@type\":\"ListItem\",\"position\":1,\"name\":\"Inici\",\"item\":\"https:\/\/conversesacatalunya.cat\/es\/\"},{\"@type\":\"ListItem\",\"position\":2,\"name\":\"El desorden de la Generalitat\"}]},{\"@type\":\"WebSite\",\"@id\":\"https:\/\/conversesacatalunya.cat\/#website\",\"url\":\"https:\/\/conversesacatalunya.cat\/\",\"name\":\"Converses a Catalunya\",\"description\":\"\",\"potentialAction\":[{\"@type\":\"SearchAction\",\"target\":{\"@type\":\"EntryPoint\",\"urlTemplate\":\"https:\/\/conversesacatalunya.cat\/?s={search_term_string}\"},\"query-input\":{\"@type\":\"PropertyValueSpecification\",\"valueRequired\":true,\"valueName\":\"search_term_string\"}}],\"inLanguage\":\"es\"},{\"@type\":\"Person\",\"@id\":\"https:\/\/conversesacatalunya.cat\/#\/schema\/person\/7e24d1e54a2785373ddcb275eae5ed99\",\"name\":\"conversesacatalunya\",\"image\":{\"@type\":\"ImageObject\",\"inLanguage\":\"es\",\"@id\":\"https:\/\/conversesacatalunya.cat\/#\/schema\/person\/image\/\",\"url\":\"https:\/\/conversesacatalunya.cat\/wp-content\/litespeed\/avatar\/febdfeeec89d950f01c748045a981dd2.jpg?ver=1777314535\",\"contentUrl\":\"https:\/\/conversesacatalunya.cat\/wp-content\/litespeed\/avatar\/febdfeeec89d950f01c748045a981dd2.jpg?ver=1777314535\",\"caption\":\"conversesacatalunya\"},\"url\":\"https:\/\/conversesacatalunya.cat\/es\/author\/carme_catala\/\"}]}<\/script>\n<!-- \/ Yoast SEO plugin. -->","yoast_head_json":{"title":"El desorden de la Generalitat - Converses a Catalunya","robots":{"index":"index","follow":"follow","max-snippet":"max-snippet:-1","max-image-preview":"max-image-preview:large","max-video-preview":"max-video-preview:-1"},"canonical":"https:\/\/conversesacatalunya.cat\/es\/el-desorden-de-la-generalitat\/","og_locale":"es_ES","og_type":"article","og_title":"El desorden de la Generalitat - Converses a Catalunya","og_description":"Que en Catalu\u00f1a el gobierno no funciona bien es una evidencia desde hace tiempo, pero dif\u00edcilmente hemos vivido una acumulaci\u00f3n tal de desbarajustes como la producida en estos primeros d\u00edas de junio. Es dif\u00edcilmente sostenible que los dos socios de gobierno voten de manera diferente sobre la prolongaci\u00f3n del estado de alarma (abstenci\u00f3n de ERC, voto en contra de JxCat), cuando se presupone que ambos tienen el mismo criterio con respecto al ejercicio del autogobierno y la recuperaci\u00f3n plena de este, limitado por el estado de alarma. En un pa\u00eds normal, este hecho por s\u00ed solo ya habr\u00eda provocado la ruptura de la coalici\u00f3n gubernamental. Por si fuera poco, una ley, que se quiere vistosa y triunfante, la de la Agencia de la Naturaleza de Catalu\u00f1a, cada vez m\u00e1s va por mal camino. Primero, porque de una manera creciente el mundo rural est\u00e1 en contra de ella. Tiene l\u00f3gica, es una ley concebida desde el ecologismo de moqueta que ve el monte como una especie de Tur\u00f3 Parc, olvidando que de \u00e9l vive una parte importante de la poblaci\u00f3n rural de nuestro pa\u00eds de manera directa o indirecta. Este levantamiento del territorio ha calado en ERC, que ha pasado de ser uno de los partidos impulsores a presentar serias reservas que cuestionan el redactado actual de la ley. Pero como todo lo que est\u00e1 mal puede empeorar, el sector del mundo rural del PDeCAT tambi\u00e9n ha empezado a manifestar sus criterios contrarios. No es una reacci\u00f3n menor, si se considera que una parte sustancial de la fuerza de esta organizaci\u00f3n radica en los alcaldes de los peque\u00f1os pueblos de Catalu\u00f1a. El choque m\u00e1s importante, porque el impulsor de la ley es el consejero de territorio Dami\u00e0 Calvet, tambi\u00e9n de JxCat. Y del mundo rural a las dos piezas clave del pa\u00eds, la sanidad y la ense\u00f1anza. Ahora se ha hecho p\u00fablico que la semana pasada se hicieron test de PCR a s\u00f3lo el 21% de los casos sospechosos de Covid-19 en el \u00e1rea metropolitana de Barcelona, \u200b\u200bseg\u00fan un informe del Ministerio de Sanidad. Por citar una referencia, la cifra en Madrid del 11 al 15 de mayo se situaba en m\u00e1s del doble, el 44%. Esta baja capacidad de confirmar los sospechosos constituye un grave problema que se multiplica en la medida en que se van disminuyendo las restricciones que afectan a las relaciones sociales. Es un peligro notable que el 80% de sospechosos, porque presentan s\u00edntomas, no sean sometidos a un an\u00e1lisis que lo confirme a partir del cual se pueda vigilar la red de contactos que hayan podido tener. Si a este hecho se le a\u00f1aden los casos asintom\u00e1ticos, por lo menos 1 de cada 5 de los detectados, tenemos aqu\u00ed una caja negra en el \u00e1rea metropolitana que es jugar con fuego. El \u00fanico factor positivo es que cada vez hay m\u00e1s voces cient\u00edficas que dicen que el SARS-CoV-2 est\u00e1 mutando hacia formas cada vez menos agresivas y que, por lo tanto, el impacto de la enfermedad tender\u00eda a reducirse por s\u00ed misma. Pero eso a estas alturas no pasa de ser una hip\u00f3tesis. El otro problema de la sanidad catalana afecta al resto de las patolog\u00edas. La pandemia detuvo todo lo que son pruebas diagn\u00f3sticas y visitas a especialistas. Y ahora deben reprogramarse. El propio gobierno considera que hay 70.000 operaciones que necesitan ser reprogramadas, y el resultado es una prolongaci\u00f3n de las listas de espera. En definitiva, hacerse una colonoscopia por la sanidad p\u00fablica conlleva unos 5 meses de espera, y para la visita al ur\u00f3logo 213 d\u00edas, operarse de cataratas 131 d\u00edas, y as\u00ed sucesivamente. O el gobierno de la Generalitat inyecta r\u00e1pidamente recursos, o las colas ir\u00e1n creciendo sencillamente por el efecto acumulativo. Y el \u00faltimo desastre afecta a la escuela. A estas alturas no est\u00e1 nada claro, depende de cada escuela, de cada pueblo, cu\u00e1ndo se abrir\u00e1n los centros y c\u00f3mo ser\u00e1 esta apertura seg\u00fan las edades de los alumnos. Un tema tan fundamental como \u00e9ste est\u00e1 absolutamente en el aire por falta de capacidad o voluntad pol\u00edtica del departamento de Ense\u00f1anza de fijar la obligatoriedad y su concreci\u00f3n de las clases de acuerdo con los correspondientes ciclos educativos. M\u00e1s informaci\u00f3n del coronavirus en ESPECIAL CORONAVIRUS","og_url":"https:\/\/conversesacatalunya.cat\/es\/el-desorden-de-la-generalitat\/","og_site_name":"Converses a Catalunya","article_published_time":"2020-06-04T10:36:38+00:00","article_modified_time":"2020-06-04T14:10:45+00:00","og_image":[{"width":1024,"height":576,"url":"https:\/\/conversesacatalunya.cat\/wp-content\/uploads\/2020\/06\/generalitat.jpg","type":"image\/jpeg"}],"author":"conversesacatalunya","twitter_card":"summary_large_image","twitter_misc":{"Escrito por":"conversesacatalunya","Tiempo de lectura":"4 minutos"},"schema":{"@context":"https:\/\/schema.org","@graph":[{"@type":"Article","@id":"https:\/\/conversesacatalunya.cat\/es\/el-desorden-de-la-generalitat\/#article","isPartOf":{"@id":"https:\/\/conversesacatalunya.cat\/es\/el-desorden-de-la-generalitat\/"},"author":{"name":"conversesacatalunya","@id":"https:\/\/conversesacatalunya.cat\/#\/schema\/person\/7e24d1e54a2785373ddcb275eae5ed99"},"headline":"El desorden de la Generalitat","datePublished":"2020-06-04T10:36:38+00:00","dateModified":"2020-06-04T14:10:45+00:00","mainEntityOfPage":{"@id":"https:\/\/conversesacatalunya.cat\/es\/el-desorden-de-la-generalitat\/"},"wordCount":755,"commentCount":0,"image":{"@id":"https:\/\/conversesacatalunya.cat\/es\/el-desorden-de-la-generalitat\/#primaryimage"},"thumbnailUrl":"https:\/\/conversesacatalunya.cat\/wp-content\/uploads\/2020\/06\/generalitat.jpg","keywords":["coronavirus","Estado de Alarma","sanidad catalana","sanitat catalana"],"articleSection":["Especial Coronavirus (ES)","Punts clau del dia (ES)"],"inLanguage":"es","potentialAction":[{"@type":"CommentAction","name":"Comment","target":["https:\/\/conversesacatalunya.cat\/es\/el-desorden-de-la-generalitat\/#respond"]}]},{"@type":"WebPage","@id":"https:\/\/conversesacatalunya.cat\/es\/el-desorden-de-la-generalitat\/","url":"https:\/\/conversesacatalunya.cat\/es\/el-desorden-de-la-generalitat\/","name":"El desorden de la Generalitat - Converses a Catalunya","isPartOf":{"@id":"https:\/\/conversesacatalunya.cat\/#website"},"primaryImageOfPage":{"@id":"https:\/\/conversesacatalunya.cat\/es\/el-desorden-de-la-generalitat\/#primaryimage"},"image":{"@id":"https:\/\/conversesacatalunya.cat\/es\/el-desorden-de-la-generalitat\/#primaryimage"},"thumbnailUrl":"https:\/\/conversesacatalunya.cat\/wp-content\/uploads\/2020\/06\/generalitat.jpg","datePublished":"2020-06-04T10:36:38+00:00","dateModified":"2020-06-04T14:10:45+00:00","author":{"@id":"https:\/\/conversesacatalunya.cat\/#\/schema\/person\/7e24d1e54a2785373ddcb275eae5ed99"},"breadcrumb":{"@id":"https:\/\/conversesacatalunya.cat\/es\/el-desorden-de-la-generalitat\/#breadcrumb"},"inLanguage":"es","potentialAction":[{"@type":"ReadAction","target":["https:\/\/conversesacatalunya.cat\/es\/el-desorden-de-la-generalitat\/"]}]},{"@type":"ImageObject","inLanguage":"es","@id":"https:\/\/conversesacatalunya.cat\/es\/el-desorden-de-la-generalitat\/#primaryimage","url":"https:\/\/conversesacatalunya.cat\/wp-content\/uploads\/2020\/06\/generalitat.jpg","contentUrl":"https:\/\/conversesacatalunya.cat\/wp-content\/uploads\/2020\/06\/generalitat.jpg","width":1024,"height":576,"caption":"Generalitat"},{"@type":"BreadcrumbList","@id":"https:\/\/conversesacatalunya.cat\/es\/el-desorden-de-la-generalitat\/#breadcrumb","itemListElement":[{"@type":"ListItem","position":1,"name":"Inici","item":"https:\/\/conversesacatalunya.cat\/es\/"},{"@type":"ListItem","position":2,"name":"El desorden de la Generalitat"}]},{"@type":"WebSite","@id":"https:\/\/conversesacatalunya.cat\/#website","url":"https:\/\/conversesacatalunya.cat\/","name":"Converses a Catalunya","description":"","potentialAction":[{"@type":"SearchAction","target":{"@type":"EntryPoint","urlTemplate":"https:\/\/conversesacatalunya.cat\/?s={search_term_string}"},"query-input":{"@type":"PropertyValueSpecification","valueRequired":true,"valueName":"search_term_string"}}],"inLanguage":"es"},{"@type":"Person","@id":"https:\/\/conversesacatalunya.cat\/#\/schema\/person\/7e24d1e54a2785373ddcb275eae5ed99","name":"conversesacatalunya","image":{"@type":"ImageObject","inLanguage":"es","@id":"https:\/\/conversesacatalunya.cat\/#\/schema\/person\/image\/","url":"https:\/\/conversesacatalunya.cat\/wp-content\/litespeed\/avatar\/febdfeeec89d950f01c748045a981dd2.jpg?ver=1777314535","contentUrl":"https:\/\/conversesacatalunya.cat\/wp-content\/litespeed\/avatar\/febdfeeec89d950f01c748045a981dd2.jpg?ver=1777314535","caption":"conversesacatalunya"},"url":"https:\/\/conversesacatalunya.cat\/es\/author\/carme_catala\/"}]}},"wps_subtitle":"","_links":{"self":[{"href":"https:\/\/conversesacatalunya.cat\/es\/wp-json\/wp\/v2\/posts\/36936","targetHints":{"allow":["GET"]}}],"collection":[{"href":"https:\/\/conversesacatalunya.cat\/es\/wp-json\/wp\/v2\/posts"}],"about":[{"href":"https:\/\/conversesacatalunya.cat\/es\/wp-json\/wp\/v2\/types\/post"}],"author":[{"embeddable":true,"href":"https:\/\/conversesacatalunya.cat\/es\/wp-json\/wp\/v2\/users\/2"}],"replies":[{"embeddable":true,"href":"https:\/\/conversesacatalunya.cat\/es\/wp-json\/wp\/v2\/comments?post=36936"}],"version-history":[{"count":2,"href":"https:\/\/conversesacatalunya.cat\/es\/wp-json\/wp\/v2\/posts\/36936\/revisions"}],"predecessor-version":[{"id":36937,"href":"https:\/\/conversesacatalunya.cat\/es\/wp-json\/wp\/v2\/posts\/36936\/revisions\/36937"}],"wp:featuredmedia":[{"embeddable":true,"href":"https:\/\/conversesacatalunya.cat\/es\/wp-json\/wp\/v2\/media\/36924"}],"wp:attachment":[{"href":"https:\/\/conversesacatalunya.cat\/es\/wp-json\/wp\/v2\/media?parent=36936"}],"wp:term":[{"taxonomy":"category","embeddable":true,"href":"https:\/\/conversesacatalunya.cat\/es\/wp-json\/wp\/v2\/categories?post=36936"},{"taxonomy":"post_tag","embeddable":true,"href":"https:\/\/conversesacatalunya.cat\/es\/wp-json\/wp\/v2\/tags?post=36936"}],"curies":[{"name":"wp","href":"https:\/\/api.w.org\/{rel}","templated":true}]}}