{"id":36875,"date":"2020-06-03T12:23:06","date_gmt":"2020-06-03T10:23:06","guid":{"rendered":"https:\/\/conversesacatalunya.cat\/lestrany-pacte-de-erc\/"},"modified":"2020-06-03T13:08:07","modified_gmt":"2020-06-03T11:08:07","slug":"el-extrano-pacto-de-erc","status":"publish","type":"post","link":"https:\/\/conversesacatalunya.cat\/es\/el-extrano-pacto-de-erc\/","title":{"rendered":"El extra\u00f1o pacto de ERC"},"content":{"rendered":"<p>ERC ha cerrado un nuevo acuerdo con S\u00e1nchez para abstenerse en la votaci\u00f3n que se producir\u00e1 en el Congreso con motivo de la declaraci\u00f3n de un nuevo estado de alarma anunciado como \u00faltimo. Es un cambio sustancial en relaci\u00f3n con la votaci\u00f3n anterior, que se concret\u00f3 con un \u00abNo\u00bb.<\/p>\n<p>La pregunta es qu\u00e9 ha cambiado para que se modifique la posici\u00f3n de los republicanos catalanes. Es dif\u00edcil averiguarlo, porque una de las explicaciones que han dado es desconcertante. Han argumentado que existe el acuerdo de que en la fase 3 la autoridad ser\u00e1n los respectivos presidentes de las CCAA.<\/p>\n<p>La cuesti\u00f3n es que, si no se aprobara la pr\u00f3rroga, las CCAA, empezando por la Generalitat, tendr\u00edan un panorama mejor a\u00fan, porque recuperar\u00edan la plenitud de sus competencias hoy secuestradas por el estado de alarma. Ser\u00eda el presidente, y no el \u00abpresidente-delegado\u00bb de S\u00e1nchez, quien decidir\u00eda. Esta es la conclusi\u00f3n del \u00ab\u00e9xito republicano\u00bb.<\/p>\n<p>Es dif\u00edcil presentar este resultado como un acuerdo y m\u00e1s bien parece obedecer a la decisi\u00f3n de ERC de ser socio del gobierno, un hecho que no acaba de encajar con una perspectiva independentista.<\/p>\n<p>Por si fuera poco, ERC ni siquiera ha cuestionado la invasi\u00f3n competencial que significa el ingreso m\u00ednimo vital tal como est\u00e1 planteado. La mayor\u00eda de las CCAA han reclamado el mismo trato que recibe el Pa\u00eds Vasco y Navarra de manera que son los respectivos gobiernos aut\u00f3nomos quienes los gestionan y lo integran a sus recursos. Este ser\u00eda el procedimiento no s\u00f3lo normal, sino legal, porque hay que recordar que los servicios sociales son una competencia exclusiva de las autonom\u00edas y que ahora queda desvirtuada.<\/p>\n<p>De hecho, si se presentara recurso en el Tribunal Constitucional, esta norma tal como est\u00e1 redactada ser\u00eda suspendida <span style=\"display: inline !important; float: none; background-color: #ffffff; color: #333333; cursor: text; font-family: -apple-system,BlinkMacSystemFont,'Segoe UI',Roboto,Oxygen-Sans,Ubuntu,Cantarell,'Helvetica Neue',sans-serif; font-size: 16px; font-style: normal; font-variant: normal; font-weight: 400; letter-spacing: normal; orphans: 2; text-align: left; text-decoration: none; text-indent: 0px; text-transform: none; -webkit-text-stroke-width: 0px; white-space: normal; word-spacing: 0px;\">con toda certeza<\/span>. Y encima, el ministro Escriv\u00e1 razona el trato favorable a vascos y navarros, afirmando que son los \u00fanicos que est\u00e1n preparados para ejecutar la medida con diligencia, que es una manera de declarar la incompetencia de todos los dem\u00e1s. Pero es que, al margen de los juicios subjetivos, m\u00e1s o menos acertados, del ministro hay que decir que la presunci\u00f3n sobre la capacidad del ejercicio competencial de ninguna manera liquida el derecho de ejercerlo.<\/p>\n<p>Todo ello hace que realmente la actitud de ERC pueda producir asombro entre propios y extra\u00f1os.<\/p>\n<div id=\"polls-53\" class=\"wp-polls\">\n\t<form id=\"polls_form_53\" class=\"wp-polls-form\" action=\"\/index.php\" method=\"post\">\n\t\t<p style=\"display: none;\"><input type=\"hidden\" id=\"poll_53_nonce\" name=\"wp-polls-nonce\" value=\"cd18297c23\" \/><\/p>\n\t\t<p style=\"display: none;\"><input type=\"hidden\" name=\"poll_id\" value=\"53\" \/><\/p>\n\t\t<p style=\"text-align: center\"><strong>Ser\u00e0 capa\u00e7 Barcelona de superar la crisi econ\u00f2mica, en un termini raonable?<\/strong><\/p><div id=\"polls-53-ans\" class=\"wp-polls-ans\"><ul class=\"wp-polls-ul\">\n\t\t<li><input type=\"radio\" id=\"poll-answer-112\" name=\"poll_53\" value=\"112\" \/> <label for=\"poll-answer-112\">Si<\/label><\/li>\n\t\t<li><input type=\"radio\" id=\"poll-answer-113\" name=\"poll_53\" value=\"113\" \/> <label for=\"poll-answer-113\">No<\/label><\/li>\n\t\t<\/ul><p style=\"text-align: center\"><input type=\"button\" name=\"vote\" value=\"   Vota   \" class=\"Buttons\" onclick=\"poll_vote(53);\" \/><\/p><p style=\"text-align: center\"><a href=\"#ViewPollResults\" onclick=\"poll_result(53); return false;\" title=\"View Results Of This Poll\">Mira els resultats<\/a><\/p><\/div>\n\t<\/form>\n<\/div>\n<div id=\"polls-53-loading\" class=\"wp-polls-loading\"><img decoding=\"async\" data-src=\"https:\/\/conversesacatalunya.cat\/wp-content\/plugins\/wp-polls\/images\/loading.gif\" width=\"16\" height=\"16\" alt=\"Cargando ...\" title=\"Cargando ...\" class=\"wp-polls-image lazyload\" src=\"data:image\/svg+xml;base64,PHN2ZyB3aWR0aD0iMSIgaGVpZ2h0PSIxIiB4bWxucz0iaHR0cDovL3d3dy53My5vcmcvMjAwMC9zdmciPjwvc3ZnPg==\" style=\"--smush-placeholder-width: 16px; --smush-placeholder-aspect-ratio: 16\/16;\" \/>&nbsp;Cargando ...<\/div>\n\n","protected":false},"excerpt":{"rendered":"<p>ERC ha cerrado un nuevo acuerdo con S\u00e1nchez para abstenerse en la votaci\u00f3n que se producir\u00e1 en el Congreso con motivo de la declaraci\u00f3n de un nuevo estado de alarma anunciado como \u00faltimo. Es un cambio sustancial en relaci\u00f3n con la votaci\u00f3n anterior, que se concret\u00f3 con un \u00abNo\u00bb. La pregunta es qu\u00e9 ha cambiado para que se modifique la posici\u00f3n de los republicanos catalanes. Es dif\u00edcil averiguarlo, porque una de las explicaciones que han dado es desconcertante. Han argumentado que existe el acuerdo de que en la fase 3 la autoridad ser\u00e1n los respectivos presidentes de las CCAA. La cuesti\u00f3n es que, si no se aprobara la pr\u00f3rroga, las CCAA, empezando por la Generalitat, tendr\u00edan un panorama mejor a\u00fan, porque recuperar\u00edan la plenitud de sus competencias hoy secuestradas por el estado de alarma. Ser\u00eda el presidente, y no el \u00abpresidente-delegado\u00bb de S\u00e1nchez, quien decidir\u00eda. Esta es la conclusi\u00f3n del \u00ab\u00e9xito republicano\u00bb. Es dif\u00edcil presentar este resultado como un acuerdo y m\u00e1s bien parece obedecer a la decisi\u00f3n de ERC de ser socio del gobierno, un hecho que no acaba de encajar con una perspectiva independentista. Por si fuera poco, ERC ni siquiera ha cuestionado la invasi\u00f3n competencial que significa el ingreso m\u00ednimo vital tal como est\u00e1 planteado. La mayor\u00eda de las CCAA han reclamado el mismo trato que recibe el Pa\u00eds Vasco y Navarra de manera que son los respectivos gobiernos aut\u00f3nomos quienes los gestionan y lo integran a sus recursos. Este ser\u00eda el procedimiento no s\u00f3lo normal, sino legal, porque hay que recordar que los servicios sociales son una competencia exclusiva de las autonom\u00edas y que ahora queda desvirtuada. De hecho, si se presentara recurso en el Tribunal Constitucional, esta norma tal como est\u00e1 redactada ser\u00eda suspendida con toda certeza. Y encima, el ministro Escriv\u00e1 razona el trato favorable a vascos y navarros, afirmando que son los \u00fanicos que est\u00e1n preparados para ejecutar la medida con diligencia, que es una manera de declarar la incompetencia de todos los dem\u00e1s. Pero es que, al margen de los juicios subjetivos, m\u00e1s o menos acertados, del ministro hay que decir que la presunci\u00f3n sobre la capacidad del ejercicio competencial de ninguna manera liquida el derecho de ejercerlo. Todo ello hace que realmente la actitud de ERC pueda producir asombro entre propios y extra\u00f1os.<\/p>\n","protected":false},"author":2,"featured_media":36863,"comment_status":"open","ping_status":"open","sticky":false,"template":"","format":"standard","meta":{"_FSMCFIC_featured_image_caption":"","_FSMCFIC_featured_image_nocaption":"","_FSMCFIC_featured_image_hide":"","footnotes":""},"categories":[806],"tags":[1108,1901],"class_list":["post-36875","post","type-post","status-publish","format-standard","has-post-thumbnail","hentry","category-punts-claus-del-dia-es","tag-erc-es","tag-estado-de-alarma"],"yoast_head":"<!-- This site is optimized with the Yoast SEO plugin v26.8 - https:\/\/yoast.com\/product\/yoast-seo-wordpress\/ -->\n<title>El extra\u00f1o pacto de ERC - Converses a Catalunya<\/title>\n<meta name=\"description\" content=\"ERC ha cerrado un nuevo acuerdo con S\u00e1nchez para abstenerse en la votaci\u00f3n que se producir\u00e1 en el Congreso con motivo de la declaraci\u00f3n de un nuevo estado de alarma\" \/>\n<meta name=\"robots\" content=\"index, follow, max-snippet:-1, max-image-preview:large, max-video-preview:-1\" \/>\n<link rel=\"canonical\" href=\"https:\/\/conversesacatalunya.cat\/es\/el-extrano-pacto-de-erc\/\" \/>\n<meta property=\"og:locale\" content=\"es_ES\" \/>\n<meta property=\"og:type\" content=\"article\" \/>\n<meta property=\"og:title\" content=\"El extra\u00f1o pacto de ERC - Converses a Catalunya\" \/>\n<meta property=\"og:description\" content=\"ERC ha cerrado un nuevo acuerdo con S\u00e1nchez para abstenerse en la votaci\u00f3n que se producir\u00e1 en el Congreso con motivo de la declaraci\u00f3n de un nuevo estado de alarma\" \/>\n<meta property=\"og:url\" content=\"https:\/\/conversesacatalunya.cat\/es\/el-extrano-pacto-de-erc\/\" \/>\n<meta property=\"og:site_name\" content=\"Converses a Catalunya\" \/>\n<meta property=\"article:published_time\" content=\"2020-06-03T10:23:06+00:00\" \/>\n<meta property=\"article:modified_time\" content=\"2020-06-03T11:08:07+00:00\" \/>\n<meta property=\"og:image\" content=\"https:\/\/conversesacatalunya.cat\/wp-content\/uploads\/2020\/06\/ERC.jpg\" \/>\n\t<meta property=\"og:image:width\" content=\"1600\" \/>\n\t<meta property=\"og:image:height\" content=\"900\" \/>\n\t<meta property=\"og:image:type\" content=\"image\/jpeg\" \/>\n<meta name=\"author\" content=\"conversesacatalunya\" \/>\n<meta name=\"twitter:card\" content=\"summary_large_image\" \/>\n<meta name=\"twitter:label1\" content=\"Escrito por\" \/>\n\t<meta name=\"twitter:data1\" content=\"conversesacatalunya\" \/>\n\t<meta name=\"twitter:label2\" content=\"Tiempo de lectura\" \/>\n\t<meta name=\"twitter:data2\" content=\"2 minutos\" \/>\n<script type=\"application\/ld+json\" class=\"yoast-schema-graph\">{\"@context\":\"https:\/\/schema.org\",\"@graph\":[{\"@type\":\"Article\",\"@id\":\"https:\/\/conversesacatalunya.cat\/es\/el-extrano-pacto-de-erc\/#article\",\"isPartOf\":{\"@id\":\"https:\/\/conversesacatalunya.cat\/es\/el-extrano-pacto-de-erc\/\"},\"author\":{\"name\":\"conversesacatalunya\",\"@id\":\"https:\/\/conversesacatalunya.cat\/#\/schema\/person\/7e24d1e54a2785373ddcb275eae5ed99\"},\"headline\":\"El extra\u00f1o pacto de ERC\",\"datePublished\":\"2020-06-03T10:23:06+00:00\",\"dateModified\":\"2020-06-03T11:08:07+00:00\",\"mainEntityOfPage\":{\"@id\":\"https:\/\/conversesacatalunya.cat\/es\/el-extrano-pacto-de-erc\/\"},\"wordCount\":423,\"commentCount\":0,\"image\":{\"@id\":\"https:\/\/conversesacatalunya.cat\/es\/el-extrano-pacto-de-erc\/#primaryimage\"},\"thumbnailUrl\":\"https:\/\/conversesacatalunya.cat\/wp-content\/uploads\/2020\/06\/ERC.jpg\",\"keywords\":[\"ERC\",\"Estado de Alarma\"],\"articleSection\":[\"Punts clau del dia (ES)\"],\"inLanguage\":\"es\",\"potentialAction\":[{\"@type\":\"CommentAction\",\"name\":\"Comment\",\"target\":[\"https:\/\/conversesacatalunya.cat\/es\/el-extrano-pacto-de-erc\/#respond\"]}]},{\"@type\":\"WebPage\",\"@id\":\"https:\/\/conversesacatalunya.cat\/es\/el-extrano-pacto-de-erc\/\",\"url\":\"https:\/\/conversesacatalunya.cat\/es\/el-extrano-pacto-de-erc\/\",\"name\":\"El extra\u00f1o pacto de ERC - Converses a Catalunya\",\"isPartOf\":{\"@id\":\"https:\/\/conversesacatalunya.cat\/#website\"},\"primaryImageOfPage\":{\"@id\":\"https:\/\/conversesacatalunya.cat\/es\/el-extrano-pacto-de-erc\/#primaryimage\"},\"image\":{\"@id\":\"https:\/\/conversesacatalunya.cat\/es\/el-extrano-pacto-de-erc\/#primaryimage\"},\"thumbnailUrl\":\"https:\/\/conversesacatalunya.cat\/wp-content\/uploads\/2020\/06\/ERC.jpg\",\"datePublished\":\"2020-06-03T10:23:06+00:00\",\"dateModified\":\"2020-06-03T11:08:07+00:00\",\"author\":{\"@id\":\"https:\/\/conversesacatalunya.cat\/#\/schema\/person\/7e24d1e54a2785373ddcb275eae5ed99\"},\"description\":\"ERC ha cerrado un nuevo acuerdo con S\u00e1nchez para abstenerse en la votaci\u00f3n que se producir\u00e1 en el Congreso con motivo de la declaraci\u00f3n de un nuevo estado de alarma\",\"breadcrumb\":{\"@id\":\"https:\/\/conversesacatalunya.cat\/es\/el-extrano-pacto-de-erc\/#breadcrumb\"},\"inLanguage\":\"es\",\"potentialAction\":[{\"@type\":\"ReadAction\",\"target\":[\"https:\/\/conversesacatalunya.cat\/es\/el-extrano-pacto-de-erc\/\"]}]},{\"@type\":\"ImageObject\",\"inLanguage\":\"es\",\"@id\":\"https:\/\/conversesacatalunya.cat\/es\/el-extrano-pacto-de-erc\/#primaryimage\",\"url\":\"https:\/\/conversesacatalunya.cat\/wp-content\/uploads\/2020\/06\/ERC.jpg\",\"contentUrl\":\"https:\/\/conversesacatalunya.cat\/wp-content\/uploads\/2020\/06\/ERC.jpg\",\"width\":1600,\"height\":900,\"caption\":\"ERC\"},{\"@type\":\"BreadcrumbList\",\"@id\":\"https:\/\/conversesacatalunya.cat\/es\/el-extrano-pacto-de-erc\/#breadcrumb\",\"itemListElement\":[{\"@type\":\"ListItem\",\"position\":1,\"name\":\"Inici\",\"item\":\"https:\/\/conversesacatalunya.cat\/es\/\"},{\"@type\":\"ListItem\",\"position\":2,\"name\":\"El extra\u00f1o pacto de ERC\"}]},{\"@type\":\"WebSite\",\"@id\":\"https:\/\/conversesacatalunya.cat\/#website\",\"url\":\"https:\/\/conversesacatalunya.cat\/\",\"name\":\"Converses a Catalunya\",\"description\":\"\",\"potentialAction\":[{\"@type\":\"SearchAction\",\"target\":{\"@type\":\"EntryPoint\",\"urlTemplate\":\"https:\/\/conversesacatalunya.cat\/?s={search_term_string}\"},\"query-input\":{\"@type\":\"PropertyValueSpecification\",\"valueRequired\":true,\"valueName\":\"search_term_string\"}}],\"inLanguage\":\"es\"},{\"@type\":\"Person\",\"@id\":\"https:\/\/conversesacatalunya.cat\/#\/schema\/person\/7e24d1e54a2785373ddcb275eae5ed99\",\"name\":\"conversesacatalunya\",\"image\":{\"@type\":\"ImageObject\",\"inLanguage\":\"es\",\"@id\":\"https:\/\/conversesacatalunya.cat\/#\/schema\/person\/image\/\",\"url\":\"https:\/\/conversesacatalunya.cat\/wp-content\/litespeed\/avatar\/febdfeeec89d950f01c748045a981dd2.jpg?ver=1777314535\",\"contentUrl\":\"https:\/\/conversesacatalunya.cat\/wp-content\/litespeed\/avatar\/febdfeeec89d950f01c748045a981dd2.jpg?ver=1777314535\",\"caption\":\"conversesacatalunya\"},\"url\":\"https:\/\/conversesacatalunya.cat\/es\/author\/carme_catala\/\"}]}<\/script>\n<!-- \/ Yoast SEO plugin. -->","yoast_head_json":{"title":"El extra\u00f1o pacto de ERC - Converses a Catalunya","description":"ERC ha cerrado un nuevo acuerdo con S\u00e1nchez para abstenerse en la votaci\u00f3n que se producir\u00e1 en el Congreso con motivo de la declaraci\u00f3n de un nuevo estado de alarma","robots":{"index":"index","follow":"follow","max-snippet":"max-snippet:-1","max-image-preview":"max-image-preview:large","max-video-preview":"max-video-preview:-1"},"canonical":"https:\/\/conversesacatalunya.cat\/es\/el-extrano-pacto-de-erc\/","og_locale":"es_ES","og_type":"article","og_title":"El extra\u00f1o pacto de ERC - Converses a Catalunya","og_description":"ERC ha cerrado un nuevo acuerdo con S\u00e1nchez para abstenerse en la votaci\u00f3n que se producir\u00e1 en el Congreso con motivo de la declaraci\u00f3n de un nuevo estado de alarma","og_url":"https:\/\/conversesacatalunya.cat\/es\/el-extrano-pacto-de-erc\/","og_site_name":"Converses a Catalunya","article_published_time":"2020-06-03T10:23:06+00:00","article_modified_time":"2020-06-03T11:08:07+00:00","og_image":[{"width":1600,"height":900,"url":"https:\/\/conversesacatalunya.cat\/wp-content\/uploads\/2020\/06\/ERC.jpg","type":"image\/jpeg"}],"author":"conversesacatalunya","twitter_card":"summary_large_image","twitter_misc":{"Escrito por":"conversesacatalunya","Tiempo de lectura":"2 minutos"},"schema":{"@context":"https:\/\/schema.org","@graph":[{"@type":"Article","@id":"https:\/\/conversesacatalunya.cat\/es\/el-extrano-pacto-de-erc\/#article","isPartOf":{"@id":"https:\/\/conversesacatalunya.cat\/es\/el-extrano-pacto-de-erc\/"},"author":{"name":"conversesacatalunya","@id":"https:\/\/conversesacatalunya.cat\/#\/schema\/person\/7e24d1e54a2785373ddcb275eae5ed99"},"headline":"El extra\u00f1o pacto de ERC","datePublished":"2020-06-03T10:23:06+00:00","dateModified":"2020-06-03T11:08:07+00:00","mainEntityOfPage":{"@id":"https:\/\/conversesacatalunya.cat\/es\/el-extrano-pacto-de-erc\/"},"wordCount":423,"commentCount":0,"image":{"@id":"https:\/\/conversesacatalunya.cat\/es\/el-extrano-pacto-de-erc\/#primaryimage"},"thumbnailUrl":"https:\/\/conversesacatalunya.cat\/wp-content\/uploads\/2020\/06\/ERC.jpg","keywords":["ERC","Estado de Alarma"],"articleSection":["Punts clau del dia (ES)"],"inLanguage":"es","potentialAction":[{"@type":"CommentAction","name":"Comment","target":["https:\/\/conversesacatalunya.cat\/es\/el-extrano-pacto-de-erc\/#respond"]}]},{"@type":"WebPage","@id":"https:\/\/conversesacatalunya.cat\/es\/el-extrano-pacto-de-erc\/","url":"https:\/\/conversesacatalunya.cat\/es\/el-extrano-pacto-de-erc\/","name":"El extra\u00f1o pacto de ERC - Converses a Catalunya","isPartOf":{"@id":"https:\/\/conversesacatalunya.cat\/#website"},"primaryImageOfPage":{"@id":"https:\/\/conversesacatalunya.cat\/es\/el-extrano-pacto-de-erc\/#primaryimage"},"image":{"@id":"https:\/\/conversesacatalunya.cat\/es\/el-extrano-pacto-de-erc\/#primaryimage"},"thumbnailUrl":"https:\/\/conversesacatalunya.cat\/wp-content\/uploads\/2020\/06\/ERC.jpg","datePublished":"2020-06-03T10:23:06+00:00","dateModified":"2020-06-03T11:08:07+00:00","author":{"@id":"https:\/\/conversesacatalunya.cat\/#\/schema\/person\/7e24d1e54a2785373ddcb275eae5ed99"},"description":"ERC ha cerrado un nuevo acuerdo con S\u00e1nchez para abstenerse en la votaci\u00f3n que se producir\u00e1 en el Congreso con motivo de la declaraci\u00f3n de un nuevo estado de alarma","breadcrumb":{"@id":"https:\/\/conversesacatalunya.cat\/es\/el-extrano-pacto-de-erc\/#breadcrumb"},"inLanguage":"es","potentialAction":[{"@type":"ReadAction","target":["https:\/\/conversesacatalunya.cat\/es\/el-extrano-pacto-de-erc\/"]}]},{"@type":"ImageObject","inLanguage":"es","@id":"https:\/\/conversesacatalunya.cat\/es\/el-extrano-pacto-de-erc\/#primaryimage","url":"https:\/\/conversesacatalunya.cat\/wp-content\/uploads\/2020\/06\/ERC.jpg","contentUrl":"https:\/\/conversesacatalunya.cat\/wp-content\/uploads\/2020\/06\/ERC.jpg","width":1600,"height":900,"caption":"ERC"},{"@type":"BreadcrumbList","@id":"https:\/\/conversesacatalunya.cat\/es\/el-extrano-pacto-de-erc\/#breadcrumb","itemListElement":[{"@type":"ListItem","position":1,"name":"Inici","item":"https:\/\/conversesacatalunya.cat\/es\/"},{"@type":"ListItem","position":2,"name":"El extra\u00f1o pacto de ERC"}]},{"@type":"WebSite","@id":"https:\/\/conversesacatalunya.cat\/#website","url":"https:\/\/conversesacatalunya.cat\/","name":"Converses a Catalunya","description":"","potentialAction":[{"@type":"SearchAction","target":{"@type":"EntryPoint","urlTemplate":"https:\/\/conversesacatalunya.cat\/?s={search_term_string}"},"query-input":{"@type":"PropertyValueSpecification","valueRequired":true,"valueName":"search_term_string"}}],"inLanguage":"es"},{"@type":"Person","@id":"https:\/\/conversesacatalunya.cat\/#\/schema\/person\/7e24d1e54a2785373ddcb275eae5ed99","name":"conversesacatalunya","image":{"@type":"ImageObject","inLanguage":"es","@id":"https:\/\/conversesacatalunya.cat\/#\/schema\/person\/image\/","url":"https:\/\/conversesacatalunya.cat\/wp-content\/litespeed\/avatar\/febdfeeec89d950f01c748045a981dd2.jpg?ver=1777314535","contentUrl":"https:\/\/conversesacatalunya.cat\/wp-content\/litespeed\/avatar\/febdfeeec89d950f01c748045a981dd2.jpg?ver=1777314535","caption":"conversesacatalunya"},"url":"https:\/\/conversesacatalunya.cat\/es\/author\/carme_catala\/"}]}},"wps_subtitle":"","_links":{"self":[{"href":"https:\/\/conversesacatalunya.cat\/es\/wp-json\/wp\/v2\/posts\/36875","targetHints":{"allow":["GET"]}}],"collection":[{"href":"https:\/\/conversesacatalunya.cat\/es\/wp-json\/wp\/v2\/posts"}],"about":[{"href":"https:\/\/conversesacatalunya.cat\/es\/wp-json\/wp\/v2\/types\/post"}],"author":[{"embeddable":true,"href":"https:\/\/conversesacatalunya.cat\/es\/wp-json\/wp\/v2\/users\/2"}],"replies":[{"embeddable":true,"href":"https:\/\/conversesacatalunya.cat\/es\/wp-json\/wp\/v2\/comments?post=36875"}],"version-history":[{"count":2,"href":"https:\/\/conversesacatalunya.cat\/es\/wp-json\/wp\/v2\/posts\/36875\/revisions"}],"predecessor-version":[{"id":36876,"href":"https:\/\/conversesacatalunya.cat\/es\/wp-json\/wp\/v2\/posts\/36875\/revisions\/36876"}],"wp:featuredmedia":[{"embeddable":true,"href":"https:\/\/conversesacatalunya.cat\/es\/wp-json\/wp\/v2\/media\/36863"}],"wp:attachment":[{"href":"https:\/\/conversesacatalunya.cat\/es\/wp-json\/wp\/v2\/media?parent=36875"}],"wp:term":[{"taxonomy":"category","embeddable":true,"href":"https:\/\/conversesacatalunya.cat\/es\/wp-json\/wp\/v2\/categories?post=36875"},{"taxonomy":"post_tag","embeddable":true,"href":"https:\/\/conversesacatalunya.cat\/es\/wp-json\/wp\/v2\/tags?post=36875"}],"curies":[{"name":"wp","href":"https:\/\/api.w.org\/{rel}","templated":true}]}}