{"id":36870,"date":"2020-06-03T11:24:27","date_gmt":"2020-06-03T09:24:27","guid":{"rendered":"https:\/\/conversesacatalunya.cat\/pujol-fa-90-anys-i-nissan-marxa\/"},"modified":"2020-06-03T12:58:57","modified_gmt":"2020-06-03T10:58:57","slug":"pujol-cumple-90-anos-y-nissan-se-marcha","status":"publish","type":"post","link":"https:\/\/conversesacatalunya.cat\/es\/pujol-cumple-90-anos-y-nissan-se-marcha\/","title":{"rendered":"Pujol cumple 90 a\u00f1os y Nissan se marcha"},"content":{"rendered":"<p>El 9 de junio Pujol cumplir\u00e1 90 a\u00f1os y tambi\u00e9n se cumplir\u00e1n, de hecho se cumplieron en abril, los 40 a\u00f1os de su primera presidencia de la Generalitat.<\/p>\n<p>Pujol consigui\u00f3, en un momento dram\u00e1tico debido a la gran crisis econ\u00f3mica que destruy\u00f3 gran parte del tejido industrial catal\u00e1n, empezando por el textil que qued\u00f3 casi desaparecido, atraer a industrias a Catalu\u00f1a. Tambi\u00e9n fue la \u00e9poca en que se liquidaron empresas emblem\u00e1ticas del sector de la automoci\u00f3n como Montesa, Ossa y Bultaco.<\/p>\n<p>En medio de aquel desastre, sin embargo, se produjo una primera luz: la progresiva instalaci\u00f3n de la multinacional Nissan en Catalu\u00f1a, a trav\u00e9s de la adquisici\u00f3n de la f\u00e1brica de camiones y tractores Ebro. A lo largo de 7 a\u00f1os, de 1980 a 1987, la empresa japonesa adquiri\u00f3 la totalidad de las acciones a la canadiense Massey Fergusson, constituyendo as\u00ed Nissan Motor Ib\u00e9rica, desde entonces estrechamente vinculada a la industria de Catalu\u00f1a.<\/p>\n<p>Tambi\u00e9n fue el precedente del inter\u00e9s de otras empresas japonesas por ubicarse en Catalu\u00f1a. La ve\u00edan como una buena base de operaciones para hacerse presentes en Europa, a la vez que Espa\u00f1a se incorporaba a la CEE.<\/p>\n<p>En esta din\u00e1mica, el presidente Pujol fue determinante. Todav\u00eda hoy lo destaca la Asociaci\u00f3n de Empresas Japonesas en Espa\u00f1a, Shach Kai: \u00abSu papel fue determinante para establecer un flujo de localizaciones y situar la Generalitat como un interlocutor decisivo en Jap\u00f3n\u00bb.<\/p>\n<p>En 1990 el primer ministro japon\u00e9s, Kaifu, dijo que \u00abPujol era un hombre clave para las relaciones de Jap\u00f3n con Espa\u00f1a\u00bb, y lo prueba el hecho de que sea uno de los gobernantes que haya tenido la distinci\u00f3n de ser recibido en dos ocasiones diferentes por el emperador de Jap\u00f3n. Fruto de toda aquella actividad fue la implantaci\u00f3n de empresas japonesas, como es el caso de Sony y muchas otras, por lo que hoy todav\u00eda Catalu\u00f1a es la comunidad con m\u00e1s presencia industrial de Jap\u00f3n.<\/p>\n<p>Pero esta visi\u00f3n es enga\u00f1osa, porque responde al pasado. Ahora la din\u00e1mica es diferente. Madrid ya hace algunos a\u00f1os que supera a Catalu\u00f1a en nueva inversi\u00f3n, tanto que concentra el 90% de toda la que se ha llevado a cabo. El protagonismo catal\u00e1n en Jap\u00f3n ha pasado a mayor vida, y todo aquel denso entramado de relaciones que construy\u00f3 Pujol ha sido malversado. Como mucho, hoy lo que hay es un presidente gesticulando al que, una vez decidido el cierre de Nissan, no se le ocurre otra cosa que \u00abpedir una interlocuci\u00f3n directa con Jap\u00f3n\u00bb. Lo que no explic\u00f3 Torra es a qui\u00e9n lo pide, porque la carta a los Reyes Magos a\u00fan queda lejos.<\/p>\n<span class='bctt-click-to-tweet'><span class='bctt-ctt-text'><a href='https:\/\/twitter.com\/intent\/tweet?url=https%3A%2F%2Fconversesacatalunya.cat%2Fes%2Fpujol-cumple-90-anos-y-nissan-se-marcha%2F&#038;text=Madrid%20ya%20hace%20algunos%20a%C3%B1os%20que%20supera%20a%20Catalu%C3%B1a%20en%20nueva%20inversi%C3%B3n%2C%20tanto%20que%20concentra%20el%2090%25%20de%20toda%20la%20que%20se%20ha%20llevado%20a%20cabo&#038;via=conversesacat&#038;related=conversesacat' target='_blank'rel=\"noopener noreferrer\">Madrid ya hace algunos a\u00f1os que supera a Catalu\u00f1a en nueva inversi\u00f3n, tanto que concentra el 90% de toda la que se ha llevado a cabo <\/a><\/span><a href='https:\/\/twitter.com\/intent\/tweet?url=https%3A%2F%2Fconversesacatalunya.cat%2Fes%2Fpujol-cumple-90-anos-y-nissan-se-marcha%2F&#038;text=Madrid%20ya%20hace%20algunos%20a%C3%B1os%20que%20supera%20a%20Catalu%C3%B1a%20en%20nueva%20inversi%C3%B3n%2C%20tanto%20que%20concentra%20el%2090%25%20de%20toda%20la%20que%20se%20ha%20llevado%20a%20cabo&#038;via=conversesacat&#038;related=conversesacat' target='_blank' class='bctt-ctt-btn'rel=\"noopener noreferrer\">Compartir en X<\/a><\/span>\n<div id=\"polls-53\" class=\"wp-polls\">\n\t<form id=\"polls_form_53\" class=\"wp-polls-form\" action=\"\/index.php\" method=\"post\">\n\t\t<p style=\"display: none;\"><input type=\"hidden\" id=\"poll_53_nonce\" name=\"wp-polls-nonce\" value=\"531c8a2160\" \/><\/p>\n\t\t<p style=\"display: none;\"><input type=\"hidden\" name=\"poll_id\" value=\"53\" \/><\/p>\n\t\t<p style=\"text-align: center\"><strong>Ser\u00e0 capa\u00e7 Barcelona de superar la crisi econ\u00f2mica, en un termini raonable?<\/strong><\/p><div id=\"polls-53-ans\" class=\"wp-polls-ans\"><ul class=\"wp-polls-ul\">\n\t\t<li><input type=\"radio\" id=\"poll-answer-112\" name=\"poll_53\" value=\"112\" \/> <label for=\"poll-answer-112\">Si<\/label><\/li>\n\t\t<li><input type=\"radio\" id=\"poll-answer-113\" name=\"poll_53\" value=\"113\" \/> <label for=\"poll-answer-113\">No<\/label><\/li>\n\t\t<\/ul><p style=\"text-align: center\"><input type=\"button\" name=\"vote\" value=\"   Vota   \" class=\"Buttons\" onclick=\"poll_vote(53);\" \/><\/p><p style=\"text-align: center\"><a href=\"#ViewPollResults\" onclick=\"poll_result(53); return false;\" title=\"View Results Of This Poll\">Mira els resultats<\/a><\/p><\/div>\n\t<\/form>\n<\/div>\n<div id=\"polls-53-loading\" class=\"wp-polls-loading\"><img decoding=\"async\" data-src=\"https:\/\/conversesacatalunya.cat\/wp-content\/plugins\/wp-polls\/images\/loading.gif\" width=\"16\" height=\"16\" alt=\"Cargando ...\" title=\"Cargando ...\" class=\"wp-polls-image lazyload\" src=\"data:image\/svg+xml;base64,PHN2ZyB3aWR0aD0iMSIgaGVpZ2h0PSIxIiB4bWxucz0iaHR0cDovL3d3dy53My5vcmcvMjAwMC9zdmciPjwvc3ZnPg==\" style=\"--smush-placeholder-width: 16px; --smush-placeholder-aspect-ratio: 16\/16;\" \/>&nbsp;Cargando ...<\/div>\n\n","protected":false},"excerpt":{"rendered":"<p>El 9 de junio Pujol cumplir\u00e1 90 a\u00f1os y tambi\u00e9n se cumplir\u00e1n, de hecho se cumplieron en abril, los 40 a\u00f1os de su primera presidencia de la Generalitat. Pujol consigui\u00f3, en un momento dram\u00e1tico debido a la gran crisis econ\u00f3mica que destruy\u00f3 gran parte del tejido industrial catal\u00e1n, empezando por el textil que qued\u00f3 casi desaparecido, atraer a industrias a Catalu\u00f1a. Tambi\u00e9n fue la \u00e9poca en que se liquidaron empresas emblem\u00e1ticas del sector de la automoci\u00f3n como Montesa, Ossa y Bultaco. En medio de aquel desastre, sin embargo, se produjo una primera luz: la progresiva instalaci\u00f3n de la multinacional Nissan en Catalu\u00f1a, a trav\u00e9s de la adquisici\u00f3n de la f\u00e1brica de camiones y tractores Ebro. A lo largo de 7 a\u00f1os, de 1980 a 1987, la empresa japonesa adquiri\u00f3 la totalidad de las acciones a la canadiense Massey Fergusson, constituyendo as\u00ed Nissan Motor Ib\u00e9rica, desde entonces estrechamente vinculada a la industria de Catalu\u00f1a. Tambi\u00e9n fue el precedente del inter\u00e9s de otras empresas japonesas por ubicarse en Catalu\u00f1a. La ve\u00edan como una buena base de operaciones para hacerse presentes en Europa, a la vez que Espa\u00f1a se incorporaba a la CEE. En esta din\u00e1mica, el presidente Pujol fue determinante. Todav\u00eda hoy lo destaca la Asociaci\u00f3n de Empresas Japonesas en Espa\u00f1a, Shach Kai: \u00abSu papel fue determinante para establecer un flujo de localizaciones y situar la Generalitat como un interlocutor decisivo en Jap\u00f3n\u00bb. En 1990 el primer ministro japon\u00e9s, Kaifu, dijo que \u00abPujol era un hombre clave para las relaciones de Jap\u00f3n con Espa\u00f1a\u00bb, y lo prueba el hecho de que sea uno de los gobernantes que haya tenido la distinci\u00f3n de ser recibido en dos ocasiones diferentes por el emperador de Jap\u00f3n. Fruto de toda aquella actividad fue la implantaci\u00f3n de empresas japonesas, como es el caso de Sony y muchas otras, por lo que hoy todav\u00eda Catalu\u00f1a es la comunidad con m\u00e1s presencia industrial de Jap\u00f3n. Pero esta visi\u00f3n es enga\u00f1osa, porque responde al pasado. Ahora la din\u00e1mica es diferente. Madrid ya hace algunos a\u00f1os que supera a Catalu\u00f1a en nueva inversi\u00f3n, tanto que concentra el 90% de toda la que se ha llevado a cabo. El protagonismo catal\u00e1n en Jap\u00f3n ha pasado a mayor vida, y todo aquel denso entramado de relaciones que construy\u00f3 Pujol ha sido malversado. Como mucho, hoy lo que hay es un presidente gesticulando al que, una vez decidido el cierre de Nissan, no se le ocurre otra cosa que \u00abpedir una interlocuci\u00f3n directa con Jap\u00f3n\u00bb. Lo que no explic\u00f3 Torra es a qui\u00e9n lo pide, porque la carta a los Reyes Magos a\u00fan queda lejos.<\/p>\n","protected":false},"author":2,"featured_media":36856,"comment_status":"open","ping_status":"open","sticky":false,"template":"","format":"standard","meta":{"_FSMCFIC_featured_image_caption":"","_FSMCFIC_featured_image_nocaption":"","_FSMCFIC_featured_image_hide":"","footnotes":""},"categories":[806],"tags":[843,1572],"class_list":["post-36870","post","type-post","status-publish","format-standard","has-post-thumbnail","hentry","category-punts-claus-del-dia-es","tag-jordi-pujol-es","tag-nissan-es"],"yoast_head":"<!-- This site is optimized with the Yoast SEO plugin v26.8 - https:\/\/yoast.com\/product\/yoast-seo-wordpress\/ -->\n<title>Pujol cumple 90 a\u00f1os y Nissan se marcha - Converses a Catalunya<\/title>\n<meta name=\"robots\" content=\"index, follow, max-snippet:-1, max-image-preview:large, max-video-preview:-1\" \/>\n<link rel=\"canonical\" href=\"https:\/\/conversesacatalunya.cat\/es\/pujol-cumple-90-anos-y-nissan-se-marcha\/\" \/>\n<meta property=\"og:locale\" content=\"es_ES\" \/>\n<meta property=\"og:type\" content=\"article\" \/>\n<meta property=\"og:title\" content=\"Pujol cumple 90 a\u00f1os y Nissan se marcha - Converses a Catalunya\" \/>\n<meta property=\"og:description\" content=\"El 9 de junio Pujol cumplir\u00e1 90 a\u00f1os y tambi\u00e9n se cumplir\u00e1n, de hecho se cumplieron en abril, los 40 a\u00f1os de su primera presidencia de la Generalitat. Pujol consigui\u00f3, en un momento dram\u00e1tico debido a la gran crisis econ\u00f3mica que destruy\u00f3 gran parte del tejido industrial catal\u00e1n, empezando por el textil que qued\u00f3 casi desaparecido, atraer a industrias a Catalu\u00f1a. Tambi\u00e9n fue la \u00e9poca en que se liquidaron empresas emblem\u00e1ticas del sector de la automoci\u00f3n como Montesa, Ossa y Bultaco. En medio de aquel desastre, sin embargo, se produjo una primera luz: la progresiva instalaci\u00f3n de la multinacional Nissan en Catalu\u00f1a, a trav\u00e9s de la adquisici\u00f3n de la f\u00e1brica de camiones y tractores Ebro. A lo largo de 7 a\u00f1os, de 1980 a 1987, la empresa japonesa adquiri\u00f3 la totalidad de las acciones a la canadiense Massey Fergusson, constituyendo as\u00ed Nissan Motor Ib\u00e9rica, desde entonces estrechamente vinculada a la industria de Catalu\u00f1a. Tambi\u00e9n fue el precedente del inter\u00e9s de otras empresas japonesas por ubicarse en Catalu\u00f1a. La ve\u00edan como una buena base de operaciones para hacerse presentes en Europa, a la vez que Espa\u00f1a se incorporaba a la CEE. En esta din\u00e1mica, el presidente Pujol fue determinante. Todav\u00eda hoy lo destaca la Asociaci\u00f3n de Empresas Japonesas en Espa\u00f1a, Shach Kai: \u00abSu papel fue determinante para establecer un flujo de localizaciones y situar la Generalitat como un interlocutor decisivo en Jap\u00f3n\u00bb. En 1990 el primer ministro japon\u00e9s, Kaifu, dijo que \u00abPujol era un hombre clave para las relaciones de Jap\u00f3n con Espa\u00f1a\u00bb, y lo prueba el hecho de que sea uno de los gobernantes que haya tenido la distinci\u00f3n de ser recibido en dos ocasiones diferentes por el emperador de Jap\u00f3n. Fruto de toda aquella actividad fue la implantaci\u00f3n de empresas japonesas, como es el caso de Sony y muchas otras, por lo que hoy todav\u00eda Catalu\u00f1a es la comunidad con m\u00e1s presencia industrial de Jap\u00f3n. Pero esta visi\u00f3n es enga\u00f1osa, porque responde al pasado. Ahora la din\u00e1mica es diferente. Madrid ya hace algunos a\u00f1os que supera a Catalu\u00f1a en nueva inversi\u00f3n, tanto que concentra el 90% de toda la que se ha llevado a cabo. El protagonismo catal\u00e1n en Jap\u00f3n ha pasado a mayor vida, y todo aquel denso entramado de relaciones que construy\u00f3 Pujol ha sido malversado. Como mucho, hoy lo que hay es un presidente gesticulando al que, una vez decidido el cierre de Nissan, no se le ocurre otra cosa que \u00abpedir una interlocuci\u00f3n directa con Jap\u00f3n\u00bb. Lo que no explic\u00f3 Torra es a qui\u00e9n lo pide, porque la carta a los Reyes Magos a\u00fan queda lejos.\" \/>\n<meta property=\"og:url\" content=\"https:\/\/conversesacatalunya.cat\/es\/pujol-cumple-90-anos-y-nissan-se-marcha\/\" \/>\n<meta property=\"og:site_name\" content=\"Converses a Catalunya\" \/>\n<meta property=\"article:published_time\" content=\"2020-06-03T09:24:27+00:00\" \/>\n<meta property=\"article:modified_time\" content=\"2020-06-03T10:58:57+00:00\" \/>\n<meta property=\"og:image\" content=\"https:\/\/conversesacatalunya.cat\/wp-content\/uploads\/2020\/06\/pujol.png\" \/>\n\t<meta property=\"og:image:width\" content=\"612\" \/>\n\t<meta property=\"og:image:height\" content=\"408\" \/>\n\t<meta property=\"og:image:type\" content=\"image\/png\" \/>\n<meta name=\"author\" content=\"conversesacatalunya\" \/>\n<meta name=\"twitter:card\" content=\"summary_large_image\" \/>\n<meta name=\"twitter:label1\" content=\"Escrito por\" \/>\n\t<meta name=\"twitter:data1\" content=\"conversesacatalunya\" \/>\n\t<meta name=\"twitter:label2\" content=\"Tiempo de lectura\" \/>\n\t<meta name=\"twitter:data2\" content=\"3 minutos\" \/>\n<script type=\"application\/ld+json\" class=\"yoast-schema-graph\">{\"@context\":\"https:\/\/schema.org\",\"@graph\":[{\"@type\":\"Article\",\"@id\":\"https:\/\/conversesacatalunya.cat\/es\/pujol-cumple-90-anos-y-nissan-se-marcha\/#article\",\"isPartOf\":{\"@id\":\"https:\/\/conversesacatalunya.cat\/es\/pujol-cumple-90-anos-y-nissan-se-marcha\/\"},\"author\":{\"name\":\"conversesacatalunya\",\"@id\":\"https:\/\/conversesacatalunya.cat\/#\/schema\/person\/7e24d1e54a2785373ddcb275eae5ed99\"},\"headline\":\"Pujol cumple 90 a\u00f1os y Nissan se marcha\",\"datePublished\":\"2020-06-03T09:24:27+00:00\",\"dateModified\":\"2020-06-03T10:58:57+00:00\",\"mainEntityOfPage\":{\"@id\":\"https:\/\/conversesacatalunya.cat\/es\/pujol-cumple-90-anos-y-nissan-se-marcha\/\"},\"wordCount\":516,\"commentCount\":0,\"image\":{\"@id\":\"https:\/\/conversesacatalunya.cat\/es\/pujol-cumple-90-anos-y-nissan-se-marcha\/#primaryimage\"},\"thumbnailUrl\":\"https:\/\/conversesacatalunya.cat\/wp-content\/uploads\/2020\/06\/pujol.png\",\"keywords\":[\"Jordi Pujol\",\"Nissan\"],\"articleSection\":[\"Punts clau del dia (ES)\"],\"inLanguage\":\"es\",\"potentialAction\":[{\"@type\":\"CommentAction\",\"name\":\"Comment\",\"target\":[\"https:\/\/conversesacatalunya.cat\/es\/pujol-cumple-90-anos-y-nissan-se-marcha\/#respond\"]}]},{\"@type\":\"WebPage\",\"@id\":\"https:\/\/conversesacatalunya.cat\/es\/pujol-cumple-90-anos-y-nissan-se-marcha\/\",\"url\":\"https:\/\/conversesacatalunya.cat\/es\/pujol-cumple-90-anos-y-nissan-se-marcha\/\",\"name\":\"Pujol cumple 90 a\u00f1os y Nissan se marcha - Converses a Catalunya\",\"isPartOf\":{\"@id\":\"https:\/\/conversesacatalunya.cat\/#website\"},\"primaryImageOfPage\":{\"@id\":\"https:\/\/conversesacatalunya.cat\/es\/pujol-cumple-90-anos-y-nissan-se-marcha\/#primaryimage\"},\"image\":{\"@id\":\"https:\/\/conversesacatalunya.cat\/es\/pujol-cumple-90-anos-y-nissan-se-marcha\/#primaryimage\"},\"thumbnailUrl\":\"https:\/\/conversesacatalunya.cat\/wp-content\/uploads\/2020\/06\/pujol.png\",\"datePublished\":\"2020-06-03T09:24:27+00:00\",\"dateModified\":\"2020-06-03T10:58:57+00:00\",\"author\":{\"@id\":\"https:\/\/conversesacatalunya.cat\/#\/schema\/person\/7e24d1e54a2785373ddcb275eae5ed99\"},\"breadcrumb\":{\"@id\":\"https:\/\/conversesacatalunya.cat\/es\/pujol-cumple-90-anos-y-nissan-se-marcha\/#breadcrumb\"},\"inLanguage\":\"es\",\"potentialAction\":[{\"@type\":\"ReadAction\",\"target\":[\"https:\/\/conversesacatalunya.cat\/es\/pujol-cumple-90-anos-y-nissan-se-marcha\/\"]}]},{\"@type\":\"ImageObject\",\"inLanguage\":\"es\",\"@id\":\"https:\/\/conversesacatalunya.cat\/es\/pujol-cumple-90-anos-y-nissan-se-marcha\/#primaryimage\",\"url\":\"https:\/\/conversesacatalunya.cat\/wp-content\/uploads\/2020\/06\/pujol.png\",\"contentUrl\":\"https:\/\/conversesacatalunya.cat\/wp-content\/uploads\/2020\/06\/pujol.png\",\"width\":612,\"height\":408,\"caption\":\"Pujol\"},{\"@type\":\"BreadcrumbList\",\"@id\":\"https:\/\/conversesacatalunya.cat\/es\/pujol-cumple-90-anos-y-nissan-se-marcha\/#breadcrumb\",\"itemListElement\":[{\"@type\":\"ListItem\",\"position\":1,\"name\":\"Inici\",\"item\":\"https:\/\/conversesacatalunya.cat\/es\/\"},{\"@type\":\"ListItem\",\"position\":2,\"name\":\"Pujol cumple 90 a\u00f1os y Nissan se marcha\"}]},{\"@type\":\"WebSite\",\"@id\":\"https:\/\/conversesacatalunya.cat\/#website\",\"url\":\"https:\/\/conversesacatalunya.cat\/\",\"name\":\"Converses a Catalunya\",\"description\":\"\",\"potentialAction\":[{\"@type\":\"SearchAction\",\"target\":{\"@type\":\"EntryPoint\",\"urlTemplate\":\"https:\/\/conversesacatalunya.cat\/?s={search_term_string}\"},\"query-input\":{\"@type\":\"PropertyValueSpecification\",\"valueRequired\":true,\"valueName\":\"search_term_string\"}}],\"inLanguage\":\"es\"},{\"@type\":\"Person\",\"@id\":\"https:\/\/conversesacatalunya.cat\/#\/schema\/person\/7e24d1e54a2785373ddcb275eae5ed99\",\"name\":\"conversesacatalunya\",\"image\":{\"@type\":\"ImageObject\",\"inLanguage\":\"es\",\"@id\":\"https:\/\/conversesacatalunya.cat\/#\/schema\/person\/image\/\",\"url\":\"https:\/\/conversesacatalunya.cat\/wp-content\/litespeed\/avatar\/febdfeeec89d950f01c748045a981dd2.jpg?ver=1777314535\",\"contentUrl\":\"https:\/\/conversesacatalunya.cat\/wp-content\/litespeed\/avatar\/febdfeeec89d950f01c748045a981dd2.jpg?ver=1777314535\",\"caption\":\"conversesacatalunya\"},\"url\":\"https:\/\/conversesacatalunya.cat\/es\/author\/carme_catala\/\"}]}<\/script>\n<!-- \/ Yoast SEO plugin. -->","yoast_head_json":{"title":"Pujol cumple 90 a\u00f1os y Nissan se marcha - Converses a Catalunya","robots":{"index":"index","follow":"follow","max-snippet":"max-snippet:-1","max-image-preview":"max-image-preview:large","max-video-preview":"max-video-preview:-1"},"canonical":"https:\/\/conversesacatalunya.cat\/es\/pujol-cumple-90-anos-y-nissan-se-marcha\/","og_locale":"es_ES","og_type":"article","og_title":"Pujol cumple 90 a\u00f1os y Nissan se marcha - Converses a Catalunya","og_description":"El 9 de junio Pujol cumplir\u00e1 90 a\u00f1os y tambi\u00e9n se cumplir\u00e1n, de hecho se cumplieron en abril, los 40 a\u00f1os de su primera presidencia de la Generalitat. Pujol consigui\u00f3, en un momento dram\u00e1tico debido a la gran crisis econ\u00f3mica que destruy\u00f3 gran parte del tejido industrial catal\u00e1n, empezando por el textil que qued\u00f3 casi desaparecido, atraer a industrias a Catalu\u00f1a. Tambi\u00e9n fue la \u00e9poca en que se liquidaron empresas emblem\u00e1ticas del sector de la automoci\u00f3n como Montesa, Ossa y Bultaco. En medio de aquel desastre, sin embargo, se produjo una primera luz: la progresiva instalaci\u00f3n de la multinacional Nissan en Catalu\u00f1a, a trav\u00e9s de la adquisici\u00f3n de la f\u00e1brica de camiones y tractores Ebro. A lo largo de 7 a\u00f1os, de 1980 a 1987, la empresa japonesa adquiri\u00f3 la totalidad de las acciones a la canadiense Massey Fergusson, constituyendo as\u00ed Nissan Motor Ib\u00e9rica, desde entonces estrechamente vinculada a la industria de Catalu\u00f1a. Tambi\u00e9n fue el precedente del inter\u00e9s de otras empresas japonesas por ubicarse en Catalu\u00f1a. La ve\u00edan como una buena base de operaciones para hacerse presentes en Europa, a la vez que Espa\u00f1a se incorporaba a la CEE. En esta din\u00e1mica, el presidente Pujol fue determinante. Todav\u00eda hoy lo destaca la Asociaci\u00f3n de Empresas Japonesas en Espa\u00f1a, Shach Kai: \u00abSu papel fue determinante para establecer un flujo de localizaciones y situar la Generalitat como un interlocutor decisivo en Jap\u00f3n\u00bb. En 1990 el primer ministro japon\u00e9s, Kaifu, dijo que \u00abPujol era un hombre clave para las relaciones de Jap\u00f3n con Espa\u00f1a\u00bb, y lo prueba el hecho de que sea uno de los gobernantes que haya tenido la distinci\u00f3n de ser recibido en dos ocasiones diferentes por el emperador de Jap\u00f3n. Fruto de toda aquella actividad fue la implantaci\u00f3n de empresas japonesas, como es el caso de Sony y muchas otras, por lo que hoy todav\u00eda Catalu\u00f1a es la comunidad con m\u00e1s presencia industrial de Jap\u00f3n. Pero esta visi\u00f3n es enga\u00f1osa, porque responde al pasado. Ahora la din\u00e1mica es diferente. Madrid ya hace algunos a\u00f1os que supera a Catalu\u00f1a en nueva inversi\u00f3n, tanto que concentra el 90% de toda la que se ha llevado a cabo. El protagonismo catal\u00e1n en Jap\u00f3n ha pasado a mayor vida, y todo aquel denso entramado de relaciones que construy\u00f3 Pujol ha sido malversado. Como mucho, hoy lo que hay es un presidente gesticulando al que, una vez decidido el cierre de Nissan, no se le ocurre otra cosa que \u00abpedir una interlocuci\u00f3n directa con Jap\u00f3n\u00bb. Lo que no explic\u00f3 Torra es a qui\u00e9n lo pide, porque la carta a los Reyes Magos a\u00fan queda lejos.","og_url":"https:\/\/conversesacatalunya.cat\/es\/pujol-cumple-90-anos-y-nissan-se-marcha\/","og_site_name":"Converses a Catalunya","article_published_time":"2020-06-03T09:24:27+00:00","article_modified_time":"2020-06-03T10:58:57+00:00","og_image":[{"width":612,"height":408,"url":"https:\/\/conversesacatalunya.cat\/wp-content\/uploads\/2020\/06\/pujol.png","type":"image\/png"}],"author":"conversesacatalunya","twitter_card":"summary_large_image","twitter_misc":{"Escrito por":"conversesacatalunya","Tiempo de lectura":"3 minutos"},"schema":{"@context":"https:\/\/schema.org","@graph":[{"@type":"Article","@id":"https:\/\/conversesacatalunya.cat\/es\/pujol-cumple-90-anos-y-nissan-se-marcha\/#article","isPartOf":{"@id":"https:\/\/conversesacatalunya.cat\/es\/pujol-cumple-90-anos-y-nissan-se-marcha\/"},"author":{"name":"conversesacatalunya","@id":"https:\/\/conversesacatalunya.cat\/#\/schema\/person\/7e24d1e54a2785373ddcb275eae5ed99"},"headline":"Pujol cumple 90 a\u00f1os y Nissan se marcha","datePublished":"2020-06-03T09:24:27+00:00","dateModified":"2020-06-03T10:58:57+00:00","mainEntityOfPage":{"@id":"https:\/\/conversesacatalunya.cat\/es\/pujol-cumple-90-anos-y-nissan-se-marcha\/"},"wordCount":516,"commentCount":0,"image":{"@id":"https:\/\/conversesacatalunya.cat\/es\/pujol-cumple-90-anos-y-nissan-se-marcha\/#primaryimage"},"thumbnailUrl":"https:\/\/conversesacatalunya.cat\/wp-content\/uploads\/2020\/06\/pujol.png","keywords":["Jordi Pujol","Nissan"],"articleSection":["Punts clau del dia (ES)"],"inLanguage":"es","potentialAction":[{"@type":"CommentAction","name":"Comment","target":["https:\/\/conversesacatalunya.cat\/es\/pujol-cumple-90-anos-y-nissan-se-marcha\/#respond"]}]},{"@type":"WebPage","@id":"https:\/\/conversesacatalunya.cat\/es\/pujol-cumple-90-anos-y-nissan-se-marcha\/","url":"https:\/\/conversesacatalunya.cat\/es\/pujol-cumple-90-anos-y-nissan-se-marcha\/","name":"Pujol cumple 90 a\u00f1os y Nissan se marcha - Converses a Catalunya","isPartOf":{"@id":"https:\/\/conversesacatalunya.cat\/#website"},"primaryImageOfPage":{"@id":"https:\/\/conversesacatalunya.cat\/es\/pujol-cumple-90-anos-y-nissan-se-marcha\/#primaryimage"},"image":{"@id":"https:\/\/conversesacatalunya.cat\/es\/pujol-cumple-90-anos-y-nissan-se-marcha\/#primaryimage"},"thumbnailUrl":"https:\/\/conversesacatalunya.cat\/wp-content\/uploads\/2020\/06\/pujol.png","datePublished":"2020-06-03T09:24:27+00:00","dateModified":"2020-06-03T10:58:57+00:00","author":{"@id":"https:\/\/conversesacatalunya.cat\/#\/schema\/person\/7e24d1e54a2785373ddcb275eae5ed99"},"breadcrumb":{"@id":"https:\/\/conversesacatalunya.cat\/es\/pujol-cumple-90-anos-y-nissan-se-marcha\/#breadcrumb"},"inLanguage":"es","potentialAction":[{"@type":"ReadAction","target":["https:\/\/conversesacatalunya.cat\/es\/pujol-cumple-90-anos-y-nissan-se-marcha\/"]}]},{"@type":"ImageObject","inLanguage":"es","@id":"https:\/\/conversesacatalunya.cat\/es\/pujol-cumple-90-anos-y-nissan-se-marcha\/#primaryimage","url":"https:\/\/conversesacatalunya.cat\/wp-content\/uploads\/2020\/06\/pujol.png","contentUrl":"https:\/\/conversesacatalunya.cat\/wp-content\/uploads\/2020\/06\/pujol.png","width":612,"height":408,"caption":"Pujol"},{"@type":"BreadcrumbList","@id":"https:\/\/conversesacatalunya.cat\/es\/pujol-cumple-90-anos-y-nissan-se-marcha\/#breadcrumb","itemListElement":[{"@type":"ListItem","position":1,"name":"Inici","item":"https:\/\/conversesacatalunya.cat\/es\/"},{"@type":"ListItem","position":2,"name":"Pujol cumple 90 a\u00f1os y Nissan se marcha"}]},{"@type":"WebSite","@id":"https:\/\/conversesacatalunya.cat\/#website","url":"https:\/\/conversesacatalunya.cat\/","name":"Converses a Catalunya","description":"","potentialAction":[{"@type":"SearchAction","target":{"@type":"EntryPoint","urlTemplate":"https:\/\/conversesacatalunya.cat\/?s={search_term_string}"},"query-input":{"@type":"PropertyValueSpecification","valueRequired":true,"valueName":"search_term_string"}}],"inLanguage":"es"},{"@type":"Person","@id":"https:\/\/conversesacatalunya.cat\/#\/schema\/person\/7e24d1e54a2785373ddcb275eae5ed99","name":"conversesacatalunya","image":{"@type":"ImageObject","inLanguage":"es","@id":"https:\/\/conversesacatalunya.cat\/#\/schema\/person\/image\/","url":"https:\/\/conversesacatalunya.cat\/wp-content\/litespeed\/avatar\/febdfeeec89d950f01c748045a981dd2.jpg?ver=1777314535","contentUrl":"https:\/\/conversesacatalunya.cat\/wp-content\/litespeed\/avatar\/febdfeeec89d950f01c748045a981dd2.jpg?ver=1777314535","caption":"conversesacatalunya"},"url":"https:\/\/conversesacatalunya.cat\/es\/author\/carme_catala\/"}]}},"wps_subtitle":"","_links":{"self":[{"href":"https:\/\/conversesacatalunya.cat\/es\/wp-json\/wp\/v2\/posts\/36870","targetHints":{"allow":["GET"]}}],"collection":[{"href":"https:\/\/conversesacatalunya.cat\/es\/wp-json\/wp\/v2\/posts"}],"about":[{"href":"https:\/\/conversesacatalunya.cat\/es\/wp-json\/wp\/v2\/types\/post"}],"author":[{"embeddable":true,"href":"https:\/\/conversesacatalunya.cat\/es\/wp-json\/wp\/v2\/users\/2"}],"replies":[{"embeddable":true,"href":"https:\/\/conversesacatalunya.cat\/es\/wp-json\/wp\/v2\/comments?post=36870"}],"version-history":[{"count":3,"href":"https:\/\/conversesacatalunya.cat\/es\/wp-json\/wp\/v2\/posts\/36870\/revisions"}],"predecessor-version":[{"id":36871,"href":"https:\/\/conversesacatalunya.cat\/es\/wp-json\/wp\/v2\/posts\/36870\/revisions\/36871"}],"wp:featuredmedia":[{"embeddable":true,"href":"https:\/\/conversesacatalunya.cat\/es\/wp-json\/wp\/v2\/media\/36856"}],"wp:attachment":[{"href":"https:\/\/conversesacatalunya.cat\/es\/wp-json\/wp\/v2\/media?parent=36870"}],"wp:term":[{"taxonomy":"category","embeddable":true,"href":"https:\/\/conversesacatalunya.cat\/es\/wp-json\/wp\/v2\/categories?post=36870"},{"taxonomy":"post_tag","embeddable":true,"href":"https:\/\/conversesacatalunya.cat\/es\/wp-json\/wp\/v2\/tags?post=36870"}],"curies":[{"name":"wp","href":"https:\/\/api.w.org\/{rel}","templated":true}]}}